{"id":286575,"date":"2022-07-11T20:17:32","date_gmt":"2022-07-11T18:17:32","guid":{"rendered":"https:\/\/www.radiopiu.net\/wordpress\/?p=286575"},"modified":"2022-07-11T20:17:32","modified_gmt":"2022-07-11T18:17:32","slug":"soccorsa-escursionista-in-valclusa","status":"publish","type":"post","link":"https:\/\/www.radiopiu.net\/wordpress\/soccorsa-escursionista-in-valclusa\/","title":{"rendered":"SOCCORSA ESCURSIONISTA IN VALCLUSA"},"content":{"rendered":"<p><strong>LA VALLE<\/strong> Attorno alle 16.20 il Soccorso alpino di Agordo \u00e8 stato allertato per un&#8217;escursionista, che si era fatta male a seguito di una scivolata sul sentiero della Valclusa. Una squadra \u00e8 partita da localit\u00e0 La Muda e ha risalito il sentiero per 300 metri di dislivello, finch\u00e9 non ha incontrato la donna, una 63enne tedesca, partita assieme a tre compagni, dopo aver pernottato al Rifugio Pramperet. L&#8217;infortunata, con un probabile trauma al polso, \u00e8 stata assistita dai tre soccorritori nel rientro a valle e accompagnata poi fino in pronto soccorso<\/p>\n<p>&nbsp;<\/p>\n<p>&nbsp;<\/p>\n<p>&nbsp;<\/p>\n<p>******<\/p>\n","protected":false},"excerpt":{"rendered":"<p>LA VALLE Attorno alle 16.20 il Soccorso alpino di Agordo \u00e8 stato allertato per un&#8217;escursionista, che si era fatta male a seguito di una scivolata sul sentiero della Valclusa. Una squadra \u00e8 partita da localit\u00e0 La Muda e ha risalito il sentiero per 300 metri di dislivello, finch\u00e9 non ha incontrato la donna, una 63enne&hellip;<\/p>\n","protected":false},"author":4,"featured_media":229401,"comment_status":"closed","ping_status":"closed","sticky":false,"template":"","format":"standard","meta":{"_monsterinsights_skip_tracking":false,"_monsterinsights_sitenote_active":false,"_monsterinsights_sitenote_note":"","_monsterinsights_sitenote_category":0,"footnotes":""},"categories":[51,49],"tags":[],"class_list":["post-286575","post","type-post","status-publish","format-standard","has-post-thumbnail","hentry","category-evidenza-top","category-news-18","category-51","category-49","description-off"],"img_url":"https:\/\/www.radiopiu.net\/wordpress\/wp-content\/uploads\/2021\/08\/salt_20210824_192719_819.jpg","_links":{"self":[{"href":"https:\/\/www.radiopiu.net\/wordpress\/wp-json\/wp\/v2\/posts\/286575","targetHints":{"allow":["GET"]}}],"collection":[{"href":"https:\/\/www.radiopiu.net\/wordpress\/wp-json\/wp\/v2\/posts"}],"about":[{"href":"https:\/\/www.radiopiu.net\/wordpress\/wp-json\/wp\/v2\/types\/post"}],"author":[{"embeddable":true,"href":"https:\/\/www.radiopiu.net\/wordpress\/wp-json\/wp\/v2\/users\/4"}],"replies":[{"embeddable":true,"href":"https:\/\/www.radiopiu.net\/wordpress\/wp-json\/wp\/v2\/comments?post=286575"}],"version-history":[{"count":0,"href":"https:\/\/www.radiopiu.net\/wordpress\/wp-json\/wp\/v2\/posts\/286575\/revisions"}],"wp:featuredmedia":[{"embeddable":true,"href":"https:\/\/www.radiopiu.net\/wordpress\/wp-json\/wp\/v2\/media\/229401"}],"wp:attachment":[{"href":"https:\/\/www.radiopiu.net\/wordpress\/wp-json\/wp\/v2\/media?parent=286575"}],"wp:term":[{"taxonomy":"category","embeddable":true,"href":"https:\/\/www.radiopiu.net\/wordpress\/wp-json\/wp\/v2\/categories?post=286575"},{"taxonomy":"post_tag","embeddable":true,"href":"https:\/\/www.radiopiu.net\/wordpress\/wp-json\/wp\/v2\/tags?post=286575"}],"curies":[{"name":"wp","href":"https:\/\/api.w.org\/{rel}","templated":true}]}}