{"id":286628,"date":"2022-07-12T05:25:18","date_gmt":"2022-07-12T03:25:18","guid":{"rendered":"https:\/\/www.radiopiu.net\/wordpress\/?p=286628"},"modified":"2022-07-12T08:41:17","modified_gmt":"2022-07-12T06:41:17","slug":"marmolada-pioggia-di-disdette","status":"publish","type":"post","link":"https:\/\/www.radiopiu.net\/wordpress\/marmolada-pioggia-di-disdette\/","title":{"rendered":"MARMOLADA, PIOGGIA DI DISDETTE"},"content":{"rendered":"<blockquote>\n<h3><\/h3>\n<\/blockquote>\n<p><strong><a class=\"dt-pswp-item\" href=\"https:\/\/www.radiopiu.net\/wordpress\/wp-content\/uploads\/2022\/07\/marmolada.jpg\" data-dt-img-description=\"\" data-large_image_width=\"1280\" data-large_image_height=\"960\"><img loading=\"lazy\" decoding=\"async\" class=\"size-thumbnail wp-image-285964 alignleft\" src=\"https:\/\/www.radiopiu.net\/wordpress\/wp-content\/uploads\/2022\/07\/marmolada-150x150.jpg\" alt=\"\" width=\"150\" height=\"150\" \/><\/a>ROCCA PIETORE<\/strong> Piovono le disdette dopo la tragedia della Marmolada. I messaggi sui social hanno portato a conseguenze preoccupanti per il turismo della Val Pettorina. Gli effetti del post-dramma sono evidenti. Ai turisti\u00a0 dell&#8217;orrore che salgono in Marmolada solo per curiosit\u00e0 dopo la tragedia si sommano anche quelli che a causa di quanto accaduto in quella domenica di sangue hanno deciso di trascorrere le ferie altrove.<\/p>\n<p><strong>L&#8217;albergatore Maurizio De Cassan<\/strong> (Hotel Tyrolia, Malga Ciapela): &#8220;Il messaggio che \u00e8 stato e che viene ancora proposto della Marmolada\u00a0 \u00e8 scellerato e del tutto sbagliato. Non \u00e8 assolutamente vero che la Marmolada \u00e8 chiusa, chiusa \u00e8 solo quella parte di ghiacciaio in territorio di Canazei in versante agordino o bellunese della Marmolada \u00e8 aperto e sicuro. Stiamo rischiando un&#8217;altra volta la stagione turistica estiva. Una cosa che non ha logica tanto che rischiamo veramente di fare la figura dei becchi e bastonati considerato che prima abbiamo perso il ghiacciaio a favore degli amici di Canazei e ora per una sciagura che \u00e8 successa sul loro territorio di loro giurisdizione e che a noi non ci riguarda stiamo purtroppo pagando un prezzo alto in quanto nel bel pieno della stagione&#8221;<\/p>\n<p><strong>AUDIO DAL GIORNALE RADIO DELLE 9.30<\/strong><\/p>\n<audio class=\"wp-audio-shortcode\" id=\"audio-286628-1\" preload=\"none\" style=\"width: 100%;\" controls=\"controls\"><source type=\"audio\/mpeg\" src=\"https:\/\/www.radiopiu.net\/wordpress\/wp-content\/uploads\/2022\/07\/MAURIZIO-DE-CASSN.mp3?_=1\" \/><a href=\"https:\/\/www.radiopiu.net\/wordpress\/wp-content\/uploads\/2022\/07\/MAURIZIO-DE-CASSN.mp3\">https:\/\/www.radiopiu.net\/wordpress\/wp-content\/uploads\/2022\/07\/MAURIZIO-DE-CASSN.mp3<\/a><\/audio>\n<p>&nbsp;<\/p>\n<p><strong>Il sindaco Andrea De Bernardin:<\/strong> <em>&#8220;Quando si parla di Marmolada bisogna stare molto attenti al messaggio che si vuole far passare perch\u00e9 se passa in maniera distorta pu\u00f2 veramente creare molti guai alla nostra economia turistica.\u00a0 Purtroppo le informazioni e i molti messaggi che sono passati in questi giorni sulla tragedia hanno avuto risvolti negativi\u00bb.<\/em><\/p>\n<p>&nbsp;<\/p>\n<p>\u00b0___<\/p>\n","protected":false},"excerpt":{"rendered":"<p>ROCCA PIETORE Piovono le disdette dopo la tragedia della Marmolada. I messaggi sui social hanno portato a conseguenze preoccupanti per il turismo della Val Pettorina. Gli effetti del post-dramma sono evidenti. Ai turisti\u00a0 dell&#8217;orrore che salgono in Marmolada solo per curiosit\u00e0 dopo la tragedia si sommano anche quelli che a causa di quanto accaduto in&hellip;<\/p>\n","protected":false},"author":4,"featured_media":285965,"comment_status":"closed","ping_status":"closed","sticky":false,"template":"","format":"standard","meta":{"_monsterinsights_skip_tracking":false,"_monsterinsights_sitenote_active":false,"_monsterinsights_sitenote_note":"","_monsterinsights_sitenote_category":0,"footnotes":""},"categories":[51,49],"tags":[],"class_list":["post-286628","post","type-post","status-publish","format-standard","has-post-thumbnail","hentry","category-evidenza-top","category-news-18","category-51","category-49","description-off"],"img_url":"https:\/\/www.radiopiu.net\/wordpress\/wp-content\/uploads\/2022\/07\/Mtb-Marco-Sponga-discesa-Marmolada-avventura-bicicletta-neve-sport-3.jpg","_links":{"self":[{"href":"https:\/\/www.radiopiu.net\/wordpress\/wp-json\/wp\/v2\/posts\/286628","targetHints":{"allow":["GET"]}}],"collection":[{"href":"https:\/\/www.radiopiu.net\/wordpress\/wp-json\/wp\/v2\/posts"}],"about":[{"href":"https:\/\/www.radiopiu.net\/wordpress\/wp-json\/wp\/v2\/types\/post"}],"author":[{"embeddable":true,"href":"https:\/\/www.radiopiu.net\/wordpress\/wp-json\/wp\/v2\/users\/4"}],"replies":[{"embeddable":true,"href":"https:\/\/www.radiopiu.net\/wordpress\/wp-json\/wp\/v2\/comments?post=286628"}],"version-history":[{"count":0,"href":"https:\/\/www.radiopiu.net\/wordpress\/wp-json\/wp\/v2\/posts\/286628\/revisions"}],"wp:featuredmedia":[{"embeddable":true,"href":"https:\/\/www.radiopiu.net\/wordpress\/wp-json\/wp\/v2\/media\/285965"}],"wp:attachment":[{"href":"https:\/\/www.radiopiu.net\/wordpress\/wp-json\/wp\/v2\/media?parent=286628"}],"wp:term":[{"taxonomy":"category","embeddable":true,"href":"https:\/\/www.radiopiu.net\/wordpress\/wp-json\/wp\/v2\/categories?post=286628"},{"taxonomy":"post_tag","embeddable":true,"href":"https:\/\/www.radiopiu.net\/wordpress\/wp-json\/wp\/v2\/tags?post=286628"}],"curies":[{"name":"wp","href":"https:\/\/api.w.org\/{rel}","templated":true}]}}