{"id":286781,"date":"2022-07-12T23:59:59","date_gmt":"2022-07-12T21:59:59","guid":{"rendered":"https:\/\/www.radiopiu.net\/wordpress\/?p=286781"},"modified":"2022-07-13T05:41:05","modified_gmt":"2022-07-13T03:41:05","slug":"piero-rossi-su-gena-poveri-villaggi-aggrappati-ai-dirupi-della-val-soffia","status":"publish","type":"post","link":"https:\/\/www.radiopiu.net\/wordpress\/piero-rossi-su-gena-poveri-villaggi-aggrappati-ai-dirupi-della-val-soffia\/","title":{"rendered":"PIERO ROSSI SU GENA: POVERI VILLAGGI AGGRAPPATI AI DIRUPI DELLA VAL SOFFIA"},"content":{"rendered":"<p><strong>di\u00a0 RENATO BONA<\/strong><\/p>\n<p>Non saremo mai abbastanza grati a Pieranna Casanova per aver curato in modo eccellente il libro \u201cUna storia, tante storie\u201d in cui riferisce della vita e della gente del Canal del Mis. E per aver ospitato, con altre firme prestigiose, l\u2019ottimo contributo di Piero Rossi, accademico del Cai e scrittore importante, purtroppo mancato, autore del capitolo intitolato \u201cIl Parco delle Dolomiti\u201d con riferimento specifico alla realt\u00e0 di Gena. Edito nel 1999 per i tipi della bellunese tipografia Piave il volume \u00e8 stato splendida iniziativa della Biblioteca civica di Sospirolo e dell\u2019associazione pro loco \u201cMonti del Sole\u201d sotto l\u2019egida del Parco nazionale Dolomiti Bellunesi. Partendo da un passaggio di Luigi Meneghello in \u201cI piccoli maestri\u201d: \u201cGena. C\u2019era Gena Bassa e Gena Alta. per me sono attributi della stessa sostanza, un paese fortemente in obliquo, quasi in piedi su un costone. La gente parlava un dialetto come il nostro, dal pi\u00f9 al meno, ma sfasato nelle cadenze. Anche tutto il resto pareva sfasato; cio\u00e8 per un verso normale e per un verso allucinante\u2026\u201d Rossi definisce Gena Bassa, Gena Media, Gena Alta (I\u00e9na nella forma dialettale) \u201cpoveri villaggi aggrappati ai dirupi della Val Soffia, congiunti da un\u2019erta mulattiera, da cui si diramano sentieri, che spesso si riducono ad esili tracce, lungo cenge rocciose sospese su paurosi abissi, Selvagge manifestazioni della natura, come la cascata de \u2018La Pissa\u2019, che dalla Val dei Forti, piomba, con un salto allucinante, nella media Val Soffia e, lungo questa, di balzo in balzo, sbocca nella Val del Mis\u201d. E ricorda: \u201cVerso l\u2019inizio degli anni \u201860 salii spesso lass\u00f9 dove erano rimaste solo poche persone fra cui una vecchietta sdentata e sorridente\u2026\u201d per puntualizzare: \u201cLa mancanza di prospettive, l\u2019espropriazione del fondo valle per la creazione del bacino idroelettrico della Val del Mis, la disponibilit\u00e0 dei relativi indennizzi, segnavano irrevocabilmente il destino di una comunit\u00e0 alpina: un pugno di biglietti da mille suggellava il genocidio (ed il termine, che &#8211; nella specie &#8211; si presterebbe a tristi giochi di parole, non paia eccessivo)\u201d. Aggiungendo: \u201cLe case di Gena Alta erano povere, ma non misere e, sul lindo impianto delle cucine si sarebbe potuta deporre senza timore la polenta fumante. Il paese era stato bruciato durante i terribili rastrellamenti del 1944 e ricostruito nel dopoguerra. A fondo valle e lungo il sentiero, lapidi con file di nomi e di ritratti smaltati. Erano gli uomini di Gena, quelli sopravvissuti al \u2018gris\u00f9\u2019 ed alla \u2018pussiera\u2019, alla teleferica e al cantiere, all\u2019Africa ed alla Grecia, al Montenegro ed alla Russia, fucilati sulla soglia delle loro case, morti in silenzio e con dignit\u00e0, persino senza stupore, come se morire per la Patria e la Libert\u00e0 non fosse che uno dei tanti atti di dovere e sacrificio, di cui era stata costellata tutta la loro vita\u201d. Ricordo toccante di Piero Rossi la silenziosa processione delle donne di Gena, \u201ctutte in fila, giovani e vecchie, abito, calze di lana, fazzoletto annodato neri, che scendevano &#8211; ai piedi gli scarpetti intessuti o gli scarponi ferrati, sulle spalle la pesante gerla di vimini &#8211; lungo la mulattiera all\u2019osteria de la Soffia , dove, periodicamente, un funzionario veniva a pagare la pensione alle vedove del lavoro, della guerra o della resistenza\u201d. Con una amara considerazione: \u201cQuass\u00f9 le nozze non erano tanto un contratto per la vita, ma per la morte. L\u2019uomo prometteva alla sua donna un po\u2019 d\u2019amore, un po\u2019 di figli, molti sacrifici, ed un giorno una pensione di vedova\u201d. Oggi a Gena non \u00e8 rimasto nessuno. Le case sono l\u00ec, spesso come nuove, aperte, con mobili e suppellettili ancora al loro posto, i focolari che sembrano implorare il fuoco. Villaggi di fantasmi, uno spettacolo allucinante e struggente, in un silenzio arcano, rotto solo dal rombo delle cascate. Sull\u2019orlo della Val Soffia, in un anfratto, \u00e8 rimasta l\u2019ingegnosa officina con gli attrezzi di lavoro abbandonati. Pi\u00f9 in l\u00e0, nel prato, giace una rozza Madonna impagliata con la ronca ed un Ges\u00f9 Bambino congiunto al petto della Madre con un chiodo arrugginito. Nelle case deserte, qua e l\u00e0, fasci di vecchie carte ingiallite\u2026 Segue la citazione di alcuni documenti e immagini fra i quali Piero Rossi cita l\u2019incredibile numero e variet\u00e0 delle cartelle delle imposte di ogni epoca e regime che emergono dalle vecchie credenze, dai pacchetti di carte legate con uno spago, dalle buste ingiallite\u201d per non dire di pagelle e quaderni scolastici, immagini di bambini sani, intelligenti (con un bimbo che si \u00e8 permesso di scrivere \u2018os\u00e8i e \u2018pite\u2019 anzich\u00e9 uccelli e galline\u2026). Il finale del saggio di Rossi \u00e8 per prendere atto che \u201cLa civilt\u00e0 dei consumi ha vinto la sua battaglia contro il piccolo, eroico popolo di Gena\u2026 Le tracce di una secolare civilt\u00e0 vanno, pian piano, cancellandosi, fra i dirupi del Monte Gena e le gole di Val Soffia. La tecnologia ha eretto il suo monumento in Val del Mis\u2026 Se tutta la valle, da California a Mis \u00e8, ora, un deserto, i conti dei concessionari idroelettrici tornano e questo \u00e8 ci\u00f2 che importa\u201d. Ma, aggiunge: \u201cPeccato che i Monti del Sole non si prestino molto a lottizzazioni e \u2018sci\u00f2poli\u2019, se no, previo accurato spianamento dei terrazzi di Gena, a mezzo di ruspe ed esplosivi, un bel \u2018villaggio turistico\u2019, in stile finto svizzero-caprese, ideato da qualche architetto di talento, potrebbe meritare attenta considerazione!\u201d. Detto che il Pizz\u00f3n e, soprattutto, il Fer\u00f9c ed i Monti del Sole, hanno costituito, per pi\u00f9 di una generazione di alpinisti, un autentico mito, l\u2019autore conclude esprimendo un auspicio: \u201cNoi vorremmo che questo mito di regione misteriosa e selvaggia non venisse eccessivamente insidiato\u2026 Non si dovrebbe aggiungere molto a quanto \u00e8 gi\u00e0 stato fatto, soprattutto per quanto concerne le vette e i valichi superiori\u2026 e l\u2019alpinista che qui dovr\u00e0 avere la pazienza del pioniere e l\u2019intuizione del valligiano, potr\u00e0 fare scoperte straordinarie, non solo per la presenza di guglie, torri e possenti pareti, ancora assai poco esplorate, ma per tutto un insieme di aspetti alpestri, fatti non solo come si potrebbe pensare, non essendosi mai inoltrati in questo gruppo, di orridi burroni, ma anche di conche aperte e silenti, dove si intuisce la traccia del camoscio, e di eccelse terrazze di pascolo\u2026 Per il resto, lasciamo, nell\u2019era di un Parco, per sua natura pressoch\u00e9 integro, un\u2019isola ancor pi\u00f9 privilegiata, nella sua verginit\u00e0\u201d.<\/p>\n\n\t\t\t<style type='text\/css'>\n\t\t\t\t#gallery-1 {\n\t\t\t\t\tmargin: auto;\n\t\t\t\t}\n\t\t\t\t#gallery-1 .gallery-item {\n\t\t\t\t\tfloat: left;\n\t\t\t\t\tmargin-top: 10px;\n\t\t\t\t\ttext-align: center;\n\t\t\t\t\twidth: 20%;\n\t\t\t\t}\n\t\t\t\t#gallery-1 img {\n\t\t\t\t\tborder: 2px solid #cfcfcf;\n\t\t\t\t}\n\t\t\t\t#gallery-1 .gallery-caption {\n\t\t\t\t\tmargin-left: 0;\n\t\t\t\t}\n\t\t\t\t\/* see gallery_shortcode() in wp-includes\/media.php *\/\n\t\t\t<\/style>\n\t\t<div id='gallery-1' class='dt-gallery-container gallery galleryid-286781 gallery-columns-5 gallery-size-thumbnail'><dl class='gallery-item'>\n\t\t\t\t<dt class='gallery-icon landscape'>\n\t\t\t\t\t<a class=\"rollover rollover-zoom dt-pswp-item\" title=\"292423636_3245573305696434_8639160108505358204_n\" data-dt-img-description=\"\" data-large_image_width=\"2048\" data-large_image_height=\"1524\"href='https:\/\/www.radiopiu.net\/wordpress\/wp-content\/uploads\/2022\/07\/292423636_3245573305696434_8639160108505358204_n.jpg'><img loading=\"lazy\" decoding=\"async\" width=\"150\" height=\"150\" src=\"https:\/\/www.radiopiu.net\/wordpress\/wp-content\/uploads\/2022\/07\/292423636_3245573305696434_8639160108505358204_n-150x150.jpg\" class=\"attachment-thumbnail size-thumbnail\" alt=\"\" \/><\/a>\n\t\t\t\t<\/dt><\/dl><dl class='gallery-item'>\n\t\t\t\t<dt class='gallery-icon portrait'>\n\t\t\t\t\t<a class=\"rollover rollover-zoom dt-pswp-item\" title=\"292384094_726499661907055_2633016421364099986_n\" data-dt-img-description=\"\" data-large_image_width=\"993\" data-large_image_height=\"1490\"href='https:\/\/www.radiopiu.net\/wordpress\/wp-content\/uploads\/2022\/07\/292384094_726499661907055_2633016421364099986_n.jpg'><img loading=\"lazy\" decoding=\"async\" width=\"150\" height=\"150\" src=\"https:\/\/www.radiopiu.net\/wordpress\/wp-content\/uploads\/2022\/07\/292384094_726499661907055_2633016421364099986_n-150x150.jpg\" class=\"attachment-thumbnail size-thumbnail\" alt=\"\" \/><\/a>\n\t\t\t\t<\/dt><\/dl><dl class='gallery-item'>\n\t\t\t\t<dt class='gallery-icon landscape'>\n\t\t\t\t\t<a class=\"rollover rollover-zoom dt-pswp-item\" title=\"291769560_812250863486592_4312004161695922029_n\" data-dt-img-description=\"\" data-large_image_width=\"2048\" data-large_image_height=\"1200\"href='https:\/\/www.radiopiu.net\/wordpress\/wp-content\/uploads\/2022\/07\/291769560_812250863486592_4312004161695922029_n.jpg'><img loading=\"lazy\" decoding=\"async\" width=\"150\" height=\"150\" src=\"https:\/\/www.radiopiu.net\/wordpress\/wp-content\/uploads\/2022\/07\/291769560_812250863486592_4312004161695922029_n-150x150.jpg\" class=\"attachment-thumbnail size-thumbnail\" alt=\"\" \/><\/a>\n\t\t\t\t<\/dt><\/dl><dl class='gallery-item'>\n\t\t\t\t<dt class='gallery-icon landscape'>\n\t\t\t\t\t<a class=\"rollover rollover-zoom dt-pswp-item\" title=\"290544925_568882744955659_8599297966763368725_n\" data-dt-img-description=\"\" data-large_image_width=\"2048\" data-large_image_height=\"1483\"href='https:\/\/www.radiopiu.net\/wordpress\/wp-content\/uploads\/2022\/07\/290544925_568882744955659_8599297966763368725_n.jpg'><img loading=\"lazy\" decoding=\"async\" width=\"150\" height=\"150\" src=\"https:\/\/www.radiopiu.net\/wordpress\/wp-content\/uploads\/2022\/07\/290544925_568882744955659_8599297966763368725_n-150x150.jpg\" class=\"attachment-thumbnail size-thumbnail\" alt=\"\" \/><\/a>\n\t\t\t\t<\/dt><\/dl><dl class='gallery-item'>\n\t\t\t\t<dt class='gallery-icon portrait'>\n\t\t\t\t\t<a class=\"rollover rollover-zoom dt-pswp-item\" title=\"292569937_760546894994350_239529374938618985_n\" data-dt-img-description=\"\" data-large_image_width=\"1769\" data-large_image_height=\"2005\"href='https:\/\/www.radiopiu.net\/wordpress\/wp-content\/uploads\/2022\/07\/292569937_760546894994350_239529374938618985_n.jpg'><img loading=\"lazy\" decoding=\"async\" width=\"150\" height=\"150\" src=\"https:\/\/www.radiopiu.net\/wordpress\/wp-content\/uploads\/2022\/07\/292569937_760546894994350_239529374938618985_n-150x150.jpg\" class=\"attachment-thumbnail size-thumbnail\" alt=\"\" \/><\/a>\n\t\t\t\t<\/dt><\/dl><br style=\"clear: both\" \/><dl class='gallery-item'>\n\t\t\t\t<dt class='gallery-icon portrait'>\n\t\t\t\t\t<a class=\"rollover rollover-zoom dt-pswp-item\" title=\"292531145_781880463178776_5988440994372289287_n\" data-dt-img-description=\"\" data-large_image_width=\"1267\" data-large_image_height=\"2048\"href='https:\/\/www.radiopiu.net\/wordpress\/wp-content\/uploads\/2022\/07\/292531145_781880463178776_5988440994372289287_n.jpg'><img loading=\"lazy\" decoding=\"async\" width=\"150\" height=\"150\" src=\"https:\/\/www.radiopiu.net\/wordpress\/wp-content\/uploads\/2022\/07\/292531145_781880463178776_5988440994372289287_n-150x150.jpg\" class=\"attachment-thumbnail size-thumbnail\" alt=\"\" \/><\/a>\n\t\t\t\t<\/dt><\/dl><dl class='gallery-item'>\n\t\t\t\t<dt class='gallery-icon landscape'>\n\t\t\t\t\t<a class=\"rollover rollover-zoom dt-pswp-item\" title=\"292607864_1305447243196309_1082002555958217741_n\" data-dt-img-description=\"\" data-large_image_width=\"2048\" data-large_image_height=\"1304\"href='https:\/\/www.radiopiu.net\/wordpress\/wp-content\/uploads\/2022\/07\/292607864_1305447243196309_1082002555958217741_n.jpg'><img loading=\"lazy\" decoding=\"async\" width=\"150\" height=\"150\" src=\"https:\/\/www.radiopiu.net\/wordpress\/wp-content\/uploads\/2022\/07\/292607864_1305447243196309_1082002555958217741_n-150x150.jpg\" class=\"attachment-thumbnail size-thumbnail\" alt=\"\" \/><\/a>\n\t\t\t\t<\/dt><\/dl><dl class='gallery-item'>\n\t\t\t\t<dt class='gallery-icon portrait'>\n\t\t\t\t\t<a class=\"rollover rollover-zoom dt-pswp-item\" title=\"291928217_3191185364484410_4877413141164465220_n\" data-dt-img-description=\"\" data-large_image_width=\"1342\" data-large_image_height=\"2048\"href='https:\/\/www.radiopiu.net\/wordpress\/wp-content\/uploads\/2022\/07\/291928217_3191185364484410_4877413141164465220_n.jpg'><img loading=\"lazy\" decoding=\"async\" width=\"150\" height=\"150\" src=\"https:\/\/www.radiopiu.net\/wordpress\/wp-content\/uploads\/2022\/07\/291928217_3191185364484410_4877413141164465220_n-150x150.jpg\" class=\"attachment-thumbnail size-thumbnail\" alt=\"\" \/><\/a>\n\t\t\t\t<\/dt><\/dl><dl class='gallery-item'>\n\t\t\t\t<dt class='gallery-icon portrait'>\n\t\t\t\t\t<a class=\"rollover rollover-zoom dt-pswp-item\" title=\"292541982_2019886788212789_591539682185565841_n\" data-dt-img-description=\"\" data-large_image_width=\"1419\" data-large_image_height=\"2048\"href='https:\/\/www.radiopiu.net\/wordpress\/wp-content\/uploads\/2022\/07\/292541982_2019886788212789_591539682185565841_n.jpg'><img loading=\"lazy\" decoding=\"async\" width=\"150\" height=\"150\" src=\"https:\/\/www.radiopiu.net\/wordpress\/wp-content\/uploads\/2022\/07\/292541982_2019886788212789_591539682185565841_n-150x150.jpg\" class=\"attachment-thumbnail size-thumbnail\" alt=\"\" \/><\/a>\n\t\t\t\t<\/dt><\/dl><dl class='gallery-item'>\n\t\t\t\t<dt class='gallery-icon portrait'>\n\t\t\t\t\t<a class=\"rollover rollover-zoom dt-pswp-item\" title=\"291746319_1097141390889146_1804492171522577673_n\" data-dt-img-description=\"\" data-large_image_width=\"1610\" data-large_image_height=\"2048\"href='https:\/\/www.radiopiu.net\/wordpress\/wp-content\/uploads\/2022\/07\/291746319_1097141390889146_1804492171522577673_n.jpg'><img loading=\"lazy\" decoding=\"async\" width=\"150\" height=\"150\" src=\"https:\/\/www.radiopiu.net\/wordpress\/wp-content\/uploads\/2022\/07\/291746319_1097141390889146_1804492171522577673_n-150x150.jpg\" class=\"attachment-thumbnail size-thumbnail\" alt=\"\" \/><\/a>\n\t\t\t\t<\/dt><\/dl><br style=\"clear: both\" \/><dl class='gallery-item'>\n\t\t\t\t<dt class='gallery-icon landscape'>\n\t\t\t\t\t<a class=\"rollover rollover-zoom dt-pswp-item\" title=\"292450014_627972278746976_81438371188892892_n\" data-dt-img-description=\"\" data-large_image_width=\"2048\" data-large_image_height=\"1473\"href='https:\/\/www.radiopiu.net\/wordpress\/wp-content\/uploads\/2022\/07\/292450014_627972278746976_81438371188892892_n.jpg'><img loading=\"lazy\" decoding=\"async\" width=\"150\" height=\"150\" src=\"https:\/\/www.radiopiu.net\/wordpress\/wp-content\/uploads\/2022\/07\/292450014_627972278746976_81438371188892892_n-150x150.jpg\" class=\"attachment-thumbnail size-thumbnail\" alt=\"\" \/><\/a>\n\t\t\t\t<\/dt><\/dl><dl class='gallery-item'>\n\t\t\t\t<dt class='gallery-icon landscape'>\n\t\t\t\t\t<a class=\"rollover rollover-zoom dt-pswp-item\" title=\"292301903_710799946881341_5153526367093702586_n\" data-dt-img-description=\"\" data-large_image_width=\"2048\" data-large_image_height=\"1568\"href='https:\/\/www.radiopiu.net\/wordpress\/wp-content\/uploads\/2022\/07\/292301903_710799946881341_5153526367093702586_n.jpg'><img loading=\"lazy\" decoding=\"async\" width=\"150\" height=\"150\" src=\"https:\/\/www.radiopiu.net\/wordpress\/wp-content\/uploads\/2022\/07\/292301903_710799946881341_5153526367093702586_n-150x150.jpg\" class=\"attachment-thumbnail size-thumbnail\" alt=\"\" \/><\/a>\n\t\t\t\t<\/dt><\/dl><dl class='gallery-item'>\n\t\t\t\t<dt class='gallery-icon portrait'>\n\t\t\t\t\t<a class=\"rollover rollover-zoom dt-pswp-item\" title=\"291403497_432773262162060_3470637412732404973_n\" data-dt-img-description=\"\" data-large_image_width=\"1486\" data-large_image_height=\"1660\"href='https:\/\/www.radiopiu.net\/wordpress\/wp-content\/uploads\/2022\/07\/291403497_432773262162060_3470637412732404973_n.jpg'><img loading=\"lazy\" decoding=\"async\" width=\"150\" height=\"150\" src=\"https:\/\/www.radiopiu.net\/wordpress\/wp-content\/uploads\/2022\/07\/291403497_432773262162060_3470637412732404973_n-150x150.jpg\" class=\"attachment-thumbnail size-thumbnail\" alt=\"\" \/><\/a>\n\t\t\t\t<\/dt><\/dl><dl class='gallery-item'>\n\t\t\t\t<dt class='gallery-icon landscape'>\n\t\t\t\t\t<a class=\"rollover rollover-zoom dt-pswp-item\" title=\"291665018_816187729788325_1260481912652258288_n\" data-dt-img-description=\"\" data-large_image_width=\"2048\" data-large_image_height=\"1252\"href='https:\/\/www.radiopiu.net\/wordpress\/wp-content\/uploads\/2022\/07\/291665018_816187729788325_1260481912652258288_n.jpg'><img loading=\"lazy\" decoding=\"async\" width=\"150\" height=\"150\" src=\"https:\/\/www.radiopiu.net\/wordpress\/wp-content\/uploads\/2022\/07\/291665018_816187729788325_1260481912652258288_n-150x150.jpg\" class=\"attachment-thumbnail size-thumbnail\" alt=\"\" \/><\/a>\n\t\t\t\t<\/dt><\/dl><dl class='gallery-item'>\n\t\t\t\t<dt class='gallery-icon portrait'>\n\t\t\t\t\t<a class=\"rollover rollover-zoom dt-pswp-item\" title=\"293055773_936554807742282_1612818868733643960_n\" data-dt-img-description=\"\" data-large_image_width=\"189\" data-large_image_height=\"266\"href='https:\/\/www.radiopiu.net\/wordpress\/wp-content\/uploads\/2022\/07\/293055773_936554807742282_1612818868733643960_n.gif'><img loading=\"lazy\" decoding=\"async\" width=\"150\" height=\"150\" src=\"https:\/\/www.radiopiu.net\/wordpress\/wp-content\/uploads\/2022\/07\/293055773_936554807742282_1612818868733643960_n-150x150.gif\" class=\"attachment-thumbnail size-thumbnail\" alt=\"\" \/><\/a>\n\t\t\t\t<\/dt><\/dl><br style=\"clear: both\" \/>\n\t\t\t<\/div>\n\n<p>NELLE FOTO (riproduzioni dal libro \u201cUna storia, tante storie\u201d di Pieranna Casanova): lo scomparso scrittore e accademico del Cai Piero Rossi nella copertina del libro \u201cPiero Rossi. Ragioni ed passioni di un uomo di talento\u201d che Bepi Pellegrinon con Nuovi Sentieri Editore gli ha dedicato; Gena Alta; la stessa borgata, anni \u201880; monti della Val del Mis: da sinistra il Piz de Mezod\u00ec, i Feruch, la Cima del Bus del Di\u00e0ol, le Coraie; il lago del Mis; i fratelli Case a Gena Media: Giorgetta (nata nel 1949), Caterina (1953), Teresa (1950), Giorgio (1951), mancano il pi\u00f9 vecchio, Luigi, nato nel 1947, ed il pi\u00f9 giovane, Ivo, nato nel 1955; la cascata della Soffia, anni \u201820; ancora Gena Alta anni \u201880; il Campanil de G\u00e9na; Canal del Mis con le localit\u00e0 Pissa e St\u00f9a; torrente Mis in corrispondenza della lev\u00e0da, sullo sfondo la casa Fontana a I Belin; la segheria dei Pel\u00ecn (Vigne) a Mis; scorcio dell Hotel di Gena Bassa; il postino Mos\u00e8 Cibien con la famiglia, anno 1953; bambini a Gena Media nedgli anni \u201850: nel paese abitavano le famiglie Casanova di: Angelo, Augusto, Caterina, Ernesto, Eugenio, Primo, Onorato, Girolamo De Lorenzo, Domenico Tibolla.<\/p>\n","protected":false},"excerpt":{"rendered":"<p>di\u00a0 RENATO BONA Non saremo mai abbastanza grati a Pieranna Casanova per aver curato in modo eccellente il libro \u201cUna storia, tante storie\u201d in cui riferisce della vita e della gente del Canal del Mis. E per aver ospitato, con altre firme prestigiose, l\u2019ottimo contributo di Piero Rossi, accademico del Cai e scrittore importante, purtroppo&hellip;<\/p>\n","protected":false},"author":4,"featured_media":286797,"comment_status":"closed","ping_status":"closed","sticky":false,"template":"","format":"standard","meta":{"_monsterinsights_skip_tracking":false,"_monsterinsights_sitenote_active":false,"_monsterinsights_sitenote_note":"","_monsterinsights_sitenote_category":0,"footnotes":""},"categories":[104,49],"tags":[],"class_list":["post-286781","post","type-post","status-publish","format-standard","has-post-thumbnail","hentry","category-evidenza_3","category-news-18","category-104","category-49","description-off"],"img_url":"https:\/\/www.radiopiu.net\/wordpress\/wp-content\/uploads\/2022\/07\/293055773_936554807742282_1612818868733643960_n.gif","_links":{"self":[{"href":"https:\/\/www.radiopiu.net\/wordpress\/wp-json\/wp\/v2\/posts\/286781","targetHints":{"allow":["GET"]}}],"collection":[{"href":"https:\/\/www.radiopiu.net\/wordpress\/wp-json\/wp\/v2\/posts"}],"about":[{"href":"https:\/\/www.radiopiu.net\/wordpress\/wp-json\/wp\/v2\/types\/post"}],"author":[{"embeddable":true,"href":"https:\/\/www.radiopiu.net\/wordpress\/wp-json\/wp\/v2\/users\/4"}],"replies":[{"embeddable":true,"href":"https:\/\/www.radiopiu.net\/wordpress\/wp-json\/wp\/v2\/comments?post=286781"}],"version-history":[{"count":0,"href":"https:\/\/www.radiopiu.net\/wordpress\/wp-json\/wp\/v2\/posts\/286781\/revisions"}],"wp:featuredmedia":[{"embeddable":true,"href":"https:\/\/www.radiopiu.net\/wordpress\/wp-json\/wp\/v2\/media\/286797"}],"wp:attachment":[{"href":"https:\/\/www.radiopiu.net\/wordpress\/wp-json\/wp\/v2\/media?parent=286781"}],"wp:term":[{"taxonomy":"category","embeddable":true,"href":"https:\/\/www.radiopiu.net\/wordpress\/wp-json\/wp\/v2\/categories?post=286781"},{"taxonomy":"post_tag","embeddable":true,"href":"https:\/\/www.radiopiu.net\/wordpress\/wp-json\/wp\/v2\/tags?post=286781"}],"curies":[{"name":"wp","href":"https:\/\/api.w.org\/{rel}","templated":true}]}}