{"id":286890,"date":"2022-07-14T05:29:30","date_gmt":"2022-07-14T03:29:30","guid":{"rendered":"https:\/\/www.radiopiu.net\/wordpress\/?p=286890"},"modified":"2022-07-14T05:42:12","modified_gmt":"2022-07-14T03:42:12","slug":"troppo-stanca-in-val-strutt-e-interviene-il-soccorso-alpino","status":"publish","type":"post","link":"https:\/\/www.radiopiu.net\/wordpress\/troppo-stanca-in-val-strutt-e-interviene-il-soccorso-alpino\/","title":{"rendered":"TROPPO STANCA IN VAL STRUTT E INTERVIENE IL SOCCORSO ALPINO"},"content":{"rendered":"<p><strong><a class=\"dt-pswp-item\" href=\"https:\/\/www.radiopiu.net\/wordpress\/wp-content\/uploads\/2022\/07\/th-8.jpg\" data-dt-img-description=\"\" data-large_image_width=\"229\" data-large_image_height=\"172\"><img loading=\"lazy\" decoding=\"async\" class=\"size-thumbnail wp-image-286891 alignleft\" src=\"https:\/\/www.radiopiu.net\/wordpress\/wp-content\/uploads\/2022\/07\/th-8-150x150.jpg\" alt=\"\" width=\"150\" height=\"150\" \/><\/a>CANALE D&#8217;AGORDO<\/strong> Ieri in chiusura di serata si sono registrati altri due interventi. Passate le 19 \u00e8 scattato l&#8217;allarme per una donna bloccata dalla stanchezza nel tetto tra Val Strutt e Pian delle Comelle, a Canale d&#8217;Agordo. L&#8217;elicottero del Suem di Pieve di Cadore \u00e8 quindi decollato, mentre 4 soccorritori della Val Biois si preparavano per eventuale supporto in piazzola, e, una volta individuato il punto in cui si trovava I.T., 32 anni, che aveva nel frattempo raggiunto Pian delle Comelle, \u00e8 atterrato nelle vicinanze. La ragazza \u00e8 stata valutata dall&#8217;equipe medica e imbarcata assieme al compagno, T.M., 27 anni, entrambi di Firenze. La coppia \u00e8 stata quindi trasportata a San Martino di Castrozza, dove aveva la macchina. Pi\u00f9 tardi una squadra del Soccorso alpino della Val di Zoldo \u00e8 stata inviata al Rifugio Citt\u00e0 di Fiume ed ha recuperato una turista israeliana di 38 anni, che era caduta sbattendo il volto.<\/p>\n<p><strong>CORTINA<\/strong> Questa mattina attorno alle 9 una squadra del Soccorso alpino della Guardia di finanza di Cortina \u00e8 intervenuta lungo il sentiero numero 403 che sale al Rifugio Giussani, in Tofana, per un&#8217;escursionista che si era fatta male a una gamba. Raggiunta in fuoristrada dai soccorritori, M.E., 43 anni, di Milano, \u00e8 stata poi accompagnata al Codivilla.<\/p>\n<p>&nbsp;<\/p>\n<hr \/>\n<p>&nbsp;<\/p>\n","protected":false},"excerpt":{"rendered":"<p>CANALE D&#8217;AGORDO Ieri in chiusura di serata si sono registrati altri due interventi. Passate le 19 \u00e8 scattato l&#8217;allarme per una donna bloccata dalla stanchezza nel tetto tra Val Strutt e Pian delle Comelle, a Canale d&#8217;Agordo. L&#8217;elicottero del Suem di Pieve di Cadore \u00e8 quindi decollato, mentre 4 soccorritori della Val Biois si preparavano&hellip;<\/p>\n","protected":false},"author":4,"featured_media":286891,"comment_status":"closed","ping_status":"closed","sticky":false,"template":"","format":"standard","meta":{"_monsterinsights_skip_tracking":false,"_monsterinsights_sitenote_active":false,"_monsterinsights_sitenote_note":"","_monsterinsights_sitenote_category":0,"footnotes":""},"categories":[51,49],"tags":[],"class_list":["post-286890","post","type-post","status-publish","format-standard","has-post-thumbnail","hentry","category-evidenza-top","category-news-18","category-51","category-49","description-off"],"img_url":"https:\/\/www.radiopiu.net\/wordpress\/wp-content\/uploads\/2022\/07\/th-8.jpg","_links":{"self":[{"href":"https:\/\/www.radiopiu.net\/wordpress\/wp-json\/wp\/v2\/posts\/286890","targetHints":{"allow":["GET"]}}],"collection":[{"href":"https:\/\/www.radiopiu.net\/wordpress\/wp-json\/wp\/v2\/posts"}],"about":[{"href":"https:\/\/www.radiopiu.net\/wordpress\/wp-json\/wp\/v2\/types\/post"}],"author":[{"embeddable":true,"href":"https:\/\/www.radiopiu.net\/wordpress\/wp-json\/wp\/v2\/users\/4"}],"replies":[{"embeddable":true,"href":"https:\/\/www.radiopiu.net\/wordpress\/wp-json\/wp\/v2\/comments?post=286890"}],"version-history":[{"count":0,"href":"https:\/\/www.radiopiu.net\/wordpress\/wp-json\/wp\/v2\/posts\/286890\/revisions"}],"wp:featuredmedia":[{"embeddable":true,"href":"https:\/\/www.radiopiu.net\/wordpress\/wp-json\/wp\/v2\/media\/286891"}],"wp:attachment":[{"href":"https:\/\/www.radiopiu.net\/wordpress\/wp-json\/wp\/v2\/media?parent=286890"}],"wp:term":[{"taxonomy":"category","embeddable":true,"href":"https:\/\/www.radiopiu.net\/wordpress\/wp-json\/wp\/v2\/categories?post=286890"},{"taxonomy":"post_tag","embeddable":true,"href":"https:\/\/www.radiopiu.net\/wordpress\/wp-json\/wp\/v2\/tags?post=286890"}],"curies":[{"name":"wp","href":"https:\/\/api.w.org\/{rel}","templated":true}]}}