{"id":286916,"date":"2022-07-14T05:24:32","date_gmt":"2022-07-14T03:24:32","guid":{"rendered":"https:\/\/www.radiopiu.net\/wordpress\/?p=286916"},"modified":"2022-07-14T05:46:52","modified_gmt":"2022-07-14T03:46:52","slug":"ulss-1-dolomiti-prenotabile-la-quarta-dose-di-vaccino-anti-covid","status":"publish","type":"post","link":"https:\/\/www.radiopiu.net\/wordpress\/ulss-1-dolomiti-prenotabile-la-quarta-dose-di-vaccino-anti-covid\/","title":{"rendered":"ULSS 1 DOLOMITI: PRENOTABILE LA QUARTA DOSE DI VACCINO ANTI COVID"},"content":{"rendered":"<p><strong><a class=\"dt-pswp-item\" href=\"https:\/\/www.radiopiu.net\/wordpress\/wp-content\/uploads\/2021\/03\/VACCINO.jpg\" data-dt-img-description=\"\" data-large_image_width=\"1280\" data-large_image_height=\"720\"><img loading=\"lazy\" decoding=\"async\" class=\"size-thumbnail wp-image-196946 alignleft\" src=\"https:\/\/www.radiopiu.net\/wordpress\/wp-content\/uploads\/2021\/03\/VACCINO-150x150.jpg\" alt=\"\" width=\"150\" height=\"150\" \/><\/a>BELLUNO <\/strong>E&#8217; prenotabile online la seconda dose booster (quarta dose) del vaccino anti-Covid, accedendo al seguente link:\u00a0<a href=\"https:\/\/vaccinicovid.regione.veneto.it\/ulss1\">https:\/\/vaccinicovid.regione.veneto.it\/ulss1 <\/a>Possono prenotarsi le persone di et\u00e0 &gt;60 anni per le quali sia trascorso un intervallo minimo di almeno 120 giorni dalla prima dose di richiamo (terza dose) o dall\u2019ultima infezione successiva al richiamo. Il second booster (quarta dose) \u00e8 indicato anche per le persone di et\u00e0 &gt;12 anni con elevata fragilit\u00e0. Queste persone potranno accedere senza prenotazione alle sedute vaccinali per over 60 presentando la documentazione clinica. L\u2019elenco delle sedute \u00e8 disponibile sul sito www.aulss1.veneto.it Per i prossimi giorni sono state attivate sedute nei drive-in di Tai di Cadore, Belluno-San Gervasio e Agordo, e al Centro Prelievi di Feltre. Sulla base dell\u2019andamento delle prenotazioni potranno essere programmate ulteriori sedute vaccinali.<\/p>\n<p>&nbsp;<\/p>\n<p>&nbsp;<\/p>\n<p>*****<\/p>\n","protected":false},"excerpt":{"rendered":"<p>BELLUNO E&#8217; prenotabile online la seconda dose booster (quarta dose) del vaccino anti-Covid, accedendo al seguente link:\u00a0https:\/\/vaccinicovid.regione.veneto.it\/ulss1 Possono prenotarsi le persone di et\u00e0 &gt;60 anni per le quali sia trascorso un intervallo minimo di almeno 120 giorni dalla prima dose di richiamo (terza dose) o dall\u2019ultima infezione successiva al richiamo. Il second booster (quarta dose)&hellip;<\/p>\n","protected":false},"author":4,"featured_media":196946,"comment_status":"closed","ping_status":"closed","sticky":false,"template":"","format":"standard","meta":{"_monsterinsights_skip_tracking":false,"_monsterinsights_sitenote_active":false,"_monsterinsights_sitenote_note":"","_monsterinsights_sitenote_category":0,"footnotes":""},"categories":[51,49],"tags":[],"class_list":["post-286916","post","type-post","status-publish","format-standard","has-post-thumbnail","hentry","category-evidenza-top","category-news-18","category-51","category-49","description-off"],"img_url":"https:\/\/www.radiopiu.net\/wordpress\/wp-content\/uploads\/2021\/03\/VACCINO.jpg","_links":{"self":[{"href":"https:\/\/www.radiopiu.net\/wordpress\/wp-json\/wp\/v2\/posts\/286916","targetHints":{"allow":["GET"]}}],"collection":[{"href":"https:\/\/www.radiopiu.net\/wordpress\/wp-json\/wp\/v2\/posts"}],"about":[{"href":"https:\/\/www.radiopiu.net\/wordpress\/wp-json\/wp\/v2\/types\/post"}],"author":[{"embeddable":true,"href":"https:\/\/www.radiopiu.net\/wordpress\/wp-json\/wp\/v2\/users\/4"}],"replies":[{"embeddable":true,"href":"https:\/\/www.radiopiu.net\/wordpress\/wp-json\/wp\/v2\/comments?post=286916"}],"version-history":[{"count":0,"href":"https:\/\/www.radiopiu.net\/wordpress\/wp-json\/wp\/v2\/posts\/286916\/revisions"}],"wp:featuredmedia":[{"embeddable":true,"href":"https:\/\/www.radiopiu.net\/wordpress\/wp-json\/wp\/v2\/media\/196946"}],"wp:attachment":[{"href":"https:\/\/www.radiopiu.net\/wordpress\/wp-json\/wp\/v2\/media?parent=286916"}],"wp:term":[{"taxonomy":"category","embeddable":true,"href":"https:\/\/www.radiopiu.net\/wordpress\/wp-json\/wp\/v2\/categories?post=286916"},{"taxonomy":"post_tag","embeddable":true,"href":"https:\/\/www.radiopiu.net\/wordpress\/wp-json\/wp\/v2\/tags?post=286916"}],"curies":[{"name":"wp","href":"https:\/\/api.w.org\/{rel}","templated":true}]}}