{"id":286951,"date":"2022-07-13T23:59:05","date_gmt":"2022-07-13T21:59:05","guid":{"rendered":"https:\/\/www.radiopiu.net\/wordpress\/?p=286951"},"modified":"2022-07-14T05:46:01","modified_gmt":"2022-07-14T03:46:01","slug":"dopo-tredici-anni-don-lino-mottes-ha-lasciato-la-guida-della-parrocchia-feltrina-di-zermen","status":"publish","type":"post","link":"https:\/\/www.radiopiu.net\/wordpress\/dopo-tredici-anni-don-lino-mottes-ha-lasciato-la-guida-della-parrocchia-feltrina-di-zermen\/","title":{"rendered":"DOPO TREDICI ANNI DON LINO MOTTES HA LASCIATO LA GUIDA DELLA PARROCCHIA FELTRINA DI ZERMEN"},"content":{"rendered":"<p><strong>di RENATO BONA<\/strong><\/p>\n<p>Paolo Cavallini rinuncia a Salce dove gli subentra Giorgio Aresi mentre nel Lamonese arriva dal foggiano don Ivone Cavraro In coincidenza con il sessantanovesimo anniversario di sacerdozio (e all\u2019et\u00e0 di 92 anni) monsignor Lino Mottes, amministratore parrocchiale di San Dionisio di Zermen di Feltre (fu per molti anni arcidiacono di Agordo), ha rimesso il mandato nelle mani del vescovo monsignor Renato Marangoni. L\u2019annuncio durante la messa solenne celebrata dal presule con 8 confratelli e alla presenza di numerosi fedeli. Il sito diocesano \u201cchiesabellunofeltre\u201d scrive in proposito che \u201cPer tutta la comunit\u00e0 di Zermen quello vissuto \u00e8 stato un evento particolare, uno di quelli che \u00e8 difficile dimenticare\u201d. Anche perch\u00e9 il servizio di don Lino come parroco, che pareva dover durare pochi mesi, si \u00e8 invece protratto per ben tredici anni a partire dal 25 novembre 2009. Mottes &#8211; si legge ancora nel sito \u2013 in cuor suo avrebbe voluto protrarre il servizio se non fosse stato condizionato da qualche problema di salute, pi\u00f9 che comprensibile data l\u2019et\u00e0\u201d. All\u2019omelia il Vescovo ha ricordato i 69 anni di sacerdozio di don Lino e la sua testimonianza di fede oltre all\u2019amore riservato alla comunit\u00e0 e non solo quella di Zermen. Al termine della messa Mottes, visibilmente commosso, ha ringraziato tutti ed ha accennato ad eventi che hanno caratterizzato la vita della Chiesa, come il Concilio Vaticano II, ai pontefici che ha potuto conoscere di persona: ha poi espresso gratitudine per i cappellani (alcuni erano presenti) ed i collaboratori che hanno condiviso il suo cammino spirituale, quindi la comunit\u00e0 di Zermen \u201cper l\u2019affetto che gli ha dimostrato, e tutte le persone che non potr\u00e0 dimenticare\u201d. Interpreti dei sentimenti della piccola comunit\u00e0 della parrocchia feltrina si sono fatti interpreti dei sentimenti della gente del posto: l\u2019organista Arnaldo De Porti il quale ha evidenziato la profonda spiritualit\u00e0, le risorse culturali e la grande disponibilit\u00e0 umana di don Lino; Rosetta Brusaporco, che lo ha definito \u201cuomo di grande saggezza\u201d; Nadia Fontanive che gli ha attribuito un \u201cincrollabile ottimismo\u201d e la grande disponibilit\u00e0 a favore dell\u2019associazione \u201cZermen per Zermen\u201d; Gianluca Possamai il quale ha affermato che \u201cAverla avuta tra noi per 13 anni \u00e8 stata una vera benedizione\u201d. In chiusura, monsignor Marangoni, ringraziati i fedeli (in particolare Adriana De Tomas per essere vicina a Mottes da oltre cinquant\u2019anni come assistente familiare), che con le loro testimonianze hanno saputo cogliere la bellezza del servizio pastorale di don Lino, per il quale ha annunciato che, sollevato dalle incombenze di parroco, potr\u00e0 proseguire il suo ministero sacerdotale. Ora, la parrocchia di Zermen, per decisione dello stesso Vescovo, \u00e8 affidata quale amministratore parrocchiale a monsignor Angelo Balcon, parroco delle tre comunit\u00e0 del centro di Feltre: Concattedrale, Sacro Cuore e Santa Maria degli Angeli, con il mandato di favorire la collaborazione fra le quattro parrocchie e \u201cin attesa di poter dare una maggiore stabilizzazione degli incarichi di ministero quando saranno maggiormente configurati e definiti i rapporti tra le parrocchie di Feltre\u201d. Collaborer\u00e0 con Balcon don Sandro De Gasperi, nominato vicario parrocchiale anche per Zermen. I movimenti del clero in ambito diocesano non sono finiti. Infatti nella parrocchia di San Bartolomeo di Salce, a Belluno, l\u2019ottantenne don Paolo Cavallini \u201cha passato il testimone\u201d a don Giorgio Aresi, ed il Vescovo gli ha proposto un incarico in ambito diocesano meno impegnativo di quello di parroco. Salce dunque passa sotto la guida di don Aresi (che era parroco di Lamon, Arina e San Donato) il quale si avvicina cos\u00ec al capoluogo e potr\u00e0 proseguire l\u2019insegnamento di filosofia nel Liceo Lollino e al contempo completer\u00e0 la ricerca per un dottorato in filosofia nella Pontificia Universit\u00e0 Lateranense di Roma. Il Consiglio pastorale parrocchiale ha espresso: \u201cgratitudine a don Paolo per gli otto anni trascorsi insieme e accompagniamo con la preghiera il nuovo ministero di don Paolo e di don Giorgio\u201d. Infine le parrocchie di Lamon, Arina e San Donato sono affidate a don Ivone Cavraro che subentra a don Giorgio Aresi il quale era parroco sull\u2019altopiano dal 12 novembre 2017. Nato e cresciuto in Veneto, Cavraro \u00e8 attualmente incardinato nella diocesi di Bovino-Foggia. Il vescovo Renato Marangoni lo conosce personalmente \u201cavendo condiviso con lui il percorso formativo del seminario fino all\u2019ordinazione diaconale\u201d. Ed ha spiegato: \u201cDa due anni siamo in contatto diretto e abbiamo maturato questa scelta di un suo servizio nella nostra Chiesa Belluno-Feltre\u201d, precisando che \u201cAbbiamo concordato tutto questo in comunione con l\u2019arcivescovo di Foggia-Bovino dove Cavraro era parroco e vicario foraneo oltre che direttore del Centro missionario diocesano forte degli otto precedenti anni di missione vissuti nella diocesi di Bissau in Guinea Bissau\u201d. Il presule ha quindi rivolto gli auguri sia al nuovo parroco del Lamonese che a don Aresi.<\/p>\n\n\t\t\t<style type='text\/css'>\n\t\t\t\t#gallery-1 {\n\t\t\t\t\tmargin: auto;\n\t\t\t\t}\n\t\t\t\t#gallery-1 .gallery-item {\n\t\t\t\t\tfloat: left;\n\t\t\t\t\tmargin-top: 10px;\n\t\t\t\t\ttext-align: center;\n\t\t\t\t\twidth: 20%;\n\t\t\t\t}\n\t\t\t\t#gallery-1 img {\n\t\t\t\t\tborder: 2px solid #cfcfcf;\n\t\t\t\t}\n\t\t\t\t#gallery-1 .gallery-caption {\n\t\t\t\t\tmargin-left: 0;\n\t\t\t\t}\n\t\t\t\t\/* see gallery_shortcode() in wp-includes\/media.php *\/\n\t\t\t<\/style>\n\t\t<div id='gallery-1' class='dt-gallery-container gallery galleryid-286951 gallery-columns-5 gallery-size-thumbnail'><dl class='gallery-item'>\n\t\t\t\t<dt class='gallery-icon landscape'>\n\t\t\t\t\t<a class=\"rollover\" href='https:\/\/www.radiopiu.net\/wordpress\/dopo-tredici-anni-don-lino-mottes-ha-lasciato-la-guida-della-parrocchia-feltrina-di-zermen\/293081429_501142671816521_1194587679656810547_n-2\/'><img loading=\"lazy\" decoding=\"async\" width=\"150\" height=\"150\" src=\"https:\/\/www.radiopiu.net\/wordpress\/wp-content\/uploads\/2022\/07\/293081429_501142671816521_1194587679656810547_n-1-150x150.jpg\" class=\"attachment-thumbnail size-thumbnail\" alt=\"\" \/><\/a>\n\t\t\t\t<\/dt><\/dl><dl class='gallery-item'>\n\t\t\t\t<dt class='gallery-icon landscape'>\n\t\t\t\t\t<a class=\"rollover\" href='https:\/\/www.radiopiu.net\/wordpress\/dopo-tredici-anni-don-lino-mottes-ha-lasciato-la-guida-della-parrocchia-feltrina-di-zermen\/290592212_5256135641171507_4639244790451716399_n-2\/'><img loading=\"lazy\" decoding=\"async\" width=\"150\" height=\"150\" src=\"https:\/\/www.radiopiu.net\/wordpress\/wp-content\/uploads\/2022\/07\/290592212_5256135641171507_4639244790451716399_n-1-150x150.jpg\" class=\"attachment-thumbnail size-thumbnail\" alt=\"\" \/><\/a>\n\t\t\t\t<\/dt><\/dl><dl class='gallery-item'>\n\t\t\t\t<dt class='gallery-icon landscape'>\n\t\t\t\t\t<a class=\"rollover\" href='https:\/\/www.radiopiu.net\/wordpress\/dopo-tredici-anni-don-lino-mottes-ha-lasciato-la-guida-della-parrocchia-feltrina-di-zermen\/292459120_1721008234916252_7113589037969238964_n-2\/'><img loading=\"lazy\" decoding=\"async\" width=\"150\" height=\"150\" src=\"https:\/\/www.radiopiu.net\/wordpress\/wp-content\/uploads\/2022\/07\/292459120_1721008234916252_7113589037969238964_n-1-150x150.jpg\" class=\"attachment-thumbnail size-thumbnail\" alt=\"\" \/><\/a>\n\t\t\t\t<\/dt><\/dl><dl class='gallery-item'>\n\t\t\t\t<dt class='gallery-icon portrait'>\n\t\t\t\t\t<a class=\"rollover\" href='https:\/\/www.radiopiu.net\/wordpress\/dopo-tredici-anni-don-lino-mottes-ha-lasciato-la-guida-della-parrocchia-feltrina-di-zermen\/289911832_797544291619178_5120894892219475069_n-2\/'><img loading=\"lazy\" decoding=\"async\" width=\"150\" height=\"150\" src=\"https:\/\/www.radiopiu.net\/wordpress\/wp-content\/uploads\/2022\/07\/289911832_797544291619178_5120894892219475069_n-1-150x150.jpg\" class=\"attachment-thumbnail size-thumbnail\" alt=\"\" \/><\/a>\n\t\t\t\t<\/dt><\/dl><dl class='gallery-item'>\n\t\t\t\t<dt class='gallery-icon landscape'>\n\t\t\t\t\t<a class=\"rollover\" href='https:\/\/www.radiopiu.net\/wordpress\/dopo-tredici-anni-don-lino-mottes-ha-lasciato-la-guida-della-parrocchia-feltrina-di-zermen\/291756382_1234878547283415_1085394105549197807_n-2\/'><img loading=\"lazy\" decoding=\"async\" width=\"150\" height=\"150\" src=\"https:\/\/www.radiopiu.net\/wordpress\/wp-content\/uploads\/2022\/07\/291756382_1234878547283415_1085394105549197807_n-1-150x150.jpg\" class=\"attachment-thumbnail size-thumbnail\" alt=\"\" \/><\/a>\n\t\t\t\t<\/dt><\/dl><br style=\"clear: both\" \/><dl class='gallery-item'>\n\t\t\t\t<dt class='gallery-icon landscape'>\n\t\t\t\t\t<a class=\"rollover\" href='https:\/\/www.radiopiu.net\/wordpress\/dopo-tredici-anni-don-lino-mottes-ha-lasciato-la-guida-della-parrocchia-feltrina-di-zermen\/292558554_1431569027316662_5139896761377434361_n-2\/'><img loading=\"lazy\" decoding=\"async\" width=\"150\" height=\"150\" src=\"https:\/\/www.radiopiu.net\/wordpress\/wp-content\/uploads\/2022\/07\/292558554_1431569027316662_5139896761377434361_n-1-150x150.jpg\" class=\"attachment-thumbnail size-thumbnail\" alt=\"\" \/><\/a>\n\t\t\t\t<\/dt><\/dl><dl class='gallery-item'>\n\t\t\t\t<dt class='gallery-icon portrait'>\n\t\t\t\t\t<a class=\"rollover\" href='https:\/\/www.radiopiu.net\/wordpress\/dopo-tredici-anni-don-lino-mottes-ha-lasciato-la-guida-della-parrocchia-feltrina-di-zermen\/291149036_561941508757038_712018102012803908_n-2\/'><img loading=\"lazy\" decoding=\"async\" width=\"150\" height=\"150\" src=\"https:\/\/www.radiopiu.net\/wordpress\/wp-content\/uploads\/2022\/07\/291149036_561941508757038_712018102012803908_n-1-150x150.jpg\" class=\"attachment-thumbnail size-thumbnail\" alt=\"\" \/><\/a>\n\t\t\t\t<\/dt><\/dl><dl class='gallery-item'>\n\t\t\t\t<dt class='gallery-icon landscape'>\n\t\t\t\t\t<a class=\"rollover\" href='https:\/\/www.radiopiu.net\/wordpress\/dopo-tredici-anni-don-lino-mottes-ha-lasciato-la-guida-della-parrocchia-feltrina-di-zermen\/291637762_349410607347024_486417201995359108_n-2\/'><img loading=\"lazy\" decoding=\"async\" width=\"150\" height=\"150\" src=\"https:\/\/www.radiopiu.net\/wordpress\/wp-content\/uploads\/2022\/07\/291637762_349410607347024_486417201995359108_n-1-150x150.jpg\" class=\"attachment-thumbnail size-thumbnail\" alt=\"\" \/><\/a>\n\t\t\t\t<\/dt><\/dl><dl class='gallery-item'>\n\t\t\t\t<dt class='gallery-icon portrait'>\n\t\t\t\t\t<a class=\"rollover\" href='https:\/\/www.radiopiu.net\/wordpress\/dopo-tredici-anni-don-lino-mottes-ha-lasciato-la-guida-della-parrocchia-feltrina-di-zermen\/292264969_782502359767832_4543298883870571865_n-2\/'><img loading=\"lazy\" decoding=\"async\" width=\"150\" height=\"150\" src=\"https:\/\/www.radiopiu.net\/wordpress\/wp-content\/uploads\/2022\/07\/292264969_782502359767832_4543298883870571865_n-1-150x150.jpg\" class=\"attachment-thumbnail size-thumbnail\" alt=\"\" \/><\/a>\n\t\t\t\t<\/dt><\/dl><dl class='gallery-item'>\n\t\t\t\t<dt class='gallery-icon landscape'>\n\t\t\t\t\t<a class=\"rollover\" href='https:\/\/www.radiopiu.net\/wordpress\/dopo-tredici-anni-don-lino-mottes-ha-lasciato-la-guida-della-parrocchia-feltrina-di-zermen\/292365235_1252127315326985_4694379986393717834_n-2\/'><img loading=\"lazy\" decoding=\"async\" width=\"150\" height=\"150\" src=\"https:\/\/www.radiopiu.net\/wordpress\/wp-content\/uploads\/2022\/07\/292365235_1252127315326985_4694379986393717834_n-1-150x150.jpg\" class=\"attachment-thumbnail size-thumbnail\" alt=\"\" \/><\/a>\n\t\t\t\t<\/dt><\/dl><br style=\"clear: both\" \/>\n\t\t\t<\/div>\n\n<p>NELLE FOTO (siti: chiesabellunofeltre, il Gazzettino, Corriere delle Alpi, Wikipedia, Foggia citt\u00e0 aperta): la messa di commiato di don Lino Mottes; il parroco festeggiato all\u2019esterno della parrocchiale di Zermen; don Lino con Albino Luciani a breve Beato; don Angelo Balcon; don Sandro De Gasperi; don Paolo Cavallini; don Giorgio Aresi; don Ivone Cavraro; la chiesa feltrina di Zermen; la chiesa di San Bartolomeo a Salce.<\/p>\n","protected":false},"excerpt":{"rendered":"<p>di RENATO BONA Paolo Cavallini rinuncia a Salce dove gli subentra Giorgio Aresi mentre nel Lamonese arriva dal foggiano don Ivone Cavraro In coincidenza con il sessantanovesimo anniversario di sacerdozio (e all\u2019et\u00e0 di 92 anni) monsignor Lino Mottes, amministratore parrocchiale di San Dionisio di Zermen di Feltre (fu per molti anni arcidiacono di Agordo), ha&hellip;<\/p>\n","protected":false},"author":4,"featured_media":286958,"comment_status":"closed","ping_status":"closed","sticky":false,"template":"","format":"standard","meta":{"_monsterinsights_skip_tracking":false,"_monsterinsights_sitenote_active":false,"_monsterinsights_sitenote_note":"","_monsterinsights_sitenote_category":0,"footnotes":""},"categories":[104,49],"tags":[],"class_list":["post-286951","post","type-post","status-publish","format-standard","has-post-thumbnail","hentry","category-evidenza_3","category-news-18","category-104","category-49","description-off"],"img_url":"https:\/\/www.radiopiu.net\/wordpress\/wp-content\/uploads\/2022\/07\/291149036_561941508757038_712018102012803908_n-1.jpg","_links":{"self":[{"href":"https:\/\/www.radiopiu.net\/wordpress\/wp-json\/wp\/v2\/posts\/286951","targetHints":{"allow":["GET"]}}],"collection":[{"href":"https:\/\/www.radiopiu.net\/wordpress\/wp-json\/wp\/v2\/posts"}],"about":[{"href":"https:\/\/www.radiopiu.net\/wordpress\/wp-json\/wp\/v2\/types\/post"}],"author":[{"embeddable":true,"href":"https:\/\/www.radiopiu.net\/wordpress\/wp-json\/wp\/v2\/users\/4"}],"replies":[{"embeddable":true,"href":"https:\/\/www.radiopiu.net\/wordpress\/wp-json\/wp\/v2\/comments?post=286951"}],"version-history":[{"count":0,"href":"https:\/\/www.radiopiu.net\/wordpress\/wp-json\/wp\/v2\/posts\/286951\/revisions"}],"wp:featuredmedia":[{"embeddable":true,"href":"https:\/\/www.radiopiu.net\/wordpress\/wp-json\/wp\/v2\/media\/286958"}],"wp:attachment":[{"href":"https:\/\/www.radiopiu.net\/wordpress\/wp-json\/wp\/v2\/media?parent=286951"}],"wp:term":[{"taxonomy":"category","embeddable":true,"href":"https:\/\/www.radiopiu.net\/wordpress\/wp-json\/wp\/v2\/categories?post=286951"},{"taxonomy":"post_tag","embeddable":true,"href":"https:\/\/www.radiopiu.net\/wordpress\/wp-json\/wp\/v2\/tags?post=286951"}],"curies":[{"name":"wp","href":"https:\/\/api.w.org\/{rel}","templated":true}]}}