{"id":286977,"date":"2022-07-19T05:19:50","date_gmt":"2022-07-19T03:19:50","guid":{"rendered":"https:\/\/www.radiopiu.net\/wordpress\/?p=286977"},"modified":"2022-07-19T05:41:42","modified_gmt":"2022-07-19T03:41:42","slug":"le-iniziative-estive-del-comitato-di-gemellaggio-di-agordo","status":"publish","type":"post","link":"https:\/\/www.radiopiu.net\/wordpress\/le-iniziative-estive-del-comitato-di-gemellaggio-di-agordo\/","title":{"rendered":"LE INIZIATIVE ESTIVE DEL COMITATO DI GEMELLAGGIO DI AGORDO"},"content":{"rendered":"<p><strong>IL RESOCONTO DI CLAUDIA CATTADORI<\/strong><\/p>\n<p><strong>AUDIO<\/strong><\/p>\n<audio class=\"wp-audio-shortcode\" id=\"audio-286977-1\" preload=\"none\" style=\"width: 100%;\" controls=\"controls\"><source type=\"audio\/mpeg\" src=\"https:\/\/www.radiopiu.net\/wordpress\/wp-content\/uploads\/2022\/07\/CLAUDIA-GEMELLAGGIO-1.mp3?_=1\" \/><a href=\"https:\/\/www.radiopiu.net\/wordpress\/wp-content\/uploads\/2022\/07\/CLAUDIA-GEMELLAGGIO-1.mp3\">https:\/\/www.radiopiu.net\/wordpress\/wp-content\/uploads\/2022\/07\/CLAUDIA-GEMELLAGGIO-1.mp3<\/a><\/audio>\n<p>&nbsp;<\/p>\n<p><strong>AGORDO<\/strong> Giugno, mese ricco di iniziative per il Comitato di Gemellaggio di Agordo. <strong>Domenica 12<\/strong> a Zugliano (paese gemellato con Agordo), \u00e8 stato inaugurato il bellissimo graffito dell&#8217;artista Dunio Piccolin che, attraverso la sua opera realizzata con il contributo del Consorzio Bim Piave Belluno e del Comune di Zugliano, ha voluto ripercorrere il tema dell&#8217;emigrazione Agordina che a fine Ottocento ha portato diverse donne a trasferirsi a Zugliano per lavorare nel cascamificio di seta. Un filo di seta, divenuto sempre pi\u00f9 forte, unisce le due comunit\u00e0 in un solido gemellaggio. <strong>Venerd<\/strong><strong>\u00ec<\/strong><strong> 24<\/strong> il gruppo Ciclistico di Zugliano ha pedalato fino ad Agordo. Gli ultimi kilometri, dalle Miniere, si sono uniti a loro alcuni amici della Cicli Agordina. All&#8217;arrivo, davanti al municipio, sono stati accolti dal Sindaco di Agordo e dal Comitato di Gemellaggio. Il Sindaco Roberto Chissal\u00e8 ha portato il suo saluto al gruppo, sottolineando la forza di un gemellaggio che ricorda l&#8217;emigrazione di tante donne Agordine che avevano lasciato la loro terra natale per poi trovare un lavoro e una nuova vita a Zugliano. L\u00ec si sono integrate con la comunit\u00e0 locale. Anche la Presidente del Comitato Gemellaggio, Michela Paganin, ha accolto a nome del Direttivo e di tutto il Comitato, i ciclisti. <strong>Sabato 25 giugno<\/strong> \u00e8 stata la tappa clou di queste tre giornate. I ciclisti Zuglianesi e i loro amici della Cicli Agordina hanno affrontato i passi Dolomitici. Questo il tour: Agordo-Caprile-Passo Falzarego-Passo Valparola-La Villa-Corvara-Passo Campolongo-Arabba-Salesei-Caprile-Agordo. E&#8217; stata una giornata straordinaria di sole, vette maestose e spirito di amicizia. La sera tutto il gruppo si \u00e8 ritrovato per un&#8217;ottima cena in compagnia che ha visto la partecipazione, oltre che del Sindaco di Agordo Roberto Chissal\u00e8, anche del Sindaco di Zugliano Sandro Maculan e del suo capogruppo in Consiglio con delega allo Sport, Cristiano Dal Bianco. I due Sindaci hanno ricordato, assieme alla Presidente Michela Paganin, l&#8217;importanza e la bellezza di questo duraturo gemellaggio. Domenica 26 i ciclisti Vicentini hanno affrontato l&#8217;ultima fatica che li ha riportati (sempre in sella alle loro amate biciclette) da Agordo a Zugliano.\u00a0 Sar\u00e0 certamente riproposto in altra occasione l&#8217;evento che era in programma per la Sagra di San Piero in collaborazione con Ad Agordo Pro Loco: per concludere il mese di giugno in dolcezza era infatti prevista la vendita delle cr\u00eapes, tipica specialit\u00e0 francese,che richiama il legame tra Agordo e Dolomieu. altro importante Gemellaggio che unisce la comunit\u00e0 Agordina al paese francese che ha dato ii natali allo scienziato Deodat de Dolomieu, scopritore della Dolomia.\u00a0 Il Comitato di Gemellaggio desidera ringraziare di cuore tutte le persone, le associazioni, gli operatori locali, gli Enti pubblici che hanno collaborato alla riuscita delle iniziative.<\/p>\n<p>&nbsp;<\/p>\n\n\t\t\t<style type='text\/css'>\n\t\t\t\t#gallery-1 {\n\t\t\t\t\tmargin: auto;\n\t\t\t\t}\n\t\t\t\t#gallery-1 .gallery-item {\n\t\t\t\t\tfloat: left;\n\t\t\t\t\tmargin-top: 10px;\n\t\t\t\t\ttext-align: center;\n\t\t\t\t\twidth: 20%;\n\t\t\t\t}\n\t\t\t\t#gallery-1 img {\n\t\t\t\t\tborder: 2px solid #cfcfcf;\n\t\t\t\t}\n\t\t\t\t#gallery-1 .gallery-caption {\n\t\t\t\t\tmargin-left: 0;\n\t\t\t\t}\n\t\t\t\t\/* see gallery_shortcode() in wp-includes\/media.php *\/\n\t\t\t<\/style>\n\t\t<div id='gallery-1' class='dt-gallery-container gallery galleryid-286977 gallery-columns-5 gallery-size-thumbnail'><dl class='gallery-item'>\n\t\t\t\t<dt class='gallery-icon landscape'>\n\t\t\t\t\t<a class=\"rollover rollover-zoom dt-pswp-item\" title=\"Zugliano120622\" data-dt-img-description=\"\" data-large_image_width=\"2560\" data-large_image_height=\"1707\"href='https:\/\/www.radiopiu.net\/wordpress\/wp-content\/uploads\/2022\/07\/Zugliano120622-scaled.jpg'><img loading=\"lazy\" decoding=\"async\" width=\"150\" height=\"150\" src=\"https:\/\/www.radiopiu.net\/wordpress\/wp-content\/uploads\/2022\/07\/Zugliano120622-150x150.jpg\" class=\"attachment-thumbnail size-thumbnail\" alt=\"\" \/><\/a>\n\t\t\t\t<\/dt><\/dl><dl class='gallery-item'>\n\t\t\t\t<dt class='gallery-icon landscape'>\n\t\t\t\t\t<a class=\"rollover rollover-zoom dt-pswp-item\" title=\"IMG-20220630-WA0007\" data-dt-img-description=\"\" data-large_image_width=\"1024\" data-large_image_height=\"768\"href='https:\/\/www.radiopiu.net\/wordpress\/wp-content\/uploads\/2022\/07\/IMG-20220630-WA0007.jpg'><img loading=\"lazy\" decoding=\"async\" width=\"150\" height=\"150\" src=\"https:\/\/www.radiopiu.net\/wordpress\/wp-content\/uploads\/2022\/07\/IMG-20220630-WA0007-150x150.jpg\" class=\"attachment-thumbnail size-thumbnail\" alt=\"\" \/><\/a>\n\t\t\t\t<\/dt><\/dl><dl class='gallery-item'>\n\t\t\t\t<dt class='gallery-icon landscape'>\n\t\t\t\t\t<a class=\"rollover rollover-zoom dt-pswp-item\" title=\"IMG-20220625-WA0003\" data-dt-img-description=\"\" data-large_image_width=\"1024\" data-large_image_height=\"768\"href='https:\/\/www.radiopiu.net\/wordpress\/wp-content\/uploads\/2022\/07\/IMG-20220625-WA0003.jpg'><img loading=\"lazy\" decoding=\"async\" width=\"150\" height=\"150\" src=\"https:\/\/www.radiopiu.net\/wordpress\/wp-content\/uploads\/2022\/07\/IMG-20220625-WA0003-150x150.jpg\" class=\"attachment-thumbnail size-thumbnail\" alt=\"\" \/><\/a>\n\t\t\t\t<\/dt><\/dl><dl class='gallery-item'>\n\t\t\t\t<dt class='gallery-icon landscape'>\n\t\t\t\t\t<a class=\"rollover rollover-zoom dt-pswp-item\" title=\"IMG-20220630-WA0015\" data-dt-img-description=\"\" data-large_image_width=\"1024\" data-large_image_height=\"768\"href='https:\/\/www.radiopiu.net\/wordpress\/wp-content\/uploads\/2022\/07\/IMG-20220630-WA0015.jpg'><img loading=\"lazy\" decoding=\"async\" width=\"150\" height=\"150\" src=\"https:\/\/www.radiopiu.net\/wordpress\/wp-content\/uploads\/2022\/07\/IMG-20220630-WA0015-150x150.jpg\" class=\"attachment-thumbnail size-thumbnail\" alt=\"\" \/><\/a>\n\t\t\t\t<\/dt><\/dl><dl class='gallery-item'>\n\t\t\t\t<dt class='gallery-icon portrait'>\n\t\t\t\t\t<a class=\"rollover rollover-zoom dt-pswp-item\" title=\"Graffito aZugliano\" data-dt-img-description=\"\" data-large_image_width=\"1707\" data-large_image_height=\"2560\"href='https:\/\/www.radiopiu.net\/wordpress\/wp-content\/uploads\/2022\/07\/Graffito-aZugliano-scaled.jpg'><img loading=\"lazy\" decoding=\"async\" width=\"150\" height=\"150\" src=\"https:\/\/www.radiopiu.net\/wordpress\/wp-content\/uploads\/2022\/07\/Graffito-aZugliano-150x150.jpg\" class=\"attachment-thumbnail size-thumbnail\" alt=\"\" \/><\/a>\n\t\t\t\t<\/dt><\/dl><br style=\"clear: both\" \/>\n\t\t\t<\/div>\n\n<p>&nbsp;<\/p>\n<p>&nbsp;<\/p>\n<p>&nbsp;<\/p>\n<p>&nbsp;<\/p>\n<hr \/>\n<p>&nbsp;<\/p>\n","protected":false},"excerpt":{"rendered":"<p>IL RESOCONTO DI CLAUDIA CATTADORI AUDIO &nbsp; AGORDO Giugno, mese ricco di iniziative per il Comitato di Gemellaggio di Agordo. Domenica 12 a Zugliano (paese gemellato con Agordo), \u00e8 stato inaugurato il bellissimo graffito dell&#8217;artista Dunio Piccolin che, attraverso la sua opera realizzata con il contributo del Consorzio Bim Piave Belluno e del Comune di&hellip;<\/p>\n","protected":false},"author":4,"featured_media":286982,"comment_status":"closed","ping_status":"closed","sticky":false,"template":"","format":"standard","meta":{"_monsterinsights_skip_tracking":false,"_monsterinsights_sitenote_active":false,"_monsterinsights_sitenote_note":"","_monsterinsights_sitenote_category":0,"footnotes":""},"categories":[104,49],"tags":[],"class_list":["post-286977","post","type-post","status-publish","format-standard","has-post-thumbnail","hentry","category-evidenza_3","category-news-18","category-104","category-49","description-off"],"img_url":"https:\/\/www.radiopiu.net\/wordpress\/wp-content\/uploads\/2022\/07\/Zugliano120622-scaled.jpg","_links":{"self":[{"href":"https:\/\/www.radiopiu.net\/wordpress\/wp-json\/wp\/v2\/posts\/286977","targetHints":{"allow":["GET"]}}],"collection":[{"href":"https:\/\/www.radiopiu.net\/wordpress\/wp-json\/wp\/v2\/posts"}],"about":[{"href":"https:\/\/www.radiopiu.net\/wordpress\/wp-json\/wp\/v2\/types\/post"}],"author":[{"embeddable":true,"href":"https:\/\/www.radiopiu.net\/wordpress\/wp-json\/wp\/v2\/users\/4"}],"replies":[{"embeddable":true,"href":"https:\/\/www.radiopiu.net\/wordpress\/wp-json\/wp\/v2\/comments?post=286977"}],"version-history":[{"count":0,"href":"https:\/\/www.radiopiu.net\/wordpress\/wp-json\/wp\/v2\/posts\/286977\/revisions"}],"wp:featuredmedia":[{"embeddable":true,"href":"https:\/\/www.radiopiu.net\/wordpress\/wp-json\/wp\/v2\/media\/286982"}],"wp:attachment":[{"href":"https:\/\/www.radiopiu.net\/wordpress\/wp-json\/wp\/v2\/media?parent=286977"}],"wp:term":[{"taxonomy":"category","embeddable":true,"href":"https:\/\/www.radiopiu.net\/wordpress\/wp-json\/wp\/v2\/categories?post=286977"},{"taxonomy":"post_tag","embeddable":true,"href":"https:\/\/www.radiopiu.net\/wordpress\/wp-json\/wp\/v2\/tags?post=286977"}],"curies":[{"name":"wp","href":"https:\/\/api.w.org\/{rel}","templated":true}]}}