{"id":287024,"date":"2022-07-14T05:30:48","date_gmt":"2022-07-14T03:30:48","guid":{"rendered":"https:\/\/www.radiopiu.net\/wordpress\/?p=287024"},"modified":"2022-07-14T05:41:55","modified_gmt":"2022-07-14T03:41:55","slug":"bloccata-e-incapace-di-proseguire-fuori-dal-sentiero","status":"publish","type":"post","link":"https:\/\/www.radiopiu.net\/wordpress\/bloccata-e-incapace-di-proseguire-fuori-dal-sentiero\/","title":{"rendered":"BLOCCATA E INCAPACE DI PROSEGUIRE FUORI DAL SENTIERO"},"content":{"rendered":"<p><strong><img loading=\"lazy\" decoding=\"async\" class=\"alignleft\" src=\"https:\/\/www.radiopiu.net\/wordpress\/wp-content\/uploads\/2022\/07\/salt_20220702_181321_070.jpg\" width=\"251\" height=\"188\" \/>CORTINA\u00a0<\/strong> Questa mattina L&#8217;elicottero di Dolomiti Emergency \u00e8 intervenuto sul Cristallo, precisamente una ventina di metri sotto Forcella Staunies, dove un&#8217;escursionista era rimasta bloccata incapace di proseguire fuori dal sentiero, mentre i compagni si trovavano pi\u00f9 sopra sul percorso corretto. A.I.C.G., 35 anni, spagnola, \u00e8 stata individuata dall&#8217;equipaggio e recuperata dal tecnico di elisoccorso calato con un verricello di 40 metri, per essere poi trasportata a valle.<\/p>\n<p><strong>LOZZO DI CADORE<\/strong> Alle 14.30 circa una squadra del Soccorso alpino del Centro Cadore \u00e8 stata inviata a Lozzo di Cadore, poich\u00e9 lungo il sentiero della Roggia dei Mulini, un 75enne di Pavia, che stava scendendo in passeggiata dall&#8217;alto con la moglie lungo il sentiero di ciottoli, messo male un piede aveva riportato una sospetta frattura alla caviglia. Raggiunto a piedi da 8 soccorritori, avvicinatisi il pi\u00f9 possibile in fuoristrada, l&#8217;uomo \u00e8 stato stabilizzato, caricato in barella, portato fino alla jeep e da l\u00ec direttamente in pronto soccorso.<\/p>\n<p><strong>ROCCA PIETORE<\/strong> Attorno alle 16.20 L&#8217;elicottero del Suem di Pieve di Cadore \u00e8 volato a Rocca Pietore, sotto il Passo Padon, per la probabile frattura del piede di un turista fiorentino. Prestate le prime cure, L.B., 53 anni, di Scandicci, che stava percorrendo il sentiero 699, \u00e8 stato trasportato all&#8217;ospedale di Belluno.<\/p>\n<p><strong>ALLEGHE<\/strong> Alle 16.40 un altro incidente lungo il sentiero ha causato la possibile rottura della caviglia di un&#8217;escurionista olandese 50enne, non distante dalle Cascate di Masar\u00e9, dov\u00e8 si trovava con figli e marito. La donna \u00e8 stata aiutata dal Soccorso alpino di Alleghe, che le ha prestato le prime cure e l&#8217;ha accompagnata in jeep al\u00a0 rendez vous con l&#8217;ambulanza diretta ad Agordo.<\/p>\n<p>&nbsp;<\/p>\n<p>___<\/p>\n","protected":false},"excerpt":{"rendered":"<p>CORTINA\u00a0 Questa mattina L&#8217;elicottero di Dolomiti Emergency \u00e8 intervenuto sul Cristallo, precisamente una ventina di metri sotto Forcella Staunies, dove un&#8217;escursionista era rimasta bloccata incapace di proseguire fuori dal sentiero, mentre i compagni si trovavano pi\u00f9 sopra sul percorso corretto. A.I.C.G., 35 anni, spagnola, \u00e8 stata individuata dall&#8217;equipaggio e recuperata dal tecnico di elisoccorso calato&hellip;<\/p>\n","protected":false},"author":4,"featured_media":284915,"comment_status":"closed","ping_status":"closed","sticky":false,"template":"","format":"standard","meta":{"_monsterinsights_skip_tracking":false,"_monsterinsights_sitenote_active":false,"_monsterinsights_sitenote_note":"","_monsterinsights_sitenote_category":0,"footnotes":""},"categories":[51,49],"tags":[],"class_list":["post-287024","post","type-post","status-publish","format-standard","has-post-thumbnail","hentry","category-evidenza-top","category-news-18","category-51","category-49","description-off"],"img_url":"https:\/\/www.radiopiu.net\/wordpress\/wp-content\/uploads\/2022\/07\/salt_20220702_181321_070.jpg","_links":{"self":[{"href":"https:\/\/www.radiopiu.net\/wordpress\/wp-json\/wp\/v2\/posts\/287024","targetHints":{"allow":["GET"]}}],"collection":[{"href":"https:\/\/www.radiopiu.net\/wordpress\/wp-json\/wp\/v2\/posts"}],"about":[{"href":"https:\/\/www.radiopiu.net\/wordpress\/wp-json\/wp\/v2\/types\/post"}],"author":[{"embeddable":true,"href":"https:\/\/www.radiopiu.net\/wordpress\/wp-json\/wp\/v2\/users\/4"}],"replies":[{"embeddable":true,"href":"https:\/\/www.radiopiu.net\/wordpress\/wp-json\/wp\/v2\/comments?post=287024"}],"version-history":[{"count":0,"href":"https:\/\/www.radiopiu.net\/wordpress\/wp-json\/wp\/v2\/posts\/287024\/revisions"}],"wp:featuredmedia":[{"embeddable":true,"href":"https:\/\/www.radiopiu.net\/wordpress\/wp-json\/wp\/v2\/media\/284915"}],"wp:attachment":[{"href":"https:\/\/www.radiopiu.net\/wordpress\/wp-json\/wp\/v2\/media?parent=287024"}],"wp:term":[{"taxonomy":"category","embeddable":true,"href":"https:\/\/www.radiopiu.net\/wordpress\/wp-json\/wp\/v2\/categories?post=287024"},{"taxonomy":"post_tag","embeddable":true,"href":"https:\/\/www.radiopiu.net\/wordpress\/wp-json\/wp\/v2\/tags?post=287024"}],"curies":[{"name":"wp","href":"https:\/\/api.w.org\/{rel}","templated":true}]}}