{"id":287044,"date":"2022-07-13T23:58:41","date_gmt":"2022-07-13T21:58:41","guid":{"rendered":"https:\/\/www.radiopiu.net\/wordpress\/?p=287044"},"modified":"2022-07-14T05:46:16","modified_gmt":"2022-07-14T03:46:16","slug":"karate-city-camp-con-il-m-morozov","status":"publish","type":"post","link":"https:\/\/www.radiopiu.net\/wordpress\/karate-city-camp-con-il-m-morozov\/","title":{"rendered":"KARATE CITY CAMP CON IL M\u00b0 MOROZOV.\u00a0"},"content":{"rendered":"<blockquote>\n<h3><a class=\"dt-pswp-item\" style=\"font-size: 14px; font-weight: normal;\" href=\"https:\/\/www.radiopiu.net\/wordpress\/wp-content\/uploads\/2022\/07\/TERLIUGA-MOROZOV-ZARETSKA.jpeg\" data-dt-img-description=\"\" data-large_image_width=\"1004\" data-large_image_height=\"667\"><img loading=\"lazy\" decoding=\"async\" class=\"size-thumbnail wp-image-287043 alignleft\" src=\"https:\/\/www.radiopiu.net\/wordpress\/wp-content\/uploads\/2022\/07\/TERLIUGA-MOROZOV-ZARETSKA-150x150.jpeg\" alt=\"\" width=\"150\" height=\"150\" \/><\/a><\/h3>\n<\/blockquote>\n<p>Fine settimana di grande valore sportivo per gli atleti e le atlete del Karate Team Dolomiti 1970. Saranno impegnati infatti il 16 ed il 17 luglio in quel di Mogliano Veneto (TV) in un \u201cKarate City Camp\u201d di altissimo livello che vedr\u00e0 come docente il M\u00b0 ucraino Denys Morozov. coach dell\u2019Azerbajan. Morozov ha portato due sue atlete di club, Anzhelika Terliuga, per l\u2019Ucraina e Irina Zaretska, per l\u2019Azerbaijan, a raggiungere, in due nazionali diverse, la complessa, estenuante ed impegnativa qualificazione olimpica per Tokyo 2021. A Tokyo, ad ulteriore conferma del loro valore, sono poi salite sul podio del combattimento aggiudicandosi entrambe la medaglia d\u2019argento olimpica rispettivamente al limite dei 55 kh e oltre i 61 kg. Promotore dei \u201cKarate City Camp\u201d \u00e8 il M\u00b0 Vittorio Moreno, DT del club bellunese e allenatore della Commissione Nazionale Attivit\u00e0 Giovanile FIJLKAM, che ha radunato da tutta Italia tecnici ed atleti di qualit\u00e0 per questa fantastica opportunit\u00e0 di confronto sotto la guida e la supervisione di uno dei maestri pi\u00f9 titolati al mondo nell\u2019ambito del combattimento.<\/p>\n<p><strong>Nella foto:<\/strong><br \/>\nda sx: Anzhelika Terliuga, Denys Morozov e Irina Zaretska<\/p>\n<p>&nbsp;<\/p>\n<hr \/>\n<p>&nbsp;<\/p>\n","protected":false},"excerpt":{"rendered":"<p>Fine settimana di grande valore sportivo per gli atleti e le atlete del Karate Team Dolomiti 1970. Saranno impegnati infatti il 16 ed il 17 luglio in quel di Mogliano Veneto (TV) in un \u201cKarate City Camp\u201d di altissimo livello che vedr\u00e0 come docente il M\u00b0 ucraino Denys Morozov. coach dell\u2019Azerbajan. Morozov ha portato due&hellip;<\/p>\n","protected":false},"author":4,"featured_media":287043,"comment_status":"closed","ping_status":"closed","sticky":false,"template":"","format":"standard","meta":{"_monsterinsights_skip_tracking":false,"_monsterinsights_sitenote_active":false,"_monsterinsights_sitenote_note":"","_monsterinsights_sitenote_category":0,"footnotes":""},"categories":[104,49],"tags":[],"class_list":["post-287044","post","type-post","status-publish","format-standard","has-post-thumbnail","hentry","category-evidenza_3","category-news-18","category-104","category-49","description-off"],"img_url":"https:\/\/www.radiopiu.net\/wordpress\/wp-content\/uploads\/2022\/07\/TERLIUGA-MOROZOV-ZARETSKA.jpeg","_links":{"self":[{"href":"https:\/\/www.radiopiu.net\/wordpress\/wp-json\/wp\/v2\/posts\/287044","targetHints":{"allow":["GET"]}}],"collection":[{"href":"https:\/\/www.radiopiu.net\/wordpress\/wp-json\/wp\/v2\/posts"}],"about":[{"href":"https:\/\/www.radiopiu.net\/wordpress\/wp-json\/wp\/v2\/types\/post"}],"author":[{"embeddable":true,"href":"https:\/\/www.radiopiu.net\/wordpress\/wp-json\/wp\/v2\/users\/4"}],"replies":[{"embeddable":true,"href":"https:\/\/www.radiopiu.net\/wordpress\/wp-json\/wp\/v2\/comments?post=287044"}],"version-history":[{"count":0,"href":"https:\/\/www.radiopiu.net\/wordpress\/wp-json\/wp\/v2\/posts\/287044\/revisions"}],"wp:featuredmedia":[{"embeddable":true,"href":"https:\/\/www.radiopiu.net\/wordpress\/wp-json\/wp\/v2\/media\/287043"}],"wp:attachment":[{"href":"https:\/\/www.radiopiu.net\/wordpress\/wp-json\/wp\/v2\/media?parent=287044"}],"wp:term":[{"taxonomy":"category","embeddable":true,"href":"https:\/\/www.radiopiu.net\/wordpress\/wp-json\/wp\/v2\/categories?post=287044"},{"taxonomy":"post_tag","embeddable":true,"href":"https:\/\/www.radiopiu.net\/wordpress\/wp-json\/wp\/v2\/tags?post=287044"}],"curies":[{"name":"wp","href":"https:\/\/api.w.org\/{rel}","templated":true}]}}