{"id":287052,"date":"2022-07-14T05:32:44","date_gmt":"2022-07-14T03:32:44","guid":{"rendered":"https:\/\/www.radiopiu.net\/wordpress\/?p=287052"},"modified":"2022-07-14T05:41:08","modified_gmt":"2022-07-14T03:41:08","slug":"stuprata-alla-festa-di-ferragosto-ma-in-tribunale-tanti-non-ricordano","status":"publish","type":"post","link":"https:\/\/www.radiopiu.net\/wordpress\/stuprata-alla-festa-di-ferragosto-ma-in-tribunale-tanti-non-ricordano\/","title":{"rendered":"STUPRATA ALLA FESTA DI FERRAGOSTO, MA IN TRIBUNALE TANTI NON RICORDANO"},"content":{"rendered":"<p><strong><img loading=\"lazy\" decoding=\"async\" class=\"alignleft\" src=\"https:\/\/www.radiopiu.net\/wordpress\/wp-content\/uploads\/2018\/10\/violenza.jpg\" width=\"238\" height=\"142\" \/>OGGI SUL CORRIERE DELLE ALPI<\/strong><\/p>\n<p><strong>DI GIGI SOSSO<\/strong><\/p>\n<p><strong>BELLUNO<\/strong> Stupro di gruppo alla festa di Ferragosto. Presunto, almeno per il momento. \u00c8 partito con le deposizioni dei testi della Procura e della parte civile il processo a tre giovani calciatori veneti. Uno che adesso gioca tra i professionisti, dopo essere stato a Belluno, e due che partecipano a campionati dilettanti. L&#8217;accusa \u00e8 molto pesante &#8211; violenza sessuale di gruppo &#8211; ma andr\u00e0 provata dal pm Roberta Gallego e, in casi cos\u00ec delicati, non \u00e8 mai un&#8217;operazione semplice. Non ci sono testimoni diretti di quello che sarebbe successo in quel pomeriggio dell&#8217;estate di due anni fa e parecchi degli invitati non ricordano niente di neanche lontanamente simile, pur avendo ancora la memoria fresca&#8230;.Nessuno ha patteggiato n\u00e9 scelto l&#8217;abbreviato, segno inconfondibile del fatto che, accanto alla possibilit\u00e0 di una sentenza di condanna, c&#8217;\u00e8 anche quella dell&#8217;assoluzione. Prossima udienza in inverno, quando anche gli imputati avranno modo di dare la loro versione ai giudici Coniglio, Feletto e Cittolin. Peseranno anche le intercettazioni, che devono essere trascritte&#8230;<\/p>\n<p>&nbsp;<\/p>\n<hr \/>\n<p>&nbsp;<\/p>\n","protected":false},"excerpt":{"rendered":"<p>OGGI SUL CORRIERE DELLE ALPI DI GIGI SOSSO BELLUNO Stupro di gruppo alla festa di Ferragosto. Presunto, almeno per il momento. \u00c8 partito con le deposizioni dei testi della Procura e della parte civile il processo a tre giovani calciatori veneti. Uno che adesso gioca tra i professionisti, dopo essere stato a Belluno, e due&hellip;<\/p>\n","protected":false},"author":4,"featured_media":62916,"comment_status":"closed","ping_status":"closed","sticky":false,"template":"","format":"standard","meta":{"_monsterinsights_skip_tracking":false,"_monsterinsights_sitenote_active":false,"_monsterinsights_sitenote_note":"","_monsterinsights_sitenote_category":0,"footnotes":""},"categories":[51,49],"tags":[],"class_list":["post-287052","post","type-post","status-publish","format-standard","has-post-thumbnail","hentry","category-evidenza-top","category-news-18","category-51","category-49","description-off"],"img_url":"https:\/\/www.radiopiu.net\/wordpress\/wp-content\/uploads\/2018\/10\/violenza.jpg","_links":{"self":[{"href":"https:\/\/www.radiopiu.net\/wordpress\/wp-json\/wp\/v2\/posts\/287052","targetHints":{"allow":["GET"]}}],"collection":[{"href":"https:\/\/www.radiopiu.net\/wordpress\/wp-json\/wp\/v2\/posts"}],"about":[{"href":"https:\/\/www.radiopiu.net\/wordpress\/wp-json\/wp\/v2\/types\/post"}],"author":[{"embeddable":true,"href":"https:\/\/www.radiopiu.net\/wordpress\/wp-json\/wp\/v2\/users\/4"}],"replies":[{"embeddable":true,"href":"https:\/\/www.radiopiu.net\/wordpress\/wp-json\/wp\/v2\/comments?post=287052"}],"version-history":[{"count":0,"href":"https:\/\/www.radiopiu.net\/wordpress\/wp-json\/wp\/v2\/posts\/287052\/revisions"}],"wp:featuredmedia":[{"embeddable":true,"href":"https:\/\/www.radiopiu.net\/wordpress\/wp-json\/wp\/v2\/media\/62916"}],"wp:attachment":[{"href":"https:\/\/www.radiopiu.net\/wordpress\/wp-json\/wp\/v2\/media?parent=287052"}],"wp:term":[{"taxonomy":"category","embeddable":true,"href":"https:\/\/www.radiopiu.net\/wordpress\/wp-json\/wp\/v2\/categories?post=287052"},{"taxonomy":"post_tag","embeddable":true,"href":"https:\/\/www.radiopiu.net\/wordpress\/wp-json\/wp\/v2\/tags?post=287052"}],"curies":[{"name":"wp","href":"https:\/\/api.w.org\/{rel}","templated":true}]}}