{"id":287106,"date":"2022-07-15T05:32:26","date_gmt":"2022-07-15T03:32:26","guid":{"rendered":"https:\/\/www.radiopiu.net\/wordpress\/?p=287106"},"modified":"2022-07-15T05:53:13","modified_gmt":"2022-07-15T03:53:13","slug":"dillo-a-radio-piu-quelle-fastidiose-perdite-non-in-tempi-di-siccita-da-un-anno","status":"publish","type":"post","link":"https:\/\/www.radiopiu.net\/wordpress\/dillo-a-radio-piu-quelle-fastidiose-perdite-non-in-tempi-di-siccita-da-un-anno\/","title":{"rendered":"DILLO A RADIO PIU&#8217;&#8230; QUELLE FASTIDIOSE PERDITE NON IN TEMPI DI SICCITA&#8217;, DA UN ANNO."},"content":{"rendered":"<p><strong><a class=\"dt-pswp-item\" href=\"https:\/\/www.radiopiu.net\/wordpress\/wp-content\/uploads\/2022\/07\/c1a159c0-bb1f-4850-9fd8-b664467e14d7.jpg\" data-dt-img-description=\"\" data-large_image_width=\"1536\" data-large_image_height=\"2048\"><img loading=\"lazy\" decoding=\"async\" class=\"wp-image-287109 size-medium alignleft\" src=\"https:\/\/www.radiopiu.net\/wordpress\/wp-content\/uploads\/2022\/07\/c1a159c0-bb1f-4850-9fd8-b664467e14d7-225x300.jpg\" alt=\"\" width=\"225\" height=\"300\" srcset=\"https:\/\/www.radiopiu.net\/wordpress\/wp-content\/uploads\/2022\/07\/c1a159c0-bb1f-4850-9fd8-b664467e14d7-225x300.jpg 225w, https:\/\/www.radiopiu.net\/wordpress\/wp-content\/uploads\/2022\/07\/c1a159c0-bb1f-4850-9fd8-b664467e14d7-768x1024.jpg 768w, https:\/\/www.radiopiu.net\/wordpress\/wp-content\/uploads\/2022\/07\/c1a159c0-bb1f-4850-9fd8-b664467e14d7-1152x1536.jpg 1152w, https:\/\/www.radiopiu.net\/wordpress\/wp-content\/uploads\/2022\/07\/c1a159c0-bb1f-4850-9fd8-b664467e14d7.jpg 1536w\" sizes=\"auto, (max-width: 225px) 100vw, 225px\" \/><\/a>REDAZIONE<\/strong> E&#8217; recente l&#8217;ordinanza del Comune di Agordo sulla limitazione del consumo d&#8217;acqua. Altrettanto quanto segnalato da una nostra ascoltatrice da Crostolin di Agordo (strada per La Valle Agrodina) dove da tempo la perdita d&#8217;acqua \u00e8 evidente.<\/p>\n<p>Riceviamo e pubblichiamo.<\/p>\n<blockquote><p><em>L&#8217;uso razionale dell&#8217;acqua deve essere un dovere di ogni buon cittadino, ancora di pi\u00f9 nei momenti di siccit\u00e0. Le autorit\u00e0 per\u00f2, prima di imporre divieti e sanzioni per chi annaffia l&#8217;orto, dovrebbero valutare con attenzione le migliaia di litri d&#8217;acqua che vengono sprecate per incuria nella manutenzione dell&#8217;acquedotto. Nella foto una perdita che va avanti da almeno un anno. <\/em><\/p>\n<p><em>Una cittadina<\/em><\/p><\/blockquote>\n<p>&nbsp;<\/p>\n<p>&nbsp;<\/p>\n<p>&nbsp;<\/p>\n<p>&nbsp;<\/p>\n<p>&nbsp;<\/p>\n<p>&nbsp;<\/p>\n<hr \/>\n<p>..<\/p>\n","protected":false},"excerpt":{"rendered":"<p>REDAZIONE E&#8217; recente l&#8217;ordinanza del Comune di Agordo sulla limitazione del consumo d&#8217;acqua. Altrettanto quanto segnalato da una nostra ascoltatrice da Crostolin di Agordo (strada per La Valle Agrodina) dove da tempo la perdita d&#8217;acqua \u00e8 evidente. Riceviamo e pubblichiamo. L&#8217;uso razionale dell&#8217;acqua deve essere un dovere di ogni buon cittadino, ancora di pi\u00f9 nei&hellip;<\/p>\n","protected":false},"author":4,"featured_media":287105,"comment_status":"closed","ping_status":"closed","sticky":false,"template":"","format":"standard","meta":{"_monsterinsights_skip_tracking":false,"_monsterinsights_sitenote_active":false,"_monsterinsights_sitenote_note":"","_monsterinsights_sitenote_category":0,"footnotes":""},"categories":[51,49],"tags":[],"class_list":["post-287106","post","type-post","status-publish","format-standard","has-post-thumbnail","hentry","category-evidenza-top","category-news-18","category-51","category-49","description-off"],"img_url":"https:\/\/www.radiopiu.net\/wordpress\/wp-content\/uploads\/2022\/07\/tomb.jpg","_links":{"self":[{"href":"https:\/\/www.radiopiu.net\/wordpress\/wp-json\/wp\/v2\/posts\/287106","targetHints":{"allow":["GET"]}}],"collection":[{"href":"https:\/\/www.radiopiu.net\/wordpress\/wp-json\/wp\/v2\/posts"}],"about":[{"href":"https:\/\/www.radiopiu.net\/wordpress\/wp-json\/wp\/v2\/types\/post"}],"author":[{"embeddable":true,"href":"https:\/\/www.radiopiu.net\/wordpress\/wp-json\/wp\/v2\/users\/4"}],"replies":[{"embeddable":true,"href":"https:\/\/www.radiopiu.net\/wordpress\/wp-json\/wp\/v2\/comments?post=287106"}],"version-history":[{"count":0,"href":"https:\/\/www.radiopiu.net\/wordpress\/wp-json\/wp\/v2\/posts\/287106\/revisions"}],"wp:featuredmedia":[{"embeddable":true,"href":"https:\/\/www.radiopiu.net\/wordpress\/wp-json\/wp\/v2\/media\/287105"}],"wp:attachment":[{"href":"https:\/\/www.radiopiu.net\/wordpress\/wp-json\/wp\/v2\/media?parent=287106"}],"wp:term":[{"taxonomy":"category","embeddable":true,"href":"https:\/\/www.radiopiu.net\/wordpress\/wp-json\/wp\/v2\/categories?post=287106"},{"taxonomy":"post_tag","embeddable":true,"href":"https:\/\/www.radiopiu.net\/wordpress\/wp-json\/wp\/v2\/tags?post=287106"}],"curies":[{"name":"wp","href":"https:\/\/api.w.org\/{rel}","templated":true}]}}