{"id":287111,"date":"2022-07-15T05:35:29","date_gmt":"2022-07-15T03:35:29","guid":{"rendered":"https:\/\/www.radiopiu.net\/wordpress\/?p=287111"},"modified":"2022-07-15T05:43:00","modified_gmt":"2022-07-15T03:43:00","slug":"furto-dei-teli-del-tendone-a-boscoverde","status":"publish","type":"post","link":"https:\/\/www.radiopiu.net\/wordpress\/furto-dei-teli-del-tendone-a-boscoverde\/","title":{"rendered":"FURTO DEI TELI DEL TENDONE A BOSCOVERDE"},"content":{"rendered":"<p><strong>ROCCA PIETORE<\/strong> Il tendone per le feste acquistato dal Comune di Rocca Pietore successivamente ai giorni di Vaia e che gi\u00e0 ha ospitato eventi importanti per un po&#8217; non potr\u00e0 essere usato per il suo scopo mancando quattro teli di copertura. Sono stati rubati dal deposito in localit\u00e0 Boscoverde, era collocato sotto alla tettoia degli alpini. Il danno supera i 5000 euro. <em>&#8220;Ho gi\u00e0 provveduto &#8211; dice il sindaco Andrea De Bernardin &#8211; a denunciare il furto sia ai Carabinieri della stazione di Caprile che all&#8217;assicurazione&#8221;<\/em><\/p>\n<p><a class=\"dt-pswp-item\" href=\"https:\/\/www.radiopiu.net\/wordpress\/wp-content\/uploads\/2022\/07\/293056572_10158227236822100_6916622767032270091_n.jpg\" data-dt-img-description=\"\" data-large_image_width=\"2048\" data-large_image_height=\"1536\"><img loading=\"lazy\" decoding=\"async\" class=\"alignnone wp-image-287114 \" src=\"https:\/\/www.radiopiu.net\/wordpress\/wp-content\/uploads\/2022\/07\/293056572_10158227236822100_6916622767032270091_n-300x225.jpg\" alt=\"\" width=\"215\" height=\"161\" srcset=\"https:\/\/www.radiopiu.net\/wordpress\/wp-content\/uploads\/2022\/07\/293056572_10158227236822100_6916622767032270091_n-300x225.jpg 300w, https:\/\/www.radiopiu.net\/wordpress\/wp-content\/uploads\/2022\/07\/293056572_10158227236822100_6916622767032270091_n-1024x768.jpg 1024w, https:\/\/www.radiopiu.net\/wordpress\/wp-content\/uploads\/2022\/07\/293056572_10158227236822100_6916622767032270091_n-768x576.jpg 768w, https:\/\/www.radiopiu.net\/wordpress\/wp-content\/uploads\/2022\/07\/293056572_10158227236822100_6916622767032270091_n-1536x1152.jpg 1536w, https:\/\/www.radiopiu.net\/wordpress\/wp-content\/uploads\/2022\/07\/293056572_10158227236822100_6916622767032270091_n.jpg 2048w\" sizes=\"auto, (max-width: 215px) 100vw, 215px\" \/><\/a><\/p>\n<p>&nbsp;<\/p>\n<p>&nbsp;<\/p>\n<hr \/>\n<p>&nbsp;<\/p>\n","protected":false},"excerpt":{"rendered":"<p>ROCCA PIETORE Il tendone per le feste acquistato dal Comune di Rocca Pietore successivamente ai giorni di Vaia e che gi\u00e0 ha ospitato eventi importanti per un po&#8217; non potr\u00e0 essere usato per il suo scopo mancando quattro teli di copertura. Sono stati rubati dal deposito in localit\u00e0 Boscoverde, era collocato sotto alla tettoia degli&hellip;<\/p>\n","protected":false},"author":4,"featured_media":287114,"comment_status":"closed","ping_status":"closed","sticky":false,"template":"","format":"standard","meta":{"_monsterinsights_skip_tracking":false,"_monsterinsights_sitenote_active":false,"_monsterinsights_sitenote_note":"","_monsterinsights_sitenote_category":0,"footnotes":""},"categories":[51,49],"tags":[],"class_list":["post-287111","post","type-post","status-publish","format-standard","has-post-thumbnail","hentry","category-evidenza-top","category-news-18","category-51","category-49","description-off"],"img_url":"https:\/\/www.radiopiu.net\/wordpress\/wp-content\/uploads\/2022\/07\/293056572_10158227236822100_6916622767032270091_n.jpg","_links":{"self":[{"href":"https:\/\/www.radiopiu.net\/wordpress\/wp-json\/wp\/v2\/posts\/287111","targetHints":{"allow":["GET"]}}],"collection":[{"href":"https:\/\/www.radiopiu.net\/wordpress\/wp-json\/wp\/v2\/posts"}],"about":[{"href":"https:\/\/www.radiopiu.net\/wordpress\/wp-json\/wp\/v2\/types\/post"}],"author":[{"embeddable":true,"href":"https:\/\/www.radiopiu.net\/wordpress\/wp-json\/wp\/v2\/users\/4"}],"replies":[{"embeddable":true,"href":"https:\/\/www.radiopiu.net\/wordpress\/wp-json\/wp\/v2\/comments?post=287111"}],"version-history":[{"count":0,"href":"https:\/\/www.radiopiu.net\/wordpress\/wp-json\/wp\/v2\/posts\/287111\/revisions"}],"wp:featuredmedia":[{"embeddable":true,"href":"https:\/\/www.radiopiu.net\/wordpress\/wp-json\/wp\/v2\/media\/287114"}],"wp:attachment":[{"href":"https:\/\/www.radiopiu.net\/wordpress\/wp-json\/wp\/v2\/media?parent=287111"}],"wp:term":[{"taxonomy":"category","embeddable":true,"href":"https:\/\/www.radiopiu.net\/wordpress\/wp-json\/wp\/v2\/categories?post=287111"},{"taxonomy":"post_tag","embeddable":true,"href":"https:\/\/www.radiopiu.net\/wordpress\/wp-json\/wp\/v2\/tags?post=287111"}],"curies":[{"name":"wp","href":"https:\/\/api.w.org\/{rel}","templated":true}]}}