{"id":287126,"date":"2022-07-15T05:28:08","date_gmt":"2022-07-15T03:28:08","guid":{"rendered":"https:\/\/www.radiopiu.net\/wordpress\/?p=287126"},"modified":"2022-07-15T05:53:56","modified_gmt":"2022-07-15T03:53:56","slug":"due-storie-la-faesite-di-longarone-ed-il-cementificio-di-castellavazzo","status":"publish","type":"post","link":"https:\/\/www.radiopiu.net\/wordpress\/due-storie-la-faesite-di-longarone-ed-il-cementificio-di-castellavazzo\/","title":{"rendered":"DUE STORIE. LA FAESITE DI LONGARONE ED IL CEMENTIFICIO DI CASTELLAVAZZO"},"content":{"rendered":"<p><strong>DI RENATO BONA<\/strong><\/p>\n<p>&nbsp;<\/p>\n<p>Una cartolina ed una foto anni \u201850 dedicate anche alle Segherie De Mas di Rivalta Eccoci alla seconda \u201cincursione\u201d nel libro curato dall\u2019amica Elda Deon Cardin fra l\u2019altro appassionata collezionista di vecchie cartoline), nel novembre 2008 con la Grafiche Longaronesi ed il patrocinio del Comune di Longarone: \u201cIl lavoro nelle Valli del Piave e del Vajont prima del 9 ottobre 1963\u201d (data tragica della catastrofe che provoc\u00f2 duemila vittime e devastazioni a Longarone e nei paesi vicini). \u201cAccompagnati\u201d dal \u201ccontributo\u201d di Agostino Sacchet ci soffermiamo dapprima su \u201cLa Faesite di Longarone\u201da proposito della quale leggiamo: \u201cLa Faesite era (\u00e8 brutto usare l\u2019imperfetto, quando avrebbe potuto essere ancora in funzione) uno stabilimento che produceva pannelli in fibra di legno con lo stesso nome\u201d. Sorse a Fa\u00e8 di Longarone ad iniziativa di Giovanni Battista Osvaldo Protti e dal paese ha preso il nome. Era una delle varie attivit\u00e0 industriali opera dell\u2019imprenditore nato proprio a Longarone il 14 ottobre 1879, figlio di Gustavo che a sua volta aveva fondato nel 1900 il cartonificio Protti nella localit\u00e0 Vajont. Si ricorda quindi che a Fa\u00e8, G.B. Osvaldo aveva dato vita anche ad una moderna azienda agricola per l\u2019allevamento di vacche da latte e in provincia di Rovigo aveva fondato uno zuccherificio oltre ad aver bonificato la tenuta di 800 metri in quel di San Nicol\u00f2. Detto di altre iniziative anche fuori dai confini nazionali dell\u2019imprenditore illuminato, non va trascurato che il nostro cre\u00f2 la Societ\u00e0 Faesite spa che produsse il primo pannello il 39 novembre 1936 con il Duce che intervenne all\u2019inaugurazione, cerimonia per la quale ad ogni operaio venne \u201cprestata\u201d una tuta da lavoro nuova (poi ritirata\u2026). Faesite occupava fino a 250 persone e risultava il pi\u00f9 grande stabilimento del comprensorio longaronese. In sintesi il ciclo di lavorazione: il legno veniva macinato quindi \u201csfibrato\u201d, ricomposto e poi pressato ed asciugato, col prodotto finale rappresentato da un pannello di spessore variabile, molto flessibile e alo stesso tempo decisamente resistente, che fu commercializzato anche all\u2019estero ed utilizzato per pareti, pavimenti, soffitti, carrozzerie. Mobili, carpenteria edilizia. Protti, che aveva ricoperto la carica di sindaco di Longarone e di deputato, mor\u00ec nella villa di Fa\u00e8 la notte tragica del Vajont. Agostino Sacchet cos\u00ec conclude: \u201cCon la fine della Faesite Longarone ha perso molti posti di lavoro e un prodotto di qualit\u00e0 che portava, in Italia e all\u2019estero, il nome di un suo paese. Faesite rimane il nome di un prodotto, inserito nel vocabolario della lingua italiana, realizzato in altri stabilimenti, che per\u00f2 non ha pi\u00f9 alcun collegamento con Longarone\u201d. Proseguiamo con il Cementificio di Castellavazzo che fu fondato nel 1912 dalla Societ\u00e0 Calce Bellunese convinta ad intervenire &#8211; come attesta una testimonianza di Roberto Polla di Codissago &#8211; data \u201cla vicinanza alle cave di marna e di calcare (in particolare quelle di Ceppe, in Colle e Pascoli, tutte sopra Codissago) e la presenza di teleferiche che facilitavano il trasporto della materia prima. Negli anni \u201840 subentr\u00f2 la Marchino &amp; C. di Casale Monferrato (AL) che ampli\u00f2 lo stabilimento e, in seguito alla richiesta di cemento per la costruzione di dighe nel Bellunese (Val Gallina, Sottocastello, Vajont, Treponti, Pontesei) negli anni \u201850 increment\u00f2 la produzione, cos\u00ec che nel 1954 gli operai erano 276 e all\u2019interno dell\u2019azienda erano previsti uno spaccio alimentare, la mensa e persino un servizio di consulenza sociale. Ma\u2026 In presenza di spazi ristretti fu necessario realizzare forni verticali peraltro meno produttivi e competitivi di quelli orizzontali e questa fu la principale causa di una crisi culminata nel 1966 con la chiusura dello stabilimento, avvenuta il 18 marzo. E concludiamo con una cartolina postale ed un\u2019immagine (collezione Gianni Olivier) che in qualche modo testimoniano dell\u2019attivit\u00e0 della \u201cAgostino De Mas &amp; Figlio\u201d industria e commercio legnami in quel di Longarone, con segherie a Rivalta, localit\u00e0 che, erano gli anni \u201850, documenta la notevole portata del fiume.<\/p>\n\n\t\t\t<style type='text\/css'>\n\t\t\t\t#gallery-1 {\n\t\t\t\t\tmargin: auto;\n\t\t\t\t}\n\t\t\t\t#gallery-1 .gallery-item {\n\t\t\t\t\tfloat: left;\n\t\t\t\t\tmargin-top: 10px;\n\t\t\t\t\ttext-align: center;\n\t\t\t\t\twidth: 25%;\n\t\t\t\t}\n\t\t\t\t#gallery-1 img {\n\t\t\t\t\tborder: 2px solid #cfcfcf;\n\t\t\t\t}\n\t\t\t\t#gallery-1 .gallery-caption {\n\t\t\t\t\tmargin-left: 0;\n\t\t\t\t}\n\t\t\t\t\/* see gallery_shortcode() in wp-includes\/media.php *\/\n\t\t\t<\/style>\n\t\t<div id='gallery-1' class='dt-gallery-container gallery galleryid-287126 gallery-columns-4 gallery-size-thumbnail'><dl class='gallery-item'>\n\t\t\t\t<dt class='gallery-icon landscape'>\n\t\t\t\t\t<a class=\"rollover rollover-zoom dt-pswp-item\" title=\"293251509_1481807762262610_535057981334042264_n\" data-dt-img-description=\"\" data-large_image_width=\"2048\" data-large_image_height=\"1177\"href='https:\/\/www.radiopiu.net\/wordpress\/wp-content\/uploads\/2022\/07\/293251509_1481807762262610_535057981334042264_n.jpg'><img loading=\"lazy\" decoding=\"async\" width=\"150\" height=\"150\" src=\"https:\/\/www.radiopiu.net\/wordpress\/wp-content\/uploads\/2022\/07\/293251509_1481807762262610_535057981334042264_n-150x150.jpg\" class=\"attachment-thumbnail size-thumbnail\" alt=\"\" \/><\/a>\n\t\t\t\t<\/dt><\/dl><dl class='gallery-item'>\n\t\t\t\t<dt class='gallery-icon landscape'>\n\t\t\t\t\t<a class=\"rollover rollover-zoom dt-pswp-item\" title=\"292686603_3462789990627097_5233607144378234473_n\" data-dt-img-description=\"\" data-large_image_width=\"2048\" data-large_image_height=\"1243\"href='https:\/\/www.radiopiu.net\/wordpress\/wp-content\/uploads\/2022\/07\/292686603_3462789990627097_5233607144378234473_n.jpg'><img loading=\"lazy\" decoding=\"async\" width=\"150\" height=\"150\" src=\"https:\/\/www.radiopiu.net\/wordpress\/wp-content\/uploads\/2022\/07\/292686603_3462789990627097_5233607144378234473_n-150x150.jpg\" class=\"attachment-thumbnail size-thumbnail\" alt=\"\" \/><\/a>\n\t\t\t\t<\/dt><\/dl><dl class='gallery-item'>\n\t\t\t\t<dt class='gallery-icon landscape'>\n\t\t\t\t\t<a class=\"rollover rollover-zoom dt-pswp-item\" title=\"292052923_3155519824706999_2132163490017315532_n\" data-dt-img-description=\"\" data-large_image_width=\"2048\" data-large_image_height=\"1416\"href='https:\/\/www.radiopiu.net\/wordpress\/wp-content\/uploads\/2022\/07\/292052923_3155519824706999_2132163490017315532_n.jpg'><img loading=\"lazy\" decoding=\"async\" width=\"150\" height=\"150\" src=\"https:\/\/www.radiopiu.net\/wordpress\/wp-content\/uploads\/2022\/07\/292052923_3155519824706999_2132163490017315532_n-150x150.jpg\" class=\"attachment-thumbnail size-thumbnail\" alt=\"\" \/><\/a>\n\t\t\t\t<\/dt><\/dl><dl class='gallery-item'>\n\t\t\t\t<dt class='gallery-icon portrait'>\n\t\t\t\t\t<a class=\"rollover rollover-zoom dt-pswp-item\" title=\"292997779_566590508451640_3581320097044088608_n\" data-dt-img-description=\"\" data-large_image_width=\"1268\" data-large_image_height=\"1782\"href='https:\/\/www.radiopiu.net\/wordpress\/wp-content\/uploads\/2022\/07\/292997779_566590508451640_3581320097044088608_n.jpg'><img loading=\"lazy\" decoding=\"async\" width=\"150\" height=\"150\" src=\"https:\/\/www.radiopiu.net\/wordpress\/wp-content\/uploads\/2022\/07\/292997779_566590508451640_3581320097044088608_n-150x150.jpg\" class=\"attachment-thumbnail size-thumbnail\" alt=\"\" \/><\/a>\n\t\t\t\t<\/dt><\/dl><br style=\"clear: both\" \/><dl class='gallery-item'>\n\t\t\t\t<dt class='gallery-icon landscape'>\n\t\t\t\t\t<a class=\"rollover rollover-zoom dt-pswp-item\" title=\"292424985_433370112136028_2710469003886844140_n\" data-dt-img-description=\"\" data-large_image_width=\"2048\" data-large_image_height=\"791\"href='https:\/\/www.radiopiu.net\/wordpress\/wp-content\/uploads\/2022\/07\/292424985_433370112136028_2710469003886844140_n.jpg'><img loading=\"lazy\" decoding=\"async\" width=\"150\" height=\"150\" src=\"https:\/\/www.radiopiu.net\/wordpress\/wp-content\/uploads\/2022\/07\/292424985_433370112136028_2710469003886844140_n-150x150.jpg\" class=\"attachment-thumbnail size-thumbnail\" alt=\"\" \/><\/a>\n\t\t\t\t<\/dt><\/dl><dl class='gallery-item'>\n\t\t\t\t<dt class='gallery-icon landscape'>\n\t\t\t\t\t<a class=\"rollover rollover-zoom dt-pswp-item\" title=\"292448094_5260723100690862_1344102376948345540_n\" data-dt-img-description=\"\" data-large_image_width=\"2048\" data-large_image_height=\"1355\"href='https:\/\/www.radiopiu.net\/wordpress\/wp-content\/uploads\/2022\/07\/292448094_5260723100690862_1344102376948345540_n.jpg'><img loading=\"lazy\" decoding=\"async\" width=\"150\" height=\"150\" src=\"https:\/\/www.radiopiu.net\/wordpress\/wp-content\/uploads\/2022\/07\/292448094_5260723100690862_1344102376948345540_n-150x150.jpg\" class=\"attachment-thumbnail size-thumbnail\" alt=\"\" \/><\/a>\n\t\t\t\t<\/dt><\/dl><dl class='gallery-item'>\n\t\t\t\t<dt class='gallery-icon landscape'>\n\t\t\t\t\t<a class=\"rollover rollover-zoom dt-pswp-item\" title=\"291779927_578790423642545_7932069589431118572_n\" data-dt-img-description=\"\" data-large_image_width=\"2048\" data-large_image_height=\"1433\"href='https:\/\/www.radiopiu.net\/wordpress\/wp-content\/uploads\/2022\/07\/291779927_578790423642545_7932069589431118572_n.jpg'><img loading=\"lazy\" decoding=\"async\" width=\"150\" height=\"150\" src=\"https:\/\/www.radiopiu.net\/wordpress\/wp-content\/uploads\/2022\/07\/291779927_578790423642545_7932069589431118572_n-150x150.jpg\" class=\"attachment-thumbnail size-thumbnail\" alt=\"\" \/><\/a>\n\t\t\t\t<\/dt><\/dl><dl class='gallery-item'>\n\t\t\t\t<dt class='gallery-icon portrait'>\n\t\t\t\t\t<a class=\"rollover rollover-zoom dt-pswp-item\" title=\"293198452_530281068881329_717919411500603854_n\" data-dt-img-description=\"\" data-large_image_width=\"1605\" data-large_image_height=\"2048\"href='https:\/\/www.radiopiu.net\/wordpress\/wp-content\/uploads\/2022\/07\/293198452_530281068881329_717919411500603854_n.jpg'><img loading=\"lazy\" decoding=\"async\" width=\"150\" height=\"150\" src=\"https:\/\/www.radiopiu.net\/wordpress\/wp-content\/uploads\/2022\/07\/293198452_530281068881329_717919411500603854_n-150x150.jpg\" class=\"attachment-thumbnail size-thumbnail\" alt=\"\" \/><\/a>\n\t\t\t\t<\/dt><\/dl><br style=\"clear: both\" \/>\n\t\t\t<\/div>\n\n<p>&nbsp;<\/p>\n<p>NELLE FOTO (riproduzioni dal libro \u201cIl lavoro nelle Valli del Piave e del Vajont prima del 9 ottobre 1963\u201d di Elda Deon Cardin): la zona di Fa\u00e8-Desedan con lo stabilimento della Faesite (foto Burloni, cartolina viaggiata 3 giugno 1941, collezione Simone Osta); carta intestata della S.A. Cementeria Marchino &amp; C., stabilimento di Castellavazzo (collezione Donatella De Vecchi); documento che attesta la possibilit\u00e0 di insediare un nuovo stabilimento nell\u2019area industriale di Longarone; buono per una minestra alla mensa aziendale della \u201cMarchino &amp; C.; Cementeria di Castellavazzo vista da est, anni \u201850 (collezione Carla Bettio); e l\u2019opificio visto da ovest, anni \u201860 (foto Ghedina, collezione Carla Bettio).<\/p>\n","protected":false},"excerpt":{"rendered":"<p>DI RENATO BONA &nbsp; Una cartolina ed una foto anni \u201850 dedicate anche alle Segherie De Mas di Rivalta Eccoci alla seconda \u201cincursione\u201d nel libro curato dall\u2019amica Elda Deon Cardin fra l\u2019altro appassionata collezionista di vecchie cartoline), nel novembre 2008 con la Grafiche Longaronesi ed il patrocinio del Comune di Longarone: \u201cIl lavoro nelle Valli&hellip;<\/p>\n","protected":false},"author":4,"featured_media":287127,"comment_status":"closed","ping_status":"closed","sticky":false,"template":"","format":"standard","meta":{"_monsterinsights_skip_tracking":false,"_monsterinsights_sitenote_active":false,"_monsterinsights_sitenote_note":"","_monsterinsights_sitenote_category":0,"footnotes":""},"categories":[104,49],"tags":[],"class_list":["post-287126","post","type-post","status-publish","format-standard","has-post-thumbnail","hentry","category-evidenza_3","category-news-18","category-104","category-49","description-off"],"img_url":"https:\/\/www.radiopiu.net\/wordpress\/wp-content\/uploads\/2022\/07\/293251509_1481807762262610_535057981334042264_n.jpg","_links":{"self":[{"href":"https:\/\/www.radiopiu.net\/wordpress\/wp-json\/wp\/v2\/posts\/287126","targetHints":{"allow":["GET"]}}],"collection":[{"href":"https:\/\/www.radiopiu.net\/wordpress\/wp-json\/wp\/v2\/posts"}],"about":[{"href":"https:\/\/www.radiopiu.net\/wordpress\/wp-json\/wp\/v2\/types\/post"}],"author":[{"embeddable":true,"href":"https:\/\/www.radiopiu.net\/wordpress\/wp-json\/wp\/v2\/users\/4"}],"replies":[{"embeddable":true,"href":"https:\/\/www.radiopiu.net\/wordpress\/wp-json\/wp\/v2\/comments?post=287126"}],"version-history":[{"count":0,"href":"https:\/\/www.radiopiu.net\/wordpress\/wp-json\/wp\/v2\/posts\/287126\/revisions"}],"wp:featuredmedia":[{"embeddable":true,"href":"https:\/\/www.radiopiu.net\/wordpress\/wp-json\/wp\/v2\/media\/287127"}],"wp:attachment":[{"href":"https:\/\/www.radiopiu.net\/wordpress\/wp-json\/wp\/v2\/media?parent=287126"}],"wp:term":[{"taxonomy":"category","embeddable":true,"href":"https:\/\/www.radiopiu.net\/wordpress\/wp-json\/wp\/v2\/categories?post=287126"},{"taxonomy":"post_tag","embeddable":true,"href":"https:\/\/www.radiopiu.net\/wordpress\/wp-json\/wp\/v2\/tags?post=287126"}],"curies":[{"name":"wp","href":"https:\/\/api.w.org\/{rel}","templated":true}]}}