{"id":287162,"date":"2022-07-15T05:30:20","date_gmt":"2022-07-15T03:30:20","guid":{"rendered":"https:\/\/www.radiopiu.net\/wordpress\/?p=287162"},"modified":"2022-07-15T05:46:41","modified_gmt":"2022-07-15T03:46:41","slug":"scalfari-si-del-vecchio-no-la-camera-dei-deputati-usa-due-pesi-diversi","status":"publish","type":"post","link":"https:\/\/www.radiopiu.net\/wordpress\/scalfari-si-del-vecchio-no-la-camera-dei-deputati-usa-due-pesi-diversi\/","title":{"rendered":"SCALFARI SI, DEL VECCHIO NO: LA CAMERA DEI DEPUTATI USA DUE PESI DIVERSI"},"content":{"rendered":"<p>&nbsp;<\/p>\n<p><strong><a class=\"dt-pswp-item\" href=\"https:\/\/www.radiopiu.net\/wordpress\/wp-content\/uploads\/2021\/02\/DARIO-BOND.jpg\" data-dt-img-description=\"\" data-large_image_width=\"1600\" data-large_image_height=\"737\"><img loading=\"lazy\" decoding=\"async\" class=\"size-thumbnail wp-image-191054 alignleft\" src=\"https:\/\/www.radiopiu.net\/wordpress\/wp-content\/uploads\/2021\/02\/DARIO-BOND-150x150.jpg\" alt=\"\" width=\"150\" height=\"150\" \/><\/a>REDAZIONE<\/strong> Riceviamo e rilanciamo lo sfogo di Dario Bond, Deputato alla Camera dei Deputati in Roma con Forza Italia.<\/p>\n<p>&nbsp;<\/p>\n<blockquote><p><em>\u201cLa Camera ricorda con commozione Eugenio Scalfari, ma si dimentica di Leonardo Del Vecchio. Questa la considerazione che le istituzioni hanno di una figura che ha scritto pagine importanti dell\u2019industria italiana\u201d. Cos\u00ec in una nota il deputato Dario Bond, in merito al ricordo di Scalfari tributato oggi a Montecitorio.<\/em><br \/>\n<em>\u201cRispetto massimo per chi non c\u2019\u00e8 pi\u00f9, ma la Camera non pu\u00f2 fare distinzioni, due pesi e due misure. Se Eugenio Scalfari \u00e8 ricordato per il suo ruolo da giornalista, Del Vecchio non pu\u00f2 non essere ricordato per il suo ruolo di imprenditore illuminato. Ha segnato la fine dell\u2019emigrazione bellunese e ideato un sistema di welfare aziendale che ha ricadute sui territori. Credo che una maggiore considerazione sarebbe stata doverosa\u201d.<\/em><\/p><\/blockquote>\n<p>&nbsp;<\/p>\n<hr \/>\n<p>&nbsp;<\/p>\n","protected":false},"excerpt":{"rendered":"<p>&nbsp; REDAZIONE Riceviamo e rilanciamo lo sfogo di Dario Bond, Deputato alla Camera dei Deputati in Roma con Forza Italia. &nbsp; \u201cLa Camera ricorda con commozione Eugenio Scalfari, ma si dimentica di Leonardo Del Vecchio. Questa la considerazione che le istituzioni hanno di una figura che ha scritto pagine importanti dell\u2019industria italiana\u201d. Cos\u00ec in una&hellip;<\/p>\n","protected":false},"author":4,"featured_media":287163,"comment_status":"closed","ping_status":"closed","sticky":false,"template":"","format":"standard","meta":{"_monsterinsights_skip_tracking":false,"_monsterinsights_sitenote_active":false,"_monsterinsights_sitenote_note":"","_monsterinsights_sitenote_category":0,"footnotes":""},"categories":[51,49],"tags":[],"class_list":["post-287162","post","type-post","status-publish","format-standard","has-post-thumbnail","hentry","category-evidenza-top","category-news-18","category-51","category-49","description-off"],"img_url":"https:\/\/www.radiopiu.net\/wordpress\/wp-content\/uploads\/2022\/07\/th-9.jpg","_links":{"self":[{"href":"https:\/\/www.radiopiu.net\/wordpress\/wp-json\/wp\/v2\/posts\/287162","targetHints":{"allow":["GET"]}}],"collection":[{"href":"https:\/\/www.radiopiu.net\/wordpress\/wp-json\/wp\/v2\/posts"}],"about":[{"href":"https:\/\/www.radiopiu.net\/wordpress\/wp-json\/wp\/v2\/types\/post"}],"author":[{"embeddable":true,"href":"https:\/\/www.radiopiu.net\/wordpress\/wp-json\/wp\/v2\/users\/4"}],"replies":[{"embeddable":true,"href":"https:\/\/www.radiopiu.net\/wordpress\/wp-json\/wp\/v2\/comments?post=287162"}],"version-history":[{"count":0,"href":"https:\/\/www.radiopiu.net\/wordpress\/wp-json\/wp\/v2\/posts\/287162\/revisions"}],"wp:featuredmedia":[{"embeddable":true,"href":"https:\/\/www.radiopiu.net\/wordpress\/wp-json\/wp\/v2\/media\/287163"}],"wp:attachment":[{"href":"https:\/\/www.radiopiu.net\/wordpress\/wp-json\/wp\/v2\/media?parent=287162"}],"wp:term":[{"taxonomy":"category","embeddable":true,"href":"https:\/\/www.radiopiu.net\/wordpress\/wp-json\/wp\/v2\/categories?post=287162"},{"taxonomy":"post_tag","embeddable":true,"href":"https:\/\/www.radiopiu.net\/wordpress\/wp-json\/wp\/v2\/tags?post=287162"}],"curies":[{"name":"wp","href":"https:\/\/api.w.org\/{rel}","templated":true}]}}