{"id":287181,"date":"2022-07-16T05:35:05","date_gmt":"2022-07-16T03:35:05","guid":{"rendered":"https:\/\/www.radiopiu.net\/wordpress\/?p=287181"},"modified":"2022-07-16T10:13:00","modified_gmt":"2022-07-16T08:13:00","slug":"giornale-radiopiu-16-luglio-2022-direttore-mirko-mezzacasa","status":"publish","type":"post","link":"https:\/\/www.radiopiu.net\/wordpress\/giornale-radiopiu-16-luglio-2022-direttore-mirko-mezzacasa\/","title":{"rendered":"GIORNALE RADIOPIU 16 LUGLIO 2022 DIRETTORE MIRKO MEZZACASA"},"content":{"rendered":"<h3 class=\"kvgmc6g5 cxmmr5t8 oygrvhab hcukyx3x c1et5uql\"><span style=\"color: #0000ff;\"><strong>RADIO PIU INFORMAZIONE il canale su TELEGRAM informazione di prima\u00a0 <\/strong><\/span><span style=\"color: #0000ff;\"><strong>mano e in tempo reale. iscriviti ed aiutaci a farlo conoscere\u00a0\u00a0<\/strong><\/span><\/h3>\n<p>&nbsp;<\/p>\n<hr \/>\n<p>&nbsp;<\/p>\n<p>&nbsp;<\/p>\n<blockquote>\n<h3><strong>PUNTO TAMPONI STRAORDINARIO DOMENICA A PALUDI\u00a0\u00a0<\/strong><\/h3>\n<\/blockquote>\n<p><span style=\"color: #ff0000;\">Domani dalle 8.30 alle 12.30 punto tamponi straordinario a Paludi, ad accesso libero. Sar\u00e0 presente un medico per il triage d&#8217;ingresso.<\/span><\/p>\n<p>&nbsp;<\/p>\n<blockquote>\n<h3>LUNEDI DISAGI IDRICI AD AGORDO PER LAVORI<\/h3>\n<\/blockquote>\n<p><strong>LUNEDI DALLE 8 A FINE LAVORI VERRA&#8217; SOSPESA L&#8217;EROGAZIONE D&#8217;ACQUA AD AGORDO IN VIA INSURREZIONE E SOMMARIVA\u00a0\u00a0<\/strong><\/p>\n<p>&nbsp;<\/p>\n<p>&nbsp;<\/p>\n<hr \/>\n<p>&nbsp;<\/p>\n<blockquote>\n<h1>NUBIFRAGIO IN RIVA AL LAGO E IL TORRENTE IN STRADA<\/h1>\n<\/blockquote>\n<p><strong><img decoding=\"async\" src=\"https:\/\/www.radiopiu.net\/wordpress\/wp-content\/uploads\/2022\/07\/14fd850b-ff4d-4478-bcea-5116fedd18e8.jpg\" \/><img loading=\"lazy\" decoding=\"async\" class=\"alignright\" src=\"https:\/\/www.radiopiu.net\/wordpress\/wp-content\/uploads\/2022\/07\/9c665916-719b-4265-905d-1532fc311299.jpg\" width=\"181\" height=\"136\" \/>ALLEGHE<\/strong> Un ru di sicuro ma tutt&#8217;altro che sech, tradotto un torrente di montagna ma tutt&#8217;altro che in secca. Infatti a Rusech \u00e8 tracimato il torrente omonimo che scende dal Civetta, acqua, fango, sassi, hanno riempito il piazzale della sede delle Croce Verde e la confinante regionale 203 agordina. Erano le 19 quando si \u00e8 scatenato il temporale con tanta pioggia e grandine, ne sanno qualche cosa coloro che raccolgono i fiori dai marciapiedi e che fino a qualche ora fa erano in bella mostra sui balconi. I vigili del fuoco sono intervenuti immediatamente evitando il blocco totale del traffico. I mezzi sono transitati comunque a senso unico alternato mentre mezzi meccanici e pompieri hanno provveduto alla messa in sicurezza della strada<\/p>\n<p><strong>Il sindaco di Alleghe, Danilo De Toni:<\/strong> <em>&#8220;Non siamo mai tranquilli, \u00e8 stata una bomba d&#8217;acqua con grandine concentrata sul paese,\u00a0 gi\u00e0 a Caprile l&#8217;acqua del torrente Fiorentina\u00a0 era limpida a conferma che da li&#8217; in su non ha piovuto, non come tra Masar\u00e8 di Alleghe e Santa Maria delle Grazie. Oltre all&#8217;allagamento stradale a\u00a0 Rusech ci sono stati danni anche sulla via Coldai, uno scarico andato in pressione ha rigurgitato all&#8217;interno di un appartamento. E&#8217; in corso la conta dei danni anche con riferimento all&#8217;impianto elettrico. La donna ha trovato accoglienza nel vicino albergo&#8221;.<\/em><\/p>\n<div style=\"width: 848px;\" class=\"wp-video\"><video class=\"wp-video-shortcode\" id=\"video-287181-1\" width=\"848\" height=\"480\" preload=\"metadata\" controls=\"controls\"><source type=\"video\/mp4\" src=\"https:\/\/www.radiopiu.net\/wordpress\/wp-content\/uploads\/2022\/07\/WhatsApp-Video-2022-07-15-at-21.01.18.mp4?_=1\" \/><a href=\"https:\/\/www.radiopiu.net\/wordpress\/wp-content\/uploads\/2022\/07\/WhatsApp-Video-2022-07-15-at-21.01.18.mp4\">https:\/\/www.radiopiu.net\/wordpress\/wp-content\/uploads\/2022\/07\/WhatsApp-Video-2022-07-15-at-21.01.18.mp4<\/a><\/video><\/div>\n<p>&nbsp;<\/p>\n<p>&nbsp;<\/p>\n<div dir=\"auto\">\n<p>&nbsp;<\/p>\n<hr \/>\n<p>&nbsp;<\/p>\n<blockquote>\n<h3>QUELLI DELLA RISSA IN CENTRO A BELLUNO, PERSONE CONOSCIUTE DALLA QUESTURA<\/h3>\n<\/blockquote>\n<p><strong><img loading=\"lazy\" decoding=\"async\" class=\"alignleft\" src=\"https:\/\/www.radiopiu.net\/wordpress\/wp-content\/uploads\/2022\/07\/sss-3.jpg\" width=\"161\" height=\"121\" \/>BELLUNO<\/strong> Due\u00a0 volti noti\u00a0 nella rissa di gioved\u00ec sera.\u00a0 La polizia infatti\u00a0 ha identificato tutti coloro che hanno partecipato alla bagarre in piazza dei Martiri e acquisito un video, che documenta con chiarezza quello che \u00e8 successo davanti agli occhi di famiglie con bambini. Gli autori dello &#8220;spettacolo&#8221; hanno origini maghrebine o, comunque, africane e ultimamente si accompagnano con dei cani di razza rottweiler. Le indagini sono in corso e gli investigatori lavorano per fare chiarezza\u00a0 sul reato<\/p>\n<blockquote><p><span style=\"color: #ff0000;\"><strong>foto CORRIERE DELLE ALPI<\/strong><\/span><\/p>\n<p>&nbsp;<\/p><\/blockquote>\n<p><strong>DAL GIORNALE RADIO DI IERI<\/strong><\/p>\n<blockquote><p><em><img loading=\"lazy\" decoding=\"async\" class=\"alignleft\" src=\"https:\/\/www.radiopiu.net\/wordpress\/wp-content\/uploads\/2021\/11\/QUESTURA-BELLUNO.png\" width=\"148\" height=\"107\" \/>All&#8217;ora dell&#8217;aperitivo: rissa tra una decina di persone, paura anche per i cani di grossa taglia<\/em><\/p><\/blockquote>\n<p><strong>BELLUNO<\/strong> Incredibile rissa alle 20 della sera in pieno centro sul list\u00f2n. Tutti i protagonisti sono stati identificati dagli agenti della volante della Polizia: uno \u00e8 stato caricato sull&#8217;ambulanza e trasportato al Pronto soccorso per tutti gli accertamenti del caso e un altro ha seguito i poliziotti in questura. Le due &#8220;bande&#8221;, una decina di persone si sono scontrate all&#8217;ora dell&#8217;aperitivo.\u00a0 Una situazione\u00a0 degenerata tra calci e pugni, soprattutto tra due ragazzi di origine maghrebina e un terzo cittadino africano. Ma anche altre persone sono rimaste coinvolte<\/p>\n<p>&nbsp;<\/p>\n<p>&nbsp;<\/p>\n<hr \/>\n<p>&nbsp;<\/p>\n<blockquote>\n<h3>MANIFESTAZIONI E SICUREZZA, IL PREFETTO SAVASTANO &#8220;UN RISPETTO RIGOROSO DELLE NORME DI SICUREZZA&#8221;<\/h3>\n<p>&nbsp;<\/p>\n<p><img loading=\"lazy\" decoding=\"async\" class=\"alignleft\" src=\"https:\/\/www.radiopiu.net\/wordpress\/wp-content\/uploads\/2021\/06\/68d028ad-2468-42a2-a92d-95fbdaa97527.jpg\" width=\"195\" height=\"146\" \/><strong>BELLUNO\u00a0<\/strong><br \/>\n<strong>DI MORENO GIOLI<\/strong><\/p>\n<audio class=\"wp-audio-shortcode\" id=\"audio-287181-1\" preload=\"none\" style=\"width: 100%;\" controls=\"controls\"><source type=\"audio\/mpeg\" src=\"https:\/\/www.radiopiu.net\/wordpress\/wp-content\/uploads\/2022\/07\/moreno-2.mp3?_=1\" \/><a href=\"https:\/\/www.radiopiu.net\/wordpress\/wp-content\/uploads\/2022\/07\/moreno-2.mp3\">https:\/\/www.radiopiu.net\/wordpress\/wp-content\/uploads\/2022\/07\/moreno-2.mp3<\/a><\/audio>\n<p>&nbsp;<\/p>\n<p>&nbsp;<\/p><\/blockquote>\n<h3>IL PREFETTO DI BELLUNO MARIANO SAVASTANO<\/h3>\n<p><strong>BELLUNO<\/strong> Manifestazioni in arrivo, dalla Prefettura l&#8217;invito alla prudenza ed alla cautela come ricorda il Prefetto Mariano Savastano.<\/p>\n<div style=\"width: 352px;\" class=\"wp-video\"><video class=\"wp-video-shortcode\" id=\"video-287181-2\" width=\"352\" height=\"640\" preload=\"metadata\" controls=\"controls\"><source type=\"video\/mp4\" src=\"https:\/\/www.radiopiu.net\/wordpress\/wp-content\/uploads\/2022\/07\/WhatsApp-Video-2022-07-15-at-17.21.10.mp4?_=2\" \/><a href=\"https:\/\/www.radiopiu.net\/wordpress\/wp-content\/uploads\/2022\/07\/WhatsApp-Video-2022-07-15-at-17.21.10.mp4\">https:\/\/www.radiopiu.net\/wordpress\/wp-content\/uploads\/2022\/07\/WhatsApp-Video-2022-07-15-at-17.21.10.mp4<\/a><\/video><\/div>\n<p>&nbsp;<\/p>\n<p>&nbsp;<\/p>\n<hr \/>\n<p>&nbsp;<\/p>\n<blockquote>\n<h3>TRAUMI ALLE GAMBE AL VANDELLI E AL CITTA&#8217; DI CARPI<\/h3>\n<\/blockquote>\n<p><strong><img loading=\"lazy\" decoding=\"async\" class=\"alignleft\" src=\"https:\/\/www.radiopiu.net\/wordpress\/wp-content\/uploads\/2018\/06\/Rifugio_Vandelli.jpg\" width=\"147\" height=\"110\" \/>CORTINA<\/strong>\u00a0 Due gli interventi del Soccorso Alpino. L&#8217;elicottero di Dolomiti Emergency \u00e8 volato al Rifugio Vandelli, per un escursionista scivolato non distante dall&#8217;edificio e che ha riportato un\u00a0 trauma alla gamba.\u00a0 R.M., 54 anni, di Fiorano al Serio (BG), \u00e8 stato caricato a bordo e trasportato all&#8217;ospedale di Cortina.<\/p>\n<div dir=\"auto\"><strong>AURONZO<\/strong> Una squadra del Soccorso alpino della Guardia di finanza di Auronzo ha raggiunto un turista tedesco al Rifugio Citt\u00e0 di Carpi, in quanto lamentava un dolore al ginocchio, che gli impediva di proseguire la camminata autonomamente. I soccorritori hanno quindi accompagnato il 40enne fino al rendez vous con l&#8217;ambulanza, diretta all&#8217;ospedale per le opportune verifiche.<\/div>\n<div dir=\"auto\"><\/div>\n<div dir=\"auto\"><\/div>\n<div dir=\"auto\">\n<hr \/>\n<\/div>\n<div dir=\"auto\"><\/div>\n<div dir=\"auto\">\n<div dir=\"auto\">\n<p>&nbsp;<\/p>\n<\/div>\n<\/div>\n<div dir=\"auto\"><\/div>\n<div dir=\"auto\"><\/div>\n<div dir=\"auto\">\n<hr \/>\n<\/div>\n<blockquote>\n<h3 dir=\"auto\"><\/h3>\n<h3 dir=\"auto\"><\/h3>\n<h3 dir=\"auto\">IL LUTTO<\/h3>\n<h3><a class=\"dt-pswp-item\" href=\"https:\/\/www.radiopiu.net\/wordpress\/wp-content\/uploads\/2022\/07\/aaa-3.jpg\" data-dt-img-description=\"\" data-large_image_width=\"140\" data-large_image_height=\"149\"><img loading=\"lazy\" decoding=\"async\" class=\"size-full wp-image-287375 alignleft\" src=\"https:\/\/www.radiopiu.net\/wordpress\/wp-content\/uploads\/2022\/07\/aaa-3.jpg\" alt=\"\" width=\"140\" height=\"149\" \/><\/a>E&#8217; MORTO ANTONIO PADOVAN, GIA&#8217; SINDACO E PRESIDENTE DELL&#8217;ULSS FELTRINA<\/h3>\n<\/blockquote>\n<div dir=\"auto\">\n<p><strong>FELTRE<\/strong> E&#8217; morto a 93 anni, Antonio Padovan, gi\u00e0 presidente dell&#8217;Ulss 4 di Feltre, storico sindaco di\u00a0 Arsi\u00e8 e\u00a0 consigliere comunale di minoranza fino al 1997. Uomo di\u00a0 grande competenza amministrativa. Sotto la sua presidenza al Santa Maria del Prato si avviarono definitivamente lo sblocco dei lavori del corpo centrale dell&#8217;ospedale, fermi da decenni, e i primi inserimenti di divisioni e servizi.\u00a0 Antonio Padovan rimasto vedovo da qualche anno lascia il figlio Andrea. Le esequie avranno luogo luned\u00ec alle 14.30 nel duomo di Belluno da dove si proseguir\u00e0 per il cimitero di Arsi\u00e8 dove sar\u00e0 tumulato.<\/p>\n<\/div>\n<p>&nbsp;<\/p>\n<p><em>L\u2019ulss Dolomiti si unisce al dolore della famiglia e porge le pi\u00f9 sentite condoglianze per la scomparsa del dottor Antonio Padovan, gi\u00e0 sindaco di Arsi\u00e8 e autorevole presidente dell\u2019ex ulss 4 di Feltre.<\/em><\/p>\n<p>&nbsp;<\/p>\n<\/div>\n<hr \/>\n<p>&nbsp;<\/p>\n<p>&nbsp;<\/p>\n<h3 dir=\"auto\">DA IERI APERTO AL TRAFFICO IL PONTE SUL TORRENTE BIGONTINA<\/h3>\n<div dir=\"auto\"><\/div>\n<div dir=\"auto\">\n<div dir=\"auto\">\n<p><strong><img loading=\"lazy\" decoding=\"async\" class=\"alignleft\" src=\"https:\/\/www.radiopiu.net\/wordpress\/wp-content\/uploads\/2022\/07\/ASDASD-5.jpg\" width=\"200\" height=\"100\" \/>CORTINA<\/strong> Anas\u00a0 ha aperto al traffico il nuovo ponte sul torrente Bigontina posto al km 103,078 della strada statale 51 \u201cdi Alemagna\u201d nell\u2019abitato di Cortina d\u2019Ampezzo. I lavori &#8211; facenti parte degli interventi del piano straordinario di potenziamento della viabilit\u00e0 di accesso a Cortina e hanno riguardato la rettifica e l\u2019allargamento del tornante. Il tratto \u00e8 stato riaperto in configurazione provvisoria di cantiere al fine di consentire il completamento delle ultime lavorazioni che non influiranno sulla transitabilit\u00e0.<\/p>\n<\/div>\n<\/div>\n<p>&nbsp;<\/p>\n<p>&nbsp;<\/p>\n<hr \/>\n<blockquote>\n<h3><\/h3>\n<h3>PISTA DA BOB DI CORTINA. A LOSANNA IL PLAUSO DELLA FEDERAZIONE INTERNAZIONALE<\/h3>\n<\/blockquote>\n<p><strong><a class=\"dt-pswp-item\" href=\"https:\/\/www.radiopiu.net\/wordpress\/wp-content\/uploads\/2022\/07\/presidente-zaia-e-presidente-IBSF_immagine-di-repertorio_palazzo-balbi.jpeg\" data-dt-img-description=\"\" data-large_image_width=\"258\" data-large_image_height=\"192\"><img loading=\"lazy\" decoding=\"async\" class=\"size-thumbnail wp-image-287244 alignleft\" src=\"https:\/\/www.radiopiu.net\/wordpress\/wp-content\/uploads\/2022\/07\/presidente-zaia-e-presidente-IBSF_immagine-di-repertorio_palazzo-balbi-150x150.jpeg\" alt=\"\" width=\"150\" height=\"150\" \/><\/a>VENEZIA <\/strong>In occasione del congresso della Federazione Internazionale di Bob e Skeleton, tenutosi in questi giorni a Losanna, una delegazione di tecnici della Regione del Veneto, invitati all\u2019appuntamento dal Presidente Ivo Ferriani, ha presentato le scelte progettuali e lo stato di avanzamento dei lavori della pista da bob di Cortina: l\u2019infrastruttura fondamentale per le discipline sportive invernali rappresentate dalla IBSF.\u00a0<em>\u201cL\u2019intervento della Regione ha finalmente dato contezza di cosa si sta facendo a Cortina ed in Italia per le nostre discipline in vista di Milano Cortina 2026, e dimostra la sensibilit\u00e0 del Presidente Zaia per il mondo dello sport. I partecipanti al congresso si sono congratulati delle scelte fatte per recuperare uno dei luoghi simbolo degli sport invernali- ha affermato il presidente della Federazione, Ivo Ferriani \u2013 Ciascuno, inoltre, ha preso molto positivamente l\u2019invito dell\u2019ingegnere della Regione, Elisabetta Pellegrini, rivolto all\u2019utilizzo della pista per i grandi eventi sportivi post olimpici, non appena saranno iniziati i lavori, avanzando gi\u00e0 delle ipotesi\u201d. <\/em>E non \u00e8 mancato un nuovo appello, quello di ottenere anche le gare olimpiche di parabob, considerato che la \u2018Eugenio Monti\u2019 sar\u00e0 la prima pista da bob al mondo completamente accessibile.<\/p>\n<p>&nbsp;<\/p>\n<p>&nbsp;<\/p>\n<hr \/>\n<p>&nbsp;<\/p>\n<blockquote>\n<h3>SOCCORSO ALPINO-BRIGATA ALPINA JULIA: C&#8217;E&#8217; L&#8217;ACCORDO<\/h3>\n<\/blockquote>\n<p><strong><a class=\"dt-pswp-item\" href=\"https:\/\/www.radiopiu.net\/wordpress\/wp-content\/uploads\/2018\/08\/soccorsoalpino.jpg\" data-dt-img-description=\"\" data-large_image_width=\"1200\" data-large_image_height=\"1200\"><img loading=\"lazy\" decoding=\"async\" class=\"size-thumbnail wp-image-59164 alignleft\" src=\"https:\/\/www.radiopiu.net\/wordpress\/wp-content\/uploads\/2018\/08\/soccorsoalpino-150x150.jpg\" alt=\"\" width=\"150\" height=\"150\" srcset=\"https:\/\/www.radiopiu.net\/wordpress\/wp-content\/uploads\/2018\/08\/soccorsoalpino-150x150.jpg 150w, https:\/\/www.radiopiu.net\/wordpress\/wp-content\/uploads\/2018\/08\/soccorsoalpino-300x300.jpg 300w, https:\/\/www.radiopiu.net\/wordpress\/wp-content\/uploads\/2018\/08\/soccorsoalpino-768x768.jpg 768w, https:\/\/www.radiopiu.net\/wordpress\/wp-content\/uploads\/2018\/08\/soccorsoalpino-1024x1024.jpg 1024w, https:\/\/www.radiopiu.net\/wordpress\/wp-content\/uploads\/2018\/08\/soccorsoalpino.jpg 1200w\" sizes=\"auto, (max-width: 150px) 100vw, 150px\" \/><\/a>UDINE<\/strong> Siglato nella Caserma Di Prampero l&#8217;accordo quadro tra la Brigata Alpina Julia e i servizi regionali di Friuli Venezia Giulia e Veneto del Corpo Nazionale Soccorso Alpino e Speleologico.\u00a0 Il documento ha lo scopo di disciplinare nel dettaglio il rapporto reciproco di collaborazione.\u00a0<em> &#8220;\u00c8 una grande soddisfazione &#8211;<\/em> ha commentato il colonnello Franco Del Favero comandante della Julia <em>&#8211; arrivare al termine di un processo iniziato qualche anno fa che conferma al livello regionale\u00a0 quanto gi\u00e0 avvenuto formalmente a livello nazionale&#8221;.<\/em> L&#8217;accordo avr\u00e0 una durata di quattro anni di cui due sperimentali. <em>&#8220;L&#8217;obiettivo \u00e8 innescare un confronto nelle fasi addestrative per la condivisione di tecnologie e risorse umane: organizzeremo esercitazioni congiunte con il fine di condividere capacit\u00e0 ed esperienze e di portare aiuto a chi ne ha bisogno&#8221;,<\/em> gli fa eco il presidente veneto Rodolfo Selenati. L&#8217;accordo secondo Sergio Bucelli presidente del Friuli Venezia Giulia \u00e8 frutto di un consolidato rapporto umano e di sincera amicizia che nasce dall&#8217;operare nello stesso ambiente con uno scambio arricchente di esperienze.<\/p>\n<p>&nbsp;<\/p>\n<p>&nbsp;<\/p>\n<hr \/>\n<p>&nbsp;<\/p>\n<p>&nbsp;<\/p>\n<blockquote>\n<h3>FUNIVIA DELLA MARMOLADA APERTA, RIMANE CHIUSO SOLO L&#8217;ACCESSO AL GHIACCIAIO DALLA STAZIONE SOMMITALE<\/h3>\n<\/blockquote>\n<p><strong><img loading=\"lazy\" decoding=\"async\" class=\"alignleft\" src=\"https:\/\/www.radiopiu.net\/wordpress\/wp-content\/uploads\/2018\/12\/funivia_Marmolada.jpg\" width=\"162\" height=\"108\" \/>ROCCA PIETORE<\/strong> Per fare ulteriore chiarezza la Funivie Marmolada precisa: <em>&#8220;Le nostre funivie sono aperte tutte e tre fino in cima, quindi gli ospiti presenti nella nostra e nelle vostre vallate possono tranquillamente salire fino ai 3.265 m<\/em><br \/>\n<em>di Punta Rocca, godere della vista dalla terrazza panoramica, visitare la grotta della Madonna, la mostra sulla\u00a0 costruzione della funivia e il Museo Marmolada Grande Guerra a Serauta. L\u2019unica cosa attualmente chiusa \u00e8 l\u2019accesso al<\/em><br \/>\n<em>ghiacciaio dalla stazione sommitale. Purtroppo ancora oggi, venerd\u00ec 15 luglio 2022, molti ospiti arrivano dicendoci<\/em><br \/>\n<em>che a loro \u00e8 stato erroneamente comunicato che i nostri impianti sono chiusi o che l\u2019ultima tratta \u00e8 chiusa<\/em>.<\/p>\n<blockquote><p><em>Da domenica 10 luglio l\u2019informazione sulla riapertura totale degli impianti \u00e8 stata prontamente comunicata al Dolomiti Supersummer, una realt\u00e0 di cui le \u00a0vallate sono parte, e che ha aggiornato il sito web immediatamente, segnalando la totale apertura della funivia, cos\u00ec come sul\u00a0 sito sono stati tolti tutti i messaggi di chiusura ed \u00e8 stata riattivata la vendita di tutti i biglietti fino a Punta Rocca sul webshop del Dolomiti Supersummer\u00a0<\/em><\/p><\/blockquote>\n<p>&nbsp;<\/p>\n<p>&nbsp;<\/p>\n<hr \/>\n<p>&nbsp;<\/p>\n<blockquote>\n<h3>BORGO DI PALUE &#8220;LA STORIA SIAMO NOI&#8221;, UN RICCO PROGRAMMA DI EVENTI ESTIVI<\/h3>\n<\/blockquote>\n<p><a class=\"dt-pswp-item\" href=\"https:\/\/www.radiopiu.net\/wordpress\/wp-content\/uploads\/2022\/07\/292520062_1372122396615799_4126066411215624063_n.png\" data-dt-img-description=\"\" data-large_image_width=\"946\" data-large_image_height=\"2048\"><img loading=\"lazy\" decoding=\"async\" class=\"size-thumbnail wp-image-287305 alignleft\" src=\"https:\/\/www.radiopiu.net\/wordpress\/wp-content\/uploads\/2022\/07\/292520062_1372122396615799_4126066411215624063_n-150x150.png\" alt=\"\" width=\"150\" height=\"150\" \/><\/a><strong>ROCCA PIETORE<\/strong> L&#8217;associazione Palue ha una missione: rigenerare il territorio della Val Pettorina valorizzando le radici, tradizioni e promuovendo il recupero dei beni in stato di abbandono. Tante le iniziative dal 2018 (dopo Vaia) fino ad oggi e in programma per l&#8217;estate 2022: escursioni, cicli di incontri, mostre, villaggi, foto e libri, ma anche convegni sui cambiamenti climatici e le storie del Giro d&#8217;Italia.<\/p>\n<p>E poi c&#8217;\u00e8 il messaggio forte e chiaro lanciato dalla presidente dell&#8217;associazione Lorena Casarin e rivolto agli ospiti della Val Pettorina &#8221;<\/p>\n<p>&nbsp;<\/p>\n<blockquote>\n<div dir=\"auto\"><em><a class=\"dt-pswp-item\" href=\"https:\/\/www.radiopiu.net\/wordpress\/wp-content\/uploads\/2022\/07\/290571022_5441104312602076_412833787540005608_n.jpg\" data-dt-img-description=\"\" data-large_image_width=\"960\" data-large_image_height=\"540\"><img loading=\"lazy\" decoding=\"async\" class=\"size-thumbnail wp-image-287306 alignleft\" src=\"https:\/\/www.radiopiu.net\/wordpress\/wp-content\/uploads\/2022\/07\/290571022_5441104312602076_412833787540005608_n-150x150.jpg\" alt=\"\" width=\"150\" height=\"150\" \/><\/a>Cari ospiti,<\/em><\/div>\n<div dir=\"auto\"><em>la tragedia che ha colpito la Marmolada ha segnato profondamente gli animi di tutti, in primis di chi ama e vive la montagna. Anche i nostri comuni soffrono per quanto accaduto ma vogliamo anche evidenziare come tutte le attivit\u00e0 turistiche siano\u00a0 operative \u00a0al 100%. Malgrado quanto riportato da alcune testate giornalistiche, solamente l\u2019area attigua al ghiacciaio coinvolto nella tragedia \u00e8 attualmente interdetta ma nessuna strada, localit\u00e0 o attivit\u00e0 commerciale \u00e8 chiusa al turismo. La tragedia \u00e8 avvenuta in quota e non ha coinvolto infrastrutture. Vi invitiamo quindi a vivere le Dolomiti qui in Veneto, nel Cuore delle Dolomiti: una vallata, quella Agordina, dove lo sport, la natura incontaminata, l&#8217;adrenalina e la libert\u00e0 sapranno rendere le vostre vacanze indimenticabili. Vi aspettiamo.<\/em><\/div>\n<\/blockquote>\n<div dir=\"auto\"><\/div>\n<p>&nbsp;<\/p>\n<p>&nbsp;<\/p>\n<hr \/>\n<p>&nbsp;<\/p>\n<p><strong><img loading=\"lazy\" decoding=\"async\" class=\"alignleft\" src=\"https:\/\/www.radiopiu.net\/wordpress\/wp-content\/uploads\/2022\/07\/4d50f3ae-0546-4f97-994a-03550d487deb.jpg\" width=\"267\" height=\"200\" \/>ROCCA PIETORE<\/strong> La recente tragedia della Marmolada ha creato perplessit\u00e0 tra i frequentatori della montagna. Il messaggio che il territorio vuole inviare nel mondo \u00e8 chiaro: siamo aperti, non ci sono pericoli, qui si sta bene e a quattro anni da Vaia la natura si sta riprendendo i suoi spazi.\u00a0 Come dirlo? Con la realt\u00e0: gli scatti fotografici e l&#8217;entusiasmo di una\u00a0 valle. Iniziativa patrocinata dal Comune di Rocca Pietore.<\/p>\n<p>&nbsp;<\/p>\n<p><strong>AUDIO,<\/strong> in rotazione alla radio, frequenze FM e in streaming in tutto il mondo.<\/p>\n<audio class=\"wp-audio-shortcode\" id=\"audio-287181-2\" preload=\"none\" style=\"width: 100%;\" controls=\"controls\"><source type=\"audio\/mpeg\" src=\"https:\/\/www.radiopiu.net\/wordpress\/wp-content\/uploads\/2022\/07\/MARMOLADA-APERTA.mp3?_=2\" \/><a href=\"https:\/\/www.radiopiu.net\/wordpress\/wp-content\/uploads\/2022\/07\/MARMOLADA-APERTA.mp3\">https:\/\/www.radiopiu.net\/wordpress\/wp-content\/uploads\/2022\/07\/MARMOLADA-APERTA.mp3<\/a><\/audio>\n<p>&nbsp;<\/p>\n<p><iframe loading=\"lazy\" title=\"Rocca Pietore, Marmolada, Val Pettorina\" width=\"1200\" height=\"675\" src=\"https:\/\/www.youtube.com\/embed\/fnodpFI2M1w?feature=oembed\" frameborder=\"0\" allow=\"accelerometer; autoplay; clipboard-write; encrypted-media; gyroscope; picture-in-picture\" allowfullscreen><\/iframe><\/p>\n<p>&nbsp;<\/p>\n<p>&nbsp;<\/p>\n<hr \/>\n<p>&nbsp;<\/p>\n<p>&nbsp;<\/p>\n<blockquote>\n<h3>EDUCAZIONE CIVICA IN PIAZZA, ADDAMIANO &#8220;OCCASIONE PER MANIFESTARE SOLIDARIETA&#8217; ALLA POLIZIA LOCALE&#8221;<\/h3>\n<\/blockquote>\n<p><em><img loading=\"lazy\" decoding=\"async\" class=\"alignleft\" src=\"https:\/\/www.radiopiu.net\/wordpress\/wp-content\/uploads\/2021\/12\/ADDAMIANO.png\" width=\"179\" height=\"144\" \/>Dalla repressione all&#8217;informazione, segnale dalla nuova amministrazione<\/em><\/p>\n<p><strong>BELLUNO<\/strong> Giovedi\u00a0 sera\u00a0 replica dell&#8217;evento di educazione civica rivolto soprattutto ai giovanissimi. Location via Sottocastello pi\u00f9 volte nelle cronache per atti di vandalismo e teppismo. Ne parliamo con Raffaele Addamiano (Fratelli d\u2019Italia) assessore alla cultura, rapporti con le associazioni culturali e sicurezza.<\/p>\n<p>audio<\/p>\n<audio class=\"wp-audio-shortcode\" id=\"audio-287181-3\" preload=\"none\" style=\"width: 100%;\" controls=\"controls\"><source type=\"audio\/mpeg\" src=\"https:\/\/www.radiopiu.net\/wordpress\/wp-content\/uploads\/2022\/07\/ADDAMIANO-RAFFAELA.mp3?_=3\" \/><a href=\"https:\/\/www.radiopiu.net\/wordpress\/wp-content\/uploads\/2022\/07\/ADDAMIANO-RAFFAELA.mp3\">https:\/\/www.radiopiu.net\/wordpress\/wp-content\/uploads\/2022\/07\/ADDAMIANO-RAFFAELA.mp3<\/a><\/audio>\n<p>&nbsp;<\/p>\n<p>&nbsp;<\/p>\n<p>&nbsp;<\/p>\n<hr \/>\n<p>&nbsp;<\/p>\n<p>&nbsp;<\/p>\n<blockquote class=\"wp-embedded-content\" data-secret=\"GCnuckgs7a\"><p><a href=\"https:\/\/www.radiopiu.net\/wordpress\/aggnazionaleluglio15\/\">CORONAVIRUS: AGGIORNAMENTO NAZIONALE 15 LUGLIO 2022<\/a><\/p><\/blockquote>\n<p><iframe loading=\"lazy\" class=\"wp-embedded-content\" sandbox=\"allow-scripts\" security=\"restricted\" style=\"position: absolute; clip: rect(1px, 1px, 1px, 1px);\" title=\"&#8220;CORONAVIRUS: AGGIORNAMENTO NAZIONALE 15 LUGLIO 2022&#8221; &#8212; Radio Pi\u00f9\" src=\"https:\/\/www.radiopiu.net\/wordpress\/aggnazionaleluglio15\/embed\/#?secret=MCOyo6I4Gc#?secret=GCnuckgs7a\" data-secret=\"GCnuckgs7a\" width=\"600\" height=\"338\" frameborder=\"0\" marginwidth=\"0\" marginheight=\"0\" scrolling=\"no\"><\/iframe><\/p>\n<p>&nbsp;<\/p>\n<blockquote class=\"wp-embedded-content\" data-secret=\"G6En5Sj2yM\"><p><a href=\"https:\/\/www.radiopiu.net\/wordpress\/aggazzeroluglio15\/\">BELLUNO, OLTRE 4000 GLI ATTUALMENTE POSITIVI, IN REGIONE 36 PAZIENTI IN TERAPIA INTESIVA, 13 I DECESSI<\/a><\/p><\/blockquote>\n<p><iframe loading=\"lazy\" class=\"wp-embedded-content\" sandbox=\"allow-scripts\" security=\"restricted\" style=\"position: absolute; clip: rect(1px, 1px, 1px, 1px);\" title=\"&#8220;BELLUNO, OLTRE 4000 GLI ATTUALMENTE POSITIVI, IN REGIONE 36 PAZIENTI IN TERAPIA INTESIVA, 13 I DECESSI&#8221; &#8212; Radio Pi\u00f9\" src=\"https:\/\/www.radiopiu.net\/wordpress\/aggazzeroluglio15\/embed\/#?secret=4GMTEFtOIW#?secret=G6En5Sj2yM\" data-secret=\"G6En5Sj2yM\" width=\"600\" height=\"338\" frameborder=\"0\" marginwidth=\"0\" marginheight=\"0\" scrolling=\"no\"><\/iframe><\/p>\n<p>&nbsp;<\/p>\n<h2>I GRAFICI DI TIZIANO DE COL<\/h2>\n<p>&nbsp;<\/p>\n\n\t\t\t<style type='text\/css'>\n\t\t\t\t#gallery-1 {\n\t\t\t\t\tmargin: auto;\n\t\t\t\t}\n\t\t\t\t#gallery-1 .gallery-item {\n\t\t\t\t\tfloat: left;\n\t\t\t\t\tmargin-top: 10px;\n\t\t\t\t\ttext-align: center;\n\t\t\t\t\twidth: 33%;\n\t\t\t\t}\n\t\t\t\t#gallery-1 img {\n\t\t\t\t\tborder: 2px solid #cfcfcf;\n\t\t\t\t}\n\t\t\t\t#gallery-1 .gallery-caption {\n\t\t\t\t\tmargin-left: 0;\n\t\t\t\t}\n\t\t\t\t\/* see gallery_shortcode() in wp-includes\/media.php *\/\n\t\t\t<\/style>\n\t\t<div id='gallery-1' class='dt-gallery-container gallery galleryid-287181 gallery-columns-3 gallery-size-thumbnail'><dl class='gallery-item'>\n\t\t\t\t<dt class='gallery-icon landscape'>\n\t\t\t\t\t<a class=\"rollover rollover-zoom dt-pswp-item\" title=\"bae9a199-638c-4141-9463-c7e82322f025\" data-dt-img-description=\"\" data-large_image_width=\"589\" data-large_image_height=\"359\"href='https:\/\/www.radiopiu.net\/wordpress\/wp-content\/uploads\/2022\/07\/bae9a199-638c-4141-9463-c7e82322f025.jpg'><img loading=\"lazy\" decoding=\"async\" width=\"150\" height=\"150\" src=\"https:\/\/www.radiopiu.net\/wordpress\/wp-content\/uploads\/2022\/07\/bae9a199-638c-4141-9463-c7e82322f025-150x150.jpg\" class=\"attachment-thumbnail size-thumbnail\" alt=\"\" \/><\/a>\n\t\t\t\t<\/dt><\/dl><dl class='gallery-item'>\n\t\t\t\t<dt class='gallery-icon landscape'>\n\t\t\t\t\t<a class=\"rollover rollover-zoom dt-pswp-item\" title=\"b504675e-6a26-4fa6-bd3b-c26df440c2da\" data-dt-img-description=\"\" data-large_image_width=\"603\" data-large_image_height=\"374\"href='https:\/\/www.radiopiu.net\/wordpress\/wp-content\/uploads\/2022\/07\/b504675e-6a26-4fa6-bd3b-c26df440c2da.jpg'><img loading=\"lazy\" decoding=\"async\" width=\"150\" height=\"150\" src=\"https:\/\/www.radiopiu.net\/wordpress\/wp-content\/uploads\/2022\/07\/b504675e-6a26-4fa6-bd3b-c26df440c2da-150x150.jpg\" class=\"attachment-thumbnail size-thumbnail\" alt=\"\" \/><\/a>\n\t\t\t\t<\/dt><\/dl><dl class='gallery-item'>\n\t\t\t\t<dt class='gallery-icon landscape'>\n\t\t\t\t\t<a class=\"rollover rollover-zoom dt-pswp-item\" title=\"711b71d1-e6d4-4f67-9f2f-46559aea1dea\" data-dt-img-description=\"\" data-large_image_width=\"600\" data-large_image_height=\"363\"href='https:\/\/www.radiopiu.net\/wordpress\/wp-content\/uploads\/2022\/07\/711b71d1-e6d4-4f67-9f2f-46559aea1dea.jpg'><img loading=\"lazy\" decoding=\"async\" width=\"150\" height=\"150\" src=\"https:\/\/www.radiopiu.net\/wordpress\/wp-content\/uploads\/2022\/07\/711b71d1-e6d4-4f67-9f2f-46559aea1dea-150x150.jpg\" class=\"attachment-thumbnail size-thumbnail\" alt=\"\" \/><\/a>\n\t\t\t\t<\/dt><\/dl><br style=\"clear: both\" \/><dl class='gallery-item'>\n\t\t\t\t<dt class='gallery-icon landscape'>\n\t\t\t\t\t<a class=\"rollover rollover-zoom dt-pswp-item\" title=\"3d81a8bd-69c4-47a6-8bdb-8589ca11c9a7\" data-dt-img-description=\"\" data-large_image_width=\"608\" data-large_image_height=\"375\"href='https:\/\/www.radiopiu.net\/wordpress\/wp-content\/uploads\/2022\/07\/3d81a8bd-69c4-47a6-8bdb-8589ca11c9a7.jpg'><img loading=\"lazy\" decoding=\"async\" width=\"150\" height=\"150\" src=\"https:\/\/www.radiopiu.net\/wordpress\/wp-content\/uploads\/2022\/07\/3d81a8bd-69c4-47a6-8bdb-8589ca11c9a7-150x150.jpg\" class=\"attachment-thumbnail size-thumbnail\" alt=\"\" \/><\/a>\n\t\t\t\t<\/dt><\/dl><dl class='gallery-item'>\n\t\t\t\t<dt class='gallery-icon landscape'>\n\t\t\t\t\t<a class=\"rollover rollover-zoom dt-pswp-item\" title=\"023c40b9-f030-47ad-bd18-8744308ea289\" data-dt-img-description=\"\" data-large_image_width=\"614\" data-large_image_height=\"365\"href='https:\/\/www.radiopiu.net\/wordpress\/wp-content\/uploads\/2022\/07\/023c40b9-f030-47ad-bd18-8744308ea289.jpg'><img loading=\"lazy\" decoding=\"async\" width=\"150\" height=\"150\" src=\"https:\/\/www.radiopiu.net\/wordpress\/wp-content\/uploads\/2022\/07\/023c40b9-f030-47ad-bd18-8744308ea289-150x150.jpg\" class=\"attachment-thumbnail size-thumbnail\" alt=\"\" \/><\/a>\n\t\t\t\t<\/dt><\/dl><dl class='gallery-item'>\n\t\t\t\t<dt class='gallery-icon landscape'>\n\t\t\t\t\t<a class=\"rollover rollover-zoom dt-pswp-item\" title=\"b55f3bfb-0912-456c-aa6f-bbf657455581\" data-dt-img-description=\"\" data-large_image_width=\"614\" data-large_image_height=\"369\"href='https:\/\/www.radiopiu.net\/wordpress\/wp-content\/uploads\/2022\/07\/b55f3bfb-0912-456c-aa6f-bbf657455581.jpg'><img loading=\"lazy\" decoding=\"async\" width=\"150\" height=\"150\" src=\"https:\/\/www.radiopiu.net\/wordpress\/wp-content\/uploads\/2022\/07\/b55f3bfb-0912-456c-aa6f-bbf657455581-150x150.jpg\" class=\"attachment-thumbnail size-thumbnail\" alt=\"\" \/><\/a>\n\t\t\t\t<\/dt><\/dl><br style=\"clear: both\" \/>\n\t\t\t<\/div>\n\n<p>&nbsp;<\/p>\n<p>&nbsp;<\/p>\n<p>&nbsp;<\/p>\n<hr \/>\n<p>&nbsp;<\/p>\n<blockquote>\n<h3>ULSS 1 DOLOMITI: PRENOTABILE LA QUARTA DOSE DI VACCINO ANTI COVID<\/h3>\n<\/blockquote>\n<p><strong><a class=\"dt-pswp-item\" href=\"https:\/\/www.radiopiu.net\/wordpress\/wp-content\/uploads\/2021\/03\/VACCINO.jpg\" data-dt-img-description=\"\" data-large_image_width=\"1280\" data-large_image_height=\"720\"><img loading=\"lazy\" decoding=\"async\" class=\"size-thumbnail wp-image-196946 alignleft\" src=\"https:\/\/www.radiopiu.net\/wordpress\/wp-content\/uploads\/2021\/03\/VACCINO-150x150.jpg\" alt=\"\" width=\"150\" height=\"150\" \/><\/a>BELLUNO <\/strong>E&#8217; prenotabile online la seconda dose booster (quarta dose) del vaccino anti-Covid, accedendo al seguente link:\u00a0<a href=\"https:\/\/vaccinicovid.regione.veneto.it\/ulss1\">https:\/\/vaccinicovid.regione.veneto.it\/ulss1 <\/a>Possono prenotarsi le persone di et\u00e0 &gt;60 anni per le quali sia trascorso un intervallo minimo di almeno 120 giorni dalla prima dose di richiamo (terza dose) o dall\u2019ultima infezione successiva al richiamo. Il second booster (quarta dose) \u00e8 indicato anche per le persone di et\u00e0 &gt;12 anni con elevata fragilit\u00e0. Queste persone potranno accedere senza prenotazione alle sedute vaccinali per over 60 presentando la documentazione clinica. L\u2019elenco delle sedute \u00e8 disponibile sul sito www.aulss1.veneto.it Per i prossimi giorni sono state attivate sedute nei drive-in di Tai di Cadore, Belluno-San Gervasio e Agordo, e al Centro Prelievi di Feltre. Sulla base dell\u2019andamento delle prenotazioni potranno essere programmate ulteriori sedute vaccinali.<\/p>\n<p>&nbsp;<\/p>\n<p>&nbsp;<\/p>\n<hr \/>\n<p>&nbsp;<\/p>\n<blockquote>\n<h3>TAMPONI NEI COVID POINT: NECESSARIA LA PRENOTAZIONE<\/h3>\n<\/blockquote>\n<p><strong>BELLUNO <\/strong>La forte ripresa epidemica attiva in questi giorni comporta una grande richiesta di tamponi rapidi e molecolari. Si ricorda che i tamponi possono essere eseguiti: Nei covid point aziendali (Paludi, Feltre, Agordo e Tai di Cadore) \u2013 su prenotazione dal sito <a href=\"http:\/\/www.aulss1.veneto.it\">www.aulss1.veneto.it<\/a>, assolutamente necessaria per evitare attese. Presso i Medici di Medicina Generale e Pediatri di Libera Scelta (solo tamponi antigenici). Presso le Farmacie del territorio (solo tamponi antigenici) \u2013 vedi elenco nel sito <a href=\"http:\/\/www.aulss1.veneto.it\">www.aulss1.veneto.it<\/a><\/p>\n<p>&nbsp;<\/p>\n<hr \/>\n<p>&nbsp;<\/p>\n<p>&nbsp;<\/p>\n<blockquote>\n<h3>ANCHE A FONZASO PRENOTAZIONI ON LINE PER IL CENTRO PRELIEVI<\/h3>\n<\/blockquote>\n<p><strong>BELLUNO<\/strong> Come gi\u00e0 introdotto per altri centri prelievi dell\u2019Ulss Dolomiti e con l\u2019obiettivo di rendere pi\u00f9 agevole l\u2019accesso ai cittadini, le analisi del sangue anche al centro prelievi di Fonzaso saranno prenotabili online dal sito <a href=\"http:\/\/www.aulss1.veneto.it\/\">www.aulss1.veneto.it<\/a><\/p>\n<p>&nbsp;<\/p>\n<p>&nbsp;<\/p>\n<hr \/>\n<p>&nbsp;<\/p>\n<blockquote>\n<h3>RINNOVATA LA CONVENZIONE CON L\u2019AIL PER \u201cPRONTO EMATOLOGIA\u201d<\/h3>\n<\/blockquote>\n<p><strong><a class=\"dt-pswp-item\" href=\"https:\/\/www.radiopiu.net\/wordpress\/wp-content\/uploads\/2022\/07\/AIL-BELLUNO.jpg\" data-dt-img-description=\"\" data-large_image_width=\"237\" data-large_image_height=\"213\"><img loading=\"lazy\" decoding=\"async\" class=\"size-thumbnail wp-image-287251 alignleft\" src=\"https:\/\/www.radiopiu.net\/wordpress\/wp-content\/uploads\/2022\/07\/AIL-BELLUNO-150x150.jpg\" alt=\"\" width=\"150\" height=\"150\" \/><\/a>BELLUNO <\/strong>E\u2019 stata rinnovata la convenzione con l\u2019AIL sezione di Belluno per la realizzazione del progetto \u201cPronto Ematologia\u201d. Il progetto \u00e8 finalizzato a promuovere la condivisione di percorsi diagnostici\/terapeutici, dare risoluzione a quesiti assistenziali, favorire l\u2019appropriato accesso dei pazienti alla rete ospedaliera, sviluppare maggiore affinit\u00e0 tra Medico di Medicina Generale ed Ospedale. Nell\u2019ambito della convenzione, AIL\u00a0 assicura una consulenza specialistica da parte di un medico esperto. Di norma, gli accessi settimanali saranno tre, per complessive diciotto ore. L\u2019UOSD di Ematologia del San Martino, riferimento per la provincia di Belluno per le malattie del sangue. \u00ab<em>Ringrazio l\u2019AIL, sempre attenta a supportare i bisogni della nostra Azienda con generosit\u00e0 e determinazione<\/em>\u00bb, commenta il Direttore generale Maria Grazia Carraro, \u00ab<em>in questi anni il progetto \u201cPronto Ematologia\u201d ha contribuito a dare una risposta locale ai nostri pazienti, garantendo certezze vicino casa<\/em>\u00bb.<\/p>\n<blockquote><p>\u00ab<em>AIL ancora una volta investe per le persone di questo territorio e le loro famiglie, con instancabile impegno ed energia. Poter sostenere questa e altre iniziative a favore di chi ha bisogno e della nostra sanit\u00e0 ci rende orgogliosi<\/em>\u00bb commenta la presidente dell\u2019AIL Carmen Mione.<\/p><\/blockquote>\n<p>&nbsp;<\/p>\n<hr \/>\n<p>&nbsp;<\/p>\n<blockquote>\n<h3>GIUNTA VENETO AGGIORNA PROGRAMMAZIONE DEL FONDO DELLA NON AUTOSUFFICIENZA PER L\u2019AREA ANZIANI<\/h3>\n<\/blockquote>\n<p><strong><a class=\"dt-pswp-item\" href=\"https:\/\/www.radiopiu.net\/wordpress\/wp-content\/uploads\/2020\/03\/MANI-ANZIANI.jpg\" data-dt-img-description=\"\" data-large_image_width=\"1920\" data-large_image_height=\"1280\"><img loading=\"lazy\" decoding=\"async\" class=\"size-thumbnail wp-image-125005 alignleft\" src=\"https:\/\/www.radiopiu.net\/wordpress\/wp-content\/uploads\/2020\/03\/MANI-ANZIANI-150x150.jpg\" alt=\"\" width=\"150\" height=\"150\" \/><\/a>VENEZIA <\/strong><em>\u201cRiprogrammare il Fondo della non autosufficienza per venire incontro alle necessit\u00e0 della fascia pi\u00f9 anziana e pi\u00f9 debole della popolazione non \u00e8 solo un aggiornamento legato ai cresciuti bisogni, ma un dovere morale per creare un nuovo patto, una presa in carico che sia a misura di cittadino<\/em>\u201d. Cos\u00ec l\u2019Assessore alla Sanit\u00e0 e Sociale Manuela Lanzarin motiva l\u2019importante aggiornamento della programmazione del Fondo Regionale della non autosufficienza per l\u2019area anziani, legato ai fabbisogni, approvato nel corso dell\u2019ultima seduta della Giunta e da lei proposto. L\u2019atto sar\u00e0 trasmesso alla competente Commissione del Consiglio regionale per ottenere il previsto parere.<\/p>\n<p>&nbsp;<\/p>\n<p>&nbsp;<\/p>\n<hr \/>\n<p>&nbsp;<\/p>\n<blockquote>\n<h3>ZAIA AGLI STATI GENERALI DEI COMUNI VENETI<\/h3>\n<\/blockquote>\n<p><strong>VENEZIA <\/strong>\u201cLa macchina amministrativa del Veneto fa scuola in Italia per virtuosit\u00e0. Come Regione oggi paghiamo a 13 giorni, e i nostri Comuni presentano performances da record, a cominciare dal fatto che nessun Comune Veneto ha dichiarato dissesto finanziario tra il 2016 e il 2020. Ringrazio tutti i Sindaci per il loro grande lavoro. In questo difficile momento nazionale abbiamo molto su cui collaborare, a cominciare dalla messa a terra dei fondi del Pnrr, e la Regione c\u2019\u00e8 sempre\u201d. Lo ha detto il Presidente della Regione Luca Zaia. La virtuosit\u00e0 gestionale dei Comuni veneti focalizzata da Zaia \u00e8 ben rappresentata da alcuni dati: l\u201987% dei Comuni ha una spesa corrente pro-capite inferiore alla media nazionale (748 euro contro 923); il 72% ha una velocit\u00e0 di pagamento superiore alla media nazionale (79,5% rispetto a 75,6%); il Veneto e i suoi Comuni sono anche al primo posto per la raccolta differenziata dei rifiuti, con il 76,1%, davanti alla Sardegna, Lombardia e Trentino Alto Adige.<\/p>\n<p>&nbsp;<\/p>\n<p>&nbsp;<\/p>\n<hr \/>\n<p>&nbsp;<\/p>\n<blockquote>\n<h3>DOLOMITI IN MINIATURA, CAPOLAVORI NELLA ROCCIA, GLI SCULTORI A SAN TOMASO<\/h3>\n<\/blockquote>\n<p><a href=\"https:\/\/www.facebook.com\/marco.baghy.1\/videos\/410192901061272\">https:\/\/www.facebook.com\/marco.baghy.1\/videos\/410192901061272<\/a><\/p>\n<p>&nbsp;<\/p>\n<p>&nbsp;<\/p>\n<p><strong><a class=\"dt-pswp-item\" href=\"https:\/\/www.radiopiu.net\/wordpress\/wp-content\/uploads\/2022\/07\/245672046_4415646918488430_4885258135470625922_n.jpg\" data-dt-img-description=\"\" data-large_image_width=\"600\" data-large_image_height=\"450\"><img loading=\"lazy\" decoding=\"async\" class=\"alignleft wp-image-286586 \" src=\"https:\/\/www.radiopiu.net\/wordpress\/wp-content\/uploads\/2022\/07\/245672046_4415646918488430_4885258135470625922_n-300x225.jpg\" alt=\"\" width=\"243\" height=\"182\" srcset=\"https:\/\/www.radiopiu.net\/wordpress\/wp-content\/uploads\/2022\/07\/245672046_4415646918488430_4885258135470625922_n-300x225.jpg 300w, https:\/\/www.radiopiu.net\/wordpress\/wp-content\/uploads\/2022\/07\/245672046_4415646918488430_4885258135470625922_n.jpg 600w\" sizes=\"auto, (max-width: 243px) 100vw, 243px\" \/><\/a>SAN TOMASO<\/strong> Ritorna nella settimana dall\u201911 al 17 luglio 2022 \u201cDolomites Rock Miniatures\u201d,\u00a0 verranno realizzate altre tre opere de Il Sentiero delle Dolomiti in miniatura. Il progetto nato nel 2017, giunto quest\u2019anno alla quinta edizione, promosso dall\u2019Amministrazione comunale, patrocinato dalla Fondazione Dolomiti Unesco,\u00a0 sezione\u00a0 Cai di Agordo e proloco di San Tomaso. Obiettivo:\u00a0 ricreare in miniatura alcune delle pi\u00f9 rappresentative cime dolomitiche riconosciute Patrimonio Naturale dell\u2019Umanit\u00e0 ed esporle lungo la strada silvo-pastorale che collega il Comune di San Tomaso Agordino con quello di Vallada Agordina.<br \/>\nNel corso di questa settimana <strong>Claudia Zanaga<\/strong> (Italia), <strong>Abdulkadir Hocaoglu<\/strong> (Turchia) e<strong> Shekine Naidi<\/strong> (Grecia) scolpiranno rispettivamente la Croda dei Toni, il Sassolungo e la Gusela di Val Vescov\u00e0, aggiungendo cos\u00ec altre tre piccoli capolavori alle restanti tredici opere create nel corso dei precedenti simposi.<\/p>\n<p>&nbsp;<\/p>\n<hr \/>\n<p>&nbsp;<\/p>\n<blockquote>\n<h3>BORGO VALBELLUNA PRESENTA IL SUO PERCORSO PER MANTENERSI IN SALUTE<\/h3>\n<\/blockquote>\n<p><strong>BELLUNO <\/strong>Mattinata di sport e salute ieri a Borgo Valbelluna. Il Comune ha infatti aderito all\u2019iniziativa \u201c1 KM AL GIORNO\u201d, promossa della Regione Veneto e dall\u2019Ulss Dolomiti, e ha promosso una mattinata di sport e attivit\u00e0 all\u2019aperto per presentare i percorsi attivati nel proprio territorio. \u201c1 Km al giorno\u201d \u00e8 un progetto che mira ad individuare nel territorio dei vari comuni un percorso accessibile di 1 km da svolgere in sicurezza per stimolare i cittadini a mantenersi in salute attraverso il movimento e l\u2019attivit\u00e0 fisica.<\/p>\n\n\t\t\t<style type='text\/css'>\n\t\t\t\t#gallery-2 {\n\t\t\t\t\tmargin: auto;\n\t\t\t\t}\n\t\t\t\t#gallery-2 .gallery-item {\n\t\t\t\t\tfloat: left;\n\t\t\t\t\tmargin-top: 10px;\n\t\t\t\t\ttext-align: center;\n\t\t\t\t\twidth: 50%;\n\t\t\t\t}\n\t\t\t\t#gallery-2 img {\n\t\t\t\t\tborder: 2px solid #cfcfcf;\n\t\t\t\t}\n\t\t\t\t#gallery-2 .gallery-caption {\n\t\t\t\t\tmargin-left: 0;\n\t\t\t\t}\n\t\t\t\t\/* see gallery_shortcode() in wp-includes\/media.php *\/\n\t\t\t<\/style>\n\t\t<div id='gallery-2' class='dt-gallery-container gallery galleryid-287181 gallery-columns-2 gallery-size-thumbnail'><dl class='gallery-item'>\n\t\t\t\t<dt class='gallery-icon landscape'>\n\t\t\t\t\t<a class=\"rollover rollover-zoom dt-pswp-item\" title=\"WhatsApp Image 2022-07-15 at 14.11.50\" data-dt-img-description=\"\" data-large_image_width=\"1600\" data-large_image_height=\"1061\"href='https:\/\/www.radiopiu.net\/wordpress\/wp-content\/uploads\/2022\/07\/WhatsApp-Image-2022-07-15-at-14.11.50.jpeg'><img loading=\"lazy\" decoding=\"async\" width=\"150\" height=\"150\" src=\"https:\/\/www.radiopiu.net\/wordpress\/wp-content\/uploads\/2022\/07\/WhatsApp-Image-2022-07-15-at-14.11.50-150x150.jpeg\" class=\"attachment-thumbnail size-thumbnail\" alt=\"\" \/><\/a>\n\t\t\t\t<\/dt><\/dl><dl class='gallery-item'>\n\t\t\t\t<dt class='gallery-icon portrait'>\n\t\t\t\t\t<a class=\"rollover rollover-zoom dt-pswp-item\" title=\"WhatsApp Image 2022-07-15 at 12.40.50\" data-dt-img-description=\"\" data-large_image_width=\"900\" data-large_image_height=\"1600\"href='https:\/\/www.radiopiu.net\/wordpress\/wp-content\/uploads\/2022\/07\/WhatsApp-Image-2022-07-15-at-12.40.50.jpeg'><img loading=\"lazy\" decoding=\"async\" width=\"150\" height=\"150\" src=\"https:\/\/www.radiopiu.net\/wordpress\/wp-content\/uploads\/2022\/07\/WhatsApp-Image-2022-07-15-at-12.40.50-150x150.jpeg\" class=\"attachment-thumbnail size-thumbnail\" alt=\"\" \/><\/a>\n\t\t\t\t<\/dt><\/dl><br style=\"clear: both\" \/>\n\t\t\t<\/div>\n\n<p>&nbsp;<\/p>\n<hr \/>\n<p>&nbsp;<\/p>\n<blockquote>\n<h3>RIPARTONO GLI SCAMBI DEL ROTARY CLUB BELLUNO<\/h3>\n<\/blockquote>\n<p><span style=\"font-size: medium;\"><b><span style=\"font-size: small;\"><i><a class=\"dt-pswp-item\" href=\"https:\/\/www.radiopiu.net\/wordpress\/wp-content\/uploads\/2022\/07\/neveah_silvia.jpeg\" data-dt-img-description=\"\" data-large_image_width=\"1599\" data-large_image_height=\"1200\"><img loading=\"lazy\" decoding=\"async\" class=\"size-thumbnail wp-image-287281 alignleft\" src=\"https:\/\/www.radiopiu.net\/wordpress\/wp-content\/uploads\/2022\/07\/neveah_silvia-150x150.jpeg\" alt=\"\" width=\"150\" height=\"150\" \/><\/a>Dallo Utah (USA) \u00e8 arrivata nel Bellunese Neveah Michele Morgan<\/i><\/span><\/b><\/span><\/p>\n<p>E&#8217; ripresa l&#8217;attivit\u00e0 degli scambi del Rotary Club Belluno, improntati pi\u00f9 che sull&#8217;apprendimento linguistico al conoscere un&#8217;altra cultura e abitudini. La reciprocit\u00e0 \u00e8 sempre richiesta.\u00a0 Il 5 di luglio \u00e8 arrivata a Belluno Neveah Mischele Morgan, dello Utah (Usa), per lo scambio breve con Silvia Dal Farra di Cesiomaggiore. Nella nostra provincia si fermer\u00e0 fino al 26 luglio. Poi sar\u00e0 Silvia ad andare negli Stati Uniti per altrettanti giorni. A settembre verranno promossi sia gli scambi brevi sia quelli lunghi (minimo nove mesi), consigliati agli studenti della terza e soprattutto quarta superiore. <i>Nella foto, da sinistra, Neveah e Silvia all&#8217;aeroporto di Venezia.<\/i><\/p>\n<p>&nbsp;<\/p>\n<p>&nbsp;<\/p>\n<hr \/>\n<p>&nbsp;<\/p>\n<h3><a class=\"dt-pswp-item\" href=\"https:\/\/www.radiopiu.net\/wordpress\/wp-content\/uploads\/2022\/07\/Chiesa-di-San-Simon.jpg\" data-dt-img-description=\"\" data-large_image_width=\"945\" data-large_image_height=\"1417\"><img loading=\"lazy\" decoding=\"async\" class=\"size-thumbnail wp-image-287232 alignleft\" src=\"https:\/\/www.radiopiu.net\/wordpress\/wp-content\/uploads\/2022\/07\/Chiesa-di-San-Simon-150x150.jpg\" alt=\"\" width=\"150\" height=\"150\" \/><\/a>OMAGGIO AL POETA VALERIO DA POS, QUESTA SERA A SAN SIMON<\/h3>\n<p><strong>VALLADA<\/strong> <span style=\"font-family: Arial, sans-serif;\"><span style=\"font-size: small;\">Appuntamento con la <\/span><\/span><span style=\"font-family: Arial, sans-serif;\"><span style=\"font-size: small;\">musica<\/span><\/span><span style=\"font-family: Arial, sans-serif;\"><span style=\"font-size: small;\"> e la <\/span><\/span><span style=\"font-family: Arial, sans-serif;\"><span style=\"font-size: small;\">poesia questa sera<\/span><\/span><span style=\"font-family: Arial, sans-serif;\"><span style=\"font-size: small;\">\u00a0alle <\/span><\/span><span style=\"font-family: Arial, sans-serif;\"><span style=\"font-size: small;\">ore 20.30<\/span><\/span><span style=\"font-family: Arial, sans-serif;\"><span style=\"font-size: small;\">, presso la <\/span><\/span><span style=\"font-family: Arial, sans-serif;\"><span style=\"font-size: small;\">chiesa di San Simon<\/span><\/span><span style=\"font-family: Arial, sans-serif;\"><span style=\"font-size: small;\">, a Vallada Agordina, si terr\u00e0 infatti\u00a0 per iniziativa del Musal,\u00a0 &#8220;<\/span><\/span><span style=\"font-family: Arial, sans-serif;\"><span style=\"font-size: small;\"><i>In memoriam&#8221;<\/i><\/span><\/span><span style=\"font-family: Arial, sans-serif;\"><span style=\"font-size: small;\">, concerto dedicato a <\/span><\/span><span style=\"font-family: Arial, sans-serif;\"><span style=\"font-size: small;\">Valerio Da Pos <\/span><\/span><span style=\"font-family: Arial, sans-serif;\"><span style=\"font-size: small;\">del <\/span><\/span><span style=\"font-family: Arial, sans-serif;\"><span style=\"font-size: small;\">Quartetto d\u2019archi del Friuli e del Veneto <\/span><\/span><span style=\"font-family: Arial, sans-serif;\"><span style=\"font-size: small;\">di <\/span><\/span><span style=\"font-family: Arial, sans-serif;\"><span style=\"font-size: small;\">Guido Freschi<\/span><\/span><span style=\"font-family: Arial, sans-serif;\"><span style=\"font-size: small;\">, con letture dell&#8217;attore <\/span><\/span><span style=\"font-family: Arial, sans-serif;\"><span style=\"font-size: small;\">Sandro Buzzatti<\/span><\/span><span style=\"font-family: Arial, sans-serif;\"><span style=\"font-size: small;\">. Museo Albino Luciani intende\u00a0 omaggiare il grande poeta-contadino nato a Carfon di Canale d&#8217;Agordo nel 200esimo anniversario della morte. Un artista dotato di grande talento e carattere, genuinit\u00e0 e schiettezza, fermezza e ruvidezza, caratterizzato da un poetare satirico e tagliente. Ma soprattutto un uomo molto legato alla sua terra.\u00a0<\/span><\/span><\/p>\n<p>&nbsp;<\/p>\n<p>&nbsp;<\/p>\n<hr \/>\n<blockquote>\n<h3><a class=\"dt-pswp-item\" href=\"https:\/\/www.radiopiu.net\/wordpress\/wp-content\/uploads\/2020\/08\/5e84d772-7528-477a-80f3-fe19a9355a28.jpg\" data-dt-img-description=\"\" data-large_image_width=\"960\" data-large_image_height=\"720\"><img loading=\"lazy\" decoding=\"async\" class=\"size-thumbnail wp-image-155508 alignleft\" src=\"https:\/\/www.radiopiu.net\/wordpress\/wp-content\/uploads\/2020\/08\/5e84d772-7528-477a-80f3-fe19a9355a28-150x150.jpg\" alt=\"\" width=\"150\" height=\"150\" \/><\/a>OGGI E DOMANI IN VALLE DI SAN LUCANO&#8230; LA FESTA CON LA PROLOCO E LE ASSOCIAZIONI DEL PAESE. PER I PIU&#8217; PICCOLI LA MINICORRI IN VALLE, CORSA PODISTICA<\/h3>\n<\/blockquote>\n<p>&nbsp;<\/p>\n<p><strong>LO SPOT ALLA RADIO<\/strong><\/p>\n<audio class=\"wp-audio-shortcode\" id=\"audio-287181-4\" preload=\"none\" style=\"width: 100%;\" controls=\"controls\"><source type=\"audio\/mpeg\" src=\"https:\/\/www.radiopiu.net\/wordpress\/wp-content\/uploads\/2022\/07\/SAN-LUCANO-2022.mp3?_=4\" \/><a href=\"https:\/\/www.radiopiu.net\/wordpress\/wp-content\/uploads\/2022\/07\/SAN-LUCANO-2022.mp3\">https:\/\/www.radiopiu.net\/wordpress\/wp-content\/uploads\/2022\/07\/SAN-LUCANO-2022.mp3<\/a><\/audio>\n<p>&nbsp;<\/p>\n<p>&nbsp;<\/p>\n<hr \/>\n<p>&nbsp;<\/p>\n<blockquote>\n<h3><a class=\"dt-pswp-item\" href=\"https:\/\/www.radiopiu.net\/wordpress\/wp-content\/uploads\/2022\/07\/sss-2.jpg\" data-dt-img-description=\"\" data-large_image_width=\"297\" data-large_image_height=\"276\"><img loading=\"lazy\" decoding=\"async\" class=\"size-thumbnail wp-image-287095 alignleft\" src=\"https:\/\/www.radiopiu.net\/wordpress\/wp-content\/uploads\/2022\/07\/sss-2-150x150.jpg\" alt=\"\" width=\"150\" height=\"150\" \/><\/a>MUSICA NELL&#8217;AGORDINO, CONCERTO AL KASELO,<\/h3>\n<\/blockquote>\n<p>&nbsp;<\/p>\n<p><strong>LA VALLE<\/strong>\u00a0 Domenica 31 luglio alle 21 per iniziativa di Agordo Musica, concerto al Kaselo\u00a0 del paese (sala Valmassoni). I due Golfi Napoli e Venezia, con\u00a0 Pina Sabatini (chitarra e voce)<\/p>\n<audio class=\"wp-audio-shortcode\" id=\"audio-287181-5\" preload=\"none\" style=\"width: 100%;\" controls=\"controls\"><source type=\"audio\/mpeg\" src=\"https:\/\/www.radiopiu.net\/wordpress\/wp-content\/uploads\/2022\/07\/Intervista-Pina-Sabatini-Bepi-Santuzzo-x-la-Valle-31-luglio.mp3?_=5\" \/><a href=\"https:\/\/www.radiopiu.net\/wordpress\/wp-content\/uploads\/2022\/07\/Intervista-Pina-Sabatini-Bepi-Santuzzo-x-la-Valle-31-luglio.mp3\">https:\/\/www.radiopiu.net\/wordpress\/wp-content\/uploads\/2022\/07\/Intervista-Pina-Sabatini-Bepi-Santuzzo-x-la-Valle-31-luglio.mp3<\/a><\/audio>\n<p>&nbsp;<\/p>\n<p>&nbsp;<\/p>\n<p>\u200b<\/p>\n<hr \/>\n<p>&nbsp;<\/p>\n<blockquote>\n<h3>NEL CONSIGLIO COMUNALE DI RIVAMONTE GLI EQUILIBRI DI BILANCIO<\/h3>\n<\/blockquote>\n<p><strong>RIVAMONTE\u00a0<\/strong> Il sindaco Giovanni Nino Deon ha convocato il consiglio comunale per mercoledi 20 luglio alle 18.30. All&#8217;ordine del giorno la variazione di assestamento di bilancio e l&#8217;approvazione della modifica allo statuto dell&#8217;Azienda Speciale Consortile Agordina (Asca).<\/p>\n<p>&nbsp;<\/p>\n<p>&nbsp;<\/p>\n<hr \/>\n<p>&nbsp;<\/p>\n<blockquote>\n<h3>OGGI L&#8217;INAUGURAZIONE DEL DIPINTO MURALE A LA VIGNA DI SOSPIROLO<\/h3>\n<\/blockquote>\n<p><strong>SOSPIROLO<\/strong><\/p>\n<p>di Roberto Bona<\/p>\n<audio class=\"wp-audio-shortcode\" id=\"audio-287181-6\" preload=\"none\" style=\"width: 100%;\" controls=\"controls\"><source type=\"audio\/mpeg\" src=\"https:\/\/www.radiopiu.net\/wordpress\/wp-content\/uploads\/2022\/07\/BONA-INAUGURAZIONE-DIPINTO-MURALE-SOSPIROLO.mp3?_=6\" \/><a href=\"https:\/\/www.radiopiu.net\/wordpress\/wp-content\/uploads\/2022\/07\/BONA-INAUGURAZIONE-DIPINTO-MURALE-SOSPIROLO.mp3\">https:\/\/www.radiopiu.net\/wordpress\/wp-content\/uploads\/2022\/07\/BONA-INAUGURAZIONE-DIPINTO-MURALE-SOSPIROLO.mp3<\/a><\/audio>\n<p>&nbsp;<\/p>\n\n\t\t\t<style type='text\/css'>\n\t\t\t\t#gallery-3 {\n\t\t\t\t\tmargin: auto;\n\t\t\t\t}\n\t\t\t\t#gallery-3 .gallery-item {\n\t\t\t\t\tfloat: left;\n\t\t\t\t\tmargin-top: 10px;\n\t\t\t\t\ttext-align: center;\n\t\t\t\t\twidth: 33%;\n\t\t\t\t}\n\t\t\t\t#gallery-3 img {\n\t\t\t\t\tborder: 2px solid #cfcfcf;\n\t\t\t\t}\n\t\t\t\t#gallery-3 .gallery-caption {\n\t\t\t\t\tmargin-left: 0;\n\t\t\t\t}\n\t\t\t\t\/* see gallery_shortcode() in wp-includes\/media.php *\/\n\t\t\t<\/style>\n\t\t<div id='gallery-3' class='dt-gallery-container gallery galleryid-287181 gallery-columns-3 gallery-size-thumbnail'><dl class='gallery-item'>\n\t\t\t\t<dt class='gallery-icon landscape'>\n\t\t\t\t\t<a class=\"rollover rollover-zoom dt-pswp-item\" title=\"6409241b-8b17-46cd-b835-71116859cb78\" data-dt-img-description=\"\" data-large_image_width=\"583\" data-large_image_height=\"411\"href='https:\/\/www.radiopiu.net\/wordpress\/wp-content\/uploads\/2022\/07\/6409241b-8b17-46cd-b835-71116859cb78.jpg'><img loading=\"lazy\" decoding=\"async\" width=\"150\" height=\"150\" src=\"https:\/\/www.radiopiu.net\/wordpress\/wp-content\/uploads\/2022\/07\/6409241b-8b17-46cd-b835-71116859cb78-150x150.jpg\" class=\"attachment-thumbnail size-thumbnail\" alt=\"\" \/><\/a>\n\t\t\t\t<\/dt><\/dl><dl class='gallery-item'>\n\t\t\t\t<dt class='gallery-icon landscape'>\n\t\t\t\t\t<a class=\"rollover rollover-zoom dt-pswp-item\" title=\"227ff7cf-ce8b-458a-b7a5-d316ac19bbce\" data-dt-img-description=\"\" data-large_image_width=\"590\" data-large_image_height=\"337\"href='https:\/\/www.radiopiu.net\/wordpress\/wp-content\/uploads\/2022\/07\/227ff7cf-ce8b-458a-b7a5-d316ac19bbce.jpg'><img loading=\"lazy\" decoding=\"async\" width=\"150\" height=\"150\" src=\"https:\/\/www.radiopiu.net\/wordpress\/wp-content\/uploads\/2022\/07\/227ff7cf-ce8b-458a-b7a5-d316ac19bbce-150x150.jpg\" class=\"attachment-thumbnail size-thumbnail\" alt=\"\" \/><\/a>\n\t\t\t\t<\/dt><\/dl><dl class='gallery-item'>\n\t\t\t\t<dt class='gallery-icon landscape'>\n\t\t\t\t\t<a class=\"rollover rollover-zoom dt-pswp-item\" title=\"937feaa9-0d8c-4d9d-8b7f-d5fd776ae453\" data-dt-img-description=\"\" data-large_image_width=\"602\" data-large_image_height=\"278\"href='https:\/\/www.radiopiu.net\/wordpress\/wp-content\/uploads\/2022\/07\/937feaa9-0d8c-4d9d-8b7f-d5fd776ae453.jpg'><img loading=\"lazy\" decoding=\"async\" width=\"150\" height=\"150\" src=\"https:\/\/www.radiopiu.net\/wordpress\/wp-content\/uploads\/2022\/07\/937feaa9-0d8c-4d9d-8b7f-d5fd776ae453-150x150.jpg\" class=\"attachment-thumbnail size-thumbnail\" alt=\"\" \/><\/a>\n\t\t\t\t<\/dt><\/dl><br style=\"clear: both\" \/>\n\t\t\t<\/div>\n\n<p>&nbsp;<\/p>\n<hr \/>\n<p>&nbsp;<\/p>\n<blockquote class=\"wp-embedded-content\" data-secret=\"2MabLGpJgK\"><p><a href=\"https:\/\/www.radiopiu.net\/wordpress\/diario-di-bordo-giorno15\/\">DIARIO DI BORDO, GIORNO 12&#8230; di Claudia Soppelsa<\/a><\/p><\/blockquote>\n<p><iframe loading=\"lazy\" class=\"wp-embedded-content\" sandbox=\"allow-scripts\" security=\"restricted\" style=\"position: absolute; clip: rect(1px, 1px, 1px, 1px);\" title=\"&#8220;DIARIO DI BORDO, GIORNO 12&#8230; di Claudia Soppelsa&#8221; &#8212; Radio Pi\u00f9\" src=\"https:\/\/www.radiopiu.net\/wordpress\/diario-di-bordo-giorno15\/embed\/#?secret=eMX2G6nv7e#?secret=2MabLGpJgK\" data-secret=\"2MabLGpJgK\" width=\"600\" height=\"338\" frameborder=\"0\" marginwidth=\"0\" marginheight=\"0\" scrolling=\"no\"><\/iframe><\/p>\n<p>&nbsp;<\/p>\n<p>&nbsp;<\/p>\n<hr \/>\n<p>&nbsp;<\/p>\n<blockquote>\n<blockquote>\n<h3>CICLINVALLE 2022, DA AGORDO ALLA VALLE DI SAN LUCANO: IL RITORNO DOMENICA 24 LUGLIO<\/h3>\n<\/blockquote>\n<p class=\"Nessunaspaziatura\" style=\"text-align: justify; line-height: 115%;\"><span lang=\"IT\" style=\"font-size: 12.0pt; line-height: 115%;\"><strong><a class=\"dt-pswp-item\" href=\"https:\/\/www.radiopiu.net\/wordpress\/wp-content\/uploads\/2021\/06\/cicli-8.jpg\" data-dt-img-description=\"\" data-large_image_width=\"1280\" data-large_image_height=\"960\"><img loading=\"lazy\" decoding=\"async\" class=\"size-thumbnail wp-image-215029 alignleft\" src=\"https:\/\/www.radiopiu.net\/wordpress\/wp-content\/uploads\/2021\/06\/cicli-8-150x150.jpg\" alt=\"\" width=\"150\" height=\"150\" \/><\/a>AGORDO<\/strong> Anticipata di un mese rispetto alla data tradizionale ritorna la 28\u00b0 corsa ciclistica non competitiva di 10 km denominata \u201cCiclinvalle\u201d. <\/span><span style=\"font-size: 12pt;\">Appuntamento domenica 24 luglio 2022 con raduno dei partecipanti alle 9.45 presso il piazzale Peppino Impastato (Parcheggio Tamonich) e successiva sfilata fino alla sede di partenza ufficiale delle ore 10.00 in localit\u00e0 Valcozzena. <\/span><span lang=\"IT\" style=\"font-size: 12.0pt; line-height: 115%;\">La pedalata non competitiva si svilupper\u00e0 dal comune di Agordo raggiungendo la localit\u00e0 Col di Pr\u00e0 in comune di Taibon Agordino percorrendo la spettacolare Valle di San Lucano. <\/span><span lang=\"IT\" style=\"font-size: 12.0pt; line-height: 115%;\">Dalle 12.00 la Pro Loco di Taibon Agordino organizzer\u00e0 un pasta party presso la Chiesetta di San Lucano, sulla strada di ritorno verso Agordo. <\/span><span lang=\"IT\" style=\"font-size: 12.0pt; line-height: 115%;\">Alle 14.00, nella stessa localit\u00e0, ci sar\u00e0 la consegna dei riconoscimenti e l\u2019estrazione dei premi della lotteria. <\/span><span lang=\"IT\" style=\"font-size: 12.0pt; line-height: 115%;\">La manifestazione \u00e8 organizzata dalla ASD Attivamente Scuola e Sport per sostenere Unicef, fondazione Onlus che si occupa di assistenza umanitaria per i bambini e le loro madri in tutto il mondo.\u00a0<\/span><span lang=\"IT\" style=\"font-size: 12.0pt; line-height: 115%;\">Le iscrizioni si possono perfezionare sabato 23 luglio presso la Piscina Comprensoriale di Agordo dalle 16.00 alle 19.00 e domenica 24 luglio presso la Scuola Primaria di Agordo dalle 8.30 alle 9.30.<\/span><\/p>\n<\/blockquote>\n<p>&nbsp;<\/p>\n<p>&nbsp;<\/p>\n<hr \/>\n<p>&nbsp;<\/p>\n<p>&nbsp;<\/p>\n<blockquote class=\"wp-embedded-content\" data-secret=\"1aBf1Gphrk\"><p><a href=\"https:\/\/www.radiopiu.net\/wordpress\/commemorazione-dei-200-anni-dalla-morte-di-valerio-da-pos\/\">IL NUOVO GRAFFITO DI DUNIO, A CARFON TRA ARTE E POESIA<\/a><\/p><\/blockquote>\n<p><iframe loading=\"lazy\" class=\"wp-embedded-content\" sandbox=\"allow-scripts\" security=\"restricted\" style=\"position: absolute; clip: rect(1px, 1px, 1px, 1px);\" title=\"&#8220;IL NUOVO GRAFFITO DI DUNIO, A CARFON TRA ARTE E POESIA&#8221; &#8212; Radio Pi\u00f9\" src=\"https:\/\/www.radiopiu.net\/wordpress\/commemorazione-dei-200-anni-dalla-morte-di-valerio-da-pos\/embed\/#?secret=whj13xrt9V#?secret=1aBf1Gphrk\" data-secret=\"1aBf1Gphrk\" width=\"600\" height=\"338\" frameborder=\"0\" marginwidth=\"0\" marginheight=\"0\" scrolling=\"no\"><\/iframe><\/p>\n<p>&nbsp;<\/p>\n<hr \/>\n<blockquote>\n<h3><\/h3>\n<h3>DOMANI 17 LUGLIO LE COMMEMORAZIONI DEL SACRIFICIO DEI PARTIGIANI<\/h3>\n<\/blockquote>\n<p><strong><a class=\"dt-pswp-item\" href=\"https:\/\/www.radiopiu.net\/wordpress\/wp-content\/uploads\/2022\/07\/partigiani-San-Felice.jpg\" data-dt-img-description=\"\" data-large_image_width=\"768\" data-large_image_height=\"375\"><img loading=\"lazy\" decoding=\"async\" class=\"size-thumbnail wp-image-284766 alignleft\" src=\"https:\/\/www.radiopiu.net\/wordpress\/wp-content\/uploads\/2022\/07\/partigiani-San-Felice-150x150.jpg\" alt=\"\" width=\"150\" height=\"150\" \/><\/a>SEDICO\/BORGO VALBELLUNA<\/strong><\/p>\n<p>di Roberto Bona<\/p>\n<audio class=\"wp-audio-shortcode\" id=\"audio-287181-7\" preload=\"none\" style=\"width: 100%;\" controls=\"controls\"><source type=\"audio\/mpeg\" src=\"https:\/\/www.radiopiu.net\/wordpress\/wp-content\/uploads\/2022\/07\/BONA-LE-COMMEMORAZIONE-DEL-SACRIFICIO-DEI-PARTIGIANI.mp3?_=7\" \/><a href=\"https:\/\/www.radiopiu.net\/wordpress\/wp-content\/uploads\/2022\/07\/BONA-LE-COMMEMORAZIONE-DEL-SACRIFICIO-DEI-PARTIGIANI.mp3\">https:\/\/www.radiopiu.net\/wordpress\/wp-content\/uploads\/2022\/07\/BONA-LE-COMMEMORAZIONE-DEL-SACRIFICIO-DEI-PARTIGIANI.mp3<\/a><\/audio>\n<p>&nbsp;<\/p>\n<p>&nbsp;<\/p>\n<hr \/>\n<p>&nbsp;<\/p>\n<blockquote>\n<h3>EL CANAL DE AGORT<\/h3>\n<\/blockquote>\n<p><strong>AGORDO<\/strong> Presso il museo in via 5 maggio ad Agordo si pu\u00f2 visitare la mostra &#8220;El Canal De Agort&#8221; storia ed archeologia da San Gottardo alla Conca Agordina. La mostra \u00e8 visitabile dal gioved\u00ec alla domenica dalle 9:30 alle 12:30 e dalle16 alle 19 fino al 4 settembre.<\/p>\n<p>&nbsp;<\/p>\n<hr \/>\n<p>&nbsp;<\/p>\n<blockquote>\n<h3>ECHI DI CORI A MALGA CIAPELA<\/h3>\n<\/blockquote>\n<p><strong>ROCCA PIETORE<\/strong> Oggi a Malga Gran Pian in localit\u00e0 Malga Ciapela e a Sottoguda, il Coro Luned\u00ec di Roma sar\u00e0 in concerto per &#8220;Echi di Cori&#8221;. Alle 11 appuntamento a Malga Ciapela mentre alle 16 la location sar\u00e0 il Borgo di Sottoguda. Entrata a offerta libera.<\/p>\n<p>&nbsp;<\/p>\n<p>&nbsp;<\/p>\n<hr \/>\n<p>&nbsp;<\/p>\n<blockquote>\n<h3>LA MOSTRA DI ALBINO MEZZACASA A CENCENIGHE<\/h3>\n<\/blockquote>\n<p><strong>CENCENIGHE<\/strong> Sar\u00e0 visitabile dal 23 luglio e fino al 14 agosto la mostra di scultura di Albino Mezzacasa presso il Nof Fil\u00f2 di Cencenighe. Gli orari delle visite: nei giorni feriali dalle 17:30 alle 21, sabato e domenica dalle 10 alle 12 e dalle 17:30 alle 21.<\/p>\n<p>&nbsp;<\/p>\n<p>&nbsp;<\/p>\n<hr \/>\n<p>&nbsp;<\/p>\n<blockquote>\n<h3>DALLA CARTA AL LEGNO DI BRUNO DE PELLEGRIN<br \/>\nDal 23 luglio al 25 settembre a Fusine, dalle 15 alle 19 con ingresso libero, chiuso il lunedi<\/h3>\n<\/blockquote>\n<p><strong>VAL DI ZOLDO<\/strong>\u00a0 \u00a0<span dir=\"ltr\" role=\"presentation\">Dipinti e disegni di una ventina di autori di fama internazionale<\/span><span dir=\"ltr\" role=\"presentation\"> costituiscono i \u201ccartoni\u201d di <\/span><span dir=\"ltr\" role=\"presentation\">altrettante tarsie realizzate dal poliedrico artista zoldano recentemente <\/span><span dir=\"ltr\" role=\"presentation\">scomparso e saranno esposti da luglio a settembre nella sala polifunzionale di <\/span><span dir=\"ltr\" role=\"presentation\">Fusine di Val di Zoldo. <\/span><span dir=\"ltr\" role=\"presentation\">La mostra sar\u00e0 inoltre completata da una ricostruzione del suo <\/span><span dir=\"ltr\" role=\"presentation\">studio, dove sar\u00e0 possibile assistere a varie fasi di realizzazione di una tarsia. <\/span><span dir=\"ltr\" role=\"presentation\">La mostra \u00e8 stata ideata e organizzata dall\u2019associazione Mont de Vie in <\/span><span dir=\"ltr\" role=\"presentation\">collaborazione con la famiglia di Bruno e con i Comuni di Val di Zoldo e Zopp\u00e8 di <\/span><span dir=\"ltr\" role=\"presentation\">Cadore.\u00a0\u00a0<\/span><\/p>\n<p>&nbsp;<\/p>\n<p>&nbsp;<\/p>\n<hr \/>\n<p>&nbsp;<\/p>\n<blockquote>\n<h3>FINE SETTIMANA CON IL CAI DI AGORDO SUL GRUPPO DI CIMA D&#8217;ASTA<\/h3>\n<\/blockquote>\n<p><strong>AGORDO<\/strong> Dopo vent\u2019anni, oggi e domani, viene riproposto questo bellissimo giro ad anello sul Gruppo di Cima D&#8217;Asta\u00a0 in luoghi ancora selvaggi ed incontaminati, ma soprattutto si salir\u00e0 la vetta pi\u00f9 alta dei Lagorai, la Cima d\u2019Asta \u201cil Cimone o El Zim\u00f2n\u201d per i Trentini, montagna austera e severa per la roccia scura granitica, isolata dalla dorsale principale del gruppo omonimo che dal Passo Rolle con la vetta del Colbricon ed una serie interminabile di cime, giunge in Valsugana; dalla sommit\u00e0 si apre un panorama da mozzafiato a 360\u00b0gradi. Escursione interessante per il contesto paesaggistico e naturalistico con il pernottamento presso lo storico Rifugio \u201c Ottone Brentari \u201c alla Cima d\u2019Asta sorto nel 1908 e collocato nei pressi del pittoresco specchio d\u2019acqua. Escursione \u00a0classificata<strong> EE<\/strong> che per impegno e dislivelli, richiede un buon allenamento. Iscrizioni gi\u00e0 chiuse.<\/p>\n<p>&nbsp;<\/p>\n<p>&nbsp;<\/p>\n<hr \/>\n<p>&nbsp;<\/p>\n<blockquote>\n<blockquote>\n<h3>MARMOLADA, RACCOLTA FONDI PER I FIGLI DI ERICA E DAVIDE<\/h3>\n<\/blockquote>\n<p><strong>MONTEBELLUNA\u00a0<\/strong> Un gruppo di compagni di scalata, in accordo con la famiglia, ha avviato una raccolta fondi online a favore dei figli di Erica Campagnaro e Davide Miotti, i coniugi di Cittadella (Padova) morti il 3 luglio nel disastro della Marmolada. L&#8217;iniziativa a favore di Ettore e Karen, 16 e 24 anni, \u00e8 stata attivata dalla sezione di Castelfranco Veneto (Treviso) del Club Alpino Italiano, dove la coppia era socia da diversi anni e dove Davide collaborava dal 1996 in qualit\u00e0 di istruttore nazionale con la Scuola di Alpinismo, Sci Alpinismo e Arrampicata Libera &#8220;Le Torri&#8221;. La raccolta \u00e8 attiva\u00a0 sul sito &#8220;Rete del Dono&#8221; e, nelle intenzioni del Cai castellano in collaborazione con la sezione di Cittadella, servir\u00e0 ad aiutare Ettore e Karen ad affrontare le difficolt\u00e0 contingenti e a rendere meno complesso il loro futuro, puntando a raccogliere almeno 50.000 euro. \u00a0 \u00a0 Partecipe dell&#8217;iniziativa anche il Collegio Veneto Guide Alpine e Accompagnatori di Media Montagna, di cui Davide Miotti faceva parte<\/p>\n<p><img loading=\"lazy\" decoding=\"async\" class=\"\" src=\"https:\/\/www.radiopiu.net\/wordpress\/wp-content\/uploads\/2022\/07\/d7685b5c71130b38fb74dc18851cfd01.jpg\" width=\"229\" height=\"129\" \/><\/p><\/blockquote>\n<p>&nbsp;<\/p>\n<hr \/>\n<p>&nbsp;<\/p>\n<blockquote>\n<h3>L&#8217;OPINIONE DI FRANCO PIACENTINI&#8230;LE ULTIME ORE DEL GOVERNO<\/h3>\n<\/blockquote>\n<p><strong><a class=\"dt-pswp-item\" href=\"https:\/\/www.radiopiu.net\/wordpress\/wp-content\/uploads\/2022\/07\/DRAGHI.jpg\" data-dt-img-description=\"\" data-large_image_width=\"1800\" data-large_image_height=\"1265\"><img loading=\"lazy\" decoding=\"async\" class=\"size-thumbnail wp-image-287265 alignleft\" src=\"https:\/\/www.radiopiu.net\/wordpress\/wp-content\/uploads\/2022\/07\/DRAGHI-150x150.jpg\" alt=\"\" width=\"150\" height=\"150\" \/><\/a>REDAZIONE<\/strong> Riceviamo e pubblichiamo un&#8217;opinione di Franco Piacentini riguardo le vicende delle ultime ore sul Governo Draghi<\/p>\n<blockquote><p><em>Veramente inaccettabile il comportamento di alcuni personaggi della politica italiana, che con disinvoltura stanno portando il Paese nel baratro di una incredibile crisi di Governo. Per fortuna che l&#8217;Italia ha un grande Capo dello Stato che con grandissima saggezza ha respinto le dimissioni del premier Mario Draghi. Ora spetta alla Camera e al Senato (auspicando responsabilit\u00e0 e attaccamento alla Costituzione) decidere se portare a termine questo mandato parlamentare. Vedremo. Con la sanguinosa guerra alle porte dell&#8217; Europa, con l&#8217;inflazione alle stelle, con la perdita del potere d&#8217;acquisto delle retribuzioni e delle pensioni, con il tavolo di concertazione Governo &#8211; Cgil Cisl Uil avviato, con i drammi ambientali presenti\u00a0da mesi in molte regioni, con le sofferenze umane di disabili e non autosufficienti, con la pandemia che ha ripreso la corsa dei contagi e a provocare\u00a0altri morti, \u00e8 irresponsabilit\u00e0 politica far cadere il Governo. Onorevoli e Senatori, evitate di scaraventare il Paese nel burrone della instabilit\u00e0 governativa.\u00a0<\/em><\/p>\n<p><em>Franco Piacentini\u00a0<\/em><\/p><\/blockquote>\n<p>&nbsp;<\/p>\n<p>&nbsp;<\/p>\n<hr \/>\n<p>&nbsp;<\/p>\n<h1>IERI ALLA RADIO<\/h1>\n<blockquote><p><em><img loading=\"lazy\" decoding=\"async\" class=\"alignleft\" src=\"https:\/\/www.radiopiu.net\/wordpress\/wp-content\/uploads\/2022\/02\/IMG_20210727_120017-scaled.jpg\" width=\"159\" height=\"119\" \/><br \/>\n<\/em><\/p><\/blockquote>\n<p><strong>NICOLA DE ZORDI E GALVANO DOTTA<\/strong><\/p>\n<p>&nbsp;<\/p>\n<p>&nbsp;<\/p>\n<p>&nbsp;<\/p>\n<p><span style=\"color: #ff0000;\"><strong>SESTA PARTE<\/strong><\/span> 15 07 2022 15<\/p>\n<p><strong>AUDIO<\/strong><\/p>\n<audio class=\"wp-audio-shortcode\" id=\"audio-287181-8\" preload=\"none\" style=\"width: 100%;\" controls=\"controls\"><source type=\"audio\/mpeg\" src=\"https:\/\/www.radiopiu.net\/wordpress\/wp-content\/uploads\/2022\/07\/GALVANO-SAM-VENERDI-MATTINA.mp3?_=8\" \/><a href=\"https:\/\/www.radiopiu.net\/wordpress\/wp-content\/uploads\/2022\/07\/GALVANO-SAM-VENERDI-MATTINA.mp3\">https:\/\/www.radiopiu.net\/wordpress\/wp-content\/uploads\/2022\/07\/GALVANO-SAM-VENERDI-MATTINA.mp3<\/a><\/audio>\n<p>&nbsp;<\/p>\n<p>LA RACCOLTA COMPLETA<\/p>\n<blockquote class=\"wp-embedded-content\" data-secret=\"BBXAoyagjV\"><p><a href=\"https:\/\/www.radiopiu.net\/wordpress\/terzaparte\/\">La Fitoterapia delle Dolomiti  &#8211; QUINTA parte<\/a><\/p><\/blockquote>\n<p><iframe loading=\"lazy\" class=\"wp-embedded-content\" sandbox=\"allow-scripts\" security=\"restricted\" style=\"position: absolute; clip: rect(1px, 1px, 1px, 1px);\" title=\"&#8220;La Fitoterapia delle Dolomiti  &#8211; QUINTA parte&#8221; &#8212; Radio Pi\u00f9\" src=\"https:\/\/www.radiopiu.net\/wordpress\/terzaparte\/embed\/#?secret=QmVFJAjE2b#?secret=BBXAoyagjV\" data-secret=\"BBXAoyagjV\" width=\"600\" height=\"338\" frameborder=\"0\" marginwidth=\"0\" marginheight=\"0\" scrolling=\"no\"><\/iframe><\/p>\n<p>&nbsp;<\/p>\n<hr \/>\n<p>&nbsp;<\/p>\n<h2><span style=\"color: #008080;\">&#8220;DINTORN E FORA VIA&#8221; A CURA DEL MUSLA, IL NUOVO PROGRAMMA\u00a0 \u00a0<\/span><\/h2>\n<p><strong><a class=\"dt-pswp-item\" href=\"https:\/\/www.radiopiu.net\/wordpress\/wp-content\/uploads\/2022\/07\/6e87a52f-ce61-4dd1-a0f2-a0b12407bea9.jpg\" data-dt-img-description=\"\" data-large_image_width=\"940\" data-large_image_height=\"788\"><img loading=\"lazy\" decoding=\"async\" class=\"wp-image-286617 alignleft\" src=\"https:\/\/www.radiopiu.net\/wordpress\/wp-content\/uploads\/2022\/07\/6e87a52f-ce61-4dd1-a0f2-a0b12407bea9-300x251.jpg\" alt=\"\" width=\"165\" height=\"138\" srcset=\"https:\/\/www.radiopiu.net\/wordpress\/wp-content\/uploads\/2022\/07\/6e87a52f-ce61-4dd1-a0f2-a0b12407bea9-300x251.jpg 300w, https:\/\/www.radiopiu.net\/wordpress\/wp-content\/uploads\/2022\/07\/6e87a52f-ce61-4dd1-a0f2-a0b12407bea9-768x644.jpg 768w, https:\/\/www.radiopiu.net\/wordpress\/wp-content\/uploads\/2022\/07\/6e87a52f-ce61-4dd1-a0f2-a0b12407bea9.jpg 940w\" sizes=\"auto, (max-width: 165px) 100vw, 165px\" \/><\/a>PUNTATA DEL 12 LUGLIO 2022-\u00a0 BEATRICE COLCUC\u00a0\u00a0<\/strong><\/p>\n<audio class=\"wp-audio-shortcode\" id=\"audio-287181-9\" preload=\"none\" style=\"width: 100%;\" controls=\"controls\"><source type=\"audio\/mpeg\" src=\"https:\/\/www.radiopiu.net\/wordpress\/wp-content\/uploads\/2022\/07\/MUSLA-1.mp3?_=9\" \/><a href=\"https:\/\/www.radiopiu.net\/wordpress\/wp-content\/uploads\/2022\/07\/MUSLA-1.mp3\">https:\/\/www.radiopiu.net\/wordpress\/wp-content\/uploads\/2022\/07\/MUSLA-1.mp3<\/a><\/audio>\n<p>&nbsp;<\/p>\n<p><strong>LA RACCOLTA COMPLETA<\/strong><\/p>\n<blockquote class=\"wp-embedded-content\" data-secret=\"67mkv7uBYk\"><p><a href=\"https:\/\/www.radiopiu.net\/wordpress\/musla\/\">MUSLA<\/a><\/p><\/blockquote>\n<p><iframe loading=\"lazy\" class=\"wp-embedded-content\" sandbox=\"allow-scripts\" security=\"restricted\" style=\"position: absolute; clip: rect(1px, 1px, 1px, 1px);\" title=\"&#8220;MUSLA&#8221; &#8212; Radio Pi\u00f9\" src=\"https:\/\/www.radiopiu.net\/wordpress\/musla\/embed\/#?secret=PQBoCapkSI#?secret=67mkv7uBYk\" data-secret=\"67mkv7uBYk\" width=\"600\" height=\"338\" frameborder=\"0\" marginwidth=\"0\" marginheight=\"0\" scrolling=\"no\"><\/iframe><\/p>\n<h3><\/h3>\n<p>&nbsp;<\/p>\n<hr \/>\n<p>&nbsp;<\/p>\n<p>&nbsp;<\/p>\n<blockquote class=\"wp-embedded-content\" data-secret=\"Mj3PFq65W7\"><p><a href=\"https:\/\/www.radiopiu.net\/wordpress\/ritrovata-una-pietra-a-forno-val-potrebbe-essere-lacquasantiera-del-vescovo-malloni\/\">RITROVATA UNA PIETRA A FORNO VAL, POTREBBE ESSERE L&#8217;ACQUASANTIERA DEL VESCOVO MALLONI<\/a><\/p><\/blockquote>\n<p><iframe loading=\"lazy\" class=\"wp-embedded-content\" sandbox=\"allow-scripts\" security=\"restricted\" style=\"position: absolute; clip: rect(1px, 1px, 1px, 1px);\" title=\"&#8220;RITROVATA UNA PIETRA A FORNO VAL, POTREBBE ESSERE L&#8217;ACQUASANTIERA DEL VESCOVO MALLONI&#8221; &#8212; Radio Pi\u00f9\" src=\"https:\/\/www.radiopiu.net\/wordpress\/ritrovata-una-pietra-a-forno-val-potrebbe-essere-lacquasantiera-del-vescovo-malloni\/embed\/#?secret=VE3WHY2WyR#?secret=Mj3PFq65W7\" data-secret=\"Mj3PFq65W7\" width=\"600\" height=\"338\" frameborder=\"0\" marginwidth=\"0\" marginheight=\"0\" scrolling=\"no\"><\/iframe><\/p>\n<p>&nbsp;<\/p>\n<hr \/>\n<p>&nbsp;<\/p>\n<p>&nbsp;<\/p>\n<blockquote>\n<h3><a class=\"dt-pswp-item\" href=\"https:\/\/www.radiopiu.net\/wordpress\/wp-content\/uploads\/2022\/07\/fonda.jpg\" data-dt-img-description=\"\" data-large_image_width=\"560\" data-large_image_height=\"369\"><img loading=\"lazy\" decoding=\"async\" class=\"size-thumbnail wp-image-286801 alignleft\" src=\"https:\/\/www.radiopiu.net\/wordpress\/wp-content\/uploads\/2022\/07\/fonda-150x150.jpg\" alt=\"\" width=\"150\" height=\"150\" \/><\/a>LA VISITA DEL CARDINALE PAROLIN, IL PROGRAMMA<\/h3>\n<\/blockquote>\n<p>&nbsp;<\/p>\n<p><strong>CANALE D&#8217;AGORDO<\/strong> La Fondazione Papa Luciani ha ufficializzato il programma in occasione della visita del Cardinale Pietro Parolin, Segretario di Sua Santit\u00e0 Papa Francesco a Canale d&#8217;Agordo, giovedi 21 luglio.<\/p>\n<p>Alle 10 a fare gli onori di casa il\u00a0 sindaco Flavio Colcergnan e l&#8217;amministratore parrocchiale Don Matteo Colle, alle\u00a0 10.30 la Visita alla Casa Natale di Papa Luciani<\/p>\n<p>Per maggiori informazioni: FONDAZIONE PAPA LUCIANI\u00a0 www.musal.it\u00a0 \u00a0 info@fondazionepapaluciani.com<\/p>\n<p>&nbsp;<\/p>\n<p>&nbsp;<\/p>\n<p>&nbsp;<\/p>\n<hr \/>\n<p>&nbsp;<\/p>\n<div>\n<div class=\"b654a4as d2edcug0\">\n<div class=\"rq0escxv hkbzh7o3 jwdofwj8 n8tt0mok r8blr3vg hyh9befq\">\n<p><a class=\"dt-pswp-item\" href=\"https:\/\/www.radiopiu.net\/wordpress\/wp-content\/uploads\/2020\/10\/pp.jpg\" data-dt-img-description=\"\" data-large_image_width=\"640\" data-large_image_height=\"640\"><img loading=\"lazy\" decoding=\"async\" class=\"wp-image-163678 alignleft\" src=\"https:\/\/www.radiopiu.net\/wordpress\/wp-content\/uploads\/2020\/10\/pp-300x300.jpg\" alt=\"\" width=\"106\" height=\"106\" srcset=\"https:\/\/www.radiopiu.net\/wordpress\/wp-content\/uploads\/2020\/10\/pp-300x300.jpg 300w, https:\/\/www.radiopiu.net\/wordpress\/wp-content\/uploads\/2020\/10\/pp-150x150.jpg 150w, https:\/\/www.radiopiu.net\/wordpress\/wp-content\/uploads\/2020\/10\/pp-125x125.jpg 125w, https:\/\/www.radiopiu.net\/wordpress\/wp-content\/uploads\/2020\/10\/pp-200x200.jpg 200w, https:\/\/www.radiopiu.net\/wordpress\/wp-content\/uploads\/2020\/10\/pp-80x80.jpg 80w, https:\/\/www.radiopiu.net\/wordpress\/wp-content\/uploads\/2020\/10\/pp-480x480.jpg 480w, https:\/\/www.radiopiu.net\/wordpress\/wp-content\/uploads\/2020\/10\/pp.jpg 640w\" sizes=\"auto, (max-width: 106px) 100vw, 106px\" \/><\/a><\/p>\n<\/div>\n<\/div>\n<\/div>\n<div>\n<div class=\"page-title-head hgroup\">\n<div class=\"page-title-head hgroup\">\n<div class=\"b654a4as d2edcug0\">\n<div class=\"j83agx80 btwxx1t3 lhclo0ds hop8lmos nkwizq5d scwd0bx6 roh60bw9\">\n<div class=\"rq0escxv hkbzh7o3 jwdofwj8 n8tt0mok r8blr3vg hyh9befq\">\n<div class=\"do00u71z l9j0dhe7 k4urcfbm\">\n<h2><span style=\"color: #000080;\">DON CESARE, IL PENSIERO DEL GIORNO. ALLA RADIO ALLE 7 DEL MATTINO E ALLE 19.30 DELLA SERA.\u00a0<\/span><\/h2>\n<audio class=\"wp-audio-shortcode\" id=\"audio-287181-10\" preload=\"none\" style=\"width: 100%;\" controls=\"controls\"><source type=\"audio\/mpeg\" src=\"https:\/\/www.radiopiu.net\/wordpress\/wp-content\/uploads\/2022\/07\/cesare-4.mp3?_=10\" \/><a href=\"https:\/\/www.radiopiu.net\/wordpress\/wp-content\/uploads\/2022\/07\/cesare-4.mp3\">https:\/\/www.radiopiu.net\/wordpress\/wp-content\/uploads\/2022\/07\/cesare-4.mp3<\/a><\/audio>\n<p>&nbsp;<\/p>\n<p>&nbsp;<\/p>\n<\/div>\n<\/div>\n<\/div>\n<\/div>\n<\/div>\n<\/div>\n<\/div>\n<hr \/>\n<p>&nbsp;<\/p>\n<div class=\"do00u71z l9j0dhe7 k4urcfbm\">\n<div class=\"page-title-head hgroup\">\n<div class=\"page-title-head hgroup\">\n<div class=\"b654a4as d2edcug0\">\n<div class=\"j83agx80 btwxx1t3 lhclo0ds hop8lmos nkwizq5d scwd0bx6 roh60bw9\">\n<div class=\"rq0escxv hkbzh7o3 jwdofwj8 n8tt0mok r8blr3vg hyh9befq\">\n<div class=\"do00u71z l9j0dhe7 k4urcfbm\">\n<div class=\"page-title-head hgroup\">\n<div class=\"page-title-head hgroup\">\n<div class=\"b654a4as d2edcug0\">\n<div class=\"j83agx80 btwxx1t3 lhclo0ds hop8lmos nkwizq5d scwd0bx6 roh60bw9\">\n<div class=\"rq0escxv hkbzh7o3 jwdofwj8 n8tt0mok r8blr3vg hyh9befq\">\n<div class=\"do00u71z l9j0dhe7 k4urcfbm\">\n<div class=\"ecm0bbzt e5nlhep0 a8c37x1j\">\n<div class=\"kvgmc6g5 cxmmr5t8 oygrvhab hcukyx3x c1et5uql\">\n<div class=\"gmail-kvgmc6g5 gmail-cxmmr5t8 gmail-oygrvhab gmail-hcukyx3x gmail-c1et5uql gmail-ii04i59q\">\n<div class=\"page-title-head hgroup\">\n<div class=\"page-title-head hgroup\">\n<div class=\"b654a4as d2edcug0\">\n<div class=\"j83agx80 btwxx1t3 lhclo0ds hop8lmos nkwizq5d scwd0bx6 roh60bw9\">\n<div class=\"rq0escxv hkbzh7o3 jwdofwj8 n8tt0mok r8blr3vg hyh9befq\">\n<div class=\"do00u71z l9j0dhe7 k4urcfbm\">\n<div class=\"page-title-head hgroup\">\n<div class=\"page-title-head hgroup\">\n<div class=\"b654a4as d2edcug0\">\n<div class=\"j83agx80 btwxx1t3 lhclo0ds hop8lmos nkwizq5d scwd0bx6 roh60bw9\">\n<div class=\"rq0escxv hkbzh7o3 jwdofwj8 n8tt0mok r8blr3vg hyh9befq\">\n<div class=\"do00u71z l9j0dhe7 k4urcfbm\">\n<div class=\"page-title-head hgroup\">\n<div class=\"page-title-head hgroup\">\n<div class=\"b654a4as d2edcug0\">\n<div class=\"j83agx80 btwxx1t3 lhclo0ds hop8lmos nkwizq5d scwd0bx6 roh60bw9\">\n<div class=\"rq0escxv hkbzh7o3 jwdofwj8 n8tt0mok r8blr3vg hyh9befq\">\n<div class=\"do00u71z l9j0dhe7 k4urcfbm\">\n<div class=\"ecm0bbzt e5nlhep0 a8c37x1j\">\n<div class=\"kvgmc6g5 cxmmr5t8 oygrvhab hcukyx3x c1et5uql\">\n<div class=\"gmail-kvgmc6g5 gmail-cxmmr5t8 gmail-oygrvhab gmail-hcukyx3x gmail-c1et5uql gmail-ii04i59q\">\n<div class=\"page-title-head hgroup\">\n<div class=\"page-title-head hgroup\">\n<div class=\"b654a4as d2edcug0\">\n<div class=\"j83agx80 btwxx1t3 lhclo0ds hop8lmos nkwizq5d scwd0bx6 roh60bw9\">\n<div class=\"rq0escxv hkbzh7o3 jwdofwj8 n8tt0mok r8blr3vg hyh9befq\">\n<div class=\"do00u71z l9j0dhe7 k4urcfbm\">\n<blockquote>\n<h3><span style=\"color: #ff0000;\">IN VIVO VERSO,\u00a0 RIASCOLTIAMOLE DAL LUNEDI AL VENERDI ALLE 7.10, 10.10, 18 50<\/span><\/h3>\n<h3>RIASCOLTIAMOLE, STAGIONE 2019_2020 MYRTA DE RIZ &#8220;E LA NOTTE&#8221;<\/h3>\n<\/blockquote>\n<p>AUDIO<\/p>\n<audio class=\"wp-audio-shortcode\" id=\"audio-287181-11\" preload=\"none\" style=\"width: 100%;\" controls=\"controls\"><source type=\"audio\/mpeg\" src=\"https:\/\/www.radiopiu.net\/wordpress\/wp-content\/uploads\/2022\/07\/05-MYRTA-DE-RIZ-E-LA-NOTTE.mp3?_=11\" \/><a href=\"https:\/\/www.radiopiu.net\/wordpress\/wp-content\/uploads\/2022\/07\/05-MYRTA-DE-RIZ-E-LA-NOTTE.mp3\">https:\/\/www.radiopiu.net\/wordpress\/wp-content\/uploads\/2022\/07\/05-MYRTA-DE-RIZ-E-LA-NOTTE.mp3<\/a><\/audio>\n<p>&nbsp;<\/p>\n<p><img loading=\"lazy\" decoding=\"async\" class=\"\" src=\"https:\/\/www.radiopiu.net\/wordpress\/wp-content\/uploads\/2020\/01\/foto-myrta-de-riz-300x300.jpg\" width=\"159\" height=\"159\" \/><\/p>\n<p>&nbsp;<\/p>\n<p><strong>LA RACCOLTA COMPLETA<\/strong><\/p>\n<p>&nbsp;<\/p>\n<blockquote class=\"wp-embedded-content\" data-secret=\"fV9K4HjLwv\"><p><a href=\"https:\/\/www.radiopiu.net\/wordpress\/in-vivo-verso\/\">In Vivo Verso<\/a><\/p><\/blockquote>\n<p><iframe loading=\"lazy\" class=\"wp-embedded-content\" sandbox=\"allow-scripts\" security=\"restricted\" style=\"position: absolute; clip: rect(1px, 1px, 1px, 1px);\" title=\"&#8220;In Vivo Verso&#8221; &#8212; Radio Pi\u00f9\" src=\"https:\/\/www.radiopiu.net\/wordpress\/in-vivo-verso\/embed\/#?secret=QiIRAiR85x#?secret=fV9K4HjLwv\" data-secret=\"fV9K4HjLwv\" width=\"600\" height=\"338\" frameborder=\"0\" marginwidth=\"0\" marginheight=\"0\" scrolling=\"no\"><\/iframe><\/p>\n<p>&nbsp;<\/p>\n<p>&nbsp;<\/p>\n<hr \/>\n<p>&nbsp;<\/p>\n<p><span style=\"color: #0000ff;\">MUSICA PIU&#8217;\u00a0<\/span><\/p>\n<p><a href=\"https:\/\/www.radiopiu.net\/wordpress\/giornale-radiopiu-20-settembre-2021-direttore-mirko-mezzacasa\/pp-79\/\" rel=\"attachment wp-att-232921\"><img loading=\"lazy\" decoding=\"async\" class=\"wp-image-232921 alignleft\" src=\"https:\/\/www.radiopiu.net\/wordpress\/wp-content\/uploads\/2021\/09\/pp-1-300x300.jpg\" alt=\"\" width=\"135\" height=\"135\" srcset=\"https:\/\/www.radiopiu.net\/wordpress\/wp-content\/uploads\/2021\/09\/pp-1-300x300.jpg 300w, https:\/\/www.radiopiu.net\/wordpress\/wp-content\/uploads\/2021\/09\/pp-1-150x150.jpg 150w, https:\/\/www.radiopiu.net\/wordpress\/wp-content\/uploads\/2021\/09\/pp-1.jpg 640w\" sizes=\"auto, (max-width: 135px) 100vw, 135px\" \/><\/a><\/p>\n<div class=\"mkdf-post-text\">\n<div class=\"mkdf-post-text-inner\">\n<div class=\"mkdf-post-text-main\">\n<div class=\"mkdf-post-text\">\n<div class=\"mkdf-post-text-inner\">\n<div class=\"mkdf-post-text-main\">\n<div class=\"mkdf-post-text\">\n<div class=\"mkdf-post-text-inner\">\n<div class=\"mkdf-post-text-main\">\n<div class=\"page-title-head hgroup\">\n<div class=\"page-title-head hgroup\">\n<div class=\"mkdf-post-text\">\n<div class=\"mkdf-post-text-inner\">\n<div class=\"mkdf-post-text-main\">\n<div class=\"mkdf-post-text\">\n<div class=\"mkdf-post-text-inner\">\n<div class=\"mkdf-post-text-main\">\n<div class=\"page-title-head hgroup\">\n<div class=\"page-title-head hgroup\">\n<div class=\"page-title-head hgroup\">\n<div class=\"page-title-head hgroup\">\n<div class=\"b654a4as d2edcug0\">\n<div class=\"page-title-head hgroup\">\n<div class=\"page-title-head hgroup\">\n<div class=\"page-title-head hgroup\">\n<div class=\"page-title-head hgroup\">\n<div class=\"b654a4as d2edcug0\">\n<div class=\"page-title-head hgroup\">\n<div class=\"page-title-head hgroup\">\n<div class=\"page-title-head hgroup\">\n<div class=\"page-title-head hgroup\">\n<div class=\"b654a4as d2edcug0\">\n<div class=\"mkdf-post-text\">\n<div class=\"mkdf-post-text-inner\">\n<div class=\"mkdf-post-text-main\">\n<div class=\"mkdf-post-text\">\n<div class=\"mkdf-post-text-inner\">\n<div class=\"mkdf-post-text-main\">\n<div class=\"mkdf-post-text\">\n<div class=\"mkdf-post-text-inner\">\n<div class=\"mkdf-post-text-main\">\n<div class=\"page-title-head hgroup\">\n<div class=\"page-title-head hgroup\">\n<div class=\"mkdf-post-text\">\n<div class=\"mkdf-post-text-inner\">\n<div class=\"mkdf-post-text-main\">\n<div class=\"mkdf-post-text\">\n<div class=\"mkdf-post-text-inner\">\n<div class=\"mkdf-post-text-main\">\n<div class=\"page-title-head hgroup\">\n<div class=\"page-title-head hgroup\">\n<div class=\"page-title-head hgroup\">\n<div class=\"page-title-head hgroup\">\n<div class=\"b654a4as d2edcug0\">\n<div class=\"page-title-head hgroup\">\n<div class=\"page-title-head hgroup\">\n<div class=\"page-title-head hgroup\">\n<div class=\"page-title-head hgroup\">\n<div class=\"b654a4as d2edcug0\">\n<div class=\"page-title-head hgroup\">\n<div class=\"page-title-head hgroup\">\n<div class=\"page-title-head hgroup\">\n<div class=\"page-title-head hgroup\">\n<div class=\"b654a4as d2edcug0\">\n<div><\/div>\n<div><\/div>\n<div>\n<p><strong>MUSICA ALLA RADIO, IL PROGRAMMA DI LORIS SCUSSEL &#8220;COLLAGE OPERAZIONE NOSTALGIA&#8221; DAL LUNEDI AL VENERDI ALLE 16.00\u00a0 E ALLE 23\u00a0<\/strong><\/p>\n<\/div>\n<\/div>\n<p>&nbsp;<\/p>\n<p><strong>REPLICHE<\/strong><\/p>\n<p><strong>389<\/strong><\/p>\n<audio class=\"wp-audio-shortcode\" id=\"audio-287181-12\" preload=\"none\" style=\"width: 100%;\" controls=\"controls\"><source type=\"audio\/mpeg\" src=\"https:\/\/www.radiopiu.net\/wordpress\/wp-content\/uploads\/2022\/07\/Collage-389.mp3?_=12\" \/><a href=\"https:\/\/www.radiopiu.net\/wordpress\/wp-content\/uploads\/2022\/07\/Collage-389.mp3\">https:\/\/www.radiopiu.net\/wordpress\/wp-content\/uploads\/2022\/07\/Collage-389.mp3<\/a><\/audio>\n<p>&nbsp;<\/p>\n<p><strong>390<\/strong><\/p>\n<audio class=\"wp-audio-shortcode\" id=\"audio-287181-13\" preload=\"none\" style=\"width: 100%;\" controls=\"controls\"><source type=\"audio\/mpeg\" src=\"https:\/\/www.radiopiu.net\/wordpress\/wp-content\/uploads\/2022\/07\/Collage-390.mp3?_=13\" \/><a href=\"https:\/\/www.radiopiu.net\/wordpress\/wp-content\/uploads\/2022\/07\/Collage-390.mp3\">https:\/\/www.radiopiu.net\/wordpress\/wp-content\/uploads\/2022\/07\/Collage-390.mp3<\/a><\/audio>\n<p>&nbsp;<\/p>\n<p><strong><a class=\"dt-pswp-item\" href=\"https:\/\/www.radiopiu.net\/wordpress\/wp-content\/uploads\/2022\/07\/Juke-Box.jpg\" data-dt-img-description=\"\" data-large_image_width=\"345\" data-large_image_height=\"480\"><img loading=\"lazy\" decoding=\"async\" class=\" wp-image-286395 alignleft\" src=\"https:\/\/www.radiopiu.net\/wordpress\/wp-content\/uploads\/2022\/07\/Juke-Box-150x150.jpg\" alt=\"\" width=\"130\" height=\"130\" \/><\/a>di Loris Scussel<\/strong><\/p>\n<p>Anche questa settimana Collage riproporr\u00e0 dieci trasmissioni, partiremo con i successi dei nostri cantautori interpretati da voci di primo piano della scena musicale italiana poi, tra un brano e l\u2019altro, troveremo le canzoni in versione originale diventate poi cover di successo, le sigle delle trasmissioni Rai in bianco e nero, il Juke Box per chiudere la programmazione in bellezza con gli artisti di oltre oceano. Collage va in onda dal luned\u00ec al venerd\u00ec alle 16,00 e alle 23,00 naturalmente su Radio Pi\u00f9.<\/p>\n<p>&nbsp;<\/p>\n<div class=\"b654a4as d2edcug0\"><\/div>\n<\/div>\n<\/div>\n<\/div>\n<\/div>\n<\/div>\n<\/div>\n<\/div>\n<\/div>\n<\/div>\n<\/div>\n<\/div>\n<\/div>\n<\/div>\n<\/div>\n<\/div>\n<\/div>\n<\/div>\n<\/div>\n<\/div>\n<\/div>\n<\/div>\n<\/div>\n<\/div>\n<\/div>\n<\/div>\n<\/div>\n<\/div>\n<\/div>\n<\/div>\n<\/div>\n<\/div>\n<\/div>\n<\/div>\n<\/div>\n<\/div>\n<\/div>\n<\/div>\n<\/div>\n<\/div>\n<\/div>\n<\/div>\n<\/div>\n<\/div>\n<\/div>\n<\/div>\n<\/div>\n<\/div>\n<\/div>\n<\/div>\n<\/div>\n<\/div>\n<\/div>\n<\/div>\n<\/div>\n<\/div>\n<\/div>\n<\/div>\n<\/div>\n<\/div>\n<\/div>\n<\/div>\n<\/div>\n<\/div>\n<div>\n<div class=\"page-title-head hgroup\">\n<div class=\"page-title-head hgroup\">\n<div class=\"page-title-head hgroup\">\n<div class=\"page-title-head hgroup\">\n<div class=\"b654a4as d2edcug0\">\n<div class=\"page-title-head hgroup\">\n<div class=\"page-title-head hgroup\">\n<div class=\"page-title-head hgroup\">\n<div class=\"page-title-head hgroup\">\n<div class=\"b654a4as d2edcug0\">\n<div class=\"page-title-head hgroup\">\n<div class=\"page-title-head hgroup\">\n<div class=\"page-title-head hgroup\">\n<div class=\"page-title-head hgroup\">\n<div class=\"page-title-head hgroup\">\n<div class=\"page-title-head hgroup\">\n<div class=\"page-title-head hgroup\">\n<div class=\"page-title-head hgroup\">\n<div class=\"page-title-head hgroup\">\n<div class=\"b654a4as d2edcug0\">\n<div class=\"page-title-head hgroup\">\n<div class=\"page-title-head hgroup\">\n<div class=\"page-title-head hgroup\">\n<div class=\"page-title-head hgroup\">\n<div class=\"b654a4as d2edcug0\">\n<div class=\"page-title-head hgroup\">\n<div class=\"page-title-head hgroup\">\n<div class=\"page-title-head hgroup\">\n<div class=\"page-title-head hgroup\">\n<div class=\"page-title-head hgroup\">\n<div class=\"mkdf-post-text\">\n<div class=\"mkdf-post-text-inner\">\n<div class=\"mkdf-post-text-main\">\n<div class=\"mkdf-post-text\">\n<div class=\"mkdf-post-text-inner\">\n<div class=\"mkdf-post-text-main\">\n<div class=\"mkdf-post-text\">\n<div class=\"mkdf-post-text-inner\">\n<div class=\"mkdf-post-text-main\">\n<div class=\"page-title-head hgroup\">\n<div class=\"page-title-head hgroup\">\n<div class=\"mkdf-post-text\">\n<div class=\"mkdf-post-text-inner\">\n<div class=\"mkdf-post-text-main\">\n<div class=\"mkdf-post-text\">\n<div class=\"mkdf-post-text-inner\">\n<div class=\"mkdf-post-text-main\">\n<div class=\"page-title-head hgroup\">\n<div class=\"page-title-head hgroup\">\n<div class=\"page-title-head hgroup\">\n<div class=\"page-title-head hgroup\">\n<div class=\"b654a4as d2edcug0\">\n<div class=\"page-title-head hgroup\">\n<div class=\"page-title-head hgroup\">\n<div class=\"page-title-head hgroup\">\n<div class=\"page-title-head hgroup\">\n<div class=\"b654a4as d2edcug0\">\n<div class=\"page-title-head hgroup\">\n<div class=\"page-title-head hgroup\">\n<div class=\"page-title-head hgroup\">\n<div>\n<div class=\"page-title-head hgroup\">\n<div class=\"page-title-head hgroup\">\n<div class=\"b654a4as d2edcug0\">\n<div class=\"j83agx80 btwxx1t3 lhclo0ds hop8lmos nkwizq5d scwd0bx6 roh60bw9\">\n<div class=\"rq0escxv hkbzh7o3 jwdofwj8 n8tt0mok r8blr3vg hyh9befq\">\n<div class=\"do00u71z l9j0dhe7 k4urcfbm\">\n<div class=\"page-title-head hgroup\">\n<div class=\"page-title-head hgroup\">\n<div class=\"b654a4as d2edcug0\">\n<div class=\"j83agx80 btwxx1t3 lhclo0ds hop8lmos nkwizq5d scwd0bx6 roh60bw9\">\n<div class=\"rq0escxv hkbzh7o3 jwdofwj8 n8tt0mok r8blr3vg hyh9befq\">\n<div class=\"do00u71z l9j0dhe7 k4urcfbm\">\n<div class=\"ecm0bbzt e5nlhep0 a8c37x1j\">\n<div class=\"kvgmc6g5 cxmmr5t8 oygrvhab hcukyx3x c1et5uql\">\n<div class=\"gmail-kvgmc6g5 gmail-cxmmr5t8 gmail-oygrvhab gmail-hcukyx3x gmail-c1et5uql gmail-ii04i59q\">\n<div class=\"page-title-head hgroup\">\n<div class=\"page-title-head hgroup\">\n<div class=\"b654a4as d2edcug0\">\n<div class=\"j83agx80 btwxx1t3 lhclo0ds hop8lmos nkwizq5d scwd0bx6 roh60bw9\">\n<div class=\"rq0escxv hkbzh7o3 jwdofwj8 n8tt0mok r8blr3vg hyh9befq\">\n<div class=\"do00u71z l9j0dhe7 k4urcfbm\">\n<div class=\"page-title-head hgroup\">\n<div class=\"page-title-head hgroup\">\n<div class=\"b654a4as d2edcug0\">\n<div class=\"j83agx80 btwxx1t3 lhclo0ds hop8lmos nkwizq5d scwd0bx6 roh60bw9\">\n<div class=\"rq0escxv hkbzh7o3 jwdofwj8 n8tt0mok r8blr3vg hyh9befq\">\n<div class=\"do00u71z l9j0dhe7 k4urcfbm\">\n<div class=\"page-title-head hgroup\">\n<div class=\"page-title-head hgroup\">\n<div class=\"b654a4as d2edcug0\">\n<div class=\"j83agx80 btwxx1t3 lhclo0ds hop8lmos nkwizq5d scwd0bx6 roh60bw9\">\n<div class=\"rq0escxv hkbzh7o3 jwdofwj8 n8tt0mok r8blr3vg hyh9befq\">\n<div class=\"do00u71z l9j0dhe7 k4urcfbm\">\n<div class=\"ecm0bbzt e5nlhep0 a8c37x1j\">\n<div class=\"kvgmc6g5 cxmmr5t8 oygrvhab hcukyx3x c1et5uql\">\n<div class=\"gmail-kvgmc6g5 gmail-cxmmr5t8 gmail-oygrvhab gmail-hcukyx3x gmail-c1et5uql gmail-ii04i59q\">\n<div class=\"page-title-head hgroup\">\n<div class=\"page-title-head hgroup\">\n<div class=\"b654a4as d2edcug0\">\n<div class=\"j83agx80 btwxx1t3 lhclo0ds hop8lmos nkwizq5d scwd0bx6 roh60bw9\">\n<div class=\"rq0escxv hkbzh7o3 jwdofwj8 n8tt0mok r8blr3vg hyh9befq\">\n<div class=\"do00u71z l9j0dhe7 k4urcfbm\">\n<div class=\"page-title-head hgroup\">\n<div class=\"page-title-head hgroup\">\n<div class=\"page-title-head hgroup\">\n<div class=\"page-title-head hgroup\">\n<div class=\"b654a4as d2edcug0\">\n<div class=\"page-title-head hgroup\">\n<div class=\"page-title-head hgroup\">\n<div class=\"page-title-head hgroup\">\n<div class=\"page-title-head hgroup\">\n<div class=\"b654a4as d2edcug0\">\n<div class=\"page-title-head hgroup\">\n<div class=\"page-title-head hgroup\">\n<div class=\"page-title-head hgroup\">\n<div class=\"page-title-head hgroup\">\n<div class=\"page-title-head hgroup\">\n<div class=\"page-title-head hgroup\">\n<div class=\"page-title-head hgroup\">\n<div class=\"page-title-head hgroup\">\n<div class=\"page-title-head hgroup\">\n<div class=\"b654a4as d2edcug0\">\n<div class=\"page-title-head hgroup\">\n<div class=\"page-title-head hgroup\">\n<div class=\"page-title-head hgroup\">\n<div class=\"page-title-head hgroup\">\n<div class=\"b654a4as d2edcug0\">\n<div class=\"page-title-head hgroup\">\n<div class=\"page-title-head hgroup\">\n<div class=\"page-title-head hgroup\">\n<div class=\"page-title-head hgroup\">\n<div class=\"page-title-head hgroup\">\n<div class=\"mkdf-post-text\">\n<div class=\"mkdf-post-text-inner\">\n<div class=\"mkdf-post-text-main\">\n<div class=\"mkdf-post-text\">\n<div class=\"mkdf-post-text-inner\">\n<div class=\"mkdf-post-text-main\">\n<div class=\"mkdf-post-text\">\n<div class=\"mkdf-post-text-inner\">\n<div class=\"mkdf-post-text-main\">\n<div class=\"page-title-head hgroup\">\n<div class=\"page-title-head hgroup\">\n<div class=\"mkdf-post-text\">\n<div class=\"mkdf-post-text-inner\">\n<div class=\"mkdf-post-text-main\">\n<div class=\"mkdf-post-text\">\n<div class=\"mkdf-post-text-inner\">\n<div class=\"mkdf-post-text-main\">\n<div class=\"page-title-head hgroup\">\n<div class=\"page-title-head hgroup\">\n<div class=\"page-title-head hgroup\">\n<div class=\"page-title-head hgroup\">\n<div class=\"b654a4as d2edcug0\">\n<div class=\"page-title-head hgroup\">\n<div class=\"page-title-head hgroup\">\n<div class=\"page-title-head hgroup\">\n<div class=\"page-title-head hgroup\">\n<div class=\"b654a4as d2edcug0\">\n<div class=\"page-title-head hgroup\">\n<div class=\"page-title-head hgroup\">\n<div class=\"page-title-head hgroup\">\n<div class=\"page-title-head hgroup\">\n<div class=\"b654a4as d2edcug0\">\n<div class=\"ecm0bbzt e5nlhep0 a8c37x1j\">\n<div class=\"kvgmc6g5 cxmmr5t8 oygrvhab hcukyx3x c1et5uql\">\n<div class=\"gmail-kvgmc6g5 gmail-cxmmr5t8 gmail-oygrvhab gmail-hcukyx3x gmail-c1et5uql gmail-ii04i59q\">\n<div class=\"page-title-head hgroup\">\n<div class=\"page-title-head hgroup\">\n<div class=\"b654a4as d2edcug0\">\n<div class=\"j83agx80 btwxx1t3 lhclo0ds hop8lmos nkwizq5d scwd0bx6 roh60bw9\">\n<div class=\"rq0escxv hkbzh7o3 jwdofwj8 n8tt0mok r8blr3vg hyh9befq\">\n<div class=\"do00u71z l9j0dhe7 k4urcfbm\">\n<div class=\"page-title-head hgroup\">\n<div class=\"page-title-head hgroup\">\n<div class=\"page-title-head hgroup\">\n<div class=\"page-title-head hgroup\">\n<div class=\"b654a4as d2edcug0\">\n<div class=\"page-title-head hgroup\">\n<div class=\"page-title-head hgroup\">\n<div class=\"page-title-head hgroup\">\n<div class=\"page-title-head hgroup\">\n<div class=\"b654a4as d2edcug0\">\n<div class=\"page-title-head hgroup\">\n<div class=\"page-title-head hgroup\">\n<div class=\"page-title-head hgroup\">\n<div class=\"page-title-head hgroup\">\n<div class=\"page-title-head hgroup\">\n<div class=\"page-title-head hgroup\">\n<div class=\"page-title-head hgroup\">\n<div class=\"page-title-head hgroup\">\n<div class=\"page-title-head hgroup\">\n<div class=\"b654a4as d2edcug0\">\n<div class=\"page-title-head hgroup\">\n<div class=\"page-title-head hgroup\">\n<div class=\"page-title-head hgroup\">\n<div class=\"page-title-head hgroup\">\n<div class=\"b654a4as d2edcug0\">\n<div class=\"page-title-head hgroup\">\n<div class=\"page-title-head hgroup\">\n<div class=\"page-title-head hgroup\">\n<div class=\"page-title-head hgroup\">\n<div class=\"page-title-head hgroup\">\n<div class=\"mkdf-post-text\">\n<div class=\"mkdf-post-text-inner\">\n<div class=\"mkdf-post-text-main\">\n<div class=\"mkdf-post-text\">\n<div class=\"mkdf-post-text-inner\">\n<div class=\"mkdf-post-text-main\">\n<div class=\"mkdf-post-text\">\n<div class=\"mkdf-post-text-inner\">\n<div class=\"mkdf-post-text-main\">\n<div class=\"page-title-head hgroup\">\n<div class=\"page-title-head hgroup\">\n<div class=\"mkdf-post-text\">\n<div class=\"mkdf-post-text-inner\">\n<div class=\"mkdf-post-text-main\">\n<div class=\"mkdf-post-text\">\n<div class=\"mkdf-post-text-inner\">\n<div class=\"mkdf-post-text-main\">\n<div class=\"page-title-head hgroup\">\n<div class=\"page-title-head hgroup\">\n<div class=\"page-title-head hgroup\">\n<div class=\"page-title-head hgroup\">\n<div class=\"b654a4as d2edcug0\">\n<div class=\"page-title-head hgroup\">\n<div class=\"page-title-head hgroup\">\n<div class=\"page-title-head hgroup\">\n<div class=\"page-title-head hgroup\">\n<div class=\"b654a4as d2edcug0\">\n<div class=\"page-title-head hgroup\">\n<div class=\"page-title-head hgroup\">\n<div class=\"page-title-head hgroup\">\n<div class=\"page-title-head hgroup\">\n<div class=\"b654a4as d2edcug0\">\n<div class=\"mkdf-post-text\">\n<div class=\"mkdf-post-text-inner\">\n<div class=\"mkdf-post-text-main\">\n<div class=\"mkdf-post-text\">\n<div class=\"mkdf-post-text-inner\">\n<div class=\"mkdf-post-text-main\">\n<div class=\"mkdf-post-text\">\n<div class=\"mkdf-post-text-inner\">\n<div class=\"mkdf-post-text-main\">\n<div class=\"page-title-head hgroup\">\n<div class=\"page-title-head hgroup\">\n<div class=\"mkdf-post-text\">\n<div class=\"mkdf-post-text-inner\">\n<div class=\"mkdf-post-text-main\">\n<div class=\"mkdf-post-text\">\n<div class=\"mkdf-post-text-inner\">\n<div class=\"mkdf-post-text-main\">\n<div class=\"page-title-head hgroup\">\n<div class=\"page-title-head hgroup\">\n<div class=\"page-title-head hgroup\">\n<div class=\"page-title-head hgroup\">\n<div class=\"b654a4as d2edcug0\">\n<div class=\"page-title-head hgroup\">\n<div class=\"page-title-head hgroup\">\n<div class=\"page-title-head hgroup\">\n<div class=\"page-title-head hgroup\">\n<div class=\"b654a4as d2edcug0\">\n<div class=\"page-title-head hgroup\">\n<div class=\"page-title-head hgroup\">\n<div class=\"page-title-head hgroup\">\n<div class=\"page-title-head hgroup\">\n<div class=\"b654a4as d2edcug0\">\n<hr \/>\n<p>&nbsp;<\/p>\n<div>\n<div class=\"page-title-head hgroup\">\n<div class=\"page-title-head hgroup\">\n<div class=\"b654a4as d2edcug0\">\n<div class=\"j83agx80 btwxx1t3 lhclo0ds hop8lmos nkwizq5d scwd0bx6 roh60bw9\">\n<div class=\"rq0escxv hkbzh7o3 jwdofwj8 n8tt0mok r8blr3vg hyh9befq\">\n<div class=\"do00u71z l9j0dhe7 k4urcfbm\">\n<div class=\"page-title-head hgroup\">\n<div class=\"page-title-head hgroup\">\n<div class=\"b654a4as d2edcug0\">\n<div class=\"j83agx80 btwxx1t3 lhclo0ds hop8lmos nkwizq5d scwd0bx6 roh60bw9\">\n<div class=\"rq0escxv hkbzh7o3 jwdofwj8 n8tt0mok r8blr3vg hyh9befq\">\n<div class=\"do00u71z l9j0dhe7 k4urcfbm\">\n<div class=\"ecm0bbzt e5nlhep0 a8c37x1j\">\n<div class=\"kvgmc6g5 cxmmr5t8 oygrvhab hcukyx3x c1et5uql\">\n<div class=\"gmail-kvgmc6g5 gmail-cxmmr5t8 gmail-oygrvhab gmail-hcukyx3x gmail-c1et5uql gmail-ii04i59q\">\n<div class=\"page-title-head hgroup\">\n<div class=\"page-title-head hgroup\">\n<div class=\"b654a4as d2edcug0\">\n<div class=\"j83agx80 btwxx1t3 lhclo0ds hop8lmos nkwizq5d scwd0bx6 roh60bw9\">\n<div class=\"rq0escxv hkbzh7o3 jwdofwj8 n8tt0mok r8blr3vg hyh9befq\">\n<div class=\"do00u71z l9j0dhe7 k4urcfbm\">\n<div class=\"page-title-head hgroup\">\n<div class=\"page-title-head hgroup\">\n<div class=\"b654a4as d2edcug0\">\n<div class=\"j83agx80 btwxx1t3 lhclo0ds hop8lmos nkwizq5d scwd0bx6 roh60bw9\">\n<div class=\"rq0escxv hkbzh7o3 jwdofwj8 n8tt0mok r8blr3vg hyh9befq\">\n<div class=\"do00u71z l9j0dhe7 k4urcfbm\">\n<div class=\"page-title-head hgroup\">\n<div class=\"page-title-head hgroup\">\n<div class=\"b654a4as d2edcug0\">\n<div class=\"j83agx80 btwxx1t3 lhclo0ds hop8lmos nkwizq5d scwd0bx6 roh60bw9\">\n<div class=\"rq0escxv hkbzh7o3 jwdofwj8 n8tt0mok r8blr3vg hyh9befq\">\n<div class=\"do00u71z l9j0dhe7 k4urcfbm\">\n<div class=\"ecm0bbzt e5nlhep0 a8c37x1j\">\n<div class=\"kvgmc6g5 cxmmr5t8 oygrvhab hcukyx3x c1et5uql\">\n<div class=\"gmail-kvgmc6g5 gmail-cxmmr5t8 gmail-oygrvhab gmail-hcukyx3x gmail-c1et5uql gmail-ii04i59q\">\n<div class=\"page-title-head hgroup\">\n<div class=\"page-title-head hgroup\">\n<div class=\"b654a4as d2edcug0\">\n<div class=\"j83agx80 btwxx1t3 lhclo0ds hop8lmos nkwizq5d scwd0bx6 roh60bw9\">\n<div class=\"rq0escxv hkbzh7o3 jwdofwj8 n8tt0mok r8blr3vg hyh9befq\">\n<div class=\"do00u71z l9j0dhe7 k4urcfbm\">\n<div class=\"page-title-head hgroup\">\n<div class=\"page-title-head hgroup\">\n<div class=\"page-title-head hgroup\">\n<div class=\"page-title-head hgroup\">\n<div class=\"b654a4as d2edcug0\">\n<div class=\"page-title-head hgroup\">\n<div class=\"page-title-head hgroup\">\n<div class=\"page-title-head hgroup\">\n<div class=\"page-title-head hgroup\">\n<div class=\"b654a4as d2edcug0\">\n<div class=\"page-title-head hgroup\">\n<div class=\"page-title-head hgroup\">\n<div class=\"page-title-head hgroup\">\n<div class=\"page-title-head hgroup\">\n<div class=\"page-title-head hgroup\">\n<div class=\"page-title-head hgroup\">\n<div class=\"page-title-head hgroup\">\n<div class=\"page-title-head hgroup\">\n<div class=\"page-title-head hgroup\">\n<div class=\"b654a4as d2edcug0\">\n<div class=\"page-title-head hgroup\">\n<div class=\"page-title-head hgroup\">\n<div class=\"page-title-head hgroup\">\n<div class=\"page-title-head hgroup\">\n<div class=\"b654a4as d2edcug0\">\n<div class=\"page-title-head hgroup\">\n<div class=\"page-title-head hgroup\">\n<div class=\"page-title-head hgroup\">\n<div class=\"page-title-head hgroup\">\n<div class=\"page-title-head hgroup\">\n<div class=\"mkdf-post-text\">\n<div class=\"mkdf-post-text-inner\">\n<div class=\"mkdf-post-text-main\">\n<div class=\"mkdf-post-text\">\n<div class=\"mkdf-post-text-inner\">\n<div class=\"mkdf-post-text-main\">\n<div class=\"mkdf-post-text\">\n<div class=\"mkdf-post-text-inner\">\n<div class=\"mkdf-post-text-main\">\n<div class=\"page-title-head hgroup\">\n<div class=\"page-title-head hgroup\">\n<div class=\"mkdf-post-text\">\n<div class=\"mkdf-post-text-inner\">\n<div class=\"mkdf-post-text-main\">\n<div class=\"mkdf-post-text\">\n<div class=\"mkdf-post-text-inner\">\n<div class=\"mkdf-post-text-main\">\n<div class=\"page-title-head hgroup\">\n<div class=\"page-title-head hgroup\">\n<div class=\"page-title-head hgroup\">\n<div class=\"page-title-head hgroup\">\n<div class=\"b654a4as d2edcug0\">\n<div class=\"page-title-head hgroup\">\n<div class=\"page-title-head hgroup\">\n<div class=\"page-title-head hgroup\">\n<div class=\"page-title-head hgroup\">\n<div class=\"b654a4as d2edcug0\">\n<div class=\"page-title-head hgroup\">\n<div class=\"page-title-head hgroup\">\n<div class=\"page-title-head hgroup\">\n<div class=\"page-title-head hgroup\">\n<div class=\"b654a4as d2edcug0\">\n<div class=\"ecm0bbzt e5nlhep0 a8c37x1j\">\n<div class=\"kvgmc6g5 cxmmr5t8 oygrvhab hcukyx3x c1et5uql\">\n<div class=\"gmail-kvgmc6g5 gmail-cxmmr5t8 gmail-oygrvhab gmail-hcukyx3x gmail-c1et5uql gmail-ii04i59q\">\n<div class=\"page-title-head hgroup\">\n<div class=\"page-title-head hgroup\">\n<div class=\"b654a4as d2edcug0\">\n<div class=\"j83agx80 btwxx1t3 lhclo0ds hop8lmos nkwizq5d scwd0bx6 roh60bw9\">\n<div class=\"rq0escxv hkbzh7o3 jwdofwj8 n8tt0mok r8blr3vg hyh9befq\">\n<div class=\"do00u71z l9j0dhe7 k4urcfbm\">\n<div class=\"page-title-head hgroup\">\n<div class=\"page-title-head hgroup\">\n<div class=\"page-title-head hgroup\">\n<div class=\"page-title-head hgroup\">\n<div class=\"b654a4as d2edcug0\">\n<div class=\"page-title-head hgroup\">\n<div class=\"page-title-head hgroup\">\n<div class=\"page-title-head hgroup\">\n<div class=\"page-title-head hgroup\">\n<div class=\"b654a4as d2edcug0\">\n<div class=\"page-title-head hgroup\">\n<div class=\"page-title-head hgroup\">\n<div class=\"page-title-head hgroup\">\n<div class=\"page-title-head hgroup\">\n<div class=\"page-title-head hgroup\">\n<div class=\"page-title-head hgroup\">\n<div class=\"page-title-head hgroup\">\n<div class=\"page-title-head hgroup\">\n<div class=\"page-title-head hgroup\">\n<div class=\"b654a4as d2edcug0\">\n<div class=\"page-title-head hgroup\">\n<div class=\"page-title-head hgroup\">\n<div class=\"page-title-head hgroup\">\n<div class=\"page-title-head hgroup\">\n<div class=\"b654a4as d2edcug0\">\n<div class=\"page-title-head hgroup\">\n<div class=\"page-title-head hgroup\">\n<div class=\"page-title-head hgroup\">\n<div class=\"page-title-head hgroup\">\n<div class=\"page-title-head hgroup\">\n<div class=\"mkdf-post-text\">\n<div class=\"mkdf-post-text-inner\">\n<div class=\"mkdf-post-text-main\">\n<div class=\"mkdf-post-text\">\n<div class=\"mkdf-post-text-inner\">\n<div class=\"mkdf-post-text-main\">\n<div class=\"mkdf-post-text\">\n<div class=\"mkdf-post-text-inner\">\n<div class=\"mkdf-post-text-main\">\n<div class=\"page-title-head hgroup\">\n<div class=\"page-title-head hgroup\">\n<div class=\"mkdf-post-text\">\n<div class=\"mkdf-post-text-inner\">\n<div class=\"mkdf-post-text-main\">\n<div class=\"mkdf-post-text\">\n<div class=\"mkdf-post-text-inner\">\n<div class=\"mkdf-post-text-main\">\n<div class=\"page-title-head hgroup\">\n<div class=\"page-title-head hgroup\">\n<div class=\"page-title-head hgroup\">\n<div class=\"page-title-head hgroup\">\n<div class=\"b654a4as d2edcug0\">\n<div class=\"page-title-head hgroup\">\n<div class=\"page-title-head hgroup\">\n<div class=\"page-title-head hgroup\">\n<div class=\"page-title-head hgroup\">\n<div class=\"b654a4as d2edcug0\">\n<div class=\"page-title-head hgroup\">\n<div class=\"page-title-head hgroup\">\n<div class=\"page-title-head hgroup\">\n<div class=\"page-title-head hgroup\">\n<div class=\"b654a4as d2edcug0\">\n<p>&nbsp;<\/p>\n<div>\n<p><strong>DUE MINUTI UN LIBRO, TUTTI I GIORNI ALLA RADIO ALLE 9.40 E ALLE 17.50\u00a0\u00a0<\/strong><\/p>\n<div>\n<p><strong>LA RACCOLTA COMPLETA\u00a0 \u00a0<\/strong><\/p>\n<p>&nbsp;<\/p>\n<blockquote class=\"wp-embedded-content\" data-secret=\"skU5fd2dcc\"><p><a href=\"https:\/\/www.radiopiu.net\/wordpress\/due-minuti-un-libro\/\">Due minuti un libro<\/a><\/p><\/blockquote>\n<p><iframe loading=\"lazy\" class=\"wp-embedded-content\" sandbox=\"allow-scripts\" security=\"restricted\" style=\"position: absolute; clip: rect(1px, 1px, 1px, 1px);\" title=\"&#8220;Due minuti un libro&#8221; &#8212; Radio Pi\u00f9\" src=\"https:\/\/www.radiopiu.net\/wordpress\/due-minuti-un-libro\/embed\/#?secret=IlDVVxDxGu#?secret=skU5fd2dcc\" data-secret=\"skU5fd2dcc\" width=\"600\" height=\"338\" frameborder=\"0\" marginwidth=\"0\" marginheight=\"0\" scrolling=\"no\"><\/iframe><\/p>\n<\/div>\n<\/div>\n<div class=\"mkdf-post-text\">\n<div class=\"mkdf-post-text-inner\">\n<div class=\"mkdf-post-text-main\">\n<div class=\"mkdf-post-text\">\n<div class=\"mkdf-post-text-inner\">\n<div class=\"mkdf-post-text-main\">\n<div class=\"mkdf-post-text\">\n<div class=\"mkdf-post-text-inner\">\n<div class=\"mkdf-post-text-main\">\n<div class=\"page-title-head hgroup\">\n<div class=\"page-title-head hgroup\">\n<div class=\"mkdf-post-text\">\n<div class=\"mkdf-post-text-inner\">\n<div class=\"mkdf-post-text-main\">\n<div class=\"mkdf-post-text\">\n<div class=\"mkdf-post-text-inner\">\n<div class=\"mkdf-post-text-main\">\n<div class=\"page-title-head hgroup\">\n<div class=\"page-title-head hgroup\">\n<div class=\"page-title-head hgroup\">\n<div class=\"page-title-head hgroup\">\n<div class=\"b654a4as d2edcug0\">\n<div class=\"page-title-head hgroup\"><\/div>\n<div><\/div>\n<hr \/>\n<p>&nbsp;<\/p>\n<h2><\/h2>\n<p><span style=\"color: #808000;\">L&#8217;ALMANACCO LADINO\u00a0<\/span><\/p>\n<p><strong>LA RACCOLTA\u00a0<\/strong><\/p>\n<blockquote class=\"wp-embedded-content\" data-secret=\"3uIDBrpLxz\"><p><a href=\"https:\/\/www.radiopiu.net\/wordpress\/almanacco-ladino\/\">Almanacco Ladino<\/a><\/p><\/blockquote>\n<p><iframe loading=\"lazy\" class=\"wp-embedded-content\" sandbox=\"allow-scripts\" security=\"restricted\" style=\"position: absolute; clip: rect(1px, 1px, 1px, 1px);\" title=\"&#8220;Almanacco Ladino&#8221; &#8212; Radio Pi\u00f9\" src=\"https:\/\/www.radiopiu.net\/wordpress\/almanacco-ladino\/embed\/#?secret=hUK8IufhiA#?secret=3uIDBrpLxz\" data-secret=\"3uIDBrpLxz\" width=\"600\" height=\"338\" frameborder=\"0\" marginwidth=\"0\" marginheight=\"0\" scrolling=\"no\"><\/iframe><\/p>\n<p>&nbsp;<\/p>\n<hr \/>\n<p>&nbsp;<\/p>\n<p><span style=\"color: #33cccc;\">LA RASSEGNA STAMPA DA L&#8217;AMICO DEL POPOLO<\/span><\/p>\n<p><strong>LA RACCOLTA COMPLETA\u00a0<\/strong><\/p>\n<p>&nbsp;<\/p>\n<blockquote class=\"wp-embedded-content\" data-secret=\"ZeM8lYdgyC\"><p><a href=\"https:\/\/www.radiopiu.net\/wordpress\/rassegna-stampa-di-gianni-santomaso\/\">Rassegna stampa da l&#8217;amico del popolo &#8211; di Gianni Santomaso<\/a><\/p><\/blockquote>\n<p><iframe loading=\"lazy\" class=\"wp-embedded-content\" sandbox=\"allow-scripts\" security=\"restricted\" style=\"position: absolute; clip: rect(1px, 1px, 1px, 1px);\" title=\"&#8220;Rassegna stampa da l&#8217;amico del popolo &#8211; di Gianni Santomaso&#8221; &#8212; Radio Pi\u00f9\" src=\"https:\/\/www.radiopiu.net\/wordpress\/rassegna-stampa-di-gianni-santomaso\/embed\/#?secret=HduFc0xppP#?secret=ZeM8lYdgyC\" data-secret=\"ZeM8lYdgyC\" width=\"600\" height=\"338\" frameborder=\"0\" marginwidth=\"0\" marginheight=\"0\" scrolling=\"no\"><\/iframe><\/p>\n<p>&nbsp;<\/p>\n<hr \/>\n<p>&nbsp;<\/p>\n<blockquote>\n<h3 class=\"page-title-head hgroup\">\u00a0I RACCONTI DI PAOLO SOPPELSA<\/h3>\n<\/blockquote>\n<p><strong>LA RACCOLTA COMPLETA<\/strong><\/p>\n<blockquote class=\"wp-embedded-content\" data-secret=\"WhEvMGGgY3\"><p><a href=\"https:\/\/www.radiopiu.net\/wordpress\/i-racconti-di-paolo-soppelsa\/\">I racconti di Paolo Soppelsa<\/a><\/p><\/blockquote>\n<p><iframe loading=\"lazy\" class=\"wp-embedded-content\" sandbox=\"allow-scripts\" security=\"restricted\" style=\"position: absolute; clip: rect(1px, 1px, 1px, 1px);\" title=\"&#8220;I racconti di Paolo Soppelsa&#8221; &#8212; Radio Pi\u00f9\" src=\"https:\/\/www.radiopiu.net\/wordpress\/i-racconti-di-paolo-soppelsa\/embed\/#?secret=pW1xNrV8am#?secret=WhEvMGGgY3\" data-secret=\"WhEvMGGgY3\" width=\"600\" height=\"338\" frameborder=\"0\" marginwidth=\"0\" marginheight=\"0\" scrolling=\"no\"><\/iframe><\/p>\n<p>&nbsp;<\/p>\n<p>&nbsp;<\/p>\n<hr \/>\n<\/div>\n<\/div>\n<\/div>\n<\/div>\n<\/div>\n<\/div>\n<\/div>\n<\/div>\n<\/div>\n<\/div>\n<\/div>\n<\/div>\n<\/div>\n<\/div>\n<\/div>\n<\/div>\n<\/div>\n<\/div>\n<\/div>\n<\/div>\n<\/div>\n<\/div>\n<\/div>\n<\/div>\n<\/div>\n<\/div>\n<\/div>\n<\/div>\n<\/div>\n<\/div>\n<\/div>\n<\/div>\n<\/div>\n<\/div>\n<\/div>\n<\/div>\n<\/div>\n<\/div>\n<\/div>\n<\/div>\n<\/div>\n<\/div>\n<\/div>\n<\/div>\n<\/div>\n<\/div>\n<\/div>\n<\/div>\n<\/div>\n<\/div>\n<\/div>\n<\/div>\n<\/div>\n<\/div>\n<\/div>\n<\/div>\n<\/div>\n<\/div>\n<\/div>\n<\/div>\n<\/div>\n<\/div>\n<\/div>\n<\/div>\n<\/div>\n<\/div>\n<\/div>\n<\/div>\n<\/div>\n<\/div>\n<\/div>\n<\/div>\n<\/div>\n<\/div>\n<\/div>\n<\/div>\n<\/div>\n<\/div>\n<\/div>\n<\/div>\n<\/div>\n<\/div>\n<\/div>\n<\/div>\n<\/div>\n<\/div>\n<\/div>\n<\/div>\n<\/div>\n<\/div>\n<\/div>\n<\/div>\n<\/div>\n<\/div>\n<\/div>\n<\/div>\n<\/div>\n<\/div>\n<\/div>\n<\/div>\n<\/div>\n<\/div>\n<\/div>\n<\/div>\n<\/div>\n<\/div>\n<\/div>\n<\/div>\n<\/div>\n<\/div>\n<\/div>\n<\/div>\n<\/div>\n<\/div>\n<\/div>\n<\/div>\n<\/div>\n<\/div>\n<\/div>\n<\/div>\n<\/div>\n<\/div>\n<\/div>\n<\/div>\n<\/div>\n<\/div>\n<\/div>\n<\/div>\n<\/div>\n<\/div>\n<\/div>\n<\/div>\n<\/div>\n<\/div>\n<\/div>\n<\/div>\n<\/div>\n<\/div>\n<\/div>\n<\/div>\n<\/div>\n<\/div>\n<\/div>\n<\/div>\n<\/div>\n<\/div>\n<\/div>\n<\/div>\n<\/div>\n<\/div>\n<\/div>\n<\/div>\n<\/div>\n<\/div>\n<\/div>\n<\/div>\n<\/div>\n<\/div>\n<\/div>\n<\/div>\n<\/div>\n<\/div>\n<\/div>\n<\/div>\n<\/div>\n<\/div>\n<\/div>\n<\/div>\n<\/div>\n<\/div>\n<\/div>\n<\/div>\n<\/div>\n<\/div>\n<\/div>\n<\/div>\n<\/div>\n<\/div>\n<\/div>\n<\/div>\n<\/div>\n<\/div>\n<\/div>\n<\/div>\n<\/div>\n<\/div>\n<\/div>\n<\/div>\n<\/div>\n<\/div>\n<\/div>\n<\/div>\n<\/div>\n<\/div>\n<\/div>\n<\/div>\n<\/div>\n<\/div>\n<div style=\"text-align: left;\"><\/div>\n<div>\n<div class=\"page-title-head hgroup\">\n<div class=\"page-title-head hgroup\">\n<div class=\"b654a4as d2edcug0\">\n<div class=\"j83agx80 btwxx1t3 lhclo0ds hop8lmos nkwizq5d scwd0bx6 roh60bw9\">\n<div class=\"rq0escxv hkbzh7o3 jwdofwj8 n8tt0mok r8blr3vg hyh9befq\">\n<div class=\"do00u71z l9j0dhe7 k4urcfbm\">\n<div class=\"ecm0bbzt e5nlhep0 a8c37x1j\">\n<div class=\"kvgmc6g5 cxmmr5t8 oygrvhab hcukyx3x c1et5uql\">\n<div class=\"gmail-kvgmc6g5 gmail-cxmmr5t8 gmail-oygrvhab gmail-hcukyx3x gmail-c1et5uql gmail-ii04i59q\">\n<div class=\"page-title-head hgroup\">\n<div class=\"page-title-head hgroup\">\n<div class=\"b654a4as d2edcug0\">\n<div class=\"j83agx80 btwxx1t3 lhclo0ds hop8lmos nkwizq5d scwd0bx6 roh60bw9\">\n<div class=\"rq0escxv hkbzh7o3 jwdofwj8 n8tt0mok r8blr3vg hyh9befq\">\n<div class=\"do00u71z l9j0dhe7 k4urcfbm\">\n<div class=\"page-title-head hgroup\">\n<div class=\"page-title-head hgroup\">\n<div class=\"page-title-head hgroup\">\n<div class=\"page-title-head hgroup\">\n<div class=\"b654a4as d2edcug0\">\n<div class=\"page-title-head hgroup\">\n<div class=\"page-title-head hgroup\">\n<div class=\"page-title-head hgroup\">\n<div class=\"page-title-head hgroup\">\n<div class=\"b654a4as d2edcug0\">\n<div class=\"page-title-head hgroup\">\n<div class=\"page-title-head hgroup\">\n<div class=\"page-title-head hgroup\">\n<div class=\"page-title-head hgroup\">\n<div class=\"page-title-head hgroup\">\n<div class=\"page-title-head hgroup\">\n<div class=\"page-title-head hgroup\">\n<div class=\"page-title-head hgroup\">\n<div class=\"page-title-head hgroup\">\n<div class=\"b654a4as d2edcug0\">\n<div class=\"page-title-head hgroup\">\n<div class=\"page-title-head hgroup\">\n<div class=\"page-title-head hgroup\">\n<div class=\"page-title-head hgroup\">\n<div class=\"b654a4as d2edcug0\">\n<div class=\"page-title-head hgroup\">\n<div class=\"page-title-head hgroup\">\n<div class=\"page-title-head hgroup\">\n<div class=\"page-title-head hgroup\">\n<div class=\"page-title-head hgroup\">\n<div class=\"mkdf-post-text\">\n<div class=\"mkdf-post-text-inner\">\n<div class=\"mkdf-post-text-main\">\n<div class=\"mkdf-post-text\">\n<div class=\"mkdf-post-text-inner\">\n<div class=\"mkdf-post-text-main\">\n<div class=\"mkdf-post-text\">\n<div class=\"mkdf-post-text-inner\">\n<div class=\"mkdf-post-text-main\">\n<div class=\"page-title-head hgroup\">\n<div class=\"page-title-head hgroup\">\n<div class=\"mkdf-post-text\">\n<div class=\"mkdf-post-text-inner\">\n<div class=\"mkdf-post-text-main\">\n<div class=\"mkdf-post-text\">\n<div class=\"mkdf-post-text-inner\">\n<div class=\"mkdf-post-text-main\">\n<div class=\"page-title-head hgroup\">\n<div class=\"page-title-head hgroup\">\n<div class=\"page-title-head hgroup\">\n<div class=\"page-title-head hgroup\">\n<div class=\"b654a4as d2edcug0\">\n<div class=\"page-title-head hgroup\">\n<div class=\"page-title-head hgroup\">\n<div class=\"page-title-head hgroup\">\n<div class=\"page-title-head hgroup\">\n<div class=\"b654a4as d2edcug0\">\n<div class=\"page-title-head hgroup\">\n<div class=\"page-title-head hgroup\">\n<div class=\"page-title-head hgroup\">\n<div class=\"page-title-head hgroup\">\n<div class=\"b654a4as d2edcug0\">\n<div class=\"page-title-head hgroup\">\n<div class=\"page-title-head hgroup\">\n<div class=\"b654a4as d2edcug0\">\n<div class=\"j83agx80 btwxx1t3 lhclo0ds hop8lmos nkwizq5d scwd0bx6 roh60bw9\">\n<div class=\"rq0escxv hkbzh7o3 jwdofwj8 n8tt0mok r8blr3vg hyh9befq\">\n<div class=\"do00u71z l9j0dhe7 k4urcfbm\">\n<div class=\"ecm0bbzt e5nlhep0 a8c37x1j\">\n<div class=\"kvgmc6g5 cxmmr5t8 oygrvhab hcukyx3x c1et5uql\">\n<div class=\"gmail-kvgmc6g5 gmail-cxmmr5t8 gmail-oygrvhab gmail-hcukyx3x gmail-c1et5uql gmail-ii04i59q\">\n<div class=\"page-title-head hgroup\">\n<div class=\"page-title-head hgroup\">\n<div class=\"b654a4as d2edcug0\">\n<div class=\"j83agx80 btwxx1t3 lhclo0ds hop8lmos nkwizq5d scwd0bx6 roh60bw9\">\n<div class=\"rq0escxv hkbzh7o3 jwdofwj8 n8tt0mok r8blr3vg hyh9befq\">\n<div class=\"do00u71z l9j0dhe7 k4urcfbm\">\n<div class=\"page-title-head hgroup\">\n<div class=\"page-title-head hgroup\">\n<div class=\"page-title-head hgroup\">\n<div class=\"page-title-head hgroup\">\n<div class=\"b654a4as d2edcug0\">\n<div class=\"page-title-head hgroup\">\n<div class=\"page-title-head hgroup\">\n<div class=\"page-title-head hgroup\">\n<div class=\"page-title-head hgroup\">\n<div class=\"b654a4as d2edcug0\">\n<div class=\"page-title-head hgroup\">\n<div class=\"page-title-head hgroup\">\n<div class=\"page-title-head hgroup\">\n<div class=\"page-title-head hgroup\">\n<div class=\"page-title-head hgroup\">\n<div class=\"page-title-head hgroup\">\n<div class=\"page-title-head hgroup\">\n<div class=\"page-title-head hgroup\">\n<div class=\"page-title-head hgroup\">\n<div class=\"b654a4as d2edcug0\">\n<div class=\"page-title-head hgroup\">\n<div class=\"page-title-head hgroup\">\n<div class=\"page-title-head hgroup\">\n<div class=\"page-title-head hgroup\">\n<div class=\"b654a4as d2edcug0\">\n<div class=\"page-title-head hgroup\">\n<div class=\"page-title-head hgroup\">\n<div class=\"page-title-head hgroup\">\n<div class=\"page-title-head hgroup\">\n<div class=\"page-title-head hgroup\">\n<div class=\"mkdf-post-text\">\n<div class=\"mkdf-post-text-inner\">\n<div class=\"mkdf-post-text-main\">\n<div class=\"mkdf-post-text\">\n<div class=\"mkdf-post-text-inner\">\n<div class=\"mkdf-post-text-main\">\n<div class=\"mkdf-post-text\">\n<div class=\"mkdf-post-text-inner\">\n<div class=\"mkdf-post-text-main\">\n<div class=\"page-title-head hgroup\">\n<div class=\"page-title-head hgroup\">\n<div class=\"mkdf-post-text\">\n<div class=\"mkdf-post-text-inner\">\n<div class=\"mkdf-post-text-main\">\n<div class=\"mkdf-post-text\">\n<div class=\"mkdf-post-text-inner\">\n<div class=\"mkdf-post-text-main\">\n<div class=\"page-title-head hgroup\">\n<div class=\"page-title-head hgroup\">\n<div class=\"page-title-head hgroup\">\n<div class=\"page-title-head hgroup\">\n<div class=\"b654a4as d2edcug0\">\n<div class=\"page-title-head hgroup\">\n<div class=\"page-title-head hgroup\">\n<div class=\"page-title-head hgroup\">\n<div class=\"page-title-head hgroup\">\n<div class=\"b654a4as d2edcug0\">\n<div class=\"page-title-head hgroup\">\n<div class=\"page-title-head hgroup\">\n<div class=\"page-title-head hgroup\">\n<div class=\"page-title-head hgroup\">\n<div class=\"b654a4as d2edcug0\"><\/div>\n<\/div>\n<\/div>\n<\/div>\n<\/div>\n<\/div>\n<\/div>\n<\/div>\n<\/div>\n<\/div>\n<\/div>\n<\/div>\n<\/div>\n<\/div>\n<\/div>\n<\/div>\n<\/div>\n<\/div>\n<\/div>\n<\/div>\n<\/div>\n<\/div>\n<\/div>\n<\/div>\n<\/div>\n<\/div>\n<\/div>\n<\/div>\n<\/div>\n<\/div>\n<\/div>\n<\/div>\n<\/div>\n<\/div>\n<\/div>\n<\/div>\n<\/div>\n<\/div>\n<\/div>\n<\/div>\n<\/div>\n<\/div>\n<\/div>\n<\/div>\n<\/div>\n<\/div>\n<\/div>\n<\/div>\n<\/div>\n<\/div>\n<\/div>\n<\/div>\n<\/div>\n<\/div>\n<\/div>\n<\/div>\n<\/div>\n<\/div>\n<\/div>\n<\/div>\n<\/div>\n<\/div>\n<\/div>\n<\/div>\n<\/div>\n<\/div>\n<\/div>\n<\/div>\n<\/div>\n<\/div>\n<\/div>\n<\/div>\n<\/div>\n<\/div>\n<\/div>\n<\/div>\n<\/div>\n<\/div>\n<\/div>\n<\/div>\n<\/div>\n<\/div>\n<\/div>\n<\/div>\n<\/div>\n<\/div>\n<\/div>\n<\/div>\n<\/div>\n<\/div>\n<\/div>\n<\/div>\n<\/div>\n<\/div>\n<\/div>\n<\/div>\n<\/div>\n<\/div>\n<\/div>\n<\/div>\n<\/div>\n<\/div>\n<\/div>\n<\/div>\n<\/div>\n<\/div>\n<\/div>\n<\/div>\n<\/div>\n<\/div>\n<\/div>\n<\/div>\n<\/div>\n<\/div>\n<\/div>\n<\/div>\n<\/div>\n<\/div>\n<\/div>\n<\/div>\n<\/div>\n<\/div>\n<\/div>\n<\/div>\n<\/div>\n<\/div>\n<\/div>\n<\/div>\n<\/div>\n<\/div>\n<\/div>\n<\/div>\n<\/div>\n<\/div>\n<\/div>\n<\/div>\n<\/div>\n<\/div>\n<\/div>\n<\/div>\n<\/div>\n<\/div>\n<\/div>\n<\/div>\n<\/div>\n<\/div>\n<\/div>\n<\/div>\n<\/div>\n<\/div>\n<\/div>\n<\/div>\n<\/div>\n<\/div>\n<\/div>\n<\/div>\n<\/div>\n<\/div>\n<\/div>\n<\/div>\n<\/div>\n<\/div>\n<\/div>\n<\/div>\n<\/div>\n<\/div>\n<\/div>\n<\/div>\n<\/div>\n<\/div>\n<\/div>\n<\/div>\n<\/div>\n<\/div>\n<\/div>\n<\/div>\n<\/div>\n<\/div>\n<\/div>\n<\/div>\n<\/div>\n<\/div>\n<\/div>\n<\/div>\n<\/div>\n<\/div>\n<\/div>\n<\/div>\n<div class=\"b654a4as d2edcug0\">\n<div class=\"ecm0bbzt e5nlhep0 a8c37x1j\">\n<div class=\"kvgmc6g5 cxmmr5t8 oygrvhab hcukyx3x c1et5uql\">\n<div class=\"gmail-kvgmc6g5 gmail-cxmmr5t8 gmail-oygrvhab gmail-hcukyx3x gmail-c1et5uql gmail-ii04i59q\">\n<div>\n<div class=\"page-title-head hgroup\">\n<div class=\"page-title-head hgroup\">\n<div class=\"b654a4as d2edcug0\">\n<div class=\"j83agx80 btwxx1t3 lhclo0ds hop8lmos nkwizq5d scwd0bx6 roh60bw9\">\n<div class=\"rq0escxv hkbzh7o3 jwdofwj8 n8tt0mok r8blr3vg hyh9befq\">\n<div class=\"do00u71z l9j0dhe7 k4urcfbm\">\n<div>\n<div class=\"page-title-head hgroup\">\n<div class=\"page-title-head hgroup\">\n<div class=\"page-title-head hgroup\">\n<div class=\"page-title-head hgroup\">\n<div class=\"b654a4as d2edcug0\">\n<div class=\"page-title-head hgroup\">\n<div class=\"page-title-head hgroup\">\n<div class=\"page-title-head hgroup\">\n<div class=\"page-title-head hgroup\">\n<div class=\"b654a4as d2edcug0\">\n<div class=\"page-title-head hgroup\">\n<div class=\"page-title-head hgroup\">\n<div class=\"page-title-head hgroup\">\n<div class=\"page-title-head hgroup\">\n<div class=\"page-title-head hgroup\">\n<div class=\"mkdf-post-text\">\n<div class=\"mkdf-post-text-inner\">\n<div class=\"mkdf-post-text-main\">\n<div class=\"mkdf-post-text\">\n<div class=\"mkdf-post-text-inner\">\n<div class=\"mkdf-post-text-main\">\n<div class=\"mkdf-post-text\">\n<div class=\"mkdf-post-text-inner\">\n<div class=\"mkdf-post-text-main\">\n<div class=\"page-title-head hgroup\">\n<div class=\"page-title-head hgroup\">\n<div class=\"mkdf-post-text\">\n<div class=\"mkdf-post-text-inner\">\n<div class=\"mkdf-post-text-main\">\n<div class=\"mkdf-post-text\">\n<div class=\"mkdf-post-text-inner\">\n<div class=\"mkdf-post-text-main\">\n<div>\n<div class=\"page-title-head hgroup\">\n<div class=\"page-title-head hgroup\">\n<div>\n<div class=\"page-title-head hgroup\">\n<div class=\"page-title-head hgroup\">\n<div class=\"b654a4as d2edcug0\">\n<div>\n<div class=\"page-title-head hgroup\" style=\"text-align: left;\">\n<div class=\"page-title-head hgroup\">\n<div dir=\"auto\">\n<p><a class=\"dt-pswp-item pspw-wrap-ready\" href=\"https:\/\/i0.wp.com\/www.radiopiu.net\/wordpress\/wp-content\/uploads\/2018\/09\/WhatsApp-Image-2018-09-20-at-16.04.06.jpeg?ssl=1\" data-dt-img-description=\"\" data-large_image_width=\"800\" data-large_image_height=\"100\"><img loading=\"lazy\" decoding=\"async\" class=\"aligncenter wp-image-61378 size-full jetpack-lazy-image jetpack-lazy-image--handled\" src=\"https:\/\/i0.wp.com\/www.radiopiu.net\/wordpress\/wp-content\/uploads\/2018\/09\/WhatsApp-Image-2018-09-20-at-16.04.06.jpeg?resize=800%2C100&amp;ssl=1\" sizes=\"auto, (max-width: 800px) 100vw, 800px\" srcset=\"https:\/\/i0.wp.com\/www.radiopiu.net\/wordpress\/wp-content\/uploads\/2018\/09\/WhatsApp-Image-2018-09-20-at-16.04.06.jpeg?w=800&amp;ssl=1 800w, https:\/\/i0.wp.com\/www.radiopiu.net\/wordpress\/wp-content\/uploads\/2018\/09\/WhatsApp-Image-2018-09-20-at-16.04.06.jpeg?resize=300%2C38&amp;ssl=1 300w, https:\/\/i0.wp.com\/www.radiopiu.net\/wordpress\/wp-content\/uploads\/2018\/09\/WhatsApp-Image-2018-09-20-at-16.04.06.jpeg?resize=768%2C96&amp;ssl=1 768w\" alt=\"\" width=\"800\" height=\"100\" data-lazy-loaded=\"1\" \/><\/a><\/p>\n<\/div>\n<\/div>\n<\/div>\n<\/div>\n<\/div>\n<\/div>\n<\/div>\n<\/div>\n<\/div>\n<\/div>\n<\/div>\n<\/div>\n<\/div>\n<\/div>\n<\/div>\n<\/div>\n<\/div>\n<\/div>\n<\/div>\n<\/div>\n<\/div>\n<\/div>\n<\/div>\n<\/div>\n<\/div>\n<\/div>\n<\/div>\n<\/div>\n<\/div>\n<\/div>\n<\/div>\n<\/div>\n<\/div>\n<\/div>\n<\/div>\n<\/div>\n<\/div>\n<\/div>\n<\/div>\n<\/div>\n<\/div>\n<\/div>\n<\/div>\n<\/div>\n<\/div>\n<\/div>\n<\/div>\n<\/div>\n<\/div>\n<\/div>\n<\/div>\n<\/div>\n<\/div>\n<\/div>\n<\/div>\n<\/div>\n<\/div>\n<\/div>\n<\/div>\n<\/div>\n<\/div>\n<\/div>\n<\/div>\n<\/div>\n<\/div>\n<\/div>\n<\/div>\n<\/div>\n<\/div>\n<\/div>\n<\/div>\n<\/div>\n<\/div>\n<\/div>\n<\/div>\n<\/div>\n<\/div>\n<\/div>\n<\/div>\n<\/div>\n<\/div>\n<\/div>\n<\/div>\n<\/div>\n<\/div>\n<\/div>\n<\/div>\n<\/div>\n<\/div>\n<\/div>\n<\/div>\n<\/div>\n<\/div>\n<\/div>\n<\/div>\n<\/div>\n<\/div>\n<\/div>\n<\/div>\n<\/div>\n<\/div>\n<\/div>\n<\/div>\n<\/div>\n<\/div>\n<\/div>\n<\/div>\n<\/div>\n<\/div>\n<\/div>\n<\/div>\n<\/div>\n<\/div>\n<\/div>\n<\/div>\n<\/div>\n<\/div>\n<\/div>\n<\/div>\n<\/div>\n<\/div>\n<\/div>\n<\/div>\n<\/div>\n<\/div>\n<\/div>\n<\/div>\n<\/div>\n<\/div>\n<\/div>\n<\/div>\n<\/div>\n<\/div>\n<\/div>\n<\/div>\n<\/div>\n<\/div>\n<\/div>\n<\/div>\n<\/div>\n<\/div>\n<\/div>\n<\/div>\n<\/div>\n<\/div>\n<\/div>\n<\/div>\n<\/div>\n<\/div>\n<\/div>\n<\/div>\n<\/div>\n<\/div>\n<\/div>\n<\/div>\n<\/div>\n<\/div>\n<\/div>\n<\/div>\n<\/div>\n<\/div>\n<\/div>\n<\/div>\n<\/div>\n<\/div>\n<\/div>\n<\/div>\n<\/div>\n<\/div>\n<\/div>\n<\/div>\n<\/div>\n<\/div>\n<\/div>\n<\/div>\n<\/div>\n<\/div>\n<\/div>\n<\/div>\n<\/div>\n<\/div>\n<\/div>\n<\/div>\n<\/div>\n<\/div>\n<\/div>\n<\/div>\n<\/div>\n<\/div>\n<\/div>\n<\/div>\n<\/div>\n<\/div>\n<\/div>\n<\/div>\n<\/div>\n<\/div>\n<\/div>\n<\/div>\n<\/div>\n<\/div>\n<\/div>\n<\/div>\n<\/div>\n<\/div>\n<\/div>\n<\/div>\n<\/div>\n<\/div>\n<\/div>\n<\/div>\n<\/div>\n<\/div>\n<\/div>\n<\/div>\n<\/div>\n<\/div>\n<\/div>\n<\/div>\n<\/div>\n<\/div>\n<\/div>\n<\/div>\n<\/div>\n<\/div>\n<\/div>\n<\/div>\n<\/div>\n<\/div>\n<\/div>\n<div style=\"text-align: left;\"><center><b>Sabato 16<\/b><\/center><b>Tempo atteso: <\/b>Al mattino sereno dopo il dissolvimento di alcune nubi basse presenti su Dolomiti durante la notte, dalle ore centrali e nel pomeriggio modesta formazione di nuvolosit\u00e0 cumuliforme su Dolomiti.<br \/>\n<b>Precipitazioni: <\/b>Fino a met\u00e0 pomeriggio assenti; dal tardo pomeriggio probabilit\u00e0 in aumento fino a media verso sera (30-50 %) di un temporale di calore su Dolomiti in possibile successivo trasferimento alle Prealpi (20-40 %)<br \/>\n<b>Temperature: <\/b>stazionarie o in lieve aumento su valori sempre superiori alla media Su Prealpi a 1500 m: min 15 max 20, a 2000 m: min 12 max 16 Dolomiti a 2000 m: min 13 max 19, a 3000 m: min 6 max 8<br \/>\n<b>Venti: <\/b>nelle valli a regime di brezza, in quota deboli\/moderati da nordovest a 5-15 km\/h a 2000 m e a 15-30 km\/h a 3000 m.<\/p>\n<hr \/>\n<p><center><b>Domenica 17<\/b><\/center><b>Tempo atteso: <\/b>Ben soleggiato e caldo con cielo sereno o al pi\u00f9 poco nuvoloso per modesta attivit\u00e0 cumuliforme nel pomeriggio. Nella notte e fino al primo mattino possibili nubi basse sui settori Prealpini.<br \/>\n<b>Precipitazioni: <\/b>Generalmente assenti.<br \/>\n<b>Temperature: <\/b>stazionarie o in lievissimo calo su Prealpi Prealpi a 1500 m: min 15 max 20, a 2000 m: min 12 max 15 Dolomiti a 2000 m: min 13 max 19, a 3000 m: min 7 max 10<br \/>\n<b>Venti: <\/b>brezze nelle valli; in quota deboli\/moderati da nordovest, a 5-15 km\/h a 2000 m e a 15-30 km\/h a 3000 m.<\/p>\n<hr \/>\n<p><center><b>Lunedi 18<\/b><\/center>Tempo stabile e caldo con cielo da sereno a poco nuvoloso per la presenza di qualche velatura (nubi alte e sottili) nel pomeriggio assieme alla formazione di qualche cumulo. Temperature stazionarie o in lieve aumento. Venti in quota deboli o moderati settentrionali, brezze nelle valli.<\/p>\n<hr \/>\n<p><center><b>Martedi 19<\/b><\/center>Giornata stabile, soleggiata e particolarmente calda. Sole e cielo sereno con limitata formazione di qualche cumulo nel pomeriggio. Temperature in ulteriore lieve aumento su valori superiori alla media (zero termico previsto a 4400\/4600 metri) Venti in quota deboli\/moderati da nordovest, brezze nelle valli. Previsore: DDL<\/p>\n<p>&nbsp;<\/p>\n<\/div>\n<hr \/>\n<p>&nbsp;<\/p>\n<p>&nbsp;<\/p>\n<p><a href=\"https:\/\/www.radiopiu.net\/wordpress\/giornale-radiopiu-26-settembre-2018-direttore-mirko-mezzacasa\/viabilita-2\/\" rel=\"attachment wp-att-61954\"><img loading=\"lazy\" decoding=\"async\" class=\"aligncenter wp-image-61954 size-full\" src=\"https:\/\/www.radiopiu.net\/wordpress\/wp-content\/uploads\/2018\/09\/viabilita.jpeg\" sizes=\"auto, (max-width: 800px) 100vw, 800px\" srcset=\"https:\/\/www.radiopiu.net\/wordpress\/wp-content\/uploads\/2018\/09\/viabilita.jpeg 800w, https:\/\/www.radiopiu.net\/wordpress\/wp-content\/uploads\/2018\/09\/viabilita-300x38.jpeg 300w, https:\/\/www.radiopiu.net\/wordpress\/wp-content\/uploads\/2018\/09\/viabilita-768x96.jpeg 768w\" alt=\"\" width=\"800\" height=\"100\" \/><\/a><\/p>\n<blockquote>\n<h3><\/h3>\n<h3>GALLERIA DI SEGUSINO CHIUSA PER 4 MESI<\/h3>\n<\/blockquote>\n<p><strong><a class=\"dt-pswp-item\" href=\"https:\/\/www.radiopiu.net\/wordpress\/wp-content\/uploads\/2020\/05\/VENETO-STRADE.png\" data-dt-img-description=\"\" data-large_image_width=\"400\" data-large_image_height=\"400\"><img loading=\"lazy\" decoding=\"async\" class=\" wp-image-135574 alignleft\" src=\"https:\/\/www.radiopiu.net\/wordpress\/wp-content\/uploads\/2020\/05\/VENETO-STRADE-150x150.png\" alt=\"\" width=\"102\" height=\"102\" srcset=\"https:\/\/www.radiopiu.net\/wordpress\/wp-content\/uploads\/2020\/05\/VENETO-STRADE-150x150.png 150w, https:\/\/www.radiopiu.net\/wordpress\/wp-content\/uploads\/2020\/05\/VENETO-STRADE-300x300.png 300w, https:\/\/www.radiopiu.net\/wordpress\/wp-content\/uploads\/2020\/05\/VENETO-STRADE.png 400w\" sizes=\"auto, (max-width: 102px) 100vw, 102px\" \/><\/a><\/strong><\/p>\n<p><strong>SEDICO<\/strong> Veneto Strade comunica che sulla SP 1 Bis &#8220;Madonna del Piave&#8221;, dal 12 luglio e fino al 4 novembre, compresi sabati domeniche e festivi infrasettimanali, un&#8217;interdizione totale al transito per l&#8217;intera tratta della galleria di Segusino in seguito a dei lavori per messa in sicurezza della condotta acquedottistica<\/p>\n<p>&nbsp;<\/p>\n<blockquote>\n<h3>DIVIETO DI SOSTA IN VIA FELTRE A BELLUNO<\/h3>\n<\/blockquote>\n<p><strong>BELLUNO<\/strong> Per consentire la creazione di un\u2019area di cantiere necessaria al posizionamento di una piattaforma per lavori di manutenzione delle antenne, si rende necessaria l&#8217;istituzione del divieto di sosta con rimozione forzata dei veicoli, in Via Feltre negli stalli di sosta a pagamento immediatamente a sinistra dell\u2019entrata a ridosso dell\u2019antenna nel parcheggio \u201cex Moi\u201d, dalle ore 8.00 del 19 alle ore 18.00 del 20 luglio<\/p>\n<p>&nbsp;<\/p>\n<blockquote>\n<h3>DOMENICA IN CENTRO A BELLUNO MODIFICHE ALLA VIABILITA&#8217;<\/h3>\n<\/blockquote>\n<p><strong>BELLUNO<\/strong> n occasione dell&#8217;evento &#8220;Belluno Balocchi&#8221;, promosso dall&#8217;Associazione Pomi d&#8217;Ottone, si rendono necessarie le seguenti modifiche alla viabilit\u00e0, per consentire il posizionamento delle ditte commerciali, delle strutture per la pratica dei giochi e degli spettacoli di giocoleria, nella giornata di domenica 17 luglio: istituzione del divieto di sosta con rimozione forzata dei veicoli in via Matteotti, piazza dei Martiri, piazza Vittorio Emanuele II, piazza del Mercato, piazza Castello, via Duomo e piazza Duomo, nell&#8217;area compresa tra la Cattedrale\/Auditorium\/Prefettura\/Palazzo Comunale, dalle ore 6.00 alle ore 19.30; istituzione del divieto di circolazione veicolare, eccetto i mezzi di Polizia, di soccorso, di emergenza e dei residenti autorizzati, in via Loreto, via Matteotti, piazza dei Martiri, piazza Vittorio Emanuele II, piazza Duomo, via Duomo, piazza Castello e piazza del Mercato, dalle ore 8.00 alle ore 19.30<\/p>\n<p>&nbsp;<\/p>\n<blockquote>\n<h3>LUNEDI&#8217; MODIFICHE ALLA VIABILITA&#8217; IN VIA SANTA MARIA DEI BATTUTI A BELLUNO<\/h3>\n<\/blockquote>\n<p><strong>BELLUNO<\/strong> Per consentire l&#8217;esecuzione dei lavori di spurgo e video-ispezione degli scarichi fognari afferenti alla condotta sottostante la pubblica via e la contemporanea mappatura della rete fognaria, eseguita dai tecnici di BIM Gestione Servizi Pubblici S.p.A., si rendono necessarie le seguenti modifiche alla viabilit\u00e0; divieto di sosta con rimozione forzata dei veicoli in due stalli di sosta riservati ai veicoli dei residenti autorizzati presenti sul lato destro del portone di ingresso dell\u2019Archivio di Stato di Belluno e compresi tra il civici 3 e 5 di via Santa Maria dei Battuti, dalle\u00a0 8.30 alle 12.30 del 18 luglio; \u00a0divieto di circolazione in via Santa Maria dei Battuti nel tratto di strada compreso tra l\u2019intersezione con via Santa Croce e l\u2019ingresso dell\u2019Archivio di Stato, al civico 3<\/p>\n<p>&nbsp;<\/p>\n<blockquote>\n<h3>LAVORI ALLA RETE IDRICA IN CENTRO STORICO A BELLUNO: DIVIETI E MODIFICHE ALLA VIABILITA&#8217;<\/h3>\n<\/blockquote>\n<p><strong>BELLUNO<\/strong> Gli interventi programmati dalla Societ\u00e0 BIM GSP per la manutenzione alla rete di acquedotto e fognatura in centro storico comporteranno alcune modifiche alla viabilit\u00e0. VIA CIPRO divieto di transito dalle 8 del 18 luglio alle 18 del 22 luglio. Divieto di sosta con rimozione forzata in Via 30 Aprile e Piazza Castello dal 18 al 22 luglio. Senso unico alternato in Piazza Duomo dal 25 al 29 luglio e divieto di sosta con rimozione forzata sempre in Piazza Duomo dal 25 al 29 luglio.<\/p>\n<p>&nbsp;<\/p>\n<blockquote>\n<h3>MODIFICHE ALLA VIABILITA&#8217; IN CENTRO A BELLUNO<\/h3>\n<\/blockquote>\n<p><strong>BELLUNO<\/strong>: dal 20 luglio al 5 agosto divieto di circolazione in via Della Dia. Tra il 19 luglio e il 31 ottobre divieto di sosta in via Mezzaterra, area antistante civico 19<\/p>\n<p>&nbsp;<\/p>\n<p>&nbsp;<\/p>\n<blockquote class=\"wp-embedded-content\" data-secret=\"NiRsc0NsEC\"><p><a href=\"https:\/\/www.radiopiu.net\/wordpress\/viabilita\/\">viabilita<\/a><\/p><\/blockquote>\n<p><iframe loading=\"lazy\" class=\"wp-embedded-content\" sandbox=\"allow-scripts\" security=\"restricted\" style=\"position: absolute; clip: rect(1px, 1px, 1px, 1px);\" title=\"&#8220;viabilita&#8221; &#8212; Radio Pi\u00f9\" src=\"https:\/\/www.radiopiu.net\/wordpress\/viabilita\/embed\/#?secret=YlqVFbLvmb#?secret=NiRsc0NsEC\" data-secret=\"NiRsc0NsEC\" width=\"600\" height=\"338\" frameborder=\"0\" marginwidth=\"0\" marginheight=\"0\" scrolling=\"no\"><\/iframe><\/p>\n<p>&nbsp;<\/p>\n<hr \/>\n<p>&nbsp;<\/p>\n<p>&nbsp;<\/p>\n<p><img loading=\"lazy\" decoding=\"async\" class=\"wp-image-60761 size-full aligncenter\" src=\"https:\/\/www.radiopiu.net\/wordpress\/wp-content\/uploads\/2018\/09\/sport.jpg\" alt=\"\" width=\"800\" height=\"100\" srcset=\"https:\/\/www.radiopiu.net\/wordpress\/wp-content\/uploads\/2018\/09\/sport.jpg 800w, https:\/\/www.radiopiu.net\/wordpress\/wp-content\/uploads\/2018\/09\/sport-300x38.jpg 300w, https:\/\/www.radiopiu.net\/wordpress\/wp-content\/uploads\/2018\/09\/sport-768x96.jpg 768w\" sizes=\"auto, (max-width: 800px) 100vw, 800px\" \/><\/p>\n<\/div>\n<\/div>\n<\/div>\n<div class=\"page-title-head hgroup\">\n<div class=\"page-title-head hgroup\">\n<p>&nbsp;<\/p>\n<\/div>\n<\/div>\n<div class=\"page-title-head hgroup\">\n<div class=\"page-title-head hgroup\">\n<div class=\"page-title-head hgroup\"><\/div>\n<div class=\"page-title-head hgroup\">\n<p><span style=\"color: #0000ff;\"><strong>CALCIO<\/strong><\/span><\/p>\n<blockquote>\n<h3>ULTIMA GIORNATA DI STAGIONE REGOLARE PER IL MEMORIAL DENIS TONIN<\/h3>\n<\/blockquote>\n<p><strong><a class=\"dt-pswp-item\" href=\"https:\/\/www.radiopiu.net\/wordpress\/wp-content\/uploads\/2022\/03\/CALCIO-2022.jpg\" data-dt-img-description=\"\" data-large_image_width=\"1920\" data-large_image_height=\"1281\"><img loading=\"lazy\" decoding=\"async\" class=\"size-thumbnail wp-image-265514 alignleft\" src=\"https:\/\/www.radiopiu.net\/wordpress\/wp-content\/uploads\/2022\/03\/CALCIO-2022-150x150.jpg\" alt=\"\" width=\"150\" height=\"150\" \/><\/a>REDAZIONE<\/strong> Si giocheranno domani le ultime partite della stagione regolare del Campionato Agordino di calcio. Il Memorial Denis Tonin sta per avere le otto squadre ufficiali che si giocheranno i quarti di finale domenica 24 luglio sui campi di La Valle e Voltago. Taibon, Gosaldo, Canale e Voltago hanno gi\u00e0 strappato il pass per la fase finale, Alleghe e La Valle sono le due formazioni che sono gi\u00e0 state eliminate, tutte le altre compagini si giocheranno il passaggio del turno in questo fine settimana con le partite che verranno giocate tutte in contemporanea domani alle 16. Il match pi\u00f9 interessante del girone A si gioca a Vallada dove i padroni di casa ospiteranno il Le Ville. Entrambe le squadre devono vincere per passare il turno. A La Valle missione impossibile per l\u2019Agordo 2009. Per passare il turno la squadra di De Lazzer deve vincere con almeno 11 gol di scarto e sperare in uno 0 a 0 nella sfida di Vallada. Il Voltago gioca in casa il derby del Poi contro il Gosaldo ma entrambe le formazioni non hanno pi\u00f9 nulla da chiedere in quanto gi\u00e0 qualificate. Riposa il Taibon. Nel girone B spicca la sfida tra Cencenighe e Rivamonte. Ai rivamontini serve una vittoria per passare il turno, al Cencenighe basterebbe un pareggio. A Cernadoi il Fodom non dovrebbe avere problemi contro il fanalino di coda Alleghe. Al MaraCanal il Caprile deve fare punti contro i canalini per assicurarsi la fase finale. Domani pomeriggio Radio Pi\u00f9 seguir\u00e0 in diretta le partite principali con gli aggiornamenti da tutti i campi.<\/p>\n<p><strong>IL PROGRAMMA DELL\u2019ULTIMA GIORNATA <\/strong>Girone A: domani alle 16 La Valle \u2013 Agordo 2009, Vallada \u2013 Le Ville e Voltago \u2013 Gosaldo. Riposa il Taibon Girone B: domani alle 16 Canale \u2013 Caprile, Fodom \u2013 Alleghe e Cencenighe \u2013 Rivamonte.<\/p>\n<p><strong>LE CLASSIFICHE <\/strong>Girone A: Gosaldo 12, Voltago 11, Taibon 10, Le Ville 7, Agordo 2009 5, Vallada 4, La Valle 1. Girone B: Canale 8, Caprile, Fodom e Cencenighe 7, Rivamonte 4, Alleghe 0<\/p>\n<p>&nbsp;<\/p>\n<h2><span style=\"color: #008000;\"><a class=\"dt-pswp-item\" href=\"https:\/\/www.radiopiu.net\/wordpress\/wp-content\/uploads\/2019\/01\/CALCIO-FALLO.jpeg\" data-dt-img-description=\"\" data-large_image_width=\"1600\" data-large_image_height=\"848\"><img loading=\"lazy\" decoding=\"async\" class=\" wp-image-71538 alignleft\" src=\"https:\/\/www.radiopiu.net\/wordpress\/wp-content\/uploads\/2019\/01\/CALCIO-FALLO-150x150.jpeg\" alt=\"\" width=\"74\" height=\"74\" \/><\/a>SPECIALE CAMPIONATO AGORDINO<\/span><\/h2>\n<p><strong>RIASCOLTA OTTANTESIMO MINUTO &#8211; QUINTA PUNTATA<\/strong><\/p>\n<audio class=\"wp-audio-shortcode\" id=\"audio-287181-14\" preload=\"none\" style=\"width: 100%;\" controls=\"controls\"><source type=\"audio\/mpeg\" src=\"https:\/\/www.radiopiu.net\/wordpress\/wp-content\/uploads\/2022\/07\/80MIN.mp3?_=14\" \/><a href=\"https:\/\/www.radiopiu.net\/wordpress\/wp-content\/uploads\/2022\/07\/80MIN.mp3\">https:\/\/www.radiopiu.net\/wordpress\/wp-content\/uploads\/2022\/07\/80MIN.mp3<\/a><\/audio>\n<p><strong>RIASCOLTA CAMPIONATO AGORDINO SHOW &#8211; QUINTA PUNTATA (LA SINTESI)<\/strong><\/p>\n<audio class=\"wp-audio-shortcode\" id=\"audio-287181-15\" preload=\"none\" style=\"width: 100%;\" controls=\"controls\"><source type=\"audio\/mpeg\" src=\"https:\/\/www.radiopiu.net\/wordpress\/wp-content\/uploads\/2022\/07\/AGOS-1.mp3?_=15\" \/><a href=\"https:\/\/www.radiopiu.net\/wordpress\/wp-content\/uploads\/2022\/07\/AGOS-1.mp3\">https:\/\/www.radiopiu.net\/wordpress\/wp-content\/uploads\/2022\/07\/AGOS-1.mp3<\/a><\/audio>\n<p>&nbsp;<\/p>\n<p>&nbsp;<\/p>\n<hr \/>\n<p>&nbsp;<\/p>\n<div class=\"page-title-head hgroup\">\n<blockquote>\n<h3 class=\"entry-title\">LA TERZA GARA DI ANDREA FONTANA NELLA PORSCHE CARRERA CUP ITALIA<\/h3>\n<\/blockquote>\n<\/div>\n<div class=\"page-title-breadcrumbs\">\n<blockquote><p><strong>Carrera Cup Italia &#8211; Fontana, &#8220;occasione giusta&#8221; al Mugello In occasione del terzo round stagionale, questo fine settimana il pilota bellunese si ripresenta al via del monomarca di Porsche Italia con rinnovate ambizioni.<\/strong><\/p><\/blockquote>\n<p>&nbsp;<\/p>\n<p><a class=\"dt-pswp-item\" href=\"https:\/\/www.radiopiu.net\/wordpress\/wp-content\/uploads\/2022\/07\/3691b3a4-d6cf-af6f-3016-9c5ed356f7f4.png\" data-dt-img-description=\"\" data-large_image_width=\"2292\" data-large_image_height=\"1488\"><img loading=\"lazy\" decoding=\"async\" class=\"size-thumbnail wp-image-287363 alignleft\" src=\"https:\/\/www.radiopiu.net\/wordpress\/wp-content\/uploads\/2022\/07\/3691b3a4-d6cf-af6f-3016-9c5ed356f7f4-150x150.png\" alt=\"\" width=\"150\" height=\"150\" \/><\/a>Si corre questo fine settimana al Mugello il terzo round della Carrera Cup Italia 2022 e, sotto le insegne di Bonaldi Motorsport, tra i protagonisti \u00e8 pronto a scendere in pista anche Andrea Fontana. Il pilota bellunese, al rientro nella serie di Porsche Italia dopo alcune stagioni, si \u00e8 rivelato uno dei protagonisti del monomarca, anche se qualche imprevisto non gli ha permesso di concretizzare risultati di rilievo. Nell\u2019ultimo appuntamento disputato a Misano Adriatico, Fontana ha condotto le danze per parte di gara 2 prima di incappare in una uscita di pista che ha compromesso ogni chance di vittoria. Aldil\u00e0 dei risultati concreti, certamente ha mostrato di avere le capacit\u00e0 per lottare per le posizioni di vertice, cos\u00ec come il team bergamasco di saper fornire una vettura performante. In un campionato che vede al via 38 vetture e che si sta rivelando di alto profilo con molti piloti in grado di competere per la vittoria, ora la tre-giorni toscana <a class=\"dt-pswp-item\" href=\"https:\/\/www.radiopiu.net\/wordpress\/wp-content\/uploads\/2022\/07\/87e5a7ad-5ca5-7dc1-e413-9c2e692b85d6-scaled.jpg\" data-dt-img-description=\"MISANO ADRIATICO, ITALY - JUNE 05: A general view of the start of Race 2 the Porsche Carrera Cup Italia 2022 Round 3\/4 Day Three at Misano World Circuit on June 5, 2022 in Misano Adriatico, Italy. (Photo by Guido De Bortoli\/Getty Images for Porsche Italia)\" data-large_image_width=\"2560\" data-large_image_height=\"1707\"><img loading=\"lazy\" decoding=\"async\" class=\"size-thumbnail wp-image-287364 alignright\" src=\"https:\/\/www.radiopiu.net\/wordpress\/wp-content\/uploads\/2022\/07\/87e5a7ad-5ca5-7dc1-e413-9c2e692b85d6-150x150.jpg\" alt=\"\" width=\"150\" height=\"150\" \/><\/a>diventa fondamentale per marcare punti pesanti e scalare posizioni in una classifica ancora relativamente corta.<\/p>\n<p><strong>PROGRAMMA DEL WEEKEND venerdi<\/strong> 15 Luglio\u00a0 &#8211; dalle 16:15 alle ore 17:35 prove libere; <strong>sabato<\/strong> 16 Luglio\u00a0 &#8211; dalle 9:50 prove di qualificazione; &#8211; alle 16:10 invece scatter\u00e0 Gara 1; <strong>domenica<\/strong> 17 Luglio\u00a0 &#8211; alle12:30 prender\u00e0 il via invece Gara 2; Confermata\u00a0la copertura televisiva con\u00a0entrambe le gare trasmesse in\u00a0diretta\u00a0live streaming su\u00a0www.carreracupitalia.it\u00a0e in diretta tv su Sky Sport Arena. Gara 2 disporr\u00e0 anche della diretta in chiaro su Cielo (canale 26 del digitale terrestre).<\/p>\n<p>&nbsp;<\/p>\n<p>&nbsp;<\/p>\n<p><iframe loading=\"lazy\" title=\"Misano Race Weekend - Carrera Cup Italia\" width=\"1200\" height=\"675\" src=\"https:\/\/www.youtube.com\/embed\/60-6rFdC0SU?feature=oembed\" frameborder=\"0\" allow=\"accelerometer; autoplay; clipboard-write; encrypted-media; gyroscope; picture-in-picture\" allowfullscreen><\/iframe><\/p>\n<p>&nbsp;<\/p>\n<\/div>\n<p>&nbsp;<\/p>\n<p>&nbsp;<\/p>\n<p>&nbsp;<\/p>\n<hr \/>\n<p>&nbsp;<\/p>\n<\/div>\n<blockquote class=\"wp-embedded-content\" data-secret=\"CP8105g3Dj\"><p><a href=\"https:\/\/www.radiopiu.net\/wordpress\/agordina-il-punto-piu-alto-1971-72-campioni-veneti-davanti-a-2000-spettatori\/\">AGORDINA, IL PUNTO PIU&#8217; ALTO. 1971-72 CAMPIONI VENETI DAVANTI A 2000 SPETTATORI<\/a><\/p><\/blockquote>\n<p><iframe loading=\"lazy\" class=\"wp-embedded-content\" sandbox=\"allow-scripts\" security=\"restricted\" style=\"position: absolute; clip: rect(1px, 1px, 1px, 1px);\" title=\"&#8220;AGORDINA, IL PUNTO PIU&#8217; ALTO. 1971-72 CAMPIONI VENETI DAVANTI A 2000 SPETTATORI&#8221; &#8212; Radio Pi\u00f9\" src=\"https:\/\/www.radiopiu.net\/wordpress\/agordina-il-punto-piu-alto-1971-72-campioni-veneti-davanti-a-2000-spettatori\/embed\/#?secret=LooZBnl8jV#?secret=CP8105g3Dj\" data-secret=\"CP8105g3Dj\" width=\"600\" height=\"338\" frameborder=\"0\" marginwidth=\"0\" marginheight=\"0\" scrolling=\"no\"><\/iframe><\/p>\n<p>&nbsp;<\/p>\n<p>&nbsp;<\/p>\n<hr \/>\n<p>&nbsp;<\/p>\n<p><span style=\"color: #0000ff;\"><strong>CORSA IN MONTAGNA<\/strong><\/span><\/p>\n<blockquote>\n<h3>DOMANI LA QUARANTESIMA TRANSCIVETTA. SONO 750 LE COPPIE AL VIA<\/h3>\n<\/blockquote>\n<p><strong><a class=\"dt-pswp-item\" href=\"https:\/\/www.radiopiu.net\/wordpress\/wp-content\/uploads\/2022\/07\/\u00a9Ticomunicazione_6-i-vincitori-lorenzo-cagnati-e-tiziano-moia-al-passaggio-al-lago-del-coldai.jpg\" data-dt-img-description=\"\" data-large_image_width=\"1900\" data-large_image_height=\"1267\"><img loading=\"lazy\" decoding=\"async\" class=\"size-thumbnail wp-image-287272 alignleft\" src=\"https:\/\/www.radiopiu.net\/wordpress\/wp-content\/uploads\/2022\/07\/\u00a9Ticomunicazione_6-i-vincitori-lorenzo-cagnati-e-tiziano-moia-al-passaggio-al-lago-del-coldai-150x150.jpg\" alt=\"\" width=\"150\" height=\"150\" \/><\/a>ALLEGHE <\/strong>Ritorner\u00e0 domenica la Transcivetta a coppie edizione numero 40. Si garegger\u00e0 sul collaudato tracciato di 23 chilometri con partenza da Listolade (comune di Taibon Agordino) e arrivo ai Piani di Pezz\u00e8 di Alleghe: gli atleti dovranno affrontare 1950 metri di dislivello positivo e 870 di dislivello negativo.\u00a0 La partenza \u00e8 fissata per le 9. Il tempo massimo \u00e8 fissato in 6 ore e trenta. Saranno assegnati anche: il Trofeo Giorgio Favero alla prima coppia femminile transitata al Rifugio Vazzoler; il Trofeo Eliana De Zordo alla prima coppia mista transitata al rifugio Coldai; il Trofeo Giorgio Favretti alla prima coppia maschile transitata al Rifugio Tissi; il Trofeo Civetta al concorrente pi\u00f9 giovane e alla concorrente pi\u00f9 giovane. Ci sar\u00e0, inoltre, in collaborazione con l&#8217;Associazione Donatori di Midollo Osseo, la premiazione del Trofeo Admo. Sempre domenica, alle 14.30 ai Piani di Pezz\u00e9 si disputer\u00e0 anche la Transcivetta Kids, evento dedicato ai pi\u00f9 piccoli che si disputer\u00e0, in forma individuale, su un tracciato ridotto di 2,5 chilometri.<\/p>\n<\/div>\n<\/div>\n<p>&nbsp;<\/p>\n<blockquote>\n<h3>A PROPOSITO DI TRANS CIVETTA&#8230; ECCO COSA TROVERANNO GLI ATLETI SUL LORO PERCORSO<\/h3>\n<\/blockquote>\n<p><em>IERI, DA LISTOLADE AI PIANI DI PEZZE&#8217;. &#8220;PURTROPPO HO NOTATO IL LIVELLO DEL LAGO DEL COLDAI DAVVERO BASSO, MAI VISTO COSI&#8217; BASSO&#8221; JOHN FRANCIS DELLA PIETRA<\/em><\/p>\n\n\t\t\t<style type='text\/css'>\n\t\t\t\t#gallery-4 {\n\t\t\t\t\tmargin: auto;\n\t\t\t\t}\n\t\t\t\t#gallery-4 .gallery-item {\n\t\t\t\t\tfloat: left;\n\t\t\t\t\tmargin-top: 10px;\n\t\t\t\t\ttext-align: center;\n\t\t\t\t\twidth: 20%;\n\t\t\t\t}\n\t\t\t\t#gallery-4 img {\n\t\t\t\t\tborder: 2px solid #cfcfcf;\n\t\t\t\t}\n\t\t\t\t#gallery-4 .gallery-caption {\n\t\t\t\t\tmargin-left: 0;\n\t\t\t\t}\n\t\t\t\t\/* see gallery_shortcode() in wp-includes\/media.php *\/\n\t\t\t<\/style>\n\t\t<div id='gallery-4' class='dt-gallery-container gallery galleryid-287181 gallery-columns-5 gallery-size-thumbnail'><dl class='gallery-item'>\n\t\t\t\t<dt class='gallery-icon portrait'>\n\t\t\t\t\t<a class=\"rollover rollover-zoom dt-pswp-item\" title=\"b902439f-2ec2-442f-a038-164907114fc8\" data-dt-img-description=\"\" data-large_image_width=\"899\" data-large_image_height=\"1599\"href='https:\/\/www.radiopiu.net\/wordpress\/wp-content\/uploads\/2022\/07\/b902439f-2ec2-442f-a038-164907114fc8-1.jpg'><img loading=\"lazy\" decoding=\"async\" width=\"150\" height=\"150\" src=\"https:\/\/www.radiopiu.net\/wordpress\/wp-content\/uploads\/2022\/07\/b902439f-2ec2-442f-a038-164907114fc8-1-150x150.jpg\" class=\"attachment-thumbnail size-thumbnail\" alt=\"\" \/><\/a>\n\t\t\t\t<\/dt><\/dl><dl class='gallery-item'>\n\t\t\t\t<dt class='gallery-icon portrait'>\n\t\t\t\t\t<a class=\"rollover rollover-zoom dt-pswp-item\" title=\"faa2064a-b316-42a7-8158-b0d8ca229763\" data-dt-img-description=\"\" data-large_image_width=\"1152\" data-large_image_height=\"2048\"href='https:\/\/www.radiopiu.net\/wordpress\/wp-content\/uploads\/2022\/07\/faa2064a-b316-42a7-8158-b0d8ca229763-1.jpg'><img loading=\"lazy\" decoding=\"async\" width=\"150\" height=\"150\" src=\"https:\/\/www.radiopiu.net\/wordpress\/wp-content\/uploads\/2022\/07\/faa2064a-b316-42a7-8158-b0d8ca229763-1-150x150.jpg\" class=\"attachment-thumbnail size-thumbnail\" alt=\"\" \/><\/a>\n\t\t\t\t<\/dt><\/dl><dl class='gallery-item'>\n\t\t\t\t<dt class='gallery-icon portrait'>\n\t\t\t\t\t<a class=\"rollover rollover-zoom dt-pswp-item\" title=\"0f5fc35c-f93c-4452-882d-bef8fad0ced4\" data-dt-img-description=\"\" data-large_image_width=\"899\" data-large_image_height=\"1599\"href='https:\/\/www.radiopiu.net\/wordpress\/wp-content\/uploads\/2022\/07\/0f5fc35c-f93c-4452-882d-bef8fad0ced4-1.jpg'><img loading=\"lazy\" decoding=\"async\" width=\"150\" height=\"150\" src=\"https:\/\/www.radiopiu.net\/wordpress\/wp-content\/uploads\/2022\/07\/0f5fc35c-f93c-4452-882d-bef8fad0ced4-1-150x150.jpg\" class=\"attachment-thumbnail size-thumbnail\" alt=\"\" \/><\/a>\n\t\t\t\t<\/dt><\/dl><dl class='gallery-item'>\n\t\t\t\t<dt class='gallery-icon landscape'>\n\t\t\t\t\t<a class=\"rollover rollover-zoom dt-pswp-item\" title=\"72802ace-70df-4897-9f04-0ecb0dcc0103\" data-dt-img-description=\"\" data-large_image_width=\"1599\" data-large_image_height=\"899\"href='https:\/\/www.radiopiu.net\/wordpress\/wp-content\/uploads\/2022\/07\/72802ace-70df-4897-9f04-0ecb0dcc0103-1.jpg'><img loading=\"lazy\" decoding=\"async\" width=\"150\" height=\"150\" src=\"https:\/\/www.radiopiu.net\/wordpress\/wp-content\/uploads\/2022\/07\/72802ace-70df-4897-9f04-0ecb0dcc0103-1-150x150.jpg\" class=\"attachment-thumbnail size-thumbnail\" alt=\"\" \/><\/a>\n\t\t\t\t<\/dt><\/dl><dl class='gallery-item'>\n\t\t\t\t<dt class='gallery-icon landscape'>\n\t\t\t\t\t<a class=\"rollover rollover-zoom dt-pswp-item\" title=\"4b65107d-4a54-48b5-b77b-084dfcb21708\" data-dt-img-description=\"\" data-large_image_width=\"1599\" data-large_image_height=\"899\"href='https:\/\/www.radiopiu.net\/wordpress\/wp-content\/uploads\/2022\/07\/4b65107d-4a54-48b5-b77b-084dfcb21708-1.jpg'><img loading=\"lazy\" decoding=\"async\" width=\"150\" height=\"150\" src=\"https:\/\/www.radiopiu.net\/wordpress\/wp-content\/uploads\/2022\/07\/4b65107d-4a54-48b5-b77b-084dfcb21708-1-150x150.jpg\" class=\"attachment-thumbnail size-thumbnail\" alt=\"\" \/><\/a>\n\t\t\t\t<\/dt><\/dl><br style=\"clear: both\" \/><dl class='gallery-item'>\n\t\t\t\t<dt class='gallery-icon landscape'>\n\t\t\t\t\t<a class=\"rollover rollover-zoom dt-pswp-item\" title=\"a01c82cb-c541-48a2-b243-a69518015d9a\" data-dt-img-description=\"\" data-large_image_width=\"1599\" data-large_image_height=\"899\"href='https:\/\/www.radiopiu.net\/wordpress\/wp-content\/uploads\/2022\/07\/a01c82cb-c541-48a2-b243-a69518015d9a-1.jpg'><img loading=\"lazy\" decoding=\"async\" width=\"150\" height=\"150\" src=\"https:\/\/www.radiopiu.net\/wordpress\/wp-content\/uploads\/2022\/07\/a01c82cb-c541-48a2-b243-a69518015d9a-1-150x150.jpg\" class=\"attachment-thumbnail size-thumbnail\" alt=\"\" \/><\/a>\n\t\t\t\t<\/dt><\/dl><dl class='gallery-item'>\n\t\t\t\t<dt class='gallery-icon portrait'>\n\t\t\t\t\t<a class=\"rollover rollover-zoom dt-pswp-item\" title=\"d8d52842-7aa2-4756-8c94-bffff0260237\" data-dt-img-description=\"\" data-large_image_width=\"1152\" data-large_image_height=\"2048\"href='https:\/\/www.radiopiu.net\/wordpress\/wp-content\/uploads\/2022\/07\/d8d52842-7aa2-4756-8c94-bffff0260237.jpg'><img loading=\"lazy\" decoding=\"async\" width=\"150\" height=\"150\" src=\"https:\/\/www.radiopiu.net\/wordpress\/wp-content\/uploads\/2022\/07\/d8d52842-7aa2-4756-8c94-bffff0260237-150x150.jpg\" class=\"attachment-thumbnail size-thumbnail\" alt=\"\" \/><\/a>\n\t\t\t\t<\/dt><\/dl><dl class='gallery-item'>\n\t\t\t\t<dt class='gallery-icon landscape'>\n\t\t\t\t\t<a class=\"rollover rollover-zoom dt-pswp-item\" title=\"211b39bf-411a-488d-8856-1583a578075e\" data-dt-img-description=\"\" data-large_image_width=\"1599\" data-large_image_height=\"899\"href='https:\/\/www.radiopiu.net\/wordpress\/wp-content\/uploads\/2022\/07\/211b39bf-411a-488d-8856-1583a578075e-1.jpg'><img loading=\"lazy\" decoding=\"async\" width=\"150\" height=\"150\" src=\"https:\/\/www.radiopiu.net\/wordpress\/wp-content\/uploads\/2022\/07\/211b39bf-411a-488d-8856-1583a578075e-1-150x150.jpg\" class=\"attachment-thumbnail size-thumbnail\" alt=\"\" \/><\/a>\n\t\t\t\t<\/dt><\/dl><dl class='gallery-item'>\n\t\t\t\t<dt class='gallery-icon landscape'>\n\t\t\t\t\t<a class=\"rollover rollover-zoom dt-pswp-item\" title=\"a5c8acdd-432b-4ad3-8af8-4ffd63a7dc81\" data-dt-img-description=\"\" data-large_image_width=\"2048\" data-large_image_height=\"1152\"href='https:\/\/www.radiopiu.net\/wordpress\/wp-content\/uploads\/2022\/07\/a5c8acdd-432b-4ad3-8af8-4ffd63a7dc81-1.jpg'><img loading=\"lazy\" decoding=\"async\" width=\"150\" height=\"150\" src=\"https:\/\/www.radiopiu.net\/wordpress\/wp-content\/uploads\/2022\/07\/a5c8acdd-432b-4ad3-8af8-4ffd63a7dc81-1-150x150.jpg\" class=\"attachment-thumbnail size-thumbnail\" alt=\"\" \/><\/a>\n\t\t\t\t<\/dt><\/dl><dl class='gallery-item'>\n\t\t\t\t<dt class='gallery-icon landscape'>\n\t\t\t\t\t<a class=\"rollover rollover-zoom dt-pswp-item\" title=\"b0b23a28-44a0-4902-acc9-d929f42bec6a\" data-dt-img-description=\"\" data-large_image_width=\"2048\" data-large_image_height=\"1152\"href='https:\/\/www.radiopiu.net\/wordpress\/wp-content\/uploads\/2022\/07\/b0b23a28-44a0-4902-acc9-d929f42bec6a.jpg'><img loading=\"lazy\" decoding=\"async\" width=\"150\" height=\"150\" src=\"https:\/\/www.radiopiu.net\/wordpress\/wp-content\/uploads\/2022\/07\/b0b23a28-44a0-4902-acc9-d929f42bec6a-150x150.jpg\" class=\"attachment-thumbnail size-thumbnail\" alt=\"\" \/><\/a>\n\t\t\t\t<\/dt><\/dl><br style=\"clear: both\" \/>\n\t\t\t<\/div>\n\n<p>&nbsp;<\/p>\n<p>&nbsp;<\/p>\n<p>&nbsp;<\/p>\n<p>&nbsp;<\/p>\n<hr \/>\n<p>&nbsp;<\/p>\n<p><strong><span style=\"color: #0000ff;\">MOTOCICLISMO<\/span><\/strong><\/p>\n<div class=\"page-title-head hgroup\">\n<div class=\"page-title-head hgroup\">\n<blockquote>\n<h3><a class=\"dt-pswp-item\" href=\"https:\/\/www.radiopiu.net\/wordpress\/wp-content\/uploads\/2022\/07\/rotary_cag.jpg\" data-dt-img-description=\"\" data-large_image_width=\"1400\" data-large_image_height=\"1131\"><img loading=\"lazy\" decoding=\"async\" class=\" wp-image-287284 alignleft\" src=\"https:\/\/www.radiopiu.net\/wordpress\/wp-content\/uploads\/2022\/07\/rotary_cag-150x150.jpg\" alt=\"\" width=\"112\" height=\"112\" \/><\/a>LA CAG TECNOLOGIE MECCANICHE PARTNERSHIP DELLA SCUDERIA SPEEDUP<\/h3>\n<\/blockquote>\n<p><strong>BORGO VALBELLUNA<\/strong> A Villa Alpago Novello presentazione della partnership con la scuderia Speedup da parte della \u201cCAG Tecnologie Meccaniche\u201d, azienda di\u00a0 Gianfranco Castellan. \u00abLa CAG &#8211; le parole del presidente Zanchetta &#8211; opera con i protagonisti del motomondiale come sponsor ufficiale dal 2020 e tutto questo grazie alle capacit\u00e0 tecnico manageriali della famiglia Castellan\u00bb. Un&#8217;azienda che spicca il volo, con una visibilit\u00e0 a livello mondiale che di certo porter\u00e0 lustro anche al territorio Bellunese.<\/p>\n<p>&nbsp;<\/p>\n<\/div>\n<\/div>\n<\/div>\n<\/div>\n<\/div>\n<\/div>\n<\/div>\n<\/div>\n<\/div>\n<\/div>\n<\/div>\n<\/div>\n<\/div>\n<\/div>\n<\/div>\n<\/div>\n<\/div>\n<\/div>\n<\/div>\n<\/div>\n<\/div>\n<\/div>\n<\/div>\n<\/div>\n<\/div>\n<\/div>\n<\/div>\n<\/div>\n<\/div>\n<\/div>\n<\/div>\n<\/div>\n<\/div>\n<\/div>\n<\/div>\n<\/div>\n<\/div>\n<\/div>\n<\/div>\n<\/div>\n<\/div>\n<\/div>\n<\/div>\n<\/div>\n<\/div>\n<\/div>\n<\/div>\n<\/div>\n<\/div>\n<\/div>\n<\/div>\n<\/div>\n<\/div>\n<\/div>\n<\/div>\n<\/div>\n<\/div>\n<\/div>\n<\/div>\n<\/div>\n<\/div>\n<\/div>\n<\/div>\n<\/div>\n<\/div>\n<\/div>\n<\/div>\n<\/div>\n<\/div>\n<\/div>\n<\/div>\n<\/div>\n<\/div>\n<\/div>\n<\/div>\n<\/div>\n<\/div>\n<\/div>\n<\/div>\n<\/div>\n<\/div>\n<\/div>\n<\/div>\n<\/div>\n<\/div>\n<\/div>\n<\/div>\n<\/div>\n<\/div>\n<\/div>\n<\/div>\n<\/div>\n<\/div>\n<\/div>\n<\/div>\n<\/div>\n<\/div>\n<\/div>\n<\/div>\n<\/div>\n<\/div>\n<\/div>\n<\/div>\n","protected":false},"excerpt":{"rendered":"<p>RADIO PIU INFORMAZIONE il canale su TELEGRAM informazione di prima\u00a0 mano e in tempo reale. iscriviti ed aiutaci a farlo conoscere\u00a0\u00a0 &nbsp; &nbsp; &nbsp; PUNTO TAMPONI STRAORDINARIO DOMENICA A PALUDI\u00a0\u00a0 Domani dalle 8.30 alle 12.30 punto tamponi straordinario a Paludi, ad accesso libero. Sar\u00e0 presente un medico per il triage d&#8217;ingresso. &nbsp; LUNEDI DISAGI IDRICI&hellip;<\/p>\n","protected":false},"author":4,"featured_media":287349,"comment_status":"closed","ping_status":"closed","sticky":false,"template":"","format":"standard","meta":{"_monsterinsights_skip_tracking":false,"_monsterinsights_sitenote_active":false,"_monsterinsights_sitenote_note":"","_monsterinsights_sitenote_category":0,"footnotes":""},"categories":[51,86,49],"tags":[],"class_list":["post-287181","post","type-post","status-publish","format-standard","has-post-thumbnail","hentry","category-evidenza-top","category-gr","category-news-18","category-51","category-86","category-49","description-off"],"img_url":"https:\/\/www.radiopiu.net\/wordpress\/wp-content\/uploads\/2022\/07\/9c665916-719b-4265-905d-1532fc311299.jpg","_links":{"self":[{"href":"https:\/\/www.radiopiu.net\/wordpress\/wp-json\/wp\/v2\/posts\/287181","targetHints":{"allow":["GET"]}}],"collection":[{"href":"https:\/\/www.radiopiu.net\/wordpress\/wp-json\/wp\/v2\/posts"}],"about":[{"href":"https:\/\/www.radiopiu.net\/wordpress\/wp-json\/wp\/v2\/types\/post"}],"author":[{"embeddable":true,"href":"https:\/\/www.radiopiu.net\/wordpress\/wp-json\/wp\/v2\/users\/4"}],"replies":[{"embeddable":true,"href":"https:\/\/www.radiopiu.net\/wordpress\/wp-json\/wp\/v2\/comments?post=287181"}],"version-history":[{"count":0,"href":"https:\/\/www.radiopiu.net\/wordpress\/wp-json\/wp\/v2\/posts\/287181\/revisions"}],"wp:featuredmedia":[{"embeddable":true,"href":"https:\/\/www.radiopiu.net\/wordpress\/wp-json\/wp\/v2\/media\/287349"}],"wp:attachment":[{"href":"https:\/\/www.radiopiu.net\/wordpress\/wp-json\/wp\/v2\/media?parent=287181"}],"wp:term":[{"taxonomy":"category","embeddable":true,"href":"https:\/\/www.radiopiu.net\/wordpress\/wp-json\/wp\/v2\/categories?post=287181"},{"taxonomy":"post_tag","embeddable":true,"href":"https:\/\/www.radiopiu.net\/wordpress\/wp-json\/wp\/v2\/tags?post=287181"}],"curies":[{"name":"wp","href":"https:\/\/api.w.org\/{rel}","templated":true}]}}