{"id":287240,"date":"2022-07-15T14:10:52","date_gmt":"2022-07-15T12:10:52","guid":{"rendered":"https:\/\/www.radiopiu.net\/wordpress\/?p=287240"},"modified":"2022-07-15T18:49:01","modified_gmt":"2022-07-15T16:49:01","slug":"pista-da-bob-di-cortina-a-losanna-il-plauso-della-federazione-internazionale","status":"publish","type":"post","link":"https:\/\/www.radiopiu.net\/wordpress\/pista-da-bob-di-cortina-a-losanna-il-plauso-della-federazione-internazionale\/","title":{"rendered":"PISTA DA BOB DI CORTINA. A LOSANNA IL PLAUSO DELLA FEDERAZIONE INTERNAZIONALE"},"content":{"rendered":"<p><strong><a class=\"dt-pswp-item\" href=\"https:\/\/www.radiopiu.net\/wordpress\/wp-content\/uploads\/2022\/07\/presidente-zaia-e-presidente-IBSF_immagine-di-repertorio_palazzo-balbi.jpeg\" data-dt-img-description=\"\" data-large_image_width=\"258\" data-large_image_height=\"192\"><img loading=\"lazy\" decoding=\"async\" class=\"size-thumbnail wp-image-287244 alignleft\" src=\"https:\/\/www.radiopiu.net\/wordpress\/wp-content\/uploads\/2022\/07\/presidente-zaia-e-presidente-IBSF_immagine-di-repertorio_palazzo-balbi-150x150.jpeg\" alt=\"\" width=\"150\" height=\"150\" \/><\/a>VENEZIA <\/strong>In occasione del congresso della Federazione Internazionale di Bob e Skeleton, tenutosi in questi giorni a Losanna, una delegazione di tecnici della Regione del Veneto, invitati all\u2019appuntamento dal Presidente Ivo Ferriani, ha presentato le scelte progettuali e lo stato di avanzamento dei lavori della pista da bob di Cortina: l\u2019infrastruttura fondamentale per le discipline sportive invernali rappresentate dalla IBSF. <em>\u201cIl congresso di Losanna \u00e8 una occasione importante per presentare ufficialmente alla Federazione internazionale le scelte che intendiamo portare avanti per riqualificare la storica pista \u2018Eugenio Monti\u2019 di Cortina, e soprattutto della center line \u2013 ha riferito il Presidente Zaia -. Un\u2019opera importante che ci permetter\u00e0 di essere protagonisti nei giochi olimpici invernali del 2026<\/em>\u201d. Nell\u2019occasione \u00e8 stato delineato il passaggio di consegne delle progettazioni effettuate alla Societ\u00e0 Infrastrutture Milano-Cortina e al commissario straordinario, Luigi Sant\u2019Andrea, per il prosieguo dei lavori di realizzazione e il relativo cronoprogramma ipotizzato, con evidenza delle date per le verifiche dei tecnici delle federazioni. In particolare, la delegazione della Regione del Veneto, dopo aver mostrato la center line e tutti i dati tecnici di interesse degli atleti, ha ribadito ci\u00f2 che con nota formale gi\u00e0 il Governatore del Veneto aveva chiesto alle Federazioni, e cio\u00e8 che si consolidi la collaborazione cominciando gi\u00e0 a programmare dal 2027, su Cortina, le nuove Coppe Europa e Coppe del Mondo, con tutti gli allenamenti conseguenti. Alla vista delle immagini di Cortina mostrate a Losanna, quelle delle curve storiche Belvedere, Bandion e Cristallo che rimarranno anche nella riqualificazione, in sala si \u00e8 diffuso un tangibile entusiasmo. A molti dei partecipanti, dirigenti sportivi, atleti e tecnici, \u00e8 affiorato vivido il ricordo di uno dei luoghi pi\u00f9 iconici al mondo per questi sport invernali, Cortina, dove parte dei presenti ha anche gareggiato e ha lasciato parte del proprio cuore sportivo.<a class=\"dt-pswp-item\" href=\"https:\/\/www.radiopiu.net\/wordpress\/wp-content\/uploads\/2022\/07\/presidente-ferriani-a-losanna.jpeg\" data-dt-img-description=\"\" data-large_image_width=\"1536\" data-large_image_height=\"2048\"><img loading=\"lazy\" decoding=\"async\" class=\"size-thumbnail wp-image-287243 alignright\" src=\"https:\/\/www.radiopiu.net\/wordpress\/wp-content\/uploads\/2022\/07\/presidente-ferriani-a-losanna-150x150.jpeg\" alt=\"\" width=\"150\" height=\"150\" \/><\/a> <em>\u201cL\u2019intervento della Regione ha finalmente dato contezza di cosa si sta facendo a Cortina ed in Italia per le nostre discipline in vista di Milano Cortina 2026, e dimostra la sensibilit\u00e0 del Presidente Zaia per il mondo dello sport. I partecipanti al congresso si sono congratulati delle scelte fatte per recuperare uno dei luoghi simbolo degli sport invernali- ha affermato il presidente della Federazione, Ivo Ferriani \u2013 Ciascuno, inoltre, ha preso molto positivamente l\u2019invito dell\u2019ingegnere della Regione, Elisabetta Pellegrini, rivolto all\u2019utilizzo della pista per i grandi eventi sportivi post olimpici, non appena saranno iniziati i lavori, avanzando gi\u00e0 delle ipotesi\u201d. <\/em>E non \u00e8 mancato un nuovo appello, quello di ottenere anche le gare olimpiche di parabob, considerato che la \u2018Eugenio Monti\u2019 sar\u00e0 la prima pista da bob al mondo completamente accessibile. Al termine del congresso si sono tenute anche le elezioni per il rinnovo della carica a Presidente della IBSF, che ha visto la riconferma di Ivo Ferriani.<\/p>\n<p>&nbsp;<\/p>\n<p>&nbsp;<\/p>\n<p>*****<\/p>\n<p>&nbsp;<\/p>\n","protected":false},"excerpt":{"rendered":"<p>VENEZIA In occasione del congresso della Federazione Internazionale di Bob e Skeleton, tenutosi in questi giorni a Losanna, una delegazione di tecnici della Regione del Veneto, invitati all\u2019appuntamento dal Presidente Ivo Ferriani, ha presentato le scelte progettuali e lo stato di avanzamento dei lavori della pista da bob di Cortina: l\u2019infrastruttura fondamentale per le discipline&hellip;<\/p>\n","protected":false},"author":4,"featured_media":204667,"comment_status":"closed","ping_status":"closed","sticky":false,"template":"","format":"standard","meta":{"_monsterinsights_skip_tracking":false,"_monsterinsights_sitenote_active":false,"_monsterinsights_sitenote_note":"","_monsterinsights_sitenote_category":0,"footnotes":""},"categories":[51,49],"tags":[],"class_list":["post-287240","post","type-post","status-publish","format-standard","has-post-thumbnail","hentry","category-evidenza-top","category-news-18","category-51","category-49","description-off"],"img_url":"https:\/\/www.radiopiu.net\/wordpress\/wp-content\/uploads\/2021\/04\/cortina_guide_bob-1.jpg","_links":{"self":[{"href":"https:\/\/www.radiopiu.net\/wordpress\/wp-json\/wp\/v2\/posts\/287240","targetHints":{"allow":["GET"]}}],"collection":[{"href":"https:\/\/www.radiopiu.net\/wordpress\/wp-json\/wp\/v2\/posts"}],"about":[{"href":"https:\/\/www.radiopiu.net\/wordpress\/wp-json\/wp\/v2\/types\/post"}],"author":[{"embeddable":true,"href":"https:\/\/www.radiopiu.net\/wordpress\/wp-json\/wp\/v2\/users\/4"}],"replies":[{"embeddable":true,"href":"https:\/\/www.radiopiu.net\/wordpress\/wp-json\/wp\/v2\/comments?post=287240"}],"version-history":[{"count":0,"href":"https:\/\/www.radiopiu.net\/wordpress\/wp-json\/wp\/v2\/posts\/287240\/revisions"}],"wp:featuredmedia":[{"embeddable":true,"href":"https:\/\/www.radiopiu.net\/wordpress\/wp-json\/wp\/v2\/media\/204667"}],"wp:attachment":[{"href":"https:\/\/www.radiopiu.net\/wordpress\/wp-json\/wp\/v2\/media?parent=287240"}],"wp:term":[{"taxonomy":"category","embeddable":true,"href":"https:\/\/www.radiopiu.net\/wordpress\/wp-json\/wp\/v2\/categories?post=287240"},{"taxonomy":"post_tag","embeddable":true,"href":"https:\/\/www.radiopiu.net\/wordpress\/wp-json\/wp\/v2\/tags?post=287240"}],"curies":[{"name":"wp","href":"https:\/\/api.w.org\/{rel}","templated":true}]}}