{"id":287304,"date":"2022-07-16T05:25:12","date_gmt":"2022-07-16T03:25:12","guid":{"rendered":"https:\/\/www.radiopiu.net\/wordpress\/?p=287304"},"modified":"2022-07-16T05:40:40","modified_gmt":"2022-07-16T03:40:40","slug":"borgo-di-palue-la-storia-siamo-noi-un-ricco-programma-di-eventi-estivi","status":"publish","type":"post","link":"https:\/\/www.radiopiu.net\/wordpress\/borgo-di-palue-la-storia-siamo-noi-un-ricco-programma-di-eventi-estivi\/","title":{"rendered":"BORGO DI PALUE &#8220;LA STORIA SIAMO NOI&#8221;, UN RICCO PROGRAMMA DI EVENTI ESTIVI"},"content":{"rendered":"<p><a class=\"dt-pswp-item\" href=\"https:\/\/www.radiopiu.net\/wordpress\/wp-content\/uploads\/2022\/07\/292520062_1372122396615799_4126066411215624063_n.png\" data-dt-img-description=\"\" data-large_image_width=\"946\" data-large_image_height=\"2048\"><img loading=\"lazy\" decoding=\"async\" class=\"size-thumbnail wp-image-287305 alignleft\" src=\"https:\/\/www.radiopiu.net\/wordpress\/wp-content\/uploads\/2022\/07\/292520062_1372122396615799_4126066411215624063_n-150x150.png\" alt=\"\" width=\"150\" height=\"150\" \/><\/a><strong>ROCCA PIETORE<\/strong> L&#8217;associazione Palue ha una missione: rigenerare il territorio della Val Pettorina valorizzando le radici, tradizioni e promuovendo il recupero dei beni in stato di abbandono. Tante le iniziative dal 2018 (dopo Vaia) fino ad oggi e in programma per l&#8217;estate 2022: escursioni, cicli di incontri, mostre, villaggi, foto e libri, ma anche convegni sui cambiamenti climatici e le storie del Giro d&#8217;Italia.<\/p>\n<p>E poi c&#8217;\u00e8 il messaggio forte e chiaro lanciato dalla presidente dell&#8217;associazione Lorena Casarin e rivolto agli ospiti della Val Pettorina &#8221;<\/p>\n<p>&nbsp;<\/p>\n<blockquote>\n<div dir=\"auto\"><em><a class=\"dt-pswp-item\" href=\"https:\/\/www.radiopiu.net\/wordpress\/wp-content\/uploads\/2022\/07\/290571022_5441104312602076_412833787540005608_n.jpg\" data-dt-img-description=\"\" data-large_image_width=\"960\" data-large_image_height=\"540\"><img loading=\"lazy\" decoding=\"async\" class=\"size-thumbnail wp-image-287306 alignleft\" src=\"https:\/\/www.radiopiu.net\/wordpress\/wp-content\/uploads\/2022\/07\/290571022_5441104312602076_412833787540005608_n-150x150.jpg\" alt=\"\" width=\"150\" height=\"150\" \/><\/a>Cari ospiti,<\/em><\/div>\n<div dir=\"auto\"><em>la tragedia che ha colpito la Marmolada ha segnato profondamente gli animi di tutti, in primis di chi ama e vive la montagna. Anche i nostri comuni soffrono per quanto accaduto ma vogliamo anche evidenziare come tutte le attivit\u00e0 turistiche siano\u00a0 operative \u00a0al 100%. Malgrado quanto riportato da alcune testate giornalistiche, solamente l\u2019area attigua al ghiacciaio coinvolto nella tragedia \u00e8 attualmente interdetta ma nessuna strada, localit\u00e0 o attivit\u00e0 commerciale \u00e8 chiusa al turismo. La tragedia \u00e8 avvenuta in quota e non ha coinvolto infrastrutture. Vi invitiamo quindi a vivere le Dolomiti qui in Veneto, nel Cuore delle Dolomiti: una vallata, quella Agordina, dove lo sport, la natura incontaminata, l&#8217;adrenalina e la libert\u00e0 sapranno rendere le vostre vacanze indimenticabili. Vi aspettiamo.<\/em><\/div>\n<\/blockquote>\n<div dir=\"auto\"><\/div>\n<div dir=\"auto\"><\/div>\n<div dir=\"auto\">\n<blockquote class=\"wp-embedded-content\" data-secret=\"kfkG5DzV94\"><p><a href=\"https:\/\/www.radiopiu.net\/wordpress\/marmolada-la-bellunese-aperta-per-ferie-il-benvenuto-del-territorio\/\">MARMOLADA LA BELLUNESE: APERTA PER FERIE. IL BENVENUTO DEL TERRITORIO<\/a><\/p><\/blockquote>\n<p><iframe loading=\"lazy\" class=\"wp-embedded-content\" sandbox=\"allow-scripts\" security=\"restricted\" style=\"position: absolute; clip: rect(1px, 1px, 1px, 1px);\" title=\"&#8220;MARMOLADA LA BELLUNESE: APERTA PER FERIE. IL BENVENUTO DEL TERRITORIO&#8221; &#8212; Radio Pi\u00f9\" src=\"https:\/\/www.radiopiu.net\/wordpress\/marmolada-la-bellunese-aperta-per-ferie-il-benvenuto-del-territorio\/embed\/#?secret=zZaqC6g46B#?secret=kfkG5DzV94\" data-secret=\"kfkG5DzV94\" width=\"600\" height=\"338\" frameborder=\"0\" marginwidth=\"0\" marginheight=\"0\" scrolling=\"no\"><\/iframe><\/p>\n<\/div>\n<div dir=\"auto\"><\/div>\n","protected":false},"excerpt":{"rendered":"<p>ROCCA PIETORE L&#8217;associazione Palue ha una missione: rigenerare il territorio della Val Pettorina valorizzando le radici, tradizioni e promuovendo il recupero dei beni in stato di abbandono. Tante le iniziative dal 2018 (dopo Vaia) fino ad oggi e in programma per l&#8217;estate 2022: escursioni, cicli di incontri, mostre, villaggi, foto e libri, ma anche convegni&hellip;<\/p>\n","protected":false},"author":4,"featured_media":287306,"comment_status":"closed","ping_status":"closed","sticky":false,"template":"","format":"standard","meta":{"_monsterinsights_skip_tracking":false,"_monsterinsights_sitenote_active":false,"_monsterinsights_sitenote_note":"","_monsterinsights_sitenote_category":0,"footnotes":""},"categories":[51,49],"tags":[],"class_list":["post-287304","post","type-post","status-publish","format-standard","has-post-thumbnail","hentry","category-evidenza-top","category-news-18","category-51","category-49","description-off"],"img_url":"https:\/\/www.radiopiu.net\/wordpress\/wp-content\/uploads\/2022\/07\/290571022_5441104312602076_412833787540005608_n.jpg","_links":{"self":[{"href":"https:\/\/www.radiopiu.net\/wordpress\/wp-json\/wp\/v2\/posts\/287304","targetHints":{"allow":["GET"]}}],"collection":[{"href":"https:\/\/www.radiopiu.net\/wordpress\/wp-json\/wp\/v2\/posts"}],"about":[{"href":"https:\/\/www.radiopiu.net\/wordpress\/wp-json\/wp\/v2\/types\/post"}],"author":[{"embeddable":true,"href":"https:\/\/www.radiopiu.net\/wordpress\/wp-json\/wp\/v2\/users\/4"}],"replies":[{"embeddable":true,"href":"https:\/\/www.radiopiu.net\/wordpress\/wp-json\/wp\/v2\/comments?post=287304"}],"version-history":[{"count":0,"href":"https:\/\/www.radiopiu.net\/wordpress\/wp-json\/wp\/v2\/posts\/287304\/revisions"}],"wp:featuredmedia":[{"embeddable":true,"href":"https:\/\/www.radiopiu.net\/wordpress\/wp-json\/wp\/v2\/media\/287306"}],"wp:attachment":[{"href":"https:\/\/www.radiopiu.net\/wordpress\/wp-json\/wp\/v2\/media?parent=287304"}],"wp:term":[{"taxonomy":"category","embeddable":true,"href":"https:\/\/www.radiopiu.net\/wordpress\/wp-json\/wp\/v2\/categories?post=287304"},{"taxonomy":"post_tag","embeddable":true,"href":"https:\/\/www.radiopiu.net\/wordpress\/wp-json\/wp\/v2\/tags?post=287304"}],"curies":[{"name":"wp","href":"https:\/\/api.w.org\/{rel}","templated":true}]}}