{"id":287376,"date":"2022-07-16T05:32:27","date_gmt":"2022-07-16T03:32:27","guid":{"rendered":"https:\/\/www.radiopiu.net\/wordpress\/?p=287376"},"modified":"2022-07-16T05:38:07","modified_gmt":"2022-07-16T03:38:07","slug":"e-morto-antonio-padovan-gia-sindaco-e-presidente-dellulss-feltrina","status":"publish","type":"post","link":"https:\/\/www.radiopiu.net\/wordpress\/e-morto-antonio-padovan-gia-sindaco-e-presidente-dellulss-feltrina\/","title":{"rendered":"E&#8217; MORTO ANTONIO PADOVAN, GIA&#8217; SINDACO E PRESIDENTE DELL&#8217;ULSS FELTRINA"},"content":{"rendered":"<blockquote>\n<h3 dir=\"auto\">\u00a0IL LUTTO<\/h3>\n<p><a class=\"dt-pswp-item\" href=\"https:\/\/www.radiopiu.net\/wordpress\/wp-content\/uploads\/2022\/07\/aaa-3.jpg\" data-dt-img-description=\"\" data-large_image_width=\"140\" data-large_image_height=\"149\"><img loading=\"lazy\" decoding=\"async\" class=\"size-full wp-image-287375 alignleft\" src=\"https:\/\/www.radiopiu.net\/wordpress\/wp-content\/uploads\/2022\/07\/aaa-3.jpg\" alt=\"\" width=\"140\" height=\"149\" \/><\/a><\/p><\/blockquote>\n<div dir=\"auto\"><strong>FELTRE<\/strong> E&#8217; morto a 93 anni, Antonio Padovan, gi\u00e0 presidente dell&#8217;Ulss 4 di Feltre, storico sindaco di\u00a0 Arsi\u00e8 e\u00a0 consigliere comunale di minoranza fino al 1997. Uomo di\u00a0 grande competenza amministrativa. Sotto la sua presidenza al Santa Maria del Prato si avviarono definitivamente lo sblocco dei lavori del corpo centrale dell&#8217;ospedale, fermi da decenni, e i primi inserimenti di divisioni e servizi.\u00a0 Antonio Padovan rimasto vedovo da qualche anno lascia il figlio Andrea. Le esequie avranno luogo luned\u00ec alle 14.30 nel duomo di Belluno da dove si proseguir\u00e0 per il cimitero di Arsi\u00e8 dove sar\u00e0 tumulato.<\/div>\n<div dir=\"auto\"><\/div>\n<div dir=\"auto\"><\/div>\n<div dir=\"auto\">___<\/div>\n","protected":false},"excerpt":{"rendered":"<p>\u00a0IL LUTTO FELTRE E&#8217; morto a 93 anni, Antonio Padovan, gi\u00e0 presidente dell&#8217;Ulss 4 di Feltre, storico sindaco di\u00a0 Arsi\u00e8 e\u00a0 consigliere comunale di minoranza fino al 1997. Uomo di\u00a0 grande competenza amministrativa. Sotto la sua presidenza al Santa Maria del Prato si avviarono definitivamente lo sblocco dei lavori del corpo centrale dell&#8217;ospedale, fermi da&hellip;<\/p>\n","protected":false},"author":4,"featured_media":287375,"comment_status":"closed","ping_status":"closed","sticky":false,"template":"","format":"standard","meta":{"_monsterinsights_skip_tracking":false,"_monsterinsights_sitenote_active":false,"_monsterinsights_sitenote_note":"","_monsterinsights_sitenote_category":0,"footnotes":""},"categories":[51,49],"tags":[],"class_list":["post-287376","post","type-post","status-publish","format-standard","has-post-thumbnail","hentry","category-evidenza-top","category-news-18","category-51","category-49","description-off"],"img_url":"https:\/\/www.radiopiu.net\/wordpress\/wp-content\/uploads\/2022\/07\/aaa-3.jpg","_links":{"self":[{"href":"https:\/\/www.radiopiu.net\/wordpress\/wp-json\/wp\/v2\/posts\/287376","targetHints":{"allow":["GET"]}}],"collection":[{"href":"https:\/\/www.radiopiu.net\/wordpress\/wp-json\/wp\/v2\/posts"}],"about":[{"href":"https:\/\/www.radiopiu.net\/wordpress\/wp-json\/wp\/v2\/types\/post"}],"author":[{"embeddable":true,"href":"https:\/\/www.radiopiu.net\/wordpress\/wp-json\/wp\/v2\/users\/4"}],"replies":[{"embeddable":true,"href":"https:\/\/www.radiopiu.net\/wordpress\/wp-json\/wp\/v2\/comments?post=287376"}],"version-history":[{"count":0,"href":"https:\/\/www.radiopiu.net\/wordpress\/wp-json\/wp\/v2\/posts\/287376\/revisions"}],"wp:featuredmedia":[{"embeddable":true,"href":"https:\/\/www.radiopiu.net\/wordpress\/wp-json\/wp\/v2\/media\/287375"}],"wp:attachment":[{"href":"https:\/\/www.radiopiu.net\/wordpress\/wp-json\/wp\/v2\/media?parent=287376"}],"wp:term":[{"taxonomy":"category","embeddable":true,"href":"https:\/\/www.radiopiu.net\/wordpress\/wp-json\/wp\/v2\/categories?post=287376"},{"taxonomy":"post_tag","embeddable":true,"href":"https:\/\/www.radiopiu.net\/wordpress\/wp-json\/wp\/v2\/tags?post=287376"}],"curies":[{"name":"wp","href":"https:\/\/api.w.org\/{rel}","templated":true}]}}