{"id":287388,"date":"2022-07-16T09:13:01","date_gmt":"2022-07-16T07:13:01","guid":{"rendered":"https:\/\/www.radiopiu.net\/wordpress\/?p=287388"},"modified":"2022-07-16T09:13:01","modified_gmt":"2022-07-16T07:13:01","slug":"vandali-nella-torresella-de-manzoni-di-primo-mattino","status":"publish","type":"post","link":"https:\/\/www.radiopiu.net\/wordpress\/vandali-nella-torresella-de-manzoni-di-primo-mattino\/","title":{"rendered":"VANDALI NELLA TORRESELLA &#8220;DE MANZONI&#8221; DI PRIMO MATTINO"},"content":{"rendered":"<p><strong><img loading=\"lazy\" decoding=\"async\" class=\"alignleft\" src=\"https:\/\/www.radiopiu.net\/wordpress\/wp-content\/uploads\/2022\/07\/download-5.jpg\" width=\"194\" height=\"145\" \/>AGORDO<\/strong> Segnalazione precisa stamane alle 7.30 al terminale della radio pi\u00f9, la nostra ascoltatrice \u00e8 stata testimone di un episodio che cos\u00ec racconta&#8230;<\/p>\n<p><em>Spero che il mio sia un messaggio utile:\u00a0 abito in vicolo Crotta, dal terrazzo questa mattina alle\u00a0 7,25 ho visto una coppia (un ragazzo e una ragazza) scavalcare il muro di cinta ed entrare nella Torresella, poich\u00e9 \u00e8 sabato e di solito gli operai non lavorano, mi sono incuriosita, all\u2019interno\u00a0 non posso vedere per\u00f2 ho sentito spostare sassi e anche manovrare la gru.<\/em><\/p>\n<p>Segnalazione firmata<\/p>\n<p>&nbsp;<\/p>\n<p>&nbsp;<\/p>\n<p>____<\/p>\n","protected":false},"excerpt":{"rendered":"<p>AGORDO Segnalazione precisa stamane alle 7.30 al terminale della radio pi\u00f9, la nostra ascoltatrice \u00e8 stata testimone di un episodio che cos\u00ec racconta&#8230; Spero che il mio sia un messaggio utile:\u00a0 abito in vicolo Crotta, dal terrazzo questa mattina alle\u00a0 7,25 ho visto una coppia (un ragazzo e una ragazza) scavalcare il muro di cinta&hellip;<\/p>\n","protected":false},"author":4,"featured_media":287389,"comment_status":"closed","ping_status":"closed","sticky":false,"template":"","format":"standard","meta":{"_monsterinsights_skip_tracking":false,"_monsterinsights_sitenote_active":false,"_monsterinsights_sitenote_note":"","_monsterinsights_sitenote_category":0,"footnotes":""},"categories":[51,49],"tags":[],"class_list":["post-287388","post","type-post","status-publish","format-standard","has-post-thumbnail","hentry","category-evidenza-top","category-news-18","category-51","category-49","description-off"],"img_url":"https:\/\/www.radiopiu.net\/wordpress\/wp-content\/uploads\/2022\/07\/download-5.jpg","_links":{"self":[{"href":"https:\/\/www.radiopiu.net\/wordpress\/wp-json\/wp\/v2\/posts\/287388","targetHints":{"allow":["GET"]}}],"collection":[{"href":"https:\/\/www.radiopiu.net\/wordpress\/wp-json\/wp\/v2\/posts"}],"about":[{"href":"https:\/\/www.radiopiu.net\/wordpress\/wp-json\/wp\/v2\/types\/post"}],"author":[{"embeddable":true,"href":"https:\/\/www.radiopiu.net\/wordpress\/wp-json\/wp\/v2\/users\/4"}],"replies":[{"embeddable":true,"href":"https:\/\/www.radiopiu.net\/wordpress\/wp-json\/wp\/v2\/comments?post=287388"}],"version-history":[{"count":0,"href":"https:\/\/www.radiopiu.net\/wordpress\/wp-json\/wp\/v2\/posts\/287388\/revisions"}],"wp:featuredmedia":[{"embeddable":true,"href":"https:\/\/www.radiopiu.net\/wordpress\/wp-json\/wp\/v2\/media\/287389"}],"wp:attachment":[{"href":"https:\/\/www.radiopiu.net\/wordpress\/wp-json\/wp\/v2\/media?parent=287388"}],"wp:term":[{"taxonomy":"category","embeddable":true,"href":"https:\/\/www.radiopiu.net\/wordpress\/wp-json\/wp\/v2\/categories?post=287388"},{"taxonomy":"post_tag","embeddable":true,"href":"https:\/\/www.radiopiu.net\/wordpress\/wp-json\/wp\/v2\/tags?post=287388"}],"curies":[{"name":"wp","href":"https:\/\/api.w.org\/{rel}","templated":true}]}}