{"id":287416,"date":"2022-07-18T05:24:18","date_gmt":"2022-07-18T03:24:18","guid":{"rendered":"https:\/\/www.radiopiu.net\/wordpress\/?p=287416"},"modified":"2022-07-18T08:40:43","modified_gmt":"2022-07-18T06:40:43","slug":"giornale-radiopiu-18-luglio-2022-direttore-mirko-mezzacasa","status":"publish","type":"post","link":"https:\/\/www.radiopiu.net\/wordpress\/giornale-radiopiu-18-luglio-2022-direttore-mirko-mezzacasa\/","title":{"rendered":"GIORNALE RADIOPIU 18 LUGLIO 2022 DIRETTORE MIRKO MEZZACASA"},"content":{"rendered":"<h3 class=\"kvgmc6g5 cxmmr5t8 oygrvhab hcukyx3x c1et5uql\"><span style=\"color: #0000ff;\"><strong>RADIO PIU INFORMAZIONE il canale su TELEGRAM informazione di prima\u00a0 <\/strong><\/span><span style=\"color: #0000ff;\"><strong>mano e in tempo reale. iscriviti ed aiutaci a farlo conoscere\u00a0\u00a0<\/strong><\/span><\/h3>\n<hr \/>\n<p>&nbsp;<\/p>\n<blockquote>\n<h3>OGGI DISAGI IDRICI AD AGORDO PER LAVORI<\/h3>\n<\/blockquote>\n<p><strong>OGGI DALLE 8 A FINE LAVORI VERRA&#8217; SOSPESA L&#8217;EROGAZIONE D&#8217;ACQUA AD AGORDO IN VIA INSURREZIONE E SOMMARIVA\u00a0\u00a0<\/strong><\/p>\n<p>&nbsp;<\/p>\n<p>&nbsp;<\/p>\n<hr \/>\n<p>&nbsp;<\/p>\n<blockquote>\n<h3>MOTOCICLISTA DI LONGARONE PERDE LA VITA NELL&#8217;INCIDENTE DI CASTELLAVAZZO<\/h3>\n<\/blockquote>\n<p><strong><a class=\"dt-pswp-item\" href=\"https:\/\/www.radiopiu.net\/wordpress\/wp-content\/uploads\/2022\/07\/castellavazzo.jpg\" data-dt-img-description=\"\" data-large_image_width=\"1200\" data-large_image_height=\"900\"><img loading=\"lazy\" decoding=\"async\" class=\" wp-image-287533 alignleft\" src=\"https:\/\/www.radiopiu.net\/wordpress\/wp-content\/uploads\/2022\/07\/castellavazzo-150x150.jpg\" alt=\"\" width=\"105\" height=\"105\" \/><\/a>CASTELLAVAZZO <\/strong>Nicola Valmassoni, 29 anni di Longarone la vittima dell&#8217;incidente mortale avvenuto ieri alle 6:30 sulla 51 D&#8217;Alemagna a Castellavazzo. A bordo della sua Ducati ha perso il controllo schiantandosi contro una Skoda Octavia che arrivava sulla carreggiata opposta. La strada \u00e8 rimasta chiusa per quasi tre ore. Sul posto, oltre alle squadre di ANAS, anche i Vigili del Fuoco, Suem 118 e i Carabinieri per le verifiche del caso.\u00a0 Nicola Valmassoni\u00a0 lavorava come autista di autobus\u00a0 a Cortina dove si stata recando per iniziare\u00a0 il servizio. Il 29enne di Castellavazzo\u00a0 era partito dalla nuova abitazione di Ponte nelle Alpi dove viveva con la compagna Alessandra.\u00a0 Lo schianto \u00e8 avvenuto all&#8217;imbocco della galleria Termine,. Valmassoni \u00e8 morto sul colpo per la gravit\u00e0 delle ferite e dei traumi. Conseguenze limitate, invece, per il 45enne conducente dell&#8217;autovettura. La dinamica dell&#8217;incidente non \u00e8 ancora stata chiarita: si ipotizza un sorpasso, ma non si esclude la perdita del controllo per altre ragioni. Nicola lascia Alessandra, il pap\u00e0 Emidio e il fratello\u00a0 Samuele.<\/p>\n<p>&nbsp;<\/p>\n<hr \/>\n<p>&nbsp;<\/p>\n<blockquote>\n<h3 class=\"entry-title\">ESCURSIONISTA COLTO DA MALORE MUORE SUL MONTE PONTA<\/h3>\n<\/blockquote>\n<p><strong class=\"photoswipe-wrapper\"><a class=\"dt-pswp-item\" href=\"https:\/\/www.radiopiu.net\/wordpress\/wp-content\/uploads\/2022\/07\/AAA-5.jpg\" data-dt-img-description=\"\" data-large_image_width=\"243\" data-large_image_height=\"161\"><img loading=\"lazy\" decoding=\"async\" class=\" wp-image-287692 alignleft\" src=\"https:\/\/www.radiopiu.net\/wordpress\/wp-content\/uploads\/2022\/07\/AAA-5-150x150.jpg\" alt=\"\" width=\"107\" height=\"107\" \/><\/a>VAL DI ZOLDO<\/strong> Ieri mattina verso le 11 la Centrale del Suem ha attivato il Soccorso alpino della Val di Zoldo per un escursionista colto da malore, mentre in compagnia, partito da Brusadaz, risaliva il sentiero numero 499 del Monte Ponta. Franco Bozzolan 54 anni, di Mogliano Veneto (TV), che aveva lamentato un improvviso dolore toracico e si era poi accasciato a terra, era stato subito assistito dai presenti, ai quali erano poi subentrati nelle manovre di rianimazione equipe medica e tecnico di elisoccorso dell\u2019elicottero di Dolomiti Emergency, sbarcati nelle vicinanze tra gli alberi, dopo aver individuato il punto. Purtroppo per l\u2019uomo non c\u2019\u00e8 stato niente da fare. La salma \u00e8 stata imbarellata, recuperata e trasportata a valle per essere affidata al carro funebre. Sul posto anche il Soccorso alpino della Val di Zoldo.<\/p>\n<p>&nbsp;<\/p>\n<p>&nbsp;<\/p>\n<hr \/>\n<p>&nbsp;<\/p>\n<blockquote>\n<h3 class=\"entry-title\">MUORE DOPO 5 GIORNI DALL\u2019INCIDENTE DI CODISSAGO<\/h3>\n<\/blockquote>\n<p><strong>CAVALLIN<\/strong>O \u00c8 morto nella notte tra sabato e domenica 17 luglio, dopo 5 giorni di com, Alessandro Chiaranda di 24 anni, il motociclista di Cavallino-Treporti trovato esanime sull\u2019asfalto alle 17 di marted\u00ec 12 luglio. Il centauro era in condizioni gravissime dopo essersi schiantato autonomamente con la moto contro un guardrail lungo la provinciale 251 del Vajont, in localit\u00e0 Codissago, frazione del comune di Longarone. I genitori hanno autorizzato l\u2019espianto degli organi.<\/p>\n<p class=\"photoswipe-wrapper\"><a class=\"dt-pswp-item pspw-wrap-ready\" href=\"https:\/\/www.radiopiu.net\/wordpress\/wp-content\/uploads\/2022\/07\/aaa-4.jpg\" data-dt-img-description=\"\" data-large_image_width=\"303\" data-large_image_height=\"377\"><img loading=\"lazy\" decoding=\"async\" class=\"alignnone size-thumbnail wp-image-287582\" src=\"https:\/\/www.radiopiu.net\/wordpress\/wp-content\/uploads\/2022\/07\/aaa-4-150x150.jpg\" alt=\"\" width=\"150\" height=\"150\" \/><\/a><\/p>\n<p>&nbsp;<\/p>\n<hr \/>\n<p>&nbsp;<\/p>\n<blockquote>\n<h3 class=\"entry-title\">CANAZEI_TRENTO \u2013 ANCORA CROLLI IN MARMOLADA<\/h3>\n<\/blockquote>\n<p><em>A lanciare la segnalazione il gestore del rifugio<\/em><\/p>\n<p><strong><img loading=\"lazy\" decoding=\"async\" class=\"alignleft\" src=\"https:\/\/www.radiopiu.net\/wordpress\/wp-content\/uploads\/2022\/07\/1600x900_1658072624264.9D93D681_679E_4F93_BFCB_438DB08DA3F8_imagefullwide.webp\" width=\"217\" height=\"124\" \/>CANAZEI\u00a0<\/strong>\u00a0Nuovi crolli sul ghiacciaio della Marmolada: alcuni blocchi si sono staccati dallo stesso fronte della tragedia del 3 luglio scorso. Ma soprattutto si \u00e8 aperto, a poca distanza, un nuovo maxi crepaccio dal fronte di 200 metri per una profondit\u00e0\u00a0 di una trentina di\u00a0 metri.\u00a0 I tecnici della Provincia hanno effettuato verifiche. In una nota della Provincia si citano testimonianze relative a un \u201cforte rombo\u201d avvertito. La zona \u00e8 interdetta agli escursionisti. Rinviata a tempo indeterminato ogni ipotesi di riapertura del versante nord, considerate anche le alte temperature del periodo.<\/p>\n<p>FOTO PROVINCIA AUTONOMA DI TRENTO<\/p>\n<p><span style=\"color: #ff0000;\"><strong>VIDEO MARMOLADA &#8211; TRENTINO &#8211;\u00a0<\/strong><\/span><\/p>\n<p><iframe loading=\"lazy\" title=\"Marmolada\" width=\"1200\" height=\"675\" src=\"https:\/\/www.youtube.com\/embed\/nA7lN3sLZJQ?feature=oembed\" frameborder=\"0\" allow=\"accelerometer; autoplay; clipboard-write; encrypted-media; gyroscope; picture-in-picture\" allowfullscreen><\/iframe><\/p>\n<p>&nbsp;<\/p>\n<hr \/>\n<p>&nbsp;<\/p>\n<blockquote>\n<h3>SCONTRO DI GIOCO DURANTE LA PARTITA DEL CAMPIONATO AGORDINO, GIOVANE A TREVISO<\/h3>\n<\/blockquote>\n<p><strong><a class=\"dt-pswp-item\" href=\"https:\/\/www.radiopiu.net\/wordpress\/wp-content\/uploads\/2022\/07\/d48954e5-d3e7-4316-9900-f129346f4dc8.jpg\" data-dt-img-description=\"\" data-large_image_width=\"1080\" data-large_image_height=\"810\"><img loading=\"lazy\" decoding=\"async\" class=\" wp-image-287653 alignleft\" src=\"https:\/\/www.radiopiu.net\/wordpress\/wp-content\/uploads\/2022\/07\/d48954e5-d3e7-4316-9900-f129346f4dc8-150x150.jpg\" alt=\"\" width=\"80\" height=\"80\" \/><\/a>CERNADOI<\/strong> Durante la partita tra Fodom ed Alleghe uno scontro di gioco \u00e8 costato caro ad un giocatore alleghese. Un incidente di gioco tra compagni di squadra, ad avere la peggio W.D.A. che \u00e8 stato trasportato all&#8217;ospedale di Treviso per un trauma facciale. Il ventunenne \u00e8 rimasto sempre cosciente, per lui la probabile frattura dello zigomo e della mascella.<\/p>\n<p>&nbsp;<\/p>\n<hr \/>\n<p>&nbsp;<\/p>\n<blockquote>\n<h3>\u00a0DORMIVA A BORDO STRADA, UN AUTOMOBILISTA DI PASSAGGIO CHIAMA L&#8217;AMBULANZA<\/h3>\n<\/blockquote>\n<p>&nbsp;<\/p>\n<p><strong>BELLUNO<\/strong> Un automobilista lo ha notato mentre di prima mattina dormiva a bordo strada a Salce, Erano le 8 quando lo ha svegliato per capire se avesse bisogno di qualche cosa prima di essere investito da un auto. L&#8217;uomo di\u00a0 origini africane in evidente stato confusionale \u00e8 stato portato in ospedale per accertamenti.<\/p>\n<p>&nbsp;<\/p>\n<hr \/>\n<p>&nbsp;<\/p>\n<h2 style=\"text-align: center;\"><span style=\"color: #ff0000;\">L&#8217;IMPEGNATIVO\u00a0 FINE SETTIMANA\u00a0 DEL SOCCORSO ALPINO<\/span><\/h2>\n<blockquote>\n<h3><\/h3>\n<h3>SCIVOLA SUL SENTIERO ATTORNO AL LAGO DEL CORLO<\/h3>\n<\/blockquote>\n<p><strong><a class=\"dt-pswp-item\" href=\"https:\/\/www.radiopiu.net\/wordpress\/wp-content\/uploads\/2018\/08\/soccorsoalpino.jpg\" data-dt-img-description=\"\" data-large_image_width=\"1200\" data-large_image_height=\"1200\"><img loading=\"lazy\" decoding=\"async\" class=\"size-thumbnail wp-image-59164 alignleft\" src=\"https:\/\/www.radiopiu.net\/wordpress\/wp-content\/uploads\/2018\/08\/soccorsoalpino-150x150.jpg\" alt=\"\" width=\"150\" height=\"150\" srcset=\"https:\/\/www.radiopiu.net\/wordpress\/wp-content\/uploads\/2018\/08\/soccorsoalpino-150x150.jpg 150w, https:\/\/www.radiopiu.net\/wordpress\/wp-content\/uploads\/2018\/08\/soccorsoalpino-300x300.jpg 300w, https:\/\/www.radiopiu.net\/wordpress\/wp-content\/uploads\/2018\/08\/soccorsoalpino-768x768.jpg 768w, https:\/\/www.radiopiu.net\/wordpress\/wp-content\/uploads\/2018\/08\/soccorsoalpino-1024x1024.jpg 1024w, https:\/\/www.radiopiu.net\/wordpress\/wp-content\/uploads\/2018\/08\/soccorsoalpino.jpg 1200w\" sizes=\"auto, (max-width: 150px) 100vw, 150px\" \/><\/a>ARSIE&#8217;\u00a0<\/strong>Attorno a mezzogiorno di sabato \u00e8 scattato l&#8217;allarme per un&#8217;escursionista scivolata, mentre percorreva il sentiero attorno al Lago del Corlo, in destra orografica. La donna, S.R., 55 anni, si Trecento (RO), che era ruzzolata vicino all&#8217;acqua riportando un probabile trauma alla caviglia, \u00e8 stata raggiunta da una squadra del Soccorso alpino di Feltre. Dopo una prima assistenza, l&#8217;infortunata \u00e8 stata recuperata dal tecnico di elisoccorso dell&#8217;elicottero di Dolomiti Emergency, sbarcato con un verricello di 35 metri, per essere trasportata all&#8217;ospedale di Feltre.<\/p>\n<p><strong>CORTINA <\/strong>Precedentemente, l&#8217;eliambulanza era volata al Rifugio Vandelli per un uomo, E.P., 56 anni, di Auronzo di Cadore, che si era sentito poco bene ed \u00e8 stato accompagnato all&#8217;ospedale di Belluno per le verifiche del caso.<\/p>\n<p>&nbsp;<\/p>\n<blockquote>\n<h3 class=\"entry-title\">INFORTUNIO ALLE CASCATE DEL SALTON<\/h3>\n<\/blockquote>\n<p><strong class=\"photoswipe-wrapper\"><a class=\"dt-pswp-item pspw-wrap-ready\" href=\"https:\/\/www.radiopiu.net\/wordpress\/wp-content\/uploads\/2021\/12\/salt-suem.jpg\" data-dt-img-description=\"\" data-large_image_width=\"1440\" data-large_image_height=\"1080\"><img loading=\"lazy\" decoding=\"async\" class=\" wp-image-247613 alignleft\" src=\"https:\/\/www.radiopiu.net\/wordpress\/wp-content\/uploads\/2021\/12\/salt-suem-150x150.jpg\" alt=\"\" width=\"113\" height=\"113\" \/><\/a>LAMON<\/strong> Il Soccorso alpino di Feltre \u00e8 intervenuto a Lamon, un centinaio di metri prima delle Cascate del Salton, dove, percorrendo il sentiero assieme al marito e ad amici, una donna era scivolata con conseguente possibile frattura della caviglia. Raggiunta da una squadra, a E.C., 56 anni, di Volpago del Montello (TV), \u00e8 stato messo un tutore e le \u00e8 stata stabilizzata la gamba. I soccorritori hanno poi aperto un varco tra la vegetazione per facilitare il recupero, ultimato dal tecnico di elisoccorso dell\u2019elicottero del Suem di Pieve di Cadore con un verricello di 45 metri. L\u2019infortunata \u00e8 stata quindi accompagnata all\u2019ospedale di Feltre.<\/p>\n<p>&nbsp;<\/p>\n<blockquote>\n<h3 class=\"entry-title\">SOCCORSA UN&#8217;ATLETA ALLA TRANSCIVETTA<\/h3>\n<\/blockquote>\n<p><strong>ALLEGHE\u00a0<\/strong>L\u2019elimbulanza \u00e8 volata sul tracciato della Transcivetta, per la caduta di un\u2019atleta all\u2019altezza del Coldai. S.B., 40 anni, di Maniago (PN), che era ruzzolata tra le rocce, si era fatta male a una gamba ed era assistita dal personale del Soccorso alpino, \u00e8 stata imbarcata dal tecnico di elisoccorso con un verricello di 35 metri, dopo una prima verifica delle condizioni da parte del medico di bordo, e portata all\u2019ospedale di Belluno.<\/p>\n<p>&nbsp;<\/p>\n<blockquote>\n<h3 class=\"entry-title\">SECONDO INTERVENTO ALLA TRANS CIVETTA, ATLETA COLTO DA MALORE<\/h3>\n<\/blockquote>\n<p><strong><img loading=\"lazy\" decoding=\"async\" class=\"alignleft\" src=\"https:\/\/www.radiopiu.net\/wordpress\/wp-content\/uploads\/2022\/07\/salt_20220705_122729_397.jpg\" width=\"103\" height=\"77\" \/>ALLEGHE<\/strong>\u00a0 L\u2019elicottero del Suem di Pieve di Cadore ha effettuato una seconda missione lungo il tracciato della Transcivetta, questa volta nel comune di Alleghe, in Val Civetta, sotto il Rifugio Tissi, per uno dei partecipanti colto da malore. Sbarcati in hovering nelle vicinanze equipe medica e tecnico di elisoccorso, \u00e8 subito stata data una prima valutazione delle condizioni di G.Z., 58 anni, di Vicenza, caricato poi a bordo e trasportato per accertamenti all\u2019ospedale di Agordo.<\/p>\n<p>&nbsp;<\/p>\n<p>&nbsp;<\/p>\n<blockquote>\n<h3 class=\"entry-title\">SCENDENDO DA PASSO SILVELLA, CADE DALLA MTB E SBATTE IL VOLTO<\/h3>\n<\/blockquote>\n<p><strong>COMELICO<\/strong>\u00a0L\u2019elicottero di Dolomiti Emergency \u00e8 invece volato sopra il Passo Silvella, Comelico Superiore, dove un ciclista, che faceva parte di un gruppo di amici, aveva perso il controllo della mountain bike, cadendo a terra e sbattendo il volto in una zona verso il confine con l\u2019Austria. A.G., 61 anni, cittadino svizzero, ha ricevuto le prime cure a seguito del possibile <a class=\"dt-pswp-item pspw-wrap-ready\" href=\"https:\/\/www.radiopiu.net\/wordpress\/wp-content\/uploads\/2022\/07\/via-ferrata-dibona-dolomiti-cristallo.jpg\" data-dt-img-description=\"\" data-large_image_width=\"640\" data-large_image_height=\"424\"><img loading=\"lazy\" decoding=\"async\" class=\"size-thumbnail wp-image-287638 alignleft\" src=\"https:\/\/www.radiopiu.net\/wordpress\/wp-content\/uploads\/2022\/07\/via-ferrata-dibona-dolomiti-cristallo-150x150.jpg\" alt=\"\" width=\"150\" height=\"150\" \/><\/a>trauma cranico e facciale riportati dall\u2019equipe medica scesa in hovering. Una volta imbarcato con il verricello dal tecnico di elisoccorso, l\u2019infortunato \u00e8 stato accompagnato all\u2019ospedale di Belluno.<\/p>\n<p>&nbsp;<\/p>\n<p>&nbsp;<\/p>\n<p>&nbsp;<\/p>\n<blockquote>\n<h3 class=\"entry-title\">CADE CON LA MOUNTAIN BIKE SALENDO DAL PASSO VALLES A COL MARGHERITA<\/h3>\n<\/blockquote>\n<p><strong>FALCADE<\/strong>\u00a0Una squadra del Soccorso alpino della Val Biois \u00e8 andata in aiuto di una ciclista caduta dalla propria mountain bike a pedalata assistita, mentre con un gruppo stava salendo da Passo Valles verso il Col Margherita. Ad A.P., 44 anni, di Milano, che aveva riportato nell\u2019urto a terra la probabile rottura del gomito, \u00e8 stato innanzitutto immobilizzato il braccio, dai soccorritori arrivati in fuoristrada da lei, 200 metri circa sotto Col Margherita. La donna \u00e8 stata poi portata fino all\u2019ambulanza della Croce Verde, partita in direzione dell\u2019ospedale di Agordo.<\/p>\n<p>&nbsp;<\/p>\n<p>&nbsp;<\/p>\n<p>&nbsp;<\/p>\n<blockquote>\n<h3 class=\"entry-title\">STRAPPO MUSCOLARE A DOMEGGE, COPPIA SBAGLIA SENTIERO A RA VALLES<\/h3>\n<\/blockquote>\n<p><strong>DOMEGGE DI CADORE<\/strong> Una squadra del Soccorso alpino del Centro Cadore \u00e8 intervenuta ieri lungo la strada che sale verso il Rifugio Cercen\u00e0, a Domegge di Cadore, poich\u00e9, uscito di strada con la moto, nel tentativo di riportarla sulla carreggiata un 26enne di Lorenzago di Cadore (BL), aveva riportato uno strappo muscolare. Una squadra ha aiutato il ragazzo a recuperare il mezzo, per poi accompagnare lui al rendez vous con l\u2019ambulanza, diretta all\u2019ospedale di Pieve di Cadore.<\/p>\n<p><strong>CORTINA\u00a0<\/strong>L\u2019elicottero di Dolomiti Emergency \u00e8 invece stato inviato dalla Centrale del 118 sotto Forcella Ra Valles, in quanto, percorrendo il sentiero che da Pi\u00e8 Tofana porta a Ra Valles, una coppia era uscita dal tracciato finendo incrodata, incapace di proseguire o tornare sui propri passi. I due, M.C., 32 anni, di Vicenza lui e F.T., 27 anni, di Padova lei, sono stati individuati e issati a bordo utilizzando il verricello, per poi essere lasciati a Fiames.<\/p>\n<p>&nbsp;<\/p>\n<blockquote>\n<h3 class=\"entry-title\">PADRE, MADRE E FIGLIA ADOLESCENTE BLOCCATI DALLA PAURA<\/h3>\n<\/blockquote>\n<p><strong>CORTINA<\/strong> Erano le 17 di ieri quando\u00a0 l\u2019eliambulanza di Fiames \u00e8 intervenuta sulla Ferrata Dibona al Cristallo, per tre escursionisti illesi, incapaci di proseguire. Padre, madre e figlia adolescente svedesi, erano infatti bloccati all\u2019altezza di forcella Grande. Caricati a bordo in hovering, sono stati poi lasciati a Rio Gere.<\/p>\n<p>&nbsp;<\/p>\n<p>&nbsp;<\/p>\n<hr \/>\n<p>&nbsp;<\/p>\n<blockquote>\n<h3 class=\"entry-title\">DILLO A RADIO PIU\u2026 DISAGI DAL MEDICO DI BASE, TUTTO PREVISTO<\/h3>\n<\/blockquote>\n<p><strong>REDAZIONE<\/strong>\u00a0Parafrasando Riccardo Cocciante \u201cEra gi\u00e0 tutto previsto\u201d\u00a0 fin da quando la Ulss1 ha comunicato la notizia dell\u2019unico medico ad Alleghe per mezzo Agordino.\u00a0 I problemi sono quotidiani e c\u2019\u00e8 chi ce lo ricorda puntualmente.<br \/>\nRiceviamo da Caterina D.B. e pubblichiamo<\/p>\n<p><strong>CENCENIGHE<\/strong>\u00a0Un paese senza medico, o meglio il medico c\u2019\u00e8 ma lassu\u2019 ad Alleghe e bene che vada si pu\u00f2 scegliere l\u2019alternativa nei Comuni vicni. Non ho parole,\u00a0 ma le tasse le paghiamo o no? Dove sono i Sindaci, spero che qualcuno si attivi perch\u00e9 non \u00e8 accettabile una situazione del genere, piuttosto \u00e8 insostenibile mentre nessuno si muove.\u00a0 Chi ha provato ad andare ad ad Alleghe questi giorni,\u00a0 dal medico di base, ha trovato non poche difficolt\u00e0 anche a trovare parcheggio, ovviamente a pagamento. Ho anche chiesto il\u00a0 cambio medico ma non ho avuto alcuna\u00a0 risposta.<\/p>\n<p><span style=\"color: #ff0000;\"><strong>ULTIM&#8217;ORA<\/strong><\/span><\/p>\n<div class=\"bi6gxh9e\"><span class=\"d2edcug0 hpfvmrgz qv66sw1b c1et5uql lr9zc1uh jq4qci2q a3bd9o3v b1v8xokw oo9gr5id\">La Dottoressa Arcangioli, far\u00e0 ambulatorio nella sede ex Bisatti\/ Tomaselli a <b>Cencenighe <\/b>con i seguenti orari:\u00a0 m<\/span><span class=\"d2edcug0 hpfvmrgz qv66sw1b c1et5uql lr9zc1uh jq4qci2q a3bd9o3v b1v8xokw oo9gr5id\">arted\u00ec dalle 16 alle 19 <\/span><span class=\"d2edcug0 hpfvmrgz qv66sw1b c1et5uql lr9zc1uh jq4qci2q a3bd9o3v b1v8xokw oo9gr5id\">Venerd\u00ec dalle 8,30 alle 11,30\u00a0 <\/span><span class=\"d2edcug0 hpfvmrgz qv66sw1b c1et5uql lr9zc1uh jq4qci2q a3bd9o3v b1v8xokw oo9gr5id\">Ad <strong>Alleghe<\/strong>: <\/span><span class=\"d2edcug0 hpfvmrgz qv66sw1b c1et5uql lr9zc1uh jq4qci2q a3bd9o3v b1v8xokw oo9gr5id\">Luned\u00ec dalle 8,30 alle 11,30 <\/span><span class=\"d2edcug0 hpfvmrgz qv66sw1b c1et5uql lr9zc1uh jq4qci2q a3bd9o3v b1v8xokw oo9gr5id\">Gioved\u00ec dalle 8,30 alle 11,30\u00a0 <\/span><span class=\"d2edcug0 hpfvmrgz qv66sw1b c1et5uql lr9zc1uh jq4qci2q a3bd9o3v b1v8xokw oo9gr5id\">A <strong>Caprile<\/strong>: <\/span><span class=\"d2edcug0 hpfvmrgz qv66sw1b c1et5uql lr9zc1uh jq4qci2q a3bd9o3v b1v8xokw oo9gr5id\">Mercoled\u00ec dalle 15 alle 18. <\/span><span class=\"d2edcug0 hpfvmrgz qv66sw1b c1et5uql lr9zc1uh jq4qci2q a3bd9o3v b1v8xokw oo9gr5id\"><b>La Dottoressa risponde al cell.3519357162<\/b><\/span><\/div>\n<p>&nbsp;<\/p>\n<hr \/>\n<p>&nbsp;<\/p>\n<blockquote>\n<h3 class=\"entry-title\">VANDALI NELLA TORRESELLA \u201cDE MANZONI\u201d DI PRIMO MATTINO<\/h3>\n<\/blockquote>\n<p><strong><img loading=\"lazy\" decoding=\"async\" class=\"alignleft\" src=\"https:\/\/www.radiopiu.net\/wordpress\/wp-content\/uploads\/2022\/07\/download-5.jpg\" width=\"194\" height=\"145\" \/>AGORDO<\/strong> Segnalazione precisa sabato alle 7.30 al terminale della radio pi\u00f9, la nostra ascoltatrice \u00e8 stata testimone di un episodio che cos\u00ec racconta\u2026<\/p>\n<p><em>Spero che il mio sia un messaggio utile:\u00a0 abito in vicolo Crotta, dal terrazzo questa mattina alle\u00a0 7,25 ho visto una coppia (un ragazzo e una ragazza) scavalcare il muro di cinta ed entrare nella Torresella, poich\u00e9 \u00e8 sabato e di solito gli operai non lavorano, mi sono incuriosita, all\u2019interno\u00a0 non posso vedere per\u00f2 ho sentito spostare sassi e anche manovrare la gru.<\/em><\/p>\n<p>Segnalazione firmata<\/p>\n<p>&nbsp;<\/p>\n<p>&nbsp;<\/p>\n<hr \/>\n<p>&nbsp;<\/p>\n<blockquote>\n<h3>VIGILI DEL FUOCO: ABILITATE OTTO NUOVE UNITA&#8217; CINOFILE<\/h3>\n<\/blockquote>\n<p><strong>BELLUNO<\/strong> Sono terminati il 15 luglio due corsi nazionali per unit\u00e0 cinofile dei Vigili del Fuoco, che si sono tenuti presso il Comando Provinciale di Belluno. Dopo 10 settimane di intenso impegno, le prove finali con un esame scritto per i conduttori e due prove pratiche per le unit\u00e0 cinofile, che si sono svolti nel campo macerie del comando e nei boschi Col Indes. Otto unit\u00e0 cinofile su undici provenienti oltre che dal locale comando da Rovigo, Venezia, Verona, Vicenza, Bologna, Ferrara, Gorizia, Livorno, Nuoro e Udine, hanno conseguito l\u2019abilitazione alle operazioni di ricerca. Le nuove unit\u00e0 cinofile abilitate possono ora essere impiegati nell\u2019attivit\u00e0 di soccorso, in particolar modo nel ritrovamento di persone sepolte da macerie in seguito ad eventi sismici, scoppi, crolli o frane e per la ricerca di persone disperse in ambienti extraurbani come boschi e montagne. Giuseppe Lomoro, dirigente responsabile della colonna mobile regionale, ha presenziato la cerimonia di abilitazione complimentandosi con i componenti delle nuove unit\u00e0 e con gli istruttori per l\u2019impegno profuso durante l\u2019attivit\u00e0 di formazione.<\/p>\n\n\t\t\t<style type='text\/css'>\n\t\t\t\t#gallery-1 {\n\t\t\t\t\tmargin: auto;\n\t\t\t\t}\n\t\t\t\t#gallery-1 .gallery-item {\n\t\t\t\t\tfloat: left;\n\t\t\t\t\tmargin-top: 10px;\n\t\t\t\t\ttext-align: center;\n\t\t\t\t\twidth: 25%;\n\t\t\t\t}\n\t\t\t\t#gallery-1 img {\n\t\t\t\t\tborder: 2px solid #cfcfcf;\n\t\t\t\t}\n\t\t\t\t#gallery-1 .gallery-caption {\n\t\t\t\t\tmargin-left: 0;\n\t\t\t\t}\n\t\t\t\t\/* see gallery_shortcode() in wp-includes\/media.php *\/\n\t\t\t<\/style>\n\t\t<div id='gallery-1' class='dt-gallery-container gallery galleryid-287416 gallery-columns-4 gallery-size-thumbnail'><dl class='gallery-item'>\n\t\t\t\t<dt class='gallery-icon portrait'>\n\t\t\t\t\t<a class=\"rollover rollover-zoom dt-pswp-item\" title=\"4b406d1b-370b-4930-877a-ad1fa14b1228\" data-dt-img-description=\"\" data-large_image_width=\"1200\" data-large_image_height=\"1599\"href='https:\/\/www.radiopiu.net\/wordpress\/wp-content\/uploads\/2022\/07\/4b406d1b-370b-4930-877a-ad1fa14b1228.jpg'><img loading=\"lazy\" decoding=\"async\" width=\"150\" height=\"150\" src=\"https:\/\/www.radiopiu.net\/wordpress\/wp-content\/uploads\/2022\/07\/4b406d1b-370b-4930-877a-ad1fa14b1228-150x150.jpg\" class=\"attachment-thumbnail size-thumbnail\" alt=\"\" \/><\/a>\n\t\t\t\t<\/dt><\/dl><dl class='gallery-item'>\n\t\t\t\t<dt class='gallery-icon landscape'>\n\t\t\t\t\t<a class=\"rollover rollover-zoom dt-pswp-item\" title=\"96842a1b-6f9d-4648-b253-dbbac386b330\" data-dt-img-description=\"\" data-large_image_width=\"1200\" data-large_image_height=\"851\"href='https:\/\/www.radiopiu.net\/wordpress\/wp-content\/uploads\/2022\/07\/96842a1b-6f9d-4648-b253-dbbac386b330.jpg'><img loading=\"lazy\" decoding=\"async\" width=\"150\" height=\"150\" src=\"https:\/\/www.radiopiu.net\/wordpress\/wp-content\/uploads\/2022\/07\/96842a1b-6f9d-4648-b253-dbbac386b330-150x150.jpg\" class=\"attachment-thumbnail size-thumbnail\" alt=\"\" \/><\/a>\n\t\t\t\t<\/dt><\/dl><dl class='gallery-item'>\n\t\t\t\t<dt class='gallery-icon landscape'>\n\t\t\t\t\t<a class=\"rollover rollover-zoom dt-pswp-item\" title=\"abcd361f-2426-4879-875a-587da94974f2\" data-dt-img-description=\"\" data-large_image_width=\"1200\" data-large_image_height=\"788\"href='https:\/\/www.radiopiu.net\/wordpress\/wp-content\/uploads\/2022\/07\/abcd361f-2426-4879-875a-587da94974f2.jpg'><img loading=\"lazy\" decoding=\"async\" width=\"150\" height=\"150\" src=\"https:\/\/www.radiopiu.net\/wordpress\/wp-content\/uploads\/2022\/07\/abcd361f-2426-4879-875a-587da94974f2-150x150.jpg\" class=\"attachment-thumbnail size-thumbnail\" alt=\"\" \/><\/a>\n\t\t\t\t<\/dt><\/dl><dl class='gallery-item'>\n\t\t\t\t<dt class='gallery-icon landscape'>\n\t\t\t\t\t<a class=\"rollover rollover-zoom dt-pswp-item\" title=\"fc1ba378-e239-4b95-ae5d-5d69292ed54a\" data-dt-img-description=\"\" data-large_image_width=\"1024\" data-large_image_height=\"768\"href='https:\/\/www.radiopiu.net\/wordpress\/wp-content\/uploads\/2022\/07\/fc1ba378-e239-4b95-ae5d-5d69292ed54a.jpg'><img loading=\"lazy\" decoding=\"async\" width=\"150\" height=\"150\" src=\"https:\/\/www.radiopiu.net\/wordpress\/wp-content\/uploads\/2022\/07\/fc1ba378-e239-4b95-ae5d-5d69292ed54a-150x150.jpg\" class=\"attachment-thumbnail size-thumbnail\" alt=\"\" \/><\/a>\n\t\t\t\t<\/dt><\/dl><br style=\"clear: both\" \/><dl class='gallery-item'>\n\t\t\t\t<dt class='gallery-icon landscape'>\n\t\t\t\t\t<a class=\"rollover rollover-zoom dt-pswp-item\" title=\"c3b768c8-4f8c-4a31-bc22-64e39212fbec\" data-dt-img-description=\"\" data-large_image_width=\"1599\" data-large_image_height=\"1200\"href='https:\/\/www.radiopiu.net\/wordpress\/wp-content\/uploads\/2022\/07\/c3b768c8-4f8c-4a31-bc22-64e39212fbec.jpg'><img loading=\"lazy\" decoding=\"async\" width=\"150\" height=\"150\" src=\"https:\/\/www.radiopiu.net\/wordpress\/wp-content\/uploads\/2022\/07\/c3b768c8-4f8c-4a31-bc22-64e39212fbec-150x150.jpg\" class=\"attachment-thumbnail size-thumbnail\" alt=\"\" \/><\/a>\n\t\t\t\t<\/dt><\/dl><dl class='gallery-item'>\n\t\t\t\t<dt class='gallery-icon landscape'>\n\t\t\t\t\t<a class=\"rollover rollover-zoom dt-pswp-item\" title=\"3dd78914-9da9-4ab2-8537-14620a41c864\" data-dt-img-description=\"\" data-large_image_width=\"519\" data-large_image_height=\"337\"href='https:\/\/www.radiopiu.net\/wordpress\/wp-content\/uploads\/2022\/07\/3dd78914-9da9-4ab2-8537-14620a41c864.jpg'><img loading=\"lazy\" decoding=\"async\" width=\"150\" height=\"150\" src=\"https:\/\/www.radiopiu.net\/wordpress\/wp-content\/uploads\/2022\/07\/3dd78914-9da9-4ab2-8537-14620a41c864-150x150.jpg\" class=\"attachment-thumbnail size-thumbnail\" alt=\"\" \/><\/a>\n\t\t\t\t<\/dt><\/dl><dl class='gallery-item'>\n\t\t\t\t<dt class='gallery-icon portrait'>\n\t\t\t\t\t<a class=\"rollover rollover-zoom dt-pswp-item\" title=\"d4f49377-775c-49b6-a1e4-14c03fc6b1ee\" data-dt-img-description=\"\" data-large_image_width=\"1200\" data-large_image_height=\"1599\"href='https:\/\/www.radiopiu.net\/wordpress\/wp-content\/uploads\/2022\/07\/d4f49377-775c-49b6-a1e4-14c03fc6b1ee.jpg'><img loading=\"lazy\" decoding=\"async\" width=\"150\" height=\"150\" src=\"https:\/\/www.radiopiu.net\/wordpress\/wp-content\/uploads\/2022\/07\/d4f49377-775c-49b6-a1e4-14c03fc6b1ee-150x150.jpg\" class=\"attachment-thumbnail size-thumbnail\" alt=\"\" \/><\/a>\n\t\t\t\t<\/dt><\/dl><dl class='gallery-item'>\n\t\t\t\t<dt class='gallery-icon landscape'>\n\t\t\t\t\t<a class=\"rollover rollover-zoom dt-pswp-item\" title=\"c5afa9a4-c3e5-4a49-a642-802585f5e16b\" data-dt-img-description=\"\" data-large_image_width=\"1599\" data-large_image_height=\"1200\"href='https:\/\/www.radiopiu.net\/wordpress\/wp-content\/uploads\/2022\/07\/c5afa9a4-c3e5-4a49-a642-802585f5e16b.jpg'><img loading=\"lazy\" decoding=\"async\" width=\"150\" height=\"150\" src=\"https:\/\/www.radiopiu.net\/wordpress\/wp-content\/uploads\/2022\/07\/c5afa9a4-c3e5-4a49-a642-802585f5e16b-150x150.jpg\" class=\"attachment-thumbnail size-thumbnail\" alt=\"\" \/><\/a>\n\t\t\t\t<\/dt><\/dl><br style=\"clear: both\" \/>\n\t\t\t<\/div>\n\n<p>&nbsp;<\/p>\n<hr \/>\n<p>&nbsp;<\/p>\n<blockquote class=\"wp-embedded-content\" data-secret=\"3b52KhsyYc\"><p><a href=\"https:\/\/www.radiopiu.net\/wordpress\/aggnazionaleluglio17\/\">CORONAVIRUS: AGGIORNAMENTO NAZIONALE 17 LUGLIO 2022<\/a><\/p><\/blockquote>\n<p><iframe loading=\"lazy\" class=\"wp-embedded-content\" sandbox=\"allow-scripts\" security=\"restricted\" style=\"position: absolute; clip: rect(1px, 1px, 1px, 1px);\" title=\"&#8220;CORONAVIRUS: AGGIORNAMENTO NAZIONALE 17 LUGLIO 2022&#8221; &#8212; Radio Pi\u00f9\" src=\"https:\/\/www.radiopiu.net\/wordpress\/aggnazionaleluglio17\/embed\/#?secret=3BB13EkyZ2#?secret=3b52KhsyYc\" data-secret=\"3b52KhsyYc\" width=\"600\" height=\"338\" frameborder=\"0\" marginwidth=\"0\" marginheight=\"0\" scrolling=\"no\"><\/iframe><\/p>\n<p>&nbsp;<\/p>\n<blockquote class=\"wp-embedded-content\" data-secret=\"DIJ7Stg9Wt\"><p><a href=\"https:\/\/www.radiopiu.net\/wordpress\/aggazzeroluglio17\/\">RICOVERI IN AREA NON CRITICA IN DECISO AUMENTO. IN VENETO UN DECESSO E 6423 NUOVI POSITIVI IN 24 ORE<\/a><\/p><\/blockquote>\n<p><iframe loading=\"lazy\" class=\"wp-embedded-content\" sandbox=\"allow-scripts\" security=\"restricted\" style=\"position: absolute; clip: rect(1px, 1px, 1px, 1px);\" title=\"&#8220;RICOVERI IN AREA NON CRITICA IN DECISO AUMENTO. IN VENETO UN DECESSO E 6423 NUOVI POSITIVI IN 24 ORE&#8221; &#8212; Radio Pi\u00f9\" src=\"https:\/\/www.radiopiu.net\/wordpress\/aggazzeroluglio17\/embed\/#?secret=5jEt7PrsYr#?secret=DIJ7Stg9Wt\" data-secret=\"DIJ7Stg9Wt\" width=\"600\" height=\"338\" frameborder=\"0\" marginwidth=\"0\" marginheight=\"0\" scrolling=\"no\"><\/iframe><\/p>\n<p>&nbsp;<\/p>\n<h2>I GRAFICI DI TIZIANO DE COL<\/h2>\n\n\t\t\t<style type='text\/css'>\n\t\t\t\t#gallery-2 {\n\t\t\t\t\tmargin: auto;\n\t\t\t\t}\n\t\t\t\t#gallery-2 .gallery-item {\n\t\t\t\t\tfloat: left;\n\t\t\t\t\tmargin-top: 10px;\n\t\t\t\t\ttext-align: center;\n\t\t\t\t\twidth: 33%;\n\t\t\t\t}\n\t\t\t\t#gallery-2 img {\n\t\t\t\t\tborder: 2px solid #cfcfcf;\n\t\t\t\t}\n\t\t\t\t#gallery-2 .gallery-caption {\n\t\t\t\t\tmargin-left: 0;\n\t\t\t\t}\n\t\t\t\t\/* see gallery_shortcode() in wp-includes\/media.php *\/\n\t\t\t<\/style>\n\t\t<div id='gallery-2' class='dt-gallery-container gallery galleryid-287416 gallery-columns-3 gallery-size-thumbnail'><dl class='gallery-item'>\n\t\t\t\t<dt class='gallery-icon landscape'>\n\t\t\t\t\t<a class=\"rollover rollover-zoom dt-pswp-item\" title=\"05336870-b474-4b92-b59c-d92fa9254fde\" data-dt-img-description=\"\" data-large_image_width=\"608\" data-large_image_height=\"364\"href='https:\/\/www.radiopiu.net\/wordpress\/wp-content\/uploads\/2022\/07\/05336870-b474-4b92-b59c-d92fa9254fde.jpg'><img loading=\"lazy\" decoding=\"async\" width=\"150\" height=\"150\" src=\"https:\/\/www.radiopiu.net\/wordpress\/wp-content\/uploads\/2022\/07\/05336870-b474-4b92-b59c-d92fa9254fde-150x150.jpg\" class=\"attachment-thumbnail size-thumbnail\" alt=\"\" \/><\/a>\n\t\t\t\t<\/dt><\/dl><dl class='gallery-item'>\n\t\t\t\t<dt class='gallery-icon landscape'>\n\t\t\t\t\t<a class=\"rollover rollover-zoom dt-pswp-item\" title=\"d48df96f-c904-4fc6-ba33-a167769c56b2\" data-dt-img-description=\"\" data-large_image_width=\"606\" data-large_image_height=\"355\"href='https:\/\/www.radiopiu.net\/wordpress\/wp-content\/uploads\/2022\/07\/d48df96f-c904-4fc6-ba33-a167769c56b2.jpg'><img loading=\"lazy\" decoding=\"async\" width=\"150\" height=\"150\" src=\"https:\/\/www.radiopiu.net\/wordpress\/wp-content\/uploads\/2022\/07\/d48df96f-c904-4fc6-ba33-a167769c56b2-150x150.jpg\" class=\"attachment-thumbnail size-thumbnail\" alt=\"\" \/><\/a>\n\t\t\t\t<\/dt><\/dl><dl class='gallery-item'>\n\t\t\t\t<dt class='gallery-icon landscape'>\n\t\t\t\t\t<a class=\"rollover rollover-zoom dt-pswp-item\" title=\"43eb341c-3ed3-48cc-9abf-50e5633aa9ec\" data-dt-img-description=\"\" data-large_image_width=\"610\" data-large_image_height=\"358\"href='https:\/\/www.radiopiu.net\/wordpress\/wp-content\/uploads\/2022\/07\/43eb341c-3ed3-48cc-9abf-50e5633aa9ec.jpg'><img loading=\"lazy\" decoding=\"async\" width=\"150\" height=\"150\" src=\"https:\/\/www.radiopiu.net\/wordpress\/wp-content\/uploads\/2022\/07\/43eb341c-3ed3-48cc-9abf-50e5633aa9ec-150x150.jpg\" class=\"attachment-thumbnail size-thumbnail\" alt=\"\" \/><\/a>\n\t\t\t\t<\/dt><\/dl><br style=\"clear: both\" \/><dl class='gallery-item'>\n\t\t\t\t<dt class='gallery-icon landscape'>\n\t\t\t\t\t<a class=\"rollover rollover-zoom dt-pswp-item\" title=\"ce34f8be-eb22-4454-a283-7bcd71760cb1\" data-dt-img-description=\"\" data-large_image_width=\"599\" data-large_image_height=\"364\"href='https:\/\/www.radiopiu.net\/wordpress\/wp-content\/uploads\/2022\/07\/ce34f8be-eb22-4454-a283-7bcd71760cb1.jpg'><img loading=\"lazy\" decoding=\"async\" width=\"150\" height=\"150\" src=\"https:\/\/www.radiopiu.net\/wordpress\/wp-content\/uploads\/2022\/07\/ce34f8be-eb22-4454-a283-7bcd71760cb1-150x150.jpg\" class=\"attachment-thumbnail size-thumbnail\" alt=\"\" \/><\/a>\n\t\t\t\t<\/dt><\/dl><dl class='gallery-item'>\n\t\t\t\t<dt class='gallery-icon landscape'>\n\t\t\t\t\t<a class=\"rollover rollover-zoom dt-pswp-item\" title=\"9e900a84-f69d-47db-b47f-9549628cd706\" data-dt-img-description=\"\" data-large_image_width=\"611\" data-large_image_height=\"360\"href='https:\/\/www.radiopiu.net\/wordpress\/wp-content\/uploads\/2022\/07\/9e900a84-f69d-47db-b47f-9549628cd706.jpg'><img loading=\"lazy\" decoding=\"async\" width=\"150\" height=\"150\" src=\"https:\/\/www.radiopiu.net\/wordpress\/wp-content\/uploads\/2022\/07\/9e900a84-f69d-47db-b47f-9549628cd706-150x150.jpg\" class=\"attachment-thumbnail size-thumbnail\" alt=\"\" \/><\/a>\n\t\t\t\t<\/dt><\/dl><dl class='gallery-item'>\n\t\t\t\t<dt class='gallery-icon landscape'>\n\t\t\t\t\t<a class=\"rollover rollover-zoom dt-pswp-item\" title=\"841e2940-d27c-4776-8c8a-bc504ae2fc32\" data-dt-img-description=\"\" data-large_image_width=\"600\" data-large_image_height=\"370\"href='https:\/\/www.radiopiu.net\/wordpress\/wp-content\/uploads\/2022\/07\/841e2940-d27c-4776-8c8a-bc504ae2fc32.jpg'><img loading=\"lazy\" decoding=\"async\" width=\"150\" height=\"150\" src=\"https:\/\/www.radiopiu.net\/wordpress\/wp-content\/uploads\/2022\/07\/841e2940-d27c-4776-8c8a-bc504ae2fc32-150x150.jpg\" class=\"attachment-thumbnail size-thumbnail\" alt=\"\" \/><\/a>\n\t\t\t\t<\/dt><\/dl><br style=\"clear: both\" \/>\n\t\t\t<\/div>\n\n<p>&nbsp;<\/p>\n<hr \/>\n<p>&nbsp;<\/p>\n<blockquote>\n<h3>ULSS 1 DOLOMITI: PRENOTABILE LA QUARTA DOSE DI VACCINO ANTI COVID<\/h3>\n<\/blockquote>\n<p><strong><a class=\"dt-pswp-item\" href=\"https:\/\/www.radiopiu.net\/wordpress\/wp-content\/uploads\/2021\/03\/VACCINO.jpg\" data-dt-img-description=\"\" data-large_image_width=\"1280\" data-large_image_height=\"720\"><img loading=\"lazy\" decoding=\"async\" class=\"size-thumbnail wp-image-196946 alignleft\" src=\"https:\/\/www.radiopiu.net\/wordpress\/wp-content\/uploads\/2021\/03\/VACCINO-150x150.jpg\" alt=\"\" width=\"150\" height=\"150\" \/><\/a>BELLUNO <\/strong>E&#8217; prenotabile online la seconda dose booster (quarta dose) del vaccino anti-Covid, accedendo al seguente link:\u00a0<a href=\"https:\/\/vaccinicovid.regione.veneto.it\/ulss1\">https:\/\/vaccinicovid.regione.veneto.it\/ulss1 <\/a>Possono prenotarsi le persone di et\u00e0 &gt;60 anni per le quali sia trascorso un intervallo minimo di almeno 120 giorni dalla prima dose di richiamo (terza dose) o dall\u2019ultima infezione successiva al richiamo. Il second booster (quarta dose) \u00e8 indicato anche per le persone di et\u00e0 &gt;12 anni con elevata fragilit\u00e0. Queste persone potranno accedere senza prenotazione alle sedute vaccinali per over 60 presentando la documentazione clinica. L\u2019elenco delle sedute \u00e8 disponibile sul sito www.aulss1.veneto.it Per i prossimi giorni sono state attivate sedute nei drive-in di Tai di Cadore, Belluno-San Gervasio e Agordo, e al Centro Prelievi di Feltre. Sulla base dell\u2019andamento delle prenotazioni potranno essere programmate ulteriori sedute vaccinali.<\/p>\n<p>&nbsp;<\/p>\n<p>&nbsp;<\/p>\n<hr \/>\n<p>&nbsp;<\/p>\n<blockquote>\n<h3>TAMPONI NEI COVID POINT: NECESSARIA LA PRENOTAZIONE<\/h3>\n<\/blockquote>\n<p><strong>BELLUNO <\/strong>La forte ripresa epidemica attiva in questi giorni comporta una grande richiesta di tamponi rapidi e molecolari. Si ricorda che i tamponi possono essere eseguiti: Nei covid point aziendali (Paludi, Feltre, Agordo e Tai di Cadore) \u2013 su prenotazione dal sito <a href=\"http:\/\/www.aulss1.veneto.it\">www.aulss1.veneto.it<\/a>, assolutamente necessaria per evitare attese. Presso i Medici di Medicina Generale e Pediatri di Libera Scelta (solo tamponi antigenici). Presso le Farmacie del territorio (solo tamponi antigenici) \u2013 vedi elenco nel sito <a href=\"http:\/\/www.aulss1.veneto.it\">www.aulss1.veneto.it<\/a><\/p>\n<p>&nbsp;<\/p>\n<p>&nbsp;<\/p>\n<hr \/>\n<p>&nbsp;<\/p>\n<blockquote>\n<h3 class=\"entry-title\">OSPEDALE DI AGORDO, IN ANTESTESIA IL RITORNO ALLA NORMALITA\u2019<\/h3>\n<\/blockquote>\n<p><strong><img loading=\"lazy\" decoding=\"async\" class=\"alignleft\" src=\"https:\/\/www.radiopiu.net\/wordpress\/wp-content\/uploads\/2022\/07\/b2b8ad1d-d14a-4851-aa3e-cab36ca2a2f7.jpg\" width=\"208\" height=\"156\" \/>AGORDO<\/strong>\u00a0Controllo del dolore, lavoro di squadra per una rapida ripresta post operatoria e terapia antalgica per gestire il dolore cronico acuto: l\u2019Anestesia di Agordo all\u2019avanguardia per la\u00a0\u00a0<em>\u00abLa nostra equipe anestesiologica si occupa della gestione pre, intra e post operatoria dei pazienti che afferiscono alle nostre chirurgie (ortopedia, chirurgia generale, proctologia, urologia e chirurgia vascolare) disponendo di attrezzature, materiali e farmaci all\u2019avanguardia\u00bb<\/em>\u00a0 spiega il direttore Laura Pat. Una delle priorit\u00e0 del\u00a0 servizio \u00e8 di dimettere gli operati in giornata o al massimo, il giorno dopo negli interventi chirurgici meno complessi garantendo un buon controllo del dolore e attuando anestesie ad hoc. Comunque per tutti gli interventi il servizio garantisce una efficace terapia antidolorifica post-operatoria (tecniche anestesiologiche appropriate, blocchi periferici, infusori antalgici) permettendo quindi una riabilitazione precoce di fondamentale importanza soprattutto nella chirurgia ortopedica, e una riduzione dello stress comunque legato all\u2019intervento. Fondamentale, a questo socpo, la collaborazione di tutte le figure professionali coinvolte (anestesisti, chirurghi, infermieri di sala operatoria) nella prospettiva di offrire agli utenti il meglio della sanit\u00e0 pubblica. Inoltre, da alcuni anni ad Agordo c\u2019\u00e8 la possibilit\u00e0 per le persone che vengono operate di artroprotesi di anca di poter donare la testa del femore, importante collaborazione con la banca dei tessuti di Treviso.\u00a0<em>\u00abFiore all\u2019occhiello disponiamo di un ambulatorio di Terapia Antalgica per trattare sia il dolore acuto che cronico, dove cerchiamo di dare una risposta il pi\u00f9 veloce possibile attraverso una grande disponibilit\u00e0 sia nel primo accesso che negli appuntamenti successivi\u00bb<\/em>, conclude Laura Pat.<\/p>\n<p>&nbsp;<\/p>\n<p>&nbsp;<\/p>\n<hr \/>\n<p>&nbsp;<\/p>\n<blockquote>\n<h3>PNRR: LA PROVINCIA SI AGGIUDICA IL PROGETTO RELATIVO ALLA PALESTRA DEL COLOTTI DI FELTRE<\/h3>\n<\/blockquote>\n<p><strong><a class=\"dt-pswp-item\" href=\"https:\/\/www.radiopiu.net\/wordpress\/wp-content\/uploads\/2022\/07\/colotti-FELTRE.jpg\" data-dt-img-description=\"\" data-large_image_width=\"300\" data-large_image_height=\"180\"><img loading=\"lazy\" decoding=\"async\" class=\"size-thumbnail wp-image-287426 alignleft\" src=\"https:\/\/www.radiopiu.net\/wordpress\/wp-content\/uploads\/2022\/07\/colotti-FELTRE-150x150.jpg\" alt=\"\" width=\"150\" height=\"150\" \/><\/a>BELLUNO <\/strong>La Provincia di Belluno si aggiudica un altro bando del Pnrr scuole. Nei giorni scorsi sono state approvate le graduatorie della missione 4 (Istruzione e ricerca), componente 1 &#8211; investimento 1.3 (Piano per le infrastrutture per lo sport nelle scuole) e al primo posto in Veneto tra i progetti presentati dalle Province c\u2019\u00e8 la riqualificazione della palestra dell\u2019istituto Colotti, a Feltre. Un intervento che avr\u00e0 una dotazione finanziaria da Pnrr di 489mila euro.<\/p>\n<p>&nbsp;<\/p>\n<p>&nbsp;<\/p>\n<p>&nbsp;<\/p>\n<hr \/>\n<p>&nbsp;<\/p>\n<blockquote>\n<h3>UN MILIONE DI EURO DAL PNRR PER IL PALAZZETTO DELLO SPORT DI PONTE<\/h3>\n<\/blockquote>\n<p><strong><a class=\"dt-pswp-item\" href=\"https:\/\/www.radiopiu.net\/wordpress\/wp-content\/uploads\/2022\/07\/Palazzetto_Sport_1-1.jpg\" data-dt-img-description=\"\" data-large_image_width=\"1307\" data-large_image_height=\"981\"><img loading=\"lazy\" decoding=\"async\" class=\"size-thumbnail wp-image-287420 alignleft\" src=\"https:\/\/www.radiopiu.net\/wordpress\/wp-content\/uploads\/2022\/07\/Palazzetto_Sport_1-1-150x150.jpg\" alt=\"\" width=\"150\" height=\"150\" \/><\/a>PONTE NELLE ALPI <\/strong>Il Piano Nazionale di Ripresa e Resilienza premia il Comune di Ponte nelle Alpi con 1 milione di euro nel settore sport e scuola: un\u2019occasione importante, quindi, per dare linfa vitale alle infrastrutture e agli istituti scolastici. In particolare, al Palazzetto dello Sport di Ponte nelle Alpi, la principale palestra scolastica del territorio ad utilizzo della scuola primaria \u201cArrigo Boito\u201d di Polpet e dell\u2019intero Istituto comprensivo. In pi\u00f9, viene utilizzato in rete anche da tutte quelle associazioni e gruppi che promuovono l\u2019attivit\u00e0 per i giovani.Cinque i Comuni nel Veneto ammessi al contributo, con Ponte nelle Alpi a primeggiare.<span class=\"gmail-Apple-converted-space\">\u00a0<\/span><strong><br \/>\n<\/strong><\/p>\n<p>&nbsp;<\/p>\n<p>&nbsp;<\/p>\n<hr \/>\n<p>&nbsp;<\/p>\n<blockquote>\n<h3>LA SAGRA DE SAN LUGAN 2022<\/h3>\n<\/blockquote>\n<p><strong>TAIBON\u00a0<\/strong>Grande festa in Valle di San Lucano con Pro Loco, Gruppo Sportivo, Donatori del sangue di Taibon e Radio Pi\u00f9. Dopo 3 anni \u00e8 tornata la Sagra De San Lugan che nel fine settimana ha richiamato paesani ma non solo sul grande prato verde dietro la chiesetta di valle. Musica, piatti tipici e tanto divertimento per una festa che non manca mai di richiamare l&#8217;attenzione di valligiani e turisti.<\/p>\n<p><strong>LA DIRETTA RADIO PIU&#8217;<\/strong><\/p>\n<p>https:\/\/www.facebook.com\/marco.baghy.1\/videos\/778214020031153<\/p>\n<p>&nbsp;<\/p>\n<div style=\"width: 848px;\" class=\"wp-video\"><video class=\"wp-video-shortcode\" id=\"video-287416-1\" width=\"848\" height=\"480\" preload=\"metadata\" controls=\"controls\"><source type=\"video\/mp4\" src=\"https:\/\/www.radiopiu.net\/wordpress\/wp-content\/uploads\/2022\/07\/WhatsApp-Video-2022-07-17-at-15.18.20.mp4?_=1\" \/><a href=\"https:\/\/www.radiopiu.net\/wordpress\/wp-content\/uploads\/2022\/07\/WhatsApp-Video-2022-07-17-at-15.18.20.mp4\">https:\/\/www.radiopiu.net\/wordpress\/wp-content\/uploads\/2022\/07\/WhatsApp-Video-2022-07-17-at-15.18.20.mp4<\/a><\/video><\/div>\n<p>&nbsp;<\/p>\n<p><strong>LA FOTOGALLERY<\/strong><\/p>\n\n\t\t\t<style type='text\/css'>\n\t\t\t\t#gallery-3 {\n\t\t\t\t\tmargin: auto;\n\t\t\t\t}\n\t\t\t\t#gallery-3 .gallery-item {\n\t\t\t\t\tfloat: left;\n\t\t\t\t\tmargin-top: 10px;\n\t\t\t\t\ttext-align: center;\n\t\t\t\t\twidth: 14%;\n\t\t\t\t}\n\t\t\t\t#gallery-3 img {\n\t\t\t\t\tborder: 2px solid #cfcfcf;\n\t\t\t\t}\n\t\t\t\t#gallery-3 .gallery-caption {\n\t\t\t\t\tmargin-left: 0;\n\t\t\t\t}\n\t\t\t\t\/* see gallery_shortcode() in wp-includes\/media.php *\/\n\t\t\t<\/style>\n\t\t<div id='gallery-3' class='dt-gallery-container gallery galleryid-287416 gallery-columns-7 gallery-size-thumbnail'><dl class='gallery-item'>\n\t\t\t\t<dt class='gallery-icon landscape'>\n\t\t\t\t\t<a class=\"rollover rollover-zoom dt-pswp-item\" title=\"e492c5fe-e023-4eba-8cbb-137888149a44\" data-dt-img-description=\"\" data-large_image_width=\"2048\" data-large_image_height=\"1536\"href='https:\/\/www.radiopiu.net\/wordpress\/wp-content\/uploads\/2022\/07\/e492c5fe-e023-4eba-8cbb-137888149a44.jpg'><img loading=\"lazy\" decoding=\"async\" width=\"150\" height=\"150\" src=\"https:\/\/www.radiopiu.net\/wordpress\/wp-content\/uploads\/2022\/07\/e492c5fe-e023-4eba-8cbb-137888149a44-150x150.jpg\" class=\"attachment-thumbnail size-thumbnail\" alt=\"\" \/><\/a>\n\t\t\t\t<\/dt><\/dl><dl class='gallery-item'>\n\t\t\t\t<dt class='gallery-icon landscape'>\n\t\t\t\t\t<a class=\"rollover rollover-zoom dt-pswp-item\" title=\"1bd3b4e3-f5e3-4db1-b1e8-d94e9ef5dc73\" data-dt-img-description=\"\" data-large_image_width=\"2048\" data-large_image_height=\"1536\"href='https:\/\/www.radiopiu.net\/wordpress\/wp-content\/uploads\/2022\/07\/1bd3b4e3-f5e3-4db1-b1e8-d94e9ef5dc73.jpg'><img loading=\"lazy\" decoding=\"async\" width=\"150\" height=\"150\" src=\"https:\/\/www.radiopiu.net\/wordpress\/wp-content\/uploads\/2022\/07\/1bd3b4e3-f5e3-4db1-b1e8-d94e9ef5dc73-150x150.jpg\" class=\"attachment-thumbnail size-thumbnail\" alt=\"\" \/><\/a>\n\t\t\t\t<\/dt><\/dl><dl class='gallery-item'>\n\t\t\t\t<dt class='gallery-icon landscape'>\n\t\t\t\t\t<a class=\"rollover rollover-zoom dt-pswp-item\" title=\"bde97aab-ac0b-4b1b-b9c8-31a9a9e6bb4f\" data-dt-img-description=\"\" data-large_image_width=\"2048\" data-large_image_height=\"1536\"href='https:\/\/www.radiopiu.net\/wordpress\/wp-content\/uploads\/2022\/07\/bde97aab-ac0b-4b1b-b9c8-31a9a9e6bb4f.jpg'><img loading=\"lazy\" decoding=\"async\" width=\"150\" height=\"150\" src=\"https:\/\/www.radiopiu.net\/wordpress\/wp-content\/uploads\/2022\/07\/bde97aab-ac0b-4b1b-b9c8-31a9a9e6bb4f-150x150.jpg\" class=\"attachment-thumbnail size-thumbnail\" alt=\"\" \/><\/a>\n\t\t\t\t<\/dt><\/dl><dl class='gallery-item'>\n\t\t\t\t<dt class='gallery-icon landscape'>\n\t\t\t\t\t<a class=\"rollover rollover-zoom dt-pswp-item\" title=\"4b3d6c8e-ac8e-428c-aa08-1d9af33cb3c1\" data-dt-img-description=\"\" data-large_image_width=\"2048\" data-large_image_height=\"1536\"href='https:\/\/www.radiopiu.net\/wordpress\/wp-content\/uploads\/2022\/07\/4b3d6c8e-ac8e-428c-aa08-1d9af33cb3c1.jpg'><img loading=\"lazy\" decoding=\"async\" width=\"150\" height=\"150\" src=\"https:\/\/www.radiopiu.net\/wordpress\/wp-content\/uploads\/2022\/07\/4b3d6c8e-ac8e-428c-aa08-1d9af33cb3c1-150x150.jpg\" class=\"attachment-thumbnail size-thumbnail\" alt=\"\" \/><\/a>\n\t\t\t\t<\/dt><\/dl><dl class='gallery-item'>\n\t\t\t\t<dt class='gallery-icon landscape'>\n\t\t\t\t\t<a class=\"rollover rollover-zoom dt-pswp-item\" title=\"14f63b0c-208d-417d-a75f-e387e4d8308f\" data-dt-img-description=\"\" data-large_image_width=\"2048\" data-large_image_height=\"1536\"href='https:\/\/www.radiopiu.net\/wordpress\/wp-content\/uploads\/2022\/07\/14f63b0c-208d-417d-a75f-e387e4d8308f.jpg'><img loading=\"lazy\" decoding=\"async\" width=\"150\" height=\"150\" src=\"https:\/\/www.radiopiu.net\/wordpress\/wp-content\/uploads\/2022\/07\/14f63b0c-208d-417d-a75f-e387e4d8308f-150x150.jpg\" class=\"attachment-thumbnail size-thumbnail\" alt=\"\" \/><\/a>\n\t\t\t\t<\/dt><\/dl><dl class='gallery-item'>\n\t\t\t\t<dt class='gallery-icon landscape'>\n\t\t\t\t\t<a class=\"rollover rollover-zoom dt-pswp-item\" title=\"10c24611-38e9-425f-b679-dd45979be110\" data-dt-img-description=\"\" data-large_image_width=\"2048\" data-large_image_height=\"1536\"href='https:\/\/www.radiopiu.net\/wordpress\/wp-content\/uploads\/2022\/07\/10c24611-38e9-425f-b679-dd45979be110.jpg'><img loading=\"lazy\" decoding=\"async\" width=\"150\" height=\"150\" src=\"https:\/\/www.radiopiu.net\/wordpress\/wp-content\/uploads\/2022\/07\/10c24611-38e9-425f-b679-dd45979be110-150x150.jpg\" class=\"attachment-thumbnail size-thumbnail\" alt=\"\" \/><\/a>\n\t\t\t\t<\/dt><\/dl><dl class='gallery-item'>\n\t\t\t\t<dt class='gallery-icon landscape'>\n\t\t\t\t\t<a class=\"rollover rollover-zoom dt-pswp-item\" title=\"3f249a3e-9327-4a0d-b01e-45427a76e263\" data-dt-img-description=\"\" data-large_image_width=\"2048\" data-large_image_height=\"1536\"href='https:\/\/www.radiopiu.net\/wordpress\/wp-content\/uploads\/2022\/07\/3f249a3e-9327-4a0d-b01e-45427a76e263.jpg'><img loading=\"lazy\" decoding=\"async\" width=\"150\" height=\"150\" src=\"https:\/\/www.radiopiu.net\/wordpress\/wp-content\/uploads\/2022\/07\/3f249a3e-9327-4a0d-b01e-45427a76e263-150x150.jpg\" class=\"attachment-thumbnail size-thumbnail\" alt=\"\" \/><\/a>\n\t\t\t\t<\/dt><\/dl><br style=\"clear: both\" \/><dl class='gallery-item'>\n\t\t\t\t<dt class='gallery-icon landscape'>\n\t\t\t\t\t<a class=\"rollover rollover-zoom dt-pswp-item\" title=\"646206ae-16f1-47c9-a501-7ea624d4fafa\" data-dt-img-description=\"\" data-large_image_width=\"2048\" data-large_image_height=\"1536\"href='https:\/\/www.radiopiu.net\/wordpress\/wp-content\/uploads\/2022\/07\/646206ae-16f1-47c9-a501-7ea624d4fafa.jpg'><img loading=\"lazy\" decoding=\"async\" width=\"150\" height=\"150\" src=\"https:\/\/www.radiopiu.net\/wordpress\/wp-content\/uploads\/2022\/07\/646206ae-16f1-47c9-a501-7ea624d4fafa-150x150.jpg\" class=\"attachment-thumbnail size-thumbnail\" alt=\"\" \/><\/a>\n\t\t\t\t<\/dt><\/dl><dl class='gallery-item'>\n\t\t\t\t<dt class='gallery-icon landscape'>\n\t\t\t\t\t<a class=\"rollover rollover-zoom dt-pswp-item\" title=\"60155a9a-3c27-4a6d-ac5d-d4f362983b0d\" data-dt-img-description=\"\" data-large_image_width=\"2048\" data-large_image_height=\"1536\"href='https:\/\/www.radiopiu.net\/wordpress\/wp-content\/uploads\/2022\/07\/60155a9a-3c27-4a6d-ac5d-d4f362983b0d.jpg'><img loading=\"lazy\" decoding=\"async\" width=\"150\" height=\"150\" src=\"https:\/\/www.radiopiu.net\/wordpress\/wp-content\/uploads\/2022\/07\/60155a9a-3c27-4a6d-ac5d-d4f362983b0d-150x150.jpg\" class=\"attachment-thumbnail size-thumbnail\" alt=\"\" \/><\/a>\n\t\t\t\t<\/dt><\/dl><dl class='gallery-item'>\n\t\t\t\t<dt class='gallery-icon landscape'>\n\t\t\t\t\t<a class=\"rollover rollover-zoom dt-pswp-item\" title=\"f293eed0-42df-4099-8283-62fabf1fc26b\" data-dt-img-description=\"\" data-large_image_width=\"2048\" data-large_image_height=\"1536\"href='https:\/\/www.radiopiu.net\/wordpress\/wp-content\/uploads\/2022\/07\/f293eed0-42df-4099-8283-62fabf1fc26b.jpg'><img loading=\"lazy\" decoding=\"async\" width=\"150\" height=\"150\" src=\"https:\/\/www.radiopiu.net\/wordpress\/wp-content\/uploads\/2022\/07\/f293eed0-42df-4099-8283-62fabf1fc26b-150x150.jpg\" class=\"attachment-thumbnail size-thumbnail\" alt=\"\" \/><\/a>\n\t\t\t\t<\/dt><\/dl><dl class='gallery-item'>\n\t\t\t\t<dt class='gallery-icon landscape'>\n\t\t\t\t\t<a class=\"rollover rollover-zoom dt-pswp-item\" title=\"815538fa-e8ad-4587-b719-a643d94bbbc9\" data-dt-img-description=\"\" data-large_image_width=\"2048\" data-large_image_height=\"1536\"href='https:\/\/www.radiopiu.net\/wordpress\/wp-content\/uploads\/2022\/07\/815538fa-e8ad-4587-b719-a643d94bbbc9.jpg'><img loading=\"lazy\" decoding=\"async\" width=\"150\" height=\"150\" src=\"https:\/\/www.radiopiu.net\/wordpress\/wp-content\/uploads\/2022\/07\/815538fa-e8ad-4587-b719-a643d94bbbc9-150x150.jpg\" class=\"attachment-thumbnail size-thumbnail\" alt=\"\" \/><\/a>\n\t\t\t\t<\/dt><\/dl><dl class='gallery-item'>\n\t\t\t\t<dt class='gallery-icon landscape'>\n\t\t\t\t\t<a class=\"rollover rollover-zoom dt-pswp-item\" title=\"9193c051-ffe6-4f3c-8637-f19792e40466\" data-dt-img-description=\"\" data-large_image_width=\"2048\" data-large_image_height=\"1536\"href='https:\/\/www.radiopiu.net\/wordpress\/wp-content\/uploads\/2022\/07\/9193c051-ffe6-4f3c-8637-f19792e40466.jpg'><img loading=\"lazy\" decoding=\"async\" width=\"150\" height=\"150\" src=\"https:\/\/www.radiopiu.net\/wordpress\/wp-content\/uploads\/2022\/07\/9193c051-ffe6-4f3c-8637-f19792e40466-150x150.jpg\" class=\"attachment-thumbnail size-thumbnail\" alt=\"\" \/><\/a>\n\t\t\t\t<\/dt><\/dl><dl class='gallery-item'>\n\t\t\t\t<dt class='gallery-icon landscape'>\n\t\t\t\t\t<a class=\"rollover rollover-zoom dt-pswp-item\" title=\"b13a30f4-3bf7-4fc0-b389-e4809cf1eb86\" data-dt-img-description=\"\" data-large_image_width=\"2048\" data-large_image_height=\"1536\"href='https:\/\/www.radiopiu.net\/wordpress\/wp-content\/uploads\/2022\/07\/b13a30f4-3bf7-4fc0-b389-e4809cf1eb86.jpg'><img loading=\"lazy\" decoding=\"async\" width=\"150\" height=\"150\" src=\"https:\/\/www.radiopiu.net\/wordpress\/wp-content\/uploads\/2022\/07\/b13a30f4-3bf7-4fc0-b389-e4809cf1eb86-150x150.jpg\" class=\"attachment-thumbnail size-thumbnail\" alt=\"\" \/><\/a>\n\t\t\t\t<\/dt><\/dl><dl class='gallery-item'>\n\t\t\t\t<dt class='gallery-icon landscape'>\n\t\t\t\t\t<a class=\"rollover rollover-zoom dt-pswp-item\" title=\"226f0875-d700-43b6-9cd5-ef4ba11c6df0\" data-dt-img-description=\"\" data-large_image_width=\"2048\" data-large_image_height=\"1536\"href='https:\/\/www.radiopiu.net\/wordpress\/wp-content\/uploads\/2022\/07\/226f0875-d700-43b6-9cd5-ef4ba11c6df0.jpg'><img loading=\"lazy\" decoding=\"async\" width=\"150\" height=\"150\" src=\"https:\/\/www.radiopiu.net\/wordpress\/wp-content\/uploads\/2022\/07\/226f0875-d700-43b6-9cd5-ef4ba11c6df0-150x150.jpg\" class=\"attachment-thumbnail size-thumbnail\" alt=\"\" \/><\/a>\n\t\t\t\t<\/dt><\/dl><br style=\"clear: both\" \/>\n\t\t\t<\/div>\n\n<p>&nbsp;<\/p>\n<p><strong>I GIOCHI CON I POMPIERI VOLONTARI<\/strong><\/p>\n<div style=\"width: 848px;\" class=\"wp-video\"><video class=\"wp-video-shortcode\" id=\"video-287416-2\" width=\"848\" height=\"480\" preload=\"metadata\" controls=\"controls\"><source type=\"video\/mp4\" src=\"https:\/\/www.radiopiu.net\/wordpress\/wp-content\/uploads\/2022\/07\/WhatsApp-Video-2022-07-17-at-19.34.33.mp4?_=2\" \/><a href=\"https:\/\/www.radiopiu.net\/wordpress\/wp-content\/uploads\/2022\/07\/WhatsApp-Video-2022-07-17-at-19.34.33.mp4\">https:\/\/www.radiopiu.net\/wordpress\/wp-content\/uploads\/2022\/07\/WhatsApp-Video-2022-07-17-at-19.34.33.mp4<\/a><\/video><\/div>\n<p>&nbsp;<\/p>\n<p>&nbsp;<\/p>\n<hr \/>\n<p>&nbsp;<\/p>\n<blockquote>\n<h3>LE DIRETTE DI RADIO PIU, SABATO SERA DA SAN SIMON NEL RICORDO DI VALERIO DA POS, MUSICA E POESIA<\/h3>\n<\/blockquote>\n<p>VIDEO, <span style=\"color: #0000ff;\"><strong><a style=\"color: #0000ff;\" href=\"https:\/\/www.facebook.com\/marco.baghy.1\/videos\/418192776740265\">CLICCA QUI\u00a0<\/a><\/strong><\/span><\/p>\n<p>&nbsp;<\/p>\n\n\t\t\t<style type='text\/css'>\n\t\t\t\t#gallery-4 {\n\t\t\t\t\tmargin: auto;\n\t\t\t\t}\n\t\t\t\t#gallery-4 .gallery-item {\n\t\t\t\t\tfloat: left;\n\t\t\t\t\tmargin-top: 10px;\n\t\t\t\t\ttext-align: center;\n\t\t\t\t\twidth: 33%;\n\t\t\t\t}\n\t\t\t\t#gallery-4 img {\n\t\t\t\t\tborder: 2px solid #cfcfcf;\n\t\t\t\t}\n\t\t\t\t#gallery-4 .gallery-caption {\n\t\t\t\t\tmargin-left: 0;\n\t\t\t\t}\n\t\t\t\t\/* see gallery_shortcode() in wp-includes\/media.php *\/\n\t\t\t<\/style>\n\t\t<div id='gallery-4' class='dt-gallery-container gallery galleryid-287416 gallery-columns-3 gallery-size-thumbnail'><dl class='gallery-item'>\n\t\t\t\t<dt class='gallery-icon landscape'>\n\t\t\t\t\t<a class=\"rollover rollover-zoom dt-pswp-item\" title=\"84922d9f-5ec3-427f-9440-7178c5bcbb8f\" data-dt-img-description=\"\" data-large_image_width=\"1920\" data-large_image_height=\"1080\"href='https:\/\/www.radiopiu.net\/wordpress\/wp-content\/uploads\/2022\/07\/84922d9f-5ec3-427f-9440-7178c5bcbb8f.jpg'><img loading=\"lazy\" decoding=\"async\" width=\"150\" height=\"150\" src=\"https:\/\/www.radiopiu.net\/wordpress\/wp-content\/uploads\/2022\/07\/84922d9f-5ec3-427f-9440-7178c5bcbb8f-150x150.jpg\" class=\"attachment-thumbnail size-thumbnail\" alt=\"\" \/><\/a>\n\t\t\t\t<\/dt><\/dl><dl class='gallery-item'>\n\t\t\t\t<dt class='gallery-icon landscape'>\n\t\t\t\t\t<a class=\"rollover rollover-zoom dt-pswp-item\" title=\"3492a273-b9ee-4b9e-89f4-1873a7b5d062\" data-dt-img-description=\"\" data-large_image_width=\"1920\" data-large_image_height=\"1080\"href='https:\/\/www.radiopiu.net\/wordpress\/wp-content\/uploads\/2022\/07\/3492a273-b9ee-4b9e-89f4-1873a7b5d062.jpg'><img loading=\"lazy\" decoding=\"async\" width=\"150\" height=\"150\" src=\"https:\/\/www.radiopiu.net\/wordpress\/wp-content\/uploads\/2022\/07\/3492a273-b9ee-4b9e-89f4-1873a7b5d062-150x150.jpg\" class=\"attachment-thumbnail size-thumbnail\" alt=\"\" \/><\/a>\n\t\t\t\t<\/dt><\/dl><dl class='gallery-item'>\n\t\t\t\t<dt class='gallery-icon landscape'>\n\t\t\t\t\t<a class=\"rollover rollover-zoom dt-pswp-item\" title=\"1e0256fb-cfa9-4eb1-8e60-8992648184ee\" data-dt-img-description=\"\" data-large_image_width=\"1920\" data-large_image_height=\"1080\"href='https:\/\/www.radiopiu.net\/wordpress\/wp-content\/uploads\/2022\/07\/1e0256fb-cfa9-4eb1-8e60-8992648184ee.jpg'><img loading=\"lazy\" decoding=\"async\" width=\"150\" height=\"150\" src=\"https:\/\/www.radiopiu.net\/wordpress\/wp-content\/uploads\/2022\/07\/1e0256fb-cfa9-4eb1-8e60-8992648184ee-150x150.jpg\" class=\"attachment-thumbnail size-thumbnail\" alt=\"\" \/><\/a>\n\t\t\t\t<\/dt><\/dl><br style=\"clear: both\" \/>\n\t\t\t<\/div>\n\n<p>&nbsp;<\/p>\n<hr \/>\n<p>&nbsp;<\/p>\n<blockquote>\n<h3>SABATO SERA NELL&#8217;AREA SR 203 AGORDINA, IL RITORNO DELLA MUSICA DAL VIVO CON LA &#8220;COMBRICOLA&#8221; 1998.<\/h3>\n<\/blockquote>\n<p><a href=\"https:\/\/www.facebook.com\/marco.baghy.1\/videos\/400366832158761\">https:\/\/www.facebook.com\/marco.baghy.1\/videos\/400366832158761<\/a><\/p>\n<p>&nbsp;<\/p>\n<p>&nbsp;<\/p>\n<hr \/>\n<p>&nbsp;<\/p>\n<blockquote>\n<h3><\/h3>\n<h3>LA MUSICA IN PIAZZA A CANALE D&#8217;AGORDO CON GALLIO TRIO E REUNION<\/h3>\n<\/blockquote>\n<p>https:\/\/www.facebook.com\/marco.baghy.1\/videos\/5043844712390870<\/p>\n<p>&nbsp;<\/p>\n<p>&nbsp;<\/p>\n<hr \/>\n<p>&nbsp;<\/p>\n<blockquote>\n<h3>LA NOVITA&#8217; A FALCADE&#8230; UNA CANTINA DA PICCOLA BAITA foto racconto<\/h3>\n<\/blockquote>\n<p>Taglio del nastro sabato in Valle del biois alla cantina della Piccola Baita della famiglia Pescosta.<\/p>\n<p><strong>LA NOTIZIA ALLA RADIO<\/strong><\/p>\n<audio class=\"wp-audio-shortcode\" id=\"audio-287416-1\" preload=\"none\" style=\"width: 100%;\" controls=\"controls\"><source type=\"audio\/mpeg\" src=\"https:\/\/www.radiopiu.net\/wordpress\/wp-content\/uploads\/2022\/07\/CANEVA-PICCOLA-BAITA.mp3?_=1\" \/><a href=\"https:\/\/www.radiopiu.net\/wordpress\/wp-content\/uploads\/2022\/07\/CANEVA-PICCOLA-BAITA.mp3\">https:\/\/www.radiopiu.net\/wordpress\/wp-content\/uploads\/2022\/07\/CANEVA-PICCOLA-BAITA.mp3<\/a><\/audio>\n<p>&nbsp;<\/p>\n<p><strong>IL FOTO RACCONTO<\/strong><\/p>\n\n\t\t\t<style type='text\/css'>\n\t\t\t\t#gallery-5 {\n\t\t\t\t\tmargin: auto;\n\t\t\t\t}\n\t\t\t\t#gallery-5 .gallery-item {\n\t\t\t\t\tfloat: left;\n\t\t\t\t\tmargin-top: 10px;\n\t\t\t\t\ttext-align: center;\n\t\t\t\t\twidth: 25%;\n\t\t\t\t}\n\t\t\t\t#gallery-5 img {\n\t\t\t\t\tborder: 2px solid #cfcfcf;\n\t\t\t\t}\n\t\t\t\t#gallery-5 .gallery-caption {\n\t\t\t\t\tmargin-left: 0;\n\t\t\t\t}\n\t\t\t\t\/* see gallery_shortcode() in wp-includes\/media.php *\/\n\t\t\t<\/style>\n\t\t<div id='gallery-5' class='dt-gallery-container gallery galleryid-287416 gallery-columns-4 gallery-size-thumbnail'><dl class='gallery-item'>\n\t\t\t\t<dt class='gallery-icon portrait'>\n\t\t\t\t\t<a class=\"rollover rollover-zoom dt-pswp-item\" title=\"272b2225-e254-492c-9948-123ecb301ace\" data-dt-img-description=\"\" data-large_image_width=\"1200\" data-large_image_height=\"1600\"href='https:\/\/www.radiopiu.net\/wordpress\/wp-content\/uploads\/2022\/07\/272b2225-e254-492c-9948-123ecb301ace.jpg'><img loading=\"lazy\" decoding=\"async\" width=\"150\" height=\"150\" src=\"https:\/\/www.radiopiu.net\/wordpress\/wp-content\/uploads\/2022\/07\/272b2225-e254-492c-9948-123ecb301ace-150x150.jpg\" class=\"attachment-thumbnail size-thumbnail\" alt=\"\" \/><\/a>\n\t\t\t\t<\/dt><\/dl><dl class='gallery-item'>\n\t\t\t\t<dt class='gallery-icon portrait'>\n\t\t\t\t\t<a class=\"rollover rollover-zoom dt-pswp-item\" title=\"714bb939-86d4-4100-9f20-f9ce428376c6\" data-dt-img-description=\"\" data-large_image_width=\"1200\" data-large_image_height=\"1600\"href='https:\/\/www.radiopiu.net\/wordpress\/wp-content\/uploads\/2022\/07\/714bb939-86d4-4100-9f20-f9ce428376c6.jpg'><img loading=\"lazy\" decoding=\"async\" width=\"150\" height=\"150\" src=\"https:\/\/www.radiopiu.net\/wordpress\/wp-content\/uploads\/2022\/07\/714bb939-86d4-4100-9f20-f9ce428376c6-150x150.jpg\" class=\"attachment-thumbnail size-thumbnail\" alt=\"\" \/><\/a>\n\t\t\t\t<\/dt><\/dl><dl class='gallery-item'>\n\t\t\t\t<dt class='gallery-icon landscape'>\n\t\t\t\t\t<a class=\"rollover rollover-zoom dt-pswp-item\" title=\"8d970a4d-e382-4b43-bcbf-7256befc7fca\" data-dt-img-description=\"\" data-large_image_width=\"1600\" data-large_image_height=\"1200\"href='https:\/\/www.radiopiu.net\/wordpress\/wp-content\/uploads\/2022\/07\/8d970a4d-e382-4b43-bcbf-7256befc7fca.jpg'><img loading=\"lazy\" decoding=\"async\" width=\"150\" height=\"150\" src=\"https:\/\/www.radiopiu.net\/wordpress\/wp-content\/uploads\/2022\/07\/8d970a4d-e382-4b43-bcbf-7256befc7fca-150x150.jpg\" class=\"attachment-thumbnail size-thumbnail\" alt=\"\" \/><\/a>\n\t\t\t\t<\/dt><\/dl><dl class='gallery-item'>\n\t\t\t\t<dt class='gallery-icon portrait'>\n\t\t\t\t\t<a class=\"rollover rollover-zoom dt-pswp-item\" title=\"5b7f7ad1-cc9e-4658-898b-b005aae18ed8\" data-dt-img-description=\"\" data-large_image_width=\"1200\" data-large_image_height=\"1600\"href='https:\/\/www.radiopiu.net\/wordpress\/wp-content\/uploads\/2022\/07\/5b7f7ad1-cc9e-4658-898b-b005aae18ed8.jpg'><img loading=\"lazy\" decoding=\"async\" width=\"150\" height=\"150\" src=\"https:\/\/www.radiopiu.net\/wordpress\/wp-content\/uploads\/2022\/07\/5b7f7ad1-cc9e-4658-898b-b005aae18ed8-150x150.jpg\" class=\"attachment-thumbnail size-thumbnail\" alt=\"\" \/><\/a>\n\t\t\t\t<\/dt><\/dl><br style=\"clear: both\" \/><dl class='gallery-item'>\n\t\t\t\t<dt class='gallery-icon portrait'>\n\t\t\t\t\t<a class=\"rollover rollover-zoom dt-pswp-item\" title=\"1b4dedb3-1705-4dcb-9532-6ff774d2482e\" data-dt-img-description=\"\" data-large_image_width=\"1200\" data-large_image_height=\"1600\"href='https:\/\/www.radiopiu.net\/wordpress\/wp-content\/uploads\/2022\/07\/1b4dedb3-1705-4dcb-9532-6ff774d2482e.jpg'><img loading=\"lazy\" decoding=\"async\" width=\"150\" height=\"150\" src=\"https:\/\/www.radiopiu.net\/wordpress\/wp-content\/uploads\/2022\/07\/1b4dedb3-1705-4dcb-9532-6ff774d2482e-150x150.jpg\" class=\"attachment-thumbnail size-thumbnail\" alt=\"\" \/><\/a>\n\t\t\t\t<\/dt><\/dl><dl class='gallery-item'>\n\t\t\t\t<dt class='gallery-icon portrait'>\n\t\t\t\t\t<a class=\"rollover rollover-zoom dt-pswp-item\" title=\"6e261531-1fd6-4abb-a03d-61bace8973f3\" data-dt-img-description=\"\" data-large_image_width=\"1200\" data-large_image_height=\"1600\"href='https:\/\/www.radiopiu.net\/wordpress\/wp-content\/uploads\/2022\/07\/6e261531-1fd6-4abb-a03d-61bace8973f3.jpg'><img loading=\"lazy\" decoding=\"async\" width=\"150\" height=\"150\" src=\"https:\/\/www.radiopiu.net\/wordpress\/wp-content\/uploads\/2022\/07\/6e261531-1fd6-4abb-a03d-61bace8973f3-150x150.jpg\" class=\"attachment-thumbnail size-thumbnail\" alt=\"\" \/><\/a>\n\t\t\t\t<\/dt><\/dl><dl class='gallery-item'>\n\t\t\t\t<dt class='gallery-icon portrait'>\n\t\t\t\t\t<a class=\"rollover rollover-zoom dt-pswp-item\" title=\"e8e7ee92-2994-44ff-ae20-ceed7fa999d2\" data-dt-img-description=\"\" data-large_image_width=\"1512\" data-large_image_height=\"2016\"href='https:\/\/www.radiopiu.net\/wordpress\/wp-content\/uploads\/2022\/07\/e8e7ee92-2994-44ff-ae20-ceed7fa999d2.jpg'><img loading=\"lazy\" decoding=\"async\" width=\"150\" height=\"150\" src=\"https:\/\/www.radiopiu.net\/wordpress\/wp-content\/uploads\/2022\/07\/e8e7ee92-2994-44ff-ae20-ceed7fa999d2-150x150.jpg\" class=\"attachment-thumbnail size-thumbnail\" alt=\"\" \/><\/a>\n\t\t\t\t<\/dt><\/dl><dl class='gallery-item'>\n\t\t\t\t<dt class='gallery-icon portrait'>\n\t\t\t\t\t<a class=\"rollover rollover-zoom dt-pswp-item\" title=\"0508dcc1-7632-4857-b4ae-763054d48dad\" data-dt-img-description=\"\" data-large_image_width=\"1512\" data-large_image_height=\"2016\"href='https:\/\/www.radiopiu.net\/wordpress\/wp-content\/uploads\/2022\/07\/0508dcc1-7632-4857-b4ae-763054d48dad.jpg'><img loading=\"lazy\" decoding=\"async\" width=\"150\" height=\"150\" src=\"https:\/\/www.radiopiu.net\/wordpress\/wp-content\/uploads\/2022\/07\/0508dcc1-7632-4857-b4ae-763054d48dad-150x150.jpg\" class=\"attachment-thumbnail size-thumbnail\" alt=\"\" \/><\/a>\n\t\t\t\t<\/dt><\/dl><br style=\"clear: both\" \/><dl class='gallery-item'>\n\t\t\t\t<dt class='gallery-icon landscape'>\n\t\t\t\t\t<a class=\"rollover rollover-zoom dt-pswp-item\" title=\"f1307a2d-a803-49df-8e79-b40f6755df51\" data-dt-img-description=\"\" data-large_image_width=\"2016\" data-large_image_height=\"1512\"href='https:\/\/www.radiopiu.net\/wordpress\/wp-content\/uploads\/2022\/07\/f1307a2d-a803-49df-8e79-b40f6755df51.jpg'><img loading=\"lazy\" decoding=\"async\" width=\"150\" height=\"150\" src=\"https:\/\/www.radiopiu.net\/wordpress\/wp-content\/uploads\/2022\/07\/f1307a2d-a803-49df-8e79-b40f6755df51-150x150.jpg\" class=\"attachment-thumbnail size-thumbnail\" alt=\"\" \/><\/a>\n\t\t\t\t<\/dt><\/dl><dl class='gallery-item'>\n\t\t\t\t<dt class='gallery-icon landscape'>\n\t\t\t\t\t<a class=\"rollover rollover-zoom dt-pswp-item\" title=\"e30876c5-b4a5-4134-8053-ee768b738b86\" data-dt-img-description=\"\" data-large_image_width=\"2048\" data-large_image_height=\"1536\"href='https:\/\/www.radiopiu.net\/wordpress\/wp-content\/uploads\/2022\/07\/e30876c5-b4a5-4134-8053-ee768b738b86.jpg'><img loading=\"lazy\" decoding=\"async\" width=\"150\" height=\"150\" src=\"https:\/\/www.radiopiu.net\/wordpress\/wp-content\/uploads\/2022\/07\/e30876c5-b4a5-4134-8053-ee768b738b86-150x150.jpg\" class=\"attachment-thumbnail size-thumbnail\" alt=\"\" \/><\/a>\n\t\t\t\t<\/dt><\/dl><dl class='gallery-item'>\n\t\t\t\t<dt class='gallery-icon portrait'>\n\t\t\t\t\t<a class=\"rollover rollover-zoom dt-pswp-item\" title=\"e005efbb-8472-414c-94cf-50705c2b1a89\" data-dt-img-description=\"\" data-large_image_width=\"1512\" data-large_image_height=\"2016\"href='https:\/\/www.radiopiu.net\/wordpress\/wp-content\/uploads\/2022\/07\/e005efbb-8472-414c-94cf-50705c2b1a89.jpg'><img loading=\"lazy\" decoding=\"async\" width=\"150\" height=\"150\" src=\"https:\/\/www.radiopiu.net\/wordpress\/wp-content\/uploads\/2022\/07\/e005efbb-8472-414c-94cf-50705c2b1a89-150x150.jpg\" class=\"attachment-thumbnail size-thumbnail\" alt=\"\" \/><\/a>\n\t\t\t\t<\/dt><\/dl><dl class='gallery-item'>\n\t\t\t\t<dt class='gallery-icon portrait'>\n\t\t\t\t\t<a class=\"rollover rollover-zoom dt-pswp-item\" title=\"c340adef-9970-4367-a12b-63ab2b42c989\" data-dt-img-description=\"\" data-large_image_width=\"1200\" data-large_image_height=\"1600\"href='https:\/\/www.radiopiu.net\/wordpress\/wp-content\/uploads\/2022\/07\/c340adef-9970-4367-a12b-63ab2b42c989.jpg'><img loading=\"lazy\" decoding=\"async\" width=\"150\" height=\"150\" src=\"https:\/\/www.radiopiu.net\/wordpress\/wp-content\/uploads\/2022\/07\/c340adef-9970-4367-a12b-63ab2b42c989-150x150.jpg\" class=\"attachment-thumbnail size-thumbnail\" alt=\"\" \/><\/a>\n\t\t\t\t<\/dt><\/dl><br style=\"clear: both\" \/><dl class='gallery-item'>\n\t\t\t\t<dt class='gallery-icon landscape'>\n\t\t\t\t\t<a class=\"rollover rollover-zoom dt-pswp-item\" title=\"c6d41528-b9df-4863-9adf-387f42de185e\" data-dt-img-description=\"\" data-large_image_width=\"1600\" data-large_image_height=\"1200\"href='https:\/\/www.radiopiu.net\/wordpress\/wp-content\/uploads\/2022\/07\/c6d41528-b9df-4863-9adf-387f42de185e.jpg'><img loading=\"lazy\" decoding=\"async\" width=\"150\" height=\"150\" src=\"https:\/\/www.radiopiu.net\/wordpress\/wp-content\/uploads\/2022\/07\/c6d41528-b9df-4863-9adf-387f42de185e-150x150.jpg\" class=\"attachment-thumbnail size-thumbnail\" alt=\"\" \/><\/a>\n\t\t\t\t<\/dt><\/dl><dl class='gallery-item'>\n\t\t\t\t<dt class='gallery-icon landscape'>\n\t\t\t\t\t<a class=\"rollover rollover-zoom dt-pswp-item\" title=\"b4dad368-935a-4c4c-8676-7e03eefbf15b\" data-dt-img-description=\"\" data-large_image_width=\"2016\" data-large_image_height=\"1512\"href='https:\/\/www.radiopiu.net\/wordpress\/wp-content\/uploads\/2022\/07\/b4dad368-935a-4c4c-8676-7e03eefbf15b.jpg'><img loading=\"lazy\" decoding=\"async\" width=\"150\" height=\"150\" src=\"https:\/\/www.radiopiu.net\/wordpress\/wp-content\/uploads\/2022\/07\/b4dad368-935a-4c4c-8676-7e03eefbf15b-150x150.jpg\" class=\"attachment-thumbnail size-thumbnail\" alt=\"\" \/><\/a>\n\t\t\t\t<\/dt><\/dl><dl class='gallery-item'>\n\t\t\t\t<dt class='gallery-icon portrait'>\n\t\t\t\t\t<a class=\"rollover rollover-zoom dt-pswp-item\" title=\"acb5060b-1c25-420a-9ce5-f8a5f1a86f73\" data-dt-img-description=\"\" data-large_image_width=\"1512\" data-large_image_height=\"2016\"href='https:\/\/www.radiopiu.net\/wordpress\/wp-content\/uploads\/2022\/07\/acb5060b-1c25-420a-9ce5-f8a5f1a86f73.jpg'><img loading=\"lazy\" decoding=\"async\" width=\"150\" height=\"150\" src=\"https:\/\/www.radiopiu.net\/wordpress\/wp-content\/uploads\/2022\/07\/acb5060b-1c25-420a-9ce5-f8a5f1a86f73-150x150.jpg\" class=\"attachment-thumbnail size-thumbnail\" alt=\"\" \/><\/a>\n\t\t\t\t<\/dt><\/dl>\n\t\t\t\t<br style='clear: both' \/>\n\t\t\t<\/div>\n\n<p>&nbsp;<\/p>\n<hr \/>\n<p>&nbsp;<\/p>\n<h2><span style=\"color: #ff0000;\"><strong><a class=\"dt-pswp-item\" href=\"https:\/\/www.radiopiu.net\/wordpress\/wp-content\/uploads\/2022\/07\/0-2.png\" data-dt-img-description=\"\" data-large_image_width=\"1850\" data-large_image_height=\"1926\"><img loading=\"lazy\" decoding=\"async\" class=\"size-thumbnail wp-image-287460 alignleft\" src=\"https:\/\/www.radiopiu.net\/wordpress\/wp-content\/uploads\/2022\/07\/0-2-150x150.png\" alt=\"\" width=\"150\" height=\"150\" \/><\/a>DAL CORRIERE DELLE ALPI<\/strong><\/span><\/h2>\n<h3>PAOLA SOPPELSA, TRA SCARPET E CURA DELLA MONTAGNA<\/h3>\n<p><strong>LA VALLE<\/strong> Come ogni lunedi Gianni Santomaso dalle pagine del Corriere delle Alpi racconta una storia, un personaggio, un pezzo di vita dell\u2019Agordino \u201cVivere l\u2019Agordino\u201d una raccolta spaccato di vita agordina con le immancabili vignette di Erica Andrich<\/p>\n<p><strong>di Gianni Santomaso<\/strong><\/p>\n<p>&nbsp;<\/p>\n<p>&nbsp;<\/p>\n<hr \/>\n<p>&nbsp;<\/p>\n<blockquote>\n<h3>DOLOMITI IN MINIATURA, CAPOLAVORI NELLA ROCCIA, GLI SCULTORI A SAN TOMASO<\/h3>\n<\/blockquote>\n<p><a href=\"https:\/\/www.facebook.com\/marco.baghy.1\/videos\/410192901061272\">https:\/\/www.facebook.com\/marco.baghy.1\/videos\/410192901061272<\/a><\/p>\n<p>&nbsp;<\/p>\n<p>&nbsp;<\/p>\n<p><strong><a class=\"dt-pswp-item\" href=\"https:\/\/www.radiopiu.net\/wordpress\/wp-content\/uploads\/2022\/07\/245672046_4415646918488430_4885258135470625922_n.jpg\" data-dt-img-description=\"\" data-large_image_width=\"600\" data-large_image_height=\"450\"><img loading=\"lazy\" decoding=\"async\" class=\"alignleft wp-image-286586 \" src=\"https:\/\/www.radiopiu.net\/wordpress\/wp-content\/uploads\/2022\/07\/245672046_4415646918488430_4885258135470625922_n-300x225.jpg\" alt=\"\" width=\"243\" height=\"182\" srcset=\"https:\/\/www.radiopiu.net\/wordpress\/wp-content\/uploads\/2022\/07\/245672046_4415646918488430_4885258135470625922_n-300x225.jpg 300w, https:\/\/www.radiopiu.net\/wordpress\/wp-content\/uploads\/2022\/07\/245672046_4415646918488430_4885258135470625922_n.jpg 600w\" sizes=\"auto, (max-width: 243px) 100vw, 243px\" \/><\/a>SAN TOMASO<\/strong> Ritorna nella settimana dall\u201911 al 17 luglio 2022 \u201cDolomites Rock Miniatures\u201d,\u00a0 verranno realizzate altre tre opere de Il Sentiero delle Dolomiti in miniatura. Il progetto nato nel 2017, giunto quest\u2019anno alla quinta edizione, promosso dall\u2019Amministrazione comunale, patrocinato dalla Fondazione Dolomiti Unesco,\u00a0 sezione\u00a0 Cai di Agordo e proloco di San Tomaso. Obiettivo:\u00a0 ricreare in miniatura alcune delle pi\u00f9 rappresentative cime dolomitiche riconosciute Patrimonio Naturale dell\u2019Umanit\u00e0 ed esporle lungo la strada silvo-pastorale che collega il Comune di San Tomaso Agordino con quello di Vallada Agordina.<br \/>\nNel corso di questa settimana <strong>Claudia Zanaga<\/strong> (Italia), <strong>Abdulkadir Hocaoglu<\/strong> (Turchia) e<strong> Shekine Naidi<\/strong> (Grecia) scolpiranno rispettivamente la Croda dei Toni, il Sassolungo e la Gusela di Val Vescov\u00e0, aggiungendo cos\u00ec altre tre piccoli capolavori alle restanti tredici opere create nel corso dei precedenti simposi.<\/p>\n<p>&nbsp;<\/p>\n<p>&nbsp;<\/p>\n<hr \/>\n<p>&nbsp;<\/p>\n<blockquote>\n<h3 class=\"entry-title\">RISCHIANO IL DEFAULT 9.500 PMI VENETE. PER MOLTE SI \u201cAVVICINA\u201d LO SPETTRO DELL\u2019USURA<\/h3>\n<\/blockquote>\n<p class=\"photoswipe-wrapper\"><a class=\"dt-pswp-item pspw-wrap-ready\" href=\"https:\/\/www.radiopiu.net\/wordpress\/wp-content\/uploads\/2022\/07\/Schermata-2022-07-16-alle-09.37.30.png\" data-dt-img-description=\"\" data-large_image_width=\"1086\" data-large_image_height=\"720\"><img loading=\"lazy\" decoding=\"async\" class=\"alignleft size-medium wp-image-287395\" src=\"https:\/\/www.radiopiu.net\/wordpress\/wp-content\/uploads\/2022\/07\/Schermata-2022-07-16-alle-09.37.30-300x199.png\" sizes=\"auto, (max-width: 300px) 100vw, 300px\" srcset=\"https:\/\/www.radiopiu.net\/wordpress\/wp-content\/uploads\/2022\/07\/Schermata-2022-07-16-alle-09.37.30-300x199.png 300w, https:\/\/www.radiopiu.net\/wordpress\/wp-content\/uploads\/2022\/07\/Schermata-2022-07-16-alle-09.37.30-1024x679.png 1024w, https:\/\/www.radiopiu.net\/wordpress\/wp-content\/uploads\/2022\/07\/Schermata-2022-07-16-alle-09.37.30-768x509.png 768w, https:\/\/www.radiopiu.net\/wordpress\/wp-content\/uploads\/2022\/07\/Schermata-2022-07-16-alle-09.37.30.png 1086w\" alt=\"\" width=\"300\" height=\"199\" \/><\/a>Sono 9.575 le imprese venete che sono concretamente a rischio usura. Attivit\u00e0 che attualmente danno lavoro a circa 33.500 addetti. Si tratta prevalentemente di imprese artigiane, esercenti\/attivit\u00e0 commerciali o piccoli imprenditori che sono \u201cscivolati\u201d nell\u2019area dell\u2019insolvenza e, conseguentemente, sono stati segnalati dagli intermediari finanziari alla Centrale dei Rischi della Banca d\u2019Italia. Di fatto, questa \u201cschedatura\u201d preclude a queste attivit\u00e0 di accedere a qualsiasi altro prestito. A dirlo \u00e8 l\u2019Ufficio studi CGIA.<\/p>\n<p>A livello provinciale la situazione pi\u00f9 critica si \u00e8 registrata a Padova: al 31 marzo scorso le imprese segnalate erano 1.946. Seguono Vicenza con 1.913, Verona con 1.747, Treviso con 1.665, Venezia con 1.489, Rovigo con 562 e Belluno con 253. Rispetto allo stesso periodo del 2021, comunque, i dati sono in calo in tutte le nostre sette province (vedi Tab. 1 e Tab. 2).<\/p>\n<p class=\"photoswipe-wrapper\"><strong>Per gli imprenditori coinvolti \u00e8 la \u201cmorte civile\u201d<\/strong><br \/>\nPer i destinatari di questa misura \u00e8 come se fossero stati condannati alla \u201cmorte civile\u201d; un istituto giuridico diffuso in Europa fino al XIX secolo che al condannato comportava la perdita di tutti i diritti civili e il conseguente allontanamento dalla societ\u00e0. Ricordiamo, infatti, che chi \u00e8 schedato presso la Centrale dei Rischi praticamente non pu\u00f2 pi\u00f9 beneficiare di alcun altro aiuto economico dal sistema bancario, rischiando, molto pi\u00f9 degli altri, di chiudere o, peggio ancora, di scivolare tra le braccia degli usurai. Per evitare che questa criticit\u00e0 si diffonda, la CGIA\u00a0<a class=\"dt-pswp-item pspw-wrap-ready\" href=\"https:\/\/www.radiopiu.net\/wordpress\/wp-content\/uploads\/2022\/07\/Schermata-2022-07-16-alle-09.37.46.png\" data-dt-img-description=\"\" data-large_image_width=\"848\" data-large_image_height=\"1516\"><img loading=\"lazy\" decoding=\"async\" class=\"alignleft size-medium wp-image-287394\" src=\"https:\/\/www.radiopiu.net\/wordpress\/wp-content\/uploads\/2022\/07\/Schermata-2022-07-16-alle-09.37.46-168x300.png\" sizes=\"auto, (max-width: 168px) 100vw, 168px\" srcset=\"https:\/\/www.radiopiu.net\/wordpress\/wp-content\/uploads\/2022\/07\/Schermata-2022-07-16-alle-09.37.46-168x300.png 168w, https:\/\/www.radiopiu.net\/wordpress\/wp-content\/uploads\/2022\/07\/Schermata-2022-07-16-alle-09.37.46-573x1024.png 573w, https:\/\/www.radiopiu.net\/wordpress\/wp-content\/uploads\/2022\/07\/Schermata-2022-07-16-alle-09.37.46-768x1373.png 768w, https:\/\/www.radiopiu.net\/wordpress\/wp-content\/uploads\/2022\/07\/Schermata-2022-07-16-alle-09.37.46.png 848w\" alt=\"\" width=\"168\" height=\"300\" \/><\/a>continua a chiedere con forza il potenziamento delle risorse a disposizione del \u201cFondo di prevenzione dell\u2019usura\u201d. Strumento, quest\u2019ultimo, in grado di costituire l\u2019unico valido aiuto a chi si trova in questa situazione di vulnerabilit\u00e0. E\u2019 bene ricordare che gli imprenditori che \u201cfiniscono\u201d in questa black list della Banca d\u2019Italia non sempre lo devono a una cattiva gestione finanziaria della propria azienda. Nella maggioranza dei casi, infatti, questa situazione si verifica a seguito dell\u2019impossibilit\u00e0 da parte di molti piccoli imprenditori di riscuotere i pagamenti dei committenti o per essere \u201ccaduti\u201d in un fallimento che ha coinvolto proprio questi ultimi. E\u2019 comunque doveroso segnalare che nell\u2019ultimo anno il numero complessivo delle attivit\u00e0 venete segnalate alla Centrale dei Rischi \u00e8 sceso di 2.659 unit\u00e0. Questo lo si deve, in particolar modo, all\u2019attivit\u00e0 di \u201cprevenzione\u201d innescata dalle significative misure pubbliche di garanzia e dalla moratoria dei debiti per le Pmi introdotte in Italia dal 2020 per contrastare la crisi pandemica che ha aumentato notevolmente lo stock complessivo dei prestiti erogati alle attivit\u00e0 produttive. Queste iniziative sono state pi\u00f9 volte prorogate. Da ultimo, fino al prossimo 31 dicembre, data oltre la quale, il differimento potrebbe terminare definitivamente.<\/p>\n<p><strong>Pi\u00f9 risorse al \u201cFondo di prevenzione dell\u2019usura\u201d<\/strong><br \/>\nIl \u201cFondo di prevenzione dell\u2019usura\u201d \u00e8 stato introdotto con la legge n\u00b0 108\/1996 e ha cominciato ad operare nel 1998. Questo fondo \u00e8 stato introdotto per l\u2019erogazione di contributi a Consorzi o Cooperative di garanzia collettiva fidi oppure a Fondazioni e Associazioni riconosciute per la prevenzione del fenomeno dell\u2019usura. Tutti i predetti enti possono contribuire alla prevenzione del fenomeno dell\u2019usura garantendo le banche per finanziamenti a medio termine o linee di credito a breve termine a favore di piccole e medie imprese che gi\u00e0 si sono viste rifiutare da una banca una domanda di intervento. Questa misura consente agli operatori deboli finanziariamente di accedere a canali di finanziamento legali e dall\u2019altro aiuta le vittime dell\u2019usura che, non svolgendo un\u2019attivit\u00e0 di impresa, non hanno diritto ad alcun prestito da parte del \u201cFondo di solidariet\u00e0\u201d. Il \u201cFondo di prevenzione\u201d prevede due tipi di contribuzione. La prima \u00e8 destinata ai Confidi a garanzia dei finanziamenti concessi dalle banche alle attivit\u00e0 economiche. La seconda \u00e8 riconosciuta alle fondazioni o alle associazioni contro l\u2019usura che sono riconosciute dal MEF. Queste associazioni consentono alle persone in grave difficolt\u00e0 economica (lavoratori dipendenti e pensionati) di accedere al credito in sicurezza. Secondo gli ultimi dati disponibili, nei primi 22 anni di vita, l\u2019importo medio di prestiti erogati da questo fondo \u00e8 stato di circa 50.000 euro per le Pmi e 20.000 euro per cittadini e famiglie. Lo stesso si alimenta in prevalenza con le sanzioni amministrative di antiriciclaggio e valutarie. Dal 1998 al 2020, ai Confidi e alle Fondazioni lo Stato ha erogato a livello nazionale 670 milioni di euro; tali risorse hanno garantito finanziamenti per un importo complessivo pari a circa 2 miliardi di euro. Nel 2020 ai due enti erogatori (Confidi e Fondazioni) sono stati assegnati complessivamente 32,7 milioni di euro: di cui 23 milioni ai primi e 9,7 milioni di euro ai secondi. Cifre importanti che, per\u00f2, secondo l\u2019Ufficio studi della CGIA andrebbero implementate: la crisi, purtroppo, ha spinto molte aziende sull\u2019orlo del fallimento. Attivit\u00e0 che se non aiutate rischiano di scivolare nell\u2019insolvenza o, nella peggiore delle ipotesi, nella rete tesa da coloro che vogliono impossessarsene con l\u2019inganno, alimentando cos\u00ec l\u2019economia criminale.<\/p>\n<p><strong class=\"photoswipe-wrapper\"><a class=\"dt-pswp-item pspw-wrap-ready\" href=\"https:\/\/www.radiopiu.net\/wordpress\/wp-content\/uploads\/2022\/07\/Schermata-2022-07-16-alle-09.38.03.png\" data-dt-img-description=\"\" data-large_image_width=\"1106\" data-large_image_height=\"716\"><img loading=\"lazy\" decoding=\"async\" class=\"alignleft size-medium wp-image-287393\" src=\"https:\/\/www.radiopiu.net\/wordpress\/wp-content\/uploads\/2022\/07\/Schermata-2022-07-16-alle-09.38.03-300x194.png\" sizes=\"auto, (max-width: 300px) 100vw, 300px\" srcset=\"https:\/\/www.radiopiu.net\/wordpress\/wp-content\/uploads\/2022\/07\/Schermata-2022-07-16-alle-09.38.03-300x194.png 300w, https:\/\/www.radiopiu.net\/wordpress\/wp-content\/uploads\/2022\/07\/Schermata-2022-07-16-alle-09.38.03-1024x663.png 1024w, https:\/\/www.radiopiu.net\/wordpress\/wp-content\/uploads\/2022\/07\/Schermata-2022-07-16-alle-09.38.03-768x497.png 768w, https:\/\/www.radiopiu.net\/wordpress\/wp-content\/uploads\/2022\/07\/Schermata-2022-07-16-alle-09.38.03.png 1106w\" alt=\"\" width=\"300\" height=\"194\" \/><\/a>L\u2019aumento dei prestiti alle imprese si \u00e8 esaurito; crollo a Belluno<\/strong><br \/>\nCome riportato dalla Banca d\u2019Italia, dopo la forte espansione verificatasi nel 2020, l\u2019anno scorso la crescita dei prestiti totali erogati dalle banche e dalle societ\u00e0 finanziarie alle imprese venete ha subito una decisa frenata (+0,7 per cento). Va segnalata, in particolar modo, la situazione registrata in provincia Belluno: nell\u2019ultimo anno la contrazione \u00e8 stata dell\u20198 per cento che, in termini assoluti, si \u00e8 tradotta in una riduzione pari a 143 milioni di euro (vedi Tab. 3). La decelerazione avvenuta a livello regionale \u00e8 ascrivibile al fatto che la domanda ha subito una forte diminuzione; infatti, dopo il forte aumento verificatosi nel 2020, grazie alle misure anti crisi messe in campo dall\u2019allora Governo Conte, successivamente la richiesta di credito da parte degli imprenditori \u00e8 scemata. Indirettamente, questi dati ci confermano quello che temevamo; le difficolt\u00e0 economiche emerse in questi ultimi sei mesi stanno colpendo soprattutto i pi\u00f9 piccoli e per le banche \u00e8 meglio non rischiare nell\u2019aiutare chi si trova in difficolt\u00e0. Una strategia che rischia di \u201cspingere\u201d involontariamente molti imprenditori verso le organizzazioni malavitose che, soprattutto nei momenti difficili, hanno invece la necessit\u00e0 di reinvestire i denari provenienti da attivit\u00e0 criminali nell\u2019economia lecita.<\/p>\n<p>&nbsp;<\/p>\n<p>&nbsp;<\/p>\n<p>\u200b<\/p>\n<hr \/>\n<p>&nbsp;<\/p>\n<blockquote>\n<h3>NEL CONSIGLIO COMUNALE DI RIVAMONTE GLI EQUILIBRI DI BILANCIO<\/h3>\n<\/blockquote>\n<p><strong>RIVAMONTE\u00a0<\/strong> Il sindaco Giovanni Nino Deon ha convocato il consiglio comunale per mercoledi 20 luglio alle 18.30. All&#8217;ordine del giorno la variazione di assestamento di bilancio e l&#8217;approvazione della modifica allo statuto dell&#8217;Azienda Speciale Consortile Agordina (Asca).<\/p>\n<p>&nbsp;<\/p>\n<p>&nbsp;<\/p>\n<hr \/>\n<p>&nbsp;<\/p>\n<blockquote>\n<h3>CICLINVALLE 2022, DA AGORDO ALLA VALLE DI SAN LUCANO: IL RITORNO DOMENICA 24 LUGLIO<\/h3>\n<\/blockquote>\n<p class=\"Nessunaspaziatura\" style=\"text-align: justify; line-height: 115%;\"><span lang=\"IT\" style=\"font-size: 12.0pt; line-height: 115%;\"><strong><a class=\"dt-pswp-item\" href=\"https:\/\/www.radiopiu.net\/wordpress\/wp-content\/uploads\/2021\/06\/cicli-8.jpg\" data-dt-img-description=\"\" data-large_image_width=\"1280\" data-large_image_height=\"960\"><img loading=\"lazy\" decoding=\"async\" class=\"size-thumbnail wp-image-215029 alignleft\" src=\"https:\/\/www.radiopiu.net\/wordpress\/wp-content\/uploads\/2021\/06\/cicli-8-150x150.jpg\" alt=\"\" width=\"150\" height=\"150\" \/><\/a>AGORDO<\/strong> Anticipata di un mese rispetto alla data tradizionale ritorna la 28\u00b0 corsa ciclistica non competitiva di 10 km denominata \u201cCiclinvalle\u201d. <\/span><span style=\"font-size: 12pt;\">Appuntamento domenica 24 luglio 2022 con raduno dei partecipanti alle 9.45 presso il piazzale Peppino Impastato (Parcheggio Tamonich) e successiva sfilata fino alla sede di partenza ufficiale delle ore 10.00 in localit\u00e0 Valcozzena. <\/span><span lang=\"IT\" style=\"font-size: 12.0pt; line-height: 115%;\">La pedalata non competitiva si svilupper\u00e0 dal comune di Agordo raggiungendo la localit\u00e0 Col di Pr\u00e0 in comune di Taibon Agordino percorrendo la spettacolare Valle di San Lucano. <\/span><span lang=\"IT\" style=\"font-size: 12.0pt; line-height: 115%;\">Dalle 12.00 la Pro Loco di Taibon Agordino organizzer\u00e0 un pasta party presso la Chiesetta di San Lucano, sulla strada di ritorno verso Agordo. <\/span><span lang=\"IT\" style=\"font-size: 12.0pt; line-height: 115%;\">Alle 14.00, nella stessa localit\u00e0, ci sar\u00e0 la consegna dei riconoscimenti e l\u2019estrazione dei premi della lotteria. <\/span><span lang=\"IT\" style=\"font-size: 12.0pt; line-height: 115%;\">La manifestazione \u00e8 organizzata dalla ASD Attivamente Scuola e Sport per sostenere Unicef, fondazione Onlus che si occupa di assistenza umanitaria per i bambini e le loro madri in tutto il mondo.\u00a0<\/span><span lang=\"IT\" style=\"font-size: 12.0pt; line-height: 115%;\">Le iscrizioni si possono perfezionare sabato 23 luglio presso la Piscina Comprensoriale di Agordo dalle 16.00 alle 19.00 e domenica 24 luglio presso la Scuola Primaria di Agordo dalle 8.30 alle 9.30.<\/span><\/p>\n<p>&nbsp;<\/p>\n<p>&nbsp;<\/p>\n<hr \/>\n<p>&nbsp;<\/p>\n<blockquote>\n<h3>EL CANAL DE AGORT<\/h3>\n<\/blockquote>\n<p><strong>AGORDO<\/strong> Presso il museo in via 5 maggio ad Agordo si pu\u00f2 visitare la mostra &#8220;El Canal De Agort&#8221; storia ed archeologia da San Gottardo alla Conca Agordina. La mostra \u00e8 visitabile dal gioved\u00ec alla domenica dalle 9:30 alle 12:30 e dalle16 alle 19 fino al 4 settembre.<\/p>\n<p>&nbsp;<\/p>\n<p>&nbsp;<\/p>\n<hr \/>\n<p>&nbsp;<\/p>\n<blockquote>\n<h3>LA MOSTRA DI ALBINO MEZZACASA A CENCENIGHE<\/h3>\n<\/blockquote>\n<p><strong>CENCENIGHE<\/strong> Sar\u00e0 visitabile dal 23 luglio e fino al 14 agosto la mostra di scultura di Albino Mezzacasa presso il Nof Fil\u00f2 di Cencenighe. Gli orari delle visite: nei giorni feriali dalle 17:30 alle 21, sabato e domenica dalle 10 alle 12 e dalle 17:30 alle 21.<\/p>\n<p>&nbsp;<\/p>\n<p>&nbsp;<\/p>\n<hr \/>\n<p>&nbsp;<\/p>\n<blockquote>\n<h3>DALLA CARTA AL LEGNO DI BRUNO DE PELLEGRIN<br \/>\nDal 23 luglio al 25 settembre a Fusine, dalle 15 alle 19 con ingresso libero, chiuso il lunedi<\/h3>\n<\/blockquote>\n<p><strong>VAL DI ZOLDO<\/strong>\u00a0 \u00a0<span dir=\"ltr\" role=\"presentation\">Dipinti e disegni di una ventina di autori di fama internazionale<\/span><span dir=\"ltr\" role=\"presentation\"> costituiscono i \u201ccartoni\u201d di <\/span><span dir=\"ltr\" role=\"presentation\">altrettante tarsie realizzate dal poliedrico artista zoldano recentemente <\/span><span dir=\"ltr\" role=\"presentation\">scomparso e saranno esposti da luglio a settembre nella sala polifunzionale di <\/span><span dir=\"ltr\" role=\"presentation\">Fusine di Val di Zoldo. <\/span><span dir=\"ltr\" role=\"presentation\">La mostra sar\u00e0 inoltre completata da una ricostruzione del suo <\/span><span dir=\"ltr\" role=\"presentation\">studio, dove sar\u00e0 possibile assistere a varie fasi di realizzazione di una tarsia. <\/span><span dir=\"ltr\" role=\"presentation\">La mostra \u00e8 stata ideata e organizzata dall\u2019associazione Mont de Vie in <\/span><span dir=\"ltr\" role=\"presentation\">collaborazione con la famiglia di Bruno e con i Comuni di Val di Zoldo e Zopp\u00e8 di <\/span><span dir=\"ltr\" role=\"presentation\">Cadore.\u00a0\u00a0<\/span><\/p>\n<p>&nbsp;<\/p>\n<p>&nbsp;<\/p>\n<hr \/>\n<p>&nbsp;<\/p>\n<blockquote>\n<h3>SABATO AL VIA MEL&#8217;IMMAGINO<\/h3>\n<\/blockquote>\n<p><strong><a class=\"dt-pswp-item\" href=\"https:\/\/www.radiopiu.net\/wordpress\/wp-content\/uploads\/2022\/07\/Riccardo-Mazzoli-Il-salto-con-lhastagh-per-MelImmagino-2022.jpeg\" data-dt-img-description=\"\" data-large_image_width=\"1600\" data-large_image_height=\"1600\"><img loading=\"lazy\" decoding=\"async\" class=\"size-thumbnail wp-image-287430 alignleft\" src=\"https:\/\/www.radiopiu.net\/wordpress\/wp-content\/uploads\/2022\/07\/Riccardo-Mazzoli-Il-salto-con-lhastagh-per-MelImmagino-2022-150x150.jpeg\" alt=\"\" width=\"150\" height=\"150\" srcset=\"https:\/\/www.radiopiu.net\/wordpress\/wp-content\/uploads\/2022\/07\/Riccardo-Mazzoli-Il-salto-con-lhastagh-per-MelImmagino-2022-150x150.jpeg 150w, https:\/\/www.radiopiu.net\/wordpress\/wp-content\/uploads\/2022\/07\/Riccardo-Mazzoli-Il-salto-con-lhastagh-per-MelImmagino-2022-300x300.jpeg 300w, https:\/\/www.radiopiu.net\/wordpress\/wp-content\/uploads\/2022\/07\/Riccardo-Mazzoli-Il-salto-con-lhastagh-per-MelImmagino-2022-1024x1024.jpeg 1024w, https:\/\/www.radiopiu.net\/wordpress\/wp-content\/uploads\/2022\/07\/Riccardo-Mazzoli-Il-salto-con-lhastagh-per-MelImmagino-2022-768x768.jpeg 768w, https:\/\/www.radiopiu.net\/wordpress\/wp-content\/uploads\/2022\/07\/Riccardo-Mazzoli-Il-salto-con-lhastagh-per-MelImmagino-2022-1536x1536.jpeg 1536w, https:\/\/www.radiopiu.net\/wordpress\/wp-content\/uploads\/2022\/07\/Riccardo-Mazzoli-Il-salto-con-lhastagh-per-MelImmagino-2022.jpeg 1600w\" sizes=\"auto, (max-width: 150px) 100vw, 150px\" \/><\/a>BORGO VALBELLUNA <\/strong>Sabato 23 luglio apre i battenti la nona edizione di Mel\u2019Immagino, il Festival dell\u2019illustrazione che come ogni anno si terr\u00e0 all\u2019Aplegallery di Claudio Rossi a Mel (Borgo Valbelluna) in via Tempietto n.15. La rassegna, con le opere dei maestri dell\u2019illustrazione e di alcuni artisti locali, rimarr\u00e0 aperta nei giorni di sabato e domenica dalle ore 16:00 alle 19:00 fino a settembre. L\u2019iniziativa \u00e8 promossa dall\u2019Associazione Vivamelio, con ingresso libero. Il brindisi d\u2019inaugurazione avr\u00e0 luogo sabato 23 luglio alle ore 18:00, tempo permettendo. Il tema di quest\u2019anno sono le \u201cStrambolimpiadi\u201d che vedremo rappresentate nella fantasia e nella creativit\u00e0 delle 23 opere esposte realizzate dai 21 illustratori che hanno aderito all\u2019invito della coordinatrice della manifestazione Rosy Tes\u00e8.<\/p>\n<p>&nbsp;<\/p>\n<p>&nbsp;<\/p>\n<p>&nbsp;<\/p>\n<p>&nbsp;<\/p>\n<hr \/>\n<p>&nbsp;<\/p>\n<blockquote>\n<h3>MONTE GRAPPA DA SCOPRIRE. L\u2019AMBIENTE LA NATURA E GLI ITINERARI DA RISPETTARE!<\/h3>\n<\/blockquote>\n<div dir=\"auto\" role=\"none\"><strong>di RENATO BONA<\/strong><\/div>\n<div dir=\"auto\" role=\"none\"><\/div>\n<div dir=\"auto\" role=\"none\"><\/div>\n<div class=\"hzawbc8m ii04i59q jq4qci2q g9io39s2 oo9gr5id\" dir=\"auto\" role=\"none\"><span class=\"tojvnm2t a6sixzi8 abs2jz4q a8s20v7p t1p8iaqh k5wvi7nf q3lfd5jv pk4s997a bipmatt0 cebpdrjk qowsmv63 owwhemhu dp1hu0rb dhp61c6y iyyx5f41\"><img decoding=\"async\" class=\"k4urcfbm bixrwtb6 datstx6m q9uorilb alignleft\" src=\"https:\/\/scontent-mxp2-1.xx.fbcdn.net\/v\/t1.18169-1\/553085_385905871470280_1626001170_n.jpg?stp=c25.0.100.100a_dst-jpg_p100x100&amp;_nc_cat=110&amp;ccb=1-7&amp;_nc_sid=7206a8&amp;_nc_ohc=7AMCuJP89_gAX8LldAR&amp;_nc_ad=z-m&amp;_nc_cid=0&amp;_nc_ht=scontent-mxp2-1.xx&amp;oh=00_AT8f-hkB9-2jLdWMWEnaLcJjBpN960ZaQE3s3D1x7DmvFA&amp;oe=62FA2ABB\" alt=\"Renatobruno Bona\" \/><\/span>Sul massiccio statua bronzea della Madonna, benedetta nel 1901, e un bronzo di Augusto Murer del 1974 La Comunit\u00e0 montana del Grappa (comuni di Borso del Grappa, Crespano del Grappa, Paderno del Grappa, Possagno, Cavaso del Tomba, Pederobba) ha realizzato con la Edizioni Acelum di Asolo nel novembre del 1989 (Tipografia Asolana) ed il contributo della Regione Veneto, la guida \u201cMonte Grappa da scoprire. Ambiente, natura, itinerari\u201d con l\u2019intento &#8211; come scriveva l\u2019allora presidente dell\u2019ente, prof. Sebastiano Bresolin &#8211; di \u201csuscitare curiosit\u00e0 nel lettore che, se preso dalla passione per i monti e per le loro bellezze, potr\u00e0 recarsi direttamente tra le alte vette per gustare appieno delle loro meraviglie, senza dimenticare che vi \u00e8 la possibilit\u00e0 di una pi\u00f9 completa informazione su testi specifici\u201d e concludeva: \u201cIl Monte Grappa \u00e8 vicino e nulla impedisce di percorrerlo; per i suoi valori storici ed ambientali \u00e8 doveroso conoscerlo e rispettarlo\u201d. La pubblicazione, che \u00e8 stata curata da: Aurelio Tomasi, Luigi Zancanaro, Giuseppe Zalunardo, Marcello Cavarzan, Michele Bortignon (autore anche delle foto), si articola in sei capitoli: \u201cGli avvenimenti bellici\u201d, \u201cL\u2019ambiente fisico\u201d, \u201cAspetti vegetazionali e floro-faunistici\u201d, \u201cGli itinerari\u201d, \u201cCenni di agriturismo\u201d . Nel primo si rievoca la prima guerra mondiale che dopo la rotta di Caporetto vide una riorganizzazione delle forze italiane che, superando gravi difficolt\u00e0 conseguenti a carenza di armi, dotazioni, rifornimenti di ogni genere, vide i nostri soldati \u201cdare prova di autentico eroismo: per tenere testa ad un nemico assai pi\u00f9 forte per organici e mezzi bellici, i reparti avanzati si aggrapparono disperatamente a linee difensive del tutto improvvisate, con duri combattimenti dall\u2019Astico al Piave che nel giro di un anno registrarono: la battaglia \u201cdi arresto\u201d 10 novembre-21 dicembre 1917; la \u201cbattaglia del solstizio 15 giugno-6 luglio 1918; quella di Vittorio Veneto 24 ottobre-14 novembre1918, conclusasi con la vittoria italiana. Testimonianze eloquenti di quegli eventi &#8211; si legge &#8211; sono la zona monumentale di Cima Grappa, a quota 1776, che nel Sacrario realizzato nel 1935 custodisce i resti di 12 mila 615 soldati italiani (di cui 10 mila 332 sconosciuti) oltre a 10 mila 295 austro-ungarici. Nel cimitero anche la statua bronzea della Madonna, benedetta nel 1901 dal cardinale Sarto divenuto papa San Pio X. E la galleria Vittorio Emanuele III, opera straordinaria di ingegneria militare: 5 chilometri di cunicoli realizzati come moderno strumento di guerra, un\u2019impressionante fortificazione polifunzionale sotterranea\u201d. Il Grappa assistette ad un altro tragico evento bellico: il rastrellamento nazifascista del settembre 1944 contro le forze della Resistenza. Dopo l\u20198 settembre, molti giovani avevano formato proprio sul Grappa nuclei e brigate partigiane, sulla cima il comando unico. Contro questi partigiani, male armati ed equipaggiati, il 20 settembre 1944 si scaten\u00f2 la rappresaglia, una tragedia vissuta da tutta la popolazione con fucilazioni, impiccagioni e deportazioni. La lotta per\u00f2 continu\u00f2 fino alla Liberazione: era il 25 aprile 1945. Per ricordare i sacrifici della Resistenza, poco sotto Cima Grappa \u00e8 stata collocata un\u2019opera monumentale dove spicca un bronzo del grande scultore bellunese di Falcade, Augusto Murer. L\u2019opera venne inaugurata il 29 settembre 1974. Detto che la guida, molto interessante, sarebbe da proporre integralmente, dobbiamo qui, per evidenti ragioni di spazio contenere il nostro entusiasmo e dunque ci limitiamo ad elencare gli itinerari che sono proposti: gli escursionistici: Cima Grappa (5 ore), Monte Colombera (5,30), Meatte (6,30), I Solaroli (5), Col Fenilon (5,30), Col dei Prai (4,30), Val Sassum\u00e0 (5,30),sentiero natura don Paolo Chiavacci (2,30), l\u2019Anello del versante sud (tre giorni); per mountain-bike e sci-escursionismo: Attorno alla Cima (3 ore), In Val delle Mure (2), Gli Asoloni (3,30), I Colli Alti (3); le vie ferrate: Ferrata dei Sass Brusai (3 ore e 30), Il percorso attrezzato Carlo Guzzella (4); le palestre di roccia: la prima, la pi\u00f9 grandiosa \u00e8 a Cismon del Grappa nella Valsugana: una serie di ripide pareti quasi a picco sulla strada, tutte molto difficili ed anche di una certa lunghezza; la seconda in Valle di Santa Felicita in comune di Romano d\u00ec\u2019Ezzelino, forse la pi\u00f9 famosa e certamente la pi\u00f9 vecchia con vie di tutti i tipi e difficolt\u00e0; vi si trova anche una ferrata particolarmente utile per l\u2019allenamento e addestramenti; infine la palestra di Schievenin nel comune bellunese di Quero; la pi\u00f9 recente ma forse la pi\u00f9 bella per lo scenario naturale in cui si trova, con vie di tutti i tipi e di tutte le difficolt\u00e0. E concludiamo con l\u2019 agriturismo che \u201c\u00e8 l\u2019attivit\u00e0 che mira a conciliare l\u2019agricoltura con il turismo, valorizzando ove \u00e8 possibile elementi culturali e ambientali, favorendo i rapporti tra mondo rurale e le altre realt\u00e0 sociali. Il capitolo spiega fra l\u2019altro che \u201cla realt\u00e0 pi\u00f9 importante dal punto di vista culturale ed economico del massiccio \u00e8 la malga, azienda agricola montana ricca di storia che ancora oggi \u00e8 chiamata a svolgere un ruolo essenziale di tutela ambientale, di razionale utilizzo del territorio. Per secoli la malga ha risposto all\u2019esigenza rilevante dell\u2019agricoltore locale, montanaro con scarse risorse di terreni e foraggio, di risparmiare fieno di fondovalle, razionarlo adeguatamente e accumularlo per i lunghi mesi invernali permettendo un carico di bestiame maggiore nella stalla familiare. E la malga mantiene inalterata la struttura, l\u2019organizzazione, il calendario, la vita risponde da secoli a un rito quasi sacrale; vita non certo comoda, con un ritmo di lavoro ben scandito e ordinato. Gli edifici sono caratteristici e rispondono alle esigenze lavorative\u2026 con il latte che acquista sapore e qualit\u00e0 dalle erbe stentate ma di pregio che il pascolo offre\u201d.<\/div>\n<div dir=\"auto\" role=\"none\"><\/div>\n<div dir=\"auto\" role=\"none\">\n\n\t\t\t<style type='text\/css'>\n\t\t\t\t#gallery-6 {\n\t\t\t\t\tmargin: auto;\n\t\t\t\t}\n\t\t\t\t#gallery-6 .gallery-item {\n\t\t\t\t\tfloat: left;\n\t\t\t\t\tmargin-top: 10px;\n\t\t\t\t\ttext-align: center;\n\t\t\t\t\twidth: 20%;\n\t\t\t\t}\n\t\t\t\t#gallery-6 img {\n\t\t\t\t\tborder: 2px solid #cfcfcf;\n\t\t\t\t}\n\t\t\t\t#gallery-6 .gallery-caption {\n\t\t\t\t\tmargin-left: 0;\n\t\t\t\t}\n\t\t\t\t\/* see gallery_shortcode() in wp-includes\/media.php *\/\n\t\t\t<\/style>\n\t\t<div id='gallery-6' class='dt-gallery-container gallery galleryid-287416 gallery-columns-5 gallery-size-thumbnail'><dl class='gallery-item'>\n\t\t\t\t<dt class='gallery-icon portrait'>\n\t\t\t\t\t<a class=\"rollover rollover-zoom dt-pswp-item\" title=\"293808523_409489951210890_8006635852925317394_n\" data-dt-img-description=\"\" data-large_image_width=\"149\" data-large_image_height=\"206\"href='https:\/\/www.radiopiu.net\/wordpress\/wp-content\/uploads\/2022\/07\/293808523_409489951210890_8006635852925317394_n.jpg'><img loading=\"lazy\" decoding=\"async\" width=\"149\" height=\"150\" src=\"https:\/\/www.radiopiu.net\/wordpress\/wp-content\/uploads\/2022\/07\/293808523_409489951210890_8006635852925317394_n-149x150.jpg\" class=\"attachment-thumbnail size-thumbnail\" alt=\"\" \/><\/a>\n\t\t\t\t<\/dt><\/dl><dl class='gallery-item'>\n\t\t\t\t<dt class='gallery-icon landscape'>\n\t\t\t\t\t<a class=\"rollover rollover-zoom dt-pswp-item\" title=\"293616713_748960786439398_8073415883999128571_n\" data-dt-img-description=\"\" data-large_image_width=\"335\" data-large_image_height=\"206\"href='https:\/\/www.radiopiu.net\/wordpress\/wp-content\/uploads\/2022\/07\/293616713_748960786439398_8073415883999128571_n.jpg'><img loading=\"lazy\" decoding=\"async\" width=\"150\" height=\"150\" src=\"https:\/\/www.radiopiu.net\/wordpress\/wp-content\/uploads\/2022\/07\/293616713_748960786439398_8073415883999128571_n-150x150.jpg\" class=\"attachment-thumbnail size-thumbnail\" alt=\"\" \/><\/a>\n\t\t\t\t<\/dt><\/dl><dl class='gallery-item'>\n\t\t\t\t<dt class='gallery-icon portrait'>\n\t\t\t\t\t<a class=\"rollover rollover-zoom dt-pswp-item\" title=\"291421555_324827486528048_7583640856293861904_n\" data-dt-img-description=\"\" data-large_image_width=\"149\" data-large_image_height=\"206\"href='https:\/\/www.radiopiu.net\/wordpress\/wp-content\/uploads\/2022\/07\/291421555_324827486528048_7583640856293861904_n.jpg'><img loading=\"lazy\" decoding=\"async\" width=\"149\" height=\"150\" src=\"https:\/\/www.radiopiu.net\/wordpress\/wp-content\/uploads\/2022\/07\/291421555_324827486528048_7583640856293861904_n-149x150.jpg\" class=\"attachment-thumbnail size-thumbnail\" alt=\"\" \/><\/a>\n\t\t\t\t<\/dt><\/dl><dl class='gallery-item'>\n\t\t\t\t<dt class='gallery-icon landscape'>\n\t\t\t\t\t<a class=\"rollover rollover-zoom dt-pswp-item\" title=\"291494009_772496970772720_2101300834300002532_n\" data-dt-img-description=\"\" data-large_image_width=\"296\" data-large_image_height=\"202\"href='https:\/\/www.radiopiu.net\/wordpress\/wp-content\/uploads\/2022\/07\/291494009_772496970772720_2101300834300002532_n.jpg'><img loading=\"lazy\" decoding=\"async\" width=\"150\" height=\"150\" src=\"https:\/\/www.radiopiu.net\/wordpress\/wp-content\/uploads\/2022\/07\/291494009_772496970772720_2101300834300002532_n-150x150.jpg\" class=\"attachment-thumbnail size-thumbnail\" alt=\"\" \/><\/a>\n\t\t\t\t<\/dt><\/dl><dl class='gallery-item'>\n\t\t\t\t<dt class='gallery-icon portrait'>\n\t\t\t\t\t<a class=\"rollover rollover-zoom dt-pswp-item\" title=\"293589486_724951162143466_3593318045098610074_n\" data-dt-img-description=\"\" data-large_image_width=\"151\" data-large_image_height=\"206\"href='https:\/\/www.radiopiu.net\/wordpress\/wp-content\/uploads\/2022\/07\/293589486_724951162143466_3593318045098610074_n.jpg'><img loading=\"lazy\" decoding=\"async\" width=\"150\" height=\"150\" src=\"https:\/\/www.radiopiu.net\/wordpress\/wp-content\/uploads\/2022\/07\/293589486_724951162143466_3593318045098610074_n-150x150.jpg\" class=\"attachment-thumbnail size-thumbnail\" alt=\"\" \/><\/a>\n\t\t\t\t<\/dt><\/dl><br style=\"clear: both\" \/><dl class='gallery-item'>\n\t\t\t\t<dt class='gallery-icon portrait'>\n\t\t\t\t\t<a class=\"rollover rollover-zoom dt-pswp-item\" title=\"293627019_791218198562227_7168910769602053152_n\" data-dt-img-description=\"\" data-large_image_width=\"150\" data-large_image_height=\"206\"href='https:\/\/www.radiopiu.net\/wordpress\/wp-content\/uploads\/2022\/07\/293627019_791218198562227_7168910769602053152_n.jpg'><img loading=\"lazy\" decoding=\"async\" width=\"150\" height=\"150\" src=\"https:\/\/www.radiopiu.net\/wordpress\/wp-content\/uploads\/2022\/07\/293627019_791218198562227_7168910769602053152_n-150x150.jpg\" class=\"attachment-thumbnail size-thumbnail\" alt=\"\" \/><\/a>\n\t\t\t\t<\/dt><\/dl><dl class='gallery-item'>\n\t\t\t\t<dt class='gallery-icon landscape'>\n\t\t\t\t\t<a class=\"rollover rollover-zoom dt-pswp-item\" title=\"293217776_360883039532454_8375170066704503546_n\" data-dt-img-description=\"\" data-large_image_width=\"279\" data-large_image_height=\"206\"href='https:\/\/www.radiopiu.net\/wordpress\/wp-content\/uploads\/2022\/07\/293217776_360883039532454_8375170066704503546_n.jpg'><img loading=\"lazy\" decoding=\"async\" width=\"150\" height=\"150\" src=\"https:\/\/www.radiopiu.net\/wordpress\/wp-content\/uploads\/2022\/07\/293217776_360883039532454_8375170066704503546_n-150x150.jpg\" class=\"attachment-thumbnail size-thumbnail\" alt=\"\" \/><\/a>\n\t\t\t\t<\/dt><\/dl><dl class='gallery-item'>\n\t\t\t\t<dt class='gallery-icon landscape'>\n\t\t\t\t\t<a class=\"rollover rollover-zoom dt-pswp-item\" title=\"291958181_1122862134961692_6966289544822062134_n\" data-dt-img-description=\"\" data-large_image_width=\"313\" data-large_image_height=\"206\"href='https:\/\/www.radiopiu.net\/wordpress\/wp-content\/uploads\/2022\/07\/291958181_1122862134961692_6966289544822062134_n.jpg'><img loading=\"lazy\" decoding=\"async\" width=\"150\" height=\"150\" src=\"https:\/\/www.radiopiu.net\/wordpress\/wp-content\/uploads\/2022\/07\/291958181_1122862134961692_6966289544822062134_n-150x150.jpg\" class=\"attachment-thumbnail size-thumbnail\" alt=\"\" \/><\/a>\n\t\t\t\t<\/dt><\/dl><dl class='gallery-item'>\n\t\t\t\t<dt class='gallery-icon landscape'>\n\t\t\t\t\t<a class=\"rollover rollover-zoom dt-pswp-item\" title=\"293198450_1095055377759783_5446307730004014315_n\" data-dt-img-description=\"\" data-large_image_width=\"350\" data-large_image_height=\"205\"href='https:\/\/www.radiopiu.net\/wordpress\/wp-content\/uploads\/2022\/07\/293198450_1095055377759783_5446307730004014315_n.jpg'><img loading=\"lazy\" decoding=\"async\" width=\"150\" height=\"150\" src=\"https:\/\/www.radiopiu.net\/wordpress\/wp-content\/uploads\/2022\/07\/293198450_1095055377759783_5446307730004014315_n-150x150.jpg\" class=\"attachment-thumbnail size-thumbnail\" alt=\"\" \/><\/a>\n\t\t\t\t<\/dt><\/dl><dl class='gallery-item'>\n\t\t\t\t<dt class='gallery-icon portrait'>\n\t\t\t\t\t<a class=\"rollover rollover-zoom dt-pswp-item\" title=\"292256570_362769345826906_4679549344526861772_n\" data-dt-img-description=\"\" data-large_image_width=\"156\" data-large_image_height=\"206\"href='https:\/\/www.radiopiu.net\/wordpress\/wp-content\/uploads\/2022\/07\/292256570_362769345826906_4679549344526861772_n.jpg'><img loading=\"lazy\" decoding=\"async\" width=\"150\" height=\"150\" src=\"https:\/\/www.radiopiu.net\/wordpress\/wp-content\/uploads\/2022\/07\/292256570_362769345826906_4679549344526861772_n-150x150.jpg\" class=\"attachment-thumbnail size-thumbnail\" alt=\"\" \/><\/a>\n\t\t\t\t<\/dt><\/dl><br style=\"clear: both\" \/><dl class='gallery-item'>\n\t\t\t\t<dt class='gallery-icon landscape'>\n\t\t\t\t\t<a class=\"rollover rollover-zoom dt-pswp-item\" title=\"292778808_1167802140617052_1201962656138859827_n\" data-dt-img-description=\"\" data-large_image_width=\"320\" data-large_image_height=\"206\"href='https:\/\/www.radiopiu.net\/wordpress\/wp-content\/uploads\/2022\/07\/292778808_1167802140617052_1201962656138859827_n.jpg'><img loading=\"lazy\" decoding=\"async\" width=\"150\" height=\"150\" src=\"https:\/\/www.radiopiu.net\/wordpress\/wp-content\/uploads\/2022\/07\/292778808_1167802140617052_1201962656138859827_n-150x150.jpg\" class=\"attachment-thumbnail size-thumbnail\" alt=\"\" \/><\/a>\n\t\t\t\t<\/dt><\/dl><dl class='gallery-item'>\n\t\t\t\t<dt class='gallery-icon landscape'>\n\t\t\t\t\t<a class=\"rollover rollover-zoom dt-pswp-item\" title=\"293686256_762079188164473_2206372345688799096_n\" data-dt-img-description=\"\" data-large_image_width=\"335\" data-large_image_height=\"206\"href='https:\/\/www.radiopiu.net\/wordpress\/wp-content\/uploads\/2022\/07\/293686256_762079188164473_2206372345688799096_n.jpg'><img loading=\"lazy\" decoding=\"async\" width=\"150\" height=\"150\" src=\"https:\/\/www.radiopiu.net\/wordpress\/wp-content\/uploads\/2022\/07\/293686256_762079188164473_2206372345688799096_n-150x150.jpg\" class=\"attachment-thumbnail size-thumbnail\" alt=\"\" \/><\/a>\n\t\t\t\t<\/dt><\/dl><dl class='gallery-item'>\n\t\t\t\t<dt class='gallery-icon landscape'>\n\t\t\t\t\t<a class=\"rollover rollover-zoom dt-pswp-item\" title=\"293063071_754225752389218_7244243763807507393_n\" data-dt-img-description=\"\" data-large_image_width=\"315\" data-large_image_height=\"206\"href='https:\/\/www.radiopiu.net\/wordpress\/wp-content\/uploads\/2022\/07\/293063071_754225752389218_7244243763807507393_n.jpg'><img loading=\"lazy\" decoding=\"async\" width=\"150\" height=\"150\" src=\"https:\/\/www.radiopiu.net\/wordpress\/wp-content\/uploads\/2022\/07\/293063071_754225752389218_7244243763807507393_n-150x150.jpg\" class=\"attachment-thumbnail size-thumbnail\" alt=\"\" \/><\/a>\n\t\t\t\t<\/dt><\/dl><dl class='gallery-item'>\n\t\t\t\t<dt class='gallery-icon landscape'>\n\t\t\t\t\t<a class=\"rollover rollover-zoom dt-pswp-item\" title=\"293304446_3177727385890285_4884854676845015618_n\" data-dt-img-description=\"\" data-large_image_width=\"336\" data-large_image_height=\"206\"href='https:\/\/www.radiopiu.net\/wordpress\/wp-content\/uploads\/2022\/07\/293304446_3177727385890285_4884854676845015618_n.jpg'><img loading=\"lazy\" decoding=\"async\" width=\"150\" height=\"150\" src=\"https:\/\/www.radiopiu.net\/wordpress\/wp-content\/uploads\/2022\/07\/293304446_3177727385890285_4884854676845015618_n-150x150.jpg\" class=\"attachment-thumbnail size-thumbnail\" alt=\"\" \/><\/a>\n\t\t\t\t<\/dt><\/dl><dl class='gallery-item'>\n\t\t\t\t<dt class='gallery-icon portrait'>\n\t\t\t\t\t<a class=\"rollover rollover-zoom dt-pswp-item\" title=\"292330111_357861859826748_4467712413614886733_n\" data-dt-img-description=\"\" data-large_image_width=\"154\" data-large_image_height=\"206\"href='https:\/\/www.radiopiu.net\/wordpress\/wp-content\/uploads\/2022\/07\/292330111_357861859826748_4467712413614886733_n.jpg'><img loading=\"lazy\" decoding=\"async\" width=\"150\" height=\"150\" src=\"https:\/\/www.radiopiu.net\/wordpress\/wp-content\/uploads\/2022\/07\/292330111_357861859826748_4467712413614886733_n-150x150.jpg\" class=\"attachment-thumbnail size-thumbnail\" alt=\"\" \/><\/a>\n\t\t\t\t<\/dt><\/dl><br style=\"clear: both\" \/>\n\t\t\t<\/div>\n\n<\/div>\n<div dir=\"auto\" role=\"none\"><\/div>\n<p class=\"hzawbc8m ii04i59q jq4qci2q g9io39s2 oo9gr5id\" dir=\"auto\" role=\"none\">NELLE FOTO (riproduzioni dal libro-guida \u201cMonte Grappa da scoprire\u201d): la copertina della pubblicazione; l\u2019ossario di Cima Grappa; l\u2019opera di Augusto Murer (a proposito del quale ci piace ricordare che numerose, qualificate immagini che riguardano il maestro falcadino sono state realizzate dal suo amico Elio Aric\u00f2); in volo verso il piano; un caratteristico sentiero; esemplare di Lilium bulbiferum; la Parnassius apollo; l\u2019alta Val delle Mure; galleria di guerra; il ponte della ferrata dei Sass Brusai; sulla mulattiera d\u2019arroccamento delle Meatte; malga con copertura \u201ca fojaroi\u201d; nocciolo in fioritura; Pian de la bala; malga\u201dArches\u00e9t\u201d.<\/p>\n<p>&nbsp;<\/p>\n<hr \/>\n<p>&nbsp;<\/p>\n<h2><span style=\"color: #008080;\">&#8220;DINTORN E FORA VIA&#8221; A CURA DEL MUSLA, IL NUOVO PROGRAMMA\u00a0 \u00a0<\/span><\/h2>\n<p><strong>LA RACCOLTA COMPLETA<\/strong><\/p>\n<blockquote class=\"wp-embedded-content\" data-secret=\"XM0ankKCFJ\"><p><a href=\"https:\/\/www.radiopiu.net\/wordpress\/musla\/\">MUSLA<\/a><\/p><\/blockquote>\n<p><iframe loading=\"lazy\" class=\"wp-embedded-content\" sandbox=\"allow-scripts\" security=\"restricted\" style=\"position: absolute; clip: rect(1px, 1px, 1px, 1px);\" title=\"&#8220;MUSLA&#8221; &#8212; Radio Pi\u00f9\" src=\"https:\/\/www.radiopiu.net\/wordpress\/musla\/embed\/#?secret=VKKtVxFw9O#?secret=XM0ankKCFJ\" data-secret=\"XM0ankKCFJ\" width=\"600\" height=\"338\" frameborder=\"0\" marginwidth=\"0\" marginheight=\"0\" scrolling=\"no\"><\/iframe><\/p>\n<h3><\/h3>\n<p>&nbsp;<\/p>\n<p>&nbsp;<\/p>\n<hr \/>\n<p>&nbsp;<\/p>\n<p>&nbsp;<\/p>\n<h1><span style=\"color: #ff0000;\">IERI ALLA RADIO<\/span><\/h1>\n<h2><strong><a class=\"dt-pswp-item\" href=\"https:\/\/www.radiopiu.net\/wordpress\/wp-content\/uploads\/2020\/12\/DON-GIORGIO-LISE.jpg\" data-dt-img-description=\"\" data-large_image_width=\"1600\" data-large_image_height=\"901\"><img loading=\"lazy\" decoding=\"async\" class=\"size-thumbnail wp-image-177420 alignleft\" src=\"https:\/\/www.radiopiu.net\/wordpress\/wp-content\/uploads\/2020\/12\/DON-GIORGIO-LISE-150x150.jpg\" alt=\"\" width=\"150\" height=\"150\" \/><\/a><span style=\"color: #808000;\">DUE MINUTI PER TE<\/span><\/strong><\/h2>\n<p><strong>APPUNTAMENTO DELLA DOMENICA CON MONSIGNOR GIORGIO LISE<\/strong><\/p>\n<audio class=\"wp-audio-shortcode\" id=\"audio-287416-2\" preload=\"none\" style=\"width: 100%;\" controls=\"controls\"><source type=\"audio\/mpeg\" src=\"https:\/\/www.radiopiu.net\/wordpress\/wp-content\/uploads\/2022\/07\/DON-GIORGIO-2.mp3?_=2\" \/><a href=\"https:\/\/www.radiopiu.net\/wordpress\/wp-content\/uploads\/2022\/07\/DON-GIORGIO-2.mp3\">https:\/\/www.radiopiu.net\/wordpress\/wp-content\/uploads\/2022\/07\/DON-GIORGIO-2.mp3<\/a><\/audio>\n<p>&nbsp;<\/p>\n<p>&nbsp;<\/p>\n<blockquote>\n<h3><a class=\"dt-pswp-item\" href=\"https:\/\/www.radiopiu.net\/wordpress\/wp-content\/uploads\/2022\/07\/fonda.jpg\" data-dt-img-description=\"\" data-large_image_width=\"560\" data-large_image_height=\"369\"><img loading=\"lazy\" decoding=\"async\" class=\"size-thumbnail wp-image-286801 alignleft\" src=\"https:\/\/www.radiopiu.net\/wordpress\/wp-content\/uploads\/2022\/07\/fonda-150x150.jpg\" alt=\"\" width=\"150\" height=\"150\" \/><\/a>LA VISITA DEL CARDINALE PAROLIN, IL PROGRAMMA<\/h3>\n<\/blockquote>\n<p>&nbsp;<\/p>\n<p><strong>CANALE D&#8217;AGORDO<\/strong> La Fondazione Papa Luciani ha ufficializzato il programma in occasione della visita del Cardinale Pietro Parolin, Segretario di Sua Santit\u00e0 Papa Francesco a Canale d&#8217;Agordo, giovedi 21 luglio.<\/p>\n<p>Alle 10 a fare gli onori di casa il\u00a0 sindaco Flavio Colcergnan e l&#8217;amministratore parrocchiale Don Matteo Colle, alle\u00a0 10.30 la Visita alla Casa Natale di Papa Luciani<\/p>\n<p>Per maggiori informazioni: FONDAZIONE PAPA LUCIANI\u00a0 www.musal.it\u00a0 \u00a0 info@fondazionepapaluciani.com<\/p>\n<p>&nbsp;<\/p>\n<p>&nbsp;<\/p>\n<p>&nbsp;<\/p>\n<hr \/>\n<p>&nbsp;<\/p>\n<div>\n<div class=\"b654a4as d2edcug0\">\n<div class=\"rq0escxv hkbzh7o3 jwdofwj8 n8tt0mok r8blr3vg hyh9befq\">\n<p><a class=\"dt-pswp-item\" href=\"https:\/\/www.radiopiu.net\/wordpress\/wp-content\/uploads\/2020\/10\/pp.jpg\" data-dt-img-description=\"\" data-large_image_width=\"640\" data-large_image_height=\"640\"><img loading=\"lazy\" decoding=\"async\" class=\"wp-image-163678 alignleft\" src=\"https:\/\/www.radiopiu.net\/wordpress\/wp-content\/uploads\/2020\/10\/pp-300x300.jpg\" alt=\"\" width=\"106\" height=\"106\" srcset=\"https:\/\/www.radiopiu.net\/wordpress\/wp-content\/uploads\/2020\/10\/pp-300x300.jpg 300w, https:\/\/www.radiopiu.net\/wordpress\/wp-content\/uploads\/2020\/10\/pp-150x150.jpg 150w, https:\/\/www.radiopiu.net\/wordpress\/wp-content\/uploads\/2020\/10\/pp-125x125.jpg 125w, https:\/\/www.radiopiu.net\/wordpress\/wp-content\/uploads\/2020\/10\/pp-200x200.jpg 200w, https:\/\/www.radiopiu.net\/wordpress\/wp-content\/uploads\/2020\/10\/pp-80x80.jpg 80w, https:\/\/www.radiopiu.net\/wordpress\/wp-content\/uploads\/2020\/10\/pp-480x480.jpg 480w, https:\/\/www.radiopiu.net\/wordpress\/wp-content\/uploads\/2020\/10\/pp.jpg 640w\" sizes=\"auto, (max-width: 106px) 100vw, 106px\" \/><\/a><\/p>\n<\/div>\n<\/div>\n<\/div>\n<div>\n<div class=\"page-title-head hgroup\">\n<div class=\"page-title-head hgroup\">\n<div class=\"b654a4as d2edcug0\">\n<div class=\"j83agx80 btwxx1t3 lhclo0ds hop8lmos nkwizq5d scwd0bx6 roh60bw9\">\n<div class=\"rq0escxv hkbzh7o3 jwdofwj8 n8tt0mok r8blr3vg hyh9befq\">\n<div class=\"do00u71z l9j0dhe7 k4urcfbm\">\n<h2><span style=\"color: #000080;\">DON CESARE, IL PENSIERO DEL GIORNO. ALLA RADIO ALLE 7 DEL MATTINO E ALLE 19.30 DELLA SERA.\u00a0<\/span><\/h2>\n<audio class=\"wp-audio-shortcode\" id=\"audio-287416-3\" preload=\"none\" style=\"width: 100%;\" controls=\"controls\"><source type=\"audio\/mpeg\" src=\"https:\/\/www.radiopiu.net\/wordpress\/wp-content\/uploads\/2022\/07\/CESARE-9.mp3?_=3\" \/><a href=\"https:\/\/www.radiopiu.net\/wordpress\/wp-content\/uploads\/2022\/07\/CESARE-9.mp3\">https:\/\/www.radiopiu.net\/wordpress\/wp-content\/uploads\/2022\/07\/CESARE-9.mp3<\/a><\/audio>\n<p>&nbsp;<\/p>\n<p>&nbsp;<\/p>\n<\/div>\n<\/div>\n<\/div>\n<\/div>\n<\/div>\n<\/div>\n<\/div>\n<hr \/>\n<p>&nbsp;<\/p>\n<div class=\"do00u71z l9j0dhe7 k4urcfbm\">\n<div class=\"page-title-head hgroup\">\n<div class=\"page-title-head hgroup\">\n<div class=\"b654a4as d2edcug0\">\n<div class=\"j83agx80 btwxx1t3 lhclo0ds hop8lmos nkwizq5d scwd0bx6 roh60bw9\">\n<div class=\"rq0escxv hkbzh7o3 jwdofwj8 n8tt0mok r8blr3vg hyh9befq\">\n<div class=\"do00u71z l9j0dhe7 k4urcfbm\">\n<div class=\"page-title-head hgroup\">\n<div class=\"page-title-head hgroup\">\n<div class=\"b654a4as d2edcug0\">\n<div class=\"j83agx80 btwxx1t3 lhclo0ds hop8lmos nkwizq5d scwd0bx6 roh60bw9\">\n<div class=\"rq0escxv hkbzh7o3 jwdofwj8 n8tt0mok r8blr3vg hyh9befq\">\n<div class=\"do00u71z l9j0dhe7 k4urcfbm\">\n<div class=\"ecm0bbzt e5nlhep0 a8c37x1j\">\n<div class=\"kvgmc6g5 cxmmr5t8 oygrvhab hcukyx3x c1et5uql\">\n<div class=\"gmail-kvgmc6g5 gmail-cxmmr5t8 gmail-oygrvhab gmail-hcukyx3x gmail-c1et5uql gmail-ii04i59q\">\n<div class=\"page-title-head hgroup\">\n<div class=\"page-title-head hgroup\">\n<div class=\"b654a4as d2edcug0\">\n<div class=\"j83agx80 btwxx1t3 lhclo0ds hop8lmos nkwizq5d scwd0bx6 roh60bw9\">\n<div class=\"rq0escxv hkbzh7o3 jwdofwj8 n8tt0mok r8blr3vg hyh9befq\">\n<div class=\"do00u71z l9j0dhe7 k4urcfbm\">\n<div class=\"page-title-head hgroup\">\n<div class=\"page-title-head hgroup\">\n<div class=\"b654a4as d2edcug0\">\n<div class=\"j83agx80 btwxx1t3 lhclo0ds hop8lmos nkwizq5d scwd0bx6 roh60bw9\">\n<div class=\"rq0escxv hkbzh7o3 jwdofwj8 n8tt0mok r8blr3vg hyh9befq\">\n<div class=\"do00u71z l9j0dhe7 k4urcfbm\">\n<div class=\"page-title-head hgroup\">\n<div class=\"page-title-head hgroup\">\n<div class=\"b654a4as d2edcug0\">\n<div class=\"j83agx80 btwxx1t3 lhclo0ds hop8lmos nkwizq5d scwd0bx6 roh60bw9\">\n<div class=\"rq0escxv hkbzh7o3 jwdofwj8 n8tt0mok r8blr3vg hyh9befq\">\n<div class=\"do00u71z l9j0dhe7 k4urcfbm\">\n<div class=\"ecm0bbzt e5nlhep0 a8c37x1j\">\n<div class=\"kvgmc6g5 cxmmr5t8 oygrvhab hcukyx3x c1et5uql\">\n<div class=\"gmail-kvgmc6g5 gmail-cxmmr5t8 gmail-oygrvhab gmail-hcukyx3x gmail-c1et5uql gmail-ii04i59q\">\n<div class=\"page-title-head hgroup\">\n<div class=\"page-title-head hgroup\">\n<div class=\"b654a4as d2edcug0\">\n<div class=\"j83agx80 btwxx1t3 lhclo0ds hop8lmos nkwizq5d scwd0bx6 roh60bw9\">\n<div class=\"rq0escxv hkbzh7o3 jwdofwj8 n8tt0mok r8blr3vg hyh9befq\">\n<div class=\"do00u71z l9j0dhe7 k4urcfbm\">\n<blockquote>\n<h3><span style=\"color: #ff0000;\">IN VIVO VERSO,\u00a0 RIASCOLTIAMOLE DAL LUNEDI AL VENERDI ALLE 7.10, 10.10, 18 50<\/span><\/h3>\n<\/blockquote>\n<p><strong>LA RACCOLTA COMPLETA<\/strong><\/p>\n<p>&nbsp;<\/p>\n<blockquote class=\"wp-embedded-content\" data-secret=\"M8sR8mXEfx\"><p><a href=\"https:\/\/www.radiopiu.net\/wordpress\/in-vivo-verso\/\">In Vivo Verso<\/a><\/p><\/blockquote>\n<p><iframe loading=\"lazy\" class=\"wp-embedded-content\" sandbox=\"allow-scripts\" security=\"restricted\" style=\"position: absolute; clip: rect(1px, 1px, 1px, 1px);\" title=\"&#8220;In Vivo Verso&#8221; &#8212; Radio Pi\u00f9\" src=\"https:\/\/www.radiopiu.net\/wordpress\/in-vivo-verso\/embed\/#?secret=F4xx2UwzK2#?secret=M8sR8mXEfx\" data-secret=\"M8sR8mXEfx\" width=\"600\" height=\"338\" frameborder=\"0\" marginwidth=\"0\" marginheight=\"0\" scrolling=\"no\"><\/iframe><\/p>\n<p>&nbsp;<\/p>\n<p>&nbsp;<\/p>\n<hr \/>\n<p>&nbsp;<\/p>\n<p><span style=\"color: #0000ff;\">MUSICA PIU&#8217;\u00a0<\/span><\/p>\n<p><a href=\"https:\/\/www.radiopiu.net\/wordpress\/giornale-radiopiu-20-settembre-2021-direttore-mirko-mezzacasa\/pp-79\/\" rel=\"attachment wp-att-232921\"><img loading=\"lazy\" decoding=\"async\" class=\"wp-image-232921 alignleft\" src=\"https:\/\/www.radiopiu.net\/wordpress\/wp-content\/uploads\/2021\/09\/pp-1-300x300.jpg\" alt=\"\" width=\"135\" height=\"135\" srcset=\"https:\/\/www.radiopiu.net\/wordpress\/wp-content\/uploads\/2021\/09\/pp-1-300x300.jpg 300w, https:\/\/www.radiopiu.net\/wordpress\/wp-content\/uploads\/2021\/09\/pp-1-150x150.jpg 150w, https:\/\/www.radiopiu.net\/wordpress\/wp-content\/uploads\/2021\/09\/pp-1.jpg 640w\" sizes=\"auto, (max-width: 135px) 100vw, 135px\" \/><\/a><\/p>\n<div class=\"mkdf-post-text\">\n<div class=\"mkdf-post-text-inner\">\n<div class=\"mkdf-post-text-main\">\n<div class=\"mkdf-post-text\">\n<div class=\"mkdf-post-text-inner\">\n<div class=\"mkdf-post-text-main\">\n<div class=\"mkdf-post-text\">\n<div class=\"mkdf-post-text-inner\">\n<div class=\"mkdf-post-text-main\">\n<div class=\"page-title-head hgroup\">\n<div class=\"page-title-head hgroup\">\n<div class=\"mkdf-post-text\">\n<div class=\"mkdf-post-text-inner\">\n<div class=\"mkdf-post-text-main\">\n<div class=\"mkdf-post-text\">\n<div class=\"mkdf-post-text-inner\">\n<div class=\"mkdf-post-text-main\">\n<div class=\"page-title-head hgroup\">\n<div class=\"page-title-head hgroup\">\n<div class=\"page-title-head hgroup\">\n<div class=\"page-title-head hgroup\">\n<div class=\"b654a4as d2edcug0\">\n<div class=\"page-title-head hgroup\">\n<div class=\"page-title-head hgroup\">\n<div class=\"page-title-head hgroup\">\n<div class=\"page-title-head hgroup\">\n<div class=\"b654a4as d2edcug0\">\n<div class=\"page-title-head hgroup\">\n<div class=\"page-title-head hgroup\">\n<div class=\"page-title-head hgroup\">\n<div class=\"page-title-head hgroup\">\n<div class=\"b654a4as d2edcug0\">\n<div class=\"mkdf-post-text\">\n<div class=\"mkdf-post-text-inner\">\n<div class=\"mkdf-post-text-main\">\n<div class=\"mkdf-post-text\">\n<div class=\"mkdf-post-text-inner\">\n<div class=\"mkdf-post-text-main\">\n<div class=\"mkdf-post-text\">\n<div class=\"mkdf-post-text-inner\">\n<div class=\"mkdf-post-text-main\">\n<div class=\"page-title-head hgroup\">\n<div class=\"page-title-head hgroup\">\n<div class=\"mkdf-post-text\">\n<div class=\"mkdf-post-text-inner\">\n<div class=\"mkdf-post-text-main\">\n<div class=\"mkdf-post-text\">\n<div class=\"mkdf-post-text-inner\">\n<div class=\"mkdf-post-text-main\">\n<div class=\"page-title-head hgroup\">\n<div class=\"page-title-head hgroup\">\n<div class=\"page-title-head hgroup\">\n<div class=\"page-title-head hgroup\">\n<div class=\"b654a4as d2edcug0\">\n<div class=\"page-title-head hgroup\">\n<div class=\"page-title-head hgroup\">\n<div class=\"page-title-head hgroup\">\n<div class=\"page-title-head hgroup\">\n<div class=\"b654a4as d2edcug0\">\n<div class=\"page-title-head hgroup\">\n<div class=\"page-title-head hgroup\">\n<div class=\"page-title-head hgroup\">\n<div class=\"page-title-head hgroup\">\n<div class=\"b654a4as d2edcug0\">\n<div><\/div>\n<div><\/div>\n<div>\n<p><strong>MUSICA ALLA RADIO, IL PROGRAMMA DI LORIS SCUSSEL &#8220;COLLAGE OPERAZIONE NOSTALGIA&#8221; DAL LUNEDI AL VENERDI ALLE 16.00\u00a0 E ALLE 23\u00a0<\/strong><\/p>\n<\/div>\n<\/div>\n<p>&nbsp;<\/p>\n<p>&nbsp;<\/p>\n<p><strong><a class=\"dt-pswp-item\" href=\"https:\/\/www.radiopiu.net\/wordpress\/wp-content\/uploads\/2022\/07\/Patty-Pravo.jpg\" data-dt-img-description=\"\" data-large_image_width=\"282\" data-large_image_height=\"179\"><img loading=\"lazy\" decoding=\"async\" class=\"alignleft wp-image-287486 \" src=\"https:\/\/www.radiopiu.net\/wordpress\/wp-content\/uploads\/2022\/07\/Patty-Pravo.jpg\" alt=\"\" width=\"206\" height=\"131\" \/><\/a>di Loris Scussel<\/strong><\/p>\n<p>Sar\u00e0 una selezione di brani pi\u00f9 o meno famosi a caratterizzare la nuova settimana di Collage Operazione Nostalgia, partiremo da \u201cTu sei tu sei tu\u201d di Eric Charden poi i Deep Purple di \u201cHush\u201d, Salvatore Adamo con \u201cLa Notte\u201d, la bionda Sylvie Vartan di \u201cIrresistibilmente\u201d, i Los Bravos di \u201cBlack is black\u201d, la nostra Patty Pravo di \u201cSentimento\u201d e tanti altri in una carrellata di proposte tutte da ascoltare. Collage va in onda dal luned\u00ec al venerd\u00ec alle 16,00 e alle 23,00 naturalmente su Radio Pi\u00f9.<\/p>\n<div class=\"b654a4as d2edcug0\"><\/div>\n<\/div>\n<\/div>\n<\/div>\n<\/div>\n<\/div>\n<\/div>\n<\/div>\n<\/div>\n<\/div>\n<\/div>\n<\/div>\n<\/div>\n<\/div>\n<\/div>\n<\/div>\n<\/div>\n<\/div>\n<\/div>\n<\/div>\n<\/div>\n<\/div>\n<\/div>\n<\/div>\n<\/div>\n<\/div>\n<\/div>\n<\/div>\n<\/div>\n<\/div>\n<\/div>\n<\/div>\n<\/div>\n<\/div>\n<\/div>\n<\/div>\n<\/div>\n<\/div>\n<\/div>\n<\/div>\n<\/div>\n<\/div>\n<\/div>\n<\/div>\n<\/div>\n<\/div>\n<\/div>\n<\/div>\n<\/div>\n<\/div>\n<\/div>\n<\/div>\n<\/div>\n<\/div>\n<\/div>\n<\/div>\n<\/div>\n<\/div>\n<\/div>\n<\/div>\n<\/div>\n<\/div>\n<\/div>\n<\/div>\n<div>\n<div class=\"page-title-head hgroup\">\n<div class=\"page-title-head hgroup\">\n<div class=\"page-title-head hgroup\">\n<div class=\"page-title-head hgroup\">\n<div class=\"b654a4as d2edcug0\">\n<div class=\"page-title-head hgroup\">\n<div class=\"page-title-head hgroup\">\n<div class=\"page-title-head hgroup\">\n<div class=\"page-title-head hgroup\">\n<div class=\"b654a4as d2edcug0\">\n<div class=\"page-title-head hgroup\">\n<div class=\"page-title-head hgroup\">\n<div class=\"page-title-head hgroup\">\n<div class=\"page-title-head hgroup\">\n<div class=\"page-title-head hgroup\">\n<div class=\"page-title-head hgroup\">\n<div class=\"page-title-head hgroup\">\n<div class=\"page-title-head hgroup\">\n<div class=\"page-title-head hgroup\">\n<div class=\"b654a4as d2edcug0\">\n<div class=\"page-title-head hgroup\">\n<div class=\"page-title-head hgroup\">\n<div class=\"page-title-head hgroup\">\n<div class=\"page-title-head hgroup\">\n<div class=\"b654a4as d2edcug0\">\n<div class=\"page-title-head hgroup\">\n<div class=\"page-title-head hgroup\">\n<div class=\"page-title-head hgroup\">\n<div class=\"page-title-head hgroup\">\n<div class=\"page-title-head hgroup\">\n<div class=\"mkdf-post-text\">\n<div class=\"mkdf-post-text-inner\">\n<div class=\"mkdf-post-text-main\">\n<div class=\"mkdf-post-text\">\n<div class=\"mkdf-post-text-inner\">\n<div class=\"mkdf-post-text-main\">\n<div class=\"mkdf-post-text\">\n<div class=\"mkdf-post-text-inner\">\n<div class=\"mkdf-post-text-main\">\n<div class=\"page-title-head hgroup\">\n<div class=\"page-title-head hgroup\">\n<div class=\"mkdf-post-text\">\n<div class=\"mkdf-post-text-inner\">\n<div class=\"mkdf-post-text-main\">\n<div class=\"mkdf-post-text\">\n<div class=\"mkdf-post-text-inner\">\n<div class=\"mkdf-post-text-main\">\n<div class=\"page-title-head hgroup\">\n<div class=\"page-title-head hgroup\">\n<div class=\"page-title-head hgroup\">\n<div class=\"page-title-head hgroup\">\n<div class=\"b654a4as d2edcug0\">\n<div class=\"page-title-head hgroup\">\n<div class=\"page-title-head hgroup\">\n<div class=\"page-title-head hgroup\">\n<div class=\"page-title-head hgroup\">\n<div class=\"b654a4as d2edcug0\">\n<div class=\"page-title-head hgroup\">\n<div class=\"page-title-head hgroup\">\n<div class=\"page-title-head hgroup\">\n<div>\n<div class=\"page-title-head hgroup\">\n<div class=\"page-title-head hgroup\">\n<div class=\"b654a4as d2edcug0\">\n<div class=\"j83agx80 btwxx1t3 lhclo0ds hop8lmos nkwizq5d scwd0bx6 roh60bw9\">\n<div class=\"rq0escxv hkbzh7o3 jwdofwj8 n8tt0mok r8blr3vg hyh9befq\">\n<div class=\"do00u71z l9j0dhe7 k4urcfbm\">\n<div class=\"page-title-head hgroup\">\n<div class=\"page-title-head hgroup\">\n<div class=\"b654a4as d2edcug0\">\n<div class=\"j83agx80 btwxx1t3 lhclo0ds hop8lmos nkwizq5d scwd0bx6 roh60bw9\">\n<div class=\"rq0escxv hkbzh7o3 jwdofwj8 n8tt0mok r8blr3vg hyh9befq\">\n<div class=\"do00u71z l9j0dhe7 k4urcfbm\">\n<div class=\"ecm0bbzt e5nlhep0 a8c37x1j\">\n<div class=\"kvgmc6g5 cxmmr5t8 oygrvhab hcukyx3x c1et5uql\">\n<div class=\"gmail-kvgmc6g5 gmail-cxmmr5t8 gmail-oygrvhab gmail-hcukyx3x gmail-c1et5uql gmail-ii04i59q\">\n<div class=\"page-title-head hgroup\">\n<div class=\"page-title-head hgroup\">\n<div class=\"b654a4as d2edcug0\">\n<div class=\"j83agx80 btwxx1t3 lhclo0ds hop8lmos nkwizq5d scwd0bx6 roh60bw9\">\n<div class=\"rq0escxv hkbzh7o3 jwdofwj8 n8tt0mok r8blr3vg hyh9befq\">\n<div class=\"do00u71z l9j0dhe7 k4urcfbm\">\n<div class=\"page-title-head hgroup\">\n<div class=\"page-title-head hgroup\">\n<div class=\"b654a4as d2edcug0\">\n<div class=\"j83agx80 btwxx1t3 lhclo0ds hop8lmos nkwizq5d scwd0bx6 roh60bw9\">\n<div class=\"rq0escxv hkbzh7o3 jwdofwj8 n8tt0mok r8blr3vg hyh9befq\">\n<div class=\"do00u71z l9j0dhe7 k4urcfbm\">\n<div class=\"page-title-head hgroup\">\n<div class=\"page-title-head hgroup\">\n<div class=\"b654a4as d2edcug0\">\n<div class=\"j83agx80 btwxx1t3 lhclo0ds hop8lmos nkwizq5d scwd0bx6 roh60bw9\">\n<div class=\"rq0escxv hkbzh7o3 jwdofwj8 n8tt0mok r8blr3vg hyh9befq\">\n<div class=\"do00u71z l9j0dhe7 k4urcfbm\">\n<div class=\"ecm0bbzt e5nlhep0 a8c37x1j\">\n<div class=\"kvgmc6g5 cxmmr5t8 oygrvhab hcukyx3x c1et5uql\">\n<div class=\"gmail-kvgmc6g5 gmail-cxmmr5t8 gmail-oygrvhab gmail-hcukyx3x gmail-c1et5uql gmail-ii04i59q\">\n<div class=\"page-title-head hgroup\">\n<div class=\"page-title-head hgroup\">\n<div class=\"b654a4as d2edcug0\">\n<div class=\"j83agx80 btwxx1t3 lhclo0ds hop8lmos nkwizq5d scwd0bx6 roh60bw9\">\n<div class=\"rq0escxv hkbzh7o3 jwdofwj8 n8tt0mok r8blr3vg hyh9befq\">\n<div class=\"do00u71z l9j0dhe7 k4urcfbm\">\n<div class=\"page-title-head hgroup\">\n<div class=\"page-title-head hgroup\">\n<div class=\"page-title-head hgroup\">\n<div class=\"page-title-head hgroup\">\n<div class=\"b654a4as d2edcug0\">\n<div class=\"page-title-head hgroup\">\n<div class=\"page-title-head hgroup\">\n<div class=\"page-title-head hgroup\">\n<div class=\"page-title-head hgroup\">\n<div class=\"b654a4as d2edcug0\">\n<div class=\"page-title-head hgroup\">\n<div class=\"page-title-head hgroup\">\n<div class=\"page-title-head hgroup\">\n<div class=\"page-title-head hgroup\">\n<div class=\"page-title-head hgroup\">\n<div class=\"page-title-head hgroup\">\n<div class=\"page-title-head hgroup\">\n<div class=\"page-title-head hgroup\">\n<div class=\"page-title-head hgroup\">\n<div class=\"b654a4as d2edcug0\">\n<div class=\"page-title-head hgroup\">\n<div class=\"page-title-head hgroup\">\n<div class=\"page-title-head hgroup\">\n<div class=\"page-title-head hgroup\">\n<div class=\"b654a4as d2edcug0\">\n<div class=\"page-title-head hgroup\">\n<div class=\"page-title-head hgroup\">\n<div class=\"page-title-head hgroup\">\n<div class=\"page-title-head hgroup\">\n<div class=\"page-title-head hgroup\">\n<div class=\"mkdf-post-text\">\n<div class=\"mkdf-post-text-inner\">\n<div class=\"mkdf-post-text-main\">\n<div class=\"mkdf-post-text\">\n<div class=\"mkdf-post-text-inner\">\n<div class=\"mkdf-post-text-main\">\n<div class=\"mkdf-post-text\">\n<div class=\"mkdf-post-text-inner\">\n<div class=\"mkdf-post-text-main\">\n<div class=\"page-title-head hgroup\">\n<div class=\"page-title-head hgroup\">\n<div class=\"mkdf-post-text\">\n<div class=\"mkdf-post-text-inner\">\n<div class=\"mkdf-post-text-main\">\n<div class=\"mkdf-post-text\">\n<div class=\"mkdf-post-text-inner\">\n<div class=\"mkdf-post-text-main\">\n<div class=\"page-title-head hgroup\">\n<div class=\"page-title-head hgroup\">\n<div class=\"page-title-head hgroup\">\n<div class=\"page-title-head hgroup\">\n<div class=\"b654a4as d2edcug0\">\n<div class=\"page-title-head hgroup\">\n<div class=\"page-title-head hgroup\">\n<div class=\"page-title-head hgroup\">\n<div class=\"page-title-head hgroup\">\n<div class=\"b654a4as d2edcug0\">\n<div class=\"page-title-head hgroup\">\n<div class=\"page-title-head hgroup\">\n<div class=\"page-title-head hgroup\">\n<div class=\"page-title-head hgroup\">\n<div class=\"b654a4as d2edcug0\">\n<div class=\"ecm0bbzt e5nlhep0 a8c37x1j\">\n<div class=\"kvgmc6g5 cxmmr5t8 oygrvhab hcukyx3x c1et5uql\">\n<div class=\"gmail-kvgmc6g5 gmail-cxmmr5t8 gmail-oygrvhab gmail-hcukyx3x gmail-c1et5uql gmail-ii04i59q\">\n<div class=\"page-title-head hgroup\">\n<div class=\"page-title-head hgroup\">\n<div class=\"b654a4as d2edcug0\">\n<div class=\"j83agx80 btwxx1t3 lhclo0ds hop8lmos nkwizq5d scwd0bx6 roh60bw9\">\n<div class=\"rq0escxv hkbzh7o3 jwdofwj8 n8tt0mok r8blr3vg hyh9befq\">\n<div class=\"do00u71z l9j0dhe7 k4urcfbm\">\n<div class=\"page-title-head hgroup\">\n<div class=\"page-title-head hgroup\">\n<div class=\"page-title-head hgroup\">\n<div class=\"page-title-head hgroup\">\n<div class=\"b654a4as d2edcug0\">\n<div class=\"page-title-head hgroup\">\n<div class=\"page-title-head hgroup\">\n<div class=\"page-title-head hgroup\">\n<div class=\"page-title-head hgroup\">\n<div class=\"b654a4as d2edcug0\">\n<div class=\"page-title-head hgroup\">\n<div class=\"page-title-head hgroup\">\n<div class=\"page-title-head hgroup\">\n<div class=\"page-title-head hgroup\">\n<div class=\"page-title-head hgroup\">\n<div class=\"page-title-head hgroup\">\n<div class=\"page-title-head hgroup\">\n<div class=\"page-title-head hgroup\">\n<div class=\"page-title-head hgroup\">\n<div class=\"b654a4as d2edcug0\">\n<div class=\"page-title-head hgroup\">\n<div class=\"page-title-head hgroup\">\n<div class=\"page-title-head hgroup\">\n<div class=\"page-title-head hgroup\">\n<div class=\"b654a4as d2edcug0\">\n<div class=\"page-title-head hgroup\">\n<div class=\"page-title-head hgroup\">\n<div class=\"page-title-head hgroup\">\n<div class=\"page-title-head hgroup\">\n<div class=\"page-title-head hgroup\">\n<div class=\"mkdf-post-text\">\n<div class=\"mkdf-post-text-inner\">\n<div class=\"mkdf-post-text-main\">\n<div class=\"mkdf-post-text\">\n<div class=\"mkdf-post-text-inner\">\n<div class=\"mkdf-post-text-main\">\n<div class=\"mkdf-post-text\">\n<div class=\"mkdf-post-text-inner\">\n<div class=\"mkdf-post-text-main\">\n<div class=\"page-title-head hgroup\">\n<div class=\"page-title-head hgroup\">\n<div class=\"mkdf-post-text\">\n<div class=\"mkdf-post-text-inner\">\n<div class=\"mkdf-post-text-main\">\n<div class=\"mkdf-post-text\">\n<div class=\"mkdf-post-text-inner\">\n<div class=\"mkdf-post-text-main\">\n<div class=\"page-title-head hgroup\">\n<div class=\"page-title-head hgroup\">\n<div class=\"page-title-head hgroup\">\n<div class=\"page-title-head hgroup\">\n<div class=\"b654a4as d2edcug0\">\n<div class=\"page-title-head hgroup\">\n<div class=\"page-title-head hgroup\">\n<div class=\"page-title-head hgroup\">\n<div class=\"page-title-head hgroup\">\n<div class=\"b654a4as d2edcug0\">\n<div class=\"page-title-head hgroup\">\n<div class=\"page-title-head hgroup\">\n<div class=\"page-title-head hgroup\">\n<div class=\"page-title-head hgroup\">\n<div class=\"b654a4as d2edcug0\">\n<div class=\"mkdf-post-text\">\n<div class=\"mkdf-post-text-inner\">\n<div class=\"mkdf-post-text-main\">\n<div class=\"mkdf-post-text\">\n<div class=\"mkdf-post-text-inner\">\n<div class=\"mkdf-post-text-main\">\n<div class=\"mkdf-post-text\">\n<div class=\"mkdf-post-text-inner\">\n<div class=\"mkdf-post-text-main\">\n<div class=\"page-title-head hgroup\">\n<div class=\"page-title-head hgroup\">\n<div class=\"mkdf-post-text\">\n<div class=\"mkdf-post-text-inner\">\n<div class=\"mkdf-post-text-main\">\n<div class=\"mkdf-post-text\">\n<div class=\"mkdf-post-text-inner\">\n<div class=\"mkdf-post-text-main\">\n<div class=\"page-title-head hgroup\">\n<div class=\"page-title-head hgroup\">\n<div class=\"page-title-head hgroup\">\n<div class=\"page-title-head hgroup\">\n<div class=\"b654a4as d2edcug0\">\n<div class=\"page-title-head hgroup\">\n<div class=\"page-title-head hgroup\">\n<div class=\"page-title-head hgroup\">\n<div class=\"page-title-head hgroup\">\n<div class=\"b654a4as d2edcug0\">\n<div class=\"page-title-head hgroup\">\n<div class=\"page-title-head hgroup\">\n<div class=\"page-title-head hgroup\">\n<div class=\"page-title-head hgroup\">\n<div class=\"b654a4as d2edcug0\">\n<hr \/>\n<p>&nbsp;<\/p>\n<div>\n<div class=\"page-title-head hgroup\">\n<div class=\"page-title-head hgroup\">\n<div class=\"b654a4as d2edcug0\">\n<div class=\"j83agx80 btwxx1t3 lhclo0ds hop8lmos nkwizq5d scwd0bx6 roh60bw9\">\n<div class=\"rq0escxv hkbzh7o3 jwdofwj8 n8tt0mok r8blr3vg hyh9befq\">\n<div class=\"do00u71z l9j0dhe7 k4urcfbm\">\n<div class=\"page-title-head hgroup\">\n<div class=\"page-title-head hgroup\">\n<div class=\"b654a4as d2edcug0\">\n<div class=\"j83agx80 btwxx1t3 lhclo0ds hop8lmos nkwizq5d scwd0bx6 roh60bw9\">\n<div class=\"rq0escxv hkbzh7o3 jwdofwj8 n8tt0mok r8blr3vg hyh9befq\">\n<div class=\"do00u71z l9j0dhe7 k4urcfbm\">\n<div class=\"ecm0bbzt e5nlhep0 a8c37x1j\">\n<div class=\"kvgmc6g5 cxmmr5t8 oygrvhab hcukyx3x c1et5uql\">\n<div class=\"gmail-kvgmc6g5 gmail-cxmmr5t8 gmail-oygrvhab gmail-hcukyx3x gmail-c1et5uql gmail-ii04i59q\">\n<div class=\"page-title-head hgroup\">\n<div class=\"page-title-head hgroup\">\n<div class=\"b654a4as d2edcug0\">\n<div class=\"j83agx80 btwxx1t3 lhclo0ds hop8lmos nkwizq5d scwd0bx6 roh60bw9\">\n<div class=\"rq0escxv hkbzh7o3 jwdofwj8 n8tt0mok r8blr3vg hyh9befq\">\n<div class=\"do00u71z l9j0dhe7 k4urcfbm\">\n<div class=\"page-title-head hgroup\">\n<div class=\"page-title-head hgroup\">\n<div class=\"b654a4as d2edcug0\">\n<div class=\"j83agx80 btwxx1t3 lhclo0ds hop8lmos nkwizq5d scwd0bx6 roh60bw9\">\n<div class=\"rq0escxv hkbzh7o3 jwdofwj8 n8tt0mok r8blr3vg hyh9befq\">\n<div class=\"do00u71z l9j0dhe7 k4urcfbm\">\n<div class=\"page-title-head hgroup\">\n<div class=\"page-title-head hgroup\">\n<div class=\"b654a4as d2edcug0\">\n<div class=\"j83agx80 btwxx1t3 lhclo0ds hop8lmos nkwizq5d scwd0bx6 roh60bw9\">\n<div class=\"rq0escxv hkbzh7o3 jwdofwj8 n8tt0mok r8blr3vg hyh9befq\">\n<div class=\"do00u71z l9j0dhe7 k4urcfbm\">\n<div class=\"ecm0bbzt e5nlhep0 a8c37x1j\">\n<div class=\"kvgmc6g5 cxmmr5t8 oygrvhab hcukyx3x c1et5uql\">\n<div class=\"gmail-kvgmc6g5 gmail-cxmmr5t8 gmail-oygrvhab gmail-hcukyx3x gmail-c1et5uql gmail-ii04i59q\">\n<div class=\"page-title-head hgroup\">\n<div class=\"page-title-head hgroup\">\n<div class=\"b654a4as d2edcug0\">\n<div class=\"j83agx80 btwxx1t3 lhclo0ds hop8lmos nkwizq5d scwd0bx6 roh60bw9\">\n<div class=\"rq0escxv hkbzh7o3 jwdofwj8 n8tt0mok r8blr3vg hyh9befq\">\n<div class=\"do00u71z l9j0dhe7 k4urcfbm\">\n<div class=\"page-title-head hgroup\">\n<div class=\"page-title-head hgroup\">\n<div class=\"page-title-head hgroup\">\n<div class=\"page-title-head hgroup\">\n<div class=\"b654a4as d2edcug0\">\n<div class=\"page-title-head hgroup\">\n<div class=\"page-title-head hgroup\">\n<div class=\"page-title-head hgroup\">\n<div class=\"page-title-head hgroup\">\n<div class=\"b654a4as d2edcug0\">\n<div class=\"page-title-head hgroup\">\n<div class=\"page-title-head hgroup\">\n<div class=\"page-title-head hgroup\">\n<div class=\"page-title-head hgroup\">\n<div class=\"page-title-head hgroup\">\n<div class=\"page-title-head hgroup\">\n<div class=\"page-title-head hgroup\">\n<div class=\"page-title-head hgroup\">\n<div class=\"page-title-head hgroup\">\n<div class=\"b654a4as d2edcug0\">\n<div class=\"page-title-head hgroup\">\n<div class=\"page-title-head hgroup\">\n<div class=\"page-title-head hgroup\">\n<div class=\"page-title-head hgroup\">\n<div class=\"b654a4as d2edcug0\">\n<div class=\"page-title-head hgroup\">\n<div class=\"page-title-head hgroup\">\n<div class=\"page-title-head hgroup\">\n<div class=\"page-title-head hgroup\">\n<div class=\"page-title-head hgroup\">\n<div class=\"mkdf-post-text\">\n<div class=\"mkdf-post-text-inner\">\n<div class=\"mkdf-post-text-main\">\n<div class=\"mkdf-post-text\">\n<div class=\"mkdf-post-text-inner\">\n<div class=\"mkdf-post-text-main\">\n<div class=\"mkdf-post-text\">\n<div class=\"mkdf-post-text-inner\">\n<div class=\"mkdf-post-text-main\">\n<div class=\"page-title-head hgroup\">\n<div class=\"page-title-head hgroup\">\n<div class=\"mkdf-post-text\">\n<div class=\"mkdf-post-text-inner\">\n<div class=\"mkdf-post-text-main\">\n<div class=\"mkdf-post-text\">\n<div class=\"mkdf-post-text-inner\">\n<div class=\"mkdf-post-text-main\">\n<div class=\"page-title-head hgroup\">\n<div class=\"page-title-head hgroup\">\n<div class=\"page-title-head hgroup\">\n<div class=\"page-title-head hgroup\">\n<div class=\"b654a4as d2edcug0\">\n<div class=\"page-title-head hgroup\">\n<div class=\"page-title-head hgroup\">\n<div class=\"page-title-head hgroup\">\n<div class=\"page-title-head hgroup\">\n<div class=\"b654a4as d2edcug0\">\n<div class=\"page-title-head hgroup\">\n<div class=\"page-title-head hgroup\">\n<div class=\"page-title-head hgroup\">\n<div class=\"page-title-head hgroup\">\n<div class=\"b654a4as d2edcug0\">\n<div class=\"ecm0bbzt e5nlhep0 a8c37x1j\">\n<div class=\"kvgmc6g5 cxmmr5t8 oygrvhab hcukyx3x c1et5uql\">\n<div class=\"gmail-kvgmc6g5 gmail-cxmmr5t8 gmail-oygrvhab gmail-hcukyx3x gmail-c1et5uql gmail-ii04i59q\">\n<div class=\"page-title-head hgroup\">\n<div class=\"page-title-head hgroup\">\n<div class=\"b654a4as d2edcug0\">\n<div class=\"j83agx80 btwxx1t3 lhclo0ds hop8lmos nkwizq5d scwd0bx6 roh60bw9\">\n<div class=\"rq0escxv hkbzh7o3 jwdofwj8 n8tt0mok r8blr3vg hyh9befq\">\n<div class=\"do00u71z l9j0dhe7 k4urcfbm\">\n<div class=\"page-title-head hgroup\">\n<div class=\"page-title-head hgroup\">\n<div class=\"page-title-head hgroup\">\n<div class=\"page-title-head hgroup\">\n<div class=\"b654a4as d2edcug0\">\n<div class=\"page-title-head hgroup\">\n<div class=\"page-title-head hgroup\">\n<div class=\"page-title-head hgroup\">\n<div class=\"page-title-head hgroup\">\n<div class=\"b654a4as d2edcug0\">\n<div class=\"page-title-head hgroup\">\n<div class=\"page-title-head hgroup\">\n<div class=\"page-title-head hgroup\">\n<div class=\"page-title-head hgroup\">\n<div class=\"page-title-head hgroup\">\n<div class=\"page-title-head hgroup\">\n<div class=\"page-title-head hgroup\">\n<div class=\"page-title-head hgroup\">\n<div class=\"page-title-head hgroup\">\n<div class=\"b654a4as d2edcug0\">\n<div class=\"page-title-head hgroup\">\n<div class=\"page-title-head hgroup\">\n<div class=\"page-title-head hgroup\">\n<div class=\"page-title-head hgroup\">\n<div class=\"b654a4as d2edcug0\">\n<div class=\"page-title-head hgroup\">\n<div class=\"page-title-head hgroup\">\n<div class=\"page-title-head hgroup\">\n<div class=\"page-title-head hgroup\">\n<div class=\"page-title-head hgroup\">\n<div class=\"mkdf-post-text\">\n<div class=\"mkdf-post-text-inner\">\n<div class=\"mkdf-post-text-main\">\n<div class=\"mkdf-post-text\">\n<div class=\"mkdf-post-text-inner\">\n<div class=\"mkdf-post-text-main\">\n<div class=\"mkdf-post-text\">\n<div class=\"mkdf-post-text-inner\">\n<div class=\"mkdf-post-text-main\">\n<div class=\"page-title-head hgroup\">\n<div class=\"page-title-head hgroup\">\n<div class=\"mkdf-post-text\">\n<div class=\"mkdf-post-text-inner\">\n<div class=\"mkdf-post-text-main\">\n<div class=\"mkdf-post-text\">\n<div class=\"mkdf-post-text-inner\">\n<div class=\"mkdf-post-text-main\">\n<div class=\"page-title-head hgroup\">\n<div class=\"page-title-head hgroup\">\n<div class=\"page-title-head hgroup\">\n<div class=\"page-title-head hgroup\">\n<div class=\"b654a4as d2edcug0\">\n<div class=\"page-title-head hgroup\">\n<div class=\"page-title-head hgroup\">\n<div class=\"page-title-head hgroup\">\n<div class=\"page-title-head hgroup\">\n<div class=\"b654a4as d2edcug0\">\n<div class=\"page-title-head hgroup\">\n<div class=\"page-title-head hgroup\">\n<div class=\"page-title-head hgroup\">\n<div class=\"page-title-head hgroup\">\n<div class=\"b654a4as d2edcug0\">\n<p>&nbsp;<\/p>\n<div>\n<p><strong>DUE MINUTI UN LIBRO, TUTTI I GIORNI ALLA RADIO ALLE 9.40 E ALLE 17.50\u00a0\u00a0<\/strong><\/p>\n<div>\n<p><strong>LA RACCOLTA COMPLETA\u00a0 \u00a0<\/strong><\/p>\n<p>&nbsp;<\/p>\n<blockquote class=\"wp-embedded-content\" data-secret=\"Z0sC1SGf1h\"><p><a href=\"https:\/\/www.radiopiu.net\/wordpress\/due-minuti-un-libro\/\">Due minuti un libro<\/a><\/p><\/blockquote>\n<p><iframe loading=\"lazy\" class=\"wp-embedded-content\" sandbox=\"allow-scripts\" security=\"restricted\" style=\"position: absolute; clip: rect(1px, 1px, 1px, 1px);\" title=\"&#8220;Due minuti un libro&#8221; &#8212; Radio Pi\u00f9\" src=\"https:\/\/www.radiopiu.net\/wordpress\/due-minuti-un-libro\/embed\/#?secret=kpAXzt2hyH#?secret=Z0sC1SGf1h\" data-secret=\"Z0sC1SGf1h\" width=\"600\" height=\"338\" frameborder=\"0\" marginwidth=\"0\" marginheight=\"0\" scrolling=\"no\"><\/iframe><\/p>\n<\/div>\n<\/div>\n<div class=\"mkdf-post-text\">\n<div class=\"mkdf-post-text-inner\">\n<div class=\"mkdf-post-text-main\">\n<div class=\"mkdf-post-text\">\n<div class=\"mkdf-post-text-inner\">\n<div class=\"mkdf-post-text-main\">\n<div class=\"mkdf-post-text\">\n<div class=\"mkdf-post-text-inner\">\n<div class=\"mkdf-post-text-main\">\n<div class=\"page-title-head hgroup\">\n<div class=\"page-title-head hgroup\">\n<div class=\"mkdf-post-text\">\n<div class=\"mkdf-post-text-inner\">\n<div class=\"mkdf-post-text-main\">\n<div class=\"mkdf-post-text\">\n<div class=\"mkdf-post-text-inner\">\n<div class=\"mkdf-post-text-main\">\n<div class=\"page-title-head hgroup\">\n<div class=\"page-title-head hgroup\">\n<div class=\"page-title-head hgroup\">\n<div class=\"page-title-head hgroup\">\n<div class=\"b654a4as d2edcug0\">\n<div class=\"page-title-head hgroup\"><\/div>\n<div><\/div>\n<hr \/>\n<h2><\/h2>\n<h2><span style=\"color: #808000;\">L&#8217;ALMANACCO LADINO\u00a0<\/span><\/h2>\n<p><strong>LA RACCOLTA\u00a0<\/strong><\/p>\n<blockquote class=\"wp-embedded-content\" data-secret=\"nXdDRnww29\"><p><a href=\"https:\/\/www.radiopiu.net\/wordpress\/almanacco-ladino\/\">Almanacco Ladino<\/a><\/p><\/blockquote>\n<p><iframe loading=\"lazy\" class=\"wp-embedded-content\" sandbox=\"allow-scripts\" security=\"restricted\" style=\"position: absolute; clip: rect(1px, 1px, 1px, 1px);\" title=\"&#8220;Almanacco Ladino&#8221; &#8212; Radio Pi\u00f9\" src=\"https:\/\/www.radiopiu.net\/wordpress\/almanacco-ladino\/embed\/#?secret=d7i6TEI5w4#?secret=nXdDRnww29\" data-secret=\"nXdDRnww29\" width=\"600\" height=\"338\" frameborder=\"0\" marginwidth=\"0\" marginheight=\"0\" scrolling=\"no\"><\/iframe><\/p>\n<p>&nbsp;<\/p>\n<hr \/>\n<p>&nbsp;<\/p>\n<h2><span style=\"color: #33cccc;\">LA RASSEGNA STAMPA DA L&#8217;AMICO DEL POPOLO<\/span><\/h2>\n<p><strong>LA RACCOLTA COMPLETA\u00a0<\/strong><\/p>\n<p>&nbsp;<\/p>\n<blockquote class=\"wp-embedded-content\" data-secret=\"AHEefNkKaG\"><p><a href=\"https:\/\/www.radiopiu.net\/wordpress\/rassegna-stampa-di-gianni-santomaso\/\">Rassegna stampa da l&#8217;amico del popolo &#8211; di Gianni Santomaso<\/a><\/p><\/blockquote>\n<p><iframe loading=\"lazy\" class=\"wp-embedded-content\" sandbox=\"allow-scripts\" security=\"restricted\" style=\"position: absolute; clip: rect(1px, 1px, 1px, 1px);\" title=\"&#8220;Rassegna stampa da l&#8217;amico del popolo &#8211; di Gianni Santomaso&#8221; &#8212; Radio Pi\u00f9\" src=\"https:\/\/www.radiopiu.net\/wordpress\/rassegna-stampa-di-gianni-santomaso\/embed\/#?secret=mkiMXUBFbQ#?secret=AHEefNkKaG\" data-secret=\"AHEefNkKaG\" width=\"600\" height=\"338\" frameborder=\"0\" marginwidth=\"0\" marginheight=\"0\" scrolling=\"no\"><\/iframe><\/p>\n<p>&nbsp;<\/p>\n<hr \/>\n<p>&nbsp;<\/p>\n<blockquote>\n<h3 class=\"page-title-head hgroup\">\u00a0I RACCONTI DI PAOLO SOPPELSA<\/h3>\n<\/blockquote>\n<p><strong>LA RACCOLTA COMPLETA<\/strong><\/p>\n<blockquote class=\"wp-embedded-content\" data-secret=\"utyjyaIk34\"><p><a href=\"https:\/\/www.radiopiu.net\/wordpress\/i-racconti-di-paolo-soppelsa\/\">I racconti di Paolo Soppelsa<\/a><\/p><\/blockquote>\n<p><iframe loading=\"lazy\" class=\"wp-embedded-content\" sandbox=\"allow-scripts\" security=\"restricted\" style=\"position: absolute; clip: rect(1px, 1px, 1px, 1px);\" title=\"&#8220;I racconti di Paolo Soppelsa&#8221; &#8212; Radio Pi\u00f9\" src=\"https:\/\/www.radiopiu.net\/wordpress\/i-racconti-di-paolo-soppelsa\/embed\/#?secret=NCcyNnctzq#?secret=utyjyaIk34\" data-secret=\"utyjyaIk34\" width=\"600\" height=\"338\" frameborder=\"0\" marginwidth=\"0\" marginheight=\"0\" scrolling=\"no\"><\/iframe><\/p>\n<p>&nbsp;<\/p>\n<p>&nbsp;<\/p>\n<hr \/>\n<\/div>\n<\/div>\n<\/div>\n<\/div>\n<\/div>\n<\/div>\n<\/div>\n<\/div>\n<\/div>\n<\/div>\n<\/div>\n<\/div>\n<\/div>\n<\/div>\n<\/div>\n<\/div>\n<\/div>\n<\/div>\n<\/div>\n<\/div>\n<\/div>\n<\/div>\n<\/div>\n<\/div>\n<\/div>\n<\/div>\n<\/div>\n<\/div>\n<\/div>\n<\/div>\n<\/div>\n<\/div>\n<\/div>\n<\/div>\n<\/div>\n<\/div>\n<\/div>\n<\/div>\n<\/div>\n<\/div>\n<\/div>\n<\/div>\n<\/div>\n<\/div>\n<\/div>\n<\/div>\n<\/div>\n<\/div>\n<\/div>\n<\/div>\n<\/div>\n<\/div>\n<\/div>\n<\/div>\n<\/div>\n<\/div>\n<\/div>\n<\/div>\n<\/div>\n<\/div>\n<\/div>\n<\/div>\n<\/div>\n<\/div>\n<\/div>\n<\/div>\n<\/div>\n<\/div>\n<\/div>\n<\/div>\n<\/div>\n<\/div>\n<\/div>\n<\/div>\n<\/div>\n<\/div>\n<\/div>\n<\/div>\n<\/div>\n<\/div>\n<\/div>\n<\/div>\n<\/div>\n<\/div>\n<\/div>\n<\/div>\n<\/div>\n<\/div>\n<\/div>\n<\/div>\n<\/div>\n<\/div>\n<\/div>\n<\/div>\n<\/div>\n<\/div>\n<\/div>\n<\/div>\n<\/div>\n<\/div>\n<\/div>\n<\/div>\n<\/div>\n<\/div>\n<\/div>\n<\/div>\n<\/div>\n<\/div>\n<\/div>\n<\/div>\n<\/div>\n<\/div>\n<\/div>\n<\/div>\n<\/div>\n<\/div>\n<\/div>\n<\/div>\n<\/div>\n<\/div>\n<\/div>\n<\/div>\n<\/div>\n<\/div>\n<\/div>\n<\/div>\n<\/div>\n<\/div>\n<\/div>\n<\/div>\n<\/div>\n<\/div>\n<\/div>\n<\/div>\n<\/div>\n<\/div>\n<\/div>\n<\/div>\n<\/div>\n<\/div>\n<\/div>\n<\/div>\n<\/div>\n<\/div>\n<\/div>\n<\/div>\n<\/div>\n<\/div>\n<\/div>\n<\/div>\n<\/div>\n<\/div>\n<\/div>\n<\/div>\n<\/div>\n<\/div>\n<\/div>\n<\/div>\n<\/div>\n<\/div>\n<\/div>\n<\/div>\n<\/div>\n<\/div>\n<\/div>\n<\/div>\n<\/div>\n<\/div>\n<\/div>\n<\/div>\n<\/div>\n<\/div>\n<\/div>\n<\/div>\n<\/div>\n<\/div>\n<\/div>\n<\/div>\n<\/div>\n<\/div>\n<\/div>\n<\/div>\n<\/div>\n<\/div>\n<\/div>\n<\/div>\n<\/div>\n<\/div>\n<\/div>\n<\/div>\n<\/div>\n<\/div>\n<\/div>\n<\/div>\n<\/div>\n<\/div>\n<\/div>\n<\/div>\n<div style=\"text-align: left;\"><\/div>\n<div>\n<div class=\"page-title-head hgroup\">\n<div class=\"page-title-head hgroup\">\n<div class=\"b654a4as d2edcug0\">\n<div class=\"j83agx80 btwxx1t3 lhclo0ds hop8lmos nkwizq5d scwd0bx6 roh60bw9\">\n<div class=\"rq0escxv hkbzh7o3 jwdofwj8 n8tt0mok r8blr3vg hyh9befq\">\n<div class=\"do00u71z l9j0dhe7 k4urcfbm\">\n<div class=\"ecm0bbzt e5nlhep0 a8c37x1j\">\n<div class=\"kvgmc6g5 cxmmr5t8 oygrvhab hcukyx3x c1et5uql\">\n<div class=\"gmail-kvgmc6g5 gmail-cxmmr5t8 gmail-oygrvhab gmail-hcukyx3x gmail-c1et5uql gmail-ii04i59q\">\n<div class=\"page-title-head hgroup\">\n<div class=\"page-title-head hgroup\">\n<div class=\"b654a4as d2edcug0\">\n<div class=\"j83agx80 btwxx1t3 lhclo0ds hop8lmos nkwizq5d scwd0bx6 roh60bw9\">\n<div class=\"rq0escxv hkbzh7o3 jwdofwj8 n8tt0mok r8blr3vg hyh9befq\">\n<div class=\"do00u71z l9j0dhe7 k4urcfbm\">\n<div class=\"page-title-head hgroup\">\n<div class=\"page-title-head hgroup\">\n<div class=\"page-title-head hgroup\">\n<div class=\"page-title-head hgroup\">\n<div class=\"b654a4as d2edcug0\">\n<div class=\"page-title-head hgroup\">\n<div class=\"page-title-head hgroup\">\n<div class=\"page-title-head hgroup\">\n<div class=\"page-title-head hgroup\">\n<div class=\"b654a4as d2edcug0\">\n<div class=\"page-title-head hgroup\">\n<div class=\"page-title-head hgroup\">\n<div class=\"page-title-head hgroup\">\n<div class=\"page-title-head hgroup\">\n<div class=\"page-title-head hgroup\">\n<div class=\"page-title-head hgroup\">\n<div class=\"page-title-head hgroup\">\n<div class=\"page-title-head hgroup\">\n<div class=\"page-title-head hgroup\">\n<div class=\"b654a4as d2edcug0\">\n<div class=\"page-title-head hgroup\">\n<div class=\"page-title-head hgroup\">\n<div class=\"page-title-head hgroup\">\n<div class=\"page-title-head hgroup\">\n<div class=\"b654a4as d2edcug0\">\n<div class=\"page-title-head hgroup\">\n<div class=\"page-title-head hgroup\">\n<div class=\"page-title-head hgroup\">\n<div class=\"page-title-head hgroup\">\n<div class=\"page-title-head hgroup\">\n<div class=\"mkdf-post-text\">\n<div class=\"mkdf-post-text-inner\">\n<div class=\"mkdf-post-text-main\">\n<div class=\"mkdf-post-text\">\n<div class=\"mkdf-post-text-inner\">\n<div class=\"mkdf-post-text-main\">\n<div class=\"mkdf-post-text\">\n<div class=\"mkdf-post-text-inner\">\n<div class=\"mkdf-post-text-main\">\n<div class=\"page-title-head hgroup\">\n<div class=\"page-title-head hgroup\">\n<div class=\"mkdf-post-text\">\n<div class=\"mkdf-post-text-inner\">\n<div class=\"mkdf-post-text-main\">\n<div class=\"mkdf-post-text\">\n<div class=\"mkdf-post-text-inner\">\n<div class=\"mkdf-post-text-main\">\n<div class=\"page-title-head hgroup\">\n<div class=\"page-title-head hgroup\">\n<div class=\"page-title-head hgroup\">\n<div class=\"page-title-head hgroup\">\n<div class=\"b654a4as d2edcug0\">\n<div class=\"page-title-head hgroup\">\n<div class=\"page-title-head hgroup\">\n<div class=\"page-title-head hgroup\">\n<div class=\"page-title-head hgroup\">\n<div class=\"b654a4as d2edcug0\">\n<div class=\"page-title-head hgroup\">\n<div class=\"page-title-head hgroup\">\n<div class=\"page-title-head hgroup\">\n<div class=\"page-title-head hgroup\">\n<div class=\"b654a4as d2edcug0\">\n<div class=\"page-title-head hgroup\">\n<div class=\"page-title-head hgroup\">\n<div class=\"b654a4as d2edcug0\">\n<div class=\"j83agx80 btwxx1t3 lhclo0ds hop8lmos nkwizq5d scwd0bx6 roh60bw9\">\n<div class=\"rq0escxv hkbzh7o3 jwdofwj8 n8tt0mok r8blr3vg hyh9befq\">\n<div class=\"do00u71z l9j0dhe7 k4urcfbm\">\n<div class=\"ecm0bbzt e5nlhep0 a8c37x1j\">\n<div class=\"kvgmc6g5 cxmmr5t8 oygrvhab hcukyx3x c1et5uql\">\n<div class=\"gmail-kvgmc6g5 gmail-cxmmr5t8 gmail-oygrvhab gmail-hcukyx3x gmail-c1et5uql gmail-ii04i59q\">\n<div class=\"page-title-head hgroup\">\n<div class=\"page-title-head hgroup\">\n<div class=\"b654a4as d2edcug0\">\n<div class=\"j83agx80 btwxx1t3 lhclo0ds hop8lmos nkwizq5d scwd0bx6 roh60bw9\">\n<div class=\"rq0escxv hkbzh7o3 jwdofwj8 n8tt0mok r8blr3vg hyh9befq\">\n<div class=\"do00u71z l9j0dhe7 k4urcfbm\">\n<div class=\"page-title-head hgroup\">\n<div class=\"page-title-head hgroup\">\n<div class=\"page-title-head hgroup\">\n<div class=\"page-title-head hgroup\">\n<div class=\"b654a4as d2edcug0\">\n<div class=\"page-title-head hgroup\">\n<div class=\"page-title-head hgroup\">\n<div class=\"page-title-head hgroup\">\n<div class=\"page-title-head hgroup\">\n<div class=\"b654a4as d2edcug0\">\n<div class=\"page-title-head hgroup\">\n<div class=\"page-title-head hgroup\">\n<div class=\"page-title-head hgroup\">\n<div class=\"page-title-head hgroup\">\n<div class=\"page-title-head hgroup\">\n<div class=\"page-title-head hgroup\">\n<div class=\"page-title-head hgroup\">\n<div class=\"page-title-head hgroup\">\n<div class=\"page-title-head hgroup\">\n<div class=\"b654a4as d2edcug0\">\n<div class=\"page-title-head hgroup\">\n<div class=\"page-title-head hgroup\">\n<div class=\"page-title-head hgroup\">\n<div class=\"page-title-head hgroup\">\n<div class=\"b654a4as d2edcug0\">\n<div class=\"page-title-head hgroup\">\n<div class=\"page-title-head hgroup\">\n<div class=\"page-title-head hgroup\">\n<div class=\"page-title-head hgroup\">\n<div class=\"page-title-head hgroup\">\n<div class=\"mkdf-post-text\">\n<div class=\"mkdf-post-text-inner\">\n<div class=\"mkdf-post-text-main\">\n<div class=\"mkdf-post-text\">\n<div class=\"mkdf-post-text-inner\">\n<div class=\"mkdf-post-text-main\">\n<div class=\"mkdf-post-text\">\n<div class=\"mkdf-post-text-inner\">\n<div class=\"mkdf-post-text-main\">\n<div class=\"page-title-head hgroup\">\n<div class=\"page-title-head hgroup\">\n<div class=\"mkdf-post-text\">\n<div class=\"mkdf-post-text-inner\">\n<div class=\"mkdf-post-text-main\">\n<div class=\"mkdf-post-text\">\n<div class=\"mkdf-post-text-inner\">\n<div class=\"mkdf-post-text-main\">\n<div class=\"page-title-head hgroup\">\n<div class=\"page-title-head hgroup\">\n<div class=\"page-title-head hgroup\">\n<div class=\"page-title-head hgroup\">\n<div class=\"b654a4as d2edcug0\">\n<div class=\"page-title-head hgroup\">\n<div class=\"page-title-head hgroup\">\n<div class=\"page-title-head hgroup\">\n<div class=\"page-title-head hgroup\">\n<div class=\"b654a4as d2edcug0\">\n<div class=\"page-title-head hgroup\">\n<div class=\"page-title-head hgroup\">\n<div class=\"page-title-head hgroup\">\n<div class=\"page-title-head hgroup\">\n<div class=\"b654a4as d2edcug0\"><\/div>\n<\/div>\n<\/div>\n<\/div>\n<\/div>\n<\/div>\n<\/div>\n<\/div>\n<\/div>\n<\/div>\n<\/div>\n<\/div>\n<\/div>\n<\/div>\n<\/div>\n<\/div>\n<\/div>\n<\/div>\n<\/div>\n<\/div>\n<\/div>\n<\/div>\n<\/div>\n<\/div>\n<\/div>\n<\/div>\n<\/div>\n<\/div>\n<\/div>\n<\/div>\n<\/div>\n<\/div>\n<\/div>\n<\/div>\n<\/div>\n<\/div>\n<\/div>\n<\/div>\n<\/div>\n<\/div>\n<\/div>\n<\/div>\n<\/div>\n<\/div>\n<\/div>\n<\/div>\n<\/div>\n<\/div>\n<\/div>\n<\/div>\n<\/div>\n<\/div>\n<\/div>\n<\/div>\n<\/div>\n<\/div>\n<\/div>\n<\/div>\n<\/div>\n<\/div>\n<\/div>\n<\/div>\n<\/div>\n<\/div>\n<\/div>\n<\/div>\n<\/div>\n<\/div>\n<\/div>\n<\/div>\n<\/div>\n<\/div>\n<\/div>\n<\/div>\n<\/div>\n<\/div>\n<\/div>\n<\/div>\n<\/div>\n<\/div>\n<\/div>\n<\/div>\n<\/div>\n<\/div>\n<\/div>\n<\/div>\n<\/div>\n<\/div>\n<\/div>\n<\/div>\n<\/div>\n<\/div>\n<\/div>\n<\/div>\n<\/div>\n<\/div>\n<\/div>\n<\/div>\n<\/div>\n<\/div>\n<\/div>\n<\/div>\n<\/div>\n<\/div>\n<\/div>\n<\/div>\n<\/div>\n<\/div>\n<\/div>\n<\/div>\n<\/div>\n<\/div>\n<\/div>\n<\/div>\n<\/div>\n<\/div>\n<\/div>\n<\/div>\n<\/div>\n<\/div>\n<\/div>\n<\/div>\n<\/div>\n<\/div>\n<\/div>\n<\/div>\n<\/div>\n<\/div>\n<\/div>\n<\/div>\n<\/div>\n<\/div>\n<\/div>\n<\/div>\n<\/div>\n<\/div>\n<\/div>\n<\/div>\n<\/div>\n<\/div>\n<\/div>\n<\/div>\n<\/div>\n<\/div>\n<\/div>\n<\/div>\n<\/div>\n<\/div>\n<\/div>\n<\/div>\n<\/div>\n<\/div>\n<\/div>\n<\/div>\n<\/div>\n<\/div>\n<\/div>\n<\/div>\n<\/div>\n<\/div>\n<\/div>\n<\/div>\n<\/div>\n<\/div>\n<\/div>\n<\/div>\n<\/div>\n<\/div>\n<\/div>\n<\/div>\n<\/div>\n<\/div>\n<\/div>\n<\/div>\n<\/div>\n<\/div>\n<\/div>\n<\/div>\n<\/div>\n<\/div>\n<\/div>\n<\/div>\n<\/div>\n<\/div>\n<\/div>\n<\/div>\n<\/div>\n<\/div>\n<div class=\"b654a4as d2edcug0\">\n<div class=\"ecm0bbzt e5nlhep0 a8c37x1j\">\n<div class=\"kvgmc6g5 cxmmr5t8 oygrvhab hcukyx3x c1et5uql\">\n<div class=\"gmail-kvgmc6g5 gmail-cxmmr5t8 gmail-oygrvhab gmail-hcukyx3x gmail-c1et5uql gmail-ii04i59q\">\n<div>\n<div class=\"page-title-head hgroup\">\n<div class=\"page-title-head hgroup\">\n<div class=\"b654a4as d2edcug0\">\n<div class=\"j83agx80 btwxx1t3 lhclo0ds hop8lmos nkwizq5d scwd0bx6 roh60bw9\">\n<div class=\"rq0escxv hkbzh7o3 jwdofwj8 n8tt0mok r8blr3vg hyh9befq\">\n<div class=\"do00u71z l9j0dhe7 k4urcfbm\">\n<div>\n<div class=\"page-title-head hgroup\">\n<div class=\"page-title-head hgroup\">\n<div class=\"page-title-head hgroup\">\n<div class=\"page-title-head hgroup\">\n<div class=\"b654a4as d2edcug0\">\n<div class=\"page-title-head hgroup\">\n<div class=\"page-title-head hgroup\">\n<div class=\"page-title-head hgroup\">\n<div class=\"page-title-head hgroup\">\n<div class=\"b654a4as d2edcug0\">\n<div class=\"page-title-head hgroup\">\n<div class=\"page-title-head hgroup\">\n<div class=\"page-title-head hgroup\">\n<div class=\"page-title-head hgroup\">\n<div class=\"page-title-head hgroup\">\n<div class=\"mkdf-post-text\">\n<div class=\"mkdf-post-text-inner\">\n<div class=\"mkdf-post-text-main\">\n<div class=\"mkdf-post-text\">\n<div class=\"mkdf-post-text-inner\">\n<div class=\"mkdf-post-text-main\">\n<div class=\"mkdf-post-text\">\n<div class=\"mkdf-post-text-inner\">\n<div class=\"mkdf-post-text-main\">\n<div class=\"page-title-head hgroup\">\n<div class=\"page-title-head hgroup\">\n<div class=\"mkdf-post-text\">\n<div class=\"mkdf-post-text-inner\">\n<div class=\"mkdf-post-text-main\">\n<div class=\"mkdf-post-text\">\n<div class=\"mkdf-post-text-inner\">\n<div class=\"mkdf-post-text-main\">\n<div>\n<div class=\"page-title-head hgroup\">\n<div class=\"page-title-head hgroup\">\n<div>\n<div class=\"page-title-head hgroup\">\n<div class=\"page-title-head hgroup\">\n<div class=\"b654a4as d2edcug0\">\n<div>\n<div class=\"page-title-head hgroup\" style=\"text-align: left;\">\n<div class=\"page-title-head hgroup\">\n<div dir=\"auto\">\n<p><a class=\"dt-pswp-item pspw-wrap-ready\" href=\"https:\/\/i0.wp.com\/www.radiopiu.net\/wordpress\/wp-content\/uploads\/2018\/09\/WhatsApp-Image-2018-09-20-at-16.04.06.jpeg?ssl=1\" data-dt-img-description=\"\" data-large_image_width=\"800\" data-large_image_height=\"100\"><img loading=\"lazy\" decoding=\"async\" class=\"aligncenter wp-image-61378 size-full jetpack-lazy-image jetpack-lazy-image--handled\" src=\"https:\/\/i0.wp.com\/www.radiopiu.net\/wordpress\/wp-content\/uploads\/2018\/09\/WhatsApp-Image-2018-09-20-at-16.04.06.jpeg?resize=800%2C100&amp;ssl=1\" sizes=\"auto, (max-width: 800px) 100vw, 800px\" srcset=\"https:\/\/i0.wp.com\/www.radiopiu.net\/wordpress\/wp-content\/uploads\/2018\/09\/WhatsApp-Image-2018-09-20-at-16.04.06.jpeg?w=800&amp;ssl=1 800w, https:\/\/i0.wp.com\/www.radiopiu.net\/wordpress\/wp-content\/uploads\/2018\/09\/WhatsApp-Image-2018-09-20-at-16.04.06.jpeg?resize=300%2C38&amp;ssl=1 300w, https:\/\/i0.wp.com\/www.radiopiu.net\/wordpress\/wp-content\/uploads\/2018\/09\/WhatsApp-Image-2018-09-20-at-16.04.06.jpeg?resize=768%2C96&amp;ssl=1 768w\" alt=\"\" width=\"800\" height=\"100\" data-lazy-loaded=\"1\" \/><\/a><\/p>\n<\/div>\n<\/div>\n<\/div>\n<\/div>\n<\/div>\n<\/div>\n<\/div>\n<\/div>\n<\/div>\n<\/div>\n<\/div>\n<\/div>\n<\/div>\n<\/div>\n<\/div>\n<\/div>\n<\/div>\n<\/div>\n<\/div>\n<\/div>\n<\/div>\n<\/div>\n<\/div>\n<\/div>\n<\/div>\n<\/div>\n<\/div>\n<\/div>\n<\/div>\n<\/div>\n<\/div>\n<\/div>\n<\/div>\n<\/div>\n<\/div>\n<\/div>\n<\/div>\n<\/div>\n<\/div>\n<\/div>\n<\/div>\n<\/div>\n<\/div>\n<\/div>\n<\/div>\n<\/div>\n<\/div>\n<\/div>\n<\/div>\n<\/div>\n<\/div>\n<\/div>\n<\/div>\n<\/div>\n<\/div>\n<\/div>\n<\/div>\n<\/div>\n<\/div>\n<\/div>\n<\/div>\n<\/div>\n<\/div>\n<\/div>\n<\/div>\n<\/div>\n<\/div>\n<\/div>\n<\/div>\n<\/div>\n<\/div>\n<\/div>\n<\/div>\n<\/div>\n<\/div>\n<\/div>\n<\/div>\n<\/div>\n<\/div>\n<\/div>\n<\/div>\n<\/div>\n<\/div>\n<\/div>\n<\/div>\n<\/div>\n<\/div>\n<\/div>\n<\/div>\n<\/div>\n<\/div>\n<\/div>\n<\/div>\n<\/div>\n<\/div>\n<\/div>\n<\/div>\n<\/div>\n<\/div>\n<\/div>\n<\/div>\n<\/div>\n<\/div>\n<\/div>\n<\/div>\n<\/div>\n<\/div>\n<\/div>\n<\/div>\n<\/div>\n<\/div>\n<\/div>\n<\/div>\n<\/div>\n<\/div>\n<\/div>\n<\/div>\n<\/div>\n<\/div>\n<\/div>\n<\/div>\n<\/div>\n<\/div>\n<\/div>\n<\/div>\n<\/div>\n<\/div>\n<\/div>\n<\/div>\n<\/div>\n<\/div>\n<\/div>\n<\/div>\n<\/div>\n<\/div>\n<\/div>\n<\/div>\n<\/div>\n<\/div>\n<\/div>\n<\/div>\n<\/div>\n<\/div>\n<\/div>\n<\/div>\n<\/div>\n<\/div>\n<\/div>\n<\/div>\n<\/div>\n<\/div>\n<\/div>\n<\/div>\n<\/div>\n<\/div>\n<\/div>\n<\/div>\n<\/div>\n<\/div>\n<\/div>\n<\/div>\n<\/div>\n<\/div>\n<\/div>\n<\/div>\n<\/div>\n<\/div>\n<\/div>\n<\/div>\n<\/div>\n<\/div>\n<\/div>\n<\/div>\n<\/div>\n<\/div>\n<\/div>\n<\/div>\n<\/div>\n<\/div>\n<\/div>\n<\/div>\n<\/div>\n<\/div>\n<\/div>\n<\/div>\n<\/div>\n<\/div>\n<\/div>\n<\/div>\n<\/div>\n<\/div>\n<\/div>\n<\/div>\n<\/div>\n<\/div>\n<\/div>\n<\/div>\n<\/div>\n<\/div>\n<\/div>\n<\/div>\n<\/div>\n<\/div>\n<\/div>\n<\/div>\n<\/div>\n<\/div>\n<\/div>\n<\/div>\n<\/div>\n<\/div>\n<\/div>\n<\/div>\n<\/div>\n<\/div>\n<\/div>\n<\/div>\n<\/div>\n<\/div>\n<\/div>\n<\/div>\n<\/div>\n<\/div>\n<\/div>\n<\/div>\n<\/div>\n<\/div>\n<\/div>\n<\/div>\n<\/div>\n<div style=\"text-align: left;\">\n<p>&nbsp;<\/p>\n<p><center><b>Lunedi 18<\/b><\/center><b>Tempo atteso: <\/b>Dopo il dissolvimento di alcune nubi basse presenti fino al primo mattino il tempo sar\u00e0 stabile e caldo con cielo da sereno a poco nuvoloso per la presenza di qualche velatura (nubi alte e sottili) nel pomeriggio assieme alla formazione di qualche cumulo.<br \/>\n<b>Precipitazioni: <\/b>Assenti (0-5%)<br \/>\n<b>Temperature: <\/b>Stazionarie sempre su valori superiori alla media. Su Prealpi a 1500 m: min 16 max 19, a 2000 m: min 12 max 14 Dolomiti a 2000 m: min 13 max 17, a 3000 m: min 7 max 10<br \/>\n<b>Venti: <\/b>brezze nelle valli; in quota deboli o moderati settentrionali, a 5-15 km\/h a 2000 m e a 15-30 km\/h a 3000 m.<\/p>\n<hr \/>\n<p><center><b>Martedi 19<\/b><\/center><b>Tempo atteso: <\/b>Giornata stabile, soleggiata e particolarmente calda. Sole e cielo sereno con limitata formazione di qualche cumulo nel pomeriggio.<br \/>\n<b>Precipitazioni: <\/b>Assenti (0%)<br \/>\n<b>Temperature: <\/b>In ulteriore lieve aumento le massime su valori ben superiori alla media (zero termico a 4500 metri), locali lieve diminuzione delle minime nei fondovalle non interessati da nubi basse; Su Prealpi a 1500 m: min 18 max 21, a 2000 m: min 14 max 16 Dolomiti &#8211; a 2000 m: min 14 max 18, a 3000 m: min 9 max 11<br \/>\n<b>Venti: <\/b>Brezze nelle valli deboli al mattino, moderati nel pomeriggio, in quota deboli da nordovest solo a tratti localmente moderati sulle cime dolomitiche pi\u00f9 elevate, a 5-10 km\/h a 2000m e 5-20 km\/h a 3000 m<\/p>\n<hr \/>\n<p><center><b>Mercoledi 20<\/b><\/center>Al mattino sereno o poco nuvoloso, nel pomeriggio sviluppo di nuvolosit\u00e0 cumuliforme anche moderata su Dolomiti dove non sono esclusi isolati rovesci o temporali; generalmente assenti o molto poco probabili i fenomeni su Prealpi specie occidentali. Temperature stazionarie o in ulteriore lieve aumento le massime con persistenza di valori ben superiori alla media del periodo a tutte le quote. Venti in quota deboli settentrionali in rotazione da ovest nel pomeriggio.<\/p>\n<hr \/>\n<p><center><b>Giovedi 21<\/b><\/center>Persistenza del tempo stabile, soleggiato e molto caldo a tutte le quote, anche afoso nei fondovalle Prealpini. Nel pomeriggio\/sera non del tutto escluso un temporale di calore su Dolomiti. Venti deboli occidentali in quota e brezze nelle valli. Previsore: DDL<\/p>\n<p>&nbsp;<\/p>\n<\/div>\n<hr \/>\n<p>&nbsp;<\/p>\n<p>&nbsp;<\/p>\n<p><a href=\"https:\/\/www.radiopiu.net\/wordpress\/giornale-radiopiu-26-settembre-2018-direttore-mirko-mezzacasa\/viabilita-2\/\" rel=\"attachment wp-att-61954\"><img loading=\"lazy\" decoding=\"async\" class=\"aligncenter wp-image-61954 size-full\" src=\"https:\/\/www.radiopiu.net\/wordpress\/wp-content\/uploads\/2018\/09\/viabilita.jpeg\" sizes=\"auto, (max-width: 800px) 100vw, 800px\" srcset=\"https:\/\/www.radiopiu.net\/wordpress\/wp-content\/uploads\/2018\/09\/viabilita.jpeg 800w, https:\/\/www.radiopiu.net\/wordpress\/wp-content\/uploads\/2018\/09\/viabilita-300x38.jpeg 300w, https:\/\/www.radiopiu.net\/wordpress\/wp-content\/uploads\/2018\/09\/viabilita-768x96.jpeg 768w\" alt=\"\" width=\"800\" height=\"100\" \/><\/a><\/p>\n<blockquote>\n<h3><\/h3>\n<h3>GALLERIA DI SEGUSINO CHIUSA PER 4 MESI<\/h3>\n<\/blockquote>\n<p><strong><a class=\"dt-pswp-item\" href=\"https:\/\/www.radiopiu.net\/wordpress\/wp-content\/uploads\/2020\/05\/VENETO-STRADE.png\" data-dt-img-description=\"\" data-large_image_width=\"400\" data-large_image_height=\"400\"><img loading=\"lazy\" decoding=\"async\" class=\" wp-image-135574 alignleft\" src=\"https:\/\/www.radiopiu.net\/wordpress\/wp-content\/uploads\/2020\/05\/VENETO-STRADE-150x150.png\" alt=\"\" width=\"102\" height=\"102\" srcset=\"https:\/\/www.radiopiu.net\/wordpress\/wp-content\/uploads\/2020\/05\/VENETO-STRADE-150x150.png 150w, https:\/\/www.radiopiu.net\/wordpress\/wp-content\/uploads\/2020\/05\/VENETO-STRADE-300x300.png 300w, https:\/\/www.radiopiu.net\/wordpress\/wp-content\/uploads\/2020\/05\/VENETO-STRADE.png 400w\" sizes=\"auto, (max-width: 102px) 100vw, 102px\" \/><\/a><\/strong><\/p>\n<p><strong>SEDICO<\/strong> Veneto Strade comunica che sulla SP 1 Bis &#8220;Madonna del Piave&#8221;, dal 12 luglio e fino al 4 novembre, compresi sabati domeniche e festivi infrasettimanali, un&#8217;interdizione totale al transito per l&#8217;intera tratta della galleria di Segusino in seguito a dei lavori per messa in sicurezza della condotta acquedottistica<\/p>\n<p>&nbsp;<\/p>\n<blockquote>\n<h3>DIVIETO DI SOSTA IN VIA FELTRE A BELLUNO<\/h3>\n<\/blockquote>\n<p><strong>BELLUNO<\/strong> Per consentire la creazione di un\u2019area di cantiere necessaria al posizionamento di una piattaforma per lavori di manutenzione delle antenne, si rende necessaria l&#8217;istituzione del divieto di sosta con rimozione forzata dei veicoli, in Via Feltre negli stalli di sosta a pagamento immediatamente a sinistra dell\u2019entrata a ridosso dell\u2019antenna nel parcheggio \u201cex Moi\u201d, dalle ore 8.00 del 19 alle ore 18.00 del 20 luglio<\/p>\n<p>&nbsp;<\/p>\n<blockquote>\n<h3>LAVORI ALLA RETE IDRICA IN CENTRO STORICO A BELLUNO: DIVIETI E MODIFICHE ALLA VIABILITA&#8217;<\/h3>\n<\/blockquote>\n<p><strong>BELLUNO<\/strong> Gli interventi programmati dalla Societ\u00e0 BIM GSP per la manutenzione alla rete di acquedotto e fognatura in centro storico comporteranno alcune modifiche alla viabilit\u00e0. VIA CIPRO divieto di transito dalle 8 del 18 luglio alle 18 del 22 luglio. Divieto di sosta con rimozione forzata in Via 30 Aprile e Piazza Castello dal 18 al 22 luglio. Senso unico alternato in Piazza Duomo dal 25 al 29 luglio e divieto di sosta con rimozione forzata sempre in Piazza Duomo dal 25 al 29 luglio.<\/p>\n<p>&nbsp;<\/p>\n<blockquote>\n<h3>MODIFICHE ALLA VIABILITA&#8217; IN CENTRO A BELLUNO<\/h3>\n<\/blockquote>\n<p><strong>BELLUNO<\/strong>: dal 20 luglio al 5 agosto divieto di circolazione in via Della Dia. Tra il 19 luglio e il 31 ottobre divieto di sosta in via Mezzaterra, area antistante civico 19<\/p>\n<p>&nbsp;<\/p>\n<p>&nbsp;<\/p>\n<blockquote class=\"wp-embedded-content\" data-secret=\"nw6tBrTzWs\"><p><a href=\"https:\/\/www.radiopiu.net\/wordpress\/viabilita\/\">viabilita<\/a><\/p><\/blockquote>\n<p><iframe loading=\"lazy\" class=\"wp-embedded-content\" sandbox=\"allow-scripts\" security=\"restricted\" style=\"position: absolute; clip: rect(1px, 1px, 1px, 1px);\" title=\"&#8220;viabilita&#8221; &#8212; Radio Pi\u00f9\" src=\"https:\/\/www.radiopiu.net\/wordpress\/viabilita\/embed\/#?secret=qgF3xT1lJA#?secret=nw6tBrTzWs\" data-secret=\"nw6tBrTzWs\" width=\"600\" height=\"338\" frameborder=\"0\" marginwidth=\"0\" marginheight=\"0\" scrolling=\"no\"><\/iframe><\/p>\n<p>&nbsp;<\/p>\n<hr \/>\n<p>&nbsp;<\/p>\n<p>&nbsp;<\/p>\n<p><img loading=\"lazy\" decoding=\"async\" class=\"wp-image-60761 size-full aligncenter\" src=\"https:\/\/www.radiopiu.net\/wordpress\/wp-content\/uploads\/2018\/09\/sport.jpg\" alt=\"\" width=\"800\" height=\"100\" srcset=\"https:\/\/www.radiopiu.net\/wordpress\/wp-content\/uploads\/2018\/09\/sport.jpg 800w, https:\/\/www.radiopiu.net\/wordpress\/wp-content\/uploads\/2018\/09\/sport-300x38.jpg 300w, https:\/\/www.radiopiu.net\/wordpress\/wp-content\/uploads\/2018\/09\/sport-768x96.jpg 768w\" sizes=\"auto, (max-width: 800px) 100vw, 800px\" \/><\/p>\n<\/div>\n<\/div>\n<\/div>\n<div class=\"page-title-head hgroup\">\n<div class=\"page-title-head hgroup\">\n<p>&nbsp;<\/p>\n<\/div>\n<\/div>\n<div class=\"page-title-head hgroup\">\n<div class=\"page-title-head hgroup\">\n<div class=\"page-title-head hgroup\"><\/div>\n<div class=\"page-title-head hgroup\">\n<p><span style=\"color: #0000ff;\"><strong>CALCIO<\/strong><\/span><\/p>\n<blockquote>\n<h3>ECCO LE OTTO SQUADRE CHE ACCEDONO AI QUARTI DI FINALE DEL CAMPIONATO AGORDINO<\/h3>\n<\/blockquote>\n<p><strong><a class=\"dt-pswp-item\" href=\"https:\/\/www.radiopiu.net\/wordpress\/wp-content\/uploads\/2020\/08\/PALLONE-CALCIO-CSI-1.jpg\" data-dt-img-description=\"\" data-large_image_width=\"957\" data-large_image_height=\"685\"><img loading=\"lazy\" decoding=\"async\" class=\"size-thumbnail wp-image-157935 alignleft\" src=\"https:\/\/www.radiopiu.net\/wordpress\/wp-content\/uploads\/2020\/08\/PALLONE-CALCIO-CSI-1-150x150.jpg\" alt=\"\" width=\"150\" height=\"150\" srcset=\"https:\/\/www.radiopiu.net\/wordpress\/wp-content\/uploads\/2020\/08\/PALLONE-CALCIO-CSI-1-150x150.jpg 150w, https:\/\/www.radiopiu.net\/wordpress\/wp-content\/uploads\/2020\/08\/PALLONE-CALCIO-CSI-1-125x125.jpg 125w, https:\/\/www.radiopiu.net\/wordpress\/wp-content\/uploads\/2020\/08\/PALLONE-CALCIO-CSI-1-200x200.jpg 200w, https:\/\/www.radiopiu.net\/wordpress\/wp-content\/uploads\/2020\/08\/PALLONE-CALCIO-CSI-1-80x80.jpg 80w\" sizes=\"auto, (max-width: 150px) 100vw, 150px\" \/><\/a>REDAZIONE <\/strong>Sono Voltago, Gosaldo, Taibon, Le Ville, Caprile, Fodom, Canale e Rivamonte le otto squadre che accedono ai quarti di finale del Campionato Agordino 2022. Vallada, Agordo 2009, La Valle, Cencenighe e Alleghe abbandonano la manifestazione anzitempo. La sorpresa piu grande sul campo di Cencenighe dove i padroni di casa hanno subito tre gol da un Rivamonte che con i 3 punti incamerati eliminano proprio i diretti avversari per lo scontro diretto. Il Le Ville vince di misura a Vallada e accede alla fase finale, il derby del Poi \u00e8 del Voltago che cala il poker con il Gosaldo mentre l\u2019Agordo 2009 vince con il La Valle ma non basta. A Cernadoi gli orsetti fanno un sol boccone dell\u2019Alleghe mentre il Caprile passa il turno dopo la vittoria con il Canale.<\/p>\n<p><strong>I RISULTATI.<\/strong> Girone A: La Valle \u2013 Agordo 2009 0-1, Vallada \u2013 Le Ville 1-2, Voltago \u2013 Gosaldo 4-0. Riposa il Taibon<\/p>\n<p>Girone B: Canale \u2013 Caprile 0-2, Fodom \u2013 Alleghe 7-0, Cencenighe \u2013 Rivamonte 0-3.<\/p>\n<p><strong>LA CLASSIFICA:<\/strong> Girone A: Voltago 14, Gosaldo 12, Taibon e Le Ville 10, Agordo 2009 8, Vallada 4, La Valle 1<\/p>\n<p>Girone B: Caprile e Fodom 10, Canale 8, Rivamonte e Cencenighe 7, \u00a0Alleghe 0<\/p>\n<p><strong>LE PROSSIME PARTITE \u2013 QUARTI DI FINALE <\/strong>A Voltago alle 15 Fodom &#8211; Taibon e alle 17:30 Voltago \u2013 Rivamonte. A La Valle alle 15 Gosaldo \u2013 Canale e alle 17:30 Caprile \u2013 Le Ville<\/p>\n<p>&nbsp;<\/p>\n<p><strong>LA SESTA GIORNATA CAMPIONATO AGORDINO GIOVANILE<\/strong><\/p>\n<p><strong>REDAZIONE<\/strong> Canale, La Valle e Taibon sono le prime tre squadre qualificate alla fase finale del Campionato Agordino Under 14. La prossima settimana Fodom e Caprile si giocheranno l\u2019ultimo posto disponibile per le semifinali di La Valle. Ormai fuori dai giochi il Le Ville e anche il Cencenighe che riposer\u00e0 il prossimo weekend. Punteggio tennistico al \u201cCesare Scatena\u201d di Taibon dove in padroni di casa fanno la voce grossa con il Caprile. Sei le marcature dei Taiboner, tripletta di Denis Vintila e un gol a testa per Domenico Ferrara, Marco Bressan e Nicol\u00f2 Porta. Il Caprile trova la rete della bandiera con Mattia Veggiato. Il Fodom incamera tre punti a Cernadoi contro il fanalino di coda Le Ville. Doppietta di Luca Foppa e gol di Philip Ploner per gli orsetti. Il Canale continua la sua marcia trionfale, abbatte il Cencenighe grazie alle doppiette di Alex Rossi e Giovanni Serafini. Per il Cencenighe a segno Nicola Pra.<\/p>\n<p><strong>I RISULTATI <\/strong>Taibon \u2013 Caprile 6-1, Fodom \u2013 Le Ville 3-0 e Canale \u2013 Cencenighe 4-1. Ha riposato il La Valle.<\/p>\n<p><strong>CLASSIFICA<\/strong> Canale 15, La Valle e Taibon 9, Fodom 7, Cencenighe e Caprile 6, Le Ville 0<\/p>\n<p><strong>PROSSIMO TURNO<\/strong> Sabato alle 16 Fodom \u2013 Taibon, Canale \u2013 Caprile, La Valle \u2013 Le Ville. Riposa il Cencenighe.<\/p>\n<p>&nbsp;<\/p>\n<h2><span style=\"color: #008000;\"><a class=\"dt-pswp-item\" href=\"https:\/\/www.radiopiu.net\/wordpress\/wp-content\/uploads\/2019\/01\/CALCIO-FALLO.jpeg\" data-dt-img-description=\"\" data-large_image_width=\"1600\" data-large_image_height=\"848\"><img loading=\"lazy\" decoding=\"async\" class=\" wp-image-71538 alignleft\" src=\"https:\/\/www.radiopiu.net\/wordpress\/wp-content\/uploads\/2019\/01\/CALCIO-FALLO-150x150.jpeg\" alt=\"\" width=\"74\" height=\"74\" \/><\/a>SPECIALE CAMPIONATO AGORDINO<\/span><\/h2>\n<p><strong>RIASCOLTA OTTANTESIMO MINUTO &#8211; SESTA PUNTATA<\/strong><\/p>\n<audio class=\"wp-audio-shortcode\" id=\"audio-287416-4\" preload=\"none\" style=\"width: 100%;\" controls=\"controls\"><source type=\"audio\/mpeg\" src=\"https:\/\/www.radiopiu.net\/wordpress\/wp-content\/uploads\/2022\/07\/80MIN-1.mp3?_=4\" \/><a href=\"https:\/\/www.radiopiu.net\/wordpress\/wp-content\/uploads\/2022\/07\/80MIN-1.mp3\">https:\/\/www.radiopiu.net\/wordpress\/wp-content\/uploads\/2022\/07\/80MIN-1.mp3<\/a><\/audio>\n<p>&nbsp;<\/p>\n<p><strong>RIASCOLTA CAMPIONATO AGORDINO SHOW &#8211; QUINTA PUNTATA (LA SINTESI)<\/strong><\/p>\n<audio class=\"wp-audio-shortcode\" id=\"audio-287416-5\" preload=\"none\" style=\"width: 100%;\" controls=\"controls\"><source type=\"audio\/mpeg\" src=\"https:\/\/www.radiopiu.net\/wordpress\/wp-content\/uploads\/2022\/07\/AGOS-1.mp3?_=5\" \/><a href=\"https:\/\/www.radiopiu.net\/wordpress\/wp-content\/uploads\/2022\/07\/AGOS-1.mp3\">https:\/\/www.radiopiu.net\/wordpress\/wp-content\/uploads\/2022\/07\/AGOS-1.mp3<\/a><\/audio>\n<p>&nbsp;<\/p>\n<hr \/>\n<p>&nbsp;<\/p>\n<p><span style=\"color: #0000ff;\"><strong>CORSA IN MONTAGNA<\/strong><\/span><\/p>\n<blockquote>\n<h3>LA COPPIA BONATI-BARATTIN SI AGGIUDICA LA QUARANTESIMA TRANCIVETTA<\/h3>\n<\/blockquote>\n<p><strong><a class=\"dt-pswp-item\" href=\"https:\/\/www.radiopiu.net\/wordpress\/wp-content\/uploads\/2022\/03\/\u00a9TiComunicazione_-TRANSCIVETTA-KARPOS-2022.jpg\" data-dt-img-description=\"\" data-large_image_width=\"1900\" data-large_image_height=\"1267\"><img loading=\"lazy\" decoding=\"async\" class=\"size-thumbnail wp-image-266927 alignleft\" src=\"https:\/\/www.radiopiu.net\/wordpress\/wp-content\/uploads\/2022\/03\/\u00a9TiComunicazione_-TRANSCIVETTA-KARPOS-2022-150x150.jpg\" alt=\"\" width=\"150\" height=\"150\" \/><\/a>ALLEGHE<\/strong> La quarantesima TransCivetta va alla coppia Enrico Bonati e Gianpietro Barattin. La classica corsa estiva in montagna che parte dalla frazione di Listolade a Taibon per chiudersi ai Piani di Pezz\u00e8 ad Alleghe ha visto la vittoria maschile con il tempo di 2h15&#8217;08&#8221;. A<span style=\"font-family: verdana, sans-serif;\">l primo successo nella manifestazione: l\u2019atleta polesano (ma ormai da qualche anno residente in Alpago) e quello bellunese dell&#8217;Alpago hanno portato a termine la propria fatica in 2h15\u201908\u201d, staccando di tre minuti la coppia bellunese-trevigiana formata da Eddj Nani e Luca Fabris. A completare il podio i friulani Giuseppe Della Mea e Michele Sulli. <\/span><\/p>\n<p><span style=\"font-family: verdana, sans-serif;\">Vittoria friulana tra le donne con la coppia formata da <b>Paola Romanin e Anna Finizio<\/b> (3h00\u201929\u201d il riscontro cronometrico delle due portacolori dell\u2019Unione sportiva Aldo Moro Paluzza) mentre tra le coppie miste la meglio sono stati i bellunesi del Cadore <b>Olivo Da Pra e Martina Da Rin Zanco<\/b> (2h33\u201938\u201d). <\/span><\/p>\n<p><strong>\u00a0<\/strong><strong>\u00a0<\/strong><\/p>\n<p><strong>Classifica maschile<\/strong>: 1. Enrico Bonati \u2013 Gianpietro Barattin (Alpenplus \u2013 Alpago Tornado run) 2h15\u201908\u201d; 2. Eddj Nani \u2013 Luca Fabris (Angel Academy \u2013 Team Scarpa) 2h18\u201907\u201d; 3. Giuseppe Della Mea \u2013 Michele Sulli (Aldo Moro Paluzza) 2h19\u201915\u201d; 4. Mattia Debertolis \u2013 Samuel Tait (Us Primiero \u2013 Gronlait) 2h21\u201911\u201d; 5. Alberto Laucirica \u2013 Daniele Meneghel (Team Karpos) 2h22\u201959\u201d.<\/p>\n<p><strong>Classifica femminile<\/strong>: 1. Paola Romanin \u2013 Anna Finizio (Aldo Moro Paluzza) 3h00\u201929\u201d; 2. Martina Ottogalli \u2013 Anna Gubiani (Atletica Buja \u2013 Atletica Dolce Nord Est) 3h06\u201915\u201d; 3. Alice Cescutti \u2013 Jaska Martin (Aldo Moro Paluzza) 3h06\u201917\u201d; 4. Sara Cavalet \u2013 Silvia De Col 3h07\u201953\u201d; 5. Michaela Bortoluzzi \u2013 Monica Bortoluzzi 3h27\u201923\u201d.<\/p>\n<p><strong>Classifica mista<\/strong>: 1. Olivo Da Pr\u00e0 \u2013 Martina Da Rin Zanco (Team Karpos) 2h33\u201938\u201d; 2. Annelise Felderer \u2013 Markus Planoetscher (Sarntal) 2h42\u201922\u201d; 3. Tito Fiorenzo Tiberti \u2013 Barbara Bani 2h46\u201920\u201d; 4. Alessio Camilli \u2013 Ludovica Rossi (Due Rocche \u2013 Team Venus) 2h54\u201906\u201d; 5. Valentina Loss \u2013 Gabriele Tomas 2h56\u201921\u201d.<\/p>\n<p><strong>Classifiche complete<\/strong>: <a href=\"https:\/\/tds.sport\/it\/race\/12259\">https:\/\/tds.sport\/it\/race\/12259<\/a><\/p>\n<p>&nbsp;<\/p>\n<p><strong>\u00a0LA PARTENZA, VIDEO ~Emanuele Agrimi<\/strong><\/p>\n<div style=\"width: 1200px;\" class=\"wp-video\"><video class=\"wp-video-shortcode\" id=\"video-287416-3\" width=\"1200\" height=\"675\" preload=\"metadata\" controls=\"controls\"><source type=\"video\/mp4\" src=\"https:\/\/www.radiopiu.net\/wordpress\/wp-content\/uploads\/2022\/07\/Transcivetta-2022.mp4?_=3\" \/><a href=\"https:\/\/www.radiopiu.net\/wordpress\/wp-content\/uploads\/2022\/07\/Transcivetta-2022.mp4\">https:\/\/www.radiopiu.net\/wordpress\/wp-content\/uploads\/2022\/07\/Transcivetta-2022.mp4<\/a><\/video><\/div>\n<p><strong>\u00a0<\/strong><\/p>\n<p><strong>L&#8217;ARRIVO E LE INTERVISTE DI FILIPPO FONTANIVE<\/strong><\/p>\n<audio class=\"wp-audio-shortcode\" id=\"audio-287416-6\" preload=\"none\" style=\"width: 100%;\" controls=\"controls\"><source type=\"audio\/mpeg\" src=\"https:\/\/www.radiopiu.net\/wordpress\/wp-content\/uploads\/2022\/07\/arrivo-e-interviste.mp3?_=6\" \/><a href=\"https:\/\/www.radiopiu.net\/wordpress\/wp-content\/uploads\/2022\/07\/arrivo-e-interviste.mp3\">https:\/\/www.radiopiu.net\/wordpress\/wp-content\/uploads\/2022\/07\/arrivo-e-interviste.mp3<\/a><\/audio>\n<p>&nbsp;<\/p>\n<p><strong>LA PRIMA COPPIA MISTA, DA PRA &#8211; DA RIN ZANCO<\/strong><\/p>\n<audio class=\"wp-audio-shortcode\" id=\"audio-287416-7\" preload=\"none\" style=\"width: 100%;\" controls=\"controls\"><source type=\"audio\/mpeg\" src=\"https:\/\/www.radiopiu.net\/wordpress\/wp-content\/uploads\/2022\/07\/COPPIA-MISTA.mp3?_=7\" \/><a href=\"https:\/\/www.radiopiu.net\/wordpress\/wp-content\/uploads\/2022\/07\/COPPIA-MISTA.mp3\">https:\/\/www.radiopiu.net\/wordpress\/wp-content\/uploads\/2022\/07\/COPPIA-MISTA.mp3<\/a><\/audio>\n<p>&nbsp;<\/p>\n<p><strong>LE VINCITRICI DELLA COPPIA FEMMINILE ROMANIN &#8211; FININZIO<\/strong><\/p>\n<audio class=\"wp-audio-shortcode\" id=\"audio-287416-8\" preload=\"none\" style=\"width: 100%;\" controls=\"controls\"><source type=\"audio\/mpeg\" src=\"https:\/\/www.radiopiu.net\/wordpress\/wp-content\/uploads\/2022\/07\/COPPIA-FEMMINILE.mp3?_=8\" \/><a href=\"https:\/\/www.radiopiu.net\/wordpress\/wp-content\/uploads\/2022\/07\/COPPIA-FEMMINILE.mp3\">https:\/\/www.radiopiu.net\/wordpress\/wp-content\/uploads\/2022\/07\/COPPIA-FEMMINILE.mp3<\/a><\/audio>\n<p>&nbsp;<\/p>\n<hr \/>\n<p>&nbsp;<\/p>\n<p><span style=\"color: #0000ff;\"><strong>MOTORI<\/strong><\/span><\/p>\n<blockquote>\n<h3>PIU&#8217; DI CENTO ISCRITTI PER L&#8217;EDIZIONE 2022 DELL&#8217;ALPE DEL NEVEGAL<\/h3>\n<\/blockquote>\n<p><strong><a class=\"dt-pswp-item\" href=\"https:\/\/www.radiopiu.net\/wordpress\/wp-content\/uploads\/2022\/07\/a6187d97-5971-41f3-a6d7-389a3ff3f72c.jpg\" data-dt-img-description=\"\" data-large_image_width=\"1600\" data-large_image_height=\"966\"><img loading=\"lazy\" decoding=\"async\" class=\"size-thumbnail wp-image-287547 alignleft\" src=\"https:\/\/www.radiopiu.net\/wordpress\/wp-content\/uploads\/2022\/07\/a6187d97-5971-41f3-a6d7-389a3ff3f72c-150x150.jpg\" alt=\"\" width=\"150\" height=\"150\" \/><\/a>di Roberto Bona<\/strong><\/p>\n<p><strong>BELLUNO<\/strong><\/p>\n<audio class=\"wp-audio-shortcode\" id=\"audio-287416-9\" preload=\"none\" style=\"width: 100%;\" controls=\"controls\"><source type=\"audio\/mpeg\" src=\"https:\/\/www.radiopiu.net\/wordpress\/wp-content\/uploads\/2022\/07\/BONA-ALPE-NEVEGAL.mp3?_=9\" \/><a href=\"https:\/\/www.radiopiu.net\/wordpress\/wp-content\/uploads\/2022\/07\/BONA-ALPE-NEVEGAL.mp3\">https:\/\/www.radiopiu.net\/wordpress\/wp-content\/uploads\/2022\/07\/BONA-ALPE-NEVEGAL.mp3<\/a><\/audio>\n<p>&nbsp;<\/p>\n<hr \/>\n<p>&nbsp;<\/p>\n<p><strong><span style=\"color: #0000ff;\">CORSA PODISTICA<\/span><\/strong><\/p>\n<blockquote>\n<h3>LA MINI CORRINVALLE IN VALLE DI SAN LUCANO<\/h3>\n<\/blockquote>\n<p><strong>TAIBON<\/strong> Dopo 3 anni il ritorno della festa in Valle di San Lucano con la messa, la pesca di beneficienza, il pic nic sul grande prato e tanta musica. Sabato \u00e8 andata in scena la minicorrivalle che anticipa di una settimana la ciclinvalle in programma domenica da Agordo a San Lucano.<br \/>\n<strong>LE CLASSIFICHE<\/strong><\/p>\n<div dir=\"ltr\" data-setdir=\"false\">Under 13 M. 1.Bettini Nikolas 5\u201916\u201d, 2.Lagan\u00e0 Luca 5\u201922\u201d, 3.Moretti Matteo 5\u201928\u201d, 4.Ganz Giovanni 7\u201902\u201d, 5.Cevolani Pietro 7\u201944\u201d.<\/div>\n<div dir=\"ltr\" data-setdir=\"false\">Under 11 M. 1.Decima Tommaso 5\u201937\u201d, 2.Vallata Federico 6\u201949\u201d, 3.Ren Samuele 7\u201917\u201d<\/div>\n<div dir=\"ltr\" data-setdir=\"false\">Under 9 M. 1.Canali Mattia 5\u201949\u201d, 2.Moretti Tommaso 6\u201902\u201d, 3.Dai Pr\u00e0 Samuele 6\u201929\u201d, 4.Benvegn\u00f9 Dylan 6\u201947\u201d, 5.Olivier Devid 7\u201909\u201d<\/div>\n<div dir=\"ltr\" data-setdir=\"false\">Under 7 M. 1.Lena Sebastian 7\u201923\u201d, 2.Soppelsa Davide 7\u201945\u201d, 3.Cevolani Giovanni 7\u201948\u201d, 4.Colledani Giulio 7\u201952\u201d, 5.Cont Davide 8\u201901\u201d<\/div>\n<div dir=\"ltr\" data-setdir=\"false\">Under 13 F. 1.Del Din Siria 6\u201908\u201d, 2.\u00a0 Ganz Arianna (Under 11) 6\u201932\u201d, 3.Moretti Matilde 6\u201947\u201d<\/div>\n<div dir=\"ltr\" data-setdir=\"false\">Under 9 F. 1.Bettini Giorgia 6\u201931\u201d, 2.Zasso Carlotta 7\u201933\u201d, 3.Deola Azzurra 7\u201957\u201d<\/div>\n<div dir=\"ltr\" data-setdir=\"false\">Under 7 F. 1.Roldo Arianna 7\u201934\u201d, 2.Olivier Aurora 7\u201953\u201d, 3.Samassa Colette 8\u201909\u201d<\/div>\n<div dir=\"ltr\" data-setdir=\"false\">Combinata \u201cCiclinvalle-Corrinvalle\u201d (dopo 1 prova) M. : 1.Lagan\u00e0 Luca, 2.Decima Tommaso a 15\u2033, 3.Benvegn\u00f9 Dylan a 25\u2033, 4.Ren Samuele a 55\u2033, 5. Cont Davide a 2\u201939\u201d F.\u00a0 : 1. Del Din Siria, 2. Deola Azzurra a 1\u201949\u201d, 3.Samassa Colette a 2\u201901\u201d<\/div>\n<\/div>\n<\/div>\n<\/div>\n<\/div>\n<\/div>\n<\/div>\n<\/div>\n<\/div>\n<\/div>\n<\/div>\n<\/div>\n<\/div>\n<\/div>\n<\/div>\n<\/div>\n<\/div>\n<\/div>\n<\/div>\n<\/div>\n<\/div>\n<\/div>\n<\/div>\n<\/div>\n<\/div>\n<\/div>\n<\/div>\n<\/div>\n<\/div>\n<\/div>\n<\/div>\n<\/div>\n<\/div>\n<\/div>\n<\/div>\n<\/div>\n<\/div>\n<\/div>\n<\/div>\n<\/div>\n<\/div>\n<\/div>\n<\/div>\n<\/div>\n<\/div>\n<\/div>\n<\/div>\n<\/div>\n<\/div>\n<\/div>\n<\/div>\n<\/div>\n<\/div>\n<\/div>\n<\/div>\n<\/div>\n<\/div>\n<\/div>\n<\/div>\n<\/div>\n<\/div>\n<\/div>\n<\/div>\n<\/div>\n<\/div>\n<\/div>\n<\/div>\n<\/div>\n<\/div>\n<\/div>\n<\/div>\n<\/div>\n<\/div>\n<\/div>\n<\/div>\n<\/div>\n<\/div>\n<\/div>\n<\/div>\n<\/div>\n<\/div>\n<\/div>\n<\/div>\n<\/div>\n<\/div>\n<\/div>\n<\/div>\n<\/div>\n<\/div>\n<\/div>\n<\/div>\n<\/div>\n<\/div>\n<\/div>\n<\/div>\n<\/div>\n<\/div>\n<\/div>\n<\/div>\n<\/div>\n<\/div>\n<\/div>\n<\/div>\n<\/div>\n<\/div>\n","protected":false},"excerpt":{"rendered":"<p>RADIO PIU INFORMAZIONE il canale su TELEGRAM informazione di prima\u00a0 mano e in tempo reale. iscriviti ed aiutaci a farlo conoscere\u00a0\u00a0 &nbsp; OGGI DISAGI IDRICI AD AGORDO PER LAVORI OGGI DALLE 8 A FINE LAVORI VERRA&#8217; SOSPESA L&#8217;EROGAZIONE D&#8217;ACQUA AD AGORDO IN VIA INSURREZIONE E SOMMARIVA\u00a0\u00a0 &nbsp; &nbsp; &nbsp; MOTOCICLISTA DI LONGARONE PERDE LA VITA&hellip;<\/p>\n","protected":false},"author":4,"featured_media":287437,"comment_status":"closed","ping_status":"closed","sticky":false,"template":"","format":"standard","meta":{"_monsterinsights_skip_tracking":false,"_monsterinsights_sitenote_active":false,"_monsterinsights_sitenote_note":"","_monsterinsights_sitenote_category":0,"footnotes":""},"categories":[104,86,49],"tags":[],"class_list":["post-287416","post","type-post","status-publish","format-standard","has-post-thumbnail","hentry","category-evidenza_3","category-gr","category-news-18","category-104","category-86","category-49","description-off"],"img_url":"https:\/\/www.radiopiu.net\/wordpress\/wp-content\/uploads\/2022\/07\/96842a1b-6f9d-4648-b253-dbbac386b330.jpg","_links":{"self":[{"href":"https:\/\/www.radiopiu.net\/wordpress\/wp-json\/wp\/v2\/posts\/287416","targetHints":{"allow":["GET"]}}],"collection":[{"href":"https:\/\/www.radiopiu.net\/wordpress\/wp-json\/wp\/v2\/posts"}],"about":[{"href":"https:\/\/www.radiopiu.net\/wordpress\/wp-json\/wp\/v2\/types\/post"}],"author":[{"embeddable":true,"href":"https:\/\/www.radiopiu.net\/wordpress\/wp-json\/wp\/v2\/users\/4"}],"replies":[{"embeddable":true,"href":"https:\/\/www.radiopiu.net\/wordpress\/wp-json\/wp\/v2\/comments?post=287416"}],"version-history":[{"count":0,"href":"https:\/\/www.radiopiu.net\/wordpress\/wp-json\/wp\/v2\/posts\/287416\/revisions"}],"wp:featuredmedia":[{"embeddable":true,"href":"https:\/\/www.radiopiu.net\/wordpress\/wp-json\/wp\/v2\/media\/287437"}],"wp:attachment":[{"href":"https:\/\/www.radiopiu.net\/wordpress\/wp-json\/wp\/v2\/media?parent=287416"}],"wp:term":[{"taxonomy":"category","embeddable":true,"href":"https:\/\/www.radiopiu.net\/wordpress\/wp-json\/wp\/v2\/categories?post=287416"},{"taxonomy":"post_tag","embeddable":true,"href":"https:\/\/www.radiopiu.net\/wordpress\/wp-json\/wp\/v2\/tags?post=287416"}],"curies":[{"name":"wp","href":"https:\/\/api.w.org\/{rel}","templated":true}]}}