{"id":287419,"date":"2022-07-16T13:00:27","date_gmt":"2022-07-16T11:00:27","guid":{"rendered":"https:\/\/www.radiopiu.net\/wordpress\/?p=287419"},"modified":"2022-07-16T13:00:27","modified_gmt":"2022-07-16T11:00:27","slug":"il-cordoglio-di-dario-bond-per-la-scomparsa-di-antonio-padovan","status":"publish","type":"post","link":"https:\/\/www.radiopiu.net\/wordpress\/il-cordoglio-di-dario-bond-per-la-scomparsa-di-antonio-padovan\/","title":{"rendered":"IL CORDOGLIO DI DARIO BOND PER LA SCOMPARSA DI ANTONIO PADOVAN"},"content":{"rendered":"<p><strong><a class=\"dt-pswp-item\" href=\"https:\/\/www.radiopiu.net\/wordpress\/wp-content\/uploads\/2020\/05\/Dario-Bond.jpg\" data-dt-img-description=\"\" data-large_image_width=\"165\" data-large_image_height=\"228\"><img loading=\"lazy\" decoding=\"async\" class=\" wp-image-138833 alignleft\" src=\"https:\/\/www.radiopiu.net\/wordpress\/wp-content\/uploads\/2020\/05\/Dario-Bond-150x150.jpg\" alt=\"\" width=\"122\" height=\"122\" \/><\/a>ROMA<\/strong> \u201cPolitico attento ai bisogni dei cittadini e amministratore lungimirante. Questo \u00e8 stato Antonio Padovan. Ci mancher\u00e0\u201d. Cos\u00ec il deputato Dario Bond in una nota di cordoglio per la scomparsa di Antonio Padovan, gi\u00e0 sindaco di Arsi\u00e8 e presidente dell\u2019Ulss feltrina. \u201cSi \u00e8 impegnato molto per dare al territorio feltrino un ospedale di qualit\u00e0. E ha rappresentato una stagione della politica bellunese fatta di grandi sforzi amministrativi. Pochi giorni fa l\u2019ho incontrato in centro e ci siamo abbracciati. Fino all\u2019ultimo ha sempre avuto una grandissima lucidit\u00e0 di analisi sui fatti locali e nazionali. Mancher\u00e0 a me e al territorio. Un pensiero affettuoso ai suoi familiari\u201d.<\/p>\n<p>&nbsp;<\/p>\n<p>&nbsp;<\/p>\n<p>*****<\/p>\n","protected":false},"excerpt":{"rendered":"<p>ROMA \u201cPolitico attento ai bisogni dei cittadini e amministratore lungimirante. Questo \u00e8 stato Antonio Padovan. Ci mancher\u00e0\u201d. Cos\u00ec il deputato Dario Bond in una nota di cordoglio per la scomparsa di Antonio Padovan, gi\u00e0 sindaco di Arsi\u00e8 e presidente dell\u2019Ulss feltrina. \u201cSi \u00e8 impegnato molto per dare al territorio feltrino un ospedale di qualit\u00e0. E&hellip;<\/p>\n","protected":false},"author":4,"featured_media":287375,"comment_status":"closed","ping_status":"closed","sticky":false,"template":"","format":"standard","meta":{"_monsterinsights_skip_tracking":false,"_monsterinsights_sitenote_active":false,"_monsterinsights_sitenote_note":"","_monsterinsights_sitenote_category":0,"footnotes":""},"categories":[49],"tags":[],"class_list":["post-287419","post","type-post","status-publish","format-standard","has-post-thumbnail","hentry","category-news-18","category-49","description-off"],"img_url":"https:\/\/www.radiopiu.net\/wordpress\/wp-content\/uploads\/2022\/07\/aaa-3.jpg","_links":{"self":[{"href":"https:\/\/www.radiopiu.net\/wordpress\/wp-json\/wp\/v2\/posts\/287419","targetHints":{"allow":["GET"]}}],"collection":[{"href":"https:\/\/www.radiopiu.net\/wordpress\/wp-json\/wp\/v2\/posts"}],"about":[{"href":"https:\/\/www.radiopiu.net\/wordpress\/wp-json\/wp\/v2\/types\/post"}],"author":[{"embeddable":true,"href":"https:\/\/www.radiopiu.net\/wordpress\/wp-json\/wp\/v2\/users\/4"}],"replies":[{"embeddable":true,"href":"https:\/\/www.radiopiu.net\/wordpress\/wp-json\/wp\/v2\/comments?post=287419"}],"version-history":[{"count":0,"href":"https:\/\/www.radiopiu.net\/wordpress\/wp-json\/wp\/v2\/posts\/287419\/revisions"}],"wp:featuredmedia":[{"embeddable":true,"href":"https:\/\/www.radiopiu.net\/wordpress\/wp-json\/wp\/v2\/media\/287375"}],"wp:attachment":[{"href":"https:\/\/www.radiopiu.net\/wordpress\/wp-json\/wp\/v2\/media?parent=287419"}],"wp:term":[{"taxonomy":"category","embeddable":true,"href":"https:\/\/www.radiopiu.net\/wordpress\/wp-json\/wp\/v2\/categories?post=287419"},{"taxonomy":"post_tag","embeddable":true,"href":"https:\/\/www.radiopiu.net\/wordpress\/wp-json\/wp\/v2\/tags?post=287419"}],"curies":[{"name":"wp","href":"https:\/\/api.w.org\/{rel}","templated":true}]}}