{"id":287471,"date":"2022-07-17T09:06:50","date_gmt":"2022-07-17T07:06:50","guid":{"rendered":"https:\/\/www.radiopiu.net\/wordpress\/?p=287471"},"modified":"2022-07-17T19:14:09","modified_gmt":"2022-07-17T17:14:09","slug":"collage-operazione-nostalgia-un-viaggio-nella-musica-del-passato","status":"publish","type":"post","link":"https:\/\/www.radiopiu.net\/wordpress\/collage-operazione-nostalgia-un-viaggio-nella-musica-del-passato\/","title":{"rendered":"COLLAGE OPERAZIONE NOSTALGIA, UN VIAGGIO NELLA MUSICA DEL PASSATO"},"content":{"rendered":"<p><strong><a class=\"dt-pswp-item\" href=\"https:\/\/www.radiopiu.net\/wordpress\/wp-content\/uploads\/2022\/07\/Patty-Pravo.jpg\" data-dt-img-description=\"\" data-large_image_width=\"282\" data-large_image_height=\"179\"><img loading=\"lazy\" decoding=\"async\" class=\"alignleft wp-image-287486 \" src=\"https:\/\/www.radiopiu.net\/wordpress\/wp-content\/uploads\/2022\/07\/Patty-Pravo.jpg\" alt=\"\" width=\"206\" height=\"131\" \/><\/a>di Loris Scussel<\/strong><\/p>\n<p>Sar\u00e0 una selezione di brani pi\u00f9 o meno famosi a caratterizzare la nuova settimana di Collage Operazione Nostalgia, partiremo da \u201cTu sei tu sei tu\u201d di Eric Charden poi i Deep Purple di \u201cHush\u201d, Salvatore Adamo con \u201cLa Notte\u201d, la bionda Sylvie Vartan di \u201cIrresistibilmente\u201d, i Los Bravos di \u201cBlack is black\u201d, la nostra Patty Pravo di \u201cSentimento\u201d e tanti altri in una carrellata di proposte tutte da ascoltare. Collage va in onda dal luned\u00ec al venerd\u00ec alle 16,00 e alle 23,00 naturalmente su Radio Pi\u00f9.<\/p>\n<p>&nbsp;<\/p>\n<p>&nbsp;<\/p>\n<p>&nbsp;<\/p>\n<p>******<\/p>\n","protected":false},"excerpt":{"rendered":"<p>di Loris Scussel Sar\u00e0 una selezione di brani pi\u00f9 o meno famosi a caratterizzare la nuova settimana di Collage Operazione Nostalgia, partiremo da \u201cTu sei tu sei tu\u201d di Eric Charden poi i Deep Purple di \u201cHush\u201d, Salvatore Adamo con \u201cLa Notte\u201d, la bionda Sylvie Vartan di \u201cIrresistibilmente\u201d, i Los Bravos di \u201cBlack is black\u201d,&hellip;<\/p>\n","protected":false},"author":4,"featured_media":287486,"comment_status":"closed","ping_status":"closed","sticky":false,"template":"","format":"standard","meta":{"_monsterinsights_skip_tracking":false,"_monsterinsights_sitenote_active":false,"_monsterinsights_sitenote_note":"","_monsterinsights_sitenote_category":0,"footnotes":""},"categories":[104,49],"tags":[],"class_list":["post-287471","post","type-post","status-publish","format-standard","has-post-thumbnail","hentry","category-evidenza_3","category-news-18","category-104","category-49","description-off"],"img_url":"https:\/\/www.radiopiu.net\/wordpress\/wp-content\/uploads\/2022\/07\/Patty-Pravo.jpg","_links":{"self":[{"href":"https:\/\/www.radiopiu.net\/wordpress\/wp-json\/wp\/v2\/posts\/287471","targetHints":{"allow":["GET"]}}],"collection":[{"href":"https:\/\/www.radiopiu.net\/wordpress\/wp-json\/wp\/v2\/posts"}],"about":[{"href":"https:\/\/www.radiopiu.net\/wordpress\/wp-json\/wp\/v2\/types\/post"}],"author":[{"embeddable":true,"href":"https:\/\/www.radiopiu.net\/wordpress\/wp-json\/wp\/v2\/users\/4"}],"replies":[{"embeddable":true,"href":"https:\/\/www.radiopiu.net\/wordpress\/wp-json\/wp\/v2\/comments?post=287471"}],"version-history":[{"count":0,"href":"https:\/\/www.radiopiu.net\/wordpress\/wp-json\/wp\/v2\/posts\/287471\/revisions"}],"wp:featuredmedia":[{"embeddable":true,"href":"https:\/\/www.radiopiu.net\/wordpress\/wp-json\/wp\/v2\/media\/287486"}],"wp:attachment":[{"href":"https:\/\/www.radiopiu.net\/wordpress\/wp-json\/wp\/v2\/media?parent=287471"}],"wp:term":[{"taxonomy":"category","embeddable":true,"href":"https:\/\/www.radiopiu.net\/wordpress\/wp-json\/wp\/v2\/categories?post=287471"},{"taxonomy":"post_tag","embeddable":true,"href":"https:\/\/www.radiopiu.net\/wordpress\/wp-json\/wp\/v2\/tags?post=287471"}],"curies":[{"name":"wp","href":"https:\/\/api.w.org\/{rel}","templated":true}]}}