{"id":287491,"date":"2022-07-19T05:52:02","date_gmt":"2022-07-19T03:52:02","guid":{"rendered":"https:\/\/www.radiopiu.net\/wordpress\/?p=287491"},"modified":"2023-09-26T14:29:51","modified_gmt":"2023-09-26T12:29:51","slug":"motociclista-di-longarone-perde-la-vita-nellincidente-di-castellavazzo","status":"publish","type":"post","link":"https:\/\/www.radiopiu.net\/wordpress\/motociclista-di-longarone-perde-la-vita-nellincidente-di-castellavazzo\/","title":{"rendered":"SABATO I FUNERALI DI NICOLA VALMASSONI"},"content":{"rendered":"<p>&nbsp;<\/p>\n<blockquote>\n<h3><\/h3>\n<\/blockquote>\n<p>&nbsp;<\/p>\n<p><strong><a class=\"dt-pswp-item\" href=\"https:\/\/www.radiopiu.net\/wordpress\/wp-content\/uploads\/2022\/07\/FFFF.jpg\" data-dt-img-description=\"\" data-large_image_width=\"294\" data-large_image_height=\"300\"><img loading=\"lazy\" decoding=\"async\" class=\"size-thumbnail wp-image-287538 alignleft\" src=\"https:\/\/www.radiopiu.net\/wordpress\/wp-content\/uploads\/2022\/07\/FFFF-150x150.jpg\" alt=\"\" width=\"150\" height=\"150\" \/><\/a>LONGARONE<\/strong> Gi\u00e0 ieri \u00e8 stato rilasciato il nulla osta per l&#8217;estremo saluto al giovane di Castellavazzo morto nel drammatico incidente di domenica mattina.\u00a0 La famiglia ha quindi deciso la data dei funerali di Nicola Valmassoni: sabato alle 11.30, nella chiesa parrocchiale di Longarone, Il rito funebre sar\u00e0 officiato da don Rinaldo.Nicola Valmassoni, 29 anni,\u00a0 lavorava come autista sugli autobus del servizio urbano di Cortina e domenica mattina avrebbe dovuto prendere servizio, per salire nell&#8217;ampezzano aveva scelto di salire sulla Ducati, ma il viaggio si \u00e8 purtroppo concluso all&#8217;inizio della galleria di termine contro una Skoda Octavia guidata da un 45enne.<\/p>\n<p>&nbsp;<\/p>\n<p><span style=\"color: #ff0000;\"><strong>IERI E DOMENICA ALLA RADIO<\/strong><\/span><\/p>\n<blockquote>\n<h3>MOTOCICLISTA DI LONGARONE PERDE LA VITA NELL&#8217;INCIDENTE DI CASTELLAVAZZO<\/h3>\n<\/blockquote>\n<p><strong>CASTELLAVAZZO<\/strong> Nicola Valmassoni, 29 anni di Longarone la vittima dell&#8217;incidente mortale avvenuto ieri alle 6:30 sulla 51 D&#8217;Alemagna a Castellavazzo. La strada \u00e8 rimasta chiusa per quasi tre ore. Sul posto, oltre alle squadre di ANAS, anche i Vigili del Fuoco, Suem 118 e i Carabinieri per le verifiche del caso.\u00a0 Nicola Valmassoni\u00a0 lavorava come autista di autobus\u00a0 a Cortina dove si stata recando per iniziare\u00a0 il servizio. Il 29enne di Castellavazzo\u00a0 era partito dalla nuova abitazione di Ponte nelle Alpi dove viveva con la compagna Alessandra.\u00a0 Lo schianto \u00e8 avvenuto all&#8217;imbocco della galleria Termine,. Valmassoni \u00e8 morto sul colpo per la gravit\u00e0 delle ferite e dei traumi. Conseguenze limitate, invece, per il 45enne conducente dell&#8217;autovettura.\u00a0 Nicola lascia Alessandra, il pap\u00e0 Emidio la mamma\u00a0 e il fratello Samuele.<\/p>\n\n\t\t\t<style type='text\/css'>\n\t\t\t\t#gallery-1 {\n\t\t\t\t\tmargin: auto;\n\t\t\t\t}\n\t\t\t\t#gallery-1 .gallery-item {\n\t\t\t\t\tfloat: left;\n\t\t\t\t\tmargin-top: 10px;\n\t\t\t\t\ttext-align: center;\n\t\t\t\t\twidth: 50%;\n\t\t\t\t}\n\t\t\t\t#gallery-1 img {\n\t\t\t\t\tborder: 2px solid #cfcfcf;\n\t\t\t\t}\n\t\t\t\t#gallery-1 .gallery-caption {\n\t\t\t\t\tmargin-left: 0;\n\t\t\t\t}\n\t\t\t\t\/* see gallery_shortcode() in wp-includes\/media.php *\/\n\t\t\t<\/style>\n\t\t<div id='gallery-1' class='dt-gallery-container gallery galleryid-287491 gallery-columns-2 gallery-size-medium'><dl class='gallery-item'>\n\t\t\t\t<dt class='gallery-icon landscape'>\n\t\t\t\t\t<a class=\"rollover rollover-zoom dt-pswp-item\" title=\"032f0aed-4a2e-4107-9cdd-9507ac95a354\" data-dt-img-description=\"\" data-large_image_width=\"812\" data-large_image_height=\"495\"href='https:\/\/www.radiopiu.net\/wordpress\/wp-content\/uploads\/2022\/07\/032f0aed-4a2e-4107-9cdd-9507ac95a354.jpg'><img loading=\"lazy\" decoding=\"async\" width=\"300\" height=\"183\" src=\"https:\/\/www.radiopiu.net\/wordpress\/wp-content\/uploads\/2022\/07\/032f0aed-4a2e-4107-9cdd-9507ac95a354-300x183.jpg\" class=\"attachment-medium size-medium\" alt=\"\" srcset=\"https:\/\/www.radiopiu.net\/wordpress\/wp-content\/uploads\/2022\/07\/032f0aed-4a2e-4107-9cdd-9507ac95a354-300x183.jpg 300w, https:\/\/www.radiopiu.net\/wordpress\/wp-content\/uploads\/2022\/07\/032f0aed-4a2e-4107-9cdd-9507ac95a354-768x468.jpg 768w, https:\/\/www.radiopiu.net\/wordpress\/wp-content\/uploads\/2022\/07\/032f0aed-4a2e-4107-9cdd-9507ac95a354.jpg 812w\" sizes=\"auto, (max-width: 300px) 100vw, 300px\" \/><\/a>\n\t\t\t\t<\/dt><\/dl><dl class='gallery-item'>\n\t\t\t\t<dt class='gallery-icon landscape'>\n\t\t\t\t\t<a class=\"rollover rollover-zoom dt-pswp-item\" title=\"e3ee6371-a101-4245-97f5-363fc8f46f14\" data-dt-img-description=\"\" data-large_image_width=\"960\" data-large_image_height=\"686\"href='https:\/\/www.radiopiu.net\/wordpress\/wp-content\/uploads\/2022\/07\/e3ee6371-a101-4245-97f5-363fc8f46f14.jpg'><img loading=\"lazy\" decoding=\"async\" width=\"300\" height=\"214\" src=\"https:\/\/www.radiopiu.net\/wordpress\/wp-content\/uploads\/2022\/07\/e3ee6371-a101-4245-97f5-363fc8f46f14-300x214.jpg\" class=\"attachment-medium size-medium\" alt=\"\" srcset=\"https:\/\/www.radiopiu.net\/wordpress\/wp-content\/uploads\/2022\/07\/e3ee6371-a101-4245-97f5-363fc8f46f14-300x214.jpg 300w, https:\/\/www.radiopiu.net\/wordpress\/wp-content\/uploads\/2022\/07\/e3ee6371-a101-4245-97f5-363fc8f46f14-768x549.jpg 768w, https:\/\/www.radiopiu.net\/wordpress\/wp-content\/uploads\/2022\/07\/e3ee6371-a101-4245-97f5-363fc8f46f14.jpg 960w\" sizes=\"auto, (max-width: 300px) 100vw, 300px\" \/><\/a>\n\t\t\t\t<\/dt><\/dl><br style=\"clear: both\" \/>\n\t\t\t<\/div>\n\n<p>&nbsp;<\/p>\n<p>&nbsp;<\/p>\n<p>&nbsp;<\/p>\n<p>&nbsp;<\/p>\n<p>*****<\/p>\n","protected":false},"excerpt":{"rendered":"<p>&nbsp; &nbsp; LONGARONE Gi\u00e0 ieri \u00e8 stato rilasciato il nulla osta per l&#8217;estremo saluto al giovane di Castellavazzo morto nel drammatico incidente di domenica mattina.\u00a0 La famiglia ha quindi deciso la data dei funerali di Nicola Valmassoni: sabato alle 11.30, nella chiesa parrocchiale di Longarone, Il rito funebre sar\u00e0 officiato da don Rinaldo.Nicola Valmassoni, 29&hellip;<\/p>\n","protected":false},"author":4,"featured_media":287538,"comment_status":"closed","ping_status":"closed","sticky":false,"template":"","format":"standard","meta":{"_monsterinsights_skip_tracking":false,"_monsterinsights_sitenote_active":false,"_monsterinsights_sitenote_note":"","_monsterinsights_sitenote_category":0,"footnotes":""},"categories":[51,49],"tags":[],"class_list":["post-287491","post","type-post","status-publish","format-standard","has-post-thumbnail","hentry","category-evidenza-top","category-news-18","category-51","category-49","description-off"],"img_url":"https:\/\/www.radiopiu.net\/wordpress\/wp-content\/uploads\/2022\/07\/FFFF.jpg","_links":{"self":[{"href":"https:\/\/www.radiopiu.net\/wordpress\/wp-json\/wp\/v2\/posts\/287491","targetHints":{"allow":["GET"]}}],"collection":[{"href":"https:\/\/www.radiopiu.net\/wordpress\/wp-json\/wp\/v2\/posts"}],"about":[{"href":"https:\/\/www.radiopiu.net\/wordpress\/wp-json\/wp\/v2\/types\/post"}],"author":[{"embeddable":true,"href":"https:\/\/www.radiopiu.net\/wordpress\/wp-json\/wp\/v2\/users\/4"}],"replies":[{"embeddable":true,"href":"https:\/\/www.radiopiu.net\/wordpress\/wp-json\/wp\/v2\/comments?post=287491"}],"version-history":[{"count":0,"href":"https:\/\/www.radiopiu.net\/wordpress\/wp-json\/wp\/v2\/posts\/287491\/revisions"}],"wp:featuredmedia":[{"embeddable":true,"href":"https:\/\/www.radiopiu.net\/wordpress\/wp-json\/wp\/v2\/media\/287538"}],"wp:attachment":[{"href":"https:\/\/www.radiopiu.net\/wordpress\/wp-json\/wp\/v2\/media?parent=287491"}],"wp:term":[{"taxonomy":"category","embeddable":true,"href":"https:\/\/www.radiopiu.net\/wordpress\/wp-json\/wp\/v2\/categories?post=287491"},{"taxonomy":"post_tag","embeddable":true,"href":"https:\/\/www.radiopiu.net\/wordpress\/wp-json\/wp\/v2\/tags?post=287491"}],"curies":[{"name":"wp","href":"https:\/\/api.w.org\/{rel}","templated":true}]}}