{"id":287662,"date":"2022-07-19T05:55:16","date_gmt":"2022-07-19T03:55:16","guid":{"rendered":"https:\/\/www.radiopiu.net\/wordpress\/?p=287662"},"modified":"2022-07-19T09:28:38","modified_gmt":"2022-07-19T07:28:38","slug":"giornale-radiopiu-19-luglio-2022-direttore-mirko-mezzacasa","status":"publish","type":"post","link":"https:\/\/www.radiopiu.net\/wordpress\/giornale-radiopiu-19-luglio-2022-direttore-mirko-mezzacasa\/","title":{"rendered":"GIORNALE RADIOPIU 19 LUGLIO 2022 DIRETTORE MIRKO MEZZACASA"},"content":{"rendered":"<h3 class=\"kvgmc6g5 cxmmr5t8 oygrvhab hcukyx3x c1et5uql\"><span style=\"color: #0000ff;\"><strong>RADIO PIU INFORMAZIONE il canale su TELEGRAM informazione di prima\u00a0 <\/strong><\/span><span style=\"color: #0000ff;\"><strong>mano e in tempo reale. iscriviti ed aiutaci a farlo conoscere\u00a0 \u00a0<\/strong><\/span><\/h3>\n<p>&nbsp;<\/p>\n<p><iframe loading=\"lazy\" title=\"Rocca Pietore, Marmolada, Val Pettorina\" width=\"1200\" height=\"675\" src=\"https:\/\/www.youtube.com\/embed\/fnodpFI2M1w?feature=oembed\" frameborder=\"0\" allow=\"accelerometer; autoplay; clipboard-write; encrypted-media; gyroscope; picture-in-picture\" allowfullscreen><\/iframe><\/p>\n<p>&nbsp;<\/p>\n<p>&nbsp;<\/p>\n<hr \/>\n<p>&nbsp;<\/p>\n<blockquote>\n<h3>INTERRUZIONE ELETTRICA A TAIBON IN LOCALITA&#8217; PEDEN<\/h3>\n<\/blockquote>\n<p><strong>TAIBON <\/strong>Enel comunica che gioved\u00ec dalle 10 alle 12 ci sar\u00e0 un&#8217;interruzione sulla linea elettrica in frazione Peden.<\/p>\n<p>&nbsp;<\/p>\n<p>&nbsp;<\/p>\n<hr \/>\n<blockquote>\n<h3><\/h3>\n<h3><\/h3>\n<h3>MARMOLADA. NULLA OSTA PROCURA TRENTO PER FUNERALI<\/h3>\n<\/blockquote>\n<p><strong><img loading=\"lazy\" decoding=\"async\" class=\"alignleft\" src=\"https:\/\/www.radiopiu.net\/wordpress\/wp-content\/uploads\/2022\/06\/lutto-delvecchio.png\" width=\"62\" height=\"94\" \/>CANAZEI (TRENTO)- VENEZIA\u00a0<\/strong> <em>\u201cSi avvicina, dopo il nulla osta della Procura di Trento, il momento dei funerali delle undici vittime della tragedia della Marmolada. Da parte nostra sar\u00e0 un addio carico di dolore e di cordoglio, per le vittime venete, come per tutti gli altri\u201d. <\/em>Lo dice il Presidente della Regione Veneto, Luca Zaia, dopo che la Procura della Repubblica di Trento, titolare delle indagini, ha dato il via libera all\u2019organizzazione delle esequie delle vittime del crollo del Seracco in Marmolada. <em>\u201cSi rinnover\u00e0 \u2013 aggiunge Zaia \u2013 il forte sentimento di vicinanza alle famiglie, mai sopito nei giorni dopo la tragedia, mentre verr\u00e0 dato l\u2019ultimo saluto a persone amanti della montagna che rimarranno nei nostri cuori come le vittime di una dalle pi\u00f9 grandi tragedie della storia dei nostri monti\u201d.<\/em><\/p>\n<p>&nbsp;<\/p>\n<p>&nbsp;<\/p>\n<p>&nbsp;<\/p>\n<p>&nbsp;<\/p>\n<hr \/>\n<blockquote>\n<h3 class=\"entry-title\">INCENDIO DI LAMON, RIENTRATO L\u2019ELICOTTERO. ANCORA FUMO PRESENTE<\/h3>\n<\/blockquote>\n<p><strong>LAMON<\/strong>\u00a0Dall\u2019assessore alla Protezione Civile del Veneto, Gianpaolo Bottacin:<em> \u201cIncendio di Lamon contenuto ma ancora fumo presente\u201d.\u00a0<\/em>Questa la prima notizia ieri pomeriggio.\u00a0 Alle 20:45\u00a0 l\u2019elicottero \u00e8 rientrato dopo ore di lavori dei Vigili del Fuoco e ANA. Sopralluogo previsto per questa\u00a0 mattina all\u2019alba. L&#8217;Ana Feltre \u00e8 gi\u00e0 attivata e \u2019elicottero preallertato<\/p>\n\n\t\t\t<style type='text\/css'>\n\t\t\t\t#gallery-1 {\n\t\t\t\t\tmargin: auto;\n\t\t\t\t}\n\t\t\t\t#gallery-1 .gallery-item {\n\t\t\t\t\tfloat: left;\n\t\t\t\t\tmargin-top: 10px;\n\t\t\t\t\ttext-align: center;\n\t\t\t\t\twidth: 50%;\n\t\t\t\t}\n\t\t\t\t#gallery-1 img {\n\t\t\t\t\tborder: 2px solid #cfcfcf;\n\t\t\t\t}\n\t\t\t\t#gallery-1 .gallery-caption {\n\t\t\t\t\tmargin-left: 0;\n\t\t\t\t}\n\t\t\t\t\/* see gallery_shortcode() in wp-includes\/media.php *\/\n\t\t\t<\/style>\n\t\t<div id='gallery-1' class='dt-gallery-container gallery galleryid-287662 gallery-columns-2 gallery-size-thumbnail'><dl class='gallery-item'>\n\t\t\t\t<dt class='gallery-icon portrait'>\n\t\t\t\t\t<a class=\"rollover rollover-zoom dt-pswp-item\" title=\"b73c80c1-19af-46ca-9e31-d9d2d6ceeeb7\" data-dt-img-description=\"\" data-large_image_width=\"899\" data-large_image_height=\"1599\"href='https:\/\/www.radiopiu.net\/wordpress\/wp-content\/uploads\/2022\/07\/b73c80c1-19af-46ca-9e31-d9d2d6ceeeb7.jpg'><img loading=\"lazy\" decoding=\"async\" width=\"150\" height=\"150\" src=\"https:\/\/www.radiopiu.net\/wordpress\/wp-content\/uploads\/2022\/07\/b73c80c1-19af-46ca-9e31-d9d2d6ceeeb7-150x150.jpg\" class=\"attachment-thumbnail size-thumbnail\" alt=\"\" \/><\/a>\n\t\t\t\t<\/dt><\/dl><dl class='gallery-item'>\n\t\t\t\t<dt class='gallery-icon portrait'>\n\t\t\t\t\t<a class=\"rollover rollover-zoom dt-pswp-item\" title=\"3e08cc01-6768-4ecc-8a70-b5b72d2f2126\" data-dt-img-description=\"\" data-large_image_width=\"899\" data-large_image_height=\"1599\"href='https:\/\/www.radiopiu.net\/wordpress\/wp-content\/uploads\/2022\/07\/3e08cc01-6768-4ecc-8a70-b5b72d2f2126.jpg'><img loading=\"lazy\" decoding=\"async\" width=\"150\" height=\"150\" src=\"https:\/\/www.radiopiu.net\/wordpress\/wp-content\/uploads\/2022\/07\/3e08cc01-6768-4ecc-8a70-b5b72d2f2126-150x150.jpg\" class=\"attachment-thumbnail size-thumbnail\" alt=\"\" \/><\/a>\n\t\t\t\t<\/dt><\/dl><br style=\"clear: both\" \/>\n\t\t\t<\/div>\n\n<p>&nbsp;<\/p>\n<p>&nbsp;<\/p>\n<hr \/>\n<p>&nbsp;<\/p>\n<p><span style=\"color: #ff0000;\"><strong>IERI SERA, TELEFONI &#8220;BOLLENTI&#8221; NELLA REDAZIONE DI RADIO PIU&#8217;<\/strong><\/span><\/p>\n<blockquote>\n<h3>DA VIA INSURREZIONE A VIA TETO PICIOL SENZ&#8217;ACQUA ALL&#8217;ORA DELLA DOCCIA<\/h3>\n<\/blockquote>\n<p><strong><a class=\"dt-pswp-item\" href=\"https:\/\/www.radiopiu.net\/wordpress\/wp-content\/uploads\/2022\/07\/60c706d6-97c2-4745-b8dc-223629864100.jpg\" data-dt-img-description=\"\" data-large_image_width=\"1536\" data-large_image_height=\"2048\"><img loading=\"lazy\" decoding=\"async\" class=\"size-thumbnail wp-image-287910 alignleft\" src=\"https:\/\/www.radiopiu.net\/wordpress\/wp-content\/uploads\/2022\/07\/60c706d6-97c2-4745-b8dc-223629864100-150x150.jpg\" alt=\"\" width=\"150\" height=\"150\" \/><\/a>AGORDO<\/strong> E chi era sotto la doccia \u00e8 rimasto insaponato e\u00a0 ha dovuto attendere un po&#8217; prima del risciacquo, \u00e8 andata meglio a chi era ai fornelli graziato all&#8217;ora di cena,\u00a0 visto che ha\u00a0 potuto cuocere e servire la minestra, ma anche lavare le stoviglie, probabilmente questo era calcolato. Da ieri mattina erano programmati i lavori in Viale Sommariva e Via Insurrezione, dalle 8 a fine lavori,\u00a0 questo diceva l&#8217;avviso di Gsp che pertanto \u00e8 dalla parte della ragione: dalle 8 a fine lavori,\u00a0 ovvero fino a notte inoltrata. Evidentemente lavori lunghi. Molte le telefonate\u00a0 in redazione dalle 21 in poi,\u00a0 per la richiesta di chiarimenti: da via Insurrezione, Raffaele Costa, Teto Piciol e fino a Toccol,\u00a0 anche se la soluzione migliore sarebbe stata\u00a0 &#8211; riuscendoci &#8211; di\u00a0 contattare il numero verde di Gsp. Noi ci abbiamo provato ma dopo 3 minuti la gentilissima voce registrata ancora ripeteva sulle note delle quattro stagioni <em>&#8220;si prega di attendere, un operatore sar\u00e0 a sua disposizione nel pi\u00f9 breve tempo possibile, rimanga in attesa per non perdere la priorit\u00e0 acquisita&#8221;.\u00a0<\/em>A proposito di Viale Sommariva, in piena crisi idrica, nonostante l&#8217;accorato appello del sindaco Roberto Chissal\u00e8 (su sollecitazione di Gsp)\u00a0 a non sprecare acqua, nel piazzale delle scuole medie l&#8217;idrante attorno alle 21.30\u00a0 (lo documenta la foto), ha continuato a far sgorgare proprio acqua formando un laghetto, probabilmente per esigenze di cantiere, ma chi \u00e8 stato invitato a non sprecare acqua per bagnare i fiori, lavare l&#8217;auto o riempire la piscina privata,\u00a0 potrebbe averla presa male. A proposito nel numero verde, mentre scrivo sono passati i primi 8 minuti e continuo a sentire le quattro stagioni e la cortese voce femminile che mi informa che un operatore sar\u00e0 a disposizione nel pi\u00f9 breve tempo possibile. Dopo 12 minuti finalmente l&#8217;operatore risponde, nel pi\u00f9 breve tempo possibile ovviamente<em>\u00a0&#8220;Abbiamo posticipato i lavori a questa sera&#8221; .\u00a0<\/em>Al cantiere di via Insurrezione nessuno ha per\u00f2 parlato di posticipo, piuttosto di lavori difficili, impegnativi, che sono andati per le lunghe (fino ad oltre la mezzanotte) e,\u00a0 se dobbiamo credere a qualcuno,\u00a0 confidiamo in chi si\u00a0 sporca le mani e lavora fino a notte nel fango tra tubi e saracinesche da aprire e chiudere. Tutto lecito ci mancherebbe,\u00a0 ma era cos\u00ec difficile informare i mezzi di informazione, inviare un sms agli utenti, oppure pubblicare la notizia sui siti internet in questi tempi di social media? Nell&#8217;Agordino ad esempio,\u00a0 a volte, spesso \u00e8 sufficiente\u00a0 informare la radio locale sempre pronta a divulgare le comunicazioni importanti a costo zero e in tempo reale non il giorno dopo, ma evidentemente a Belluno negli uffici Gsp la cosa pare non sia nota. Un comunicato certo, come si fa quando si aprono o chiudono cantieri da decine di migliaia d&#8217;euro, in quei casi le mail non mancano mai,\u00a0 con tanto di interviste e foto di volti sorridenti, entusiasti e soddisfatti, ma non importa parafrasando Ligabue &#8220;Niente Paura&#8221;, Radio Pi\u00f9 \u00e8 presente quotidianamente da 40 anni, gli amministratori qui o l\u00e0 vengono e vanno, quindi la speranza \u00e8 che prima o poi cambier\u00e0.\u00a0<strong><br \/>\n<\/strong><\/p>\n<p>mirko mezzacasa<\/p>\n<p>&nbsp;<\/p>\n<blockquote>\n<h3><strong>Viale Sommariva, scuole medie ore 23.00<\/strong><\/h3>\n<\/blockquote>\n<p>https:\/\/www.facebook.com\/mirko.mezzacasa\/videos\/1063876737565413<\/p>\n<p>&nbsp;<\/p>\n<p>&nbsp;<\/p>\n<p>&nbsp;<\/p>\n<p>&nbsp;<\/p>\n<hr \/>\n<p>&nbsp;<\/p>\n<blockquote>\n<h3><span style=\"color: #ff0000;\">BELLUNO: DOMANI\u00a0 E IL 27 LUGLIO SENZ&#8217;ACQUA PER I LAVORI IN CENTRO<\/span><\/h3>\n<\/blockquote>\n<p><strong><img loading=\"lazy\" decoding=\"async\" class=\"alignleft\" src=\"https:\/\/www.radiopiu.net\/wordpress\/wp-content\/uploads\/2021\/06\/th-12.jpg\" width=\"218\" height=\"145\" \/>BELLUNO<\/strong>\u00a0 <span class=\"selectable-text copyable-text\">\u00a0Domani black out idrico\u00a0 nelle vie Cipro e Rialto: porter\u00e0 all\u2019effettiva sospensione della fornitura idrica dalle 14 fino a notte inoltrata o alle prime ore del mattino successivo. La mancanza d\u2019acqua coinvolger\u00e0 le seguenti zone della Citt\u00e0: Centro, compreso il Centro Storico, Borgo Piave e Borgo Pr\u00e0.\u00a0 Nei due giorni successivi, ripristino della pavimentazione stradale, senza interruzioni nell\u2019erogazione idrica ma con possibili limitazioni al traffico cittadino. Dal 25 luglio partir\u00e0 la seconda fase e sar\u00e0 localizzata tra le piazze Castello e Duomo: la sospensione della fornitura d\u2019acqua sar\u00e0 circoscritta alla sola giornata del 27 luglio, a partire dalle\u00a0 14 fino a conclusione dei lavori. La mancanza d\u2019acqua interesser\u00e0 il solo Centro Storico. Domani saranno a disposizione dell\u2019utenza due autobotti con acqua potabile: saranno posizionate in piazza dei Martiri e in piazza Duomo e consentiranno prelievi in autonomia. Nella giornata del 27 luglio l\u2019autobotte sar\u00e0 presente in piazza Duomo.\u00a0<\/span><\/p>\n<p>&nbsp;<\/p>\n<p>&nbsp;<\/p>\n<p>&nbsp;<\/p>\n<hr \/>\n<blockquote>\n<h3><\/h3>\n<h3>CRISI DI PANICO PER UN ESCURSIONISTA SUL PELMO<\/h3>\n<\/blockquote>\n<p><strong>BORCA DI CADORE<\/strong> Ieri verso le 10 l&#8217;elicottero di Dolomiti Emergency \u00e8 volato lungo il Sentiero Flaibani al Pelmo, il numero 480, nel comune di Borca di Cadore, dove un escursionista in compagnia di altre due persone era stato colto da una crisi di panico e non era pi\u00f9 in grado di muoversi. Il 32enne di Siena, che si trovava a 2.200 metri di quota, \u00e8 stato raggiunto dal tecnico di elisoccorso, calato con 20 metri di verricello. Una volta assicurato \u00e8 stato recuperato con la stessa modalit\u00e0, accompagnato a Fiames e affidato all&#8217;ambulanza, diretta all&#8217;ospedale di Cortina per i dovuti accertamenti.<\/p>\n<p>&nbsp;<\/p>\n<p>&nbsp;<\/p>\n<blockquote>\n<h3>RUZZOLA SUL GHIAIONE SOTTO AL CRISTALLO<\/h3>\n<\/blockquote>\n<p><strong>CORTINA<\/strong> L&#8217;eliambulanza \u00e8 stata inviata su uno dei sentieri di accesso alla Ferrata Dibona sul Cristallo, dalla parte del Monte Padeon, per un escursionista che, mentre saliva con un amico, era ruzzolato una decina di metri sul ghiaione e si era bloccato, incapace di risalire. Sbarcato di lato nelle vicinanze, il tecnico di elisoccorso si \u00e8 avvicinato a piedi al 39enne di Cerignola (FG), per poi provvedere al suo imbarco avvenuto anche in questo caso con il verricello. L&#8217;uomo, illeso, \u00e8 stato lasciato a Fiames.<\/p>\n<p>&nbsp;<\/p>\n<p>&nbsp;<\/p>\n<blockquote>\n<h3>COPPIA DI ESCURSIONISTI TEDESCHI, LEI CADE, LUI HA UN MANCAMENTO<\/h3>\n<\/blockquote>\n<p><strong><img loading=\"lazy\" decoding=\"async\" class=\"alignleft\" src=\"https:\/\/www.radiopiu.net\/wordpress\/wp-content\/uploads\/2018\/01\/4-foto-berletti-monte-civetta.jpg\" width=\"116\" height=\"77\" \/>ALLEGHE<\/strong>\u00a0 Ieri alle\u00a0 14.30 il 118 \u00e8 stato attivato per una caduta lungo il sentiero 560, che passa sotto la Torre di Valgrande in Civetta. Una escursionista 68enne tedesca, che faceva parte di una comitiva di 10 persone, era infatti scivolata a lato del tracciato, ruzzolando per una ventina di metri nel ghiaione sottostante, e il marito coetaneo, per lo spavento, aveva perso i sensi. Lanciato l&#8217;allarme con le precise coordinate del luogo dell&#8217;incidente, i compagni erano scesi dalla donna aiutandola a risalire sul sentiero e medicandole le escoriazioni riportate. Non appena giunto sulla verticale, l&#8217;elicottero del Suem di Pieve di Cadore ha sbarcato personale medico e tecnico di elisoccorso con un verricello di 30 metri. Prestate le prime cure alla donna per un possibile trauma cranico, i soccorritori l&#8217;hanno imbarellata e issata a bordo, per poi recuperare anche il marito. Entrambi sono stati trasportati all&#8217;ospedale di Belluno.<\/p>\n<p>&nbsp;<\/p>\n<hr \/>\n<p>&nbsp;<\/p>\n<blockquote>\n<h3>ESCURSIONISTA COLTO DA MALORE SOTTO RA STUA<\/h3>\n<\/blockquote>\n<p><img loading=\"lazy\" decoding=\"async\" class=\"alignleft\" src=\"https:\/\/www.radiopiu.net\/wordpress\/wp-content\/uploads\/2022\/07\/salt_20220718_163259_774.jpg\" width=\"90\" height=\"120\" \/><strong>CORTNA <\/strong>Ieri \u00a0alle 14 circa la Centrale del Suem ha allertato il Soccorso alpino di Cortina, per un escursionista colto da inprovviso malore mentre con la moglie risaliva il sentiero da Antruiles verso Ra Stua. Sul posto \u00e8 subito intervenuta una squadra del Soccorso alpino della Guardia di finanza, che ha assistito la coppia dando le coordinate del posto all&#8217;elicottero di Dolomiti Emergency in avvicinamento. Sbarcati tra gli alberi con un verricello di 60 metri, equipe medica e tecnico di elisoccorso hanno provveduto alle prime verifiche sanitarie, per poi imbarellare S.L., 75 anni, di Rimini e trasportarlo all&#8217;ospedale di Belluno. La moglie \u00e8 rientrata assieme ai soccorritori.<\/p>\n<p>&nbsp;<\/p>\n<hr \/>\n<p>&nbsp;<\/p>\n<blockquote>\n<h3>DODICENNE SI INFORTUNA A PIAN DE LOA<\/h3>\n<\/blockquote>\n<p><strong><img loading=\"lazy\" decoding=\"async\" class=\"alignleft\" src=\"https:\/\/www.radiopiu.net\/wordpress\/wp-content\/uploads\/2021\/12\/salt-suem.jpg\" width=\"146\" height=\"109\" \/>CORTINA <\/strong>Ieri pomeriggio\u00a0 il Soccorso alpino di Cortina \u00e8 stato inviato a Pian de Loa dove, dopo aver fatto il giro delle Cascate di Fanes con i genitori, una dodicenne di Conegliano (TV), aveva messo male un piede, con conseguente possibile trauma alla caviglia. Una squadra ha raggiunto la ragazza in jeep per poi accompagnarla assieme ai genitori alla loro macchina. La famiglia si \u00e8 poi allontanata autonomamente.<\/p>\n<p>&nbsp;<\/p>\n<p>&nbsp;<\/p>\n<hr \/>\n<p>&nbsp;<\/p>\n<blockquote>\n<h3 class=\"entry-title\">ESCURSIONISTA SCIVOLA E SBATTE LA TESTA<\/h3>\n<\/blockquote>\n<p><strong>ALLEGHE\u00a0<\/strong>Attorno alle 20 di ieri l\u2019elicottero del Suem di Pieve di Cadore \u00e8 intervenuto in localit\u00e0 Cason di Col Rean, dove un\u2019escursionista slovena di 58 anni era caduta e aveva sbattuto la testa. Dopo averle prestato le prime cure a seguito del probabile trauma cranico riportato, sul posto c\u2019era in assistenza anche il gestore del Rifugio Vazzoler, i soccorritori hanno caricato a bordo la donna e la hanno trasportata all\u2019ospedale di Belluno.<\/p>\n<p>&nbsp;<\/p>\n<p>&nbsp;<\/p>\n<hr \/>\n<p>&nbsp;<\/p>\n<blockquote>\n<h3>PAZIENTE MUORE IN OSPEDALE, IL PROCESSO A TRE MEDICI<\/h3>\n<\/blockquote>\n<p><strong>OGGI SUL CORRIERE DELLE ALPI<\/strong><\/p>\n<p><strong>DI GIGI SOSSO<\/strong><\/p>\n<p><strong><img loading=\"lazy\" decoding=\"async\" class=\"alignleft\" src=\"https:\/\/www.radiopiu.net\/wordpress\/wp-content\/uploads\/2022\/07\/ASDASDASD-5.jpg\" width=\"184\" height=\"147\" \/>BELLUNO<\/strong> Il suo medico di base aveva chiesto dell&#8217;aorta. E Giuliano Bolzan sarebbe morto proprio per la dissezione dell&#8217;arteria, nel reparto di Cardiologia del Santa Maria del Prato di Feltre, il 10 maggio di due anni fa. Nel processo per l&#8217;ipotesi di reato di omicidio colposo ai medici del Pronto soccorso Luis Carlos Montufar Talavera e Alessandro Zanchin e alla cardiologa Nella Schenal, il giudice Angela Feletto ha disposto una superperizia per stabilire le cause del decesso del 75enne ex responsabile della delegazione Aci di Feltre e valutare l&#8217;operato degli imputati&#8230;Drammatica la testimonianza della moglie Lucianella, che a differenza della figlia Simona non chiede i danni in vista di una causa civile. La donna ha ripercorso tutta la vicenda<\/p>\n<p>&nbsp;<\/p>\n<p>&nbsp;<\/p>\n<hr \/>\n<p>&nbsp;<\/p>\n<p>&nbsp;<\/p>\n<blockquote>\n<h2>IL PRIMO CONSIGLIO DELLA SINDACA FUSARO, ENNIO TRENTO E&#8217; IL PRESIDENTE DEL CONSIGLIO<\/h2>\n<\/blockquote>\n<p>VIVIANA FUSARO<\/p>\n<p><img loading=\"lazy\" decoding=\"async\" class=\"alignleft\" src=\"https:\/\/www.radiopiu.net\/wordpress\/wp-content\/uploads\/2022\/06\/Viviana-Fusaro-feltre.png\" width=\"117\" height=\"133\" \/><strong>FELTRE<\/strong><\/p>\n<p><strong>DI MORENO GIOLI<\/strong><\/p>\n<audio class=\"wp-audio-shortcode\" id=\"audio-287662-1\" preload=\"none\" style=\"width: 100%;\" controls=\"controls\"><source type=\"audio\/mpeg\" src=\"https:\/\/www.radiopiu.net\/wordpress\/wp-content\/uploads\/2022\/07\/moreno-fusaro.mp3?_=1\" \/><a href=\"https:\/\/www.radiopiu.net\/wordpress\/wp-content\/uploads\/2022\/07\/moreno-fusaro.mp3\">https:\/\/www.radiopiu.net\/wordpress\/wp-content\/uploads\/2022\/07\/moreno-fusaro.mp3<\/a><\/audio>\n<p>ENNIO TRENTO<\/p>\n<p><a class=\"dt-pswp-item\" href=\"https:\/\/www.radiopiu.net\/wordpress\/wp-content\/uploads\/2022\/07\/282628.jpg\" data-dt-img-description=\"\" data-large_image_width=\"150\" data-large_image_height=\"155\"><img loading=\"lazy\" decoding=\"async\" class=\"alignnone size-thumbnail wp-image-287929\" src=\"https:\/\/www.radiopiu.net\/wordpress\/wp-content\/uploads\/2022\/07\/282628-150x150.jpg\" alt=\"\" width=\"150\" height=\"150\" \/><\/a><\/p>\n<p>&nbsp;<\/p>\n<p>&nbsp;<\/p>\n<hr \/>\n<p>&nbsp;<\/p>\n<div class=\"page-title-head hgroup\">\n<blockquote>\n<h3 class=\"entry-title\">UN GRANDE RISULTATO CON UN PICCOLO INVESTIMENTO, RIAPRE L\u2019AMBULATORIO<\/h3>\n<\/blockquote>\n<\/div>\n<p><strong><a class=\"dt-pswp-item\" href=\"https:\/\/www.radiopiu.net\/wordpress\/wp-content\/uploads\/2022\/05\/download-15.jpg\" data-dt-img-description=\"\" data-large_image_width=\"275\" data-large_image_height=\"183\"><img loading=\"lazy\" decoding=\"async\" class=\" wp-image-275044 alignleft\" src=\"https:\/\/www.radiopiu.net\/wordpress\/wp-content\/uploads\/2022\/05\/download-15-150x150.jpg\" alt=\"\" width=\"104\" height=\"104\" \/><\/a>VOLTAGO\u00a0<\/strong> Porte aperte nell&#8217;ambulatorio di Voltago, entra in servizio la dottoressa Roberta\u00a0 Gubert. La soddisfazione del sindaco Giuseppe Schena.<\/p>\n<p>&nbsp;<\/p>\n<p>&nbsp;<\/p>\n<p><strong>il sindaco di Voltago Giuseppe Schena\u00a0<\/strong><\/p>\n<audio class=\"wp-audio-shortcode\" id=\"audio-287662-2\" preload=\"none\" style=\"width: 100%;\" controls=\"controls\"><source type=\"audio\/mpeg\" src=\"https:\/\/www.radiopiu.net\/wordpress\/wp-content\/uploads\/2022\/07\/giuseppe-oggi.mp3?_=2\" \/><a href=\"https:\/\/www.radiopiu.net\/wordpress\/wp-content\/uploads\/2022\/07\/giuseppe-oggi.mp3\">https:\/\/www.radiopiu.net\/wordpress\/wp-content\/uploads\/2022\/07\/giuseppe-oggi.mp3<\/a><\/audio>\n<p>&nbsp;<\/p>\n<p>&nbsp;<\/p>\n<p>&nbsp;<\/p>\n<hr \/>\n<p>&nbsp;<\/p>\n<blockquote>\n<h3>IN ATTESA DI UNA RISPOSTA DALLA REGIONE<\/h3>\n<\/blockquote>\n<p><strong><a class=\"dt-pswp-item\" href=\"https:\/\/www.radiopiu.net\/wordpress\/wp-content\/uploads\/2022\/07\/20210625_170354.jpg\" data-dt-img-description=\"\" data-large_image_width=\"706\" data-large_image_height=\"530\"><img loading=\"lazy\" decoding=\"async\" class=\"size-thumbnail wp-image-287773 alignleft\" src=\"https:\/\/www.radiopiu.net\/wordpress\/wp-content\/uploads\/2022\/07\/20210625_170354-150x150.jpg\" alt=\"\" width=\"150\" height=\"150\" \/><\/a>REDAZIONE<\/strong> Riceviamo e pubblichiamo una lettera inviata da Maria Darman da Rocca Pietore, la stessa \u00e8 stata inviata al Presidente della Regione &#8211; Commissario per l&#8217;emergenza Vaia.<\/p>\n<blockquote>\n<p dir=\"auto\"><em>Secondo quanto scritto dal dr. Somavilla, direttore u.o. servizi forestali, le difese arginali del torrente Pettorina dovevano essere concluse entro l&#8217;autunno del 2021. In prossimit\u00e0 della mia abitazione a tutt&#8217;oggi niente \u00e8 stato fatto.\u00a0 Ho perso il magazzino, non ho ricevuto un centesimo di risarcimento (e niente ricever\u00f2 poich\u00e9 a causa dell&#8217;aumento dei costi del materiale edile non riuscir\u00f2 a far ricostruire quanto crollato), la mia casa in caso di condizioni meteorologiche avverse \u00e8 ancora in pericolo. A chi devo dire grazie per tutto questo? Non ho pi\u00f9 parole (anzi le avrei ma sarebbero offensive) quindi se poteste voi ritornare sull&#8217;argomento ve ne sarei estremamente grata. Sar\u00e0 utile anche per i residenti conoscere a fondo il comportamento dei propri amministratori. Superato questo difficile momento di crisi politica scriver\u00f2 anche al presidente della repubblica.. non che io speri in\u00a0 qualcosa, ma perch\u00e9 mi pare giusto far conoscere l&#8217;operato degli amministratori locali.<\/em><\/p>\n<\/blockquote>\n<p dir=\"auto\"><strong>QUESTA LA NOTA, INVIATA IN REGIONE CHE NON HA ANCORA OTTENUTO RISPOSTA<\/strong><\/p>\n<blockquote>\n<p dir=\"auto\"><em>Signor Presidente,\u00a0 mi rivolgo a Lei perch\u00e9, dopo tutte le dirette da Marghera, mi sembra quasi di conoscerla. Se ha aperto il link e ha letto l&#8217;articolo, ora anche Lei conosce un po&#8217; la mia storia.\u00a0 Io sto giocando a ping-pong contro un muro di gomma. Il sindaco, come non risponde al giornalista, nemmeno a me ha mai risposto. In merito alle prescrizioni disattese, solo il responsabile dell&#8217;ufficio tecnico mi ha comunicato che in data 29.10.2012 \u00e8 stata da lui adottata la determinazione 176 &#8220;Lavori di realizzazione di una centralina idroelettrica con derivazione d&#8217;acqua dal t.Pettorina. Approvazione della perizia di variante e suppletiva senza incremento della spesa complessiva dell&#8217;opera&#8221;. In data 28.6.2021, stante il perdurare della situazione di pericolo in caso di evento atmosferico intenso, l&#8217;avv. Bianchi ed io abbiamo scritto al comune di Rocca Pietore e a tre settori regionali. Il comune risponde trasmettendo copia delle pec 24.9.20 (concessione contributo) e 11.01.21 (termini per esecuzione lavori) a me inviate presso il professionista che ha seguito la pratica (comunicazioni che il medesimo &#8220;per un disguido&#8221; non mi aveva inoltrato).\u00a0 L&#8217;unit\u00e0 organizzativa forestale risponde il 9.7.21 con nota prot. 310676, che per comodit\u00e0 Le allego. Il cartello esposto in prossimit\u00e0 dei lavori in corso sul torrente Pettorina parla di &#8220;rifacimento e miglioramento attraversamenti pedonali e viabili connessi alla viabilit\u00e0 torrente Pettorina in Comune\u00a0 di Rocca Pietore&#8221; (v. foto). Dal mese di giugno nessuno sta pi\u00f9 lavorando (vox populi &#8220;non si trovano le traversine per il nuovo ponte&#8221;). Io non so bene cosa sia un tombotto, ma so che l&#8217;unica cosa che \u00e8 stata rimossa \u00e8 il vecchio ponte a 20m da casa mia e prima di realizzare quello nuovo, cosicch\u00e9 due seconde case al di l\u00e0 del torrente ora sono raggiungibili solo da Soraru&#8217; percorrendo una pseudo pista ciclabile\/pedonale e sono collegate all&#8217;acquedotto tramite un tubo di gomma appeso a due pali che sorvola il torrente.\u00a0 Dov&#8217;\u00e8 la &#8220;diligenza del buon padre di famiglia&#8221; con la quale &#8211; lo ha detto Lei &#8211; devono operare gli amministratori pubblici? Io qua padri non ne vedo proprio. Se alle difese arginali si provveder\u00e0 dopo il completamento degli interventi connessi alla viabilit\u00e0, dubito fortemente che le stesse saranno concluse entro il 2021. Perch\u00e9 Le scrivo? Non so se Lei vorr\u00e0 o potr\u00e0 fare qualcosa, ma \u00e8 giusto che Lei sappia quello che \u00e8 accaduto perch\u00e9 se io ho subito un grave danno non \u00e8 colpa di Vaia, ma dell&#8217;uomo che ha permesso a vaia di scatenarsi come ha fatto. E nessuno si assume la responsabilit\u00e0 per i propri errori.\u00a0 Io, da parte mia non smetter\u00f2 di scrivere per far conoscere la mia storia&#8230; Scusandomi per il tempo che le ho rubato,\u00a0 Le auguro una buona giornata\u00a0<\/em><\/p>\n<p dir=\"auto\"><em>Maria Darman &#8211; Rocca Pietore\u00a0\u00a0<\/em><\/p>\n<p dir=\"auto\">\n<\/blockquote>\n<p dir=\"auto\"><span style=\"color: #0000ff;\"><strong>OGGI SUL CORRIERE DELLE ALPI, DI GIANNI SANTOMASO\u00a0<\/strong><\/span><\/p>\n<audio class=\"wp-audio-shortcode\" id=\"audio-287662-3\" preload=\"none\" style=\"width: 100%;\" controls=\"controls\"><source type=\"audio\/mpeg\" src=\"https:\/\/www.radiopiu.net\/wordpress\/wp-content\/uploads\/2022\/07\/gianni-rocca.mp3?_=3\" \/><a href=\"https:\/\/www.radiopiu.net\/wordpress\/wp-content\/uploads\/2022\/07\/gianni-rocca.mp3\">https:\/\/www.radiopiu.net\/wordpress\/wp-content\/uploads\/2022\/07\/gianni-rocca.mp3<\/a><\/audio>\n<p>&nbsp;<\/p>\n<p>&nbsp;<\/p>\n<hr \/>\n<p>&nbsp;<\/p>\n<blockquote>\n<h3>VIADOTTO DI PONTET RIAPERTO AL TRAFFICO<\/h3>\n<\/blockquote>\n<p><strong>VENEZIA <\/strong>\u201c<em>Con la riapertura al traffico del viadotto di Pontet si garantisce il ripristino della viabilit\u00e0 in una zona fondamentale per i collegamenti con il Trentino, in particolare per l\u2019importanza strategica di questa arteria stradale quale principale raccordo con il Primiero. Gli interventi effettuati sono stati rivolti non solo a migliorare l\u2019efficienza strutturale complessiva ma anche a garantire la totale sicurezza di quanti quotidianamente lo attraversano, pensando sia all\u2019utenza locale, sia a quella turistica<\/em>\u201d. Lo ha affermato la Vicepresidente e Assessore alle Infrastrutture e Trasporti della Regione Elisa De Berti presente ieri mattina alla cerimonia di apertura al traffico del viadotto in localit\u00e0 \u201cPontet\u201d nel Comune di Sovramonte, lungo la S.R. 50 \u201cdel Grappa e del Passo Rolle\u201d. Gli interventi hanno riguardato la sostituzione e\/o integrazione degli elementi che hanno subito riduzioni di sezione nonch\u00e9 migliorie volte a proteggere la struttura dai fenomeni di degrado dovuti alle condizioni ambientali. Nel dettaglio, sono stati utilizzati 1.115 quintali di acciaio, 91 quintali di bulloni (circa 14.500 pezzi), 1400 kg di filo per saldature (corrispondente a circa 3000 m di saldature) e si \u00e8 proceduto ad una impermeabilizzazione per 2.100 mq.<\/p>\n\n\t\t\t<style type='text\/css'>\n\t\t\t\t#gallery-2 {\n\t\t\t\t\tmargin: auto;\n\t\t\t\t}\n\t\t\t\t#gallery-2 .gallery-item {\n\t\t\t\t\tfloat: left;\n\t\t\t\t\tmargin-top: 10px;\n\t\t\t\t\ttext-align: center;\n\t\t\t\t\twidth: 33%;\n\t\t\t\t}\n\t\t\t\t#gallery-2 img {\n\t\t\t\t\tborder: 2px solid #cfcfcf;\n\t\t\t\t}\n\t\t\t\t#gallery-2 .gallery-caption {\n\t\t\t\t\tmargin-left: 0;\n\t\t\t\t}\n\t\t\t\t\/* see gallery_shortcode() in wp-includes\/media.php *\/\n\t\t\t<\/style>\n\t\t<div id='gallery-2' class='dt-gallery-container gallery galleryid-287662 gallery-columns-3 gallery-size-thumbnail'><dl class='gallery-item'>\n\t\t\t\t<dt class='gallery-icon landscape'>\n\t\t\t\t\t<a class=\"rollover rollover-zoom dt-pswp-item\" title=\"Viadotto Pontet (3)\" data-dt-img-description=\"\" data-large_image_width=\"1024\" data-large_image_height=\"768\"href='https:\/\/www.radiopiu.net\/wordpress\/wp-content\/uploads\/2022\/07\/Viadotto-Pontet-3.jpeg'><img loading=\"lazy\" decoding=\"async\" width=\"150\" height=\"150\" src=\"https:\/\/www.radiopiu.net\/wordpress\/wp-content\/uploads\/2022\/07\/Viadotto-Pontet-3-150x150.jpeg\" class=\"attachment-thumbnail size-thumbnail\" alt=\"\" \/><\/a>\n\t\t\t\t<\/dt><\/dl><dl class='gallery-item'>\n\t\t\t\t<dt class='gallery-icon landscape'>\n\t\t\t\t\t<a class=\"rollover rollover-zoom dt-pswp-item\" title=\"Viadotto Pontet (5)\" data-dt-img-description=\"\" data-large_image_width=\"1024\" data-large_image_height=\"768\"href='https:\/\/www.radiopiu.net\/wordpress\/wp-content\/uploads\/2022\/07\/Viadotto-Pontet-5.jpeg'><img loading=\"lazy\" decoding=\"async\" width=\"150\" height=\"150\" src=\"https:\/\/www.radiopiu.net\/wordpress\/wp-content\/uploads\/2022\/07\/Viadotto-Pontet-5-150x150.jpeg\" class=\"attachment-thumbnail size-thumbnail\" alt=\"\" \/><\/a>\n\t\t\t\t<\/dt><\/dl><dl class='gallery-item'>\n\t\t\t\t<dt class='gallery-icon landscape'>\n\t\t\t\t\t<a class=\"rollover rollover-zoom dt-pswp-item\" title=\"Viadotto Pontet (4)\" data-dt-img-description=\"\" data-large_image_width=\"1024\" data-large_image_height=\"768\"href='https:\/\/www.radiopiu.net\/wordpress\/wp-content\/uploads\/2022\/07\/Viadotto-Pontet-4.jpeg'><img loading=\"lazy\" decoding=\"async\" width=\"150\" height=\"150\" src=\"https:\/\/www.radiopiu.net\/wordpress\/wp-content\/uploads\/2022\/07\/Viadotto-Pontet-4-150x150.jpeg\" class=\"attachment-thumbnail size-thumbnail\" alt=\"\" \/><\/a>\n\t\t\t\t<\/dt><\/dl><br style=\"clear: both\" \/>\n\t\t\t<\/div>\n\n<p>&nbsp;<\/p>\n<hr \/>\n<p>&nbsp;<\/p>\n<blockquote>\n<h3>IL MERCATO DEL LAVORO IN VENETO NEL PRIMO TRIMESTRE<\/h3>\n<\/blockquote>\n<p><strong><a class=\"dt-pswp-item\" href=\"https:\/\/www.radiopiu.net\/wordpress\/wp-content\/uploads\/2022\/03\/Logo_VenetoLavoro.png\" data-dt-img-description=\"\" data-large_image_width=\"1791\" data-large_image_height=\"482\"><img loading=\"lazy\" decoding=\"async\" class=\"alignleft wp-image-264807 \" src=\"https:\/\/www.radiopiu.net\/wordpress\/wp-content\/uploads\/2022\/03\/Logo_VenetoLavoro-300x81.png\" alt=\"\" width=\"163\" height=\"44\" srcset=\"https:\/\/www.radiopiu.net\/wordpress\/wp-content\/uploads\/2022\/03\/Logo_VenetoLavoro-300x81.png 300w, https:\/\/www.radiopiu.net\/wordpress\/wp-content\/uploads\/2022\/03\/Logo_VenetoLavoro-1024x276.png 1024w, https:\/\/www.radiopiu.net\/wordpress\/wp-content\/uploads\/2022\/03\/Logo_VenetoLavoro-768x207.png 768w, https:\/\/www.radiopiu.net\/wordpress\/wp-content\/uploads\/2022\/03\/Logo_VenetoLavoro-1536x413.png 1536w, https:\/\/www.radiopiu.net\/wordpress\/wp-content\/uploads\/2022\/03\/Logo_VenetoLavoro.png 1791w\" sizes=\"auto, (max-width: 163px) 100vw, 163px\" \/><\/a>VENEZIA <\/strong>Nella prima met\u00e0 del 2022 il saldo tra assunzioni e cessazioni dei rapporti di lavoro a tempo indeterminato, a tempo determinato e di apprendistato \u00e8 pari a +77.500 posizioni lavorative, superiore a quello degli anni precedenti, grazie soprattutto a un secondo trimestre che si \u00e8 chiuso con un bilancio occupazionale di +54.000 nuovi posti di lavoro. Maggio e giugno risultano tuttavia caratterizzati da un andamento meno brillante rispetto al 2021, quando la ripresa delle attivit\u00e0 e la ricostruzione del bacino occupazionale a tempo determinato svuotatosi durante la pandemia avevano determinato dinamiche particolarmente positive. La crescita del primo semestre 2022 ha interessato principalmente i contratti a termine (+55.300 tra gennaio e giugno, ma erano +65.200 nel 2021), ma anche il tempo indeterminato, che registra 20.800 posizioni lavorative in pi\u00f9 rispetto alle appena 22 in pi\u00f9 dello scorso anno. L\u2019apprendistato (+1.400 posizioni lavorative) rimane sotto al livello del 2021, ma anche per effetto di un aumento delle trasformazioni a tempo indeterminato (+21% nel semestre e +47% a giugno). Nell\u2019ultimo mese il calo del tempo determinato \u00e8 ancora pi\u00f9 evidente, con un saldo di +14.300 posizioni lavorative a fronte delle +25.800 del 2021, quando l\u2019avvio della stagione turistica si era tardivamente concentrato nel mese di giugno. Il volume semestrale delle assunzioni \u00e8 pari a 335.507, con un aumento del 30% rispetto al 2021 e del 4% rispetto al periodo pre-crisi del 2019. L\u2019analisi territoriale evidenzia un saldo particolarmente positivo nelle province di Venezia (+36.400 posizioni lavorative nel semestre) e Verona (+21.500), seguite da Padova (+6.300), Vicenza (+4.600), Treviso (4.600) e Rovigo (+4.100). Nel mese di giugno, che conferma i buoni risultati di Venezia e Verona, si registra un buon recupero dei posti di lavoro a Belluno, che con un saldo di +2.800 posizioni lavorative inverte la tendenza osservata fino a maggio e presenta ora una sostanziale stabilit\u00e0 dei livelli occupazionali nel corso di questo 2022. Tutti i dati sull\u2019andamento del mercato del lavoro veneto nel primo semestre del 2022 sono disponibili nella <a href=\"http:\/\/www.venetolavoro.it\/bussola\">Bussola<\/a> pubblicata nella sezione dedicata del sito di Veneto Lavoro, <a href=\"http:\/\/www.venetolavoro.it\/\">www.venetolavoro.it<\/a>.<\/p>\n<p>&nbsp;<\/p>\n<hr \/>\n<p>&nbsp;<\/p>\n<blockquote>\n<h3>CARO SINDACO L&#8217;ACQUA E&#8217; OLEOSA E PURE PUZZOLENTE<\/h3>\n<\/blockquote>\n<p><img loading=\"lazy\" decoding=\"async\" class=\"alignleft\" src=\"https:\/\/www.radiopiu.net\/wordpress\/wp-content\/uploads\/2022\/07\/Area-palustre-La-Secca1.jpeg\" width=\"163\" height=\"122\" \/><strong>PONTE NELLE ALPI<\/strong> Il consigliere di minoranza Paolo De Vettor s&#8217;appella al sindaco Paolo Vendramini affinch\u00e8 solleciti l&#8217;Enel a intervenire al pi\u00f9 presto tanto nel canale che allo sfioratore. L\u2019area palustre sembra una fognatura. Il terreno \u00e8 propriet\u00e0 di Enel che, pare, da tempo non interviene per pulire e sfalciare. Si tratta dell\u2019area attorno alle uscite del Lago di Santa Croce e del fiume Rai, in localit\u00e0 La Secca in comune di Ponte.<span class=\"gmail-Apple-converted-space\">\u00a0<\/span><\/p>\n<p><strong>ALLA RADIO<\/strong><\/p>\n<p><strong>PAOLO DE VETTOR<\/strong><\/p>\n<audio class=\"wp-audio-shortcode\" id=\"audio-287662-4\" preload=\"none\" style=\"width: 100%;\" controls=\"controls\"><source type=\"audio\/mpeg\" src=\"https:\/\/www.radiopiu.net\/wordpress\/wp-content\/uploads\/2022\/07\/Paolo-de-Vettor-su-area-palustre-La-Secca.mp3?_=4\" \/><a href=\"https:\/\/www.radiopiu.net\/wordpress\/wp-content\/uploads\/2022\/07\/Paolo-de-Vettor-su-area-palustre-La-Secca.mp3\">https:\/\/www.radiopiu.net\/wordpress\/wp-content\/uploads\/2022\/07\/Paolo-de-Vettor-su-area-palustre-La-Secca.mp3<\/a><\/audio>\n<p>&nbsp;<\/p>\n<hr \/>\n<p>&nbsp;<\/p>\n<blockquote>\n<h2>IL GRAZIE PER L&#8217;ACCOGLIENZA &#8220;FODOMA&#8221;<\/h2>\n<\/blockquote>\n<p><strong>LIVINALLONGO<\/strong> &#8220;Gent.mo Sig. Assessore Gianni Palla&#8221;,\u00a0 inizia cos\u00ec la lettera inviata in Municipio a firma di Marco. E&#8217; il ringraziamento e i complimenti, per la scelta e decisione riguardo l&#8217;accoglienza degli equipaggi degli autocaravan in transito nella frazione di Arabba.<\/p>\n<blockquote><p><em><a class=\"dt-pswp-item\" href=\"https:\/\/www.radiopiu.net\/wordpress\/wp-content\/uploads\/2021\/05\/Arabba_Passo-Pordoi_ph.credit_freddy-planinschek-scaled.jpg\" data-dt-img-description=\"\" data-large_image_width=\"2560\" data-large_image_height=\"1706\"><img loading=\"lazy\" decoding=\"async\" class=\"size-thumbnail wp-image-210755 alignleft\" src=\"https:\/\/www.radiopiu.net\/wordpress\/wp-content\/uploads\/2021\/05\/Arabba_Passo-Pordoi_ph.credit_freddy-planinschek-150x150.jpg\" alt=\"\" width=\"150\" height=\"150\" \/><\/a>Mi trovavo in sosta su di un parcheggio nei pressi dell&#8217;impianto di risalita, quando siamo stati avvicinati da una gentilissima Agente di Polizia Municipale che ci informava dell&#8217;area di sosta dicendo &#8220;siete bene accolti&#8221;. Una frase del genere, quando sappiamo quanto siamo osteggiati da altri Comuni della Regione a voi vicino, apre il cuore, perch\u00e9 la soluzione \u00e8 nella accoglienza e gestione dei flussi dei &#8220;camper&#8221;, non certo nell&#8217;ostracismo. Ostracismo dettato anche per colpa di alcuni camperisti poco rispettosi delle regole del convivere civile. Ma la Sua \u00e8 una decisione che va al di la del contenuto del permesso nel senso stretto, \u00e8 l&#8217;aspetto primario dell&#8217;accoglienza. Avrei qualcosa da poter suggerire per un compromesso migliore per tutti, da allargare possibilmente su larga scala, infatti alla base dovrebbe esser presente reciprocit\u00e0 (in tutti i sensi) e rispetto degli usi e dei costumi locali. Se crede, la lascio i miei recapiti, la ringrazio ancora.<\/em><\/p><\/blockquote>\n<p>&nbsp;<\/p>\n<hr \/>\n<p>&nbsp;<\/p>\n<blockquote>\n<h3>ELETTO IL NUOVO PRESIDENTE DEL COMITATO DEI SINDACI DEL DISTRETTO DI BELLUNO<\/h3>\n<\/blockquote>\n<p><strong><a class=\"dt-pswp-item\" href=\"https:\/\/www.radiopiu.net\/wordpress\/wp-content\/uploads\/2022\/06\/oscar-de-pellegrin.png\" data-dt-img-description=\"OSCAR DE PELLEGRIN\" data-large_image_width=\"2000\" data-large_image_height=\"1804\"><img loading=\"lazy\" decoding=\"async\" class=\"size-thumbnail wp-image-281257 alignleft\" src=\"https:\/\/www.radiopiu.net\/wordpress\/wp-content\/uploads\/2022\/06\/oscar-de-pellegrin-150x150.png\" alt=\"\" width=\"150\" height=\"150\" \/><\/a>BELLUNO\u00a0<\/strong> E\u2019 il sindaco del Capoluogo, Oscar De Pellegrin, il nuovo presidente del Comitato dei sindaci del distretto di Belluno. L\u2019elezione \u00e8 avvenuta nel pomeriggio di ieri,\u00a0 durante la<br \/>\nriunione del Comitato convocata nella sala consiliare del municipio. L\u2019inquilino di Palazzo Rosso raccoglie cos\u00ec il testimone del suo predecessore, l\u2019ex sindaco di Belluno Jacopo Massaro.<\/p>\n<blockquote><p><em>\u201cE\u2019 un onore e insieme un onere, per me, rappresentare i sindaci dei 46 comuni del <\/em><em>distretto di Belluno \u2013 commenta De Pellegrin -. Sar\u00e0 un mandato all\u2019insegna della <\/em><em>collaborazione e del dialogo continuo con il distretto di Feltre, abbiamo davanti a noi <\/em><em>l\u2019opportunit\u00e0 epocale rappresentata dai fondi Pnrr, una partita fondamentale per la nostra <\/em><em>provincia e i suoi servizi. Da qui in avanti lavoreremo alacremente con la progettazione, ci <\/em><em>sono gi\u00e0 iniziative avviate<\/em><\/p><\/blockquote>\n<p>&nbsp;<\/p>\n<hr \/>\n<p>&nbsp;<\/p>\n<blockquote>\n<h3>PREVENZIONE IN CITTA&#8217;, GIOVEDI IL PRESIDIO IN VIA SOTTOCASTELLO, DOMANI NELLE FRAZIONI CON I VIGILI URBANI.<\/h3>\n<\/blockquote>\n<p><strong><a class=\"dt-pswp-item\" href=\"https:\/\/www.radiopiu.net\/wordpress\/wp-content\/uploads\/2021\/12\/ADDAMIANO.png\" data-dt-img-description=\"\" data-large_image_width=\"1406\" data-large_image_height=\"1136\"><img loading=\"lazy\" decoding=\"async\" class=\"size-thumbnail wp-image-250847 alignleft\" src=\"https:\/\/www.radiopiu.net\/wordpress\/wp-content\/uploads\/2021\/12\/ADDAMIANO-150x150.png\" alt=\"\" width=\"150\" height=\"150\" \/><\/a>BELLUNO<\/strong> Come promesso in campagna elettorale l&#8217;assessore alla sicurezza Raffaele Addamiano \u00e8 impegnato in una campagna di prevenzione che in questa settimana prevede due importanti appuntamenti. Domani\u00a0 una pattuglia dei vigili dei vigili della Polizia locale sar\u00e0 nelle frazioni per\u00a0 distribuire materiale informativo per la prevenzione dei reati pi\u00f9 diffusi. Giovedi\u00a0 torna il gazebo in via Sottocastello sempre con la collaborazione della Polizia locale. Ne abbiamo parlato con l&#8217;assessore alla cultura ed alla sicurezza Raffaele Addamiano. Occasione anche per fare il punto sull&#8217;iniziativa che prevede di togliere la polvere dalle vetrine per sostituirla con vetrofanie accattivanti come quelle messe ieri nei locali gi\u00e0 di Giuseppe Vignato, il candidato a sindaco sconfitto dalla squadra di Oscar De Pellegrin<\/p>\n<p><strong>AUDIO\u00a0<\/strong><\/p>\n<audio class=\"wp-audio-shortcode\" id=\"audio-287662-5\" preload=\"none\" style=\"width: 100%;\" controls=\"controls\"><source type=\"audio\/mpeg\" src=\"https:\/\/www.radiopiu.net\/wordpress\/wp-content\/uploads\/2022\/07\/RAFFAELE-ADDAMIANO-LUGLIO.mp3?_=5\" \/><a href=\"https:\/\/www.radiopiu.net\/wordpress\/wp-content\/uploads\/2022\/07\/RAFFAELE-ADDAMIANO-LUGLIO.mp3\">https:\/\/www.radiopiu.net\/wordpress\/wp-content\/uploads\/2022\/07\/RAFFAELE-ADDAMIANO-LUGLIO.mp3<\/a><\/audio>\n<p>&nbsp;<\/p>\n\n\t\t\t<style type='text\/css'>\n\t\t\t\t#gallery-3 {\n\t\t\t\t\tmargin: auto;\n\t\t\t\t}\n\t\t\t\t#gallery-3 .gallery-item {\n\t\t\t\t\tfloat: left;\n\t\t\t\t\tmargin-top: 10px;\n\t\t\t\t\ttext-align: center;\n\t\t\t\t\twidth: 50%;\n\t\t\t\t}\n\t\t\t\t#gallery-3 img {\n\t\t\t\t\tborder: 2px solid #cfcfcf;\n\t\t\t\t}\n\t\t\t\t#gallery-3 .gallery-caption {\n\t\t\t\t\tmargin-left: 0;\n\t\t\t\t}\n\t\t\t\t\/* see gallery_shortcode() in wp-includes\/media.php *\/\n\t\t\t<\/style>\n\t\t<div id='gallery-3' class='dt-gallery-container gallery galleryid-287662 gallery-columns-2 gallery-size-medium'><dl class='gallery-item'>\n\t\t\t\t<dt class='gallery-icon portrait'>\n\t\t\t\t\t<a class=\"rollover rollover-zoom dt-pswp-item\" title=\"46e3bb1a-2371-4bfd-b147-969dc9477675\" data-dt-img-description=\"\" data-large_image_width=\"900\" data-large_image_height=\"1600\"href='https:\/\/www.radiopiu.net\/wordpress\/wp-content\/uploads\/2022\/07\/46e3bb1a-2371-4bfd-b147-969dc9477675.jpg'><img loading=\"lazy\" decoding=\"async\" width=\"169\" height=\"300\" src=\"https:\/\/www.radiopiu.net\/wordpress\/wp-content\/uploads\/2022\/07\/46e3bb1a-2371-4bfd-b147-969dc9477675-169x300.jpg\" class=\"attachment-medium size-medium\" alt=\"\" srcset=\"https:\/\/www.radiopiu.net\/wordpress\/wp-content\/uploads\/2022\/07\/46e3bb1a-2371-4bfd-b147-969dc9477675-169x300.jpg 169w, https:\/\/www.radiopiu.net\/wordpress\/wp-content\/uploads\/2022\/07\/46e3bb1a-2371-4bfd-b147-969dc9477675-576x1024.jpg 576w, https:\/\/www.radiopiu.net\/wordpress\/wp-content\/uploads\/2022\/07\/46e3bb1a-2371-4bfd-b147-969dc9477675-768x1365.jpg 768w, https:\/\/www.radiopiu.net\/wordpress\/wp-content\/uploads\/2022\/07\/46e3bb1a-2371-4bfd-b147-969dc9477675-864x1536.jpg 864w, https:\/\/www.radiopiu.net\/wordpress\/wp-content\/uploads\/2022\/07\/46e3bb1a-2371-4bfd-b147-969dc9477675.jpg 900w\" sizes=\"auto, (max-width: 169px) 100vw, 169px\" \/><\/a>\n\t\t\t\t<\/dt><\/dl><dl class='gallery-item'>\n\t\t\t\t<dt class='gallery-icon portrait'>\n\t\t\t\t\t<a class=\"rollover rollover-zoom dt-pswp-item\" title=\"09d587b9-03bb-48aa-bec0-ffdf0dfd5c1e\" data-dt-img-description=\"\" data-large_image_width=\"900\" data-large_image_height=\"1600\"href='https:\/\/www.radiopiu.net\/wordpress\/wp-content\/uploads\/2022\/07\/09d587b9-03bb-48aa-bec0-ffdf0dfd5c1e.jpg'><img loading=\"lazy\" decoding=\"async\" width=\"169\" height=\"300\" src=\"https:\/\/www.radiopiu.net\/wordpress\/wp-content\/uploads\/2022\/07\/09d587b9-03bb-48aa-bec0-ffdf0dfd5c1e-169x300.jpg\" class=\"attachment-medium size-medium\" alt=\"\" srcset=\"https:\/\/www.radiopiu.net\/wordpress\/wp-content\/uploads\/2022\/07\/09d587b9-03bb-48aa-bec0-ffdf0dfd5c1e-169x300.jpg 169w, https:\/\/www.radiopiu.net\/wordpress\/wp-content\/uploads\/2022\/07\/09d587b9-03bb-48aa-bec0-ffdf0dfd5c1e-576x1024.jpg 576w, https:\/\/www.radiopiu.net\/wordpress\/wp-content\/uploads\/2022\/07\/09d587b9-03bb-48aa-bec0-ffdf0dfd5c1e-768x1365.jpg 768w, https:\/\/www.radiopiu.net\/wordpress\/wp-content\/uploads\/2022\/07\/09d587b9-03bb-48aa-bec0-ffdf0dfd5c1e-864x1536.jpg 864w, https:\/\/www.radiopiu.net\/wordpress\/wp-content\/uploads\/2022\/07\/09d587b9-03bb-48aa-bec0-ffdf0dfd5c1e.jpg 900w\" sizes=\"auto, (max-width: 169px) 100vw, 169px\" \/><\/a>\n\t\t\t\t<\/dt><\/dl><br style=\"clear: both\" \/>\n\t\t\t<\/div>\n\n<p>&nbsp;<\/p>\n<hr \/>\n<p>&nbsp;<\/p>\n<p><span style=\"color: #ff0000;\">DAL NOTIZIARIO DEL 5 LUGLIO<\/span><\/p>\n<blockquote>\n<h3>RITORNA AD AGORDO &#8220;ARTISTI IN VETRINA&#8221;<\/h3>\n<\/blockquote>\n<p><strong>AGORDO <\/strong>Ritorna ad Agordo \u201cArtisti in vetrina\u201d, iniziativa promossa dal Comune di Agordo per abbellire e vivacizzare il cuore del paese, trasformandolo in una galleria d&#8217;arte visitabile tutto l&#8217;anno. La mostra infatti \u00e8 allestita nelle vetrine dei negozi sfitti del centro storico, l\u2019antica \u201cContrada dei Signori\u201d che rappresentava la zona vitale della citt\u00e0 con i suoi numerosi esercizi pubblici e luogo adibito ad incontri. Ora queste vie non sono pi\u00f9 ferventi come un tempo ma, oltre a mantenere un fascino autentico, accolgono ancora interessanti attivit\u00e0 commerciali ed artigianali che si possono scoprire passeggiando in questa caratteristica contada a due passi dalla piazza principale. Le opere esposte quest\u2019estate sono realizzate dal Laboratorio artistico &#8220;Frescanti Agordini&#8221; della docente Laura Ballis e sar\u00e0 possibile ammirarle liberamente fino a settembre. Ad Agosto, sempre con l\u2019intenzione di animare questo angolo suggestivo di Agordo, nelle serate di marted\u00ec 9, gioved\u00ec 11 e sabato 13\u00a0 sono state programmate tre serate di cinema all\u2019aperto che verranno presentate in piazzetta Vecchia. Si ringraziano tutti gli artisti che hanno messo a disposizione le loro opere e i proprietari delle vetrine per la concessione degli spazi.<\/p>\n<p><strong>CHIARA FONTANIVE, ASSESSORE DEL COMUNE DI AGORDO<\/strong><\/p>\n<audio class=\"wp-audio-shortcode\" id=\"audio-287662-6\" preload=\"none\" style=\"width: 100%;\" controls=\"controls\"><source type=\"audio\/mpeg\" src=\"https:\/\/www.radiopiu.net\/wordpress\/wp-content\/uploads\/2022\/07\/CHIARA-FONTA.mp3?_=6\" \/><a href=\"https:\/\/www.radiopiu.net\/wordpress\/wp-content\/uploads\/2022\/07\/CHIARA-FONTA.mp3\">https:\/\/www.radiopiu.net\/wordpress\/wp-content\/uploads\/2022\/07\/CHIARA-FONTA.mp3<\/a><\/audio>\n<p>&nbsp;<\/p>\n\n\t\t\t<style type='text\/css'>\n\t\t\t\t#gallery-4 {\n\t\t\t\t\tmargin: auto;\n\t\t\t\t}\n\t\t\t\t#gallery-4 .gallery-item {\n\t\t\t\t\tfloat: left;\n\t\t\t\t\tmargin-top: 10px;\n\t\t\t\t\ttext-align: center;\n\t\t\t\t\twidth: 50%;\n\t\t\t\t}\n\t\t\t\t#gallery-4 img {\n\t\t\t\t\tborder: 2px solid #cfcfcf;\n\t\t\t\t}\n\t\t\t\t#gallery-4 .gallery-caption {\n\t\t\t\t\tmargin-left: 0;\n\t\t\t\t}\n\t\t\t\t\/* see gallery_shortcode() in wp-includes\/media.php *\/\n\t\t\t<\/style>\n\t\t<div id='gallery-4' class='dt-gallery-container gallery galleryid-287662 gallery-columns-2 gallery-size-thumbnail'><dl class='gallery-item'>\n\t\t\t\t<dt class='gallery-icon landscape'>\n\t\t\t\t\t<a class=\"rollover rollover-zoom dt-pswp-item\" title=\"WhatsApp Image 2022-07-04 at 21.19.57\" data-dt-img-description=\"\" data-large_image_width=\"1600\" data-large_image_height=\"1131\"href='https:\/\/www.radiopiu.net\/wordpress\/wp-content\/uploads\/2022\/07\/WhatsApp-Image-2022-07-04-at-21.19.57.jpeg'><img loading=\"lazy\" decoding=\"async\" width=\"150\" height=\"150\" src=\"https:\/\/www.radiopiu.net\/wordpress\/wp-content\/uploads\/2022\/07\/WhatsApp-Image-2022-07-04-at-21.19.57-150x150.jpeg\" class=\"attachment-thumbnail size-thumbnail\" alt=\"\" \/><\/a>\n\t\t\t\t<\/dt><\/dl><dl class='gallery-item'>\n\t\t\t\t<dt class='gallery-icon landscape'>\n\t\t\t\t\t<a class=\"rollover rollover-zoom dt-pswp-item\" title=\"WhatsApp Image 2022-07-04 at 21.19.56\" data-dt-img-description=\"\" data-large_image_width=\"1600\" data-large_image_height=\"1131\"href='https:\/\/www.radiopiu.net\/wordpress\/wp-content\/uploads\/2022\/07\/WhatsApp-Image-2022-07-04-at-21.19.56.jpeg'><img loading=\"lazy\" decoding=\"async\" width=\"150\" height=\"150\" src=\"https:\/\/www.radiopiu.net\/wordpress\/wp-content\/uploads\/2022\/07\/WhatsApp-Image-2022-07-04-at-21.19.56-150x150.jpeg\" class=\"attachment-thumbnail size-thumbnail\" alt=\"\" \/><\/a>\n\t\t\t\t<\/dt><\/dl><br style=\"clear: both\" \/>\n\t\t\t<\/div>\n\n<p>&nbsp;<\/p>\n<hr \/>\n<p>&nbsp;<\/p>\n<p><span style=\"color: #ff0000;\"><strong>DAL NOTIZIARIO DEL 14 LUGLIO<\/strong><\/span><\/p>\n<blockquote>\n<h3><img loading=\"lazy\" decoding=\"async\" class=\"alignleft\" src=\"https:\/\/www.radiopiu.net\/wordpress\/wp-content\/uploads\/2022\/07\/Zugliano120622-scaled.jpg\" width=\"207\" height=\"138\" \/>LE INIZIATIVE ESTIVE DEL COMITATO DI GEMELLAGGIO DI AGORDO<\/h3>\n<\/blockquote>\n<p>&nbsp;<\/p>\n<p>&nbsp;<\/p>\n<p>&nbsp;<\/p>\n<p><strong>IL RESOCONTO DI CLAUDIA CATTADORI<\/strong><\/p>\n<p><strong>AUDIO<\/strong><\/p>\n<audio class=\"wp-audio-shortcode\" id=\"audio-287662-7\" preload=\"none\" style=\"width: 100%;\" controls=\"controls\"><source type=\"audio\/mpeg\" src=\"https:\/\/www.radiopiu.net\/wordpress\/wp-content\/uploads\/2022\/07\/CLAUDIA-GEMELLAGGIO-1.mp3?_=7\" \/><a href=\"https:\/\/www.radiopiu.net\/wordpress\/wp-content\/uploads\/2022\/07\/CLAUDIA-GEMELLAGGIO-1.mp3\">https:\/\/www.radiopiu.net\/wordpress\/wp-content\/uploads\/2022\/07\/CLAUDIA-GEMELLAGGIO-1.mp3<\/a><\/audio>\n<p>&nbsp;<\/p>\n<p>&nbsp;<\/p>\n<p>&nbsp;<\/p>\n<hr \/>\n<p>&nbsp;<\/p>\n<blockquote>\n<h3><a class=\"dt-pswp-item\" href=\"https:\/\/www.radiopiu.net\/wordpress\/wp-content\/uploads\/2022\/07\/PHOTO-2022-07-18-16-10-33.jpg\" data-dt-img-description=\"\" data-large_image_width=\"1200\" data-large_image_height=\"1600\"><img loading=\"lazy\" decoding=\"async\" class=\"wp-image-287847 alignleft\" src=\"https:\/\/www.radiopiu.net\/wordpress\/wp-content\/uploads\/2022\/07\/PHOTO-2022-07-18-16-10-33-150x150.jpg\" alt=\"\" width=\"118\" height=\"118\" \/><\/a>LA FONDAZIONE UNESCO E IL NUOVO SINDACO DI CORTINA<\/h3>\n<\/blockquote>\n<p><strong>CORTINA<\/strong> il presidente della Fondazione Dolomiti Unesco Mario Tonina (vicepresidente della Provincia Autonoma di Trento) ha incontrato il neoeletto sindaco Gianluca Lorenzi. Un\u2019occasione importante che rinnova la collaborazione fra i due enti nel solco delle relazioni intrecciate con le precedenti amministrazioni. I rappresentanti del cda hanno ribadito la volont\u00e0 della Fondazione di partecipare ai tavoli di lavoro delle Olimpiadi Milano Cortina 2026, per contribuire a dar vita a un evento sostenibile e coerente con i valori e l\u2019integrit\u00e0 della Dolomiti Patrimonio Mondiale Unesco. Un contributo che pu\u00f2 essere positivo anche per le competenze maturate dalla Fondazione in termini di comunicazione e conservazione attiva e partecipata del Patrimonio Mondiale dolomitico.<\/p>\n<p>&nbsp;<\/p>\n<p>&nbsp;<\/p>\n<hr \/>\n<p>&nbsp;<\/p>\n<blockquote>\n<h3><span style=\"color: #ff0000;\">COVID: RAGGIUNTA IN PROVINCIA LA FASE DI PLATEAU, 2 DECESSI IN SETTE GIORNI<\/span><\/h3>\n<\/blockquote>\n<p><strong>BELLUNO<\/strong> Negli ultimi sette giorni ancora un lieve aumento dei nuovi casi, con un sostanziale raggiungimento della fase di plateau. Nel dettaglio, i nuovi casi rilevati nell\u2019ultima settimana sono 1.833 (+45 rispetto alla scorsa settimana), con un conseguente tasso di incidenza settimanale di 923 casi su 100 mila abitanti, significativamente inferiore all&#8217;incidenza nazionale (1.105 su 100 mila abitanti). Nella consueta mappa settimanale nessuno Comune della Provincia \u00e8 esenta da nuovi casi, peggio (oltre 2000 casi ogni 100 mila abitanti) a Sovramonte,\u00a0 Cibiana, Perarolo e Lorenzago. Meglio (126-250 ogni 100 mila abitanti) a Livinallongo, Rocca Pietore, Comelico Superiore e San Nicolo&#8217; Comelico. Inuovi casi si collocano prevalentemente nelle fasce centrali 25-64 anni. Sono attualmente ricoverati 46 pazienti in area non critica, 3 nell&#8217;ospedale di comunit\u00e0. Negli ultimi sette giorni due i decessi per covid: una donna di\u00a0 89anni\u00a0 ricoverata in Geriatria Covid e un uomo di\u00a0 74 ricoverato in Pneumologia Covid.<\/p>\n\n\t\t\t<style type='text\/css'>\n\t\t\t\t#gallery-5 {\n\t\t\t\t\tmargin: auto;\n\t\t\t\t}\n\t\t\t\t#gallery-5 .gallery-item {\n\t\t\t\t\tfloat: left;\n\t\t\t\t\tmargin-top: 10px;\n\t\t\t\t\ttext-align: center;\n\t\t\t\t\twidth: 33%;\n\t\t\t\t}\n\t\t\t\t#gallery-5 img {\n\t\t\t\t\tborder: 2px solid #cfcfcf;\n\t\t\t\t}\n\t\t\t\t#gallery-5 .gallery-caption {\n\t\t\t\t\tmargin-left: 0;\n\t\t\t\t}\n\t\t\t\t\/* see gallery_shortcode() in wp-includes\/media.php *\/\n\t\t\t<\/style>\n\t\t<div id='gallery-5' class='dt-gallery-container gallery galleryid-287662 gallery-columns-3 gallery-size-thumbnail'><dl class='gallery-item'>\n\t\t\t\t<dt class='gallery-icon landscape'>\n\t\t\t\t\t<a class=\"rollover rollover-zoom dt-pswp-item\" title=\"469e03c0-47cb-44be-88da-593dd72fb0ff\" data-dt-img-description=\"\" data-large_image_width=\"1125\" data-large_image_height=\"1088\"href='https:\/\/www.radiopiu.net\/wordpress\/wp-content\/uploads\/2022\/07\/469e03c0-47cb-44be-88da-593dd72fb0ff.jpg'><img loading=\"lazy\" decoding=\"async\" width=\"150\" height=\"150\" src=\"https:\/\/www.radiopiu.net\/wordpress\/wp-content\/uploads\/2022\/07\/469e03c0-47cb-44be-88da-593dd72fb0ff-150x150.jpg\" class=\"attachment-thumbnail size-thumbnail\" alt=\"\" \/><\/a>\n\t\t\t\t<\/dt><\/dl><dl class='gallery-item'>\n\t\t\t\t<dt class='gallery-icon landscape'>\n\t\t\t\t\t<a class=\"rollover rollover-zoom dt-pswp-item\" title=\"2f0ec853-db54-4ac3-8904-f054c506f47d\" data-dt-img-description=\"\" data-large_image_width=\"921\" data-large_image_height=\"627\"href='https:\/\/www.radiopiu.net\/wordpress\/wp-content\/uploads\/2022\/07\/2f0ec853-db54-4ac3-8904-f054c506f47d.jpg'><img loading=\"lazy\" decoding=\"async\" width=\"150\" height=\"150\" src=\"https:\/\/www.radiopiu.net\/wordpress\/wp-content\/uploads\/2022\/07\/2f0ec853-db54-4ac3-8904-f054c506f47d-150x150.jpg\" class=\"attachment-thumbnail size-thumbnail\" alt=\"\" \/><\/a>\n\t\t\t\t<\/dt><\/dl><dl class='gallery-item'>\n\t\t\t\t<dt class='gallery-icon landscape'>\n\t\t\t\t\t<a class=\"rollover rollover-zoom dt-pswp-item\" title=\"9aabcd73-c3de-4775-98b0-57825d56d1fe\" data-dt-img-description=\"\" data-large_image_width=\"985\" data-large_image_height=\"631\"href='https:\/\/www.radiopiu.net\/wordpress\/wp-content\/uploads\/2022\/07\/9aabcd73-c3de-4775-98b0-57825d56d1fe.jpg'><img loading=\"lazy\" decoding=\"async\" width=\"150\" height=\"150\" src=\"https:\/\/www.radiopiu.net\/wordpress\/wp-content\/uploads\/2022\/07\/9aabcd73-c3de-4775-98b0-57825d56d1fe-150x150.jpg\" class=\"attachment-thumbnail size-thumbnail\" alt=\"\" \/><\/a>\n\t\t\t\t<\/dt><\/dl><br style=\"clear: both\" \/>\n\t\t\t<\/div>\n\n<p>&nbsp;<\/p>\n<p>&nbsp;<\/p>\n<p>&nbsp;<\/p>\n<hr \/>\n<p>&nbsp;<\/p>\n<blockquote class=\"wp-embedded-content\" data-secret=\"X5HIi20jWH\"><p><a href=\"https:\/\/www.radiopiu.net\/wordpress\/aggnazionaleluglio18\/\">CORONAVIRUS: AGGIORNAMENTO NAZIONALE 18 LUGLIO 2022<\/a><\/p><\/blockquote>\n<p><iframe loading=\"lazy\" class=\"wp-embedded-content\" sandbox=\"allow-scripts\" security=\"restricted\" style=\"position: absolute; clip: rect(1px, 1px, 1px, 1px);\" title=\"&#8220;CORONAVIRUS: AGGIORNAMENTO NAZIONALE 18 LUGLIO 2022&#8221; &#8212; Radio Pi\u00f9\" src=\"https:\/\/www.radiopiu.net\/wordpress\/aggnazionaleluglio18\/embed\/#?secret=JsluqvRr2m#?secret=X5HIi20jWH\" data-secret=\"X5HIi20jWH\" width=\"600\" height=\"338\" frameborder=\"0\" marginwidth=\"0\" marginheight=\"0\" scrolling=\"no\"><\/iframe><\/p>\n<p>&nbsp;<\/p>\n<p>&nbsp;<\/p>\n<blockquote class=\"wp-embedded-content\" data-secret=\"hf2YOTZ5bk\"><p><a href=\"https:\/\/www.radiopiu.net\/wordpress\/aggazzeroluglio18\/\">SETTE DECESSI E QUASI 2 MILA NUOVE POSITIVITA&#8217; IN VENETO NELLE ULTIME 24 ORE. AUMENTANO I RICOVERI IN AREA NON CRITICA<\/a><\/p><\/blockquote>\n<p><iframe loading=\"lazy\" class=\"wp-embedded-content\" sandbox=\"allow-scripts\" security=\"restricted\" style=\"position: absolute; clip: rect(1px, 1px, 1px, 1px);\" title=\"&#8220;SETTE DECESSI E QUASI 2 MILA NUOVE POSITIVITA&#8217; IN VENETO NELLE ULTIME 24 ORE. AUMENTANO I RICOVERI IN AREA NON CRITICA&#8221; &#8212; Radio Pi\u00f9\" src=\"https:\/\/www.radiopiu.net\/wordpress\/aggazzeroluglio18\/embed\/#?secret=eoxJw6MBH2#?secret=hf2YOTZ5bk\" data-secret=\"hf2YOTZ5bk\" width=\"600\" height=\"338\" frameborder=\"0\" marginwidth=\"0\" marginheight=\"0\" scrolling=\"no\"><\/iframe><\/p>\n<p>&nbsp;<\/p>\n<h2>I GRAFICI DI TIZIANO DE COL<\/h2>\n\n\t\t\t<style type='text\/css'>\n\t\t\t\t#gallery-6 {\n\t\t\t\t\tmargin: auto;\n\t\t\t\t}\n\t\t\t\t#gallery-6 .gallery-item {\n\t\t\t\t\tfloat: left;\n\t\t\t\t\tmargin-top: 10px;\n\t\t\t\t\ttext-align: center;\n\t\t\t\t\twidth: 33%;\n\t\t\t\t}\n\t\t\t\t#gallery-6 img {\n\t\t\t\t\tborder: 2px solid #cfcfcf;\n\t\t\t\t}\n\t\t\t\t#gallery-6 .gallery-caption {\n\t\t\t\t\tmargin-left: 0;\n\t\t\t\t}\n\t\t\t\t\/* see gallery_shortcode() in wp-includes\/media.php *\/\n\t\t\t<\/style>\n\t\t<div id='gallery-6' class='dt-gallery-container gallery galleryid-287662 gallery-columns-3 gallery-size-thumbnail'><dl class='gallery-item'>\n\t\t\t\t<dt class='gallery-icon landscape'>\n\t\t\t\t\t<a class=\"rollover rollover-zoom dt-pswp-item\" title=\"bd016dd4-2fd4-4639-a0b3-32ba1aae510e\" data-dt-img-description=\"\" data-large_image_width=\"592\" data-large_image_height=\"361\"href='https:\/\/www.radiopiu.net\/wordpress\/wp-content\/uploads\/2022\/07\/bd016dd4-2fd4-4639-a0b3-32ba1aae510e.jpg'><img loading=\"lazy\" decoding=\"async\" width=\"150\" height=\"150\" src=\"https:\/\/www.radiopiu.net\/wordpress\/wp-content\/uploads\/2022\/07\/bd016dd4-2fd4-4639-a0b3-32ba1aae510e-150x150.jpg\" class=\"attachment-thumbnail size-thumbnail\" alt=\"\" \/><\/a>\n\t\t\t\t<\/dt><\/dl><dl class='gallery-item'>\n\t\t\t\t<dt class='gallery-icon landscape'>\n\t\t\t\t\t<a class=\"rollover rollover-zoom dt-pswp-item\" title=\"fba5d68c-6562-4a97-ba92-bd6bed088b9b\" data-dt-img-description=\"\" data-large_image_width=\"598\" data-large_image_height=\"362\"href='https:\/\/www.radiopiu.net\/wordpress\/wp-content\/uploads\/2022\/07\/fba5d68c-6562-4a97-ba92-bd6bed088b9b.jpg'><img loading=\"lazy\" decoding=\"async\" width=\"150\" height=\"150\" src=\"https:\/\/www.radiopiu.net\/wordpress\/wp-content\/uploads\/2022\/07\/fba5d68c-6562-4a97-ba92-bd6bed088b9b-150x150.jpg\" class=\"attachment-thumbnail size-thumbnail\" alt=\"\" \/><\/a>\n\t\t\t\t<\/dt><\/dl><dl class='gallery-item'>\n\t\t\t\t<dt class='gallery-icon landscape'>\n\t\t\t\t\t<a class=\"rollover rollover-zoom dt-pswp-item\" title=\"0c45d5c8-fe6f-424c-a535-296740c5aded\" data-dt-img-description=\"\" data-large_image_width=\"608\" data-large_image_height=\"365\"href='https:\/\/www.radiopiu.net\/wordpress\/wp-content\/uploads\/2022\/07\/0c45d5c8-fe6f-424c-a535-296740c5aded.jpg'><img loading=\"lazy\" decoding=\"async\" width=\"150\" height=\"150\" src=\"https:\/\/www.radiopiu.net\/wordpress\/wp-content\/uploads\/2022\/07\/0c45d5c8-fe6f-424c-a535-296740c5aded-150x150.jpg\" class=\"attachment-thumbnail size-thumbnail\" alt=\"\" \/><\/a>\n\t\t\t\t<\/dt><\/dl><br style=\"clear: both\" \/><dl class='gallery-item'>\n\t\t\t\t<dt class='gallery-icon landscape'>\n\t\t\t\t\t<a class=\"rollover rollover-zoom dt-pswp-item\" title=\"82512c4d-b682-4a8c-b5cd-ff8064535502\" data-dt-img-description=\"\" data-large_image_width=\"604\" data-large_image_height=\"362\"href='https:\/\/www.radiopiu.net\/wordpress\/wp-content\/uploads\/2022\/07\/82512c4d-b682-4a8c-b5cd-ff8064535502.jpg'><img loading=\"lazy\" decoding=\"async\" width=\"150\" height=\"150\" src=\"https:\/\/www.radiopiu.net\/wordpress\/wp-content\/uploads\/2022\/07\/82512c4d-b682-4a8c-b5cd-ff8064535502-150x150.jpg\" class=\"attachment-thumbnail size-thumbnail\" alt=\"\" \/><\/a>\n\t\t\t\t<\/dt><\/dl><dl class='gallery-item'>\n\t\t\t\t<dt class='gallery-icon landscape'>\n\t\t\t\t\t<a class=\"rollover rollover-zoom dt-pswp-item\" title=\"a767aebf-1489-4ecc-9ef5-7967b8b878de\" data-dt-img-description=\"\" data-large_image_width=\"614\" data-large_image_height=\"366\"href='https:\/\/www.radiopiu.net\/wordpress\/wp-content\/uploads\/2022\/07\/a767aebf-1489-4ecc-9ef5-7967b8b878de.jpg'><img loading=\"lazy\" decoding=\"async\" width=\"150\" height=\"150\" src=\"https:\/\/www.radiopiu.net\/wordpress\/wp-content\/uploads\/2022\/07\/a767aebf-1489-4ecc-9ef5-7967b8b878de-150x150.jpg\" class=\"attachment-thumbnail size-thumbnail\" alt=\"\" \/><\/a>\n\t\t\t\t<\/dt><\/dl><dl class='gallery-item'>\n\t\t\t\t<dt class='gallery-icon landscape'>\n\t\t\t\t\t<a class=\"rollover rollover-zoom dt-pswp-item\" title=\"4833847b-9ba6-4f04-a4f4-262c97515724\" data-dt-img-description=\"\" data-large_image_width=\"610\" data-large_image_height=\"357\"href='https:\/\/www.radiopiu.net\/wordpress\/wp-content\/uploads\/2022\/07\/4833847b-9ba6-4f04-a4f4-262c97515724.jpg'><img loading=\"lazy\" decoding=\"async\" width=\"150\" height=\"150\" src=\"https:\/\/www.radiopiu.net\/wordpress\/wp-content\/uploads\/2022\/07\/4833847b-9ba6-4f04-a4f4-262c97515724-150x150.jpg\" class=\"attachment-thumbnail size-thumbnail\" alt=\"\" \/><\/a>\n\t\t\t\t<\/dt><\/dl><br style=\"clear: both\" \/>\n\t\t\t<\/div>\n\n<p>&nbsp;<\/p>\n<hr \/>\n<p>&nbsp;<\/p>\n<blockquote>\n<h3>PREVENZIONE DELL&#8217;IPERTENSIONE E PREVENZIONE DEL MELANOMA, RIUSCITA L&#8217;INIZIATIVA IN ALTA QUOTA<\/h3>\n<\/blockquote>\n<p><strong>BELLUNO\u00a0 <\/strong>Nell\u2019ambito di un progetto scientifico nazionale dedicato alla prevenzione delle crisi ipertensive in quota, operatori del Dipartimento di Prevenzione dell\u2019Ulss Dolomiti si sono resi disponibili ieri, domenica 17 luglio,in 5 rifugi dell\u2019Ampezzano (Col Gallina, Nuvolau, Scoiattoli, Lagazuoi, Lagazuoi Terrace) per la misurazione della pressione arteriosa e dell\u2019ossigenazione, rilevando nel contempo dati sanitari utili per lo studio.\u00a0 In parallelo \u00e8 stata svolta una sensibilizzazione sulla prevenzione del melanoma, tumore frequente in provincia di Belluno legato all\u2019eccessiva esposizione solare non protetta. L\u2019iniziativa \u00e8 stata molto apprezzata dai numerosi escursionisti, italiani e stranieri, che ne hanno usufruito, dimostrandosi interessati ai consigli. Oggi \u00e8 giunto il ringraziamento della societ\u00e0 italiana medicina di montagna e della commissione medica del CAI nazionale, promotori dell\u2019evento.<\/p>\n\n\t\t\t<style type='text\/css'>\n\t\t\t\t#gallery-7 {\n\t\t\t\t\tmargin: auto;\n\t\t\t\t}\n\t\t\t\t#gallery-7 .gallery-item {\n\t\t\t\t\tfloat: left;\n\t\t\t\t\tmargin-top: 10px;\n\t\t\t\t\ttext-align: center;\n\t\t\t\t\twidth: 33%;\n\t\t\t\t}\n\t\t\t\t#gallery-7 img {\n\t\t\t\t\tborder: 2px solid #cfcfcf;\n\t\t\t\t}\n\t\t\t\t#gallery-7 .gallery-caption {\n\t\t\t\t\tmargin-left: 0;\n\t\t\t\t}\n\t\t\t\t\/* see gallery_shortcode() in wp-includes\/media.php *\/\n\t\t\t<\/style>\n\t\t<div id='gallery-7' class='dt-gallery-container gallery galleryid-287662 gallery-columns-3 gallery-size-thumbnail'><dl class='gallery-item'>\n\t\t\t\t<dt class='gallery-icon landscape'>\n\t\t\t\t\t<a class=\"rollover rollover-zoom dt-pswp-item\" title=\"WhatsApp Image 2022-07-18 at 17.57.53\" data-dt-img-description=\"\" data-large_image_width=\"1600\" data-large_image_height=\"1200\"href='https:\/\/www.radiopiu.net\/wordpress\/wp-content\/uploads\/2022\/07\/WhatsApp-Image-2022-07-18-at-17.57.53.jpeg'><img loading=\"lazy\" decoding=\"async\" width=\"150\" height=\"150\" src=\"https:\/\/www.radiopiu.net\/wordpress\/wp-content\/uploads\/2022\/07\/WhatsApp-Image-2022-07-18-at-17.57.53-150x150.jpeg\" class=\"attachment-thumbnail size-thumbnail\" alt=\"\" \/><\/a>\n\t\t\t\t<\/dt><\/dl><dl class='gallery-item'>\n\t\t\t\t<dt class='gallery-icon landscape'>\n\t\t\t\t\t<a class=\"rollover rollover-zoom dt-pswp-item\" title=\"WhatsApp Image 2022-07-18 at 17.56.54\" data-dt-img-description=\"\" data-large_image_width=\"1600\" data-large_image_height=\"900\"href='https:\/\/www.radiopiu.net\/wordpress\/wp-content\/uploads\/2022\/07\/WhatsApp-Image-2022-07-18-at-17.56.54.jpeg'><img loading=\"lazy\" decoding=\"async\" width=\"150\" height=\"150\" src=\"https:\/\/www.radiopiu.net\/wordpress\/wp-content\/uploads\/2022\/07\/WhatsApp-Image-2022-07-18-at-17.56.54-150x150.jpeg\" class=\"attachment-thumbnail size-thumbnail\" alt=\"\" \/><\/a>\n\t\t\t\t<\/dt><\/dl><dl class='gallery-item'>\n\t\t\t\t<dt class='gallery-icon portrait'>\n\t\t\t\t\t<a class=\"rollover rollover-zoom dt-pswp-item\" title=\"WhatsApp Image 2022-07-18 at 17.55.53 (1)\" data-dt-img-description=\"\" data-large_image_width=\"1500\" data-large_image_height=\"2000\"href='https:\/\/www.radiopiu.net\/wordpress\/wp-content\/uploads\/2022\/07\/WhatsApp-Image-2022-07-18-at-17.55.53-1.jpeg'><img loading=\"lazy\" decoding=\"async\" width=\"150\" height=\"150\" src=\"https:\/\/www.radiopiu.net\/wordpress\/wp-content\/uploads\/2022\/07\/WhatsApp-Image-2022-07-18-at-17.55.53-1-150x150.jpeg\" class=\"attachment-thumbnail size-thumbnail\" alt=\"\" \/><\/a>\n\t\t\t\t<\/dt><\/dl><br style=\"clear: both\" \/>\n\t\t\t<\/div>\n\n<p>&nbsp;<\/p>\n<p>&nbsp;<\/p>\n<hr \/>\n<p>&nbsp;<\/p>\n<p>&nbsp;<\/p>\n<blockquote>\n<h3>RIQUALIFICATO IL SENTIERO GEOLOGICO DI ARABBA<\/h3>\n<\/blockquote>\n<blockquote><p><em>Dopo un lungo lavoro di manutenzione straordinaria, sabato 23 luglio verr\u00e0 celebrata la riqualificazione del Sentiero Geologico di Arabba. Si tratta di un percorso ad anello gi\u00e0 esistente, che grazie all\u2019opera congiunta dei collaboratori di Funivie Arabba e della sezione C.A.I. di Livinallongo, verr\u00e0 ora non soltanto riqualificato nella manutenzione del sentiero stesso e della segnaletica verticale, ma anche arricchito dall\u2019installazione di un numero di bacheche informative posizionate lungo le tappe del percorso, contenenti informazioni di natura geologica e storica riguardo il territorio circostante.<\/em><\/p><\/blockquote>\n<p><a class=\"dt-pswp-item\" href=\"https:\/\/www.radiopiu.net\/wordpress\/wp-content\/uploads\/2022\/07\/sentiero-geologico-di-arabba-3.jpg\" data-dt-img-description=\"\" data-large_image_width=\"1024\" data-large_image_height=\"768\"><img loading=\"lazy\" decoding=\"async\" class=\"alignleft wp-image-287838 \" src=\"https:\/\/www.radiopiu.net\/wordpress\/wp-content\/uploads\/2022\/07\/sentiero-geologico-di-arabba-3-300x225.jpg\" alt=\"\" width=\"196\" height=\"147\" srcset=\"https:\/\/www.radiopiu.net\/wordpress\/wp-content\/uploads\/2022\/07\/sentiero-geologico-di-arabba-3-300x225.jpg 300w, https:\/\/www.radiopiu.net\/wordpress\/wp-content\/uploads\/2022\/07\/sentiero-geologico-di-arabba-3-768x576.jpg 768w, https:\/\/www.radiopiu.net\/wordpress\/wp-content\/uploads\/2022\/07\/sentiero-geologico-di-arabba-3.jpg 1024w\" sizes=\"auto, (max-width: 196px) 100vw, 196px\" \/><\/a><strong>LIVINALLONGO<\/strong> &#8211; \u00c8 ufficiale: il Sentiero Geologico di Arabba &#8211; percorso ad anello gi\u00e0 esistente dal 1982 &#8211; \u00e8 andato incontro a un processo di manutenzione straordinaria portato a termine in modo congiunto dai collaboratori di Funivie Arabba e dalla sezione del C.A.I. di Livinallongo. La cerimonia d&#8217;inaugurazione del riqualificato Sentiero avverr\u00e0 sabato 23 luglio al Rifugio Luigi Gorza. Il lavoro svolto ha reso possibile non solo di sistemare le parti danneggiate del percorso, ma anche di posizionare tutta la nuova segnaletica verticale e le nuove bacheche informative. \u00c8 proprio questa, infatti, la grande novit\u00e0: in prossimit\u00e0 di ogni tappa &#8211; o \u201cstop\u201d &#8211; in cui si sviluppa il sentiero, gli escursionisti troveranno ora delle bacheche con informazioni di natura geologica e storica riguardo il territorio circostante, cos\u00ec come accade negli altri sentieri geologici (Falcade e Agordo), incentivando cos\u00ec gli escursionisti ad approfondire la loro conoscenza della zona delle Dolomiti. Queste bacheche contengono una versione semplificata dei testi del libro \u201cIl Sentiero Geologico di Arabba\u201d di Carlo Doglioni, Cesare Lasen e Gilberto Salvatore, pubblicato dal C.A.I. nel 2010, che rendono l\u2019esperienza fruibile anche da chi si avvicina alla geologia delle Dolomiti per la prima volta, ma andando comunque in profondit\u00e0 nell\u2019argomento. Inoltre, in questa occasione verr\u00e0 celebrato il 40\u00b0 anniversario dalla prima realizzazione del Sentiero Geologico di Arabba e del 50\u00b0 della Sezione C.A.I. di Livinallongo.<\/p>\n<blockquote><p><a class=\"dt-pswp-item\" href=\"https:\/\/www.radiopiu.net\/wordpress\/wp-content\/uploads\/2022\/07\/sentiero-geologico-di-arabba-3.jpg\" data-dt-img-description=\"\" data-large_image_width=\"1024\" data-large_image_height=\"768\"><img loading=\"lazy\" decoding=\"async\" class=\"wp-image-287838 alignright\" src=\"https:\/\/www.radiopiu.net\/wordpress\/wp-content\/uploads\/2022\/07\/sentiero-geologico-di-arabba-3-300x225.jpg\" alt=\"\" width=\"173\" height=\"130\" srcset=\"https:\/\/www.radiopiu.net\/wordpress\/wp-content\/uploads\/2022\/07\/sentiero-geologico-di-arabba-3-300x225.jpg 300w, https:\/\/www.radiopiu.net\/wordpress\/wp-content\/uploads\/2022\/07\/sentiero-geologico-di-arabba-3-768x576.jpg 768w, https:\/\/www.radiopiu.net\/wordpress\/wp-content\/uploads\/2022\/07\/sentiero-geologico-di-arabba-3.jpg 1024w\" sizes=\"auto, (max-width: 173px) 100vw, 173px\" \/><\/a>Il sentiero completo e le sue nuove \u201cvarianti\u201d. Il Sentiero Geologico di Arabba, nella sua versione completa, \u00e8 un percorso ad anello di 12,2 km con partenza e arrivo alla stazione a monte di Porta Vescovo, che pu\u00f2 necessitare di 6-8 ore di cammino, a seconda del proprio livello di allenamento. Se da un lato una camminata di questo tipo viene sicuramente apprezzata dagli escursionisti pi\u00f9 intrepidi, bisogna ammettere che \u00e8 piuttosto impegnativa. Per questo motivo l\u2019idea stessa del sentiero \u00e8 stata ripensata, ed esso viene ora proposto anche in alcune varianti ridotte, che si concentrano su determinate sezioni dell\u2019anello completo.<\/p><\/blockquote>\n<p>Per maggiori informazioni riguardo il Sentiero Geologico di Arabba, si invita a visitare la pagina dedicata https:\/\/funiviearabba.it\/sentiero-geologico-di-arabba.<\/p>\n<p>&nbsp;<\/p>\n<p>&nbsp;<\/p>\n<p>&nbsp;<\/p>\n<hr \/>\n<blockquote>\n<h3><\/h3>\n<h3>AD AGOSTO IL RITORNO DELLA REYER IN VALLE DEL BIOIS<\/h3>\n<\/blockquote>\n<blockquote>\n<h3>LE PRIME SQUADRE OROGRANATA IN RITIRO PRECAMPIONATO A FALCADE<\/h3>\n<\/blockquote>\n<p><a class=\"dt-pswp-item\" href=\"https:\/\/www.radiopiu.net\/wordpress\/wp-content\/uploads\/2022\/07\/E77086D1-E746-44FC-B801-C23DFCEE239C.jpg\" data-dt-img-description=\"\" data-large_image_width=\"640\" data-large_image_height=\"512\"><img loading=\"lazy\" decoding=\"async\" class=\"size-thumbnail wp-image-287802 alignleft\" src=\"https:\/\/www.radiopiu.net\/wordpress\/wp-content\/uploads\/2022\/07\/E77086D1-E746-44FC-B801-C23DFCEE239C-150x150.jpg\" alt=\"\" width=\"150\" height=\"150\" \/><\/a><strong>VENEZIA_FALCADE<\/strong> Dopo l\u2019ottima esperienza dell\u2019anno scorso, la Valle del Biois si prepara a dare il benvenuto\u00a0 alle prime squadre dell\u2019Umana Reyer per il ritiro precampionato 2022\/23. Grazie all\u2019accordo pluriennale con il consorzio di promozione turistica PromoFalcade Dolomiti, i comuni della Valle del Biois metteranno a disposizione le proprie strutture sportive e ricettive per l\u2019organizzazione del lavoro dei gruppi squadra orogranata. Sar\u00e0 la prima squadra maschile a salire per prima in quota, da domenica 21 a sabato 27 agosto soggiornando presso lo Sport Hotel Cristal. Sabato 27 agosto pomeriggio \u00e8 in programma la prima amichevole stagionale che vedr\u00e0 l\u2019Umana Reyer maschile sfidare l\u2019Umana San Giobbe Chiusi. Da domenica 28 agosto a venerd\u00ec 2 settembre svolgeranno il ritiro in quota le ragazze dell\u2019Umana Reyer femminile e soggiorneranno all\u2019hotel San Giusto.<\/p>\n<p>FOTO www.reyer.it<\/p>\n<p>&nbsp;<\/p>\n<blockquote>\n<h3><\/h3>\n<\/blockquote>\n<hr \/>\n<p>&nbsp;<\/p>\n<blockquote>\n<h3>PAOLA SOPPELSA, TRA SCARPET E CURA DELLA MONTAGNA<\/h3>\n<\/blockquote>\n<p><strong>LA VALLE<\/strong> Come ogni lunedi Gianni Santomaso dalle pagine del Corriere delle Alpi racconta una storia, un personaggio, un pezzo di vita dell\u2019Agordino \u201cVivere l\u2019Agordino\u201d una raccolta spaccato di vita agordina con le immancabili vignette di Erica Andrich<\/p>\n<p><strong>di Gianni Santomaso<\/strong><\/p>\n<audio class=\"wp-audio-shortcode\" id=\"audio-287662-8\" preload=\"none\" style=\"width: 100%;\" controls=\"controls\"><source type=\"audio\/mpeg\" src=\"https:\/\/www.radiopiu.net\/wordpress\/wp-content\/uploads\/2022\/07\/GIANNI-SPECIALE-AGORDINO-PAOLA-SOPPELSA.mp3?_=8\" \/><a href=\"https:\/\/www.radiopiu.net\/wordpress\/wp-content\/uploads\/2022\/07\/GIANNI-SPECIALE-AGORDINO-PAOLA-SOPPELSA.mp3\">https:\/\/www.radiopiu.net\/wordpress\/wp-content\/uploads\/2022\/07\/GIANNI-SPECIALE-AGORDINO-PAOLA-SOPPELSA.mp3<\/a><\/audio>\n<p>&nbsp;<\/p>\n\n\t\t\t<style type='text\/css'>\n\t\t\t\t#gallery-8 {\n\t\t\t\t\tmargin: auto;\n\t\t\t\t}\n\t\t\t\t#gallery-8 .gallery-item {\n\t\t\t\t\tfloat: left;\n\t\t\t\t\tmargin-top: 10px;\n\t\t\t\t\ttext-align: center;\n\t\t\t\t\twidth: 50%;\n\t\t\t\t}\n\t\t\t\t#gallery-8 img {\n\t\t\t\t\tborder: 2px solid #cfcfcf;\n\t\t\t\t}\n\t\t\t\t#gallery-8 .gallery-caption {\n\t\t\t\t\tmargin-left: 0;\n\t\t\t\t}\n\t\t\t\t\/* see gallery_shortcode() in wp-includes\/media.php *\/\n\t\t\t<\/style>\n\t\t<div id='gallery-8' class='dt-gallery-container gallery galleryid-287662 gallery-columns-2 gallery-size-thumbnail'><dl class='gallery-item'>\n\t\t\t\t<dt class='gallery-icon landscape'>\n\t\t\t\t\t<a class=\"rollover rollover-zoom dt-pswp-item\" title=\"7085b23f-299a-4685-9d4f-127c04d8793e\" data-dt-img-description=\"\" data-large_image_width=\"2048\" data-large_image_height=\"1154\"href='https:\/\/www.radiopiu.net\/wordpress\/wp-content\/uploads\/2022\/07\/7085b23f-299a-4685-9d4f-127c04d8793e.jpg'><img loading=\"lazy\" decoding=\"async\" width=\"150\" height=\"150\" src=\"https:\/\/www.radiopiu.net\/wordpress\/wp-content\/uploads\/2022\/07\/7085b23f-299a-4685-9d4f-127c04d8793e-150x150.jpg\" class=\"attachment-thumbnail size-thumbnail\" alt=\"\" \/><\/a>\n\t\t\t\t<\/dt><\/dl><dl class='gallery-item'>\n\t\t\t\t<dt class='gallery-icon portrait'>\n\t\t\t\t\t<a class=\"rollover rollover-zoom dt-pswp-item\" title=\"0\" data-dt-img-description=\"\" data-large_image_width=\"1850\" data-large_image_height=\"1926\"href='https:\/\/www.radiopiu.net\/wordpress\/wp-content\/uploads\/2022\/07\/0-2.png'><img loading=\"lazy\" decoding=\"async\" width=\"150\" height=\"150\" src=\"https:\/\/www.radiopiu.net\/wordpress\/wp-content\/uploads\/2022\/07\/0-2-150x150.png\" class=\"attachment-thumbnail size-thumbnail\" alt=\"\" \/><\/a>\n\t\t\t\t<\/dt><\/dl><br style=\"clear: both\" \/>\n\t\t\t<\/div>\n\n<p>&nbsp;<\/p>\n<hr \/>\n<p>&nbsp;<\/p>\n<blockquote>\n<h3>LA FESTA DELL&#8217;ASSOCIAZIONE BELLUNESI NEL MONDO<\/h3>\n<\/blockquote>\n<p><strong><a class=\"dt-pswp-item\" href=\"https:\/\/www.radiopiu.net\/wordpress\/wp-content\/uploads\/2022\/07\/WhatsApp-Image-2022-07-17-at-17.09.42-1-980x553-1.jpg\" data-dt-img-description=\"\" data-large_image_width=\"980\" data-large_image_height=\"553\"><img loading=\"lazy\" decoding=\"async\" class=\"size-thumbnail wp-image-287764 alignleft\" src=\"https:\/\/www.radiopiu.net\/wordpress\/wp-content\/uploads\/2022\/07\/WhatsApp-Image-2022-07-17-at-17.09.42-1-980x553-1-150x150.jpg\" alt=\"\" width=\"150\" height=\"150\" \/><\/a>SOSPIROLO<\/strong> Tradizione rispettata. Dopo due anni di stop forzato causa covid, \u00e8 tornata la festa dei bellunesi nel mondo. Un appuntamento da sempre capace di richiamare in provincia gli emigranti sparsi per il pianeta. Numerose (oltre duecento) le persone rientrate da Europa e America per riunirsi con l\u2019Abm a Sospirolo, sotto il tendone allestito a Gron dalla Pro loco \u201cMonti del Sole\u201d e dagli Amici di Flores da Cunha. A loro, infatti, l\u2019Associazione Bellunesi nel Mondo si \u00e8 affidata per l\u2019organizzazione dell\u2019evento, patrocinato dal Comune. Un evento che tra pranzo, musica e vecchi aneddoti ha permesso di celebrare un pezzo fondamentale della storia bellunese, una storia fatta di partenze, ritorni, sacrifici e successi all\u2019estero. Un passato variegato, ricco di tante vicende umane, tutte unite da un unico filo conduttore: l\u2019amore per il territorio di origine, mai dimenticato e sempre nel cuore anche di chi gli \u00e8 fisicamente pi\u00f9 lontano.<\/p>\n<p>&nbsp;<\/p>\n<p>&nbsp;<\/p>\n<p>&nbsp;<\/p>\n<hr \/>\n<p>&nbsp;<\/p>\n<blockquote>\n<h3>NEL CONSIGLIO COMUNALE DI RIVAMONTE GLI EQUILIBRI DI BILANCIO<\/h3>\n<\/blockquote>\n<p><strong>RIVAMONTE\u00a0<\/strong> Il sindaco Giovanni Nino Deon ha convocato il consiglio comunale per domani alle 18.30. All&#8217;ordine del giorno la variazione di assestamento di bilancio e l&#8217;approvazione della modifica allo statuto dell&#8217;Azienda Speciale Consortile Agordina (Asca).<\/p>\n<p>&nbsp;<\/p>\n<p>&nbsp;<\/p>\n<hr \/>\n<p>&nbsp;<\/p>\n<blockquote>\n<h3>ANCHE LA MODIFICA DEL PIANO TRIENNALE DELLE OPERE PUBBLICHE NEL CONSIGLIO COMUNALE IN VAL FIORENTINA<\/h3>\n<\/blockquote>\n<p><strong>SELVA DI CADORE<\/strong> Lunedi alle 18 consiglio comunale convocato dal sindaco Luca Lorenzini, all&#8217;ordine del giorno: variazioni al bilanci di previsione e assestamento generale di bilancio. Nomina del revisore dei conti (Sara Tillati) e approvazione della variante al piano degli interventi. In discussione anche il regolamento autoservizi pubblici e lo statuto dell&#8217;ASCA.<\/p>\n<p>&nbsp;<\/p>\n<hr \/>\n<p>&nbsp;<\/p>\n<blockquote>\n<h3>ORA SONO 16 LE DOLOMITI IN MINIATURA A SAN TOMASO, TERMINATE LE ULTIME TRE<\/h3>\n<\/blockquote>\n<p><strong>SAN TOMASO<\/strong>\u00a0Si \u00e8 concluso domenica 17 luglio 2022 il Quinto Simposio di scultura \u201cDolomiti in miniatura\u201d\u00a0che ha visto protagonisti tre giovani scultori di fama internazionale: Claudia Zanaga, Abdulkadir Hocaoglu e Shekine Naidi. Le loro opere andranno quindi ad arricchire il Sentiero delle Dolomiti in miniatura portando a 16 le riproduzioni che si potranno ammirare nel corso della passeggiata che dalla piazza del paese di S. Tomaso Agordino conduce alla Forcella. Sono state realizzate, infatti, nel corso della passata settimana la Croda dei Toni, il Sassolungo e la Gusela de Vescov\u00e0. Nel corso del Simposio gli artisti hanno incontrato numerose persone che sono passate in localit\u00e0 Al Pian \u2013 nei pressi di Vertik Area Dolomiti &#8211; per ammirarli all\u2019opera. L\u2019attivit\u00e0 di scultura \u00e8 stata affiancata da due uscite per conoscere da vicino il Sentiero delle Dolomites Rock Mountaines che hanno riscosso successo ed interesse: la prima aperta a tutti gli interessati e condotta dalla guida alpina Valerio Scarpa, la seconda organizzata in collaborazione con l\u2019AIPD sezione della Provincia di Belluno<\/p>\n\n\t\t\t<style type='text\/css'>\n\t\t\t\t#gallery-9 {\n\t\t\t\t\tmargin: auto;\n\t\t\t\t}\n\t\t\t\t#gallery-9 .gallery-item {\n\t\t\t\t\tfloat: left;\n\t\t\t\t\tmargin-top: 10px;\n\t\t\t\t\ttext-align: center;\n\t\t\t\t\twidth: 25%;\n\t\t\t\t}\n\t\t\t\t#gallery-9 img {\n\t\t\t\t\tborder: 2px solid #cfcfcf;\n\t\t\t\t}\n\t\t\t\t#gallery-9 .gallery-caption {\n\t\t\t\t\tmargin-left: 0;\n\t\t\t\t}\n\t\t\t\t\/* see gallery_shortcode() in wp-includes\/media.php *\/\n\t\t\t<\/style>\n\t\t<div id='gallery-9' class='dt-gallery-container gallery galleryid-287662 gallery-columns-4 gallery-size-thumbnail'><dl class='gallery-item'>\n\t\t\t\t<dt class='gallery-icon portrait'>\n\t\t\t\t\t<a class=\"rollover rollover-zoom dt-pswp-item\" title=\"3d81111d-8f1a-44d5-9527-121aefa0c436\" data-dt-img-description=\"\" data-large_image_width=\"497\" data-large_image_height=\"1024\"href='https:\/\/www.radiopiu.net\/wordpress\/wp-content\/uploads\/2022\/07\/3d81111d-8f1a-44d5-9527-121aefa0c436.jpg'><img loading=\"lazy\" decoding=\"async\" width=\"150\" height=\"150\" src=\"https:\/\/www.radiopiu.net\/wordpress\/wp-content\/uploads\/2022\/07\/3d81111d-8f1a-44d5-9527-121aefa0c436-150x150.jpg\" class=\"attachment-thumbnail size-thumbnail\" alt=\"\" aria-describedby=\"gallery-9-287882\" \/><\/a>\n\t\t\t\t<\/dt>\n\t\t\t\t\t<dd class='wp-caption-text gallery-caption' id='gallery-9-287882'>\n\t\t\t\t\t Shekine Naidi.\n\t\t\t\t\t<\/dd><\/dl><dl class='gallery-item'>\n\t\t\t\t<dt class='gallery-icon portrait'>\n\t\t\t\t\t<a class=\"rollover rollover-zoom dt-pswp-item\" title=\"d7fa94b3-d30b-4a41-ae82-f55706d86034\" data-dt-img-description=\"\" data-large_image_width=\"497\" data-large_image_height=\"1024\"href='https:\/\/www.radiopiu.net\/wordpress\/wp-content\/uploads\/2022\/07\/d7fa94b3-d30b-4a41-ae82-f55706d86034.jpg'><img loading=\"lazy\" decoding=\"async\" width=\"150\" height=\"150\" src=\"https:\/\/www.radiopiu.net\/wordpress\/wp-content\/uploads\/2022\/07\/d7fa94b3-d30b-4a41-ae82-f55706d86034-150x150.jpg\" class=\"attachment-thumbnail size-thumbnail\" alt=\"\" aria-describedby=\"gallery-9-287881\" \/><\/a>\n\t\t\t\t<\/dt>\n\t\t\t\t\t<dd class='wp-caption-text gallery-caption' id='gallery-9-287881'>\n\t\t\t\t\tClaudia  Zanaga\n\t\t\t\t\t<\/dd><\/dl><dl class='gallery-item'>\n\t\t\t\t<dt class='gallery-icon portrait'>\n\t\t\t\t\t<a class=\"rollover rollover-zoom dt-pswp-item\" title=\"ff0181a5-97cd-439b-8739-8a7a948feee9\" data-dt-img-description=\"\" data-large_image_width=\"497\" data-large_image_height=\"1024\"href='https:\/\/www.radiopiu.net\/wordpress\/wp-content\/uploads\/2022\/07\/ff0181a5-97cd-439b-8739-8a7a948feee9.jpg'><img loading=\"lazy\" decoding=\"async\" width=\"150\" height=\"150\" src=\"https:\/\/www.radiopiu.net\/wordpress\/wp-content\/uploads\/2022\/07\/ff0181a5-97cd-439b-8739-8a7a948feee9-150x150.jpg\" class=\"attachment-thumbnail size-thumbnail\" alt=\"\" aria-describedby=\"gallery-9-287880\" \/><\/a>\n\t\t\t\t<\/dt>\n\t\t\t\t\t<dd class='wp-caption-text gallery-caption' id='gallery-9-287880'>\n\t\t\t\t\t, Abdulkadir Hocaoglu \n\t\t\t\t\t<\/dd><\/dl><dl class='gallery-item'>\n\t\t\t\t<dt class='gallery-icon landscape'>\n\t\t\t\t\t<a class=\"rollover rollover-zoom dt-pswp-item\" title=\"a09af0f6-a360-40c2-8160-2f18a5000f15\" data-dt-img-description=\"\" data-large_image_width=\"1024\" data-large_image_height=\"768\"href='https:\/\/www.radiopiu.net\/wordpress\/wp-content\/uploads\/2022\/07\/a09af0f6-a360-40c2-8160-2f18a5000f15.jpg'><img loading=\"lazy\" decoding=\"async\" width=\"150\" height=\"150\" src=\"https:\/\/www.radiopiu.net\/wordpress\/wp-content\/uploads\/2022\/07\/a09af0f6-a360-40c2-8160-2f18a5000f15-150x150.jpg\" class=\"attachment-thumbnail size-thumbnail\" alt=\"\" \/><\/a>\n\t\t\t\t<\/dt><\/dl><br style=\"clear: both\" \/>\n\t\t\t<\/div>\n\n<p>&nbsp;<\/p>\n<p><a href=\"https:\/\/www.facebook.com\/marco.baghy.1\/videos\/410192901061272\">https:\/\/www.facebook.com\/marco.baghy.1\/videos\/410192901061272<\/a><\/p>\n<p>&nbsp;<\/p>\n<p>&nbsp;<\/p>\n<p>&nbsp;<\/p>\n<hr \/>\n<p>&nbsp;<\/p>\n<blockquote>\n<h3>DOMANI A CANALE D&#8217;AGORDO LA PRESENTAZIONE DEL LIBRO SU VALERIO DA POS<\/h3>\n<\/blockquote>\n<p><strong>CANALE D&#8217;AGORDO <\/strong>Proseguono gli appuntamenti organizzati dal Musal \u2013 Museo Albino Luciani (www.musal.it) per ricordare il poeta \u2013 contadino Valerio Da Pos (1740 \u2013 1822) nel 200\u00b0 anniversario della sua morte. Domani, alle ore 20.30, presso la Sala Ex Emigranti di via Lotta a Canale d&#8217;Agordo (Belluno) si terr\u00e0 l&#8217;incontro per la presentazione del volume \u201cValerio Da Pos poeta contadino. Testi inediti e nuovi contributi critici\u201d di Rosetta Girotto Cannarella, a cura di Bepi Pellegrinon (Nuovi sentieri editore). Ad accompagnare la serata le letture di poesie con il prof. Francesco Piero Franchi.<\/p>\n<p>&nbsp;<\/p>\n<p>&nbsp;<\/p>\n<hr \/>\n<p>&nbsp;<\/p>\n<blockquote>\n<h3>CICLINVALLE 2022, DA AGORDO ALLA VALLE DI SAN LUCANO: IL RITORNO DOMENICA 24 LUGLIO<\/h3>\n<\/blockquote>\n<p class=\"Nessunaspaziatura\" style=\"text-align: justify; line-height: 115%;\"><span lang=\"IT\" style=\"font-size: 12.0pt; line-height: 115%;\"><strong><a class=\"dt-pswp-item\" href=\"https:\/\/www.radiopiu.net\/wordpress\/wp-content\/uploads\/2021\/06\/cicli-8.jpg\" data-dt-img-description=\"\" data-large_image_width=\"1280\" data-large_image_height=\"960\"><img loading=\"lazy\" decoding=\"async\" class=\"size-thumbnail wp-image-215029 alignleft\" src=\"https:\/\/www.radiopiu.net\/wordpress\/wp-content\/uploads\/2021\/06\/cicli-8-150x150.jpg\" alt=\"\" width=\"150\" height=\"150\" \/><\/a>AGORDO <\/strong><\/span>Anticipata di un mese rispetto alla data tradizionale ritorna la 28\u00b0 corsa ciclistica non competitiva di 10 km denominata \u201cCiclinvalle\u201d. Appuntamento domenica 24 luglio 2022 con raduno dei partecipanti alle 9.45 presso il piazzale Peppino Impastato (Parcheggio Tamonich) e successiva sfilata fino alla sede di partenza ufficiale delle ore 10.00 in localit\u00e0 Valcozzena. La pedalata non competitiva si svilupper\u00e0 dal comune di Agordo raggiungendo la localit\u00e0 Col di Pr\u00e0 in comune di Taibon Agordino percorrendo la spettacolare Valle di San Lucano. Dalle 12.00 la Pro Loco di Taibon Agordino organizzer\u00e0 un pasta party presso la Chiesetta di San Lucano, sulla strada di ritorno verso Agordo. Alle 14.00, nella stessa localit\u00e0, ci sar\u00e0 la consegna dei riconoscimenti e l\u2019estrazione dei premi della lotteria. La manifestazione \u00e8 organizzata dalla ASD Attivamente Scuola e Sport per sostenere Unicef, fondazione Onlus che si occupa di assistenza umanitaria per i bambini e le loro madri in tutto il mondo.\u00a0Le iscrizioni si possono perfezionare sabato 23 luglio presso la Piscina Comprensoriale di Agordo dalle 16.00 alle 19.00 e domenica 24 luglio presso la Scuola Primaria di Agordo dalle 8.30 alle 9.30.<\/p>\n<p>&nbsp;<\/p>\n<p>&nbsp;<\/p>\n<hr \/>\n<p>&nbsp;<\/p>\n<blockquote>\n<h3>ARTE E MUSICA TRA PELMO E CIVETTA<\/h3>\n<\/blockquote>\n<p><strong><a class=\"dt-pswp-item\" href=\"https:\/\/www.radiopiu.net\/wordpress\/wp-content\/uploads\/2022\/07\/Zoldo_2022.jpg\" data-dt-img-description=\"\" data-large_image_width=\"1250\" data-large_image_height=\"781\"><img loading=\"lazy\" decoding=\"async\" class=\"alignleft wp-image-287756 \" src=\"https:\/\/www.radiopiu.net\/wordpress\/wp-content\/uploads\/2022\/07\/Zoldo_2022-300x187.jpg\" alt=\"\" width=\"167\" height=\"104\" srcset=\"https:\/\/www.radiopiu.net\/wordpress\/wp-content\/uploads\/2022\/07\/Zoldo_2022-300x187.jpg 300w, https:\/\/www.radiopiu.net\/wordpress\/wp-content\/uploads\/2022\/07\/Zoldo_2022-1024x640.jpg 1024w, https:\/\/www.radiopiu.net\/wordpress\/wp-content\/uploads\/2022\/07\/Zoldo_2022-768x480.jpg 768w, https:\/\/www.radiopiu.net\/wordpress\/wp-content\/uploads\/2022\/07\/Zoldo_2022.jpg 1250w\" sizes=\"auto, (max-width: 167px) 100vw, 167px\" \/><\/a>BELLUNO <\/strong>Un lustro di vita per Arte e Musica tra Pelmo e Civetta, Festival Internazionale di Musica Antica in Val di Zoldo, che giunge alla sua V edizione, con un programma di eventi musicali che vede la partecipazioni di artisti internazionali, in 7 concerti nelle chiese della valle, dal 23 luglio al 21 agosto 2022.\u00a0 Le date dei concerti, tutti a ingresso libero.\u00a0 Manuel Tomadin, organo sabato 23 luglio, ore 19, Goima di Zoldo, Chiesa di San Tiziano. Sigrun Richter, liuto sabato 30 luglio 2022 ore 19, Fusine di Zoldo, Chiesa di San Nicol\u00f2. Luca Scandali, organo sabato 6 agosto, ore 19, Pieve di Zoldo, Chiesa di San Floriano. Franziska Fleischanderl, salterio sabato 13 agosto, ore 19, Fusine di Zoldo, Chiesa di San Nicol\u00f2 Nicola Dolci, organo domenica 14 agosto, ore 17, Pieve di Zoldo, Chiesa di San Floriano. Marco Ruggeri, organo sabato 20 agosto, ore 19, Fusine di Zoldo, Chiesa di San Nicol\u00f2. Sestier Ensemble Armonico, Giulio De Nardo, clavicembalo domenica 21 agosto, ore 17, Pieve di Zoldo, Chiesa di San Floriano. Informazioni e note di sala su: www.belcircolo.org<\/p>\n<p>&nbsp;<\/p>\n<p>&nbsp;<\/p>\n<hr \/>\n<p>&nbsp;<\/p>\n<blockquote>\n<h3>EL CANAL DE AGORT<\/h3>\n<\/blockquote>\n<p><strong>AGORDO<\/strong> Presso il museo in via 5 maggio ad Agordo si pu\u00f2 visitare la mostra &#8220;El Canal De Agort&#8221; storia ed archeologia da San Gottardo alla Conca Agordina. La mostra \u00e8 visitabile dal gioved\u00ec alla domenica dalle 9:30 alle 12:30 e dalle16 alle 19 fino al 4 settembre.<\/p>\n<p>&nbsp;<\/p>\n<p>&nbsp;<\/p>\n<hr \/>\n<p>&nbsp;<\/p>\n<blockquote>\n<h3>LA MOSTRA DI ALBINO MEZZACASA A CENCENIGHE<\/h3>\n<\/blockquote>\n<p><strong>CENCENIGHE<\/strong> Sar\u00e0 visitabile dal 23 luglio e fino al 14 agosto la mostra di scultura di Albino Mezzacasa presso il Nof Fil\u00f2 di Cencenighe. Gli orari delle visite: nei giorni feriali dalle 17:30 alle 21, sabato e domenica dalle 10 alle 12 e dalle 17:30 alle 21.<\/p>\n<p>&nbsp;<\/p>\n<p>&nbsp;<\/p>\n<hr \/>\n<p>&nbsp;<\/p>\n<blockquote>\n<h3>IL SUONO MAGICO DEL LEGNO<\/h3>\n<\/blockquote>\n<p><strong>ROCCA PIETORE<\/strong> Ha preso il via\u00a0 la rassegna musicale &#8220;Il Suono Magico del Legno&#8221;, un percorso di diversi concerti tra le frazioni del\u00a0 Comune. Il primo\u00a0 &#8220;Echi di Cori&#8221;, ha visto come protagonisti il Coro del Luned\u00ec di Roma,\u00a0 si \u00e8 svolto a Malga Gran Pian, nei pressi di Malga Ciapela. Momenti magici in un ambiente articolare: i suoni della natura, i colori, la maestosit\u00e0 della Marmolada, i brani del coro.\u00a0 L&#8217;insieme ha regalato forti emozioni. Nel pomeriggio il Coro si \u00e8 esibito in un concerto intinerante tra gli scorci del Borgo di Sottoguda, ammirando angoli particolari e ben curati tra storici fienili che rendono unico il Borgo. Prossimo appuntamento \u00e8 a Caracoi Cimai sabato alle 16, il Complesso degli Archi del Friuli e del Veneto presenter\u00e0\u00a0 &#8220;Divine Armonie&#8221;. Altro momento sublime considerato il panorama. Il concerto sar\u00e0 sempre all&#8217;aperto con servizio navetta da Santa Maria delle Grazie. In caso di maltempo il complesso sar\u00e0 ospitato\u00a0 nella Chiesa di Santa Maria delle Grazie.<\/p>\n<p><strong>UN&#8217;INIZIATIVA ASSOCIAZIONE BORGO SOTTOGUDA, PAGINA FACEBOOK<\/strong> <span style=\"color: #0000ff;\"><strong><a style=\"color: #0000ff;\" href=\"https:\/\/www.facebook.com\/comitatoborgostaguda\">CLICCAQUI<\/a><\/strong><\/span><\/p>\n<p>&nbsp;<\/p>\n\n\t\t\t<style type='text\/css'>\n\t\t\t\t#gallery-10 {\n\t\t\t\t\tmargin: auto;\n\t\t\t\t}\n\t\t\t\t#gallery-10 .gallery-item {\n\t\t\t\t\tfloat: left;\n\t\t\t\t\tmargin-top: 10px;\n\t\t\t\t\ttext-align: center;\n\t\t\t\t\twidth: 25%;\n\t\t\t\t}\n\t\t\t\t#gallery-10 img {\n\t\t\t\t\tborder: 2px solid #cfcfcf;\n\t\t\t\t}\n\t\t\t\t#gallery-10 .gallery-caption {\n\t\t\t\t\tmargin-left: 0;\n\t\t\t\t}\n\t\t\t\t\/* see gallery_shortcode() in wp-includes\/media.php *\/\n\t\t\t<\/style>\n\t\t<div id='gallery-10' class='dt-gallery-container gallery galleryid-287662 gallery-columns-4 gallery-size-thumbnail'><dl class='gallery-item'>\n\t\t\t\t<dt class='gallery-icon portrait'>\n\t\t\t\t\t<a class=\"rollover rollover-zoom dt-pswp-item\" title=\"e179bcba-26dd-4d9d-a0a6-18280b597564\" data-dt-img-description=\"\" data-large_image_width=\"1500\" data-large_image_height=\"2000\"href='https:\/\/www.radiopiu.net\/wordpress\/wp-content\/uploads\/2022\/07\/e179bcba-26dd-4d9d-a0a6-18280b597564.jpg'><img loading=\"lazy\" decoding=\"async\" width=\"150\" height=\"150\" src=\"https:\/\/www.radiopiu.net\/wordpress\/wp-content\/uploads\/2022\/07\/e179bcba-26dd-4d9d-a0a6-18280b597564-150x150.jpg\" class=\"attachment-thumbnail size-thumbnail\" alt=\"\" \/><\/a>\n\t\t\t\t<\/dt><\/dl><dl class='gallery-item'>\n\t\t\t\t<dt class='gallery-icon portrait'>\n\t\t\t\t\t<a class=\"rollover rollover-zoom dt-pswp-item\" title=\"fcbfe375-24b0-4700-9082-d938ebb34136\" data-dt-img-description=\"\" data-large_image_width=\"1200\" data-large_image_height=\"1600\"href='https:\/\/www.radiopiu.net\/wordpress\/wp-content\/uploads\/2022\/07\/fcbfe375-24b0-4700-9082-d938ebb34136.jpg'><img loading=\"lazy\" decoding=\"async\" width=\"150\" height=\"150\" src=\"https:\/\/www.radiopiu.net\/wordpress\/wp-content\/uploads\/2022\/07\/fcbfe375-24b0-4700-9082-d938ebb34136-150x150.jpg\" class=\"attachment-thumbnail size-thumbnail\" alt=\"\" \/><\/a>\n\t\t\t\t<\/dt><\/dl><dl class='gallery-item'>\n\t\t\t\t<dt class='gallery-icon landscape'>\n\t\t\t\t\t<a class=\"rollover rollover-zoom dt-pswp-item\" title=\"8ad3e95a-22ff-4d7b-82b7-07545e449804\" data-dt-img-description=\"\" data-large_image_width=\"1600\" data-large_image_height=\"1200\"href='https:\/\/www.radiopiu.net\/wordpress\/wp-content\/uploads\/2022\/07\/8ad3e95a-22ff-4d7b-82b7-07545e449804.jpg'><img loading=\"lazy\" decoding=\"async\" width=\"150\" height=\"150\" src=\"https:\/\/www.radiopiu.net\/wordpress\/wp-content\/uploads\/2022\/07\/8ad3e95a-22ff-4d7b-82b7-07545e449804-150x150.jpg\" class=\"attachment-thumbnail size-thumbnail\" alt=\"\" \/><\/a>\n\t\t\t\t<\/dt><\/dl><dl class='gallery-item'>\n\t\t\t\t<dt class='gallery-icon landscape'>\n\t\t\t\t\t<a class=\"rollover rollover-zoom dt-pswp-item\" title=\"780fdf05-3beb-4037-9e90-d0fb8e94e9be\" data-dt-img-description=\"\" data-large_image_width=\"2000\" data-large_image_height=\"1500\"href='https:\/\/www.radiopiu.net\/wordpress\/wp-content\/uploads\/2022\/07\/780fdf05-3beb-4037-9e90-d0fb8e94e9be.jpg'><img loading=\"lazy\" decoding=\"async\" width=\"150\" height=\"150\" src=\"https:\/\/www.radiopiu.net\/wordpress\/wp-content\/uploads\/2022\/07\/780fdf05-3beb-4037-9e90-d0fb8e94e9be-150x150.jpg\" class=\"attachment-thumbnail size-thumbnail\" alt=\"\" \/><\/a>\n\t\t\t\t<\/dt><\/dl><br style=\"clear: both\" \/>\n\t\t\t<\/div>\n\n<p>&nbsp;<\/p>\n<blockquote class=\"wp-embedded-content\" data-secret=\"FvQIoT4k9S\"><p><a href=\"https:\/\/www.radiopiu.net\/wordpress\/marmolada-la-bellunese-aperta-per-ferie-il-benvenuto-del-territorio\/\">MARMOLADA LA BELLUNESE: APERTA PER FERIE. IL BENVENUTO DEL TERRITORIO<\/a><\/p><\/blockquote>\n<p><iframe loading=\"lazy\" class=\"wp-embedded-content\" sandbox=\"allow-scripts\" security=\"restricted\" style=\"position: absolute; clip: rect(1px, 1px, 1px, 1px);\" title=\"&#8220;MARMOLADA LA BELLUNESE: APERTA PER FERIE. IL BENVENUTO DEL TERRITORIO&#8221; &#8212; Radio Pi\u00f9\" src=\"https:\/\/www.radiopiu.net\/wordpress\/marmolada-la-bellunese-aperta-per-ferie-il-benvenuto-del-territorio\/embed\/#?secret=q0oxIUXXfG#?secret=FvQIoT4k9S\" data-secret=\"FvQIoT4k9S\" width=\"600\" height=\"338\" frameborder=\"0\" marginwidth=\"0\" marginheight=\"0\" scrolling=\"no\"><\/iframe><\/p>\n<hr \/>\n<p>&nbsp;<\/p>\n<p>&nbsp;<\/p>\n<blockquote>\n<h3>GIAU IL MURO DELLA PACE\u201d UNA STORIA DI BUON VICINATO FRA CORTINA E S. VITO<\/h3>\n<\/blockquote>\n<p><strong>di RENATO BONA<\/strong><\/p>\n<p>Cercando tutt\u2019altro, dalla mia personale biblioteca ho tratto il libretto (piccolo nelle dimensioni ma grande nei contenuti) che il caro amico scrittore Mario Ferruccio Belli ha realizzato nell\u2019aprile del 1995 con Nuove Edizioni Dolomiti (stampa a cura della tipografia Tiziano di Pieve di Cadore, fotografie di Riccardo Angelo Belli; i documenti citati provengono dall\u2019Archivio storico del Comune di Cortina d\u2019Ampezzo o dalla Biblioteca Marciana di Venezia; in copertina: le lapidi di Venezia e del Tirolo, con la croce di confine, l\u2019anno 1753 ed il numero 10 lettera K, ai piedi del Formin; nell\u2019ultima di copertina: un tratto del muro del Giau dal cippo numero cinque sino al \u201cBecco della muraglia\u201d sotto la neve). Si tratta di oltre 120 pagine cui, per narrare di \u201cuna storia di buon vicinato fra Cortina e San Vito di Cadore lunga sette secoli\u201d \u00e8 stato dato il titolo: \u201cGiau e il muro della pace\u201d. In presentazione l\u2019allora presidente della Provincia di Belluno, Oscar De Bona, esordisce spiegando: \u201cSembrerebbe quasi una favola con protagonisti i pastori usi a portare le greggi sui prati che confinano con le vette, oltre i boschi frequentati dai folletti, da una parte, e dall\u2019altra le Eccellenze Venete e Tirolesi, i Commissari, gli Arciduchi e i Dogi e una \u2018muraglia fatata\u2019 a dividere proprio quei pascoli e quelle foreste\u201d aggiungendo quindi: \u201cE\u2019 invece una storia di uomini, e pastori in carne e ossa, che difendono i pascoli necessari agli alpeggi estivi, quando le nevi lasciano il posto alle praterie, succoso cibo per pecore, capre o mucche\u201d. Ma\u2026 \u201cLo \u00e8 anche di uomini chiamati a governare la pace con gli strumenti della burocrazia. Sulle praterie del Giau, \u2018risorsa verde\u2019 e \u2018questione di vita\u2019 per Ampezzani e Sanvitesi, si sono susseguite dispute secolari di interesse locale che, per la collocazione dei luoghi, sono assurte alla storia, quella con la S maiuscola\u201d. Detto che l\u2019interessante ricerca di Mario Ferruccio Belli \u201c\u00e8 insieme cultura e storia socio-economica delle comunit\u00e0 di San Vito e Cortina d\u2019Ampezzo, De Bona propone per i lettori alcune riflessioni: in primo luogo sul fatto che la lettura del lavoro di Belli di conferma quanto la nostra montagna sia sempre stata una \u2018risorsa\u2019 per le popolazioni \u201cche vi si sono organizzate sapientemente in comunioni familiari per garantirne la conservazione ed i benefici a tutti\u201d; poi: l\u2019importanza vitale del territorio che ha fatto maturare quel forte attaccamento della gente, decisa a difenderlo ad ogni costo ricorrendo sempre alle \u2018armi\u2019 della illuminata burocrazia che in questo caso ha prodotto addirittura un trattato internazionale; quindi: \u201ccome sia nata ed ancora attuale per le aree montane di confine e dunque per l\u2019intera provincia di Belluno, la necessit\u00e0 di rispondere alle esigenze che provengono dal basso con \u2018scelte strategiche\u2019 di governo che pacifichino le questioni per realizzare costruttive intese; infine: \u201cla necessit\u00e0 di conoscere, valorizzare e proteggere la \u2018muraglia\u2019 di Giau ed i suoi cippi confinari quale raro patrimonio storico-culturale tramandatoci dagli antenati\u201d. Nei successivi sei capitoli \u00e8 tracciata una gradevole storia secolare cos\u00ec sintetizzata dai titoli: \u201cGiau? Che cosa? Dove si trova, a chi appartiene, perch\u00e9?\u201d; \u201cMuraglia della discordia o costoso pomo della pace\u201d; \u201cProcessi e amore fra Ampezzo e San Vito di Cadore\u201d; \u201cVenezia e Vienna al tavolo della pace\u201d; \u201cCi\u00f2 termina il molesto affare che dur\u00f2 due secoli\u201d; infine: \u201cL\u2019erba verde del vicino\u201d. Belli dice davvero di tutto e di pi\u00f9: un nome latino; regole e marighi; un giuramento pericoloso; come visitare il muro; i perduti scudi del Tirolo e il sorriso del leone; i cippi misteriosi; agli scudi della terza forcella; una nobildonna in gita; pecore, capre e legname; foraggi e miniere; la storia infinita; la terza forcella; il muro della pace; a Rovereto con i diplomatici; con gli ingegneri e la gente a discutere d\u2019erba; dodici mesi sui monti del Cadore; San Vito si rimbocca le maniche; Ampezzo presenta il conto; all\u2019ombra del muro; una revisione allarga il contenzioso; gli Alpini hanno fretta; il progetto di scambio; qualche altra cosa sui dintorni; il cacciatore di Mondeval; il confine con la Badessa; dov\u2019\u00e8 la croce numero uno!\u201d.<\/p>\n\n\t\t\t<style type='text\/css'>\n\t\t\t\t#gallery-11 {\n\t\t\t\t\tmargin: auto;\n\t\t\t\t}\n\t\t\t\t#gallery-11 .gallery-item {\n\t\t\t\t\tfloat: left;\n\t\t\t\t\tmargin-top: 10px;\n\t\t\t\t\ttext-align: center;\n\t\t\t\t\twidth: 16%;\n\t\t\t\t}\n\t\t\t\t#gallery-11 img {\n\t\t\t\t\tborder: 2px solid #cfcfcf;\n\t\t\t\t}\n\t\t\t\t#gallery-11 .gallery-caption {\n\t\t\t\t\tmargin-left: 0;\n\t\t\t\t}\n\t\t\t\t\/* see gallery_shortcode() in wp-includes\/media.php *\/\n\t\t\t<\/style>\n\t\t<div id='gallery-11' class='dt-gallery-container gallery galleryid-287662 gallery-columns-6 gallery-size-thumbnail'><dl class='gallery-item'>\n\t\t\t\t<dt class='gallery-icon portrait'>\n\t\t\t\t\t<a class=\"rollover rollover-zoom dt-pswp-item\" title=\"293746528_1442973202837653_5788104915503417801_n\" data-dt-img-description=\"\" data-large_image_width=\"156\" data-large_image_height=\"240\"href='https:\/\/www.radiopiu.net\/wordpress\/wp-content\/uploads\/2022\/07\/293746528_1442973202837653_5788104915503417801_n.jpg'><img loading=\"lazy\" decoding=\"async\" width=\"150\" height=\"150\" src=\"https:\/\/www.radiopiu.net\/wordpress\/wp-content\/uploads\/2022\/07\/293746528_1442973202837653_5788104915503417801_n-150x150.jpg\" class=\"attachment-thumbnail size-thumbnail\" alt=\"\" \/><\/a>\n\t\t\t\t<\/dt><\/dl><dl class='gallery-item'>\n\t\t\t\t<dt class='gallery-icon portrait'>\n\t\t\t\t\t<a class=\"rollover rollover-zoom dt-pswp-item\" title=\"293835747_722634705702544_1994731826297724956_n\" data-dt-img-description=\"\" data-large_image_width=\"150\" data-large_image_height=\"206\"href='https:\/\/www.radiopiu.net\/wordpress\/wp-content\/uploads\/2022\/07\/293835747_722634705702544_1994731826297724956_n.jpg'><img loading=\"lazy\" decoding=\"async\" width=\"150\" height=\"150\" src=\"https:\/\/www.radiopiu.net\/wordpress\/wp-content\/uploads\/2022\/07\/293835747_722634705702544_1994731826297724956_n-150x150.jpg\" class=\"attachment-thumbnail size-thumbnail\" alt=\"\" \/><\/a>\n\t\t\t\t<\/dt><\/dl><dl class='gallery-item'>\n\t\t\t\t<dt class='gallery-icon landscape'>\n\t\t\t\t\t<a class=\"rollover rollover-zoom dt-pswp-item\" title=\"293740230_3134264096823418_7641666637204277314_n\" data-dt-img-description=\"\" data-large_image_width=\"206\" data-large_image_height=\"206\"href='https:\/\/www.radiopiu.net\/wordpress\/wp-content\/uploads\/2022\/07\/293740230_3134264096823418_7641666637204277314_n.jpg'><img loading=\"lazy\" decoding=\"async\" width=\"150\" height=\"150\" src=\"https:\/\/www.radiopiu.net\/wordpress\/wp-content\/uploads\/2022\/07\/293740230_3134264096823418_7641666637204277314_n-150x150.jpg\" class=\"attachment-thumbnail size-thumbnail\" alt=\"\" srcset=\"https:\/\/www.radiopiu.net\/wordpress\/wp-content\/uploads\/2022\/07\/293740230_3134264096823418_7641666637204277314_n-150x150.jpg 150w, https:\/\/www.radiopiu.net\/wordpress\/wp-content\/uploads\/2022\/07\/293740230_3134264096823418_7641666637204277314_n.jpg 206w\" sizes=\"auto, (max-width: 150px) 100vw, 150px\" \/><\/a>\n\t\t\t\t<\/dt><\/dl><dl class='gallery-item'>\n\t\t\t\t<dt class='gallery-icon landscape'>\n\t\t\t\t\t<a class=\"rollover rollover-zoom dt-pswp-item\" title=\"294320122_405866751516649_3376381599635043434_n\" data-dt-img-description=\"\" data-large_image_width=\"296\" data-large_image_height=\"201\"href='https:\/\/www.radiopiu.net\/wordpress\/wp-content\/uploads\/2022\/07\/294320122_405866751516649_3376381599635043434_n.jpg'><img loading=\"lazy\" decoding=\"async\" width=\"150\" height=\"150\" src=\"https:\/\/www.radiopiu.net\/wordpress\/wp-content\/uploads\/2022\/07\/294320122_405866751516649_3376381599635043434_n-150x150.jpg\" class=\"attachment-thumbnail size-thumbnail\" alt=\"\" \/><\/a>\n\t\t\t\t<\/dt><\/dl><dl class='gallery-item'>\n\t\t\t\t<dt class='gallery-icon landscape'>\n\t\t\t\t\t<a class=\"rollover rollover-zoom dt-pswp-item\" title=\"293624555_428398935883582_2696521253371085698_n\" data-dt-img-description=\"\" data-large_image_width=\"318\" data-large_image_height=\"206\"href='https:\/\/www.radiopiu.net\/wordpress\/wp-content\/uploads\/2022\/07\/293624555_428398935883582_2696521253371085698_n.jpg'><img loading=\"lazy\" decoding=\"async\" width=\"150\" height=\"150\" src=\"https:\/\/www.radiopiu.net\/wordpress\/wp-content\/uploads\/2022\/07\/293624555_428398935883582_2696521253371085698_n-150x150.jpg\" class=\"attachment-thumbnail size-thumbnail\" alt=\"\" \/><\/a>\n\t\t\t\t<\/dt><\/dl><dl class='gallery-item'>\n\t\t\t\t<dt class='gallery-icon landscape'>\n\t\t\t\t\t<a class=\"rollover rollover-zoom dt-pswp-item\" title=\"294089285_541037764378712_2184232913372227960_n\" data-dt-img-description=\"\" data-large_image_width=\"296\" data-large_image_height=\"205\"href='https:\/\/www.radiopiu.net\/wordpress\/wp-content\/uploads\/2022\/07\/294089285_541037764378712_2184232913372227960_n.jpg'><img loading=\"lazy\" decoding=\"async\" width=\"150\" height=\"150\" src=\"https:\/\/www.radiopiu.net\/wordpress\/wp-content\/uploads\/2022\/07\/294089285_541037764378712_2184232913372227960_n-150x150.jpg\" class=\"attachment-thumbnail size-thumbnail\" alt=\"\" \/><\/a>\n\t\t\t\t<\/dt><\/dl><br style=\"clear: both\" \/><dl class='gallery-item'>\n\t\t\t\t<dt class='gallery-icon portrait'>\n\t\t\t\t\t<a class=\"rollover rollover-zoom dt-pswp-item\" title=\"293735537_1143006409616244_7448496676942745765_n\" data-dt-img-description=\"\" data-large_image_width=\"158\" data-large_image_height=\"240\"href='https:\/\/www.radiopiu.net\/wordpress\/wp-content\/uploads\/2022\/07\/293735537_1143006409616244_7448496676942745765_n.jpg'><img loading=\"lazy\" decoding=\"async\" width=\"150\" height=\"150\" src=\"https:\/\/www.radiopiu.net\/wordpress\/wp-content\/uploads\/2022\/07\/293735537_1143006409616244_7448496676942745765_n-150x150.jpg\" class=\"attachment-thumbnail size-thumbnail\" alt=\"\" \/><\/a>\n\t\t\t\t<\/dt><\/dl><dl class='gallery-item'>\n\t\t\t\t<dt class='gallery-icon landscape'>\n\t\t\t\t\t<a class=\"rollover rollover-zoom dt-pswp-item\" title=\"293708222_1470282883389566_645296039813478389_n\" data-dt-img-description=\"\" data-large_image_width=\"320\" data-large_image_height=\"202\"href='https:\/\/www.radiopiu.net\/wordpress\/wp-content\/uploads\/2022\/07\/293708222_1470282883389566_645296039813478389_n.jpg'><img loading=\"lazy\" decoding=\"async\" width=\"150\" height=\"150\" src=\"https:\/\/www.radiopiu.net\/wordpress\/wp-content\/uploads\/2022\/07\/293708222_1470282883389566_645296039813478389_n-150x150.jpg\" class=\"attachment-thumbnail size-thumbnail\" alt=\"\" \/><\/a>\n\t\t\t\t<\/dt><\/dl><dl class='gallery-item'>\n\t\t\t\t<dt class='gallery-icon portrait'>\n\t\t\t\t\t<a class=\"rollover rollover-zoom dt-pswp-item\" title=\"294357770_1054176378800236_2556344014058647362_n\" data-dt-img-description=\"\" data-large_image_width=\"157\" data-large_image_height=\"240\"href='https:\/\/www.radiopiu.net\/wordpress\/wp-content\/uploads\/2022\/07\/294357770_1054176378800236_2556344014058647362_n.jpg'><img loading=\"lazy\" decoding=\"async\" width=\"150\" height=\"150\" src=\"https:\/\/www.radiopiu.net\/wordpress\/wp-content\/uploads\/2022\/07\/294357770_1054176378800236_2556344014058647362_n-150x150.jpg\" class=\"attachment-thumbnail size-thumbnail\" alt=\"\" \/><\/a>\n\t\t\t\t<\/dt><\/dl><dl class='gallery-item'>\n\t\t\t\t<dt class='gallery-icon landscape'>\n\t\t\t\t\t<a class=\"rollover rollover-zoom dt-pswp-item\" title=\"293945343_1394751087671047_8688157518374189065_n\" data-dt-img-description=\"\" data-large_image_width=\"310\" data-large_image_height=\"206\"href='https:\/\/www.radiopiu.net\/wordpress\/wp-content\/uploads\/2022\/07\/293945343_1394751087671047_8688157518374189065_n.jpg'><img loading=\"lazy\" decoding=\"async\" width=\"150\" height=\"150\" src=\"https:\/\/www.radiopiu.net\/wordpress\/wp-content\/uploads\/2022\/07\/293945343_1394751087671047_8688157518374189065_n-150x150.jpg\" class=\"attachment-thumbnail size-thumbnail\" alt=\"\" \/><\/a>\n\t\t\t\t<\/dt><\/dl><dl class='gallery-item'>\n\t\t\t\t<dt class='gallery-icon portrait'>\n\t\t\t\t\t<a class=\"rollover rollover-zoom dt-pswp-item\" title=\"294030611_5464586393580090_2328257807132412112_n\" data-dt-img-description=\"\" data-large_image_width=\"153\" data-large_image_height=\"240\"href='https:\/\/www.radiopiu.net\/wordpress\/wp-content\/uploads\/2022\/07\/294030611_5464586393580090_2328257807132412112_n.jpg'><img loading=\"lazy\" decoding=\"async\" width=\"150\" height=\"150\" src=\"https:\/\/www.radiopiu.net\/wordpress\/wp-content\/uploads\/2022\/07\/294030611_5464586393580090_2328257807132412112_n-150x150.jpg\" class=\"attachment-thumbnail size-thumbnail\" alt=\"\" \/><\/a>\n\t\t\t\t<\/dt><\/dl><dl class='gallery-item'>\n\t\t\t\t<dt class='gallery-icon landscape'>\n\t\t\t\t\t<a class=\"rollover rollover-zoom dt-pswp-item\" title=\"294547921_1647017465680145_4994956118044962604_n\" data-dt-img-description=\"\" data-large_image_width=\"312\" data-large_image_height=\"206\"href='https:\/\/www.radiopiu.net\/wordpress\/wp-content\/uploads\/2022\/07\/294547921_1647017465680145_4994956118044962604_n.jpg'><img loading=\"lazy\" decoding=\"async\" width=\"150\" height=\"150\" src=\"https:\/\/www.radiopiu.net\/wordpress\/wp-content\/uploads\/2022\/07\/294547921_1647017465680145_4994956118044962604_n-150x150.jpg\" class=\"attachment-thumbnail size-thumbnail\" alt=\"\" \/><\/a>\n\t\t\t\t<\/dt><\/dl><br style=\"clear: both\" \/>\n\t\t\t<\/div>\n\n<p>NELLE FOTO (riproduzioni dal libro \u201cGiau e il muro della pace\u201d, sito debastiani.it): in copertina le lapidi di Venezia e del Tirolo con la croce di confine ai piedi del Formin; ultima di copertina: un tratto del muro del Giau sino al \u201cBecco della muraglia\u201d sotto la neve; lo scrittore Mario Ferruccio Belli; al centro del catino innevato la cas\u00e8ra di Giau di propriet\u00e0 del Comune di San Vito di Cadore, sulla sinistra la stalla per il bestiame, sullo sfondo a destra il Formin e la Croda da Lago; dal Formin: pascoli e malga di Giau, sullo sfondo il Nuvolau e, pi\u00f9 arretrato, l\u2019Averau; la scogliera del Formin, sulla sinistra le due forcelle percorribili anche col gregge, in secondo piano la splendida Croda da Lago; il \u201cBecco della muraglia\u201d e sullo sfondo l\u2019inconfondibile Averau; Formin e Croda da Lago ed i pini cembri della conca di Giau; il tavoliere del Formin con a destra i pascoli di Forcella Rossa e a sinistra le Tre Cime di Lavaredo; la muraglia del Giau voluta nel 1752 dalla Commissione plenipotenziaria di Rovereto per impedire lo sconfinamento del bestiame sanvitese; il confine fra Ampezzo e San Vito punta al pinnacolo detto \u201cBecco della muraglia\u201d che si erge sulla conca di Cortina; il cippo con la croce N3, lettera C e l\u2019anno 1753, un parallelepipedo di circa 80 centimetri, spunta fra i mughi sullo sfondo della Tofana di Roces.<\/p>\n<p>&nbsp;<\/p>\n<hr \/>\n<p>&nbsp;<\/p>\n<p>&nbsp;<\/p>\n<blockquote class=\"wp-embedded-content\" data-secret=\"Gz4vQbW3JB\"><p><a href=\"https:\/\/www.radiopiu.net\/wordpress\/diario-di-bordo-puntata-14qa\/\">DIARIO DI BORDO, GIORNO 14i Claudia Soppelsa<\/a><\/p><\/blockquote>\n<p><iframe loading=\"lazy\" class=\"wp-embedded-content\" sandbox=\"allow-scripts\" security=\"restricted\" style=\"position: absolute; clip: rect(1px, 1px, 1px, 1px);\" title=\"&#8220;DIARIO DI BORDO, GIORNO 14i Claudia Soppelsa&#8221; &#8212; Radio Pi\u00f9\" src=\"https:\/\/www.radiopiu.net\/wordpress\/diario-di-bordo-puntata-14qa\/embed\/#?secret=63tkeULy9X#?secret=Gz4vQbW3JB\" data-secret=\"Gz4vQbW3JB\" width=\"600\" height=\"338\" frameborder=\"0\" marginwidth=\"0\" marginheight=\"0\" scrolling=\"no\"><\/iframe><\/p>\n<p>&nbsp;<\/p>\n<p>&nbsp;<\/p>\n<hr \/>\n<p>&nbsp;<\/p>\n<h2><span style=\"color: #008080;\">&#8220;DINTORN E FORA VIA&#8221; A CURA DEL MUSLA, IL NUOVO PROGRAMMA\u00a0 \u00a0<\/span><\/h2>\n<p><strong><a class=\"dt-pswp-item\" href=\"https:\/\/www.radiopiu.net\/wordpress\/wp-content\/uploads\/2022\/07\/6e87a52f-ce61-4dd1-a0f2-a0b12407bea9.jpg\" data-dt-img-description=\"\" data-large_image_width=\"940\" data-large_image_height=\"788\"><img loading=\"lazy\" decoding=\"async\" class=\"wp-image-286617 alignleft\" src=\"https:\/\/www.radiopiu.net\/wordpress\/wp-content\/uploads\/2022\/07\/6e87a52f-ce61-4dd1-a0f2-a0b12407bea9-300x251.jpg\" alt=\"\" width=\"165\" height=\"138\" srcset=\"https:\/\/www.radiopiu.net\/wordpress\/wp-content\/uploads\/2022\/07\/6e87a52f-ce61-4dd1-a0f2-a0b12407bea9-300x251.jpg 300w, https:\/\/www.radiopiu.net\/wordpress\/wp-content\/uploads\/2022\/07\/6e87a52f-ce61-4dd1-a0f2-a0b12407bea9-768x644.jpg 768w, https:\/\/www.radiopiu.net\/wordpress\/wp-content\/uploads\/2022\/07\/6e87a52f-ce61-4dd1-a0f2-a0b12407bea9.jpg 940w\" sizes=\"auto, (max-width: 165px) 100vw, 165px\" \/><\/a>PUNTATA DEL 12 LUGLIO 2022-\u00a0 BEATRICE COLCUC\u00a0\u00a0<\/strong><\/p>\n<audio class=\"wp-audio-shortcode\" id=\"audio-287662-9\" preload=\"none\" style=\"width: 100%;\" controls=\"controls\"><source type=\"audio\/mpeg\" src=\"https:\/\/www.radiopiu.net\/wordpress\/wp-content\/uploads\/2022\/07\/MUSLA-1.mp3?_=9\" \/><a href=\"https:\/\/www.radiopiu.net\/wordpress\/wp-content\/uploads\/2022\/07\/MUSLA-1.mp3\">https:\/\/www.radiopiu.net\/wordpress\/wp-content\/uploads\/2022\/07\/MUSLA-1.mp3<\/a><\/audio>\n<p>&nbsp;<\/p>\n<p><strong>LA RACCOLTA COMPLETA<\/strong><\/p>\n<blockquote class=\"wp-embedded-content\" data-secret=\"G47gsSlM4H\"><p><a href=\"https:\/\/www.radiopiu.net\/wordpress\/musla\/\">MUSLA<\/a><\/p><\/blockquote>\n<p><iframe loading=\"lazy\" class=\"wp-embedded-content\" sandbox=\"allow-scripts\" security=\"restricted\" style=\"position: absolute; clip: rect(1px, 1px, 1px, 1px);\" title=\"&#8220;MUSLA&#8221; &#8212; Radio Pi\u00f9\" src=\"https:\/\/www.radiopiu.net\/wordpress\/musla\/embed\/#?secret=3hO8glBwNT#?secret=G47gsSlM4H\" data-secret=\"G47gsSlM4H\" width=\"600\" height=\"338\" frameborder=\"0\" marginwidth=\"0\" marginheight=\"0\" scrolling=\"no\"><\/iframe><\/p>\n<p>&nbsp;<\/p>\n<p>&nbsp;<\/p>\n<hr \/>\n<p>&nbsp;<\/p>\n<p>&nbsp;<\/p>\n<blockquote>\n<h3><a class=\"dt-pswp-item\" href=\"https:\/\/www.radiopiu.net\/wordpress\/wp-content\/uploads\/2022\/07\/fonda.jpg\" data-dt-img-description=\"\" data-large_image_width=\"560\" data-large_image_height=\"369\"><img loading=\"lazy\" decoding=\"async\" class=\"size-thumbnail wp-image-286801 alignleft\" src=\"https:\/\/www.radiopiu.net\/wordpress\/wp-content\/uploads\/2022\/07\/fonda-150x150.jpg\" alt=\"\" width=\"150\" height=\"150\" \/><\/a>LA VISITA DEL CARDINALE PAROLIN, IL PROGRAMMA<\/h3>\n<\/blockquote>\n<p>&nbsp;<\/p>\n<p><strong>CANALE D&#8217;AGORDO<\/strong> La Fondazione Papa Luciani ha ufficializzato il programma in occasione della visita del Cardinale Pietro Parolin, Segretario di Sua Santit\u00e0 Papa Francesco a Canale d&#8217;Agordo, giovedi 21 luglio.<\/p>\n<p>Alle 10 a fare gli onori di casa il\u00a0 sindaco Flavio Colcergnan e l&#8217;amministratore parrocchiale Don Matteo Colle, alle\u00a0 10.30 la Visita alla Casa Natale di Papa Luciani<\/p>\n<p>Per maggiori informazioni: FONDAZIONE PAPA LUCIANI\u00a0 www.musal.it\u00a0 \u00a0 info@fondazionepapaluciani.com<\/p>\n<p>&nbsp;<\/p>\n<p>&nbsp;<\/p>\n<p>&nbsp;<\/p>\n<hr \/>\n<p>&nbsp;<\/p>\n<div>\n<div class=\"b654a4as d2edcug0\">\n<div class=\"rq0escxv hkbzh7o3 jwdofwj8 n8tt0mok r8blr3vg hyh9befq\">\n<p><a class=\"dt-pswp-item\" href=\"https:\/\/www.radiopiu.net\/wordpress\/wp-content\/uploads\/2020\/10\/pp.jpg\" data-dt-img-description=\"\" data-large_image_width=\"640\" data-large_image_height=\"640\"><img loading=\"lazy\" decoding=\"async\" class=\"wp-image-163678 alignleft\" src=\"https:\/\/www.radiopiu.net\/wordpress\/wp-content\/uploads\/2020\/10\/pp-300x300.jpg\" alt=\"\" width=\"106\" height=\"106\" srcset=\"https:\/\/www.radiopiu.net\/wordpress\/wp-content\/uploads\/2020\/10\/pp-300x300.jpg 300w, https:\/\/www.radiopiu.net\/wordpress\/wp-content\/uploads\/2020\/10\/pp-150x150.jpg 150w, https:\/\/www.radiopiu.net\/wordpress\/wp-content\/uploads\/2020\/10\/pp-125x125.jpg 125w, https:\/\/www.radiopiu.net\/wordpress\/wp-content\/uploads\/2020\/10\/pp-200x200.jpg 200w, https:\/\/www.radiopiu.net\/wordpress\/wp-content\/uploads\/2020\/10\/pp-80x80.jpg 80w, https:\/\/www.radiopiu.net\/wordpress\/wp-content\/uploads\/2020\/10\/pp-480x480.jpg 480w, https:\/\/www.radiopiu.net\/wordpress\/wp-content\/uploads\/2020\/10\/pp.jpg 640w\" sizes=\"auto, (max-width: 106px) 100vw, 106px\" \/><\/a><\/p>\n<\/div>\n<\/div>\n<\/div>\n<div>\n<div class=\"page-title-head hgroup\">\n<div class=\"page-title-head hgroup\">\n<div class=\"b654a4as d2edcug0\">\n<div class=\"j83agx80 btwxx1t3 lhclo0ds hop8lmos nkwizq5d scwd0bx6 roh60bw9\">\n<div class=\"rq0escxv hkbzh7o3 jwdofwj8 n8tt0mok r8blr3vg hyh9befq\">\n<div class=\"do00u71z l9j0dhe7 k4urcfbm\">\n<h2><span style=\"color: #000080;\">DON CESARE, IL PENSIERO DEL GIORNO. ALLA RADIO ALLE 7 DEL MATTINO E ALLE 19.30 DELLA SERA.\u00a0<\/span><\/h2>\n<audio class=\"wp-audio-shortcode\" id=\"audio-287662-10\" preload=\"none\" style=\"width: 100%;\" controls=\"controls\"><source type=\"audio\/mpeg\" src=\"https:\/\/www.radiopiu.net\/wordpress\/wp-content\/uploads\/2022\/07\/CESARE-10.mp3?_=10\" \/><a href=\"https:\/\/www.radiopiu.net\/wordpress\/wp-content\/uploads\/2022\/07\/CESARE-10.mp3\">https:\/\/www.radiopiu.net\/wordpress\/wp-content\/uploads\/2022\/07\/CESARE-10.mp3<\/a><\/audio>\n<p>&nbsp;<\/p>\n<p>&nbsp;<\/p>\n<p>&nbsp;<\/p>\n<\/div>\n<\/div>\n<\/div>\n<\/div>\n<\/div>\n<\/div>\n<\/div>\n<hr \/>\n<p>&nbsp;<\/p>\n<div class=\"do00u71z l9j0dhe7 k4urcfbm\">\n<div class=\"page-title-head hgroup\">\n<div class=\"page-title-head hgroup\">\n<div class=\"b654a4as d2edcug0\">\n<div class=\"j83agx80 btwxx1t3 lhclo0ds hop8lmos nkwizq5d scwd0bx6 roh60bw9\">\n<div class=\"rq0escxv hkbzh7o3 jwdofwj8 n8tt0mok r8blr3vg hyh9befq\">\n<div class=\"do00u71z l9j0dhe7 k4urcfbm\">\n<div class=\"page-title-head hgroup\">\n<div class=\"page-title-head hgroup\">\n<div class=\"b654a4as d2edcug0\">\n<div class=\"j83agx80 btwxx1t3 lhclo0ds hop8lmos nkwizq5d scwd0bx6 roh60bw9\">\n<div class=\"rq0escxv hkbzh7o3 jwdofwj8 n8tt0mok r8blr3vg hyh9befq\">\n<div class=\"do00u71z l9j0dhe7 k4urcfbm\">\n<div class=\"ecm0bbzt e5nlhep0 a8c37x1j\">\n<div class=\"kvgmc6g5 cxmmr5t8 oygrvhab hcukyx3x c1et5uql\">\n<div class=\"gmail-kvgmc6g5 gmail-cxmmr5t8 gmail-oygrvhab gmail-hcukyx3x gmail-c1et5uql gmail-ii04i59q\">\n<div class=\"page-title-head hgroup\">\n<div class=\"page-title-head hgroup\">\n<div class=\"b654a4as d2edcug0\">\n<div class=\"j83agx80 btwxx1t3 lhclo0ds hop8lmos nkwizq5d scwd0bx6 roh60bw9\">\n<div class=\"rq0escxv hkbzh7o3 jwdofwj8 n8tt0mok r8blr3vg hyh9befq\">\n<div class=\"do00u71z l9j0dhe7 k4urcfbm\">\n<div class=\"page-title-head hgroup\">\n<div class=\"page-title-head hgroup\">\n<div class=\"b654a4as d2edcug0\">\n<div class=\"j83agx80 btwxx1t3 lhclo0ds hop8lmos nkwizq5d scwd0bx6 roh60bw9\">\n<div class=\"rq0escxv hkbzh7o3 jwdofwj8 n8tt0mok r8blr3vg hyh9befq\">\n<div class=\"do00u71z l9j0dhe7 k4urcfbm\">\n<div class=\"page-title-head hgroup\">\n<div class=\"page-title-head hgroup\">\n<div class=\"b654a4as d2edcug0\">\n<div class=\"j83agx80 btwxx1t3 lhclo0ds hop8lmos nkwizq5d scwd0bx6 roh60bw9\">\n<div class=\"rq0escxv hkbzh7o3 jwdofwj8 n8tt0mok r8blr3vg hyh9befq\">\n<div class=\"do00u71z l9j0dhe7 k4urcfbm\">\n<div class=\"ecm0bbzt e5nlhep0 a8c37x1j\">\n<div class=\"kvgmc6g5 cxmmr5t8 oygrvhab hcukyx3x c1et5uql\">\n<div class=\"gmail-kvgmc6g5 gmail-cxmmr5t8 gmail-oygrvhab gmail-hcukyx3x gmail-c1et5uql gmail-ii04i59q\">\n<div class=\"page-title-head hgroup\">\n<div class=\"page-title-head hgroup\">\n<div class=\"b654a4as d2edcug0\">\n<div class=\"j83agx80 btwxx1t3 lhclo0ds hop8lmos nkwizq5d scwd0bx6 roh60bw9\">\n<div class=\"rq0escxv hkbzh7o3 jwdofwj8 n8tt0mok r8blr3vg hyh9befq\">\n<div class=\"do00u71z l9j0dhe7 k4urcfbm\">\n<blockquote>\n<h3><span style=\"color: #ff0000;\">IN VIVO VERSO,\u00a0 RIASCOLTIAMOLE DAL LUNEDI AL VENERDI ALLE 7.10, 10.10, 18 50<\/span><\/h3>\n<h3>RIASCOLTIAMOLE&#8230;STAGIONE 2019_2020 GUIDO SANTOMASO &#8220;LA SERA&#8221;<\/h3>\n<\/blockquote>\n<p>AUDIO<\/p>\n<audio class=\"wp-audio-shortcode\" id=\"audio-287662-11\" preload=\"none\" style=\"width: 100%;\" controls=\"controls\"><source type=\"audio\/mpeg\" src=\"https:\/\/www.radiopiu.net\/wordpress\/wp-content\/uploads\/2022\/07\/01-LA-SERA-DI-GUIDO-SANTOMASO.mp3?_=11\" \/><a href=\"https:\/\/www.radiopiu.net\/wordpress\/wp-content\/uploads\/2022\/07\/01-LA-SERA-DI-GUIDO-SANTOMASO.mp3\">https:\/\/www.radiopiu.net\/wordpress\/wp-content\/uploads\/2022\/07\/01-LA-SERA-DI-GUIDO-SANTOMASO.mp3<\/a><\/audio>\n<p><img loading=\"lazy\" decoding=\"async\" class=\"\" src=\"https:\/\/www.radiopiu.net\/wordpress\/wp-content\/uploads\/2020\/02\/GUIDO-SANTOMASO-FOTO.jpg\" width=\"144\" height=\"192\" \/><\/p>\n<p><strong>LA RACCOLTA COMPLETA<\/strong><\/p>\n<p>&nbsp;<\/p>\n<blockquote class=\"wp-embedded-content\" data-secret=\"N7TR7cMgnE\"><p><a href=\"https:\/\/www.radiopiu.net\/wordpress\/in-vivo-verso\/\">In Vivo Verso<\/a><\/p><\/blockquote>\n<p><iframe loading=\"lazy\" class=\"wp-embedded-content\" sandbox=\"allow-scripts\" security=\"restricted\" style=\"position: absolute; clip: rect(1px, 1px, 1px, 1px);\" title=\"&#8220;In Vivo Verso&#8221; &#8212; Radio Pi\u00f9\" src=\"https:\/\/www.radiopiu.net\/wordpress\/in-vivo-verso\/embed\/#?secret=bZdTGOnxBD#?secret=N7TR7cMgnE\" data-secret=\"N7TR7cMgnE\" width=\"600\" height=\"338\" frameborder=\"0\" marginwidth=\"0\" marginheight=\"0\" scrolling=\"no\"><\/iframe><\/p>\n<p>&nbsp;<\/p>\n<p>&nbsp;<\/p>\n<hr \/>\n<p>&nbsp;<\/p>\n<p><span style=\"color: #0000ff;\">MUSICA PIU&#8217;\u00a0<\/span><\/p>\n<p><a href=\"https:\/\/www.radiopiu.net\/wordpress\/giornale-radiopiu-20-settembre-2021-direttore-mirko-mezzacasa\/pp-79\/\" rel=\"attachment wp-att-232921\"><img loading=\"lazy\" decoding=\"async\" class=\"wp-image-232921 alignleft\" src=\"https:\/\/www.radiopiu.net\/wordpress\/wp-content\/uploads\/2021\/09\/pp-1-300x300.jpg\" alt=\"\" width=\"135\" height=\"135\" srcset=\"https:\/\/www.radiopiu.net\/wordpress\/wp-content\/uploads\/2021\/09\/pp-1-300x300.jpg 300w, https:\/\/www.radiopiu.net\/wordpress\/wp-content\/uploads\/2021\/09\/pp-1-150x150.jpg 150w, https:\/\/www.radiopiu.net\/wordpress\/wp-content\/uploads\/2021\/09\/pp-1.jpg 640w\" sizes=\"auto, (max-width: 135px) 100vw, 135px\" \/><\/a><\/p>\n<div class=\"mkdf-post-text\">\n<div class=\"mkdf-post-text-inner\">\n<div class=\"mkdf-post-text-main\">\n<div class=\"mkdf-post-text\">\n<div class=\"mkdf-post-text-inner\">\n<div class=\"mkdf-post-text-main\">\n<div class=\"mkdf-post-text\">\n<div class=\"mkdf-post-text-inner\">\n<div class=\"mkdf-post-text-main\">\n<div class=\"page-title-head hgroup\">\n<div class=\"page-title-head hgroup\">\n<div class=\"mkdf-post-text\">\n<div class=\"mkdf-post-text-inner\">\n<div class=\"mkdf-post-text-main\">\n<div class=\"mkdf-post-text\">\n<div class=\"mkdf-post-text-inner\">\n<div class=\"mkdf-post-text-main\">\n<div class=\"page-title-head hgroup\">\n<div class=\"page-title-head hgroup\">\n<div class=\"page-title-head hgroup\">\n<div class=\"page-title-head hgroup\">\n<div class=\"b654a4as d2edcug0\">\n<div class=\"page-title-head hgroup\">\n<div class=\"page-title-head hgroup\">\n<div class=\"page-title-head hgroup\">\n<div class=\"page-title-head hgroup\">\n<div class=\"b654a4as d2edcug0\">\n<div class=\"page-title-head hgroup\">\n<div class=\"page-title-head hgroup\">\n<div class=\"page-title-head hgroup\">\n<div class=\"page-title-head hgroup\">\n<div class=\"b654a4as d2edcug0\">\n<div class=\"mkdf-post-text\">\n<div class=\"mkdf-post-text-inner\">\n<div class=\"mkdf-post-text-main\">\n<div class=\"mkdf-post-text\">\n<div class=\"mkdf-post-text-inner\">\n<div class=\"mkdf-post-text-main\">\n<div class=\"mkdf-post-text\">\n<div class=\"mkdf-post-text-inner\">\n<div class=\"mkdf-post-text-main\">\n<div class=\"page-title-head hgroup\">\n<div class=\"page-title-head hgroup\">\n<div class=\"mkdf-post-text\">\n<div class=\"mkdf-post-text-inner\">\n<div class=\"mkdf-post-text-main\">\n<div class=\"mkdf-post-text\">\n<div class=\"mkdf-post-text-inner\">\n<div class=\"mkdf-post-text-main\">\n<div class=\"page-title-head hgroup\">\n<div class=\"page-title-head hgroup\">\n<div class=\"page-title-head hgroup\">\n<div class=\"page-title-head hgroup\">\n<div class=\"b654a4as d2edcug0\">\n<div class=\"page-title-head hgroup\">\n<div class=\"page-title-head hgroup\">\n<div class=\"page-title-head hgroup\">\n<div class=\"page-title-head hgroup\">\n<div class=\"b654a4as d2edcug0\">\n<div class=\"page-title-head hgroup\">\n<div class=\"page-title-head hgroup\">\n<div class=\"page-title-head hgroup\">\n<div class=\"page-title-head hgroup\">\n<div class=\"b654a4as d2edcug0\">\n<div><\/div>\n<div><\/div>\n<div>\n<p><strong>MUSICA ALLA RADIO, IL PROGRAMMA DI LORIS SCUSSEL &#8220;COLLAGE OPERAZIONE NOSTALGIA&#8221; DAL LUNEDI AL VENERDI ALLE 16.00\u00a0 E ALLE 23\u00a0<\/strong><\/p>\n<\/div>\n<\/div>\n<p>&nbsp;<\/p>\n<p><strong>LE REPLICHE<\/strong><\/p>\n<p><strong>391<\/strong><\/p>\n<audio class=\"wp-audio-shortcode\" id=\"audio-287662-12\" preload=\"none\" style=\"width: 100%;\" controls=\"controls\"><source type=\"audio\/mpeg\" src=\"https:\/\/www.radiopiu.net\/wordpress\/wp-content\/uploads\/2022\/07\/Collage-391.mp3?_=12\" \/><a href=\"https:\/\/www.radiopiu.net\/wordpress\/wp-content\/uploads\/2022\/07\/Collage-391.mp3\">https:\/\/www.radiopiu.net\/wordpress\/wp-content\/uploads\/2022\/07\/Collage-391.mp3<\/a><\/audio>\n<p>&nbsp;<\/p>\n<p><strong>392<\/strong><\/p>\n<audio class=\"wp-audio-shortcode\" id=\"audio-287662-13\" preload=\"none\" style=\"width: 100%;\" controls=\"controls\"><source type=\"audio\/mpeg\" src=\"https:\/\/www.radiopiu.net\/wordpress\/wp-content\/uploads\/2022\/07\/Collage-392.mp3?_=13\" \/><a href=\"https:\/\/www.radiopiu.net\/wordpress\/wp-content\/uploads\/2022\/07\/Collage-392.mp3\">https:\/\/www.radiopiu.net\/wordpress\/wp-content\/uploads\/2022\/07\/Collage-392.mp3<\/a><\/audio>\n<p>&nbsp;<\/p>\n<p><strong><a class=\"dt-pswp-item\" href=\"https:\/\/www.radiopiu.net\/wordpress\/wp-content\/uploads\/2022\/07\/Patty-Pravo.jpg\" data-dt-img-description=\"\" data-large_image_width=\"282\" data-large_image_height=\"179\"><img loading=\"lazy\" decoding=\"async\" class=\"alignleft wp-image-287486 \" src=\"https:\/\/www.radiopiu.net\/wordpress\/wp-content\/uploads\/2022\/07\/Patty-Pravo.jpg\" alt=\"\" width=\"206\" height=\"131\" \/><\/a>di Loris Scussel<\/strong><\/p>\n<p>Sar\u00e0 una selezione di brani pi\u00f9 o meno famosi a caratterizzare la nuova settimana di Collage Operazione Nostalgia, partiremo da \u201cTu sei tu sei tu\u201d di Eric Charden poi i Deep Purple di \u201cHush\u201d, Salvatore Adamo con \u201cLa Notte\u201d, la bionda Sylvie Vartan di \u201cIrresistibilmente\u201d, i Los Bravos di \u201cBlack is black\u201d, la nostra Patty Pravo di \u201cSentimento\u201d e tanti altri in una carrellata di proposte tutte da ascoltare. Collage va in onda dal luned\u00ec al venerd\u00ec alle 16,00 e alle 23,00 naturalmente su Radio Pi\u00f9.<\/p>\n<div class=\"b654a4as d2edcug0\"><\/div>\n<\/div>\n<\/div>\n<\/div>\n<\/div>\n<\/div>\n<\/div>\n<\/div>\n<\/div>\n<\/div>\n<\/div>\n<\/div>\n<\/div>\n<\/div>\n<\/div>\n<\/div>\n<\/div>\n<\/div>\n<\/div>\n<\/div>\n<\/div>\n<\/div>\n<\/div>\n<\/div>\n<\/div>\n<\/div>\n<\/div>\n<\/div>\n<\/div>\n<\/div>\n<\/div>\n<\/div>\n<\/div>\n<\/div>\n<\/div>\n<\/div>\n<\/div>\n<\/div>\n<\/div>\n<\/div>\n<\/div>\n<\/div>\n<\/div>\n<\/div>\n<\/div>\n<\/div>\n<\/div>\n<\/div>\n<\/div>\n<\/div>\n<\/div>\n<\/div>\n<\/div>\n<\/div>\n<\/div>\n<\/div>\n<\/div>\n<\/div>\n<\/div>\n<\/div>\n<\/div>\n<\/div>\n<\/div>\n<\/div>\n<div>\n<div class=\"page-title-head hgroup\">\n<div class=\"page-title-head hgroup\">\n<div class=\"page-title-head hgroup\">\n<div class=\"page-title-head hgroup\">\n<div class=\"b654a4as d2edcug0\">\n<div class=\"page-title-head hgroup\">\n<div class=\"page-title-head hgroup\">\n<div class=\"page-title-head hgroup\">\n<div class=\"page-title-head hgroup\">\n<div class=\"b654a4as d2edcug0\">\n<div class=\"page-title-head hgroup\">\n<div class=\"page-title-head hgroup\">\n<div class=\"page-title-head hgroup\">\n<div class=\"page-title-head hgroup\">\n<div class=\"page-title-head hgroup\">\n<div class=\"page-title-head hgroup\">\n<div class=\"page-title-head hgroup\">\n<div class=\"page-title-head hgroup\">\n<div class=\"page-title-head hgroup\">\n<div class=\"b654a4as d2edcug0\">\n<div class=\"page-title-head hgroup\">\n<div class=\"page-title-head hgroup\">\n<div class=\"page-title-head hgroup\">\n<div class=\"page-title-head hgroup\">\n<div class=\"b654a4as d2edcug0\">\n<div class=\"page-title-head hgroup\">\n<div class=\"page-title-head hgroup\">\n<div class=\"page-title-head hgroup\">\n<div class=\"page-title-head hgroup\">\n<div class=\"page-title-head hgroup\">\n<div class=\"mkdf-post-text\">\n<div class=\"mkdf-post-text-inner\">\n<div class=\"mkdf-post-text-main\">\n<div class=\"mkdf-post-text\">\n<div class=\"mkdf-post-text-inner\">\n<div class=\"mkdf-post-text-main\">\n<div class=\"mkdf-post-text\">\n<div class=\"mkdf-post-text-inner\">\n<div class=\"mkdf-post-text-main\">\n<div class=\"page-title-head hgroup\">\n<div class=\"page-title-head hgroup\">\n<div class=\"mkdf-post-text\">\n<div class=\"mkdf-post-text-inner\">\n<div class=\"mkdf-post-text-main\">\n<div class=\"mkdf-post-text\">\n<div class=\"mkdf-post-text-inner\">\n<div class=\"mkdf-post-text-main\">\n<div class=\"page-title-head hgroup\">\n<div class=\"page-title-head hgroup\">\n<div class=\"page-title-head hgroup\">\n<div class=\"page-title-head hgroup\">\n<div class=\"b654a4as d2edcug0\">\n<div class=\"page-title-head hgroup\">\n<div class=\"page-title-head hgroup\">\n<div class=\"page-title-head hgroup\">\n<div class=\"page-title-head hgroup\">\n<div class=\"b654a4as d2edcug0\">\n<div class=\"page-title-head hgroup\">\n<div class=\"page-title-head hgroup\">\n<div class=\"page-title-head hgroup\">\n<div>\n<div class=\"page-title-head hgroup\">\n<div class=\"page-title-head hgroup\">\n<div class=\"b654a4as d2edcug0\">\n<div class=\"j83agx80 btwxx1t3 lhclo0ds hop8lmos nkwizq5d scwd0bx6 roh60bw9\">\n<div class=\"rq0escxv hkbzh7o3 jwdofwj8 n8tt0mok r8blr3vg hyh9befq\">\n<div class=\"do00u71z l9j0dhe7 k4urcfbm\">\n<div class=\"page-title-head hgroup\">\n<div class=\"page-title-head hgroup\">\n<div class=\"b654a4as d2edcug0\">\n<div class=\"j83agx80 btwxx1t3 lhclo0ds hop8lmos nkwizq5d scwd0bx6 roh60bw9\">\n<div class=\"rq0escxv hkbzh7o3 jwdofwj8 n8tt0mok r8blr3vg hyh9befq\">\n<div class=\"do00u71z l9j0dhe7 k4urcfbm\">\n<div class=\"ecm0bbzt e5nlhep0 a8c37x1j\">\n<div class=\"kvgmc6g5 cxmmr5t8 oygrvhab hcukyx3x c1et5uql\">\n<div class=\"gmail-kvgmc6g5 gmail-cxmmr5t8 gmail-oygrvhab gmail-hcukyx3x gmail-c1et5uql gmail-ii04i59q\">\n<div class=\"page-title-head hgroup\">\n<div class=\"page-title-head hgroup\">\n<div class=\"b654a4as d2edcug0\">\n<div class=\"j83agx80 btwxx1t3 lhclo0ds hop8lmos nkwizq5d scwd0bx6 roh60bw9\">\n<div class=\"rq0escxv hkbzh7o3 jwdofwj8 n8tt0mok r8blr3vg hyh9befq\">\n<div class=\"do00u71z l9j0dhe7 k4urcfbm\">\n<div class=\"page-title-head hgroup\">\n<div class=\"page-title-head hgroup\">\n<div class=\"b654a4as d2edcug0\">\n<div class=\"j83agx80 btwxx1t3 lhclo0ds hop8lmos nkwizq5d scwd0bx6 roh60bw9\">\n<div class=\"rq0escxv hkbzh7o3 jwdofwj8 n8tt0mok r8blr3vg hyh9befq\">\n<div class=\"do00u71z l9j0dhe7 k4urcfbm\">\n<div class=\"page-title-head hgroup\">\n<div class=\"page-title-head hgroup\">\n<div class=\"b654a4as d2edcug0\">\n<div class=\"j83agx80 btwxx1t3 lhclo0ds hop8lmos nkwizq5d scwd0bx6 roh60bw9\">\n<div class=\"rq0escxv hkbzh7o3 jwdofwj8 n8tt0mok r8blr3vg hyh9befq\">\n<div class=\"do00u71z l9j0dhe7 k4urcfbm\">\n<div class=\"ecm0bbzt e5nlhep0 a8c37x1j\">\n<div class=\"kvgmc6g5 cxmmr5t8 oygrvhab hcukyx3x c1et5uql\">\n<div class=\"gmail-kvgmc6g5 gmail-cxmmr5t8 gmail-oygrvhab gmail-hcukyx3x gmail-c1et5uql gmail-ii04i59q\">\n<div class=\"page-title-head hgroup\">\n<div class=\"page-title-head hgroup\">\n<div class=\"b654a4as d2edcug0\">\n<div class=\"j83agx80 btwxx1t3 lhclo0ds hop8lmos nkwizq5d scwd0bx6 roh60bw9\">\n<div class=\"rq0escxv hkbzh7o3 jwdofwj8 n8tt0mok r8blr3vg hyh9befq\">\n<div class=\"do00u71z l9j0dhe7 k4urcfbm\">\n<div class=\"page-title-head hgroup\">\n<div class=\"page-title-head hgroup\">\n<div class=\"page-title-head hgroup\">\n<div class=\"page-title-head hgroup\">\n<div class=\"b654a4as d2edcug0\">\n<div class=\"page-title-head hgroup\">\n<div class=\"page-title-head hgroup\">\n<div class=\"page-title-head hgroup\">\n<div class=\"page-title-head hgroup\">\n<div class=\"b654a4as d2edcug0\">\n<div class=\"page-title-head hgroup\">\n<div class=\"page-title-head hgroup\">\n<div class=\"page-title-head hgroup\">\n<div class=\"page-title-head hgroup\">\n<div class=\"page-title-head hgroup\">\n<div class=\"page-title-head hgroup\">\n<div class=\"page-title-head hgroup\">\n<div class=\"page-title-head hgroup\">\n<div class=\"page-title-head hgroup\">\n<div class=\"b654a4as d2edcug0\">\n<div class=\"page-title-head hgroup\">\n<div class=\"page-title-head hgroup\">\n<div class=\"page-title-head hgroup\">\n<div class=\"page-title-head hgroup\">\n<div class=\"b654a4as d2edcug0\">\n<div class=\"page-title-head hgroup\">\n<div class=\"page-title-head hgroup\">\n<div class=\"page-title-head hgroup\">\n<div class=\"page-title-head hgroup\">\n<div class=\"page-title-head hgroup\">\n<div class=\"mkdf-post-text\">\n<div class=\"mkdf-post-text-inner\">\n<div class=\"mkdf-post-text-main\">\n<div class=\"mkdf-post-text\">\n<div class=\"mkdf-post-text-inner\">\n<div class=\"mkdf-post-text-main\">\n<div class=\"mkdf-post-text\">\n<div class=\"mkdf-post-text-inner\">\n<div class=\"mkdf-post-text-main\">\n<div class=\"page-title-head hgroup\">\n<div class=\"page-title-head hgroup\">\n<div class=\"mkdf-post-text\">\n<div class=\"mkdf-post-text-inner\">\n<div class=\"mkdf-post-text-main\">\n<div class=\"mkdf-post-text\">\n<div class=\"mkdf-post-text-inner\">\n<div class=\"mkdf-post-text-main\">\n<div class=\"page-title-head hgroup\">\n<div class=\"page-title-head hgroup\">\n<div class=\"page-title-head hgroup\">\n<div class=\"page-title-head hgroup\">\n<div class=\"b654a4as d2edcug0\">\n<div class=\"page-title-head hgroup\">\n<div class=\"page-title-head hgroup\">\n<div class=\"page-title-head hgroup\">\n<div class=\"page-title-head hgroup\">\n<div class=\"b654a4as d2edcug0\">\n<div class=\"page-title-head hgroup\">\n<div class=\"page-title-head hgroup\">\n<div class=\"page-title-head hgroup\">\n<div class=\"page-title-head hgroup\">\n<div class=\"b654a4as d2edcug0\">\n<div class=\"ecm0bbzt e5nlhep0 a8c37x1j\">\n<div class=\"kvgmc6g5 cxmmr5t8 oygrvhab hcukyx3x c1et5uql\">\n<div class=\"gmail-kvgmc6g5 gmail-cxmmr5t8 gmail-oygrvhab gmail-hcukyx3x gmail-c1et5uql gmail-ii04i59q\">\n<div class=\"page-title-head hgroup\">\n<div class=\"page-title-head hgroup\">\n<div class=\"b654a4as d2edcug0\">\n<div class=\"j83agx80 btwxx1t3 lhclo0ds hop8lmos nkwizq5d scwd0bx6 roh60bw9\">\n<div class=\"rq0escxv hkbzh7o3 jwdofwj8 n8tt0mok r8blr3vg hyh9befq\">\n<div class=\"do00u71z l9j0dhe7 k4urcfbm\">\n<div class=\"page-title-head hgroup\">\n<div class=\"page-title-head hgroup\">\n<div class=\"page-title-head hgroup\">\n<div class=\"page-title-head hgroup\">\n<div class=\"b654a4as d2edcug0\">\n<div class=\"page-title-head hgroup\">\n<div class=\"page-title-head hgroup\">\n<div class=\"page-title-head hgroup\">\n<div class=\"page-title-head hgroup\">\n<div class=\"b654a4as d2edcug0\">\n<div class=\"page-title-head hgroup\">\n<div class=\"page-title-head hgroup\">\n<div class=\"page-title-head hgroup\">\n<div class=\"page-title-head hgroup\">\n<div class=\"page-title-head hgroup\">\n<div class=\"page-title-head hgroup\">\n<div class=\"page-title-head hgroup\">\n<div class=\"page-title-head hgroup\">\n<div class=\"page-title-head hgroup\">\n<div class=\"b654a4as d2edcug0\">\n<div class=\"page-title-head hgroup\">\n<div class=\"page-title-head hgroup\">\n<div class=\"page-title-head hgroup\">\n<div class=\"page-title-head hgroup\">\n<div class=\"b654a4as d2edcug0\">\n<div class=\"page-title-head hgroup\">\n<div class=\"page-title-head hgroup\">\n<div class=\"page-title-head hgroup\">\n<div class=\"page-title-head hgroup\">\n<div class=\"page-title-head hgroup\">\n<div class=\"mkdf-post-text\">\n<div class=\"mkdf-post-text-inner\">\n<div class=\"mkdf-post-text-main\">\n<div class=\"mkdf-post-text\">\n<div class=\"mkdf-post-text-inner\">\n<div class=\"mkdf-post-text-main\">\n<div class=\"mkdf-post-text\">\n<div class=\"mkdf-post-text-inner\">\n<div class=\"mkdf-post-text-main\">\n<div class=\"page-title-head hgroup\">\n<div class=\"page-title-head hgroup\">\n<div class=\"mkdf-post-text\">\n<div class=\"mkdf-post-text-inner\">\n<div class=\"mkdf-post-text-main\">\n<div class=\"mkdf-post-text\">\n<div class=\"mkdf-post-text-inner\">\n<div class=\"mkdf-post-text-main\">\n<div class=\"page-title-head hgroup\">\n<div class=\"page-title-head hgroup\">\n<div class=\"page-title-head hgroup\">\n<div class=\"page-title-head hgroup\">\n<div class=\"b654a4as d2edcug0\">\n<div class=\"page-title-head hgroup\">\n<div class=\"page-title-head hgroup\">\n<div class=\"page-title-head hgroup\">\n<div class=\"page-title-head hgroup\">\n<div class=\"b654a4as d2edcug0\">\n<div class=\"page-title-head hgroup\">\n<div class=\"page-title-head hgroup\">\n<div class=\"page-title-head hgroup\">\n<div class=\"page-title-head hgroup\">\n<div class=\"b654a4as d2edcug0\">\n<div class=\"mkdf-post-text\">\n<div class=\"mkdf-post-text-inner\">\n<div class=\"mkdf-post-text-main\">\n<div class=\"mkdf-post-text\">\n<div class=\"mkdf-post-text-inner\">\n<div class=\"mkdf-post-text-main\">\n<div class=\"mkdf-post-text\">\n<div class=\"mkdf-post-text-inner\">\n<div class=\"mkdf-post-text-main\">\n<div class=\"page-title-head hgroup\">\n<div class=\"page-title-head hgroup\">\n<div class=\"mkdf-post-text\">\n<div class=\"mkdf-post-text-inner\">\n<div class=\"mkdf-post-text-main\">\n<div class=\"mkdf-post-text\">\n<div class=\"mkdf-post-text-inner\">\n<div class=\"mkdf-post-text-main\">\n<div class=\"page-title-head hgroup\">\n<div class=\"page-title-head hgroup\">\n<div class=\"page-title-head hgroup\">\n<div class=\"page-title-head hgroup\">\n<div class=\"b654a4as d2edcug0\">\n<div class=\"page-title-head hgroup\">\n<div class=\"page-title-head hgroup\">\n<div class=\"page-title-head hgroup\">\n<div class=\"page-title-head hgroup\">\n<div class=\"b654a4as d2edcug0\">\n<div class=\"page-title-head hgroup\">\n<div class=\"page-title-head hgroup\">\n<div class=\"page-title-head hgroup\">\n<div class=\"page-title-head hgroup\">\n<div class=\"b654a4as d2edcug0\">\n<hr \/>\n<p>&nbsp;<\/p>\n<div>\n<div class=\"page-title-head hgroup\">\n<div class=\"page-title-head hgroup\">\n<div class=\"b654a4as d2edcug0\">\n<div class=\"j83agx80 btwxx1t3 lhclo0ds hop8lmos nkwizq5d scwd0bx6 roh60bw9\">\n<div class=\"rq0escxv hkbzh7o3 jwdofwj8 n8tt0mok r8blr3vg hyh9befq\">\n<div class=\"do00u71z l9j0dhe7 k4urcfbm\">\n<div class=\"page-title-head hgroup\">\n<div class=\"page-title-head hgroup\">\n<div class=\"b654a4as d2edcug0\">\n<div class=\"j83agx80 btwxx1t3 lhclo0ds hop8lmos nkwizq5d scwd0bx6 roh60bw9\">\n<div class=\"rq0escxv hkbzh7o3 jwdofwj8 n8tt0mok r8blr3vg hyh9befq\">\n<div class=\"do00u71z l9j0dhe7 k4urcfbm\">\n<div class=\"ecm0bbzt e5nlhep0 a8c37x1j\">\n<div class=\"kvgmc6g5 cxmmr5t8 oygrvhab hcukyx3x c1et5uql\">\n<div class=\"gmail-kvgmc6g5 gmail-cxmmr5t8 gmail-oygrvhab gmail-hcukyx3x gmail-c1et5uql gmail-ii04i59q\">\n<div class=\"page-title-head hgroup\">\n<div class=\"page-title-head hgroup\">\n<div class=\"b654a4as d2edcug0\">\n<div class=\"j83agx80 btwxx1t3 lhclo0ds hop8lmos nkwizq5d scwd0bx6 roh60bw9\">\n<div class=\"rq0escxv hkbzh7o3 jwdofwj8 n8tt0mok r8blr3vg hyh9befq\">\n<div class=\"do00u71z l9j0dhe7 k4urcfbm\">\n<div class=\"page-title-head hgroup\">\n<div class=\"page-title-head hgroup\">\n<div class=\"b654a4as d2edcug0\">\n<div class=\"j83agx80 btwxx1t3 lhclo0ds hop8lmos nkwizq5d scwd0bx6 roh60bw9\">\n<div class=\"rq0escxv hkbzh7o3 jwdofwj8 n8tt0mok r8blr3vg hyh9befq\">\n<div class=\"do00u71z l9j0dhe7 k4urcfbm\">\n<div class=\"page-title-head hgroup\">\n<div class=\"page-title-head hgroup\">\n<div class=\"b654a4as d2edcug0\">\n<div class=\"j83agx80 btwxx1t3 lhclo0ds hop8lmos nkwizq5d scwd0bx6 roh60bw9\">\n<div class=\"rq0escxv hkbzh7o3 jwdofwj8 n8tt0mok r8blr3vg hyh9befq\">\n<div class=\"do00u71z l9j0dhe7 k4urcfbm\">\n<div class=\"ecm0bbzt e5nlhep0 a8c37x1j\">\n<div class=\"kvgmc6g5 cxmmr5t8 oygrvhab hcukyx3x c1et5uql\">\n<div class=\"gmail-kvgmc6g5 gmail-cxmmr5t8 gmail-oygrvhab gmail-hcukyx3x gmail-c1et5uql gmail-ii04i59q\">\n<div class=\"page-title-head hgroup\">\n<div class=\"page-title-head hgroup\">\n<div class=\"b654a4as d2edcug0\">\n<div class=\"j83agx80 btwxx1t3 lhclo0ds hop8lmos nkwizq5d scwd0bx6 roh60bw9\">\n<div class=\"rq0escxv hkbzh7o3 jwdofwj8 n8tt0mok r8blr3vg hyh9befq\">\n<div class=\"do00u71z l9j0dhe7 k4urcfbm\">\n<div class=\"page-title-head hgroup\">\n<div class=\"page-title-head hgroup\">\n<div class=\"page-title-head hgroup\">\n<div class=\"page-title-head hgroup\">\n<div class=\"b654a4as d2edcug0\">\n<div class=\"page-title-head hgroup\">\n<div class=\"page-title-head hgroup\">\n<div class=\"page-title-head hgroup\">\n<div class=\"page-title-head hgroup\">\n<div class=\"b654a4as d2edcug0\">\n<div class=\"page-title-head hgroup\">\n<div class=\"page-title-head hgroup\">\n<div class=\"page-title-head hgroup\">\n<div class=\"page-title-head hgroup\">\n<div class=\"page-title-head hgroup\">\n<div class=\"page-title-head hgroup\">\n<div class=\"page-title-head hgroup\">\n<div class=\"page-title-head hgroup\">\n<div class=\"page-title-head hgroup\">\n<div class=\"b654a4as d2edcug0\">\n<div class=\"page-title-head hgroup\">\n<div class=\"page-title-head hgroup\">\n<div class=\"page-title-head hgroup\">\n<div class=\"page-title-head hgroup\">\n<div class=\"b654a4as d2edcug0\">\n<div class=\"page-title-head hgroup\">\n<div class=\"page-title-head hgroup\">\n<div class=\"page-title-head hgroup\">\n<div class=\"page-title-head hgroup\">\n<div class=\"page-title-head hgroup\">\n<div class=\"mkdf-post-text\">\n<div class=\"mkdf-post-text-inner\">\n<div class=\"mkdf-post-text-main\">\n<div class=\"mkdf-post-text\">\n<div class=\"mkdf-post-text-inner\">\n<div class=\"mkdf-post-text-main\">\n<div class=\"mkdf-post-text\">\n<div class=\"mkdf-post-text-inner\">\n<div class=\"mkdf-post-text-main\">\n<div class=\"page-title-head hgroup\">\n<div class=\"page-title-head hgroup\">\n<div class=\"mkdf-post-text\">\n<div class=\"mkdf-post-text-inner\">\n<div class=\"mkdf-post-text-main\">\n<div class=\"mkdf-post-text\">\n<div class=\"mkdf-post-text-inner\">\n<div class=\"mkdf-post-text-main\">\n<div class=\"page-title-head hgroup\">\n<div class=\"page-title-head hgroup\">\n<div class=\"page-title-head hgroup\">\n<div class=\"page-title-head hgroup\">\n<div class=\"b654a4as d2edcug0\">\n<div class=\"page-title-head hgroup\">\n<div class=\"page-title-head hgroup\">\n<div class=\"page-title-head hgroup\">\n<div class=\"page-title-head hgroup\">\n<div class=\"b654a4as d2edcug0\">\n<div class=\"page-title-head hgroup\">\n<div class=\"page-title-head hgroup\">\n<div class=\"page-title-head hgroup\">\n<div class=\"page-title-head hgroup\">\n<div class=\"b654a4as d2edcug0\">\n<div class=\"ecm0bbzt e5nlhep0 a8c37x1j\">\n<div class=\"kvgmc6g5 cxmmr5t8 oygrvhab hcukyx3x c1et5uql\">\n<div class=\"gmail-kvgmc6g5 gmail-cxmmr5t8 gmail-oygrvhab gmail-hcukyx3x gmail-c1et5uql gmail-ii04i59q\">\n<div class=\"page-title-head hgroup\">\n<div class=\"page-title-head hgroup\">\n<div class=\"b654a4as d2edcug0\">\n<div class=\"j83agx80 btwxx1t3 lhclo0ds hop8lmos nkwizq5d scwd0bx6 roh60bw9\">\n<div class=\"rq0escxv hkbzh7o3 jwdofwj8 n8tt0mok r8blr3vg hyh9befq\">\n<div class=\"do00u71z l9j0dhe7 k4urcfbm\">\n<div class=\"page-title-head hgroup\">\n<div class=\"page-title-head hgroup\">\n<div class=\"page-title-head hgroup\">\n<div class=\"page-title-head hgroup\">\n<div class=\"b654a4as d2edcug0\">\n<div class=\"page-title-head hgroup\">\n<div class=\"page-title-head hgroup\">\n<div class=\"page-title-head hgroup\">\n<div class=\"page-title-head hgroup\">\n<div class=\"b654a4as d2edcug0\">\n<div class=\"page-title-head hgroup\">\n<div class=\"page-title-head hgroup\">\n<div class=\"page-title-head hgroup\">\n<div class=\"page-title-head hgroup\">\n<div class=\"page-title-head hgroup\">\n<div class=\"page-title-head hgroup\">\n<div class=\"page-title-head hgroup\">\n<div class=\"page-title-head hgroup\">\n<div class=\"page-title-head hgroup\">\n<div class=\"b654a4as d2edcug0\">\n<div class=\"page-title-head hgroup\">\n<div class=\"page-title-head hgroup\">\n<div class=\"page-title-head hgroup\">\n<div class=\"page-title-head hgroup\">\n<div class=\"b654a4as d2edcug0\">\n<div class=\"page-title-head hgroup\">\n<div class=\"page-title-head hgroup\">\n<div class=\"page-title-head hgroup\">\n<div class=\"page-title-head hgroup\">\n<div class=\"page-title-head hgroup\">\n<div class=\"mkdf-post-text\">\n<div class=\"mkdf-post-text-inner\">\n<div class=\"mkdf-post-text-main\">\n<div class=\"mkdf-post-text\">\n<div class=\"mkdf-post-text-inner\">\n<div class=\"mkdf-post-text-main\">\n<div class=\"mkdf-post-text\">\n<div class=\"mkdf-post-text-inner\">\n<div class=\"mkdf-post-text-main\">\n<div class=\"page-title-head hgroup\">\n<div class=\"page-title-head hgroup\">\n<div class=\"mkdf-post-text\">\n<div class=\"mkdf-post-text-inner\">\n<div class=\"mkdf-post-text-main\">\n<div class=\"mkdf-post-text\">\n<div class=\"mkdf-post-text-inner\">\n<div class=\"mkdf-post-text-main\">\n<div class=\"page-title-head hgroup\">\n<div class=\"page-title-head hgroup\">\n<div class=\"page-title-head hgroup\">\n<div class=\"page-title-head hgroup\">\n<div class=\"b654a4as d2edcug0\">\n<div class=\"page-title-head hgroup\">\n<div class=\"page-title-head hgroup\">\n<div class=\"page-title-head hgroup\">\n<div class=\"page-title-head hgroup\">\n<div class=\"b654a4as d2edcug0\">\n<div class=\"page-title-head hgroup\">\n<div class=\"page-title-head hgroup\">\n<div class=\"page-title-head hgroup\">\n<div class=\"page-title-head hgroup\">\n<div class=\"b654a4as d2edcug0\">\n<p>&nbsp;<\/p>\n<div>\n<p><strong>DUE MINUTI UN LIBRO, TUTTI I GIORNI ALLA RADIO ALLE 9.40 E ALLE 17.50\u00a0\u00a0<\/strong><\/p>\n<div>\n<p><strong>LA RACCOLTA COMPLETA\u00a0 \u00a0<\/strong><\/p>\n<p>&nbsp;<\/p>\n<blockquote class=\"wp-embedded-content\" data-secret=\"L4pnFKvwu0\"><p><a href=\"https:\/\/www.radiopiu.net\/wordpress\/due-minuti-un-libro\/\">Due minuti un libro<\/a><\/p><\/blockquote>\n<p><iframe loading=\"lazy\" class=\"wp-embedded-content\" sandbox=\"allow-scripts\" security=\"restricted\" style=\"position: absolute; clip: rect(1px, 1px, 1px, 1px);\" title=\"&#8220;Due minuti un libro&#8221; &#8212; Radio Pi\u00f9\" src=\"https:\/\/www.radiopiu.net\/wordpress\/due-minuti-un-libro\/embed\/#?secret=HhHtINTikF#?secret=L4pnFKvwu0\" data-secret=\"L4pnFKvwu0\" width=\"600\" height=\"338\" frameborder=\"0\" marginwidth=\"0\" marginheight=\"0\" scrolling=\"no\"><\/iframe><\/p>\n<\/div>\n<\/div>\n<div class=\"mkdf-post-text\">\n<div class=\"mkdf-post-text-inner\">\n<div class=\"mkdf-post-text-main\">\n<div class=\"mkdf-post-text\">\n<div class=\"mkdf-post-text-inner\">\n<div class=\"mkdf-post-text-main\">\n<div class=\"mkdf-post-text\">\n<div class=\"mkdf-post-text-inner\">\n<div class=\"mkdf-post-text-main\">\n<div class=\"page-title-head hgroup\">\n<div class=\"page-title-head hgroup\">\n<div class=\"mkdf-post-text\">\n<div class=\"mkdf-post-text-inner\">\n<div class=\"mkdf-post-text-main\">\n<div class=\"mkdf-post-text\">\n<div class=\"mkdf-post-text-inner\">\n<div class=\"mkdf-post-text-main\">\n<div class=\"page-title-head hgroup\">\n<div class=\"page-title-head hgroup\">\n<div class=\"page-title-head hgroup\">\n<div class=\"page-title-head hgroup\">\n<div class=\"b654a4as d2edcug0\">\n<div class=\"page-title-head hgroup\"><\/div>\n<div><\/div>\n<hr \/>\n<h2><\/h2>\n<h2><span style=\"color: #808000;\">L&#8217;ALMANACCO LADINO\u00a0<\/span><\/h2>\n<p><strong>PUNTATA DEL 18 LUGLIO 2022<\/strong><\/p>\n<audio class=\"wp-audio-shortcode\" id=\"audio-287662-14\" preload=\"none\" style=\"width: 100%;\" controls=\"controls\"><source type=\"audio\/mpeg\" src=\"https:\/\/www.radiopiu.net\/wordpress\/wp-content\/uploads\/2022\/07\/88\u00b0Almanach-Ladin_fodom.mp3?_=14\" \/><a href=\"https:\/\/www.radiopiu.net\/wordpress\/wp-content\/uploads\/2022\/07\/88\u00b0Almanach-Ladin_fodom.mp3\">https:\/\/www.radiopiu.net\/wordpress\/wp-content\/uploads\/2022\/07\/88\u00b0Almanach-Ladin_fodom.mp3<\/a><\/audio>\n<p>&nbsp;<\/p>\n<p><strong>LA RACCOLTA\u00a0<\/strong><\/p>\n<blockquote class=\"wp-embedded-content\" data-secret=\"EOCCIHsf6M\"><p><a href=\"https:\/\/www.radiopiu.net\/wordpress\/almanacco-ladino\/\">Almanacco Ladino<\/a><\/p><\/blockquote>\n<p><iframe loading=\"lazy\" class=\"wp-embedded-content\" sandbox=\"allow-scripts\" security=\"restricted\" style=\"position: absolute; clip: rect(1px, 1px, 1px, 1px);\" title=\"&#8220;Almanacco Ladino&#8221; &#8212; Radio Pi\u00f9\" src=\"https:\/\/www.radiopiu.net\/wordpress\/almanacco-ladino\/embed\/#?secret=2zksHVexbk#?secret=EOCCIHsf6M\" data-secret=\"EOCCIHsf6M\" width=\"600\" height=\"338\" frameborder=\"0\" marginwidth=\"0\" marginheight=\"0\" scrolling=\"no\"><\/iframe><\/p>\n<p>&nbsp;<\/p>\n<hr \/>\n<p>&nbsp;<\/p>\n<h2><span style=\"color: #33cccc;\">LA RASSEGNA STAMPA DA L&#8217;AMICO DEL POPOLO<\/span><\/h2>\n<p><strong>LA RACCOLTA COMPLETA\u00a0<\/strong><\/p>\n<p>&nbsp;<\/p>\n<blockquote class=\"wp-embedded-content\" data-secret=\"l0e559pvLq\"><p><a href=\"https:\/\/www.radiopiu.net\/wordpress\/rassegna-stampa-di-gianni-santomaso\/\">Rassegna stampa da l&#8217;amico del popolo &#8211; di Gianni Santomaso<\/a><\/p><\/blockquote>\n<p><iframe loading=\"lazy\" class=\"wp-embedded-content\" sandbox=\"allow-scripts\" security=\"restricted\" style=\"position: absolute; clip: rect(1px, 1px, 1px, 1px);\" title=\"&#8220;Rassegna stampa da l&#8217;amico del popolo &#8211; di Gianni Santomaso&#8221; &#8212; Radio Pi\u00f9\" src=\"https:\/\/www.radiopiu.net\/wordpress\/rassegna-stampa-di-gianni-santomaso\/embed\/#?secret=QuUHQD9seC#?secret=l0e559pvLq\" data-secret=\"l0e559pvLq\" width=\"600\" height=\"338\" frameborder=\"0\" marginwidth=\"0\" marginheight=\"0\" scrolling=\"no\"><\/iframe><\/p>\n<p>&nbsp;<\/p>\n<hr \/>\n<p>&nbsp;<\/p>\n<blockquote>\n<h2 class=\"page-title-head hgroup\">\u00a0I RACCONTI DI PAOLO SOPPELSA<\/h2>\n<\/blockquote>\n<p><strong>VAL FIORENTINA<\/strong><\/p>\n<p><strong>AUDIO<\/strong><\/p>\n<audio class=\"wp-audio-shortcode\" id=\"audio-287662-15\" preload=\"none\" style=\"width: 100%;\" controls=\"controls\"><source type=\"audio\/mpeg\" src=\"https:\/\/www.radiopiu.net\/wordpress\/wp-content\/uploads\/2022\/07\/PAOLO-SOPPELSA-VAL-FIORENTINA.mp3?_=15\" \/><a href=\"https:\/\/www.radiopiu.net\/wordpress\/wp-content\/uploads\/2022\/07\/PAOLO-SOPPELSA-VAL-FIORENTINA.mp3\">https:\/\/www.radiopiu.net\/wordpress\/wp-content\/uploads\/2022\/07\/PAOLO-SOPPELSA-VAL-FIORENTINA.mp3<\/a><\/audio>\n<p>&nbsp;<\/p>\n<p><img loading=\"lazy\" decoding=\"async\" class=\"size-thumbnail wp-image-287659 alignleft\" src=\"https:\/\/www.radiopiu.net\/wordpress\/wp-content\/uploads\/2022\/07\/653205a2-ddab-4351-8fa9-0406d59ecf28-150x150.jpg\" alt=\"\" width=\"150\" height=\"150\" \/>Caprile \u00e8 incrocio di valli, di strade e di acque, che d&#8217;inverno gode di un sole centellinato. Una sorta di Cencenighe un po&#8217; pi\u00f9 a nord, che per\u00f2 pu\u00f2 vantare una visuale maestosa sulla parete nord del Civetta. \u00c8 a &#8220;Ciaor\u00ec&#8221; che il mio vagare, talvolta casuale, lungo la Val Cordevole, deve prendere necessariamente una direzione precisa. Di rado la vettura punta verso la Regina vestita di neve, pi\u00f9 spesso, invece, insiste lungo la Strada Madre, inerpicandosi lungo le rampe che conducono a passo Falzarego. Ma nella maggior parte dei casi, l&#8217;automobile non raggiunge nemmeno il centro di Caprile; svolta poco prima di imboccare il ponte che attraversa il torrente Fiorentina per poi, poche centinaia di metri pi\u00f9 avanti, infilarsi nella breve galleria &#8220;Marzeluch&#8221;. Poco pi\u00f9 di cinque tortuosi chilometri per raggiungere la verdeggiante valle dominata dal Pelmo, dove si pu\u00f2 davvero tentare di dare forma a quell&#8217;entita immateriale chiamata Paradiso. L&#8217;inesperto viaggiatore non pu\u00f2 certo immaginare i prodigiosi paesaggi che gli si apriranno di fronte appena varcata la soglia di quel mondo che porta il nome sereno e gentile di Val Fiorentina. Non lo pu\u00f2 immaginare, dicevo, appena imboccata la severa Strada Provinciale n\u00b0 20 che ha inizio al bivio di Caprile. Il premio della grande bellezza esige il percorrere l&#8217;ardita strada racchiusa fra verticali pareti di roccia. Richiede il superare le tre gallerie forate a colpi di martellone e poi rinforzate a suon di complicate chiodature alla met\u00e0 degli anni &#8217;80. Giunti all&#8217;Aiva si comincia ad emergere dal fondo della valle scavata dalle cristalline acque del torrente omonimo. Si sale con pendenze decise lungo i tornanti oggetto di recenti ed importanti lavori che rendono molto pi\u00f9 agevole il transito per raggiungere in breve la valle delle meraviglie. La bella chiesa di San Lorenzo saluta il nostro approdare a Selva di Cadore. Ed \u00e8 a questo punto, se non si ha una precisa m\u00e8ta da seguire, che il dilemma si palesa deciso: in quale paradiso recarci? Forse \u00e8 meglio svoltare a destra percorrendo la strada che conduce a Passo Staulanza? Ovviamente sostando a Santa Fosca per ammirare l&#8217;antica chiesa che guarda la valle e poi, un po&#8217; pi\u00f9 avanti, a Pescul, dove si pu\u00f2 ascoltare la gentile musica d&#8217;acqua suonata dalla &#8220;brenta&#8221; di Pescul. Se si sceglie di svoltare a sinistra, invece, esiste pure la possibilit\u00e0 di inerpicarsi lungo i tornanti che portano a passo Giau, inno assoluto alla grandiosit\u00e0 del Creato, dove le Dolomiti donano tutte se stesse, sfoggiando panorami capaci di aprire il pi\u00f9 insensibile e chiuso dei cuori. Non \u00e8 semplice scegliere dove recarsi quando ogni possibile destinazione \u00e8 in grado di regalare suggestioni che sembrano voler primeggiare nella scala del bello. Volgendo lo sguardo nella direzione in cui il sole alla sera tramonta dopo aver accarezzato la cima del Migogn, si prova quasi fatale l&#8217;attrazione che induce a raggiungere quell&#8217;incanto posto su un promontorio di inaudita bellezza e che porta il nome di Colle Santa Lucia; l\u00ec, dove la chiesa domina la valle divenendone caratteristico sfondo, l\u00ec dove le scure croci in ferro battuto esprimono una severa serenit\u00e0 nel silenzio del camposanto ove anche la morte pu\u00f2 ammirare il Pelmo. Tacciono le tombe che guardano la Val Fiorentina; vecchie fotografie raffigurano visi di persone nate e vissute dove i camini alla sera iniziano a fumare a met\u00e0 settembre, e che ora vivono l&#8217;Eterno Riposo nella quiete della valle. Quass\u00f9, dove i prati e le rocce sfiorano il cielo, esistono luoghi dove anche la morte \u00e8 pi\u00f9 leggera. Se l&#8217;arrivo in Val Fiorentina ha destato stupore, il congedarsi regala un ultimo sussultare dell&#8217;anima. Una serie di curve separa il centro di &#8220;Col&#8221; dalla localit\u00e0 Belvedere; ed \u00e8 in questo punto dove, dopo aver accostato la vettura, che ci si pu\u00f2 affacciare su un baratro che desta meraviglia e vertigine. Laggi\u00f9 in basso, alla foce del Fiorentina, si trova la porta d&#8217;entrata di questo viaggio che ora sta volgendo al termine. La nord del Civetta ora \u00e8 trionfo che si ammira di fronte, il lago di Alleghe \u00e8 smeraldo che impreziosisce la valle. Poi, pochi minuti pi\u00f9 tardi, dopo aver percorso il movimentato tratto in discesa, la S.P. 251 va terminare il suo tormentato sviluppo; ed \u00e8 in questo punto che la Val Fiorentina diviene ricordo e si fa vibrante il desiderio di ritornare.<br \/>\nMagiche Dolomiti!!<\/p>\n<p>&nbsp;<\/p>\n<p><strong>LA RACCOLTA COMPLETA<\/strong><\/p>\n<blockquote class=\"wp-embedded-content\" data-secret=\"vw3ZgTiOWn\"><p><a href=\"https:\/\/www.radiopiu.net\/wordpress\/i-racconti-di-paolo-soppelsa\/\">I racconti di Paolo Soppelsa<\/a><\/p><\/blockquote>\n<p><iframe loading=\"lazy\" class=\"wp-embedded-content\" sandbox=\"allow-scripts\" security=\"restricted\" style=\"position: absolute; clip: rect(1px, 1px, 1px, 1px);\" title=\"&#8220;I racconti di Paolo Soppelsa&#8221; &#8212; Radio Pi\u00f9\" src=\"https:\/\/www.radiopiu.net\/wordpress\/i-racconti-di-paolo-soppelsa\/embed\/#?secret=dN18ywoPwQ#?secret=vw3ZgTiOWn\" data-secret=\"vw3ZgTiOWn\" width=\"600\" height=\"338\" frameborder=\"0\" marginwidth=\"0\" marginheight=\"0\" scrolling=\"no\"><\/iframe><\/p>\n<p>&nbsp;<\/p>\n<hr \/>\n<\/div>\n<\/div>\n<\/div>\n<\/div>\n<\/div>\n<\/div>\n<\/div>\n<\/div>\n<\/div>\n<\/div>\n<\/div>\n<\/div>\n<\/div>\n<\/div>\n<\/div>\n<\/div>\n<\/div>\n<\/div>\n<\/div>\n<\/div>\n<\/div>\n<\/div>\n<\/div>\n<\/div>\n<\/div>\n<\/div>\n<\/div>\n<\/div>\n<\/div>\n<\/div>\n<\/div>\n<\/div>\n<\/div>\n<\/div>\n<\/div>\n<\/div>\n<\/div>\n<\/div>\n<\/div>\n<\/div>\n<\/div>\n<\/div>\n<\/div>\n<\/div>\n<\/div>\n<\/div>\n<\/div>\n<\/div>\n<\/div>\n<\/div>\n<\/div>\n<\/div>\n<\/div>\n<\/div>\n<\/div>\n<\/div>\n<\/div>\n<\/div>\n<\/div>\n<\/div>\n<\/div>\n<\/div>\n<\/div>\n<\/div>\n<\/div>\n<\/div>\n<\/div>\n<\/div>\n<\/div>\n<\/div>\n<\/div>\n<\/div>\n<\/div>\n<\/div>\n<\/div>\n<\/div>\n<\/div>\n<\/div>\n<\/div>\n<\/div>\n<\/div>\n<\/div>\n<\/div>\n<\/div>\n<\/div>\n<\/div>\n<\/div>\n<\/div>\n<\/div>\n<\/div>\n<\/div>\n<\/div>\n<\/div>\n<\/div>\n<\/div>\n<\/div>\n<\/div>\n<\/div>\n<\/div>\n<\/div>\n<\/div>\n<\/div>\n<\/div>\n<\/div>\n<\/div>\n<\/div>\n<\/div>\n<\/div>\n<\/div>\n<\/div>\n<\/div>\n<\/div>\n<\/div>\n<\/div>\n<\/div>\n<\/div>\n<\/div>\n<\/div>\n<\/div>\n<\/div>\n<\/div>\n<\/div>\n<\/div>\n<\/div>\n<\/div>\n<\/div>\n<\/div>\n<\/div>\n<\/div>\n<\/div>\n<\/div>\n<\/div>\n<\/div>\n<\/div>\n<\/div>\n<\/div>\n<\/div>\n<\/div>\n<\/div>\n<\/div>\n<\/div>\n<\/div>\n<\/div>\n<\/div>\n<\/div>\n<\/div>\n<\/div>\n<\/div>\n<\/div>\n<\/div>\n<\/div>\n<\/div>\n<\/div>\n<\/div>\n<\/div>\n<\/div>\n<\/div>\n<\/div>\n<\/div>\n<\/div>\n<\/div>\n<\/div>\n<\/div>\n<\/div>\n<\/div>\n<\/div>\n<\/div>\n<\/div>\n<\/div>\n<\/div>\n<\/div>\n<\/div>\n<\/div>\n<\/div>\n<\/div>\n<\/div>\n<\/div>\n<\/div>\n<\/div>\n<\/div>\n<\/div>\n<\/div>\n<\/div>\n<\/div>\n<\/div>\n<\/div>\n<\/div>\n<\/div>\n<\/div>\n<\/div>\n<\/div>\n<\/div>\n<\/div>\n<\/div>\n<\/div>\n<\/div>\n<\/div>\n<\/div>\n<div style=\"text-align: left;\"><\/div>\n<div>\n<div class=\"page-title-head hgroup\">\n<div class=\"page-title-head hgroup\">\n<div class=\"b654a4as d2edcug0\">\n<div class=\"j83agx80 btwxx1t3 lhclo0ds hop8lmos nkwizq5d scwd0bx6 roh60bw9\">\n<div class=\"rq0escxv hkbzh7o3 jwdofwj8 n8tt0mok r8blr3vg hyh9befq\">\n<div class=\"do00u71z l9j0dhe7 k4urcfbm\">\n<div class=\"ecm0bbzt e5nlhep0 a8c37x1j\">\n<div class=\"kvgmc6g5 cxmmr5t8 oygrvhab hcukyx3x c1et5uql\">\n<div class=\"gmail-kvgmc6g5 gmail-cxmmr5t8 gmail-oygrvhab gmail-hcukyx3x gmail-c1et5uql gmail-ii04i59q\">\n<div class=\"page-title-head hgroup\">\n<div class=\"page-title-head hgroup\">\n<div class=\"b654a4as d2edcug0\">\n<div class=\"j83agx80 btwxx1t3 lhclo0ds hop8lmos nkwizq5d scwd0bx6 roh60bw9\">\n<div class=\"rq0escxv hkbzh7o3 jwdofwj8 n8tt0mok r8blr3vg hyh9befq\">\n<div class=\"do00u71z l9j0dhe7 k4urcfbm\">\n<div class=\"page-title-head hgroup\">\n<div class=\"page-title-head hgroup\">\n<div class=\"page-title-head hgroup\">\n<div class=\"page-title-head hgroup\">\n<div class=\"b654a4as d2edcug0\">\n<div class=\"page-title-head hgroup\">\n<div class=\"page-title-head hgroup\">\n<div class=\"page-title-head hgroup\">\n<div class=\"page-title-head hgroup\">\n<div class=\"b654a4as d2edcug0\">\n<div class=\"page-title-head hgroup\">\n<div class=\"page-title-head hgroup\">\n<div class=\"page-title-head hgroup\">\n<div class=\"page-title-head hgroup\">\n<div class=\"page-title-head hgroup\">\n<div class=\"page-title-head hgroup\">\n<div class=\"page-title-head hgroup\">\n<div class=\"page-title-head hgroup\">\n<div class=\"page-title-head hgroup\">\n<div class=\"b654a4as d2edcug0\">\n<div class=\"page-title-head hgroup\">\n<div class=\"page-title-head hgroup\">\n<div class=\"page-title-head hgroup\">\n<div class=\"page-title-head hgroup\">\n<div class=\"b654a4as d2edcug0\">\n<div class=\"page-title-head hgroup\">\n<div class=\"page-title-head hgroup\">\n<div class=\"page-title-head hgroup\">\n<div class=\"page-title-head hgroup\">\n<div class=\"page-title-head hgroup\">\n<div class=\"mkdf-post-text\">\n<div class=\"mkdf-post-text-inner\">\n<div class=\"mkdf-post-text-main\">\n<div class=\"mkdf-post-text\">\n<div class=\"mkdf-post-text-inner\">\n<div class=\"mkdf-post-text-main\">\n<div class=\"mkdf-post-text\">\n<div class=\"mkdf-post-text-inner\">\n<div class=\"mkdf-post-text-main\">\n<div class=\"page-title-head hgroup\">\n<div class=\"page-title-head hgroup\">\n<div class=\"mkdf-post-text\">\n<div class=\"mkdf-post-text-inner\">\n<div class=\"mkdf-post-text-main\">\n<div class=\"mkdf-post-text\">\n<div class=\"mkdf-post-text-inner\">\n<div class=\"mkdf-post-text-main\">\n<div class=\"page-title-head hgroup\">\n<div class=\"page-title-head hgroup\">\n<div class=\"page-title-head hgroup\">\n<div class=\"page-title-head hgroup\">\n<div class=\"b654a4as d2edcug0\">\n<div class=\"page-title-head hgroup\">\n<div class=\"page-title-head hgroup\">\n<div class=\"page-title-head hgroup\">\n<div class=\"page-title-head hgroup\">\n<div class=\"b654a4as d2edcug0\">\n<div class=\"page-title-head hgroup\">\n<div class=\"page-title-head hgroup\">\n<div class=\"page-title-head hgroup\">\n<div class=\"page-title-head hgroup\">\n<div class=\"b654a4as d2edcug0\">\n<div class=\"page-title-head hgroup\">\n<div class=\"page-title-head hgroup\">\n<div class=\"b654a4as d2edcug0\">\n<div class=\"j83agx80 btwxx1t3 lhclo0ds hop8lmos nkwizq5d scwd0bx6 roh60bw9\">\n<div class=\"rq0escxv hkbzh7o3 jwdofwj8 n8tt0mok r8blr3vg hyh9befq\">\n<div class=\"do00u71z l9j0dhe7 k4urcfbm\">\n<div class=\"ecm0bbzt e5nlhep0 a8c37x1j\">\n<div class=\"kvgmc6g5 cxmmr5t8 oygrvhab hcukyx3x c1et5uql\">\n<div class=\"gmail-kvgmc6g5 gmail-cxmmr5t8 gmail-oygrvhab gmail-hcukyx3x gmail-c1et5uql gmail-ii04i59q\">\n<div class=\"page-title-head hgroup\">\n<div class=\"page-title-head hgroup\">\n<div class=\"b654a4as d2edcug0\">\n<div class=\"j83agx80 btwxx1t3 lhclo0ds hop8lmos nkwizq5d scwd0bx6 roh60bw9\">\n<div class=\"rq0escxv hkbzh7o3 jwdofwj8 n8tt0mok r8blr3vg hyh9befq\">\n<div class=\"do00u71z l9j0dhe7 k4urcfbm\">\n<div class=\"page-title-head hgroup\">\n<div class=\"page-title-head hgroup\">\n<div class=\"page-title-head hgroup\">\n<div class=\"page-title-head hgroup\">\n<div class=\"b654a4as d2edcug0\">\n<div class=\"page-title-head hgroup\">\n<div class=\"page-title-head hgroup\">\n<div class=\"page-title-head hgroup\">\n<div class=\"page-title-head hgroup\">\n<div class=\"b654a4as d2edcug0\">\n<div class=\"page-title-head hgroup\">\n<div class=\"page-title-head hgroup\">\n<div class=\"page-title-head hgroup\">\n<div class=\"page-title-head hgroup\">\n<div class=\"page-title-head hgroup\">\n<div class=\"page-title-head hgroup\">\n<div class=\"page-title-head hgroup\">\n<div class=\"page-title-head hgroup\">\n<div class=\"page-title-head hgroup\">\n<div class=\"b654a4as d2edcug0\">\n<div class=\"page-title-head hgroup\">\n<div class=\"page-title-head hgroup\">\n<div class=\"page-title-head hgroup\">\n<div class=\"page-title-head hgroup\">\n<div class=\"b654a4as d2edcug0\">\n<div class=\"page-title-head hgroup\">\n<div class=\"page-title-head hgroup\">\n<div class=\"page-title-head hgroup\">\n<div class=\"page-title-head hgroup\">\n<div class=\"page-title-head hgroup\">\n<div class=\"mkdf-post-text\">\n<div class=\"mkdf-post-text-inner\">\n<div class=\"mkdf-post-text-main\">\n<div class=\"mkdf-post-text\">\n<div class=\"mkdf-post-text-inner\">\n<div class=\"mkdf-post-text-main\">\n<div class=\"mkdf-post-text\">\n<div class=\"mkdf-post-text-inner\">\n<div class=\"mkdf-post-text-main\">\n<div class=\"page-title-head hgroup\">\n<div class=\"page-title-head hgroup\">\n<div class=\"mkdf-post-text\">\n<div class=\"mkdf-post-text-inner\">\n<div class=\"mkdf-post-text-main\">\n<div class=\"mkdf-post-text\">\n<div class=\"mkdf-post-text-inner\">\n<div class=\"mkdf-post-text-main\">\n<div class=\"page-title-head hgroup\">\n<div class=\"page-title-head hgroup\">\n<div class=\"page-title-head hgroup\">\n<div class=\"page-title-head hgroup\">\n<div class=\"b654a4as d2edcug0\">\n<div class=\"page-title-head hgroup\">\n<div class=\"page-title-head hgroup\">\n<div class=\"page-title-head hgroup\">\n<div class=\"page-title-head hgroup\">\n<div class=\"b654a4as d2edcug0\">\n<div class=\"page-title-head hgroup\">\n<div class=\"page-title-head hgroup\">\n<div class=\"page-title-head hgroup\">\n<div class=\"page-title-head hgroup\">\n<div class=\"b654a4as d2edcug0\"><\/div>\n<\/div>\n<\/div>\n<\/div>\n<\/div>\n<\/div>\n<\/div>\n<\/div>\n<\/div>\n<\/div>\n<\/div>\n<\/div>\n<\/div>\n<\/div>\n<\/div>\n<\/div>\n<\/div>\n<\/div>\n<\/div>\n<\/div>\n<\/div>\n<\/div>\n<\/div>\n<\/div>\n<\/div>\n<\/div>\n<\/div>\n<\/div>\n<\/div>\n<\/div>\n<\/div>\n<\/div>\n<\/div>\n<\/div>\n<\/div>\n<\/div>\n<\/div>\n<\/div>\n<\/div>\n<\/div>\n<\/div>\n<\/div>\n<\/div>\n<\/div>\n<\/div>\n<\/div>\n<\/div>\n<\/div>\n<\/div>\n<\/div>\n<\/div>\n<\/div>\n<\/div>\n<\/div>\n<\/div>\n<\/div>\n<\/div>\n<\/div>\n<\/div>\n<\/div>\n<\/div>\n<\/div>\n<\/div>\n<\/div>\n<\/div>\n<\/div>\n<\/div>\n<\/div>\n<\/div>\n<\/div>\n<\/div>\n<\/div>\n<\/div>\n<\/div>\n<\/div>\n<\/div>\n<\/div>\n<\/div>\n<\/div>\n<\/div>\n<\/div>\n<\/div>\n<\/div>\n<\/div>\n<\/div>\n<\/div>\n<\/div>\n<\/div>\n<\/div>\n<\/div>\n<\/div>\n<\/div>\n<\/div>\n<\/div>\n<\/div>\n<\/div>\n<\/div>\n<\/div>\n<\/div>\n<\/div>\n<\/div>\n<\/div>\n<\/div>\n<\/div>\n<\/div>\n<\/div>\n<\/div>\n<\/div>\n<\/div>\n<\/div>\n<\/div>\n<\/div>\n<\/div>\n<\/div>\n<\/div>\n<\/div>\n<\/div>\n<\/div>\n<\/div>\n<\/div>\n<\/div>\n<\/div>\n<\/div>\n<\/div>\n<\/div>\n<\/div>\n<\/div>\n<\/div>\n<\/div>\n<\/div>\n<\/div>\n<\/div>\n<\/div>\n<\/div>\n<\/div>\n<\/div>\n<\/div>\n<\/div>\n<\/div>\n<\/div>\n<\/div>\n<\/div>\n<\/div>\n<\/div>\n<\/div>\n<\/div>\n<\/div>\n<\/div>\n<\/div>\n<\/div>\n<\/div>\n<\/div>\n<\/div>\n<\/div>\n<\/div>\n<\/div>\n<\/div>\n<\/div>\n<\/div>\n<\/div>\n<\/div>\n<\/div>\n<\/div>\n<\/div>\n<\/div>\n<\/div>\n<\/div>\n<\/div>\n<\/div>\n<\/div>\n<\/div>\n<\/div>\n<\/div>\n<\/div>\n<\/div>\n<\/div>\n<\/div>\n<\/div>\n<\/div>\n<\/div>\n<\/div>\n<\/div>\n<\/div>\n<\/div>\n<\/div>\n<\/div>\n<\/div>\n<\/div>\n<div class=\"b654a4as d2edcug0\">\n<div class=\"ecm0bbzt e5nlhep0 a8c37x1j\">\n<div class=\"kvgmc6g5 cxmmr5t8 oygrvhab hcukyx3x c1et5uql\">\n<div class=\"gmail-kvgmc6g5 gmail-cxmmr5t8 gmail-oygrvhab gmail-hcukyx3x gmail-c1et5uql gmail-ii04i59q\">\n<div>\n<div class=\"page-title-head hgroup\">\n<div class=\"page-title-head hgroup\">\n<div class=\"b654a4as d2edcug0\">\n<div class=\"j83agx80 btwxx1t3 lhclo0ds hop8lmos nkwizq5d scwd0bx6 roh60bw9\">\n<div class=\"rq0escxv hkbzh7o3 jwdofwj8 n8tt0mok r8blr3vg hyh9befq\">\n<div class=\"do00u71z l9j0dhe7 k4urcfbm\">\n<div>\n<div class=\"page-title-head hgroup\">\n<div class=\"page-title-head hgroup\">\n<div class=\"page-title-head hgroup\">\n<div class=\"page-title-head hgroup\">\n<div class=\"b654a4as d2edcug0\">\n<div class=\"page-title-head hgroup\">\n<div class=\"page-title-head hgroup\">\n<div class=\"page-title-head hgroup\">\n<div class=\"page-title-head hgroup\">\n<div class=\"b654a4as d2edcug0\">\n<div class=\"page-title-head hgroup\">\n<div class=\"page-title-head hgroup\">\n<div class=\"page-title-head hgroup\">\n<div class=\"page-title-head hgroup\">\n<div class=\"page-title-head hgroup\">\n<div class=\"mkdf-post-text\">\n<div class=\"mkdf-post-text-inner\">\n<div class=\"mkdf-post-text-main\">\n<div class=\"mkdf-post-text\">\n<div class=\"mkdf-post-text-inner\">\n<div class=\"mkdf-post-text-main\">\n<div class=\"mkdf-post-text\">\n<div class=\"mkdf-post-text-inner\">\n<div class=\"mkdf-post-text-main\">\n<div class=\"page-title-head hgroup\">\n<div class=\"page-title-head hgroup\">\n<div class=\"mkdf-post-text\">\n<div class=\"mkdf-post-text-inner\">\n<div class=\"mkdf-post-text-main\">\n<div class=\"mkdf-post-text\">\n<div class=\"mkdf-post-text-inner\">\n<div class=\"mkdf-post-text-main\">\n<div>\n<div class=\"page-title-head hgroup\">\n<div class=\"page-title-head hgroup\">\n<div>\n<div class=\"page-title-head hgroup\">\n<div class=\"page-title-head hgroup\">\n<div class=\"b654a4as d2edcug0\">\n<div>\n<div class=\"page-title-head hgroup\" style=\"text-align: left;\">\n<div class=\"page-title-head hgroup\">\n<div dir=\"auto\">\n<p><a class=\"dt-pswp-item pspw-wrap-ready\" href=\"https:\/\/i0.wp.com\/www.radiopiu.net\/wordpress\/wp-content\/uploads\/2018\/09\/WhatsApp-Image-2018-09-20-at-16.04.06.jpeg?ssl=1\" data-dt-img-description=\"\" data-large_image_width=\"800\" data-large_image_height=\"100\"><img loading=\"lazy\" decoding=\"async\" class=\"aligncenter wp-image-61378 size-full jetpack-lazy-image jetpack-lazy-image--handled\" src=\"https:\/\/i0.wp.com\/www.radiopiu.net\/wordpress\/wp-content\/uploads\/2018\/09\/WhatsApp-Image-2018-09-20-at-16.04.06.jpeg?resize=800%2C100&amp;ssl=1\" sizes=\"auto, (max-width: 800px) 100vw, 800px\" srcset=\"https:\/\/i0.wp.com\/www.radiopiu.net\/wordpress\/wp-content\/uploads\/2018\/09\/WhatsApp-Image-2018-09-20-at-16.04.06.jpeg?w=800&amp;ssl=1 800w, https:\/\/i0.wp.com\/www.radiopiu.net\/wordpress\/wp-content\/uploads\/2018\/09\/WhatsApp-Image-2018-09-20-at-16.04.06.jpeg?resize=300%2C38&amp;ssl=1 300w, https:\/\/i0.wp.com\/www.radiopiu.net\/wordpress\/wp-content\/uploads\/2018\/09\/WhatsApp-Image-2018-09-20-at-16.04.06.jpeg?resize=768%2C96&amp;ssl=1 768w\" alt=\"\" width=\"800\" height=\"100\" data-lazy-loaded=\"1\" \/><\/a><\/p>\n<\/div>\n<\/div>\n<\/div>\n<\/div>\n<\/div>\n<\/div>\n<\/div>\n<\/div>\n<\/div>\n<\/div>\n<\/div>\n<\/div>\n<\/div>\n<\/div>\n<\/div>\n<\/div>\n<\/div>\n<\/div>\n<\/div>\n<\/div>\n<\/div>\n<\/div>\n<\/div>\n<\/div>\n<\/div>\n<\/div>\n<\/div>\n<\/div>\n<\/div>\n<\/div>\n<\/div>\n<\/div>\n<\/div>\n<\/div>\n<\/div>\n<\/div>\n<\/div>\n<\/div>\n<\/div>\n<\/div>\n<\/div>\n<\/div>\n<\/div>\n<\/div>\n<\/div>\n<\/div>\n<\/div>\n<\/div>\n<\/div>\n<\/div>\n<\/div>\n<\/div>\n<\/div>\n<\/div>\n<\/div>\n<\/div>\n<\/div>\n<\/div>\n<\/div>\n<\/div>\n<\/div>\n<\/div>\n<\/div>\n<\/div>\n<\/div>\n<\/div>\n<\/div>\n<\/div>\n<\/div>\n<\/div>\n<\/div>\n<\/div>\n<\/div>\n<\/div>\n<\/div>\n<\/div>\n<\/div>\n<\/div>\n<\/div>\n<\/div>\n<\/div>\n<\/div>\n<\/div>\n<\/div>\n<\/div>\n<\/div>\n<\/div>\n<\/div>\n<\/div>\n<\/div>\n<\/div>\n<\/div>\n<\/div>\n<\/div>\n<\/div>\n<\/div>\n<\/div>\n<\/div>\n<\/div>\n<\/div>\n<\/div>\n<\/div>\n<\/div>\n<\/div>\n<\/div>\n<\/div>\n<\/div>\n<\/div>\n<\/div>\n<\/div>\n<\/div>\n<\/div>\n<\/div>\n<\/div>\n<\/div>\n<\/div>\n<\/div>\n<\/div>\n<\/div>\n<\/div>\n<\/div>\n<\/div>\n<\/div>\n<\/div>\n<\/div>\n<\/div>\n<\/div>\n<\/div>\n<\/div>\n<\/div>\n<\/div>\n<\/div>\n<\/div>\n<\/div>\n<\/div>\n<\/div>\n<\/div>\n<\/div>\n<\/div>\n<\/div>\n<\/div>\n<\/div>\n<\/div>\n<\/div>\n<\/div>\n<\/div>\n<\/div>\n<\/div>\n<\/div>\n<\/div>\n<\/div>\n<\/div>\n<\/div>\n<\/div>\n<\/div>\n<\/div>\n<\/div>\n<\/div>\n<\/div>\n<\/div>\n<\/div>\n<\/div>\n<\/div>\n<\/div>\n<\/div>\n<\/div>\n<\/div>\n<\/div>\n<\/div>\n<\/div>\n<\/div>\n<\/div>\n<\/div>\n<\/div>\n<\/div>\n<\/div>\n<\/div>\n<\/div>\n<\/div>\n<\/div>\n<\/div>\n<\/div>\n<\/div>\n<\/div>\n<\/div>\n<\/div>\n<\/div>\n<\/div>\n<\/div>\n<\/div>\n<\/div>\n<\/div>\n<\/div>\n<\/div>\n<\/div>\n<\/div>\n<\/div>\n<\/div>\n<\/div>\n<\/div>\n<\/div>\n<\/div>\n<\/div>\n<\/div>\n<\/div>\n<\/div>\n<\/div>\n<\/div>\n<\/div>\n<\/div>\n<\/div>\n<\/div>\n<\/div>\n<\/div>\n<\/div>\n<\/div>\n<\/div>\n<\/div>\n<\/div>\n<\/div>\n<\/div>\n<\/div>\n<\/div>\n<\/div>\n<\/div>\n<\/div>\n<\/div>\n<\/div>\n<\/div>\n<\/div>\n<div style=\"text-align: left;\">\n<p>&nbsp;<\/p>\n<p><center><b>Martedi 19<\/b><\/center><b>Tempo atteso: <\/b>Tempo stupendo e particolarmente caldo, ben soleggiato con cielo sereno e limitata formazione di qualche cumulo durante le ore pi\u00f9 calde. Eventuale lieve caligine legata alla presenza di aria assai calda nelle valli e dell&#8217;anomala mitezza termica in alta quota.<br \/>\n<b>Precipitazioni: <\/b>Assenti (0%).<br \/>\n<b>Temperature: <\/b>Minime pressoch\u00e9 stazionarie e massime in generale lieve aumento con valori di 5\/6\u00b0C superiori alla media nelle valli e di ben 6\/7\u00b0C oltre la norma in quota (zero termico a 4500 m). Su Prealpi a 1500 m: min 17\u00b0C max 22\u00b0C, a 2000 m: min 14\u00b0C max 19\u00b0C. Su Dolomiti a 2000 m: min 13\u00b0C max 20\u00b0C, a 3000 m: min 9\u00b0C max 11\u00b0C.<br \/>\n<b>Venti: <\/b>Nelle valli deboli a regime di brezza, a tratti e localmente moderati, specie nelle ore pi\u00f9 calde; in quota deboli da nord nord-ovest, solo a tratti e localmente moderati per rinforzi erratici sulle cime dolomitiche pi\u00f9 alte, a 5-10 km\/h a 2000 m e 5-20 km\/h a 3000 m.<\/p>\n<hr \/>\n<p><center><b>Mercoledi 20<\/b><\/center><b>Tempo atteso: <\/b>Al mattino ancora molto soleggiato con cielo sereno o poco nuvoloso per primi cumuli. Al pomeriggio riduzione del soleggiamento per attivit\u00e0 cumuliforme, assai ridotta sulle Prealpi, pi\u00f9 presente sulle Dolomiti, dove alcuni addensamenti saranno pi\u00f9 intensi e localmente associati a qualche focolaio temporalesco, specie nel tardo pomeriggio\/sera.<br \/>\n<b>Precipitazioni: <\/b>Fino a met\u00e0 pomeriggio assenti (0%), continueranno ad esserlo o quasi sulle Prealpi anche nel resto della giornata, mentre la probabilit\u00e0 di qualche focolaio temporalesco sar\u00e0 presente sulle Dolomiti (20-40%), specie nel tardo pomeriggio\/sera e soprattutto sui confini con il Trentino e l&#8217;Alto Adige.<br \/>\n<b>Temperature: <\/b>In ulteriore lieve aumento rispetto a marted\u00ec, con crescente afa nei fondovalle prealpini. Previste punte di 32\/34\u00b0C nei fondovalle prealpini e di 28\/30\u00b0C a 1000\/1200 m. Su Prealpi a 1500 m: min 18\u00b0C max 23\u00b0C, a 2000 m: min 15 max 20\u00b0C. Su Dolomiti a 2000 m min 15\u00b0C max 21\u00b0C, a 3000 m min 9\u00b0C max 12\u00b0C.<br \/>\n<b>Venti: <\/b>Nelle valli deboli a regime di brezza, localmente e a tratti moderati nelle ore pi\u00f9 calde, senza escludere eventuali locali forti raffiche in caso di temporale; in quota deboli settentrionali, in rotazione da ovest nel pomeriggio, a 5-10 km\/h a 2000 m e 5-20 km\/h a 3000 m.<\/p>\n<hr \/>\n<p><center><b>Giovedi 21<\/b><\/center>Giornata simile a mercoled\u00ec, inizialmente ben soleggiata con primi cumuli in tarda mattinata. Poi riduzione del soleggiamento per attivit\u00e0 cumuliforme pomeridiana, piuttosto ridotta sulle Prealpi e maggiore sulle Dolomiti, dove si ripeter\u00e0 il rischio di rovesci o locali temporali di calore da met\u00e0 pomeriggio in poi. Sporadicamente il rischio si estender\u00e0 alle Prealpi. Lieve calo delle temperature massime, ma l&#8217;estate imperverser\u00e0 ancora. Nelle valli venti perlopi\u00f9 deboli per brezze, localmente e a tratti moderati, senza escludere eventuali forti raffiche temporalesche; in quota deboli dai quadranti occidentali (oscillazioni tra nord-ovest e sud-ovest).<\/p>\n<hr \/>\n<p><center><b>Venerdi 22<\/b><\/center>Tempo stupendo, ben soleggiato con cielo sereno al mattino e sereno o poco nuvoloso per modesti cumuli pomeridiani ridosso delle cime. Presenza di lieve caligine per avvezione di aria di origine africana. Contesto termico ancora anormalmente caldo per il periodo nelle valli e la mitezza continuer\u00e0 a imperversare sulle cime pi\u00f9 alte. Venti a regime di brezza nelle valli, a tratti moderati durante le ore pi\u00f9 calde; in quota moderati occidentali, tendenti a indebolirsi al pomeriggio, sempre da ovest. Previsore: R.L.Th.<\/p>\n<p>&nbsp;<\/p>\n<\/div>\n<hr \/>\n<p>&nbsp;<\/p>\n<p>&nbsp;<\/p>\n<p><a href=\"https:\/\/www.radiopiu.net\/wordpress\/giornale-radiopiu-26-settembre-2018-direttore-mirko-mezzacasa\/viabilita-2\/\" rel=\"attachment wp-att-61954\"><img loading=\"lazy\" decoding=\"async\" class=\"aligncenter wp-image-61954 size-full\" src=\"https:\/\/www.radiopiu.net\/wordpress\/wp-content\/uploads\/2018\/09\/viabilita.jpeg\" sizes=\"auto, (max-width: 800px) 100vw, 800px\" srcset=\"https:\/\/www.radiopiu.net\/wordpress\/wp-content\/uploads\/2018\/09\/viabilita.jpeg 800w, https:\/\/www.radiopiu.net\/wordpress\/wp-content\/uploads\/2018\/09\/viabilita-300x38.jpeg 300w, https:\/\/www.radiopiu.net\/wordpress\/wp-content\/uploads\/2018\/09\/viabilita-768x96.jpeg 768w\" alt=\"\" width=\"800\" height=\"100\" \/><\/a><\/p>\n<blockquote>\n<h3><\/h3>\n<h3>GALLERIA DI SEGUSINO CHIUSA PER 4 MESI<\/h3>\n<\/blockquote>\n<p><strong><a class=\"dt-pswp-item\" href=\"https:\/\/www.radiopiu.net\/wordpress\/wp-content\/uploads\/2020\/05\/VENETO-STRADE.png\" data-dt-img-description=\"\" data-large_image_width=\"400\" data-large_image_height=\"400\"><img loading=\"lazy\" decoding=\"async\" class=\" wp-image-135574 alignleft\" src=\"https:\/\/www.radiopiu.net\/wordpress\/wp-content\/uploads\/2020\/05\/VENETO-STRADE-150x150.png\" alt=\"\" width=\"102\" height=\"102\" srcset=\"https:\/\/www.radiopiu.net\/wordpress\/wp-content\/uploads\/2020\/05\/VENETO-STRADE-150x150.png 150w, https:\/\/www.radiopiu.net\/wordpress\/wp-content\/uploads\/2020\/05\/VENETO-STRADE-300x300.png 300w, https:\/\/www.radiopiu.net\/wordpress\/wp-content\/uploads\/2020\/05\/VENETO-STRADE.png 400w\" sizes=\"auto, (max-width: 102px) 100vw, 102px\" \/><\/a><\/strong><\/p>\n<p><strong>SEDICO<\/strong> Veneto Strade comunica che sulla SP 1 Bis &#8220;Madonna del Piave&#8221;, dal 12 luglio e fino al 4 novembre, compresi sabati domeniche e festivi infrasettimanali, un&#8217;interdizione totale al transito per l&#8217;intera tratta della galleria di Segusino in seguito a dei lavori per messa in sicurezza della condotta acquedottistica<\/p>\n<p>&nbsp;<\/p>\n<blockquote>\n<h3>DIVIETO DI SOSTA IN VIA FELTRE A BELLUNO<\/h3>\n<\/blockquote>\n<p><strong>BELLUNO<\/strong> Per consentire la creazione di un\u2019area di cantiere necessaria al posizionamento di una piattaforma per lavori di manutenzione delle antenne, si rende necessaria l&#8217;istituzione del divieto di sosta con rimozione forzata dei veicoli, in Via Feltre negli stalli di sosta a pagamento immediatamente a sinistra dell\u2019entrata a ridosso dell\u2019antenna nel parcheggio \u201cex Moi\u201d, dalle ore 8.00 del 19 alle ore 18.00 del 20 luglio<\/p>\n<blockquote class=\"wp-embedded-content\" data-secret=\"ZzhOPu4gkZ\"><p><a href=\"https:\/\/www.radiopiu.net\/wordpress\/viabilita\/\">viabilita<\/a><\/p><\/blockquote>\n<p><iframe loading=\"lazy\" class=\"wp-embedded-content\" sandbox=\"allow-scripts\" security=\"restricted\" style=\"position: absolute; clip: rect(1px, 1px, 1px, 1px);\" title=\"&#8220;viabilita&#8221; &#8212; Radio Pi\u00f9\" src=\"https:\/\/www.radiopiu.net\/wordpress\/viabilita\/embed\/#?secret=EFdOiygNRN#?secret=ZzhOPu4gkZ\" data-secret=\"ZzhOPu4gkZ\" width=\"600\" height=\"338\" frameborder=\"0\" marginwidth=\"0\" marginheight=\"0\" scrolling=\"no\"><\/iframe><\/p>\n<p>&nbsp;<\/p>\n<hr \/>\n<p>&nbsp;<\/p>\n<p>&nbsp;<\/p>\n<p><img loading=\"lazy\" decoding=\"async\" class=\"wp-image-60761 size-full aligncenter\" src=\"https:\/\/www.radiopiu.net\/wordpress\/wp-content\/uploads\/2018\/09\/sport.jpg\" alt=\"\" width=\"800\" height=\"100\" srcset=\"https:\/\/www.radiopiu.net\/wordpress\/wp-content\/uploads\/2018\/09\/sport.jpg 800w, https:\/\/www.radiopiu.net\/wordpress\/wp-content\/uploads\/2018\/09\/sport-300x38.jpg 300w, https:\/\/www.radiopiu.net\/wordpress\/wp-content\/uploads\/2018\/09\/sport-768x96.jpg 768w\" sizes=\"auto, (max-width: 800px) 100vw, 800px\" \/><\/p>\n<\/div>\n<\/div>\n<\/div>\n<div class=\"page-title-head hgroup\">\n<div class=\"page-title-head hgroup\">\n<p>&nbsp;<\/p>\n<p><span style=\"color: #0000ff;\"><strong>MOTORI<\/strong><\/span><\/p>\n<blockquote>\n<h3>ANCHE 100 PILE DI PNEUMATICI COLORATO PER L&#8217;ALPE DEL NEVEGAL<\/h3>\n<\/blockquote>\n<p><strong>BELLUNO<\/strong><\/p>\n<p><strong>DI ROBERTO BONA<\/strong><\/p>\n<audio class=\"wp-audio-shortcode\" id=\"audio-287662-16\" preload=\"none\" style=\"width: 100%;\" controls=\"controls\"><source type=\"audio\/mpeg\" src=\"https:\/\/www.radiopiu.net\/wordpress\/wp-content\/uploads\/2022\/07\/roberto-alpe.mp3?_=16\" \/><a href=\"https:\/\/www.radiopiu.net\/wordpress\/wp-content\/uploads\/2022\/07\/roberto-alpe.mp3\">https:\/\/www.radiopiu.net\/wordpress\/wp-content\/uploads\/2022\/07\/roberto-alpe.mp3<\/a><\/audio>\n<p>&nbsp;<\/p>\n<p><a class=\"dt-pswp-item\" href=\"https:\/\/www.radiopiu.net\/wordpress\/wp-content\/uploads\/2022\/07\/a4e88925-4bed-4835-ab4c-07cc5942f06c.jpg\" data-dt-img-description=\"\" data-large_image_width=\"887\" data-large_image_height=\"628\"><img loading=\"lazy\" decoding=\"async\" class=\"alignnone size-thumbnail wp-image-287814\" src=\"https:\/\/www.radiopiu.net\/wordpress\/wp-content\/uploads\/2022\/07\/a4e88925-4bed-4835-ab4c-07cc5942f06c-150x150.jpg\" alt=\"\" width=\"150\" height=\"150\" \/><\/a><\/p>\n<p>&nbsp;<\/p>\n<p>&nbsp;<\/p>\n<\/div>\n<\/div>\n<div class=\"page-title-head hgroup\">\n<div class=\"page-title-head hgroup\">\n<div class=\"page-title-head hgroup\"><\/div>\n<div class=\"page-title-head hgroup\">\n<p><span style=\"color: #0000ff;\"><strong>CALCIO<\/strong><\/span><\/p>\n<blockquote>\n<h3>I PRIMI VERDETTI DOPO LA STAGIONE REGOLARE DEL MEMORIAL DENIS TONIN<\/h3>\n<\/blockquote>\n<p><strong><a class=\"dt-pswp-item\" href=\"https:\/\/www.radiopiu.net\/wordpress\/wp-content\/uploads\/2022\/07\/4b00217f-61c9-4ddb-bf35-4ff10e625c20.jpg\" data-dt-img-description=\"\" data-large_image_width=\"1600\" data-large_image_height=\"1200\"><img loading=\"lazy\" decoding=\"async\" class=\"alignleft wp-image-287767 \" src=\"https:\/\/www.radiopiu.net\/wordpress\/wp-content\/uploads\/2022\/07\/4b00217f-61c9-4ddb-bf35-4ff10e625c20-300x225.jpg\" alt=\"\" width=\"195\" height=\"146\" srcset=\"https:\/\/www.radiopiu.net\/wordpress\/wp-content\/uploads\/2022\/07\/4b00217f-61c9-4ddb-bf35-4ff10e625c20-300x225.jpg 300w, https:\/\/www.radiopiu.net\/wordpress\/wp-content\/uploads\/2022\/07\/4b00217f-61c9-4ddb-bf35-4ff10e625c20-1024x768.jpg 1024w, https:\/\/www.radiopiu.net\/wordpress\/wp-content\/uploads\/2022\/07\/4b00217f-61c9-4ddb-bf35-4ff10e625c20-768x576.jpg 768w, https:\/\/www.radiopiu.net\/wordpress\/wp-content\/uploads\/2022\/07\/4b00217f-61c9-4ddb-bf35-4ff10e625c20-1536x1152.jpg 1536w, https:\/\/www.radiopiu.net\/wordpress\/wp-content\/uploads\/2022\/07\/4b00217f-61c9-4ddb-bf35-4ff10e625c20.jpg 1600w\" sizes=\"auto, (max-width: 195px) 100vw, 195px\" \/><\/a>REDAZIONE<\/strong> Con le partite di domenica scorsa si chiude ufficialmente la stagione regolare del Campionato Agordino di calcio 2022. La Valle, Agordo 2009, Vallada (nella foto), Alleghe e Cencenighe sono le squadre che vanno in &#8220;ferie&#8221; anticipatamente. Domenica prossima tutte le altre formazioni si giocheranno i quarti di finale sui campi di Voltago e La Valle. Il Le Ville passa il turno dopo la vittoria di misura contro il Vallada, il Rivamonte fa il colpaccio a Cencenighe vincendo lo scontro diretto contro la compagine di casa. Fodom e Caprile si piazzano in testa al girone B dopo le vittorie rispettivamente contro Alleghe e Canale. Inciampa il Gosaldo nel girone A che perde il derby con il Voltago. Non ce la fa l&#8217;Agordo 2009 che, nonostante la vittoria con il La Valle, non accede alla fase finale. Intanto il Taibon che riposava passa il turno come terza del girone A grazie alla vittoria nello scontro diretto con il Le Ville.<\/p>\n<p><strong>LE INTERVISTE: ZELIO TARQUINI, ALLENATORE DEL VALLADA, ROMANO COSTANTINI, ALLENATORE DEL LE VILLE, E REMI&#8217; CHIERCHIA, GIOCATORE DEL LE VILLE<\/strong><\/p>\n<audio class=\"wp-audio-shortcode\" id=\"audio-287662-17\" preload=\"none\" style=\"width: 100%;\" controls=\"controls\"><source type=\"audio\/mpeg\" src=\"https:\/\/www.radiopiu.net\/wordpress\/wp-content\/uploads\/2022\/07\/INTERVISTE-VALLADA-LE-VILLE.mp3?_=17\" \/><a href=\"https:\/\/www.radiopiu.net\/wordpress\/wp-content\/uploads\/2022\/07\/INTERVISTE-VALLADA-LE-VILLE.mp3\">https:\/\/www.radiopiu.net\/wordpress\/wp-content\/uploads\/2022\/07\/INTERVISTE-VALLADA-LE-VILLE.mp3<\/a><\/audio>\n<p>&nbsp;<\/p>\n<p>&nbsp;<\/p>\n<h2><span style=\"color: #008000;\"><a class=\"dt-pswp-item\" href=\"https:\/\/www.radiopiu.net\/wordpress\/wp-content\/uploads\/2019\/01\/CALCIO-FALLO.jpeg\" data-dt-img-description=\"\" data-large_image_width=\"1600\" data-large_image_height=\"848\"><img loading=\"lazy\" decoding=\"async\" class=\" wp-image-71538 alignleft\" src=\"https:\/\/www.radiopiu.net\/wordpress\/wp-content\/uploads\/2019\/01\/CALCIO-FALLO-150x150.jpeg\" alt=\"\" width=\"74\" height=\"74\" \/><\/a>SPECIALE CAMPIONATO AGORDINO<\/span><\/h2>\n<p><strong>RIASCOLTA OTTANTESIMO MINUTO &#8211; SESTA PUNTATA<\/strong><\/p>\n<audio class=\"wp-audio-shortcode\" id=\"audio-287662-18\" preload=\"none\" style=\"width: 100%;\" controls=\"controls\"><source type=\"audio\/mpeg\" src=\"https:\/\/www.radiopiu.net\/wordpress\/wp-content\/uploads\/2022\/07\/80MIN-1.mp3?_=18\" \/><a href=\"https:\/\/www.radiopiu.net\/wordpress\/wp-content\/uploads\/2022\/07\/80MIN-1.mp3\">https:\/\/www.radiopiu.net\/wordpress\/wp-content\/uploads\/2022\/07\/80MIN-1.mp3<\/a><\/audio>\n<p>&nbsp;<\/p>\n<p><strong>RIASCOLTA CAMPIONATO AGORDINO SHOW &#8211; SESTA PUNTATA (LA SINTESI)<\/strong><\/p>\n<audio class=\"wp-audio-shortcode\" id=\"audio-287662-19\" preload=\"none\" style=\"width: 100%;\" controls=\"controls\"><source type=\"audio\/mpeg\" src=\"https:\/\/www.radiopiu.net\/wordpress\/wp-content\/uploads\/2022\/07\/AGOS-2.mp3?_=19\" \/><a href=\"https:\/\/www.radiopiu.net\/wordpress\/wp-content\/uploads\/2022\/07\/AGOS-2.mp3\">https:\/\/www.radiopiu.net\/wordpress\/wp-content\/uploads\/2022\/07\/AGOS-2.mp3<\/a><\/audio>\n<p>&nbsp;<\/p>\n<blockquote>\n<h3>I GIOCATORI DELLA FIORENTINA IN VISITA ALLA SKI AREA SAN PELLEGRINO<\/h3>\n<\/blockquote>\n<p><strong>PASSO SAN PELLEGRINO<\/strong> Gradita sorpresa alla Ski Area San Pellegrino dove ieri i giocatori della Fiorentina hanno passato una giornata in alta quota sul Col Margherita. La squadra toscana in ritiro a Moena ha scelto di salire sul comprensorio per passare una giornata di riposo con vista sulle splendide montagne che circondano l&#8217;area.<\/p>\n\n\t\t\t<style type='text\/css'>\n\t\t\t\t#gallery-12 {\n\t\t\t\t\tmargin: auto;\n\t\t\t\t}\n\t\t\t\t#gallery-12 .gallery-item {\n\t\t\t\t\tfloat: left;\n\t\t\t\t\tmargin-top: 10px;\n\t\t\t\t\ttext-align: center;\n\t\t\t\t\twidth: 50%;\n\t\t\t\t}\n\t\t\t\t#gallery-12 img {\n\t\t\t\t\tborder: 2px solid #cfcfcf;\n\t\t\t\t}\n\t\t\t\t#gallery-12 .gallery-caption {\n\t\t\t\t\tmargin-left: 0;\n\t\t\t\t}\n\t\t\t\t\/* see gallery_shortcode() in wp-includes\/media.php *\/\n\t\t\t<\/style>\n\t\t<div id='gallery-12' class='dt-gallery-container gallery galleryid-287662 gallery-columns-2 gallery-size-medium'><dl class='gallery-item'>\n\t\t\t\t<dt class='gallery-icon landscape'>\n\t\t\t\t\t<a class=\"rollover rollover-zoom dt-pswp-item\" title=\"8189e60a-1f61-4653-9a92-dc61aec56b20\" data-dt-img-description=\"\" data-large_image_width=\"1024\" data-large_image_height=\"768\"href='https:\/\/www.radiopiu.net\/wordpress\/wp-content\/uploads\/2022\/07\/8189e60a-1f61-4653-9a92-dc61aec56b20.jpg'><img loading=\"lazy\" decoding=\"async\" width=\"300\" height=\"225\" src=\"https:\/\/www.radiopiu.net\/wordpress\/wp-content\/uploads\/2022\/07\/8189e60a-1f61-4653-9a92-dc61aec56b20-300x225.jpg\" class=\"attachment-medium size-medium\" alt=\"\" srcset=\"https:\/\/www.radiopiu.net\/wordpress\/wp-content\/uploads\/2022\/07\/8189e60a-1f61-4653-9a92-dc61aec56b20-300x225.jpg 300w, https:\/\/www.radiopiu.net\/wordpress\/wp-content\/uploads\/2022\/07\/8189e60a-1f61-4653-9a92-dc61aec56b20-768x576.jpg 768w, https:\/\/www.radiopiu.net\/wordpress\/wp-content\/uploads\/2022\/07\/8189e60a-1f61-4653-9a92-dc61aec56b20.jpg 1024w\" sizes=\"auto, (max-width: 300px) 100vw, 300px\" \/><\/a>\n\t\t\t\t<\/dt><\/dl><dl class='gallery-item'>\n\t\t\t\t<dt class='gallery-icon landscape'>\n\t\t\t\t\t<a class=\"rollover rollover-zoom dt-pswp-item\" title=\"7d2a3615-b9e2-4f66-8df8-fbcca11b040d\" data-dt-img-description=\"\" data-large_image_width=\"1024\" data-large_image_height=\"768\"href='https:\/\/www.radiopiu.net\/wordpress\/wp-content\/uploads\/2022\/07\/7d2a3615-b9e2-4f66-8df8-fbcca11b040d.jpg'><img loading=\"lazy\" decoding=\"async\" width=\"300\" height=\"225\" src=\"https:\/\/www.radiopiu.net\/wordpress\/wp-content\/uploads\/2022\/07\/7d2a3615-b9e2-4f66-8df8-fbcca11b040d-300x225.jpg\" class=\"attachment-medium size-medium\" alt=\"\" srcset=\"https:\/\/www.radiopiu.net\/wordpress\/wp-content\/uploads\/2022\/07\/7d2a3615-b9e2-4f66-8df8-fbcca11b040d-300x225.jpg 300w, https:\/\/www.radiopiu.net\/wordpress\/wp-content\/uploads\/2022\/07\/7d2a3615-b9e2-4f66-8df8-fbcca11b040d-768x576.jpg 768w, https:\/\/www.radiopiu.net\/wordpress\/wp-content\/uploads\/2022\/07\/7d2a3615-b9e2-4f66-8df8-fbcca11b040d.jpg 1024w\" sizes=\"auto, (max-width: 300px) 100vw, 300px\" \/><\/a>\n\t\t\t\t<\/dt><\/dl><br style=\"clear: both\" \/>\n\t\t\t<\/div>\n\n<p>&nbsp;<\/p>\n<hr \/>\n<p>&nbsp;<\/p>\n<p><span style=\"color: #0000ff;\"><strong>PALLAVOLO<\/strong>\u00a0<\/span><\/p>\n<blockquote>\n<h3>GUASTAMACCHIA COMPLETA LA BATTERIA DEI CENTRALI<\/h3>\n<\/blockquote>\n<p><strong><a class=\"dt-pswp-item\" href=\"https:\/\/www.radiopiu.net\/wordpress\/wp-content\/uploads\/2022\/07\/Guastamacchia_completa_la_batteria_dei_centrali-scaled.jpg\" data-dt-img-description=\"\" data-large_image_width=\"1588\" data-large_image_height=\"2560\"><img loading=\"lazy\" decoding=\"async\" class=\"alignleft wp-image-287761 \" src=\"https:\/\/www.radiopiu.net\/wordpress\/wp-content\/uploads\/2022\/07\/Guastamacchia_completa_la_batteria_dei_centrali-186x300.jpg\" alt=\"\" width=\"81\" height=\"131\" srcset=\"https:\/\/www.radiopiu.net\/wordpress\/wp-content\/uploads\/2022\/07\/Guastamacchia_completa_la_batteria_dei_centrali-186x300.jpg 186w, https:\/\/www.radiopiu.net\/wordpress\/wp-content\/uploads\/2022\/07\/Guastamacchia_completa_la_batteria_dei_centrali-635x1024.jpg 635w, https:\/\/www.radiopiu.net\/wordpress\/wp-content\/uploads\/2022\/07\/Guastamacchia_completa_la_batteria_dei_centrali-768x1238.jpg 768w, https:\/\/www.radiopiu.net\/wordpress\/wp-content\/uploads\/2022\/07\/Guastamacchia_completa_la_batteria_dei_centrali-953x1536.jpg 953w, https:\/\/www.radiopiu.net\/wordpress\/wp-content\/uploads\/2022\/07\/Guastamacchia_completa_la_batteria_dei_centrali-1270x2048.jpg 1270w, https:\/\/www.radiopiu.net\/wordpress\/wp-content\/uploads\/2022\/07\/Guastamacchia_completa_la_batteria_dei_centrali-scaled.jpg 1588w\" sizes=\"auto, (max-width: 81px) 100vw, 81px\" \/><\/a>BELLUNO<\/strong> L\u2019ultima novit\u00e0, in casa Da Rold Logistics Belluno, profuma di futuro. Ha il volto e la freschezza di un ragazzo che \u00e8 sbocciato nella Pallavolo Padova e compir\u00e0 19 anni il prossimo 25 novembre: si chiama Francesco Guastamacchia e va a completare la batteria dei centrali.<span class=\"gmail-Apple-converted-space\">\u00a0<\/span>La carriera di Guastamacchia \u00e8 solo agli albori: \u00ab<em>Ho iniziato a giocare nel settembre 2016, partendo dal Gs Sant\u2019Angelo. Poi, nel settembre 2019, \u00e8 decollata la mia avventura alla Pallavolo Padova: mi ha regalato tante emozioni fino alla fine. Il campionato di pi\u00f9 alto livello che ho disputato \u00e8 stato quello di serie B, oltre alle finali nazionali Under 19, chiuse con un sesto posto che mi ha lasciato l\u2019amaro in bocca<\/em>\u00bb.<span class=\"gmail-Apple-converted-space\"> A dispetto dell\u2019anagrafe, il centrale ha grande personalit\u00e0: \u00abVoglio puntare in alto, provarci sempre. E far sentire la mia voce in campo. Gli obiettivi che mi pongo? Personalmente, tengo a migliorare dal punto di vista tecnico e a conquistare un posto in campo. Cos\u00ec come mi auguro di integrarmi bene in squadra e formare nuovi legami per poter puntare tutti assieme alla vittoria\u00bb.\u00a0<\/span><\/p>\n<\/div>\n<\/div>\n<\/div>\n<\/div>\n<\/div>\n<\/div>\n<\/div>\n<\/div>\n<\/div>\n<\/div>\n<\/div>\n<\/div>\n<\/div>\n<\/div>\n<\/div>\n<\/div>\n<\/div>\n<\/div>\n<\/div>\n<\/div>\n<\/div>\n<\/div>\n<\/div>\n<\/div>\n<\/div>\n<\/div>\n<\/div>\n<\/div>\n<\/div>\n<\/div>\n<\/div>\n<\/div>\n<\/div>\n<\/div>\n<\/div>\n<\/div>\n<\/div>\n<\/div>\n<\/div>\n<\/div>\n<\/div>\n<\/div>\n<\/div>\n<\/div>\n<\/div>\n<\/div>\n<\/div>\n<\/div>\n<\/div>\n<\/div>\n<\/div>\n<\/div>\n<\/div>\n<\/div>\n<\/div>\n<\/div>\n<\/div>\n<\/div>\n<\/div>\n<\/div>\n<\/div>\n<\/div>\n<\/div>\n<\/div>\n<\/div>\n<\/div>\n<\/div>\n<\/div>\n<\/div>\n<\/div>\n<\/div>\n<\/div>\n<\/div>\n<\/div>\n<\/div>\n<\/div>\n<\/div>\n<\/div>\n<\/div>\n<\/div>\n<\/div>\n<\/div>\n<\/div>\n<\/div>\n<\/div>\n<\/div>\n<\/div>\n<\/div>\n<\/div>\n<\/div>\n<\/div>\n<\/div>\n<\/div>\n<\/div>\n<\/div>\n<\/div>\n<\/div>\n<\/div>\n<\/div>\n<\/div>\n<\/div>\n<\/div>\n<\/div>\n<\/div>\n","protected":false},"excerpt":{"rendered":"<p>RADIO PIU INFORMAZIONE il canale su TELEGRAM informazione di prima\u00a0 mano e in tempo reale. iscriviti ed aiutaci a farlo conoscere\u00a0 \u00a0 &nbsp; &nbsp; &nbsp; &nbsp; INTERRUZIONE ELETTRICA A TAIBON IN LOCALITA&#8217; PEDEN TAIBON Enel comunica che gioved\u00ec dalle 10 alle 12 ci sar\u00e0 un&#8217;interruzione sulla linea elettrica in frazione Peden. &nbsp; &nbsp; MARMOLADA. NULLA&hellip;<\/p>\n","protected":false},"author":4,"featured_media":287779,"comment_status":"closed","ping_status":"closed","sticky":false,"template":"","format":"standard","meta":{"_monsterinsights_skip_tracking":false,"_monsterinsights_sitenote_active":false,"_monsterinsights_sitenote_note":"","_monsterinsights_sitenote_category":0,"footnotes":""},"categories":[51,86,49],"tags":[],"class_list":["post-287662","post","type-post","status-publish","format-standard","has-post-thumbnail","hentry","category-evidenza-top","category-gr","category-news-18","category-51","category-86","category-49","description-off"],"img_url":"https:\/\/www.radiopiu.net\/wordpress\/wp-content\/uploads\/2022\/07\/Viadotto-Pontet-5.jpeg","_links":{"self":[{"href":"https:\/\/www.radiopiu.net\/wordpress\/wp-json\/wp\/v2\/posts\/287662","targetHints":{"allow":["GET"]}}],"collection":[{"href":"https:\/\/www.radiopiu.net\/wordpress\/wp-json\/wp\/v2\/posts"}],"about":[{"href":"https:\/\/www.radiopiu.net\/wordpress\/wp-json\/wp\/v2\/types\/post"}],"author":[{"embeddable":true,"href":"https:\/\/www.radiopiu.net\/wordpress\/wp-json\/wp\/v2\/users\/4"}],"replies":[{"embeddable":true,"href":"https:\/\/www.radiopiu.net\/wordpress\/wp-json\/wp\/v2\/comments?post=287662"}],"version-history":[{"count":0,"href":"https:\/\/www.radiopiu.net\/wordpress\/wp-json\/wp\/v2\/posts\/287662\/revisions"}],"wp:featuredmedia":[{"embeddable":true,"href":"https:\/\/www.radiopiu.net\/wordpress\/wp-json\/wp\/v2\/media\/287779"}],"wp:attachment":[{"href":"https:\/\/www.radiopiu.net\/wordpress\/wp-json\/wp\/v2\/media?parent=287662"}],"wp:term":[{"taxonomy":"category","embeddable":true,"href":"https:\/\/www.radiopiu.net\/wordpress\/wp-json\/wp\/v2\/categories?post=287662"},{"taxonomy":"post_tag","embeddable":true,"href":"https:\/\/www.radiopiu.net\/wordpress\/wp-json\/wp\/v2\/tags?post=287662"}],"curies":[{"name":"wp","href":"https:\/\/api.w.org\/{rel}","templated":true}]}}