{"id":287783,"date":"2022-07-19T05:46:31","date_gmt":"2022-07-19T03:46:31","guid":{"rendered":"https:\/\/www.radiopiu.net\/wordpress\/?p=287783"},"modified":"2022-07-19T05:59:11","modified_gmt":"2022-07-19T03:59:11","slug":"crisi-di-panico-per-un-escursionista-sul-pelmo","status":"publish","type":"post","link":"https:\/\/www.radiopiu.net\/wordpress\/crisi-di-panico-per-un-escursionista-sul-pelmo\/","title":{"rendered":"CRISI DI PANICO PER UN ESCURSIONISTA SUL PELMO"},"content":{"rendered":"<p><strong>BORCA DI CADORE<\/strong> Verso le 10 l&#8217;elicottero di Dolomiti Emergency \u00e8 volato lungo il Sentiero Flaibani al Pelmo, il numero 480, nel comune di Borca di Cadore, dove un escursionista in compagnia di altre due persone era stato colto da una crisi di panico e non era pi\u00f9 in grado di muoversi. Il 32enne di Siena, che si trovava a 2.200 metri di quota, \u00e8 stato raggiunto dal tecnico di elisoccorso, calato con 20 metri di verricello. Una volta assicurato \u00e8 stato recuperato con la stessa modalit\u00e0, accompagnato a Fiames e affidato all&#8217;ambulanza, diretta all&#8217;ospedale di Cortina per i dovuti accertamenti.<\/p>\n<p>&nbsp;<\/p>\n<p>&nbsp;<\/p>\n<p>*****<\/p>\n","protected":false},"excerpt":{"rendered":"<p>BORCA DI CADORE Verso le 10 l&#8217;elicottero di Dolomiti Emergency \u00e8 volato lungo il Sentiero Flaibani al Pelmo, il numero 480, nel comune di Borca di Cadore, dove un escursionista in compagnia di altre due persone era stato colto da una crisi di panico e non era pi\u00f9 in grado di muoversi. Il 32enne di&hellip;<\/p>\n","protected":false},"author":4,"featured_media":284853,"comment_status":"closed","ping_status":"closed","sticky":false,"template":"","format":"standard","meta":{"_monsterinsights_skip_tracking":false,"_monsterinsights_sitenote_active":false,"_monsterinsights_sitenote_note":"","_monsterinsights_sitenote_category":0,"footnotes":""},"categories":[51,49],"tags":[],"class_list":["post-287783","post","type-post","status-publish","format-standard","has-post-thumbnail","hentry","category-evidenza-top","category-news-18","category-51","category-49","description-off"],"img_url":"https:\/\/www.radiopiu.net\/wordpress\/wp-content\/uploads\/2022\/07\/SALT.png","_links":{"self":[{"href":"https:\/\/www.radiopiu.net\/wordpress\/wp-json\/wp\/v2\/posts\/287783","targetHints":{"allow":["GET"]}}],"collection":[{"href":"https:\/\/www.radiopiu.net\/wordpress\/wp-json\/wp\/v2\/posts"}],"about":[{"href":"https:\/\/www.radiopiu.net\/wordpress\/wp-json\/wp\/v2\/types\/post"}],"author":[{"embeddable":true,"href":"https:\/\/www.radiopiu.net\/wordpress\/wp-json\/wp\/v2\/users\/4"}],"replies":[{"embeddable":true,"href":"https:\/\/www.radiopiu.net\/wordpress\/wp-json\/wp\/v2\/comments?post=287783"}],"version-history":[{"count":0,"href":"https:\/\/www.radiopiu.net\/wordpress\/wp-json\/wp\/v2\/posts\/287783\/revisions"}],"wp:featuredmedia":[{"embeddable":true,"href":"https:\/\/www.radiopiu.net\/wordpress\/wp-json\/wp\/v2\/media\/284853"}],"wp:attachment":[{"href":"https:\/\/www.radiopiu.net\/wordpress\/wp-json\/wp\/v2\/media?parent=287783"}],"wp:term":[{"taxonomy":"category","embeddable":true,"href":"https:\/\/www.radiopiu.net\/wordpress\/wp-json\/wp\/v2\/categories?post=287783"},{"taxonomy":"post_tag","embeddable":true,"href":"https:\/\/www.radiopiu.net\/wordpress\/wp-json\/wp\/v2\/tags?post=287783"}],"curies":[{"name":"wp","href":"https:\/\/api.w.org\/{rel}","templated":true}]}}