{"id":287821,"date":"2022-07-21T05:45:18","date_gmt":"2022-07-21T03:45:18","guid":{"rendered":"https:\/\/www.radiopiu.net\/wordpress\/?p=287821"},"modified":"2022-07-21T09:29:48","modified_gmt":"2022-07-21T07:29:48","slug":"incendio-di-lamon-per-oggi-fine-operazioni-e-situazione-decisamente-migliorata","status":"publish","type":"post","link":"https:\/\/www.radiopiu.net\/wordpress\/incendio-di-lamon-per-oggi-fine-operazioni-e-situazione-decisamente-migliorata\/","title":{"rendered":"INCENDIO DI LAMON SITUAZIONE DECISAMENTE MIGLIORATA"},"content":{"rendered":"<p>&nbsp;<\/p>\n<p><span style=\"color: #ff0000;\"><strong>20 LUGLIO ORE 19.30 AGGIORNAMENTO, <span style=\"color: #000000;\">GIANPAOLO BOTTACIN <em>&#8220;situazione stabile, con piccoli fumaioli localizzati all&#8217;interno del perimetro sia a monte del sentiero che nelle aree non raggiungibili a piedi&#8221;.<\/em><\/span><\/strong><\/span><\/p>\n<p>Le squadre a terra hanno lasciato la zona interessata dall&#8217;incendio dopo una giornata di duro lavoro di bonifica. Situazione nettamente migliore rispetto a 24 ore fa. Domani mattina riprender\u00e0 la bonifica a terra\u00a0 con l&#8217;ausilio del rifornimento idrico e l&#8217;intervento dell&#8217;elicottero ma solo se necessario. Anche domani come oggi si faranno trovare pronti uomini e donne dell&#8217; ANA Feltre e\u00a0 Venetoagricoltura<\/p>\n<p>&nbsp;<\/p>\n\n\t\t\t<style type='text\/css'>\n\t\t\t\t#gallery-1 {\n\t\t\t\t\tmargin: auto;\n\t\t\t\t}\n\t\t\t\t#gallery-1 .gallery-item {\n\t\t\t\t\tfloat: left;\n\t\t\t\t\tmargin-top: 10px;\n\t\t\t\t\ttext-align: center;\n\t\t\t\t\twidth: 50%;\n\t\t\t\t}\n\t\t\t\t#gallery-1 img {\n\t\t\t\t\tborder: 2px solid #cfcfcf;\n\t\t\t\t}\n\t\t\t\t#gallery-1 .gallery-caption {\n\t\t\t\t\tmargin-left: 0;\n\t\t\t\t}\n\t\t\t\t\/* see gallery_shortcode() in wp-includes\/media.php *\/\n\t\t\t<\/style>\n\t\t<div id='gallery-1' class='dt-gallery-container gallery galleryid-287821 gallery-columns-2 gallery-size-medium'><dl class='gallery-item'>\n\t\t\t\t<dt class='gallery-icon landscape'>\n\t\t\t\t\t<a class=\"rollover rollover-zoom dt-pswp-item\" title=\"1cb999e9-faa1-4e17-a086-8acc655f730a\" data-dt-img-description=\"\" data-large_image_width=\"1599\" data-large_image_height=\"1200\"href='https:\/\/www.radiopiu.net\/wordpress\/wp-content\/uploads\/2022\/07\/1cb999e9-faa1-4e17-a086-8acc655f730a.jpg'><img loading=\"lazy\" decoding=\"async\" width=\"300\" height=\"225\" src=\"https:\/\/www.radiopiu.net\/wordpress\/wp-content\/uploads\/2022\/07\/1cb999e9-faa1-4e17-a086-8acc655f730a-300x225.jpg\" class=\"attachment-medium size-medium\" alt=\"\" srcset=\"https:\/\/www.radiopiu.net\/wordpress\/wp-content\/uploads\/2022\/07\/1cb999e9-faa1-4e17-a086-8acc655f730a-300x225.jpg 300w, https:\/\/www.radiopiu.net\/wordpress\/wp-content\/uploads\/2022\/07\/1cb999e9-faa1-4e17-a086-8acc655f730a-1024x768.jpg 1024w, https:\/\/www.radiopiu.net\/wordpress\/wp-content\/uploads\/2022\/07\/1cb999e9-faa1-4e17-a086-8acc655f730a-768x576.jpg 768w, https:\/\/www.radiopiu.net\/wordpress\/wp-content\/uploads\/2022\/07\/1cb999e9-faa1-4e17-a086-8acc655f730a-1536x1153.jpg 1536w, https:\/\/www.radiopiu.net\/wordpress\/wp-content\/uploads\/2022\/07\/1cb999e9-faa1-4e17-a086-8acc655f730a.jpg 1599w\" sizes=\"auto, (max-width: 300px) 100vw, 300px\" \/><\/a>\n\t\t\t\t<\/dt><\/dl><dl class='gallery-item'>\n\t\t\t\t<dt class='gallery-icon landscape'>\n\t\t\t\t\t<a class=\"rollover rollover-zoom dt-pswp-item\" title=\"296d8b24-8f4b-43a0-9aef-3205f85aad01\" data-dt-img-description=\"\" data-large_image_width=\"1599\" data-large_image_height=\"1200\"href='https:\/\/www.radiopiu.net\/wordpress\/wp-content\/uploads\/2022\/07\/296d8b24-8f4b-43a0-9aef-3205f85aad01.jpg'><img loading=\"lazy\" decoding=\"async\" width=\"300\" height=\"225\" src=\"https:\/\/www.radiopiu.net\/wordpress\/wp-content\/uploads\/2022\/07\/296d8b24-8f4b-43a0-9aef-3205f85aad01-300x225.jpg\" class=\"attachment-medium size-medium\" alt=\"\" srcset=\"https:\/\/www.radiopiu.net\/wordpress\/wp-content\/uploads\/2022\/07\/296d8b24-8f4b-43a0-9aef-3205f85aad01-300x225.jpg 300w, https:\/\/www.radiopiu.net\/wordpress\/wp-content\/uploads\/2022\/07\/296d8b24-8f4b-43a0-9aef-3205f85aad01-1024x768.jpg 1024w, https:\/\/www.radiopiu.net\/wordpress\/wp-content\/uploads\/2022\/07\/296d8b24-8f4b-43a0-9aef-3205f85aad01-768x576.jpg 768w, https:\/\/www.radiopiu.net\/wordpress\/wp-content\/uploads\/2022\/07\/296d8b24-8f4b-43a0-9aef-3205f85aad01-1536x1153.jpg 1536w, https:\/\/www.radiopiu.net\/wordpress\/wp-content\/uploads\/2022\/07\/296d8b24-8f4b-43a0-9aef-3205f85aad01.jpg 1599w\" sizes=\"auto, (max-width: 300px) 100vw, 300px\" \/><\/a>\n\t\t\t\t<\/dt><\/dl><br style=\"clear: both\" \/>\n\t\t\t<\/div>\n\n<p>&nbsp;<\/p>\n<p>&nbsp;<\/p>\n<p><span style=\"color: #ff0000;\"><strong>20 LUGLIO ORE 13.00 AGGIORNAMENTO<\/strong><\/span><\/p>\n<p><strong>LAMON<\/strong> In corso\u00a0 l&#8217;azione di bonifica sul\u00a0 lato nord con\u00a0 l&#8217;intervento dell&#8217;elicottero, sul lato sud stanno operando i volontari Ana Feltre e Venetoagricoltura elitrasportati sul posto<\/p>\n<p><span style=\"color: #ff0000;\"><strong><a class=\"dt-pswp-item\" href=\"https:\/\/www.radiopiu.net\/wordpress\/wp-content\/uploads\/2022\/07\/e3ebdb1a-58ab-4007-bda6-83ba519e16c9-1.jpg\" data-dt-img-description=\"\" data-large_image_width=\"2048\" data-large_image_height=\"1536\"><img loading=\"lazy\" decoding=\"async\" class=\"wp-image-288208 alignleft\" src=\"https:\/\/www.radiopiu.net\/wordpress\/wp-content\/uploads\/2022\/07\/e3ebdb1a-58ab-4007-bda6-83ba519e16c9-1-300x225.jpg\" alt=\"\" width=\"139\" height=\"104\" srcset=\"https:\/\/www.radiopiu.net\/wordpress\/wp-content\/uploads\/2022\/07\/e3ebdb1a-58ab-4007-bda6-83ba519e16c9-1-300x225.jpg 300w, https:\/\/www.radiopiu.net\/wordpress\/wp-content\/uploads\/2022\/07\/e3ebdb1a-58ab-4007-bda6-83ba519e16c9-1-1024x768.jpg 1024w, https:\/\/www.radiopiu.net\/wordpress\/wp-content\/uploads\/2022\/07\/e3ebdb1a-58ab-4007-bda6-83ba519e16c9-1-768x576.jpg 768w, https:\/\/www.radiopiu.net\/wordpress\/wp-content\/uploads\/2022\/07\/e3ebdb1a-58ab-4007-bda6-83ba519e16c9-1-1536x1152.jpg 1536w, https:\/\/www.radiopiu.net\/wordpress\/wp-content\/uploads\/2022\/07\/e3ebdb1a-58ab-4007-bda6-83ba519e16c9-1.jpg 2048w\" sizes=\"auto, (max-width: 139px) 100vw, 139px\" \/><\/a>20 LUGLIO ORE 09.30, AGGIORNAMENTO<\/strong><\/span><\/p>\n<p><strong>LAMON<\/strong> L&#8217;assessorato alla Protezione Civile della Regione (Gianpaolo Bottacin), Ana Feltre, Vigili del Fuoco Volontari sono partiti di buon mattino per dare avvio alla bonifica a terra dove si accede\u00a0 con elicottero,\u00a0 ma anche dove le pale non possono girare<\/p>\n<p>&nbsp;<\/p>\n<p><span style=\"color: #ff0000;\"><strong>19 LUGLIO ORE 20.30, AGGIORNAMENTO<\/strong><\/span><\/p>\n<p><strong>LAMON<\/strong> Elicottero in volo fino alle 19.20 di questa sera, i focolai principali sono stati spenti, ma la zona \u00e8 irraggiungibile da terra e la bonifica non \u00e8 ancora conclusa. Domani mattina all&#8217;alba riprender\u00e0 il monitoraggio con i volontari Ana, gi\u00e0 pre allertato l&#8217;elicottero regionale, i vigili del fuoco e i volontari.<\/p>\n<p>&nbsp;<\/p>\n<hr \/>\n<p>&nbsp;<\/p>\n<p><strong><a class=\"dt-pswp-item\" href=\"https:\/\/www.radiopiu.net\/wordpress\/wp-content\/uploads\/2022\/07\/5cf7fffb-679e-4a76-82ef-6274b4d6f6b5.jpg\" data-dt-img-description=\"\" data-large_image_width=\"1080\" data-large_image_height=\"1920\"><img loading=\"lazy\" decoding=\"async\" class=\"size-thumbnail wp-image-287963 alignleft\" src=\"https:\/\/www.radiopiu.net\/wordpress\/wp-content\/uploads\/2022\/07\/5cf7fffb-679e-4a76-82ef-6274b4d6f6b5-150x150.jpg\" alt=\"\" width=\"150\" height=\"150\" \/><\/a>REDAZIONE \u00a0<\/strong><\/p>\n<p><strong>ORE 8, COLLEGAMENTO IN DIRETTA CON L&#8217;ASSESSORE ALLA PROTEZIONE CIVILE\u00a0 GIANPAOLO BOTTACIN<\/strong><\/p>\n<audio class=\"wp-audio-shortcode\" id=\"audio-287821-1\" preload=\"none\" style=\"width: 100%;\" controls=\"controls\"><source type=\"audio\/mpeg\" src=\"https:\/\/www.radiopiu.net\/wordpress\/wp-content\/uploads\/2022\/07\/GIANPAOLO-BOTTACIN-LAMON.mp3?_=1\" \/><a href=\"https:\/\/www.radiopiu.net\/wordpress\/wp-content\/uploads\/2022\/07\/GIANPAOLO-BOTTACIN-LAMON.mp3\">https:\/\/www.radiopiu.net\/wordpress\/wp-content\/uploads\/2022\/07\/GIANPAOLO-BOTTACIN-LAMON.mp3<\/a><\/audio>\n<p>&nbsp;<\/p>\n<p>&nbsp;<\/p>\n<hr \/>\n<p>&nbsp;<\/p>\n<p><span style=\"color: #ff0000;\"><strong>IERI ALLA RADIO<\/strong><\/span><\/p>\n<p><strong>LAMON<\/strong>\u00a0Dall\u2019assessore alla Protezione Civile del Veneto, Gianpaolo Bottacin:<em> \u201cIncendio di Lamon contenuto ma ancora fumo presente\u201d.\u00a0<\/em>Questa la prima notizia ieri pomeriggio.\u00a0 Alle 20:45\u00a0 l\u2019elicottero \u00e8 rientrato dopo ore di lavori dei Vigili del Fuoco e ANA. Sopralluogo previsto per questa\u00a0 mattina all\u2019alba. L&#8217;Ana Feltre \u00e8 gi\u00e0 attivata e \u2019elicottero preallertato<\/p>\n\n\t\t\t<style type='text\/css'>\n\t\t\t\t#gallery-2 {\n\t\t\t\t\tmargin: auto;\n\t\t\t\t}\n\t\t\t\t#gallery-2 .gallery-item {\n\t\t\t\t\tfloat: left;\n\t\t\t\t\tmargin-top: 10px;\n\t\t\t\t\ttext-align: center;\n\t\t\t\t\twidth: 50%;\n\t\t\t\t}\n\t\t\t\t#gallery-2 img {\n\t\t\t\t\tborder: 2px solid #cfcfcf;\n\t\t\t\t}\n\t\t\t\t#gallery-2 .gallery-caption {\n\t\t\t\t\tmargin-left: 0;\n\t\t\t\t}\n\t\t\t\t\/* see gallery_shortcode() in wp-includes\/media.php *\/\n\t\t\t<\/style>\n\t\t<div id='gallery-2' class='dt-gallery-container gallery galleryid-287821 gallery-columns-2 gallery-size-thumbnail'><dl class='gallery-item'>\n\t\t\t\t<dt class='gallery-icon portrait'>\n\t\t\t\t\t<a class=\"rollover rollover-zoom dt-pswp-item\" title=\"b73c80c1-19af-46ca-9e31-d9d2d6ceeeb7\" data-dt-img-description=\"\" data-large_image_width=\"899\" data-large_image_height=\"1599\"href='https:\/\/www.radiopiu.net\/wordpress\/wp-content\/uploads\/2022\/07\/b73c80c1-19af-46ca-9e31-d9d2d6ceeeb7.jpg'><img loading=\"lazy\" decoding=\"async\" width=\"150\" height=\"150\" src=\"https:\/\/www.radiopiu.net\/wordpress\/wp-content\/uploads\/2022\/07\/b73c80c1-19af-46ca-9e31-d9d2d6ceeeb7-150x150.jpg\" class=\"attachment-thumbnail size-thumbnail\" alt=\"\" \/><\/a>\n\t\t\t\t<\/dt><\/dl><dl class='gallery-item'>\n\t\t\t\t<dt class='gallery-icon portrait'>\n\t\t\t\t\t<a class=\"rollover rollover-zoom dt-pswp-item\" title=\"3e08cc01-6768-4ecc-8a70-b5b72d2f2126\" data-dt-img-description=\"\" data-large_image_width=\"899\" data-large_image_height=\"1599\"href='https:\/\/www.radiopiu.net\/wordpress\/wp-content\/uploads\/2022\/07\/3e08cc01-6768-4ecc-8a70-b5b72d2f2126.jpg'><img loading=\"lazy\" decoding=\"async\" width=\"150\" height=\"150\" src=\"https:\/\/www.radiopiu.net\/wordpress\/wp-content\/uploads\/2022\/07\/3e08cc01-6768-4ecc-8a70-b5b72d2f2126-150x150.jpg\" class=\"attachment-thumbnail size-thumbnail\" alt=\"\" \/><\/a>\n\t\t\t\t<\/dt><\/dl><br style=\"clear: both\" \/>\n\t\t\t<\/div>\n\n<p>&nbsp;<\/p>\n<p>&nbsp;<\/p>\n<hr \/>\n<p>&nbsp;<\/p>\n","protected":false},"excerpt":{"rendered":"<p>&nbsp; 20 LUGLIO ORE 19.30 AGGIORNAMENTO, GIANPAOLO BOTTACIN &#8220;situazione stabile, con piccoli fumaioli localizzati all&#8217;interno del perimetro sia a monte del sentiero che nelle aree non raggiungibili a piedi&#8221;. Le squadre a terra hanno lasciato la zona interessata dall&#8217;incendio dopo una giornata di duro lavoro di bonifica. Situazione nettamente migliore rispetto a 24 ore fa.&hellip;<\/p>\n","protected":false},"author":4,"featured_media":288234,"comment_status":"closed","ping_status":"closed","sticky":false,"template":"","format":"standard","meta":{"_monsterinsights_skip_tracking":false,"_monsterinsights_sitenote_active":false,"_monsterinsights_sitenote_note":"","_monsterinsights_sitenote_category":0,"footnotes":""},"categories":[51,49],"tags":[],"class_list":["post-287821","post","type-post","status-publish","format-standard","has-post-thumbnail","hentry","category-evidenza-top","category-news-18","category-51","category-49","description-off"],"img_url":"https:\/\/www.radiopiu.net\/wordpress\/wp-content\/uploads\/2022\/07\/296d8b24-8f4b-43a0-9aef-3205f85aad01.jpg","_links":{"self":[{"href":"https:\/\/www.radiopiu.net\/wordpress\/wp-json\/wp\/v2\/posts\/287821","targetHints":{"allow":["GET"]}}],"collection":[{"href":"https:\/\/www.radiopiu.net\/wordpress\/wp-json\/wp\/v2\/posts"}],"about":[{"href":"https:\/\/www.radiopiu.net\/wordpress\/wp-json\/wp\/v2\/types\/post"}],"author":[{"embeddable":true,"href":"https:\/\/www.radiopiu.net\/wordpress\/wp-json\/wp\/v2\/users\/4"}],"replies":[{"embeddable":true,"href":"https:\/\/www.radiopiu.net\/wordpress\/wp-json\/wp\/v2\/comments?post=287821"}],"version-history":[{"count":0,"href":"https:\/\/www.radiopiu.net\/wordpress\/wp-json\/wp\/v2\/posts\/287821\/revisions"}],"wp:featuredmedia":[{"embeddable":true,"href":"https:\/\/www.radiopiu.net\/wordpress\/wp-json\/wp\/v2\/media\/288234"}],"wp:attachment":[{"href":"https:\/\/www.radiopiu.net\/wordpress\/wp-json\/wp\/v2\/media?parent=287821"}],"wp:term":[{"taxonomy":"category","embeddable":true,"href":"https:\/\/www.radiopiu.net\/wordpress\/wp-json\/wp\/v2\/categories?post=287821"},{"taxonomy":"post_tag","embeddable":true,"href":"https:\/\/www.radiopiu.net\/wordpress\/wp-json\/wp\/v2\/tags?post=287821"}],"curies":[{"name":"wp","href":"https:\/\/api.w.org\/{rel}","templated":true}]}}