{"id":287968,"date":"2022-07-20T00:58:16","date_gmt":"2022-07-19T22:58:16","guid":{"rendered":"https:\/\/www.radiopiu.net\/wordpress\/?p=287968"},"modified":"2022-07-20T01:52:25","modified_gmt":"2022-07-19T23:52:25","slug":"sabato-al-via-dista-a-san-tomas","status":"publish","type":"post","link":"https:\/\/www.radiopiu.net\/wordpress\/sabato-al-via-dista-a-san-tomas\/","title":{"rendered":"SABATO AL VIA &#8220;D&#8217;ISTA&#8217; A SAN TOMAS&#8221;"},"content":{"rendered":"<p><strong>SAN TOMASO<\/strong> Inizia questo fine settimana la serie di eventi a San Tomaso dal titolo &#8220;Ist\u00e0 a San Tomas&#8221;. Cinque appuntamenti d&#8217;estate organizzati dalla Pro Loco. Il primo appuntamento sabato alle 17:30 a Celat &#8211; Pont dei Lida con &#8220;La Memoria, Le stagioni e la strada&#8221;, il nostro territorio visto attraverso i racconti di Paolo Soppelsa, con la partecipazione di Radio Pi\u00f9. Sabato 6 agosto alle 20:45 sar\u00e0 il turno dei Sintagma, quartetto vocale di Feltre, con &#8220;Musica inte le Vile&#8221;. Luned\u00ec 8 agosto alle 21 Musica Nell&#8217;Agordino presenta un concerto per soprano e organo, con Sara Cecchin e Manolo Da Rold. Il secondo appuntamento di Musica Inte Le Vile \u00e8 in programma sabato 13 agosto alle 17:30 con il concerto del Trio Na Fuoia. A chiudere il programma sar\u00e0 Luisa Manfroi con &#8220;L&#8217;Agordino&#8221;, con racconti e aneddoti sul nostro territorio, gioved\u00ec 18 agosto alle 17:30.<\/p>\n<p><strong>L&#8217;INVITO DI PAOLO SOPPELSA ALLA PRIMA DATA\u00a0<\/strong><\/p>\n<audio class=\"wp-audio-shortcode\" id=\"audio-287968-1\" preload=\"none\" style=\"width: 100%;\" controls=\"controls\"><source type=\"audio\/mpeg\" src=\"https:\/\/www.radiopiu.net\/wordpress\/wp-content\/uploads\/2022\/07\/INVITO-PAOLO-SOPPELSA.mp3?_=1\" \/><a href=\"https:\/\/www.radiopiu.net\/wordpress\/wp-content\/uploads\/2022\/07\/INVITO-PAOLO-SOPPELSA.mp3\">https:\/\/www.radiopiu.net\/wordpress\/wp-content\/uploads\/2022\/07\/INVITO-PAOLO-SOPPELSA.mp3<\/a><\/audio>\n<p>&nbsp;<\/p>\n\n\t\t\t<style type='text\/css'>\n\t\t\t\t#gallery-1 {\n\t\t\t\t\tmargin: auto;\n\t\t\t\t}\n\t\t\t\t#gallery-1 .gallery-item {\n\t\t\t\t\tfloat: left;\n\t\t\t\t\tmargin-top: 10px;\n\t\t\t\t\ttext-align: center;\n\t\t\t\t\twidth: 50%;\n\t\t\t\t}\n\t\t\t\t#gallery-1 img {\n\t\t\t\t\tborder: 2px solid #cfcfcf;\n\t\t\t\t}\n\t\t\t\t#gallery-1 .gallery-caption {\n\t\t\t\t\tmargin-left: 0;\n\t\t\t\t}\n\t\t\t\t\/* see gallery_shortcode() in wp-includes\/media.php *\/\n\t\t\t<\/style>\n\t\t<div id='gallery-1' class='dt-gallery-container gallery galleryid-287968 gallery-columns-2 gallery-size-thumbnail'><dl class='gallery-item'>\n\t\t\t\t<dt class='gallery-icon portrait'>\n\t\t\t\t\t<a class=\"rollover rollover-zoom dt-pswp-item\" title=\"6e7afc39-2e50-47c6-b393-095c3fddcce2\" data-dt-img-description=\"\" data-large_image_width=\"1131\" data-large_image_height=\"1600\"href='https:\/\/www.radiopiu.net\/wordpress\/wp-content\/uploads\/2022\/07\/6e7afc39-2e50-47c6-b393-095c3fddcce2.jpg'><img loading=\"lazy\" decoding=\"async\" width=\"150\" height=\"150\" src=\"https:\/\/www.radiopiu.net\/wordpress\/wp-content\/uploads\/2022\/07\/6e7afc39-2e50-47c6-b393-095c3fddcce2-150x150.jpg\" class=\"attachment-thumbnail size-thumbnail\" alt=\"\" \/><\/a>\n\t\t\t\t<\/dt><\/dl><dl class='gallery-item'>\n\t\t\t\t<dt class='gallery-icon portrait'>\n\t\t\t\t\t<a class=\"rollover rollover-zoom dt-pswp-item\" title=\"1a520690-775c-4d64-b148-d2d695a51a74\" data-dt-img-description=\"\" data-large_image_width=\"1131\" data-large_image_height=\"1600\"href='https:\/\/www.radiopiu.net\/wordpress\/wp-content\/uploads\/2022\/07\/1a520690-775c-4d64-b148-d2d695a51a74.jpg'><img loading=\"lazy\" decoding=\"async\" width=\"150\" height=\"150\" src=\"https:\/\/www.radiopiu.net\/wordpress\/wp-content\/uploads\/2022\/07\/1a520690-775c-4d64-b148-d2d695a51a74-150x150.jpg\" class=\"attachment-thumbnail size-thumbnail\" alt=\"\" \/><\/a>\n\t\t\t\t<\/dt><\/dl><br style=\"clear: both\" \/>\n\t\t\t<\/div>\n\n<p>&nbsp;<\/p>\n<p>&nbsp;<\/p>\n<p>*****<\/p>\n","protected":false},"excerpt":{"rendered":"<p>SAN TOMASO Inizia questo fine settimana la serie di eventi a San Tomaso dal titolo &#8220;Ist\u00e0 a San Tomas&#8221;. Cinque appuntamenti d&#8217;estate organizzati dalla Pro Loco. Il primo appuntamento sabato alle 17:30 a Celat &#8211; Pont dei Lida con &#8220;La Memoria, Le stagioni e la strada&#8221;, il nostro territorio visto attraverso i racconti di Paolo&hellip;<\/p>\n","protected":false},"author":4,"featured_media":287972,"comment_status":"closed","ping_status":"closed","sticky":false,"template":"","format":"standard","meta":{"_monsterinsights_skip_tracking":false,"_monsterinsights_sitenote_active":false,"_monsterinsights_sitenote_note":"","_monsterinsights_sitenote_category":0,"footnotes":""},"categories":[104,49],"tags":[],"class_list":["post-287968","post","type-post","status-publish","format-standard","has-post-thumbnail","hentry","category-evidenza_3","category-news-18","category-104","category-49","description-off"],"img_url":"https:\/\/www.radiopiu.net\/wordpress\/wp-content\/uploads\/2022\/07\/Schermata-2022-07-19-alle-09.22.43.png","_links":{"self":[{"href":"https:\/\/www.radiopiu.net\/wordpress\/wp-json\/wp\/v2\/posts\/287968","targetHints":{"allow":["GET"]}}],"collection":[{"href":"https:\/\/www.radiopiu.net\/wordpress\/wp-json\/wp\/v2\/posts"}],"about":[{"href":"https:\/\/www.radiopiu.net\/wordpress\/wp-json\/wp\/v2\/types\/post"}],"author":[{"embeddable":true,"href":"https:\/\/www.radiopiu.net\/wordpress\/wp-json\/wp\/v2\/users\/4"}],"replies":[{"embeddable":true,"href":"https:\/\/www.radiopiu.net\/wordpress\/wp-json\/wp\/v2\/comments?post=287968"}],"version-history":[{"count":0,"href":"https:\/\/www.radiopiu.net\/wordpress\/wp-json\/wp\/v2\/posts\/287968\/revisions"}],"wp:featuredmedia":[{"embeddable":true,"href":"https:\/\/www.radiopiu.net\/wordpress\/wp-json\/wp\/v2\/media\/287972"}],"wp:attachment":[{"href":"https:\/\/www.radiopiu.net\/wordpress\/wp-json\/wp\/v2\/media?parent=287968"}],"wp:term":[{"taxonomy":"category","embeddable":true,"href":"https:\/\/www.radiopiu.net\/wordpress\/wp-json\/wp\/v2\/categories?post=287968"},{"taxonomy":"post_tag","embeddable":true,"href":"https:\/\/www.radiopiu.net\/wordpress\/wp-json\/wp\/v2\/tags?post=287968"}],"curies":[{"name":"wp","href":"https:\/\/api.w.org\/{rel}","templated":true}]}}