{"id":288063,"date":"2022-07-23T05:23:23","date_gmt":"2022-07-23T03:23:23","guid":{"rendered":"https:\/\/www.radiopiu.net\/wordpress\/?p=288063"},"modified":"2022-07-23T09:59:27","modified_gmt":"2022-07-23T07:59:27","slug":"a-canale-dagordo-il-19-mo-simposio-dei-mascherai-alpini","status":"publish","type":"post","link":"https:\/\/www.radiopiu.net\/wordpress\/a-canale-dagordo-il-19-mo-simposio-dei-mascherai-alpini\/","title":{"rendered":"A CANALE D\u2019AGORDO IL 19.MO SIMPOSIO DEI MASCHERAI ALPINI"},"content":{"rendered":"<p>&nbsp;<\/p>\n<blockquote>\n<h2>LA PRESENTAZIONE, DIRETTA RADIO PIU&#8217;<\/h2>\n<\/blockquote>\n<h1><\/h1>\n<h1><a href=\"https:\/\/www.facebook.com\/marco.baghy.1\/videos\/424556892935543\"><span style=\"color: #ff0000;\">DIRETTA DA CANALE D&#8217;AGORDO<\/span><\/a><\/h1>\n<p>&nbsp;<\/p>\n<p>&nbsp;<\/p>\n<p>https:\/\/www.facebook.com\/marco.baghy.1\/videos\/424556892935543<\/p>\n<p>&nbsp;<\/p>\n<p><span style=\"font-family: verdana, sans-serif;\"><strong><a class=\"dt-pswp-item\" href=\"https:\/\/www.radiopiu.net\/wordpress\/wp-content\/uploads\/2022\/07\/tita-bressan-mascherai-alpini.jpeg\" data-dt-img-description=\"\" data-large_image_width=\"1536\" data-large_image_height=\"2048\"><img loading=\"lazy\" decoding=\"async\" class=\"alignleft wp-image-288064\" src=\"https:\/\/www.radiopiu.net\/wordpress\/wp-content\/uploads\/2022\/07\/tita-bressan-mascherai-alpini.jpeg\" alt=\"\" width=\"207\" height=\"276\" srcset=\"https:\/\/www.radiopiu.net\/wordpress\/wp-content\/uploads\/2022\/07\/tita-bressan-mascherai-alpini.jpeg 1536w, https:\/\/www.radiopiu.net\/wordpress\/wp-content\/uploads\/2022\/07\/tita-bressan-mascherai-alpini-225x300.jpeg 225w, https:\/\/www.radiopiu.net\/wordpress\/wp-content\/uploads\/2022\/07\/tita-bressan-mascherai-alpini-768x1024.jpeg 768w, https:\/\/www.radiopiu.net\/wordpress\/wp-content\/uploads\/2022\/07\/tita-bressan-mascherai-alpini-1152x1536.jpeg 1152w\" sizes=\"auto, (max-width: 207px) 100vw, 207px\" \/><\/a><\/strong><\/span><span style=\"font-family: verdana, sans-serif;\"><strong>CANALE D&#8217;AGORDO\u00a0<\/strong><\/span><span style=\"font-family: verdana, sans-serif;\"> Si svolger\u00e0 a Canale d\u2019Agordo la <\/span><span style=\"font-family: verdana, sans-serif;\"><a href=\"http:\/\/19.ma\">19.ma<\/a><\/span><span style=\"font-family: verdana, sans-serif;\"> edizione del Simposio dei Mascherai Alpini, iniziativa dedicata alla scultura proposta dal \u201cConsorzio dei Mascherai Alpini\u201d, realt\u00e0 nata nel 2002 per iniziativa di un gruppo di scultori di maschere lignee carnevalesche, provenienti da varie localit\u00e0 alpine del Nordest d\u2019Italia, in sinergia con il comitato La Zinghenesta, comitato che qualche anno fa ha rivitalizzato l\u2019antica maschera agordina. L\u2019appuntamento con il simposio \u00e8 da venerd\u00ec a domenica, con una tre giorni di grande intensit\u00e0. Venerd\u00ec: dalle 15 alle 18.30,\u00a0 inizio della realizzazione delle sculture, alle 19 inaugurazione ufficiale della rassegna cui seguir\u00e0 l&#8217;inaugurazione delle mostre correlate, nella sala consiliare del municipio, con l\u2019intervento della critica d&#8217;arte Mariangela Bognolo. Sabato dalle 9.30 alle 12 e dalle 15 alle 18.30 gli artisti lavoreranno nelle diverse postazioni, dislocate tra piazza papa Luciani e la piazzetta di Tancon e anche in alcuni tabi\u00e0 e alle 21, in piazza papa Luciani ci sar\u00e0 l\u2019esibizione del gruppo folk Val Biois, accompagnato dall\u2019intervento del comitato La Zinghenesta che presenter\u00e0 le maschere locali. <\/span><span style=\"font-family: verdana, sans-serif;\">L\u2019ultima parte del lavoro dei mascherai alpini \u00e8 previsto per la mattinata di domenica\u00a0 dalle 9 alle 12. Alle 15 le premiazioni.<\/span><\/p>\n<div>\n<blockquote>\n<div><span style=\"font-family: verdana, sans-serif;\"><br \/>\n<\/span><span style=\"font-family: verdana, sans-serif;\"><em>\u00abSono ventuno gli artisti che hanno aderito. Siamo molto soddisfatti perch\u00e9 provengono non solo dall\u2019Italia ma anche dalla Svizzera, dall\u2019Austria e dalla Slovenia\u00bb <\/em><\/span><span style=\"font-family: verdana, sans-serif;\">sottolinea Simone Ongaro, del consiglio direttivo della Zinghenesta<\/span><span style=\"font-family: verdana, sans-serif;\"><em>. \u00abOltre ai lavori dei mascherai alpini, residenti e ospiti della nostra vallata potranno ammirare, presso la sala consiliare del municipio, anche altre opere: quelle della mostra dedicata a Dante Alighieri, quella delle maschere della Zinghenesta e la Xiloteca dei Mascherai alpini\u00bb.<\/em><\/span><\/div>\n<\/blockquote>\n<div><span style=\"font-family: verdana, sans-serif;\"><br \/>\nPer approfondimenti: <\/span><span style=\"font-family: verdana, sans-serif;\"><a href=\"http:\/\/www.zinghenesta.it\">www.zinghenesta.it<\/a><\/span><span style=\"font-family: verdana, sans-serif;\"> e <\/span><span style=\"font-family: verdana, sans-serif;\"><a href=\"http:\/\/www.mascheraialpini.com\">www.mascheraialpini.com<\/a><\/span><\/div>\n<\/div>\n<div><\/div>\n<div><\/div>\n<div>\n<hr \/>\n<\/div>\n","protected":false},"excerpt":{"rendered":"<p>&nbsp; LA PRESENTAZIONE, DIRETTA RADIO PIU&#8217; DIRETTA DA CANALE D&#8217;AGORDO &nbsp; &nbsp; https:\/\/www.facebook.com\/marco.baghy.1\/videos\/424556892935543 &nbsp; CANALE D&#8217;AGORDO\u00a0 Si svolger\u00e0 a Canale d\u2019Agordo la 19.ma edizione del Simposio dei Mascherai Alpini, iniziativa dedicata alla scultura proposta dal \u201cConsorzio dei Mascherai Alpini\u201d, realt\u00e0 nata nel 2002 per iniziativa di un gruppo di scultori di maschere lignee carnevalesche, provenienti&hellip;<\/p>\n","protected":false},"author":4,"featured_media":288064,"comment_status":"closed","ping_status":"closed","sticky":false,"template":"","format":"standard","meta":{"_monsterinsights_skip_tracking":false,"_monsterinsights_sitenote_active":false,"_monsterinsights_sitenote_note":"","_monsterinsights_sitenote_category":0,"footnotes":""},"categories":[51,49],"tags":[],"class_list":["post-288063","post","type-post","status-publish","format-standard","has-post-thumbnail","hentry","category-evidenza-top","category-news-18","category-51","category-49","description-off"],"img_url":"https:\/\/www.radiopiu.net\/wordpress\/wp-content\/uploads\/2022\/07\/tita-bressan-mascherai-alpini.jpeg","_links":{"self":[{"href":"https:\/\/www.radiopiu.net\/wordpress\/wp-json\/wp\/v2\/posts\/288063","targetHints":{"allow":["GET"]}}],"collection":[{"href":"https:\/\/www.radiopiu.net\/wordpress\/wp-json\/wp\/v2\/posts"}],"about":[{"href":"https:\/\/www.radiopiu.net\/wordpress\/wp-json\/wp\/v2\/types\/post"}],"author":[{"embeddable":true,"href":"https:\/\/www.radiopiu.net\/wordpress\/wp-json\/wp\/v2\/users\/4"}],"replies":[{"embeddable":true,"href":"https:\/\/www.radiopiu.net\/wordpress\/wp-json\/wp\/v2\/comments?post=288063"}],"version-history":[{"count":0,"href":"https:\/\/www.radiopiu.net\/wordpress\/wp-json\/wp\/v2\/posts\/288063\/revisions"}],"wp:featuredmedia":[{"embeddable":true,"href":"https:\/\/www.radiopiu.net\/wordpress\/wp-json\/wp\/v2\/media\/288064"}],"wp:attachment":[{"href":"https:\/\/www.radiopiu.net\/wordpress\/wp-json\/wp\/v2\/media?parent=288063"}],"wp:term":[{"taxonomy":"category","embeddable":true,"href":"https:\/\/www.radiopiu.net\/wordpress\/wp-json\/wp\/v2\/categories?post=288063"},{"taxonomy":"post_tag","embeddable":true,"href":"https:\/\/www.radiopiu.net\/wordpress\/wp-json\/wp\/v2\/tags?post=288063"}],"curies":[{"name":"wp","href":"https:\/\/api.w.org\/{rel}","templated":true}]}}