{"id":288180,"date":"2022-07-01T07:07:07","date_gmt":"2022-07-01T05:07:07","guid":{"rendered":"https:\/\/www.radiopiu.net\/wordpress\/?p=288180"},"modified":"2022-07-20T07:09:50","modified_gmt":"2022-07-20T05:09:50","slug":"giornale-radiopiu-20-luglio-2022","status":"publish","type":"post","link":"https:\/\/www.radiopiu.net\/wordpress\/giornale-radiopiu-20-luglio-2022\/","title":{"rendered":"GIORNALE RADIOPIU 20 LUGLIO 2022"},"content":{"rendered":"<h3 class=\"kvgmc6g5 cxmmr5t8 oygrvhab hcukyx3x c1et5uql\"><span style=\"color: #0000ff;\"><strong>RADIO PIU INFORMAZIONE il canale su TELEGRAM informazione di prima\u00a0 <\/strong><\/span><span style=\"color: #0000ff;\"><strong>mano e in tempo reale. iscriviti ed aiutaci a farlo conoscere\u00a0 \u00a0<\/strong><\/span><\/h3>\n<p>&nbsp;<\/p>\n<p><iframe loading=\"lazy\" title=\"Rocca Pietore, Marmolada, Val Pettorina\" width=\"1200\" height=\"675\" src=\"https:\/\/www.youtube.com\/embed\/fnodpFI2M1w?feature=oembed\" frameborder=\"0\" allow=\"accelerometer; autoplay; clipboard-write; encrypted-media; gyroscope; picture-in-picture\" allowfullscreen><\/iframe><\/p>\n<p>&nbsp;<\/p>\n<p>&nbsp;<\/p>\n<hr \/>\n<p>&nbsp;<\/p>\n<blockquote>\n<h3>INTERRUZIONE ELETTRICA A TAIBON<\/h3>\n<\/blockquote>\n<p><strong>TAIBON\u00a0<\/strong>Interruzione elettrica a Taibon nella localit\u00e0 Coi di Peden. Enel comunica che domani dalle 10 alle 12 ci sar\u00e0 un&#8217;interruzione sulla linea.<\/p>\n<p>&nbsp;<\/p>\n<hr \/>\n<p>&nbsp;<\/p>\n<blockquote>\n<h3>SASSI IN STRADA QUESTA NOTTE ALL&#8217;UNA IN LOCALITA&#8217; LA STANGA<\/h3>\n<\/blockquote>\n<p>&nbsp;<\/p>\n<p><strong>SEDICO<\/strong> Attorno all&#8217;una del mattino sassi in strada lungo la regionale 203 agordina in localit\u00e0 La Stanga (direzione Belluno). Nessuna interruzioni al traffico, intervento dei Vigili del Fuoco per la messa in sicurezza della viabilit\u00e0. Fortunatamente nessuna persona o mezzo \u00e8 rimasto coinvolto<\/p>\n<p>segnalazione Alberto Gaz<\/p>\n\n\t\t\t<style type='text\/css'>\n\t\t\t\t#gallery-1 {\n\t\t\t\t\tmargin: auto;\n\t\t\t\t}\n\t\t\t\t#gallery-1 .gallery-item {\n\t\t\t\t\tfloat: left;\n\t\t\t\t\tmargin-top: 10px;\n\t\t\t\t\ttext-align: center;\n\t\t\t\t\twidth: 33%;\n\t\t\t\t}\n\t\t\t\t#gallery-1 img {\n\t\t\t\t\tborder: 2px solid #cfcfcf;\n\t\t\t\t}\n\t\t\t\t#gallery-1 .gallery-caption {\n\t\t\t\t\tmargin-left: 0;\n\t\t\t\t}\n\t\t\t\t\/* see gallery_shortcode() in wp-includes\/media.php *\/\n\t\t\t<\/style>\n\t\t<div id='gallery-1' class='dt-gallery-container gallery galleryid-288180 gallery-columns-3 gallery-size-thumbnail'><dl class='gallery-item'>\n\t\t\t\t<dt class='gallery-icon portrait'>\n\t\t\t\t\t<a class=\"rollover rollover-zoom dt-pswp-item\" title=\"a9aadf82-6ed9-4aeb-8a2c-3ec54d4fb789\" data-dt-img-description=\"\" data-large_image_width=\"900\" data-large_image_height=\"1600\"href='https:\/\/www.radiopiu.net\/wordpress\/wp-content\/uploads\/2022\/07\/a9aadf82-6ed9-4aeb-8a2c-3ec54d4fb789.jpg'><img loading=\"lazy\" decoding=\"async\" width=\"150\" height=\"150\" src=\"https:\/\/www.radiopiu.net\/wordpress\/wp-content\/uploads\/2022\/07\/a9aadf82-6ed9-4aeb-8a2c-3ec54d4fb789-150x150.jpg\" class=\"attachment-thumbnail size-thumbnail\" alt=\"\" \/><\/a>\n\t\t\t\t<\/dt><\/dl><dl class='gallery-item'>\n\t\t\t\t<dt class='gallery-icon portrait'>\n\t\t\t\t\t<a class=\"rollover rollover-zoom dt-pswp-item\" title=\"9db5d811-2d2a-41a6-a780-99d01a468a17\" data-dt-img-description=\"\" data-large_image_width=\"900\" data-large_image_height=\"1600\"href='https:\/\/www.radiopiu.net\/wordpress\/wp-content\/uploads\/2022\/07\/9db5d811-2d2a-41a6-a780-99d01a468a17.jpg'><img loading=\"lazy\" decoding=\"async\" width=\"150\" height=\"150\" src=\"https:\/\/www.radiopiu.net\/wordpress\/wp-content\/uploads\/2022\/07\/9db5d811-2d2a-41a6-a780-99d01a468a17-150x150.jpg\" class=\"attachment-thumbnail size-thumbnail\" alt=\"\" \/><\/a>\n\t\t\t\t<\/dt><\/dl><dl class='gallery-item'>\n\t\t\t\t<dt class='gallery-icon portrait'>\n\t\t\t\t\t<a class=\"rollover rollover-zoom dt-pswp-item\" title=\"203789e9-4cb5-47e9-b52f-f1c470498c4e\" data-dt-img-description=\"\" data-large_image_width=\"900\" data-large_image_height=\"1600\"href='https:\/\/www.radiopiu.net\/wordpress\/wp-content\/uploads\/2022\/07\/203789e9-4cb5-47e9-b52f-f1c470498c4e.jpg'><img loading=\"lazy\" decoding=\"async\" width=\"150\" height=\"150\" src=\"https:\/\/www.radiopiu.net\/wordpress\/wp-content\/uploads\/2022\/07\/203789e9-4cb5-47e9-b52f-f1c470498c4e-150x150.jpg\" class=\"attachment-thumbnail size-thumbnail\" alt=\"\" \/><\/a>\n\t\t\t\t<\/dt><\/dl><br style=\"clear: both\" \/>\n\t\t\t<\/div>\n\n<p>&nbsp;<\/p>\n<hr \/>\n<p>&nbsp;<\/p>\n<blockquote>\n<h3>LADRO BRACCATO E ARRESTATO, IL RISULTATO DEL CONTROLLO DI VICINATO<\/h3>\n<\/blockquote>\n<p><img loading=\"lazy\" decoding=\"async\" class=\"alignleft\" src=\"https:\/\/www.radiopiu.net\/wordpress\/wp-content\/uploads\/2021\/10\/d114a40e-bd5d-4ed4-969a-c1cfff9b1497.jpg\" width=\"227\" height=\"170\" \/><strong>BORGO VALBELLUNA<\/strong>In pieno giorno ha rubato in casa di un&#8217;anziana e anche in\u00a0 alcune auto. A Bloccarlo a Cesana sono stati gli abitanti della zona che hanno fermato il magrebino e atteso i Carabinieri che dopo averlo ammanettato lo hanno portato in caserma a Feltre.\u00a0 L&#8217;uomo, trentenne \u00e8 stato denunciato dal proprietario di una delle autovetture oggetto del furto. L&#8217;anziana invece &#8211; lo riporta il quotidiano Corriere delle Alpi &#8211; se l&#8217;\u00e8 ritrovato davanti, in salotto all&#8217;ora del pranzo<strong>. <\/strong><\/p>\n<p>&nbsp;<\/p>\n<p>&nbsp;<\/p>\n<hr \/>\n<p>&nbsp;<\/p>\n<blockquote>\n<h3><span style=\"color: #ff0000;\">BELLUNO: OGGI\u00a0 E IL 27 LUGLIO SENZ&#8217;ACQUA PER I LAVORI IN CENTRO<\/span><\/h3>\n<\/blockquote>\n<p><strong><img loading=\"lazy\" decoding=\"async\" class=\"alignleft\" src=\"https:\/\/www.radiopiu.net\/wordpress\/wp-content\/uploads\/2021\/06\/th-12.jpg\" width=\"218\" height=\"145\" \/>BELLUNO<\/strong>\u00a0 <span class=\"selectable-text copyable-text\">\u00a0Oggi black out idrico\u00a0 nelle vie Cipro e Rialto: porter\u00e0 all\u2019effettiva sospensione della fornitura idrica dalle 14 fino a notte inoltrata o alle prime ore del mattino successivo. La mancanza d\u2019acqua coinvolger\u00e0 le seguenti zone della Citt\u00e0: Centro, compreso il Centro Storico, Borgo Piave e Borgo Pr\u00e0.\u00a0 Nei due giorni successivi, ripristino della pavimentazione stradale, senza interruzioni nell\u2019erogazione idrica ma con possibili limitazioni al traffico cittadino. Dal 25 luglio partir\u00e0 la seconda fase e sar\u00e0 localizzata tra le piazze Castello e Duomo: la sospensione della fornitura d\u2019acqua sar\u00e0 circoscritta alla sola giornata del 27 luglio, a partire dalle\u00a0 14 fino a conclusione dei lavori. La mancanza d\u2019acqua interesser\u00e0 il solo Centro Storico. Oggi saranno a disposizione dell\u2019utenza due autobotti con acqua potabile: saranno posizionate in piazza dei Martiri e in piazza Duomo e consentiranno prelievi in autonomia. Nella giornata del 27 luglio l\u2019autobotte sar\u00e0 presente in piazza Duomo.\u00a0<\/span><\/p>\n<p>&nbsp;<\/p>\n<blockquote>\n<h3>A PROPOSITO DI EMERGENZA IDRICA E SPRECHI D&#8217;ACQUA<\/h3>\n<\/blockquote>\n<p><strong>AGORDO<\/strong> Ieri alle 8\u00a0 in via Insurrezione in prossimit\u00e0 del cantiere Gsp. Alla faccia della siccit\u00e0 e dell&#8217;invito a non sprecare acqua.<\/p>\n\n\t\t\t<style type='text\/css'>\n\t\t\t\t#gallery-2 {\n\t\t\t\t\tmargin: auto;\n\t\t\t\t}\n\t\t\t\t#gallery-2 .gallery-item {\n\t\t\t\t\tfloat: left;\n\t\t\t\t\tmargin-top: 10px;\n\t\t\t\t\ttext-align: center;\n\t\t\t\t\twidth: 25%;\n\t\t\t\t}\n\t\t\t\t#gallery-2 img {\n\t\t\t\t\tborder: 2px solid #cfcfcf;\n\t\t\t\t}\n\t\t\t\t#gallery-2 .gallery-caption {\n\t\t\t\t\tmargin-left: 0;\n\t\t\t\t}\n\t\t\t\t\/* see gallery_shortcode() in wp-includes\/media.php *\/\n\t\t\t<\/style>\n\t\t<div id='gallery-2' class='dt-gallery-container gallery galleryid-288180 gallery-columns-4 gallery-size-thumbnail'><dl class='gallery-item'>\n\t\t\t\t<dt class='gallery-icon portrait'>\n\t\t\t\t\t<a class=\"rollover rollover-zoom dt-pswp-item\" title=\"IMG_8338\" data-dt-img-description=\"\" data-large_image_width=\"1512\" data-large_image_height=\"2016\"href='https:\/\/www.radiopiu.net\/wordpress\/wp-content\/uploads\/2022\/07\/IMG_8338-rotated.jpg'><img loading=\"lazy\" decoding=\"async\" width=\"150\" height=\"150\" src=\"https:\/\/www.radiopiu.net\/wordpress\/wp-content\/uploads\/2022\/07\/IMG_8338-150x150.jpg\" class=\"attachment-thumbnail size-thumbnail\" alt=\"\" \/><\/a>\n\t\t\t\t<\/dt><\/dl><dl class='gallery-item'>\n\t\t\t\t<dt class='gallery-icon portrait'>\n\t\t\t\t\t<a class=\"rollover rollover-zoom dt-pswp-item\" title=\"IMG_8334\" data-dt-img-description=\"\" data-large_image_width=\"480\" data-large_image_height=\"640\"href='https:\/\/www.radiopiu.net\/wordpress\/wp-content\/uploads\/2022\/07\/IMG_8334-rotated.jpg'><img loading=\"lazy\" decoding=\"async\" width=\"150\" height=\"150\" src=\"https:\/\/www.radiopiu.net\/wordpress\/wp-content\/uploads\/2022\/07\/IMG_8334-150x150.jpg\" class=\"attachment-thumbnail size-thumbnail\" alt=\"\" \/><\/a>\n\t\t\t\t<\/dt><\/dl><dl class='gallery-item'>\n\t\t\t\t<dt class='gallery-icon portrait'>\n\t\t\t\t\t<a class=\"rollover rollover-zoom dt-pswp-item\" title=\"IMG_8330\" data-dt-img-description=\"\" data-large_image_width=\"480\" data-large_image_height=\"640\"href='https:\/\/www.radiopiu.net\/wordpress\/wp-content\/uploads\/2022\/07\/IMG_8330-rotated.jpg'><img loading=\"lazy\" decoding=\"async\" width=\"150\" height=\"150\" src=\"https:\/\/www.radiopiu.net\/wordpress\/wp-content\/uploads\/2022\/07\/IMG_8330-150x150.jpg\" class=\"attachment-thumbnail size-thumbnail\" alt=\"\" \/><\/a>\n\t\t\t\t<\/dt><\/dl><dl class='gallery-item'>\n\t\t\t\t<dt class='gallery-icon portrait'>\n\t\t\t\t\t<a class=\"rollover rollover-zoom dt-pswp-item\" title=\"IMG_8337\" data-dt-img-description=\"\" data-large_image_width=\"480\" data-large_image_height=\"640\"href='https:\/\/www.radiopiu.net\/wordpress\/wp-content\/uploads\/2022\/07\/IMG_8337-rotated.jpg'><img loading=\"lazy\" decoding=\"async\" width=\"150\" height=\"150\" src=\"https:\/\/www.radiopiu.net\/wordpress\/wp-content\/uploads\/2022\/07\/IMG_8337-150x150.jpg\" class=\"attachment-thumbnail size-thumbnail\" alt=\"\" \/><\/a>\n\t\t\t\t<\/dt><\/dl><br style=\"clear: both\" \/>\n\t\t\t<\/div>\n\n<blockquote>\n<h2>L&#8217;ORDINANZA ANTI SPRECO<\/h2>\n<\/blockquote>\n<p><strong>BELLUNO<\/strong> Una settimana fa ad Agordo a firma del sindaco Roberto Chissal\u00e8 e ieri a Belluno, il primo cittadino Oscar De Pellegrin infatti ha firmato l&#8217;ordinanza contro lo spreco d\u2019acqua recependo\u00a0 la direttiva di Bim Gsp. Vietato l\u2019uso dell\u2019acquedotto per irrigare e annaffiare orti, giardini e prati ornamentali, lavare cortili e strade (salvo evidenti motivi di igiene pubblica), lavare le auto in casa, riempire le piscine e alimentare le fontane ornamentali.\u00a0 Nessun divieto per le aziende che si occupano di\u00a0agricoltura, floricoltura e zootecnia, per gli autolavaggi, i servizi pubblici di igiene urbana e per la cura del verde e piante comunali, oltre che per le attivit\u00e0 diversamente autorizzate.<\/p>\n<p>&nbsp;<\/p>\n<hr \/>\n<p>&nbsp;<\/p>\n<blockquote>\n<h3>MANCATO RIENTRO: LO CERCANO NELLA NOTTE DUE ELICOTTERI E UNA QUARANTINA DI PERSONE<\/h3>\n<\/blockquote>\n<p><strong><img loading=\"lazy\" decoding=\"async\" class=\"alignleft\" src=\"https:\/\/www.radiopiu.net\/wordpress\/wp-content\/uploads\/2019\/10\/pelikan1c_heli-e1529330054909.jpg\" width=\"225\" height=\"137\" \/>CORVARA<\/strong> Un&#8217;imponente ricerca congiunta, per dispiegamento di mezzi e uomini, si \u00e8 svolta nella notte tra domenica e luned\u00ec, dopo che a Corvara i gestori di un Garni avevano segnalato il mancato rientro di un loro ospite da un&#8217;escursione. Poche le informazioni note, si sapeva solo che il 60enne tedesco era diretto nel Gruppo del Sella. Verso le 22 \u00e8 quindi stato chiesto anche l&#8217;intervento del Soccorso alpino di Livinallongo, per affiancare quello dell&#8217;Alta Badia nel versante di competenza. Due gli elicotteri abilitati al volo notturno che hanno effettuato ricognizioni dall&#8217;alto e trasportato le squadre in quota: il Pelikan fino a mezzanotte e l&#8217;Aiut Alpin Dolomites di Bolzano da mezzanotte alle 2. Sul versante bellunese, dopo che una segnalazione voleva l&#8217;uomo nella zona del Vallon, le squadre hanno percorso l&#8217;area dal Rifugio Kostner al Passo Pordoi e tutto il versante del Piz Bo\u00e8, trasportate in elicottero in cima e a quote pi\u00f9 basse. Fortunatamente verso le 2 una squadra a piedi ha individuato l&#8217;uomo in Val dei Bossli, dalla parte di Corvara. Il 60enne, che aveva perso l&#8217;orientamento, era infreddolito, ma illeso, \u00e8 stato recuperato dall&#8217;elicottero dell&#8217;Aiut Alpin Dolomites. Le squadre sono quindi rientrate a piedi alle 3.30. Alla ricerca congiunta hanno preso parte una quarantina di persone del Soccorso alpino dell&#8217;Alta Badia e di Livinallongo, Guardia di finanza, Carabinieri e unit\u00e0 cinofile.<\/p>\n<p>&nbsp;<\/p>\n<p>&nbsp;<\/p>\n<hr \/>\n<p>&nbsp;<\/p>\n<div class=\"page-title-head hgroup\">\n<blockquote>\n<h3 class=\"entry-title\">ALPINISTA SI INFORTUNA SULLE TRE CIME DI LAVAREDO<\/h3>\n<\/blockquote>\n<\/div>\n<div class=\"page-title-breadcrumbs\"><strong><img loading=\"lazy\" decoding=\"async\" class=\"alignleft\" src=\"https:\/\/www.radiopiu.net\/wordpress\/wp-content\/uploads\/2019\/06\/via-grohmann-hainz-TRE-CIME-DI-LAVAREDO.jpg\" width=\"135\" height=\"193\" \/>AURONZO\u00a0<\/strong> Poco prima delle 13 la Centrale del Suem \u00e8 stata allertata per un alpinista spagnolo caduto una decina di metri, mentre con tre compagni stava salendo la Via normale alla Piccola delle Tre Cime di Lavaredo. Individuato il punto dell&#8217;incidente, fuori dal percorso corretto, un centinaio di metri sotto l&#8217;anticima, l&#8217;elicottero di Dolomiti Emergency ha sbarcato il tecnico di elisoccorso con un verricello di 60 metri, seguito dal medico dell&#8217;equipaggio calato sulla cengia dove si trovava il ferito. Prestate le prime cure per un probabile politrauma, l&#8217;uomo \u00e8 stato imbarellato e recuperato, per essere trasportato all&#8217;ospedale di Belluno. Successivamente l&#8217;eliambulanza \u00e8 tornata sulla Piccola e, dopo averli imbarcati, ha portato a valle anche i tre compagni.<\/div>\n<p>&nbsp;<\/p>\n<p>&nbsp;<\/p>\n<p>&nbsp;<\/p>\n<hr \/>\n<p>&nbsp;<\/p>\n<blockquote>\n<h3>INCUBO INCENDI, POLVERE SCAMBIATA PER FUMO E SCATTA L&#8217;ALLARME<\/h3>\n<\/blockquote>\n<p><strong><img loading=\"lazy\" decoding=\"async\" class=\"alignleft\" src=\"https:\/\/www.radiopiu.net\/wordpress\/wp-content\/uploads\/2022\/07\/DDD.jpg\" width=\"205\" height=\"168\" \/>CENCENIGHE<\/strong> Ad essere sinceri la prima segnalazione era arrivata in redazione da San Tomaso gi\u00e0 martedi\u00a0 pomeriggio ed avevamo provveduto ad informare chi di competenza. Ma pochi istanti dopo il presunto fumo da incendio si era dissolto. Ieri\u00a0 la segnalazione, per lo stesso motivo \u00e8 arrivata al centralino dei vigili del fuoco che hanno fatto scattare l&#8217;emergenza. Con alcuni mezzi i pompieri sono saliti fino alla frazione Chenet e poi ancora pi\u00f9 su per scoprire che non si trattava di fumo da incendio, ma di polvere da cantiere probabilmente dovuta ai fori per i micropali.\u00a0 In zona anche un elicottero Alto Atesino ma per tutt&#8217;altro motivo, trasportare il materiale per la ristrutturazione degli immobili all&#8217;Oasi Papa Luciani di Ghisel. (nelle foto la polvere di ieri alle 14)<\/p>\n<p>&nbsp;<\/p>\n<div style=\"width: 848px;\" class=\"wp-video\"><video class=\"wp-video-shortcode\" id=\"video-288180-1\" width=\"848\" height=\"480\" preload=\"metadata\" controls=\"controls\"><source type=\"video\/mp4\" src=\"https:\/\/www.radiopiu.net\/wordpress\/wp-content\/uploads\/2022\/07\/WhatsApp-Video-2022-07-19-at-14.53.12.mp4?_=1\" \/><a href=\"https:\/\/www.radiopiu.net\/wordpress\/wp-content\/uploads\/2022\/07\/WhatsApp-Video-2022-07-19-at-14.53.12.mp4\">https:\/\/www.radiopiu.net\/wordpress\/wp-content\/uploads\/2022\/07\/WhatsApp-Video-2022-07-19-at-14.53.12.mp4<\/a><\/video><\/div>\n<p>&nbsp;<\/p>\n<p><strong>IERI<\/strong> Questa le foto scattate ieri da San Tomaso, difronte al bosco in prossimit\u00e0 di Chenet di Cencenighe<\/p>\n\n\t\t\t<style type='text\/css'>\n\t\t\t\t#gallery-3 {\n\t\t\t\t\tmargin: auto;\n\t\t\t\t}\n\t\t\t\t#gallery-3 .gallery-item {\n\t\t\t\t\tfloat: left;\n\t\t\t\t\tmargin-top: 10px;\n\t\t\t\t\ttext-align: center;\n\t\t\t\t\twidth: 50%;\n\t\t\t\t}\n\t\t\t\t#gallery-3 img {\n\t\t\t\t\tborder: 2px solid #cfcfcf;\n\t\t\t\t}\n\t\t\t\t#gallery-3 .gallery-caption {\n\t\t\t\t\tmargin-left: 0;\n\t\t\t\t}\n\t\t\t\t\/* see gallery_shortcode() in wp-includes\/media.php *\/\n\t\t\t<\/style>\n\t\t<div id='gallery-3' class='dt-gallery-container gallery galleryid-288180 gallery-columns-2 gallery-size-thumbnail'><dl class='gallery-item'>\n\t\t\t\t<dt class='gallery-icon portrait'>\n\t\t\t\t\t<a class=\"rollover rollover-zoom dt-pswp-item\" title=\"ab05401e-7403-4709-9bf8-3993b73e3a09\" data-dt-img-description=\"\" data-large_image_width=\"280\" data-large_image_height=\"375\"href='https:\/\/www.radiopiu.net\/wordpress\/wp-content\/uploads\/2022\/07\/ab05401e-7403-4709-9bf8-3993b73e3a09.jpg'><img loading=\"lazy\" decoding=\"async\" width=\"150\" height=\"150\" src=\"https:\/\/www.radiopiu.net\/wordpress\/wp-content\/uploads\/2022\/07\/ab05401e-7403-4709-9bf8-3993b73e3a09-150x150.jpg\" class=\"attachment-thumbnail size-thumbnail\" alt=\"\" \/><\/a>\n\t\t\t\t<\/dt><\/dl><dl class='gallery-item'>\n\t\t\t\t<dt class='gallery-icon portrait'>\n\t\t\t\t\t<a class=\"rollover rollover-zoom dt-pswp-item\" title=\"948360c1-bddd-43ee-a402-ecbf8358d975\" data-dt-img-description=\"\" data-large_image_width=\"280\" data-large_image_height=\"375\"href='https:\/\/www.radiopiu.net\/wordpress\/wp-content\/uploads\/2022\/07\/948360c1-bddd-43ee-a402-ecbf8358d975.jpg'><img loading=\"lazy\" decoding=\"async\" width=\"150\" height=\"150\" src=\"https:\/\/www.radiopiu.net\/wordpress\/wp-content\/uploads\/2022\/07\/948360c1-bddd-43ee-a402-ecbf8358d975-150x150.jpg\" class=\"attachment-thumbnail size-thumbnail\" alt=\"\" \/><\/a>\n\t\t\t\t<\/dt><\/dl><br style=\"clear: both\" \/>\n\t\t\t<\/div>\n\n<p>&nbsp;<\/p>\n<p>&nbsp;<\/p>\n<hr \/>\n<p>&nbsp;<\/p>\n<blockquote>\n<h3>ESSILORLUXOTTICA E POLITECNICO DI MILANO PER GLI OCCHIALI DEL FUTURO<\/h3>\n<\/blockquote>\n<p><strong>MILANO<\/strong> EssilorLuxottica e il Politecnico di Milano danno vita al primo EssilorLuxottica Smart Eyewear Lab, un centro di ricerca congiunto per progettare gli occhiali intelligenti del futuro. L\u2019accordo, annunciato oggi alla presenza del Ministro per l\u2019innovazione tecnologica e la transizione digitale, Vittorio Colao .Il progetto abbraccia ricerca industriale e sviluppo sperimentale di dispositivi alla base di una nuova generazione di wearable in grado di connettersi alla rete in modo completamente autonomo. L\u2019EssilorLuxottica Smart Eyewear Lab avr\u00e0 una durata iniziale di cinque anni e impiegher\u00e0 a regime oltre 100 tra ricercatori e scienziati.<\/p>\n<blockquote><p><em><a class=\"dt-pswp-item\" href=\"https:\/\/www.radiopiu.net\/wordpress\/wp-content\/uploads\/2022\/06\/MILLERI.png\" data-dt-img-description=\"\" data-large_image_width=\"968\" data-large_image_height=\"604\"><img loading=\"lazy\" decoding=\"async\" class=\" wp-image-284103 alignleft\" src=\"https:\/\/www.radiopiu.net\/wordpress\/wp-content\/uploads\/2022\/06\/MILLERI-150x150.png\" alt=\"\" width=\"97\" height=\"97\" \/><\/a>\u201cL\u2019innovazione \u00e8 il cuore del modello di business di EssilorLuxottica\u201d, dice\u00a0 Francesco Milleri, <\/em><em>Presidente e Amministratore Delegato di EssilorLuxottica. \u201cI confini fra fisico e virtuale sono sempre <\/em><em>meno definiti e le prospettive che ci si presentano sono del tutto inedite e rappresentano una sfida unica <\/em><em>che ci proietta nel futuro. Questi nuovi modelli di ricerca sono indispensabili per sbloccare un enorme <\/em><em>potenziale di sviliuppo e i suoi effetti nel mondo del lavoro e sull\u2019intero sistema economico\u201d.<\/em><\/p><\/blockquote>\n<p>&nbsp;<\/p>\n<hr \/>\n<p>&nbsp;<\/p>\n<p>&nbsp;<\/p>\n<blockquote>\n<h2>DECINE DI MILIONI DI EURO IN ARRIVO, MA SERVE LA &#8220;MACCHINA&#8221; ADEGUATA<\/h2>\n<\/blockquote>\n<p>&nbsp;<\/p>\n<p><a class=\"dt-pswp-item\" href=\"https:\/\/www.radiopiu.net\/wordpress\/wp-content\/uploads\/2022\/07\/724c39f6-9153-4db2-8e94-eee5387d6b7d.jpg\" data-dt-img-description=\"\" data-large_image_width=\"1600\" data-large_image_height=\"901\"><img loading=\"lazy\" decoding=\"async\" class=\"wp-image-288103 size-medium aligncenter\" src=\"https:\/\/www.radiopiu.net\/wordpress\/wp-content\/uploads\/2022\/07\/724c39f6-9153-4db2-8e94-eee5387d6b7d-300x169.jpg\" alt=\"\" width=\"300\" height=\"169\" srcset=\"https:\/\/www.radiopiu.net\/wordpress\/wp-content\/uploads\/2022\/07\/724c39f6-9153-4db2-8e94-eee5387d6b7d-300x169.jpg 300w, https:\/\/www.radiopiu.net\/wordpress\/wp-content\/uploads\/2022\/07\/724c39f6-9153-4db2-8e94-eee5387d6b7d-1024x577.jpg 1024w, https:\/\/www.radiopiu.net\/wordpress\/wp-content\/uploads\/2022\/07\/724c39f6-9153-4db2-8e94-eee5387d6b7d-768x432.jpg 768w, https:\/\/www.radiopiu.net\/wordpress\/wp-content\/uploads\/2022\/07\/724c39f6-9153-4db2-8e94-eee5387d6b7d-1536x865.jpg 1536w, https:\/\/www.radiopiu.net\/wordpress\/wp-content\/uploads\/2022\/07\/724c39f6-9153-4db2-8e94-eee5387d6b7d.jpg 1600w\" sizes=\"auto, (max-width: 300px) 100vw, 300px\" \/><\/a><\/p>\n<p><strong>BELLUNO<\/strong><\/p>\n<p><strong>di\u00a0 MORENO GIOLI<\/strong><\/p>\n<audio class=\"wp-audio-shortcode\" id=\"audio-288180-1\" preload=\"none\" style=\"width: 100%;\" controls=\"controls\"><source type=\"audio\/mpeg\" src=\"https:\/\/www.radiopiu.net\/wordpress\/wp-content\/uploads\/2022\/07\/moreno-3.mp3?_=1\" \/><a href=\"https:\/\/www.radiopiu.net\/wordpress\/wp-content\/uploads\/2022\/07\/moreno-3.mp3\">https:\/\/www.radiopiu.net\/wordpress\/wp-content\/uploads\/2022\/07\/moreno-3.mp3<\/a><\/audio>\n<p>&nbsp;<\/p>\n<p><strong>IL PRESIDENTE DELLA PROVINCIA ROBERTO PADRIN<\/strong><\/p>\n<audio class=\"wp-audio-shortcode\" id=\"audio-288180-2\" preload=\"none\" style=\"width: 100%;\" controls=\"controls\"><source type=\"audio\/mpeg\" src=\"https:\/\/www.radiopiu.net\/wordpress\/wp-content\/uploads\/2022\/07\/Audio-padrin.mp3?_=2\" \/><a href=\"https:\/\/www.radiopiu.net\/wordpress\/wp-content\/uploads\/2022\/07\/Audio-padrin.mp3\">https:\/\/www.radiopiu.net\/wordpress\/wp-content\/uploads\/2022\/07\/Audio-padrin.mp3<\/a><\/audio>\n<p>&nbsp;<\/p>\n<p><strong>ALESSIA ANDREINA, COLLABORATRICE GAL2<\/strong><\/p>\n<audio class=\"wp-audio-shortcode\" id=\"audio-288180-3\" preload=\"none\" style=\"width: 100%;\" controls=\"controls\"><source type=\"audio\/mpeg\" src=\"https:\/\/www.radiopiu.net\/wordpress\/wp-content\/uploads\/2022\/07\/Audio-alessia-andreina.mp3?_=3\" \/><a href=\"https:\/\/www.radiopiu.net\/wordpress\/wp-content\/uploads\/2022\/07\/Audio-alessia-andreina.mp3\">https:\/\/www.radiopiu.net\/wordpress\/wp-content\/uploads\/2022\/07\/Audio-alessia-andreina.mp3<\/a><\/audio>\n<p>&nbsp;<\/p>\n<p>&nbsp;<\/p>\n<p>&nbsp;<\/p>\n<hr \/>\n<p>&nbsp;<\/p>\n<blockquote>\n<h3>DONATO ALLA CASA DI RIPOSO VILLA SAN GIUSEPPE UN CONCENTRATORE D&#8217;OSSIGENO<\/h3>\n<\/blockquote>\n<p><strong><a class=\"dt-pswp-item\" href=\"https:\/\/www.radiopiu.net\/wordpress\/wp-content\/uploads\/2022\/07\/santin_troi.jpeg\" data-dt-img-description=\"\" data-large_image_width=\"768\" data-large_image_height=\"1024\"><img loading=\"lazy\" decoding=\"async\" class=\" wp-image-288040 alignleft\" src=\"https:\/\/www.radiopiu.net\/wordpress\/wp-content\/uploads\/2022\/07\/santin_troi-150x150.jpeg\" alt=\"\" width=\"133\" height=\"133\" \/><\/a>LIVINALLONGO<\/strong> Per Villa San Giuseppe, il\u00a0 terzo intervento realizzato dal Distretto Rotary 2060 a favore delle Case di Riposo no profit, che implementa quello gi\u00e0 realizzato l\u2019anno scorso con la donazione di 259 apparecchi in 252 Case di Riposo. La past president Mariachiara Santin, ha consegnato questo importante dispositivo da 65mila euro\u00a0 a Oscar Troi, presidente dell\u2019Azienda Fodom che gestisce la Casa di Riposo \u201cVilla San Giuseppe\u201d di Livinallongo del Col di Lana. Il concentratore d\u2019ossigeno permette di affrontare al meglio le patologie respiratore mediante un processo di ossigenoterapia dei pazienti, mentre il pulsossimetro consente di valutare la saturazione d\u2019ossigeno nel sangue e la frequenza cardiaca nel paziente. Tutto questo \u00e8 stato possibile grazie al finanziamento dell\u2019agenzia statunitense USAID che ha investito in Italia 50 milioni di dollari Usa per la lotta alla pandemia da Covid.<\/p>\n<p>&nbsp;<\/p>\n<p>&nbsp;<\/p>\n<hr \/>\n<p>&nbsp;<\/p>\n<blockquote>\n<h3>INCENDI IN VENETO. ZAIA. NOSTRI VOLONTARI ECCEZIONALI MA BISOGNA AIUTARLI<\/h3>\n<\/blockquote>\n<p><strong><a class=\"dt-pswp-item\" href=\"https:\/\/www.radiopiu.net\/wordpress\/wp-content\/uploads\/2022\/07\/INCENDIO-BIBIONE.jpg\" data-dt-img-description=\"\" data-large_image_width=\"1024\" data-large_image_height=\"573\"><img loading=\"lazy\" decoding=\"async\" class=\"size-thumbnail wp-image-287993 alignleft\" src=\"https:\/\/www.radiopiu.net\/wordpress\/wp-content\/uploads\/2022\/07\/INCENDIO-BIBIONE-150x150.jpg\" alt=\"\" width=\"150\" height=\"150\" \/><\/a>VENEZIA <\/strong>\u201c<em>Per gli incendi in Veneto ieri \u00e8 stata una giornata difficile, con i nostri insostituibili Volontari Antincendio Boschivo, che ringrazio per l\u2019abnegazione, impegnati su tanti fronti: da Bibione, dove continua l\u2019attivit\u00e0 di presidio per fumaioli sparsi nella notte, a Lamon, a Pescantina, a Punta Sabbioni, a Teolo. Il gran caldo durer\u00e0 ancora a lungo e per questo rivolgo un appello a tenere comportamenti prudenti a tutti i frequentatori di boschi, sentieri, pinete e di ogni luogo che possa essere a rischio incendio. Temo infatti che la battaglia possa essere ancora lunga e serve l\u2019aiuto di tutti, a cominciare da tutti noi cittadini<\/em>\u201d. Con un ringraziamento ai volontari Antincendio Boschivo della Regione e un appello a tutta la gente, il Presidente della Regione Veneto, Luca Zaia, torna sul tema degli incendi che, in Veneto, si sono moltiplicati in varie localit\u00e0 dopo il primo a Bibione.<\/p>\n<p>&nbsp;<\/p>\n<hr \/>\n<p>&nbsp;<\/p>\n<p>&nbsp;<\/p>\n<blockquote>\n<h3>DESTINAZIONE FINALE PETRALIA SOPRANA (PALERMO)<\/h3>\n<\/blockquote>\n<p><em>Il contingente, per complessivi 25 partecipanti\u00a0 con due funzionari della Direzione Protezione civile, sicurezza e polizia locale.<\/em><\/p>\n<p><strong>La colonna mobile dell&#8217;antincendio boschivo partita\u00a0 ieri mattina per la Sicilia su richiesta del dipartimento nazionale della protezione civile come supporto alla regione Sicilia nella lotta agli incendi boschivi, il contingente veneto,\u00a0 rimarr\u00e0 in Sicilia fino al 17 agosto. Nei trenta giorni, il personale si alterner\u00e0 in 4 diversi turni, con sovraposizione di un giorno ciascuno al fine di garantire la continuit\u00e0 operativa del contingente.<\/strong><strong>\u00a0<\/strong><\/p>\n<div style=\"width: 848px;\" class=\"wp-video\"><video class=\"wp-video-shortcode\" id=\"video-288180-2\" width=\"848\" height=\"480\" preload=\"metadata\" controls=\"controls\"><source type=\"video\/mp4\" src=\"https:\/\/www.radiopiu.net\/wordpress\/wp-content\/uploads\/2022\/07\/WhatsApp-Video-2022-07-19-at-15.05.26.mp4?_=2\" \/><a href=\"https:\/\/www.radiopiu.net\/wordpress\/wp-content\/uploads\/2022\/07\/WhatsApp-Video-2022-07-19-at-15.05.26.mp4\">https:\/\/www.radiopiu.net\/wordpress\/wp-content\/uploads\/2022\/07\/WhatsApp-Video-2022-07-19-at-15.05.26.mp4<\/a><\/video><\/div>\n<p>&nbsp;<\/p>\n<p>&nbsp;<\/p>\n<hr \/>\n<p>&nbsp;<\/p>\n<blockquote>\n<h3>ELICOTTERI SORVOLANO LE PALE DI SAN LUCANO<\/h3>\n<\/blockquote>\n<p><strong>TAIBON-CENCENIGHE<\/strong> Pare che la Pale di San Lucano siano il terreno ideale per le esercitazioni, probabilmente simile ad ambienti &#8220;ostili&#8221;. Infatti anche quest&#8217;anno, come gi\u00e0 accaduto in passato, gli elicotteri dell&#8217;Esercito stanno sorvolando la zona sopra Ambrosogn in prossimit\u00e0 del bivacco Bedin. Si tratta senza dubbio di operazioni militari.<\/p>\n\n\t\t\t<style type='text\/css'>\n\t\t\t\t#gallery-4 {\n\t\t\t\t\tmargin: auto;\n\t\t\t\t}\n\t\t\t\t#gallery-4 .gallery-item {\n\t\t\t\t\tfloat: left;\n\t\t\t\t\tmargin-top: 10px;\n\t\t\t\t\ttext-align: center;\n\t\t\t\t\twidth: 50%;\n\t\t\t\t}\n\t\t\t\t#gallery-4 img {\n\t\t\t\t\tborder: 2px solid #cfcfcf;\n\t\t\t\t}\n\t\t\t\t#gallery-4 .gallery-caption {\n\t\t\t\t\tmargin-left: 0;\n\t\t\t\t}\n\t\t\t\t\/* see gallery_shortcode() in wp-includes\/media.php *\/\n\t\t\t<\/style>\n\t\t<div id='gallery-4' class='dt-gallery-container gallery galleryid-288180 gallery-columns-2 gallery-size-medium'><dl class='gallery-item'>\n\t\t\t\t<dt class='gallery-icon landscape'>\n\t\t\t\t\t<a class=\"rollover rollover-zoom dt-pswp-item\" title=\"290284199_2306274146188431_9052357587056412013_n\" data-dt-img-description=\"\" data-large_image_width=\"640\" data-large_image_height=\"480\"href='https:\/\/www.radiopiu.net\/wordpress\/wp-content\/uploads\/2022\/07\/290284199_2306274146188431_9052357587056412013_n.jpg'><img loading=\"lazy\" decoding=\"async\" width=\"300\" height=\"225\" src=\"https:\/\/www.radiopiu.net\/wordpress\/wp-content\/uploads\/2022\/07\/290284199_2306274146188431_9052357587056412013_n-300x225.jpg\" class=\"attachment-medium size-medium\" alt=\"\" srcset=\"https:\/\/www.radiopiu.net\/wordpress\/wp-content\/uploads\/2022\/07\/290284199_2306274146188431_9052357587056412013_n-300x225.jpg 300w, https:\/\/www.radiopiu.net\/wordpress\/wp-content\/uploads\/2022\/07\/290284199_2306274146188431_9052357587056412013_n.jpg 640w\" sizes=\"auto, (max-width: 300px) 100vw, 300px\" \/><\/a>\n\t\t\t\t<\/dt><\/dl><dl class='gallery-item'>\n\t\t\t\t<dt class='gallery-icon landscape'>\n\t\t\t\t\t<a class=\"rollover rollover-zoom dt-pswp-item\" title=\"293578740_607704890697830_3317353635639591174_n\" data-dt-img-description=\"\" data-large_image_width=\"640\" data-large_image_height=\"480\"href='https:\/\/www.radiopiu.net\/wordpress\/wp-content\/uploads\/2022\/07\/293578740_607704890697830_3317353635639591174_n.jpg'><img loading=\"lazy\" decoding=\"async\" width=\"300\" height=\"225\" src=\"https:\/\/www.radiopiu.net\/wordpress\/wp-content\/uploads\/2022\/07\/293578740_607704890697830_3317353635639591174_n-300x225.jpg\" class=\"attachment-medium size-medium\" alt=\"\" srcset=\"https:\/\/www.radiopiu.net\/wordpress\/wp-content\/uploads\/2022\/07\/293578740_607704890697830_3317353635639591174_n-300x225.jpg 300w, https:\/\/www.radiopiu.net\/wordpress\/wp-content\/uploads\/2022\/07\/293578740_607704890697830_3317353635639591174_n.jpg 640w\" sizes=\"auto, (max-width: 300px) 100vw, 300px\" \/><\/a>\n\t\t\t\t<\/dt><\/dl><br style=\"clear: both\" \/>\n\t\t\t<\/div>\n\n<p><strong>FOTO E VIDEO DI ADRIANO BIANCHI_AGORDO<\/strong><\/p>\n<div style=\"width: 1200px;\" class=\"wp-video\"><video class=\"wp-video-shortcode\" id=\"video-288180-3\" width=\"1200\" height=\"675\" preload=\"metadata\" controls=\"controls\"><source type=\"video\/mp4\" src=\"https:\/\/www.radiopiu.net\/wordpress\/wp-content\/uploads\/2022\/07\/video-1658227396.mp4?_=3\" \/><a href=\"https:\/\/www.radiopiu.net\/wordpress\/wp-content\/uploads\/2022\/07\/video-1658227396.mp4\">https:\/\/www.radiopiu.net\/wordpress\/wp-content\/uploads\/2022\/07\/video-1658227396.mp4<\/a><\/video><\/div>\n<p>&nbsp;<\/p>\n<p>&nbsp;<\/p>\n<hr \/>\n<p>&nbsp;<\/p>\n<blockquote>\n<h3>IL PESSIMISMO NON AIUTA, I CUGINI TRENTINI SONO DECISAMENTE PIU&#8217; FURBI EVITANDO ULTERIORI POLEMICHE<\/h3>\n<\/blockquote>\n<p><strong><img loading=\"lazy\" decoding=\"async\" class=\"alignleft\" src=\"https:\/\/www.radiopiu.net\/wordpress\/wp-content\/uploads\/2020\/07\/1091-2020-LavoriSerrai2020_3.jpg\" width=\"196\" height=\"147\" \/>ROCCA PIETORE<\/strong> Viene veramente da chiedersi dove erano alcuni giorni fa\u00a0 gli albergatori che oggi protestano e lanciano strali a destra e a manca circa i lavori nei Serrai di Sottoguda. Probabilmente distratti nel momento in cui il Comune aveva organizzato visite guidate al cantiere rivolte sia agli amministratori locali che agli operatori turistici. In quell\u2019occasione erano state spiegate le problematiche legate alla ricostruzione e alla messa in sicurezza dell\u2019area, gli intoppi intervenuti negli anni e la prospettiva futura. Per questo il sindaco Andrea De Bernardin prende la parola e ritorna sull&#8217;argomento.<\/p>\n<p><strong>audio<\/strong><\/p>\n<audio class=\"wp-audio-shortcode\" id=\"audio-288180-4\" preload=\"none\" style=\"width: 100%;\" controls=\"controls\"><source type=\"audio\/mpeg\" src=\"https:\/\/www.radiopiu.net\/wordpress\/wp-content\/uploads\/2022\/07\/De-Bernardin-su-cantiere-Serrai.mp3?_=4\" \/><a href=\"https:\/\/www.radiopiu.net\/wordpress\/wp-content\/uploads\/2022\/07\/De-Bernardin-su-cantiere-Serrai.mp3\">https:\/\/www.radiopiu.net\/wordpress\/wp-content\/uploads\/2022\/07\/De-Bernardin-su-cantiere-Serrai.mp3<\/a><\/audio>\n<p>&nbsp;<\/p>\n<p>&nbsp;<\/p>\n<hr \/>\n<p>&nbsp;<\/p>\n<blockquote>\n<h3>LA SCUOLA DI LA VALLE. ZUANEL &#8220;NON UNA BANDIERA MA UN LUOGO VIVO PER L&#8217;AGGREGAZIONE&#8221;<\/h3>\n<\/blockquote>\n<p>&nbsp;<\/p>\n<p><strong>LA VALLE AGORDINA<\/strong><\/p>\n<p><strong>DI GIANNI SANTOMASO<\/strong><\/p>\n<audio class=\"wp-audio-shortcode\" id=\"audio-288180-5\" preload=\"none\" style=\"width: 100%;\" controls=\"controls\"><source type=\"audio\/mpeg\" src=\"https:\/\/www.radiopiu.net\/wordpress\/wp-content\/uploads\/2022\/07\/SCUOLA-LA-VALLE.mp3?_=5\" \/><a href=\"https:\/\/www.radiopiu.net\/wordpress\/wp-content\/uploads\/2022\/07\/SCUOLA-LA-VALLE.mp3\">https:\/\/www.radiopiu.net\/wordpress\/wp-content\/uploads\/2022\/07\/SCUOLA-LA-VALLE.mp3<\/a><\/audio>\n<p>&nbsp;<\/p>\n\n\t\t\t<style type='text\/css'>\n\t\t\t\t#gallery-5 {\n\t\t\t\t\tmargin: auto;\n\t\t\t\t}\n\t\t\t\t#gallery-5 .gallery-item {\n\t\t\t\t\tfloat: left;\n\t\t\t\t\tmargin-top: 10px;\n\t\t\t\t\ttext-align: center;\n\t\t\t\t\twidth: 20%;\n\t\t\t\t}\n\t\t\t\t#gallery-5 img {\n\t\t\t\t\tborder: 2px solid #cfcfcf;\n\t\t\t\t}\n\t\t\t\t#gallery-5 .gallery-caption {\n\t\t\t\t\tmargin-left: 0;\n\t\t\t\t}\n\t\t\t\t\/* see gallery_shortcode() in wp-includes\/media.php *\/\n\t\t\t<\/style>\n\t\t<div id='gallery-5' class='dt-gallery-container gallery galleryid-288180 gallery-columns-5 gallery-size-thumbnail'><dl class='gallery-item'>\n\t\t\t\t<dt class='gallery-icon landscape'>\n\t\t\t\t\t<a class=\"rollover rollover-zoom dt-pswp-item\" title=\"9bcffdd0-d0d0-4357-bed9-d7751a69477b\" data-dt-img-description=\"\" data-large_image_width=\"1600\" data-large_image_height=\"901\"href='https:\/\/www.radiopiu.net\/wordpress\/wp-content\/uploads\/2022\/07\/9bcffdd0-d0d0-4357-bed9-d7751a69477b.jpg'><img loading=\"lazy\" decoding=\"async\" width=\"150\" height=\"150\" src=\"https:\/\/www.radiopiu.net\/wordpress\/wp-content\/uploads\/2022\/07\/9bcffdd0-d0d0-4357-bed9-d7751a69477b-150x150.jpg\" class=\"attachment-thumbnail size-thumbnail\" alt=\"\" \/><\/a>\n\t\t\t\t<\/dt><\/dl><dl class='gallery-item'>\n\t\t\t\t<dt class='gallery-icon landscape'>\n\t\t\t\t\t<a class=\"rollover rollover-zoom dt-pswp-item\" title=\"San Nicol\u00f2\" data-dt-img-description=\"\" data-large_image_width=\"2000\" data-large_image_height=\"1500\"href='https:\/\/www.radiopiu.net\/wordpress\/wp-content\/uploads\/2022\/07\/San-Nicolo.jpg'><img loading=\"lazy\" decoding=\"async\" width=\"150\" height=\"150\" src=\"https:\/\/www.radiopiu.net\/wordpress\/wp-content\/uploads\/2022\/07\/San-Nicolo-150x150.jpg\" class=\"attachment-thumbnail size-thumbnail\" alt=\"\" \/><\/a>\n\t\t\t\t<\/dt><\/dl><dl class='gallery-item'>\n\t\t\t\t<dt class='gallery-icon landscape'>\n\t\t\t\t\t<a class=\"rollover rollover-zoom dt-pswp-item\" title=\"Yoga\" data-dt-img-description=\"\" data-large_image_width=\"2000\" data-large_image_height=\"1500\"href='https:\/\/www.radiopiu.net\/wordpress\/wp-content\/uploads\/2022\/07\/Yoga.jpg'><img loading=\"lazy\" decoding=\"async\" width=\"150\" height=\"150\" src=\"https:\/\/www.radiopiu.net\/wordpress\/wp-content\/uploads\/2022\/07\/Yoga-150x150.jpg\" class=\"attachment-thumbnail size-thumbnail\" alt=\"\" \/><\/a>\n\t\t\t\t<\/dt><\/dl><dl class='gallery-item'>\n\t\t\t\t<dt class='gallery-icon landscape'>\n\t\t\t\t\t<a class=\"rollover rollover-zoom dt-pswp-item\" title=\"Laboratorio Teatro1\" data-dt-img-description=\"\" data-large_image_width=\"2000\" data-large_image_height=\"1500\"href='https:\/\/www.radiopiu.net\/wordpress\/wp-content\/uploads\/2022\/07\/Laboratorio-Teatro1.jpg'><img loading=\"lazy\" decoding=\"async\" width=\"150\" height=\"150\" src=\"https:\/\/www.radiopiu.net\/wordpress\/wp-content\/uploads\/2022\/07\/Laboratorio-Teatro1-150x150.jpg\" class=\"attachment-thumbnail size-thumbnail\" alt=\"\" \/><\/a>\n\t\t\t\t<\/dt><\/dl><dl class='gallery-item'>\n\t\t\t\t<dt class='gallery-icon landscape'>\n\t\t\t\t\t<a class=\"rollover rollover-zoom dt-pswp-item\" title=\"Laboratorio Teatro2\" data-dt-img-description=\"\" data-large_image_width=\"2000\" data-large_image_height=\"1500\"href='https:\/\/www.radiopiu.net\/wordpress\/wp-content\/uploads\/2022\/07\/Laboratorio-Teatro2.jpg'><img loading=\"lazy\" decoding=\"async\" width=\"150\" height=\"150\" src=\"https:\/\/www.radiopiu.net\/wordpress\/wp-content\/uploads\/2022\/07\/Laboratorio-Teatro2-150x150.jpg\" class=\"attachment-thumbnail size-thumbnail\" alt=\"\" \/><\/a>\n\t\t\t\t<\/dt><\/dl><br style=\"clear: both\" \/><dl class='gallery-item'>\n\t\t\t\t<dt class='gallery-icon landscape'>\n\t\t\t\t\t<a class=\"rollover rollover-zoom dt-pswp-item\" title=\"Uscita CAI1\" data-dt-img-description=\"\" data-large_image_width=\"1600\" data-large_image_height=\"1200\"href='https:\/\/www.radiopiu.net\/wordpress\/wp-content\/uploads\/2022\/07\/Uscita-CAI1.jpg'><img loading=\"lazy\" decoding=\"async\" width=\"150\" height=\"150\" src=\"https:\/\/www.radiopiu.net\/wordpress\/wp-content\/uploads\/2022\/07\/Uscita-CAI1-150x150.jpg\" class=\"attachment-thumbnail size-thumbnail\" alt=\"\" \/><\/a>\n\t\t\t\t<\/dt><\/dl><dl class='gallery-item'>\n\t\t\t\t<dt class='gallery-icon landscape'>\n\t\t\t\t\t<a class=\"rollover rollover-zoom dt-pswp-item\" title=\"Uscita CAI2\" data-dt-img-description=\"\" data-large_image_width=\"2560\" data-large_image_height=\"1920\"href='https:\/\/www.radiopiu.net\/wordpress\/wp-content\/uploads\/2022\/07\/Uscita-CAI2-scaled.jpg'><img loading=\"lazy\" decoding=\"async\" width=\"150\" height=\"150\" src=\"https:\/\/www.radiopiu.net\/wordpress\/wp-content\/uploads\/2022\/07\/Uscita-CAI2-150x150.jpg\" class=\"attachment-thumbnail size-thumbnail\" alt=\"\" \/><\/a>\n\t\t\t\t<\/dt><\/dl><dl class='gallery-item'>\n\t\t\t\t<dt class='gallery-icon landscape'>\n\t\t\t\t\t<a class=\"rollover rollover-zoom dt-pswp-item\" title=\"Uscita Un albero per il futuro\" data-dt-img-description=\"\" data-large_image_width=\"2048\" data-large_image_height=\"1532\"href='https:\/\/www.radiopiu.net\/wordpress\/wp-content\/uploads\/2022\/07\/Uscita-Un-albero-per-il-futuro.jpg'><img loading=\"lazy\" decoding=\"async\" width=\"150\" height=\"150\" src=\"https:\/\/www.radiopiu.net\/wordpress\/wp-content\/uploads\/2022\/07\/Uscita-Un-albero-per-il-futuro-150x150.jpg\" class=\"attachment-thumbnail size-thumbnail\" alt=\"\" \/><\/a>\n\t\t\t\t<\/dt><\/dl><dl class='gallery-item'>\n\t\t\t\t<dt class='gallery-icon portrait'>\n\t\t\t\t\t<a class=\"rollover rollover-zoom dt-pswp-item\" title=\"Piscina\" data-dt-img-description=\"\" data-large_image_width=\"725\" data-large_image_height=\"832\"href='https:\/\/www.radiopiu.net\/wordpress\/wp-content\/uploads\/2022\/07\/Piscina.jpg'><img loading=\"lazy\" decoding=\"async\" width=\"150\" height=\"150\" src=\"https:\/\/www.radiopiu.net\/wordpress\/wp-content\/uploads\/2022\/07\/Piscina-150x150.jpg\" class=\"attachment-thumbnail size-thumbnail\" alt=\"\" \/><\/a>\n\t\t\t\t<\/dt><\/dl><dl class='gallery-item'>\n\t\t\t\t<dt class='gallery-icon landscape'>\n\t\t\t\t\t<a class=\"rollover rollover-zoom dt-pswp-item\" title=\"Pattinaggio\" data-dt-img-description=\"\" data-large_image_width=\"1600\" data-large_image_height=\"900\"href='https:\/\/www.radiopiu.net\/wordpress\/wp-content\/uploads\/2022\/07\/Pattinaggio.jpg'><img loading=\"lazy\" decoding=\"async\" width=\"150\" height=\"150\" src=\"https:\/\/www.radiopiu.net\/wordpress\/wp-content\/uploads\/2022\/07\/Pattinaggio-150x150.jpg\" class=\"attachment-thumbnail size-thumbnail\" alt=\"\" \/><\/a>\n\t\t\t\t<\/dt><\/dl><br style=\"clear: both\" \/>\n\t\t\t<\/div>\n\n<p>&nbsp;<\/p>\n<p>&nbsp;<\/p>\n<hr \/>\n<p>&nbsp;<\/p>\n<blockquote>\n<h3>DILLO A RADIO PIU&#8217;&#8230; OSPEDALE DI AGORDO E IL DOTTOR PROTTI<\/h3>\n<\/blockquote>\n<p><a class=\"dt-pswp-item\" href=\"https:\/\/www.radiopiu.net\/wordpress\/wp-content\/uploads\/2021\/07\/gallery_H05050102.png\" data-dt-img-description=\"\" data-large_image_width=\"600\" data-large_image_height=\"600\"><img loading=\"lazy\" decoding=\"async\" class=\"wp-image-219312 alignleft\" src=\"https:\/\/www.radiopiu.net\/wordpress\/wp-content\/uploads\/2021\/07\/gallery_H05050102-150x150.png\" alt=\"\" width=\"75\" height=\"75\" srcset=\"https:\/\/www.radiopiu.net\/wordpress\/wp-content\/uploads\/2021\/07\/gallery_H05050102-150x150.png 150w, https:\/\/www.radiopiu.net\/wordpress\/wp-content\/uploads\/2021\/07\/gallery_H05050102-300x300.png 300w, https:\/\/www.radiopiu.net\/wordpress\/wp-content\/uploads\/2021\/07\/gallery_H05050102.png 600w\" sizes=\"auto, (max-width: 75px) 100vw, 75px\" \/><\/a>Visto che parlate spesso dell&#8217;ospedale di Agordo che io stimo e apprezzo moltissimo, avete mai sentito parlare del dottor Protti? Per me un medico chirurgo importante e sempre presente per tutti, mi ha operata senza che andassi in clinica a Bologna era un po&#8217; stravagante in senso buono \u00e8 deceduto all&#8217;inizio degli anni Settanta. Lo porto sempre nel cuore per come mi ha guarita<br \/>\n<strong>Maria Antonietta Ongaro\u00a0<\/strong><\/p>\n<p>&nbsp;<\/p>\n<hr \/>\n<p>&nbsp;<\/p>\n<p>&nbsp;<\/p>\n<blockquote class=\"wp-embedded-content\" data-secret=\"j87chtpeDh\"><p><a href=\"https:\/\/www.radiopiu.net\/wordpress\/aggnazionaleluglio19\/\">CORONAVIRUS: AGGIORNAMENTO NAZIONALE 19 LUGLIO 2022<\/a><\/p><\/blockquote>\n<p><iframe loading=\"lazy\" class=\"wp-embedded-content\" sandbox=\"allow-scripts\" security=\"restricted\" style=\"position: absolute; clip: rect(1px, 1px, 1px, 1px);\" title=\"&#8220;CORONAVIRUS: AGGIORNAMENTO NAZIONALE 19 LUGLIO 2022&#8221; &#8212; Radio Pi\u00f9\" src=\"https:\/\/www.radiopiu.net\/wordpress\/aggnazionaleluglio19\/embed\/#?secret=dvOzx4tiBl#?secret=j87chtpeDh\" data-secret=\"j87chtpeDh\" width=\"600\" height=\"338\" frameborder=\"0\" marginwidth=\"0\" marginheight=\"0\" scrolling=\"no\"><\/iframe><\/p>\n<p>&nbsp;<\/p>\n<blockquote class=\"wp-embedded-content\" data-secret=\"Tbsw5hkNIm\"><p><a href=\"https:\/\/www.radiopiu.net\/wordpress\/aggazzeroluglio19\/\">QUASI MILLE PERSONE RICOVERATE IN AREA NON CRITICA, 21 DECESSI E 12477 NUOVI POSITIVI IN 24 ORE NEL VENETO<\/a><\/p><\/blockquote>\n<p><iframe loading=\"lazy\" class=\"wp-embedded-content\" sandbox=\"allow-scripts\" security=\"restricted\" style=\"position: absolute; clip: rect(1px, 1px, 1px, 1px);\" title=\"&#8220;QUASI MILLE PERSONE RICOVERATE IN AREA NON CRITICA, 21 DECESSI E 12477 NUOVI POSITIVI IN 24 ORE NEL VENETO&#8221; &#8212; Radio Pi\u00f9\" src=\"https:\/\/www.radiopiu.net\/wordpress\/aggazzeroluglio19\/embed\/#?secret=zwmNOgkgOR#?secret=Tbsw5hkNIm\" data-secret=\"Tbsw5hkNIm\" width=\"600\" height=\"338\" frameborder=\"0\" marginwidth=\"0\" marginheight=\"0\" scrolling=\"no\"><\/iframe><\/p>\n<p>&nbsp;<\/p>\n<h2>I GRAFICI DI TIZIANO DE COL<\/h2>\n\n\t\t\t<style type='text\/css'>\n\t\t\t\t#gallery-6 {\n\t\t\t\t\tmargin: auto;\n\t\t\t\t}\n\t\t\t\t#gallery-6 .gallery-item {\n\t\t\t\t\tfloat: left;\n\t\t\t\t\tmargin-top: 10px;\n\t\t\t\t\ttext-align: center;\n\t\t\t\t\twidth: 33%;\n\t\t\t\t}\n\t\t\t\t#gallery-6 img {\n\t\t\t\t\tborder: 2px solid #cfcfcf;\n\t\t\t\t}\n\t\t\t\t#gallery-6 .gallery-caption {\n\t\t\t\t\tmargin-left: 0;\n\t\t\t\t}\n\t\t\t\t\/* see gallery_shortcode() in wp-includes\/media.php *\/\n\t\t\t<\/style>\n\t\t<div id='gallery-6' class='dt-gallery-container gallery galleryid-288180 gallery-columns-3 gallery-size-thumbnail'><dl class='gallery-item'>\n\t\t\t\t<dt class='gallery-icon landscape'>\n\t\t\t\t\t<a class=\"rollover rollover-zoom dt-pswp-item\" title=\"dda9c8d7-c2ff-47ae-b228-d60b6db97715\" data-dt-img-description=\"\" data-large_image_width=\"593\" data-large_image_height=\"361\"href='https:\/\/www.radiopiu.net\/wordpress\/wp-content\/uploads\/2022\/07\/dda9c8d7-c2ff-47ae-b228-d60b6db97715.jpg'><img loading=\"lazy\" decoding=\"async\" width=\"150\" height=\"150\" src=\"https:\/\/www.radiopiu.net\/wordpress\/wp-content\/uploads\/2022\/07\/dda9c8d7-c2ff-47ae-b228-d60b6db97715-150x150.jpg\" class=\"attachment-thumbnail size-thumbnail\" alt=\"\" \/><\/a>\n\t\t\t\t<\/dt><\/dl><dl class='gallery-item'>\n\t\t\t\t<dt class='gallery-icon landscape'>\n\t\t\t\t\t<a class=\"rollover rollover-zoom dt-pswp-item\" title=\"1da739b1-5b01-4c50-ae24-64044a4a5244\" data-dt-img-description=\"\" data-large_image_width=\"587\" data-large_image_height=\"368\"href='https:\/\/www.radiopiu.net\/wordpress\/wp-content\/uploads\/2022\/07\/1da739b1-5b01-4c50-ae24-64044a4a5244.jpg'><img loading=\"lazy\" decoding=\"async\" width=\"150\" height=\"150\" src=\"https:\/\/www.radiopiu.net\/wordpress\/wp-content\/uploads\/2022\/07\/1da739b1-5b01-4c50-ae24-64044a4a5244-150x150.jpg\" class=\"attachment-thumbnail size-thumbnail\" alt=\"\" \/><\/a>\n\t\t\t\t<\/dt><\/dl><dl class='gallery-item'>\n\t\t\t\t<dt class='gallery-icon landscape'>\n\t\t\t\t\t<a class=\"rollover rollover-zoom dt-pswp-item\" title=\"cc161e29-6e80-42e3-9014-4ad01d5eb29d\" data-dt-img-description=\"\" data-large_image_width=\"602\" data-large_image_height=\"363\"href='https:\/\/www.radiopiu.net\/wordpress\/wp-content\/uploads\/2022\/07\/cc161e29-6e80-42e3-9014-4ad01d5eb29d.jpg'><img loading=\"lazy\" decoding=\"async\" width=\"150\" height=\"150\" src=\"https:\/\/www.radiopiu.net\/wordpress\/wp-content\/uploads\/2022\/07\/cc161e29-6e80-42e3-9014-4ad01d5eb29d-150x150.jpg\" class=\"attachment-thumbnail size-thumbnail\" alt=\"\" \/><\/a>\n\t\t\t\t<\/dt><\/dl><br style=\"clear: both\" \/><dl class='gallery-item'>\n\t\t\t\t<dt class='gallery-icon landscape'>\n\t\t\t\t\t<a class=\"rollover rollover-zoom dt-pswp-item\" title=\"8cd43993-431e-421a-b1cd-a74e991a40d9\" data-dt-img-description=\"\" data-large_image_width=\"600\" data-large_image_height=\"357\"href='https:\/\/www.radiopiu.net\/wordpress\/wp-content\/uploads\/2022\/07\/8cd43993-431e-421a-b1cd-a74e991a40d9.jpg'><img loading=\"lazy\" decoding=\"async\" width=\"150\" height=\"150\" src=\"https:\/\/www.radiopiu.net\/wordpress\/wp-content\/uploads\/2022\/07\/8cd43993-431e-421a-b1cd-a74e991a40d9-150x150.jpg\" class=\"attachment-thumbnail size-thumbnail\" alt=\"\" \/><\/a>\n\t\t\t\t<\/dt><\/dl><dl class='gallery-item'>\n\t\t\t\t<dt class='gallery-icon landscape'>\n\t\t\t\t\t<a class=\"rollover rollover-zoom dt-pswp-item\" title=\"0c5b286c-d19f-42d8-97bb-65a451512130\" data-dt-img-description=\"\" data-large_image_width=\"608\" data-large_image_height=\"364\"href='https:\/\/www.radiopiu.net\/wordpress\/wp-content\/uploads\/2022\/07\/0c5b286c-d19f-42d8-97bb-65a451512130.jpg'><img loading=\"lazy\" decoding=\"async\" width=\"150\" height=\"150\" src=\"https:\/\/www.radiopiu.net\/wordpress\/wp-content\/uploads\/2022\/07\/0c5b286c-d19f-42d8-97bb-65a451512130-150x150.jpg\" class=\"attachment-thumbnail size-thumbnail\" alt=\"\" \/><\/a>\n\t\t\t\t<\/dt><\/dl><dl class='gallery-item'>\n\t\t\t\t<dt class='gallery-icon landscape'>\n\t\t\t\t\t<a class=\"rollover rollover-zoom dt-pswp-item\" title=\"968c55d8-cc2d-4b2b-986f-c7959df6ae2b\" data-dt-img-description=\"\" data-large_image_width=\"610\" data-large_image_height=\"367\"href='https:\/\/www.radiopiu.net\/wordpress\/wp-content\/uploads\/2022\/07\/968c55d8-cc2d-4b2b-986f-c7959df6ae2b.jpg'><img loading=\"lazy\" decoding=\"async\" width=\"150\" height=\"150\" src=\"https:\/\/www.radiopiu.net\/wordpress\/wp-content\/uploads\/2022\/07\/968c55d8-cc2d-4b2b-986f-c7959df6ae2b-150x150.jpg\" class=\"attachment-thumbnail size-thumbnail\" alt=\"\" \/><\/a>\n\t\t\t\t<\/dt><\/dl><br style=\"clear: both\" \/>\n\t\t\t<\/div>\n\n<p>&nbsp;<\/p>\n<hr \/>\n<p>&nbsp;<\/p>\n<blockquote>\n<h3><strong>SICUREZZA SUL LAVORO: OLIMPIADI 2026,\u00a0OBIETTIVO ZERO INFORTUNI\u00a0<\/strong><\/h3>\n<\/blockquote>\n<p><strong><a class=\"dt-pswp-item\" href=\"https:\/\/www.radiopiu.net\/wordpress\/wp-content\/uploads\/2021\/05\/CONFINDUSTRIA.png\" data-dt-img-description=\"\" data-large_image_width=\"575\" data-large_image_height=\"575\"><img loading=\"lazy\" decoding=\"async\" class=\"size-thumbnail wp-image-211858 alignleft\" src=\"https:\/\/www.radiopiu.net\/wordpress\/wp-content\/uploads\/2021\/05\/CONFINDUSTRIA-150x150.png\" alt=\"\" width=\"150\" height=\"150\" srcset=\"https:\/\/www.radiopiu.net\/wordpress\/wp-content\/uploads\/2021\/05\/CONFINDUSTRIA-150x150.png 150w, https:\/\/www.radiopiu.net\/wordpress\/wp-content\/uploads\/2021\/05\/CONFINDUSTRIA-300x300.png 300w, https:\/\/www.radiopiu.net\/wordpress\/wp-content\/uploads\/2021\/05\/CONFINDUSTRIA.png 575w\" sizes=\"auto, (max-width: 150px) 100vw, 150px\" \/><\/a>BELLUNO <\/strong>Ridurre il rischio di infortuni sul lavoro nei settori che maggiormente caratterizzeranno le Olimpiadi del 2026 e i cantieri collegati: \u00e8 questo l\u2019obiettivo del Comitato Consultivo Provinciale dell\u2019Inail di Belluno, realt\u00e0 composta dalle categorie economiche, dai sindacati, dall\u2019Associazione dei mutilati ed invalidi del lavoro, oltre a tutti gli enti coinvolti nella tutela della sicurezza. \u00a0Un\u2019altra azione che il Comitato intende portare avanti \u2013 in accordo con il Dirigente dell\u2019ufficio scolastico provinciale \u2013 sar\u00e0 rivolta ai ragazzi delle scuole superiori coinvolti nei percorsi di alternanza scuola-lavoro.<\/p>\n<p>&nbsp;<\/p>\n<p>&nbsp;<\/p>\n<hr \/>\n<p>&nbsp;<\/p>\n<blockquote>\n<h3>LOTTA AGLI SPRECHI ALIMENTARI AL COMITATO D\u2019INTESA<\/h3>\n<\/blockquote>\n<p><strong><a class=\"dt-pswp-item\" href=\"https:\/\/www.radiopiu.net\/wordpress\/wp-content\/uploads\/2018\/08\/CSV.png\" data-dt-img-description=\"\" data-large_image_width=\"296\" data-large_image_height=\"170\"><img loading=\"lazy\" decoding=\"async\" class=\"alignleft wp-image-57221 \" src=\"https:\/\/www.radiopiu.net\/wordpress\/wp-content\/uploads\/2018\/08\/CSV.png\" alt=\"\" width=\"176\" height=\"101\" \/><\/a>BELLUNO <\/strong>Dalla raccolta alimentare per la mensa \u201cNoi con Voi\u201d di Feltre ai laboratori nelle scuole della provincia di Belluno, sono molte le attivit\u00e0 che, per un anno intero, hanno coinvolto i quattro giovani volontari Edisona, Sophie, Hamudi e Mehdi. Erano parte del progetto di volontariato \u201cKeep calm and go volunteering\u201d, appena conclusosi. Protagonisti i quattro ragazzi, provenienti da Albania, Francia, Spagna e Tunisia e ospiti del Comitato d\u2019Intesa, che hanno promosso in provincia un percorso di educazione e sensibilizzazione dei giovani bellunesi sulla lotta agli sprechi alimentari e sull\u2019adozione di stili di vita responsabili e sostenibili.<\/p>\n<p><a class=\"dt-pswp-item\" href=\"https:\/\/www.radiopiu.net\/wordpress\/wp-content\/uploads\/2022\/07\/CS35_2022-Si-conclude-il-progetto-Keep-Calm.jpeg\" data-dt-img-description=\"\" data-large_image_width=\"1024\" data-large_image_height=\"768\"><img loading=\"lazy\" decoding=\"async\" class=\"alignnone wp-image-288058 size-full\" src=\"https:\/\/www.radiopiu.net\/wordpress\/wp-content\/uploads\/2022\/07\/CS35_2022-Si-conclude-il-progetto-Keep-Calm.jpeg\" alt=\"\" width=\"1024\" height=\"768\" srcset=\"https:\/\/www.radiopiu.net\/wordpress\/wp-content\/uploads\/2022\/07\/CS35_2022-Si-conclude-il-progetto-Keep-Calm.jpeg 1024w, https:\/\/www.radiopiu.net\/wordpress\/wp-content\/uploads\/2022\/07\/CS35_2022-Si-conclude-il-progetto-Keep-Calm-300x225.jpeg 300w, https:\/\/www.radiopiu.net\/wordpress\/wp-content\/uploads\/2022\/07\/CS35_2022-Si-conclude-il-progetto-Keep-Calm-768x576.jpeg 768w\" sizes=\"auto, (max-width: 1024px) 100vw, 1024px\" \/><\/a><\/p>\n<p>&nbsp;<\/p>\n<p>&nbsp;<\/p>\n<hr \/>\n<p>&nbsp;<\/p>\n<p>&nbsp;<\/p>\n<blockquote>\n<h3><a class=\"dt-pswp-item\" href=\"https:\/\/www.radiopiu.net\/wordpress\/wp-content\/uploads\/2022\/07\/Panchina-post-pulizia.jpeg\" data-dt-img-description=\"\" data-large_image_width=\"1200\" data-large_image_height=\"1600\"><img loading=\"lazy\" decoding=\"async\" class=\"size-thumbnail wp-image-288051 alignright\" src=\"https:\/\/www.radiopiu.net\/wordpress\/wp-content\/uploads\/2022\/07\/Panchina-post-pulizia-150x150.jpeg\" alt=\"\" width=\"150\" height=\"150\" \/><\/a>AL VIA LA MANUTENZIONE DEI PARCHI IN CITTA&#8217;<\/h3>\n<\/blockquote>\n<p><em><span dir=\"ltr\" role=\"presentation\"><a class=\"dt-pswp-item\" href=\"https:\/\/www.radiopiu.net\/wordpress\/wp-content\/uploads\/2022\/07\/Parco-Mussoi-pulizia.jpeg\" data-dt-img-description=\"\" data-large_image_width=\"1200\" data-large_image_height=\"1600\"><img loading=\"lazy\" decoding=\"async\" class=\"wp-image-288052 alignleft\" src=\"https:\/\/www.radiopiu.net\/wordpress\/wp-content\/uploads\/2022\/07\/Parco-Mussoi-pulizia-150x150.jpeg\" alt=\"\" width=\"121\" height=\"121\" \/><\/a> L&#8217;assessore De Kunovich: &#8220;Partiamo da Mussoi, quello pi\u00f9 trascurato&#8221;<\/span><\/em><\/p>\n<p><strong>BELLUNO<\/strong> <span dir=\"ltr\" role=\"presentation\">Hanno<\/span> <span dir=\"ltr\" role=\"presentation\">preso<\/span> <span dir=\"ltr\" role=\"presentation\">il<\/span> <span dir=\"ltr\" role=\"presentation\">via<\/span> <span dir=\"ltr\" role=\"presentation\">le<\/span> <span dir=\"ltr\" role=\"presentation\">manutenzioni<\/span> <span dir=\"ltr\" role=\"presentation\">ai<\/span> <span dir=\"ltr\" role=\"presentation\">parchi<\/span> <span dir=\"ltr\" role=\"presentation\">in<\/span> <span dir=\"ltr\" role=\"presentation\">citt\u00e0:<\/span> <span dir=\"ltr\" role=\"presentation\">l\u2019assessore <\/span><span dir=\"ltr\" role=\"presentation\">all\u2019Ambiente Lorenza De Kunovich questa mattina al Villa Clizia di Mussoi, <\/span><span dir=\"ltr\" role=\"presentation\">da dove sono iniziati i lavori.\u00a0<\/span><\/p>\n<p><span dir=\"ltr\" role=\"presentation\">Seguiranno la pulizia di altre aree verdi come il Parco Citt\u00e0 di Bologna e il <\/span><span dir=\"ltr\" role=\"presentation\">Parco dell\u2019Artigliere da montagna vicino alla stazione.<\/span><\/p>\n<p><strong>AUDIO L&#8217;ASSESSORE LORENZA DE KUNOVICH<\/strong><\/p>\n<audio class=\"wp-audio-shortcode\" id=\"audio-288180-6\" preload=\"none\" style=\"width: 100%;\" controls=\"controls\"><source type=\"audio\/mpeg\" src=\"https:\/\/www.radiopiu.net\/wordpress\/wp-content\/uploads\/2022\/07\/DE-KUNOVICH.mp3?_=6\" \/><a href=\"https:\/\/www.radiopiu.net\/wordpress\/wp-content\/uploads\/2022\/07\/DE-KUNOVICH.mp3\">https:\/\/www.radiopiu.net\/wordpress\/wp-content\/uploads\/2022\/07\/DE-KUNOVICH.mp3<\/a><\/audio>\n<p>&nbsp;<\/p>\n<p>&nbsp;<\/p>\n<hr \/>\n<p>&nbsp;<\/p>\n<p>&nbsp;<\/p>\n<blockquote>\n<h3>NUOVA OPERA IN COMODATO AL MUSEO CIVICO DI BELLUNO<\/h3>\n<\/blockquote>\n<p><em><span dir=\"ltr\" role=\"presentation\"><a class=\"dt-pswp-item\" href=\"https:\/\/www.radiopiu.net\/wordpress\/wp-content\/uploads\/2022\/07\/Cristo-passo.jpeg\" data-dt-img-description=\"\" data-large_image_width=\"1536\" data-large_image_height=\"2048\"><img loading=\"lazy\" decoding=\"async\" class=\"size-thumbnail wp-image-288067 alignleft\" src=\"https:\/\/www.radiopiu.net\/wordpress\/wp-content\/uploads\/2022\/07\/Cristo-passo-150x150.jpeg\" alt=\"\" width=\"150\" height=\"150\" \/><\/a>La<\/span> <span dir=\"ltr\" role=\"presentation\">scultura,<\/span> <span dir=\"ltr\" role=\"presentation\">di<\/span> <span dir=\"ltr\" role=\"presentation\">cui<\/span> <span dir=\"ltr\" role=\"presentation\">non<\/span> <span dir=\"ltr\" role=\"presentation\">si<\/span> <span dir=\"ltr\" role=\"presentation\">conosce<\/span> <span dir=\"ltr\" role=\"presentation\">l\u2019autore,<\/span> <span dir=\"ltr\" role=\"presentation\">risulta<\/span> <span dir=\"ltr\" role=\"presentation\">particolarmente <\/span><span dir=\"ltr\" role=\"presentation\">interessante per la qualit\u00e0 dell\u2019esecuzione tecnica e per la peculiarit\u00e0 del <\/span><span dir=\"ltr\" role=\"presentation\">soggetto<\/span><\/em><\/p>\n<p><span dir=\"ltr\" role=\"presentation\"> Le collezioni del Museo Civico di Belluno si arricchiscono di una nuova <\/span><span dir=\"ltr\" role=\"presentation\">opera grazie alla generosit\u00e0 di un privato cittadino: una scultura in pietra a <\/span><span dir=\"ltr\" role=\"presentation\">tema religioso di datazione ottocentesca. Per il bene \u00e8 stato proposto il <\/span><span dir=\"ltr\" role=\"presentation\">comodato<\/span> <span dir=\"ltr\" role=\"presentation\">e,<\/span> <span dir=\"ltr\" role=\"presentation\">nel<\/span> <span dir=\"ltr\" role=\"presentation\">pomeriggio<\/span> <span dir=\"ltr\" role=\"presentation\">di<\/span> <span dir=\"ltr\" role=\"presentation\">oggi,<\/span> <span dir=\"ltr\" role=\"presentation\">in<\/span> <span dir=\"ltr\" role=\"presentation\">sede<\/span> <span dir=\"ltr\" role=\"presentation\">di<\/span> <span dir=\"ltr\" role=\"presentation\">giunta,<\/span> <span dir=\"ltr\" role=\"presentation\">\u00e8<\/span> <span dir=\"ltr\" role=\"presentation\">stato<\/span> <span dir=\"ltr\" role=\"presentation\">dato <\/span><span dir=\"ltr\" role=\"presentation\">all\u2019unanimit\u00e0 il via libera alla sua accettazione.\u00a0\u00a0<\/span><\/p>\n<p>&nbsp;<\/p>\n<p><strong>L&#8217;ASSESSORE ALLA CULTURA, RAFFAELE ADDAMIANO<\/strong><\/p>\n<audio class=\"wp-audio-shortcode\" id=\"audio-288180-7\" preload=\"none\" style=\"width: 100%;\" controls=\"controls\"><source type=\"audio\/mpeg\" src=\"https:\/\/www.radiopiu.net\/wordpress\/wp-content\/uploads\/2022\/07\/addamiano-scultura.mp3?_=7\" \/><a href=\"https:\/\/www.radiopiu.net\/wordpress\/wp-content\/uploads\/2022\/07\/addamiano-scultura.mp3\">https:\/\/www.radiopiu.net\/wordpress\/wp-content\/uploads\/2022\/07\/addamiano-scultura.mp3<\/a><\/audio>\n<p>&nbsp;<\/p>\n<p>&nbsp;<\/p>\n<hr \/>\n<p>&nbsp;<\/p>\n<p>&nbsp;<\/p>\n<blockquote>\n<h3>L&#8217;OMAGGIO DEI COMPAESANI A DON ANTONIO DELLA LUCIA<\/h3>\n<\/blockquote>\n<p>&nbsp;<\/p>\n<p><strong>FRASSENE&#8217; DI VOLTAGO AGORDINO<\/strong><\/p>\n<p><strong>DI GIANNI SANTOMASO<\/strong><\/p>\n<audio class=\"wp-audio-shortcode\" id=\"audio-288180-8\" preload=\"none\" style=\"width: 100%;\" controls=\"controls\"><source type=\"audio\/mpeg\" src=\"https:\/\/www.radiopiu.net\/wordpress\/wp-content\/uploads\/2022\/07\/DON-ANTONIO-DELLA-LUCIA.mp3?_=8\" \/><a href=\"https:\/\/www.radiopiu.net\/wordpress\/wp-content\/uploads\/2022\/07\/DON-ANTONIO-DELLA-LUCIA.mp3\">https:\/\/www.radiopiu.net\/wordpress\/wp-content\/uploads\/2022\/07\/DON-ANTONIO-DELLA-LUCIA.mp3<\/a><\/audio>\n<p>&nbsp;<\/p>\n\n\t\t\t<style type='text\/css'>\n\t\t\t\t#gallery-7 {\n\t\t\t\t\tmargin: auto;\n\t\t\t\t}\n\t\t\t\t#gallery-7 .gallery-item {\n\t\t\t\t\tfloat: left;\n\t\t\t\t\tmargin-top: 10px;\n\t\t\t\t\ttext-align: center;\n\t\t\t\t\twidth: 50%;\n\t\t\t\t}\n\t\t\t\t#gallery-7 img {\n\t\t\t\t\tborder: 2px solid #cfcfcf;\n\t\t\t\t}\n\t\t\t\t#gallery-7 .gallery-caption {\n\t\t\t\t\tmargin-left: 0;\n\t\t\t\t}\n\t\t\t\t\/* see gallery_shortcode() in wp-includes\/media.php *\/\n\t\t\t<\/style>\n\t\t<div id='gallery-7' class='dt-gallery-container gallery galleryid-288180 gallery-columns-2 gallery-size-medium'><dl class='gallery-item'>\n\t\t\t\t<dt class='gallery-icon landscape'>\n\t\t\t\t\t<a class=\"rollover rollover-zoom dt-pswp-item\" title=\"cc86d8c7-a62a-4afe-80eb-e9afa05ab790\" data-dt-img-description=\"\" data-large_image_width=\"1476\" data-large_image_height=\"1107\"href='https:\/\/www.radiopiu.net\/wordpress\/wp-content\/uploads\/2022\/07\/cc86d8c7-a62a-4afe-80eb-e9afa05ab790.jpg'><img loading=\"lazy\" decoding=\"async\" width=\"300\" height=\"225\" src=\"https:\/\/www.radiopiu.net\/wordpress\/wp-content\/uploads\/2022\/07\/cc86d8c7-a62a-4afe-80eb-e9afa05ab790-300x225.jpg\" class=\"attachment-medium size-medium\" alt=\"\" srcset=\"https:\/\/www.radiopiu.net\/wordpress\/wp-content\/uploads\/2022\/07\/cc86d8c7-a62a-4afe-80eb-e9afa05ab790-300x225.jpg 300w, https:\/\/www.radiopiu.net\/wordpress\/wp-content\/uploads\/2022\/07\/cc86d8c7-a62a-4afe-80eb-e9afa05ab790-1024x768.jpg 1024w, https:\/\/www.radiopiu.net\/wordpress\/wp-content\/uploads\/2022\/07\/cc86d8c7-a62a-4afe-80eb-e9afa05ab790-768x576.jpg 768w, https:\/\/www.radiopiu.net\/wordpress\/wp-content\/uploads\/2022\/07\/cc86d8c7-a62a-4afe-80eb-e9afa05ab790.jpg 1476w\" sizes=\"auto, (max-width: 300px) 100vw, 300px\" \/><\/a>\n\t\t\t\t<\/dt><\/dl><dl class='gallery-item'>\n\t\t\t\t<dt class='gallery-icon landscape'>\n\t\t\t\t\t<a class=\"rollover rollover-zoom dt-pswp-item\" title=\"b9f85e91-d23f-415a-a98d-95b448085913\" data-dt-img-description=\"\" data-large_image_width=\"1476\" data-large_image_height=\"1107\"href='https:\/\/www.radiopiu.net\/wordpress\/wp-content\/uploads\/2022\/07\/b9f85e91-d23f-415a-a98d-95b448085913.jpg'><img loading=\"lazy\" decoding=\"async\" width=\"300\" height=\"225\" src=\"https:\/\/www.radiopiu.net\/wordpress\/wp-content\/uploads\/2022\/07\/b9f85e91-d23f-415a-a98d-95b448085913-300x225.jpg\" class=\"attachment-medium size-medium\" alt=\"\" srcset=\"https:\/\/www.radiopiu.net\/wordpress\/wp-content\/uploads\/2022\/07\/b9f85e91-d23f-415a-a98d-95b448085913-300x225.jpg 300w, https:\/\/www.radiopiu.net\/wordpress\/wp-content\/uploads\/2022\/07\/b9f85e91-d23f-415a-a98d-95b448085913-1024x768.jpg 1024w, https:\/\/www.radiopiu.net\/wordpress\/wp-content\/uploads\/2022\/07\/b9f85e91-d23f-415a-a98d-95b448085913-768x576.jpg 768w, https:\/\/www.radiopiu.net\/wordpress\/wp-content\/uploads\/2022\/07\/b9f85e91-d23f-415a-a98d-95b448085913.jpg 1476w\" sizes=\"auto, (max-width: 300px) 100vw, 300px\" \/><\/a>\n\t\t\t\t<\/dt><\/dl><br style=\"clear: both\" \/>\n\t\t\t<\/div>\n\n<p>&nbsp;<\/p>\n<p>&nbsp;<\/p>\n<hr \/>\n<p>&nbsp;<\/p>\n<blockquote>\n<h3>LA PRESENTAZIONE DELLA SECONDA OPERA POSTUMA DI MARIO AGNOLI<\/h3>\n<\/blockquote>\n<p>&nbsp;<\/p>\n<p><strong>AGORDO<\/strong><\/p>\n<p><strong>DI GIANNI SANTOMASO\u00a0<\/strong><\/p>\n<audio class=\"wp-audio-shortcode\" id=\"audio-288180-9\" preload=\"none\" style=\"width: 100%;\" controls=\"controls\"><source type=\"audio\/mpeg\" src=\"https:\/\/www.radiopiu.net\/wordpress\/wp-content\/uploads\/2022\/07\/POMERIGGICULTURALI.mp3?_=9\" \/><a href=\"https:\/\/www.radiopiu.net\/wordpress\/wp-content\/uploads\/2022\/07\/POMERIGGICULTURALI.mp3\">https:\/\/www.radiopiu.net\/wordpress\/wp-content\/uploads\/2022\/07\/POMERIGGICULTURALI.mp3<\/a><\/audio>\n<p>&nbsp;<\/p>\n<p><img loading=\"lazy\" decoding=\"async\" class=\"\" src=\"https:\/\/www.radiopiu.net\/wordpress\/wp-content\/uploads\/2022\/07\/841b4933-0547-4613-8e5a-77fdaaf42bec.jpg\" width=\"312\" height=\"442\" \/><\/p>\n<p>&nbsp;<\/p>\n<p>&nbsp;<\/p>\n<p>&nbsp;<\/p>\n<p>&nbsp;<\/p>\n<p>&nbsp;<\/p>\n<hr \/>\n<p>&nbsp;<\/p>\n<blockquote>\n<h3><a class=\"dt-pswp-item\" href=\"https:\/\/www.radiopiu.net\/wordpress\/wp-content\/uploads\/2022\/07\/fonda.jpg\" data-dt-img-description=\"\" data-large_image_width=\"560\" data-large_image_height=\"369\"><img loading=\"lazy\" decoding=\"async\" class=\"size-thumbnail wp-image-286801 alignleft\" src=\"https:\/\/www.radiopiu.net\/wordpress\/wp-content\/uploads\/2022\/07\/fonda-150x150.jpg\" alt=\"\" width=\"150\" height=\"150\" \/><\/a>DOMANI LA VISITA DEL CARDINALE PAROLIN, IL PROGRAMMA<\/h3>\n<\/blockquote>\n<p>&nbsp;<\/p>\n<p><strong>CANALE D&#8217;AGORDO<\/strong> La Fondazione Papa Luciani ha ufficializzato il programma in occasione della visita del Cardinale Pietro Parolin, Segretario di Sua Santit\u00e0 Papa Francesco a Canale d&#8217;Agordo, in programma domani.<\/p>\n<p>Alle 10 a fare gli onori di casa il\u00a0 sindaco Flavio Colcergnan e l&#8217;amministratore parrocchiale Don Matteo Colle, alle\u00a0 10.30 la Visita alla Casa Natale di Papa Luciani<\/p>\n<p>Per maggiori informazioni: FONDAZIONE PAPA LUCIANI\u00a0 www.musal.it\u00a0 \u00a0 info@fondazionepapaluciani.com<\/p>\n<p>&nbsp;<\/p>\n<p>&nbsp;<\/p>\n<hr \/>\n<p>&nbsp;<\/p>\n<blockquote>\n<h3>OGGI IL CARDINALE PIETRO PAROLIN A LORENZAGO<\/h3>\n<\/blockquote>\n<p><strong><a class=\"dt-pswp-item\" href=\"https:\/\/www.radiopiu.net\/wordpress\/wp-content\/uploads\/2022\/07\/santuario1-scaled.jpg\" data-dt-img-description=\"\" data-large_image_width=\"2560\" data-large_image_height=\"1920\"><img loading=\"lazy\" decoding=\"async\" class=\"size-thumbnail wp-image-287988 alignleft\" src=\"https:\/\/www.radiopiu.net\/wordpress\/wp-content\/uploads\/2022\/07\/santuario1-150x150.jpg\" alt=\"\" width=\"150\" height=\"150\" \/><\/a>LORENZAGO<\/strong> Tutto pronto a Lorenzago per ospitare il Segretario di Stato Vaticano, cardinale Pietro Parolin. Sara\u0300 lui a celebrare la Santa Messa per la benedizione dei lavori di restauro eseguiti al Santuario all\u2019aperto dedicato a Giovanni Paolo II. La cerimonia si terra\u0300 oggi alle 18 in localita\u0300 Mirabello a Lorenzago. Il santuario costruito nel 2014 alle spalle della villa dove i Papi hanno soggiornato per ben 7 volte, e\u0300 stato pesantemente condizionato dalle abbondanti precipitazioni degli ultimi inverni. Grazie ad una donazione privata della ditta Ivecos di Colle Umberto (TV) e\u0300 stato possibile nelle ultime settimane eseguire un corposo intervento di ristrutturazione, che ha riguardato soprattutto la struttura che ospita l\u2019altare al centro di un fitto e suggestivo bosco di abeti e larici.<\/p>\n<p>&nbsp;<\/p>\n<p>&nbsp;<\/p>\n<hr \/>\n<p>&nbsp;<\/p>\n<blockquote>\n<h3>NEL CONSIGLIO COMUNALE DI RIVAMONTE GLI EQUILIBRI DI BILANCIO<\/h3>\n<\/blockquote>\n<p><strong>RIVAMONTE\u00a0<\/strong> Il sindaco Giovanni Nino Deon ha convocato il consiglio comunale per oggi alle 18.30. All&#8217;ordine del giorno la variazione di assestamento di bilancio e l&#8217;approvazione della modifica allo statuto dell&#8217;Azienda Speciale Consortile Agordina (Asca).<\/p>\n<p>&nbsp;<\/p>\n<p>&nbsp;<\/p>\n<hr \/>\n<p>&nbsp;<\/p>\n<blockquote>\n<h3>ANCHE LA MODIFICA DEL PIANO TRIENNALE DELLE OPERE PUBBLICHE NEL CONSIGLIO COMUNALE IN VAL FIORENTINA<\/h3>\n<\/blockquote>\n<p><strong>SELVA DI CADORE<\/strong> Lunedi alle 18 consiglio comunale convocato dal sindaco Luca Lorenzini, all&#8217;ordine del giorno: variazioni al bilanci di previsione e assestamento generale di bilancio. Nomina del revisore dei conti (Sara Tillati) e approvazione della variante al piano degli interventi. In discussione anche il regolamento autoservizi pubblici e lo statuto dell&#8217;ASCA.<\/p>\n<p>&nbsp;<\/p>\n<hr \/>\n<p>&nbsp;<\/p>\n<blockquote>\n<h3>SABATO AL VIA &#8220;D&#8217;ISTA&#8217; A SAN TOMAS&#8221;<\/h3>\n<\/blockquote>\n<p><strong>SAN TOMASO<\/strong> Inizia questo fine settimana la serie di eventi a San Tomaso dal titolo &#8220;Ist\u00e0 a San Tomas&#8221;. Cinque appuntamenti d&#8217;estate organizzati dalla Pro Loco. Il primo appuntamento sabato alle 17:30 a Celat &#8211; Pont dei Lida con &#8220;La Memoria, Le stagioni e la strada&#8221;, il nostro territorio visto attraverso i racconti di Paolo Soppelsa, con la partecipazione di Radio Pi\u00f9. Sabato 6 agosto alle 20:45 sar\u00e0 il turno dei Sintagma, quartetto vocale di Feltre, con &#8220;Musica inte le Vile&#8221;. Luned\u00ec 8 agosto alle 21 Musica Nell&#8217;Agordino presenta un concerto per soprano e organo, con Sara Cecchin e Manolo Da Rold. Il secondo appuntamento di Musica Inte Le Vile \u00e8 in programma sabato 13 agosto alle 17:30 con il concerto del Trio Na Fuoia. A chiudere il programma sar\u00e0 Luisa Manfroi con &#8220;L&#8217;Agordino&#8221;, con racconti e aneddoti sul nostro territorio, gioved\u00ec 18 agosto alle 17:30.<\/p>\n<p><strong>L&#8217;INVITO DI PAOLO SOPPELSA ALLA PRIMA DATA\u00a0<\/strong><\/p>\n<audio class=\"wp-audio-shortcode\" id=\"audio-288180-10\" preload=\"none\" style=\"width: 100%;\" controls=\"controls\"><source type=\"audio\/mpeg\" src=\"https:\/\/www.radiopiu.net\/wordpress\/wp-content\/uploads\/2022\/07\/INVITO-PAOLO-SOPPELSA.mp3?_=10\" \/><a href=\"https:\/\/www.radiopiu.net\/wordpress\/wp-content\/uploads\/2022\/07\/INVITO-PAOLO-SOPPELSA.mp3\">https:\/\/www.radiopiu.net\/wordpress\/wp-content\/uploads\/2022\/07\/INVITO-PAOLO-SOPPELSA.mp3<\/a><\/audio>\n<p>&nbsp;<\/p>\n\n\t\t\t<style type='text\/css'>\n\t\t\t\t#gallery-8 {\n\t\t\t\t\tmargin: auto;\n\t\t\t\t}\n\t\t\t\t#gallery-8 .gallery-item {\n\t\t\t\t\tfloat: left;\n\t\t\t\t\tmargin-top: 10px;\n\t\t\t\t\ttext-align: center;\n\t\t\t\t\twidth: 50%;\n\t\t\t\t}\n\t\t\t\t#gallery-8 img {\n\t\t\t\t\tborder: 2px solid #cfcfcf;\n\t\t\t\t}\n\t\t\t\t#gallery-8 .gallery-caption {\n\t\t\t\t\tmargin-left: 0;\n\t\t\t\t}\n\t\t\t\t\/* see gallery_shortcode() in wp-includes\/media.php *\/\n\t\t\t<\/style>\n\t\t<div id='gallery-8' class='dt-gallery-container gallery galleryid-288180 gallery-columns-2 gallery-size-thumbnail'><dl class='gallery-item'>\n\t\t\t\t<dt class='gallery-icon portrait'>\n\t\t\t\t\t<a class=\"rollover rollover-zoom dt-pswp-item\" title=\"6e7afc39-2e50-47c6-b393-095c3fddcce2\" data-dt-img-description=\"\" data-large_image_width=\"1131\" data-large_image_height=\"1600\"href='https:\/\/www.radiopiu.net\/wordpress\/wp-content\/uploads\/2022\/07\/6e7afc39-2e50-47c6-b393-095c3fddcce2.jpg'><img loading=\"lazy\" decoding=\"async\" width=\"150\" height=\"150\" src=\"https:\/\/www.radiopiu.net\/wordpress\/wp-content\/uploads\/2022\/07\/6e7afc39-2e50-47c6-b393-095c3fddcce2-150x150.jpg\" class=\"attachment-thumbnail size-thumbnail\" alt=\"\" \/><\/a>\n\t\t\t\t<\/dt><\/dl><dl class='gallery-item'>\n\t\t\t\t<dt class='gallery-icon portrait'>\n\t\t\t\t\t<a class=\"rollover rollover-zoom dt-pswp-item\" title=\"1a520690-775c-4d64-b148-d2d695a51a74\" data-dt-img-description=\"\" data-large_image_width=\"1131\" data-large_image_height=\"1600\"href='https:\/\/www.radiopiu.net\/wordpress\/wp-content\/uploads\/2022\/07\/1a520690-775c-4d64-b148-d2d695a51a74.jpg'><img loading=\"lazy\" decoding=\"async\" width=\"150\" height=\"150\" src=\"https:\/\/www.radiopiu.net\/wordpress\/wp-content\/uploads\/2022\/07\/1a520690-775c-4d64-b148-d2d695a51a74-150x150.jpg\" class=\"attachment-thumbnail size-thumbnail\" alt=\"\" \/><\/a>\n\t\t\t\t<\/dt><\/dl><br style=\"clear: both\" \/>\n\t\t\t<\/div>\n\n<p>&nbsp;<\/p>\n<p>&nbsp;<\/p>\n<hr \/>\n<p>&nbsp;<\/p>\n<blockquote>\n<h3>SABATO LA VERNICE DELLA MOSTRA DI ALBINO MEZZACASA<\/h3>\n<\/blockquote>\n<blockquote>\n<h3><strong style=\"font-size: 14px;\">CENCENIGHE<\/strong><span style=\"font-size: 14px; font-weight: normal;\"> Sar\u00e0 visitabile dal 23 luglio e fino al 14 agosto la mostra di scultura di Albino Mezzacasa presso il Nof Fil\u00f2 di Cencenighe. Gli orari delle visite: nei giorni feriali dalle 17:30 alle 21, sabato e domenica dalle 10 alle 12 e dalle 17:30 alle 21.<\/span><\/h3>\n<\/blockquote>\n<p>&nbsp;<\/p>\n<p><strong>CENCENIGHE<\/strong><br \/>\n<strong>DI GIANNI SANTOMASO<\/strong><\/p>\n<audio class=\"wp-audio-shortcode\" id=\"audio-288180-11\" preload=\"none\" style=\"width: 100%;\" controls=\"controls\"><source type=\"audio\/mpeg\" src=\"https:\/\/www.radiopiu.net\/wordpress\/wp-content\/uploads\/2022\/07\/ALBINO-MEZZACASA.mp3?_=11\" \/><a href=\"https:\/\/www.radiopiu.net\/wordpress\/wp-content\/uploads\/2022\/07\/ALBINO-MEZZACASA.mp3\">https:\/\/www.radiopiu.net\/wordpress\/wp-content\/uploads\/2022\/07\/ALBINO-MEZZACASA.mp3<\/a><\/audio>\n<p>&nbsp;<\/p>\n<p><span style=\"color: #ff0000;\"><strong>LO SPECIALE ALLA RADIO, L&#8217;INTERVISTA<\/strong><\/span><\/p>\n<p><strong><a class=\"dt-pswp-item\" href=\"https:\/\/www.radiopiu.net\/wordpress\/wp-content\/uploads\/2022\/07\/Schermata-2022-07-07-alle-09.42.10.png\" data-dt-img-description=\"\" data-large_image_width=\"850\" data-large_image_height=\"436\"><img loading=\"lazy\" decoding=\"async\" class=\"alignleft wp-image-285891 \" src=\"https:\/\/www.radiopiu.net\/wordpress\/wp-content\/uploads\/2022\/07\/Schermata-2022-07-07-alle-09.42.10-300x154.png\" alt=\"\" width=\"214\" height=\"110\" srcset=\"https:\/\/www.radiopiu.net\/wordpress\/wp-content\/uploads\/2022\/07\/Schermata-2022-07-07-alle-09.42.10-300x154.png 300w, https:\/\/www.radiopiu.net\/wordpress\/wp-content\/uploads\/2022\/07\/Schermata-2022-07-07-alle-09.42.10-768x394.png 768w, https:\/\/www.radiopiu.net\/wordpress\/wp-content\/uploads\/2022\/07\/Schermata-2022-07-07-alle-09.42.10.png 850w\" sizes=\"auto, (max-width: 214px) 100vw, 214px\" \/><\/a>DI MIRKO MEZZACASA<\/strong><\/p>\n<p>OSPITE: Albino Mezzacasa<\/p>\n<audio class=\"wp-audio-shortcode\" id=\"audio-288180-12\" preload=\"none\" style=\"width: 100%;\" controls=\"controls\"><source type=\"audio\/mpeg\" src=\"https:\/\/www.radiopiu.net\/wordpress\/wp-content\/uploads\/2022\/07\/albino-mezzacasa-8-LUGLIO.mp3?_=12\" \/><a href=\"https:\/\/www.radiopiu.net\/wordpress\/wp-content\/uploads\/2022\/07\/albino-mezzacasa-8-LUGLIO.mp3\">https:\/\/www.radiopiu.net\/wordpress\/wp-content\/uploads\/2022\/07\/albino-mezzacasa-8-LUGLIO.mp3<\/a><\/audio>\n<p>&nbsp;<\/p>\n<p>&nbsp;<\/p>\n<p>&nbsp;<\/p>\n<hr \/>\n<p>&nbsp;<\/p>\n<blockquote>\n<h3>ORA SONO 16 LE DOLOMITI IN MINIATURA A SAN TOMASO, TERMINATE LE ULTIME TRE<\/h3>\n<\/blockquote>\n<p><strong>SAN TOMASO<\/strong>\u00a0Si \u00e8 concluso domenica 17 luglio 2022 il Quinto Simposio di scultura \u201cDolomiti in miniatura\u201d\u00a0che ha visto protagonisti tre giovani scultori di fama internazionale: Claudia Zanaga, Abdulkadir Hocaoglu e Shekine Naidi. Le loro opere andranno quindi ad arricchire il Sentiero delle Dolomiti in miniatura portando a 16 le riproduzioni che si potranno ammirare nel corso della passeggiata che dalla piazza del paese di S. Tomaso Agordino conduce alla Forcella. Sono state realizzate, infatti, nel corso della passata settimana la Croda dei Toni, il Sassolungo e la Gusela de Vescov\u00e0. Nel corso del Simposio gli artisti hanno incontrato numerose persone che sono passate in localit\u00e0 Al Pian \u2013 nei pressi di Vertik Area Dolomiti &#8211; per ammirarli all\u2019opera. L\u2019attivit\u00e0 di scultura \u00e8 stata affiancata da due uscite per conoscere da vicino il Sentiero delle Dolomites Rock Mountaines che hanno riscosso successo ed interesse: la prima aperta a tutti gli interessati e condotta dalla guida alpina Valerio Scarpa, la seconda organizzata in collaborazione con l\u2019AIPD sezione della Provincia di Belluno<\/p>\n\n\t\t\t<style type='text\/css'>\n\t\t\t\t#gallery-9 {\n\t\t\t\t\tmargin: auto;\n\t\t\t\t}\n\t\t\t\t#gallery-9 .gallery-item {\n\t\t\t\t\tfloat: left;\n\t\t\t\t\tmargin-top: 10px;\n\t\t\t\t\ttext-align: center;\n\t\t\t\t\twidth: 25%;\n\t\t\t\t}\n\t\t\t\t#gallery-9 img {\n\t\t\t\t\tborder: 2px solid #cfcfcf;\n\t\t\t\t}\n\t\t\t\t#gallery-9 .gallery-caption {\n\t\t\t\t\tmargin-left: 0;\n\t\t\t\t}\n\t\t\t\t\/* see gallery_shortcode() in wp-includes\/media.php *\/\n\t\t\t<\/style>\n\t\t<div id='gallery-9' class='dt-gallery-container gallery galleryid-288180 gallery-columns-4 gallery-size-thumbnail'><dl class='gallery-item'>\n\t\t\t\t<dt class='gallery-icon portrait'>\n\t\t\t\t\t<a class=\"rollover rollover-zoom dt-pswp-item\" title=\"3d81111d-8f1a-44d5-9527-121aefa0c436\" data-dt-img-description=\"\" data-large_image_width=\"497\" data-large_image_height=\"1024\"href='https:\/\/www.radiopiu.net\/wordpress\/wp-content\/uploads\/2022\/07\/3d81111d-8f1a-44d5-9527-121aefa0c436.jpg'><img loading=\"lazy\" decoding=\"async\" width=\"150\" height=\"150\" src=\"https:\/\/www.radiopiu.net\/wordpress\/wp-content\/uploads\/2022\/07\/3d81111d-8f1a-44d5-9527-121aefa0c436-150x150.jpg\" class=\"attachment-thumbnail size-thumbnail\" alt=\"\" aria-describedby=\"gallery-9-287882\" \/><\/a>\n\t\t\t\t<\/dt>\n\t\t\t\t\t<dd class='wp-caption-text gallery-caption' id='gallery-9-287882'>\n\t\t\t\t\t Shekine Naidi.\n\t\t\t\t\t<\/dd><\/dl><dl class='gallery-item'>\n\t\t\t\t<dt class='gallery-icon portrait'>\n\t\t\t\t\t<a class=\"rollover rollover-zoom dt-pswp-item\" title=\"d7fa94b3-d30b-4a41-ae82-f55706d86034\" data-dt-img-description=\"\" data-large_image_width=\"497\" data-large_image_height=\"1024\"href='https:\/\/www.radiopiu.net\/wordpress\/wp-content\/uploads\/2022\/07\/d7fa94b3-d30b-4a41-ae82-f55706d86034.jpg'><img loading=\"lazy\" decoding=\"async\" width=\"150\" height=\"150\" src=\"https:\/\/www.radiopiu.net\/wordpress\/wp-content\/uploads\/2022\/07\/d7fa94b3-d30b-4a41-ae82-f55706d86034-150x150.jpg\" class=\"attachment-thumbnail size-thumbnail\" alt=\"\" aria-describedby=\"gallery-9-287881\" \/><\/a>\n\t\t\t\t<\/dt>\n\t\t\t\t\t<dd class='wp-caption-text gallery-caption' id='gallery-9-287881'>\n\t\t\t\t\tClaudia  Zanaga\n\t\t\t\t\t<\/dd><\/dl><dl class='gallery-item'>\n\t\t\t\t<dt class='gallery-icon portrait'>\n\t\t\t\t\t<a class=\"rollover rollover-zoom dt-pswp-item\" title=\"ff0181a5-97cd-439b-8739-8a7a948feee9\" data-dt-img-description=\"\" data-large_image_width=\"497\" data-large_image_height=\"1024\"href='https:\/\/www.radiopiu.net\/wordpress\/wp-content\/uploads\/2022\/07\/ff0181a5-97cd-439b-8739-8a7a948feee9.jpg'><img loading=\"lazy\" decoding=\"async\" width=\"150\" height=\"150\" src=\"https:\/\/www.radiopiu.net\/wordpress\/wp-content\/uploads\/2022\/07\/ff0181a5-97cd-439b-8739-8a7a948feee9-150x150.jpg\" class=\"attachment-thumbnail size-thumbnail\" alt=\"\" aria-describedby=\"gallery-9-287880\" \/><\/a>\n\t\t\t\t<\/dt>\n\t\t\t\t\t<dd class='wp-caption-text gallery-caption' id='gallery-9-287880'>\n\t\t\t\t\t, Abdulkadir Hocaoglu \n\t\t\t\t\t<\/dd><\/dl><dl class='gallery-item'>\n\t\t\t\t<dt class='gallery-icon landscape'>\n\t\t\t\t\t<a class=\"rollover rollover-zoom dt-pswp-item\" title=\"a09af0f6-a360-40c2-8160-2f18a5000f15\" data-dt-img-description=\"\" data-large_image_width=\"1024\" data-large_image_height=\"768\"href='https:\/\/www.radiopiu.net\/wordpress\/wp-content\/uploads\/2022\/07\/a09af0f6-a360-40c2-8160-2f18a5000f15.jpg'><img loading=\"lazy\" decoding=\"async\" width=\"150\" height=\"150\" src=\"https:\/\/www.radiopiu.net\/wordpress\/wp-content\/uploads\/2022\/07\/a09af0f6-a360-40c2-8160-2f18a5000f15-150x150.jpg\" class=\"attachment-thumbnail size-thumbnail\" alt=\"\" \/><\/a>\n\t\t\t\t<\/dt><\/dl><br style=\"clear: both\" \/>\n\t\t\t<\/div>\n\n<p>&nbsp;<\/p>\n<p><a href=\"https:\/\/www.facebook.com\/marco.baghy.1\/videos\/410192901061272\">https:\/\/www.facebook.com\/marco.baghy.1\/videos\/410192901061272<\/a><\/p>\n<p>&nbsp;<\/p>\n<hr \/>\n<p>&nbsp;<\/p>\n<blockquote>\n<h3><span style=\"color: #ff0000;\">CONSIGLI<\/span><\/h3>\n<p><strong>Rodolfo Pellegrinon da Falcade ci scrive:<\/strong><\/p><\/blockquote>\n<div class=\"moz-text-html\" lang=\"x-western\">\n<div dir=\"ltr\">\n<div>\n<p><em><a class=\"dt-pswp-item\" href=\"https:\/\/www.radiopiu.net\/wordpress\/wp-content\/uploads\/2022\/07\/th-14.jpg\" data-dt-img-description=\"\" data-large_image_width=\"474\" data-large_image_height=\"317\"><img loading=\"lazy\" decoding=\"async\" class=\"wp-image-288057 alignleft\" src=\"https:\/\/www.radiopiu.net\/wordpress\/wp-content\/uploads\/2022\/07\/th-14-150x150.jpg\" alt=\"\" width=\"92\" height=\"92\" \/><\/a>&#8220;L\u2019aria condizionata in auto pu\u00f2 rivelarsi come un prezioso alleato soprattutto nelle lunghe file e con calure estreme. Attenzione per\u00f2 perch\u00e9\u00a0 pochi sanno che tale sollievo pu\u00f2 costare caro. Infatti l\u2019art.157 \u2013 comma 7 bis del Codice della Strada afferma chiaramente che \u00e8 vietato tenere il motore acceso durante la sosta dei veicoli per mantenere in funzione l\u2019impianto di condizionamento d\u2019aria all\u2019interno dell\u2019auto. La multa per tale infrazione va da un minimo di 218 euro ad un massimo di 435 euro. Vista la sanzione direi che conviene sopportare un p\u00f2 di caldo&#8221;.<\/em><\/p>\n<\/div>\n<\/div>\n<\/div>\n<p>&nbsp;<\/p>\n<p>&nbsp;<\/p>\n<hr \/>\n<p>&nbsp;<\/p>\n<blockquote>\n<h3>OGGI A CANALE D&#8217;AGORDO LA PRESENTAZIONE DEL LIBRO SU VALERIO DA POS<\/h3>\n<\/blockquote>\n<p><strong>CANALE D&#8217;AGORDO <\/strong>Proseguono gli appuntamenti organizzati dal Musal \u2013 Museo Albino Luciani (www.musal.it) per ricordare il poeta \u2013 contadino Valerio Da Pos (1740 \u2013 1822) nel 200\u00b0 anniversario della sua morte. Oggi, alle ore 20.30, presso la Sala Ex Emigranti di via Lotta a Canale d&#8217;Agordo (Belluno) si terr\u00e0 l&#8217;incontro per la presentazione del volume \u201cValerio Da Pos poeta contadino. Testi inediti e nuovi contributi critici\u201d di Rosetta Girotto Cannarella, a cura di Bepi Pellegrinon (Nuovi sentieri editore). Ad accompagnare la serata le letture di poesie con il prof. Francesco Piero Franchi.<\/p>\n<p>&nbsp;<\/p>\n<hr \/>\n<p>&nbsp;<\/p>\n<blockquote><p><span style=\"color: #000000; font-family: verdana, sans-serif; font-size: large;\"><b>&#8220;NOSTALGIA DI UN SORRISO&#8221;. A PIEVE D\u2019ALPAGO MONSIGNOR FORNEZZA RACCONTA PAPA LUCIANI<\/b><\/span><\/p><\/blockquote>\n<p><strong>ALPAGO\u00a0<\/strong> \u201cNostalgia di un sorriso\u201d \u00e8 il titolo della pubblicazione che monsignor Ettore Fornezza, sacerdote veneziano, ha dedicato ad Albino Luciani, Giovanni Paolo I. Il libro sar\u00e0 presentato, alla presenza dell\u2019autore, venerd\u00ec 22 luglio\u00a0 alle 20.30 nella chiesa arcipretale di Pieve d\u2019Alpago, a cura del Comitato Alpago 2 Ruote&amp;Solidariet\u00e0, in collaborazione con Comune di Alpago, Biblioteca Civica e Parrocchia. Monsignor Fornezza per una decina d\u2019anni \u00e8 stato accanto a Luciani poi come prete e aiutante personale ed \u00e8 presidente dell&#8217;Associazione, creata in memoria dell&#8217;ex Patriarca di Venezia e poi papa Giovanni Paolo I. Il volume curato dal sacerdote veneziano \u00e8 ricco di fotografie e racconta Luciani lontano dall&#8217;ufficialit\u00e0.<\/p>\n<p>&nbsp;<\/p>\n<p>&nbsp;<\/p>\n<hr \/>\n<p>&nbsp;<\/p>\n<blockquote>\n<h3>FORMICHE D&#8217;ALTA QUOTA CON FABIO VETTORI<\/h3>\n<\/blockquote>\n<p><strong><a class=\"dt-pswp-item\" href=\"https:\/\/www.radiopiu.net\/wordpress\/wp-content\/uploads\/2022\/07\/aaa-7.jpg\" data-dt-img-description=\"\" data-large_image_width=\"339\" data-large_image_height=\"238\"><img loading=\"lazy\" decoding=\"async\" class=\"size-thumbnail wp-image-288054 alignleft\" src=\"https:\/\/www.radiopiu.net\/wordpress\/wp-content\/uploads\/2022\/07\/aaa-7-150x150.jpg\" alt=\"\" width=\"150\" height=\"150\" \/><\/a>ROCCA PIETORE<\/strong> Sabato alle 11 nella sala polifunzionale della stazione funiviaria di Serauta sar\u00e0 inaugurata la\u00a0 <span id=\"page3R_mcid9\" class=\"markedContent\"><span dir=\"ltr\" role=\"presentation\">mostra personale di <\/span><span dir=\"ltr\" role=\"presentation\">Fabio Vettori \u201cFormiche ad alta quota\u201d alla presenza dell&#8217;autore. E<\/span><\/span><span id=\"page3R_mcid10\" class=\"markedContent\"><span dir=\"ltr\" role=\"presentation\">sposizione\u00a0 a 50 anni dalla<\/span><br role=\"presentation\" \/><span dir=\"ltr\" role=\"presentation\">creazione<\/span> <span dir=\"ltr\" role=\"presentation\">della<\/span> <span dir=\"ltr\" role=\"presentation\">prima<\/span> <span dir=\"ltr\" role=\"presentation\">formica.<\/span> <span dir=\"ltr\" role=\"presentation\">Nel<\/span> <span dir=\"ltr\" role=\"presentation\">pomeriggio,<\/span> <span dir=\"ltr\" role=\"presentation\">per<\/span> <span dir=\"ltr\" role=\"presentation\">bambini<\/span> <span dir=\"ltr\" role=\"presentation\">e<\/span> <span dir=\"ltr\" role=\"presentation\">ragazzi<\/span> <span dir=\"ltr\" role=\"presentation\">sar\u00e0 <\/span><span dir=\"ltr\" role=\"presentation\">invece offerta la possibilit\u00e0 di partecipare<\/span> <span dir=\"ltr\" role=\"presentation\">gratuitamente a un laboratorio di <\/span><span dir=\"ltr\" role=\"presentation\">disegno tenuto da Fabio Vettori. <\/span><\/span><span id=\"page3R_mcid11\" class=\"markedContent\"><span dir=\"ltr\" role=\"presentation\">La mostra \u00e8 stata organizzata con lo scopo di affrontare in modo diverso temi <\/span><span dir=\"ltr\" role=\"presentation\">culturali,<\/span> <span dir=\"ltr\" role=\"presentation\">come<\/span> <span dir=\"ltr\" role=\"presentation\">quello<\/span> <span dir=\"ltr\" role=\"presentation\">della<\/span> <span dir=\"ltr\" role=\"presentation\">Grande<\/span> <span dir=\"ltr\" role=\"presentation\">Guerra,<\/span> <span dir=\"ltr\" role=\"presentation\">che<\/span> <span dir=\"ltr\" role=\"presentation\">\u00e8<\/span> <span dir=\"ltr\" role=\"presentation\">ben<\/span> <span dir=\"ltr\" role=\"presentation\">rappresentato<\/span> <span dir=\"ltr\" role=\"presentation\">nella<\/span><br role=\"presentation\" \/><span dir=\"ltr\" role=\"presentation\">tavola di Vettori dedicat<\/span><span dir=\"ltr\" role=\"presentation\">a alla Marmolada. La cultura \u00e8 da sempre nascosta in <\/span><span dir=\"ltr\" role=\"presentation\">questo mondo di carta popolato dalle formiche umanizzate dell\u2019autore trentino, <\/span><span dir=\"ltr\" role=\"presentation\">che<\/span> <span dir=\"ltr\" role=\"presentation\">dopo<\/span> <span dir=\"ltr\" role=\"presentation\">aver<\/span> <span dir=\"ltr\" role=\"presentation\">fatto<\/span> <span dir=\"ltr\" role=\"presentation\">il<\/span> <span dir=\"ltr\" role=\"presentation\">giro<\/span> <span dir=\"ltr\" role=\"presentation\">del<\/span> <span dir=\"ltr\" role=\"presentation\">globo<\/span> <span dir=\"ltr\" role=\"presentation\">le<\/span> <span dir=\"ltr\" role=\"presentation\">ha<\/span> <span dir=\"ltr\" role=\"presentation\">portate<\/span> <span dir=\"ltr\" role=\"presentation\">fin<\/span> <span dir=\"ltr\" role=\"presentation\">sulla<\/span> <span dir=\"ltr\" role=\"presentation\">Regina<\/span> <span dir=\"ltr\" role=\"presentation\">delle <\/span><span dir=\"ltr\" role=\"presentation\">Dolomiti, la Marmolada. <\/span><\/span><span id=\"page3R_mcid12\" class=\"markedContent\"><span dir=\"ltr\" role=\"presentation\">All\u2019inaugurazione seguir<\/span><span dir=\"ltr\" role=\"presentation\">\u00e0 un momento conviviale aperto a tutti i partecipanti\u00a0<\/span><\/span><\/p>\n<p>&nbsp;<\/p>\n<p>&nbsp;<\/p>\n<hr \/>\n<p>&nbsp;<\/p>\n<blockquote>\n<h3>A CANALE D\u2019AGORDO IL 19.MO SIMPOSIO DEI MASCHERAI ALPINI<\/h3>\n<\/blockquote>\n<p><span style=\"font-family: verdana, sans-serif;\"><strong><a class=\"dt-pswp-item\" href=\"https:\/\/www.radiopiu.net\/wordpress\/wp-content\/uploads\/2022\/07\/tita-bressan-mascherai-alpini.jpeg\" data-dt-img-description=\"\" data-large_image_width=\"1536\" data-large_image_height=\"2048\"><img loading=\"lazy\" decoding=\"async\" class=\"alignleft wp-image-288064 \" src=\"https:\/\/www.radiopiu.net\/wordpress\/wp-content\/uploads\/2022\/07\/tita-bressan-mascherai-alpini.jpeg\" alt=\"\" width=\"207\" height=\"276\" srcset=\"https:\/\/www.radiopiu.net\/wordpress\/wp-content\/uploads\/2022\/07\/tita-bressan-mascherai-alpini.jpeg 1536w, https:\/\/www.radiopiu.net\/wordpress\/wp-content\/uploads\/2022\/07\/tita-bressan-mascherai-alpini-225x300.jpeg 225w, https:\/\/www.radiopiu.net\/wordpress\/wp-content\/uploads\/2022\/07\/tita-bressan-mascherai-alpini-768x1024.jpeg 768w, https:\/\/www.radiopiu.net\/wordpress\/wp-content\/uploads\/2022\/07\/tita-bressan-mascherai-alpini-1152x1536.jpeg 1152w\" sizes=\"auto, (max-width: 207px) 100vw, 207px\" \/><\/a>CANALE D&#8217;AGORDO\u00a0<\/strong> Si svolger\u00e0 a Canale d\u2019Agordo la <a href=\"http:\/\/19.ma\">19.ma<\/a> edizione del Simposio dei Mascherai Alpini, iniziativa dedicata alla scultura proposta dal \u201cConsorzio dei Mascherai Alpini\u201d, realt\u00e0 nata nel 2002 per iniziativa di un gruppo di scultori di maschere lignee carnevalesche, provenienti da varie localit\u00e0 alpine del Nordest d\u2019Italia, in sinergia con il comitato La Zinghenesta, comitato che qualche anno fa ha rivitalizzato l\u2019antica maschera agordina. L\u2019appuntamento con il simposio \u00e8 da venerd\u00ec a domenica, con una tre giorni di grande intensit\u00e0. Venerd\u00ec: dalle 15 alle 18.30,\u00a0 inizio della realizzazione delle sculture, alle 19 inaugurazione ufficiale della rassegna cui seguir\u00e0 l&#8217;inaugurazione delle mostre correlate, nella sala consiliare del municipio, con l\u2019intervento della critica d&#8217;arte Mariangela Bognolo. Sabato dalle 9.30 alle 12 e dalle 15 alle 18.30 gli artisti lavoreranno nelle diverse postazioni, dislocate tra piazza papa Luciani e la piazzetta di Tancon e anche in alcuni tabi\u00e0 e alle 21, in piazza papa Luciani ci sar\u00e0 l\u2019esibizione del gruppo folk Val Biois, accompagnato dall\u2019intervento del comitato La Zinghenesta che presenter\u00e0 le maschere locali. <\/span><span style=\"font-family: verdana, sans-serif;\">L\u2019ultima parte del lavoro dei mascherai alpini \u00e8 previsto per la mattinata di domenica\u00a0 dalle 9 alle 12. Alle 15 le premiazioni.<\/span><\/p>\n<div>\n<blockquote>\n<div><span style=\"font-family: verdana, sans-serif;\"><br \/>\n<em>\u00abSono ventuno gli artisti che hanno aderito. Siamo molto soddisfatti perch\u00e9 provengono non solo dall\u2019Italia ma anche dalla Svizzera, dall\u2019Austria e dalla Slovenia\u00bb <\/em>sottolinea Simone Ongaro, del consiglio direttivo della Zinghenesta<em>. \u00abOltre ai lavori dei mascherai alpini, residenti e ospiti della nostra vallata potranno ammirare, presso la sala consiliare del municipio, anche altre opere: quelle della mostra dedicata a Dante Alighieri, quella delle maschere della Zinghenesta e la Xiloteca dei Mascherai alpini\u00bb.<\/em><\/span><\/div>\n<\/blockquote>\n<div><span style=\"font-family: verdana, sans-serif;\"><br \/>\nPer approfondimenti: <a href=\"http:\/\/www.zinghenesta.it\">www.zinghenesta.it<\/a> e <a href=\"http:\/\/www.mascheraialpini.com\">www.mascheraialpini.com<\/a><\/span><\/div>\n<\/div>\n<div><\/div>\n<p>&nbsp;<\/p>\n<hr \/>\n<p>&nbsp;<\/p>\n<blockquote>\n<h3>DILLO A RADIO PIU&#8217;&#8230;UN ARGOMENTO CHE RITORNA SPESSO, &#8220;LE CACCANE&#8221;<\/h3>\n<\/blockquote>\n<p><strong>REDAZIONE<\/strong> Non manca mai, il cane e la cacca \u00e8 un binomio ormai consuetudinario tra le strade, stradine e cigli stradali della vallata. Riceviamo e pubblichiamo.<\/p>\n<blockquote><p><em>Lo voglio dire a Radio Pi\u00f9:\u00a0 nonostante il cartello in evidenza i proprietari dei cani non sanno o lo ignorano sta di fatto lungo la strada di campagna di Toccol si continua a vedere le cacche le quali creano problemi per lo sfalcio del ciglio della strada. Qualche mano volenterosa con apposito sacchetto la raccoglie lascio a voi giudicare questo mio sfogo<\/em><\/p><\/blockquote>\n\n\t\t\t<style type='text\/css'>\n\t\t\t\t#gallery-10 {\n\t\t\t\t\tmargin: auto;\n\t\t\t\t}\n\t\t\t\t#gallery-10 .gallery-item {\n\t\t\t\t\tfloat: left;\n\t\t\t\t\tmargin-top: 10px;\n\t\t\t\t\ttext-align: center;\n\t\t\t\t\twidth: 33%;\n\t\t\t\t}\n\t\t\t\t#gallery-10 img {\n\t\t\t\t\tborder: 2px solid #cfcfcf;\n\t\t\t\t}\n\t\t\t\t#gallery-10 .gallery-caption {\n\t\t\t\t\tmargin-left: 0;\n\t\t\t\t}\n\t\t\t\t\/* see gallery_shortcode() in wp-includes\/media.php *\/\n\t\t\t<\/style>\n\t\t<div id='gallery-10' class='dt-gallery-container gallery galleryid-288180 gallery-columns-3 gallery-size-thumbnail'><dl class='gallery-item'>\n\t\t\t\t<dt class='gallery-icon portrait'>\n\t\t\t\t\t<a class=\"rollover rollover-zoom dt-pswp-item\" title=\"ce61bde1-72f2-4201-a152-585eea6d523e\" data-dt-img-description=\"\" data-large_image_width=\"473\" data-large_image_height=\"1024\"href='https:\/\/www.radiopiu.net\/wordpress\/wp-content\/uploads\/2022\/07\/ce61bde1-72f2-4201-a152-585eea6d523e.jpg'><img loading=\"lazy\" decoding=\"async\" width=\"150\" height=\"150\" src=\"https:\/\/www.radiopiu.net\/wordpress\/wp-content\/uploads\/2022\/07\/ce61bde1-72f2-4201-a152-585eea6d523e-150x150.jpg\" class=\"attachment-thumbnail size-thumbnail\" alt=\"\" \/><\/a>\n\t\t\t\t<\/dt><\/dl><dl class='gallery-item'>\n\t\t\t\t<dt class='gallery-icon portrait'>\n\t\t\t\t\t<a class=\"rollover rollover-zoom dt-pswp-item\" title=\"9d643fa0-2188-49c1-8396-4c957cf3a7e2\" data-dt-img-description=\"\" data-large_image_width=\"946\" data-large_image_height=\"2048\"href='https:\/\/www.radiopiu.net\/wordpress\/wp-content\/uploads\/2022\/07\/9d643fa0-2188-49c1-8396-4c957cf3a7e2.jpg'><img loading=\"lazy\" decoding=\"async\" width=\"150\" height=\"150\" src=\"https:\/\/www.radiopiu.net\/wordpress\/wp-content\/uploads\/2022\/07\/9d643fa0-2188-49c1-8396-4c957cf3a7e2-150x150.jpg\" class=\"attachment-thumbnail size-thumbnail\" alt=\"\" \/><\/a>\n\t\t\t\t<\/dt><\/dl><dl class='gallery-item'>\n\t\t\t\t<dt class='gallery-icon portrait'>\n\t\t\t\t\t<a class=\"rollover rollover-zoom dt-pswp-item\" title=\"20a8d3fd-907d-48ed-b1ab-255ad877f773\" data-dt-img-description=\"\" data-large_image_width=\"739\" data-large_image_height=\"1600\"href='https:\/\/www.radiopiu.net\/wordpress\/wp-content\/uploads\/2022\/07\/20a8d3fd-907d-48ed-b1ab-255ad877f773.jpg'><img loading=\"lazy\" decoding=\"async\" width=\"150\" height=\"150\" src=\"https:\/\/www.radiopiu.net\/wordpress\/wp-content\/uploads\/2022\/07\/20a8d3fd-907d-48ed-b1ab-255ad877f773-150x150.jpg\" class=\"attachment-thumbnail size-thumbnail\" alt=\"\" \/><\/a>\n\t\t\t\t<\/dt><\/dl><br style=\"clear: both\" \/>\n\t\t\t<\/div>\n\n<p>&nbsp;<\/p>\n<p>&nbsp;<\/p>\n<hr \/>\n<blockquote>\n<h3><\/h3>\n<h3>CICLINVALLE 2022, DA AGORDO ALLA VALLE DI SAN LUCANO: IL RITORNO DOMENICA 24 LUGLIO<\/h3>\n<\/blockquote>\n<p class=\"Nessunaspaziatura\" style=\"text-align: justify; line-height: 115%;\"><span lang=\"IT\" style=\"font-size: 12.0pt; line-height: 115%;\"><strong><a class=\"dt-pswp-item\" href=\"https:\/\/www.radiopiu.net\/wordpress\/wp-content\/uploads\/2021\/06\/cicli-8.jpg\" data-dt-img-description=\"\" data-large_image_width=\"1280\" data-large_image_height=\"960\"><img loading=\"lazy\" decoding=\"async\" class=\"size-thumbnail wp-image-215029 alignleft\" src=\"https:\/\/www.radiopiu.net\/wordpress\/wp-content\/uploads\/2021\/06\/cicli-8-150x150.jpg\" alt=\"\" width=\"150\" height=\"150\" \/><\/a>AGORDO <\/strong><\/span>Anticipata di un mese rispetto alla data tradizionale ritorna la 28\u00b0 corsa ciclistica non competitiva di 10 km denominata \u201cCiclinvalle\u201d. Appuntamento domenica 24 luglio 2022 con raduno dei partecipanti alle 9.45 presso il piazzale Peppino Impastato (Parcheggio Tamonich) e successiva sfilata fino alla sede di partenza ufficiale delle ore 10.00 in localit\u00e0 Valcozzena. La pedalata non competitiva si svilupper\u00e0 dal comune di Agordo raggiungendo la localit\u00e0 Col di Pr\u00e0 in comune di Taibon Agordino percorrendo la spettacolare Valle di San Lucano. Dalle 12.00 la Pro Loco di Taibon Agordino organizzer\u00e0 un pasta party presso la Chiesetta di San Lucano, sulla strada di ritorno verso Agordo. Alle 14.00, nella stessa localit\u00e0, ci sar\u00e0 la consegna dei riconoscimenti e l\u2019estrazione dei premi della lotteria. La manifestazione \u00e8 organizzata dalla ASD Attivamente Scuola e Sport per sostenere Unicef, fondazione Onlus che si occupa di assistenza umanitaria per i bambini e le loro madri in tutto il mondo.\u00a0Le iscrizioni si possono perfezionare sabato 23 luglio presso la Piscina Comprensoriale di Agordo dalle 16.00 alle 19.00 e domenica 24 luglio presso la Scuola Primaria di Agordo dalle 8.30 alle 9.30.<\/p>\n<p>&nbsp;<\/p>\n<p>&nbsp;<\/p>\n<hr \/>\n<p>&nbsp;<\/p>\n<blockquote>\n<h3>ARTE E MUSICA TRA PELMO E CIVETTA<\/h3>\n<\/blockquote>\n<p><strong><a class=\"dt-pswp-item\" href=\"https:\/\/www.radiopiu.net\/wordpress\/wp-content\/uploads\/2022\/07\/Zoldo_2022.jpg\" data-dt-img-description=\"\" data-large_image_width=\"1250\" data-large_image_height=\"781\"><img loading=\"lazy\" decoding=\"async\" class=\"alignleft wp-image-287756 \" src=\"https:\/\/www.radiopiu.net\/wordpress\/wp-content\/uploads\/2022\/07\/Zoldo_2022-300x187.jpg\" alt=\"\" width=\"167\" height=\"104\" srcset=\"https:\/\/www.radiopiu.net\/wordpress\/wp-content\/uploads\/2022\/07\/Zoldo_2022-300x187.jpg 300w, https:\/\/www.radiopiu.net\/wordpress\/wp-content\/uploads\/2022\/07\/Zoldo_2022-1024x640.jpg 1024w, https:\/\/www.radiopiu.net\/wordpress\/wp-content\/uploads\/2022\/07\/Zoldo_2022-768x480.jpg 768w, https:\/\/www.radiopiu.net\/wordpress\/wp-content\/uploads\/2022\/07\/Zoldo_2022.jpg 1250w\" sizes=\"auto, (max-width: 167px) 100vw, 167px\" \/><\/a>BELLUNO <\/strong>Un lustro di vita per Arte e Musica tra Pelmo e Civetta, Festival Internazionale di Musica Antica in Val di Zoldo, che giunge alla sua V edizione, con un programma di eventi musicali che vede la partecipazioni di artisti internazionali, in 7 concerti nelle chiese della valle, dal 23 luglio al 21 agosto 2022.\u00a0 Il primo appuntamento\u00a0 a ingresso libero con Manuel Tomadin all&#8217; organo,\u00a0 sabato alle 19 a Goima di Zoldo, Chiesa di San Tiziano.<\/p>\n<p>&nbsp;<\/p>\n<hr \/>\n<p>&nbsp;<\/p>\n<blockquote>\n<h3>LA NUOVA GUIDA OLTREPIAVE<\/h3>\n<\/blockquote>\n<p><strong>BELLUNO<\/strong> Venerd\u00ec alle 18 nella chiesa dei Santi Ermagora e Fortunato di Lorenzago di Cadore, verr\u00e0 presentata la nuova guida &#8220;Oltrepiave&#8221;, all&#8217;interno della collana dei &#8220;Tesori d&#8217;arte nelle chiese del Bellunese&#8221;<\/p>\n<p>&nbsp;<\/p>\n<p>&nbsp;<\/p>\n<hr \/>\n<p>&nbsp;<\/p>\n<blockquote>\n<h3>EL CANAL DE AGORT<\/h3>\n<\/blockquote>\n<p><strong>AGORDO<\/strong> Presso il museo in via 5 maggio ad Agordo si pu\u00f2 visitare la mostra &#8220;El Canal De Agort&#8221; storia ed archeologia da San Gottardo alla Conca Agordina. La mostra \u00e8 visitabile dal gioved\u00ec alla domenica dalle 9:30 alle 12:30 e dalle16 alle 19 fino al 4 settembre.<\/p>\n<p>&nbsp;<\/p>\n<p>&nbsp;<\/p>\n<p>&nbsp;<\/p>\n<hr \/>\n<p>&nbsp;<\/p>\n<blockquote>\n<h3>IL SUONO MAGICO DEL LEGNO<\/h3>\n<\/blockquote>\n<p><strong>ROCCA PIETORE<\/strong> Ha preso il via\u00a0 la rassegna musicale &#8220;Il Suono Magico del Legno&#8221;, un percorso di diversi concerti tra le frazioni del\u00a0 Comune. Il primo\u00a0 &#8220;Echi di Cori&#8221;, ha visto come protagonisti il Coro del Luned\u00ec di Roma,\u00a0 si \u00e8 svolto a Malga Gran Pian, nei pressi di Malga Ciapela. Momenti magici in un ambiente particolare: i suoni della natura, i colori, la maestosit\u00e0 della Marmolada, i brani del coro.\u00a0 L&#8217;insieme ha regalato forti emozioni. Nel pomeriggio il Coro si \u00e8 esibito in un concerto intinerante tra gli scorci del Borgo di Sottoguda, ammirando angoli particolari e ben curati tra storici fienili che rendono unico il Borgo. Prossimo appuntamento \u00e8 a Caracoi Cimai sabato alle 16, il Complesso degli Archi del Friuli e del Veneto presenter\u00e0\u00a0 &#8220;Divine Armonie&#8221;. Altro momento sublime considerato il panorama. Il concerto sar\u00e0 sempre all&#8217;aperto con servizio navetta da Santa Maria delle Grazie. In caso di maltempo il complesso sar\u00e0 ospitato\u00a0 nella Chiesa di Santa Maria delle Grazie.<\/p>\n<p><strong>UN&#8217;INIZIATIVA ASSOCIAZIONE BORGO SOTTOGUDA, PAGINA FACEBOOK<\/strong> <span style=\"color: #0000ff;\"><strong><a style=\"color: #0000ff;\" href=\"https:\/\/www.facebook.com\/comitatoborgostaguda\">CLICCAQUI<\/a><\/strong><\/span><\/p>\n<p>&nbsp;<\/p>\n\n\t\t\t<style type='text\/css'>\n\t\t\t\t#gallery-11 {\n\t\t\t\t\tmargin: auto;\n\t\t\t\t}\n\t\t\t\t#gallery-11 .gallery-item {\n\t\t\t\t\tfloat: left;\n\t\t\t\t\tmargin-top: 10px;\n\t\t\t\t\ttext-align: center;\n\t\t\t\t\twidth: 25%;\n\t\t\t\t}\n\t\t\t\t#gallery-11 img {\n\t\t\t\t\tborder: 2px solid #cfcfcf;\n\t\t\t\t}\n\t\t\t\t#gallery-11 .gallery-caption {\n\t\t\t\t\tmargin-left: 0;\n\t\t\t\t}\n\t\t\t\t\/* see gallery_shortcode() in wp-includes\/media.php *\/\n\t\t\t<\/style>\n\t\t<div id='gallery-11' class='dt-gallery-container gallery galleryid-288180 gallery-columns-4 gallery-size-thumbnail'><dl class='gallery-item'>\n\t\t\t\t<dt class='gallery-icon portrait'>\n\t\t\t\t\t<a class=\"rollover rollover-zoom dt-pswp-item\" title=\"e179bcba-26dd-4d9d-a0a6-18280b597564\" data-dt-img-description=\"\" data-large_image_width=\"1500\" data-large_image_height=\"2000\"href='https:\/\/www.radiopiu.net\/wordpress\/wp-content\/uploads\/2022\/07\/e179bcba-26dd-4d9d-a0a6-18280b597564.jpg'><img loading=\"lazy\" decoding=\"async\" width=\"150\" height=\"150\" src=\"https:\/\/www.radiopiu.net\/wordpress\/wp-content\/uploads\/2022\/07\/e179bcba-26dd-4d9d-a0a6-18280b597564-150x150.jpg\" class=\"attachment-thumbnail size-thumbnail\" alt=\"\" \/><\/a>\n\t\t\t\t<\/dt><\/dl><dl class='gallery-item'>\n\t\t\t\t<dt class='gallery-icon portrait'>\n\t\t\t\t\t<a class=\"rollover rollover-zoom dt-pswp-item\" title=\"fcbfe375-24b0-4700-9082-d938ebb34136\" data-dt-img-description=\"\" data-large_image_width=\"1200\" data-large_image_height=\"1600\"href='https:\/\/www.radiopiu.net\/wordpress\/wp-content\/uploads\/2022\/07\/fcbfe375-24b0-4700-9082-d938ebb34136.jpg'><img loading=\"lazy\" decoding=\"async\" width=\"150\" height=\"150\" src=\"https:\/\/www.radiopiu.net\/wordpress\/wp-content\/uploads\/2022\/07\/fcbfe375-24b0-4700-9082-d938ebb34136-150x150.jpg\" class=\"attachment-thumbnail size-thumbnail\" alt=\"\" \/><\/a>\n\t\t\t\t<\/dt><\/dl><dl class='gallery-item'>\n\t\t\t\t<dt class='gallery-icon landscape'>\n\t\t\t\t\t<a class=\"rollover rollover-zoom dt-pswp-item\" title=\"8ad3e95a-22ff-4d7b-82b7-07545e449804\" data-dt-img-description=\"\" data-large_image_width=\"1600\" data-large_image_height=\"1200\"href='https:\/\/www.radiopiu.net\/wordpress\/wp-content\/uploads\/2022\/07\/8ad3e95a-22ff-4d7b-82b7-07545e449804.jpg'><img loading=\"lazy\" decoding=\"async\" width=\"150\" height=\"150\" src=\"https:\/\/www.radiopiu.net\/wordpress\/wp-content\/uploads\/2022\/07\/8ad3e95a-22ff-4d7b-82b7-07545e449804-150x150.jpg\" class=\"attachment-thumbnail size-thumbnail\" alt=\"\" \/><\/a>\n\t\t\t\t<\/dt><\/dl><dl class='gallery-item'>\n\t\t\t\t<dt class='gallery-icon landscape'>\n\t\t\t\t\t<a class=\"rollover rollover-zoom dt-pswp-item\" title=\"780fdf05-3beb-4037-9e90-d0fb8e94e9be\" data-dt-img-description=\"\" data-large_image_width=\"2000\" data-large_image_height=\"1500\"href='https:\/\/www.radiopiu.net\/wordpress\/wp-content\/uploads\/2022\/07\/780fdf05-3beb-4037-9e90-d0fb8e94e9be.jpg'><img loading=\"lazy\" decoding=\"async\" width=\"150\" height=\"150\" src=\"https:\/\/www.radiopiu.net\/wordpress\/wp-content\/uploads\/2022\/07\/780fdf05-3beb-4037-9e90-d0fb8e94e9be-150x150.jpg\" class=\"attachment-thumbnail size-thumbnail\" alt=\"\" \/><\/a>\n\t\t\t\t<\/dt><\/dl><br style=\"clear: both\" \/>\n\t\t\t<\/div>\n\n<p>&nbsp;<\/p>\n<blockquote class=\"wp-embedded-content\" data-secret=\"vHnLWEqZgc\"><p><a href=\"https:\/\/www.radiopiu.net\/wordpress\/marmolada-la-bellunese-aperta-per-ferie-il-benvenuto-del-territorio\/\">MARMOLADA LA BELLUNESE: APERTA PER FERIE. IL BENVENUTO DEL TERRITORIO<\/a><\/p><\/blockquote>\n<p><iframe loading=\"lazy\" class=\"wp-embedded-content\" sandbox=\"allow-scripts\" security=\"restricted\" style=\"position: absolute; clip: rect(1px, 1px, 1px, 1px);\" title=\"&#8220;MARMOLADA LA BELLUNESE: APERTA PER FERIE. IL BENVENUTO DEL TERRITORIO&#8221; &#8212; Radio Pi\u00f9\" src=\"https:\/\/www.radiopiu.net\/wordpress\/marmolada-la-bellunese-aperta-per-ferie-il-benvenuto-del-territorio\/embed\/#?secret=KwAt80z0A7#?secret=vHnLWEqZgc\" data-secret=\"vHnLWEqZgc\" width=\"600\" height=\"338\" frameborder=\"0\" marginwidth=\"0\" marginheight=\"0\" scrolling=\"no\"><\/iframe><\/p>\n<p>&nbsp;<\/p>\n<hr \/>\n<p>&nbsp;<\/p>\n<blockquote>\n<h3>SERENATA PER UN SATELLITE A SOFFRANCO<\/h3>\n<\/blockquote>\n<p><strong>LONGARONE<\/strong> Venerd\u00ec alle 21:30 l&#8217;evento che d\u00e0 il via alla sua quarta edizione e risuona in valle e in alta quota tra le Dolomiti Bellunesi. Esperienze innovative tra musica, natura e scienza dal 10 luglio al 4 settembre 2022. con lo straordinario appuntamento tra musica e astronomia organizzato in collaborazione con il Comune di Longarone e l\u2019Associazione Musicadesso: <i>mdi ensemble<\/i>, vincitore del Premio Abbiati 2021, composto da Corinna Canzian, Elia Mariani, Paolo Fumagalli e Giorgio Casati si esibir\u00e0 nel <u>Quartetto n. 9 di G. F. Haas<\/u> scritto per essere eseguito e ascoltato nella completa oscurit\u00e0. Per informazioni \u00e8 possibile contattare telefonicamente la Biblioteca Civica di Longarone: tel. 0437-575819 con apertura delle linee telefoniche dal luned\u00ec al venerd\u00ec dalle 8:00 alle 10:30 e anche luned\u00ec e gioved\u00ec dalle 16:00 alle 17:30; oppure \u00e8 possibile inviare una e-mail a <a class=\"moz-txt-link-abbreviated moz-txt-link-freetext\" title=\"mailto:info@gliechidellanatura.academy\" href=\"mailto:info@gliechidellanatura.academy\">info@gliechidellanatura.academy<\/a><\/p>\n<p>&nbsp;<\/p>\n<p>&nbsp;<\/p>\n<hr \/>\n<p>&nbsp;<\/p>\n<blockquote>\n<h3>ESTATE A SAN PIETRO, RITORNANO LE VISITE GUIDATE<\/h3>\n<\/blockquote>\n<p><strong>BELLUNO <\/strong>A partire da domenica prossima e per tutti i pomeriggi domenicali fino al 4 settembre la chiesa di San Pietro, con i suoi chiostri e le sue cappelle, sar\u00e0 aperta ai visitatori dalle 15.30 alle 18.00. Si ripete cos\u00ec l&#8217;ormai classica iniziativa dell&#8217;associazione Campedel e del Seminario Gregoriano che propongono percorsi guidati tra i capolavori di pittura, scultura e architettura dell&#8217;omonimo complesso religioso del centro storico. Le visite guidate e gli appuntamenti sono gratuiti e non necessitano di prenotazione. Il ricavato delle offerte sar\u00e0 destinato al restauro dell\u2019ottocentesca Via Crucis esposta in chiesa.<\/p>\n\n\t\t\t<style type='text\/css'>\n\t\t\t\t#gallery-12 {\n\t\t\t\t\tmargin: auto;\n\t\t\t\t}\n\t\t\t\t#gallery-12 .gallery-item {\n\t\t\t\t\tfloat: left;\n\t\t\t\t\tmargin-top: 10px;\n\t\t\t\t\ttext-align: center;\n\t\t\t\t\twidth: 50%;\n\t\t\t\t}\n\t\t\t\t#gallery-12 img {\n\t\t\t\t\tborder: 2px solid #cfcfcf;\n\t\t\t\t}\n\t\t\t\t#gallery-12 .gallery-caption {\n\t\t\t\t\tmargin-left: 0;\n\t\t\t\t}\n\t\t\t\t\/* see gallery_shortcode() in wp-includes\/media.php *\/\n\t\t\t<\/style>\n\t\t<div id='gallery-12' class='dt-gallery-container gallery galleryid-288180 gallery-columns-2 gallery-size-thumbnail'><dl class='gallery-item'>\n\t\t\t\t<dt class='gallery-icon portrait'>\n\t\t\t\t\t<a class=\"rollover rollover-zoom dt-pswp-item\" title=\"1\" data-dt-img-description=\"\" data-large_image_width=\"1415\" data-large_image_height=\"2000\"href='https:\/\/www.radiopiu.net\/wordpress\/wp-content\/uploads\/2022\/07\/1-1.png'><img loading=\"lazy\" decoding=\"async\" width=\"150\" height=\"150\" src=\"https:\/\/www.radiopiu.net\/wordpress\/wp-content\/uploads\/2022\/07\/1-1-150x150.png\" class=\"attachment-thumbnail size-thumbnail\" alt=\"\" \/><\/a>\n\t\t\t\t<\/dt><\/dl><dl class='gallery-item'>\n\t\t\t\t<dt class='gallery-icon portrait'>\n\t\t\t\t\t<a class=\"rollover rollover-zoom dt-pswp-item\" title=\"2\" data-dt-img-description=\"\" data-large_image_width=\"1415\" data-large_image_height=\"2000\"href='https:\/\/www.radiopiu.net\/wordpress\/wp-content\/uploads\/2022\/07\/2.png'><img loading=\"lazy\" decoding=\"async\" width=\"150\" height=\"150\" src=\"https:\/\/www.radiopiu.net\/wordpress\/wp-content\/uploads\/2022\/07\/2-150x150.png\" class=\"attachment-thumbnail size-thumbnail\" alt=\"\" \/><\/a>\n\t\t\t\t<\/dt><\/dl><br style=\"clear: both\" \/>\n\t\t\t<\/div>\n\n<p>&nbsp;<\/p>\n<p>&nbsp;<\/p>\n<hr \/>\n<p>&nbsp;<\/p>\n<blockquote>\n<h3>RITORNO A COSTALTA<\/h3>\n<\/blockquote>\n<p><strong>SAN PIETRO DI CADORE<\/strong> Sabato 23 luglio alle ore 18:00 presso Ceda Sai a Costalta verr\u00e0 inaugurata la mostra di scultura degli artisti Italo De Gol e Corrado Clerici. L\u2019evento propone una mostra espositiva di scultori che hanno contribuito negli anni 2013\u00a0 e 2014 con le loro opere a rendere Costalta un museo a cielo aperto.\u00a0 Scopo dell\u2019iniziativa \u00e8 mantenere un legame nel tempo tra gli artisti ed il paese. La mostra sar\u00e0 visitabile tutti i giorni fino al 12 agosto dalle ore 15:30 alle 19:00.<\/p>\n<p>&nbsp;<\/p>\n<p>&nbsp;<\/p>\n<hr \/>\n<p>&nbsp;<\/p>\n<blockquote>\n<h3>LA MOSTRA DI FRANCO GATTI A VAL DI ZOLDO<\/h3>\n<\/blockquote>\n<p><strong>VAL DI ZOLDO<\/strong> \u201cDisegni e Teatrini dell\u2019Assurdo\u201d e\u0300 il titolo della mostra di opere dell\u2019artista bellunese Franco Gatti, che si terra\u0300 nell\u2019ex Sala Consiliare del Municipio di Forno di Val di Zoldo dal 22 luglio al 15 agosto. L\u2019inaugurazione della mostra, che si avvale della collaborazione e del patrocinio del Comune di Val di Zoldo, avra\u0300 luogo venerdi\u0300 22 luglio alle ore 18.00 con un intervento della professoressa Benedetta Salerno di Belluno. Le visite, a ingresso libero, avranno il seguente orario: da lunedi\u0300 a giovedi\u0300, ore 10.00 \u2013 12.00; venerdi\u0300, sabato, domenica e giorno di ferragosto, ore 16 \u2013 19,30.<\/p>\n<p>&nbsp;<\/p>\n<p>&nbsp;<\/p>\n<hr \/>\n<p>&nbsp;<\/p>\n<blockquote>\n<h3>IL CONCERTO POETICHELETTRONICO A LAMON<\/h3>\n<\/blockquote>\n<p><strong>LAMON<\/strong> Il <em>Concerto Poetichelettronico<\/em> di e con Gianni Carlin, che si terr\u00e0 SABATO 30 LUGLIO con inizio alle ore 20.45, nel Parco Teatro all&#8217;aperto di Sampoi di Limana. L&#8217;ingresso \u00e8 libero. In caso di maltempo l&#8217;evento si terr\u00e0 il sabato successivo, ovvero il 6 agosto.<\/p>\n<p>&nbsp;<\/p>\n<p>&nbsp;<\/p>\n<hr \/>\n<p>&nbsp;<\/p>\n<h1><span style=\"color: #ff0000;\">IERI ALLA RADIO<\/span><\/h1>\n<h2><strong><a class=\"dt-pswp-item\" href=\"https:\/\/www.radiopiu.net\/wordpress\/wp-content\/uploads\/2022\/07\/292235926_2092572134257981_394075767012570405_n-1.jpg\" data-dt-img-description=\"\" data-large_image_width=\"1080\" data-large_image_height=\"509\"><img loading=\"lazy\" decoding=\"async\" class=\"size-thumbnail wp-image-287982 alignleft\" src=\"https:\/\/www.radiopiu.net\/wordpress\/wp-content\/uploads\/2022\/07\/292235926_2092572134257981_394075767012570405_n-1-150x150.jpg\" alt=\"\" width=\"150\" height=\"150\" \/><\/a><\/strong><span style=\"color: #339966;\">DOMENICA L&#8217;APPUNTAMENTO CON LA VERTICAL KM COL DI LANA<\/span><\/h2>\n<p><strong>LIVINALLONGO <\/strong>\u00c8 in programma per domenica la Vertical KM Col Di Lana, gara di corsa in montagna dalla localit\u00e0 di Pieve di Livinallongo (1452 m) fino alla vetta del Col de Lana (2452 m). 1000 metri di dislivello per una gara tutta in salita. Le iscrizioni sono aperte.<\/p>\n<p><strong>NE ABBIAMO PARLATO CON GIANPAOLO SORATROI<\/strong><\/p>\n<audio class=\"wp-audio-shortcode\" id=\"audio-288180-13\" preload=\"none\" style=\"width: 100%;\" controls=\"controls\"><source type=\"audio\/mpeg\" src=\"https:\/\/www.radiopiu.net\/wordpress\/wp-content\/uploads\/2022\/07\/VERTICAL-GIANPAOL.mp3?_=13\" \/><a href=\"https:\/\/www.radiopiu.net\/wordpress\/wp-content\/uploads\/2022\/07\/VERTICAL-GIANPAOL.mp3\">https:\/\/www.radiopiu.net\/wordpress\/wp-content\/uploads\/2022\/07\/VERTICAL-GIANPAOL.mp3<\/a><\/audio>\n<p>&nbsp;<\/p>\n<hr \/>\n<p>&nbsp;<\/p>\n<h2><span style=\"color: #008080;\">&#8220;DINTORN E FORA VIA&#8221; A CURA DEL MUSLA, IL NUOVO PROGRAMMA\u00a0 \u00a0<\/span><\/h2>\n<p><strong><a class=\"dt-pswp-item\" href=\"https:\/\/www.radiopiu.net\/wordpress\/wp-content\/uploads\/2022\/07\/6f1a6003-1656-479c-aaa0-23ec141f2421.jpg\" data-dt-img-description=\"\" data-large_image_width=\"1024\" data-large_image_height=\"1024\"><img loading=\"lazy\" decoding=\"async\" class=\"size-thumbnail wp-image-287985 alignleft\" src=\"https:\/\/www.radiopiu.net\/wordpress\/wp-content\/uploads\/2022\/07\/6f1a6003-1656-479c-aaa0-23ec141f2421-150x150.jpg\" alt=\"\" width=\"150\" height=\"150\" srcset=\"https:\/\/www.radiopiu.net\/wordpress\/wp-content\/uploads\/2022\/07\/6f1a6003-1656-479c-aaa0-23ec141f2421-150x150.jpg 150w, https:\/\/www.radiopiu.net\/wordpress\/wp-content\/uploads\/2022\/07\/6f1a6003-1656-479c-aaa0-23ec141f2421-300x300.jpg 300w, https:\/\/www.radiopiu.net\/wordpress\/wp-content\/uploads\/2022\/07\/6f1a6003-1656-479c-aaa0-23ec141f2421-768x768.jpg 768w, https:\/\/www.radiopiu.net\/wordpress\/wp-content\/uploads\/2022\/07\/6f1a6003-1656-479c-aaa0-23ec141f2421.jpg 1024w\" sizes=\"auto, (max-width: 150px) 100vw, 150px\" \/><\/a><\/strong><\/p>\n<p><strong>PUNTATA DEL 19 LUGLIO 2022 &#8211;\u00a0 ELEONORA TROI<\/strong><\/p>\n<p><strong>\u00a0<\/strong><\/p>\n<audio class=\"wp-audio-shortcode\" id=\"audio-288180-14\" preload=\"none\" style=\"width: 100%;\" controls=\"controls\"><source type=\"audio\/mpeg\" src=\"https:\/\/www.radiopiu.net\/wordpress\/wp-content\/uploads\/2022\/07\/MUSLA-2.mp3?_=14\" \/><a href=\"https:\/\/www.radiopiu.net\/wordpress\/wp-content\/uploads\/2022\/07\/MUSLA-2.mp3\">https:\/\/www.radiopiu.net\/wordpress\/wp-content\/uploads\/2022\/07\/MUSLA-2.mp3<\/a><\/audio>\n<p><strong>\u00a0<\/strong><\/p>\n","protected":false},"excerpt":{"rendered":"<p>RADIO PIU INFORMAZIONE il canale su TELEGRAM informazione di prima\u00a0 mano e in tempo reale. iscriviti ed aiutaci a farlo conoscere\u00a0 \u00a0 &nbsp; &nbsp; &nbsp; &nbsp; INTERRUZIONE ELETTRICA A TAIBON TAIBON\u00a0Interruzione elettrica a Taibon nella localit\u00e0 Coi di Peden. Enel comunica che domani dalle 10 alle 12 ci sar\u00e0 un&#8217;interruzione sulla linea. &nbsp; &nbsp; SASSI&hellip;<\/p>\n","protected":false},"author":4,"featured_media":288136,"comment_status":"closed","ping_status":"closed","sticky":false,"template":"","format":"standard","meta":{"_monsterinsights_skip_tracking":false,"_monsterinsights_sitenote_active":false,"_monsterinsights_sitenote_note":"","_monsterinsights_sitenote_category":0,"footnotes":""},"categories":[49],"tags":[],"class_list":["post-288180","post","type-post","status-publish","format-standard","has-post-thumbnail","hentry","category-news-18","category-49","description-off"],"img_url":"https:\/\/www.radiopiu.net\/wordpress\/wp-content\/uploads\/2022\/07\/Laboratorio-Teatro2.jpg","_links":{"self":[{"href":"https:\/\/www.radiopiu.net\/wordpress\/wp-json\/wp\/v2\/posts\/288180","targetHints":{"allow":["GET"]}}],"collection":[{"href":"https:\/\/www.radiopiu.net\/wordpress\/wp-json\/wp\/v2\/posts"}],"about":[{"href":"https:\/\/www.radiopiu.net\/wordpress\/wp-json\/wp\/v2\/types\/post"}],"author":[{"embeddable":true,"href":"https:\/\/www.radiopiu.net\/wordpress\/wp-json\/wp\/v2\/users\/4"}],"replies":[{"embeddable":true,"href":"https:\/\/www.radiopiu.net\/wordpress\/wp-json\/wp\/v2\/comments?post=288180"}],"version-history":[{"count":0,"href":"https:\/\/www.radiopiu.net\/wordpress\/wp-json\/wp\/v2\/posts\/288180\/revisions"}],"wp:featuredmedia":[{"embeddable":true,"href":"https:\/\/www.radiopiu.net\/wordpress\/wp-json\/wp\/v2\/media\/288136"}],"wp:attachment":[{"href":"https:\/\/www.radiopiu.net\/wordpress\/wp-json\/wp\/v2\/media?parent=288180"}],"wp:term":[{"taxonomy":"category","embeddable":true,"href":"https:\/\/www.radiopiu.net\/wordpress\/wp-json\/wp\/v2\/categories?post=288180"},{"taxonomy":"post_tag","embeddable":true,"href":"https:\/\/www.radiopiu.net\/wordpress\/wp-json\/wp\/v2\/tags?post=288180"}],"curies":[{"name":"wp","href":"https:\/\/api.w.org\/{rel}","templated":true}]}}