{"id":288212,"date":"2022-07-21T05:36:02","date_gmt":"2022-07-21T03:36:02","guid":{"rendered":"https:\/\/www.radiopiu.net\/wordpress\/?p=288212"},"modified":"2022-07-21T05:53:22","modified_gmt":"2022-07-21T03:53:22","slug":"contributi-covid-alle-imprese-pubblicate-le-graduatorie","status":"publish","type":"post","link":"https:\/\/www.radiopiu.net\/wordpress\/contributi-covid-alle-imprese-pubblicate-le-graduatorie\/","title":{"rendered":"CONTRIBUTI COVID ALLE IMPRESE, PUBBLICATE LE GRADUATORIE"},"content":{"rendered":"<p><strong><a class=\"dt-pswp-item\" href=\"https:\/\/www.radiopiu.net\/wordpress\/wp-content\/uploads\/2020\/06\/vista-frontale-dei-soldi-della-holding-della-persona_23-2148547912.jpg\" data-dt-img-description=\"\" data-large_image_width=\"626\" data-large_image_height=\"469\"><img loading=\"lazy\" decoding=\"async\" class=\"size-thumbnail wp-image-146655 alignleft\" src=\"https:\/\/www.radiopiu.net\/wordpress\/wp-content\/uploads\/2020\/06\/vista-frontale-dei-soldi-della-holding-della-persona_23-2148547912-150x150.jpg\" alt=\"\" width=\"150\" height=\"150\" \/><\/a>BELLUNO<\/strong> Sono state pubblicate oggi (mercoled\u00ec 20 luglio) le graduatorie relative ai bandi per aiuti alle attivit\u00e0 produttive proposti dalla Provincia. Si tratta di una delle misure inserite nella manovra \u201canti-Covid\u201d varata insieme da Provincia e Fondo Comuni confinanti per aiutare le piccole imprese. In totale il budget messo a disposizione ammontava a 2,7 milioni di euro, di cui 1 milione 950mila euro da Fcc e 750mila euro dalla Provincia. Quattro i bandi, due le linee di finanziamento (distinte tra Comuni confinanti e Comuni non confinanti). L\u2019agevolazione consiste nella concessione di un aiuto a fondo perduto (al 60%) per le spese di investimento per ristrutturazione e ammodernamento di beni immobili finalizzati allo svolgimento delle attivit\u00e0; per l\u2019acquisto di macchinari, attrezzature e arredi; per l\u2019acquisto di hardware, programmi informatici, interventi di innovazione digitale, sistemi per l\u2019accettazione di pagamenti innovativi. Si va da un contributo minimo di 3mila euro a un massimo di 15mila. I bandi sono stati gestiti operativamente da Unioncamere del Veneto attraverso un accordo di collaborazione con la Provincia. Sono state 153 le domande che hanno trovato finanziamento nel primo bando e nel secondo, dedicato alle attivit\u00e0 di ristorazione e di ricettivit\u00e0, per un totale di 1,6 milioni di euro di contributi (risorse esaurite completamente); 39 le domande finanziate nel terzo e quarto bando (dedicato alle attivit\u00e0 di servizi alla persona), per un totale di 364mila euro.<\/p>\n<blockquote><p>\u00ab<em>Restano al momento escluse dal finanziamento 42 piccole imprese della ristorazione e della ricettivit\u00e0, tra il primo e il secondo bando che sono stati gettonatissimi; ma stiamo lavorando per scorrere la graduatoria e finanziare il numero pi\u00f9 alto possibile di queste domande. Allo stesso modo, stiamo cercando di allargare anche ad altre categorie economiche escluse dal bando iniziale<\/em>\u00bb spiega il presidente della Provincia, Roberto Padrin. \u00ab<em>Questa, che \u00e8 nata come \u201cMisura Covid\u201d, \u00e8 a tutti gli effetti una misura antispopolamento, perch\u00e9 mira allo sviluppo socio-economico del territorio ed \u00e8 dedicata alla sua ripresa e resilienza, oltre che al miglioramento delle condizioni che favoriscano la permanenza residenziale e produttiva<\/em>\u00bb.<\/p><\/blockquote>\n<p>&nbsp;<\/p>\n<p>&nbsp;<\/p>\n<p>&nbsp;<\/p>\n<p>******<\/p>\n","protected":false},"excerpt":{"rendered":"<p>BELLUNO Sono state pubblicate oggi (mercoled\u00ec 20 luglio) le graduatorie relative ai bandi per aiuti alle attivit\u00e0 produttive proposti dalla Provincia. Si tratta di una delle misure inserite nella manovra \u201canti-Covid\u201d varata insieme da Provincia e Fondo Comuni confinanti per aiutare le piccole imprese. In totale il budget messo a disposizione ammontava a 2,7 milioni&hellip;<\/p>\n","protected":false},"author":4,"featured_media":146655,"comment_status":"closed","ping_status":"closed","sticky":false,"template":"","format":"standard","meta":{"_monsterinsights_skip_tracking":false,"_monsterinsights_sitenote_active":false,"_monsterinsights_sitenote_note":"","_monsterinsights_sitenote_category":0,"footnotes":""},"categories":[51,49],"tags":[],"class_list":["post-288212","post","type-post","status-publish","format-standard","has-post-thumbnail","hentry","category-evidenza-top","category-news-18","category-51","category-49","description-off"],"img_url":"https:\/\/www.radiopiu.net\/wordpress\/wp-content\/uploads\/2020\/06\/vista-frontale-dei-soldi-della-holding-della-persona_23-2148547912.jpg","_links":{"self":[{"href":"https:\/\/www.radiopiu.net\/wordpress\/wp-json\/wp\/v2\/posts\/288212","targetHints":{"allow":["GET"]}}],"collection":[{"href":"https:\/\/www.radiopiu.net\/wordpress\/wp-json\/wp\/v2\/posts"}],"about":[{"href":"https:\/\/www.radiopiu.net\/wordpress\/wp-json\/wp\/v2\/types\/post"}],"author":[{"embeddable":true,"href":"https:\/\/www.radiopiu.net\/wordpress\/wp-json\/wp\/v2\/users\/4"}],"replies":[{"embeddable":true,"href":"https:\/\/www.radiopiu.net\/wordpress\/wp-json\/wp\/v2\/comments?post=288212"}],"version-history":[{"count":0,"href":"https:\/\/www.radiopiu.net\/wordpress\/wp-json\/wp\/v2\/posts\/288212\/revisions"}],"wp:featuredmedia":[{"embeddable":true,"href":"https:\/\/www.radiopiu.net\/wordpress\/wp-json\/wp\/v2\/media\/146655"}],"wp:attachment":[{"href":"https:\/\/www.radiopiu.net\/wordpress\/wp-json\/wp\/v2\/media?parent=288212"}],"wp:term":[{"taxonomy":"category","embeddable":true,"href":"https:\/\/www.radiopiu.net\/wordpress\/wp-json\/wp\/v2\/categories?post=288212"},{"taxonomy":"post_tag","embeddable":true,"href":"https:\/\/www.radiopiu.net\/wordpress\/wp-json\/wp\/v2\/tags?post=288212"}],"curies":[{"name":"wp","href":"https:\/\/api.w.org\/{rel}","templated":true}]}}