{"id":288259,"date":"2022-08-08T04:52:10","date_gmt":"2022-08-08T02:52:10","guid":{"rendered":"https:\/\/www.radiopiu.net\/wordpress\/?p=288259"},"modified":"2022-08-08T05:45:38","modified_gmt":"2022-08-08T03:45:38","slug":"allargata-la-strada-a-taier-in-arrivo-il-ponte-sul-cordevole","status":"publish","type":"post","link":"https:\/\/www.radiopiu.net\/wordpress\/allargata-la-strada-a-taier-in-arrivo-il-ponte-sul-cordevole\/","title":{"rendered":"ALLARGATA LA STRADA A TAIER, IN ARRIVO IL PONTE SUL CORDEVOLE"},"content":{"rendered":"<p><strong>TAIBON<\/strong> La curva a Taier, sulla strada da Brugnach Agordo a Taibon-Campagna \u00e8 stata allargata. Ora finalmente il bilico con il ponte in legno da collocare sul Cordevole potr\u00e0 passare. Presto inizieranno i lavori per dare continuit\u00e0 alla ciclabile evitando il rientro lungo la regionale 203 agordina in localit\u00e0 Bries<\/p>\n<p><a class=\"dt-pswp-item\" href=\"https:\/\/www.radiopiu.net\/wordpress\/wp-content\/uploads\/2022\/07\/d392e255-1706-49ac-b07b-ac06fdfd9a1a.jpg\" data-dt-img-description=\"\" data-large_image_width=\"1920\" data-large_image_height=\"1080\"><img loading=\"lazy\" decoding=\"async\" class=\"alignnone wp-image-291393 size-full\" src=\"https:\/\/www.radiopiu.net\/wordpress\/wp-content\/uploads\/2022\/07\/d392e255-1706-49ac-b07b-ac06fdfd9a1a.jpg\" alt=\"\" width=\"1920\" height=\"1080\" srcset=\"https:\/\/www.radiopiu.net\/wordpress\/wp-content\/uploads\/2022\/07\/d392e255-1706-49ac-b07b-ac06fdfd9a1a.jpg 1920w, https:\/\/www.radiopiu.net\/wordpress\/wp-content\/uploads\/2022\/07\/d392e255-1706-49ac-b07b-ac06fdfd9a1a-300x169.jpg 300w, https:\/\/www.radiopiu.net\/wordpress\/wp-content\/uploads\/2022\/07\/d392e255-1706-49ac-b07b-ac06fdfd9a1a-1024x576.jpg 1024w, https:\/\/www.radiopiu.net\/wordpress\/wp-content\/uploads\/2022\/07\/d392e255-1706-49ac-b07b-ac06fdfd9a1a-768x432.jpg 768w, https:\/\/www.radiopiu.net\/wordpress\/wp-content\/uploads\/2022\/07\/d392e255-1706-49ac-b07b-ac06fdfd9a1a-1536x864.jpg 1536w\" sizes=\"auto, (max-width: 1920px) 100vw, 1920px\" \/><\/a><\/p>\n<p>&nbsp;<\/p>\n<p><span style=\"color: #ff0000;\"><strong>ARCHIVIO RADIO\u00a0 21 PIU LUGLIO 2022<\/strong><\/span><\/p>\n<blockquote>\n<h3>IL PAESE DEI TRE PONTI, PRESTO IN ARRIVO IL QUARTO E ANCHE IL QUINTO<\/h3>\n<\/blockquote>\n<p><strong>TAIBON<\/strong><em> &#8220;Andiamo a fare il giro dei tre ponti&#8221;,\u00a0<\/em>frase detta e ripetuta tra chi abita o frequenta Taibon. Tre ponti, due sul torrente Tegnas e uno sul Cordevole che\u00a0 permettono di girare il paese in un percorso ad anello, ma presto i ponti saranno quattro. Infatti dopo qualche lustro di attesa (sono cambiati tre Presidenti dell&#8217;Unione Montana) trover\u00e0 presto collocazione (lo dicevamo anche un paio d&#8217;anni fa) il ponte in legno sul torrente Cordevole in fondo a via Foch. Ma \u00e8 la\u00a0 volta buona, infatti \u00e8 gi\u00e0 stato preparato il piazzale e le spalle in cemento sono terminate (da tempo) per accogliere la struttura. Quello che frena ora \u00e8 la larghezza delle strade. Infatti sar\u00e0 impossibile per un bilico transitare per via Foch tra le abitazioni, unica soluzione dalla tangenziale di Agordo entrare in paese da Taier (campagna) per per fare questo prima dovr\u00e0 essere rettificata la curva del Cristo. La realizzazione del percorso ciclo-pedonale lungo la Valle del medio basso Cordevole \u00e8 curata dall&#8217;Unione Montana per un importo di oltre 220 mila euro, sono interessati i Comuni di Taibon, Agordo e La Valle Agordina, ovvero i paesi attraversati dalla ciclabile. Il ponte infatti2106 porter\u00e0 direttamente al tracciato che attraversa la campagna di Agordo, oltrepassa Polane e si ferma all&#8217;altezza del laghetto, sotto la tangenziale, perch\u00e9 un privato da anni\u00a0 si \u00e8 messo di traverso nelle aule dei tribunali e si attende la sentenza finale, l&#8217;ultimo grado di giudizio. I &#8220;taiboner&#8221; pi\u00f9 attenti saranno per\u00f2 pronti ad aggiungere: e il quinto ponte? Il riferimento all&#8217;attraversamento del Tegnas dal centro del paese al campo sportivo, interdetto da tempo perch\u00e9 &#8220;marcio&#8221; ed a rischio crollo. Nella prossima stagione sar\u00e0 ristrutturato, risanato e si spera riaperto al transito dei pedoni.<\/p>\n<p>&nbsp;<\/p>\n\n\t\t\t<style type='text\/css'>\n\t\t\t\t#gallery-1 {\n\t\t\t\t\tmargin: auto;\n\t\t\t\t}\n\t\t\t\t#gallery-1 .gallery-item {\n\t\t\t\t\tfloat: left;\n\t\t\t\t\tmargin-top: 10px;\n\t\t\t\t\ttext-align: center;\n\t\t\t\t\twidth: 33%;\n\t\t\t\t}\n\t\t\t\t#gallery-1 img {\n\t\t\t\t\tborder: 2px solid #cfcfcf;\n\t\t\t\t}\n\t\t\t\t#gallery-1 .gallery-caption {\n\t\t\t\t\tmargin-left: 0;\n\t\t\t\t}\n\t\t\t\t\/* see gallery_shortcode() in wp-includes\/media.php *\/\n\t\t\t<\/style>\n\t\t<div id='gallery-1' class='dt-gallery-container gallery galleryid-288259 gallery-columns-3 gallery-size-thumbnail'><dl class='gallery-item'>\n\t\t\t\t<dt class='gallery-icon portrait'>\n\t\t\t\t\t<a class=\"rollover rollover-zoom dt-pswp-item\" title=\"f312796b-d5dc-4ae4-b8c7-f62e6996b389\" data-dt-img-description=\"\" data-large_image_width=\"899\" data-large_image_height=\"1599\"href='https:\/\/www.radiopiu.net\/wordpress\/wp-content\/uploads\/2022\/07\/f312796b-d5dc-4ae4-b8c7-f62e6996b389.jpg'><img loading=\"lazy\" decoding=\"async\" width=\"150\" height=\"150\" src=\"https:\/\/www.radiopiu.net\/wordpress\/wp-content\/uploads\/2022\/07\/f312796b-d5dc-4ae4-b8c7-f62e6996b389-150x150.jpg\" class=\"attachment-thumbnail size-thumbnail\" alt=\"\" \/><\/a>\n\t\t\t\t<\/dt><\/dl><dl class='gallery-item'>\n\t\t\t\t<dt class='gallery-icon landscape'>\n\t\t\t\t\t<a class=\"rollover rollover-zoom dt-pswp-item\" title=\"2e1e7e1c-a9c0-444a-bfde-0bf0c8166860\" data-dt-img-description=\"\" data-large_image_width=\"1599\" data-large_image_height=\"899\"href='https:\/\/www.radiopiu.net\/wordpress\/wp-content\/uploads\/2022\/07\/2e1e7e1c-a9c0-444a-bfde-0bf0c8166860.jpg'><img loading=\"lazy\" decoding=\"async\" width=\"150\" height=\"150\" src=\"https:\/\/www.radiopiu.net\/wordpress\/wp-content\/uploads\/2022\/07\/2e1e7e1c-a9c0-444a-bfde-0bf0c8166860-150x150.jpg\" class=\"attachment-thumbnail size-thumbnail\" alt=\"\" \/><\/a>\n\t\t\t\t<\/dt><\/dl><dl class='gallery-item'>\n\t\t\t\t<dt class='gallery-icon landscape'>\n\t\t\t\t\t<a class=\"rollover rollover-zoom dt-pswp-item\" title=\"0cf9c234-0042-4b8d-8166-9a14e753af57\" data-dt-img-description=\"\" data-large_image_width=\"1599\" data-large_image_height=\"899\"href='https:\/\/www.radiopiu.net\/wordpress\/wp-content\/uploads\/2022\/07\/0cf9c234-0042-4b8d-8166-9a14e753af57.jpg'><img loading=\"lazy\" decoding=\"async\" width=\"150\" height=\"150\" src=\"https:\/\/www.radiopiu.net\/wordpress\/wp-content\/uploads\/2022\/07\/0cf9c234-0042-4b8d-8166-9a14e753af57-150x150.jpg\" class=\"attachment-thumbnail size-thumbnail\" alt=\"\" \/><\/a>\n\t\t\t\t<\/dt><\/dl><br style=\"clear: both\" \/>\n\t\t\t<\/div>\n\n<p>&nbsp;<\/p>\n<p>&nbsp;<\/p>\n<hr \/>\n<p>&nbsp;<\/p>\n<p><strong>ARCHIVIO RADIOPIU FEBBRAIO 2022<\/strong><\/p>\n<blockquote>\n<h3>CICLABILE PER &#8216;AGORDINO: PRESTO IL PONTE SUL CORDEVOLE TRA TAIBON E AGORDO<\/h3>\n<\/blockquote>\n<p>&nbsp;<\/p>\n<p><strong><img loading=\"lazy\" decoding=\"async\" class=\"alignleft\" src=\"https:\/\/www.radiopiu.net\/wordpress\/wp-content\/uploads\/2018\/03\/CICLABILE.jpg\" width=\"204\" height=\"114\" \/>AGORDO<\/strong> Ci siamo e dovrebbe finire in modo migliore rispetto ad un anno fa quando scrivevamo pi\u00f9 o meno le stesse cose. Purtroppo la pandemia, gli aumenti delle materie prime, varie ed eventuali hanno portato ad ulteriori ritardi. IerI sera in consiglio dell&#8217;Unione Montana l&#8217;importante novit\u00e0: a breve sar\u00e0 posizionato l&#8217;atteso ponte sul Cordevole tra Taibon via Foch e Agordo Bries.<\/p>\n<p><strong>IL PRESIDENTE DELL&#8217;UNIONE MONTANA AGORDINA MICHELE COSTA<\/strong><\/p>\n<audio class=\"wp-audio-shortcode\" id=\"audio-288259-1\" preload=\"none\" style=\"width: 100%;\" controls=\"controls\"><source type=\"audio\/mpeg\" src=\"https:\/\/www.radiopiu.net\/wordpress\/wp-content\/uploads\/2021\/04\/costsa.mp3?_=1\" \/><a href=\"https:\/\/www.radiopiu.net\/wordpress\/wp-content\/uploads\/2021\/04\/costsa.mp3\">https:\/\/www.radiopiu.net\/wordpress\/wp-content\/uploads\/2021\/04\/costsa.mp3<\/a><\/audio>\n<p>&nbsp;<\/p>\n<p><strong>LE DOMANDE E I DUBBI DEL SINDACO DI AGORDO ROBERTO CHISSALE&#8217;<\/strong><\/p>\n<audio class=\"wp-audio-shortcode\" id=\"audio-288259-2\" preload=\"none\" style=\"width: 100%;\" controls=\"controls\"><source type=\"audio\/mpeg\" src=\"https:\/\/www.radiopiu.net\/wordpress\/wp-content\/uploads\/2021\/04\/chissale.mp3?_=2\" \/><a href=\"https:\/\/www.radiopiu.net\/wordpress\/wp-content\/uploads\/2021\/04\/chissale.mp3\">https:\/\/www.radiopiu.net\/wordpress\/wp-content\/uploads\/2021\/04\/chissale.mp3<\/a><\/audio>\n<p>&nbsp;<\/p>\n<p>&nbsp;<\/p>\n<p>____<\/p>\n","protected":false},"excerpt":{"rendered":"<p>TAIBON La curva a Taier, sulla strada da Brugnach Agordo a Taibon-Campagna \u00e8 stata allargata. Ora finalmente il bilico con il ponte in legno da collocare sul Cordevole potr\u00e0 passare. Presto inizieranno i lavori per dare continuit\u00e0 alla ciclabile evitando il rientro lungo la regionale 203 agordina in localit\u00e0 Bries &nbsp; ARCHIVIO RADIO\u00a0 21 PIU&hellip;<\/p>\n","protected":false},"author":4,"featured_media":291393,"comment_status":"closed","ping_status":"closed","sticky":false,"template":"","format":"standard","meta":{"_monsterinsights_skip_tracking":false,"_monsterinsights_sitenote_active":false,"_monsterinsights_sitenote_note":"","_monsterinsights_sitenote_category":0,"footnotes":""},"categories":[51,49],"tags":[],"class_list":["post-288259","post","type-post","status-publish","format-standard","has-post-thumbnail","hentry","category-evidenza-top","category-news-18","category-51","category-49","description-off"],"img_url":"https:\/\/www.radiopiu.net\/wordpress\/wp-content\/uploads\/2022\/07\/d392e255-1706-49ac-b07b-ac06fdfd9a1a.jpg","_links":{"self":[{"href":"https:\/\/www.radiopiu.net\/wordpress\/wp-json\/wp\/v2\/posts\/288259","targetHints":{"allow":["GET"]}}],"collection":[{"href":"https:\/\/www.radiopiu.net\/wordpress\/wp-json\/wp\/v2\/posts"}],"about":[{"href":"https:\/\/www.radiopiu.net\/wordpress\/wp-json\/wp\/v2\/types\/post"}],"author":[{"embeddable":true,"href":"https:\/\/www.radiopiu.net\/wordpress\/wp-json\/wp\/v2\/users\/4"}],"replies":[{"embeddable":true,"href":"https:\/\/www.radiopiu.net\/wordpress\/wp-json\/wp\/v2\/comments?post=288259"}],"version-history":[{"count":0,"href":"https:\/\/www.radiopiu.net\/wordpress\/wp-json\/wp\/v2\/posts\/288259\/revisions"}],"wp:featuredmedia":[{"embeddable":true,"href":"https:\/\/www.radiopiu.net\/wordpress\/wp-json\/wp\/v2\/media\/291393"}],"wp:attachment":[{"href":"https:\/\/www.radiopiu.net\/wordpress\/wp-json\/wp\/v2\/media?parent=288259"}],"wp:term":[{"taxonomy":"category","embeddable":true,"href":"https:\/\/www.radiopiu.net\/wordpress\/wp-json\/wp\/v2\/categories?post=288259"},{"taxonomy":"post_tag","embeddable":true,"href":"https:\/\/www.radiopiu.net\/wordpress\/wp-json\/wp\/v2\/tags?post=288259"}],"curies":[{"name":"wp","href":"https:\/\/api.w.org\/{rel}","templated":true}]}}