{"id":288323,"date":"2022-07-21T05:42:15","date_gmt":"2022-07-21T03:42:15","guid":{"rendered":"https:\/\/www.radiopiu.net\/wordpress\/?p=288323"},"modified":"2022-07-21T05:50:56","modified_gmt":"2022-07-21T03:50:56","slug":"zanzare-meglio-proteggersi-la-parola-allesperto","status":"publish","type":"post","link":"https:\/\/www.radiopiu.net\/wordpress\/zanzare-meglio-proteggersi-la-parola-allesperto\/","title":{"rendered":"ZANZARE, MEGLIO PROTEGGERSI. LA PAROLA ALL&#8217;ESPERTO"},"content":{"rendered":"<blockquote>\n<h3><em>Al momento in Ulss Dolomiti non risultano n\u00e9 casi umani n\u00e9 positivit\u00e0 nei piani di monitoraggio dei vettori (zanzare) o degli uccelli selvatici serbatoio.<\/em><\/h3>\n<\/blockquote>\n<p><strong><img loading=\"lazy\" decoding=\"async\" class=\"alignleft\" src=\"https:\/\/www.radiopiu.net\/wordpress\/wp-content\/uploads\/2018\/08\/zanzara.jpg\" width=\"239\" height=\"159\" \/>BELLUNO<\/strong>\u00a0 La zanzara costituisce un\u2019insidia non solo in estate, ma anche in autunno, stagioni in cui le zanzare risultano pi\u00f9 attive. Non \u00e8 solo un insetto fastidioso, la puntura di zanzara pu\u00f2 diventare talvolta un pericolo per la trasmissione di alcune malattie. E\u2019 fondamentale, quindi, richiamare l\u2019attenzione e sensibilizzare i cittadini sulle misure preventive da poter adottare. Antonio Lalli, dirigente medico del Dipartimento di Prevenzione dell\u2019Ulss Dolomiti, referente per la materia, spiega sintomi e conseguenze delle punture di zanzare e indica alcuni consigli utili per ridurre la proliferazione di questi insetti. <strong>La puntura di zanzara: sintomi e possibili malattie virali <\/strong>Generalmente, la puntura causa sintomi lievi che possono anche passare inosservati. In altri casi pu\u00f2 causare gonfiore, rossore, febbre ed infezioni virali. In Italia le malattie virali trasmesse dalla puntura di zanzare sono: \u2981 West Nile: malattia virale potenzialmente mortale, soprattutto nelle persone anziane o a rischio, trasmessa dalla zanzara Culex pipiens che punge nelle ore notturne. \u2981 Chikungunya, Dengue, Zika: malattie virali trasmesse dalla zanzara \u201ctigre\u201d Aedes albopictus che punge nelle ore diurne. <strong>Come ridurre il rischio di infezione <\/strong>Per ridurre il rischio di infezione, la misura preventiva pi\u00f9 efficace che ognuno di noi pu\u00f2 attuare \u00e8 quella di proteggersi dalle punture di zanzare. Nello specifico: \u2981 all\u2019aperto indossare indumenti di colore chiaro che coprano la maggior parte del corpo; \u2981 proteggere la propria abitazione con zanzariere a tutte le finestre e porte di ingresso; \u2981 all\u2019aperto utilizzare repellenti cutanei per uso topico registrati come Presidi Medico-Chirurgici (PMC) presso il Ministero della Salute o come Biocidi secondo il Regolamento UE n.528\/2012, attenendosi alle norme indicate sui foglietti illustrativi, ponendo particolare attenzione al loro impiego su bambini, donne in gravidanza e in allettamento; \u2981 nel solo caso di presenza di zanzare in ambienti interni, vaporizzare spray a base di piretro o altri insetticidi per uso domestico, oppure utilizzare diffusori di insetticida elettrici, areando bene i locali prima di soggiornarvi. <strong>Alcuni consigli utili per ridurre la proliferazione di zanzare: <\/strong>\u2981 mettere al riparo dalla pioggia tutto ci\u00f2 che pu\u00f2 raccogliere acqua piovana; \u2981 coprire vasche, cisterne, bidoni e tutti i contenitori dove si raccoglie l\u2019acqua con zanzariere, teli o coperchi; \u2981 svuotare settimanalmente i sottovasi, ciotole e qualsiasi altro contenitore lasciato all\u2019aperto; \u2981 mettere nelle fontane e vasche ornamentali pesci rossi o altri pesci che si nutrono di zanzare; \u2981 verificare che le grondaie siano pulite e non ostruite e che sui teli che coprono cumuli di materiali e legna non ristagni l\u2019acqua.<\/p>\n<p>&nbsp;<\/p>\n<p>&nbsp;<\/p>\n<p>____<\/p>\n<p>&nbsp;<\/p>\n","protected":false},"excerpt":{"rendered":"<p>Al momento in Ulss Dolomiti non risultano n\u00e9 casi umani n\u00e9 positivit\u00e0 nei piani di monitoraggio dei vettori (zanzare) o degli uccelli selvatici serbatoio. BELLUNO\u00a0 La zanzara costituisce un\u2019insidia non solo in estate, ma anche in autunno, stagioni in cui le zanzare risultano pi\u00f9 attive. Non \u00e8 solo un insetto fastidioso, la puntura di zanzara&hellip;<\/p>\n","protected":false},"author":4,"featured_media":58981,"comment_status":"closed","ping_status":"closed","sticky":false,"template":"","format":"standard","meta":{"_monsterinsights_skip_tracking":false,"_monsterinsights_sitenote_active":false,"_monsterinsights_sitenote_note":"","_monsterinsights_sitenote_category":0,"footnotes":""},"categories":[51,49],"tags":[],"class_list":["post-288323","post","type-post","status-publish","format-standard","has-post-thumbnail","hentry","category-evidenza-top","category-news-18","category-51","category-49","description-off"],"img_url":"https:\/\/www.radiopiu.net\/wordpress\/wp-content\/uploads\/2018\/08\/zanzara.jpg","_links":{"self":[{"href":"https:\/\/www.radiopiu.net\/wordpress\/wp-json\/wp\/v2\/posts\/288323","targetHints":{"allow":["GET"]}}],"collection":[{"href":"https:\/\/www.radiopiu.net\/wordpress\/wp-json\/wp\/v2\/posts"}],"about":[{"href":"https:\/\/www.radiopiu.net\/wordpress\/wp-json\/wp\/v2\/types\/post"}],"author":[{"embeddable":true,"href":"https:\/\/www.radiopiu.net\/wordpress\/wp-json\/wp\/v2\/users\/4"}],"replies":[{"embeddable":true,"href":"https:\/\/www.radiopiu.net\/wordpress\/wp-json\/wp\/v2\/comments?post=288323"}],"version-history":[{"count":0,"href":"https:\/\/www.radiopiu.net\/wordpress\/wp-json\/wp\/v2\/posts\/288323\/revisions"}],"wp:featuredmedia":[{"embeddable":true,"href":"https:\/\/www.radiopiu.net\/wordpress\/wp-json\/wp\/v2\/media\/58981"}],"wp:attachment":[{"href":"https:\/\/www.radiopiu.net\/wordpress\/wp-json\/wp\/v2\/media?parent=288323"}],"wp:term":[{"taxonomy":"category","embeddable":true,"href":"https:\/\/www.radiopiu.net\/wordpress\/wp-json\/wp\/v2\/categories?post=288323"},{"taxonomy":"post_tag","embeddable":true,"href":"https:\/\/www.radiopiu.net\/wordpress\/wp-json\/wp\/v2\/tags?post=288323"}],"curies":[{"name":"wp","href":"https:\/\/api.w.org\/{rel}","templated":true}]}}