{"id":288336,"date":"2022-07-22T05:50:39","date_gmt":"2022-07-22T03:50:39","guid":{"rendered":"https:\/\/www.radiopiu.net\/wordpress\/?p=288336"},"modified":"2022-07-22T09:25:09","modified_gmt":"2022-07-22T07:25:09","slug":"giornale-radiopiu-22-luglio-2022-direttore-mirko-mezzacasa","status":"publish","type":"post","link":"https:\/\/www.radiopiu.net\/wordpress\/giornale-radiopiu-22-luglio-2022-direttore-mirko-mezzacasa\/","title":{"rendered":"GIORNALE RADIOPIU 22 LUGLIO 2022 DIRETTORE MIRKO MEZZACASA"},"content":{"rendered":"<h3 class=\"kvgmc6g5 cxmmr5t8 oygrvhab hcukyx3x c1et5uql\"><span style=\"color: #0000ff;\"><strong>RADIO PIU INFORMAZIONE il canale su TELEGRAM informazione di prima\u00a0 <\/strong><\/span><span style=\"color: #0000ff;\"><strong>mano e in tempo reale. iscriviti ed aiutaci a farlo conoscere\u00a0 \u00a0<\/strong><\/span><\/h3>\n<p><iframe loading=\"lazy\" title=\"Rocca Pietore, Marmolada, Val Pettorina\" width=\"1200\" height=\"675\" src=\"https:\/\/www.youtube.com\/embed\/fnodpFI2M1w?feature=oembed\" frameborder=\"0\" allow=\"accelerometer; autoplay; clipboard-write; encrypted-media; gyroscope; picture-in-picture\" allowfullscreen><\/iframe><\/p>\n<p>&nbsp;<\/p>\n<blockquote>\n<h3>MARMOLADA SRL: SIAMO APERTI NELLA MASSIMA SICUREZZA<\/h3>\n<\/blockquote>\n<p><strong>ROCCA PIETORE <\/strong>\u201cG<em>li impianti di risalita sono aperti nella massima sicurezza e nel pieno rispetto di tutti. \u00c8 stato un mese difficile per le nostre comunit\u00e0, noi stessi siamo provati ma abbiamo il dovere di andare avanti nella consapevolezza che solo una montagna usufruibile \u00e8 una montagna che pu\u00f2 continuare a vivere e consentire alle sue genti di rimanere<\/em>\u201d. Ad affermarlo \u00e8 la societ\u00e0 Marmolada Srl: \u201c<em>Abbiamo il dovere di ripartire confidando su una comunicazione corretta e responsabile. Le attivit\u00e0 della nostra area sono tutte aperte e le nostre funivie in particolare consentono a visitatori e turisti di muoversi in modo sicuro<\/em>\u201d. \u201c<em>Per questo<\/em>\u201d, sottolineano dalla societ\u00e0, \u201c<em>confermiamo il calendario di appuntamenti e iniziative collaterali definito negli ultimi mesi nella speranza di una ripartenza effettiva per amore proprio della nostra Marmolada<\/em>\u201d.<\/p>\n<p>&nbsp;<\/p>\n<p>&nbsp;<\/p>\n<hr \/>\n<p>&nbsp;<\/p>\n<p>&nbsp;<\/p>\n<blockquote>\n<h3>IN VIA FOCH A CENCENIGHE ACQUA INQUINATA<\/h3>\n<\/blockquote>\n<p>&nbsp;<\/p>\n<p><strong>CENCENIGHE<\/strong> Gestione Servizi Pubblici informa che\u00a0 in localit\u00e0 FOCH l&#8217;acqua erogata dall&#8217;acquedotto non \u00e8 potabile e pu\u00f2 essere usata per scopi alimentari SOLO PREVIA bollitura.<\/p>\n<p>&nbsp;<\/p>\n<blockquote>\n<h3>INTERRUZIONE IDRICA A ROCCA PIETORE<\/h3>\n<\/blockquote>\n<p><strong>ROCCA PIETORE<\/strong> Gestione Servizi Pubblici informa che, per lavori alla rete idrica comunale, marted\u00ec dalle 09:00 alle 11:00 verr\u00e0 sospesa l\u2019erogazione dell\u2019acqua a ROCCA PIETORE in LOC.CAPOLUOGO.<\/p>\n<p>&nbsp;<\/p>\n<hr \/>\n<p>&nbsp;<\/p>\n<blockquote>\n<h3 class=\"articlePlainSubHead\">METEO, E&#8217; DI NUOVO ALLERTA GIALLA FINO A MEZZANOTTE<\/h3>\n<\/blockquote>\n<div class=\"addthis_sharing_toolbox\" data-url=\"https:\/\/sfoglio.corrierealpi.gelocal.it\/share_article.php?article_id=10723741\" data-title=\"Allerta giallafino a mezzanottesulle Dolomiti\">\u00a0Previsto tempo instabile sulle Dolomiti\u00a0 dove non sono\u00a0 esclusi fenomeni anche intensi. L&#8217;avviso \u00e8 del Centro funzionale decentrato della Protezione civile del Veneto.<\/div>\n<p>&nbsp;<\/p>\n<hr \/>\n<p>&nbsp;<\/p>\n<blockquote>\n<h3>INCENDIO DI LAMON, ANCORA PICCOLI FUMAIOLI SUL SASS FALARES<\/h3>\n<h3 style=\"text-align: center;\"><a class=\"dt-pswp-item\" href=\"https:\/\/www.radiopiu.net\/wordpress\/wp-content\/uploads\/2022\/07\/42c85f91-c9c2-4833-a747-a941a699e9df.jpg\" data-dt-img-description=\"\" data-large_image_width=\"1600\" data-large_image_height=\"738\"><img loading=\"lazy\" decoding=\"async\" class=\"wp-image-288562 size-medium alignnone\" src=\"https:\/\/www.radiopiu.net\/wordpress\/wp-content\/uploads\/2022\/07\/42c85f91-c9c2-4833-a747-a941a699e9df-300x138.jpg\" alt=\"\" width=\"300\" height=\"138\" srcset=\"https:\/\/www.radiopiu.net\/wordpress\/wp-content\/uploads\/2022\/07\/42c85f91-c9c2-4833-a747-a941a699e9df-300x138.jpg 300w, https:\/\/www.radiopiu.net\/wordpress\/wp-content\/uploads\/2022\/07\/42c85f91-c9c2-4833-a747-a941a699e9df-1024x472.jpg 1024w, https:\/\/www.radiopiu.net\/wordpress\/wp-content\/uploads\/2022\/07\/42c85f91-c9c2-4833-a747-a941a699e9df-768x354.jpg 768w, https:\/\/www.radiopiu.net\/wordpress\/wp-content\/uploads\/2022\/07\/42c85f91-c9c2-4833-a747-a941a699e9df-1536x708.jpg 1536w, https:\/\/www.radiopiu.net\/wordpress\/wp-content\/uploads\/2022\/07\/42c85f91-c9c2-4833-a747-a941a699e9df.jpg 1600w\" sizes=\"auto, (max-width: 300px) 100vw, 300px\" \/><\/a><\/h3>\n<\/blockquote>\n<p><strong>LAMON<\/strong>\u00a0 Piccoli fumaioli\u00a0 a causa della siccit\u00e0 e delle elevate temperature. Ieri l&#8217;elicottero della Protezione civile regionale ha continuato a girare.\u00a0 L&#8217;attivit\u00e0 proseguir\u00e0 anche oggi. Pompieri di Feltre chiamati ieri pomeriggio anche in Valle di Schievenin per un principio di incendio di sterpaglie.<\/p>\n<p>&nbsp;<\/p>\n<p>&nbsp;<\/p>\n<p>&nbsp;<\/p>\n<hr \/>\n<blockquote>\n<h3><\/h3>\n<h3><strong>LA PROTEZIONE CIVILE DEL VENETO HA DICHIARATO LO STATO DI GRAVE PERICOLOSITA\u2019 PER GLI INCENDI BOSCHIVI<\/strong><\/h3>\n<\/blockquote>\n<p><strong>VENEZIA\u00a0<\/strong> Viste le condizioni meteo-climatiche e vegetazionali, la Protezione Civile del Veneto ha dichiarato lo stato di grave pericolosit\u00e0 per gli incendi boschivi anche per i territori comunali a rischio della regione Veneto nelle province di Belluno e Vicenza-Aree di base montane. Fino alla comunicazione di revoca dello stato di grave pericolosit\u00e0 per gli incendi boschivi, sono pertanto vietate tutte le operazioni che possono creare pericolo o possibilit\u00e0 di incendio in aree boscate, cespugliate o arborate, e comunque entro la distanza di cento metri dai medesimi terreni. Per le trasgressioni a tali divieti si applicano le sanzioni previste dalla Legge 21 novembre 2000, n. 353 e dalle Prescrizioni di Massima e di Polizia Forestale vigenti.<\/p>\n<p>&nbsp;<\/p>\n<p>&nbsp;<\/p>\n<hr \/>\n<p>&nbsp;<\/p>\n<blockquote>\n<h3>NON SI ACCORGE DELLA ROCCIA SPORGENTE E CI SBATTE LA TESTA<\/h3>\n<\/blockquote>\n<div dir=\"auto\"><strong><img loading=\"lazy\" decoding=\"async\" class=\"alignleft\" src=\"https:\/\/www.radiopiu.net\/wordpress\/wp-content\/uploads\/2021\/09\/salt_20210925_194232_070.jpg\" width=\"247\" height=\"185\" \/>CORTINA\u00a0<\/strong> Attorno alle 13.50 l&#8217;elicottero di Dolomiti Emergency \u00e8 volato lungo la Ferrata Vandelli al Col del Fogo, dove un turista statunitense, che la stava percorrendo assieme alla compagna e a un&#8217;amica, aveva perso i sentimenti dopo aver sbattuto la testa su una roccia sporgente. Individuato il punto dove si trovavano i tre, l&#8217;eliambulanza ha sbarcato nelle vicinanze in hovering equipe medica e tecnico di elisoccorso, che hanno raggiunto il trentenne, che si era ripreso, lo hanno valutato e, una volta caricato a bordo sempre in hovering, lo hanno trasportato all&#8217;ospedale di Cortina. Le due ragazze sono rientrate autonomamente.<\/div>\n<div dir=\"auto\"><\/div>\n<div dir=\"auto\">Verso le 15.30 l&#8217;eliambulanza di Fiames \u00e8 poi stata inviata sulla sentiero che scende dal Rifugio Coldai verso Malga Pioda, a seguito della segnalazione di alcuni passanti, che si erano imbattuti in un uomo colto da malore assistito dalla moglie, poi raggiunta dal gestore della malga. Sbarcati in hovering, i soccorritori hanno prestato le prime cure a L.S., 72 anni, di Brugine (PD), per poi imbarellarlo e recuperarlo con un verricello di 20 metri. L&#8217;escursionista \u00e8 stato quindi accompagnato all&#8217;ospedale di Agordo per le opportune verifiche.<\/div>\n<div dir=\"auto\"><\/div>\n<div dir=\"auto\"><\/div>\n<div dir=\"auto\">\n<hr \/>\n<\/div>\n<blockquote>\n<div dir=\"auto\">&#8211;<\/div>\n<\/blockquote>\n<div dir=\"auto\"><\/div>\n<div dir=\"auto\">\n<hr \/>\n<\/div>\n<div dir=\"auto\"><\/div>\n<blockquote>\n<h3 dir=\"auto\">RECUPERATO ALPINISTA SULLO SPIGOLO SORAR\u00d9<\/h3>\n<\/blockquote>\n<div dir=\"auto\"><strong><img loading=\"lazy\" decoding=\"async\" class=\"alignleft\" src=\"https:\/\/www.radiopiu.net\/wordpress\/wp-content\/uploads\/2021\/06\/5daaba42-e05e-4ca5-b548-4630f302714b.jpg\" width=\"179\" height=\"101\" \/>AGORDO<\/strong>\u00a0 Passate le 17 l&#8217;elicottero del Suem di Pieve di Cadore \u00e8 intervenuto alla fine di una via alpinistica in Moiazza, per uno scalatore disidratato e stremato. Individuato sullo Spigolo Sorar\u00f9, A.G., 59 anni, di Mogliano Veneto (TV), \u00e8 stato recuperato assieme al compagno dal tecnico di elisoccorso, utilizzando in verricello di 65 metri. Il rocciatore \u00e8 stato quindi visitato dall&#8217;equipe medica in attesa al Rifugio Carestiato, rifiutando il trasporto in ospedale.<\/div>\n<div dir=\"auto\"><\/div>\n<div dir=\"auto\">\n<hr \/>\n<\/div>\n<div dir=\"auto\"><\/div>\n<div dir=\"auto\"><\/div>\n<div dir=\"auto\">\n<hr \/>\n<\/div>\n<blockquote>\n<div dir=\"auto\">&#8211;<\/div>\n<\/blockquote>\n<div dir=\"auto\"><\/div>\n<div dir=\"auto\">\n<hr \/>\n<\/div>\n<div dir=\"auto\"><\/div>\n<blockquote>\n<h3 dir=\"auto\"><\/h3>\n<\/blockquote>\n<hr \/>\n<p>&nbsp;<\/p>\n<blockquote>\n<h3>RECUPERATA COPPIA DI ALPINISTI BELGI<\/h3>\n<\/blockquote>\n<div dir=\"auto\"><strong><img loading=\"lazy\" decoding=\"async\" class=\"alignleft\" src=\"https:\/\/www.radiopiu.net\/wordpress\/wp-content\/uploads\/2021\/07\/shutterstock_1284747295-scaled.jpg\" width=\"119\" height=\"79\" \/>TAIBON\u00a0<\/strong> Passate le 19 la Centrale del Suem \u00e8 stata allertata da una coppia di alpinisti belgi, lui 37, lei 27 anni, sfiniti dal caldo e impossibilitati a proseguire, 200 metri sotto la cima dell&#8217;Agner. La cordata, che stava scalando lo Spigolo nord, \u00e8 stata individuata dall&#8217;equipaggio dell&#8217;Aiut Alpin Dolomites di Bolzano e recuperata con un verricello di 50 metri. I due rocciatori sono quindi stati trasportati a valle e affidati a una squadra del Soccorso alpino di Agordo, che si era preparata a intervenire in supporto alle operazioni, se necessario.<\/div>\n<div dir=\"auto\"><\/div>\n<div dir=\"auto\">\n<hr \/>\n<\/div>\n<div dir=\"auto\"><\/div>\n<div dir=\"auto\">\n<div dir=\"auto\"><\/div>\n<div dir=\"auto\"><\/div>\n<div dir=\"auto\">\n<hr \/>\n<\/div>\n<blockquote>\n<div dir=\"auto\">&#8211;<\/div>\n<\/blockquote>\n<div dir=\"auto\"><\/div>\n<div dir=\"auto\">\n<hr \/>\n<\/div>\n<div dir=\"auto\"><\/div>\n<blockquote>\n<h3 dir=\"auto\"><\/h3>\n<\/blockquote>\n<\/div>\n<div dir=\"auto\">\n<hr \/>\n<\/div>\n<blockquote>\n<h3 dir=\"auto\"><a class=\"dt-pswp-item\" href=\"https:\/\/www.radiopiu.net\/wordpress\/wp-content\/uploads\/2022\/07\/corr.jpg\" data-dt-img-description=\"\" data-large_image_width=\"492\" data-large_image_height=\"266\"><img loading=\"lazy\" decoding=\"async\" class=\"alignleft wp-image-288565 \" src=\"https:\/\/www.radiopiu.net\/wordpress\/wp-content\/uploads\/2022\/07\/corr-300x162.jpg\" alt=\"\" width=\"254\" height=\"137\" srcset=\"https:\/\/www.radiopiu.net\/wordpress\/wp-content\/uploads\/2022\/07\/corr-300x162.jpg 300w, https:\/\/www.radiopiu.net\/wordpress\/wp-content\/uploads\/2022\/07\/corr.jpg 492w\" sizes=\"auto, (max-width: 254px) 100vw, 254px\" \/><\/a>\u00a0CON LA MOTO CONTRO UN&#8217;AUTO IN SOSTA, RICOVERATO IN GRAVI CONDIZIONI A TREVISO<\/h3>\n<\/blockquote>\n<div dir=\"auto\"><strong>VALLE DI CADORE<\/strong> Un giovane di 27 anni, N.S. del Cadore \u00e8 ricoverato con un politrauma all&#8217;ospedale di Treviso dopo lo schianto dell&#8217;altra notte contro un&#8217;auto parcheggiata. Non \u00e8 in pericolo di vita ma ha riportato una serie di traumi. Ha perso il controllo della moto Ducati.\u00a0 I sanitari del 118 lo hanno trasferito prima all&#8217;ospedale di Pieve, poi in elicottero con un volo notturno in ospedale a Treviso.<\/div>\n<div dir=\"auto\"><span style=\"color: #ff0000;\">\u00a0FOTO CORRIERE DELLE ALPI<\/span><\/div>\n<div dir=\"auto\"><\/div>\n<div dir=\"auto\">\n<hr \/>\n<\/div>\n<div dir=\"auto\"><\/div>\n<div dir=\"auto\">\n<div dir=\"auto\"><\/div>\n<div dir=\"auto\"><\/div>\n<div dir=\"auto\">\n<hr \/>\n<\/div>\n<blockquote>\n<div dir=\"auto\">&#8211;<\/div>\n<\/blockquote>\n<div dir=\"auto\"><\/div>\n<div dir=\"auto\">\n<hr \/>\n<\/div>\n<div dir=\"auto\"><\/div>\n<blockquote>\n<h3 dir=\"auto\"><\/h3>\n<\/blockquote>\n<\/div>\n<div dir=\"auto\">\n<div dir=\"auto\">\n<div dir=\"auto\" data-smartmail=\"gmail_signature\">\n<hr \/>\n<\/div>\n<div dir=\"auto\" data-smartmail=\"gmail_signature\"><\/div>\n<blockquote>\n<h3 dir=\"auto\" data-smartmail=\"gmail_signature\"><\/h3>\n<h3 dir=\"auto\" data-smartmail=\"gmail_signature\">IL RAPINATORE DI CESANA E&#8217; GIA&#8217; LIBERO DI GIRARE PER L&#8217;ITALIA, MA DOVRA&#8217; LASCIARE LA PROVINCIA<\/h3>\n<\/blockquote>\n<div dir=\"auto\" data-smartmail=\"gmail_signature\">\n<blockquote>\n<div dir=\"auto\" data-smartmail=\"gmail_signature\"><em><img loading=\"lazy\" decoding=\"async\" class=\"alignleft\" src=\"https:\/\/www.radiopiu.net\/wordpress\/wp-content\/uploads\/2019\/12\/CARABINIERI-FELTRE-1.jpg\" width=\"200\" height=\"150\" \/>accusato di aver rubato con violenza un portafoglio a un residente, che l&#8217;aveva appena colto sul fatto e un paio di occhiali da sole in un&#8217;altra macchina.\u00a0<\/em> <em>Il\u00a0 reato di rapina prevede una pena da cinque a dieci anni di reclusione. L&#8217;udienza \u00e8 stata fissata per il 5 settembre.\u00a0<\/em><\/div>\n<\/blockquote>\n<div dir=\"auto\" data-smartmail=\"gmail_signature\"><strong>BELLUNO<\/strong>\u00a0 Processo per direttissima per il trentenne che l&#8217;altro giorno ha rubato in alcune auto e si \u00e8 introdotto in casa di un&#8217;anziana. Le accuse: rapina, furto aggravato e violazione di domicilio.\u00a0 Mohamed Linari, tunisino era stato bloccato dai paesani di Cesana fino all&#8217;arrivo dei Carabinieri.\u00a0 Una donna,\u00a0 se l&#8217;era trovato davanti in salotto, ma qui non ha trovato nulla da rubare.\u00a0 L&#8217;arresto \u00e8 stato convalidato dal giudice per le indagini preliminari Angela Feletto, su richiesta del pubblico ministero Simone Marcon. Alla fine, scarcerazione e divieto di dimora in provincia di Belluno.<\/div>\n<\/div>\n<div dir=\"auto\" data-smartmail=\"gmail_signature\"><\/div>\n<div dir=\"auto\" data-smartmail=\"gmail_signature\">\n<hr \/>\n<\/div>\n<div dir=\"auto\" data-smartmail=\"gmail_signature\">\n<div dir=\"auto\"><\/div>\n<div dir=\"auto\"><\/div>\n<div dir=\"auto\">\n<hr \/>\n<\/div>\n<blockquote>\n<div dir=\"auto\">&#8211;<\/div>\n<\/blockquote>\n<div dir=\"auto\"><\/div>\n<div dir=\"auto\">\n<hr \/>\n<\/div>\n<div dir=\"auto\"><\/div>\n<blockquote>\n<h3 dir=\"auto\"><\/h3>\n<\/blockquote>\n<\/div>\n<div dir=\"auto\" data-smartmail=\"gmail_signature\"><\/div>\n<\/div>\n<\/div>\n<hr \/>\n<p>&nbsp;<\/p>\n<p>&nbsp;<\/p>\n<h1 style=\"text-align: center;\"><span style=\"color: #339966;\">25 SETTEMBRE<\/span> <span style=\"color: #ff0000;\">2022, L&#8217;ITALIA ALLE URNE\u00a0<\/span><\/h1>\n<p>&nbsp;<\/p>\n<p>&nbsp;<\/p>\n<hr \/>\n<blockquote>\n<h3><\/h3>\n<h3>ITALIA, C&#8217;ERA UNA VOLTA LA POLITICA<\/h3>\n<\/blockquote>\n<p><strong>di DINO BRIDDA<\/strong><\/p>\n<p><a class=\"dt-pswp-item\" href=\"https:\/\/www.radiopiu.net\/wordpress\/wp-content\/uploads\/2020\/07\/dino_bridda-300x300-1.jpg\" data-dt-img-description=\"\" data-large_image_width=\"300\" data-large_image_height=\"300\"><img loading=\"lazy\" decoding=\"async\" class=\"size-thumbnail wp-image-147300 alignleft\" src=\"https:\/\/www.radiopiu.net\/wordpress\/wp-content\/uploads\/2020\/07\/dino_bridda-300x300-1-150x150.jpg\" alt=\"\" width=\"150\" height=\"150\" srcset=\"https:\/\/www.radiopiu.net\/wordpress\/wp-content\/uploads\/2020\/07\/dino_bridda-300x300-1-150x150.jpg 150w, https:\/\/www.radiopiu.net\/wordpress\/wp-content\/uploads\/2020\/07\/dino_bridda-300x300-1.jpg 300w\" sizes=\"auto, (max-width: 150px) 100vw, 150px\" \/><\/a>\u2026e venne il giorno in cui i resti della Politica italiana si sciolsero alla luce del sole in piena canicola estiva. Sul cumulo di macerie, per\u00f2, Mario Draghi-Davy Crockett a Fort Alamo-Chigi \u00e8 rimasto in piedi utilizzando un mix di esperienza-capacit\u00e0-dignit\u00e0 ed equilibrio che gli valgono la stima del mondo intero. Ma nel tragico epilogo in Parlamento \u00e8 valso il detto nemo propheta in patria. In questa giornata nella quale il raziocinio \u00e8 operazione assai ardua, scacciando da noi il panico o \u00abl\u2019avevo detto io\u00bb, \u00e8 bene non appigliarsi a giudizi da curva sud, perch\u00e9 in politica non abbiamo bisogno di tifosi bens\u00ec di cittadini che abbiano il senso dello Stato.<br \/>\nDi fronte allo sfacelo odierno, cari elettori italiani, siamo sicuri di avere imparato bene la lezione? Abbiamo capito che, per quanto concerne solo questa legislatura moribonda &#8211; non escluse per\u00f2 le immediate precedenti &#8211; \u00e8 chiaro e tondo che nel 2018 abbiamo eletto un Parlamento non all\u2019altezza del suo compito? Tanto \u00e8 vero che, oltre a implorare Mattarella: \u00abResta!\u00bb, Palazzo Madama e Montecitorio non sono stati capaci di mettere in piedi un Governo politico. Soluzione: Giuseppe Conte e Mario Draghi, fate voi! Salvo poi cospargere il loro cammino di veleni e tanti chiodi\u2026<br \/>\n<img loading=\"lazy\" decoding=\"async\" class=\"alignright\" src=\"https:\/\/www.radiopiu.net\/wordpress\/wp-content\/uploads\/2022\/07\/th-17.jpg\" width=\"186\" height=\"103\" \/>Ci\u00f2 che \u00e8 stato \u00e8 stato. \u00c8 inutile guardare indietro, ricercare colpe, insultarsi a vicenda e continuare a giocare con il nostro destino da incoscienti. Cos\u00ec facendo rischiamo molto in materia di PNRR, bilancio dello Stato, crisi economica, incendi, laghi e fiumi in secca, riforme sociali, situazione della giustizia e della scuola, immigrazione, lotta alla malavita, degrado urbano, e via dicendo. L\u2019elenco \u00e8 lungo e drammatico e ci sono pure i cambiamenti climatici, la pandemia e la guerra in Ucraina. Gi\u00e0, ma molti sembrano pi\u00f9 interessati al gossip del divorzio Totti-Blasi: e chi se ne fr\u2026?<br \/>\nPensiamo invece ai prossimi fatidici 70 giorni. I partiti si sfideranno a suon di programmi e promesse per guadagnare il voto, ma la loro base elettorale ragiona spesso con emotivit\u00e0 ed empatia. Il tifoso vede solo i colori della sua squadra, il cittadino responsabile invece valuta i programmi stessi. Con questa legge elettorale rischiamo l\u2019impasse del 2018, anche se il Parlamento sar\u00e0 assai dimagrito da 321 (315 eletti e sei a vita) senatori a 200 e da 630 deputati a 400: totale da 951 a 606 (600 eletti e sei a vita). Almeno risparmiamo qualche milione di euro\u2026<br \/>\nDomanda: \u00abChi ci sar\u00e0 in lista?\u00bb. Molti spariranno, non c\u2019\u00e8 dubbio. Ma chi \u00e8 nelle segrete cose delle segreterie di partito difficilmente se ne andr\u00e0 a casa. Ci troveremo, pertanto, a votare per chi ha gi\u00e0 fallito? Nomi nuovi? Magari, ma siamo sicuri che saranno migliori dei loro predecessori? Di politici improvvisati le ultime legislature erano piene: vogliamo cadere dalla padella nella brace?<br \/>\nMorale della favola: una classe politica bene formata, istruita, competente e animata da autentico spirito di servizio non si costruisce in 70 giorni, ma ci vogliono anni, come si fece nella tanto vituperata prima Repubblica della quale taluni hanno tanta nostalgia, a torto o a ragione. Se oggi il buio all\u2019orizzonte \u00e8 dato dal fumo delle macerie della Politica, per il dopo elezioni non vedo di meglio, anche se spero di essere smentito dai fatti e dai nuovi parlamentari: \u00abNon fatemi diventare nichilista, alla Politica alta ci credo ancora. Nonostante voi!\u00bb.<br \/>\nChiedendo scusa agli italiani all\u2019estero, che tengono alto il nome del nostro Paese e oggi sono ripagati dagli sberleffi di chi li ha accolti, l\u2019unica parola riassuntiva \u00e8 quella comparsa oggi a caratteri cubitali in prima pagina del quotidiano \u201cLa Stampa\u201d di Torino: \u00abVERGOGNA\u00bb.<\/p>\n<p>&nbsp;<\/p>\n<p>&nbsp;<\/p>\n<hr \/>\n<p>&nbsp;<\/p>\n<blockquote>\n<h3>SERVIZI FORESTALI AVVIANO CON PRONTEZZA INTERVENTO AD ALLEGHE<\/h3>\n<\/blockquote>\n<h3><em><strong>\u201cDANNI RIDOTTI GRAZIE AI TANTI LAVORI POSTI IN ESSERE NEL TEMPO\u201d<\/strong><\/em><\/h3>\n<p><strong><img loading=\"lazy\" decoding=\"async\" class=\"alignleft\" src=\"https:\/\/www.radiopiu.net\/wordpress\/wp-content\/uploads\/2022\/07\/14fd850b-ff4d-4478-bcea-5116fedd18e8.jpg\" width=\"265\" height=\"149\" \/>VENEZIA<\/strong>\u00a0 A causa di un nubifragio scatenatosi nella serata di venerd\u00ec 15 luglio, poco pi\u00f9 di mezz\u2019ora di grandine e pioggia battente ha creato notevoli disagi all\u2019abitato di Alleghe tra Masar\u00e8 e Santa Maria delle Grazie. \u201cL\u2019area pi\u00f9 colpita ha riguardato la zona di Masar\u00e8 in localit\u00e0 Rusech \u2013 spiega l\u2019Assessore al Dissesto Idrogeologico della Regione del Veneto, Gianpaolo Bottacin -dove l\u2019omonimo torrente \u00e8 tracimato riempiendo il piazzale della sede delle Croce Verde e la confinante strada regionale 203 agordina con acqua, fango e ghiaia\u201d. \u201cFortunatamente i danni sono stati limitati \u2013 sottolinea l\u2019Assessore &#8211; grazie alle opere di difesa gi\u00e0 realizzate nel tempo lungo l\u2019alveo del torrente, subito a monte della strada regionale, dove in particolare la briglia selettiva realizzata dai nostri Servizi Forestali regionali ha trattenuto gran parte del materiale grossolano della colata, coadiuvata dal bacino di raccolta in prossimit\u00e0 della strada dove \u00e8 stato trattenuto parte del materiale pi\u00f9 fine\u201d. I Servizi Forestali hanno peraltro immediatamente avviato un intervento, per un importo di euro 100.000,00, incaricando una locale ditta specializzata in movimenti terra, che \u00e8 gi\u00e0 operativa, per asportare tutto il materiale depositato dalla colata, in modo da ripristinare la capacit\u00e0 di raccolta dei due bacini.<\/p>\n<p>&nbsp;<\/p>\n<p><span style=\"color: #ff0000;\"><strong>GIORNALE RADIO DEL 16 LUGLIO 2022<\/strong><\/span><\/p>\n<blockquote>\n<h3>NUBIFRAGIO IN RIVA AL LAGO E IL TORRENTE IN STRADA<\/h3>\n<\/blockquote>\n<p><strong>ALLEGHE<\/strong> Un ru di sicuro ma tutt&#8217;altro che sech, tradotto un torrente di montagna ma tutt&#8217;altro che in secca. Infatti a Rusech \u00e8 tracimato il torrente omonimo che scende dal Civetta, acqua, fango, sassi, hanno riempito il piazzale della sede delle Croce Verde e la confinante regionale 203 agordina. Erano le 19 quando si \u00e8 scatenato il temporale con tanta pioggia e grandine, ne sanno qualche cosa coloro che raccolgono i fiori dai marciapiedi e\u00a0 che fino a qualche ora fa erano in bella mostra sui balconi. I vigili del fuoco sono intervenuti immediatamente evitando il blocco totale del traffico. I mezzi sono transitati comunque a senso unico alternato mentre mezzi meccanici e pompieri hanno provveduto alla messa in sicurezza della strada<\/p>\n<p><strong>Il sindaco di Alleghe, Danilo De Toni:<\/strong> <em>&#8220;Non siamo mai tranquilli, \u00e8 stata una bomba d&#8217;acqua con grandine concentrata sul paese,\u00a0 gi\u00e0 a Caprile l&#8217;acqua del torrente Fiorentina\u00a0 era limpida a conferma che da li&#8217; in su non ha piovuto, non come tra Masar\u00e8 di Alleghe e Santa Maria delle Grazie. Oltre all&#8217;allagamento stradale a\u00a0 Rusech ci sono stati danni anche sulla via Coldai, uno scarico andato in pressione ha rigurgitato all&#8217;interno di un appartamento. E&#8217; in corso la conta dei danni anche con riferimento all&#8217;impianto elettrico. La donna ha trovato accoglienza nel vicino albergo&#8221;.<\/em><\/p>\n<p>&nbsp;<\/p>\n<hr \/>\n<p>&nbsp;<\/p>\n<blockquote>\n<h3>DIFESE SUL PETTORINA, A 4 ANNI DA VAIA MANCA SOLO L&#8217;INTERVENTO DI GSP SULL&#8217;ACQUEDOTTO<\/h3>\n<\/blockquote>\n<p><strong>ROCCA PIETORE<\/strong><\/p>\n<p><strong>DI GIANNI SANTOMASO<\/strong><\/p>\n<audio class=\"wp-audio-shortcode\" id=\"audio-288336-1\" preload=\"none\" style=\"width: 100%;\" controls=\"controls\"><source type=\"audio\/mpeg\" src=\"https:\/\/www.radiopiu.net\/wordpress\/wp-content\/uploads\/2022\/07\/le-difese-del-pettorina.mp3?_=1\" \/><a href=\"https:\/\/www.radiopiu.net\/wordpress\/wp-content\/uploads\/2022\/07\/le-difese-del-pettorina.mp3\">https:\/\/www.radiopiu.net\/wordpress\/wp-content\/uploads\/2022\/07\/le-difese-del-pettorina.mp3<\/a><\/audio>\n<p>&nbsp;<\/p>\n<blockquote>\n<h3>IN ATTESA DI UNA RISPOSTA DALLA REGIONE<\/h3>\n<p><span style=\"color: #ff0000;\"><strong>DAL GIORNALE RADIOPIU DEL 19 LUGLIO 2022<\/strong><\/span><\/p><\/blockquote>\n<p><strong><a class=\"dt-pswp-item\" href=\"https:\/\/www.radiopiu.net\/wordpress\/wp-content\/uploads\/2022\/07\/20210625_170354.jpg\" data-dt-img-description=\"\" data-large_image_width=\"706\" data-large_image_height=\"530\"><img loading=\"lazy\" decoding=\"async\" class=\"size-thumbnail wp-image-287773 alignleft\" src=\"https:\/\/www.radiopiu.net\/wordpress\/wp-content\/uploads\/2022\/07\/20210625_170354-150x150.jpg\" alt=\"\" width=\"150\" height=\"150\" \/><\/a>REDAZIONE<\/strong> Riceviamo e pubblichiamo una lettera inviata da Maria Darman da Rocca Pietore, la stessa \u00e8 stata inviata al Presidente della Regione &#8211; Commissario per l&#8217;emergenza Vaia.<\/p>\n<blockquote>\n<p dir=\"auto\"><em>Secondo quanto scritto dal dr. Somavilla, direttore u.o. servizi forestali, le difese arginali del torrente Pettorina dovevano essere concluse entro l&#8217;autunno del 2021. In prossimit\u00e0 della mia abitazione a tutt&#8217;oggi niente \u00e8 stato fatto.\u00a0 Ho perso il magazzino, non ho ricevuto un centesimo di risarcimento (e niente ricever\u00f2 poich\u00e9 a causa dell&#8217;aumento dei costi del materiale edile non riuscir\u00f2 a far ricostruire quanto crollato), la mia casa in caso di condizioni meteorologiche avverse \u00e8 ancora in pericolo. A chi devo dire grazie per tutto questo? Non ho pi\u00f9 parole (anzi le avrei ma sarebbero offensive) quindi se poteste voi ritornare sull&#8217;argomento ve ne sarei estremamente grata. Sar\u00e0 utile anche per i residenti conoscere a fondo il comportamento dei propri amministratori. Superato questo difficile momento di crisi politica scriver\u00f2 anche al presidente della repubblica.. non che io speri in\u00a0 qualcosa, ma perch\u00e9 mi pare giusto far conoscere l&#8217;operato degli amministratori locali.<\/em><\/p>\n<\/blockquote>\n<p dir=\"auto\"><span style=\"color: #0000ff;\">DAL CORRIERE DELLE ALPI GIANNI SANTOMASO\u00a0<\/span><\/p>\n<audio class=\"wp-audio-shortcode\" id=\"audio-288336-2\" preload=\"none\" style=\"width: 100%;\" controls=\"controls\"><source type=\"audio\/mpeg\" src=\"https:\/\/www.radiopiu.net\/wordpress\/wp-content\/uploads\/2022\/07\/gianni-rocca.mp3?_=2\" \/><a href=\"https:\/\/www.radiopiu.net\/wordpress\/wp-content\/uploads\/2022\/07\/gianni-rocca.mp3\">https:\/\/www.radiopiu.net\/wordpress\/wp-content\/uploads\/2022\/07\/gianni-rocca.mp3<\/a><\/audio>\n<p>&nbsp;<\/p>\n<p>&nbsp;<\/p>\n<hr \/>\n<p>&nbsp;<\/p>\n<blockquote>\n<h3>GALLERIA \u201cPALA ROSSA\u201d ESPLETATA LA GARA PER LA REALIZZAZIONE<\/h3>\n<\/blockquote>\n<p><img loading=\"lazy\" decoding=\"async\" class=\"alignleft\" src=\"https:\/\/www.radiopiu.net\/wordpress\/wp-content\/uploads\/2022\/07\/galleria-Pala-Rossa.jpg\" width=\"241\" height=\"124\" \/><strong>LAMON\u00a0<\/strong> E&#8217; stata\u00a0 espletata la gara per la costruzione della galleria lungo la SR 50. Una volta realizzata, le ricadute sul territorio, in termini di sicurezza, volumi di traffico e qualit\u00e0 della circolazione saranno evidenti ed indubbie, migliorando sensibilmente le condizioni di viaggio di quanti, per lavoro e per turismo, la attraversano ogni giorno. <em>\u201cVeneto Strade ha accelerato al massimo le procedure di appalto lavori giungendo all\u2019affidamento attuale. I lavori inizieranno entro il mese di settembre \u2013 precisa la Vicepresidente Elisa De Berti \u2013 La galleria Pala Rossa, una volta a compimento, metter\u00e0 in sicurezza la viabilit\u00e0 del bellunese e, sciogliendo uno dei nodi del Bellunese, quello dello Schen\u00e8r, faciliter\u00e0 l\u2019accesso al Primiero e al Vanoi in Trentino, oltre che alle localit\u00e0 turistiche di San Martino di Castrozza e di passo Rolle, realt\u00e0 che da sempre gravitano sul Bellunese per l\u2019accesso a numerosi servizi pubblici, ad iniziare da quelli sanitari\u201d. <\/em>Il costo dell\u2019opera ammonta complessivamente a 25 milioni di euro: di questi, 9 milioni sono a carico della provincia di Trento, 8.010.000 euro sono erogati dalla provincia di Belluno attraverso il Fondo Comuni Confinanti e 8.000.000 euro sono stanziati da ANAS. L\u2019opera sar\u00e0 lunga 950,24 m, di cui 84,82 m in galleria artificiale presso l\u2019imbocco sud e 17,50 m in artificiale presso l\u2019imbocco nord.<\/p>\n<p>&nbsp;<\/p>\n<p>&nbsp;<\/p>\n<hr \/>\n<blockquote>\n<h3><strong>\u00a0<\/strong><\/h3>\n<h3><strong>AUTONOMIA ENERGETICA.\u00a0 OK DELLA COMMISSSIONE SUL PDL GRANDI DERIVAZIONI D\u2019ACQUA A USO IDROELETTRICO<\/strong><\/h3>\n<\/blockquote>\n<p><strong>In Veneto: 34 grandi Centrali, di cui la maggior parte BEN 24 sono concentrati in provincia di Belluno\u00a0<\/strong><\/p>\n<p><strong><a class=\"dt-pswp-item\" href=\"https:\/\/www.radiopiu.net\/wordpress\/wp-content\/uploads\/2022\/05\/Bottacin-Ardo-scaled.jpg\" data-dt-img-description=\"\" data-large_image_width=\"2560\" data-large_image_height=\"1920\"><img loading=\"lazy\" decoding=\"async\" class=\"size-thumbnail wp-image-278917 alignright\" src=\"https:\/\/www.radiopiu.net\/wordpress\/wp-content\/uploads\/2022\/05\/Bottacin-Ardo-150x150.jpg\" alt=\"\" width=\"150\" height=\"150\" \/><\/a>VENEZIA<\/strong>\u00a0 <em>\u201cIl primo passo verso l\u2019autonomia si sta realizzando dopo anni di lavoro sotto traccia con l\u2019autonomia energetica. C\u2019\u00e8 un progetto di Legge, che sto seguendo da anni anche a livello governativo e che oggi ha ricevuto il via libera dalla Seconda Commissione\u201d.\u00a0 <\/em>Ad annunciare la buona notizia sul fronte dell\u2019autonomia energetica \u00e8 l\u2019Assessore all\u2019Ambiente e alla Difesa del Suolo della Regione del Veneto, Gianpaolo Bottacin, promotore del PDL che, in prima persona, aveva anche ampiamente illustrato a suo tempo in Commissione. <em>\u201cDopo il s\u00ec della Commissione, attendiamo che il documento venga licenziato dal Consiglio regionale, dopodich\u00e9 le concessioni delle grandi derivazioni d\u2019acqua a uso idroelettrico saranno gestite dalla Regione e le grandi centrali idroelettriche diventeranno di propriet\u00e0 pubblica. Questo progetto\u00a0 non va confuso con l\u2019altra importante Legge\u00a0 del 2020 che sancise l\u2019obbligo, per i titolari di grandi derivazioni idroelettriche, di fornire ogni anno a titolo gratuito 220 Kilowattora di energia elettrica per ogni Kw di potenza nominale media di concessione. Due leggi diverse, ma entrambe che guardano alla tutela del territorio rafforzandone l\u2019autonomia\u201d.<\/em><\/p>\n<p>&nbsp;<\/p>\n<p>&nbsp;<\/p>\n<hr \/>\n<p>&nbsp;<\/p>\n<blockquote>\n<h3>PALAZZO ROSSO ACCESSIBILE A TUTTI E IL SINDACO RICEVE NEL SUO UFFICIO<\/h3>\n<\/blockquote>\n<p><a class=\"dt-pswp-item\" href=\"https:\/\/www.radiopiu.net\/wordpress\/wp-content\/uploads\/2022\/07\/21.07.22_1.jpg\" data-dt-img-description=\"\" data-large_image_width=\"1536\" data-large_image_height=\"2048\"><img loading=\"lazy\" decoding=\"async\" class=\" wp-image-288493 alignleft\" src=\"https:\/\/www.radiopiu.net\/wordpress\/wp-content\/uploads\/2022\/07\/21.07.22_1-150x150.jpg\" alt=\"\" width=\"156\" height=\"156\" \/><\/a><strong>BELLUNO<\/strong>\u00a0 Da ieri Palazzo Rosso \u00e8 completamente accessibile a tutti. Sono terminati, infatti, i lavori di adeguamento del municipio finalizzati a permettere al sindaco Oscar De Pellegrin, e a chiunque abbia difficolt\u00e0 a salire le scale, di raggiungere il proprio ufficio al secondo piano dell\u2019edificio di piazza Duomo.\u00a0 I lavori di abbattimento del muro e di apertura del varco sono stati affidati ad una ditta di Trichiana, mentre ad occuparsi della realizzazione della pedana e della porta in legno sono stati gli operai del Comune. Un cantiere semplice, ma risolutivo. Un altro intervento, pi\u00f9 piccolo, era stato fatto nelle scorse settimane, prima del primo Consiglio comunale, per permettere l\u2019accesso all\u2019area della giunta attraverso una piccola pedana.\u00a0 Per questo, come annunciato in campagna elettorale, saranno previste giornate e orari di accesso libero, durante i quali sar\u00e0 possibile incontrare il primo cittadino senza appuntamento. Maggiori specifiche verranno fornite nei prossimi giorni. La modalit\u00e0 di accesso a quel punto sar\u00e0 doppia, con appuntamento fissato attraverso la segreteria del sindaco o libero, ma solo in determinate giornate.<\/p>\n<p><strong>IL SINDACO OSCAR DE PELLEGRIN\u00a0<\/strong><\/p>\n<audio class=\"wp-audio-shortcode\" id=\"audio-288336-3\" preload=\"none\" style=\"width: 100%;\" controls=\"controls\"><source type=\"audio\/mpeg\" src=\"https:\/\/www.radiopiu.net\/wordpress\/wp-content\/uploads\/2022\/07\/oscar.mp3?_=3\" \/><a href=\"https:\/\/www.radiopiu.net\/wordpress\/wp-content\/uploads\/2022\/07\/oscar.mp3\">https:\/\/www.radiopiu.net\/wordpress\/wp-content\/uploads\/2022\/07\/oscar.mp3<\/a><\/audio>\n<p>&nbsp;<\/p>\n<p>&nbsp;<\/p>\n<hr \/>\n<p>&nbsp;<\/p>\n<blockquote>\n<h3>IN UNIONE MONTANA UN GOVERNO DI LARGHE INTESE, LA PALLA AI SINDACI<\/h3>\n<\/blockquote>\n<p><img loading=\"lazy\" decoding=\"async\" class=\"alignleft\" src=\"https:\/\/www.radiopiu.net\/wordpress\/wp-content\/uploads\/2018\/03\/paolo_frena.jpg\" width=\"190\" height=\"217\" \/><\/p>\n<p>&nbsp;<\/p>\n<p><strong>AGORDO<\/strong><\/p>\n<p><strong>DI GIANNI SANTOMASO<\/strong><\/p>\n<p>foto il vice presidente e sindaco di Colle Santa Lucia, Paolo Frena<\/p>\n<audio class=\"wp-audio-shortcode\" id=\"audio-288336-4\" preload=\"none\" style=\"width: 100%;\" controls=\"controls\"><source type=\"audio\/mpeg\" src=\"https:\/\/www.radiopiu.net\/wordpress\/wp-content\/uploads\/2022\/07\/gianni-unione-montana-1.mp3?_=4\" \/><a href=\"https:\/\/www.radiopiu.net\/wordpress\/wp-content\/uploads\/2022\/07\/gianni-unione-montana-1.mp3\">https:\/\/www.radiopiu.net\/wordpress\/wp-content\/uploads\/2022\/07\/gianni-unione-montana-1.mp3<\/a><\/audio>\n<p>&nbsp;<\/p>\n<p>&nbsp;<\/p>\n<hr \/>\n<p>&nbsp;<\/p>\n<h1>IL CARDINALE PIETRO PAROLIN TRA LE DOLOMITI. &#8220;CANALE D&#8217;AGORDO E&#8217; COME BETLEMME&#8221;<\/h1>\n<p>&nbsp;<\/p>\n<blockquote>\n<h2>IL CARDINALE PAROLIN A CANALE D&#8217;AGORDO IN CASA DI ALBINO LUCIANI. L&#8217;INCONTRO CON\u00a0 IL SINDACO DI CANALE D&#8217;AGORDO FLAVIO COLCERGNAN &#8220;ABBIAMO COLTIVATO L&#8217;UMILTA&#8217; PREDICATA DA NOSTRO PAPA&#8221; . LA VISITA IN CHIESA CON DON MATTEO,\u00a0 \u00a0AL MUSEO PAPA LUCIANI E ALLA CASA DI DON ALBINO CON LORIS SERAFINI.<br \/>\nIN DONO LE PRELIBATEZZE DEL PANIFICIO CROCK E LA SCULTURA DI FRANCO MURER<\/h2>\n<\/blockquote>\n<p>PAROLIN <em>&#8221; La beatificazione di Luciani \u00e8 un grande onore per Canale d&#8217;Agordo e una responsabilit\u00e0 per questi luoghi&#8221;\u00a0<\/em><\/p>\n<p>&nbsp;<\/p>\n<p><strong>PAROLIN <em>&#8221; La beatificazione di Luciani \u00e8 un grande onore per Canale d&#8217;Agordo e una responsabilit\u00e0 per questi luoghi&#8221;\u00a0\u00a0<\/em><\/strong><\/p>\n<p>&nbsp;<\/p>\n<p>IL SINDACO DI CANALE D&#8217;AGORDO, FLAVIO COLCERGNAN DAL NOTIZIARIO DELLE 12.30<\/p>\n<audio class=\"wp-audio-shortcode\" id=\"audio-288336-5\" preload=\"none\" style=\"width: 100%;\" controls=\"controls\"><source type=\"audio\/mpeg\" src=\"https:\/\/www.radiopiu.net\/wordpress\/wp-content\/uploads\/2022\/07\/FLAVIO-COLCERGNAN.mp3?_=5\" \/><a href=\"https:\/\/www.radiopiu.net\/wordpress\/wp-content\/uploads\/2022\/07\/FLAVIO-COLCERGNAN.mp3\">https:\/\/www.radiopiu.net\/wordpress\/wp-content\/uploads\/2022\/07\/FLAVIO-COLCERGNAN.mp3<\/a><\/audio>\n<p>IL DIRETTORE DEL MUSEO LUCIANI, LORIS SERAFINI DAL NOTIZIARIO DELLE 16.30<\/p>\n<audio class=\"wp-audio-shortcode\" id=\"audio-288336-6\" preload=\"none\" style=\"width: 100%;\" controls=\"controls\"><source type=\"audio\/mpeg\" src=\"https:\/\/www.radiopiu.net\/wordpress\/wp-content\/uploads\/2022\/07\/LORIS.mp3?_=6\" \/><a href=\"https:\/\/www.radiopiu.net\/wordpress\/wp-content\/uploads\/2022\/07\/LORIS.mp3\">https:\/\/www.radiopiu.net\/wordpress\/wp-content\/uploads\/2022\/07\/LORIS.mp3<\/a><\/audio>\n<p>&nbsp;<\/p>\n<p>&nbsp;<\/p>\n<p>&nbsp;<\/p>\n<p>&nbsp;<\/p>\n<p><strong>GALLERIA FOTOGRAFICA\u00a0<\/strong><\/p>\n\n\t\t\t<style type='text\/css'>\n\t\t\t\t#gallery-1 {\n\t\t\t\t\tmargin: auto;\n\t\t\t\t}\n\t\t\t\t#gallery-1 .gallery-item {\n\t\t\t\t\tfloat: left;\n\t\t\t\t\tmargin-top: 10px;\n\t\t\t\t\ttext-align: center;\n\t\t\t\t\twidth: 25%;\n\t\t\t\t}\n\t\t\t\t#gallery-1 img {\n\t\t\t\t\tborder: 2px solid #cfcfcf;\n\t\t\t\t}\n\t\t\t\t#gallery-1 .gallery-caption {\n\t\t\t\t\tmargin-left: 0;\n\t\t\t\t}\n\t\t\t\t\/* see gallery_shortcode() in wp-includes\/media.php *\/\n\t\t\t<\/style>\n\t\t<div id='gallery-1' class='dt-gallery-container gallery galleryid-288336 gallery-columns-4 gallery-size-thumbnail'><dl class='gallery-item'>\n\t\t\t\t<dt class='gallery-icon landscape'>\n\t\t\t\t\t<a class=\"rollover rollover-zoom dt-pswp-item\" title=\"e41d4ff0-57c1-4722-9675-19a3aa202726\" data-dt-img-description=\"\" data-large_image_width=\"1024\" data-large_image_height=\"768\"href='https:\/\/www.radiopiu.net\/wordpress\/wp-content\/uploads\/2022\/07\/e41d4ff0-57c1-4722-9675-19a3aa202726.jpg'><img loading=\"lazy\" decoding=\"async\" width=\"150\" height=\"150\" src=\"https:\/\/www.radiopiu.net\/wordpress\/wp-content\/uploads\/2022\/07\/e41d4ff0-57c1-4722-9675-19a3aa202726-150x150.jpg\" class=\"attachment-thumbnail size-thumbnail\" alt=\"\" \/><\/a>\n\t\t\t\t<\/dt><\/dl><dl class='gallery-item'>\n\t\t\t\t<dt class='gallery-icon landscape'>\n\t\t\t\t\t<a class=\"rollover rollover-zoom dt-pswp-item\" title=\"2b9dd2ff-00fc-4398-85c9-49a5c9ca7d0a\" data-dt-img-description=\"\" data-large_image_width=\"1024\" data-large_image_height=\"768\"href='https:\/\/www.radiopiu.net\/wordpress\/wp-content\/uploads\/2022\/07\/2b9dd2ff-00fc-4398-85c9-49a5c9ca7d0a.jpg'><img loading=\"lazy\" decoding=\"async\" width=\"150\" height=\"150\" src=\"https:\/\/www.radiopiu.net\/wordpress\/wp-content\/uploads\/2022\/07\/2b9dd2ff-00fc-4398-85c9-49a5c9ca7d0a-150x150.jpg\" class=\"attachment-thumbnail size-thumbnail\" alt=\"\" \/><\/a>\n\t\t\t\t<\/dt><\/dl><dl class='gallery-item'>\n\t\t\t\t<dt class='gallery-icon portrait'>\n\t\t\t\t\t<a class=\"rollover rollover-zoom dt-pswp-item\" title=\"13a5ca94-a63c-4cca-bcfb-a15b1170b159\" data-dt-img-description=\"\" data-large_image_width=\"768\" data-large_image_height=\"1024\"href='https:\/\/www.radiopiu.net\/wordpress\/wp-content\/uploads\/2022\/07\/13a5ca94-a63c-4cca-bcfb-a15b1170b159.jpg'><img loading=\"lazy\" decoding=\"async\" width=\"150\" height=\"150\" src=\"https:\/\/www.radiopiu.net\/wordpress\/wp-content\/uploads\/2022\/07\/13a5ca94-a63c-4cca-bcfb-a15b1170b159-150x150.jpg\" class=\"attachment-thumbnail size-thumbnail\" alt=\"\" \/><\/a>\n\t\t\t\t<\/dt><\/dl><dl class='gallery-item'>\n\t\t\t\t<dt class='gallery-icon landscape'>\n\t\t\t\t\t<a class=\"rollover rollover-zoom dt-pswp-item\" title=\"d7d29b69-8e3d-4d2c-9a46-658a7b74d515\" data-dt-img-description=\"\" data-large_image_width=\"1024\" data-large_image_height=\"768\"href='https:\/\/www.radiopiu.net\/wordpress\/wp-content\/uploads\/2022\/07\/d7d29b69-8e3d-4d2c-9a46-658a7b74d515.jpg'><img loading=\"lazy\" decoding=\"async\" width=\"150\" height=\"150\" src=\"https:\/\/www.radiopiu.net\/wordpress\/wp-content\/uploads\/2022\/07\/d7d29b69-8e3d-4d2c-9a46-658a7b74d515-150x150.jpg\" class=\"attachment-thumbnail size-thumbnail\" alt=\"\" \/><\/a>\n\t\t\t\t<\/dt><\/dl><br style=\"clear: both\" \/><dl class='gallery-item'>\n\t\t\t\t<dt class='gallery-icon portrait'>\n\t\t\t\t\t<a class=\"rollover rollover-zoom dt-pswp-item\" title=\"456b2dec-eb93-4164-b910-d3db96aa958f\" data-dt-img-description=\"\" data-large_image_width=\"768\" data-large_image_height=\"1024\"href='https:\/\/www.radiopiu.net\/wordpress\/wp-content\/uploads\/2022\/07\/456b2dec-eb93-4164-b910-d3db96aa958f.jpg'><img loading=\"lazy\" decoding=\"async\" width=\"150\" height=\"150\" src=\"https:\/\/www.radiopiu.net\/wordpress\/wp-content\/uploads\/2022\/07\/456b2dec-eb93-4164-b910-d3db96aa958f-150x150.jpg\" class=\"attachment-thumbnail size-thumbnail\" alt=\"\" \/><\/a>\n\t\t\t\t<\/dt><\/dl><dl class='gallery-item'>\n\t\t\t\t<dt class='gallery-icon landscape'>\n\t\t\t\t\t<a class=\"rollover rollover-zoom dt-pswp-item\" title=\"892f4cc2-d3ef-452e-b9e5-753c8402ddb2\" data-dt-img-description=\"\" data-large_image_width=\"1024\" data-large_image_height=\"768\"href='https:\/\/www.radiopiu.net\/wordpress\/wp-content\/uploads\/2022\/07\/892f4cc2-d3ef-452e-b9e5-753c8402ddb2.jpg'><img loading=\"lazy\" decoding=\"async\" width=\"150\" height=\"150\" src=\"https:\/\/www.radiopiu.net\/wordpress\/wp-content\/uploads\/2022\/07\/892f4cc2-d3ef-452e-b9e5-753c8402ddb2-150x150.jpg\" class=\"attachment-thumbnail size-thumbnail\" alt=\"\" \/><\/a>\n\t\t\t\t<\/dt><\/dl><dl class='gallery-item'>\n\t\t\t\t<dt class='gallery-icon landscape'>\n\t\t\t\t\t<a class=\"rollover rollover-zoom dt-pswp-item\" title=\"8b41a959-b3ba-4a01-bb7e-f8a4b5c0d337\" data-dt-img-description=\"\" data-large_image_width=\"1024\" data-large_image_height=\"768\"href='https:\/\/www.radiopiu.net\/wordpress\/wp-content\/uploads\/2022\/07\/8b41a959-b3ba-4a01-bb7e-f8a4b5c0d337.jpg'><img loading=\"lazy\" decoding=\"async\" width=\"150\" height=\"150\" src=\"https:\/\/www.radiopiu.net\/wordpress\/wp-content\/uploads\/2022\/07\/8b41a959-b3ba-4a01-bb7e-f8a4b5c0d337-150x150.jpg\" class=\"attachment-thumbnail size-thumbnail\" alt=\"\" \/><\/a>\n\t\t\t\t<\/dt><\/dl><dl class='gallery-item'>\n\t\t\t\t<dt class='gallery-icon landscape'>\n\t\t\t\t\t<a class=\"rollover rollover-zoom dt-pswp-item\" title=\"f9d3aa4a-61b1-465b-931f-78953450e9fa\" data-dt-img-description=\"\" data-large_image_width=\"1024\" data-large_image_height=\"576\"href='https:\/\/www.radiopiu.net\/wordpress\/wp-content\/uploads\/2022\/07\/f9d3aa4a-61b1-465b-931f-78953450e9fa.jpg'><img loading=\"lazy\" decoding=\"async\" width=\"150\" height=\"150\" src=\"https:\/\/www.radiopiu.net\/wordpress\/wp-content\/uploads\/2022\/07\/f9d3aa4a-61b1-465b-931f-78953450e9fa-150x150.jpg\" class=\"attachment-thumbnail size-thumbnail\" alt=\"\" \/><\/a>\n\t\t\t\t<\/dt><\/dl><br style=\"clear: both\" \/><dl class='gallery-item'>\n\t\t\t\t<dt class='gallery-icon landscape'>\n\t\t\t\t\t<a class=\"rollover rollover-zoom dt-pswp-item\" title=\"baade110-297b-4389-bf42-6b44f7c5b592\" data-dt-img-description=\"\" data-large_image_width=\"1024\" data-large_image_height=\"768\"href='https:\/\/www.radiopiu.net\/wordpress\/wp-content\/uploads\/2022\/07\/baade110-297b-4389-bf42-6b44f7c5b592.jpg'><img loading=\"lazy\" decoding=\"async\" width=\"150\" height=\"150\" src=\"https:\/\/www.radiopiu.net\/wordpress\/wp-content\/uploads\/2022\/07\/baade110-297b-4389-bf42-6b44f7c5b592-150x150.jpg\" class=\"attachment-thumbnail size-thumbnail\" alt=\"\" \/><\/a>\n\t\t\t\t<\/dt><\/dl><dl class='gallery-item'>\n\t\t\t\t<dt class='gallery-icon landscape'>\n\t\t\t\t\t<a class=\"rollover rollover-zoom dt-pswp-item\" title=\"f202caa1-ee55-4de3-836d-fb3db1e879fb\" data-dt-img-description=\"\" data-large_image_width=\"1024\" data-large_image_height=\"768\"href='https:\/\/www.radiopiu.net\/wordpress\/wp-content\/uploads\/2022\/07\/f202caa1-ee55-4de3-836d-fb3db1e879fb.jpg'><img loading=\"lazy\" decoding=\"async\" width=\"150\" height=\"150\" src=\"https:\/\/www.radiopiu.net\/wordpress\/wp-content\/uploads\/2022\/07\/f202caa1-ee55-4de3-836d-fb3db1e879fb-150x150.jpg\" class=\"attachment-thumbnail size-thumbnail\" alt=\"\" \/><\/a>\n\t\t\t\t<\/dt><\/dl><dl class='gallery-item'>\n\t\t\t\t<dt class='gallery-icon landscape'>\n\t\t\t\t\t<a class=\"rollover rollover-zoom dt-pswp-item\" title=\"38503353-9a4b-48f0-96b5-2f329cec2a27\" data-dt-img-description=\"\" data-large_image_width=\"1024\" data-large_image_height=\"768\"href='https:\/\/www.radiopiu.net\/wordpress\/wp-content\/uploads\/2022\/07\/38503353-9a4b-48f0-96b5-2f329cec2a27.jpg'><img loading=\"lazy\" decoding=\"async\" width=\"150\" height=\"150\" src=\"https:\/\/www.radiopiu.net\/wordpress\/wp-content\/uploads\/2022\/07\/38503353-9a4b-48f0-96b5-2f329cec2a27-150x150.jpg\" class=\"attachment-thumbnail size-thumbnail\" alt=\"\" \/><\/a>\n\t\t\t\t<\/dt><\/dl><dl class='gallery-item'>\n\t\t\t\t<dt class='gallery-icon landscape'>\n\t\t\t\t\t<a class=\"rollover rollover-zoom dt-pswp-item\" title=\"324db40d-347c-4ab2-8ecd-2a8de13b2dbd\" data-dt-img-description=\"\" data-large_image_width=\"1024\" data-large_image_height=\"768\"href='https:\/\/www.radiopiu.net\/wordpress\/wp-content\/uploads\/2022\/07\/324db40d-347c-4ab2-8ecd-2a8de13b2dbd.jpg'><img loading=\"lazy\" decoding=\"async\" width=\"150\" height=\"150\" src=\"https:\/\/www.radiopiu.net\/wordpress\/wp-content\/uploads\/2022\/07\/324db40d-347c-4ab2-8ecd-2a8de13b2dbd-150x150.jpg\" class=\"attachment-thumbnail size-thumbnail\" alt=\"\" \/><\/a>\n\t\t\t\t<\/dt><\/dl><br style=\"clear: both\" \/><dl class='gallery-item'>\n\t\t\t\t<dt class='gallery-icon landscape'>\n\t\t\t\t\t<a class=\"rollover rollover-zoom dt-pswp-item\" title=\"40c8a9b5-c619-4593-b7aa-b72274eb9030\" data-dt-img-description=\"\" data-large_image_width=\"1024\" data-large_image_height=\"768\"href='https:\/\/www.radiopiu.net\/wordpress\/wp-content\/uploads\/2022\/07\/40c8a9b5-c619-4593-b7aa-b72274eb9030.jpg'><img loading=\"lazy\" decoding=\"async\" width=\"150\" height=\"150\" src=\"https:\/\/www.radiopiu.net\/wordpress\/wp-content\/uploads\/2022\/07\/40c8a9b5-c619-4593-b7aa-b72274eb9030-150x150.jpg\" class=\"attachment-thumbnail size-thumbnail\" alt=\"\" \/><\/a>\n\t\t\t\t<\/dt><\/dl><dl class='gallery-item'>\n\t\t\t\t<dt class='gallery-icon landscape'>\n\t\t\t\t\t<a class=\"rollover rollover-zoom dt-pswp-item\" title=\"5e79af14-6b4d-447b-91b8-4c9bd73b2807\" data-dt-img-description=\"\" data-large_image_width=\"1024\" data-large_image_height=\"768\"href='https:\/\/www.radiopiu.net\/wordpress\/wp-content\/uploads\/2022\/07\/5e79af14-6b4d-447b-91b8-4c9bd73b2807.jpg'><img loading=\"lazy\" decoding=\"async\" width=\"150\" height=\"150\" src=\"https:\/\/www.radiopiu.net\/wordpress\/wp-content\/uploads\/2022\/07\/5e79af14-6b4d-447b-91b8-4c9bd73b2807-150x150.jpg\" class=\"attachment-thumbnail size-thumbnail\" alt=\"\" \/><\/a>\n\t\t\t\t<\/dt><\/dl><dl class='gallery-item'>\n\t\t\t\t<dt class='gallery-icon landscape'>\n\t\t\t\t\t<a class=\"rollover rollover-zoom dt-pswp-item\" title=\"5e3d3ea2-9ea3-4e82-b76f-60c5a78db7d4\" data-dt-img-description=\"\" data-large_image_width=\"1024\" data-large_image_height=\"768\"href='https:\/\/www.radiopiu.net\/wordpress\/wp-content\/uploads\/2022\/07\/5e3d3ea2-9ea3-4e82-b76f-60c5a78db7d4.jpg'><img loading=\"lazy\" decoding=\"async\" width=\"150\" height=\"150\" src=\"https:\/\/www.radiopiu.net\/wordpress\/wp-content\/uploads\/2022\/07\/5e3d3ea2-9ea3-4e82-b76f-60c5a78db7d4-150x150.jpg\" class=\"attachment-thumbnail size-thumbnail\" alt=\"\" \/><\/a>\n\t\t\t\t<\/dt><\/dl><dl class='gallery-item'>\n\t\t\t\t<dt class='gallery-icon landscape'>\n\t\t\t\t\t<a class=\"rollover rollover-zoom dt-pswp-item\" title=\"198f6c3b-dee7-4d20-a4c5-8788b1ec8458\" data-dt-img-description=\"\" data-large_image_width=\"1024\" data-large_image_height=\"768\"href='https:\/\/www.radiopiu.net\/wordpress\/wp-content\/uploads\/2022\/07\/198f6c3b-dee7-4d20-a4c5-8788b1ec8458.jpg'><img loading=\"lazy\" decoding=\"async\" width=\"150\" height=\"150\" src=\"https:\/\/www.radiopiu.net\/wordpress\/wp-content\/uploads\/2022\/07\/198f6c3b-dee7-4d20-a4c5-8788b1ec8458-150x150.jpg\" class=\"attachment-thumbnail size-thumbnail\" alt=\"\" \/><\/a>\n\t\t\t\t<\/dt><\/dl><br style=\"clear: both\" \/>\n\t\t\t<\/div>\n\n<p>&nbsp;<\/p>\n<p>&nbsp;<\/p>\n<hr \/>\n<p>&nbsp;<\/p>\n<blockquote class=\"wp-embedded-content\" data-secret=\"zbpE1bFqSN\"><p><a href=\"https:\/\/www.radiopiu.net\/wordpress\/aggnazionaleluglio21\/\">CORONAVIRUS: AGGIORNAMENTO NAZIONALE 21 LUGLIO 2022<\/a><\/p><\/blockquote>\n<p><iframe loading=\"lazy\" class=\"wp-embedded-content\" sandbox=\"allow-scripts\" security=\"restricted\" style=\"position: absolute; clip: rect(1px, 1px, 1px, 1px);\" title=\"&#8220;CORONAVIRUS: AGGIORNAMENTO NAZIONALE 21 LUGLIO 2022&#8221; &#8212; Radio Pi\u00f9\" src=\"https:\/\/www.radiopiu.net\/wordpress\/aggnazionaleluglio21\/embed\/#?secret=hhzYVSsoxI#?secret=zbpE1bFqSN\" data-secret=\"zbpE1bFqSN\" width=\"600\" height=\"338\" frameborder=\"0\" marginwidth=\"0\" marginheight=\"0\" scrolling=\"no\"><\/iframe><\/p>\n<p>&nbsp;<\/p>\n<p>&nbsp;<\/p>\n<blockquote class=\"wp-embedded-content\" data-secret=\"Y0U8s6tRl3\"><p><a href=\"https:\/\/www.radiopiu.net\/wordpress\/aggazzeroluglio21\/\">OLTRE MILLE PERSONE RICOVERATE IN AREA NON CRITICA, 8 DECESSI E QUASI 8500 NUOVI POSITIVI IN 24 ORE<\/a><\/p><\/blockquote>\n<p><iframe loading=\"lazy\" class=\"wp-embedded-content\" sandbox=\"allow-scripts\" security=\"restricted\" style=\"position: absolute; clip: rect(1px, 1px, 1px, 1px);\" title=\"&#8220;OLTRE MILLE PERSONE RICOVERATE IN AREA NON CRITICA, 8 DECESSI E QUASI 8500 NUOVI POSITIVI IN 24 ORE&#8221; &#8212; Radio Pi\u00f9\" src=\"https:\/\/www.radiopiu.net\/wordpress\/aggazzeroluglio21\/embed\/#?secret=AdYnDeu9Ry#?secret=Y0U8s6tRl3\" data-secret=\"Y0U8s6tRl3\" width=\"600\" height=\"338\" frameborder=\"0\" marginwidth=\"0\" marginheight=\"0\" scrolling=\"no\"><\/iframe><\/p>\n<p>&nbsp;<\/p>\n<h2>I GRAFICI DI TIZIANO DE COL<\/h2>\n\n\t\t\t<style type='text\/css'>\n\t\t\t\t#gallery-2 {\n\t\t\t\t\tmargin: auto;\n\t\t\t\t}\n\t\t\t\t#gallery-2 .gallery-item {\n\t\t\t\t\tfloat: left;\n\t\t\t\t\tmargin-top: 10px;\n\t\t\t\t\ttext-align: center;\n\t\t\t\t\twidth: 33%;\n\t\t\t\t}\n\t\t\t\t#gallery-2 img {\n\t\t\t\t\tborder: 2px solid #cfcfcf;\n\t\t\t\t}\n\t\t\t\t#gallery-2 .gallery-caption {\n\t\t\t\t\tmargin-left: 0;\n\t\t\t\t}\n\t\t\t\t\/* see gallery_shortcode() in wp-includes\/media.php *\/\n\t\t\t<\/style>\n\t\t<div id='gallery-2' class='dt-gallery-container gallery galleryid-288336 gallery-columns-3 gallery-size-thumbnail'><dl class='gallery-item'>\n\t\t\t\t<dt class='gallery-icon landscape'>\n\t\t\t\t\t<a class=\"rollover rollover-zoom dt-pswp-item\" title=\"a7187930-75f0-41aa-90f7-7edaf6a2ba1a\" data-dt-img-description=\"\" data-large_image_width=\"597\" data-large_image_height=\"363\"href='https:\/\/www.radiopiu.net\/wordpress\/wp-content\/uploads\/2022\/07\/a7187930-75f0-41aa-90f7-7edaf6a2ba1a.jpg'><img loading=\"lazy\" decoding=\"async\" width=\"150\" height=\"150\" src=\"https:\/\/www.radiopiu.net\/wordpress\/wp-content\/uploads\/2022\/07\/a7187930-75f0-41aa-90f7-7edaf6a2ba1a-150x150.jpg\" class=\"attachment-thumbnail size-thumbnail\" alt=\"\" \/><\/a>\n\t\t\t\t<\/dt><\/dl><dl class='gallery-item'>\n\t\t\t\t<dt class='gallery-icon landscape'>\n\t\t\t\t\t<a class=\"rollover rollover-zoom dt-pswp-item\" title=\"127ad47e-0356-4b4f-bb2f-b98991cb4785\" data-dt-img-description=\"\" data-large_image_width=\"603\" data-large_image_height=\"367\"href='https:\/\/www.radiopiu.net\/wordpress\/wp-content\/uploads\/2022\/07\/127ad47e-0356-4b4f-bb2f-b98991cb4785.jpg'><img loading=\"lazy\" decoding=\"async\" width=\"150\" height=\"150\" src=\"https:\/\/www.radiopiu.net\/wordpress\/wp-content\/uploads\/2022\/07\/127ad47e-0356-4b4f-bb2f-b98991cb4785-150x150.jpg\" class=\"attachment-thumbnail size-thumbnail\" alt=\"\" \/><\/a>\n\t\t\t\t<\/dt><\/dl><dl class='gallery-item'>\n\t\t\t\t<dt class='gallery-icon landscape'>\n\t\t\t\t\t<a class=\"rollover rollover-zoom dt-pswp-item\" title=\"f21d9e98-f83b-4206-8f01-3da4effba012\" data-dt-img-description=\"\" data-large_image_width=\"610\" data-large_image_height=\"361\"href='https:\/\/www.radiopiu.net\/wordpress\/wp-content\/uploads\/2022\/07\/f21d9e98-f83b-4206-8f01-3da4effba012.jpg'><img loading=\"lazy\" decoding=\"async\" width=\"150\" height=\"150\" src=\"https:\/\/www.radiopiu.net\/wordpress\/wp-content\/uploads\/2022\/07\/f21d9e98-f83b-4206-8f01-3da4effba012-150x150.jpg\" class=\"attachment-thumbnail size-thumbnail\" alt=\"\" \/><\/a>\n\t\t\t\t<\/dt><\/dl><br style=\"clear: both\" \/><dl class='gallery-item'>\n\t\t\t\t<dt class='gallery-icon landscape'>\n\t\t\t\t\t<a class=\"rollover rollover-zoom dt-pswp-item\" title=\"08139cf4-db4b-4a96-9439-ab7fbcbd2a8c\" data-dt-img-description=\"\" data-large_image_width=\"606\" data-large_image_height=\"355\"href='https:\/\/www.radiopiu.net\/wordpress\/wp-content\/uploads\/2022\/07\/08139cf4-db4b-4a96-9439-ab7fbcbd2a8c.jpg'><img loading=\"lazy\" decoding=\"async\" width=\"150\" height=\"150\" src=\"https:\/\/www.radiopiu.net\/wordpress\/wp-content\/uploads\/2022\/07\/08139cf4-db4b-4a96-9439-ab7fbcbd2a8c-150x150.jpg\" class=\"attachment-thumbnail size-thumbnail\" alt=\"\" \/><\/a>\n\t\t\t\t<\/dt><\/dl><dl class='gallery-item'>\n\t\t\t\t<dt class='gallery-icon landscape'>\n\t\t\t\t\t<a class=\"rollover rollover-zoom dt-pswp-item\" title=\"8a6a0aa1-f1da-437c-a668-5456b7347af0\" data-dt-img-description=\"\" data-large_image_width=\"610\" data-large_image_height=\"359\"href='https:\/\/www.radiopiu.net\/wordpress\/wp-content\/uploads\/2022\/07\/8a6a0aa1-f1da-437c-a668-5456b7347af0.jpg'><img loading=\"lazy\" decoding=\"async\" width=\"150\" height=\"150\" src=\"https:\/\/www.radiopiu.net\/wordpress\/wp-content\/uploads\/2022\/07\/8a6a0aa1-f1da-437c-a668-5456b7347af0-150x150.jpg\" class=\"attachment-thumbnail size-thumbnail\" alt=\"\" \/><\/a>\n\t\t\t\t<\/dt><\/dl><dl class='gallery-item'>\n\t\t\t\t<dt class='gallery-icon landscape'>\n\t\t\t\t\t<a class=\"rollover rollover-zoom dt-pswp-item\" title=\"ac706f72-0b04-4aa0-99ae-8ab35d9c1aba\" data-dt-img-description=\"\" data-large_image_width=\"612\" data-large_image_height=\"355\"href='https:\/\/www.radiopiu.net\/wordpress\/wp-content\/uploads\/2022\/07\/ac706f72-0b04-4aa0-99ae-8ab35d9c1aba.jpg'><img loading=\"lazy\" decoding=\"async\" width=\"150\" height=\"150\" src=\"https:\/\/www.radiopiu.net\/wordpress\/wp-content\/uploads\/2022\/07\/ac706f72-0b04-4aa0-99ae-8ab35d9c1aba-150x150.jpg\" class=\"attachment-thumbnail size-thumbnail\" alt=\"\" \/><\/a>\n\t\t\t\t<\/dt><\/dl><br style=\"clear: both\" \/>\n\t\t\t<\/div>\n\n<p>&nbsp;<\/p>\n<p>&nbsp;<\/p>\n<p>&nbsp;<\/p>\n<hr \/>\n<p>&nbsp;<\/p>\n<blockquote>\n<h3>TRE NUOVI ECOGRAFI PER LA CHIRURGIA VASCOLARE, LA MEDICINA NUCLEARE E LA TERAPIA ANTALGIA<\/h3>\n<\/blockquote>\n<p><strong><a class=\"dt-pswp-item\" href=\"https:\/\/www.radiopiu.net\/wordpress\/wp-content\/uploads\/2022\/07\/WhatsApp-Image-2022-07-21-at-17.57.52-1.jpeg\" data-dt-img-description=\"\" data-large_image_width=\"1024\" data-large_image_height=\"768\"><img loading=\"lazy\" decoding=\"async\" class=\"wp-image-288519 alignleft\" src=\"https:\/\/www.radiopiu.net\/wordpress\/wp-content\/uploads\/2022\/07\/WhatsApp-Image-2022-07-21-at-17.57.52-1-300x225.jpeg\" alt=\"\" width=\"292\" height=\"219\" srcset=\"https:\/\/www.radiopiu.net\/wordpress\/wp-content\/uploads\/2022\/07\/WhatsApp-Image-2022-07-21-at-17.57.52-1-300x225.jpeg 300w, https:\/\/www.radiopiu.net\/wordpress\/wp-content\/uploads\/2022\/07\/WhatsApp-Image-2022-07-21-at-17.57.52-1-768x576.jpeg 768w, https:\/\/www.radiopiu.net\/wordpress\/wp-content\/uploads\/2022\/07\/WhatsApp-Image-2022-07-21-at-17.57.52-1.jpeg 1024w\" sizes=\"auto, (max-width: 292px) 100vw, 292px\" \/><\/a>BELLUNO<\/strong> Continua l\u2019investimento dell\u2019Ulss Dolomiti per l\u2019acquisto di nuove apparecchiature sanitarie da utilizzare per le indagini diagnostiche.\u00a0In particolare, sono stati investiti circa 130.000 euro per l\u2019acquisto di tre ecotomografi multidisciplinari, con la dotazione di sonde e software specifici, attivi ora nelle unit\u00e0 operative di Chirurgia Vascolare, Medicina Nucleare e Terapia Antalgica dell\u2019ospedale di Belluno. Per la Medicina Nucleare si tratta di un\u2019innovazione tecnologia in sostituzione dell\u2019apparecchiatura attualmente in uso. Con la nuova strumentazione, dotata di un specifico modulo, si introduce una nuova potenzialit\u00e0 che permette di integrare le immagini ecografiche e quelle della CT PET. In questo modo, gli specialisti possono utilizzare una visione dinamica ed approfondita per cure ancora migliori. Le altre due apparecchiature sono un potenziamento che consente di ampliare l\u2019ambulatorio di Angiologia\/Chirurgia vascolare, e di rendere autonoma la Terapia Antalgica nell\u2019uso dell\u2019ecotomografo. In particolare, per la Chirurgia Vascolare, unit\u00e0 operativa complessa di recente attivazione ma con all\u2019attivo una casistica gi\u00e0 importante e apprezzata da numerosi utenti, questo nuovo ecotomografo consente di aumentare la disponibilit\u00e0 diagnostica, dando risposte pi\u00f9 rapide ai pazienti.<\/p>\n<blockquote><p><em>\u00abIl nuovo ecografo permette l\u2019esecuzione di ecocolordoppler arteriosi e venosi con alta definizione e accuratezza. Ci permette di eseguire diagnosi di ostruzione o stenosi cio\u00e8 restringimenti delle arterie come la stenosi carotide responsabile dell\u2019ictus o di dilatazioni anomale come gli aneurismi dell\u2019aorta. E soprattutto ci permette di eseguire il controllo\u00a0 postoperatorio dei pazienti rivascolarizzati con un bypass o un\u2019angioplastica sia in reparto prima della dimissione sia nel followup, il controllo\u00a0 ambulatoriale nel tempo\u00bb, commenta il direttore della Chirurgia Vascolare Alessandro Irsara.\u00a0\u201cIl rinnovo continuo delle attrezzature ci consente di poter contare su un parco tecnologico allo stato dell\u2019arte per supportare i nostri professionisti nell\u2019offrire diagnosi e cure sempre pi\u00f9 raffinate.\u201d commenta il Direttore Generale, Maria Grazia Carraro.<\/em><\/p><\/blockquote>\n<p>&nbsp;<\/p>\n<p>&nbsp;<\/p>\n<hr \/>\n<blockquote>\n<h3 dir=\"auto\">DA MALCESINE RICEVIAMO A VOLENTIERI PUBBLICHIAMO QUESTA SEGNALAZIONE. ARTICOLO DI ELENA PIVA &#8220;L&#8217;ADIGE&#8221;<\/h3>\n<\/blockquote>\n<div dir=\"auto\"><\/div>\n<div dir=\"auto\"><strong>CONTATTO<\/strong>\u00a0<a class=\"oajrlxb2 g5ia77u1 qu0x051f esr5mh6w e9989ue4 r7d6kgcz rq0escxv nhd2j8a9 nc684nl6 p7hjln8o kvgmc6g5 cxmmr5t8 oygrvhab hcukyx3x jb3vyjys rz4wbd8a qt6c0cv9 a8nywdso i1ao9s8h esuyzwwr f1sip0of lzcic4wl gpro0wi8 q66pz984 b1v8xokw\" tabindex=\"0\" role=\"link\" href=\"https:\/\/www.facebook.com\/groups\/61488111720\/user\/100005548410746\/?__cft__[0]=AZWq63dROiyxBeJ_je4nTGHgCkdqLddnhz2VIKzuzTiQWBrzZmEegF5Rpn8DT86p9ogqX1D4jIJggirbMTJ-G5hood9qb62c1TnJnwfpLVM3GCUFyM-9V2_qwVQ2aUty-v0MjgtRRwWrfgdiMoK71JI9&amp;__tn__=-]K-R\"><span class=\"nc684nl6\">https:\/\/www.facebook.com\/antonello.nodari\u00a0<\/span><\/a><\/div>\n<div dir=\"auto\"><a class=\"dt-pswp-item\" href=\"https:\/\/www.radiopiu.net\/wordpress\/wp-content\/uploads\/2022\/07\/295055063_10228907010766872_4625308518179148978_n.jpg\" data-dt-img-description=\"\" data-large_image_width=\"508\" data-large_image_height=\"600\"><img loading=\"lazy\" decoding=\"async\" class=\"alignnone wp-image-288504 size-full\" src=\"https:\/\/www.radiopiu.net\/wordpress\/wp-content\/uploads\/2022\/07\/295055063_10228907010766872_4625308518179148978_n.jpg\" alt=\"\" width=\"508\" height=\"600\" srcset=\"https:\/\/www.radiopiu.net\/wordpress\/wp-content\/uploads\/2022\/07\/295055063_10228907010766872_4625308518179148978_n.jpg 508w, https:\/\/www.radiopiu.net\/wordpress\/wp-content\/uploads\/2022\/07\/295055063_10228907010766872_4625308518179148978_n-254x300.jpg 254w\" sizes=\"auto, (max-width: 508px) 100vw, 508px\" \/><\/a><\/div>\n<p>&nbsp;<\/p>\n<p>&nbsp;<\/p>\n<hr \/>\n<p>&nbsp;<\/p>\n<blockquote>\n<h3>ASSISTENTI FAMILIARI: IN PARTENZA UN CORSO GRATUITO ONLINE<\/h3>\n<\/blockquote>\n<p><strong><a class=\"dt-pswp-item\" href=\"https:\/\/www.radiopiu.net\/wordpress\/wp-content\/uploads\/2018\/09\/anziana.jpg\" data-dt-img-description=\"\" data-large_image_width=\"1280\" data-large_image_height=\"960\"><img loading=\"lazy\" decoding=\"async\" class=\"size-thumbnail wp-image-61539 alignleft\" src=\"https:\/\/www.radiopiu.net\/wordpress\/wp-content\/uploads\/2018\/09\/anziana-150x150.jpg\" alt=\"\" width=\"150\" height=\"150\" \/><\/a>BELLUNO <\/strong>A partire dal mese di settembre, al raggiungimento del numero minimo di partecipanti, l\u2019Ulss Dolomiti attiva la seconda edizione del corso gratuito online per il riconoscimento delle competenze di chi gi\u00e0 presta assistenza come colf o badante e per formare chi vorrebbe iniziare a lavorare in questo ambito. Si sta concludendo la prima edizione che ha visto circa 20 partecipanti. Il corso \u00e8 promosso nell\u2019ambito del Progetto regionale Sportelli per l\u2019Assistenza Familiare, coordinato dall\u2019Ulss Dolomiti ed \u00e8 organizzato dal Centro Multiservizi CE.MU. S.r.l. Il percorso sar\u00e0 composto da 64 ore di formazione ed \u00e8 un\u2019iniziativa fortemente voluta dagli Sportelli presenti in provincia di Belluno, servizio reso all\u2019interno di enti gi\u00e0 impegnati nell\u2019erogazione di servizi socio sanitari e sociali nel territorio e che intende connotarsi come un\u2019importante risorsa a sostegno della domiciliarit\u00e0. Sono numerose, infatti, le famiglie che si trovano nella necessit\u00e0 di individuare un\u2019assistente familiare privata per collocarla a domicilio di propri cari in condizioni di non autosufficienza o fragilit\u00e0. Per informazioni ed iscrizioni al corso ci si pu\u00f2 rivolgere al seguente numero di telefono: 0439\/883050 dalle 8.30 alle 12.30 dal luned\u00ec al venerd\u00ec Per tutti i partecipanti che supereranno il test di verifica finale \u00e8 previsto il rilascio un attestato.<\/p>\n<p>&nbsp;<\/p>\n<p>&nbsp;<\/p>\n<hr \/>\n<p>&nbsp;<\/p>\n<blockquote>\n<h3>PROGETTIAMO L&#8217;INCLUSIONE CON ASSI ONLUS<\/h3>\n<\/blockquote>\n<p><strong><a class=\"dt-pswp-item\" href=\"https:\/\/www.radiopiu.net\/wordpress\/wp-content\/uploads\/2022\/07\/ASSI-ONLUS.png\" data-dt-img-description=\"\" data-large_image_width=\"1160\" data-large_image_height=\"358\"><img loading=\"lazy\" decoding=\"async\" class=\"alignleft wp-image-288450 \" src=\"https:\/\/www.radiopiu.net\/wordpress\/wp-content\/uploads\/2022\/07\/ASSI-ONLUS-300x93.png\" alt=\"\" width=\"184\" height=\"57\" srcset=\"https:\/\/www.radiopiu.net\/wordpress\/wp-content\/uploads\/2022\/07\/ASSI-ONLUS-300x93.png 300w, https:\/\/www.radiopiu.net\/wordpress\/wp-content\/uploads\/2022\/07\/ASSI-ONLUS-1024x316.png 1024w, https:\/\/www.radiopiu.net\/wordpress\/wp-content\/uploads\/2022\/07\/ASSI-ONLUS-768x237.png 768w, https:\/\/www.radiopiu.net\/wordpress\/wp-content\/uploads\/2022\/07\/ASSI-ONLUS.png 1160w\" sizes=\"auto, (max-width: 184px) 100vw, 184px\" \/><\/a>SEDICO<\/strong> Rendere la provincia di Belluno accessibile e inclusiva: una missione impossibile? No, un obiettivo concreto attraverso il progetto ideato e lanciato dall\u2019ASSI Aps Onlus e sostenuto dalla Regione del Veneto con risorse statali del Ministero del Lavoro e delle Politiche Sociali. Progetto che e\u0300 partito da una base formativa. E, in particolare, dalle scuole: 11 le classi coinvolte, per un totale di 131 alunni, legati a tre Istituti secondari di primo grado. Dopo gli incontri teorici con i volontari dell&#8217;associazione e una serie di professionisti, ogni gruppo ha partecipato a un&#8217;uscita pratica. Gli studenti sono saliti sulle carrozzine e hanno esplorato Sedico, Pieve di Cadore e Cortina toccando con mano le difficolta\u0300 quotidiane che una persona in carrozzina incontra per spostarsi in autonomia. E&#8217; stata coinvolta la cittadinanza. E lo e\u0300 tuttora, grazie a un questionario aperto e rivolto a tutti: lo si puo\u0300 trovare sulla pagina Facebook o all\u2019interno del sito www.assionlus.it. Svariate la domande: dai disagi che provocano gli ostacoli per le persone con disabilita\u0300, all\u2019utilizzo dei mezzi pubblici, passando per parcheggi, spazi e luoghi pubblici. Infine, l\u2019ultimo step del progetto, ormai in fase di decollo: la Web App per smartphone e pc in cui verranno messi in luce i parcheggi riservati alle persone con disabilita\u0300, i musei privi di ostacoli, percorsi adatti a tutti, piazzole di pesca, ristoranti accessibili, impianti e punti panoramici.<\/p>\n<p>&nbsp;<\/p>\n<p>&nbsp;<\/p>\n<hr \/>\n<p>&nbsp;<\/p>\n<blockquote>\n<h3><a class=\"dt-pswp-item\" href=\"https:\/\/www.radiopiu.net\/wordpress\/wp-content\/uploads\/2022\/07\/Marco-Tarquinio-direttore-Avvenire.jpg\" data-dt-img-description=\"\" data-large_image_width=\"1440\" data-large_image_height=\"1265\"><img loading=\"lazy\" decoding=\"async\" class=\" wp-image-288224 alignleft\" src=\"https:\/\/www.radiopiu.net\/wordpress\/wp-content\/uploads\/2022\/07\/Marco-Tarquinio-direttore-Avvenire-150x150.jpg\" alt=\"\" width=\"94\" height=\"94\" \/><\/a>OGGI A CANALE D&#8217;AGORDO IL DIRETTORE DI AVVENIRE<\/h3>\n<\/blockquote>\n<p><strong>CANALE D&#8217;AGORDO\u00a0 <\/strong>Oggi \u00a0si terr\u00e0 la \u201cGiornata di Avvenire\u201d, del\u00a0 quotidiano cattolico nazionale. Alle 9.30, presso la chiesa di San Giovanni Battista, il vescovo della diocesi Belluno \u2013 Feltre, mons. Renato Marangoni, celebrer\u00e0 la\u00a0 Messa,\u00a0 seguir\u00e0 l&#8217;incontro con il direttore di Avvenire, Marco Tarquinio.<\/p>\n<p>&nbsp;<\/p>\n<hr \/>\n<p>&nbsp;<\/p>\n<blockquote>\n<h3>ANCHE LA MODIFICA DEL PIANO TRIENNALE DELLE OPERE PUBBLICHE NEL CONSIGLIO COMUNALE IN VAL FIORENTINA<\/h3>\n<\/blockquote>\n<p><strong>SELVA DI CADORE<\/strong> Lunedi alle 18 consiglio comunale convocato dal sindaco Luca Lorenzini, all&#8217;ordine del giorno: variazioni al bilanci di previsione e assestamento generale di bilancio. Nomina del revisore dei conti (Sara Tillati) e approvazione della variante al piano degli interventi. In discussione anche il regolamento autoservizi pubblici e lo statuto dell&#8217;ASCA.<\/p>\n<p>&nbsp;<\/p>\n<hr \/>\n<p>&nbsp;<\/p>\n<blockquote>\n<h3>TRA UNA SETTIMANA IL CONSIGLIO COMUNALE DI CANALE D&#8217;AGORDO<\/h3>\n<\/blockquote>\n<p><strong>CANALE D&#8217;AGORDO<\/strong> Sabato alle 9 consiglio comunale in sala Lina Zand\u00f2. All&#8217;ordine del giorno la convenzione con il Comune di Falcade per l&#8217;uso e la gestione del cimitero di Caviola; variazione d&#8217;urgenza al bilancio e variazione di assestamento.<\/p>\n<p>&nbsp;<\/p>\n<hr \/>\n<p>&nbsp;<\/p>\n<blockquote>\n<h3><a class=\"dt-pswp-item\" href=\"https:\/\/www.radiopiu.net\/wordpress\/wp-content\/uploads\/2021\/12\/BIM-PIAVE.jpg\" data-dt-img-description=\"\" data-large_image_width=\"420\" data-large_image_height=\"280\"><img loading=\"lazy\" decoding=\"async\" class=\"wp-image-249802 alignleft\" src=\"https:\/\/www.radiopiu.net\/wordpress\/wp-content\/uploads\/2021\/12\/BIM-PIAVE-150x150.jpg\" alt=\"\" width=\"73\" height=\"73\" \/><\/a>L&#8217;ASSEMBLEA DEL CONSORZIO BIM PIAVE<\/h3>\n<\/blockquote>\n<p><strong>BELLUNO<\/strong> Mercoled\u00ec 27 luglio alle 15 riunione dell&#8217;assemblea del Consorzio Bim Piave Belluno. Il Presidente\u00a0 Marco Staunovo Polacco, ha firmato un ordine del giorno in tre punti: verifica degli equilibri di bilancio, variazione al bilancio di previsione 2022-24 e comunicazioni del Presidente.<\/p>\n<p>&nbsp;<\/p>\n<hr \/>\n<p>&nbsp;<\/p>\n<blockquote>\n<h3><a class=\"dt-pswp-item\" href=\"https:\/\/www.radiopiu.net\/wordpress\/wp-content\/uploads\/2022\/07\/img20220713_10003785-scaled.jpg\" data-dt-img-description=\"\" data-large_image_width=\"1804\" data-large_image_height=\"2560\"><img loading=\"lazy\" decoding=\"async\" class=\"alignleft wp-image-288218 \" src=\"https:\/\/www.radiopiu.net\/wordpress\/wp-content\/uploads\/2022\/07\/img20220713_10003785-211x300.jpg\" alt=\"\" width=\"94\" height=\"134\" srcset=\"https:\/\/www.radiopiu.net\/wordpress\/wp-content\/uploads\/2022\/07\/img20220713_10003785-211x300.jpg 211w, https:\/\/www.radiopiu.net\/wordpress\/wp-content\/uploads\/2022\/07\/img20220713_10003785-722x1024.jpg 722w, https:\/\/www.radiopiu.net\/wordpress\/wp-content\/uploads\/2022\/07\/img20220713_10003785-768x1090.jpg 768w, https:\/\/www.radiopiu.net\/wordpress\/wp-content\/uploads\/2022\/07\/img20220713_10003785-1083x1536.jpg 1083w, https:\/\/www.radiopiu.net\/wordpress\/wp-content\/uploads\/2022\/07\/img20220713_10003785-1443x2048.jpg 1443w, https:\/\/www.radiopiu.net\/wordpress\/wp-content\/uploads\/2022\/07\/img20220713_10003785-scaled.jpg 1804w\" sizes=\"auto, (max-width: 94px) 100vw, 94px\" \/><\/a>LA PRESENTAZIONE DEL LIBRO DI MARIO AGNOLI IN SALA DON TAMIS<\/h3>\n<\/blockquote>\n<p><strong>AGORDO<\/strong> Per il secondo anno la Biblioteca Civica di Agordo, il Circolo Culturale Agordino e il comune di Agordo hanno il piacere di ospitare la presentazione delle opere \u201cdolomitiche\u201d dell\u2019autore Mario Agnoli, pubblicate postume dall\u2019editore Nuovi Sentieri e curate dalla moglie Marina Zampolini Agnoli. Oggi alle 18,00 nella Sala \u201cdon Tamis\u201d ad Agordo a parlare di questo libro saranno presenti, oltre a Marina Zampolini e Bepi Pellegrinon, anche Dino Bridda e Loris Santomaso.<\/p>\n<p>&nbsp;<\/p>\n<p>&nbsp;<\/p>\n<hr \/>\n<p>&nbsp;<\/p>\n<blockquote>\n<h3>AL VIA &#8220;D&#8217;ISTA&#8217; A SAN TOMAS&#8221;<\/h3>\n<\/blockquote>\n<p><strong>SAN TOMASO<\/strong> Inizia questo fine settimana la serie di eventi a San Tomaso dal titolo &#8220;Ist\u00e0 a San Tomas&#8221;. Cinque appuntamenti d&#8217;estate organizzati dalla Pro Loco. Il primo appuntamento domani alle 17:30 a Celat &#8211; Pont dei Lida con &#8220;La Memoria, Le stagioni e la strada&#8221;, il nostro territorio visto attraverso i racconti di Paolo Soppelsa, con la partecipazione di Radio Pi\u00f9. Sabato 6 agosto alle 20:45 sar\u00e0 il turno dei Sintagma, quartetto vocale di Feltre, con &#8220;Musica inte le Vile&#8221;. Luned\u00ec 8 agosto alle 21 Musica Nell&#8217;Agordino presenta un concerto per soprano e organo, con Sara Cecchin e Manolo Da Rold. Il secondo appuntamento di Musica Inte Le Vile \u00e8 in programma sabato 13 agosto alle 17:30 con il concerto del Trio Na Fuoia. A chiudere il programma sar\u00e0 Luisa Manfroi con &#8220;L&#8217;Agordino&#8221;, con racconti e aneddoti sul nostro territorio, gioved\u00ec 18 agosto alle 17:30.<\/p>\n<p><strong>L&#8217;INVITO DI PAOLO SOPPELSA ALLA PRIMA DATA\u00a0<\/strong><\/p>\n<audio class=\"wp-audio-shortcode\" id=\"audio-288336-7\" preload=\"none\" style=\"width: 100%;\" controls=\"controls\"><source type=\"audio\/mpeg\" src=\"https:\/\/www.radiopiu.net\/wordpress\/wp-content\/uploads\/2022\/07\/INVITO-PAOLO-SOPPELSA.mp3?_=7\" \/><a href=\"https:\/\/www.radiopiu.net\/wordpress\/wp-content\/uploads\/2022\/07\/INVITO-PAOLO-SOPPELSA.mp3\">https:\/\/www.radiopiu.net\/wordpress\/wp-content\/uploads\/2022\/07\/INVITO-PAOLO-SOPPELSA.mp3<\/a><\/audio>\n<p>&nbsp;<\/p>\n\n\t\t\t<style type='text\/css'>\n\t\t\t\t#gallery-3 {\n\t\t\t\t\tmargin: auto;\n\t\t\t\t}\n\t\t\t\t#gallery-3 .gallery-item {\n\t\t\t\t\tfloat: left;\n\t\t\t\t\tmargin-top: 10px;\n\t\t\t\t\ttext-align: center;\n\t\t\t\t\twidth: 50%;\n\t\t\t\t}\n\t\t\t\t#gallery-3 img {\n\t\t\t\t\tborder: 2px solid #cfcfcf;\n\t\t\t\t}\n\t\t\t\t#gallery-3 .gallery-caption {\n\t\t\t\t\tmargin-left: 0;\n\t\t\t\t}\n\t\t\t\t\/* see gallery_shortcode() in wp-includes\/media.php *\/\n\t\t\t<\/style>\n\t\t<div id='gallery-3' class='dt-gallery-container gallery galleryid-288336 gallery-columns-2 gallery-size-thumbnail'><dl class='gallery-item'>\n\t\t\t\t<dt class='gallery-icon portrait'>\n\t\t\t\t\t<a class=\"rollover rollover-zoom dt-pswp-item\" title=\"6e7afc39-2e50-47c6-b393-095c3fddcce2\" data-dt-img-description=\"\" data-large_image_width=\"1131\" data-large_image_height=\"1600\"href='https:\/\/www.radiopiu.net\/wordpress\/wp-content\/uploads\/2022\/07\/6e7afc39-2e50-47c6-b393-095c3fddcce2.jpg'><img loading=\"lazy\" decoding=\"async\" width=\"150\" height=\"150\" src=\"https:\/\/www.radiopiu.net\/wordpress\/wp-content\/uploads\/2022\/07\/6e7afc39-2e50-47c6-b393-095c3fddcce2-150x150.jpg\" class=\"attachment-thumbnail size-thumbnail\" alt=\"\" \/><\/a>\n\t\t\t\t<\/dt><\/dl><dl class='gallery-item'>\n\t\t\t\t<dt class='gallery-icon portrait'>\n\t\t\t\t\t<a class=\"rollover rollover-zoom dt-pswp-item\" title=\"1a520690-775c-4d64-b148-d2d695a51a74\" data-dt-img-description=\"\" data-large_image_width=\"1131\" data-large_image_height=\"1600\"href='https:\/\/www.radiopiu.net\/wordpress\/wp-content\/uploads\/2022\/07\/1a520690-775c-4d64-b148-d2d695a51a74.jpg'><img loading=\"lazy\" decoding=\"async\" width=\"150\" height=\"150\" src=\"https:\/\/www.radiopiu.net\/wordpress\/wp-content\/uploads\/2022\/07\/1a520690-775c-4d64-b148-d2d695a51a74-150x150.jpg\" class=\"attachment-thumbnail size-thumbnail\" alt=\"\" \/><\/a>\n\t\t\t\t<\/dt><\/dl><br style=\"clear: both\" \/>\n\t\t\t<\/div>\n\n<p>&nbsp;<\/p>\n<p>&nbsp;<\/p>\n<hr \/>\n<p>&nbsp;<\/p>\n<blockquote>\n<h3>DOPO IL RICAMO AD AGORDO, L&#8217;ESPOSIZIONE A RIVAMONTE DAL 30 LUGLIO<\/h3>\n<\/blockquote>\n<p><strong><a class=\"dt-pswp-item\" href=\"https:\/\/www.radiopiu.net\/wordpress\/wp-content\/uploads\/2022\/07\/6aa3acc1-0af3-45d8-8d3e-7e7b50d59e01-1.jpg\" data-dt-img-description=\"\" data-large_image_width=\"984\" data-large_image_height=\"1388\"><img loading=\"lazy\" decoding=\"async\" class=\"size-thumbnail wp-image-288489 alignleft\" src=\"https:\/\/www.radiopiu.net\/wordpress\/wp-content\/uploads\/2022\/07\/6aa3acc1-0af3-45d8-8d3e-7e7b50d59e01-1-150x150.jpg\" alt=\"\" width=\"150\" height=\"150\" \/><\/a>RIVAMONTE<\/strong>\u00a0Si ritrovano ininterrottamente da oltre 20 anni, da quando cio\u00e8, ritornata nel 2000 al paese di origine dopo dieci anni da emigrante in Argentina, Gabriella Gnech ha avuto la felice idea di proporre e di dar vita a una singolare iniziativa di aggregazione artistica. Sono le attivissime donne del Gruppo Porcellana di Rivamonte che, coordinate dalla maestra Gnech, si ritrovano regolarmente in serena compagnia, impiegando proficuamente il loro tempo libero in creazioni di stupendo impatto estetico, dipingendo diversi soggetti su porcellane di varie dimensioni usando nelle decorazioni vari stili, dai classici (cinesi, giapponesi, europei) ai pi\u00f9 moderni.<br \/>\nDopo l\u2019esperienza di alcune mostre abbinate al Gruppo Fil\u00f2 di ricamo di Agordo, hanno deciso di esporre quest\u2019anno proprio a Rivamonte i loro originali lavori realizzati a mano con grande abilit\u00e0 sul particolare tema \u201cArmonie di colori\u201d. L\u2019inaugurazione della rassegna, con il patrocinio del Comune, avr\u00e0 luogo sabato 30 luglio, alle ore 18, nella Sala Polifunzionale di Rivamonte e rimarr\u00e0 visitabile (a ingresso libero) fino al 15 agosto, con il seguente orario: gioved\u00ec e venerd\u00ec dalle 16 alle 19; sabato e domenica 10-12.30 e 16-19. Nell\u2019occasione esporr\u00e0 i suoi acquerelli anche Rita Mottes e la mostra sar\u00e0 affettuosamente dedicata al ricordo di Ornella Dal Col, morta recentemente, che fin dall\u2019inizio ha sempre partecipato attivamente all\u2019attivit\u00e0 del Gruppo Porcellana.<\/p>\n<p>&nbsp;<\/p>\n<hr \/>\n<blockquote><p><span style=\"color: #000000; font-family: verdana, sans-serif; font-size: large;\"><b>\u00a0<\/b><\/span><\/p>\n<p><span style=\"color: #000000; font-family: verdana, sans-serif; font-size: large;\"><b>&#8220;NOSTALGIA DI UN SORRISO&#8221;. A PIEVE D\u2019ALPAGO MONSIGNOR FORNEZZA RACCONTA PAPA LUCIANI<\/b><\/span><\/p><\/blockquote>\n<p><strong>ALPAGO\u00a0<\/strong> \u201cNostalgia di un sorriso\u201d \u00e8 il titolo della pubblicazione che monsignor Ettore Fornezza, sacerdote veneziano, ha dedicato ad Albino Luciani, Giovanni Paolo I. Il libro sar\u00e0 presentato, alla presenza dell\u2019autore, Oggi alle 20.30 nella chiesa arcipretale di Pieve d\u2019Alpago, a cura del Comitato Alpago 2 Ruote&amp;Solidariet\u00e0, in collaborazione con Comune di Alpago, Biblioteca Civica e Parrocchia. Monsignor Fornezza per una decina d\u2019anni \u00e8 stato accanto a Luciani poi come prete e aiutante personale ed \u00e8 presidente dell&#8217;Associazione, creata in memoria dell&#8217;ex Patriarca di Venezia e poi papa Giovanni Paolo I. Il volume curato dal sacerdote veneziano \u00e8 ricco di fotografie e racconta Luciani lontano dall&#8217;ufficialit\u00e0.<\/p>\n<p>&nbsp;<\/p>\n<p>&nbsp;<\/p>\n<hr \/>\n<p>&nbsp;<\/p>\n<blockquote>\n<h3>A CANALE D\u2019AGORDO DA OGGI\u00a0 IL 19.MO SIMPOSIO DEI MASCHERAI ALPINI<\/h3>\n<\/blockquote>\n<p><span style=\"font-family: verdana, sans-serif;\"><strong><a class=\"dt-pswp-item\" href=\"https:\/\/www.radiopiu.net\/wordpress\/wp-content\/uploads\/2022\/07\/tita-bressan-mascherai-alpini.jpeg\" data-dt-img-description=\"\" data-large_image_width=\"1536\" data-large_image_height=\"2048\"><img loading=\"lazy\" decoding=\"async\" class=\"alignleft wp-image-288064 \" src=\"https:\/\/www.radiopiu.net\/wordpress\/wp-content\/uploads\/2022\/07\/tita-bressan-mascherai-alpini.jpeg\" alt=\"\" width=\"207\" height=\"276\" srcset=\"https:\/\/www.radiopiu.net\/wordpress\/wp-content\/uploads\/2022\/07\/tita-bressan-mascherai-alpini.jpeg 1536w, https:\/\/www.radiopiu.net\/wordpress\/wp-content\/uploads\/2022\/07\/tita-bressan-mascherai-alpini-225x300.jpeg 225w, https:\/\/www.radiopiu.net\/wordpress\/wp-content\/uploads\/2022\/07\/tita-bressan-mascherai-alpini-768x1024.jpeg 768w, https:\/\/www.radiopiu.net\/wordpress\/wp-content\/uploads\/2022\/07\/tita-bressan-mascherai-alpini-1152x1536.jpeg 1152w\" sizes=\"auto, (max-width: 207px) 100vw, 207px\" \/><\/a>CANALE D&#8217;AGORDO\u00a0<\/strong> Si svolger\u00e0 a Canale d\u2019Agordo la <a href=\"http:\/\/19.ma\">19.ma<\/a> edizione del Simposio dei Mascherai Alpini, iniziativa dedicata alla scultura proposta dal \u201cConsorzio dei Mascherai Alpini\u201d, realt\u00e0 nata nel 2002 per iniziativa di un gruppo di scultori di maschere lignee carnevalesche, provenienti da varie localit\u00e0 alpine del Nordest d\u2019Italia, in sinergia con il comitato La Zinghenesta, comitato che qualche anno fa ha rivitalizzato l\u2019antica maschera agordina. L\u2019appuntamento con il simposio \u00e8 da venerd\u00ec a domenica, con una tre giorni di grande intensit\u00e0. Oggi: dalle 15 alle 18.30,\u00a0 inizio della realizzazione delle sculture, alle 19 inaugurazione ufficiale della rassegna cui seguir\u00e0 l&#8217;inaugurazione delle mostre correlate, nella sala consiliare del municipio, con l\u2019intervento della critica d&#8217;arte Mariangela Bognolo. Domani dalle 9.30 alle 12 e dalle 15 alle 18.30 gli artisti lavoreranno nelle diverse postazioni, dislocate tra piazza papa Luciani e la piazzetta di Tancon e anche in alcuni tabi\u00e0 e alle 21, in piazza papa Luciani ci sar\u00e0 l\u2019esibizione del gruppo folk Val Biois, accompagnato dall\u2019intervento del comitato La Zinghenesta che presenter\u00e0 le maschere locali. <\/span><span style=\"font-family: verdana, sans-serif;\">L\u2019ultima parte del lavoro dei mascherai alpini \u00e8 previsto per la mattinata di domenica\u00a0 dalle 9 alle 12. Alle 15 le premiazioni.<\/span><\/p>\n<blockquote><p><span style=\"font-family: verdana, sans-serif;\"><br \/>\n<em>\u00abSono ventuno gli artisti che hanno aderito. Siamo molto soddisfatti perch\u00e9 provengono non solo dall\u2019Italia ma anche dalla Svizzera, dall\u2019Austria e dalla Slovenia\u00bb <\/em>sottolinea Simone Ongaro, del consiglio direttivo della Zinghenesta<em>. \u00abOltre ai lavori dei mascherai alpini, residenti e ospiti della nostra vallata potranno ammirare, presso la sala consiliare del municipio, anche altre opere: quelle della mostra dedicata a Dante Alighieri, quella delle maschere della Zinghenesta e la Xiloteca dei Mascherai alpini\u00bb.<\/em><\/span><\/p><\/blockquote>\n<p><span style=\"font-family: verdana, sans-serif;\"><br \/>\nPer approfondimenti: <a href=\"http:\/\/www.zinghenesta.it\">www.zinghenesta.it<\/a> e <a href=\"http:\/\/www.mascheraialpini.com\">www.mascheraialpini.com<\/a><\/span><\/p>\n<p>&nbsp;<\/p>\n<p><strong>A RADIO PIU&#8217; SIMONE ONGARO PRESENTA L&#8217;EVENTO<\/strong><\/p>\n<audio class=\"wp-audio-shortcode\" id=\"audio-288336-8\" preload=\"none\" style=\"width: 100%;\" controls=\"controls\"><source type=\"audio\/mpeg\" src=\"https:\/\/www.radiopiu.net\/wordpress\/wp-content\/uploads\/2022\/07\/SIMONE-ONGARO.mp3?_=8\" \/><a href=\"https:\/\/www.radiopiu.net\/wordpress\/wp-content\/uploads\/2022\/07\/SIMONE-ONGARO.mp3\">https:\/\/www.radiopiu.net\/wordpress\/wp-content\/uploads\/2022\/07\/SIMONE-ONGARO.mp3<\/a><\/audio>\n<p>&nbsp;<\/p>\n<hr \/>\n<p>&nbsp;<\/p>\n<blockquote>\n<h3>CICLINVALLE 2022, DA AGORDO ALLA VALLE DI SAN LUCANO: IL RITORNO DOMENICA 24 LUGLIO<\/h3>\n<\/blockquote>\n<p class=\"Nessunaspaziatura\" style=\"text-align: justify; line-height: 115%;\"><span lang=\"IT\" style=\"font-size: 12.0pt; line-height: 115%;\"><strong><a class=\"dt-pswp-item\" href=\"https:\/\/www.radiopiu.net\/wordpress\/wp-content\/uploads\/2021\/06\/cicli-8.jpg\" data-dt-img-description=\"\" data-large_image_width=\"1280\" data-large_image_height=\"960\"><img loading=\"lazy\" decoding=\"async\" class=\"size-thumbnail wp-image-215029 alignleft\" src=\"https:\/\/www.radiopiu.net\/wordpress\/wp-content\/uploads\/2021\/06\/cicli-8-150x150.jpg\" alt=\"\" width=\"150\" height=\"150\" \/><\/a>AGORDO <\/strong><\/span>Anticipata di un mese rispetto alla data tradizionale ritorna la 28\u00b0 corsa ciclistica non competitiva di 10 km denominata \u201cCiclinvalle\u201d. Appuntamento domenica 24 luglio 2022 con raduno dei partecipanti alle 9.45 presso il piazzale Peppino Impastato (Parcheggio Tamonich) e successiva sfilata fino alla sede di partenza ufficiale delle ore 10.00 in localit\u00e0 Valcozzena. La pedalata non competitiva si svilupper\u00e0 dal comune di Agordo raggiungendo la localit\u00e0 Col di Pr\u00e0 in comune di Taibon Agordino percorrendo la spettacolare Valle di San Lucano. Dalle 12.00 la Pro Loco di Taibon Agordino organizzer\u00e0 un pasta party presso la Chiesetta di San Lucano, sulla strada di ritorno verso Agordo. Alle 14.00, nella stessa localit\u00e0, ci sar\u00e0 la consegna dei riconoscimenti e l\u2019estrazione dei premi della lotteria. La manifestazione \u00e8 organizzata dalla ASD Attivamente Scuola e Sport per sostenere Unicef, fondazione Onlus che si occupa di assistenza umanitaria per i bambini e le loro madri in tutto il mondo.\u00a0Le iscrizioni si possono perfezionare sabato 23 luglio presso la Piscina Comprensoriale di Agordo dalle 16.00 alle 19.00 e domenica 24 luglio presso la Scuola Primaria di Agordo dalle 8.30 alle 9.30.<\/p>\n<p><strong>A RADIO PIU&#8217; CON ALBERTO LA PRESENTAZIONE DELL&#8217;EVENTO OGGI ALLE 15.10 E 20.30\u00a0<\/strong><\/p>\n<p>&nbsp;<\/p>\n<hr \/>\n<p>&nbsp;<\/p>\n<blockquote>\n<blockquote>\n<h3>UNA MOSTRA PER I 50 ANNI DI ATTIVITA&#8217; DEL CIRCOLO FOTOGRAFICO MARIO DE BIASI<\/h3>\n<\/blockquote>\n<p><strong><a class=\"dt-pswp-item\" href=\"https:\/\/www.radiopiu.net\/wordpress\/wp-content\/uploads\/2022\/07\/Schermata-2022-07-20-alle-10.25.39.png\" data-dt-img-description=\"\" data-large_image_width=\"1000\" data-large_image_height=\"622\"><img loading=\"lazy\" decoding=\"async\" class=\"size-thumbnail wp-image-288216 alignleft\" src=\"https:\/\/www.radiopiu.net\/wordpress\/wp-content\/uploads\/2022\/07\/Schermata-2022-07-20-alle-10.25.39-150x150.png\" alt=\"\" width=\"150\" height=\"150\" \/><\/a>BELLUNO <\/strong>Il Circolo Fotografico Bellunese \u201cMario De Biasi\u201d celebra i 50 anni di attivit\u00e0 con l\u2019esposizione di oltre 150 fotografie dei soci e due serate con proiezioni in multivisione. L\u2019inaugurazione si svolger\u00e0 domenica 24 luglio alle 18 nella sala conferenze del Comune di Borgo Valbelluna, mentre l\u2019esposizione \u00e8 stata allestita a Palazzo delle Contesse di Mel. La mostra \u201c50 anni con la fotografia\u201d consiste in un\u2019esposizione di circa 160 fotografie<\/p><\/blockquote>\n<p>&nbsp;<\/p>\n<p>&nbsp;<\/p>\n<p>&nbsp;<\/p>\n<hr \/>\n<p>&nbsp;<\/p>\n<blockquote>\n<h3>CAMMINATURALMENTE<\/h3>\n<\/blockquote>\n<p><em><a class=\"dt-pswp-item\" href=\"https:\/\/www.radiopiu.net\/wordpress\/wp-content\/uploads\/2022\/07\/P1210872.jpg\" data-dt-img-description=\"\" data-large_image_width=\"2048\" data-large_image_height=\"1536\"><img loading=\"lazy\" decoding=\"async\" class=\" wp-image-288491 alignleft\" src=\"https:\/\/www.radiopiu.net\/wordpress\/wp-content\/uploads\/2022\/07\/P1210872-150x150.jpg\" alt=\"\" width=\"132\" height=\"132\" \/><\/a>passi alla scoperta con Anacleto Boranga guida naturalistica ed ambientale<\/em><\/p>\n<p><strong>BELLUNO<\/strong> Praterie sconfinate dove pascolano cervi e cavalli maremmani. L\u2019itinerario si svolge all\u2019interno del Parco Nazionale Dolomiti Bellunesi, lungo la via degli ospizi che ci ricorda antiche frequentazioni di viandanti e pellegrini. L\u2019interesse \u00e8 soprattutto di carattere paesaggistico, per le suggestive ed estese praterie, animate dall\u2019elegante presenza dei cavalli maremmani. La vegetazione ripariale e quella rupestre sono altri aspetti degni di essere osservati. Dislivello minimo \u2013 distanze ca 4 km a\/r. \u2013 durata ca 3 ore a\/r. Ritrovo alle 8,30 presso il parcheggio situato appena oltre il ponte del Mas di Sedico. Iscrizione obbligatoria a biblioteca@comune.belluno.it o al tel 0437 948093 entro le ore 12,30\u00a0 di oggi.<\/p>\n<p>&nbsp;<\/p>\n<hr \/>\n<p>&nbsp;<\/p>\n<blockquote>\n<h3>LA NUOVA GUIDA OLTREPIAVE<\/h3>\n<\/blockquote>\n<p><strong>BELLUNO<\/strong> Oggi alle 18 nella chiesa dei Santi Ermagora e Fortunato di Lorenzago di Cadore, verr\u00e0 presentata la nuova guida &#8220;Oltrepiave&#8221;, all&#8217;interno della collana dei &#8220;Tesori d&#8217;arte nelle chiese del Bellunese&#8221;<\/p>\n<p>&nbsp;<\/p>\n<p>&nbsp;<\/p>\n<hr \/>\n<p>&nbsp;<\/p>\n<blockquote>\n<h3>EL CANAL DE AGORT<\/h3>\n<\/blockquote>\n<p><strong>AGORDO<\/strong> Presso il museo in via 5 maggio ad Agordo si pu\u00f2 visitare la mostra &#8220;El Canal De Agort&#8221; storia ed archeologia da San Gottardo alla Conca Agordina. La mostra \u00e8 visitabile dal gioved\u00ec alla domenica dalle 9:30 alle 12:30 e dalle16 alle 19 fino al 4 settembre.<\/p>\n<p>&nbsp;<\/p>\n<p>&nbsp;<\/p>\n<hr \/>\n<p>&nbsp;<\/p>\n<blockquote><p>&nbsp;<\/p>\n<blockquote>\n<h3>LA VERNICE DELLA MOSTRA DI ALBINO MEZZACASA<\/h3>\n<\/blockquote>\n<blockquote>\n<h3><strong style=\"font-size: 14px;\">CENCENIGHE<\/strong><span style=\"font-size: 14px; font-weight: normal;\"> Sar\u00e0 visitabile dal 23 luglio e fino al 14 agosto la mostra di scultura di Albino Mezzacasa presso il Nof Fil\u00f2 di Cencenighe. Gli orari delle visite: nei giorni feriali dalle 17:30 alle 21, sabato e domenica dalle 10 alle 12 e dalle 17:30 alle 21.<\/span><\/h3>\n<\/blockquote>\n<\/blockquote>\n<p><strong>CENCENIGHE<\/strong><br \/>\n<strong>DI GIANNI SANTOMASO<\/strong><\/p>\n<audio class=\"wp-audio-shortcode\" id=\"audio-288336-9\" preload=\"none\" style=\"width: 100%;\" controls=\"controls\"><source type=\"audio\/mpeg\" src=\"https:\/\/www.radiopiu.net\/wordpress\/wp-content\/uploads\/2022\/07\/ALBINO-MEZZACASA.mp3?_=9\" \/><a href=\"https:\/\/www.radiopiu.net\/wordpress\/wp-content\/uploads\/2022\/07\/ALBINO-MEZZACASA.mp3\">https:\/\/www.radiopiu.net\/wordpress\/wp-content\/uploads\/2022\/07\/ALBINO-MEZZACASA.mp3<\/a><\/audio>\n<p>&nbsp;<\/p>\n<hr \/>\n<p>&nbsp;<\/p>\n<blockquote>\n<h3>IL SUONO MAGICO DEL LEGNO<\/h3>\n<\/blockquote>\n<p><strong>ROCCA PIETORE<\/strong> Ha preso il via\u00a0 la rassegna musicale &#8220;Il Suono Magico del Legno&#8221;, un percorso di diversi concerti tra le frazioni del\u00a0 Comune. Il primo\u00a0 &#8220;Echi di Cori&#8221;, ha visto come protagonisti il Coro del Luned\u00ec di Roma,\u00a0 si \u00e8 svolto a Malga Gran Pian, nei pressi di Malga Ciapela. Momenti magici in un ambiente particolare: i suoni della natura, i colori, la maestosit\u00e0 della Marmolada, i brani del coro.\u00a0 L&#8217;insieme ha regalato forti emozioni. Nel pomeriggio il Coro si \u00e8 esibito in un concerto intinerante tra gli scorci del Borgo di Sottoguda, ammirando angoli particolari e ben curati tra storici fienili che rendono unico il Borgo. Prossimo appuntamento \u00e8 a Caracoi Cimai domani alle 16, il Complesso degli Archi del Friuli e del Veneto presenter\u00e0\u00a0 &#8220;Divine Armonie&#8221;. Altro momento sublime considerato il panorama. Il concerto sar\u00e0 sempre all&#8217;aperto con servizio navetta da Santa Maria delle Grazie. In caso di maltempo il complesso sar\u00e0 ospitato\u00a0 nella Chiesa di Santa Maria delle Grazie.<\/p>\n<p><strong>UN&#8217;INIZIATIVA ASSOCIAZIONE BORGO SOTTOGUDA, PAGINA FACEBOOK<\/strong> <span style=\"color: #0000ff;\"><strong><a style=\"color: #0000ff;\" href=\"https:\/\/www.facebook.com\/comitatoborgostaguda\">CLICCAQUI<\/a><\/strong><\/span><\/p>\n<p>&nbsp;<\/p>\n\n\t\t\t<style type='text\/css'>\n\t\t\t\t#gallery-4 {\n\t\t\t\t\tmargin: auto;\n\t\t\t\t}\n\t\t\t\t#gallery-4 .gallery-item {\n\t\t\t\t\tfloat: left;\n\t\t\t\t\tmargin-top: 10px;\n\t\t\t\t\ttext-align: center;\n\t\t\t\t\twidth: 25%;\n\t\t\t\t}\n\t\t\t\t#gallery-4 img {\n\t\t\t\t\tborder: 2px solid #cfcfcf;\n\t\t\t\t}\n\t\t\t\t#gallery-4 .gallery-caption {\n\t\t\t\t\tmargin-left: 0;\n\t\t\t\t}\n\t\t\t\t\/* see gallery_shortcode() in wp-includes\/media.php *\/\n\t\t\t<\/style>\n\t\t<div id='gallery-4' class='dt-gallery-container gallery galleryid-288336 gallery-columns-4 gallery-size-thumbnail'><dl class='gallery-item'>\n\t\t\t\t<dt class='gallery-icon portrait'>\n\t\t\t\t\t<a class=\"rollover rollover-zoom dt-pswp-item\" title=\"e179bcba-26dd-4d9d-a0a6-18280b597564\" data-dt-img-description=\"\" data-large_image_width=\"1500\" data-large_image_height=\"2000\"href='https:\/\/www.radiopiu.net\/wordpress\/wp-content\/uploads\/2022\/07\/e179bcba-26dd-4d9d-a0a6-18280b597564.jpg'><img loading=\"lazy\" decoding=\"async\" width=\"150\" height=\"150\" src=\"https:\/\/www.radiopiu.net\/wordpress\/wp-content\/uploads\/2022\/07\/e179bcba-26dd-4d9d-a0a6-18280b597564-150x150.jpg\" class=\"attachment-thumbnail size-thumbnail\" alt=\"\" \/><\/a>\n\t\t\t\t<\/dt><\/dl><dl class='gallery-item'>\n\t\t\t\t<dt class='gallery-icon portrait'>\n\t\t\t\t\t<a class=\"rollover rollover-zoom dt-pswp-item\" title=\"fcbfe375-24b0-4700-9082-d938ebb34136\" data-dt-img-description=\"\" data-large_image_width=\"1200\" data-large_image_height=\"1600\"href='https:\/\/www.radiopiu.net\/wordpress\/wp-content\/uploads\/2022\/07\/fcbfe375-24b0-4700-9082-d938ebb34136.jpg'><img loading=\"lazy\" decoding=\"async\" width=\"150\" height=\"150\" src=\"https:\/\/www.radiopiu.net\/wordpress\/wp-content\/uploads\/2022\/07\/fcbfe375-24b0-4700-9082-d938ebb34136-150x150.jpg\" class=\"attachment-thumbnail size-thumbnail\" alt=\"\" \/><\/a>\n\t\t\t\t<\/dt><\/dl><dl class='gallery-item'>\n\t\t\t\t<dt class='gallery-icon landscape'>\n\t\t\t\t\t<a class=\"rollover rollover-zoom dt-pswp-item\" title=\"8ad3e95a-22ff-4d7b-82b7-07545e449804\" data-dt-img-description=\"\" data-large_image_width=\"1600\" data-large_image_height=\"1200\"href='https:\/\/www.radiopiu.net\/wordpress\/wp-content\/uploads\/2022\/07\/8ad3e95a-22ff-4d7b-82b7-07545e449804.jpg'><img loading=\"lazy\" decoding=\"async\" width=\"150\" height=\"150\" src=\"https:\/\/www.radiopiu.net\/wordpress\/wp-content\/uploads\/2022\/07\/8ad3e95a-22ff-4d7b-82b7-07545e449804-150x150.jpg\" class=\"attachment-thumbnail size-thumbnail\" alt=\"\" \/><\/a>\n\t\t\t\t<\/dt><\/dl><dl class='gallery-item'>\n\t\t\t\t<dt class='gallery-icon landscape'>\n\t\t\t\t\t<a class=\"rollover rollover-zoom dt-pswp-item\" title=\"780fdf05-3beb-4037-9e90-d0fb8e94e9be\" data-dt-img-description=\"\" data-large_image_width=\"2000\" data-large_image_height=\"1500\"href='https:\/\/www.radiopiu.net\/wordpress\/wp-content\/uploads\/2022\/07\/780fdf05-3beb-4037-9e90-d0fb8e94e9be.jpg'><img loading=\"lazy\" decoding=\"async\" width=\"150\" height=\"150\" src=\"https:\/\/www.radiopiu.net\/wordpress\/wp-content\/uploads\/2022\/07\/780fdf05-3beb-4037-9e90-d0fb8e94e9be-150x150.jpg\" class=\"attachment-thumbnail size-thumbnail\" alt=\"\" \/><\/a>\n\t\t\t\t<\/dt><\/dl><br style=\"clear: both\" \/>\n\t\t\t<\/div>\n\n<p>&nbsp;<\/p>\n<blockquote class=\"wp-embedded-content\" data-secret=\"BKQVv163Kz\"><p><a href=\"https:\/\/www.radiopiu.net\/wordpress\/marmolada-la-bellunese-aperta-per-ferie-il-benvenuto-del-territorio\/\">MARMOLADA LA BELLUNESE: APERTA PER FERIE. IL BENVENUTO DEL TERRITORIO<\/a><\/p><\/blockquote>\n<p><iframe loading=\"lazy\" class=\"wp-embedded-content\" sandbox=\"allow-scripts\" security=\"restricted\" style=\"position: absolute; clip: rect(1px, 1px, 1px, 1px);\" title=\"&#8220;MARMOLADA LA BELLUNESE: APERTA PER FERIE. IL BENVENUTO DEL TERRITORIO&#8221; &#8212; Radio Pi\u00f9\" src=\"https:\/\/www.radiopiu.net\/wordpress\/marmolada-la-bellunese-aperta-per-ferie-il-benvenuto-del-territorio\/embed\/#?secret=uydxxns2RR#?secret=BKQVv163Kz\" data-secret=\"BKQVv163Kz\" width=\"600\" height=\"338\" frameborder=\"0\" marginwidth=\"0\" marginheight=\"0\" scrolling=\"no\"><\/iframe><\/p>\n<p>&nbsp;<\/p>\n<hr \/>\n<p>&nbsp;<\/p>\n<blockquote>\n<h3>SERENATA PER UN SATELLITE A SOFFRANCO<\/h3>\n<\/blockquote>\n<p><strong>LONGARONE<\/strong> Oggi alle 21:30 appuntamento tra musica e astronomia organizzato in collaborazione con il Comune di Longarone e l\u2019Associazione Musicadesso, composto da Corinna Canzian, Elia Mariani, Paolo Fumagalli e Giorgio Casati si esibir\u00e0 nel <u>Quartetto n. 9 di G. F. Haas<\/u> scritto per essere eseguito e ascoltato nella completa oscurit\u00e0.\u00a0 <a class=\"moz-txt-link-abbreviated moz-txt-link-freetext\" title=\"mailto:info@gliechidellanatura.academy\" href=\"mailto:info@gliechidellanatura.academy\">info@gliechidellanatura.academy<\/a><\/p>\n<p>&nbsp;<\/p>\n<p>&nbsp;<\/p>\n<hr \/>\n<p>&nbsp;<\/p>\n<blockquote>\n<h3>ESTATE A SAN PIETRO, RITORNANO LE VISITE GUIDATE<\/h3>\n<\/blockquote>\n<p><strong>BELLUNO <\/strong>A partire da domenica prossima e per tutti i pomeriggi domenicali fino al 4 settembre la chiesa di San Pietro, con i suoi chiostri e le sue cappelle, sar\u00e0 aperta ai visitatori dalle 15.30 alle 18.00.\u00a0 Il ricavato delle offerte sar\u00e0 destinato al restauro dell\u2019ottocentesca Via Crucis esposta in chiesa.<\/p>\n\n\t\t\t<style type='text\/css'>\n\t\t\t\t#gallery-5 {\n\t\t\t\t\tmargin: auto;\n\t\t\t\t}\n\t\t\t\t#gallery-5 .gallery-item {\n\t\t\t\t\tfloat: left;\n\t\t\t\t\tmargin-top: 10px;\n\t\t\t\t\ttext-align: center;\n\t\t\t\t\twidth: 50%;\n\t\t\t\t}\n\t\t\t\t#gallery-5 img {\n\t\t\t\t\tborder: 2px solid #cfcfcf;\n\t\t\t\t}\n\t\t\t\t#gallery-5 .gallery-caption {\n\t\t\t\t\tmargin-left: 0;\n\t\t\t\t}\n\t\t\t\t\/* see gallery_shortcode() in wp-includes\/media.php *\/\n\t\t\t<\/style>\n\t\t<div id='gallery-5' class='dt-gallery-container gallery galleryid-288336 gallery-columns-2 gallery-size-thumbnail'><dl class='gallery-item'>\n\t\t\t\t<dt class='gallery-icon portrait'>\n\t\t\t\t\t<a class=\"rollover rollover-zoom dt-pswp-item\" title=\"1\" data-dt-img-description=\"\" data-large_image_width=\"1415\" data-large_image_height=\"2000\"href='https:\/\/www.radiopiu.net\/wordpress\/wp-content\/uploads\/2022\/07\/1-1.png'><img loading=\"lazy\" decoding=\"async\" width=\"150\" height=\"150\" src=\"https:\/\/www.radiopiu.net\/wordpress\/wp-content\/uploads\/2022\/07\/1-1-150x150.png\" class=\"attachment-thumbnail size-thumbnail\" alt=\"\" \/><\/a>\n\t\t\t\t<\/dt><\/dl><dl class='gallery-item'>\n\t\t\t\t<dt class='gallery-icon portrait'>\n\t\t\t\t\t<a class=\"rollover rollover-zoom dt-pswp-item\" title=\"2\" data-dt-img-description=\"\" data-large_image_width=\"1415\" data-large_image_height=\"2000\"href='https:\/\/www.radiopiu.net\/wordpress\/wp-content\/uploads\/2022\/07\/2.png'><img loading=\"lazy\" decoding=\"async\" width=\"150\" height=\"150\" src=\"https:\/\/www.radiopiu.net\/wordpress\/wp-content\/uploads\/2022\/07\/2-150x150.png\" class=\"attachment-thumbnail size-thumbnail\" alt=\"\" \/><\/a>\n\t\t\t\t<\/dt><\/dl><br style=\"clear: both\" \/>\n\t\t\t<\/div>\n\n<p>&nbsp;<\/p>\n<p>&nbsp;<\/p>\n<hr \/>\n<p>&nbsp;<\/p>\n<blockquote>\n<h3>RITORNO A COSTALTA<\/h3>\n<\/blockquote>\n<p><strong>SAN PIETRO DI CADORE<\/strong> Domani alle ore 18:00 presso Ceda Sai a Costalta verr\u00e0 inaugurata la mostra di scultura degli artisti Italo De Gol e Corrado Clerici. L\u2019evento propone una mostra espositiva di scultori che hanno contribuito negli anni 2013\u00a0 e 2014 con le loro opere a rendere Costalta un museo a cielo aperto.\u00a0 Scopo dell\u2019iniziativa \u00e8 mantenere un legame nel tempo tra gli artisti ed il paese. La mostra sar\u00e0 visitabile tutti i giorni fino al 12 agosto dalle ore 15:30 alle 19:00.<\/p>\n<p>&nbsp;<\/p>\n<p>&nbsp;<\/p>\n<hr \/>\n<p>&nbsp;<\/p>\n<blockquote>\n<h3>LA MOSTRA DI FRANCO GATTI A VAL DI ZOLDO<\/h3>\n<\/blockquote>\n<p><strong>VAL DI ZOLDO<\/strong> \u201cDisegni e Teatrini dell\u2019Assurdo\u201d e\u0300 il titolo della mostra di opere dell\u2019artista bellunese Franco Gatti, che si terra\u0300 nell\u2019ex Sala Consiliare del Municipio di Forno di Val di Zoldo dal 22 luglio al 15 agosto. L\u2019inaugurazione della mostra, che si avvale della collaborazione e del patrocinio del Comune di Val di Zoldo, avra\u0300 luogo oggi alle ore 18.00 con un intervento della professoressa Benedetta Salerno di Belluno. Le visite, a ingresso libero, avranno il seguente orario: da lunedi\u0300 a giovedi\u0300, ore 10.00 \u2013 12.00; venerdi\u0300, sabato, domenica e giorno di ferragosto, ore 16 \u2013 19,30.<\/p>\n<p>&nbsp;<\/p>\n<p>&nbsp;<\/p>\n<hr \/>\n<p>&nbsp;<\/p>\n<blockquote>\n<h3>IL CONCERTO POETICHELETTRONICO A LAMON<\/h3>\n<\/blockquote>\n<p><strong>LAMON<\/strong> Il <em>Concerto Poetichelettronico<\/em> di e con Gianni Carlin, che si terr\u00e0 SABATO 30 LUGLIO con inizio alle ore 20.45, nel Parco Teatro all&#8217;aperto di Sampoi di Limana. L&#8217;ingresso \u00e8 libero. In caso di maltempo l&#8217;evento si terr\u00e0 il sabato successivo, ovvero il 6 agosto.<\/p>\n<p>&nbsp;<\/p>\n<hr \/>\n<p>&nbsp;<\/p>\n<p>&nbsp;<\/p>\n<blockquote>\n<h3>DOMANI A POLPET PEDONATA E TRADIZIONE<\/h3>\n<\/blockquote>\n<p><strong>PONTE NELLE ALPI<\/strong>\u00a0 Supersantandrea 2022: la pedonata, aperta a tutti, \u00e8 in calendario\u00a0 per domani\u00a0 dalla piazza di Polpet alla chiesetta di Sant\u2019Andrea, il tracciato si svilupper\u00e0 per 2 chilometri, con dislivello di 340 metri.<span class=\"gmail-Apple-converted-space\"> \u00a0<\/span>Le iscrizioni apriranno direttamente sabato, dalle 17 alle 18, in piazza, partenza mezz&#8217;ora dopo.\u00a0 Alle 9 del mattino tradizionale messa con la benedizione del paese\u00a0 nella ricorrenza di Santa Cristina, alle \u00a010 l\u2019architetto Maurizio Pison illustrer\u00e0 la storia, le misure e le proporzioni della chiesetta. Infine, nel pomeriggio (17.30)raduno di auto sportive, arricchito dalla musica live sulle note di Paolo Aki Achillea.<\/p>\n<p><span class=\"gmail-Apple-converted-space\">\u00a0<\/span><\/p>\n<hr \/>\n<p>&nbsp;<\/p>\n<blockquote>\n<h3>DOMENICA IL MERCATINO CONVIVIALE A BELLUNO<\/h3>\n<\/blockquote>\n<p><strong>BELLUNO<\/strong> L&#8217;A.P.S. Valbelluna In Fermento organizza per domenica, negli spazi dell\u2019ex caserma Piave, un mercatino conviviale. Uno spazio aperto dove incontrare e conoscere realt\u00e0 del territorio, dall\u2019enogastronomia all\u2019arte, dalla musica all&#8217;artigianato. Ci saranno produttori agricoli, di vino, di fermentati e artigiani della zona. Presenzier\u00e0 anche il food truck. Non mancheranno ovviamente musica e spettacoli di vario genere. Il tutto dalle 10 alle 22, con ingresso libero.<\/p>\n<p>&nbsp;<\/p>\n<p>&nbsp;<\/p>\n<hr \/>\n<p>&nbsp;<\/p>\n<h1><span style=\"color: #ff0000;\">IERI ALLA RADIO<\/span><\/h1>\n<h2><strong><a class=\"dt-pswp-item\" href=\"https:\/\/www.radiopiu.net\/wordpress\/wp-content\/uploads\/2022\/07\/LA-MIA-TERRA-2021.jpg\" data-dt-img-description=\"\" data-large_image_width=\"2048\" data-large_image_height=\"1365\"><img loading=\"lazy\" decoding=\"async\" class=\"size-thumbnail wp-image-288414 alignleft\" src=\"https:\/\/www.radiopiu.net\/wordpress\/wp-content\/uploads\/2022\/07\/LA-MIA-TERRA-2021-150x150.jpg\" alt=\"\" width=\"150\" height=\"150\" \/><\/a><span style=\"color: #0000ff;\">PER IL QUARTO ANNO IL CONCERTO NEL BOSCO DEGLI ARTISTI CON UN PENSIERO ALLE VITTIME DELLA MARMOLADA<\/span><\/strong><\/h2>\n<p><strong>di Mirko Mezzacasa<\/strong><\/p>\n<p>OSPITE: Renzo Minella, responsabile Ski Area Falcade San Pellegrino<\/p>\n<audio class=\"wp-audio-shortcode\" id=\"audio-288336-10\" preload=\"none\" style=\"width: 100%;\" controls=\"controls\"><source type=\"audio\/mpeg\" src=\"https:\/\/www.radiopiu.net\/wordpress\/wp-content\/uploads\/2022\/07\/renzo-minella-30-luglio.mp3?_=10\" \/><a href=\"https:\/\/www.radiopiu.net\/wordpress\/wp-content\/uploads\/2022\/07\/renzo-minella-30-luglio.mp3\">https:\/\/www.radiopiu.net\/wordpress\/wp-content\/uploads\/2022\/07\/renzo-minella-30-luglio.mp3<\/a><\/audio>\n<p>&nbsp;<\/p>\n<hr \/>\n<p>&nbsp;<\/p>\n<p>&nbsp;<\/p>\n<h2><span style=\"color: #808000;\">L&#8217;ALMANACCO LADINO\u00a0<\/span><\/h2>\n<p><strong>PUNTATA DEL 18 LUGLIO 2022<\/strong><\/p>\n<audio class=\"wp-audio-shortcode\" id=\"audio-288336-11\" preload=\"none\" style=\"width: 100%;\" controls=\"controls\"><source type=\"audio\/mpeg\" src=\"https:\/\/www.radiopiu.net\/wordpress\/wp-content\/uploads\/2022\/07\/88\u00b0Almanach-Ladin_fodom.mp3?_=11\" \/><a href=\"https:\/\/www.radiopiu.net\/wordpress\/wp-content\/uploads\/2022\/07\/88\u00b0Almanach-Ladin_fodom.mp3\">https:\/\/www.radiopiu.net\/wordpress\/wp-content\/uploads\/2022\/07\/88\u00b0Almanach-Ladin_fodom.mp3<\/a><\/audio>\n<p>&nbsp;<\/p>\n<p><strong>LA RACCOLTA\u00a0<\/strong><\/p>\n<blockquote class=\"wp-embedded-content\" data-secret=\"gPGk8IiscP\"><p><a href=\"https:\/\/www.radiopiu.net\/wordpress\/almanacco-ladino\/\">Almanacco Ladino<\/a><\/p><\/blockquote>\n<p><iframe loading=\"lazy\" class=\"wp-embedded-content\" sandbox=\"allow-scripts\" security=\"restricted\" style=\"position: absolute; clip: rect(1px, 1px, 1px, 1px);\" title=\"&#8220;Almanacco Ladino&#8221; &#8212; Radio Pi\u00f9\" src=\"https:\/\/www.radiopiu.net\/wordpress\/almanacco-ladino\/embed\/#?secret=OASrPeveRd#?secret=gPGk8IiscP\" data-secret=\"gPGk8IiscP\" width=\"600\" height=\"338\" frameborder=\"0\" marginwidth=\"0\" marginheight=\"0\" scrolling=\"no\"><\/iframe><\/p>\n<p>&nbsp;<\/p>\n<p>&nbsp;<\/p>\n<hr \/>\n<p>&nbsp;<\/p>\n<h2><span style=\"color: #008080;\">&#8220;DINTORN E FORA VIA&#8221; A CURA DEL MUSLA, IL NUOVO PROGRAMMA\u00a0 \u00a0<\/span><\/h2>\n<p><strong><a class=\"dt-pswp-item\" href=\"https:\/\/www.radiopiu.net\/wordpress\/wp-content\/uploads\/2022\/07\/6f1a6003-1656-479c-aaa0-23ec141f2421.jpg\" data-dt-img-description=\"\" data-large_image_width=\"1024\" data-large_image_height=\"1024\"><img loading=\"lazy\" decoding=\"async\" class=\"size-thumbnail wp-image-287985 alignleft\" src=\"https:\/\/www.radiopiu.net\/wordpress\/wp-content\/uploads\/2022\/07\/6f1a6003-1656-479c-aaa0-23ec141f2421-150x150.jpg\" alt=\"\" width=\"150\" height=\"150\" srcset=\"https:\/\/www.radiopiu.net\/wordpress\/wp-content\/uploads\/2022\/07\/6f1a6003-1656-479c-aaa0-23ec141f2421-150x150.jpg 150w, https:\/\/www.radiopiu.net\/wordpress\/wp-content\/uploads\/2022\/07\/6f1a6003-1656-479c-aaa0-23ec141f2421-300x300.jpg 300w, https:\/\/www.radiopiu.net\/wordpress\/wp-content\/uploads\/2022\/07\/6f1a6003-1656-479c-aaa0-23ec141f2421-768x768.jpg 768w, https:\/\/www.radiopiu.net\/wordpress\/wp-content\/uploads\/2022\/07\/6f1a6003-1656-479c-aaa0-23ec141f2421.jpg 1024w\" sizes=\"auto, (max-width: 150px) 100vw, 150px\" \/><\/a><\/strong><\/p>\n<p><strong>PUNTATA DEL 19 LUGLIO 2022 &#8211;\u00a0 ELEONORA TROI<\/strong><\/p>\n<audio class=\"wp-audio-shortcode\" id=\"audio-288336-12\" preload=\"none\" style=\"width: 100%;\" controls=\"controls\"><source type=\"audio\/mpeg\" src=\"https:\/\/www.radiopiu.net\/wordpress\/wp-content\/uploads\/2022\/07\/MUSLA-2.mp3?_=12\" \/><a href=\"https:\/\/www.radiopiu.net\/wordpress\/wp-content\/uploads\/2022\/07\/MUSLA-2.mp3\">https:\/\/www.radiopiu.net\/wordpress\/wp-content\/uploads\/2022\/07\/MUSLA-2.mp3<\/a><\/audio>\n<p><strong>\u00a0<\/strong><strong>\u00a0<\/strong><\/p>\n<p><strong>LA RACCOLTA COMPLETA<\/strong><\/p>\n<blockquote class=\"wp-embedded-content\" data-secret=\"4fdUqftNk8\"><p><a href=\"https:\/\/www.radiopiu.net\/wordpress\/musla\/\">MUSLA<\/a><\/p><\/blockquote>\n<p><iframe loading=\"lazy\" class=\"wp-embedded-content\" sandbox=\"allow-scripts\" security=\"restricted\" style=\"position: absolute; clip: rect(1px, 1px, 1px, 1px);\" title=\"&#8220;MUSLA&#8221; &#8212; Radio Pi\u00f9\" src=\"https:\/\/www.radiopiu.net\/wordpress\/musla\/embed\/#?secret=g9wK1bx9pU#?secret=4fdUqftNk8\" data-secret=\"4fdUqftNk8\" width=\"600\" height=\"338\" frameborder=\"0\" marginwidth=\"0\" marginheight=\"0\" scrolling=\"no\"><\/iframe><\/p>\n<p>&nbsp;<\/p>\n<p>&nbsp;<\/p>\n<hr \/>\n<p>&nbsp;<\/p>\n<div>\n<div class=\"b654a4as d2edcug0\">\n<div class=\"rq0escxv hkbzh7o3 jwdofwj8 n8tt0mok r8blr3vg hyh9befq\">\n<p><a class=\"dt-pswp-item\" href=\"https:\/\/www.radiopiu.net\/wordpress\/wp-content\/uploads\/2020\/10\/pp.jpg\" data-dt-img-description=\"\" data-large_image_width=\"640\" data-large_image_height=\"640\"><img loading=\"lazy\" decoding=\"async\" class=\"wp-image-163678 alignleft\" src=\"https:\/\/www.radiopiu.net\/wordpress\/wp-content\/uploads\/2020\/10\/pp-300x300.jpg\" alt=\"\" width=\"106\" height=\"106\" srcset=\"https:\/\/www.radiopiu.net\/wordpress\/wp-content\/uploads\/2020\/10\/pp-300x300.jpg 300w, https:\/\/www.radiopiu.net\/wordpress\/wp-content\/uploads\/2020\/10\/pp-150x150.jpg 150w, https:\/\/www.radiopiu.net\/wordpress\/wp-content\/uploads\/2020\/10\/pp-125x125.jpg 125w, https:\/\/www.radiopiu.net\/wordpress\/wp-content\/uploads\/2020\/10\/pp-200x200.jpg 200w, https:\/\/www.radiopiu.net\/wordpress\/wp-content\/uploads\/2020\/10\/pp-80x80.jpg 80w, https:\/\/www.radiopiu.net\/wordpress\/wp-content\/uploads\/2020\/10\/pp-480x480.jpg 480w, https:\/\/www.radiopiu.net\/wordpress\/wp-content\/uploads\/2020\/10\/pp.jpg 640w\" sizes=\"auto, (max-width: 106px) 100vw, 106px\" \/><\/a><\/p>\n<\/div>\n<\/div>\n<\/div>\n<div>\n<div class=\"page-title-head hgroup\">\n<div class=\"page-title-head hgroup\">\n<div class=\"b654a4as d2edcug0\">\n<div class=\"j83agx80 btwxx1t3 lhclo0ds hop8lmos nkwizq5d scwd0bx6 roh60bw9\">\n<div class=\"rq0escxv hkbzh7o3 jwdofwj8 n8tt0mok r8blr3vg hyh9befq\">\n<div class=\"do00u71z l9j0dhe7 k4urcfbm\">\n<h2><span style=\"color: #000080;\">DON CESARE, IL PENSIERO DEL GIORNO. ALLA RADIO ALLE 7 DEL MATTINO E ALLE 19.30 DELLA SERA.\u00a0<\/span><\/h2>\n<audio class=\"wp-audio-shortcode\" id=\"audio-288336-13\" preload=\"none\" style=\"width: 100%;\" controls=\"controls\"><source type=\"audio\/mpeg\" src=\"https:\/\/www.radiopiu.net\/wordpress\/wp-content\/uploads\/2022\/07\/CESARE-12.mp3?_=13\" \/><a href=\"https:\/\/www.radiopiu.net\/wordpress\/wp-content\/uploads\/2022\/07\/CESARE-12.mp3\">https:\/\/www.radiopiu.net\/wordpress\/wp-content\/uploads\/2022\/07\/CESARE-12.mp3<\/a><\/audio>\n<p>&nbsp;<\/p>\n<p>&nbsp;<\/p>\n<p>&nbsp;<\/p>\n<\/div>\n<\/div>\n<\/div>\n<\/div>\n<\/div>\n<\/div>\n<\/div>\n<hr \/>\n<p>&nbsp;<\/p>\n<div class=\"do00u71z l9j0dhe7 k4urcfbm\">\n<div class=\"page-title-head hgroup\">\n<div class=\"page-title-head hgroup\">\n<div class=\"b654a4as d2edcug0\">\n<div class=\"j83agx80 btwxx1t3 lhclo0ds hop8lmos nkwizq5d scwd0bx6 roh60bw9\">\n<div class=\"rq0escxv hkbzh7o3 jwdofwj8 n8tt0mok r8blr3vg hyh9befq\">\n<div class=\"do00u71z l9j0dhe7 k4urcfbm\">\n<div class=\"page-title-head hgroup\">\n<div class=\"page-title-head hgroup\">\n<div class=\"b654a4as d2edcug0\">\n<div class=\"j83agx80 btwxx1t3 lhclo0ds hop8lmos nkwizq5d scwd0bx6 roh60bw9\">\n<div class=\"rq0escxv hkbzh7o3 jwdofwj8 n8tt0mok r8blr3vg hyh9befq\">\n<div class=\"do00u71z l9j0dhe7 k4urcfbm\">\n<div class=\"ecm0bbzt e5nlhep0 a8c37x1j\">\n<div class=\"kvgmc6g5 cxmmr5t8 oygrvhab hcukyx3x c1et5uql\">\n<div class=\"gmail-kvgmc6g5 gmail-cxmmr5t8 gmail-oygrvhab gmail-hcukyx3x gmail-c1et5uql gmail-ii04i59q\">\n<div class=\"page-title-head hgroup\">\n<div class=\"page-title-head hgroup\">\n<div class=\"b654a4as d2edcug0\">\n<div class=\"j83agx80 btwxx1t3 lhclo0ds hop8lmos nkwizq5d scwd0bx6 roh60bw9\">\n<div class=\"rq0escxv hkbzh7o3 jwdofwj8 n8tt0mok r8blr3vg hyh9befq\">\n<div class=\"do00u71z l9j0dhe7 k4urcfbm\">\n<div class=\"page-title-head hgroup\">\n<div class=\"page-title-head hgroup\">\n<div class=\"b654a4as d2edcug0\">\n<div class=\"j83agx80 btwxx1t3 lhclo0ds hop8lmos nkwizq5d scwd0bx6 roh60bw9\">\n<div class=\"rq0escxv hkbzh7o3 jwdofwj8 n8tt0mok r8blr3vg hyh9befq\">\n<div class=\"do00u71z l9j0dhe7 k4urcfbm\">\n<div class=\"page-title-head hgroup\">\n<div class=\"page-title-head hgroup\">\n<div class=\"b654a4as d2edcug0\">\n<div class=\"j83agx80 btwxx1t3 lhclo0ds hop8lmos nkwizq5d scwd0bx6 roh60bw9\">\n<div class=\"rq0escxv hkbzh7o3 jwdofwj8 n8tt0mok r8blr3vg hyh9befq\">\n<div class=\"do00u71z l9j0dhe7 k4urcfbm\">\n<div class=\"ecm0bbzt e5nlhep0 a8c37x1j\">\n<div class=\"kvgmc6g5 cxmmr5t8 oygrvhab hcukyx3x c1et5uql\">\n<div class=\"gmail-kvgmc6g5 gmail-cxmmr5t8 gmail-oygrvhab gmail-hcukyx3x gmail-c1et5uql gmail-ii04i59q\">\n<div class=\"page-title-head hgroup\">\n<div class=\"page-title-head hgroup\">\n<div class=\"b654a4as d2edcug0\">\n<div class=\"j83agx80 btwxx1t3 lhclo0ds hop8lmos nkwizq5d scwd0bx6 roh60bw9\">\n<div class=\"rq0escxv hkbzh7o3 jwdofwj8 n8tt0mok r8blr3vg hyh9befq\">\n<div class=\"do00u71z l9j0dhe7 k4urcfbm\">\n<blockquote>\n<h3><span style=\"color: #ff0000;\">IN VIVO VERSO,\u00a0 RIASCOLTIAMOLE DAL LUNEDI AL VENERDI ALLE 7.10, 10.10, 18 50<\/span><\/h3>\n<h3>MAURIZIO ZANON &#8220;RESPICE-FINEM&#8221;<\/h3>\n<\/blockquote>\n<p><strong>AUDIO<\/strong><\/p>\n<audio class=\"wp-audio-shortcode\" id=\"audio-288336-14\" preload=\"none\" style=\"width: 100%;\" controls=\"controls\"><source type=\"audio\/mpeg\" src=\"https:\/\/www.radiopiu.net\/wordpress\/wp-content\/uploads\/2022\/07\/04-MAURIZIO-ZANON-RESPICE-FINEM.mp3?_=14\" \/><a href=\"https:\/\/www.radiopiu.net\/wordpress\/wp-content\/uploads\/2022\/07\/04-MAURIZIO-ZANON-RESPICE-FINEM.mp3\">https:\/\/www.radiopiu.net\/wordpress\/wp-content\/uploads\/2022\/07\/04-MAURIZIO-ZANON-RESPICE-FINEM.mp3<\/a><\/audio>\n<p>&nbsp;<\/p>\n<p><img loading=\"lazy\" decoding=\"async\" class=\"\" src=\"https:\/\/www.radiopiu.net\/wordpress\/wp-content\/uploads\/2021\/11\/3-MAURIZIO-ZANON-FOTO.jpg\" width=\"86\" height=\"132\" \/><\/p>\n<p>&nbsp;<\/p>\n<p>&nbsp;<\/p>\n<p><strong>LA RACCOLTA COMPLETA<\/strong><\/p>\n<p>&nbsp;<\/p>\n<blockquote class=\"wp-embedded-content\" data-secret=\"hNNklVxnSf\"><p><a href=\"https:\/\/www.radiopiu.net\/wordpress\/in-vivo-verso\/\">In Vivo Verso<\/a><\/p><\/blockquote>\n<p><iframe loading=\"lazy\" class=\"wp-embedded-content\" sandbox=\"allow-scripts\" security=\"restricted\" style=\"position: absolute; clip: rect(1px, 1px, 1px, 1px);\" title=\"&#8220;In Vivo Verso&#8221; &#8212; Radio Pi\u00f9\" src=\"https:\/\/www.radiopiu.net\/wordpress\/in-vivo-verso\/embed\/#?secret=IkDhqxeAgu#?secret=hNNklVxnSf\" data-secret=\"hNNklVxnSf\" width=\"600\" height=\"338\" frameborder=\"0\" marginwidth=\"0\" marginheight=\"0\" scrolling=\"no\"><\/iframe><\/p>\n<p>&nbsp;<\/p>\n<p>&nbsp;<\/p>\n<hr \/>\n<p>&nbsp;<\/p>\n<p><span style=\"color: #0000ff;\">MUSICA PIU&#8217;\u00a0<\/span><\/p>\n<p><a href=\"https:\/\/www.radiopiu.net\/wordpress\/giornale-radiopiu-20-settembre-2021-direttore-mirko-mezzacasa\/pp-79\/\" rel=\"attachment wp-att-232921\"><img loading=\"lazy\" decoding=\"async\" class=\"wp-image-232921 alignleft\" src=\"https:\/\/www.radiopiu.net\/wordpress\/wp-content\/uploads\/2021\/09\/pp-1-300x300.jpg\" alt=\"\" width=\"135\" height=\"135\" srcset=\"https:\/\/www.radiopiu.net\/wordpress\/wp-content\/uploads\/2021\/09\/pp-1-300x300.jpg 300w, https:\/\/www.radiopiu.net\/wordpress\/wp-content\/uploads\/2021\/09\/pp-1-150x150.jpg 150w, https:\/\/www.radiopiu.net\/wordpress\/wp-content\/uploads\/2021\/09\/pp-1.jpg 640w\" sizes=\"auto, (max-width: 135px) 100vw, 135px\" \/><\/a><\/p>\n<div class=\"mkdf-post-text\">\n<div class=\"mkdf-post-text-inner\">\n<div class=\"mkdf-post-text-main\">\n<div class=\"mkdf-post-text\">\n<div class=\"mkdf-post-text-inner\">\n<div class=\"mkdf-post-text-main\">\n<div class=\"mkdf-post-text\">\n<div class=\"mkdf-post-text-inner\">\n<div class=\"mkdf-post-text-main\">\n<div class=\"page-title-head hgroup\">\n<div class=\"page-title-head hgroup\">\n<div class=\"mkdf-post-text\">\n<div class=\"mkdf-post-text-inner\">\n<div class=\"mkdf-post-text-main\">\n<div class=\"mkdf-post-text\">\n<div class=\"mkdf-post-text-inner\">\n<div class=\"mkdf-post-text-main\">\n<div class=\"page-title-head hgroup\">\n<div class=\"page-title-head hgroup\">\n<div class=\"page-title-head hgroup\">\n<div class=\"page-title-head hgroup\">\n<div class=\"b654a4as d2edcug0\">\n<div class=\"page-title-head hgroup\">\n<div class=\"page-title-head hgroup\">\n<div class=\"page-title-head hgroup\">\n<div class=\"page-title-head hgroup\">\n<div class=\"b654a4as d2edcug0\">\n<div class=\"page-title-head hgroup\">\n<div class=\"page-title-head hgroup\">\n<div class=\"page-title-head hgroup\">\n<div class=\"page-title-head hgroup\">\n<div class=\"b654a4as d2edcug0\">\n<div class=\"mkdf-post-text\">\n<div class=\"mkdf-post-text-inner\">\n<div class=\"mkdf-post-text-main\">\n<div class=\"mkdf-post-text\">\n<div class=\"mkdf-post-text-inner\">\n<div class=\"mkdf-post-text-main\">\n<div class=\"mkdf-post-text\">\n<div class=\"mkdf-post-text-inner\">\n<div class=\"mkdf-post-text-main\">\n<div class=\"page-title-head hgroup\">\n<div class=\"page-title-head hgroup\">\n<div class=\"mkdf-post-text\">\n<div class=\"mkdf-post-text-inner\">\n<div class=\"mkdf-post-text-main\">\n<div class=\"mkdf-post-text\">\n<div class=\"mkdf-post-text-inner\">\n<div class=\"mkdf-post-text-main\">\n<div class=\"page-title-head hgroup\">\n<div class=\"page-title-head hgroup\">\n<div class=\"page-title-head hgroup\">\n<div class=\"page-title-head hgroup\">\n<div class=\"b654a4as d2edcug0\">\n<div class=\"page-title-head hgroup\">\n<div class=\"page-title-head hgroup\">\n<div class=\"page-title-head hgroup\">\n<div class=\"page-title-head hgroup\">\n<div class=\"b654a4as d2edcug0\">\n<div class=\"page-title-head hgroup\">\n<div class=\"page-title-head hgroup\">\n<div class=\"page-title-head hgroup\">\n<div class=\"page-title-head hgroup\">\n<div class=\"b654a4as d2edcug0\">\n<div><\/div>\n<div><\/div>\n<div>\n<p><strong>MUSICA ALLA RADIO, IL PROGRAMMA DI LORIS SCUSSEL &#8220;COLLAGE OPERAZIONE NOSTALGIA&#8221; DAL LUNEDI AL VENERDI ALLE 16.00\u00a0 E ALLE 23\u00a0<\/strong><\/p>\n<\/div>\n<\/div>\n<p>&nbsp;<\/p>\n<p><strong>LE REPLICHE<\/strong><\/p>\n<p><strong>397<\/strong><\/p>\n<audio class=\"wp-audio-shortcode\" id=\"audio-288336-15\" preload=\"none\" style=\"width: 100%;\" controls=\"controls\"><source type=\"audio\/mpeg\" src=\"https:\/\/www.radiopiu.net\/wordpress\/wp-content\/uploads\/2022\/07\/Collage-397.mp3?_=15\" \/><a href=\"https:\/\/www.radiopiu.net\/wordpress\/wp-content\/uploads\/2022\/07\/Collage-397.mp3\">https:\/\/www.radiopiu.net\/wordpress\/wp-content\/uploads\/2022\/07\/Collage-397.mp3<\/a><\/audio>\n<p>&nbsp;<\/p>\n<p><strong>398<\/strong><\/p>\n<audio class=\"wp-audio-shortcode\" id=\"audio-288336-16\" preload=\"none\" style=\"width: 100%;\" controls=\"controls\"><source type=\"audio\/mpeg\" src=\"https:\/\/www.radiopiu.net\/wordpress\/wp-content\/uploads\/2022\/07\/Collage-398.mp3?_=16\" \/><a href=\"https:\/\/www.radiopiu.net\/wordpress\/wp-content\/uploads\/2022\/07\/Collage-398.mp3\">https:\/\/www.radiopiu.net\/wordpress\/wp-content\/uploads\/2022\/07\/Collage-398.mp3<\/a><\/audio>\n<p>&nbsp;<\/p>\n<p><strong><a class=\"dt-pswp-item\" href=\"https:\/\/www.radiopiu.net\/wordpress\/wp-content\/uploads\/2022\/07\/Patty-Pravo.jpg\" data-dt-img-description=\"\" data-large_image_width=\"282\" data-large_image_height=\"179\"><img loading=\"lazy\" decoding=\"async\" class=\"alignleft wp-image-287486 \" src=\"https:\/\/www.radiopiu.net\/wordpress\/wp-content\/uploads\/2022\/07\/Patty-Pravo.jpg\" alt=\"\" width=\"206\" height=\"131\" \/><\/a>di Loris Scussel<\/strong><\/p>\n<p>Sar\u00e0 una selezione di brani pi\u00f9 o meno famosi a caratterizzare la nuova settimana di Collage Operazione Nostalgia, partiremo da \u201cTu sei tu sei tu\u201d di Eric Charden poi i Deep Purple di \u201cHush\u201d, Salvatore Adamo con \u201cLa Notte\u201d, la bionda Sylvie Vartan di \u201cIrresistibilmente\u201d, i Los Bravos di \u201cBlack is black\u201d, la nostra Patty Pravo di \u201cSentimento\u201d e tanti altri in una carrellata di proposte tutte da ascoltare. Collage va in onda dal luned\u00ec al venerd\u00ec alle 16,00 e alle 23,00 naturalmente su Radio Pi\u00f9.<\/p>\n<div class=\"b654a4as d2edcug0\"><\/div>\n<\/div>\n<\/div>\n<\/div>\n<\/div>\n<\/div>\n<\/div>\n<\/div>\n<\/div>\n<\/div>\n<\/div>\n<\/div>\n<\/div>\n<\/div>\n<\/div>\n<\/div>\n<\/div>\n<\/div>\n<\/div>\n<\/div>\n<\/div>\n<\/div>\n<\/div>\n<\/div>\n<\/div>\n<\/div>\n<\/div>\n<\/div>\n<\/div>\n<\/div>\n<\/div>\n<\/div>\n<\/div>\n<\/div>\n<\/div>\n<\/div>\n<\/div>\n<\/div>\n<\/div>\n<\/div>\n<\/div>\n<\/div>\n<\/div>\n<\/div>\n<\/div>\n<\/div>\n<\/div>\n<\/div>\n<\/div>\n<\/div>\n<\/div>\n<\/div>\n<\/div>\n<\/div>\n<\/div>\n<\/div>\n<\/div>\n<\/div>\n<\/div>\n<\/div>\n<\/div>\n<\/div>\n<\/div>\n<\/div>\n<div>\n<div class=\"page-title-head hgroup\">\n<div class=\"page-title-head hgroup\">\n<div class=\"page-title-head hgroup\">\n<div class=\"page-title-head hgroup\">\n<div class=\"b654a4as d2edcug0\">\n<div class=\"page-title-head hgroup\">\n<div class=\"page-title-head hgroup\">\n<div class=\"page-title-head hgroup\">\n<div class=\"page-title-head hgroup\">\n<div class=\"b654a4as d2edcug0\">\n<div class=\"page-title-head hgroup\">\n<div class=\"page-title-head hgroup\">\n<div class=\"page-title-head hgroup\">\n<div class=\"page-title-head hgroup\">\n<div class=\"page-title-head hgroup\">\n<div class=\"page-title-head hgroup\">\n<div class=\"page-title-head hgroup\">\n<div class=\"page-title-head hgroup\">\n<div class=\"page-title-head hgroup\">\n<div class=\"b654a4as d2edcug0\">\n<div class=\"page-title-head hgroup\">\n<div class=\"page-title-head hgroup\">\n<div class=\"page-title-head hgroup\">\n<div class=\"page-title-head hgroup\">\n<div class=\"b654a4as d2edcug0\">\n<div class=\"page-title-head hgroup\">\n<div class=\"page-title-head hgroup\">\n<div class=\"page-title-head hgroup\">\n<div class=\"page-title-head hgroup\">\n<div class=\"page-title-head hgroup\">\n<div class=\"mkdf-post-text\">\n<div class=\"mkdf-post-text-inner\">\n<div class=\"mkdf-post-text-main\">\n<div class=\"mkdf-post-text\">\n<div class=\"mkdf-post-text-inner\">\n<div class=\"mkdf-post-text-main\">\n<div class=\"mkdf-post-text\">\n<div class=\"mkdf-post-text-inner\">\n<div class=\"mkdf-post-text-main\">\n<div class=\"page-title-head hgroup\">\n<div class=\"page-title-head hgroup\">\n<div class=\"mkdf-post-text\">\n<div class=\"mkdf-post-text-inner\">\n<div class=\"mkdf-post-text-main\">\n<div class=\"mkdf-post-text\">\n<div class=\"mkdf-post-text-inner\">\n<div class=\"mkdf-post-text-main\">\n<div class=\"page-title-head hgroup\">\n<div class=\"page-title-head hgroup\">\n<div class=\"page-title-head hgroup\">\n<div class=\"page-title-head hgroup\">\n<div class=\"b654a4as d2edcug0\">\n<div class=\"page-title-head hgroup\">\n<div class=\"page-title-head hgroup\">\n<div class=\"page-title-head hgroup\">\n<div class=\"page-title-head hgroup\">\n<div class=\"b654a4as d2edcug0\">\n<div class=\"page-title-head hgroup\">\n<div class=\"page-title-head hgroup\">\n<div class=\"page-title-head hgroup\">\n<div>\n<div class=\"page-title-head hgroup\">\n<div class=\"page-title-head hgroup\">\n<div class=\"b654a4as d2edcug0\">\n<div class=\"j83agx80 btwxx1t3 lhclo0ds hop8lmos nkwizq5d scwd0bx6 roh60bw9\">\n<div class=\"rq0escxv hkbzh7o3 jwdofwj8 n8tt0mok r8blr3vg hyh9befq\">\n<div class=\"do00u71z l9j0dhe7 k4urcfbm\">\n<div class=\"page-title-head hgroup\">\n<div class=\"page-title-head hgroup\">\n<div class=\"b654a4as d2edcug0\">\n<div class=\"j83agx80 btwxx1t3 lhclo0ds hop8lmos nkwizq5d scwd0bx6 roh60bw9\">\n<div class=\"rq0escxv hkbzh7o3 jwdofwj8 n8tt0mok r8blr3vg hyh9befq\">\n<div class=\"do00u71z l9j0dhe7 k4urcfbm\">\n<div class=\"ecm0bbzt e5nlhep0 a8c37x1j\">\n<div class=\"kvgmc6g5 cxmmr5t8 oygrvhab hcukyx3x c1et5uql\">\n<div class=\"gmail-kvgmc6g5 gmail-cxmmr5t8 gmail-oygrvhab gmail-hcukyx3x gmail-c1et5uql gmail-ii04i59q\">\n<div class=\"page-title-head hgroup\">\n<div class=\"page-title-head hgroup\">\n<div class=\"b654a4as d2edcug0\">\n<div class=\"j83agx80 btwxx1t3 lhclo0ds hop8lmos nkwizq5d scwd0bx6 roh60bw9\">\n<div class=\"rq0escxv hkbzh7o3 jwdofwj8 n8tt0mok r8blr3vg hyh9befq\">\n<div class=\"do00u71z l9j0dhe7 k4urcfbm\">\n<div class=\"page-title-head hgroup\">\n<div class=\"page-title-head hgroup\">\n<div class=\"b654a4as d2edcug0\">\n<div class=\"j83agx80 btwxx1t3 lhclo0ds hop8lmos nkwizq5d scwd0bx6 roh60bw9\">\n<div class=\"rq0escxv hkbzh7o3 jwdofwj8 n8tt0mok r8blr3vg hyh9befq\">\n<div class=\"do00u71z l9j0dhe7 k4urcfbm\">\n<div class=\"page-title-head hgroup\">\n<div class=\"page-title-head hgroup\">\n<div class=\"b654a4as d2edcug0\">\n<div class=\"j83agx80 btwxx1t3 lhclo0ds hop8lmos nkwizq5d scwd0bx6 roh60bw9\">\n<div class=\"rq0escxv hkbzh7o3 jwdofwj8 n8tt0mok r8blr3vg hyh9befq\">\n<div class=\"do00u71z l9j0dhe7 k4urcfbm\">\n<div class=\"ecm0bbzt e5nlhep0 a8c37x1j\">\n<div class=\"kvgmc6g5 cxmmr5t8 oygrvhab hcukyx3x c1et5uql\">\n<div class=\"gmail-kvgmc6g5 gmail-cxmmr5t8 gmail-oygrvhab gmail-hcukyx3x gmail-c1et5uql gmail-ii04i59q\">\n<div class=\"page-title-head hgroup\">\n<div class=\"page-title-head hgroup\">\n<div class=\"b654a4as d2edcug0\">\n<div class=\"j83agx80 btwxx1t3 lhclo0ds hop8lmos nkwizq5d scwd0bx6 roh60bw9\">\n<div class=\"rq0escxv hkbzh7o3 jwdofwj8 n8tt0mok r8blr3vg hyh9befq\">\n<div class=\"do00u71z l9j0dhe7 k4urcfbm\">\n<div class=\"page-title-head hgroup\">\n<div class=\"page-title-head hgroup\">\n<div class=\"page-title-head hgroup\">\n<div class=\"page-title-head hgroup\">\n<div class=\"b654a4as d2edcug0\">\n<div class=\"page-title-head hgroup\">\n<div class=\"page-title-head hgroup\">\n<div class=\"page-title-head hgroup\">\n<div class=\"page-title-head hgroup\">\n<div class=\"b654a4as d2edcug0\">\n<div class=\"page-title-head hgroup\">\n<div class=\"page-title-head hgroup\">\n<div class=\"page-title-head hgroup\">\n<div class=\"page-title-head hgroup\">\n<div class=\"page-title-head hgroup\">\n<div class=\"page-title-head hgroup\">\n<div class=\"page-title-head hgroup\">\n<div class=\"page-title-head hgroup\">\n<div class=\"page-title-head hgroup\">\n<div class=\"b654a4as d2edcug0\">\n<div class=\"page-title-head hgroup\">\n<div class=\"page-title-head hgroup\">\n<div class=\"page-title-head hgroup\">\n<div class=\"page-title-head hgroup\">\n<div class=\"b654a4as d2edcug0\">\n<div class=\"page-title-head hgroup\">\n<div class=\"page-title-head hgroup\">\n<div class=\"page-title-head hgroup\">\n<div class=\"page-title-head hgroup\">\n<div class=\"page-title-head hgroup\">\n<div class=\"mkdf-post-text\">\n<div class=\"mkdf-post-text-inner\">\n<div class=\"mkdf-post-text-main\">\n<div class=\"mkdf-post-text\">\n<div class=\"mkdf-post-text-inner\">\n<div class=\"mkdf-post-text-main\">\n<div class=\"mkdf-post-text\">\n<div class=\"mkdf-post-text-inner\">\n<div class=\"mkdf-post-text-main\">\n<div class=\"page-title-head hgroup\">\n<div class=\"page-title-head hgroup\">\n<div class=\"mkdf-post-text\">\n<div class=\"mkdf-post-text-inner\">\n<div class=\"mkdf-post-text-main\">\n<div class=\"mkdf-post-text\">\n<div class=\"mkdf-post-text-inner\">\n<div class=\"mkdf-post-text-main\">\n<div class=\"page-title-head hgroup\">\n<div class=\"page-title-head hgroup\">\n<div class=\"page-title-head hgroup\">\n<div class=\"page-title-head hgroup\">\n<div class=\"b654a4as d2edcug0\">\n<div class=\"page-title-head hgroup\">\n<div class=\"page-title-head hgroup\">\n<div class=\"page-title-head hgroup\">\n<div class=\"page-title-head hgroup\">\n<div class=\"b654a4as d2edcug0\">\n<div class=\"page-title-head hgroup\">\n<div class=\"page-title-head hgroup\">\n<div class=\"page-title-head hgroup\">\n<div class=\"page-title-head hgroup\">\n<div class=\"b654a4as d2edcug0\">\n<div class=\"ecm0bbzt e5nlhep0 a8c37x1j\">\n<div class=\"kvgmc6g5 cxmmr5t8 oygrvhab hcukyx3x c1et5uql\">\n<div class=\"gmail-kvgmc6g5 gmail-cxmmr5t8 gmail-oygrvhab gmail-hcukyx3x gmail-c1et5uql gmail-ii04i59q\">\n<div class=\"page-title-head hgroup\">\n<div class=\"page-title-head hgroup\">\n<div class=\"b654a4as d2edcug0\">\n<div class=\"j83agx80 btwxx1t3 lhclo0ds hop8lmos nkwizq5d scwd0bx6 roh60bw9\">\n<div class=\"rq0escxv hkbzh7o3 jwdofwj8 n8tt0mok r8blr3vg hyh9befq\">\n<div class=\"do00u71z l9j0dhe7 k4urcfbm\">\n<div class=\"page-title-head hgroup\">\n<div class=\"page-title-head hgroup\">\n<div class=\"page-title-head hgroup\">\n<div class=\"page-title-head hgroup\">\n<div class=\"b654a4as d2edcug0\">\n<div class=\"page-title-head hgroup\">\n<div class=\"page-title-head hgroup\">\n<div class=\"page-title-head hgroup\">\n<div class=\"page-title-head hgroup\">\n<div class=\"b654a4as d2edcug0\">\n<div class=\"page-title-head hgroup\">\n<div class=\"page-title-head hgroup\">\n<div class=\"page-title-head hgroup\">\n<div class=\"page-title-head hgroup\">\n<div class=\"page-title-head hgroup\">\n<div class=\"page-title-head hgroup\">\n<div class=\"page-title-head hgroup\">\n<div class=\"page-title-head hgroup\">\n<div class=\"page-title-head hgroup\">\n<div class=\"b654a4as d2edcug0\">\n<div class=\"page-title-head hgroup\">\n<div class=\"page-title-head hgroup\">\n<div class=\"page-title-head hgroup\">\n<div class=\"page-title-head hgroup\">\n<div class=\"b654a4as d2edcug0\">\n<div class=\"page-title-head hgroup\">\n<div class=\"page-title-head hgroup\">\n<div class=\"page-title-head hgroup\">\n<div class=\"page-title-head hgroup\">\n<div class=\"page-title-head hgroup\">\n<div class=\"mkdf-post-text\">\n<div class=\"mkdf-post-text-inner\">\n<div class=\"mkdf-post-text-main\">\n<div class=\"mkdf-post-text\">\n<div class=\"mkdf-post-text-inner\">\n<div class=\"mkdf-post-text-main\">\n<div class=\"mkdf-post-text\">\n<div class=\"mkdf-post-text-inner\">\n<div class=\"mkdf-post-text-main\">\n<div class=\"page-title-head hgroup\">\n<div class=\"page-title-head hgroup\">\n<div class=\"mkdf-post-text\">\n<div class=\"mkdf-post-text-inner\">\n<div class=\"mkdf-post-text-main\">\n<div class=\"mkdf-post-text\">\n<div class=\"mkdf-post-text-inner\">\n<div class=\"mkdf-post-text-main\">\n<div class=\"page-title-head hgroup\">\n<div class=\"page-title-head hgroup\">\n<div class=\"page-title-head hgroup\">\n<div class=\"page-title-head hgroup\">\n<div class=\"b654a4as d2edcug0\">\n<div class=\"page-title-head hgroup\">\n<div class=\"page-title-head hgroup\">\n<div class=\"page-title-head hgroup\">\n<div class=\"page-title-head hgroup\">\n<div class=\"b654a4as d2edcug0\">\n<div class=\"page-title-head hgroup\">\n<div class=\"page-title-head hgroup\">\n<div class=\"page-title-head hgroup\">\n<div class=\"page-title-head hgroup\">\n<div class=\"b654a4as d2edcug0\">\n<div class=\"mkdf-post-text\">\n<div class=\"mkdf-post-text-inner\">\n<div class=\"mkdf-post-text-main\">\n<div class=\"mkdf-post-text\">\n<div class=\"mkdf-post-text-inner\">\n<div class=\"mkdf-post-text-main\">\n<div class=\"mkdf-post-text\">\n<div class=\"mkdf-post-text-inner\">\n<div class=\"mkdf-post-text-main\">\n<div class=\"page-title-head hgroup\">\n<div class=\"page-title-head hgroup\">\n<div class=\"mkdf-post-text\">\n<div class=\"mkdf-post-text-inner\">\n<div class=\"mkdf-post-text-main\">\n<div class=\"mkdf-post-text\">\n<div class=\"mkdf-post-text-inner\">\n<div class=\"mkdf-post-text-main\">\n<div class=\"page-title-head hgroup\">\n<div class=\"page-title-head hgroup\">\n<div class=\"page-title-head hgroup\">\n<div class=\"page-title-head hgroup\">\n<div class=\"b654a4as d2edcug0\">\n<div class=\"page-title-head hgroup\">\n<div class=\"page-title-head hgroup\">\n<div class=\"page-title-head hgroup\">\n<div class=\"page-title-head hgroup\">\n<div class=\"b654a4as d2edcug0\">\n<div class=\"page-title-head hgroup\">\n<div class=\"page-title-head hgroup\">\n<div class=\"page-title-head hgroup\">\n<div class=\"page-title-head hgroup\">\n<div class=\"b654a4as d2edcug0\">\n<hr \/>\n<p>&nbsp;<\/p>\n<div>\n<div class=\"page-title-head hgroup\">\n<div class=\"page-title-head hgroup\">\n<div class=\"b654a4as d2edcug0\">\n<div class=\"j83agx80 btwxx1t3 lhclo0ds hop8lmos nkwizq5d scwd0bx6 roh60bw9\">\n<div class=\"rq0escxv hkbzh7o3 jwdofwj8 n8tt0mok r8blr3vg hyh9befq\">\n<div class=\"do00u71z l9j0dhe7 k4urcfbm\">\n<div class=\"page-title-head hgroup\">\n<div class=\"page-title-head hgroup\">\n<div class=\"b654a4as d2edcug0\">\n<div class=\"j83agx80 btwxx1t3 lhclo0ds hop8lmos nkwizq5d scwd0bx6 roh60bw9\">\n<div class=\"rq0escxv hkbzh7o3 jwdofwj8 n8tt0mok r8blr3vg hyh9befq\">\n<div class=\"do00u71z l9j0dhe7 k4urcfbm\">\n<div class=\"ecm0bbzt e5nlhep0 a8c37x1j\">\n<div class=\"kvgmc6g5 cxmmr5t8 oygrvhab hcukyx3x c1et5uql\">\n<div class=\"gmail-kvgmc6g5 gmail-cxmmr5t8 gmail-oygrvhab gmail-hcukyx3x gmail-c1et5uql gmail-ii04i59q\">\n<div class=\"page-title-head hgroup\">\n<div class=\"page-title-head hgroup\">\n<div class=\"b654a4as d2edcug0\">\n<div class=\"j83agx80 btwxx1t3 lhclo0ds hop8lmos nkwizq5d scwd0bx6 roh60bw9\">\n<div class=\"rq0escxv hkbzh7o3 jwdofwj8 n8tt0mok r8blr3vg hyh9befq\">\n<div class=\"do00u71z l9j0dhe7 k4urcfbm\">\n<div class=\"page-title-head hgroup\">\n<div class=\"page-title-head hgroup\">\n<div class=\"b654a4as d2edcug0\">\n<div class=\"j83agx80 btwxx1t3 lhclo0ds hop8lmos nkwizq5d scwd0bx6 roh60bw9\">\n<div class=\"rq0escxv hkbzh7o3 jwdofwj8 n8tt0mok r8blr3vg hyh9befq\">\n<div class=\"do00u71z l9j0dhe7 k4urcfbm\">\n<div class=\"page-title-head hgroup\">\n<div class=\"page-title-head hgroup\">\n<div class=\"b654a4as d2edcug0\">\n<div class=\"j83agx80 btwxx1t3 lhclo0ds hop8lmos nkwizq5d scwd0bx6 roh60bw9\">\n<div class=\"rq0escxv hkbzh7o3 jwdofwj8 n8tt0mok r8blr3vg hyh9befq\">\n<div class=\"do00u71z l9j0dhe7 k4urcfbm\">\n<div class=\"ecm0bbzt e5nlhep0 a8c37x1j\">\n<div class=\"kvgmc6g5 cxmmr5t8 oygrvhab hcukyx3x c1et5uql\">\n<div class=\"gmail-kvgmc6g5 gmail-cxmmr5t8 gmail-oygrvhab gmail-hcukyx3x gmail-c1et5uql gmail-ii04i59q\">\n<div class=\"page-title-head hgroup\">\n<div class=\"page-title-head hgroup\">\n<div class=\"b654a4as d2edcug0\">\n<div class=\"j83agx80 btwxx1t3 lhclo0ds hop8lmos nkwizq5d scwd0bx6 roh60bw9\">\n<div class=\"rq0escxv hkbzh7o3 jwdofwj8 n8tt0mok r8blr3vg hyh9befq\">\n<div class=\"do00u71z l9j0dhe7 k4urcfbm\">\n<div class=\"page-title-head hgroup\">\n<div class=\"page-title-head hgroup\">\n<div class=\"page-title-head hgroup\">\n<div class=\"page-title-head hgroup\">\n<div class=\"b654a4as d2edcug0\">\n<div class=\"page-title-head hgroup\">\n<div class=\"page-title-head hgroup\">\n<div class=\"page-title-head hgroup\">\n<div class=\"page-title-head hgroup\">\n<div class=\"b654a4as d2edcug0\">\n<div class=\"page-title-head hgroup\">\n<div class=\"page-title-head hgroup\">\n<div class=\"page-title-head hgroup\">\n<div class=\"page-title-head hgroup\">\n<div class=\"page-title-head hgroup\">\n<div class=\"page-title-head hgroup\">\n<div class=\"page-title-head hgroup\">\n<div class=\"page-title-head hgroup\">\n<div class=\"page-title-head hgroup\">\n<div class=\"b654a4as d2edcug0\">\n<div class=\"page-title-head hgroup\">\n<div class=\"page-title-head hgroup\">\n<div class=\"page-title-head hgroup\">\n<div class=\"page-title-head hgroup\">\n<div class=\"b654a4as d2edcug0\">\n<div class=\"page-title-head hgroup\">\n<div class=\"page-title-head hgroup\">\n<div class=\"page-title-head hgroup\">\n<div class=\"page-title-head hgroup\">\n<div class=\"page-title-head hgroup\">\n<div class=\"mkdf-post-text\">\n<div class=\"mkdf-post-text-inner\">\n<div class=\"mkdf-post-text-main\">\n<div class=\"mkdf-post-text\">\n<div class=\"mkdf-post-text-inner\">\n<div class=\"mkdf-post-text-main\">\n<div class=\"mkdf-post-text\">\n<div class=\"mkdf-post-text-inner\">\n<div class=\"mkdf-post-text-main\">\n<div class=\"page-title-head hgroup\">\n<div class=\"page-title-head hgroup\">\n<div class=\"mkdf-post-text\">\n<div class=\"mkdf-post-text-inner\">\n<div class=\"mkdf-post-text-main\">\n<div class=\"mkdf-post-text\">\n<div class=\"mkdf-post-text-inner\">\n<div class=\"mkdf-post-text-main\">\n<div class=\"page-title-head hgroup\">\n<div class=\"page-title-head hgroup\">\n<div class=\"page-title-head hgroup\">\n<div class=\"page-title-head hgroup\">\n<div class=\"b654a4as d2edcug0\">\n<div class=\"page-title-head hgroup\">\n<div class=\"page-title-head hgroup\">\n<div class=\"page-title-head hgroup\">\n<div class=\"page-title-head hgroup\">\n<div class=\"b654a4as d2edcug0\">\n<div class=\"page-title-head hgroup\">\n<div class=\"page-title-head hgroup\">\n<div class=\"page-title-head hgroup\">\n<div class=\"page-title-head hgroup\">\n<div class=\"b654a4as d2edcug0\">\n<div class=\"ecm0bbzt e5nlhep0 a8c37x1j\">\n<div class=\"kvgmc6g5 cxmmr5t8 oygrvhab hcukyx3x c1et5uql\">\n<div class=\"gmail-kvgmc6g5 gmail-cxmmr5t8 gmail-oygrvhab gmail-hcukyx3x gmail-c1et5uql gmail-ii04i59q\">\n<div class=\"page-title-head hgroup\">\n<div class=\"page-title-head hgroup\">\n<div class=\"b654a4as d2edcug0\">\n<div class=\"j83agx80 btwxx1t3 lhclo0ds hop8lmos nkwizq5d scwd0bx6 roh60bw9\">\n<div class=\"rq0escxv hkbzh7o3 jwdofwj8 n8tt0mok r8blr3vg hyh9befq\">\n<div class=\"do00u71z l9j0dhe7 k4urcfbm\">\n<div class=\"page-title-head hgroup\">\n<div class=\"page-title-head hgroup\">\n<div class=\"page-title-head hgroup\">\n<div class=\"page-title-head hgroup\">\n<div class=\"b654a4as d2edcug0\">\n<div class=\"page-title-head hgroup\">\n<div class=\"page-title-head hgroup\">\n<div class=\"page-title-head hgroup\">\n<div class=\"page-title-head hgroup\">\n<div class=\"b654a4as d2edcug0\">\n<div class=\"page-title-head hgroup\">\n<div class=\"page-title-head hgroup\">\n<div class=\"page-title-head hgroup\">\n<div class=\"page-title-head hgroup\">\n<div class=\"page-title-head hgroup\">\n<div class=\"page-title-head hgroup\">\n<div class=\"page-title-head hgroup\">\n<div class=\"page-title-head hgroup\">\n<div class=\"page-title-head hgroup\">\n<div class=\"b654a4as d2edcug0\">\n<div class=\"page-title-head hgroup\">\n<div class=\"page-title-head hgroup\">\n<div class=\"page-title-head hgroup\">\n<div class=\"page-title-head hgroup\">\n<div class=\"b654a4as d2edcug0\">\n<div class=\"page-title-head hgroup\">\n<div class=\"page-title-head hgroup\">\n<div class=\"page-title-head hgroup\">\n<div class=\"page-title-head hgroup\">\n<div class=\"page-title-head hgroup\">\n<div class=\"mkdf-post-text\">\n<div class=\"mkdf-post-text-inner\">\n<div class=\"mkdf-post-text-main\">\n<div class=\"mkdf-post-text\">\n<div class=\"mkdf-post-text-inner\">\n<div class=\"mkdf-post-text-main\">\n<div class=\"mkdf-post-text\">\n<div class=\"mkdf-post-text-inner\">\n<div class=\"mkdf-post-text-main\">\n<div class=\"page-title-head hgroup\">\n<div class=\"page-title-head hgroup\">\n<div class=\"mkdf-post-text\">\n<div class=\"mkdf-post-text-inner\">\n<div class=\"mkdf-post-text-main\">\n<div class=\"mkdf-post-text\">\n<div class=\"mkdf-post-text-inner\">\n<div class=\"mkdf-post-text-main\">\n<div class=\"page-title-head hgroup\">\n<div class=\"page-title-head hgroup\">\n<div class=\"page-title-head hgroup\">\n<div class=\"page-title-head hgroup\">\n<div class=\"b654a4as d2edcug0\">\n<div class=\"page-title-head hgroup\">\n<div class=\"page-title-head hgroup\">\n<div class=\"page-title-head hgroup\">\n<div class=\"page-title-head hgroup\">\n<div class=\"b654a4as d2edcug0\">\n<div class=\"page-title-head hgroup\">\n<div class=\"page-title-head hgroup\">\n<div class=\"page-title-head hgroup\">\n<div class=\"page-title-head hgroup\">\n<div class=\"b654a4as d2edcug0\">\n<div>\n<h2><span style=\"color: #99cc00;\"><strong>DUE MINUTI UN LIBRO, TUTTI I GIORNI ALLA RADIO ALLE 9.40 E ALLE 17.50\u00a0 <\/strong><\/span><\/h2>\n<p><strong>LA RACCOLTA COMPLETA\u00a0 \u00a0<\/strong><\/p>\n<div>\n<blockquote class=\"wp-embedded-content\" data-secret=\"0p9fX1d9oY\"><p><a href=\"https:\/\/www.radiopiu.net\/wordpress\/due-minuti-un-libro\/\">Due minuti un libro<\/a><\/p><\/blockquote>\n<p><iframe loading=\"lazy\" class=\"wp-embedded-content\" sandbox=\"allow-scripts\" security=\"restricted\" style=\"position: absolute; clip: rect(1px, 1px, 1px, 1px);\" title=\"&#8220;Due minuti un libro&#8221; &#8212; Radio Pi\u00f9\" src=\"https:\/\/www.radiopiu.net\/wordpress\/due-minuti-un-libro\/embed\/#?secret=azMyN5BxiQ#?secret=0p9fX1d9oY\" data-secret=\"0p9fX1d9oY\" width=\"600\" height=\"338\" frameborder=\"0\" marginwidth=\"0\" marginheight=\"0\" scrolling=\"no\"><\/iframe><\/p>\n<\/div>\n<\/div>\n<div class=\"mkdf-post-text\">\n<div class=\"mkdf-post-text-inner\">\n<div class=\"mkdf-post-text-main\">\n<div class=\"mkdf-post-text\">\n<div class=\"mkdf-post-text-inner\">\n<div class=\"mkdf-post-text-main\">\n<div class=\"mkdf-post-text\">\n<div class=\"mkdf-post-text-inner\">\n<div class=\"mkdf-post-text-main\">\n<div class=\"page-title-head hgroup\">\n<div class=\"page-title-head hgroup\">\n<div class=\"mkdf-post-text\">\n<div class=\"mkdf-post-text-inner\">\n<div class=\"mkdf-post-text-main\">\n<div class=\"mkdf-post-text\">\n<div class=\"mkdf-post-text-inner\">\n<div class=\"mkdf-post-text-main\">\n<div class=\"page-title-head hgroup\">\n<div class=\"page-title-head hgroup\">\n<div class=\"page-title-head hgroup\">\n<div class=\"page-title-head hgroup\">\n<div class=\"b654a4as d2edcug0\">\n<div><\/div>\n<p>&nbsp;<\/p>\n<hr \/>\n<p>&nbsp;<\/p>\n<h2><span style=\"color: #33cccc;\">LA RASSEGNA STAMPA DA L&#8217;AMICO DEL POPOLO<\/span><\/h2>\n<p><strong>LA RACCOLTA COMPLETA\u00a0<\/strong><\/p>\n<p>&nbsp;<\/p>\n<blockquote class=\"wp-embedded-content\" data-secret=\"R7IUZoDRqD\"><p><a href=\"https:\/\/www.radiopiu.net\/wordpress\/rassegna-stampa-di-gianni-santomaso\/\">Rassegna stampa da l&#8217;amico del popolo &#8211; di Gianni Santomaso<\/a><\/p><\/blockquote>\n<p><iframe loading=\"lazy\" class=\"wp-embedded-content\" sandbox=\"allow-scripts\" security=\"restricted\" style=\"position: absolute; clip: rect(1px, 1px, 1px, 1px);\" title=\"&#8220;Rassegna stampa da l&#8217;amico del popolo &#8211; di Gianni Santomaso&#8221; &#8212; Radio Pi\u00f9\" src=\"https:\/\/www.radiopiu.net\/wordpress\/rassegna-stampa-di-gianni-santomaso\/embed\/#?secret=ciaT39pqrg#?secret=R7IUZoDRqD\" data-secret=\"R7IUZoDRqD\" width=\"600\" height=\"338\" frameborder=\"0\" marginwidth=\"0\" marginheight=\"0\" scrolling=\"no\"><\/iframe><\/p>\n<p>&nbsp;<\/p>\n<hr \/>\n<p>&nbsp;<\/p>\n<blockquote>\n<h2 class=\"page-title-head hgroup\">\u00a0I RACCONTI DI PAOLO SOPPELSA<\/h2>\n<\/blockquote>\n<p>&nbsp;<\/p>\n<p><strong>LA RACCOLTA COMPLETA<\/strong><\/p>\n<blockquote class=\"wp-embedded-content\" data-secret=\"IZA65aO2AD\"><p><a href=\"https:\/\/www.radiopiu.net\/wordpress\/i-racconti-di-paolo-soppelsa\/\">I racconti di Paolo Soppelsa<\/a><\/p><\/blockquote>\n<p><iframe loading=\"lazy\" class=\"wp-embedded-content\" sandbox=\"allow-scripts\" security=\"restricted\" style=\"position: absolute; clip: rect(1px, 1px, 1px, 1px);\" title=\"&#8220;I racconti di Paolo Soppelsa&#8221; &#8212; Radio Pi\u00f9\" src=\"https:\/\/www.radiopiu.net\/wordpress\/i-racconti-di-paolo-soppelsa\/embed\/#?secret=atYRPFiEl4#?secret=IZA65aO2AD\" data-secret=\"IZA65aO2AD\" width=\"600\" height=\"338\" frameborder=\"0\" marginwidth=\"0\" marginheight=\"0\" scrolling=\"no\"><\/iframe><\/p>\n<p>&nbsp;<\/p>\n<hr \/>\n<p>&nbsp;<\/p>\n<\/div>\n<\/div>\n<\/div>\n<\/div>\n<\/div>\n<\/div>\n<\/div>\n<\/div>\n<\/div>\n<\/div>\n<\/div>\n<\/div>\n<\/div>\n<\/div>\n<\/div>\n<\/div>\n<\/div>\n<\/div>\n<\/div>\n<\/div>\n<\/div>\n<\/div>\n<\/div>\n<\/div>\n<\/div>\n<\/div>\n<\/div>\n<\/div>\n<\/div>\n<\/div>\n<\/div>\n<\/div>\n<\/div>\n<\/div>\n<\/div>\n<\/div>\n<\/div>\n<\/div>\n<\/div>\n<\/div>\n<\/div>\n<\/div>\n<\/div>\n<\/div>\n<\/div>\n<\/div>\n<\/div>\n<\/div>\n<\/div>\n<\/div>\n<\/div>\n<\/div>\n<\/div>\n<\/div>\n<\/div>\n<\/div>\n<\/div>\n<\/div>\n<\/div>\n<\/div>\n<\/div>\n<\/div>\n<\/div>\n<\/div>\n<\/div>\n<\/div>\n<\/div>\n<\/div>\n<\/div>\n<\/div>\n<\/div>\n<\/div>\n<\/div>\n<\/div>\n<\/div>\n<\/div>\n<\/div>\n<\/div>\n<\/div>\n<\/div>\n<\/div>\n<\/div>\n<\/div>\n<\/div>\n<\/div>\n<\/div>\n<\/div>\n<\/div>\n<\/div>\n<\/div>\n<\/div>\n<\/div>\n<\/div>\n<\/div>\n<\/div>\n<\/div>\n<\/div>\n<\/div>\n<\/div>\n<\/div>\n<\/div>\n<\/div>\n<\/div>\n<\/div>\n<\/div>\n<\/div>\n<\/div>\n<\/div>\n<\/div>\n<\/div>\n<\/div>\n<\/div>\n<\/div>\n<\/div>\n<\/div>\n<\/div>\n<\/div>\n<\/div>\n<\/div>\n<\/div>\n<\/div>\n<\/div>\n<\/div>\n<\/div>\n<\/div>\n<\/div>\n<\/div>\n<\/div>\n<\/div>\n<\/div>\n<\/div>\n<\/div>\n<\/div>\n<\/div>\n<\/div>\n<\/div>\n<\/div>\n<\/div>\n<\/div>\n<\/div>\n<\/div>\n<\/div>\n<\/div>\n<\/div>\n<\/div>\n<\/div>\n<\/div>\n<\/div>\n<\/div>\n<\/div>\n<\/div>\n<\/div>\n<\/div>\n<\/div>\n<\/div>\n<\/div>\n<\/div>\n<\/div>\n<\/div>\n<\/div>\n<\/div>\n<\/div>\n<\/div>\n<\/div>\n<\/div>\n<\/div>\n<\/div>\n<\/div>\n<\/div>\n<\/div>\n<\/div>\n<\/div>\n<\/div>\n<\/div>\n<\/div>\n<\/div>\n<\/div>\n<\/div>\n<\/div>\n<\/div>\n<\/div>\n<\/div>\n<\/div>\n<\/div>\n<\/div>\n<\/div>\n<\/div>\n<\/div>\n<\/div>\n<\/div>\n<\/div>\n<\/div>\n<\/div>\n<\/div>\n<\/div>\n<\/div>\n<\/div>\n<\/div>\n<\/div>\n<\/div>\n<\/div>\n<\/div>\n<\/div>\n<\/div>\n<\/div>\n<\/div>\n<\/div>\n<\/div>\n<\/div>\n<\/div>\n<\/div>\n<\/div>\n<\/div>\n<\/div>\n<\/div>\n<\/div>\n<\/div>\n<\/div>\n<\/div>\n<\/div>\n<\/div>\n<\/div>\n<\/div>\n<\/div>\n<\/div>\n<\/div>\n<\/div>\n<\/div>\n<\/div>\n<\/div>\n<\/div>\n<div class=\"b654a4as d2edcug0\">\n<div class=\"ecm0bbzt e5nlhep0 a8c37x1j\">\n<div class=\"kvgmc6g5 cxmmr5t8 oygrvhab hcukyx3x c1et5uql\">\n<div class=\"gmail-kvgmc6g5 gmail-cxmmr5t8 gmail-oygrvhab gmail-hcukyx3x gmail-c1et5uql gmail-ii04i59q\">\n<div>\n<div class=\"page-title-head hgroup\">\n<div class=\"page-title-head hgroup\">\n<div class=\"b654a4as d2edcug0\">\n<div class=\"j83agx80 btwxx1t3 lhclo0ds hop8lmos nkwizq5d scwd0bx6 roh60bw9\">\n<div class=\"rq0escxv hkbzh7o3 jwdofwj8 n8tt0mok r8blr3vg hyh9befq\">\n<div class=\"do00u71z l9j0dhe7 k4urcfbm\">\n<div>\n<div class=\"page-title-head hgroup\">\n<div class=\"page-title-head hgroup\">\n<div class=\"page-title-head hgroup\">\n<div class=\"page-title-head hgroup\">\n<div class=\"b654a4as d2edcug0\">\n<div class=\"page-title-head hgroup\">\n<div class=\"page-title-head hgroup\">\n<div class=\"page-title-head hgroup\">\n<div class=\"page-title-head hgroup\">\n<div class=\"b654a4as d2edcug0\">\n<div class=\"page-title-head hgroup\">\n<div class=\"page-title-head hgroup\">\n<div class=\"page-title-head hgroup\">\n<div class=\"page-title-head hgroup\">\n<div class=\"page-title-head hgroup\">\n<div class=\"mkdf-post-text\">\n<div class=\"mkdf-post-text-inner\">\n<div class=\"mkdf-post-text-main\">\n<div class=\"mkdf-post-text\">\n<div class=\"mkdf-post-text-inner\">\n<div class=\"mkdf-post-text-main\">\n<div class=\"mkdf-post-text\">\n<div class=\"mkdf-post-text-inner\">\n<div class=\"mkdf-post-text-main\">\n<div class=\"page-title-head hgroup\">\n<div class=\"page-title-head hgroup\">\n<div class=\"mkdf-post-text\">\n<div class=\"mkdf-post-text-inner\">\n<div class=\"mkdf-post-text-main\">\n<div class=\"mkdf-post-text\">\n<div class=\"mkdf-post-text-inner\">\n<div class=\"mkdf-post-text-main\">\n<div>\n<div class=\"page-title-head hgroup\">\n<div class=\"page-title-head hgroup\">\n<div>\n<div class=\"page-title-head hgroup\">\n<div class=\"page-title-head hgroup\">\n<div class=\"b654a4as d2edcug0\">\n<div>\n<div class=\"page-title-head hgroup\" style=\"text-align: left;\">\n<div class=\"page-title-head hgroup\">\n<div dir=\"auto\">\n<p><a class=\"dt-pswp-item pspw-wrap-ready\" href=\"https:\/\/i0.wp.com\/www.radiopiu.net\/wordpress\/wp-content\/uploads\/2018\/09\/WhatsApp-Image-2018-09-20-at-16.04.06.jpeg?ssl=1\" data-dt-img-description=\"\" data-large_image_width=\"800\" data-large_image_height=\"100\"><img loading=\"lazy\" decoding=\"async\" class=\"aligncenter wp-image-61378 size-full jetpack-lazy-image jetpack-lazy-image--handled\" src=\"https:\/\/i0.wp.com\/www.radiopiu.net\/wordpress\/wp-content\/uploads\/2018\/09\/WhatsApp-Image-2018-09-20-at-16.04.06.jpeg?resize=800%2C100&amp;ssl=1\" sizes=\"auto, (max-width: 800px) 100vw, 800px\" srcset=\"https:\/\/i0.wp.com\/www.radiopiu.net\/wordpress\/wp-content\/uploads\/2018\/09\/WhatsApp-Image-2018-09-20-at-16.04.06.jpeg?w=800&amp;ssl=1 800w, https:\/\/i0.wp.com\/www.radiopiu.net\/wordpress\/wp-content\/uploads\/2018\/09\/WhatsApp-Image-2018-09-20-at-16.04.06.jpeg?resize=300%2C38&amp;ssl=1 300w, https:\/\/i0.wp.com\/www.radiopiu.net\/wordpress\/wp-content\/uploads\/2018\/09\/WhatsApp-Image-2018-09-20-at-16.04.06.jpeg?resize=768%2C96&amp;ssl=1 768w\" alt=\"\" width=\"800\" height=\"100\" data-lazy-loaded=\"1\" \/><\/a><\/p>\n<\/div>\n<\/div>\n<\/div>\n<\/div>\n<\/div>\n<\/div>\n<\/div>\n<\/div>\n<\/div>\n<\/div>\n<\/div>\n<\/div>\n<\/div>\n<\/div>\n<\/div>\n<\/div>\n<\/div>\n<\/div>\n<\/div>\n<\/div>\n<\/div>\n<\/div>\n<\/div>\n<\/div>\n<\/div>\n<\/div>\n<\/div>\n<\/div>\n<\/div>\n<\/div>\n<\/div>\n<\/div>\n<\/div>\n<\/div>\n<\/div>\n<\/div>\n<\/div>\n<\/div>\n<\/div>\n<\/div>\n<\/div>\n<\/div>\n<\/div>\n<\/div>\n<\/div>\n<\/div>\n<\/div>\n<\/div>\n<\/div>\n<\/div>\n<\/div>\n<\/div>\n<\/div>\n<\/div>\n<\/div>\n<\/div>\n<\/div>\n<\/div>\n<\/div>\n<\/div>\n<\/div>\n<\/div>\n<\/div>\n<\/div>\n<\/div>\n<\/div>\n<\/div>\n<\/div>\n<\/div>\n<\/div>\n<\/div>\n<\/div>\n<\/div>\n<\/div>\n<\/div>\n<\/div>\n<\/div>\n<\/div>\n<\/div>\n<\/div>\n<\/div>\n<\/div>\n<\/div>\n<\/div>\n<\/div>\n<\/div>\n<\/div>\n<\/div>\n<\/div>\n<\/div>\n<\/div>\n<\/div>\n<\/div>\n<\/div>\n<\/div>\n<\/div>\n<\/div>\n<\/div>\n<\/div>\n<\/div>\n<\/div>\n<\/div>\n<\/div>\n<\/div>\n<\/div>\n<\/div>\n<\/div>\n<\/div>\n<\/div>\n<\/div>\n<\/div>\n<\/div>\n<\/div>\n<\/div>\n<\/div>\n<\/div>\n<\/div>\n<\/div>\n<\/div>\n<\/div>\n<\/div>\n<\/div>\n<\/div>\n<\/div>\n<\/div>\n<\/div>\n<\/div>\n<\/div>\n<\/div>\n<\/div>\n<\/div>\n<\/div>\n<\/div>\n<\/div>\n<\/div>\n<\/div>\n<\/div>\n<\/div>\n<\/div>\n<\/div>\n<\/div>\n<\/div>\n<\/div>\n<\/div>\n<\/div>\n<\/div>\n<\/div>\n<\/div>\n<\/div>\n<\/div>\n<\/div>\n<\/div>\n<\/div>\n<\/div>\n<\/div>\n<\/div>\n<\/div>\n<\/div>\n<\/div>\n<\/div>\n<\/div>\n<\/div>\n<\/div>\n<\/div>\n<\/div>\n<\/div>\n<\/div>\n<\/div>\n<\/div>\n<\/div>\n<\/div>\n<\/div>\n<\/div>\n<\/div>\n<\/div>\n<\/div>\n<\/div>\n<\/div>\n<\/div>\n<\/div>\n<\/div>\n<\/div>\n<\/div>\n<\/div>\n<\/div>\n<\/div>\n<\/div>\n<\/div>\n<\/div>\n<\/div>\n<\/div>\n<\/div>\n<\/div>\n<\/div>\n<\/div>\n<\/div>\n<\/div>\n<\/div>\n<\/div>\n<\/div>\n<\/div>\n<\/div>\n<\/div>\n<\/div>\n<\/div>\n<\/div>\n<\/div>\n<\/div>\n<\/div>\n<\/div>\n<\/div>\n<\/div>\n<\/div>\n<\/div>\n<\/div>\n<\/div>\n<\/div>\n<\/div>\n<\/div>\n<\/div>\n<\/div>\n<\/div>\n<\/div>\n<\/div>\n<\/div>\n<\/div>\n<\/div>\n<\/div>\n<\/div>\n<\/div>\n<div style=\"text-align: left;\">\n<p>&nbsp;<\/p>\n<p><strong>venerd\u00ec 22.<\/strong> Tempo ben soleggiato con cielo sereno al mattino e sereno o poco nuvoloso per modesta attivit\u00e0 cumuliforme pomeridiana, localmente moderata, ma con basso rischio di piovasco. Atmosfera con caligine in un contesto termico ancora anormalmente caldo nelle valli e assai mite sulle cime pi\u00f9 alte. Precipitazioni. Generalmente assenti (0%), salvo qualche isolato piovasco su Dolomiti settentrionali (10%). Temperature. Minime pressoch\u00e9 stazionarie; massime in leggera ripresa e si potrebbe toccare l&#8217;apice del caldo nei fondovalle<\/p>\n<p><strong>sabato 23.<\/strong> Inizialmente ben soleggiato con nubi alte primi cumuli, gi\u00e0 in mattinata. Poi forte riduzione del soleggiamento per attivit\u00e0 cumuliforme pomeridiana da moderata a intensa ed associata a fenomeni convettivi, in trasferimento dalle Dolomiti alle Prealpi. Il<br \/>\ncontesto termico risentir\u00e0 della breve fase d&#8217;instabilit\u00e0 con lieve flessione dei valori massimi. Precipitazioni. Al mattino assenti (0%). Al pomeriggio probabilit\u00e0 medio-alta di temporali ad iniziare dalle Dolomiti, in successivo trasferimento alle Prealpi (60\/80%). Non esclusi fenomeni grandinigeni. Alla sera il tempo torna stabile con cessazione dei fenomeni. Temperature. Minime in lieve calo e osservate alla sera dopo la fase instabile; massime in diminuzione per il verificarsi dell&#8217;instabilit\u00e0<\/p>\n<p><strong> domenica 24.<\/strong> Tempo di nuovo pi\u00f9 stabile e ben soleggiato, nonostante la riduzione del soleggiamento per attivit\u00e0 cumuliforme pomeridiana, nuvolosit\u00e0 che non dovrebbe intensificarsi pi\u00f9 di tanto e nella maggiore parte dei casi non dar luogo a fenomeni convettivi.<br \/>\nTemperature minime in calo e massime in lieve ripresa. Venti deboli a regime di brezza nelle valli, a tratti moderati durante le ore pi\u00f9 calde; in quota deboli\/moderati da ovest nord-ovest.<strong>\u00a0<\/strong><\/p>\n<p><strong>luned\u00ec 25.<\/strong> Tempo stabile, ben soleggiato e molto caldo, con cielo sereno al mattino e sereno opoco nuvoloso per modesta attivit\u00e0 cumuliforme durante le ore pi\u00f9 calde, localmente pi\u00f9intensa e associata a qualche breve e isolato temporale di calore, specie sulle Dolomiti.Atmosfera un po&#8217; caliginosa in un contesto sempre anormalmente caldo; sulle cime potrebbeessere toccato l&#8217;apice del caldo (zero termico a 4800\/4900 m a inizio giornata). Venti deboli aregime di brezza nelle valli, a tratti moderati durante le ore pi\u00f9 calde; in quota deboli\/moderati da nord-ovest.<\/p>\n<p>&nbsp;<\/p>\n<p>&nbsp;<\/p>\n<\/div>\n<hr \/>\n<p>&nbsp;<\/p>\n<p>&nbsp;<\/p>\n<p><a href=\"https:\/\/www.radiopiu.net\/wordpress\/giornale-radiopiu-26-settembre-2018-direttore-mirko-mezzacasa\/viabilita-2\/\" rel=\"attachment wp-att-61954\"><img loading=\"lazy\" decoding=\"async\" class=\"aligncenter wp-image-61954 size-full\" src=\"https:\/\/www.radiopiu.net\/wordpress\/wp-content\/uploads\/2018\/09\/viabilita.jpeg\" sizes=\"auto, (max-width: 800px) 100vw, 800px\" srcset=\"https:\/\/www.radiopiu.net\/wordpress\/wp-content\/uploads\/2018\/09\/viabilita.jpeg 800w, https:\/\/www.radiopiu.net\/wordpress\/wp-content\/uploads\/2018\/09\/viabilita-300x38.jpeg 300w, https:\/\/www.radiopiu.net\/wordpress\/wp-content\/uploads\/2018\/09\/viabilita-768x96.jpeg 768w\" alt=\"\" width=\"800\" height=\"100\" \/><\/a><\/p>\n<blockquote>\n<h3><\/h3>\n<h3>GALLERIA DI SEGUSINO CHIUSA PER 4 MESI<\/h3>\n<\/blockquote>\n<p><strong><a class=\"dt-pswp-item\" href=\"https:\/\/www.radiopiu.net\/wordpress\/wp-content\/uploads\/2020\/05\/VENETO-STRADE.png\" data-dt-img-description=\"\" data-large_image_width=\"400\" data-large_image_height=\"400\"><img loading=\"lazy\" decoding=\"async\" class=\" wp-image-135574 alignleft\" src=\"https:\/\/www.radiopiu.net\/wordpress\/wp-content\/uploads\/2020\/05\/VENETO-STRADE-150x150.png\" alt=\"\" width=\"102\" height=\"102\" srcset=\"https:\/\/www.radiopiu.net\/wordpress\/wp-content\/uploads\/2020\/05\/VENETO-STRADE-150x150.png 150w, https:\/\/www.radiopiu.net\/wordpress\/wp-content\/uploads\/2020\/05\/VENETO-STRADE-300x300.png 300w, https:\/\/www.radiopiu.net\/wordpress\/wp-content\/uploads\/2020\/05\/VENETO-STRADE.png 400w\" sizes=\"auto, (max-width: 102px) 100vw, 102px\" \/><\/a><\/strong><\/p>\n<p><strong>SEDICO<\/strong> Veneto Strade comunica che sulla SP 1 Bis &#8220;Madonna del Piave&#8221;, dal 12 luglio e fino al 4 novembre, compresi sabati domeniche e festivi infrasettimanali, un&#8217;interdizione totale al transito per l&#8217;intera tratta della galleria di Segusino in seguito a dei lavori per messa in sicurezza della condotta acquedottistica<\/p>\n<p>&nbsp;<\/p>\n<p>&nbsp;<\/p>\n<blockquote class=\"wp-embedded-content\" data-secret=\"akMzw119ey\"><p><a href=\"https:\/\/www.radiopiu.net\/wordpress\/viabilita\/\">viabilita<\/a><\/p><\/blockquote>\n<p><iframe loading=\"lazy\" class=\"wp-embedded-content\" sandbox=\"allow-scripts\" security=\"restricted\" style=\"position: absolute; clip: rect(1px, 1px, 1px, 1px);\" title=\"&#8220;viabilita&#8221; &#8212; Radio Pi\u00f9\" src=\"https:\/\/www.radiopiu.net\/wordpress\/viabilita\/embed\/#?secret=RiFdOwbjb6#?secret=akMzw119ey\" data-secret=\"akMzw119ey\" width=\"600\" height=\"338\" frameborder=\"0\" marginwidth=\"0\" marginheight=\"0\" scrolling=\"no\"><\/iframe><\/p>\n<p>&nbsp;<\/p>\n<hr \/>\n<p>&nbsp;<\/p>\n<p>&nbsp;<\/p>\n<p><img loading=\"lazy\" decoding=\"async\" class=\"wp-image-60761 size-full aligncenter\" src=\"https:\/\/www.radiopiu.net\/wordpress\/wp-content\/uploads\/2018\/09\/sport.jpg\" alt=\"\" width=\"800\" height=\"100\" srcset=\"https:\/\/www.radiopiu.net\/wordpress\/wp-content\/uploads\/2018\/09\/sport.jpg 800w, https:\/\/www.radiopiu.net\/wordpress\/wp-content\/uploads\/2018\/09\/sport-300x38.jpg 300w, https:\/\/www.radiopiu.net\/wordpress\/wp-content\/uploads\/2018\/09\/sport-768x96.jpg 768w\" sizes=\"auto, (max-width: 800px) 100vw, 800px\" \/><\/p>\n<\/div>\n<\/div>\n<\/div>\n<div class=\"page-title-head hgroup\">\n<div class=\"page-title-head hgroup\">\n<p>&nbsp;<\/p>\n<p><span style=\"color: #0000ff;\"><strong>SPORT E BENEFICENZA\u00a0<\/strong><\/span><\/p>\n<blockquote>\n<h3>FRA UN MESE IL GIRO DEL LAGO DI SANTA CROCE<\/h3>\n<\/blockquote>\n<p><strong><a class=\"dt-pswp-item\" href=\"https:\/\/www.radiopiu.net\/wordpress\/wp-content\/uploads\/2022\/07\/GIRO-DEL-LAGO-2018.jpg\" data-dt-img-description=\"\" data-large_image_width=\"1900\" data-large_image_height=\"1267\"><img loading=\"lazy\" decoding=\"async\" class=\"size-thumbnail wp-image-288445 alignleft\" src=\"https:\/\/www.radiopiu.net\/wordpress\/wp-content\/uploads\/2022\/07\/GIRO-DEL-LAGO-2018-150x150.jpg\" alt=\"\" width=\"150\" height=\"150\" \/><\/a>ALPAGO <\/strong>Manca un mese al Giro del Lago di Santa Croce, l\u2019evento solidaristico proposto dal Comitato Alpago 2 Ruote&amp;Solidariet\u00e0. L\u2019appuntamento \u00e8 per domenica 21 agosto. In programma la 28.ma edizione di un evento sportivo che propone, in maniera assolutamente non competitiva, la possibilit\u00e0 di pedalare, correre, camminare e pattinare sui roller. In programma, a partire dalle 9.30, una prova di ciclismo sui 17.4 chilometri, una prova di podismo (sulla stessa distanza), una riservata alle handybike (sempre sulla medesima distanza), una sui roller (4.8 chilometri) e una camminata (7 chilometri). Partenza e arrivo sono fissati a Puos d\u2019Alpago. Lo scopo, come per le ultime\u00a0 edizioni, \u00e8 la raccolta di fondi a favore di due realt\u00e0 che vivono esclusivamente di donazioni, vale a dire l\u2019associazione pordenonese \u201cVia di Natale\u201d, la realt\u00e0 che gestisce la Casa \u201cVia di Natale\u201d di Aviano dando assistenza ai malati terminali oncologici e ospitalit\u00e0 ai familiari, e della \u201cCucchini\u201d<\/p>\n<p>&nbsp;<\/p>\n<hr \/>\n<\/div>\n<\/div>\n<div class=\"page-title-head hgroup\">\n<div class=\"page-title-head hgroup\">\n<div class=\"page-title-head hgroup\"><\/div>\n<div class=\"page-title-head hgroup\">\n<p><span style=\"color: #0000ff;\"><strong>CALCIO<\/strong><\/span><\/p>\n<blockquote>\n<h3>FODOM E CAPRILE SI GIOCANO L&#8217;ACCESSO ALLE SEMIFINALI DEL CAMPIONATO AGORDINO GIOVANILE<\/h3>\n<\/blockquote>\n<p><strong><a class=\"dt-pswp-item\" href=\"https:\/\/www.radiopiu.net\/wordpress\/wp-content\/uploads\/2021\/11\/CALCIO-2021.jpg\" data-dt-img-description=\"\" data-large_image_width=\"2560\" data-large_image_height=\"1707\"><img loading=\"lazy\" decoding=\"async\" class=\"size-thumbnail wp-image-242798 alignleft\" src=\"https:\/\/www.radiopiu.net\/wordpress\/wp-content\/uploads\/2021\/11\/CALCIO-2021-150x150.jpg\" alt=\"\" width=\"150\" height=\"150\" \/><\/a>REDAZIONE<\/strong> Sono tre le squadre che attualmente si sono qualificate per la fase finale del Campionato Agordino Under 14. Canale, La Valle e Taibon andranno a Cencenighe per giocarsi le semifinali del torneo. Giochi aperti invece tra Fodom e Caprile per accaparrarsi l&#8217;ultimo posto disponibile. Domani si gioca l&#8217;ultima giornata di stagione regolare e, sia gli orsetti che la squadra di Alleghe, non avranno vita facile. Il Fodom gioca in casa contro il Taibon e dovr\u00e0 vincere per assicurarsi il passaggio del turno. Il Caprile ha vita pi\u00f9 difficile. I giovani alleghesi si troveranno di fronte la capolista Canale che fino ad ora non ha mai perso una sfida. Ma per accedere alle semifinali il Caprile non deve solo vincere contro la formazione della Valle del Biois, ma sperare in un pareggio o sconfitta degli orsetti. Domani sera i verdetti dopo le partite in programma alle 16.<\/p>\n<p><strong>CLASSIFICA<\/strong> Canale 15, La Valle e Taibon 9, Fodom 7, Cencenighe e Caprile 6, Le Ville 0<\/p>\n<p><strong>PROSSIMO TURNO<\/strong> Domani alle 16 Fodom \u2013 Taibon, Canale \u2013 Caprile, La Valle \u2013 Le Ville. Riposa il Cencenighe.<\/p>\n<p>&nbsp;<\/p>\n<h2><span style=\"color: #008000;\"><a class=\"dt-pswp-item\" href=\"https:\/\/www.radiopiu.net\/wordpress\/wp-content\/uploads\/2019\/01\/CALCIO-FALLO.jpeg\" data-dt-img-description=\"\" data-large_image_width=\"1600\" data-large_image_height=\"848\"><img loading=\"lazy\" decoding=\"async\" class=\" wp-image-71538 alignleft\" src=\"https:\/\/www.radiopiu.net\/wordpress\/wp-content\/uploads\/2019\/01\/CALCIO-FALLO-150x150.jpeg\" alt=\"\" width=\"74\" height=\"74\" \/><\/a>SPECIALE CAMPIONATO AGORDINO<\/span><\/h2>\n<p><strong>RIASCOLTA OTTANTESIMO MINUTO &#8211; SESTA PUNTATA<\/strong><\/p>\n<audio class=\"wp-audio-shortcode\" id=\"audio-288336-17\" preload=\"none\" style=\"width: 100%;\" controls=\"controls\"><source type=\"audio\/mpeg\" src=\"https:\/\/www.radiopiu.net\/wordpress\/wp-content\/uploads\/2022\/07\/80MIN-1.mp3?_=17\" \/><a href=\"https:\/\/www.radiopiu.net\/wordpress\/wp-content\/uploads\/2022\/07\/80MIN-1.mp3\">https:\/\/www.radiopiu.net\/wordpress\/wp-content\/uploads\/2022\/07\/80MIN-1.mp3<\/a><\/audio>\n<p>&nbsp;<\/p>\n<p><strong>RIASCOLTA CAMPIONATO AGORDINO SHOW &#8211; SESTA PUNTATA (LA SINTESI)<\/strong><\/p>\n<audio class=\"wp-audio-shortcode\" id=\"audio-288336-18\" preload=\"none\" style=\"width: 100%;\" controls=\"controls\"><source type=\"audio\/mpeg\" src=\"https:\/\/www.radiopiu.net\/wordpress\/wp-content\/uploads\/2022\/07\/AGOS-2.mp3?_=18\" \/><a href=\"https:\/\/www.radiopiu.net\/wordpress\/wp-content\/uploads\/2022\/07\/AGOS-2.mp3\">https:\/\/www.radiopiu.net\/wordpress\/wp-content\/uploads\/2022\/07\/AGOS-2.mp3<\/a><\/audio>\n<p>&nbsp;<\/p>\n<hr \/>\n<p>&nbsp;<\/p>\n<p><span style=\"color: #0000ff;\"><strong>\u00a0CORSA IN MONTAGNA\u00a0<\/strong><\/span><\/p>\n<h2><strong><a class=\"dt-pswp-item\" href=\"https:\/\/www.radiopiu.net\/wordpress\/wp-content\/uploads\/2022\/07\/292235926_2092572134257981_394075767012570405_n-1.jpg\" data-dt-img-description=\"\" data-large_image_width=\"1080\" data-large_image_height=\"509\"><img loading=\"lazy\" decoding=\"async\" class=\"size-thumbnail wp-image-287982 alignleft\" src=\"https:\/\/www.radiopiu.net\/wordpress\/wp-content\/uploads\/2022\/07\/292235926_2092572134257981_394075767012570405_n-1-150x150.jpg\" alt=\"\" width=\"150\" height=\"150\" \/><\/a><\/strong><span style=\"color: #339966;\">DOMENICA L&#8217;APPUNTAMENTO CON LA VERTICAL KM COL DI LANA<\/span><\/h2>\n<p><strong>LIVINALLONGO <\/strong>\u00c8 in programma per domenica la Vertical KM Col Di Lana, gara di corsa in montagna dalla localit\u00e0 di Pieve di Livinallongo (1452 m) fino alla vetta del Col de Lana (2452 m). 1000 metri di dislivello per una gara tutta in salita. Le iscrizioni sono aperte.<\/p>\n<p><strong>NE ABBIAMO PARLATO CON GIANPAOLO SORATROI<\/strong><\/p>\n<audio class=\"wp-audio-shortcode\" id=\"audio-288336-19\" preload=\"none\" style=\"width: 100%;\" controls=\"controls\"><source type=\"audio\/mpeg\" src=\"https:\/\/www.radiopiu.net\/wordpress\/wp-content\/uploads\/2022\/07\/VERTICAL-GIANPAOL.mp3?_=19\" \/><a href=\"https:\/\/www.radiopiu.net\/wordpress\/wp-content\/uploads\/2022\/07\/VERTICAL-GIANPAOL.mp3\">https:\/\/www.radiopiu.net\/wordpress\/wp-content\/uploads\/2022\/07\/VERTICAL-GIANPAOL.mp3<\/a><\/audio>\n<p>&nbsp;<\/p>\n<hr \/>\n<p>&nbsp;<\/p>\n<p><span style=\"color: #0000ff;\"><strong>MOTORI\u00a0<\/strong><\/span><\/p>\n<blockquote>\n<h3>ALPE DEL NEVEGAL, E&#8217; TUTTO PRONTO E CON UN BUON NUMERO DI ISCRITTI<\/h3>\n<\/blockquote>\n<p><strong>di\u00a0 MORENO GIOLI<\/strong><\/p>\n<audio class=\"wp-audio-shortcode\" id=\"audio-288336-20\" preload=\"none\" style=\"width: 100%;\" controls=\"controls\"><source type=\"audio\/mpeg\" src=\"https:\/\/www.radiopiu.net\/wordpress\/wp-content\/uploads\/2022\/07\/MORENO-ALPE.mp3?_=20\" \/><a href=\"https:\/\/www.radiopiu.net\/wordpress\/wp-content\/uploads\/2022\/07\/MORENO-ALPE.mp3\">https:\/\/www.radiopiu.net\/wordpress\/wp-content\/uploads\/2022\/07\/MORENO-ALPE.mp3<\/a><\/audio>\n<p><a class=\"dt-pswp-item\" href=\"https:\/\/www.radiopiu.net\/wordpress\/wp-content\/uploads\/2022\/07\/496c80d0-3fdb-4160-947c-b95b48fe1f47.jpg\" data-dt-img-description=\"\" data-large_image_width=\"1600\" data-large_image_height=\"1066\"><img loading=\"lazy\" decoding=\"async\" class=\"wp-image-288477 size-medium aligncenter\" src=\"https:\/\/www.radiopiu.net\/wordpress\/wp-content\/uploads\/2022\/07\/496c80d0-3fdb-4160-947c-b95b48fe1f47-300x200.jpg\" alt=\"\" width=\"300\" height=\"200\" srcset=\"https:\/\/www.radiopiu.net\/wordpress\/wp-content\/uploads\/2022\/07\/496c80d0-3fdb-4160-947c-b95b48fe1f47-300x200.jpg 300w, https:\/\/www.radiopiu.net\/wordpress\/wp-content\/uploads\/2022\/07\/496c80d0-3fdb-4160-947c-b95b48fe1f47-1024x682.jpg 1024w, https:\/\/www.radiopiu.net\/wordpress\/wp-content\/uploads\/2022\/07\/496c80d0-3fdb-4160-947c-b95b48fe1f47-768x512.jpg 768w, https:\/\/www.radiopiu.net\/wordpress\/wp-content\/uploads\/2022\/07\/496c80d0-3fdb-4160-947c-b95b48fe1f47-1536x1023.jpg 1536w, https:\/\/www.radiopiu.net\/wordpress\/wp-content\/uploads\/2022\/07\/496c80d0-3fdb-4160-947c-b95b48fe1f47.jpg 1600w\" sizes=\"auto, (max-width: 300px) 100vw, 300px\" \/><\/a><\/p>\n<p><strong>\u00a0<\/strong><\/p>\n<p><strong>L&#8217;INTERVISTA AD ACHILLE SELVESTREL, DI MORENO GIOLI<\/strong><\/p>\n<audio class=\"wp-audio-shortcode\" id=\"audio-288336-21\" preload=\"none\" style=\"width: 100%;\" controls=\"controls\"><source type=\"audio\/mpeg\" src=\"https:\/\/www.radiopiu.net\/wordpress\/wp-content\/uploads\/2022\/07\/SELVESTREL-1.mp3?_=21\" \/><a href=\"https:\/\/www.radiopiu.net\/wordpress\/wp-content\/uploads\/2022\/07\/SELVESTREL-1.mp3\">https:\/\/www.radiopiu.net\/wordpress\/wp-content\/uploads\/2022\/07\/SELVESTREL-1.mp3<\/a><\/audio>\n<p>&nbsp;<\/p>\n<p>&nbsp;<\/p>\n<hr \/>\n<p>&nbsp;<\/p>\n<p><span style=\"color: #0000ff;\"><strong>PALLAVOLO<\/strong><\/span><\/p>\n<blockquote>\n<h3>PAOLO VIEL L&#8217;ALLENATORE DELLA PALLAVOLO BELLUNO FEMMINILE<\/h3>\n<\/blockquote>\n<p><strong><a class=\"dt-pswp-item\" href=\"https:\/\/www.radiopiu.net\/wordpress\/wp-content\/uploads\/2022\/07\/Paolo_Viel_e_Claudio_Casanova.jpg\" data-dt-img-description=\"\" data-large_image_width=\"800\" data-large_image_height=\"400\"><img loading=\"lazy\" decoding=\"async\" class=\"size-thumbnail wp-image-288426 alignleft\" src=\"https:\/\/www.radiopiu.net\/wordpress\/wp-content\/uploads\/2022\/07\/Paolo_Viel_e_Claudio_Casanova-150x150.jpg\" alt=\"\" width=\"150\" height=\"150\" \/><\/a>BELLUNO\u00a0 <\/strong>Dopo aver seminato con cura, la HL Immobiliare Pallavolo Belluno raccoglie altre certezze molto importanti.\u00a0 Una volta trovato il main sponsor e individuato il nuovo presidente, Giancarlo Ingrosso, la societ\u00e0 del capoluogo attiva nel settore femminile annuncia anche la guida tecnica: Paolo Viel. Completato un lungo e proficuo percorso da vice, al fianco di Dario Pavei, Viel \u00e8 ora pronto a prendere il timone della squadra impegnata nel campionato di serie C. E, in pi\u00f9, seguir\u00e0 il settore giovanile &#8211; con la vice presidente Valentina Sovilla &#8211; oltre al minivolley.\u00a0Nel frattempo, in preparazione alla prossima annata sotto rete, la Pallavolo Belluno ha dato il \u201cla\u201d a una serie di allenamenti, finalizzati a testare alcune atlete da inserire nell\u2019organico.<\/p>\n<p>&nbsp;<\/p>\n<p>&nbsp;<\/p>\n<p>&nbsp;<\/p>\n<blockquote>\n<h2><b><a class=\"dt-pswp-item\" href=\"https:\/\/www.radiopiu.net\/wordpress\/wp-content\/uploads\/2022\/07\/Una_fase_dell_ultimo_derby.jpg\" data-dt-img-description=\"\" data-large_image_width=\"800\" data-large_image_height=\"400\"><img loading=\"lazy\" decoding=\"async\" class=\"size-thumbnail wp-image-288527 alignleft\" src=\"https:\/\/www.radiopiu.net\/wordpress\/wp-content\/uploads\/2022\/07\/Una_fase_dell_ultimo_derby-150x150.jpg\" alt=\"\" width=\"150\" height=\"150\" \/><\/a>Esordio in trasferta per la Pallavolo Belluno: sar\u00e0 subito derby a San Don\u00e0<span class=\"gmail-Apple-converted-space\"> \u00a0<\/span><\/b><\/h2>\n<\/blockquote>\n<p>&nbsp;<\/p>\n<p><strong>BELLUN<\/strong>O Due derby nelle prime tre giornate: la Pallavolo <b>\u00a0Belluno<\/b> si appresta a vivere un inizio di campionato davvero elettrizzante. Sono stati pubblicati i <b>calendari di Serie A3<\/b>. E l\u2019avvio \u00e8 nel segno del Veneto: perch\u00e9 il match d\u2019esordio, in calendario il 9 ottobre, \u00e8 in programma a San Don\u00e0 di Piave contro il sestetto di Paolo Tofoli, mentre il terzo atto sar\u00e0 al cospetto del neopromosso Monselice: mercoled\u00ec 19 ottobre, alla Spes Arena. A proposito dell\u2019Arena di Lambioi: e l\u2019esordio casalingo? La data da cerchiare \u00e8 quella del 16 ottobre, il giorno del confronto con la Pallavolo Brugherio.<span class=\"gmail-Apple-converted-space\">\u00a0<\/span><\/p>\n<p>&nbsp;<\/p>\n<p>&nbsp;<\/p>\n<p>&nbsp;<\/p>\n<hr \/>\n<p>&nbsp;<\/p>\n<p>&nbsp;<\/p>\n<\/div>\n<\/div>\n<\/div>\n<\/div>\n<\/div>\n<\/div>\n<\/div>\n<\/div>\n<\/div>\n<\/div>\n<\/div>\n<\/div>\n<\/div>\n<\/div>\n<\/div>\n<\/div>\n<\/div>\n<\/div>\n<\/div>\n<\/div>\n<\/div>\n<\/div>\n<\/div>\n<\/div>\n<\/div>\n<\/div>\n<\/div>\n<\/div>\n<\/div>\n<\/div>\n<\/div>\n<\/div>\n<\/div>\n<\/div>\n<\/div>\n<\/div>\n<\/div>\n<\/div>\n<\/div>\n<\/div>\n<\/div>\n<\/div>\n<\/div>\n<\/div>\n<\/div>\n<\/div>\n<\/div>\n<\/div>\n<\/div>\n<\/div>\n<\/div>\n<\/div>\n<\/div>\n<\/div>\n<\/div>\n<\/div>\n<\/div>\n<\/div>\n<\/div>\n<\/div>\n<\/div>\n<\/div>\n<\/div>\n<\/div>\n<\/div>\n<\/div>\n<\/div>\n<\/div>\n<\/div>\n<\/div>\n<\/div>\n<\/div>\n<\/div>\n<\/div>\n<\/div>\n<\/div>\n<\/div>\n<\/div>\n<\/div>\n<\/div>\n<\/div>\n<\/div>\n<\/div>\n<\/div>\n<\/div>\n<\/div>\n<\/div>\n<\/div>\n<\/div>\n<\/div>\n<\/div>\n<\/div>\n<\/div>\n<\/div>\n<\/div>\n<\/div>\n<\/div>\n<\/div>\n<\/div>\n<\/div>\n<\/div>\n<\/div>\n<\/div>\n<\/div>\n","protected":false},"excerpt":{"rendered":"<p>RADIO PIU INFORMAZIONE il canale su TELEGRAM informazione di prima\u00a0 mano e in tempo reale. iscriviti ed aiutaci a farlo conoscere\u00a0 \u00a0 &nbsp; MARMOLADA SRL: SIAMO APERTI NELLA MASSIMA SICUREZZA ROCCA PIETORE \u201cGli impianti di risalita sono aperti nella massima sicurezza e nel pieno rispetto di tutti. \u00c8 stato un mese difficile per le nostre&hellip;<\/p>\n","protected":false},"author":4,"featured_media":288565,"comment_status":"closed","ping_status":"closed","sticky":false,"template":"","format":"standard","meta":{"_monsterinsights_skip_tracking":false,"_monsterinsights_sitenote_active":false,"_monsterinsights_sitenote_note":"","_monsterinsights_sitenote_category":0,"footnotes":""},"categories":[104,86,49],"tags":[],"class_list":["post-288336","post","type-post","status-publish","format-standard","has-post-thumbnail","hentry","category-evidenza_3","category-gr","category-news-18","category-104","category-86","category-49","description-off"],"img_url":"https:\/\/www.radiopiu.net\/wordpress\/wp-content\/uploads\/2022\/07\/corr.jpg","_links":{"self":[{"href":"https:\/\/www.radiopiu.net\/wordpress\/wp-json\/wp\/v2\/posts\/288336","targetHints":{"allow":["GET"]}}],"collection":[{"href":"https:\/\/www.radiopiu.net\/wordpress\/wp-json\/wp\/v2\/posts"}],"about":[{"href":"https:\/\/www.radiopiu.net\/wordpress\/wp-json\/wp\/v2\/types\/post"}],"author":[{"embeddable":true,"href":"https:\/\/www.radiopiu.net\/wordpress\/wp-json\/wp\/v2\/users\/4"}],"replies":[{"embeddable":true,"href":"https:\/\/www.radiopiu.net\/wordpress\/wp-json\/wp\/v2\/comments?post=288336"}],"version-history":[{"count":0,"href":"https:\/\/www.radiopiu.net\/wordpress\/wp-json\/wp\/v2\/posts\/288336\/revisions"}],"wp:featuredmedia":[{"embeddable":true,"href":"https:\/\/www.radiopiu.net\/wordpress\/wp-json\/wp\/v2\/media\/288565"}],"wp:attachment":[{"href":"https:\/\/www.radiopiu.net\/wordpress\/wp-json\/wp\/v2\/media?parent=288336"}],"wp:term":[{"taxonomy":"category","embeddable":true,"href":"https:\/\/www.radiopiu.net\/wordpress\/wp-json\/wp\/v2\/categories?post=288336"},{"taxonomy":"post_tag","embeddable":true,"href":"https:\/\/www.radiopiu.net\/wordpress\/wp-json\/wp\/v2\/tags?post=288336"}],"curies":[{"name":"wp","href":"https:\/\/api.w.org\/{rel}","templated":true}]}}