{"id":288375,"date":"2022-07-01T06:32:04","date_gmt":"2022-07-01T04:32:04","guid":{"rendered":"https:\/\/www.radiopiu.net\/wordpress\/?p=288375"},"modified":"2022-07-21T06:57:27","modified_gmt":"2022-07-21T04:57:27","slug":"giornale-radiopiu-21-luglio-2022-direttore-mirko-mezzacasa_","status":"publish","type":"post","link":"https:\/\/www.radiopiu.net\/wordpress\/giornale-radiopiu-21-luglio-2022-direttore-mirko-mezzacasa_\/","title":{"rendered":"GIORNALE RADIOPIU 21 LUGLIO 2022 DIRETTORE MIRKO MEZZACASA_"},"content":{"rendered":"<h3 class=\"kvgmc6g5 cxmmr5t8 oygrvhab hcukyx3x c1et5uql\"><span style=\"color: #0000ff;\"><strong>RADIO PIU INFORMAZIONE il canale su TELEGRAM informazione di prima\u00a0 <\/strong><\/span><span style=\"color: #0000ff;\"><strong>mano e in tempo reale. iscriviti ed aiutaci a farlo conoscere\u00a0 \u00a0<\/strong><\/span><\/h3>\n<p><iframe loading=\"lazy\" title=\"Rocca Pietore, Marmolada, Val Pettorina\" width=\"1200\" height=\"675\" src=\"https:\/\/www.youtube.com\/embed\/fnodpFI2M1w?feature=oembed\" frameborder=\"0\" allow=\"accelerometer; autoplay; clipboard-write; encrypted-media; gyroscope; picture-in-picture\" allowfullscreen><\/iframe><\/p>\n<p>&nbsp;<\/p>\n<p>&nbsp;<\/p>\n<hr \/>\n<p>&nbsp;<\/p>\n<blockquote>\n<h3>INTERRUZIONE ELETTRICA A TAIBON<\/h3>\n<\/blockquote>\n<p><strong>TAIBON\u00a0<\/strong>Interruzione elettrica a Taibon nella localit\u00e0 Coi di Peden oggi dalle 10 alle 12<\/p>\n<p>&nbsp;<\/p>\n<p>&nbsp;<\/p>\n<hr \/>\n<p>&nbsp;<\/p>\n<blockquote>\n<h3>NUOVA ORDINANZA DEL PRESIDENTE ZAIA PER CONTRASTARE IL PERSISTENTE ED ECCEZIONALE PERIODO DI SICCITA\u2019<\/h3>\n<\/blockquote>\n<blockquote><p><em>attribuisce ai Sindaci veneti la funzione di controllo e di adottare, a loro volta, ordinanze locali anche finalizzate a continuare a tenere spente, laddove sia possibile, le fontane pubbliche.<\/em><\/p><\/blockquote>\n<p><strong><img loading=\"lazy\" decoding=\"async\" class=\"alignleft\" src=\"https:\/\/www.radiopiu.net\/wordpress\/wp-content\/uploads\/2022\/07\/grain-798296__340.webp\" width=\"313\" height=\"176\" \/>VENEZIA\u00a0<\/strong> Il Presidente della Regione del Veneto, Luca Zaia, ha firmato un\u2019ordinanza per fronteggiare il persistente ed eccezionale periodo di siccit\u00e0 con cui vengono stabilite ulteriori misure necessarie sia per la gestione della risorsa idrica che per la salvaguardia della salute pubblica. Il documento mette in evidenza che c\u2019\u00e8 un generale peggioramento del quadro complessivo con situazioni. L&#8217;Ordinanza tiene conto anche delle pi\u00f9 recenti determinazioni dell\u2019Osservatorio per la risorsa idrica. In tale contesto l\u2019ordinanza, pertanto, ha l\u2019obiettivo di garantire la dotazione idrica presente nei bacini e nei fiumi per il fabbisogno umano ed irriguo, fornendo contemporaneamente anche delle risposte efficaci al mondo agricolo che sta subendo un periodo di grande sofferenza per il reperimento dell\u2019acqua e la conseguente irrigazione delle terre. In tale direzione riveste particolare rilievo l&#8217;autorizzazione alla deroga al Deflusso Minimo Vitale che, nel rispetto delle condizioni poste dal predetto Osservatorio, consentir\u00e0 di adottare nuove strategie nell&#8217;utilizzo della risorsa.<\/p>\n<p>&nbsp;<\/p>\n<hr \/>\n<p>&nbsp;<\/p>\n<blockquote>\n<h3>RUZZOLA PER 50 METRI. &#8220;STO BENE&#8221;, MA IL SOCCORSO ALPINO INTERVIENE UGUALMENTE<\/h3>\n<\/blockquote>\n<blockquote>\n<div dir=\"auto\"><em>Recuperato anche un 79enne a Col de Varda\u00a0<\/em><\/div>\n<\/blockquote>\n<div dir=\"auto\"><strong><img loading=\"lazy\" decoding=\"async\" class=\"alignleft\" src=\"https:\/\/www.radiopiu.net\/wordpress\/wp-content\/uploads\/2022\/05\/salt_20220521_143821_137.jpg\" width=\"149\" height=\"199\" \/>AURONZO\u00a0<\/strong>\u00a0 Nella mattinata di ieri\u00a0 la Centrale del Suem \u00e8 stata allertata da un escursionista svedese, che non riusciva pi\u00f9 a sentire e vedere il compagno, con cui stava cercando di raggiungere una zona panoramica sul Col del le Bisse nei Cadini di Misurina, percorrendo un tratto roccioso. Mentre decollava l&#8217;elicottero di Dolomiti Emergency e veniva mandata in zona una squadra del Soccorso alpino della Guardia di finanza di Auronzo, l&#8217;escursionista richiamava dicendo di aver visto l&#8217;amico, che era ruzzolato una cinquantina di metri, ma stava bene era solo un po&#8217; scosso e non aveva bisogno di aiuto. Data la dinamica della caduta, l&#8217;eliambulanza ormai sul posto ha verificato la situazione, individuando il 32 enne, comunque in difficolt\u00e0, recuperandolo con un verricello di 70 metri e trasportandolo al Rifugio Auronzo, salvo poi essere richiamata per imbarcare anche il secondo turista. Entrambi dal Sentiero Bonacossa verso Forcella Rin Bianco, una volta scollinato erano usciti dalla traccia\u00a0 inizianodo a salire, quando uno dei due era caduto senza riportare conseguenze.<\/div>\n<blockquote>\n<div dir=\"auto\"><em>Una squadra del Soccorso alpino della Guardia di finanza di Auronzo ha poi recuperato una 79enne di Pieve di Cadore (BL) sul Col de Varda, dopo che si era procurata un probabile trauma alla caviglia che le impediva di proseguire. La donna \u00e8 stata affidata all&#8217;ambulanza. I soccorritori hanno poi riportato a valle una coppia 70enne esausta e ferma tra il Rifugio Auronzo e il Lavaredo.\u00a0<\/em><\/div>\n<\/blockquote>\n<div dir=\"auto\"><\/div>\n<div dir=\"auto\">\n<hr \/>\n<\/div>\n<blockquote>\n<h3 dir=\"auto\">MALORE IN STRADA, LA SALVANO I SANITARI<\/h3>\n<\/blockquote>\n<div dir=\"auto\"><strong>BELLUNO<\/strong> Ieri sera alle 20 una donna \u00e8 stata rianimata in via Vittorio Veneto. E&#8217; stata colta da malore fino a cadere a terra priva di sensi. La manovra di rianimazione \u00e8 andata a buon fine ed \u00e8 terminata con il trasporto della donna in ospedale per accertamenti.<\/div>\n<p>&nbsp;<\/p>\n<p>&nbsp;<\/p>\n<hr \/>\n<p>&nbsp;<\/p>\n<blockquote>\n<h2>SABATO I FUNERALI DI NICOLA VALMASSONI<\/h2>\n<\/blockquote>\n<p><strong><a class=\"dt-pswp-item\" href=\"https:\/\/www.radiopiu.net\/wordpress\/wp-content\/uploads\/2022\/07\/VALMASSONI-NICOLA.jpg\" data-dt-img-description=\"\" data-large_image_width=\"1087\" data-large_image_height=\"1441\"><img loading=\"lazy\" decoding=\"async\" class=\"size-thumbnail wp-image-288287 alignleft\" src=\"https:\/\/www.radiopiu.net\/wordpress\/wp-content\/uploads\/2022\/07\/VALMASSONI-NICOLA-150x150.jpg\" alt=\"\" width=\"150\" height=\"150\" \/><\/a>LONGARONE<\/strong> Rilasciato il nulla osta per l&#8217;estremo saluto al giovane di Castellavazzo morto nel drammatico incidente di domenica mattina.\u00a0 La famiglia ha quindi deciso la data dei funerali di Nicola Valmassoni: sabato alle 11.30, nella chiesa parrocchiale di Castellavazzo, Il rito funebre sar\u00e0 officiato da don Rinaldo.Nicola Valmassoni, 29 anni,\u00a0 lavorava come autista sugli autobus del servizio urbano di Cortina e domenica mattina avrebbe dovuto prendere servizio, per salire nell&#8217;ampezzano aveva scelto di salire sulla Ducati, ma il viaggio si \u00e8 purtroppo concluso all&#8217;inizio della galleria di termine contro una Skoda Octavia guidata da un 45enne. Nicola lascia\u00a0 la mamma Graziella, il pap\u00e0 Emidio, il fratello Samuele con Federica, la compagna Alessandra, la nonna Norma, i cugini, gli zii, i parenti e gli amici tutti.<\/p>\n<blockquote><p><strong>Non fiori ma eventuali offerte a favore dell\u2019 Associazione Apaca Belluno.<\/strong><\/p><\/blockquote>\n<p>&nbsp;<\/p>\n<hr \/>\n<p>&nbsp;<\/p>\n<blockquote>\n<h3>INCENDIO DI LAMON, SITUAZIONE DECISAMENTE MIGLIORATA<\/h3>\n<\/blockquote>\n<p><span style=\"color: #ff0000;\"><strong>20 LUGLIO ORE 19.30 AGGIORNAMENTO<\/strong><\/span><\/p>\n<p>Le squadre a terra hanno lasciato la zona interessata dall&#8217;incendio dopo una giornata di duro lavoro di bonifica. Situazione nettamente migliore rispetto a 24 ore fa. Domani mattina riprender\u00e0 la bonifica a terra\u00a0 con l&#8217;ausilio del rifornimento idrico e l&#8217;intervento dell&#8217;elicottero ma solo se necessario. Anche domani come oggi si faranno trovare pronti uomini e donne dell&#8217; ANA Feltre e\u00a0 Venetoagricoltura<\/p>\n<p>&nbsp;<\/p>\n\n\t\t\t<style type='text\/css'>\n\t\t\t\t#gallery-1 {\n\t\t\t\t\tmargin: auto;\n\t\t\t\t}\n\t\t\t\t#gallery-1 .gallery-item {\n\t\t\t\t\tfloat: left;\n\t\t\t\t\tmargin-top: 10px;\n\t\t\t\t\ttext-align: center;\n\t\t\t\t\twidth: 50%;\n\t\t\t\t}\n\t\t\t\t#gallery-1 img {\n\t\t\t\t\tborder: 2px solid #cfcfcf;\n\t\t\t\t}\n\t\t\t\t#gallery-1 .gallery-caption {\n\t\t\t\t\tmargin-left: 0;\n\t\t\t\t}\n\t\t\t\t\/* see gallery_shortcode() in wp-includes\/media.php *\/\n\t\t\t<\/style>\n\t\t<div id='gallery-1' class='dt-gallery-container gallery galleryid-288375 gallery-columns-2 gallery-size-medium'><dl class='gallery-item'>\n\t\t\t\t<dt class='gallery-icon landscape'>\n\t\t\t\t\t<a class=\"rollover rollover-zoom dt-pswp-item\" title=\"1cb999e9-faa1-4e17-a086-8acc655f730a\" data-dt-img-description=\"\" data-large_image_width=\"1599\" data-large_image_height=\"1200\"href='https:\/\/www.radiopiu.net\/wordpress\/wp-content\/uploads\/2022\/07\/1cb999e9-faa1-4e17-a086-8acc655f730a.jpg'><img loading=\"lazy\" decoding=\"async\" width=\"300\" height=\"225\" src=\"https:\/\/www.radiopiu.net\/wordpress\/wp-content\/uploads\/2022\/07\/1cb999e9-faa1-4e17-a086-8acc655f730a-300x225.jpg\" class=\"attachment-medium size-medium\" alt=\"\" srcset=\"https:\/\/www.radiopiu.net\/wordpress\/wp-content\/uploads\/2022\/07\/1cb999e9-faa1-4e17-a086-8acc655f730a-300x225.jpg 300w, https:\/\/www.radiopiu.net\/wordpress\/wp-content\/uploads\/2022\/07\/1cb999e9-faa1-4e17-a086-8acc655f730a-1024x768.jpg 1024w, https:\/\/www.radiopiu.net\/wordpress\/wp-content\/uploads\/2022\/07\/1cb999e9-faa1-4e17-a086-8acc655f730a-768x576.jpg 768w, https:\/\/www.radiopiu.net\/wordpress\/wp-content\/uploads\/2022\/07\/1cb999e9-faa1-4e17-a086-8acc655f730a-1536x1153.jpg 1536w, https:\/\/www.radiopiu.net\/wordpress\/wp-content\/uploads\/2022\/07\/1cb999e9-faa1-4e17-a086-8acc655f730a.jpg 1599w\" sizes=\"auto, (max-width: 300px) 100vw, 300px\" \/><\/a>\n\t\t\t\t<\/dt><\/dl><dl class='gallery-item'>\n\t\t\t\t<dt class='gallery-icon landscape'>\n\t\t\t\t\t<a class=\"rollover rollover-zoom dt-pswp-item\" title=\"296d8b24-8f4b-43a0-9aef-3205f85aad01\" data-dt-img-description=\"\" data-large_image_width=\"1599\" data-large_image_height=\"1200\"href='https:\/\/www.radiopiu.net\/wordpress\/wp-content\/uploads\/2022\/07\/296d8b24-8f4b-43a0-9aef-3205f85aad01.jpg'><img loading=\"lazy\" decoding=\"async\" width=\"300\" height=\"225\" src=\"https:\/\/www.radiopiu.net\/wordpress\/wp-content\/uploads\/2022\/07\/296d8b24-8f4b-43a0-9aef-3205f85aad01-300x225.jpg\" class=\"attachment-medium size-medium\" alt=\"\" srcset=\"https:\/\/www.radiopiu.net\/wordpress\/wp-content\/uploads\/2022\/07\/296d8b24-8f4b-43a0-9aef-3205f85aad01-300x225.jpg 300w, https:\/\/www.radiopiu.net\/wordpress\/wp-content\/uploads\/2022\/07\/296d8b24-8f4b-43a0-9aef-3205f85aad01-1024x768.jpg 1024w, https:\/\/www.radiopiu.net\/wordpress\/wp-content\/uploads\/2022\/07\/296d8b24-8f4b-43a0-9aef-3205f85aad01-768x576.jpg 768w, https:\/\/www.radiopiu.net\/wordpress\/wp-content\/uploads\/2022\/07\/296d8b24-8f4b-43a0-9aef-3205f85aad01-1536x1153.jpg 1536w, https:\/\/www.radiopiu.net\/wordpress\/wp-content\/uploads\/2022\/07\/296d8b24-8f4b-43a0-9aef-3205f85aad01.jpg 1599w\" sizes=\"auto, (max-width: 300px) 100vw, 300px\" \/><\/a>\n\t\t\t\t<\/dt><\/dl><br style=\"clear: both\" \/>\n\t\t\t<\/div>\n\n<p>&nbsp;<\/p>\n<hr \/>\n<p>&nbsp;<\/p>\n<blockquote>\n<h3>SALVATI DALLA TRAPPOLA MORTALE<\/h3>\n<\/blockquote>\n<p><strong><img loading=\"lazy\" decoding=\"async\" class=\"alignleft\" src=\"https:\/\/www.radiopiu.net\/wordpress\/wp-content\/uploads\/2022\/07\/th-16.jpg\" width=\"191\" height=\"100\" \/>CASTELFRANCO<\/strong> Due cagnolini lasciati soli, chiusi nel suv nero per due ore sotto il sole, fortunatamente nessuna conseguenza per loro, ma solo grazie all&#8217;intervento della Polizia Locale. E&#8217; successo ieri a Castelfranco alle 11 del mattino. Il bellunese, proprietario dei cani e dell&#8217;auto \u00e8 stato denunciato per abbandono e maltrattamento di animali. Gli agenti della locale stavano per infrangere il vetro proprio mentre \u00e8 arrivato il proprietario che ha provato a giustificarsi dicendo &#8220;Ho lasciato uno spiraglio aprendo il finestrino&#8221;.<br \/>\nFOTO ARCHIVIO<\/p>\n<p>&nbsp;<\/p>\n<p>&nbsp;<\/p>\n<hr \/>\n<blockquote>\n<h3><\/h3>\n<h3>IL PAESE DEI TRE PONTI, PRESTO IN ARRIVO IL QUARTO E ANCHE IL QUINTO<\/h3>\n<\/blockquote>\n<p><strong>TAIBON<\/strong><em> &#8220;Andiamo a fare il giro dei tre ponti&#8221;,\u00a0<\/em>frase detta e ripetuta tra chi abita o frequenta Taibon. Tre ponti, due sul torrente Tegnas e uno sul Cordevole che\u00a0 permettono di girare il paese in un percorso ad anello, ma presto i ponti saranno quattro. Infatti dopo qualche lustro di attesa (sono cambiati tre Presidenti dell&#8217;Unione Montana) trover\u00e0 presto collocazione (lo dicevamo anche un paio d&#8217;anni fa) il ponte in legno sul torrente Cordevole in fondo a via Foch. Ma \u00e8 la\u00a0 volta buona, infatti \u00e8 gi\u00e0 stato preparato il piazzale e le spalle in cemento sono terminate (da tempo) per accogliere la struttura. Quello che frena ora \u00e8 la larghezza delle strade. Infatti sar\u00e0 impossibile per un bilico transitare per via Foch tra le abitazioni, unica soluzione dalla tangenziale di Agordo entrare in paese da Taier (campagna) per per fare questo prima dovr\u00e0 essere rettificata la curva del Cristo. La realizzazione del percorso ciclo-pedonale lungo la Valle del medio basso Cordevole \u00e8 curata dall&#8217;Unione Montana per un importo di oltre 220 mila euro, sono interessati i Comuni di Taibon, Agordo e La Valle Agordina, ovvero i paesi attraversati dalla ciclabile. Il ponte infatti porter\u00e0 direttamente al tracciato che attraversa la campagna di Agordo, oltrepassa Polane e si ferma all&#8217;altezza del laghetto, sotto la tangenziale, perch\u00e9 un privato da anni\u00a0 si \u00e8 messo di traverso nelle aule dei tribunali e si attende la sentenza finale, l&#8217;ultimo grado di giudizio. I &#8220;taiboner&#8221; pi\u00f9 attenti saranno per\u00f2 pronti ad aggiungere: e il quinto ponte? Il riferimento all&#8217;attraversamento del Tegnas dal centro del paese al campo sportivo, interdetto da tempo perch\u00e9 &#8220;marcio&#8221; ed a rischio crollo. Nella prossima stagione sar\u00e0 ristrutturato, risanato e si spera riaperto al transito dei pedoni.<\/p>\n<p>&nbsp;<\/p>\n\n\t\t\t<style type='text\/css'>\n\t\t\t\t#gallery-2 {\n\t\t\t\t\tmargin: auto;\n\t\t\t\t}\n\t\t\t\t#gallery-2 .gallery-item {\n\t\t\t\t\tfloat: left;\n\t\t\t\t\tmargin-top: 10px;\n\t\t\t\t\ttext-align: center;\n\t\t\t\t\twidth: 33%;\n\t\t\t\t}\n\t\t\t\t#gallery-2 img {\n\t\t\t\t\tborder: 2px solid #cfcfcf;\n\t\t\t\t}\n\t\t\t\t#gallery-2 .gallery-caption {\n\t\t\t\t\tmargin-left: 0;\n\t\t\t\t}\n\t\t\t\t\/* see gallery_shortcode() in wp-includes\/media.php *\/\n\t\t\t<\/style>\n\t\t<div id='gallery-2' class='dt-gallery-container gallery galleryid-288375 gallery-columns-3 gallery-size-thumbnail'><dl class='gallery-item'>\n\t\t\t\t<dt class='gallery-icon portrait'>\n\t\t\t\t\t<a class=\"rollover rollover-zoom dt-pswp-item\" title=\"f312796b-d5dc-4ae4-b8c7-f62e6996b389\" data-dt-img-description=\"\" data-large_image_width=\"899\" data-large_image_height=\"1599\"href='https:\/\/www.radiopiu.net\/wordpress\/wp-content\/uploads\/2022\/07\/f312796b-d5dc-4ae4-b8c7-f62e6996b389.jpg'><img loading=\"lazy\" decoding=\"async\" width=\"150\" height=\"150\" src=\"https:\/\/www.radiopiu.net\/wordpress\/wp-content\/uploads\/2022\/07\/f312796b-d5dc-4ae4-b8c7-f62e6996b389-150x150.jpg\" class=\"attachment-thumbnail size-thumbnail\" alt=\"\" \/><\/a>\n\t\t\t\t<\/dt><\/dl><dl class='gallery-item'>\n\t\t\t\t<dt class='gallery-icon landscape'>\n\t\t\t\t\t<a class=\"rollover rollover-zoom dt-pswp-item\" title=\"2e1e7e1c-a9c0-444a-bfde-0bf0c8166860\" data-dt-img-description=\"\" data-large_image_width=\"1599\" data-large_image_height=\"899\"href='https:\/\/www.radiopiu.net\/wordpress\/wp-content\/uploads\/2022\/07\/2e1e7e1c-a9c0-444a-bfde-0bf0c8166860.jpg'><img loading=\"lazy\" decoding=\"async\" width=\"150\" height=\"150\" src=\"https:\/\/www.radiopiu.net\/wordpress\/wp-content\/uploads\/2022\/07\/2e1e7e1c-a9c0-444a-bfde-0bf0c8166860-150x150.jpg\" class=\"attachment-thumbnail size-thumbnail\" alt=\"\" \/><\/a>\n\t\t\t\t<\/dt><\/dl><dl class='gallery-item'>\n\t\t\t\t<dt class='gallery-icon landscape'>\n\t\t\t\t\t<a class=\"rollover rollover-zoom dt-pswp-item\" title=\"0cf9c234-0042-4b8d-8166-9a14e753af57\" data-dt-img-description=\"\" data-large_image_width=\"1599\" data-large_image_height=\"899\"href='https:\/\/www.radiopiu.net\/wordpress\/wp-content\/uploads\/2022\/07\/0cf9c234-0042-4b8d-8166-9a14e753af57.jpg'><img loading=\"lazy\" decoding=\"async\" width=\"150\" height=\"150\" src=\"https:\/\/www.radiopiu.net\/wordpress\/wp-content\/uploads\/2022\/07\/0cf9c234-0042-4b8d-8166-9a14e753af57-150x150.jpg\" class=\"attachment-thumbnail size-thumbnail\" alt=\"\" \/><\/a>\n\t\t\t\t<\/dt><\/dl><br style=\"clear: both\" \/>\n\t\t\t<\/div>\n\n<p>&nbsp;<\/p>\n<hr \/>\n<p>&nbsp;<\/p>\n<blockquote>\n<h3>IL NUOVO CCS ALLA CASERMA TOIGO, CI VORRANNO DUE ANNI<\/h3>\n<\/blockquote>\n<p>&nbsp;<\/p>\n<p><strong><a class=\"dt-pswp-item\" href=\"https:\/\/www.radiopiu.net\/wordpress\/wp-content\/uploads\/2022\/07\/th-15.jpg\" data-dt-img-description=\"\" data-large_image_width=\"380\" data-large_image_height=\"213\"><img loading=\"lazy\" decoding=\"async\" class=\" wp-image-288338 alignleft\" src=\"https:\/\/www.radiopiu.net\/wordpress\/wp-content\/uploads\/2022\/07\/th-15-150x150.jpg\" alt=\"\" width=\"135\" height=\"135\" \/><\/a>BELLUNO<\/strong><\/p>\n<p><strong>di Moreno Gioli<\/strong><\/p>\n<audio class=\"wp-audio-shortcode\" id=\"audio-288375-1\" preload=\"none\" style=\"width: 100%;\" controls=\"controls\"><source type=\"audio\/mpeg\" src=\"https:\/\/www.radiopiu.net\/wordpress\/wp-content\/uploads\/2022\/07\/nuovo-ccs.mp3?_=1\" \/><a href=\"https:\/\/www.radiopiu.net\/wordpress\/wp-content\/uploads\/2022\/07\/nuovo-ccs.mp3\">https:\/\/www.radiopiu.net\/wordpress\/wp-content\/uploads\/2022\/07\/nuovo-ccs.mp3<\/a><\/audio>\n<p>&nbsp;<\/p>\n<p><strong>IL PREFETTO MARIANO SAVASTANO <span style=\"color: #ff0000;\">punto stampa<\/span><\/strong><\/p>\n<audio class=\"wp-audio-shortcode\" id=\"audio-288375-2\" preload=\"none\" style=\"width: 100%;\" controls=\"controls\"><source type=\"audio\/mpeg\" src=\"https:\/\/www.radiopiu.net\/wordpress\/wp-content\/uploads\/2022\/07\/mariano-savastano-ccs.mp3?_=2\" \/><a href=\"https:\/\/www.radiopiu.net\/wordpress\/wp-content\/uploads\/2022\/07\/mariano-savastano-ccs.mp3\">https:\/\/www.radiopiu.net\/wordpress\/wp-content\/uploads\/2022\/07\/mariano-savastano-ccs.mp3<\/a><\/audio>\n<p>&nbsp;<\/p>\n<p>&nbsp;<\/p>\n<p>&nbsp;<\/p>\n<hr \/>\n<p>&nbsp;<\/p>\n<blockquote>\n<h3>ESSILORLUXOTTICA-FEDON, CONCLUSA LA PROCEDURA DEL DIRITTO DI ACQUISTO<\/h3>\n<\/blockquote>\n<p><strong>MILANO<\/strong> \u00a0Luxottica rende noto che ha comunicato alla Giorgio Fedon l\u2019avvenuto deposito\u00a0 della somma di 386.427 euro,\u00a0 pari al controvalore complessivo delle 22.691 azioni in circolazione.<\/p>\n<p>&nbsp;<\/p>\n<hr \/>\n<blockquote>\n<h3><\/h3>\n<h3>CONTRIBUTI COVID ALLE IMPRESE, PUBBLICATE LE GRADUATORIE<\/h3>\n<\/blockquote>\n<p><strong><a class=\"dt-pswp-item\" href=\"https:\/\/www.radiopiu.net\/wordpress\/wp-content\/uploads\/2020\/06\/vista-frontale-dei-soldi-della-holding-della-persona_23-2148547912.jpg\" data-dt-img-description=\"\" data-large_image_width=\"626\" data-large_image_height=\"469\"><img loading=\"lazy\" decoding=\"async\" class=\"size-thumbnail wp-image-146655 alignleft\" src=\"https:\/\/www.radiopiu.net\/wordpress\/wp-content\/uploads\/2020\/06\/vista-frontale-dei-soldi-della-holding-della-persona_23-2148547912-150x150.jpg\" alt=\"\" width=\"150\" height=\"150\" \/><\/a>BELLUNO<\/strong> Sono state pubblicate le graduatorie relative ai bandi per aiuti alle attivit\u00e0 produttive proposti dalla Provincia. Si tratta di una delle misure inserite nella manovra \u201canti-Covid\u201d varata insieme da Provincia e Fondo Comuni confinanti per aiutare le piccole imprese. In totale il budget messo a disposizione ammontava a 2,7 milioni di euro, di cui 1 milione 950mila euro da Fcc e 750mila euro dalla Provincia.\u00ab<em>Restano al momento escluse dal finanziamento 42 piccole imprese della ristorazione e della ricettivit\u00e0, tra il primo e il secondo bando che sono stati gettonatissimi; ma stiamo lavorando per scorrere la graduatoria e finanziare il numero pi\u00f9 alto possibile di queste domande&#8221; <\/em>assicura il presidente della Provincia, Roberto Padrin.<\/p>\n<p>&nbsp;<\/p>\n<p>&nbsp;<\/p>\n<hr \/>\n<p>&nbsp;<\/p>\n<blockquote>\n<h3>LUXOTTICA: NEL CARRELLO DELLA SPESA ANCHE I PRODOTTI SELEZIONATI DALLO CHEF OLDANI<\/h3>\n<\/blockquote>\n<p><strong><a class=\"dt-pswp-item\" href=\"https:\/\/www.radiopiu.net\/wordpress\/wp-content\/uploads\/2022\/06\/LUXOTTICA-12.jpg\" data-dt-img-description=\"\" data-large_image_width=\"800\" data-large_image_height=\"600\"><img loading=\"lazy\" decoding=\"async\" class=\"size-thumbnail wp-image-284019 alignleft\" src=\"https:\/\/www.radiopiu.net\/wordpress\/wp-content\/uploads\/2022\/06\/LUXOTTICA-12-150x150.jpg\" alt=\"\" width=\"150\" height=\"150\" \/><\/a>AGORDO<\/strong> Come ogni anno \u00e8 arrivato il momento di scegliere il carrello della spesa per i dipendenti del gruppo Luxottica. Come ormai accade da qualche anno, le maestranze potranno scegliere tra diverse tipologie di carrello. Il classico, il locale (con i prodotti del territorio) e quello senza glutine e lattosio per coloro che hanno dei problemi di alimentazione. Da quest&#8217;anno la novit\u00e0 arriva direttamente dallo Chef Davide Oldani che, dopo l&#8217;accordo con l&#8217;azienda per la mensa Luxottica, ha pensato ad un pacco della spesa speciale che si chiama Easy On Food. Un carrello speciale con prodotti scelti e di qualit\u00e0. All&#8217;interno le maestranze potranno trovare mezzo litro di olio EVO 100% italiano, 3 confezioni di un caff\u00e8 pregiato, farina per dolci, farina per pane, 5 confezioni di pasta trafilata al bronzo, 1 kg di riso carnaroli, zafferano, miele di castagno, 3 bastoni di cioccolata, 2 confezioni di formaggio Soligo e, fiore all&#8217;occhiello, il PanD&#8217;O, prodotto dallo stesso Oldani. Gli operai potranno effettuare la propria scelta tra le quattro tipologie di spesa ed avranno tempo fino al 28 luglio. In caso di mancata selezione del carrello, l&#8217;azienda distribuir\u00e0 di default il carrello con i prodotti locali.<\/p>\n<p>&nbsp;<\/p>\n<hr \/>\n<p>&nbsp;<\/p>\n<blockquote>\n<h3>SCUOLA ESTATE, TANTI PROGETTI E AMPIA PARTECIPAZIONE DEI GIOVANI<\/h3>\n<\/blockquote>\n\n\t\t\t<style type='text\/css'>\n\t\t\t\t#gallery-3 {\n\t\t\t\t\tmargin: auto;\n\t\t\t\t}\n\t\t\t\t#gallery-3 .gallery-item {\n\t\t\t\t\tfloat: left;\n\t\t\t\t\tmargin-top: 10px;\n\t\t\t\t\ttext-align: center;\n\t\t\t\t\twidth: 50%;\n\t\t\t\t}\n\t\t\t\t#gallery-3 img {\n\t\t\t\t\tborder: 2px solid #cfcfcf;\n\t\t\t\t}\n\t\t\t\t#gallery-3 .gallery-caption {\n\t\t\t\t\tmargin-left: 0;\n\t\t\t\t}\n\t\t\t\t\/* see gallery_shortcode() in wp-includes\/media.php *\/\n\t\t\t<\/style>\n\t\t<div id='gallery-3' class='dt-gallery-container gallery galleryid-288375 gallery-columns-2 gallery-size-thumbnail'><dl class='gallery-item'>\n\t\t\t\t<dt class='gallery-icon portrait'>\n\t\t\t\t\t<a class=\"rollover rollover-zoom dt-pswp-item\" title=\"Scuola_Estate_2\" data-dt-img-description=\"\" data-large_image_width=\"900\" data-large_image_height=\"1600\"href='https:\/\/www.radiopiu.net\/wordpress\/wp-content\/uploads\/2022\/07\/Scuola_Estate_2.jpg'><img loading=\"lazy\" decoding=\"async\" width=\"150\" height=\"150\" src=\"https:\/\/www.radiopiu.net\/wordpress\/wp-content\/uploads\/2022\/07\/Scuola_Estate_2-150x150.jpg\" class=\"attachment-thumbnail size-thumbnail\" alt=\"\" \/><\/a>\n\t\t\t\t<\/dt><\/dl><dl class='gallery-item'>\n\t\t\t\t<dt class='gallery-icon landscape'>\n\t\t\t\t\t<a class=\"rollover rollover-zoom dt-pswp-item\" title=\"Scuola_Estate\" data-dt-img-description=\"\" data-large_image_width=\"2223\" data-large_image_height=\"1416\"href='https:\/\/www.radiopiu.net\/wordpress\/wp-content\/uploads\/2022\/07\/Scuola_Estate.jpg'><img loading=\"lazy\" decoding=\"async\" width=\"150\" height=\"150\" src=\"https:\/\/www.radiopiu.net\/wordpress\/wp-content\/uploads\/2022\/07\/Scuola_Estate-150x150.jpg\" class=\"attachment-thumbnail size-thumbnail\" alt=\"\" \/><\/a>\n\t\t\t\t<\/dt><\/dl><br style=\"clear: both\" \/>\n\t\t\t<\/div>\n\n<p><strong>PONTE NELLE ALPI<\/strong>\u00a0<b> <\/b>Si sono conclusi i percorsi previsti dal piano \u201cScuola Estate\u201d, organizzato dall\u2019Istituto comprensivo di Ponte nelle Alpi, con il Comune e le associazioni: tra la primaria di Polpet e la secondaria di Canevoi, l\u2019obiettivo era quello di far vivere esperienze coinvolgenti e ludiche, in modo da sviluppare competenze attraverso laboratori e diverse forme di socialit\u00e0. Il divertimento \u00e8 stato il filo conduttore; la scoperta, la chiave di lettura: in particolare, la scoperta delle abilit\u00e0, del territorio e della propria scuola.<span class=\"gmail-Apple-converted-space\"> \u00a0<\/span>I ragazzi hanno trascorso le mattinate in allegria, dedicandosi ad attivit\u00e0 motorie e creative a Polpet, grazie ai finanziamenti del progetto \u201cLuoghi e non luoghi\u201d del fondo \u201cCon i bambini\u201d, ma anche alla musica, ad approfondimenti sulla realt\u00e0 locale e ad esperienze pratiche di qualit\u00e0.<\/p>\n<div><\/div>\n<hr \/>\n<blockquote>\n<h3><a class=\"dt-pswp-item\" href=\"https:\/\/www.radiopiu.net\/wordpress\/wp-content\/uploads\/2021\/12\/BIM-PIAVE.jpg\" data-dt-img-description=\"\" data-large_image_width=\"420\" data-large_image_height=\"280\"><img loading=\"lazy\" decoding=\"async\" class=\"wp-image-249802 alignleft\" src=\"https:\/\/www.radiopiu.net\/wordpress\/wp-content\/uploads\/2021\/12\/BIM-PIAVE-150x150.jpg\" alt=\"\" width=\"73\" height=\"73\" \/><\/a>L&#8217;ASSEMBLEA DEL CONSORZIO BIM PIAVE<\/h3>\n<\/blockquote>\n<p><strong>BELLUNO<\/strong> Mercoled\u00ec 27 luglio alle 15 riunione dell&#8217;assemblea del Consorzio Bim Piave Belluno. Il Presidente\u00a0 Marco Staunovo Polacco, ha firmato un ordine del giorno in tre punti: verifica degli equilibri di bilancio, variazione al bilancio di previsione 2022-24 e comunicazioni del Presidente.<\/p>\n<p>&nbsp;<\/p>\n<hr \/>\n<p>&nbsp;<\/p>\n<blockquote>\n<h3>TURISMO IN NEVEGAL TUTTO L\u2019ANNO<\/h3>\n<\/blockquote>\n<p><strong><a class=\"dt-pswp-item\" href=\"https:\/\/www.radiopiu.net\/wordpress\/wp-content\/uploads\/2022\/04\/nevegal.jpg\" data-dt-img-description=\"\" data-large_image_width=\"1920\" data-large_image_height=\"1080\"><img loading=\"lazy\" decoding=\"async\" class=\" wp-image-270873 alignleft\" src=\"https:\/\/www.radiopiu.net\/wordpress\/wp-content\/uploads\/2022\/04\/nevegal-150x150.jpg\" alt=\"\" width=\"133\" height=\"133\" \/><\/a>BELLUNO<\/strong> Destagionalizzazione, cabina di regia pubblico privato, promozione e valorizzazione dell\u2019esistente. E\u2019 stato il Nevegal il tema al centro dell\u2019incontro tra l\u2019assessore al Turismo Paolo Luciani e le associazioni Nevegallika, Proprietari del Nevegal e Amici del Nevegal.<\/p>\n<p><strong>l&#8217;assessore Paolo Luciani<\/strong><\/p>\n<audio class=\"wp-audio-shortcode\" id=\"audio-288375-3\" preload=\"none\" style=\"width: 100%;\" controls=\"controls\"><source type=\"audio\/mpeg\" src=\"https:\/\/www.radiopiu.net\/wordpress\/wp-content\/uploads\/2022\/07\/LUCIANI-LEGA.mp3?_=3\" \/><a href=\"https:\/\/www.radiopiu.net\/wordpress\/wp-content\/uploads\/2022\/07\/LUCIANI-LEGA.mp3\">https:\/\/www.radiopiu.net\/wordpress\/wp-content\/uploads\/2022\/07\/LUCIANI-LEGA.mp3<\/a><\/audio>\n<p>&nbsp;<\/p>\n<hr \/>\n<p>&nbsp;<\/p>\n<blockquote>\n<h3>ACCELERARE GLI INVESTIMENTI PER FAR FUNZIONARE LA RETE IN MONTAGNA<\/h3>\n<\/blockquote>\n<p><strong>ROMA<\/strong> <em>&#8220;Il governo acceleri gli investimenti nelle aree montane per colmare il divario digitale e assicurare il pieno funzionamento delle reti telefoniche&#8221;.<\/em> Il deputato Roger De Menech, ha presentato un\u2019interrogazione al Ministro per l&#8217;Innovazione tecnologica e la transizione digitale chiedendo quali iniziative urgenti intenda adottare per ripristinare il servizio telefonico in Comelico, Alpago e Alto Agordino. Secondo De Menech Il disservizio \u00e8 causato da una questione tecnica legata ai ripetitori. La Strategia nazionale per la Banda Ultra Larga ha l\u2019obiettivo di portare la connettivit\u00e0 a 1 Gbps su tutto il territorio nazionale entro il 2026 e favorire lo sviluppo di infrastrutture di telecomunicazione fisse e mobili, cos\u00ec come indicato dal Piano Nazionale di Ripresa e Resilienza (PNRR).<\/p>\n<p>&nbsp;<\/p>\n<hr \/>\n<p>&nbsp;<\/p>\n<blockquote>\n<h3>LAVORI IDRICI A BELLUNO, IERI IL PRIMO DEI DUE GIORNI DI GRANDI LAVORI<\/h3>\n<\/blockquote>\n<p><strong>di Moreno Gioli\u00a0<\/strong><\/p>\n<audio class=\"wp-audio-shortcode\" id=\"audio-288375-4\" preload=\"none\" style=\"width: 100%;\" controls=\"controls\"><source type=\"audio\/mpeg\" src=\"https:\/\/www.radiopiu.net\/wordpress\/wp-content\/uploads\/2022\/07\/moreno-gsp.mp3?_=4\" \/><a href=\"https:\/\/www.radiopiu.net\/wordpress\/wp-content\/uploads\/2022\/07\/moreno-gsp.mp3\">https:\/\/www.radiopiu.net\/wordpress\/wp-content\/uploads\/2022\/07\/moreno-gsp.mp3<\/a><\/audio>\n<p>&nbsp;<\/p>\n<p><strong>IL PRESIDENTE DI GSP ATTILIO SOMMAVILLA<\/strong><\/p>\n<audio class=\"wp-audio-shortcode\" id=\"audio-288375-5\" preload=\"none\" style=\"width: 100%;\" controls=\"controls\"><source type=\"audio\/mpeg\" src=\"https:\/\/www.radiopiu.net\/wordpress\/wp-content\/uploads\/2022\/07\/sommavilla.mp3?_=5\" \/><a href=\"https:\/\/www.radiopiu.net\/wordpress\/wp-content\/uploads\/2022\/07\/sommavilla.mp3\">https:\/\/www.radiopiu.net\/wordpress\/wp-content\/uploads\/2022\/07\/sommavilla.mp3<\/a><\/audio>\n<p>&nbsp;<\/p>\n<p>L&#8217;ASSESSORE FRANCO ROCCON<\/p>\n<audio class=\"wp-audio-shortcode\" id=\"audio-288375-6\" preload=\"none\" style=\"width: 100%;\" controls=\"controls\"><source type=\"audio\/mpeg\" src=\"https:\/\/www.radiopiu.net\/wordpress\/wp-content\/uploads\/2022\/07\/roccon.mp3?_=6\" \/><a href=\"https:\/\/www.radiopiu.net\/wordpress\/wp-content\/uploads\/2022\/07\/roccon.mp3\">https:\/\/www.radiopiu.net\/wordpress\/wp-content\/uploads\/2022\/07\/roccon.mp3<\/a><\/audio>\n<p>&nbsp;<\/p>\n\n\t\t\t<style type='text\/css'>\n\t\t\t\t#gallery-4 {\n\t\t\t\t\tmargin: auto;\n\t\t\t\t}\n\t\t\t\t#gallery-4 .gallery-item {\n\t\t\t\t\tfloat: left;\n\t\t\t\t\tmargin-top: 10px;\n\t\t\t\t\ttext-align: center;\n\t\t\t\t\twidth: 50%;\n\t\t\t\t}\n\t\t\t\t#gallery-4 img {\n\t\t\t\t\tborder: 2px solid #cfcfcf;\n\t\t\t\t}\n\t\t\t\t#gallery-4 .gallery-caption {\n\t\t\t\t\tmargin-left: 0;\n\t\t\t\t}\n\t\t\t\t\/* see gallery_shortcode() in wp-includes\/media.php *\/\n\t\t\t<\/style>\n\t\t<div id='gallery-4' class='dt-gallery-container gallery galleryid-288375 gallery-columns-2 gallery-size-thumbnail'><dl class='gallery-item'>\n\t\t\t\t<dt class='gallery-icon landscape'>\n\t\t\t\t\t<a class=\"rollover rollover-zoom dt-pswp-item\" title=\"f6b4331e-e49a-48d1-acba-2d24957166e5\" data-dt-img-description=\"\" data-large_image_width=\"1600\" data-large_image_height=\"901\"href='https:\/\/www.radiopiu.net\/wordpress\/wp-content\/uploads\/2022\/07\/f6b4331e-e49a-48d1-acba-2d24957166e5.jpg'><img loading=\"lazy\" decoding=\"async\" width=\"150\" height=\"150\" src=\"https:\/\/www.radiopiu.net\/wordpress\/wp-content\/uploads\/2022\/07\/f6b4331e-e49a-48d1-acba-2d24957166e5-150x150.jpg\" class=\"attachment-thumbnail size-thumbnail\" alt=\"\" \/><\/a>\n\t\t\t\t<\/dt><\/dl><dl class='gallery-item'>\n\t\t\t\t<dt class='gallery-icon landscape'>\n\t\t\t\t\t<a class=\"rollover rollover-zoom dt-pswp-item\" title=\"94dd2704-3ec2-4c4c-83f8-4cb7ea10e8c6\" data-dt-img-description=\"\" data-large_image_width=\"1600\" data-large_image_height=\"901\"href='https:\/\/www.radiopiu.net\/wordpress\/wp-content\/uploads\/2022\/07\/94dd2704-3ec2-4c4c-83f8-4cb7ea10e8c6.jpg'><img loading=\"lazy\" decoding=\"async\" width=\"150\" height=\"150\" src=\"https:\/\/www.radiopiu.net\/wordpress\/wp-content\/uploads\/2022\/07\/94dd2704-3ec2-4c4c-83f8-4cb7ea10e8c6-150x150.jpg\" class=\"attachment-thumbnail size-thumbnail\" alt=\"\" \/><\/a>\n\t\t\t\t<\/dt><\/dl><br style=\"clear: both\" \/>\n\t\t\t<\/div>\n\n<p>&nbsp;<\/p>\n<p>&nbsp;<\/p>\n<p>&nbsp;<\/p>\n<hr \/>\n<p>&nbsp;<\/p>\n<blockquote class=\"wp-embedded-content\" data-secret=\"5GH9yhBAQb\"><p><a href=\"https:\/\/www.radiopiu.net\/wordpress\/aggnazionaleluglio20\/\">CORONAVIRUS: AGGIORNAMENTO NAZIONALE 20 LUGLIO 2022<\/a><\/p><\/blockquote>\n<p><iframe loading=\"lazy\" class=\"wp-embedded-content\" sandbox=\"allow-scripts\" security=\"restricted\" style=\"position: absolute; clip: rect(1px, 1px, 1px, 1px);\" title=\"&#8220;CORONAVIRUS: AGGIORNAMENTO NAZIONALE 20 LUGLIO 2022&#8221; &#8212; Radio Pi\u00f9\" src=\"https:\/\/www.radiopiu.net\/wordpress\/aggnazionaleluglio20\/embed\/#?secret=UgG8W0b2hZ#?secret=5GH9yhBAQb\" data-secret=\"5GH9yhBAQb\" width=\"600\" height=\"338\" frameborder=\"0\" marginwidth=\"0\" marginheight=\"0\" scrolling=\"no\"><\/iframe><\/p>\n<p>&nbsp;<\/p>\n<p>&nbsp;<\/p>\n<blockquote class=\"wp-embedded-content\" data-secret=\"gbPgP9Mg28\"><p><a href=\"https:\/\/www.radiopiu.net\/wordpress\/aggazzeroluglio20\/\">STABILI I RICOVERI, 16 DECESSI E 9234 NUOVE POSITIVITA&#8217; IN 24 ORE NEL VENETO<\/a><\/p><\/blockquote>\n<p><iframe loading=\"lazy\" class=\"wp-embedded-content\" sandbox=\"allow-scripts\" security=\"restricted\" style=\"position: absolute; clip: rect(1px, 1px, 1px, 1px);\" title=\"&#8220;STABILI I RICOVERI, 16 DECESSI E 9234 NUOVE POSITIVITA&#8217; IN 24 ORE NEL VENETO&#8221; &#8212; Radio Pi\u00f9\" src=\"https:\/\/www.radiopiu.net\/wordpress\/aggazzeroluglio20\/embed\/#?secret=OHnNGUhHt5#?secret=gbPgP9Mg28\" data-secret=\"gbPgP9Mg28\" width=\"600\" height=\"338\" frameborder=\"0\" marginwidth=\"0\" marginheight=\"0\" scrolling=\"no\"><\/iframe><\/p>\n<p>&nbsp;<\/p>\n<h2>I GRAFICI DI TIZIANO DE COL<\/h2>\n\n\t\t\t<style type='text\/css'>\n\t\t\t\t#gallery-5 {\n\t\t\t\t\tmargin: auto;\n\t\t\t\t}\n\t\t\t\t#gallery-5 .gallery-item {\n\t\t\t\t\tfloat: left;\n\t\t\t\t\tmargin-top: 10px;\n\t\t\t\t\ttext-align: center;\n\t\t\t\t\twidth: 33%;\n\t\t\t\t}\n\t\t\t\t#gallery-5 img {\n\t\t\t\t\tborder: 2px solid #cfcfcf;\n\t\t\t\t}\n\t\t\t\t#gallery-5 .gallery-caption {\n\t\t\t\t\tmargin-left: 0;\n\t\t\t\t}\n\t\t\t\t\/* see gallery_shortcode() in wp-includes\/media.php *\/\n\t\t\t<\/style>\n\t\t<div id='gallery-5' class='dt-gallery-container gallery galleryid-288375 gallery-columns-3 gallery-size-thumbnail'><dl class='gallery-item'>\n\t\t\t\t<dt class='gallery-icon landscape'>\n\t\t\t\t\t<a class=\"rollover\" href='https:\/\/www.radiopiu.net\/wordpress\/giornale-radiopiu-21-luglio-2022-direttore-mirko-mezzacasa\/a34b6b82-f1ba-4d83-8fbe-86473507031d\/'><img loading=\"lazy\" decoding=\"async\" width=\"150\" height=\"150\" src=\"https:\/\/www.radiopiu.net\/wordpress\/wp-content\/uploads\/2022\/07\/a34b6b82-f1ba-4d83-8fbe-86473507031d-150x150.jpg\" class=\"attachment-thumbnail size-thumbnail\" alt=\"\" \/><\/a>\n\t\t\t\t<\/dt><\/dl><dl class='gallery-item'>\n\t\t\t\t<dt class='gallery-icon landscape'>\n\t\t\t\t\t<a class=\"rollover\" href='https:\/\/www.radiopiu.net\/wordpress\/giornale-radiopiu-21-luglio-2022-direttore-mirko-mezzacasa\/2a092b46-8f1d-4b00-8130-405a33099a1e-2\/'><img loading=\"lazy\" decoding=\"async\" width=\"150\" height=\"150\" src=\"https:\/\/www.radiopiu.net\/wordpress\/wp-content\/uploads\/2022\/07\/2a092b46-8f1d-4b00-8130-405a33099a1e-1-150x150.jpg\" class=\"attachment-thumbnail size-thumbnail\" alt=\"\" \/><\/a>\n\t\t\t\t<\/dt><\/dl><dl class='gallery-item'>\n\t\t\t\t<dt class='gallery-icon landscape'>\n\t\t\t\t\t<a class=\"rollover\" href='https:\/\/www.radiopiu.net\/wordpress\/giornale-radiopiu-21-luglio-2022-direttore-mirko-mezzacasa\/dc540c40-b9e9-4a7c-85c3-5a411ad2e696\/'><img loading=\"lazy\" decoding=\"async\" width=\"150\" height=\"150\" src=\"https:\/\/www.radiopiu.net\/wordpress\/wp-content\/uploads\/2022\/07\/dc540c40-b9e9-4a7c-85c3-5a411ad2e696-150x150.jpg\" class=\"attachment-thumbnail size-thumbnail\" alt=\"\" \/><\/a>\n\t\t\t\t<\/dt><\/dl><br style=\"clear: both\" \/><dl class='gallery-item'>\n\t\t\t\t<dt class='gallery-icon landscape'>\n\t\t\t\t\t<a class=\"rollover\" href='https:\/\/www.radiopiu.net\/wordpress\/giornale-radiopiu-21-luglio-2022-direttore-mirko-mezzacasa\/1fdac849-8c56-4a98-8300-4cb0cf3e27e6-2\/'><img loading=\"lazy\" decoding=\"async\" width=\"150\" height=\"150\" src=\"https:\/\/www.radiopiu.net\/wordpress\/wp-content\/uploads\/2022\/07\/1fdac849-8c56-4a98-8300-4cb0cf3e27e6-1-150x150.jpg\" class=\"attachment-thumbnail size-thumbnail\" alt=\"\" \/><\/a>\n\t\t\t\t<\/dt><\/dl><dl class='gallery-item'>\n\t\t\t\t<dt class='gallery-icon landscape'>\n\t\t\t\t\t<a class=\"rollover\" href='https:\/\/www.radiopiu.net\/wordpress\/giornale-radiopiu-21-luglio-2022-direttore-mirko-mezzacasa\/83d3fe69-4ea3-4720-bf03-ed0fb01cb1e5-2\/'><img loading=\"lazy\" decoding=\"async\" width=\"150\" height=\"150\" src=\"https:\/\/www.radiopiu.net\/wordpress\/wp-content\/uploads\/2022\/07\/83d3fe69-4ea3-4720-bf03-ed0fb01cb1e5-1-150x150.jpg\" class=\"attachment-thumbnail size-thumbnail\" alt=\"\" \/><\/a>\n\t\t\t\t<\/dt><\/dl><dl class='gallery-item'>\n\t\t\t\t<dt class='gallery-icon landscape'>\n\t\t\t\t\t<a class=\"rollover\" href='https:\/\/www.radiopiu.net\/wordpress\/giornale-radiopiu-21-luglio-2022-direttore-mirko-mezzacasa\/3635af4b-7555-4b89-a294-aca9ea549af1-2\/'><img loading=\"lazy\" decoding=\"async\" width=\"150\" height=\"150\" src=\"https:\/\/www.radiopiu.net\/wordpress\/wp-content\/uploads\/2022\/07\/3635af4b-7555-4b89-a294-aca9ea549af1-1-150x150.jpg\" class=\"attachment-thumbnail size-thumbnail\" alt=\"\" \/><\/a>\n\t\t\t\t<\/dt><\/dl><br style=\"clear: both\" \/>\n\t\t\t<\/div>\n\n<p>&nbsp;<\/p>\n<hr \/>\n<p>&nbsp;<\/p>\n<blockquote>\n<h3>PUR CON I CONTAGI IN CRESCITA CHIUDE L&#8217;HUB VACCINALE DI SEDICO<\/h3>\n<\/blockquote>\n<blockquote>\n<h3><em><img loading=\"lazy\" decoding=\"async\" class=\"alignleft\" src=\"https:\/\/www.radiopiu.net\/wordpress\/wp-content\/uploads\/2022\/07\/185476740_3001363933453760_4074807801523706942_n-650x390-1.jpg\" width=\"187\" height=\"112\" \/>Quale l&#8217;alternativa in Valbelluna? Luxottica c&#8217;\u00e8.<\/em><\/h3>\n<\/blockquote>\n<p>&nbsp;<\/p>\n<p><strong>SEDICO\u00a0<\/strong><\/p>\n<p><strong>di MORENO GIOLI\u00a0<\/strong><\/p>\n<audio class=\"wp-audio-shortcode\" id=\"audio-288375-7\" preload=\"none\" style=\"width: 100%;\" controls=\"controls\"><source type=\"audio\/mpeg\" src=\"https:\/\/www.radiopiu.net\/wordpress\/wp-content\/uploads\/2022\/07\/moreno-hub.mp3?_=7\" \/><a href=\"https:\/\/www.radiopiu.net\/wordpress\/wp-content\/uploads\/2022\/07\/moreno-hub.mp3\">https:\/\/www.radiopiu.net\/wordpress\/wp-content\/uploads\/2022\/07\/moreno-hub.mp3<\/a><\/audio>\n<p>&nbsp;<\/p>\n<p><strong>IL PREFETTO MARIANO SAVASTANO, <span style=\"color: #ff0000;\">punto stampa<\/span><\/strong><\/p>\n<audio class=\"wp-audio-shortcode\" id=\"audio-288375-8\" preload=\"none\" style=\"width: 100%;\" controls=\"controls\"><source type=\"audio\/mpeg\" src=\"https:\/\/www.radiopiu.net\/wordpress\/wp-content\/uploads\/2022\/07\/mariano-savastano-hub-vaccinale.mp3?_=8\" \/><a href=\"https:\/\/www.radiopiu.net\/wordpress\/wp-content\/uploads\/2022\/07\/mariano-savastano-hub-vaccinale.mp3\">https:\/\/www.radiopiu.net\/wordpress\/wp-content\/uploads\/2022\/07\/mariano-savastano-hub-vaccinale.mp3<\/a><\/audio>\n<p>&nbsp;<\/p>\n<p>&nbsp;<\/p>\n<p>&nbsp;<\/p>\n<p>&nbsp;<\/p>\n<hr \/>\n<p>&nbsp;<\/p>\n<blockquote>\n<h3>OTTANTA CHILOMETRI IN SEI GIORNI, LA NUOVA PROPOSTA PER L&#8217;AUTUNNO E LA PRIMAVERA<\/h3>\n<\/blockquote>\n<p><strong><img loading=\"lazy\" decoding=\"async\" class=\"alignleft\" src=\"https:\/\/www.radiopiu.net\/wordpress\/wp-content\/uploads\/2021\/11\/81aa72cc-d66b-44fa-afd5-7103ae531a24.jpg\" width=\"163\" height=\"120\" \/>FALCADE<\/strong><\/p>\n<p><strong>DI GIANNI SANTOMASO<\/strong><\/p>\n<audio class=\"wp-audio-shortcode\" id=\"audio-288375-9\" preload=\"none\" style=\"width: 100%;\" controls=\"controls\"><source type=\"audio\/mpeg\" src=\"https:\/\/www.radiopiu.net\/wordpress\/wp-content\/uploads\/2022\/07\/80-chilometri-in-sei-giorni.mp3?_=9\" \/><a href=\"https:\/\/www.radiopiu.net\/wordpress\/wp-content\/uploads\/2022\/07\/80-chilometri-in-sei-giorni.mp3\">https:\/\/www.radiopiu.net\/wordpress\/wp-content\/uploads\/2022\/07\/80-chilometri-in-sei-giorni.mp3<\/a><\/audio>\n<p>&nbsp;<\/p>\n<hr \/>\n<blockquote>\n<h3><\/h3>\n<h3>IN VENETO NOVITA\u2019 SUL FONDO DELLA NON AUTOSUFFICIENZA<\/h3>\n<\/blockquote>\n<p><strong><a class=\"dt-pswp-item\" href=\"https:\/\/www.radiopiu.net\/wordpress\/wp-content\/uploads\/2018\/09\/anziana.jpg\" data-dt-img-description=\"\" data-large_image_width=\"1280\" data-large_image_height=\"960\"><img loading=\"lazy\" decoding=\"async\" class=\"size-thumbnail wp-image-61539 alignleft\" src=\"https:\/\/www.radiopiu.net\/wordpress\/wp-content\/uploads\/2018\/09\/anziana-150x150.jpg\" alt=\"\" width=\"150\" height=\"150\" \/><\/a>VENEZIA <\/strong>Rivoluzione nel settore della \u201cnon autosufficienza\u201d con l\u2019unificazione dei due livelli assistenziali (con quota sanitaria unica da 52 euro) e 3mila impegnative in pi\u00f9. La Regione ha varato un Piano che prevede una nuova pianificazione, con incremento di 3000 impegnative di residenzialit\u00e0 nel triennio 2022\/2024 valorizzando, in modo proporzionale, i territori meno dotati. La previsione \u00e8 quella di rendere disponibili gi\u00e0 nel secondo semestre dell\u2019anno 1.000 impegnative, con un incremento di nuove 1.000 all\u2019anno. La programmazione verte a migliorare l\u2019accessibilit\u00e0 alle strutture e agir\u00e0 sulle liste di attesa andando a ridurle con il meccanismo della graduatoria unica.\u00a0 Tale azione prevede un impegno gi\u00e0 nell&#8217;esercizio 2022 di 19.862.399,00 euro.\u00a0 Nell&#8217;arco della programmazione triennale le risorse assommano 148.376.000,00 euro.<\/p>\n<p>&nbsp;<\/p>\n<p>&nbsp;<\/p>\n<hr \/>\n<p>&nbsp;<\/p>\n<blockquote>\n<h3>CONFARTIGIANATO PUNTA IL DITO SUL SISTEMA DEL \u201cCLICK DAY\u201d<\/h3>\n<\/blockquote>\n<p><strong><a class=\"dt-pswp-item\" href=\"https:\/\/www.radiopiu.net\/wordpress\/wp-content\/uploads\/2022\/07\/CONFARTIGIANATO.png\" data-dt-img-description=\"\" data-large_image_width=\"1001\" data-large_image_height=\"431\"><img loading=\"lazy\" decoding=\"async\" class=\"alignleft wp-image-288229 \" src=\"https:\/\/www.radiopiu.net\/wordpress\/wp-content\/uploads\/2022\/07\/CONFARTIGIANATO-300x129.png\" alt=\"\" width=\"177\" height=\"76\" srcset=\"https:\/\/www.radiopiu.net\/wordpress\/wp-content\/uploads\/2022\/07\/CONFARTIGIANATO-300x129.png 300w, https:\/\/www.radiopiu.net\/wordpress\/wp-content\/uploads\/2022\/07\/CONFARTIGIANATO-768x331.png 768w, https:\/\/www.radiopiu.net\/wordpress\/wp-content\/uploads\/2022\/07\/CONFARTIGIANATO.png 1001w\" sizes=\"auto, (max-width: 177px) 100vw, 177px\" \/><\/a>BELLUNO<\/strong> <em>\u00abBisogna cambiare radicalmente il sistema del click day, altrimenti i contributi non andranno quasi mai alle piccole imprese delle zone di montagna\u00bb.<\/em> Lo dice il direttore di Confartigianato Belluno, Michele Basso. L\u2019associazione provinciale degli artigiani rilancia un tema che proprio in questi giorni sta tenendo banco a Confartigianato nazionale, quello della semplificazione e della riduzione degli oneri burocratici. La Confederazione ha denunciato le criticit\u00e0.<\/p>\n<p>&nbsp;<\/p>\n<hr \/>\n<p>&nbsp;<\/p>\n<blockquote>\n<h3>PRODOTTI SALUTISTICI DAGLI SCARTI DELL&#8217;OLIVA<\/h3>\n<\/blockquote>\n<p><strong><a class=\"dt-pswp-item\" href=\"https:\/\/www.radiopiu.net\/wordpress\/wp-content\/uploads\/2022\/07\/OLIVE.png\" data-dt-img-description=\"\" data-large_image_width=\"1236\" data-large_image_height=\"1062\"><img loading=\"lazy\" decoding=\"async\" class=\" wp-image-288227 alignleft\" src=\"https:\/\/www.radiopiu.net\/wordpress\/wp-content\/uploads\/2022\/07\/OLIVE-150x150.png\" alt=\"\" width=\"137\" height=\"137\" \/><\/a>BELLUNO<\/strong> Utilizzare gli scarti della lavorazione per la produzione di olio d\u2019oliva per farne cosmetici, integratori e prodotti per l\u2019alimentazione animale. Tutto con processi ecosostenibili e innovativi. \u00c8 un progetto all\u2019avanguardia\u00a0 con capofila l\u2019azienda bellunese Moldoi\u00a0 di Sospirolo,\u00a0 punta a utilizzare ramaglie da potatura, foglie d\u2019olivo, polpa, buccia, sanse, nocciolino e acque di vegetazione per l\u2019estrazione dei principi attivi di interesse salutistico, cosmetico e farmaceutico. ll progetto\u00a0 si concluder\u00e0 nell\u2019agosto 2024. Verranno lavorati 10.000 quintali di scarti, di cui il 15% da ricondurre a residui di olive dop.<\/p>\n<p><span style=\"color: #ff0000;\"><strong>L&#8217;APPROFONDIMENTO<\/strong><\/span><\/p>\n<blockquote class=\"wp-embedded-content\" data-secret=\"Z1MkzyqGdt\"><p><a href=\"https:\/\/www.radiopiu.net\/wordpress\/prodotti-salutistici-dagli-scarti-dellolio-doliva\/\">PRODOTTI SALUTISTICI DAGLI SCARTI DELL&#8217;OLIO D&#8217;OLIVA<\/a><\/p><\/blockquote>\n<p><iframe loading=\"lazy\" class=\"wp-embedded-content\" sandbox=\"allow-scripts\" security=\"restricted\" style=\"position: absolute; clip: rect(1px, 1px, 1px, 1px);\" title=\"&#8220;PRODOTTI SALUTISTICI DAGLI SCARTI DELL&#8217;OLIO D&#8217;OLIVA&#8221; &#8212; Radio Pi\u00f9\" src=\"https:\/\/www.radiopiu.net\/wordpress\/prodotti-salutistici-dagli-scarti-dellolio-doliva\/embed\/#?secret=wiw29QZhzk#?secret=Z1MkzyqGdt\" data-secret=\"Z1MkzyqGdt\" width=\"600\" height=\"338\" frameborder=\"0\" marginwidth=\"0\" marginheight=\"0\" scrolling=\"no\"><\/iframe><\/p>\n<p>&nbsp;<\/p>\n<hr \/>\n<p>&nbsp;<\/p>\n<blockquote>\n<h3><a class=\"dt-pswp-item\" href=\"https:\/\/www.radiopiu.net\/wordpress\/wp-content\/uploads\/2022\/07\/fonda.jpg\" data-dt-img-description=\"\" data-large_image_width=\"560\" data-large_image_height=\"369\"><img loading=\"lazy\" decoding=\"async\" class=\"size-thumbnail wp-image-286801 alignleft\" src=\"https:\/\/www.radiopiu.net\/wordpress\/wp-content\/uploads\/2022\/07\/fonda-150x150.jpg\" alt=\"\" width=\"150\" height=\"150\" \/><\/a>OGGI LA VISITA DEL CARDINALE PAROLIN, IL PROGRAMMA<\/h3>\n<\/blockquote>\n<p><strong>CANALE D&#8217;AGORDO <\/strong>Alle 10 a fare gli onori di casa il\u00a0 sindaco Flavio Colcergnan e l&#8217;amministratore parrocchiale Don Matteo Colle, alle\u00a0 10.30 la Visita alla Casa Natale di Papa Luciani<\/p>\n<p>&nbsp;<\/p>\n<p>&nbsp;<\/p>\n<p>&nbsp;<\/p>\n<hr \/>\n<p>&nbsp;<\/p>\n<blockquote>\n<h3><a class=\"dt-pswp-item\" href=\"https:\/\/www.radiopiu.net\/wordpress\/wp-content\/uploads\/2022\/07\/Marco-Tarquinio-direttore-Avvenire.jpg\" data-dt-img-description=\"\" data-large_image_width=\"1440\" data-large_image_height=\"1265\"><img loading=\"lazy\" decoding=\"async\" class=\" wp-image-288224 alignleft\" src=\"https:\/\/www.radiopiu.net\/wordpress\/wp-content\/uploads\/2022\/07\/Marco-Tarquinio-direttore-Avvenire-150x150.jpg\" alt=\"\" width=\"104\" height=\"104\" \/><\/a>DOMANI A CANALE D&#8217;AGORDO IL DIRETTORE DI AVVENIRE<\/h3>\n<\/blockquote>\n<p><strong>CANALE D&#8217;AGORDO\u00a0 <\/strong>Domani \u00a0si terr\u00e0 la \u201cGiornata di Avvenire\u201d, del\u00a0 quotidiano cattolico nazionale. Alle 9.30, presso la chiesa di San Giovanni Battista, il vescovo della diocesi Belluno \u2013 Feltre, mons. Renato Marangoni, celebrer\u00e0 la\u00a0 Messa,\u00a0 seguir\u00e0 l&#8217;incontro con il direttore di Avvenire, Marco Tarquinio.<\/p>\n<p>&nbsp;<\/p>\n<hr \/>\n<p>&nbsp;<\/p>\n<blockquote>\n<h3>ANCHE LA MODIFICA DEL PIANO TRIENNALE DELLE OPERE PUBBLICHE NEL CONSIGLIO COMUNALE IN VAL FIORENTINA<\/h3>\n<\/blockquote>\n<p><strong>SELVA DI CADORE<\/strong> Lunedi alle 18 consiglio comunale convocato dal sindaco Luca Lorenzini, all&#8217;ordine del giorno: variazioni al bilanci di previsione e assestamento generale di bilancio. Nomina del revisore dei conti (Sara Tillati) e approvazione della variante al piano degli interventi. In discussione anche il regolamento autoservizi pubblici e lo statuto dell&#8217;ASCA.<\/p>\n<p>&nbsp;<\/p>\n<hr \/>\n<p>&nbsp;<\/p>\n<blockquote>\n<h3>UNA MOSTRA PER I 50 ANNI DI ATTIVITA&#8217; DEL CIRCOLO FOTOGRAFICO MARIO DE BIASI<\/h3>\n<\/blockquote>\n<p><strong><a class=\"dt-pswp-item\" href=\"https:\/\/www.radiopiu.net\/wordpress\/wp-content\/uploads\/2022\/07\/Schermata-2022-07-20-alle-10.25.39.png\" data-dt-img-description=\"\" data-large_image_width=\"1000\" data-large_image_height=\"622\"><img loading=\"lazy\" decoding=\"async\" class=\"size-thumbnail wp-image-288216 alignleft\" src=\"https:\/\/www.radiopiu.net\/wordpress\/wp-content\/uploads\/2022\/07\/Schermata-2022-07-20-alle-10.25.39-150x150.png\" alt=\"\" width=\"150\" height=\"150\" \/><\/a>BELLUNO <\/strong>Il Circolo Fotografico Bellunese \u201cMario De Biasi\u201d celebra i 50 anni di attivit\u00e0 con l\u2019esposizione di oltre 150 fotografie dei soci e due serate con proiezioni in multivisione. L\u2019inaugurazione si svolger\u00e0 domenica 24 luglio alle 18 nella sala conferenze del Comune di Borgo Valbelluna, mentre l\u2019esposizione \u00e8 stata allestita a Palazzo delle Contesse di Mel. La mostra \u201c50 anni con la fotografia\u201d consiste in un\u2019esposizione di circa 160 fotografie scattate dai soci del Circolo che ripercorrono mezzo secolo di storia del sodalizio intitolato a Mario De Biasi. Sono state recuperate fotografie scattate dai soci nei primi anni di attivit\u00e0 del Gruppo, tra la fine del 1969 e l\u2019inizio del 1970, quando il fotografo professionista Giuseppe \u201cBepi\u201d Zanfron riun\u00ec attorno a s\u00e9 alcuni amici appassionati di fotografia gettando le basi di quello che sarebbe poi divenuto il Circolo Fotografico Bellunese di oggi. La mostra sar\u00e0 visitabile dal 23 luglio al 14 agosto. Due gli appuntamenti ad ingresso libero con le proiezioni in multi visione: venerd\u00ec 5 agosto alle 20.45 con Walter Argenta, Mauro Bronzato, Vanni Case, Loris De Barba e Diego De Riz e venerd\u00ec 12 agosto con Dario Tonet, Adriana Fontanella, Virgilio Sacchet, Ivo Santomaso, Roberto Sorama\u00e8 e Luigi Zampieri.<\/p>\n<p>&nbsp;<\/p>\n<p>&nbsp;<\/p>\n<hr \/>\n<p>&nbsp;<\/p>\n<blockquote>\n<h3>DOMANI LA PRESENTAZIONE DEL LIBRO DI MARIO AGNOLI IN SALA DON TAMIS<\/h3>\n<\/blockquote>\n<p><strong><a class=\"dt-pswp-item\" href=\"https:\/\/www.radiopiu.net\/wordpress\/wp-content\/uploads\/2022\/07\/img20220713_10003785-scaled.jpg\" data-dt-img-description=\"\" data-large_image_width=\"1804\" data-large_image_height=\"2560\"><img loading=\"lazy\" decoding=\"async\" class=\"alignleft wp-image-288218 \" src=\"https:\/\/www.radiopiu.net\/wordpress\/wp-content\/uploads\/2022\/07\/img20220713_10003785-211x300.jpg\" alt=\"\" width=\"116\" height=\"165\" srcset=\"https:\/\/www.radiopiu.net\/wordpress\/wp-content\/uploads\/2022\/07\/img20220713_10003785-211x300.jpg 211w, https:\/\/www.radiopiu.net\/wordpress\/wp-content\/uploads\/2022\/07\/img20220713_10003785-722x1024.jpg 722w, https:\/\/www.radiopiu.net\/wordpress\/wp-content\/uploads\/2022\/07\/img20220713_10003785-768x1090.jpg 768w, https:\/\/www.radiopiu.net\/wordpress\/wp-content\/uploads\/2022\/07\/img20220713_10003785-1083x1536.jpg 1083w, https:\/\/www.radiopiu.net\/wordpress\/wp-content\/uploads\/2022\/07\/img20220713_10003785-1443x2048.jpg 1443w, https:\/\/www.radiopiu.net\/wordpress\/wp-content\/uploads\/2022\/07\/img20220713_10003785-scaled.jpg 1804w\" sizes=\"auto, (max-width: 116px) 100vw, 116px\" \/><\/a>AGORDO<\/strong> Per il secondo anno la Biblioteca Civica di Agordo, il Circolo Culturale Agordino e il comune di Agordo hanno il piacere di ospitare la presentazione delle opere \u201cdolomitiche\u201d dell\u2019autore Mario Agnoli, pubblicate postume dall\u2019editore Nuovi Sentieri e curate dalla moglie Marina Zampolini Agnoli. Domani alle 18,00 nella Sala \u201cdon Tamis\u201d ad Agordo a parlare di questo libro saranno presenti, oltre a Marina Zampolini e Bepi Pellegrinon, anche Dino Bridda e Loris Santomaso.<\/p>\n<p>&nbsp;<\/p>\n<p>&nbsp;<\/p>\n<hr \/>\n<p>&nbsp;<\/p>\n<blockquote>\n<h3>SABATO AL VIA &#8220;D&#8217;ISTA&#8217; A SAN TOMAS&#8221;<\/h3>\n<\/blockquote>\n<p><strong>SAN TOMASO<\/strong> Inizia questo fine settimana la serie di eventi a San Tomaso dal titolo &#8220;Ist\u00e0 a San Tomas&#8221;. Cinque appuntamenti d&#8217;estate organizzati dalla Pro Loco. Il primo appuntamento sabato alle 17:30 a Celat &#8211; Pont dei Lida con &#8220;La Memoria, Le stagioni e la strada&#8221;, il nostro territorio visto attraverso i racconti di Paolo Soppelsa, con la partecipazione di Radio Pi\u00f9. Sabato 6 agosto alle 20:45 sar\u00e0 il turno dei Sintagma, quartetto vocale di Feltre, con &#8220;Musica inte le Vile&#8221;. Luned\u00ec 8 agosto alle 21 Musica Nell&#8217;Agordino presenta un concerto per soprano e organo, con Sara Cecchin e Manolo Da Rold. Il secondo appuntamento di Musica Inte Le Vile \u00e8 in programma sabato 13 agosto alle 17:30 con il concerto del Trio Na Fuoia. A chiudere il programma sar\u00e0 Luisa Manfroi con &#8220;L&#8217;Agordino&#8221;, con racconti e aneddoti sul nostro territorio, gioved\u00ec 18 agosto alle 17:30.<\/p>\n<p><strong>L&#8217;INVITO DI PAOLO SOPPELSA ALLA PRIMA DATA\u00a0<\/strong><\/p>\n<audio class=\"wp-audio-shortcode\" id=\"audio-288375-10\" preload=\"none\" style=\"width: 100%;\" controls=\"controls\"><source type=\"audio\/mpeg\" src=\"https:\/\/www.radiopiu.net\/wordpress\/wp-content\/uploads\/2022\/07\/INVITO-PAOLO-SOPPELSA.mp3?_=10\" \/><a href=\"https:\/\/www.radiopiu.net\/wordpress\/wp-content\/uploads\/2022\/07\/INVITO-PAOLO-SOPPELSA.mp3\">https:\/\/www.radiopiu.net\/wordpress\/wp-content\/uploads\/2022\/07\/INVITO-PAOLO-SOPPELSA.mp3<\/a><\/audio>\n<p>&nbsp;<\/p>\n\n\t\t\t<style type='text\/css'>\n\t\t\t\t#gallery-6 {\n\t\t\t\t\tmargin: auto;\n\t\t\t\t}\n\t\t\t\t#gallery-6 .gallery-item {\n\t\t\t\t\tfloat: left;\n\t\t\t\t\tmargin-top: 10px;\n\t\t\t\t\ttext-align: center;\n\t\t\t\t\twidth: 50%;\n\t\t\t\t}\n\t\t\t\t#gallery-6 img {\n\t\t\t\t\tborder: 2px solid #cfcfcf;\n\t\t\t\t}\n\t\t\t\t#gallery-6 .gallery-caption {\n\t\t\t\t\tmargin-left: 0;\n\t\t\t\t}\n\t\t\t\t\/* see gallery_shortcode() in wp-includes\/media.php *\/\n\t\t\t<\/style>\n\t\t<div id='gallery-6' class='dt-gallery-container gallery galleryid-288375 gallery-columns-2 gallery-size-thumbnail'><dl class='gallery-item'>\n\t\t\t\t<dt class='gallery-icon portrait'>\n\t\t\t\t\t<a class=\"rollover rollover-zoom dt-pswp-item\" title=\"6e7afc39-2e50-47c6-b393-095c3fddcce2\" data-dt-img-description=\"\" data-large_image_width=\"1131\" data-large_image_height=\"1600\"href='https:\/\/www.radiopiu.net\/wordpress\/wp-content\/uploads\/2022\/07\/6e7afc39-2e50-47c6-b393-095c3fddcce2.jpg'><img loading=\"lazy\" decoding=\"async\" width=\"150\" height=\"150\" src=\"https:\/\/www.radiopiu.net\/wordpress\/wp-content\/uploads\/2022\/07\/6e7afc39-2e50-47c6-b393-095c3fddcce2-150x150.jpg\" class=\"attachment-thumbnail size-thumbnail\" alt=\"\" \/><\/a>\n\t\t\t\t<\/dt><\/dl><dl class='gallery-item'>\n\t\t\t\t<dt class='gallery-icon portrait'>\n\t\t\t\t\t<a class=\"rollover rollover-zoom dt-pswp-item\" title=\"1a520690-775c-4d64-b148-d2d695a51a74\" data-dt-img-description=\"\" data-large_image_width=\"1131\" data-large_image_height=\"1600\"href='https:\/\/www.radiopiu.net\/wordpress\/wp-content\/uploads\/2022\/07\/1a520690-775c-4d64-b148-d2d695a51a74.jpg'><img loading=\"lazy\" decoding=\"async\" width=\"150\" height=\"150\" src=\"https:\/\/www.radiopiu.net\/wordpress\/wp-content\/uploads\/2022\/07\/1a520690-775c-4d64-b148-d2d695a51a74-150x150.jpg\" class=\"attachment-thumbnail size-thumbnail\" alt=\"\" \/><\/a>\n\t\t\t\t<\/dt><\/dl><br style=\"clear: both\" \/>\n\t\t\t<\/div>\n\n<p>&nbsp;<\/p>\n<p>&nbsp;<\/p>\n<hr \/>\n<p>&nbsp;<\/p>\n<blockquote><p><span style=\"color: #000000; font-family: verdana, sans-serif; font-size: large;\"><b>&#8220;NOSTALGIA DI UN SORRISO&#8221;. A PIEVE D\u2019ALPAGO MONSIGNOR FORNEZZA RACCONTA PAPA LUCIANI<\/b><\/span><\/p><\/blockquote>\n<p><strong>ALPAGO\u00a0<\/strong> \u201cNostalgia di un sorriso\u201d \u00e8 il titolo della pubblicazione che monsignor Ettore Fornezza, sacerdote veneziano, ha dedicato ad Albino Luciani, Giovanni Paolo I. Il libro sar\u00e0 presentato, alla presenza dell\u2019autore, domani alle 20.30 nella chiesa arcipretale di Pieve d\u2019Alpago, a cura del Comitato Alpago 2 Ruote&amp;Solidariet\u00e0, in collaborazione con Comune di Alpago, Biblioteca Civica e Parrocchia. Monsignor Fornezza per una decina d\u2019anni \u00e8 stato accanto a Luciani poi come prete e aiutante personale ed \u00e8 presidente dell&#8217;Associazione, creata in memoria dell&#8217;ex Patriarca di Venezia e poi papa Giovanni Paolo I. Il volume curato dal sacerdote veneziano \u00e8 ricco di fotografie e racconta Luciani lontano dall&#8217;ufficialit\u00e0.<\/p>\n<p>&nbsp;<\/p>\n<p>&nbsp;<\/p>\n<hr \/>\n<p>&nbsp;<\/p>\n<blockquote>\n<h3>40esimo ANNIVERSARIO DEL GRUPPO ALPINI DI CHIES D&#8217;ALPAGO<\/h3>\n<\/blockquote>\n\n\t\t\t<style type='text\/css'>\n\t\t\t\t#gallery-7 {\n\t\t\t\t\tmargin: auto;\n\t\t\t\t}\n\t\t\t\t#gallery-7 .gallery-item {\n\t\t\t\t\tfloat: left;\n\t\t\t\t\tmargin-top: 10px;\n\t\t\t\t\ttext-align: center;\n\t\t\t\t\twidth: 20%;\n\t\t\t\t}\n\t\t\t\t#gallery-7 img {\n\t\t\t\t\tborder: 2px solid #cfcfcf;\n\t\t\t\t}\n\t\t\t\t#gallery-7 .gallery-caption {\n\t\t\t\t\tmargin-left: 0;\n\t\t\t\t}\n\t\t\t\t\/* see gallery_shortcode() in wp-includes\/media.php *\/\n\t\t\t<\/style>\n\t\t<div id='gallery-7' class='dt-gallery-container gallery galleryid-288375 gallery-columns-5 gallery-size-thumbnail'><dl class='gallery-item'>\n\t\t\t\t<dt class='gallery-icon landscape'>\n\t\t\t\t\t<a class=\"rollover rollover-zoom dt-pswp-item\" title=\"Il Tariol\" data-dt-img-description=\"\" data-large_image_width=\"1920\" data-large_image_height=\"1080\"href='https:\/\/www.radiopiu.net\/wordpress\/wp-content\/uploads\/2022\/07\/Il-Tariol.jpg'><img loading=\"lazy\" decoding=\"async\" width=\"150\" height=\"150\" src=\"https:\/\/www.radiopiu.net\/wordpress\/wp-content\/uploads\/2022\/07\/Il-Tariol-150x150.jpg\" class=\"attachment-thumbnail size-thumbnail\" alt=\"\" \/><\/a>\n\t\t\t\t<\/dt><\/dl><dl class='gallery-item'>\n\t\t\t\t<dt class='gallery-icon landscape'>\n\t\t\t\t\t<a class=\"rollover rollover-zoom dt-pswp-item\" title=\"Un momento della messa\" data-dt-img-description=\"\" data-large_image_width=\"1920\" data-large_image_height=\"970\"href='https:\/\/www.radiopiu.net\/wordpress\/wp-content\/uploads\/2022\/07\/Un-momento-della-messa.jpg'><img loading=\"lazy\" decoding=\"async\" width=\"150\" height=\"150\" src=\"https:\/\/www.radiopiu.net\/wordpress\/wp-content\/uploads\/2022\/07\/Un-momento-della-messa-150x150.jpg\" class=\"attachment-thumbnail size-thumbnail\" alt=\"\" \/><\/a>\n\t\t\t\t<\/dt><\/dl><dl class='gallery-item'>\n\t\t\t\t<dt class='gallery-icon landscape'>\n\t\t\t\t\t<a class=\"rollover rollover-zoom dt-pswp-item\" title=\"Momento della Messa\" data-dt-img-description=\"\" data-large_image_width=\"1920\" data-large_image_height=\"1104\"href='https:\/\/www.radiopiu.net\/wordpress\/wp-content\/uploads\/2022\/07\/Momento-della-Messa.jpg'><img loading=\"lazy\" decoding=\"async\" width=\"150\" height=\"150\" src=\"https:\/\/www.radiopiu.net\/wordpress\/wp-content\/uploads\/2022\/07\/Momento-della-Messa-150x150.jpg\" class=\"attachment-thumbnail size-thumbnail\" alt=\"\" \/><\/a>\n\t\t\t\t<\/dt><\/dl><dl class='gallery-item'>\n\t\t\t\t<dt class='gallery-icon landscape'>\n\t\t\t\t\t<a class=\"rollover rollover-zoom dt-pswp-item\" title=\"Gianni Fontana con Alpini di Chies\" data-dt-img-description=\"\" data-large_image_width=\"1920\" data-large_image_height=\"1440\"href='https:\/\/www.radiopiu.net\/wordpress\/wp-content\/uploads\/2022\/07\/Gianni-Fontana-con-Alpini-di-Chies.jpg'><img loading=\"lazy\" decoding=\"async\" width=\"150\" height=\"150\" src=\"https:\/\/www.radiopiu.net\/wordpress\/wp-content\/uploads\/2022\/07\/Gianni-Fontana-con-Alpini-di-Chies-150x150.jpg\" class=\"attachment-thumbnail size-thumbnail\" alt=\"\" \/><\/a>\n\t\t\t\t<\/dt><\/dl><dl class='gallery-item'>\n\t\t\t\t<dt class='gallery-icon landscape'>\n\t\t\t\t\t<a class=\"rollover rollover-zoom dt-pswp-item\" title=\"Giansilvio Chiesura\" data-dt-img-description=\"\" data-large_image_width=\"1920\" data-large_image_height=\"1080\"href='https:\/\/www.radiopiu.net\/wordpress\/wp-content\/uploads\/2022\/07\/Giansilvio-Chiesura.jpg'><img loading=\"lazy\" decoding=\"async\" width=\"150\" height=\"150\" src=\"https:\/\/www.radiopiu.net\/wordpress\/wp-content\/uploads\/2022\/07\/Giansilvio-Chiesura-150x150.jpg\" class=\"attachment-thumbnail size-thumbnail\" alt=\"\" \/><\/a>\n\t\t\t\t<\/dt><\/dl><br style=\"clear: both\" \/>\n\t\t\t<\/div>\n\n<p><strong>CHIES D&#8217;ALPAGO<\/strong> Correva l\u2019anno 1982 quando venne collocato il Tariol (capitello) dedicato alla Madonna delle Nevi. Quarant\u2019anni fa aveva inizio anche il gemellaggio con il Gruppo di Toscolano Maderno (Brescia).\u00a0 Alla consueta messa celebrata da Don Jean Roland immancabili i ringraziamenti da parte del Sindaco di Chies d\u2019Alpago, Gianluca Dal Borgo<br \/>\nIn rappresentanza della Sezione di Belluno \u00e8 intervenuto il consigliere Giorgio Schizzi. Presente anche il primo Sindaco di Alpago, Umberto Soccal.<br \/>\n<strong>GIANLUCA DAL BORGO<\/strong><\/p>\n<div style=\"width: 1200px;\" class=\"wp-video\"><video class=\"wp-video-shortcode\" id=\"video-288375-1\" width=\"1200\" height=\"675\" preload=\"metadata\" controls=\"controls\"><source type=\"video\/mp4\" src=\"https:\/\/www.radiopiu.net\/wordpress\/wp-content\/uploads\/2022\/07\/Dichiarazioni-Gianluca-Dal-Borgo.mp4?_=1\" \/><a href=\"https:\/\/www.radiopiu.net\/wordpress\/wp-content\/uploads\/2022\/07\/Dichiarazioni-Gianluca-Dal-Borgo.mp4\">https:\/\/www.radiopiu.net\/wordpress\/wp-content\/uploads\/2022\/07\/Dichiarazioni-Gianluca-Dal-Borgo.mp4<\/a><\/video><\/div>\n<p>&nbsp;<\/p>\n<p><strong>UMBERTO SOCCAL<\/strong><\/p>\n<div style=\"width: 1200px;\" class=\"wp-video\"><video class=\"wp-video-shortcode\" id=\"video-288375-2\" width=\"1200\" height=\"675\" preload=\"metadata\" controls=\"controls\"><source type=\"video\/mp4\" src=\"https:\/\/www.radiopiu.net\/wordpress\/wp-content\/uploads\/2022\/07\/Dichiarazioni-Umberto-Soccal.mp4?_=2\" \/><a href=\"https:\/\/www.radiopiu.net\/wordpress\/wp-content\/uploads\/2022\/07\/Dichiarazioni-Umberto-Soccal.mp4\">https:\/\/www.radiopiu.net\/wordpress\/wp-content\/uploads\/2022\/07\/Dichiarazioni-Umberto-Soccal.mp4<\/a><\/video><\/div>\n<p>&nbsp;<\/p>\n<p>&nbsp;<\/p>\n<hr \/>\n<p>&nbsp;<\/p>\n<blockquote>\n<h3>FORMICHE D&#8217;ALTA QUOTA CON FABIO VETTORI<\/h3>\n<\/blockquote>\n<p><strong><a class=\"dt-pswp-item\" href=\"https:\/\/www.radiopiu.net\/wordpress\/wp-content\/uploads\/2022\/07\/aaa-7.jpg\" data-dt-img-description=\"\" data-large_image_width=\"339\" data-large_image_height=\"238\"><img loading=\"lazy\" decoding=\"async\" class=\"size-thumbnail wp-image-288054 alignleft\" src=\"https:\/\/www.radiopiu.net\/wordpress\/wp-content\/uploads\/2022\/07\/aaa-7-150x150.jpg\" alt=\"\" width=\"150\" height=\"150\" \/><\/a>ROCCA PIETORE<\/strong> Sabato alle 11 nella sala polifunzionale della stazione funiviaria di Serauta sar\u00e0 inaugurata la\u00a0 <span id=\"page3R_mcid9\" class=\"markedContent\"><span dir=\"ltr\" role=\"presentation\">mostra personale di <\/span><span dir=\"ltr\" role=\"presentation\">Fabio Vettori \u201cFormiche ad alta quota\u201d alla presenza dell&#8217;autore. E<\/span><\/span><span id=\"page3R_mcid10\" class=\"markedContent\"><span dir=\"ltr\" role=\"presentation\">sposizione\u00a0 a 50 anni dalla<\/span><br role=\"presentation\" \/><span dir=\"ltr\" role=\"presentation\">creazione<\/span> <span dir=\"ltr\" role=\"presentation\">della<\/span> <span dir=\"ltr\" role=\"presentation\">prima<\/span> <span dir=\"ltr\" role=\"presentation\">formica.<\/span> <span dir=\"ltr\" role=\"presentation\">Nel<\/span> <span dir=\"ltr\" role=\"presentation\">pomeriggio,<\/span> <span dir=\"ltr\" role=\"presentation\">per<\/span> <span dir=\"ltr\" role=\"presentation\">bambini<\/span> <span dir=\"ltr\" role=\"presentation\">e<\/span> <span dir=\"ltr\" role=\"presentation\">ragazzi<\/span> <span dir=\"ltr\" role=\"presentation\">sar\u00e0 <\/span><span dir=\"ltr\" role=\"presentation\">invece offerta la possibilit\u00e0 di partecipare<\/span> <span dir=\"ltr\" role=\"presentation\">gratuitamente a un laboratorio di <\/span><span dir=\"ltr\" role=\"presentation\">disegno tenuto da Fabio Vettori. <\/span><\/span><span id=\"page3R_mcid11\" class=\"markedContent\"><span dir=\"ltr\" role=\"presentation\">La mostra \u00e8 stata organizzata con lo scopo di affrontare in modo diverso temi <\/span><span dir=\"ltr\" role=\"presentation\">culturali,<\/span> <span dir=\"ltr\" role=\"presentation\">come<\/span> <span dir=\"ltr\" role=\"presentation\">quello<\/span> <span dir=\"ltr\" role=\"presentation\">della<\/span> <span dir=\"ltr\" role=\"presentation\">Grande<\/span> <span dir=\"ltr\" role=\"presentation\">Guerra,<\/span> <span dir=\"ltr\" role=\"presentation\">che<\/span> <span dir=\"ltr\" role=\"presentation\">\u00e8<\/span> <span dir=\"ltr\" role=\"presentation\">ben<\/span> <span dir=\"ltr\" role=\"presentation\">rappresentato<\/span> <span dir=\"ltr\" role=\"presentation\">nella<\/span><br role=\"presentation\" \/><span dir=\"ltr\" role=\"presentation\">tavola di Vettori dedicat<\/span><span dir=\"ltr\" role=\"presentation\">a alla Marmolada. La cultura \u00e8 da sempre nascosta in <\/span><span dir=\"ltr\" role=\"presentation\">questo mondo di carta popolato dalle formiche umanizzate dell\u2019autore trentino, <\/span><span dir=\"ltr\" role=\"presentation\">che<\/span> <span dir=\"ltr\" role=\"presentation\">dopo<\/span> <span dir=\"ltr\" role=\"presentation\">aver<\/span> <span dir=\"ltr\" role=\"presentation\">fatto<\/span> <span dir=\"ltr\" role=\"presentation\">il<\/span> <span dir=\"ltr\" role=\"presentation\">giro<\/span> <span dir=\"ltr\" role=\"presentation\">del<\/span> <span dir=\"ltr\" role=\"presentation\">globo<\/span> <span dir=\"ltr\" role=\"presentation\">le<\/span> <span dir=\"ltr\" role=\"presentation\">ha<\/span> <span dir=\"ltr\" role=\"presentation\">portate<\/span> <span dir=\"ltr\" role=\"presentation\">fin<\/span> <span dir=\"ltr\" role=\"presentation\">sulla<\/span> <span dir=\"ltr\" role=\"presentation\">Regina<\/span> <span dir=\"ltr\" role=\"presentation\">delle <\/span><span dir=\"ltr\" role=\"presentation\">Dolomiti, la Marmolada. <\/span><\/span><span id=\"page3R_mcid12\" class=\"markedContent\"><span dir=\"ltr\" role=\"presentation\">All\u2019inaugurazione seguir<\/span><span dir=\"ltr\" role=\"presentation\">\u00e0 un momento conviviale aperto a tutti i partecipanti\u00a0<\/span><\/span><\/p>\n<p>&nbsp;<\/p>\n<p>&nbsp;<\/p>\n<hr \/>\n<p>&nbsp;<\/p>\n<blockquote>\n<h3>A CANALE D\u2019AGORDO IL 19.MO SIMPOSIO DEI MASCHERAI ALPINI<\/h3>\n<\/blockquote>\n<p><span style=\"font-family: verdana, sans-serif;\"><strong><a class=\"dt-pswp-item\" href=\"https:\/\/www.radiopiu.net\/wordpress\/wp-content\/uploads\/2022\/07\/tita-bressan-mascherai-alpini.jpeg\" data-dt-img-description=\"\" data-large_image_width=\"1536\" data-large_image_height=\"2048\"><img loading=\"lazy\" decoding=\"async\" class=\"alignleft wp-image-288064 \" src=\"https:\/\/www.radiopiu.net\/wordpress\/wp-content\/uploads\/2022\/07\/tita-bressan-mascherai-alpini.jpeg\" alt=\"\" width=\"207\" height=\"276\" srcset=\"https:\/\/www.radiopiu.net\/wordpress\/wp-content\/uploads\/2022\/07\/tita-bressan-mascherai-alpini.jpeg 1536w, https:\/\/www.radiopiu.net\/wordpress\/wp-content\/uploads\/2022\/07\/tita-bressan-mascherai-alpini-225x300.jpeg 225w, https:\/\/www.radiopiu.net\/wordpress\/wp-content\/uploads\/2022\/07\/tita-bressan-mascherai-alpini-768x1024.jpeg 768w, https:\/\/www.radiopiu.net\/wordpress\/wp-content\/uploads\/2022\/07\/tita-bressan-mascherai-alpini-1152x1536.jpeg 1152w\" sizes=\"auto, (max-width: 207px) 100vw, 207px\" \/><\/a>CANALE D&#8217;AGORDO\u00a0<\/strong> Si svolger\u00e0 a Canale d\u2019Agordo la <a href=\"http:\/\/19.ma\">19.ma<\/a> edizione del Simposio dei Mascherai Alpini, iniziativa dedicata alla scultura proposta dal \u201cConsorzio dei Mascherai Alpini\u201d, realt\u00e0 nata nel 2002 per iniziativa di un gruppo di scultori di maschere lignee carnevalesche, provenienti da varie localit\u00e0 alpine del Nordest d\u2019Italia, in sinergia con il comitato La Zinghenesta, comitato che qualche anno fa ha rivitalizzato l\u2019antica maschera agordina. L\u2019appuntamento con il simposio \u00e8 da venerd\u00ec a domenica, con una tre giorni di grande intensit\u00e0. Domani: dalle 15 alle 18.30,\u00a0 inizio della realizzazione delle sculture, alle 19 inaugurazione ufficiale della rassegna cui seguir\u00e0 l&#8217;inaugurazione delle mostre correlate, nella sala consiliare del municipio, con l\u2019intervento della critica d&#8217;arte Mariangela Bognolo. Sabato dalle 9.30 alle 12 e dalle 15 alle 18.30 gli artisti lavoreranno nelle diverse postazioni, dislocate tra piazza papa Luciani e la piazzetta di Tancon e anche in alcuni tabi\u00e0 e alle 21, in piazza papa Luciani ci sar\u00e0 l\u2019esibizione del gruppo folk Val Biois, accompagnato dall\u2019intervento del comitato La Zinghenesta che presenter\u00e0 le maschere locali. <\/span><span style=\"font-family: verdana, sans-serif;\">L\u2019ultima parte del lavoro dei mascherai alpini \u00e8 previsto per la mattinata di domenica\u00a0 dalle 9 alle 12. Alle 15 le premiazioni.<\/span><\/p>\n<blockquote><p><span style=\"font-family: verdana, sans-serif;\"><br \/>\n<em>\u00abSono ventuno gli artisti che hanno aderito. Siamo molto soddisfatti perch\u00e9 provengono non solo dall\u2019Italia ma anche dalla Svizzera, dall\u2019Austria e dalla Slovenia\u00bb <\/em>sottolinea Simone Ongaro, del consiglio direttivo della Zinghenesta<em>. \u00abOltre ai lavori dei mascherai alpini, residenti e ospiti della nostra vallata potranno ammirare, presso la sala consiliare del municipio, anche altre opere: quelle della mostra dedicata a Dante Alighieri, quella delle maschere della Zinghenesta e la Xiloteca dei Mascherai alpini\u00bb.<\/em><\/span><\/p><\/blockquote>\n<p><span style=\"font-family: verdana, sans-serif;\"><br \/>\nPer approfondimenti: <a href=\"http:\/\/www.zinghenesta.it\">www.zinghenesta.it<\/a> e <a href=\"http:\/\/www.mascheraialpini.com\">www.mascheraialpini.com<\/a><\/span><\/p>\n<p>&nbsp;<\/p>\n<p>&nbsp;<\/p>\n<hr \/>\n<p>&nbsp;<\/p>\n<blockquote>\n<h3>CICLINVALLE 2022, DA AGORDO ALLA VALLE DI SAN LUCANO: IL RITORNO DOMENICA 24 LUGLIO<\/h3>\n<\/blockquote>\n<p class=\"Nessunaspaziatura\" style=\"text-align: justify; line-height: 115%;\"><span lang=\"IT\" style=\"font-size: 12.0pt; line-height: 115%;\"><strong><a class=\"dt-pswp-item\" href=\"https:\/\/www.radiopiu.net\/wordpress\/wp-content\/uploads\/2021\/06\/cicli-8.jpg\" data-dt-img-description=\"\" data-large_image_width=\"1280\" data-large_image_height=\"960\"><img loading=\"lazy\" decoding=\"async\" class=\"size-thumbnail wp-image-215029 alignleft\" src=\"https:\/\/www.radiopiu.net\/wordpress\/wp-content\/uploads\/2021\/06\/cicli-8-150x150.jpg\" alt=\"\" width=\"150\" height=\"150\" \/><\/a>AGORDO <\/strong><\/span>Anticipata di un mese rispetto alla data tradizionale ritorna la 28\u00b0 corsa ciclistica non competitiva di 10 km denominata \u201cCiclinvalle\u201d. Appuntamento domenica 24 luglio 2022 con raduno dei partecipanti alle 9.45 presso il piazzale Peppino Impastato (Parcheggio Tamonich) e successiva sfilata fino alla sede di partenza ufficiale delle ore 10.00 in localit\u00e0 Valcozzena. La pedalata non competitiva si svilupper\u00e0 dal comune di Agordo raggiungendo la localit\u00e0 Col di Pr\u00e0 in comune di Taibon Agordino percorrendo la spettacolare Valle di San Lucano. Dalle 12.00 la Pro Loco di Taibon Agordino organizzer\u00e0 un pasta party presso la Chiesetta di San Lucano, sulla strada di ritorno verso Agordo. Alle 14.00, nella stessa localit\u00e0, ci sar\u00e0 la consegna dei riconoscimenti e l\u2019estrazione dei premi della lotteria. La manifestazione \u00e8 organizzata dalla ASD Attivamente Scuola e Sport per sostenere Unicef, fondazione Onlus che si occupa di assistenza umanitaria per i bambini e le loro madri in tutto il mondo.\u00a0Le iscrizioni si possono perfezionare sabato 23 luglio presso la Piscina Comprensoriale di Agordo dalle 16.00 alle 19.00 e domenica 24 luglio presso la Scuola Primaria di Agordo dalle 8.30 alle 9.30.<\/p>\n<p>&nbsp;<\/p>\n<p>&nbsp;<\/p>\n<hr \/>\n<p>&nbsp;<\/p>\n<blockquote>\n<h3>ARTE E MUSICA TRA PELMO E CIVETTA<\/h3>\n<\/blockquote>\n<p><strong><a class=\"dt-pswp-item\" href=\"https:\/\/www.radiopiu.net\/wordpress\/wp-content\/uploads\/2022\/07\/Zoldo_2022.jpg\" data-dt-img-description=\"\" data-large_image_width=\"1250\" data-large_image_height=\"781\"><img loading=\"lazy\" decoding=\"async\" class=\"alignleft wp-image-287756 \" src=\"https:\/\/www.radiopiu.net\/wordpress\/wp-content\/uploads\/2022\/07\/Zoldo_2022-300x187.jpg\" alt=\"\" width=\"167\" height=\"104\" srcset=\"https:\/\/www.radiopiu.net\/wordpress\/wp-content\/uploads\/2022\/07\/Zoldo_2022-300x187.jpg 300w, https:\/\/www.radiopiu.net\/wordpress\/wp-content\/uploads\/2022\/07\/Zoldo_2022-1024x640.jpg 1024w, https:\/\/www.radiopiu.net\/wordpress\/wp-content\/uploads\/2022\/07\/Zoldo_2022-768x480.jpg 768w, https:\/\/www.radiopiu.net\/wordpress\/wp-content\/uploads\/2022\/07\/Zoldo_2022.jpg 1250w\" sizes=\"auto, (max-width: 167px) 100vw, 167px\" \/><\/a>BELLUNO <\/strong>Un lustro di vita per Arte e Musica tra Pelmo e Civetta, Festival Internazionale di Musica Antica in Val di Zoldo, che giunge alla sua V edizione, con un programma di eventi musicali che vede la partecipazioni di artisti internazionali, in 7 concerti nelle chiese della valle, dal 23 luglio al 21 agosto 2022.\u00a0 Il primo appuntamento\u00a0 a ingresso libero con Manuel Tomadin all&#8217; organo,\u00a0 sabato alle 19 a Goima di Zoldo, Chiesa di San Tiziano.<\/p>\n<p>&nbsp;<\/p>\n<hr \/>\n<p>&nbsp;<\/p>\n<blockquote>\n<h3>LA NUOVA GUIDA OLTREPIAVE<\/h3>\n<\/blockquote>\n<p><strong>BELLUNO<\/strong> Domani alle 18 nella chiesa dei Santi Ermagora e Fortunato di Lorenzago di Cadore, verr\u00e0 presentata la nuova guida &#8220;Oltrepiave&#8221;, all&#8217;interno della collana dei &#8220;Tesori d&#8217;arte nelle chiese del Bellunese&#8221;<\/p>\n<p>&nbsp;<\/p>\n<p>&nbsp;<\/p>\n<hr \/>\n<p>&nbsp;<\/p>\n<blockquote>\n<h3>EL CANAL DE AGORT<\/h3>\n<\/blockquote>\n<p><strong>AGORDO<\/strong> Presso il museo in via 5 maggio ad Agordo si pu\u00f2 visitare la mostra &#8220;El Canal De Agort&#8221; storia ed archeologia da San Gottardo alla Conca Agordina. La mostra \u00e8 visitabile dal gioved\u00ec alla domenica dalle 9:30 alle 12:30 e dalle16 alle 19 fino al 4 settembre.<\/p>\n<p>&nbsp;<\/p>\n<p>&nbsp;<\/p>\n<hr \/>\n<p>&nbsp;<\/p>\n<blockquote><p>&nbsp;<\/p>\n<blockquote>\n<h3>SABATO LA VERNICE DELLA MOSTRA DI ALBINO MEZZACASA<\/h3>\n<\/blockquote>\n<blockquote>\n<h3><strong style=\"font-size: 14px;\">CENCENIGHE<\/strong><span style=\"font-size: 14px; font-weight: normal;\"> Sar\u00e0 visitabile dal 23 luglio e fino al 14 agosto la mostra di scultura di Albino Mezzacasa presso il Nof Fil\u00f2 di Cencenighe. Gli orari delle visite: nei giorni feriali dalle 17:30 alle 21, sabato e domenica dalle 10 alle 12 e dalle 17:30 alle 21.<\/span><\/h3>\n<\/blockquote>\n<\/blockquote>\n<p><strong>CENCENIGHE<\/strong><br \/>\n<strong>DI GIANNI SANTOMASO<\/strong><\/p>\n<audio class=\"wp-audio-shortcode\" id=\"audio-288375-11\" preload=\"none\" style=\"width: 100%;\" controls=\"controls\"><source type=\"audio\/mpeg\" src=\"https:\/\/www.radiopiu.net\/wordpress\/wp-content\/uploads\/2022\/07\/ALBINO-MEZZACASA.mp3?_=11\" \/><a href=\"https:\/\/www.radiopiu.net\/wordpress\/wp-content\/uploads\/2022\/07\/ALBINO-MEZZACASA.mp3\">https:\/\/www.radiopiu.net\/wordpress\/wp-content\/uploads\/2022\/07\/ALBINO-MEZZACASA.mp3<\/a><\/audio>\n<p>&nbsp;<\/p>\n<hr \/>\n<blockquote><p>&nbsp;<\/p>\n<p>https:\/\/www.radiopiu.net\/wordpress\/zanzare-meglio-proteggersi-la-parola-allesperto\/<\/p><\/blockquote>\n<p>&nbsp;<\/p>\n<hr \/>\n<p>&nbsp;<\/p>\n<blockquote>\n<h3>IL SUONO MAGICO DEL LEGNO<\/h3>\n<\/blockquote>\n<p><strong>ROCCA PIETORE<\/strong> Ha preso il via\u00a0 la rassegna musicale &#8220;Il Suono Magico del Legno&#8221;, un percorso di diversi concerti tra le frazioni del\u00a0 Comune. Il primo\u00a0 &#8220;Echi di Cori&#8221;, ha visto come protagonisti il Coro del Luned\u00ec di Roma,\u00a0 si \u00e8 svolto a Malga Gran Pian, nei pressi di Malga Ciapela. Momenti magici in un ambiente particolare: i suoni della natura, i colori, la maestosit\u00e0 della Marmolada, i brani del coro.\u00a0 L&#8217;insieme ha regalato forti emozioni. Nel pomeriggio il Coro si \u00e8 esibito in un concerto intinerante tra gli scorci del Borgo di Sottoguda, ammirando angoli particolari e ben curati tra storici fienili che rendono unico il Borgo. Prossimo appuntamento \u00e8 a Caracoi Cimai sabato alle 16, il Complesso degli Archi del Friuli e del Veneto presenter\u00e0\u00a0 &#8220;Divine Armonie&#8221;. Altro momento sublime considerato il panorama. Il concerto sar\u00e0 sempre all&#8217;aperto con servizio navetta da Santa Maria delle Grazie. In caso di maltempo il complesso sar\u00e0 ospitato\u00a0 nella Chiesa di Santa Maria delle Grazie.<\/p>\n<p><strong>UN&#8217;INIZIATIVA ASSOCIAZIONE BORGO SOTTOGUDA, PAGINA FACEBOOK<\/strong> <span style=\"color: #0000ff;\"><strong><a style=\"color: #0000ff;\" href=\"https:\/\/www.facebook.com\/comitatoborgostaguda\">CLICCAQUI<\/a><\/strong><\/span><\/p>\n<p>&nbsp;<\/p>\n\n\t\t\t<style type='text\/css'>\n\t\t\t\t#gallery-8 {\n\t\t\t\t\tmargin: auto;\n\t\t\t\t}\n\t\t\t\t#gallery-8 .gallery-item {\n\t\t\t\t\tfloat: left;\n\t\t\t\t\tmargin-top: 10px;\n\t\t\t\t\ttext-align: center;\n\t\t\t\t\twidth: 25%;\n\t\t\t\t}\n\t\t\t\t#gallery-8 img {\n\t\t\t\t\tborder: 2px solid #cfcfcf;\n\t\t\t\t}\n\t\t\t\t#gallery-8 .gallery-caption {\n\t\t\t\t\tmargin-left: 0;\n\t\t\t\t}\n\t\t\t\t\/* see gallery_shortcode() in wp-includes\/media.php *\/\n\t\t\t<\/style>\n\t\t<div id='gallery-8' class='dt-gallery-container gallery galleryid-288375 gallery-columns-4 gallery-size-thumbnail'><dl class='gallery-item'>\n\t\t\t\t<dt class='gallery-icon portrait'>\n\t\t\t\t\t<a class=\"rollover rollover-zoom dt-pswp-item\" title=\"e179bcba-26dd-4d9d-a0a6-18280b597564\" data-dt-img-description=\"\" data-large_image_width=\"1500\" data-large_image_height=\"2000\"href='https:\/\/www.radiopiu.net\/wordpress\/wp-content\/uploads\/2022\/07\/e179bcba-26dd-4d9d-a0a6-18280b597564.jpg'><img loading=\"lazy\" decoding=\"async\" width=\"150\" height=\"150\" src=\"https:\/\/www.radiopiu.net\/wordpress\/wp-content\/uploads\/2022\/07\/e179bcba-26dd-4d9d-a0a6-18280b597564-150x150.jpg\" class=\"attachment-thumbnail size-thumbnail\" alt=\"\" \/><\/a>\n\t\t\t\t<\/dt><\/dl><dl class='gallery-item'>\n\t\t\t\t<dt class='gallery-icon portrait'>\n\t\t\t\t\t<a class=\"rollover rollover-zoom dt-pswp-item\" title=\"fcbfe375-24b0-4700-9082-d938ebb34136\" data-dt-img-description=\"\" data-large_image_width=\"1200\" data-large_image_height=\"1600\"href='https:\/\/www.radiopiu.net\/wordpress\/wp-content\/uploads\/2022\/07\/fcbfe375-24b0-4700-9082-d938ebb34136.jpg'><img loading=\"lazy\" decoding=\"async\" width=\"150\" height=\"150\" src=\"https:\/\/www.radiopiu.net\/wordpress\/wp-content\/uploads\/2022\/07\/fcbfe375-24b0-4700-9082-d938ebb34136-150x150.jpg\" class=\"attachment-thumbnail size-thumbnail\" alt=\"\" \/><\/a>\n\t\t\t\t<\/dt><\/dl><dl class='gallery-item'>\n\t\t\t\t<dt class='gallery-icon landscape'>\n\t\t\t\t\t<a class=\"rollover rollover-zoom dt-pswp-item\" title=\"8ad3e95a-22ff-4d7b-82b7-07545e449804\" data-dt-img-description=\"\" data-large_image_width=\"1600\" data-large_image_height=\"1200\"href='https:\/\/www.radiopiu.net\/wordpress\/wp-content\/uploads\/2022\/07\/8ad3e95a-22ff-4d7b-82b7-07545e449804.jpg'><img loading=\"lazy\" decoding=\"async\" width=\"150\" height=\"150\" src=\"https:\/\/www.radiopiu.net\/wordpress\/wp-content\/uploads\/2022\/07\/8ad3e95a-22ff-4d7b-82b7-07545e449804-150x150.jpg\" class=\"attachment-thumbnail size-thumbnail\" alt=\"\" \/><\/a>\n\t\t\t\t<\/dt><\/dl><dl class='gallery-item'>\n\t\t\t\t<dt class='gallery-icon landscape'>\n\t\t\t\t\t<a class=\"rollover rollover-zoom dt-pswp-item\" title=\"780fdf05-3beb-4037-9e90-d0fb8e94e9be\" data-dt-img-description=\"\" data-large_image_width=\"2000\" data-large_image_height=\"1500\"href='https:\/\/www.radiopiu.net\/wordpress\/wp-content\/uploads\/2022\/07\/780fdf05-3beb-4037-9e90-d0fb8e94e9be.jpg'><img loading=\"lazy\" decoding=\"async\" width=\"150\" height=\"150\" src=\"https:\/\/www.radiopiu.net\/wordpress\/wp-content\/uploads\/2022\/07\/780fdf05-3beb-4037-9e90-d0fb8e94e9be-150x150.jpg\" class=\"attachment-thumbnail size-thumbnail\" alt=\"\" \/><\/a>\n\t\t\t\t<\/dt><\/dl><br style=\"clear: both\" \/>\n\t\t\t<\/div>\n\n<p>&nbsp;<\/p>\n<blockquote class=\"wp-embedded-content\" data-secret=\"rxvYEDUCq3\"><p><a href=\"https:\/\/www.radiopiu.net\/wordpress\/marmolada-la-bellunese-aperta-per-ferie-il-benvenuto-del-territorio\/\">MARMOLADA LA BELLUNESE: APERTA PER FERIE. IL BENVENUTO DEL TERRITORIO<\/a><\/p><\/blockquote>\n<p><iframe loading=\"lazy\" class=\"wp-embedded-content\" sandbox=\"allow-scripts\" security=\"restricted\" style=\"position: absolute; clip: rect(1px, 1px, 1px, 1px);\" title=\"&#8220;MARMOLADA LA BELLUNESE: APERTA PER FERIE. IL BENVENUTO DEL TERRITORIO&#8221; &#8212; Radio Pi\u00f9\" src=\"https:\/\/www.radiopiu.net\/wordpress\/marmolada-la-bellunese-aperta-per-ferie-il-benvenuto-del-territorio\/embed\/#?secret=7JyUtrKRV2#?secret=rxvYEDUCq3\" data-secret=\"rxvYEDUCq3\" width=\"600\" height=\"338\" frameborder=\"0\" marginwidth=\"0\" marginheight=\"0\" scrolling=\"no\"><\/iframe><\/p>\n<p>&nbsp;<\/p>\n<hr \/>\n<p>&nbsp;<\/p>\n<blockquote>\n<h3>SERENATA PER UN SATELLITE A SOFFRANCO<\/h3>\n<\/blockquote>\n<p><strong>LONGARONE<\/strong> Domani alle 21:30 appuntamento tra musica e astronomia organizzato in collaborazione con il Comune di Longarone e l\u2019Associazione Musicadesso, composto da Corinna Canzian, Elia Mariani, Paolo Fumagalli e Giorgio Casati si esibir\u00e0 nel <u>Quartetto n. 9 di G. F. Haas<\/u> scritto per essere eseguito e ascoltato nella completa oscurit\u00e0.\u00a0 <a class=\"moz-txt-link-abbreviated moz-txt-link-freetext\" title=\"mailto:info@gliechidellanatura.academy\" href=\"mailto:info@gliechidellanatura.academy\">info@gliechidellanatura.academy<\/a><\/p>\n<p>&nbsp;<\/p>\n<p>&nbsp;<\/p>\n<hr \/>\n<p>&nbsp;<\/p>\n<blockquote>\n<h3>ESTATE A SAN PIETRO, RITORNANO LE VISITE GUIDATE<\/h3>\n<\/blockquote>\n<p><strong>BELLUNO <\/strong>A partire da domenica prossima e per tutti i pomeriggi domenicali fino al 4 settembre la chiesa di San Pietro, con i suoi chiostri e le sue cappelle, sar\u00e0 aperta ai visitatori dalle 15.30 alle 18.00.\u00a0 Il ricavato delle offerte sar\u00e0 destinato al restauro dell\u2019ottocentesca Via Crucis esposta in chiesa.<\/p>\n\n\t\t\t<style type='text\/css'>\n\t\t\t\t#gallery-9 {\n\t\t\t\t\tmargin: auto;\n\t\t\t\t}\n\t\t\t\t#gallery-9 .gallery-item {\n\t\t\t\t\tfloat: left;\n\t\t\t\t\tmargin-top: 10px;\n\t\t\t\t\ttext-align: center;\n\t\t\t\t\twidth: 50%;\n\t\t\t\t}\n\t\t\t\t#gallery-9 img {\n\t\t\t\t\tborder: 2px solid #cfcfcf;\n\t\t\t\t}\n\t\t\t\t#gallery-9 .gallery-caption {\n\t\t\t\t\tmargin-left: 0;\n\t\t\t\t}\n\t\t\t\t\/* see gallery_shortcode() in wp-includes\/media.php *\/\n\t\t\t<\/style>\n\t\t<div id='gallery-9' class='dt-gallery-container gallery galleryid-288375 gallery-columns-2 gallery-size-thumbnail'><dl class='gallery-item'>\n\t\t\t\t<dt class='gallery-icon portrait'>\n\t\t\t\t\t<a class=\"rollover rollover-zoom dt-pswp-item\" title=\"1\" data-dt-img-description=\"\" data-large_image_width=\"1415\" data-large_image_height=\"2000\"href='https:\/\/www.radiopiu.net\/wordpress\/wp-content\/uploads\/2022\/07\/1-1.png'><img loading=\"lazy\" decoding=\"async\" width=\"150\" height=\"150\" src=\"https:\/\/www.radiopiu.net\/wordpress\/wp-content\/uploads\/2022\/07\/1-1-150x150.png\" class=\"attachment-thumbnail size-thumbnail\" alt=\"\" \/><\/a>\n\t\t\t\t<\/dt><\/dl><dl class='gallery-item'>\n\t\t\t\t<dt class='gallery-icon portrait'>\n\t\t\t\t\t<a class=\"rollover rollover-zoom dt-pswp-item\" title=\"2\" data-dt-img-description=\"\" data-large_image_width=\"1415\" data-large_image_height=\"2000\"href='https:\/\/www.radiopiu.net\/wordpress\/wp-content\/uploads\/2022\/07\/2.png'><img loading=\"lazy\" decoding=\"async\" width=\"150\" height=\"150\" src=\"https:\/\/www.radiopiu.net\/wordpress\/wp-content\/uploads\/2022\/07\/2-150x150.png\" class=\"attachment-thumbnail size-thumbnail\" alt=\"\" \/><\/a>\n\t\t\t\t<\/dt><\/dl><br style=\"clear: both\" \/>\n\t\t\t<\/div>\n\n<p>&nbsp;<\/p>\n<p>&nbsp;<\/p>\n<hr \/>\n<p>&nbsp;<\/p>\n<blockquote>\n<h3>RITORNO A COSTALTA<\/h3>\n<\/blockquote>\n<p><strong>SAN PIETRO DI CADORE<\/strong> Sabato 23 luglio alle ore 18:00 presso Ceda Sai a Costalta verr\u00e0 inaugurata la mostra di scultura degli artisti Italo De Gol e Corrado Clerici. L\u2019evento propone una mostra espositiva di scultori che hanno contribuito negli anni 2013\u00a0 e 2014 con le loro opere a rendere Costalta un museo a cielo aperto.\u00a0 Scopo dell\u2019iniziativa \u00e8 mantenere un legame nel tempo tra gli artisti ed il paese. La mostra sar\u00e0 visitabile tutti i giorni fino al 12 agosto dalle ore 15:30 alle 19:00.<\/p>\n<p>&nbsp;<\/p>\n<p>&nbsp;<\/p>\n<hr \/>\n<p>&nbsp;<\/p>\n<blockquote>\n<h3>LA MOSTRA DI FRANCO GATTI A VAL DI ZOLDO<\/h3>\n<\/blockquote>\n<p><strong>VAL DI ZOLDO<\/strong> \u201cDisegni e Teatrini dell\u2019Assurdo\u201d e\u0300 il titolo della mostra di opere dell\u2019artista bellunese Franco Gatti, che si terra\u0300 nell\u2019ex Sala Consiliare del Municipio di Forno di Val di Zoldo dal 22 luglio al 15 agosto. L\u2019inaugurazione della mostra, che si avvale della collaborazione e del patrocinio del Comune di Val di Zoldo, avra\u0300 luogo domani alle ore 18.00 con un intervento della professoressa Benedetta Salerno di Belluno. Le visite, a ingresso libero, avranno il seguente orario: da lunedi\u0300 a giovedi\u0300, ore 10.00 \u2013 12.00; venerdi\u0300, sabato, domenica e giorno di ferragosto, ore 16 \u2013 19,30.<\/p>\n<p>&nbsp;<\/p>\n<p>&nbsp;<\/p>\n<hr \/>\n<p>&nbsp;<\/p>\n<blockquote>\n<h3>IL CONCERTO POETICHELETTRONICO A LAMON<\/h3>\n<\/blockquote>\n<p><strong>LAMON<\/strong> Il <em>Concerto Poetichelettronico<\/em> di e con Gianni Carlin, che si terr\u00e0 SABATO 30 LUGLIO con inizio alle ore 20.45, nel Parco Teatro all&#8217;aperto di Sampoi di Limana. L&#8217;ingresso \u00e8 libero. In caso di maltempo l&#8217;evento si terr\u00e0 il sabato successivo, ovvero il 6 agosto.<\/p>\n<p>&nbsp;<\/p>\n<p>&nbsp;<\/p>\n<hr \/>\n<p>&nbsp;<\/p>\n<h1><span style=\"color: #ff0000;\">IERI ALLA RADIO<\/span><\/h1>\n<blockquote>\n<h3>DOMENICA A TEATRO CON LA FILODRAMMATICA &#8220;SAN BASTIAN&#8221;<\/h3>\n<\/blockquote>\n<blockquote><p>LA FILODRAMMATICA DI FALCADE\u00a0 ha annullato la serata in programma domenica alla casa della Gioventu&#8217; di Caviola (causa covid), verr\u00e0 probabilmente riproposta ad agosto. Ieri ne avemo parlato con Daniele Salvatore Scola<\/p><\/blockquote>\n<p><strong>LO SPECIALE ALLA RADIO, OSPITE DANIELE SALVATORE SCOLA<\/strong><\/p>\n<audio class=\"wp-audio-shortcode\" id=\"audio-288375-12\" preload=\"none\" style=\"width: 100%;\" controls=\"controls\"><source type=\"audio\/mpeg\" src=\"https:\/\/www.radiopiu.net\/wordpress\/wp-content\/uploads\/2022\/07\/DANIELE-SCOLA-FILODRAMMATICA.mp3?_=12\" \/><a href=\"https:\/\/www.radiopiu.net\/wordpress\/wp-content\/uploads\/2022\/07\/DANIELE-SCOLA-FILODRAMMATICA.mp3\">https:\/\/www.radiopiu.net\/wordpress\/wp-content\/uploads\/2022\/07\/DANIELE-SCOLA-FILODRAMMATICA.mp3<\/a><\/audio>\n<p>&nbsp;<\/p>\n<p>&nbsp;<\/p>\n<p>&nbsp;<\/p>\n<p>&nbsp;<\/p>\n<hr \/>\n<p>&nbsp;<\/p>\n<h2><span style=\"color: #008080;\">&#8220;DINTORN E FORA VIA&#8221; A CURA DEL MUSLA, IL NUOVO PROGRAMMA\u00a0 \u00a0<\/span><\/h2>\n<p><strong><a class=\"dt-pswp-item\" href=\"https:\/\/www.radiopiu.net\/wordpress\/wp-content\/uploads\/2022\/07\/6f1a6003-1656-479c-aaa0-23ec141f2421.jpg\" data-dt-img-description=\"\" data-large_image_width=\"1024\" data-large_image_height=\"1024\"><img loading=\"lazy\" decoding=\"async\" class=\"size-thumbnail wp-image-287985 alignleft\" src=\"https:\/\/www.radiopiu.net\/wordpress\/wp-content\/uploads\/2022\/07\/6f1a6003-1656-479c-aaa0-23ec141f2421-150x150.jpg\" alt=\"\" width=\"150\" height=\"150\" srcset=\"https:\/\/www.radiopiu.net\/wordpress\/wp-content\/uploads\/2022\/07\/6f1a6003-1656-479c-aaa0-23ec141f2421-150x150.jpg 150w, https:\/\/www.radiopiu.net\/wordpress\/wp-content\/uploads\/2022\/07\/6f1a6003-1656-479c-aaa0-23ec141f2421-300x300.jpg 300w, https:\/\/www.radiopiu.net\/wordpress\/wp-content\/uploads\/2022\/07\/6f1a6003-1656-479c-aaa0-23ec141f2421-768x768.jpg 768w, https:\/\/www.radiopiu.net\/wordpress\/wp-content\/uploads\/2022\/07\/6f1a6003-1656-479c-aaa0-23ec141f2421.jpg 1024w\" sizes=\"auto, (max-width: 150px) 100vw, 150px\" \/><\/a><\/strong><\/p>\n<p><strong>PUNTATA DEL 19 LUGLIO 2022 &#8211;\u00a0 ELEONORA TROI<\/strong><\/p>\n<audio class=\"wp-audio-shortcode\" id=\"audio-288375-13\" preload=\"none\" style=\"width: 100%;\" controls=\"controls\"><source type=\"audio\/mpeg\" src=\"https:\/\/www.radiopiu.net\/wordpress\/wp-content\/uploads\/2022\/07\/MUSLA-2.mp3?_=13\" \/><a href=\"https:\/\/www.radiopiu.net\/wordpress\/wp-content\/uploads\/2022\/07\/MUSLA-2.mp3\">https:\/\/www.radiopiu.net\/wordpress\/wp-content\/uploads\/2022\/07\/MUSLA-2.mp3<\/a><\/audio>\n<p><strong>\u00a0<\/strong><\/p>\n<p><strong>\u00a0<\/strong><\/p>\n<p><strong>LA RACCOLTA COMPLETA<\/strong><\/p>\n<blockquote class=\"wp-embedded-content\" data-secret=\"kqEa7OeVwz\"><p><a href=\"https:\/\/www.radiopiu.net\/wordpress\/musla\/\">MUSLA<\/a><\/p><\/blockquote>\n<p><iframe loading=\"lazy\" class=\"wp-embedded-content\" sandbox=\"allow-scripts\" security=\"restricted\" style=\"position: absolute; clip: rect(1px, 1px, 1px, 1px);\" title=\"&#8220;MUSLA&#8221; &#8212; Radio Pi\u00f9\" src=\"https:\/\/www.radiopiu.net\/wordpress\/musla\/embed\/#?secret=rX3WxXjAak#?secret=kqEa7OeVwz\" data-secret=\"kqEa7OeVwz\" width=\"600\" height=\"338\" frameborder=\"0\" marginwidth=\"0\" marginheight=\"0\" scrolling=\"no\"><\/iframe><\/p>\n<p>&nbsp;<\/p>\n<p>&nbsp;<\/p>\n<hr \/>\n<p>&nbsp;<\/p>\n<div>\n<div class=\"b654a4as d2edcug0\">\n<div class=\"rq0escxv hkbzh7o3 jwdofwj8 n8tt0mok r8blr3vg hyh9befq\">\n<p><a class=\"dt-pswp-item\" href=\"https:\/\/www.radiopiu.net\/wordpress\/wp-content\/uploads\/2020\/10\/pp.jpg\" data-dt-img-description=\"\" data-large_image_width=\"640\" data-large_image_height=\"640\"><img loading=\"lazy\" decoding=\"async\" class=\"wp-image-163678 alignleft\" src=\"https:\/\/www.radiopiu.net\/wordpress\/wp-content\/uploads\/2020\/10\/pp-300x300.jpg\" alt=\"\" width=\"106\" height=\"106\" srcset=\"https:\/\/www.radiopiu.net\/wordpress\/wp-content\/uploads\/2020\/10\/pp-300x300.jpg 300w, https:\/\/www.radiopiu.net\/wordpress\/wp-content\/uploads\/2020\/10\/pp-150x150.jpg 150w, https:\/\/www.radiopiu.net\/wordpress\/wp-content\/uploads\/2020\/10\/pp-125x125.jpg 125w, https:\/\/www.radiopiu.net\/wordpress\/wp-content\/uploads\/2020\/10\/pp-200x200.jpg 200w, https:\/\/www.radiopiu.net\/wordpress\/wp-content\/uploads\/2020\/10\/pp-80x80.jpg 80w, https:\/\/www.radiopiu.net\/wordpress\/wp-content\/uploads\/2020\/10\/pp-480x480.jpg 480w, https:\/\/www.radiopiu.net\/wordpress\/wp-content\/uploads\/2020\/10\/pp.jpg 640w\" sizes=\"auto, (max-width: 106px) 100vw, 106px\" \/><\/a><\/p>\n<\/div>\n<\/div>\n<\/div>\n<div>\n<div class=\"page-title-head hgroup\">\n<div class=\"page-title-head hgroup\">\n<div class=\"b654a4as d2edcug0\">\n<div class=\"j83agx80 btwxx1t3 lhclo0ds hop8lmos nkwizq5d scwd0bx6 roh60bw9\">\n<div class=\"rq0escxv hkbzh7o3 jwdofwj8 n8tt0mok r8blr3vg hyh9befq\">\n<div class=\"do00u71z l9j0dhe7 k4urcfbm\">\n<h2><span style=\"color: #000080;\">DON CESARE, IL PENSIERO DEL GIORNO. ALLA RADIO ALLE 7 DEL MATTINO E ALLE 19.30 DELLA SERA.\u00a0<\/span><\/h2>\n<audio class=\"wp-audio-shortcode\" id=\"audio-288375-14\" preload=\"none\" style=\"width: 100%;\" controls=\"controls\"><source type=\"audio\/mpeg\" src=\"https:\/\/www.radiopiu.net\/wordpress\/wp-content\/uploads\/2022\/07\/cesare-5.mp3?_=14\" \/><a href=\"https:\/\/www.radiopiu.net\/wordpress\/wp-content\/uploads\/2022\/07\/cesare-5.mp3\">https:\/\/www.radiopiu.net\/wordpress\/wp-content\/uploads\/2022\/07\/cesare-5.mp3<\/a><\/audio>\n<p>&nbsp;<\/p>\n<blockquote>\n<h3>BELLUNO. CUPOLA E TIBURIO DELLA BASILICA \u201cCURATI\u201d SU PROGETTO DI FULVIO VECCHIETTI<\/h3>\n<\/blockquote>\n<p><strong>di\u00a0 RENATO BONA<\/strong><\/p>\n<p>Alzi la mano chi conosce il significato della parola tiburio. Personalmente ammetto la mia lacuna e sicuramente facevo parte di una minoranza ma sono presto corso ai ripari (vocabolario enciclopedia Treccani: \u201cIn architettura, particolare forma di copertura esterna di certe cupole, nelle quali la calotta interna \u00e8 racchiusa entro una struttura muraria a forma di cilindro o di prisma a base poligonale e coperta da un tetto piramidale a falde inclinate, spesso terminante con una lanterna; nasce con l\u2019architettura paleocristiana e bizantina, ma \u00e8 presente anche in costruzioni romaniche, gotiche, rinascimentali, specialmente d\u2019area lombarda: si ritiene abbia la funzione di proteggere l\u2019estradosso della cupola costituito da materiale leggero\u201d) anche perch\u00e9 volevo occuparmi della cosa in riferimento al Duomo di Belluno. E ad un professionista, caro amico di vecchia data (dai tempi in cui ci sfidavamo nelle gare di briscola organizzate nel bar all\u2019Organo di via XXX Aprile \u2013 ndr.). Mi riferisco all\u2019architetto Fulvio Vecchietti, classe 1949 (inizio dell\u2019attivit\u00e0 professionale nel dicembre 1997, studio nella via Feltre di Belluno; grande appassionato di montagna) che dei lavori a tiburio e cupola (alta circa 10 metri dal cornicione in pietra su cui poggia, ha un diametro di 12 metri) della cattedrale-basilica di San Martino ha curato la progettazione e gli interventi (importo delle opere 360 mila euro) per il \u201cripristino funzionale, la stabilizzazione delle strutture ed il recupero delle superfici intonacate, si \u00e8 occupato nel 2015-16 previa approvazione dell\u2019elaborato progettuale da parte della Soprintendenza per i beni architettonici e paesaggistici per le provincie di Venezia. Belluno, Padova e Treviso. I lavori \u2013 ricorda \u2013 sono stati curati dall\u2019impresa Fiorin Walter Treviso restauratore opere monumentali. Devo dire \u2013 aggiunge \u2013 che il titolare Walter Fiorin \u201csi \u00e8 dimostrato persona preparatissima, geniale nelle soluzioni prospettate, attrezzato con ogni macchinario tecnologicamente avanzato per la diagnosi e per le operazioni di restauro, avvalendosi dell\u2019opera del restauratore del legno Michele Morotto che abitualmente opera in Venezia su manufatti antichi, e di due ragazzi della Scuola di restauro di Treviso\u201d. Fulvio Vecchietti nella settantina di pagine della sua relazione tecnica, caratterizzata da numerose immagini, esordisce scrivendo che da tempo si era visto che gli intonaci della cupola della Cattedrale di Belluno erano interessati da lesioni e in alcune aree si presentavano vere e proprie fessurazioni verticali, oblique e irregolari. Da ci\u00f2 la necessit\u00e0 di verificare lo stato di manutenzione dei manufatti e capire quali fossero le cause del degrado, al fine di poter predisporre il progetto di restauro e gli interventi necessari per contrastare il decadimento. Spiega quindi che \u00e8 stato possibile avvicinarsi a cupola e tiburio \u201csalendo la scaletta elicoidale in pietra esistente dietro l\u2019altare della Sacra Spina che conduce ai sottotetti delle navate della chiesa, da dove si accedeva all\u2019intercapedine tra le due strutture e percorrendo il cornicione soprastante il coro, in pietra, che delimita la cupola, avvicinarsi e toccare con mano le superfici dell\u2019intonaco. Ancora Vecchietti : con i primi sopralluoghi veniva riscontrato quanto scritto nell\u2019opuscolo \u201cNotizie sulle riparazioni eseguite\u201d edito dalla Tipografia Piave nel dicembre 1970 a cura dell\u2019ing. Adriano Barcelloni Corte riguardo ai lavori di ricostruzione attuale effettuata negli anni 1930-40 della cupola e del tiburio, a seguito del terremoto distruttivo del 18 ottobre 1936. Commissionato dalla Fabbriceria della Cattedrale all\u2019architetto Alberto Alpago Novello, il progetto si attenne di massima alla forma e alle misure di quello del Segusini, realizzato dopo il terremoto del 1873, semplificato nei decori ma con l\u2019inserimento di 8 finestre allungate, corrispondenti ai lati del prisma. L\u2019ottagono venne eseguito in calcestruzzo armato, costituito da otto pilastrini collegati fra loro da paretine in cemento armato, rinforzate, al centro di ognuna, dagli stipiti e dagli architravi e davanzali delle otto finestre. Pure in cemento armato il cordolo di sommit\u00e0. Quanto al tetto, venne costruito con orditura di legno. Infine la cupola del coro fu realizzata in struttura leggera vale a dire rete metallica sostenuta da centine in legno e malta paglia al di sopra della rete. Dall\u2019alto al basso: i lavori hanno fra l\u2019altro reso necessario il \u201cpuntellamento delle due crociere della cripta sottostante la cattedrale, con struttura metallica armonizzata\u201d. Avviandoci a conclusione (ma sar\u00e0 nostra premura riferire in altra occasione anche di altri lavori, ad esempio quelli eseguiti per il rifacimento completo del tetto della navata nord della cattedrale) dobbiamo ricordare che oltre all\u2019arciprete mons. Attilio Zanderigo Jona, si \u00e9 prodigato, sollecitando i fedeli, per il reperimento dei necessari finanziamenti pubblici e contributi (di privati) anche il suo predecessore monsignor Rinaldo Sommacal, coinvolgendo la Fondazione Cariverona, la Diocesi di Belluno-Feltre, le Parrocchie di Santa Maria di Loreto e quella di Santa Maria Assunta.<\/p>\n\n\t\t\t<style type='text\/css'>\n\t\t\t\t#gallery-10 {\n\t\t\t\t\tmargin: auto;\n\t\t\t\t}\n\t\t\t\t#gallery-10 .gallery-item {\n\t\t\t\t\tfloat: left;\n\t\t\t\t\tmargin-top: 10px;\n\t\t\t\t\ttext-align: center;\n\t\t\t\t\twidth: 14%;\n\t\t\t\t}\n\t\t\t\t#gallery-10 img {\n\t\t\t\t\tborder: 2px solid #cfcfcf;\n\t\t\t\t}\n\t\t\t\t#gallery-10 .gallery-caption {\n\t\t\t\t\tmargin-left: 0;\n\t\t\t\t}\n\t\t\t\t\/* see gallery_shortcode() in wp-includes\/media.php *\/\n\t\t\t<\/style>\n\t\t<div id='gallery-10' class='dt-gallery-container gallery galleryid-288375 gallery-columns-7 gallery-size-thumbnail'><dl class='gallery-item'>\n\t\t\t\t<dt class='gallery-icon portrait'>\n\t\t\t\t\t<a class=\"rollover rollover-zoom dt-pswp-item\" title=\"294297225_582568846552494_5334504971097530850_n\" data-dt-img-description=\"\" data-large_image_width=\"155\" data-large_image_height=\"206\"href='https:\/\/www.radiopiu.net\/wordpress\/wp-content\/uploads\/2022\/07\/294297225_582568846552494_5334504971097530850_n.jpg'><img loading=\"lazy\" decoding=\"async\" width=\"150\" height=\"150\" src=\"https:\/\/www.radiopiu.net\/wordpress\/wp-content\/uploads\/2022\/07\/294297225_582568846552494_5334504971097530850_n-150x150.jpg\" class=\"attachment-thumbnail size-thumbnail\" alt=\"\" \/><\/a>\n\t\t\t\t<\/dt><\/dl><dl class='gallery-item'>\n\t\t\t\t<dt class='gallery-icon portrait'>\n\t\t\t\t\t<a class=\"rollover rollover-zoom dt-pswp-item\" title=\"292442094_418056466933853_2445937581674605271_n\" data-dt-img-description=\"\" data-large_image_width=\"178\" data-large_image_height=\"206\"href='https:\/\/www.radiopiu.net\/wordpress\/wp-content\/uploads\/2022\/07\/292442094_418056466933853_2445937581674605271_n.jpg'><img loading=\"lazy\" decoding=\"async\" width=\"150\" height=\"150\" src=\"https:\/\/www.radiopiu.net\/wordpress\/wp-content\/uploads\/2022\/07\/292442094_418056466933853_2445937581674605271_n-150x150.jpg\" class=\"attachment-thumbnail size-thumbnail\" alt=\"\" \/><\/a>\n\t\t\t\t<\/dt><\/dl><dl class='gallery-item'>\n\t\t\t\t<dt class='gallery-icon landscape'>\n\t\t\t\t\t<a class=\"rollover rollover-zoom dt-pswp-item\" title=\"294228260_1255290435213566_3939933966140840052_n\" data-dt-img-description=\"\" data-large_image_width=\"231\" data-large_image_height=\"130\"href='https:\/\/www.radiopiu.net\/wordpress\/wp-content\/uploads\/2022\/07\/294228260_1255290435213566_3939933966140840052_n.jpg'><img loading=\"lazy\" decoding=\"async\" width=\"150\" height=\"130\" src=\"https:\/\/www.radiopiu.net\/wordpress\/wp-content\/uploads\/2022\/07\/294228260_1255290435213566_3939933966140840052_n-150x130.jpg\" class=\"attachment-thumbnail size-thumbnail\" alt=\"\" \/><\/a>\n\t\t\t\t<\/dt><\/dl><dl class='gallery-item'>\n\t\t\t\t<dt class='gallery-icon landscape'>\n\t\t\t\t\t<a class=\"rollover rollover-zoom dt-pswp-item\" title=\"292487142_429627752424901_1791442505057505926_n\" data-dt-img-description=\"\" data-large_image_width=\"259\" data-large_image_height=\"194\"href='https:\/\/www.radiopiu.net\/wordpress\/wp-content\/uploads\/2022\/07\/292487142_429627752424901_1791442505057505926_n.jpg'><img loading=\"lazy\" decoding=\"async\" width=\"150\" height=\"150\" src=\"https:\/\/www.radiopiu.net\/wordpress\/wp-content\/uploads\/2022\/07\/292487142_429627752424901_1791442505057505926_n-150x150.jpg\" class=\"attachment-thumbnail size-thumbnail\" alt=\"\" \/><\/a>\n\t\t\t\t<\/dt><\/dl><dl class='gallery-item'>\n\t\t\t\t<dt class='gallery-icon portrait'>\n\t\t\t\t\t<a class=\"rollover rollover-zoom dt-pswp-item\" title=\"293101424_1100455577236074_8897628142786062998_n\" data-dt-img-description=\"\" data-large_image_width=\"151\" data-large_image_height=\"225\"href='https:\/\/www.radiopiu.net\/wordpress\/wp-content\/uploads\/2022\/07\/293101424_1100455577236074_8897628142786062998_n.jpg'><img loading=\"lazy\" decoding=\"async\" width=\"150\" height=\"150\" src=\"https:\/\/www.radiopiu.net\/wordpress\/wp-content\/uploads\/2022\/07\/293101424_1100455577236074_8897628142786062998_n-150x150.jpg\" class=\"attachment-thumbnail size-thumbnail\" alt=\"\" \/><\/a>\n\t\t\t\t<\/dt><\/dl><dl class='gallery-item'>\n\t\t\t\t<dt class='gallery-icon portrait'>\n\t\t\t\t\t<a class=\"rollover rollover-zoom dt-pswp-item\" title=\"293698384_557685066085570_3941833303656473125_n\" data-dt-img-description=\"\" data-large_image_width=\"158\" data-large_image_height=\"240\"href='https:\/\/www.radiopiu.net\/wordpress\/wp-content\/uploads\/2022\/07\/293698384_557685066085570_3941833303656473125_n.jpg'><img loading=\"lazy\" decoding=\"async\" width=\"150\" height=\"150\" src=\"https:\/\/www.radiopiu.net\/wordpress\/wp-content\/uploads\/2022\/07\/293698384_557685066085570_3941833303656473125_n-150x150.jpg\" class=\"attachment-thumbnail size-thumbnail\" alt=\"\" \/><\/a>\n\t\t\t\t<\/dt><\/dl><dl class='gallery-item'>\n\t\t\t\t<dt class='gallery-icon landscape'>\n\t\t\t\t\t<a class=\"rollover rollover-zoom dt-pswp-item\" title=\"293697506_779271413298634_6027372829191418755_n\" data-dt-img-description=\"\" data-large_image_width=\"279\" data-large_image_height=\"206\"href='https:\/\/www.radiopiu.net\/wordpress\/wp-content\/uploads\/2022\/07\/293697506_779271413298634_6027372829191418755_n.jpg'><img loading=\"lazy\" decoding=\"async\" width=\"150\" height=\"150\" src=\"https:\/\/www.radiopiu.net\/wordpress\/wp-content\/uploads\/2022\/07\/293697506_779271413298634_6027372829191418755_n-150x150.jpg\" class=\"attachment-thumbnail size-thumbnail\" alt=\"\" \/><\/a>\n\t\t\t\t<\/dt><\/dl><br style=\"clear: both\" \/><dl class='gallery-item'>\n\t\t\t\t<dt class='gallery-icon landscape'>\n\t\t\t\t\t<a class=\"rollover rollover-zoom dt-pswp-item\" title=\"294128990_1469601036833166_6116485180159947306_n\" data-dt-img-description=\"\" data-large_image_width=\"259\" data-large_image_height=\"206\"href='https:\/\/www.radiopiu.net\/wordpress\/wp-content\/uploads\/2022\/07\/294128990_1469601036833166_6116485180159947306_n.jpg'><img loading=\"lazy\" decoding=\"async\" width=\"150\" height=\"150\" src=\"https:\/\/www.radiopiu.net\/wordpress\/wp-content\/uploads\/2022\/07\/294128990_1469601036833166_6116485180159947306_n-150x150.jpg\" class=\"attachment-thumbnail size-thumbnail\" alt=\"\" \/><\/a>\n\t\t\t\t<\/dt><\/dl><dl class='gallery-item'>\n\t\t\t\t<dt class='gallery-icon landscape'>\n\t\t\t\t\t<a class=\"rollover rollover-zoom dt-pswp-item\" title=\"294154605_1737366843292384_6266506778714886616_n\" data-dt-img-description=\"\" data-large_image_width=\"275\" data-large_image_height=\"206\"href='https:\/\/www.radiopiu.net\/wordpress\/wp-content\/uploads\/2022\/07\/294154605_1737366843292384_6266506778714886616_n.jpg'><img loading=\"lazy\" decoding=\"async\" width=\"150\" height=\"150\" src=\"https:\/\/www.radiopiu.net\/wordpress\/wp-content\/uploads\/2022\/07\/294154605_1737366843292384_6266506778714886616_n-150x150.jpg\" class=\"attachment-thumbnail size-thumbnail\" alt=\"\" \/><\/a>\n\t\t\t\t<\/dt><\/dl><dl class='gallery-item'>\n\t\t\t\t<dt class='gallery-icon landscape'>\n\t\t\t\t\t<a class=\"rollover rollover-zoom dt-pswp-item\" title=\"291357164_1087551495195303_7596972005577013444_n\" data-dt-img-description=\"\" data-large_image_width=\"261\" data-large_image_height=\"206\"href='https:\/\/www.radiopiu.net\/wordpress\/wp-content\/uploads\/2022\/07\/291357164_1087551495195303_7596972005577013444_n.jpg'><img loading=\"lazy\" decoding=\"async\" width=\"150\" height=\"150\" src=\"https:\/\/www.radiopiu.net\/wordpress\/wp-content\/uploads\/2022\/07\/291357164_1087551495195303_7596972005577013444_n-150x150.jpg\" class=\"attachment-thumbnail size-thumbnail\" alt=\"\" \/><\/a>\n\t\t\t\t<\/dt><\/dl><dl class='gallery-item'>\n\t\t\t\t<dt class='gallery-icon landscape'>\n\t\t\t\t\t<a class=\"rollover rollover-zoom dt-pswp-item\" title=\"292240631_1126098678003143_567868381731649533_n\" data-dt-img-description=\"\" data-large_image_width=\"313\" data-large_image_height=\"206\"href='https:\/\/www.radiopiu.net\/wordpress\/wp-content\/uploads\/2022\/07\/292240631_1126098678003143_567868381731649533_n.jpg'><img loading=\"lazy\" decoding=\"async\" width=\"150\" height=\"150\" src=\"https:\/\/www.radiopiu.net\/wordpress\/wp-content\/uploads\/2022\/07\/292240631_1126098678003143_567868381731649533_n-150x150.jpg\" class=\"attachment-thumbnail size-thumbnail\" alt=\"\" \/><\/a>\n\t\t\t\t<\/dt><\/dl><dl class='gallery-item'>\n\t\t\t\t<dt class='gallery-icon landscape'>\n\t\t\t\t\t<a class=\"rollover rollover-zoom dt-pswp-item\" title=\"294408545_1230999967648910_6638966510362781988_n\" data-dt-img-description=\"\" data-large_image_width=\"275\" data-large_image_height=\"206\"href='https:\/\/www.radiopiu.net\/wordpress\/wp-content\/uploads\/2022\/07\/294408545_1230999967648910_6638966510362781988_n.jpg'><img loading=\"lazy\" decoding=\"async\" width=\"150\" height=\"150\" src=\"https:\/\/www.radiopiu.net\/wordpress\/wp-content\/uploads\/2022\/07\/294408545_1230999967648910_6638966510362781988_n-150x150.jpg\" class=\"attachment-thumbnail size-thumbnail\" alt=\"\" \/><\/a>\n\t\t\t\t<\/dt><\/dl><dl class='gallery-item'>\n\t\t\t\t<dt class='gallery-icon landscape'>\n\t\t\t\t\t<a class=\"rollover rollover-zoom dt-pswp-item\" title=\"292509149_559052599102779_7137579906554143393_n\" data-dt-img-description=\"\" data-large_image_width=\"272\" data-large_image_height=\"206\"href='https:\/\/www.radiopiu.net\/wordpress\/wp-content\/uploads\/2022\/07\/292509149_559052599102779_7137579906554143393_n.jpg'><img loading=\"lazy\" decoding=\"async\" width=\"150\" height=\"150\" src=\"https:\/\/www.radiopiu.net\/wordpress\/wp-content\/uploads\/2022\/07\/292509149_559052599102779_7137579906554143393_n-150x150.jpg\" class=\"attachment-thumbnail size-thumbnail\" alt=\"\" \/><\/a>\n\t\t\t\t<\/dt><\/dl><dl class='gallery-item'>\n\t\t\t\t<dt class='gallery-icon landscape'>\n\t\t\t\t\t<a class=\"rollover rollover-zoom dt-pswp-item\" title=\"293681124_424336539654085_2503955697574802307_n\" data-dt-img-description=\"\" data-large_image_width=\"319\" data-large_image_height=\"206\"href='https:\/\/www.radiopiu.net\/wordpress\/wp-content\/uploads\/2022\/07\/293681124_424336539654085_2503955697574802307_n.jpg'><img loading=\"lazy\" decoding=\"async\" width=\"150\" height=\"150\" src=\"https:\/\/www.radiopiu.net\/wordpress\/wp-content\/uploads\/2022\/07\/293681124_424336539654085_2503955697574802307_n-150x150.jpg\" class=\"attachment-thumbnail size-thumbnail\" alt=\"\" \/><\/a>\n\t\t\t\t<\/dt><\/dl><br style=\"clear: both\" \/>\n\t\t\t<\/div>\n\n<p>NELLE FOTO (L\u2019Amico del Popolo, Corriere delle Alpi; Renato Bona; riproduzioni dall\u2019elaborato progettuale; Facebook): tiburio e cupola della cattedrale-basilica di Belluno oggi; il progettista degli importanti lavori, architetto Fulvio Vecchietti; mons. Rinaldo Sommacal; mons. Attilio Zanderigo Jona; tiburio dopo il terremoto del 1873 col progetto Segusini; tiburio dopo la ricostruzione del 1940 col progetto di Alberto Alpago Novello; vista generale intradosso della cupola; intercapedine tra la parete interna in cemento armato del tiburio e la struttura in legno della cupola; la struttura del tetto del tiburio; particolare staffaggio d\u2019unione delle catene; strumentazione per rilevazione termografica; vertice della cupola e scorcio della soprastante struttura del tetto del tiburio; ponteggio portante solaio costruito a livello del cornicione; particolare del puntellamento delle volte della cripta<\/p>\n<p>&nbsp;<\/p>\n<p>&nbsp;<\/p>\n<hr \/>\n<p>&nbsp;<\/p>\n<p>&nbsp;<\/p>\n<blockquote class=\"wp-embedded-content\" data-secret=\"pXPyaUhURI\"><p><a href=\"https:\/\/www.radiopiu.net\/wordpress\/diario-di-bordo-puntata-14qa\/\">DIARIO DI BORDO, GIORNO 16  Claudia Soppelsa &#8211; LA RACCOLTA COMPLETA<\/a><\/p><\/blockquote>\n<p><iframe loading=\"lazy\" class=\"wp-embedded-content\" sandbox=\"allow-scripts\" security=\"restricted\" style=\"position: absolute; clip: rect(1px, 1px, 1px, 1px);\" title=\"&#8220;DIARIO DI BORDO, GIORNO 16  Claudia Soppelsa &#8211; LA RACCOLTA COMPLETA&#8221; &#8212; Radio Pi\u00f9\" src=\"https:\/\/www.radiopiu.net\/wordpress\/diario-di-bordo-puntata-14qa\/embed\/#?secret=NtdaozCQXb#?secret=pXPyaUhURI\" data-secret=\"pXPyaUhURI\" width=\"600\" height=\"338\" frameborder=\"0\" marginwidth=\"0\" marginheight=\"0\" scrolling=\"no\"><\/iframe><\/p>\n<p>&nbsp;<\/p>\n<p>&nbsp;<\/p>\n<\/div>\n<\/div>\n<\/div>\n<\/div>\n<\/div>\n<\/div>\n<\/div>\n<hr \/>\n<p>&nbsp;<\/p>\n<div class=\"do00u71z l9j0dhe7 k4urcfbm\">\n<div class=\"page-title-head hgroup\">\n<div class=\"page-title-head hgroup\">\n<div class=\"b654a4as d2edcug0\">\n<div class=\"j83agx80 btwxx1t3 lhclo0ds hop8lmos nkwizq5d scwd0bx6 roh60bw9\">\n<div class=\"rq0escxv hkbzh7o3 jwdofwj8 n8tt0mok r8blr3vg hyh9befq\">\n<div class=\"do00u71z l9j0dhe7 k4urcfbm\">\n<div class=\"page-title-head hgroup\">\n<div class=\"page-title-head hgroup\">\n<div class=\"b654a4as d2edcug0\">\n<div class=\"j83agx80 btwxx1t3 lhclo0ds hop8lmos nkwizq5d scwd0bx6 roh60bw9\">\n<div class=\"rq0escxv hkbzh7o3 jwdofwj8 n8tt0mok r8blr3vg hyh9befq\">\n<div class=\"do00u71z l9j0dhe7 k4urcfbm\">\n<div class=\"ecm0bbzt e5nlhep0 a8c37x1j\">\n<div class=\"kvgmc6g5 cxmmr5t8 oygrvhab hcukyx3x c1et5uql\">\n<div class=\"gmail-kvgmc6g5 gmail-cxmmr5t8 gmail-oygrvhab gmail-hcukyx3x gmail-c1et5uql gmail-ii04i59q\">\n<div class=\"page-title-head hgroup\">\n<div class=\"page-title-head hgroup\">\n<div class=\"b654a4as d2edcug0\">\n<div class=\"j83agx80 btwxx1t3 lhclo0ds hop8lmos nkwizq5d scwd0bx6 roh60bw9\">\n<div class=\"rq0escxv hkbzh7o3 jwdofwj8 n8tt0mok r8blr3vg hyh9befq\">\n<div class=\"do00u71z l9j0dhe7 k4urcfbm\">\n<div class=\"page-title-head hgroup\">\n<div class=\"page-title-head hgroup\">\n<div class=\"b654a4as d2edcug0\">\n<div class=\"j83agx80 btwxx1t3 lhclo0ds hop8lmos nkwizq5d scwd0bx6 roh60bw9\">\n<div class=\"rq0escxv hkbzh7o3 jwdofwj8 n8tt0mok r8blr3vg hyh9befq\">\n<div class=\"do00u71z l9j0dhe7 k4urcfbm\">\n<div class=\"page-title-head hgroup\">\n<div class=\"page-title-head hgroup\">\n<div class=\"b654a4as d2edcug0\">\n<div class=\"j83agx80 btwxx1t3 lhclo0ds hop8lmos nkwizq5d scwd0bx6 roh60bw9\">\n<div class=\"rq0escxv hkbzh7o3 jwdofwj8 n8tt0mok r8blr3vg hyh9befq\">\n<div class=\"do00u71z l9j0dhe7 k4urcfbm\">\n<div class=\"ecm0bbzt e5nlhep0 a8c37x1j\">\n<div class=\"kvgmc6g5 cxmmr5t8 oygrvhab hcukyx3x c1et5uql\">\n<div class=\"gmail-kvgmc6g5 gmail-cxmmr5t8 gmail-oygrvhab gmail-hcukyx3x gmail-c1et5uql gmail-ii04i59q\">\n<div class=\"page-title-head hgroup\">\n<div class=\"page-title-head hgroup\">\n<div class=\"b654a4as d2edcug0\">\n<div class=\"j83agx80 btwxx1t3 lhclo0ds hop8lmos nkwizq5d scwd0bx6 roh60bw9\">\n<div class=\"rq0escxv hkbzh7o3 jwdofwj8 n8tt0mok r8blr3vg hyh9befq\">\n<div class=\"do00u71z l9j0dhe7 k4urcfbm\">\n<blockquote>\n<h3><span style=\"color: #ff0000;\">IN VIVO VERSO,\u00a0 RIASCOLTIAMOLE DAL LUNEDI AL VENERDI ALLE 7.10, 10.10, 18 50<\/span><\/h3>\n<h3>RIASCOLTIAMOLE, STAGIONE 2019_2020 GABRIELLA DI BISCEGLIE &#8220;RESPIRO&#8221;<\/h3>\n<\/blockquote>\n<p>AUDIO<\/p>\n<audio class=\"wp-audio-shortcode\" id=\"audio-288375-15\" preload=\"none\" style=\"width: 100%;\" controls=\"controls\"><source type=\"audio\/mpeg\" src=\"https:\/\/www.radiopiu.net\/wordpress\/wp-content\/uploads\/2022\/07\/02-GABRIELLA-DI-BISCEGLIE-RESPIRI.mp3?_=15\" \/><a href=\"https:\/\/www.radiopiu.net\/wordpress\/wp-content\/uploads\/2022\/07\/02-GABRIELLA-DI-BISCEGLIE-RESPIRI.mp3\">https:\/\/www.radiopiu.net\/wordpress\/wp-content\/uploads\/2022\/07\/02-GABRIELLA-DI-BISCEGLIE-RESPIRI.mp3<\/a><\/audio>\n<p><img loading=\"lazy\" decoding=\"async\" class=\"\" src=\"https:\/\/www.radiopiu.net\/wordpress\/wp-content\/uploads\/2020\/01\/foto-gabriella-di-bisceglie.jpg\" width=\"125\" height=\"127\" \/><\/p>\n<p>LA RACCOLTA COMPLETA<\/p>\n<p>&nbsp;<\/p>\n<p><strong>LA RACCOLTA COMPLETA<\/strong><\/p>\n<p>&nbsp;<\/p>\n<blockquote class=\"wp-embedded-content\" data-secret=\"KZfPARjzEY\"><p><a href=\"https:\/\/www.radiopiu.net\/wordpress\/in-vivo-verso\/\">In Vivo Verso<\/a><\/p><\/blockquote>\n<p><iframe loading=\"lazy\" class=\"wp-embedded-content\" sandbox=\"allow-scripts\" security=\"restricted\" style=\"position: absolute; clip: rect(1px, 1px, 1px, 1px);\" title=\"&#8220;In Vivo Verso&#8221; &#8212; Radio Pi\u00f9\" src=\"https:\/\/www.radiopiu.net\/wordpress\/in-vivo-verso\/embed\/#?secret=w1yQ60Dw3y#?secret=KZfPARjzEY\" data-secret=\"KZfPARjzEY\" width=\"600\" height=\"338\" frameborder=\"0\" marginwidth=\"0\" marginheight=\"0\" scrolling=\"no\"><\/iframe><\/p>\n<p>&nbsp;<\/p>\n<p>&nbsp;<\/p>\n<hr \/>\n<p>&nbsp;<\/p>\n<p><span style=\"color: #0000ff;\">MUSICA PIU&#8217;\u00a0<\/span><\/p>\n<p><a href=\"https:\/\/www.radiopiu.net\/wordpress\/giornale-radiopiu-20-settembre-2021-direttore-mirko-mezzacasa\/pp-79\/\" rel=\"attachment wp-att-232921\"><img loading=\"lazy\" decoding=\"async\" class=\"wp-image-232921 alignleft\" src=\"https:\/\/www.radiopiu.net\/wordpress\/wp-content\/uploads\/2021\/09\/pp-1-300x300.jpg\" alt=\"\" width=\"135\" height=\"135\" srcset=\"https:\/\/www.radiopiu.net\/wordpress\/wp-content\/uploads\/2021\/09\/pp-1-300x300.jpg 300w, https:\/\/www.radiopiu.net\/wordpress\/wp-content\/uploads\/2021\/09\/pp-1-150x150.jpg 150w, https:\/\/www.radiopiu.net\/wordpress\/wp-content\/uploads\/2021\/09\/pp-1.jpg 640w\" sizes=\"auto, (max-width: 135px) 100vw, 135px\" \/><\/a><\/p>\n<div class=\"mkdf-post-text\">\n<div class=\"mkdf-post-text-inner\">\n<div class=\"mkdf-post-text-main\">\n<div class=\"mkdf-post-text\">\n<div class=\"mkdf-post-text-inner\">\n<div class=\"mkdf-post-text-main\">\n<div class=\"mkdf-post-text\">\n<div class=\"mkdf-post-text-inner\">\n<div class=\"mkdf-post-text-main\">\n<div class=\"page-title-head hgroup\">\n<div class=\"page-title-head hgroup\">\n<div class=\"mkdf-post-text\">\n<div class=\"mkdf-post-text-inner\">\n<div class=\"mkdf-post-text-main\">\n<div class=\"mkdf-post-text\">\n<div class=\"mkdf-post-text-inner\">\n<div class=\"mkdf-post-text-main\">\n<div class=\"page-title-head hgroup\">\n<div class=\"page-title-head hgroup\">\n<div class=\"page-title-head hgroup\">\n<div class=\"page-title-head hgroup\">\n<div class=\"b654a4as d2edcug0\">\n<div class=\"page-title-head hgroup\">\n<div class=\"page-title-head hgroup\">\n<div class=\"page-title-head hgroup\">\n<div class=\"page-title-head hgroup\">\n<div class=\"b654a4as d2edcug0\">\n<div class=\"page-title-head hgroup\">\n<div class=\"page-title-head hgroup\">\n<div class=\"page-title-head hgroup\">\n<div class=\"page-title-head hgroup\">\n<div class=\"b654a4as d2edcug0\">\n<div class=\"mkdf-post-text\">\n<div class=\"mkdf-post-text-inner\">\n<div class=\"mkdf-post-text-main\">\n<div class=\"mkdf-post-text\">\n<div class=\"mkdf-post-text-inner\">\n<div class=\"mkdf-post-text-main\">\n<div class=\"mkdf-post-text\">\n<div class=\"mkdf-post-text-inner\">\n<div class=\"mkdf-post-text-main\">\n<div class=\"page-title-head hgroup\">\n<div class=\"page-title-head hgroup\">\n<div class=\"mkdf-post-text\">\n<div class=\"mkdf-post-text-inner\">\n<div class=\"mkdf-post-text-main\">\n<div class=\"mkdf-post-text\">\n<div class=\"mkdf-post-text-inner\">\n<div class=\"mkdf-post-text-main\">\n<div class=\"page-title-head hgroup\">\n<div class=\"page-title-head hgroup\">\n<div class=\"page-title-head hgroup\">\n<div class=\"page-title-head hgroup\">\n<div class=\"b654a4as d2edcug0\">\n<div class=\"page-title-head hgroup\">\n<div class=\"page-title-head hgroup\">\n<div class=\"page-title-head hgroup\">\n<div class=\"page-title-head hgroup\">\n<div class=\"b654a4as d2edcug0\">\n<div class=\"page-title-head hgroup\">\n<div class=\"page-title-head hgroup\">\n<div class=\"page-title-head hgroup\">\n<div class=\"page-title-head hgroup\">\n<div class=\"b654a4as d2edcug0\">\n<div><\/div>\n<div><\/div>\n<div>\n<p><strong>MUSICA ALLA RADIO, IL PROGRAMMA DI LORIS SCUSSEL &#8220;COLLAGE OPERAZIONE NOSTALGIA&#8221; DAL LUNEDI AL VENERDI ALLE 16.00\u00a0 E ALLE 23\u00a0<\/strong><\/p>\n<\/div>\n<\/div>\n<p>&nbsp;<\/p>\n<p><strong>LE REPLICHE<\/strong><\/p>\n<p><strong>395<\/strong><\/p>\n<audio class=\"wp-audio-shortcode\" id=\"audio-288375-16\" preload=\"none\" style=\"width: 100%;\" controls=\"controls\"><source type=\"audio\/mpeg\" src=\"https:\/\/www.radiopiu.net\/wordpress\/wp-content\/uploads\/2022\/07\/Collage-395.mp3?_=16\" \/><a href=\"https:\/\/www.radiopiu.net\/wordpress\/wp-content\/uploads\/2022\/07\/Collage-395.mp3\">https:\/\/www.radiopiu.net\/wordpress\/wp-content\/uploads\/2022\/07\/Collage-395.mp3<\/a><\/audio>\n<p>&nbsp;<\/p>\n<p><strong>396<\/strong><\/p>\n<audio class=\"wp-audio-shortcode\" id=\"audio-288375-17\" preload=\"none\" style=\"width: 100%;\" controls=\"controls\"><source type=\"audio\/mpeg\" src=\"https:\/\/www.radiopiu.net\/wordpress\/wp-content\/uploads\/2022\/07\/Collage-396.mp3?_=17\" \/><a href=\"https:\/\/www.radiopiu.net\/wordpress\/wp-content\/uploads\/2022\/07\/Collage-396.mp3\">https:\/\/www.radiopiu.net\/wordpress\/wp-content\/uploads\/2022\/07\/Collage-396.mp3<\/a><\/audio>\n<p>&nbsp;<\/p>\n<p><strong><a class=\"dt-pswp-item\" href=\"https:\/\/www.radiopiu.net\/wordpress\/wp-content\/uploads\/2022\/07\/Patty-Pravo.jpg\" data-dt-img-description=\"\" data-large_image_width=\"282\" data-large_image_height=\"179\"><img loading=\"lazy\" decoding=\"async\" class=\"alignleft wp-image-287486 \" src=\"https:\/\/www.radiopiu.net\/wordpress\/wp-content\/uploads\/2022\/07\/Patty-Pravo.jpg\" alt=\"\" width=\"206\" height=\"131\" \/><\/a>di Loris Scussel<\/strong><\/p>\n<p>Sar\u00e0 una selezione di brani pi\u00f9 o meno famosi a caratterizzare la nuova settimana di Collage Operazione Nostalgia, partiremo da \u201cTu sei tu sei tu\u201d di Eric Charden poi i Deep Purple di \u201cHush\u201d, Salvatore Adamo con \u201cLa Notte\u201d, la bionda Sylvie Vartan di \u201cIrresistibilmente\u201d, i Los Bravos di \u201cBlack is black\u201d, la nostra Patty Pravo di \u201cSentimento\u201d e tanti altri in una carrellata di proposte tutte da ascoltare. Collage va in onda dal luned\u00ec al venerd\u00ec alle 16,00 e alle 23,00 naturalmente su Radio Pi\u00f9.<\/p>\n<div class=\"b654a4as d2edcug0\"><\/div>\n<\/div>\n<\/div>\n<\/div>\n<\/div>\n<\/div>\n<\/div>\n<\/div>\n<\/div>\n<\/div>\n<\/div>\n<\/div>\n<\/div>\n<\/div>\n<\/div>\n<\/div>\n<\/div>\n<\/div>\n<\/div>\n<\/div>\n<\/div>\n<\/div>\n<\/div>\n<\/div>\n<\/div>\n<\/div>\n<\/div>\n<\/div>\n<\/div>\n<\/div>\n<\/div>\n<\/div>\n<\/div>\n<\/div>\n<\/div>\n<\/div>\n<\/div>\n<\/div>\n<\/div>\n<\/div>\n<\/div>\n<\/div>\n<\/div>\n<\/div>\n<\/div>\n<\/div>\n<\/div>\n<\/div>\n<\/div>\n<\/div>\n<\/div>\n<\/div>\n<\/div>\n<\/div>\n<\/div>\n<\/div>\n<\/div>\n<\/div>\n<\/div>\n<\/div>\n<\/div>\n<\/div>\n<\/div>\n<\/div>\n<div>\n<div class=\"page-title-head hgroup\">\n<div class=\"page-title-head hgroup\">\n<div class=\"page-title-head hgroup\">\n<div class=\"page-title-head hgroup\">\n<div class=\"b654a4as d2edcug0\">\n<div class=\"page-title-head hgroup\">\n<div class=\"page-title-head hgroup\">\n<div class=\"page-title-head hgroup\">\n<div class=\"page-title-head hgroup\">\n<div class=\"b654a4as d2edcug0\">\n<div class=\"page-title-head hgroup\">\n<div class=\"page-title-head hgroup\">\n<div class=\"page-title-head hgroup\">\n<div class=\"page-title-head hgroup\">\n<div class=\"page-title-head hgroup\">\n<div class=\"page-title-head hgroup\">\n<div class=\"page-title-head hgroup\">\n<div class=\"page-title-head hgroup\">\n<div class=\"page-title-head hgroup\">\n<div class=\"b654a4as d2edcug0\">\n<div class=\"page-title-head hgroup\">\n<div class=\"page-title-head hgroup\">\n<div class=\"page-title-head hgroup\">\n<div class=\"page-title-head hgroup\">\n<div class=\"b654a4as d2edcug0\">\n<div class=\"page-title-head hgroup\">\n<div class=\"page-title-head hgroup\">\n<div class=\"page-title-head hgroup\">\n<div class=\"page-title-head hgroup\">\n<div class=\"page-title-head hgroup\">\n<div class=\"mkdf-post-text\">\n<div class=\"mkdf-post-text-inner\">\n<div class=\"mkdf-post-text-main\">\n<div class=\"mkdf-post-text\">\n<div class=\"mkdf-post-text-inner\">\n<div class=\"mkdf-post-text-main\">\n<div class=\"mkdf-post-text\">\n<div class=\"mkdf-post-text-inner\">\n<div class=\"mkdf-post-text-main\">\n<div class=\"page-title-head hgroup\">\n<div class=\"page-title-head hgroup\">\n<div class=\"mkdf-post-text\">\n<div class=\"mkdf-post-text-inner\">\n<div class=\"mkdf-post-text-main\">\n<div class=\"mkdf-post-text\">\n<div class=\"mkdf-post-text-inner\">\n<div class=\"mkdf-post-text-main\">\n<div class=\"page-title-head hgroup\">\n<div class=\"page-title-head hgroup\">\n<div class=\"page-title-head hgroup\">\n<div class=\"page-title-head hgroup\">\n<div class=\"b654a4as d2edcug0\">\n<div class=\"page-title-head hgroup\">\n<div class=\"page-title-head hgroup\">\n<div class=\"page-title-head hgroup\">\n<div class=\"page-title-head hgroup\">\n<div class=\"b654a4as d2edcug0\">\n<div class=\"page-title-head hgroup\">\n<div class=\"page-title-head hgroup\">\n<div class=\"page-title-head hgroup\">\n<div>\n<div class=\"page-title-head hgroup\">\n<div class=\"page-title-head hgroup\">\n<div class=\"b654a4as d2edcug0\">\n<div class=\"j83agx80 btwxx1t3 lhclo0ds hop8lmos nkwizq5d scwd0bx6 roh60bw9\">\n<div class=\"rq0escxv hkbzh7o3 jwdofwj8 n8tt0mok r8blr3vg hyh9befq\">\n<div class=\"do00u71z l9j0dhe7 k4urcfbm\">\n<div class=\"page-title-head hgroup\">\n<div class=\"page-title-head hgroup\">\n<div class=\"b654a4as d2edcug0\">\n<div class=\"j83agx80 btwxx1t3 lhclo0ds hop8lmos nkwizq5d scwd0bx6 roh60bw9\">\n<div class=\"rq0escxv hkbzh7o3 jwdofwj8 n8tt0mok r8blr3vg hyh9befq\">\n<div class=\"do00u71z l9j0dhe7 k4urcfbm\">\n<div class=\"ecm0bbzt e5nlhep0 a8c37x1j\">\n<div class=\"kvgmc6g5 cxmmr5t8 oygrvhab hcukyx3x c1et5uql\">\n<div class=\"gmail-kvgmc6g5 gmail-cxmmr5t8 gmail-oygrvhab gmail-hcukyx3x gmail-c1et5uql gmail-ii04i59q\">\n<div class=\"page-title-head hgroup\">\n<div class=\"page-title-head hgroup\">\n<div class=\"b654a4as d2edcug0\">\n<div class=\"j83agx80 btwxx1t3 lhclo0ds hop8lmos nkwizq5d scwd0bx6 roh60bw9\">\n<div class=\"rq0escxv hkbzh7o3 jwdofwj8 n8tt0mok r8blr3vg hyh9befq\">\n<div class=\"do00u71z l9j0dhe7 k4urcfbm\">\n<div class=\"page-title-head hgroup\">\n<div class=\"page-title-head hgroup\">\n<div class=\"b654a4as d2edcug0\">\n<div class=\"j83agx80 btwxx1t3 lhclo0ds hop8lmos nkwizq5d scwd0bx6 roh60bw9\">\n<div class=\"rq0escxv hkbzh7o3 jwdofwj8 n8tt0mok r8blr3vg hyh9befq\">\n<div class=\"do00u71z l9j0dhe7 k4urcfbm\">\n<div class=\"page-title-head hgroup\">\n<div class=\"page-title-head hgroup\">\n<div class=\"b654a4as d2edcug0\">\n<div class=\"j83agx80 btwxx1t3 lhclo0ds hop8lmos nkwizq5d scwd0bx6 roh60bw9\">\n<div class=\"rq0escxv hkbzh7o3 jwdofwj8 n8tt0mok r8blr3vg hyh9befq\">\n<div class=\"do00u71z l9j0dhe7 k4urcfbm\">\n<div class=\"ecm0bbzt e5nlhep0 a8c37x1j\">\n<div class=\"kvgmc6g5 cxmmr5t8 oygrvhab hcukyx3x c1et5uql\">\n<div class=\"gmail-kvgmc6g5 gmail-cxmmr5t8 gmail-oygrvhab gmail-hcukyx3x gmail-c1et5uql gmail-ii04i59q\">\n<div class=\"page-title-head hgroup\">\n<div class=\"page-title-head hgroup\">\n<div class=\"b654a4as d2edcug0\">\n<div class=\"j83agx80 btwxx1t3 lhclo0ds hop8lmos nkwizq5d scwd0bx6 roh60bw9\">\n<div class=\"rq0escxv hkbzh7o3 jwdofwj8 n8tt0mok r8blr3vg hyh9befq\">\n<div class=\"do00u71z l9j0dhe7 k4urcfbm\">\n<div class=\"page-title-head hgroup\">\n<div class=\"page-title-head hgroup\">\n<div class=\"page-title-head hgroup\">\n<div class=\"page-title-head hgroup\">\n<div class=\"b654a4as d2edcug0\">\n<div class=\"page-title-head hgroup\">\n<div class=\"page-title-head hgroup\">\n<div class=\"page-title-head hgroup\">\n<div class=\"page-title-head hgroup\">\n<div class=\"b654a4as d2edcug0\">\n<div class=\"page-title-head hgroup\">\n<div class=\"page-title-head hgroup\">\n<div class=\"page-title-head hgroup\">\n<div class=\"page-title-head hgroup\">\n<div class=\"page-title-head hgroup\">\n<div class=\"page-title-head hgroup\">\n<div class=\"page-title-head hgroup\">\n<div class=\"page-title-head hgroup\">\n<div class=\"page-title-head hgroup\">\n<div class=\"b654a4as d2edcug0\">\n<div class=\"page-title-head hgroup\">\n<div class=\"page-title-head hgroup\">\n<div class=\"page-title-head hgroup\">\n<div class=\"page-title-head hgroup\">\n<div class=\"b654a4as d2edcug0\">\n<div class=\"page-title-head hgroup\">\n<div class=\"page-title-head hgroup\">\n<div class=\"page-title-head hgroup\">\n<div class=\"page-title-head hgroup\">\n<div class=\"page-title-head hgroup\">\n<div class=\"mkdf-post-text\">\n<div class=\"mkdf-post-text-inner\">\n<div class=\"mkdf-post-text-main\">\n<div class=\"mkdf-post-text\">\n<div class=\"mkdf-post-text-inner\">\n<div class=\"mkdf-post-text-main\">\n<div class=\"mkdf-post-text\">\n<div class=\"mkdf-post-text-inner\">\n<div class=\"mkdf-post-text-main\">\n<div class=\"page-title-head hgroup\">\n<div class=\"page-title-head hgroup\">\n<div class=\"mkdf-post-text\">\n<div class=\"mkdf-post-text-inner\">\n<div class=\"mkdf-post-text-main\">\n<div class=\"mkdf-post-text\">\n<div class=\"mkdf-post-text-inner\">\n<div class=\"mkdf-post-text-main\">\n<div class=\"page-title-head hgroup\">\n<div class=\"page-title-head hgroup\">\n<div class=\"page-title-head hgroup\">\n<div class=\"page-title-head hgroup\">\n<div class=\"b654a4as d2edcug0\">\n<div class=\"page-title-head hgroup\">\n<div class=\"page-title-head hgroup\">\n<div class=\"page-title-head hgroup\">\n<div class=\"page-title-head hgroup\">\n<div class=\"b654a4as d2edcug0\">\n<div class=\"page-title-head hgroup\">\n<div class=\"page-title-head hgroup\">\n<div class=\"page-title-head hgroup\">\n<div class=\"page-title-head hgroup\">\n<div class=\"b654a4as d2edcug0\">\n<div class=\"ecm0bbzt e5nlhep0 a8c37x1j\">\n<div class=\"kvgmc6g5 cxmmr5t8 oygrvhab hcukyx3x c1et5uql\">\n<div class=\"gmail-kvgmc6g5 gmail-cxmmr5t8 gmail-oygrvhab gmail-hcukyx3x gmail-c1et5uql gmail-ii04i59q\">\n<div class=\"page-title-head hgroup\">\n<div class=\"page-title-head hgroup\">\n<div class=\"b654a4as d2edcug0\">\n<div class=\"j83agx80 btwxx1t3 lhclo0ds hop8lmos nkwizq5d scwd0bx6 roh60bw9\">\n<div class=\"rq0escxv hkbzh7o3 jwdofwj8 n8tt0mok r8blr3vg hyh9befq\">\n<div class=\"do00u71z l9j0dhe7 k4urcfbm\">\n<div class=\"page-title-head hgroup\">\n<div class=\"page-title-head hgroup\">\n<div class=\"page-title-head hgroup\">\n<div class=\"page-title-head hgroup\">\n<div class=\"b654a4as d2edcug0\">\n<div class=\"page-title-head hgroup\">\n<div class=\"page-title-head hgroup\">\n<div class=\"page-title-head hgroup\">\n<div class=\"page-title-head hgroup\">\n<div class=\"b654a4as d2edcug0\">\n<div class=\"page-title-head hgroup\">\n<div class=\"page-title-head hgroup\">\n<div class=\"page-title-head hgroup\">\n<div class=\"page-title-head hgroup\">\n<div class=\"page-title-head hgroup\">\n<div class=\"page-title-head hgroup\">\n<div class=\"page-title-head hgroup\">\n<div class=\"page-title-head hgroup\">\n<div class=\"page-title-head hgroup\">\n<div class=\"b654a4as d2edcug0\">\n<div class=\"page-title-head hgroup\">\n<div class=\"page-title-head hgroup\">\n<div class=\"page-title-head hgroup\">\n<div class=\"page-title-head hgroup\">\n<div class=\"b654a4as d2edcug0\">\n<div class=\"page-title-head hgroup\">\n<div class=\"page-title-head hgroup\">\n<div class=\"page-title-head hgroup\">\n<div class=\"page-title-head hgroup\">\n<div class=\"page-title-head hgroup\">\n<div class=\"mkdf-post-text\">\n<div class=\"mkdf-post-text-inner\">\n<div class=\"mkdf-post-text-main\">\n<div class=\"mkdf-post-text\">\n<div class=\"mkdf-post-text-inner\">\n<div class=\"mkdf-post-text-main\">\n<div class=\"mkdf-post-text\">\n<div class=\"mkdf-post-text-inner\">\n<div class=\"mkdf-post-text-main\">\n<div class=\"page-title-head hgroup\">\n<div class=\"page-title-head hgroup\">\n<div class=\"mkdf-post-text\">\n<div class=\"mkdf-post-text-inner\">\n<div class=\"mkdf-post-text-main\">\n<div class=\"mkdf-post-text\">\n<div class=\"mkdf-post-text-inner\">\n<div class=\"mkdf-post-text-main\">\n<div class=\"page-title-head hgroup\">\n<div class=\"page-title-head hgroup\">\n<div class=\"page-title-head hgroup\">\n<div class=\"page-title-head hgroup\">\n<div class=\"b654a4as d2edcug0\">\n<div class=\"page-title-head hgroup\">\n<div class=\"page-title-head hgroup\">\n<div class=\"page-title-head hgroup\">\n<div class=\"page-title-head hgroup\">\n<div class=\"b654a4as d2edcug0\">\n<div class=\"page-title-head hgroup\">\n<div class=\"page-title-head hgroup\">\n<div class=\"page-title-head hgroup\">\n<div class=\"page-title-head hgroup\">\n<div class=\"b654a4as d2edcug0\">\n<div class=\"mkdf-post-text\">\n<div class=\"mkdf-post-text-inner\">\n<div class=\"mkdf-post-text-main\">\n<div class=\"mkdf-post-text\">\n<div class=\"mkdf-post-text-inner\">\n<div class=\"mkdf-post-text-main\">\n<div class=\"mkdf-post-text\">\n<div class=\"mkdf-post-text-inner\">\n<div class=\"mkdf-post-text-main\">\n<div class=\"page-title-head hgroup\">\n<div class=\"page-title-head hgroup\">\n<div class=\"mkdf-post-text\">\n<div class=\"mkdf-post-text-inner\">\n<div class=\"mkdf-post-text-main\">\n<div class=\"mkdf-post-text\">\n<div class=\"mkdf-post-text-inner\">\n<div class=\"mkdf-post-text-main\">\n<div class=\"page-title-head hgroup\">\n<div class=\"page-title-head hgroup\">\n<div class=\"page-title-head hgroup\">\n<div class=\"page-title-head hgroup\">\n<div class=\"b654a4as d2edcug0\">\n<div class=\"page-title-head hgroup\">\n<div class=\"page-title-head hgroup\">\n<div class=\"page-title-head hgroup\">\n<div class=\"page-title-head hgroup\">\n<div class=\"b654a4as d2edcug0\">\n<div class=\"page-title-head hgroup\">\n<div class=\"page-title-head hgroup\">\n<div class=\"page-title-head hgroup\">\n<div class=\"page-title-head hgroup\">\n<div class=\"b654a4as d2edcug0\">\n<hr \/>\n<p>&nbsp;<\/p>\n<div>\n<div class=\"page-title-head hgroup\">\n<div class=\"page-title-head hgroup\">\n<div class=\"b654a4as d2edcug0\">\n<div class=\"j83agx80 btwxx1t3 lhclo0ds hop8lmos nkwizq5d scwd0bx6 roh60bw9\">\n<div class=\"rq0escxv hkbzh7o3 jwdofwj8 n8tt0mok r8blr3vg hyh9befq\">\n<div class=\"do00u71z l9j0dhe7 k4urcfbm\">\n<div class=\"page-title-head hgroup\">\n<div class=\"page-title-head hgroup\">\n<div class=\"b654a4as d2edcug0\">\n<div class=\"j83agx80 btwxx1t3 lhclo0ds hop8lmos nkwizq5d scwd0bx6 roh60bw9\">\n<div class=\"rq0escxv hkbzh7o3 jwdofwj8 n8tt0mok r8blr3vg hyh9befq\">\n<div class=\"do00u71z l9j0dhe7 k4urcfbm\">\n<div class=\"ecm0bbzt e5nlhep0 a8c37x1j\">\n<div class=\"kvgmc6g5 cxmmr5t8 oygrvhab hcukyx3x c1et5uql\">\n<div class=\"gmail-kvgmc6g5 gmail-cxmmr5t8 gmail-oygrvhab gmail-hcukyx3x gmail-c1et5uql gmail-ii04i59q\">\n<div class=\"page-title-head hgroup\">\n<div class=\"page-title-head hgroup\">\n<div class=\"b654a4as d2edcug0\">\n<div class=\"j83agx80 btwxx1t3 lhclo0ds hop8lmos nkwizq5d scwd0bx6 roh60bw9\">\n<div class=\"rq0escxv hkbzh7o3 jwdofwj8 n8tt0mok r8blr3vg hyh9befq\">\n<div class=\"do00u71z l9j0dhe7 k4urcfbm\">\n<div class=\"page-title-head hgroup\">\n<div class=\"page-title-head hgroup\">\n<div class=\"b654a4as d2edcug0\">\n<div class=\"j83agx80 btwxx1t3 lhclo0ds hop8lmos nkwizq5d scwd0bx6 roh60bw9\">\n<div class=\"rq0escxv hkbzh7o3 jwdofwj8 n8tt0mok r8blr3vg hyh9befq\">\n<div class=\"do00u71z l9j0dhe7 k4urcfbm\">\n<div class=\"page-title-head hgroup\">\n<div class=\"page-title-head hgroup\">\n<div class=\"b654a4as d2edcug0\">\n<div class=\"j83agx80 btwxx1t3 lhclo0ds hop8lmos nkwizq5d scwd0bx6 roh60bw9\">\n<div class=\"rq0escxv hkbzh7o3 jwdofwj8 n8tt0mok r8blr3vg hyh9befq\">\n<div class=\"do00u71z l9j0dhe7 k4urcfbm\">\n<div class=\"ecm0bbzt e5nlhep0 a8c37x1j\">\n<div class=\"kvgmc6g5 cxmmr5t8 oygrvhab hcukyx3x c1et5uql\">\n<div class=\"gmail-kvgmc6g5 gmail-cxmmr5t8 gmail-oygrvhab gmail-hcukyx3x gmail-c1et5uql gmail-ii04i59q\">\n<div class=\"page-title-head hgroup\">\n<div class=\"page-title-head hgroup\">\n<div class=\"b654a4as d2edcug0\">\n<div class=\"j83agx80 btwxx1t3 lhclo0ds hop8lmos nkwizq5d scwd0bx6 roh60bw9\">\n<div class=\"rq0escxv hkbzh7o3 jwdofwj8 n8tt0mok r8blr3vg hyh9befq\">\n<div class=\"do00u71z l9j0dhe7 k4urcfbm\">\n<div class=\"page-title-head hgroup\">\n<div class=\"page-title-head hgroup\">\n<div class=\"page-title-head hgroup\">\n<div class=\"page-title-head hgroup\">\n<div class=\"b654a4as d2edcug0\">\n<div class=\"page-title-head hgroup\">\n<div class=\"page-title-head hgroup\">\n<div class=\"page-title-head hgroup\">\n<div class=\"page-title-head hgroup\">\n<div class=\"b654a4as d2edcug0\">\n<div class=\"page-title-head hgroup\">\n<div class=\"page-title-head hgroup\">\n<div class=\"page-title-head hgroup\">\n<div class=\"page-title-head hgroup\">\n<div class=\"page-title-head hgroup\">\n<div class=\"page-title-head hgroup\">\n<div class=\"page-title-head hgroup\">\n<div class=\"page-title-head hgroup\">\n<div class=\"page-title-head hgroup\">\n<div class=\"b654a4as d2edcug0\">\n<div class=\"page-title-head hgroup\">\n<div class=\"page-title-head hgroup\">\n<div class=\"page-title-head hgroup\">\n<div class=\"page-title-head hgroup\">\n<div class=\"b654a4as d2edcug0\">\n<div class=\"page-title-head hgroup\">\n<div class=\"page-title-head hgroup\">\n<div class=\"page-title-head hgroup\">\n<div class=\"page-title-head hgroup\">\n<div class=\"page-title-head hgroup\">\n<div class=\"mkdf-post-text\">\n<div class=\"mkdf-post-text-inner\">\n<div class=\"mkdf-post-text-main\">\n<div class=\"mkdf-post-text\">\n<div class=\"mkdf-post-text-inner\">\n<div class=\"mkdf-post-text-main\">\n<div class=\"mkdf-post-text\">\n<div class=\"mkdf-post-text-inner\">\n<div class=\"mkdf-post-text-main\">\n<div class=\"page-title-head hgroup\">\n<div class=\"page-title-head hgroup\">\n<div class=\"mkdf-post-text\">\n<div class=\"mkdf-post-text-inner\">\n<div class=\"mkdf-post-text-main\">\n<div class=\"mkdf-post-text\">\n<div class=\"mkdf-post-text-inner\">\n<div class=\"mkdf-post-text-main\">\n<div class=\"page-title-head hgroup\">\n<div class=\"page-title-head hgroup\">\n<div class=\"page-title-head hgroup\">\n<div class=\"page-title-head hgroup\">\n<div class=\"b654a4as d2edcug0\">\n<div class=\"page-title-head hgroup\">\n<div class=\"page-title-head hgroup\">\n<div class=\"page-title-head hgroup\">\n<div class=\"page-title-head hgroup\">\n<div class=\"b654a4as d2edcug0\">\n<div class=\"page-title-head hgroup\">\n<div class=\"page-title-head hgroup\">\n<div class=\"page-title-head hgroup\">\n<div class=\"page-title-head hgroup\">\n<div class=\"b654a4as d2edcug0\">\n<div class=\"ecm0bbzt e5nlhep0 a8c37x1j\">\n<div class=\"kvgmc6g5 cxmmr5t8 oygrvhab hcukyx3x c1et5uql\">\n<div class=\"gmail-kvgmc6g5 gmail-cxmmr5t8 gmail-oygrvhab gmail-hcukyx3x gmail-c1et5uql gmail-ii04i59q\">\n<div class=\"page-title-head hgroup\">\n<div class=\"page-title-head hgroup\">\n<div class=\"b654a4as d2edcug0\">\n<div class=\"j83agx80 btwxx1t3 lhclo0ds hop8lmos nkwizq5d scwd0bx6 roh60bw9\">\n<div class=\"rq0escxv hkbzh7o3 jwdofwj8 n8tt0mok r8blr3vg hyh9befq\">\n<div class=\"do00u71z l9j0dhe7 k4urcfbm\">\n<div class=\"page-title-head hgroup\">\n<div class=\"page-title-head hgroup\">\n<div class=\"page-title-head hgroup\">\n<div class=\"page-title-head hgroup\">\n<div class=\"b654a4as d2edcug0\">\n<div class=\"page-title-head hgroup\">\n<div class=\"page-title-head hgroup\">\n<div class=\"page-title-head hgroup\">\n<div class=\"page-title-head hgroup\">\n<div class=\"b654a4as d2edcug0\">\n<div class=\"page-title-head hgroup\">\n<div class=\"page-title-head hgroup\">\n<div class=\"page-title-head hgroup\">\n<div class=\"page-title-head hgroup\">\n<div class=\"page-title-head hgroup\">\n<div class=\"page-title-head hgroup\">\n<div class=\"page-title-head hgroup\">\n<div class=\"page-title-head hgroup\">\n<div class=\"page-title-head hgroup\">\n<div class=\"b654a4as d2edcug0\">\n<div class=\"page-title-head hgroup\">\n<div class=\"page-title-head hgroup\">\n<div class=\"page-title-head hgroup\">\n<div class=\"page-title-head hgroup\">\n<div class=\"b654a4as d2edcug0\">\n<div class=\"page-title-head hgroup\">\n<div class=\"page-title-head hgroup\">\n<div class=\"page-title-head hgroup\">\n<div class=\"page-title-head hgroup\">\n<div class=\"page-title-head hgroup\">\n<div class=\"mkdf-post-text\">\n<div class=\"mkdf-post-text-inner\">\n<div class=\"mkdf-post-text-main\">\n<div class=\"mkdf-post-text\">\n<div class=\"mkdf-post-text-inner\">\n<div class=\"mkdf-post-text-main\">\n<div class=\"mkdf-post-text\">\n<div class=\"mkdf-post-text-inner\">\n<div class=\"mkdf-post-text-main\">\n<div class=\"page-title-head hgroup\">\n<div class=\"page-title-head hgroup\">\n<div class=\"mkdf-post-text\">\n<div class=\"mkdf-post-text-inner\">\n<div class=\"mkdf-post-text-main\">\n<div class=\"mkdf-post-text\">\n<div class=\"mkdf-post-text-inner\">\n<div class=\"mkdf-post-text-main\">\n<div class=\"page-title-head hgroup\">\n<div class=\"page-title-head hgroup\">\n<div class=\"page-title-head hgroup\">\n<div class=\"page-title-head hgroup\">\n<div class=\"b654a4as d2edcug0\">\n<div class=\"page-title-head hgroup\">\n<div class=\"page-title-head hgroup\">\n<div class=\"page-title-head hgroup\">\n<div class=\"page-title-head hgroup\">\n<div class=\"b654a4as d2edcug0\">\n<div class=\"page-title-head hgroup\">\n<div class=\"page-title-head hgroup\">\n<div class=\"page-title-head hgroup\">\n<div class=\"page-title-head hgroup\">\n<div class=\"b654a4as d2edcug0\">\n<h2><\/h2>\n<\/div>\n<\/div>\n<\/div>\n<\/div>\n<\/div>\n<\/div>\n<\/div>\n<\/div>\n<\/div>\n<\/div>\n<\/div>\n<\/div>\n<\/div>\n<\/div>\n<\/div>\n<\/div>\n<\/div>\n<\/div>\n<\/div>\n<\/div>\n<\/div>\n<\/div>\n<\/div>\n<\/div>\n<\/div>\n<\/div>\n<\/div>\n<\/div>\n<\/div>\n<\/div>\n<\/div>\n<\/div>\n<\/div>\n<\/div>\n<\/div>\n<\/div>\n<\/div>\n<\/div>\n<\/div>\n<\/div>\n<\/div>\n<\/div>\n<\/div>\n<\/div>\n<\/div>\n<\/div>\n<\/div>\n<\/div>\n<\/div>\n<\/div>\n<\/div>\n<\/div>\n<\/div>\n<\/div>\n<\/div>\n<\/div>\n<\/div>\n<\/div>\n<\/div>\n<\/div>\n<\/div>\n<\/div>\n<\/div>\n<\/div>\n<\/div>\n<\/div>\n<\/div>\n<\/div>\n<\/div>\n<\/div>\n<\/div>\n<\/div>\n<\/div>\n<\/div>\n<\/div>\n<\/div>\n<\/div>\n<\/div>\n<\/div>\n<\/div>\n<\/div>\n<\/div>\n<\/div>\n<\/div>\n<\/div>\n<\/div>\n<\/div>\n<\/div>\n<\/div>\n<\/div>\n<\/div>\n<\/div>\n<\/div>\n<\/div>\n<\/div>\n<\/div>\n<\/div>\n<\/div>\n<\/div>\n<\/div>\n<\/div>\n<\/div>\n<\/div>\n<\/div>\n<\/div>\n<\/div>\n<\/div>\n<\/div>\n<\/div>\n<\/div>\n<\/div>\n<\/div>\n<\/div>\n<\/div>\n<\/div>\n<\/div>\n<\/div>\n<\/div>\n<\/div>\n<\/div>\n<\/div>\n<\/div>\n<\/div>\n<\/div>\n<\/div>\n<\/div>\n<\/div>\n<\/div>\n<\/div>\n<\/div>\n<\/div>\n<\/div>\n<\/div>\n<\/div>\n<\/div>\n<\/div>\n<\/div>\n<\/div>\n<\/div>\n<\/div>\n<\/div>\n<\/div>\n<\/div>\n<\/div>\n<\/div>\n<\/div>\n<\/div>\n<\/div>\n<\/div>\n<\/div>\n<\/div>\n<\/div>\n<\/div>\n<\/div>\n<\/div>\n<\/div>\n<\/div>\n<\/div>\n<\/div>\n<\/div>\n<\/div>\n<\/div>\n<\/div>\n<\/div>\n<\/div>\n<\/div>\n<\/div>\n<\/div>\n<\/div>\n<\/div>\n<\/div>\n<\/div>\n<\/div>\n<\/div>\n<\/div>\n<\/div>\n<div style=\"text-align: left;\"><\/div>\n<div>\n<div class=\"page-title-head hgroup\">\n<div class=\"page-title-head hgroup\">\n<div class=\"b654a4as d2edcug0\">\n<div class=\"j83agx80 btwxx1t3 lhclo0ds hop8lmos nkwizq5d scwd0bx6 roh60bw9\">\n<div class=\"rq0escxv hkbzh7o3 jwdofwj8 n8tt0mok r8blr3vg hyh9befq\">\n<div class=\"do00u71z l9j0dhe7 k4urcfbm\">\n<div class=\"ecm0bbzt e5nlhep0 a8c37x1j\">\n<div class=\"kvgmc6g5 cxmmr5t8 oygrvhab hcukyx3x c1et5uql\">\n<div class=\"gmail-kvgmc6g5 gmail-cxmmr5t8 gmail-oygrvhab gmail-hcukyx3x gmail-c1et5uql gmail-ii04i59q\">\n<div class=\"page-title-head hgroup\">\n<div class=\"page-title-head hgroup\">\n<div class=\"b654a4as d2edcug0\">\n<div class=\"j83agx80 btwxx1t3 lhclo0ds hop8lmos nkwizq5d scwd0bx6 roh60bw9\">\n<div class=\"rq0escxv hkbzh7o3 jwdofwj8 n8tt0mok r8blr3vg hyh9befq\">\n<div class=\"do00u71z l9j0dhe7 k4urcfbm\">\n<div class=\"page-title-head hgroup\">\n<div class=\"page-title-head hgroup\">\n<div class=\"page-title-head hgroup\">\n<div class=\"page-title-head hgroup\">\n<div class=\"b654a4as d2edcug0\">\n<div class=\"page-title-head hgroup\">\n<div class=\"page-title-head hgroup\">\n<div class=\"page-title-head hgroup\">\n<div class=\"page-title-head hgroup\">\n<div class=\"b654a4as d2edcug0\">\n<div class=\"page-title-head hgroup\">\n<div class=\"page-title-head hgroup\">\n<div class=\"page-title-head hgroup\">\n<div class=\"page-title-head hgroup\">\n<div class=\"page-title-head hgroup\">\n<div class=\"page-title-head hgroup\">\n<div class=\"page-title-head hgroup\">\n<div class=\"page-title-head hgroup\">\n<div class=\"page-title-head hgroup\">\n<div class=\"b654a4as d2edcug0\">\n<div class=\"page-title-head hgroup\">\n<div class=\"page-title-head hgroup\">\n<div class=\"page-title-head hgroup\">\n<div class=\"page-title-head hgroup\">\n<div class=\"b654a4as d2edcug0\">\n<div class=\"page-title-head hgroup\">\n<div class=\"page-title-head hgroup\">\n<div class=\"page-title-head hgroup\">\n<div class=\"page-title-head hgroup\">\n<div class=\"page-title-head hgroup\">\n<div class=\"mkdf-post-text\">\n<div class=\"mkdf-post-text-inner\">\n<div class=\"mkdf-post-text-main\">\n<div class=\"mkdf-post-text\">\n<div class=\"mkdf-post-text-inner\">\n<div class=\"mkdf-post-text-main\">\n<div class=\"mkdf-post-text\">\n<div class=\"mkdf-post-text-inner\">\n<div class=\"mkdf-post-text-main\">\n<div class=\"page-title-head hgroup\">\n<div class=\"page-title-head hgroup\">\n<div class=\"mkdf-post-text\">\n<div class=\"mkdf-post-text-inner\">\n<div class=\"mkdf-post-text-main\">\n<div class=\"mkdf-post-text\">\n<div class=\"mkdf-post-text-inner\">\n<div class=\"mkdf-post-text-main\">\n<div class=\"page-title-head hgroup\">\n<div class=\"page-title-head hgroup\">\n<div class=\"page-title-head hgroup\">\n<div class=\"page-title-head hgroup\">\n<div class=\"b654a4as d2edcug0\">\n<div class=\"page-title-head hgroup\">\n<div class=\"page-title-head hgroup\">\n<div class=\"page-title-head hgroup\">\n<div class=\"page-title-head hgroup\">\n<div class=\"b654a4as d2edcug0\">\n<div class=\"page-title-head hgroup\">\n<div class=\"page-title-head hgroup\">\n<div class=\"page-title-head hgroup\">\n<div class=\"page-title-head hgroup\">\n<div class=\"b654a4as d2edcug0\">\n<div class=\"page-title-head hgroup\">\n<div class=\"page-title-head hgroup\">\n<div class=\"b654a4as d2edcug0\">\n<div class=\"j83agx80 btwxx1t3 lhclo0ds hop8lmos nkwizq5d scwd0bx6 roh60bw9\">\n<div class=\"rq0escxv hkbzh7o3 jwdofwj8 n8tt0mok r8blr3vg hyh9befq\">\n<div class=\"do00u71z l9j0dhe7 k4urcfbm\">\n<div class=\"ecm0bbzt e5nlhep0 a8c37x1j\">\n<div class=\"kvgmc6g5 cxmmr5t8 oygrvhab hcukyx3x c1et5uql\">\n<div class=\"gmail-kvgmc6g5 gmail-cxmmr5t8 gmail-oygrvhab gmail-hcukyx3x gmail-c1et5uql gmail-ii04i59q\">\n<div class=\"page-title-head hgroup\">\n<div class=\"page-title-head hgroup\">\n<div class=\"b654a4as d2edcug0\">\n<div class=\"j83agx80 btwxx1t3 lhclo0ds hop8lmos nkwizq5d scwd0bx6 roh60bw9\">\n<div class=\"rq0escxv hkbzh7o3 jwdofwj8 n8tt0mok r8blr3vg hyh9befq\">\n<div class=\"do00u71z l9j0dhe7 k4urcfbm\">\n<div class=\"page-title-head hgroup\">\n<div class=\"page-title-head hgroup\">\n<div class=\"page-title-head hgroup\">\n<div class=\"page-title-head hgroup\">\n<div class=\"b654a4as d2edcug0\">\n<div class=\"page-title-head hgroup\">\n<div class=\"page-title-head hgroup\">\n<div class=\"page-title-head hgroup\">\n<div class=\"page-title-head hgroup\">\n<div class=\"b654a4as d2edcug0\">\n<div class=\"page-title-head hgroup\">\n<div class=\"page-title-head hgroup\">\n<div class=\"page-title-head hgroup\">\n<div class=\"page-title-head hgroup\">\n<div class=\"page-title-head hgroup\">\n<div class=\"page-title-head hgroup\">\n<div class=\"page-title-head hgroup\">\n<div class=\"page-title-head hgroup\">\n<div class=\"page-title-head hgroup\">\n<div class=\"b654a4as d2edcug0\">\n<div class=\"page-title-head hgroup\">\n<div class=\"page-title-head hgroup\">\n<div class=\"page-title-head hgroup\">\n<div class=\"page-title-head hgroup\">\n<div class=\"b654a4as d2edcug0\">\n<div class=\"page-title-head hgroup\">\n<div class=\"page-title-head hgroup\">\n<div class=\"page-title-head hgroup\">\n<div class=\"page-title-head hgroup\">\n<div class=\"page-title-head hgroup\">\n<div class=\"mkdf-post-text\">\n<div class=\"mkdf-post-text-inner\">\n<div class=\"mkdf-post-text-main\">\n<div class=\"mkdf-post-text\">\n<div class=\"mkdf-post-text-inner\">\n<div class=\"mkdf-post-text-main\">\n<div class=\"mkdf-post-text\">\n<div class=\"mkdf-post-text-inner\">\n<div class=\"mkdf-post-text-main\">\n<div class=\"page-title-head hgroup\">\n<div class=\"page-title-head hgroup\">\n<div class=\"mkdf-post-text\">\n<div class=\"mkdf-post-text-inner\">\n<div class=\"mkdf-post-text-main\">\n<div class=\"mkdf-post-text\">\n<div class=\"mkdf-post-text-inner\">\n<div class=\"mkdf-post-text-main\">\n<div class=\"page-title-head hgroup\">\n<div class=\"page-title-head hgroup\">\n<div class=\"page-title-head hgroup\">\n<div class=\"page-title-head hgroup\">\n<div class=\"b654a4as d2edcug0\">\n<div class=\"page-title-head hgroup\">\n<div class=\"page-title-head hgroup\">\n<div class=\"page-title-head hgroup\">\n<div class=\"page-title-head hgroup\">\n<div class=\"b654a4as d2edcug0\">\n<div class=\"page-title-head hgroup\">\n<div class=\"page-title-head hgroup\">\n<div class=\"page-title-head hgroup\">\n<div class=\"page-title-head hgroup\">\n<div class=\"b654a4as d2edcug0\"><\/div>\n<\/div>\n<\/div>\n<\/div>\n<\/div>\n<\/div>\n<\/div>\n<\/div>\n<\/div>\n<\/div>\n<\/div>\n<\/div>\n<\/div>\n<\/div>\n<\/div>\n<\/div>\n<\/div>\n<\/div>\n<\/div>\n<\/div>\n<\/div>\n<\/div>\n<\/div>\n<\/div>\n<\/div>\n<\/div>\n<\/div>\n<\/div>\n<\/div>\n<\/div>\n<\/div>\n<\/div>\n<\/div>\n<\/div>\n<\/div>\n<\/div>\n<\/div>\n<\/div>\n<\/div>\n<\/div>\n<\/div>\n<\/div>\n<\/div>\n<\/div>\n<\/div>\n<\/div>\n<\/div>\n<\/div>\n<\/div>\n<\/div>\n<\/div>\n<\/div>\n<\/div>\n<\/div>\n<\/div>\n<\/div>\n<\/div>\n<\/div>\n<\/div>\n<\/div>\n<\/div>\n<\/div>\n<\/div>\n<\/div>\n<\/div>\n<\/div>\n<\/div>\n<\/div>\n<\/div>\n<\/div>\n<\/div>\n<\/div>\n<\/div>\n<\/div>\n<\/div>\n<\/div>\n<\/div>\n<\/div>\n<\/div>\n<\/div>\n<\/div>\n<\/div>\n<\/div>\n<\/div>\n<\/div>\n<\/div>\n<\/div>\n<\/div>\n<\/div>\n<\/div>\n<\/div>\n<\/div>\n<\/div>\n<\/div>\n<\/div>\n<\/div>\n<\/div>\n<\/div>\n<\/div>\n<\/div>\n<\/div>\n<\/div>\n<\/div>\n<\/div>\n<\/div>\n<\/div>\n<\/div>\n<\/div>\n<\/div>\n<\/div>\n<\/div>\n<\/div>\n<\/div>\n<\/div>\n<\/div>\n<\/div>\n<\/div>\n<\/div>\n<\/div>\n<\/div>\n<\/div>\n<\/div>\n<\/div>\n<\/div>\n<\/div>\n<\/div>\n<\/div>\n<\/div>\n<\/div>\n<\/div>\n<\/div>\n<\/div>\n<\/div>\n<\/div>\n<\/div>\n<\/div>\n<\/div>\n<\/div>\n<\/div>\n<\/div>\n<\/div>\n<\/div>\n<\/div>\n<\/div>\n<\/div>\n<\/div>\n<\/div>\n<\/div>\n<\/div>\n<\/div>\n<\/div>\n<\/div>\n<\/div>\n<\/div>\n<\/div>\n<\/div>\n<\/div>\n<\/div>\n<\/div>\n<\/div>\n<\/div>\n<\/div>\n<\/div>\n<\/div>\n<\/div>\n<\/div>\n<\/div>\n<\/div>\n<\/div>\n<\/div>\n<\/div>\n<\/div>\n<\/div>\n<\/div>\n<\/div>\n<\/div>\n<\/div>\n<\/div>\n<\/div>\n<\/div>\n<\/div>\n<\/div>\n<\/div>\n<\/div>\n<\/div>\n<\/div>\n<\/div>\n<\/div>\n<div class=\"b654a4as d2edcug0\">\n<div class=\"ecm0bbzt e5nlhep0 a8c37x1j\">\n<div class=\"kvgmc6g5 cxmmr5t8 oygrvhab hcukyx3x c1et5uql\">\n<div class=\"gmail-kvgmc6g5 gmail-cxmmr5t8 gmail-oygrvhab gmail-hcukyx3x gmail-c1et5uql gmail-ii04i59q\">\n<div>\n<div class=\"page-title-head hgroup\">\n<div class=\"page-title-head hgroup\">\n<div class=\"b654a4as d2edcug0\">\n<div class=\"j83agx80 btwxx1t3 lhclo0ds hop8lmos nkwizq5d scwd0bx6 roh60bw9\">\n<div class=\"rq0escxv hkbzh7o3 jwdofwj8 n8tt0mok r8blr3vg hyh9befq\">\n<div class=\"do00u71z l9j0dhe7 k4urcfbm\">\n<div>\n<div class=\"page-title-head hgroup\">\n<div class=\"page-title-head hgroup\">\n<div class=\"page-title-head hgroup\">\n<div class=\"page-title-head hgroup\">\n<div class=\"b654a4as d2edcug0\">\n<div class=\"page-title-head hgroup\">\n<div class=\"page-title-head hgroup\">\n<div class=\"page-title-head hgroup\">\n<div class=\"page-title-head hgroup\">\n<div class=\"b654a4as d2edcug0\">\n<div class=\"page-title-head hgroup\">\n<div class=\"page-title-head hgroup\">\n<div class=\"page-title-head hgroup\">\n<div class=\"page-title-head hgroup\">\n<div class=\"page-title-head hgroup\">\n<div class=\"mkdf-post-text\">\n<div class=\"mkdf-post-text-inner\">\n<div class=\"mkdf-post-text-main\">\n<div class=\"mkdf-post-text\">\n<div class=\"mkdf-post-text-inner\">\n<div class=\"mkdf-post-text-main\">\n<div class=\"mkdf-post-text\">\n<div class=\"mkdf-post-text-inner\">\n<div class=\"mkdf-post-text-main\">\n<div class=\"page-title-head hgroup\">\n<div class=\"page-title-head hgroup\">\n<div class=\"mkdf-post-text\">\n<div class=\"mkdf-post-text-inner\">\n<div class=\"mkdf-post-text-main\">\n<div class=\"mkdf-post-text\">\n<div class=\"mkdf-post-text-inner\">\n<div class=\"mkdf-post-text-main\">\n<div>\n<div class=\"page-title-head hgroup\">\n<div class=\"page-title-head hgroup\">\n<div>\n<div class=\"page-title-head hgroup\">\n<div class=\"page-title-head hgroup\">\n<div class=\"b654a4as d2edcug0\">\n<div>\n<div class=\"page-title-head hgroup\" style=\"text-align: left;\">\n<div class=\"page-title-head hgroup\">\n<div dir=\"auto\">\n<p><a class=\"dt-pswp-item pspw-wrap-ready\" href=\"https:\/\/i0.wp.com\/www.radiopiu.net\/wordpress\/wp-content\/uploads\/2018\/09\/WhatsApp-Image-2018-09-20-at-16.04.06.jpeg?ssl=1\" data-dt-img-description=\"\" data-large_image_width=\"800\" data-large_image_height=\"100\"><img loading=\"lazy\" decoding=\"async\" class=\"aligncenter wp-image-61378 size-full jetpack-lazy-image jetpack-lazy-image--handled\" src=\"https:\/\/i0.wp.com\/www.radiopiu.net\/wordpress\/wp-content\/uploads\/2018\/09\/WhatsApp-Image-2018-09-20-at-16.04.06.jpeg?resize=800%2C100&amp;ssl=1\" sizes=\"auto, (max-width: 800px) 100vw, 800px\" srcset=\"https:\/\/i0.wp.com\/www.radiopiu.net\/wordpress\/wp-content\/uploads\/2018\/09\/WhatsApp-Image-2018-09-20-at-16.04.06.jpeg?w=800&amp;ssl=1 800w, https:\/\/i0.wp.com\/www.radiopiu.net\/wordpress\/wp-content\/uploads\/2018\/09\/WhatsApp-Image-2018-09-20-at-16.04.06.jpeg?resize=300%2C38&amp;ssl=1 300w, https:\/\/i0.wp.com\/www.radiopiu.net\/wordpress\/wp-content\/uploads\/2018\/09\/WhatsApp-Image-2018-09-20-at-16.04.06.jpeg?resize=768%2C96&amp;ssl=1 768w\" alt=\"\" width=\"800\" height=\"100\" data-lazy-loaded=\"1\" \/><\/a><\/p>\n<\/div>\n<\/div>\n<\/div>\n<\/div>\n<\/div>\n<\/div>\n<\/div>\n<\/div>\n<\/div>\n<\/div>\n<\/div>\n<\/div>\n<\/div>\n<\/div>\n<\/div>\n<\/div>\n<\/div>\n<\/div>\n<\/div>\n<\/div>\n<\/div>\n<\/div>\n<\/div>\n<\/div>\n<\/div>\n<\/div>\n<\/div>\n<\/div>\n<\/div>\n<\/div>\n<\/div>\n<\/div>\n<\/div>\n<\/div>\n<\/div>\n<\/div>\n<\/div>\n<\/div>\n<\/div>\n<\/div>\n<\/div>\n<\/div>\n<\/div>\n<\/div>\n<\/div>\n<\/div>\n<\/div>\n<\/div>\n<\/div>\n<\/div>\n<\/div>\n<\/div>\n<\/div>\n<\/div>\n<\/div>\n<\/div>\n<\/div>\n<\/div>\n<\/div>\n<\/div>\n<\/div>\n<\/div>\n<\/div>\n<\/div>\n<\/div>\n<\/div>\n<\/div>\n<\/div>\n<\/div>\n<\/div>\n<\/div>\n<\/div>\n<\/div>\n<\/div>\n<\/div>\n<\/div>\n<\/div>\n<\/div>\n<\/div>\n<\/div>\n<\/div>\n<\/div>\n<\/div>\n<\/div>\n<\/div>\n<\/div>\n<\/div>\n<\/div>\n<\/div>\n<\/div>\n<\/div>\n<\/div>\n<\/div>\n<\/div>\n<\/div>\n<\/div>\n<\/div>\n<\/div>\n<\/div>\n<\/div>\n<\/div>\n<\/div>\n<\/div>\n<\/div>\n<\/div>\n<\/div>\n<\/div>\n<\/div>\n<\/div>\n<\/div>\n<\/div>\n<\/div>\n<\/div>\n<\/div>\n<\/div>\n<\/div>\n<\/div>\n<\/div>\n<\/div>\n<\/div>\n<\/div>\n<\/div>\n<\/div>\n<\/div>\n<\/div>\n<\/div>\n<\/div>\n<\/div>\n<\/div>\n<\/div>\n<\/div>\n<\/div>\n<\/div>\n<\/div>\n<\/div>\n<\/div>\n<\/div>\n<\/div>\n<\/div>\n<\/div>\n<\/div>\n<\/div>\n<\/div>\n<\/div>\n<\/div>\n<\/div>\n<\/div>\n<\/div>\n<\/div>\n<\/div>\n<\/div>\n<\/div>\n<\/div>\n<\/div>\n<\/div>\n<\/div>\n<\/div>\n<\/div>\n<\/div>\n<\/div>\n<\/div>\n<\/div>\n<\/div>\n<\/div>\n<\/div>\n<\/div>\n<\/div>\n<\/div>\n<\/div>\n<\/div>\n<\/div>\n<\/div>\n<\/div>\n<\/div>\n<\/div>\n<\/div>\n<\/div>\n<\/div>\n<\/div>\n<\/div>\n<\/div>\n<\/div>\n<\/div>\n<\/div>\n<\/div>\n<\/div>\n<\/div>\n<\/div>\n<\/div>\n<\/div>\n<\/div>\n<\/div>\n<\/div>\n<\/div>\n<\/div>\n<\/div>\n<\/div>\n<\/div>\n<\/div>\n<\/div>\n<\/div>\n<\/div>\n<\/div>\n<\/div>\n<\/div>\n<\/div>\n<\/div>\n<\/div>\n<\/div>\n<\/div>\n<\/div>\n<\/div>\n<\/div>\n<\/div>\n<\/div>\n<\/div>\n<\/div>\n<\/div>\n<\/div>\n<\/div>\n<\/div>\n<\/div>\n<\/div>\n<\/div>\n<\/div>\n<\/div>\n<\/div>\n<\/div>\n<\/div>\n<\/div>\n<div style=\"text-align: left;\">\n<p>&nbsp;<\/p>\n<p><center><b>Giovedi 21<\/b><\/center><b>Tempo atteso: <\/b>Giornata inizialmente simile a mercoled\u00ec, ben soleggiata con primi cumuli a ridosso delle cime in mattinata. Poi riduzione del soleggiamento per attivit\u00e0 cumuliforme pomeridiana, piuttosto modesta\/moderata sulle Prealpi e decisamente pi\u00f9 intensa sulle Dolomiti, dove il rischio dell&#8217;instabilit\u00e0 convettiva sar\u00e0 maggiore rispetto a mercoled\u00ec. Far\u00e0 ancora caldo, addirittura molto caldo nelle conche prealpine, nonostante il minore soleggiamento.<br \/>\n<b>Precipitazioni: <\/b>Assenti (0%) fino a met\u00e0 pomeriggio. In seguito aumento della probabilit\u00e0 di rovesci e temporali fino a medio-bassa (30-40%) nel tardo pomeriggio\/sera sulle Dolomiti; altrove il rischio sar\u00e0 minore, anche se qualche temporale potr\u00e0 propagarsi fino alla fascia prealpina (10-20%). Non esclusi fenomeni localmente grandinigeni. Gli apporti saranno molto variabili: 0-10 mm, localmente anche uguali o superiori a 20-30 mm.<br \/>\n<b>Temperature: <\/b>Minime senza variazioni di rilievo; massime in leggera flessione in quota e stazionarie nelle valli, salvo contenuto calo nei settori con minore soleggiamento. Previste punte di 33\/35\u00b0C nei fondovalle prealpini e di 27\/30\u00b0C a 1000\/1200 m, ancora 9\/10\u00b0C a 3000 m. Su Prealpi a 1500 m: min 18\u00b0C max 22\u00b0C, a 2000 m: min 15\u00b0C max 18\u00b0C. Su Dolomiti a 2000 m: min 13\u00b0C max 19\u00b0C, a 3000 m: min 8\u00b0C max 10\u00b0C.<br \/>\n<b>Venti: <\/b>Nelle valli deboli a regime di brezza, localmente e a tratti moderati nelle ore pi\u00f9 calde, senza escludere eventuali locali forti raffiche in caso di temporale; in quota deboli da sud-ovest, a tratti moderati sulle vette pi\u00f9 alte, alla sera in rotazione da ovest, a 5-10 km\/h a 2000 m e 10-25 km\/h a 3000 m.<\/p>\n<hr \/>\n<p><center><b>Venerdi 22<\/b><\/center><b>Tempo atteso: <\/b>Tempo ben soleggiato con cielo sereno al mattino e sereno o poco nuvoloso per modesti cumuli pomeridiani a ridosso delle cime. Atmosfera un po&#8217; caliginosa in un contesto termico ancora anormalmente caldo per il periodo nelle valli. In quota mantenimento della mitezza, anche sulle cime pi\u00f9 alte.<br \/>\n<b>Precipitazioni: <\/b>Generalmente assenti (0-10%)<br \/>\n<b>Temperature: <\/b>Minime pressoch\u00e9 stazionarie; massime in leggera ripresa in quota e senza notevoli variazioni nelle valli. Previste punte di 33\/35\u00b0C nei fondovalle prealpini e di 27\/30\u00b0C a 1000\/1200 m, ancora 9\/10\u00b0C a 3000 m. Su Prealpi a 1500 m: min 18\u00b0C max 23\u00b0C, a 2000 m: min 15\u00b0C max 20\u00b0C. Su Dolomiti a 2000 m: min 13\u00b0C max 20\u00b0C, a 3000 m: min 8\u00b0C max 11\u00b0C.<br \/>\n<b>Venti: <\/b>Nelle valli deboli a regime di brezza, a tratti moderati durante le ore pi\u00f9 calde; in quota deboli\/moderati occidentali, a 5-10 km\/h a 2000 m e 10-25 km\/h a 3000 m.<\/p>\n<hr \/>\n<p><center><b>Sabato 23<\/b><\/center>Inizialmente ben soleggiato con primi cumuli, gi\u00e0 in mattinata. Poi riduzione del soleggiamento per attivit\u00e0 cumuliforme pomeridiana e serale, piuttosto contenuta sulle Prealpi e pi\u00f9 intensa sulle Dolomiti, dove il rischio di rovesci e temporali sparsi sar\u00e0 ben presente, in alcuni casi qualche temporale si propagher\u00e0 alle Prealpi. Temperature minime in lieve calo e massime condizionate dal verificarsi o meno dell&#8217;instabilit\u00e0. Venti a regime di brezza nelle valli, a tratti moderati durante le ore pi\u00f9 calde, sensa ecludere eventuali forti raffiche in caso di temporale; in quota moderati da sud-ovest, disponendosi da nord-ovest alla sera, saranno a tratti tesi a 3000 m.<\/p>\n<hr \/>\n<p><center><b>Domenica 24<\/b><\/center>Tempo di nuovo pi\u00f9 stabile e ben soleggiato, nonostante la riduzione del soleggiamento per attivit\u00e0 cumuliforme pomeridiana, nuvolosit\u00e0 che non dovrebbe intensificarsi pi\u00f9 di tanto e nella maggiore parte dei casi non dar luogo a fenomeni convettivi. Temperature minime in calo e massime in lieve ripresa. Venti a regime di brezza nelle valli, a tratti moderati durante le ore pi\u00f9 calde; in quota deboli\/moderati da ovest nord-ovest. Previsore: R.L.Th.<\/p>\n<p>&nbsp;<\/p>\n<\/div>\n<hr \/>\n<p>&nbsp;<\/p>\n<p>&nbsp;<\/p>\n<p>&nbsp;<\/p>\n<p><a href=\"https:\/\/www.radiopiu.net\/wordpress\/giornale-radiopiu-26-settembre-2018-direttore-mirko-mezzacasa\/viabilita-2\/\" rel=\"attachment wp-att-61954\"><img loading=\"lazy\" decoding=\"async\" class=\"aligncenter wp-image-61954 size-full\" src=\"https:\/\/www.radiopiu.net\/wordpress\/wp-content\/uploads\/2018\/09\/viabilita.jpeg\" sizes=\"auto, (max-width: 800px) 100vw, 800px\" srcset=\"https:\/\/www.radiopiu.net\/wordpress\/wp-content\/uploads\/2018\/09\/viabilita.jpeg 800w, https:\/\/www.radiopiu.net\/wordpress\/wp-content\/uploads\/2018\/09\/viabilita-300x38.jpeg 300w, https:\/\/www.radiopiu.net\/wordpress\/wp-content\/uploads\/2018\/09\/viabilita-768x96.jpeg 768w\" alt=\"\" width=\"800\" height=\"100\" \/><\/a><\/p>\n<blockquote>\n<h3><\/h3>\n<h3>GALLERIA DI SEGUSINO CHIUSA PER 4 MESI<\/h3>\n<\/blockquote>\n<p><strong><a class=\"dt-pswp-item\" href=\"https:\/\/www.radiopiu.net\/wordpress\/wp-content\/uploads\/2020\/05\/VENETO-STRADE.png\" data-dt-img-description=\"\" data-large_image_width=\"400\" data-large_image_height=\"400\"><img loading=\"lazy\" decoding=\"async\" class=\" wp-image-135574 alignleft\" src=\"https:\/\/www.radiopiu.net\/wordpress\/wp-content\/uploads\/2020\/05\/VENETO-STRADE-150x150.png\" alt=\"\" width=\"102\" height=\"102\" srcset=\"https:\/\/www.radiopiu.net\/wordpress\/wp-content\/uploads\/2020\/05\/VENETO-STRADE-150x150.png 150w, https:\/\/www.radiopiu.net\/wordpress\/wp-content\/uploads\/2020\/05\/VENETO-STRADE-300x300.png 300w, https:\/\/www.radiopiu.net\/wordpress\/wp-content\/uploads\/2020\/05\/VENETO-STRADE.png 400w\" sizes=\"auto, (max-width: 102px) 100vw, 102px\" \/><\/a><\/strong><\/p>\n<p><strong>SEDICO<\/strong> Veneto Strade comunica che sulla SP 1 Bis &#8220;Madonna del Piave&#8221;, dal 12 luglio e fino al 4 novembre, compresi sabati domeniche e festivi infrasettimanali, un&#8217;interdizione totale al transito per l&#8217;intera tratta della galleria di Segusino in seguito a dei lavori per messa in sicurezza della condotta acquedottistica<\/p>\n<p>&nbsp;<\/p>\n<p>&nbsp;<\/p>\n<blockquote class=\"wp-embedded-content\" data-secret=\"e9DBfOOF5j\"><p><a href=\"https:\/\/www.radiopiu.net\/wordpress\/viabilita\/\">viabilita<\/a><\/p><\/blockquote>\n<p><iframe loading=\"lazy\" class=\"wp-embedded-content\" sandbox=\"allow-scripts\" security=\"restricted\" style=\"position: absolute; clip: rect(1px, 1px, 1px, 1px);\" title=\"&#8220;viabilita&#8221; &#8212; Radio Pi\u00f9\" src=\"https:\/\/www.radiopiu.net\/wordpress\/viabilita\/embed\/#?secret=rzbKP5KYl6#?secret=e9DBfOOF5j\" data-secret=\"e9DBfOOF5j\" width=\"600\" height=\"338\" frameborder=\"0\" marginwidth=\"0\" marginheight=\"0\" scrolling=\"no\"><\/iframe><\/p>\n<p>&nbsp;<\/p>\n<div class=\"page-title-head hgroup\">\n<div class=\"page-title-head hgroup\">\n<div class=\"page-title-head hgroup\">\n<p>&nbsp;<\/p>\n<p><img loading=\"lazy\" decoding=\"async\" class=\"wp-image-60761 size-full aligncenter\" src=\"https:\/\/www.radiopiu.net\/wordpress\/wp-content\/uploads\/2018\/09\/sport.jpg\" alt=\"\" width=\"800\" height=\"100\" srcset=\"https:\/\/www.radiopiu.net\/wordpress\/wp-content\/uploads\/2018\/09\/sport.jpg 800w, https:\/\/www.radiopiu.net\/wordpress\/wp-content\/uploads\/2018\/09\/sport-300x38.jpg 300w, https:\/\/www.radiopiu.net\/wordpress\/wp-content\/uploads\/2018\/09\/sport-768x96.jpg 768w\" sizes=\"auto, (max-width: 800px) 100vw, 800px\" \/><\/p>\n<\/div>\n<\/div>\n<\/div>\n<div class=\"page-title-head hgroup\">\n<div class=\"page-title-head hgroup\">\n<p>&nbsp;<\/p>\n<\/div>\n<\/div>\n<div class=\"page-title-head hgroup\">\n<div class=\"page-title-head hgroup\">\n<div class=\"page-title-head hgroup\"><\/div>\n<div class=\"page-title-head hgroup\">\n<p><span style=\"color: #0000ff;\"><strong>CALCIO<\/strong><\/span><\/p>\n<blockquote>\n<h3>CAMPIONATO AGORDINO: ELIMINAZIONE A SORPRESA PER IL CENCENIGHE<\/h3>\n<\/blockquote>\n<p><strong><a class=\"dt-pswp-item\" href=\"https:\/\/www.radiopiu.net\/wordpress\/wp-content\/uploads\/2022\/07\/CENCENIGHE.png\" data-dt-img-description=\"\" data-large_image_width=\"1487\" data-large_image_height=\"1500\"><img loading=\"lazy\" decoding=\"async\" class=\" wp-image-288197 alignleft\" src=\"https:\/\/www.radiopiu.net\/wordpress\/wp-content\/uploads\/2022\/07\/CENCENIGHE-150x150.png\" alt=\"\" width=\"123\" height=\"123\" srcset=\"https:\/\/www.radiopiu.net\/wordpress\/wp-content\/uploads\/2022\/07\/CENCENIGHE-150x150.png 150w, https:\/\/www.radiopiu.net\/wordpress\/wp-content\/uploads\/2022\/07\/CENCENIGHE-297x300.png 297w, https:\/\/www.radiopiu.net\/wordpress\/wp-content\/uploads\/2022\/07\/CENCENIGHE-1015x1024.png 1015w, https:\/\/www.radiopiu.net\/wordpress\/wp-content\/uploads\/2022\/07\/CENCENIGHE-768x775.png 768w, https:\/\/www.radiopiu.net\/wordpress\/wp-content\/uploads\/2022\/07\/CENCENIGHE.png 1487w\" sizes=\"auto, (max-width: 123px) 100vw, 123px\" \/><\/a>REDAZIONE<\/strong> Un approccio sbagliato all&#8217;ultima partita della stagione regolare \u00e8 costato caro al Cencenighe che aveva tutte le carte in regola per approdare ai quarti di finale. La squadra di Luca Groppa non \u00e8 riuscita a raggiungere l&#8217;obbiettivo stagionale avendo due risultati a favore ma il Rivamonte si \u00e8 dimostrato guerriero nel momento giusto ed ha rifilato tre gol al Cencenighe strappando cos\u00ec il pass per la fase finale grazie alla vittoria nello scontro diretto di domenica scorsa.<\/p>\n<p><strong>LUCA GROPPA, ALLENATORE DEL CENCENIGHE<\/strong><\/p>\n<audio class=\"wp-audio-shortcode\" id=\"audio-288375-18\" preload=\"none\" style=\"width: 100%;\" controls=\"controls\"><source type=\"audio\/mpeg\" src=\"https:\/\/www.radiopiu.net\/wordpress\/wp-content\/uploads\/2022\/07\/LUCA-GROPPA.mp3?_=18\" \/><a href=\"https:\/\/www.radiopiu.net\/wordpress\/wp-content\/uploads\/2022\/07\/LUCA-GROPPA.mp3\">https:\/\/www.radiopiu.net\/wordpress\/wp-content\/uploads\/2022\/07\/LUCA-GROPPA.mp3<\/a><\/audio>\n<p>&nbsp;<\/p>\n<h2><span style=\"color: #008000;\"><a class=\"dt-pswp-item\" href=\"https:\/\/www.radiopiu.net\/wordpress\/wp-content\/uploads\/2019\/01\/CALCIO-FALLO.jpeg\" data-dt-img-description=\"\" data-large_image_width=\"1600\" data-large_image_height=\"848\"><img loading=\"lazy\" decoding=\"async\" class=\" wp-image-71538 alignleft\" src=\"https:\/\/www.radiopiu.net\/wordpress\/wp-content\/uploads\/2019\/01\/CALCIO-FALLO-150x150.jpeg\" alt=\"\" width=\"74\" height=\"74\" \/><\/a>SPECIALE CAMPIONATO AGORDINO<\/span><\/h2>\n<p><strong>RIASCOLTA OTTANTESIMO MINUTO &#8211; SESTA PUNTATA<\/strong><\/p>\n<audio class=\"wp-audio-shortcode\" id=\"audio-288375-19\" preload=\"none\" style=\"width: 100%;\" controls=\"controls\"><source type=\"audio\/mpeg\" src=\"https:\/\/www.radiopiu.net\/wordpress\/wp-content\/uploads\/2022\/07\/80MIN-1.mp3?_=19\" \/><a href=\"https:\/\/www.radiopiu.net\/wordpress\/wp-content\/uploads\/2022\/07\/80MIN-1.mp3\">https:\/\/www.radiopiu.net\/wordpress\/wp-content\/uploads\/2022\/07\/80MIN-1.mp3<\/a><\/audio>\n<p>&nbsp;<\/p>\n<p><strong>RIASCOLTA CAMPIONATO AGORDINO SHOW &#8211; SESTA PUNTATA (LA SINTESI)<\/strong><\/p>\n<hr \/>\n<p>&nbsp;<\/p>\n<p><span style=\"color: #0000ff;\"><strong>\u00a0CORSA IN MONTAGNA\u00a0<\/strong><\/span><\/p>\n<h2><strong><a class=\"dt-pswp-item\" href=\"https:\/\/www.radiopiu.net\/wordpress\/wp-content\/uploads\/2022\/07\/292235926_2092572134257981_394075767012570405_n-1.jpg\" data-dt-img-description=\"\" data-large_image_width=\"1080\" data-large_image_height=\"509\"><img loading=\"lazy\" decoding=\"async\" class=\"size-thumbnail wp-image-287982 alignleft\" src=\"https:\/\/www.radiopiu.net\/wordpress\/wp-content\/uploads\/2022\/07\/292235926_2092572134257981_394075767012570405_n-1-150x150.jpg\" alt=\"\" width=\"150\" height=\"150\" \/><\/a><\/strong><span style=\"color: #339966;\">DOMENICA L&#8217;APPUNTAMENTO CON LA VERTICAL KM COL DI LANA<\/span><\/h2>\n<p><strong>LIVINALLONGO <\/strong>\u00c8 in programma per domenica la Vertical KM Col Di Lana, gara di corsa in montagna dalla localit\u00e0 di Pieve di Livinallongo (1452 m) fino alla vetta del Col de Lana (2452 m). 1000 metri di dislivello per una gara tutta in salita. Le iscrizioni sono aperte.<\/p>\n<p><strong>NE ABBIAMO PARLATO CON GIANPAOLO SORATROI<\/strong><\/p>\n<audio class=\"wp-audio-shortcode\" id=\"audio-288375-20\" preload=\"none\" style=\"width: 100%;\" controls=\"controls\"><source type=\"audio\/mpeg\" src=\"https:\/\/www.radiopiu.net\/wordpress\/wp-content\/uploads\/2022\/07\/VERTICAL-GIANPAOL.mp3?_=20\" \/><a href=\"https:\/\/www.radiopiu.net\/wordpress\/wp-content\/uploads\/2022\/07\/VERTICAL-GIANPAOL.mp3\">https:\/\/www.radiopiu.net\/wordpress\/wp-content\/uploads\/2022\/07\/VERTICAL-GIANPAOL.mp3<\/a><\/audio>\n<p>&nbsp;<\/p>\n<p>&nbsp;<\/p>\n<hr \/>\n<p><span style=\"color: #0000ff;\"><strong>MOTORI\u00a0<\/strong><\/span><\/p>\n<h3>ALPE DEL NEVEGAL, GIA&#8217; 150 GLI ISCRITTI E PERCORSO COLLAUDATO<\/h3>\n<p><strong><img loading=\"lazy\" decoding=\"async\" class=\"alignleft\" src=\"https:\/\/www.radiopiu.net\/wordpress\/wp-content\/uploads\/2022\/07\/b6d18fce-cbf4-426e-befa-15d7a2f2a768.jpg\" width=\"159\" height=\"106\" \/>BELLUNO<\/strong><\/p>\n<p><strong>di\u00a0 ROBERTO BONA\u00a0<\/strong><\/p>\n<audio class=\"wp-audio-shortcode\" id=\"audio-288375-21\" preload=\"none\" style=\"width: 100%;\" controls=\"controls\"><source type=\"audio\/mpeg\" src=\"https:\/\/www.radiopiu.net\/wordpress\/wp-content\/uploads\/2022\/07\/roberto-bona-1.mp3?_=21\" \/><a href=\"https:\/\/www.radiopiu.net\/wordpress\/wp-content\/uploads\/2022\/07\/roberto-bona-1.mp3\">https:\/\/www.radiopiu.net\/wordpress\/wp-content\/uploads\/2022\/07\/roberto-bona-1.mp3<\/a><\/audio>\n<p>&nbsp;<\/p>\n<p>&nbsp;<\/p>\n<p>&nbsp;<\/p>\n<hr \/>\n<p>&nbsp;<\/p>\n<p><span style=\"color: #0000ff;\"><strong>ATLETICA<\/strong><\/span><\/p>\n<blockquote>\n<h3><strong>ATLETICA E NON SOLO, CHE SUCCESSO I CENTRI ESTIVI DEL GS LA PIAVE 2000<\/strong><\/h3>\n<\/blockquote>\n<p><strong>BORGO VALBELLUNA <\/strong>Sport, divertimento, amicizia. Tre parole chiave per fotografare la seconda edizione dell\u2019Athletics Summer Camp, il centro estivo organizzato dal Gs La Piave 2000 che si concluder\u00e0 domani dopo aver coinvolto un\u2019ottantina di ragazzi, dai 6 ai 12 anni, per ognuno dei tre turni settimanali di attivit\u00e0.\u00a0 Il Camp, riproposto dopo il successo del 2021, si svolge sulla pista di atletica leggera degli impianti sportivi di Pagogna, in localit\u00e0 La Lora, ed \u00e8 diretto da cinque giovani tecnici &#8211; Francesca Comiotto, Nicole De Salvador, Silvia Mastel, Patrizia Nessenzia e Alessandro Schievenin &#8211; della societ\u00e0 sportiva presieduta da Patrizia Tremea. Al loro fianco, per supportare le varie attivit\u00e0, anche una ventina di atleti, a partire dalla categoria cadetti (14 e 15 anni), del Gs La Piave 2000. L\u2019Athletics Summer Camp non \u00e8 solo atletica, ma anche molto altro. La parola d\u2019ordine? Multidisciplinariet\u00e0. \u201c<em>La mattinata \u00e8 dedicata all\u2019atletica \u2013 <\/em>spiega Alessandro Schievenin <em>-. Invece, al pomeriggio, dopo la pausa per il pranzo, lasciamo spazio a laboratori extra sportivi e alle attivit\u00e0 di squadra, grazie anche al coinvolgimento di altre realt\u00e0 del territorio\u201d<\/em>.<\/p>\n\n\t\t\t<style type='text\/css'>\n\t\t\t\t#gallery-11 {\n\t\t\t\t\tmargin: auto;\n\t\t\t\t}\n\t\t\t\t#gallery-11 .gallery-item {\n\t\t\t\t\tfloat: left;\n\t\t\t\t\tmargin-top: 10px;\n\t\t\t\t\ttext-align: center;\n\t\t\t\t\twidth: 33%;\n\t\t\t\t}\n\t\t\t\t#gallery-11 img {\n\t\t\t\t\tborder: 2px solid #cfcfcf;\n\t\t\t\t}\n\t\t\t\t#gallery-11 .gallery-caption {\n\t\t\t\t\tmargin-left: 0;\n\t\t\t\t}\n\t\t\t\t\/* see gallery_shortcode() in wp-includes\/media.php *\/\n\t\t\t<\/style>\n\t\t<div id='gallery-11' class='dt-gallery-container gallery galleryid-288375 gallery-columns-3 gallery-size-thumbnail'><dl class='gallery-item'>\n\t\t\t\t<dt class='gallery-icon landscape'>\n\t\t\t\t\t<a class=\"rollover rollover-zoom dt-pswp-item\" title=\"Athletics Summer Camp_2\" data-dt-img-description=\"\" data-large_image_width=\"1536\" data-large_image_height=\"1064\"href='https:\/\/www.radiopiu.net\/wordpress\/wp-content\/uploads\/2022\/07\/Athletics-Summer-Camp_2.jpg'><img loading=\"lazy\" decoding=\"async\" width=\"150\" height=\"150\" src=\"https:\/\/www.radiopiu.net\/wordpress\/wp-content\/uploads\/2022\/07\/Athletics-Summer-Camp_2-150x150.jpg\" class=\"attachment-thumbnail size-thumbnail\" alt=\"\" \/><\/a>\n\t\t\t\t<\/dt><\/dl><dl class='gallery-item'>\n\t\t\t\t<dt class='gallery-icon landscape'>\n\t\t\t\t\t<a class=\"rollover rollover-zoom dt-pswp-item\" title=\"Athletics Summer Camp_3\" data-dt-img-description=\"\" data-large_image_width=\"1485\" data-large_image_height=\"1135\"href='https:\/\/www.radiopiu.net\/wordpress\/wp-content\/uploads\/2022\/07\/Athletics-Summer-Camp_3.jpg'><img loading=\"lazy\" decoding=\"async\" width=\"150\" height=\"150\" src=\"https:\/\/www.radiopiu.net\/wordpress\/wp-content\/uploads\/2022\/07\/Athletics-Summer-Camp_3-150x150.jpg\" class=\"attachment-thumbnail size-thumbnail\" alt=\"\" \/><\/a>\n\t\t\t\t<\/dt><\/dl><dl class='gallery-item'>\n\t\t\t\t<dt class='gallery-icon landscape'>\n\t\t\t\t\t<a class=\"rollover rollover-zoom dt-pswp-item\" title=\"Athletics Summer Camp_1\" data-dt-img-description=\"\" data-large_image_width=\"1270\" data-large_image_height=\"902\"href='https:\/\/www.radiopiu.net\/wordpress\/wp-content\/uploads\/2022\/07\/Athletics-Summer-Camp_1.jpg'><img loading=\"lazy\" decoding=\"async\" width=\"150\" height=\"150\" src=\"https:\/\/www.radiopiu.net\/wordpress\/wp-content\/uploads\/2022\/07\/Athletics-Summer-Camp_1-150x150.jpg\" class=\"attachment-thumbnail size-thumbnail\" alt=\"\" \/><\/a>\n\t\t\t\t<\/dt><\/dl><br style=\"clear: both\" \/>\n\t\t\t<\/div>\n\n<p>&nbsp;<\/p>\n<\/div>\n<\/div>\n<\/div>\n<\/div>\n<\/div>\n<\/div>\n<\/div>\n<\/div>\n<\/div>\n<\/div>\n<\/div>\n<\/div>\n<\/div>\n<\/div>\n<\/div>\n<\/div>\n<\/div>\n<\/div>\n<\/div>\n<\/div>\n<\/div>\n<\/div>\n<\/div>\n<\/div>\n<\/div>\n<\/div>\n<\/div>\n<\/div>\n<\/div>\n<\/div>\n<\/div>\n<\/div>\n<\/div>\n<\/div>\n<\/div>\n<\/div>\n<\/div>\n<\/div>\n<\/div>\n<\/div>\n<\/div>\n<\/div>\n<\/div>\n<\/div>\n<\/div>\n<\/div>\n<\/div>\n<\/div>\n<\/div>\n<\/div>\n<\/div>\n<\/div>\n<\/div>\n<\/div>\n<\/div>\n<\/div>\n<\/div>\n<\/div>\n<\/div>\n<\/div>\n<\/div>\n<\/div>\n<\/div>\n<\/div>\n<\/div>\n<\/div>\n<\/div>\n<\/div>\n<\/div>\n<\/div>\n<\/div>\n<\/div>\n<\/div>\n<\/div>\n<\/div>\n<\/div>\n<\/div>\n<\/div>\n<\/div>\n<\/div>\n<\/div>\n<\/div>\n<\/div>\n<\/div>\n<\/div>\n<\/div>\n<\/div>\n<\/div>\n<\/div>\n<\/div>\n<\/div>\n<\/div>\n<\/div>\n<\/div>\n<\/div>\n<\/div>\n<\/div>\n<\/div>\n<\/div>\n<\/div>\n<\/div>\n<\/div>\n<\/div>\n<\/div>\n<\/div>\n<\/div>\n<\/div>\n","protected":false},"excerpt":{"rendered":"<p>RADIO PIU INFORMAZIONE il canale su TELEGRAM informazione di prima\u00a0 mano e in tempo reale. iscriviti ed aiutaci a farlo conoscere\u00a0 \u00a0 &nbsp; &nbsp; &nbsp; INTERRUZIONE ELETTRICA A TAIBON TAIBON\u00a0Interruzione elettrica a Taibon nella localit\u00e0 Coi di Peden oggi dalle 10 alle 12 &nbsp; &nbsp; &nbsp; NUOVA ORDINANZA DEL PRESIDENTE ZAIA PER CONTRASTARE IL PERSISTENTE&hellip;<\/p>\n","protected":false},"author":4,"featured_media":288295,"comment_status":"closed","ping_status":"closed","sticky":false,"template":"","format":"standard","meta":{"_monsterinsights_skip_tracking":false,"_monsterinsights_sitenote_active":false,"_monsterinsights_sitenote_note":"","_monsterinsights_sitenote_category":0,"footnotes":""},"categories":[49],"tags":[],"class_list":["post-288375","post","type-post","status-publish","format-standard","has-post-thumbnail","hentry","category-news-18","category-49","description-off"],"img_url":"https:\/\/www.radiopiu.net\/wordpress\/wp-content\/uploads\/2022\/07\/f6b4331e-e49a-48d1-acba-2d24957166e5.jpg","_links":{"self":[{"href":"https:\/\/www.radiopiu.net\/wordpress\/wp-json\/wp\/v2\/posts\/288375","targetHints":{"allow":["GET"]}}],"collection":[{"href":"https:\/\/www.radiopiu.net\/wordpress\/wp-json\/wp\/v2\/posts"}],"about":[{"href":"https:\/\/www.radiopiu.net\/wordpress\/wp-json\/wp\/v2\/types\/post"}],"author":[{"embeddable":true,"href":"https:\/\/www.radiopiu.net\/wordpress\/wp-json\/wp\/v2\/users\/4"}],"replies":[{"embeddable":true,"href":"https:\/\/www.radiopiu.net\/wordpress\/wp-json\/wp\/v2\/comments?post=288375"}],"version-history":[{"count":0,"href":"https:\/\/www.radiopiu.net\/wordpress\/wp-json\/wp\/v2\/posts\/288375\/revisions"}],"wp:featuredmedia":[{"embeddable":true,"href":"https:\/\/www.radiopiu.net\/wordpress\/wp-json\/wp\/v2\/media\/288295"}],"wp:attachment":[{"href":"https:\/\/www.radiopiu.net\/wordpress\/wp-json\/wp\/v2\/media?parent=288375"}],"wp:term":[{"taxonomy":"category","embeddable":true,"href":"https:\/\/www.radiopiu.net\/wordpress\/wp-json\/wp\/v2\/categories?post=288375"},{"taxonomy":"post_tag","embeddable":true,"href":"https:\/\/www.radiopiu.net\/wordpress\/wp-json\/wp\/v2\/tags?post=288375"}],"curies":[{"name":"wp","href":"https:\/\/api.w.org\/{rel}","templated":true}]}}