{"id":288453,"date":"2022-07-21T11:53:25","date_gmt":"2022-07-21T09:53:25","guid":{"rendered":"https:\/\/www.radiopiu.net\/wordpress\/?p=288453"},"modified":"2022-07-21T11:55:46","modified_gmt":"2022-07-21T09:55:46","slug":"marmolada-srl-siamo-aperti-nella-massima-sicurezza-e-nel-rispetto-di-tutti","status":"publish","type":"post","link":"https:\/\/www.radiopiu.net\/wordpress\/marmolada-srl-siamo-aperti-nella-massima-sicurezza-e-nel-rispetto-di-tutti\/","title":{"rendered":"MARMOLADA SRL: \u201cSIAMO APERTI NELLA MASSIMA SICUREZZA E NEL RISPETTO DI TUTTI&#8221;"},"content":{"rendered":"<p><strong><a class=\"dt-pswp-item\" href=\"https:\/\/www.radiopiu.net\/wordpress\/wp-content\/uploads\/2018\/12\/funivia_Marmolada.jpg\" data-dt-img-description=\"\" data-large_image_width=\"3888\" data-large_image_height=\"2592\"><img loading=\"lazy\" decoding=\"async\" class=\"size-thumbnail wp-image-70180 alignleft\" src=\"https:\/\/www.radiopiu.net\/wordpress\/wp-content\/uploads\/2018\/12\/funivia_Marmolada-150x150.jpg\" alt=\"\" width=\"150\" height=\"150\" \/><\/a>ROCCA PIETORE <\/strong>\u201cGli impianti di risalita sono aperti nella massima sicurezza e nel pieno rispetto di tutti. \u00c8 stato un mese difficile per le nostre comunit\u00e0, noi stessi siamo provati ma abbiamo il dovere di andare avanti nella consapevolezza che solo una montagna usufruibile \u00e8 una montagna che pu\u00f2 continuare a vivere e consentire alle sue genti di rimanere\u201d. Ad affermarlo \u00e8 la societ\u00e0 Marmolada Srl: \u201cAbbiamo il dovere di ripartire confidando su una comunicazione corretta e responsabile. Le attivit\u00e0 della nostra area sono tutte aperte e le nostre funivie in particolare consentono a visitatori e turisti di muoversi in modo sicuro\u201d. \u201cPer questo\u201d, sottolineano dalla societ\u00e0, \u201cconfermiamo il calendario di appuntamenti e iniziative collaterali definito negli ultimi mesi nella speranza di una ripartenza effettiva per amore proprio della nostra Marmolada\u201d. Si parte sabato 23 luglio 2022 a Serauta con una mostra dedicata alle iconiche \u201cFormiche\u201d di Fabio Vettori.\u00a0 L\u2019inaugurazione \u00e8 prevista alle 11 presso la sala polifunzionale dell\u2019omonima stazione funiviaria alla presenza dell\u2019autore. Lo stesso Vettori nel pomeriggio terr\u00e0 anche un divertente e coinvolgente laboratorio di disegno per bambini e ragazzi, totalmente gratuito, ma per il quale \u00e8 fortemente consigliata la prenotazione essendo i posti limitati. L\u2019iniziativa, con le stesse modalit\u00e0, sar\u00e0 replicata il 10 settembre. Sempre nell\u2019ambito della mostra delle \u201cFormiche\u201d, l\u201911 agosto protagonista sar\u00e0 il maestro Egidio Petri, che realizzer\u00e0 una scultura a tema Marmolada durante tutto il corso della giornata. La mostra delle \u201cFormiche\u201d sar\u00e0 invece visitabile tutti i giorni dalle 9.00 alle 16.00 con ingresso gratuito dal 23 luglio al 18 settembre. Per maggiori informazioni sulla mostra e per prenotare i laboratori di disegno: <u><a href=\"mailto:visitmarmolada@funiviemarmolada.com\">visitmarmolada@funiviemarmolada.com<\/a><\/u> \u2013 334 6794461.<\/p>\n<p><iframe loading=\"lazy\" title=\"Rocca Pietore, Marmolada, Val Pettorina\" width=\"1200\" height=\"675\" src=\"https:\/\/www.youtube.com\/embed\/fnodpFI2M1w?feature=oembed\" frameborder=\"0\" allow=\"accelerometer; autoplay; clipboard-write; encrypted-media; gyroscope; picture-in-picture\" allowfullscreen><\/iframe><\/p>\n<p>&nbsp;<\/p>\n<p>*****<\/p>\n","protected":false},"excerpt":{"rendered":"<p>ROCCA PIETORE \u201cGli impianti di risalita sono aperti nella massima sicurezza e nel pieno rispetto di tutti. \u00c8 stato un mese difficile per le nostre comunit\u00e0, noi stessi siamo provati ma abbiamo il dovere di andare avanti nella consapevolezza che solo una montagna usufruibile \u00e8 una montagna che pu\u00f2 continuare a vivere e consentire alle&hellip;<\/p>\n","protected":false},"author":4,"featured_media":70180,"comment_status":"closed","ping_status":"closed","sticky":false,"template":"","format":"standard","meta":{"_monsterinsights_skip_tracking":false,"_monsterinsights_sitenote_active":false,"_monsterinsights_sitenote_note":"","_monsterinsights_sitenote_category":0,"footnotes":""},"categories":[49],"tags":[],"class_list":["post-288453","post","type-post","status-publish","format-standard","has-post-thumbnail","hentry","category-news-18","category-49","description-off"],"img_url":"https:\/\/www.radiopiu.net\/wordpress\/wp-content\/uploads\/2018\/12\/funivia_Marmolada.jpg","_links":{"self":[{"href":"https:\/\/www.radiopiu.net\/wordpress\/wp-json\/wp\/v2\/posts\/288453","targetHints":{"allow":["GET"]}}],"collection":[{"href":"https:\/\/www.radiopiu.net\/wordpress\/wp-json\/wp\/v2\/posts"}],"about":[{"href":"https:\/\/www.radiopiu.net\/wordpress\/wp-json\/wp\/v2\/types\/post"}],"author":[{"embeddable":true,"href":"https:\/\/www.radiopiu.net\/wordpress\/wp-json\/wp\/v2\/users\/4"}],"replies":[{"embeddable":true,"href":"https:\/\/www.radiopiu.net\/wordpress\/wp-json\/wp\/v2\/comments?post=288453"}],"version-history":[{"count":0,"href":"https:\/\/www.radiopiu.net\/wordpress\/wp-json\/wp\/v2\/posts\/288453\/revisions"}],"wp:featuredmedia":[{"embeddable":true,"href":"https:\/\/www.radiopiu.net\/wordpress\/wp-json\/wp\/v2\/media\/70180"}],"wp:attachment":[{"href":"https:\/\/www.radiopiu.net\/wordpress\/wp-json\/wp\/v2\/media?parent=288453"}],"wp:term":[{"taxonomy":"category","embeddable":true,"href":"https:\/\/www.radiopiu.net\/wordpress\/wp-json\/wp\/v2\/categories?post=288453"},{"taxonomy":"post_tag","embeddable":true,"href":"https:\/\/www.radiopiu.net\/wordpress\/wp-json\/wp\/v2\/tags?post=288453"}],"curies":[{"name":"wp","href":"https:\/\/api.w.org\/{rel}","templated":true}]}}