{"id":288480,"date":"2022-07-21T15:57:01","date_gmt":"2022-07-21T13:57:01","guid":{"rendered":"https:\/\/www.radiopiu.net\/wordpress\/?p=288480"},"modified":"2022-07-22T06:04:40","modified_gmt":"2022-07-22T04:04:40","slug":"galleria-pala-rossa-espletata-la-gara-per-la-realizzazione","status":"publish","type":"post","link":"https:\/\/www.radiopiu.net\/wordpress\/galleria-pala-rossa-espletata-la-gara-per-la-realizzazione\/","title":{"rendered":"GALLERIA \u201cPALA ROSSA\u201d ESPLETATA LA GARA PER LA REALIZZAZIONE"},"content":{"rendered":"<p><img loading=\"lazy\" decoding=\"async\" class=\"alignleft\" src=\"https:\/\/www.radiopiu.net\/wordpress\/wp-content\/uploads\/2022\/07\/galleria-Pala-Rossa.jpg\" width=\"241\" height=\"124\" \/><strong>LAMON\u00a0<\/strong> E&#8217; stata\u00a0 espletata la gara per la costruzione della galleria lungo la SR 50. Una volta realizzata, le ricadute sul territorio, in termini di sicurezza, volumi di traffico e qualit\u00e0 della circolazione saranno evidenti ed indubbie, migliorando sensibilmente le condizioni di viaggio di quanti, per lavoro e per turismo, la attraversano ogni giorno. <em>\u201cVeneto Strade ha accelerato al massimo le procedure di appalto lavori giungendo all\u2019affidamento attuale. I lavori inizieranno entro il mese di settembre \u2013 precisa la Vicepresidente Elisa De Berti \u2013 La galleria Pala Rossa, una volta a compimento, metter\u00e0 in sicurezza la viabilit\u00e0 del bellunese e, sciogliendo uno dei nodi del Bellunese, quello dello Schen\u00e8r, faciliter\u00e0 l\u2019accesso al Primiero e al Vanoi in Trentino, oltre che alle localit\u00e0 turistiche di San Martino di Castrozza e di passo Rolle, realt\u00e0 che da sempre gravitano sul Bellunese per l\u2019accesso a numerosi servizi pubblici, ad iniziare da quelli sanitari\u201d. <\/em>Il costo dell\u2019opera ammonta complessivamente a 25 milioni di euro: di questi, 9 milioni sono a carico della provincia di Trento, 8.010.000 euro sono erogati dalla provincia di Belluno attraverso il Fondo Comuni Confinanti e 8.000.000 euro sono stanziati da ANAS. L\u2019opera sar\u00e0 lunga 950,24 m, di cui 84,82 m in galleria artificiale presso l\u2019imbocco sud e 17,50 m in artificiale presso l\u2019imbocco nord.<\/p>\n<p>&nbsp;<\/p>\n<hr \/>\n<p>&nbsp;<\/p>\n<p>&nbsp;<\/p>\n<hr \/>\n<p>&nbsp;<\/p>\n","protected":false},"excerpt":{"rendered":"<p>LAMON\u00a0 E&#8217; stata\u00a0 espletata la gara per la costruzione della galleria lungo la SR 50. Una volta realizzata, le ricadute sul territorio, in termini di sicurezza, volumi di traffico e qualit\u00e0 della circolazione saranno evidenti ed indubbie, migliorando sensibilmente le condizioni di viaggio di quanti, per lavoro e per turismo, la attraversano ogni giorno. \u201cVeneto&hellip;<\/p>\n","protected":false},"author":4,"featured_media":288481,"comment_status":"closed","ping_status":"closed","sticky":false,"template":"","format":"standard","meta":{"_monsterinsights_skip_tracking":false,"_monsterinsights_sitenote_active":false,"_monsterinsights_sitenote_note":"","_monsterinsights_sitenote_category":0,"footnotes":""},"categories":[49],"tags":[],"class_list":["post-288480","post","type-post","status-publish","format-standard","has-post-thumbnail","hentry","category-news-18","category-49","description-off"],"img_url":"https:\/\/www.radiopiu.net\/wordpress\/wp-content\/uploads\/2022\/07\/galleria-Pala-Rossa.jpg","_links":{"self":[{"href":"https:\/\/www.radiopiu.net\/wordpress\/wp-json\/wp\/v2\/posts\/288480","targetHints":{"allow":["GET"]}}],"collection":[{"href":"https:\/\/www.radiopiu.net\/wordpress\/wp-json\/wp\/v2\/posts"}],"about":[{"href":"https:\/\/www.radiopiu.net\/wordpress\/wp-json\/wp\/v2\/types\/post"}],"author":[{"embeddable":true,"href":"https:\/\/www.radiopiu.net\/wordpress\/wp-json\/wp\/v2\/users\/4"}],"replies":[{"embeddable":true,"href":"https:\/\/www.radiopiu.net\/wordpress\/wp-json\/wp\/v2\/comments?post=288480"}],"version-history":[{"count":0,"href":"https:\/\/www.radiopiu.net\/wordpress\/wp-json\/wp\/v2\/posts\/288480\/revisions"}],"wp:featuredmedia":[{"embeddable":true,"href":"https:\/\/www.radiopiu.net\/wordpress\/wp-json\/wp\/v2\/media\/288481"}],"wp:attachment":[{"href":"https:\/\/www.radiopiu.net\/wordpress\/wp-json\/wp\/v2\/media?parent=288480"}],"wp:term":[{"taxonomy":"category","embeddable":true,"href":"https:\/\/www.radiopiu.net\/wordpress\/wp-json\/wp\/v2\/categories?post=288480"},{"taxonomy":"post_tag","embeddable":true,"href":"https:\/\/www.radiopiu.net\/wordpress\/wp-json\/wp\/v2\/tags?post=288480"}],"curies":[{"name":"wp","href":"https:\/\/api.w.org\/{rel}","templated":true}]}}