{"id":288590,"date":"2022-07-22T09:36:00","date_gmt":"2022-07-22T07:36:00","guid":{"rendered":"https:\/\/www.radiopiu.net\/wordpress\/?p=288590"},"modified":"2022-07-22T09:36:00","modified_gmt":"2022-07-22T07:36:00","slug":"manduria-primario-muore-mentre-visita-i-pazienti-in-ospedale","status":"publish","type":"post","link":"https:\/\/www.radiopiu.net\/wordpress\/manduria-primario-muore-mentre-visita-i-pazienti-in-ospedale\/","title":{"rendered":"MANDURIA, PRIMARIO MUORE MENTRE VISITA I PAZIENTI IN OSPEDALE"},"content":{"rendered":"<blockquote>\n<h3><em>Messaggi di cordoglio anche dall&#8217;Ordine dei Medici di Belluno con il Presidente Stefano Capelli<\/em><\/h3>\n<\/blockquote>\n<p>&nbsp;<\/p>\n<p><a class=\"dt-pswp-item\" href=\"https:\/\/www.radiopiu.net\/wordpress\/wp-content\/uploads\/2022\/07\/71e2435c-0f59-43af-97dd-325ad15fef1c.jpg\" data-dt-img-description=\"\" data-large_image_width=\"365\" data-large_image_height=\"299\"><img loading=\"lazy\" decoding=\"async\" class=\"size-thumbnail wp-image-288591 alignleft\" src=\"https:\/\/www.radiopiu.net\/wordpress\/wp-content\/uploads\/2022\/07\/71e2435c-0f59-43af-97dd-325ad15fef1c-150x150.jpg\" alt=\"\" width=\"150\" height=\"150\" \/><\/a>\u201cVicinanza, da parte del Comitato Centrale Fnomceo e di tutti i presidenti d\u2019Ordine, riuniti oggi in Consiglio Nazionale, alla famiglia del collega Giovanni Buccoliero, morto improvvisamente ieri mentre stava visitando i pazienti nell\u2019Ospedale Giannuzzi di Manduria. Vicinanza anche al presidente dell\u2019Ordine dei Medici di Taranto, Cosimo Nume e a tutta la comunit\u00e0 medica tarantina\u201d. Cos\u00ec il Presidente della Fnomceo, la Federazione nazionale degli Ordini dei Medici Chirurghi e degli Odontoiatri, Filippo Anelli, ha ricordato questa mattina, in apertura del Consiglio nazionale in corso a Roma, la tragica scomparsa del primario 61enne, stroncato da un malore mentre era in reparto. \u201cAbbiamo pi\u00f9 volte evidenziato il grave disagio dei medici, sottoposti a superlavoro, a turni infiniti, senza possibilit\u00e0 di fruire dei riposi previsti dalla legge, o delle ferie \u2013 ha aggiunto Anelli -. Abbiamo sollevato quella che abbiamo definito la \u201cQuestione medica\u201d, la abbiamo posta al ministro della Salute Roberto Speranza e al Presidente della Conferenza delle Regioni, Massimiliano Fedriga, in una Conferenza dedicata. L\u2019errata programmazione delle Regioni, unitamente al blocco delle assunzioni legato al tetto di spesa del fondo per il personale, fermo al 2004, ha determinato una drammatica carenza di personale. \u00c8 inaccettabile che siano gli operatori sanitari a scontare questi errori con la salute e, persino, con la vita\u201d. \u201cLa sicurezza sul lavoro \u00e8, per tutti, un diritto costituzionalmente tutelato \u2013 conclude Anelli -. Per i medici, deve esserlo a maggior ragione, perch\u00e9 \u00e8 presupposto della sicurezza delle cure. Laddove le carenze di personale sono gravi, \u00e8 meglio chiudere l\u2019ospedale e concentrare i professionisti nelle altre strutture, piuttosto che assistere a conseguenze drammatiche\u201d.<\/p>\n<p>&nbsp;<\/p>\n<p>&nbsp;<\/p>\n<p>&nbsp;<\/p>\n<hr \/>\n<p>&nbsp;<\/p>\n","protected":false},"excerpt":{"rendered":"<p>Messaggi di cordoglio anche dall&#8217;Ordine dei Medici di Belluno con il Presidente Stefano Capelli &nbsp; \u201cVicinanza, da parte del Comitato Centrale Fnomceo e di tutti i presidenti d\u2019Ordine, riuniti oggi in Consiglio Nazionale, alla famiglia del collega Giovanni Buccoliero, morto improvvisamente ieri mentre stava visitando i pazienti nell\u2019Ospedale Giannuzzi di Manduria. Vicinanza anche al presidente&hellip;<\/p>\n","protected":false},"author":4,"featured_media":288591,"comment_status":"closed","ping_status":"closed","sticky":false,"template":"","format":"standard","meta":{"_monsterinsights_skip_tracking":false,"_monsterinsights_sitenote_active":false,"_monsterinsights_sitenote_note":"","_monsterinsights_sitenote_category":0,"footnotes":""},"categories":[49],"tags":[],"class_list":["post-288590","post","type-post","status-publish","format-standard","has-post-thumbnail","hentry","category-news-18","category-49","description-off"],"img_url":"https:\/\/www.radiopiu.net\/wordpress\/wp-content\/uploads\/2022\/07\/71e2435c-0f59-43af-97dd-325ad15fef1c.jpg","_links":{"self":[{"href":"https:\/\/www.radiopiu.net\/wordpress\/wp-json\/wp\/v2\/posts\/288590","targetHints":{"allow":["GET"]}}],"collection":[{"href":"https:\/\/www.radiopiu.net\/wordpress\/wp-json\/wp\/v2\/posts"}],"about":[{"href":"https:\/\/www.radiopiu.net\/wordpress\/wp-json\/wp\/v2\/types\/post"}],"author":[{"embeddable":true,"href":"https:\/\/www.radiopiu.net\/wordpress\/wp-json\/wp\/v2\/users\/4"}],"replies":[{"embeddable":true,"href":"https:\/\/www.radiopiu.net\/wordpress\/wp-json\/wp\/v2\/comments?post=288590"}],"version-history":[{"count":0,"href":"https:\/\/www.radiopiu.net\/wordpress\/wp-json\/wp\/v2\/posts\/288590\/revisions"}],"wp:featuredmedia":[{"embeddable":true,"href":"https:\/\/www.radiopiu.net\/wordpress\/wp-json\/wp\/v2\/media\/288591"}],"wp:attachment":[{"href":"https:\/\/www.radiopiu.net\/wordpress\/wp-json\/wp\/v2\/media?parent=288590"}],"wp:term":[{"taxonomy":"category","embeddable":true,"href":"https:\/\/www.radiopiu.net\/wordpress\/wp-json\/wp\/v2\/categories?post=288590"},{"taxonomy":"post_tag","embeddable":true,"href":"https:\/\/www.radiopiu.net\/wordpress\/wp-json\/wp\/v2\/tags?post=288590"}],"curies":[{"name":"wp","href":"https:\/\/api.w.org\/{rel}","templated":true}]}}