{"id":288636,"date":"2022-07-23T05:31:48","date_gmt":"2022-07-23T03:31:48","guid":{"rendered":"https:\/\/www.radiopiu.net\/wordpress\/?p=288636"},"modified":"2022-07-23T05:52:53","modified_gmt":"2022-07-23T03:52:53","slug":"escursionista-muore-colto-da-malore-3","status":"publish","type":"post","link":"https:\/\/www.radiopiu.net\/wordpress\/escursionista-muore-colto-da-malore-3\/","title":{"rendered":"ESCURSIONISTA MUORE COLTO DA MALORE\u00a0"},"content":{"rendered":"<p><strong><a class=\"dt-pswp-item\" href=\"https:\/\/www.radiopiu.net\/wordpress\/wp-content\/uploads\/2022\/07\/AAA-9.jpg\" data-dt-img-description=\"\" data-large_image_width=\"274\" data-large_image_height=\"242\"><img loading=\"lazy\" decoding=\"async\" class=\"size-thumbnail wp-image-288720 alignleft\" src=\"https:\/\/www.radiopiu.net\/wordpress\/wp-content\/uploads\/2022\/07\/AAA-9-150x150.jpg\" alt=\"\" width=\"150\" height=\"150\" \/><\/a>FALCADE<\/strong>\u00a0 Ieri mattina alle 11 il 118 \u00e8 stato allertato per un escursionista colto da malore nella zona del Mulaz. Francesco Scarabel, 63 anni, di Vittorio Veneto (TV), che si trovava assieme alla moglie e amici, sul sentiero che da Passo Valles porta al Mulaz, ha iniziato a sentire forte stanchezza e dolore, si \u00e8 seduto per riprendersi, ma poi si \u00e8 accasciato. I presenti hanno lanciato l&#8217;allarme\u00a0 ed\u00a0 avviato il massaggio cardiaco, fino all&#8217;arrivo dall&#8217;equipe medica, subentrata nella manovre di rianimazione. Purtroppo per\u00f2 a nulla \u00e8 valso l&#8217;intervento e il medico ha dovuto constatare il decesso dell&#8217;uomo. La salma \u00e8 stata recuperata e trasportata al Pian della Sussistenza, dove attendevano i Carabinieri e il carro funebre e una squadra del Soccorso alpino della Val Biois.<\/p>\n<p>&nbsp;<\/p>\n<p>&nbsp;<\/p>\n<p>&nbsp;<\/p>\n<hr \/>\n<p>&nbsp;<\/p>\n","protected":false},"excerpt":{"rendered":"<p>FALCADE\u00a0 Ieri mattina alle 11 il 118 \u00e8 stato allertato per un escursionista colto da malore nella zona del Mulaz. Francesco Scarabel, 63 anni, di Vittorio Veneto (TV), che si trovava assieme alla moglie e amici, sul sentiero che da Passo Valles porta al Mulaz, ha iniziato a sentire forte stanchezza e dolore, si \u00e8&hellip;<\/p>\n","protected":false},"author":4,"featured_media":288720,"comment_status":"closed","ping_status":"closed","sticky":false,"template":"","format":"standard","meta":{"_monsterinsights_skip_tracking":false,"_monsterinsights_sitenote_active":false,"_monsterinsights_sitenote_note":"","_monsterinsights_sitenote_category":0,"footnotes":""},"categories":[51,49],"tags":[],"class_list":["post-288636","post","type-post","status-publish","format-standard","has-post-thumbnail","hentry","category-evidenza-top","category-news-18","category-51","category-49","description-off"],"img_url":"https:\/\/www.radiopiu.net\/wordpress\/wp-content\/uploads\/2022\/07\/AAA-9.jpg","_links":{"self":[{"href":"https:\/\/www.radiopiu.net\/wordpress\/wp-json\/wp\/v2\/posts\/288636","targetHints":{"allow":["GET"]}}],"collection":[{"href":"https:\/\/www.radiopiu.net\/wordpress\/wp-json\/wp\/v2\/posts"}],"about":[{"href":"https:\/\/www.radiopiu.net\/wordpress\/wp-json\/wp\/v2\/types\/post"}],"author":[{"embeddable":true,"href":"https:\/\/www.radiopiu.net\/wordpress\/wp-json\/wp\/v2\/users\/4"}],"replies":[{"embeddable":true,"href":"https:\/\/www.radiopiu.net\/wordpress\/wp-json\/wp\/v2\/comments?post=288636"}],"version-history":[{"count":0,"href":"https:\/\/www.radiopiu.net\/wordpress\/wp-json\/wp\/v2\/posts\/288636\/revisions"}],"wp:featuredmedia":[{"embeddable":true,"href":"https:\/\/www.radiopiu.net\/wordpress\/wp-json\/wp\/v2\/media\/288720"}],"wp:attachment":[{"href":"https:\/\/www.radiopiu.net\/wordpress\/wp-json\/wp\/v2\/media?parent=288636"}],"wp:term":[{"taxonomy":"category","embeddable":true,"href":"https:\/\/www.radiopiu.net\/wordpress\/wp-json\/wp\/v2\/categories?post=288636"},{"taxonomy":"post_tag","embeddable":true,"href":"https:\/\/www.radiopiu.net\/wordpress\/wp-json\/wp\/v2\/tags?post=288636"}],"curies":[{"name":"wp","href":"https:\/\/api.w.org\/{rel}","templated":true}]}}