{"id":288742,"date":"2022-07-23T07:40:38","date_gmt":"2022-07-23T05:40:38","guid":{"rendered":"https:\/\/www.radiopiu.net\/wordpress\/?p=288742"},"modified":"2022-07-23T07:43:38","modified_gmt":"2022-07-23T05:43:38","slug":"emergenza-occupazionale-centro-servizi-santin","status":"publish","type":"post","link":"https:\/\/www.radiopiu.net\/wordpress\/emergenza-occupazionale-centro-servizi-santin\/","title":{"rendered":"EMERGENZA OCCUPAZIONALE CENTRO SERVIZI SANTIN"},"content":{"rendered":"<p><strong><img loading=\"lazy\" decoding=\"async\" class=\"alignright\" src=\"https:\/\/www.radiopiu.net\/wordpress\/wp-content\/uploads\/2022\/07\/download-2.jpg\" width=\"144\" height=\"144\" \/>VAL DI ZOLDO\u00a0<\/strong> Le Case di Riposo sono uno dei servizi fondamentali per le Comunit\u00e0; il Centro Servizi &#8220;A. Santin&#8221; a Val di Zoldo \u00e8 una realt\u00e0 che funziona, di cui siamo orgogliosi che adesso per\u00f2 rischia di dover chiudere. Trovare OSS (operatori socio sanitari) e infermieri era difficile gi\u00e0 da tempo, e non solo a Zoldo, ma ora la crisi \u00e8 davvero seria e preoccupa molto. Il finanziamento di 3.750.000,00 Euro ottenuto attraverso il Fondo Comuni di Confine che permetterebbe, pur con ulteriori ingenti sforzi del Comune, di arrivare a realizzare l&#8217;ampliamento necessario ad adempiere agli standard regionali e mantenere aperta la struttura con spazi nuovi maggiormente vivibili per gli ospiti e pi\u00f9 agevoli per i lavoratori, rischia di essere totalmente inutile. Senza dipendenti la struttura chiude! Il lavoro di OSS e infermieri \u00e8 <a class=\"dt-pswp-item\" href=\"https:\/\/www.radiopiu.net\/wordpress\/wp-content\/uploads\/2022\/01\/28056423_1570743069705719_9091845138820201561_n.jpg\" data-dt-img-description=\"\" data-large_image_width=\"960\" data-large_image_height=\"959\"><img loading=\"lazy\" decoding=\"async\" class=\"size-thumbnail wp-image-254798 alignleft\" src=\"https:\/\/www.radiopiu.net\/wordpress\/wp-content\/uploads\/2022\/01\/28056423_1570743069705719_9091845138820201561_n-150x150.jpg\" alt=\"\" width=\"150\" height=\"150\" srcset=\"https:\/\/www.radiopiu.net\/wordpress\/wp-content\/uploads\/2022\/01\/28056423_1570743069705719_9091845138820201561_n-150x150.jpg 150w, https:\/\/www.radiopiu.net\/wordpress\/wp-content\/uploads\/2022\/01\/28056423_1570743069705719_9091845138820201561_n-300x300.jpg 300w, https:\/\/www.radiopiu.net\/wordpress\/wp-content\/uploads\/2022\/01\/28056423_1570743069705719_9091845138820201561_n-768x767.jpg 768w, https:\/\/www.radiopiu.net\/wordpress\/wp-content\/uploads\/2022\/01\/28056423_1570743069705719_9091845138820201561_n.jpg 960w\" sizes=\"auto, (max-width: 150px) 100vw, 150px\" \/><\/a>indubbiamente pesante, per questo a loro va un particolare plauso e ringraziamento a nome di tutta la Comunit\u00e0.<br \/>\nA disincentivare il personale che potrebbe prendere servizio nella Casa di Riposo di Zoldo si aggiunge per\u00f2 un ulteriore problema: non si trovano appartamenti da prendere in affitto. Sembra banale e invece si sta rivelando un grosso problema. L&#8217;Amministrazione si \u00e8 attivata per rendere disponibili degli alloggi di propriet\u00e0 comunale, affinch\u00e9 l&#8217;azienda speciale li possa dare in uso ai dipendenti, ma l&#8217;appello \u00e8 rivolto ai proprietari di Zoldo, se qualcuno fosse interessato \u00e8 pregato di contattare il Centro Servizi in modo che ai potenziali lavoratori possa essere fornito un contatto.<\/p>\n<p>&nbsp;<\/p>\n<p><strong>DALLA RASSEGNA STAMPA DELLE 8.30 IL SINDACO CAMILLO DE PELLEGRIN\u00a0<\/strong><\/p>\n<audio class=\"wp-audio-shortcode\" id=\"audio-288742-1\" preload=\"none\" style=\"width: 100%;\" controls=\"controls\"><source type=\"audio\/mpeg\" src=\"https:\/\/www.radiopiu.net\/wordpress\/wp-content\/uploads\/2022\/07\/CAMILLO.mp3?_=1\" \/><a href=\"https:\/\/www.radiopiu.net\/wordpress\/wp-content\/uploads\/2022\/07\/CAMILLO.mp3\">https:\/\/www.radiopiu.net\/wordpress\/wp-content\/uploads\/2022\/07\/CAMILLO.mp3<\/a><\/audio>\n<p>&nbsp;<\/p>\n<p>&nbsp;<\/p>\n<p>&nbsp;<\/p>\n<hr \/>\n<p>&nbsp;<\/p>\n<p>&nbsp;<\/p>\n","protected":false},"excerpt":{"rendered":"<p>VAL DI ZOLDO\u00a0 Le Case di Riposo sono uno dei servizi fondamentali per le Comunit\u00e0; il Centro Servizi &#8220;A. Santin&#8221; a Val di Zoldo \u00e8 una realt\u00e0 che funziona, di cui siamo orgogliosi che adesso per\u00f2 rischia di dover chiudere. Trovare OSS (operatori socio sanitari) e infermieri era difficile gi\u00e0 da tempo, e non solo&hellip;<\/p>\n","protected":false},"author":4,"featured_media":288743,"comment_status":"closed","ping_status":"closed","sticky":false,"template":"","format":"standard","meta":{"_monsterinsights_skip_tracking":false,"_monsterinsights_sitenote_active":false,"_monsterinsights_sitenote_note":"","_monsterinsights_sitenote_category":0,"footnotes":""},"categories":[104,49],"tags":[],"class_list":["post-288742","post","type-post","status-publish","format-standard","has-post-thumbnail","hentry","category-evidenza_3","category-news-18","category-104","category-49","description-off"],"img_url":"https:\/\/www.radiopiu.net\/wordpress\/wp-content\/uploads\/2022\/07\/download-2.jpg","_links":{"self":[{"href":"https:\/\/www.radiopiu.net\/wordpress\/wp-json\/wp\/v2\/posts\/288742","targetHints":{"allow":["GET"]}}],"collection":[{"href":"https:\/\/www.radiopiu.net\/wordpress\/wp-json\/wp\/v2\/posts"}],"about":[{"href":"https:\/\/www.radiopiu.net\/wordpress\/wp-json\/wp\/v2\/types\/post"}],"author":[{"embeddable":true,"href":"https:\/\/www.radiopiu.net\/wordpress\/wp-json\/wp\/v2\/users\/4"}],"replies":[{"embeddable":true,"href":"https:\/\/www.radiopiu.net\/wordpress\/wp-json\/wp\/v2\/comments?post=288742"}],"version-history":[{"count":0,"href":"https:\/\/www.radiopiu.net\/wordpress\/wp-json\/wp\/v2\/posts\/288742\/revisions"}],"wp:featuredmedia":[{"embeddable":true,"href":"https:\/\/www.radiopiu.net\/wordpress\/wp-json\/wp\/v2\/media\/288743"}],"wp:attachment":[{"href":"https:\/\/www.radiopiu.net\/wordpress\/wp-json\/wp\/v2\/media?parent=288742"}],"wp:term":[{"taxonomy":"category","embeddable":true,"href":"https:\/\/www.radiopiu.net\/wordpress\/wp-json\/wp\/v2\/categories?post=288742"},{"taxonomy":"post_tag","embeddable":true,"href":"https:\/\/www.radiopiu.net\/wordpress\/wp-json\/wp\/v2\/tags?post=288742"}],"curies":[{"name":"wp","href":"https:\/\/api.w.org\/{rel}","templated":true}]}}