{"id":288749,"date":"2022-07-23T08:34:18","date_gmt":"2022-07-23T06:34:18","guid":{"rendered":"https:\/\/www.radiopiu.net\/wordpress\/?p=288749"},"modified":"2022-07-23T08:34:18","modified_gmt":"2022-07-23T06:34:18","slug":"imprese-venete-nel-2022-extra-costi-per-luce-e-gas-da-118-miliardi","status":"publish","type":"post","link":"https:\/\/www.radiopiu.net\/wordpress\/imprese-venete-nel-2022-extra-costi-per-luce-e-gas-da-118-miliardi\/","title":{"rendered":"IMPRESE VENETE: NEL 2022 EXTRA COSTI PER LUCE E GAS DA 11,8 MILIARDI"},"content":{"rendered":"<p>E\u2019 di 11,8 miliardi di euro il costo aggiuntivo che le imprese venete subiranno quest\u2019anno a causa dei rincari di energia elettrica e gas. La stima \u00e8 stata calcolata dall\u2019Ufficio studi CGIA che \u00e8 giunta a questo risultato ipotizzando, per l\u2019anno in corso, gli stessi consumi registrati nell\u2019anno pre-pandemia, applicando per\u00f2 per l\u2019intero 2022 le tariffe medie di luce e gas sostenute in questi ultimi sei mesi. Una stangata che rischia di provocare una vera debacle al nostro sistema produttivo. Gli 11,8 miliardi di extra costo, tuttavia, potrebbero essere addirittura sottostimati; se dal prossimo autunno la Russia dovesse chiudere ulteriormente le forniture di gas verso l\u2019Europa, \u00e8 probabile che il prezzo di questa materia prima subir\u00e0 un\u2019impennata che spinger\u00e0 il costo medio dell\u2019ultima parte dell\u2019anno ad un livello molto superiore a quello registrato nei primi sei mesi del 2022.<\/p>\n<p><strong>Le misure di mitigazione<\/strong><br \/>\nAncorch\u00e8 insufficienti, va comunque segnalato che il Governo Draghi ha in parte smorzato l\u2019impennata dei costi energetici. I soldi messi a disposizione per mitigare i rincari nel biennio 2021-22, infatti, ammontano, a livello nazionale, a 22,2 miliardi di euro (di cui 16,6 nel 2022). Di questi, 3,2 hanno ristorato le famiglie, 7,5 le imprese e 11,5 sosterranno sia le prime sia le seconde (vedi Tab. 1). Nel Riquadro sono elencati tutti i provvedimenti.<\/p>\n<p><strong>Il confronto 2022 su 2019<\/strong><br \/>\nSe nel 2019 il costo medio dell\u2019energia elettrica per le aziende ammontava a 52 euro per MWh, nei primi sei mesi del 2022, invece, si \u00e8 attestato a 250 euro (+378 per cento). Pertanto, a fronte di un consumo delle imprese venete di 23.715 GWh, il costo totale in capo a queste realt\u00e0 nel 2019 ha toccato i 3,9 miliardi di euro; quest\u2019anno, invece, la bolletta toccher\u00e0 gli 11,8 miliardi di euro (differenza + 7,9 miliardi). Per il gas, viceversa, se tre anni fa il costo medio era di quasi 16 euro per MWh, nel primi sei mesi del 2022 il prezzo ha sfiorato i 100 euro (+538 per cento). Perci\u00f2, a fronte di un consumo medio annuo delle aziende venete di 33.140 GWh, nel 2019 le stesse hanno sostenuto un costo medio complessivo pari a 1,1 miliardi di euro, contro i 5 miliardi del 2022 (differenza +3,9 miliardi di euro). Ebbene, sommando i 7,9 miliardi di extra costi per la luce e i 3,9 per il gas otteniamo gli 11,8 miliardi di costi aggiuntivi che le imprese venete dovranno farsi carico quest\u2019anno rispetto al 2019 (anno pre-Covid) (vedi Tab. 2).<\/p>\n<p><strong>Sono le imprese lombarde le pi\u00f9 penalizzate<\/strong><br \/>\nA livello territoriale le realt\u00e0 che pi\u00f9 delle altre subiscono i rincari maggiori sono, ovviamente, quelle dove la concentrazione delle attivit\u00e0 imprenditoriali \u00e8 pi\u00f9 elevata. Se, rispetto al 2019, in Lombardia il costo aggiuntivo per far fronte ai rincari di luce e gas toccher\u00e0 quest\u2019anno i 24,4 miliardi di euro, in Emilia Romagna sar\u00e0 di 12,4, in Veneto, come abbiamo appena segnalato, di 11,8 e in Piemonte di 9,8 miliardi. Oltre il 63 per cento dell\u2019extra costo totale nazionale di luce e gas \u00e8 in capo alle aziende del Nord (Tab. 3).<\/p>\n<p><strong>In 12 mesi luce +220% e gas +274%<\/strong><br \/>\nNell\u2019ultimo anno gli incrementi di prezzo per le imprese sono stati spaventosi. Quello dell\u2019energia elettrica \u00e8 aumentato del 220 per cento; infatti, se a giugno 2021 la media mensile del Prezzo Unico nazionale era pari a 84,8 euro per MWh, lo scorso giugno \u00e8 salito a 271,3 euro. Segnaliamo che a marzo aveva toccato il picco massimo di 308,1 euro (vedi Graf. 1). Il prezzo del gas, invece, sempre nell\u2019ultimo anno \u00e8 cresciuto addirittura del 274 per cento; se nel giugno dell\u2019anno scorso di attestava sui 28,1 euro al MWh, 12 mesi dopo si \u00e8 attestato a 105,2 euro, anche se a marzo di quest\u2019anno aveva toccato la punta massima di 128,3 euro (vedi Graf. 2).<\/p>\n<p><strong>\u2022\u00a0\u00a0\u00a0Draghi deve continuare a chiedere all\u2019UE un tetto al prezzo del gas<\/strong><br \/>\nDopo le dimissioni del Premier e lo scioglimento delle Camere si andr\u00e0 al voto il prossimo 25 settembre. Almeno per i prossimi due mesi Draghi, ancorch\u00e9 chiamato a occuparsi degli affari correnti, deve continuare a chiedere a Bruxelles l\u2019introduzione di un tetto al prezzo del gas a livello europeo. Questa rimane l\u2019unica soluzione per calmierare i costi a famiglie e imprese, raffreddando una delle voci che sta alimentando l\u2019impennata dell\u2019inflazione che, sembra, non sia destinata a fermarsi. A rischio ci sono centinaia e centinaia di migliaia di imprese e tantissimi lavoratori autonomi. Ricordiamo che il 70 per cento circa degli artigiani e dei commercianti lavora da solo, ovvero non ha n\u00e9 dipendenti n\u00e9 collaboratori familiari e che moltissimi artigiani, piccoli commercianti e partite Iva stanno pagando due volte lo straordinario aumento registrato in questo ultimo anno dalle bollette di luce e gas. La prima come utenti domestici e la seconda come piccoli imprenditori per riscaldare\/raffrescare e illuminare le proprie botteghe e negozi. E, come abbiamo visto pi\u00f9 sopra, nonostante le misure di\u00a0 mitigazione introdotte dal Governo Draghi, i costi energetici sono esplosi, raggiungendo livelli mai visti nel recente passato.\u00a0Ovvio che senza un esecutivo con i pieni poteri tutto diventa pi\u00f9 difficile. Infatti, dovremo aspettare Bruxelles, per sperare di ottenere il tanto agognato tetto sul prezzo del gas. Obbiettivo che, a differenza dell\u2019Italia, Spagna (nell\u2019autunno scorso)\u00a0e Francia (a inizio di quest\u2019anno) hanno temporaneamente gi\u00e0 introdotto.<br \/>\nSettori a rischio chiusura<br \/>\nCon aumenti dell\u2019energia elettrica e del gas che nell\u2019ultimo anno sono stati rispettivamente del 220 e del 274 per cento, i settori energivori sono pi\u00f9 a rischio degli altri. Per quanto riguarda il consumo del gas, segnaliamo le difficolt\u00e0 che da mesi stanno colpendo le imprese venete del vetro, della ceramica,\u00a0\u00a0 del cemento, della plastica, della produzione di laterizi, la meccanica pesante, l\u2019alimentazione, la chimica etc. Per quanto concerne l\u2019energia elettrica, invece, rischiano il blackout le acciaierie\/fonderie, l\u2019alimentare, il commercio (negozi, botteghe, centri commerciali, etc.), alberghi, bar-ristoranti, altri servizi (cinema, teatri, discoteche, lavanderie, etc.).<\/p>\n\n\t\t\t<style type='text\/css'>\n\t\t\t\t#gallery-1 {\n\t\t\t\t\tmargin: auto;\n\t\t\t\t}\n\t\t\t\t#gallery-1 .gallery-item {\n\t\t\t\t\tfloat: left;\n\t\t\t\t\tmargin-top: 10px;\n\t\t\t\t\ttext-align: center;\n\t\t\t\t\twidth: 33%;\n\t\t\t\t}\n\t\t\t\t#gallery-1 img {\n\t\t\t\t\tborder: 2px solid #cfcfcf;\n\t\t\t\t}\n\t\t\t\t#gallery-1 .gallery-caption {\n\t\t\t\t\tmargin-left: 0;\n\t\t\t\t}\n\t\t\t\t\/* see gallery_shortcode() in wp-includes\/media.php *\/\n\t\t\t<\/style>\n\t\t<div id='gallery-1' class='dt-gallery-container gallery galleryid-288749 gallery-columns-3 gallery-size-medium'><dl class='gallery-item'>\n\t\t\t\t<dt class='gallery-icon landscape'>\n\t\t\t\t\t<a class=\"rollover rollover-zoom dt-pswp-item\" title=\"Schermata 2022-07-23 alle 08.28.50\" data-dt-img-description=\"\" data-large_image_width=\"824\" data-large_image_height=\"530\"href='https:\/\/www.radiopiu.net\/wordpress\/wp-content\/uploads\/2022\/07\/Schermata-2022-07-23-alle-08.28.50.png'><img loading=\"lazy\" decoding=\"async\" width=\"300\" height=\"193\" src=\"https:\/\/www.radiopiu.net\/wordpress\/wp-content\/uploads\/2022\/07\/Schermata-2022-07-23-alle-08.28.50-300x193.png\" class=\"attachment-medium size-medium\" alt=\"\" srcset=\"https:\/\/www.radiopiu.net\/wordpress\/wp-content\/uploads\/2022\/07\/Schermata-2022-07-23-alle-08.28.50-300x193.png 300w, https:\/\/www.radiopiu.net\/wordpress\/wp-content\/uploads\/2022\/07\/Schermata-2022-07-23-alle-08.28.50-768x494.png 768w, https:\/\/www.radiopiu.net\/wordpress\/wp-content\/uploads\/2022\/07\/Schermata-2022-07-23-alle-08.28.50.png 824w\" sizes=\"auto, (max-width: 300px) 100vw, 300px\" \/><\/a>\n\t\t\t\t<\/dt><\/dl><dl class='gallery-item'>\n\t\t\t\t<dt class='gallery-icon landscape'>\n\t\t\t\t\t<a class=\"rollover rollover-zoom dt-pswp-item\" title=\"Schermata 2022-07-23 alle 08.29.04\" data-dt-img-description=\"\" data-large_image_width=\"1268\" data-large_image_height=\"736\"href='https:\/\/www.radiopiu.net\/wordpress\/wp-content\/uploads\/2022\/07\/Schermata-2022-07-23-alle-08.29.04.png'><img loading=\"lazy\" decoding=\"async\" width=\"300\" height=\"174\" src=\"https:\/\/www.radiopiu.net\/wordpress\/wp-content\/uploads\/2022\/07\/Schermata-2022-07-23-alle-08.29.04-300x174.png\" class=\"attachment-medium size-medium\" alt=\"\" srcset=\"https:\/\/www.radiopiu.net\/wordpress\/wp-content\/uploads\/2022\/07\/Schermata-2022-07-23-alle-08.29.04-300x174.png 300w, https:\/\/www.radiopiu.net\/wordpress\/wp-content\/uploads\/2022\/07\/Schermata-2022-07-23-alle-08.29.04-1024x594.png 1024w, https:\/\/www.radiopiu.net\/wordpress\/wp-content\/uploads\/2022\/07\/Schermata-2022-07-23-alle-08.29.04-768x446.png 768w, https:\/\/www.radiopiu.net\/wordpress\/wp-content\/uploads\/2022\/07\/Schermata-2022-07-23-alle-08.29.04.png 1268w\" sizes=\"auto, (max-width: 300px) 100vw, 300px\" \/><\/a>\n\t\t\t\t<\/dt><\/dl><dl class='gallery-item'>\n\t\t\t\t<dt class='gallery-icon portrait'>\n\t\t\t\t\t<a class=\"rollover rollover-zoom dt-pswp-item\" title=\"Schermata 2022-07-23 alle 08.29.44\" data-dt-img-description=\"\" data-large_image_width=\"1268\" data-large_image_height=\"1590\"href='https:\/\/www.radiopiu.net\/wordpress\/wp-content\/uploads\/2022\/07\/Schermata-2022-07-23-alle-08.29.44.png'><img loading=\"lazy\" decoding=\"async\" width=\"239\" height=\"300\" src=\"https:\/\/www.radiopiu.net\/wordpress\/wp-content\/uploads\/2022\/07\/Schermata-2022-07-23-alle-08.29.44-239x300.png\" class=\"attachment-medium size-medium\" alt=\"\" srcset=\"https:\/\/www.radiopiu.net\/wordpress\/wp-content\/uploads\/2022\/07\/Schermata-2022-07-23-alle-08.29.44-239x300.png 239w, https:\/\/www.radiopiu.net\/wordpress\/wp-content\/uploads\/2022\/07\/Schermata-2022-07-23-alle-08.29.44-817x1024.png 817w, https:\/\/www.radiopiu.net\/wordpress\/wp-content\/uploads\/2022\/07\/Schermata-2022-07-23-alle-08.29.44-768x963.png 768w, https:\/\/www.radiopiu.net\/wordpress\/wp-content\/uploads\/2022\/07\/Schermata-2022-07-23-alle-08.29.44-1225x1536.png 1225w, https:\/\/www.radiopiu.net\/wordpress\/wp-content\/uploads\/2022\/07\/Schermata-2022-07-23-alle-08.29.44.png 1268w\" sizes=\"auto, (max-width: 239px) 100vw, 239px\" \/><\/a>\n\t\t\t\t<\/dt><\/dl><br style=\"clear: both\" \/><dl class='gallery-item'>\n\t\t\t\t<dt class='gallery-icon landscape'>\n\t\t\t\t\t<a class=\"rollover rollover-zoom dt-pswp-item\" title=\"Schermata 2022-07-23 alle 08.30.08\" data-dt-img-description=\"\" data-large_image_width=\"1182\" data-large_image_height=\"740\"href='https:\/\/www.radiopiu.net\/wordpress\/wp-content\/uploads\/2022\/07\/Schermata-2022-07-23-alle-08.30.08.png'><img loading=\"lazy\" decoding=\"async\" width=\"300\" height=\"188\" src=\"https:\/\/www.radiopiu.net\/wordpress\/wp-content\/uploads\/2022\/07\/Schermata-2022-07-23-alle-08.30.08-300x188.png\" class=\"attachment-medium size-medium\" alt=\"\" srcset=\"https:\/\/www.radiopiu.net\/wordpress\/wp-content\/uploads\/2022\/07\/Schermata-2022-07-23-alle-08.30.08-300x188.png 300w, https:\/\/www.radiopiu.net\/wordpress\/wp-content\/uploads\/2022\/07\/Schermata-2022-07-23-alle-08.30.08-1024x641.png 1024w, https:\/\/www.radiopiu.net\/wordpress\/wp-content\/uploads\/2022\/07\/Schermata-2022-07-23-alle-08.30.08-768x481.png 768w, https:\/\/www.radiopiu.net\/wordpress\/wp-content\/uploads\/2022\/07\/Schermata-2022-07-23-alle-08.30.08.png 1182w\" sizes=\"auto, (max-width: 300px) 100vw, 300px\" \/><\/a>\n\t\t\t\t<\/dt><\/dl><dl class='gallery-item'>\n\t\t\t\t<dt class='gallery-icon landscape'>\n\t\t\t\t\t<a class=\"rollover rollover-zoom dt-pswp-item\" title=\"Schermata 2022-07-23 alle 08.30.29\" data-dt-img-description=\"\" data-large_image_width=\"1182\" data-large_image_height=\"740\"href='https:\/\/www.radiopiu.net\/wordpress\/wp-content\/uploads\/2022\/07\/Schermata-2022-07-23-alle-08.30.29.png'><img loading=\"lazy\" decoding=\"async\" width=\"300\" height=\"188\" src=\"https:\/\/www.radiopiu.net\/wordpress\/wp-content\/uploads\/2022\/07\/Schermata-2022-07-23-alle-08.30.29-300x188.png\" class=\"attachment-medium size-medium\" alt=\"\" srcset=\"https:\/\/www.radiopiu.net\/wordpress\/wp-content\/uploads\/2022\/07\/Schermata-2022-07-23-alle-08.30.29-300x188.png 300w, https:\/\/www.radiopiu.net\/wordpress\/wp-content\/uploads\/2022\/07\/Schermata-2022-07-23-alle-08.30.29-1024x641.png 1024w, https:\/\/www.radiopiu.net\/wordpress\/wp-content\/uploads\/2022\/07\/Schermata-2022-07-23-alle-08.30.29-768x481.png 768w, https:\/\/www.radiopiu.net\/wordpress\/wp-content\/uploads\/2022\/07\/Schermata-2022-07-23-alle-08.30.29.png 1182w\" sizes=\"auto, (max-width: 300px) 100vw, 300px\" \/><\/a>\n\t\t\t\t<\/dt><\/dl>\n\t\t\t\t<br style='clear: both' \/>\n\t\t\t<\/div>\n\n<p>&nbsp;<\/p>\n<p><em>Nota metodologica<\/em><\/p>\n<p><em>Le stime sono state costruite a partire dai dati sui consumi energetici delle imprese nel 2019 (anno prima del Covid) ipotizzando per l\u2019anno in corso (il 2022) gli stessi consumi del 2019.<\/em><br \/>\n<em>La stima della bolletta elettrica per le imprese nel 2019 (pari a 36 miliardi di euro al netto dell\u2019IVA) \u00e8 frutto di un calcolo che tiene conto dei prezzi medi ponderati per classe di consumo energetico, ricavati dal database Eurostat per le utenze non domestiche su base semestrale. La stima dei costi dell\u2019energia elettrica relativa al 2022 \u00e8 stata costruita ipotizzando, per il 2022, un Prezzo Unico Nazionale (PUN) medio dell\u2019energia elettrica pari a 250 euro per MWh (media dei primi 6 mesi del 2022); il PUN \u00e8 il prezzo di riferimento dell\u2019energia elettrica rilevato sulla borsa elettrica italiana ed \u00e8 monitorato dalle statistiche del GME (Gestore dei Mercati Energetici); in questa ipotesi un tale incremento rispetto al 2019 (+378% per il PUN che nell\u2019anno pre-Covid si attestava a 52 euro per MWh) si traduce in una crescita percentuale della bolletta elettrica delle imprese inferiore (+202%) che comunque triplicherebbe sfiorando i 109 miliardi di euro (per un extra-costo di 72 miliardi di euro); l\u2019aumento \u00e8 meno che proporzionale rispetto a quello della materia prima in quanto l\u2019aumento del prezzo della materia prima impatta su una parte e non su tutto il costo complessivo della bolletta (che comprende anche costi di commercializzazione, trasmissione, oneri, tasse, margini ecc.).<\/em><br \/>\n<em>La stima della bolletta del gas per le imprese nel 2019 (pari a quasi 10 miliardi di euro al netto dell\u2019IVA) \u00e8 frutto di un calcolo che tiene conto dei prezzi medi ponderati per classe di consumo energetico ricavati dal database Eurostat per le utenze non domestiche su base semestrale. La stima dei costi del gas relativa al 2022 \u00e8 stata costruita ipotizzando, per il 2022, un prezzo medio per MWh pari a 100 euro (media dei primi 6 mesi del 2022 pari a 98 euro); il prezzo di riferimento del gas \u00e8 stato ricavato dalle statistiche del GME guardando al mercato del giorno prima MGP gas; in questa ipotesi un tale incremento rispetto al 2019 (+538% rispetto ad un prezzo che nell\u2019anno pre-Covid si attestava a meno di 16 euro per MWh) si traduce in una crescita percentuale inferiore (+350%) della bolletta del gas delle imprese che comunque risulterebbe 4,5 volte superiore sfiorando i 43 miliardi di euro (per un extra-costo di 33 miliardi di euro); l\u2019aumento \u00e8 meno che proporzionale rispetto a quello della materia prima in quanto l\u2019incremento del prezzo della materia prima impatta su una parte e non su tutto il costo complessivo della bolletta del gas (che comprende anche costi di commercializzazione, trasmissione, oneri, tasse, margini ecc.).\u00a0<\/em><\/p>\n","protected":false},"excerpt":{"rendered":"<p>E\u2019 di 11,8 miliardi di euro il costo aggiuntivo che le imprese venete subiranno quest\u2019anno a causa dei rincari di energia elettrica e gas. La stima \u00e8 stata calcolata dall\u2019Ufficio studi CGIA che \u00e8 giunta a questo risultato ipotizzando, per l\u2019anno in corso, gli stessi consumi registrati nell\u2019anno pre-pandemia, applicando per\u00f2 per l\u2019intero 2022 le&hellip;<\/p>\n","protected":false},"author":2,"featured_media":288750,"comment_status":"closed","ping_status":"closed","sticky":false,"template":"","format":"standard","meta":{"_monsterinsights_skip_tracking":false,"_monsterinsights_sitenote_active":false,"_monsterinsights_sitenote_note":"","_monsterinsights_sitenote_category":0,"footnotes":""},"categories":[49],"tags":[],"class_list":["post-288749","post","type-post","status-publish","format-standard","has-post-thumbnail","hentry","category-news-18","category-49","description-off"],"img_url":"https:\/\/www.radiopiu.net\/wordpress\/wp-content\/uploads\/2022\/07\/oil-crisis-graph-up-increasing-oil-stock-price-rising-oil-prices-graph-rising-oil-prices-barr.jpg","_links":{"self":[{"href":"https:\/\/www.radiopiu.net\/wordpress\/wp-json\/wp\/v2\/posts\/288749","targetHints":{"allow":["GET"]}}],"collection":[{"href":"https:\/\/www.radiopiu.net\/wordpress\/wp-json\/wp\/v2\/posts"}],"about":[{"href":"https:\/\/www.radiopiu.net\/wordpress\/wp-json\/wp\/v2\/types\/post"}],"author":[{"embeddable":true,"href":"https:\/\/www.radiopiu.net\/wordpress\/wp-json\/wp\/v2\/users\/2"}],"replies":[{"embeddable":true,"href":"https:\/\/www.radiopiu.net\/wordpress\/wp-json\/wp\/v2\/comments?post=288749"}],"version-history":[{"count":0,"href":"https:\/\/www.radiopiu.net\/wordpress\/wp-json\/wp\/v2\/posts\/288749\/revisions"}],"wp:featuredmedia":[{"embeddable":true,"href":"https:\/\/www.radiopiu.net\/wordpress\/wp-json\/wp\/v2\/media\/288750"}],"wp:attachment":[{"href":"https:\/\/www.radiopiu.net\/wordpress\/wp-json\/wp\/v2\/media?parent=288749"}],"wp:term":[{"taxonomy":"category","embeddable":true,"href":"https:\/\/www.radiopiu.net\/wordpress\/wp-json\/wp\/v2\/categories?post=288749"},{"taxonomy":"post_tag","embeddable":true,"href":"https:\/\/www.radiopiu.net\/wordpress\/wp-json\/wp\/v2\/tags?post=288749"}],"curies":[{"name":"wp","href":"https:\/\/api.w.org\/{rel}","templated":true}]}}