{"id":288757,"date":"2022-07-25T06:00:49","date_gmt":"2022-07-25T04:00:49","guid":{"rendered":"https:\/\/www.radiopiu.net\/wordpress\/?p=288757"},"modified":"2022-07-25T08:38:45","modified_gmt":"2022-07-25T06:38:45","slug":"giornale-radiopiu-25-luglio-2022-direttore-mirko-mezzacasa","status":"publish","type":"post","link":"https:\/\/www.radiopiu.net\/wordpress\/giornale-radiopiu-25-luglio-2022-direttore-mirko-mezzacasa\/","title":{"rendered":"GIORNALE RADIOPIU 25 LUGLIO 2022 DIRETTORE MIRKO MEZZACASA"},"content":{"rendered":"<h3 class=\"kvgmc6g5 cxmmr5t8 oygrvhab hcukyx3x c1et5uql\"><span style=\"color: #0000ff;\"><strong>RADIO PIU INFORMAZIONE il canale su TELEGRAM informazione di prima\u00a0 <\/strong><\/span><span style=\"color: #0000ff;\"><strong>mano e in tempo reale. iscriviti ed aiutaci a farlo conoscere\u00a0 \u00a0<\/strong><\/span><\/h3>\n<p><iframe loading=\"lazy\" title=\"Rocca Pietore, Marmolada, Val Pettorina\" width=\"1200\" height=\"675\" src=\"https:\/\/www.youtube.com\/embed\/fnodpFI2M1w?feature=oembed\" frameborder=\"0\" allow=\"accelerometer; autoplay; clipboard-write; encrypted-media; gyroscope; picture-in-picture\" allowfullscreen><\/iframe><\/p>\n<p>&nbsp;<\/p>\n<hr \/>\n<p>&nbsp;<\/p>\n<blockquote>\n<h3>IN VIA FOCH A CENCENIGHE ACQUA INQUINATA<\/h3>\n<\/blockquote>\n<p><strong>CENCENIGHE<\/strong> Gestione Servizi Pubblici informa che\u00a0 in localit\u00e0 FOCH l&#8217;acqua erogata dall&#8217;acquedotto non \u00e8 potabile e pu\u00f2 essere usata per scopi alimentari SOLO PREVIA bollitura.<\/p>\n<p>&nbsp;<\/p>\n<blockquote>\n<h3>INTERRUZIONE IDRICA A ROCCA PIETORE<\/h3>\n<\/blockquote>\n<p><strong>ROCCA PIETORE<\/strong> Gestione Servizi Pubblici informa che, per lavori alla rete idrica comunale, marted\u00ec dalle 09:00 alle 11:00 verr\u00e0 sospesa l\u2019erogazione dell\u2019acqua a ROCCA PIETORE CAPOLUOGO.<\/p>\n<p>&nbsp;<\/p>\n<p>&nbsp;<\/p>\n<hr \/>\n<p>&nbsp;<\/p>\n<h1 style=\"text-align: center;\"><span style=\"color: #ff0000;\">I DANNI DOPO IL TEMPORALE DI SABATO<\/span><\/h1>\n<blockquote>\n<h3>FRANA SULLA STRADA PER LO CHALET AL LAGO<\/h3>\n<\/blockquote>\n<p><strong>ROCCA PIETORE<\/strong> Primi temporali e primi danni. Sabato pomeriggio una frana \u00e8 scesa sulla strada che da Masar\u00e8 porta allo Chalet al Lago. La frana \u00e8 di dimensioni maggiori rispetto a quella di Vaia del 2018 come si pu\u00f2 vedere dal video che pubblichiamo<\/p>\n<div style=\"width: 848px;\" class=\"wp-video\"><video class=\"wp-video-shortcode\" id=\"video-288757-1\" width=\"848\" height=\"480\" preload=\"metadata\" controls=\"controls\"><source type=\"video\/mp4\" src=\"https:\/\/www.radiopiu.net\/wordpress\/wp-content\/uploads\/2022\/07\/WhatsApp-Video-2022-07-23-at-18.26.32.mp4?_=1\" \/><a href=\"https:\/\/www.radiopiu.net\/wordpress\/wp-content\/uploads\/2022\/07\/WhatsApp-Video-2022-07-23-at-18.26.32.mp4\">https:\/\/www.radiopiu.net\/wordpress\/wp-content\/uploads\/2022\/07\/WhatsApp-Video-2022-07-23-at-18.26.32.mp4<\/a><\/video><\/div>\n<p>&nbsp;<\/p>\n<p><strong>ROCCA PIETORE\u00a0<\/strong>Non \u00e8 la prima volta che viene segnalato il problema della frana tra Masar\u00e8 e lo Chalet al Lago. Ce lo spiega chi vive in quella zona. Alain Dotta spiega che dopo la Tempesta Vaia sono state tre le segnalazioni fatte in comune. &#8220;Abbiamo anche fatto fare da un geologo un&#8217;ispezione e il problema \u00e8 a monte&#8221;.<\/p>\n<p>&nbsp;<\/p>\n\n\t\t\t<style type='text\/css'>\n\t\t\t\t#gallery-1 {\n\t\t\t\t\tmargin: auto;\n\t\t\t\t}\n\t\t\t\t#gallery-1 .gallery-item {\n\t\t\t\t\tfloat: left;\n\t\t\t\t\tmargin-top: 10px;\n\t\t\t\t\ttext-align: center;\n\t\t\t\t\twidth: 33%;\n\t\t\t\t}\n\t\t\t\t#gallery-1 img {\n\t\t\t\t\tborder: 2px solid #cfcfcf;\n\t\t\t\t}\n\t\t\t\t#gallery-1 .gallery-caption {\n\t\t\t\t\tmargin-left: 0;\n\t\t\t\t}\n\t\t\t\t\/* see gallery_shortcode() in wp-includes\/media.php *\/\n\t\t\t<\/style>\n\t\t<div id='gallery-1' class='dt-gallery-container gallery galleryid-288757 gallery-columns-3 gallery-size-thumbnail'><dl class='gallery-item'>\n\t\t\t\t<dt class='gallery-icon landscape'>\n\t\t\t\t\t<a class=\"rollover rollover-zoom dt-pswp-item\" title=\"5ba84a8b-d8c1-4ca9-8b5b-e5fcbd1bdf24\" data-dt-img-description=\"\" data-large_image_width=\"2016\" data-large_image_height=\"1512\"href='https:\/\/www.radiopiu.net\/wordpress\/wp-content\/uploads\/2022\/07\/5ba84a8b-d8c1-4ca9-8b5b-e5fcbd1bdf24.jpg'><img loading=\"lazy\" decoding=\"async\" width=\"150\" height=\"150\" src=\"https:\/\/www.radiopiu.net\/wordpress\/wp-content\/uploads\/2022\/07\/5ba84a8b-d8c1-4ca9-8b5b-e5fcbd1bdf24-150x150.jpg\" class=\"attachment-thumbnail size-thumbnail\" alt=\"\" \/><\/a>\n\t\t\t\t<\/dt><\/dl><dl class='gallery-item'>\n\t\t\t\t<dt class='gallery-icon landscape'>\n\t\t\t\t\t<a class=\"rollover rollover-zoom dt-pswp-item\" title=\"5c88cf0d-108f-41bf-9879-be4e1564b969\" data-dt-img-description=\"\" data-large_image_width=\"2016\" data-large_image_height=\"1512\"href='https:\/\/www.radiopiu.net\/wordpress\/wp-content\/uploads\/2022\/07\/5c88cf0d-108f-41bf-9879-be4e1564b969.jpg'><img loading=\"lazy\" decoding=\"async\" width=\"150\" height=\"150\" src=\"https:\/\/www.radiopiu.net\/wordpress\/wp-content\/uploads\/2022\/07\/5c88cf0d-108f-41bf-9879-be4e1564b969-150x150.jpg\" class=\"attachment-thumbnail size-thumbnail\" alt=\"\" \/><\/a>\n\t\t\t\t<\/dt><\/dl><dl class='gallery-item'>\n\t\t\t\t<dt class='gallery-icon landscape'>\n\t\t\t\t\t<a class=\"rollover rollover-zoom dt-pswp-item\" title=\"dcbd1f61-2c04-423d-b516-656d57cb71df\" data-dt-img-description=\"\" data-large_image_width=\"2016\" data-large_image_height=\"1512\"href='https:\/\/www.radiopiu.net\/wordpress\/wp-content\/uploads\/2022\/07\/dcbd1f61-2c04-423d-b516-656d57cb71df.jpg'><img loading=\"lazy\" decoding=\"async\" width=\"150\" height=\"150\" src=\"https:\/\/www.radiopiu.net\/wordpress\/wp-content\/uploads\/2022\/07\/dcbd1f61-2c04-423d-b516-656d57cb71df-150x150.jpg\" class=\"attachment-thumbnail size-thumbnail\" alt=\"\" \/><\/a>\n\t\t\t\t<\/dt><\/dl><br style=\"clear: both\" \/><dl class='gallery-item'>\n\t\t\t\t<dt class='gallery-icon landscape'>\n\t\t\t\t\t<a class=\"rollover rollover-zoom dt-pswp-item\" title=\"04c5a64a-23fe-4a69-889e-ee598bc20253\" data-dt-img-description=\"\" data-large_image_width=\"1599\" data-large_image_height=\"899\"href='https:\/\/www.radiopiu.net\/wordpress\/wp-content\/uploads\/2022\/07\/04c5a64a-23fe-4a69-889e-ee598bc20253.jpg'><img loading=\"lazy\" decoding=\"async\" width=\"150\" height=\"150\" src=\"https:\/\/www.radiopiu.net\/wordpress\/wp-content\/uploads\/2022\/07\/04c5a64a-23fe-4a69-889e-ee598bc20253-150x150.jpg\" class=\"attachment-thumbnail size-thumbnail\" alt=\"\" \/><\/a>\n\t\t\t\t<\/dt><\/dl><dl class='gallery-item'>\n\t\t\t\t<dt class='gallery-icon landscape'>\n\t\t\t\t\t<a class=\"rollover rollover-zoom dt-pswp-item\" title=\"be1cfae8-c2bb-48e2-abc3-867a2b877c48\" data-dt-img-description=\"\" data-large_image_width=\"1599\" data-large_image_height=\"899\"href='https:\/\/www.radiopiu.net\/wordpress\/wp-content\/uploads\/2022\/07\/be1cfae8-c2bb-48e2-abc3-867a2b877c48.jpg'><img loading=\"lazy\" decoding=\"async\" width=\"150\" height=\"150\" src=\"https:\/\/www.radiopiu.net\/wordpress\/wp-content\/uploads\/2022\/07\/be1cfae8-c2bb-48e2-abc3-867a2b877c48-150x150.jpg\" class=\"attachment-thumbnail size-thumbnail\" alt=\"\" \/><\/a>\n\t\t\t\t<\/dt><\/dl><dl class='gallery-item'>\n\t\t\t\t<dt class='gallery-icon landscape'>\n\t\t\t\t\t<a class=\"rollover rollover-zoom dt-pswp-item\" title=\"54ac349a-6a62-48f1-aaac-ef9bd7d8c57e\" data-dt-img-description=\"\" data-large_image_width=\"1599\" data-large_image_height=\"899\"href='https:\/\/www.radiopiu.net\/wordpress\/wp-content\/uploads\/2022\/07\/54ac349a-6a62-48f1-aaac-ef9bd7d8c57e.jpg'><img loading=\"lazy\" decoding=\"async\" width=\"150\" height=\"150\" src=\"https:\/\/www.radiopiu.net\/wordpress\/wp-content\/uploads\/2022\/07\/54ac349a-6a62-48f1-aaac-ef9bd7d8c57e-150x150.jpg\" class=\"attachment-thumbnail size-thumbnail\" alt=\"\" \/><\/a>\n\t\t\t\t<\/dt><\/dl><br style=\"clear: both\" \/>\n\t\t\t<\/div>\n\n<div style=\"width: 848px;\" class=\"wp-video\"><video class=\"wp-video-shortcode\" id=\"video-288757-2\" width=\"848\" height=\"480\" preload=\"metadata\" controls=\"controls\"><source type=\"video\/mp4\" src=\"https:\/\/www.radiopiu.net\/wordpress\/wp-content\/uploads\/2022\/07\/WhatsApp-Video-2022-07-23-at-19.22.37.mp4?_=2\" \/><a href=\"https:\/\/www.radiopiu.net\/wordpress\/wp-content\/uploads\/2022\/07\/WhatsApp-Video-2022-07-23-at-19.22.37.mp4\">https:\/\/www.radiopiu.net\/wordpress\/wp-content\/uploads\/2022\/07\/WhatsApp-Video-2022-07-23-at-19.22.37.mp4<\/a><\/video><\/div>\n<p>&nbsp;<\/p>\n<p><strong>ROCCA PIETORE<\/strong> Il Sindaco di Rocca Pietore la considera una bomba d&#8217;acqua quella scesa nelle ultime ore. Oltre tra Masar\u00e8 e lo Chalet Al Lago, i problemi ci sono stati anche a Pezz\u00e8<\/p>\n<p><strong>ANDREA DE BERNARDIN, SINDACO DI ROCCA PIETORE<\/strong><\/p>\n<audio class=\"wp-audio-shortcode\" id=\"audio-288757-1\" preload=\"none\" style=\"width: 100%;\" controls=\"controls\"><source type=\"audio\/mpeg\" src=\"https:\/\/www.radiopiu.net\/wordpress\/wp-content\/uploads\/2022\/07\/de-bernardin.mp3?_=1\" \/><a href=\"https:\/\/www.radiopiu.net\/wordpress\/wp-content\/uploads\/2022\/07\/de-bernardin.mp3\">https:\/\/www.radiopiu.net\/wordpress\/wp-content\/uploads\/2022\/07\/de-bernardin.mp3<\/a><\/audio>\n<p>&nbsp;<\/p>\n<blockquote>\n<h3>DE BERNARDIN: &#8220;VAIA HA LASCIATO IL SEGNO SUL TERRITORIO&#8221;<\/h3>\n<\/blockquote>\n<p><strong><a class=\"dt-pswp-item\" href=\"https:\/\/www.radiopiu.net\/wordpress\/wp-content\/uploads\/2022\/07\/f0e2717a-8982-4a0a-9048-54e893b454ff.jpg\" data-dt-img-description=\"\" data-large_image_width=\"2048\" data-large_image_height=\"1536\"><img loading=\"lazy\" decoding=\"async\" class=\"size-thumbnail wp-image-289001 alignleft\" src=\"https:\/\/www.radiopiu.net\/wordpress\/wp-content\/uploads\/2022\/07\/f0e2717a-8982-4a0a-9048-54e893b454ff-150x150.jpg\" alt=\"\" width=\"150\" height=\"150\" \/><\/a>ROCCA PIETORE<\/strong> Dopo il maltempo di sabato sera si tirano i conti dei danni. A Rocca Pietore ci si concentra sulla frana tra Masar\u00e8 e lo Chalet al Lago che \u00e8 scesa quasi pi\u00f9 grande rispetto alla tempesta Vaia.<\/p>\n<p><strong>IL SINDACO DI ROCCA PIETORE ANDREA DE BERNARDIN<\/strong><\/p>\n<audio class=\"wp-audio-shortcode\" id=\"audio-288757-2\" preload=\"none\" style=\"width: 100%;\" controls=\"controls\"><source type=\"audio\/mpeg\" src=\"https:\/\/www.radiopiu.net\/wordpress\/wp-content\/uploads\/2022\/07\/DE-BERNARDIN-POST-FRANA.mp3?_=2\" \/><a href=\"https:\/\/www.radiopiu.net\/wordpress\/wp-content\/uploads\/2022\/07\/DE-BERNARDIN-POST-FRANA.mp3\">https:\/\/www.radiopiu.net\/wordpress\/wp-content\/uploads\/2022\/07\/DE-BERNARDIN-POST-FRANA.mp3<\/a><\/audio>\n<p>&nbsp;<\/p>\n<hr \/>\n<p>&nbsp;<\/p>\n<blockquote>\n<h3>A VALLADA VIENE GIU&#8217; LA BOA TRA PIAZ E ANDRICH<\/h3>\n<\/blockquote>\n<p><strong>VALLADA<\/strong> Anche la boa di Pezza \u00e8 venuta gi\u00f9 nel corso del temporale. Sul posto il sindaco Fabio Lucchetta che ha dichiarato che nemmeno con Vaia avevamo visto una frana simile. Il tutto \u00e8 avvenuto tra Localit\u00e0 Piaz e Andrich di Vallada.<\/p>\n<p><strong>FABIO LUCCHETTA SINDACO DI VALLADA<\/strong><\/p>\n<audio class=\"wp-audio-shortcode\" id=\"audio-288757-3\" preload=\"none\" style=\"width: 100%;\" controls=\"controls\"><source type=\"audio\/mpeg\" src=\"https:\/\/www.radiopiu.net\/wordpress\/wp-content\/uploads\/2022\/07\/lucchetta.mp3?_=3\" \/><a href=\"https:\/\/www.radiopiu.net\/wordpress\/wp-content\/uploads\/2022\/07\/lucchetta.mp3\">https:\/\/www.radiopiu.net\/wordpress\/wp-content\/uploads\/2022\/07\/lucchetta.mp3<\/a><\/audio>\n<p>&nbsp;<\/p>\n<p><em><strong>LE FOTO DI CRISTIAN PIANEZZE<\/strong><\/em><\/p>\n\n\t\t\t<style type='text\/css'>\n\t\t\t\t#gallery-2 {\n\t\t\t\t\tmargin: auto;\n\t\t\t\t}\n\t\t\t\t#gallery-2 .gallery-item {\n\t\t\t\t\tfloat: left;\n\t\t\t\t\tmargin-top: 10px;\n\t\t\t\t\ttext-align: center;\n\t\t\t\t\twidth: 20%;\n\t\t\t\t}\n\t\t\t\t#gallery-2 img {\n\t\t\t\t\tborder: 2px solid #cfcfcf;\n\t\t\t\t}\n\t\t\t\t#gallery-2 .gallery-caption {\n\t\t\t\t\tmargin-left: 0;\n\t\t\t\t}\n\t\t\t\t\/* see gallery_shortcode() in wp-includes\/media.php *\/\n\t\t\t<\/style>\n\t\t<div id='gallery-2' class='dt-gallery-container gallery galleryid-288757 gallery-columns-5 gallery-size-thumbnail'><dl class='gallery-item'>\n\t\t\t\t<dt class='gallery-icon landscape'>\n\t\t\t\t\t<a class=\"rollover rollover-zoom dt-pswp-item\" title=\"bd76fe12-0fb1-45c8-8145-6adb90291b00\" data-dt-img-description=\"\" data-large_image_width=\"1600\" data-large_image_height=\"900\"href='https:\/\/www.radiopiu.net\/wordpress\/wp-content\/uploads\/2022\/07\/bd76fe12-0fb1-45c8-8145-6adb90291b00.jpg'><img loading=\"lazy\" decoding=\"async\" width=\"150\" height=\"150\" src=\"https:\/\/www.radiopiu.net\/wordpress\/wp-content\/uploads\/2022\/07\/bd76fe12-0fb1-45c8-8145-6adb90291b00-150x150.jpg\" class=\"attachment-thumbnail size-thumbnail\" alt=\"\" \/><\/a>\n\t\t\t\t<\/dt><\/dl><dl class='gallery-item'>\n\t\t\t\t<dt class='gallery-icon portrait'>\n\t\t\t\t\t<a class=\"rollover rollover-zoom dt-pswp-item\" title=\"1befbc39-7e9e-4b78-8bd2-9b9ed1dd0668\" data-dt-img-description=\"\" data-large_image_width=\"1197\" data-large_image_height=\"1600\"href='https:\/\/www.radiopiu.net\/wordpress\/wp-content\/uploads\/2022\/07\/1befbc39-7e9e-4b78-8bd2-9b9ed1dd0668.jpg'><img loading=\"lazy\" decoding=\"async\" width=\"150\" height=\"150\" src=\"https:\/\/www.radiopiu.net\/wordpress\/wp-content\/uploads\/2022\/07\/1befbc39-7e9e-4b78-8bd2-9b9ed1dd0668-150x150.jpg\" class=\"attachment-thumbnail size-thumbnail\" alt=\"\" \/><\/a>\n\t\t\t\t<\/dt><\/dl><dl class='gallery-item'>\n\t\t\t\t<dt class='gallery-icon portrait'>\n\t\t\t\t\t<a class=\"rollover rollover-zoom dt-pswp-item\" title=\"1bff3d68-24a2-4638-a204-ba02d6b18e71\" data-dt-img-description=\"\" data-large_image_width=\"1197\" data-large_image_height=\"1600\"href='https:\/\/www.radiopiu.net\/wordpress\/wp-content\/uploads\/2022\/07\/1bff3d68-24a2-4638-a204-ba02d6b18e71.jpg'><img loading=\"lazy\" decoding=\"async\" width=\"150\" height=\"150\" src=\"https:\/\/www.radiopiu.net\/wordpress\/wp-content\/uploads\/2022\/07\/1bff3d68-24a2-4638-a204-ba02d6b18e71-150x150.jpg\" class=\"attachment-thumbnail size-thumbnail\" alt=\"\" \/><\/a>\n\t\t\t\t<\/dt><\/dl><dl class='gallery-item'>\n\t\t\t\t<dt class='gallery-icon portrait'>\n\t\t\t\t\t<a class=\"rollover rollover-zoom dt-pswp-item\" title=\"5e647c34-309f-47dc-a4dc-2f3833cb0bf2\" data-dt-img-description=\"\" data-large_image_width=\"1197\" data-large_image_height=\"1600\"href='https:\/\/www.radiopiu.net\/wordpress\/wp-content\/uploads\/2022\/07\/5e647c34-309f-47dc-a4dc-2f3833cb0bf2.jpg'><img loading=\"lazy\" decoding=\"async\" width=\"150\" height=\"150\" src=\"https:\/\/www.radiopiu.net\/wordpress\/wp-content\/uploads\/2022\/07\/5e647c34-309f-47dc-a4dc-2f3833cb0bf2-150x150.jpg\" class=\"attachment-thumbnail size-thumbnail\" alt=\"\" \/><\/a>\n\t\t\t\t<\/dt><\/dl><dl class='gallery-item'>\n\t\t\t\t<dt class='gallery-icon portrait'>\n\t\t\t\t\t<a class=\"rollover rollover-zoom dt-pswp-item\" title=\"6bccf96c-8722-491e-9acf-76b77698cffb\" data-dt-img-description=\"\" data-large_image_width=\"1197\" data-large_image_height=\"1600\"href='https:\/\/www.radiopiu.net\/wordpress\/wp-content\/uploads\/2022\/07\/6bccf96c-8722-491e-9acf-76b77698cffb.jpg'><img loading=\"lazy\" decoding=\"async\" width=\"150\" height=\"150\" src=\"https:\/\/www.radiopiu.net\/wordpress\/wp-content\/uploads\/2022\/07\/6bccf96c-8722-491e-9acf-76b77698cffb-150x150.jpg\" class=\"attachment-thumbnail size-thumbnail\" alt=\"\" \/><\/a>\n\t\t\t\t<\/dt><\/dl><br style=\"clear: both\" \/><dl class='gallery-item'>\n\t\t\t\t<dt class='gallery-icon portrait'>\n\t\t\t\t\t<a class=\"rollover rollover-zoom dt-pswp-item\" title=\"176f5ba5-d8d8-453b-a78a-49daeb78e36b\" data-dt-img-description=\"\" data-large_image_width=\"1197\" data-large_image_height=\"1600\"href='https:\/\/www.radiopiu.net\/wordpress\/wp-content\/uploads\/2022\/07\/176f5ba5-d8d8-453b-a78a-49daeb78e36b.jpg'><img loading=\"lazy\" decoding=\"async\" width=\"150\" height=\"150\" src=\"https:\/\/www.radiopiu.net\/wordpress\/wp-content\/uploads\/2022\/07\/176f5ba5-d8d8-453b-a78a-49daeb78e36b-150x150.jpg\" class=\"attachment-thumbnail size-thumbnail\" alt=\"\" \/><\/a>\n\t\t\t\t<\/dt><\/dl><dl class='gallery-item'>\n\t\t\t\t<dt class='gallery-icon portrait'>\n\t\t\t\t\t<a class=\"rollover rollover-zoom dt-pswp-item\" title=\"635ce646-e3e3-4dd0-9569-024beddec2d2\" data-dt-img-description=\"\" data-large_image_width=\"1197\" data-large_image_height=\"1600\"href='https:\/\/www.radiopiu.net\/wordpress\/wp-content\/uploads\/2022\/07\/635ce646-e3e3-4dd0-9569-024beddec2d2.jpg'><img loading=\"lazy\" decoding=\"async\" width=\"150\" height=\"150\" src=\"https:\/\/www.radiopiu.net\/wordpress\/wp-content\/uploads\/2022\/07\/635ce646-e3e3-4dd0-9569-024beddec2d2-150x150.jpg\" class=\"attachment-thumbnail size-thumbnail\" alt=\"\" \/><\/a>\n\t\t\t\t<\/dt><\/dl><dl class='gallery-item'>\n\t\t\t\t<dt class='gallery-icon portrait'>\n\t\t\t\t\t<a class=\"rollover rollover-zoom dt-pswp-item\" title=\"7343f3fd-9c84-4267-94ea-92c7e4165df0\" data-dt-img-description=\"\" data-large_image_width=\"1197\" data-large_image_height=\"1600\"href='https:\/\/www.radiopiu.net\/wordpress\/wp-content\/uploads\/2022\/07\/7343f3fd-9c84-4267-94ea-92c7e4165df0.jpg'><img loading=\"lazy\" decoding=\"async\" width=\"150\" height=\"150\" src=\"https:\/\/www.radiopiu.net\/wordpress\/wp-content\/uploads\/2022\/07\/7343f3fd-9c84-4267-94ea-92c7e4165df0-150x150.jpg\" class=\"attachment-thumbnail size-thumbnail\" alt=\"\" \/><\/a>\n\t\t\t\t<\/dt><\/dl><dl class='gallery-item'>\n\t\t\t\t<dt class='gallery-icon portrait'>\n\t\t\t\t\t<a class=\"rollover rollover-zoom dt-pswp-item\" title=\"11226a22-593e-4e44-97df-31951394c3b6\" data-dt-img-description=\"\" data-large_image_width=\"1197\" data-large_image_height=\"1600\"href='https:\/\/www.radiopiu.net\/wordpress\/wp-content\/uploads\/2022\/07\/11226a22-593e-4e44-97df-31951394c3b6.jpg'><img loading=\"lazy\" decoding=\"async\" width=\"150\" height=\"150\" src=\"https:\/\/www.radiopiu.net\/wordpress\/wp-content\/uploads\/2022\/07\/11226a22-593e-4e44-97df-31951394c3b6-150x150.jpg\" class=\"attachment-thumbnail size-thumbnail\" alt=\"\" \/><\/a>\n\t\t\t\t<\/dt><\/dl><dl class='gallery-item'>\n\t\t\t\t<dt class='gallery-icon portrait'>\n\t\t\t\t\t<a class=\"rollover rollover-zoom dt-pswp-item\" title=\"c3d56d75-61f8-46d4-96ce-522891b792d9\" data-dt-img-description=\"\" data-large_image_width=\"1197\" data-large_image_height=\"1600\"href='https:\/\/www.radiopiu.net\/wordpress\/wp-content\/uploads\/2022\/07\/c3d56d75-61f8-46d4-96ce-522891b792d9.jpg'><img loading=\"lazy\" decoding=\"async\" width=\"150\" height=\"150\" src=\"https:\/\/www.radiopiu.net\/wordpress\/wp-content\/uploads\/2022\/07\/c3d56d75-61f8-46d4-96ce-522891b792d9-150x150.jpg\" class=\"attachment-thumbnail size-thumbnail\" alt=\"\" \/><\/a>\n\t\t\t\t<\/dt><\/dl><br style=\"clear: both\" \/><dl class='gallery-item'>\n\t\t\t\t<dt class='gallery-icon landscape'>\n\t\t\t\t\t<a class=\"rollover rollover-zoom dt-pswp-item\" title=\"c9585ca5-96b8-438f-8c3b-2e1fa6699d00\" data-dt-img-description=\"\" data-large_image_width=\"1600\" data-large_image_height=\"1197\"href='https:\/\/www.radiopiu.net\/wordpress\/wp-content\/uploads\/2022\/07\/c9585ca5-96b8-438f-8c3b-2e1fa6699d00.jpg'><img loading=\"lazy\" decoding=\"async\" width=\"150\" height=\"150\" src=\"https:\/\/www.radiopiu.net\/wordpress\/wp-content\/uploads\/2022\/07\/c9585ca5-96b8-438f-8c3b-2e1fa6699d00-150x150.jpg\" class=\"attachment-thumbnail size-thumbnail\" alt=\"\" \/><\/a>\n\t\t\t\t<\/dt><\/dl><dl class='gallery-item'>\n\t\t\t\t<dt class='gallery-icon portrait'>\n\t\t\t\t\t<a class=\"rollover rollover-zoom dt-pswp-item\" title=\"ca11cea3-18b3-4efd-874f-f27ef43e82f3\" data-dt-img-description=\"\" data-large_image_width=\"1197\" data-large_image_height=\"1600\"href='https:\/\/www.radiopiu.net\/wordpress\/wp-content\/uploads\/2022\/07\/ca11cea3-18b3-4efd-874f-f27ef43e82f3.jpg'><img loading=\"lazy\" decoding=\"async\" width=\"150\" height=\"150\" src=\"https:\/\/www.radiopiu.net\/wordpress\/wp-content\/uploads\/2022\/07\/ca11cea3-18b3-4efd-874f-f27ef43e82f3-150x150.jpg\" class=\"attachment-thumbnail size-thumbnail\" alt=\"\" \/><\/a>\n\t\t\t\t<\/dt><\/dl><dl class='gallery-item'>\n\t\t\t\t<dt class='gallery-icon portrait'>\n\t\t\t\t\t<a class=\"rollover rollover-zoom dt-pswp-item\" title=\"d3806174-8353-4fc1-9fec-eea550ec8187\" data-dt-img-description=\"\" data-large_image_width=\"1197\" data-large_image_height=\"1600\"href='https:\/\/www.radiopiu.net\/wordpress\/wp-content\/uploads\/2022\/07\/d3806174-8353-4fc1-9fec-eea550ec8187.jpg'><img loading=\"lazy\" decoding=\"async\" width=\"150\" height=\"150\" src=\"https:\/\/www.radiopiu.net\/wordpress\/wp-content\/uploads\/2022\/07\/d3806174-8353-4fc1-9fec-eea550ec8187-150x150.jpg\" class=\"attachment-thumbnail size-thumbnail\" alt=\"\" \/><\/a>\n\t\t\t\t<\/dt><\/dl><dl class='gallery-item'>\n\t\t\t\t<dt class='gallery-icon portrait'>\n\t\t\t\t\t<a class=\"rollover rollover-zoom dt-pswp-item\" title=\"e71d28dd-f3a5-4217-b2b7-e3e9674712ad\" data-dt-img-description=\"\" data-large_image_width=\"1197\" data-large_image_height=\"1600\"href='https:\/\/www.radiopiu.net\/wordpress\/wp-content\/uploads\/2022\/07\/e71d28dd-f3a5-4217-b2b7-e3e9674712ad.jpg'><img loading=\"lazy\" decoding=\"async\" width=\"150\" height=\"150\" src=\"https:\/\/www.radiopiu.net\/wordpress\/wp-content\/uploads\/2022\/07\/e71d28dd-f3a5-4217-b2b7-e3e9674712ad-150x150.jpg\" class=\"attachment-thumbnail size-thumbnail\" alt=\"\" \/><\/a>\n\t\t\t\t<\/dt><\/dl><dl class='gallery-item'>\n\t\t\t\t<dt class='gallery-icon portrait'>\n\t\t\t\t\t<a class=\"rollover rollover-zoom dt-pswp-item\" title=\"e059862d-f806-4603-ad2b-fee7cddb4c4e\" data-dt-img-description=\"\" data-large_image_width=\"1197\" data-large_image_height=\"1600\"href='https:\/\/www.radiopiu.net\/wordpress\/wp-content\/uploads\/2022\/07\/e059862d-f806-4603-ad2b-fee7cddb4c4e.jpg'><img loading=\"lazy\" decoding=\"async\" width=\"150\" height=\"150\" src=\"https:\/\/www.radiopiu.net\/wordpress\/wp-content\/uploads\/2022\/07\/e059862d-f806-4603-ad2b-fee7cddb4c4e-150x150.jpg\" class=\"attachment-thumbnail size-thumbnail\" alt=\"\" \/><\/a>\n\t\t\t\t<\/dt><\/dl><br style=\"clear: both\" \/>\n\t\t\t<\/div>\n\n<p>&nbsp;<\/p>\n<hr \/>\n<p>&nbsp;<\/p>\n<blockquote>\n<h3>ANCHE SULLA STRADA DEL PASSO DURAN UN SASSO IN STRADA<\/h3>\n<\/blockquote>\n<p><strong>LA VALLE<\/strong> Il maltempo di sabato ha colpito anche la 347 del Passo Duran. In serata un masso ha ostruito la strada al chilometro 37. Un sasso di grosse dimensioni che ha terminato la sua corsa in mezzo al bosco ma parte del materiale \u00e8 finito sulla carreggiata. Immediato l&#8217;intervento dei Vigili del Fuoco che hanno liberato la strada.<\/p>\n<p><em><strong>FOTO TIZIANO DE COL<\/strong><\/em><\/p>\n\n\t\t\t<style type='text\/css'>\n\t\t\t\t#gallery-3 {\n\t\t\t\t\tmargin: auto;\n\t\t\t\t}\n\t\t\t\t#gallery-3 .gallery-item {\n\t\t\t\t\tfloat: left;\n\t\t\t\t\tmargin-top: 10px;\n\t\t\t\t\ttext-align: center;\n\t\t\t\t\twidth: 50%;\n\t\t\t\t}\n\t\t\t\t#gallery-3 img {\n\t\t\t\t\tborder: 2px solid #cfcfcf;\n\t\t\t\t}\n\t\t\t\t#gallery-3 .gallery-caption {\n\t\t\t\t\tmargin-left: 0;\n\t\t\t\t}\n\t\t\t\t\/* see gallery_shortcode() in wp-includes\/media.php *\/\n\t\t\t<\/style>\n\t\t<div id='gallery-3' class='dt-gallery-container gallery galleryid-288757 gallery-columns-2 gallery-size-medium'><dl class='gallery-item'>\n\t\t\t\t<dt class='gallery-icon landscape'>\n\t\t\t\t\t<a class=\"rollover rollover-zoom dt-pswp-item\" title=\"525ee50d-9e2c-423a-91db-f83263508032\" data-dt-img-description=\"\" data-large_image_width=\"1600\" data-large_image_height=\"1200\"href='https:\/\/www.radiopiu.net\/wordpress\/wp-content\/uploads\/2022\/07\/525ee50d-9e2c-423a-91db-f83263508032.jpg'><img loading=\"lazy\" decoding=\"async\" width=\"300\" height=\"225\" src=\"https:\/\/www.radiopiu.net\/wordpress\/wp-content\/uploads\/2022\/07\/525ee50d-9e2c-423a-91db-f83263508032-300x225.jpg\" class=\"attachment-medium size-medium\" alt=\"\" srcset=\"https:\/\/www.radiopiu.net\/wordpress\/wp-content\/uploads\/2022\/07\/525ee50d-9e2c-423a-91db-f83263508032-300x225.jpg 300w, https:\/\/www.radiopiu.net\/wordpress\/wp-content\/uploads\/2022\/07\/525ee50d-9e2c-423a-91db-f83263508032-1024x768.jpg 1024w, https:\/\/www.radiopiu.net\/wordpress\/wp-content\/uploads\/2022\/07\/525ee50d-9e2c-423a-91db-f83263508032-768x576.jpg 768w, https:\/\/www.radiopiu.net\/wordpress\/wp-content\/uploads\/2022\/07\/525ee50d-9e2c-423a-91db-f83263508032-1536x1152.jpg 1536w, https:\/\/www.radiopiu.net\/wordpress\/wp-content\/uploads\/2022\/07\/525ee50d-9e2c-423a-91db-f83263508032.jpg 1600w\" sizes=\"auto, (max-width: 300px) 100vw, 300px\" \/><\/a>\n\t\t\t\t<\/dt><\/dl><dl class='gallery-item'>\n\t\t\t\t<dt class='gallery-icon landscape'>\n\t\t\t\t\t<a class=\"rollover rollover-zoom dt-pswp-item\" title=\"0693038f-75d9-45a7-a504-aa5d00c80b98\" data-dt-img-description=\"\" data-large_image_width=\"1600\" data-large_image_height=\"1200\"href='https:\/\/www.radiopiu.net\/wordpress\/wp-content\/uploads\/2022\/07\/0693038f-75d9-45a7-a504-aa5d00c80b98.jpg'><img loading=\"lazy\" decoding=\"async\" width=\"300\" height=\"225\" src=\"https:\/\/www.radiopiu.net\/wordpress\/wp-content\/uploads\/2022\/07\/0693038f-75d9-45a7-a504-aa5d00c80b98-300x225.jpg\" class=\"attachment-medium size-medium\" alt=\"\" srcset=\"https:\/\/www.radiopiu.net\/wordpress\/wp-content\/uploads\/2022\/07\/0693038f-75d9-45a7-a504-aa5d00c80b98-300x225.jpg 300w, https:\/\/www.radiopiu.net\/wordpress\/wp-content\/uploads\/2022\/07\/0693038f-75d9-45a7-a504-aa5d00c80b98-1024x768.jpg 1024w, https:\/\/www.radiopiu.net\/wordpress\/wp-content\/uploads\/2022\/07\/0693038f-75d9-45a7-a504-aa5d00c80b98-768x576.jpg 768w, https:\/\/www.radiopiu.net\/wordpress\/wp-content\/uploads\/2022\/07\/0693038f-75d9-45a7-a504-aa5d00c80b98-1536x1152.jpg 1536w, https:\/\/www.radiopiu.net\/wordpress\/wp-content\/uploads\/2022\/07\/0693038f-75d9-45a7-a504-aa5d00c80b98.jpg 1600w\" sizes=\"auto, (max-width: 300px) 100vw, 300px\" \/><\/a>\n\t\t\t\t<\/dt><\/dl><br style=\"clear: both\" \/>\n\t\t\t<\/div>\n\n<p>&nbsp;<\/p>\n<hr \/>\n<p>&nbsp;<\/p>\n<blockquote>\n<h3>RIATTIVATO L&#8217;INCENDIO A LAMON<\/h3>\n<\/blockquote>\n<p><strong><a class=\"dt-pswp-item\" href=\"https:\/\/www.radiopiu.net\/wordpress\/wp-content\/uploads\/2022\/07\/2bed2467-82ff-4218-9286-00496f227c66.jpg\" data-dt-img-description=\"\" data-large_image_width=\"2048\" data-large_image_height=\"1536\"><img loading=\"lazy\" decoding=\"async\" class=\"size-thumbnail wp-image-289031 alignleft\" src=\"https:\/\/www.radiopiu.net\/wordpress\/wp-content\/uploads\/2022\/07\/2bed2467-82ff-4218-9286-00496f227c66-150x150.jpg\" alt=\"\" width=\"150\" height=\"150\" \/><\/a> LAMON<\/strong> Tornano le fiamme a Lamon dove l&#8217;incendio si \u00e8 di nuovo alimentato. Sul posto ANA di Feltre, Canadair ed elicottero per spegnere le fiamme.<\/p>\n<p><strong>19:08<\/strong> il canadair ha lasciato l&#8217;area delle operazioni dopo vari lanci con schiumogeno. Ancora in corso i lanci con elicottero.<\/p>\n\n\t\t\t<style type='text\/css'>\n\t\t\t\t#gallery-4 {\n\t\t\t\t\tmargin: auto;\n\t\t\t\t}\n\t\t\t\t#gallery-4 .gallery-item {\n\t\t\t\t\tfloat: left;\n\t\t\t\t\tmargin-top: 10px;\n\t\t\t\t\ttext-align: center;\n\t\t\t\t\twidth: 20%;\n\t\t\t\t}\n\t\t\t\t#gallery-4 img {\n\t\t\t\t\tborder: 2px solid #cfcfcf;\n\t\t\t\t}\n\t\t\t\t#gallery-4 .gallery-caption {\n\t\t\t\t\tmargin-left: 0;\n\t\t\t\t}\n\t\t\t\t\/* see gallery_shortcode() in wp-includes\/media.php *\/\n\t\t\t<\/style>\n\t\t<div id='gallery-4' class='dt-gallery-container gallery galleryid-288757 gallery-columns-5 gallery-size-thumbnail'><dl class='gallery-item'>\n\t\t\t\t<dt class='gallery-icon portrait'>\n\t\t\t\t\t<a class=\"rollover rollover-zoom dt-pswp-item\" title=\"cf882cfb-2df0-4679-9874-63df6225227e\" data-dt-img-description=\"\" data-large_image_width=\"756\" data-large_image_height=\"1600\"href='https:\/\/www.radiopiu.net\/wordpress\/wp-content\/uploads\/2022\/07\/cf882cfb-2df0-4679-9874-63df6225227e.jpg'><img loading=\"lazy\" decoding=\"async\" width=\"150\" height=\"150\" src=\"https:\/\/www.radiopiu.net\/wordpress\/wp-content\/uploads\/2022\/07\/cf882cfb-2df0-4679-9874-63df6225227e-150x150.jpg\" class=\"attachment-thumbnail size-thumbnail\" alt=\"\" \/><\/a>\n\t\t\t\t<\/dt><\/dl><dl class='gallery-item'>\n\t\t\t\t<dt class='gallery-icon landscape'>\n\t\t\t\t\t<a class=\"rollover rollover-zoom dt-pswp-item\" title=\"c8b11203-9b69-4d7c-9389-2f7ff2847556\" data-dt-img-description=\"\" data-large_image_width=\"1600\" data-large_image_height=\"1197\"href='https:\/\/www.radiopiu.net\/wordpress\/wp-content\/uploads\/2022\/07\/c8b11203-9b69-4d7c-9389-2f7ff2847556.jpg'><img loading=\"lazy\" decoding=\"async\" width=\"150\" height=\"150\" src=\"https:\/\/www.radiopiu.net\/wordpress\/wp-content\/uploads\/2022\/07\/c8b11203-9b69-4d7c-9389-2f7ff2847556-150x150.jpg\" class=\"attachment-thumbnail size-thumbnail\" alt=\"\" \/><\/a>\n\t\t\t\t<\/dt><\/dl><dl class='gallery-item'>\n\t\t\t\t<dt class='gallery-icon landscape'>\n\t\t\t\t\t<a class=\"rollover rollover-zoom dt-pswp-item\" title=\"42362409-74cf-4c73-9fa6-2ba9ec006a67\" data-dt-img-description=\"\" data-large_image_width=\"1600\" data-large_image_height=\"1197\"href='https:\/\/www.radiopiu.net\/wordpress\/wp-content\/uploads\/2022\/07\/42362409-74cf-4c73-9fa6-2ba9ec006a67.jpg'><img loading=\"lazy\" decoding=\"async\" width=\"150\" height=\"150\" src=\"https:\/\/www.radiopiu.net\/wordpress\/wp-content\/uploads\/2022\/07\/42362409-74cf-4c73-9fa6-2ba9ec006a67-150x150.jpg\" class=\"attachment-thumbnail size-thumbnail\" alt=\"\" \/><\/a>\n\t\t\t\t<\/dt><\/dl><dl class='gallery-item'>\n\t\t\t\t<dt class='gallery-icon landscape'>\n\t\t\t\t\t<a class=\"rollover rollover-zoom dt-pswp-item\" title=\"eec3671c-bacd-4b56-8d67-823f3d636076\" data-dt-img-description=\"\" data-large_image_width=\"1600\" data-large_image_height=\"1200\"href='https:\/\/www.radiopiu.net\/wordpress\/wp-content\/uploads\/2022\/07\/eec3671c-bacd-4b56-8d67-823f3d636076.jpg'><img loading=\"lazy\" decoding=\"async\" width=\"150\" height=\"150\" src=\"https:\/\/www.radiopiu.net\/wordpress\/wp-content\/uploads\/2022\/07\/eec3671c-bacd-4b56-8d67-823f3d636076-150x150.jpg\" class=\"attachment-thumbnail size-thumbnail\" alt=\"\" \/><\/a>\n\t\t\t\t<\/dt><\/dl><dl class='gallery-item'>\n\t\t\t\t<dt class='gallery-icon landscape'>\n\t\t\t\t\t<a class=\"rollover rollover-zoom dt-pswp-item\" title=\"5c978f24-9343-426d-8c2a-d9dc6fc7bc24\" data-dt-img-description=\"\" data-large_image_width=\"2048\" data-large_image_height=\"1536\"href='https:\/\/www.radiopiu.net\/wordpress\/wp-content\/uploads\/2022\/07\/5c978f24-9343-426d-8c2a-d9dc6fc7bc24.jpg'><img loading=\"lazy\" decoding=\"async\" width=\"150\" height=\"150\" src=\"https:\/\/www.radiopiu.net\/wordpress\/wp-content\/uploads\/2022\/07\/5c978f24-9343-426d-8c2a-d9dc6fc7bc24-150x150.jpg\" class=\"attachment-thumbnail size-thumbnail\" alt=\"\" \/><\/a>\n\t\t\t\t<\/dt><\/dl><br style=\"clear: both\" \/>\n\t\t\t<\/div>\n\n<p>&nbsp;<\/p>\n<p><strong>VENEZIA <\/strong>\u201cContinua a preoccupare la situazione degli incendi in Veneto. Anche oggi si \u00e8 riproposta una giornata complessa, con il nostro personale e i nostri magnifici Volontari Antincendio Boschivo che sono intervenuti a Lamon, Fumane e Bibione. Li Ringrazio insieme a tutti coloro che sono impegnati nella stessa opera; stanno dando una grande prova di professionalit\u00e0 e abnegazione. Il caldo torrido sembra non dare ancora tregua; ho il ragionevole timore che la battaglia possa essere ancora lunga. In questo quadro \u00e8 fondamentale l\u2019aiuto di tutti. Rivolgo un appello alla massima responsabilit\u00e0 da parte di tutti i cittadini\u201d. Sono parole del Presidente della Regione del Veneto, Luca Zaia, che sta seguendo costantemente e con attenzione lo sviluppo delle operazioni di contrasto di alcuni incendi che, oggi, hanno richiesto ancora l\u2019opera dei servizi ABI in alcuni territori. Il fronte odierno pi\u00f9 preoccupante e impegnativo \u00e8 quello di Lamon (BL) dove, nella zona del Sass Falares, le fiamme sono ancora attive in un\u2019area caratterizzata dagli schianti della tempesta Vaia. Numerosi sono stati fino ad ora gli interventi dal cielo per estinguere il fuoco con il Canadair e con l\u2019elicottero della Regione.<\/p>\n<p>&nbsp;<\/p>\n<hr \/>\n<p>&nbsp;<\/p>\n<blockquote>\n<h3>VOLA PER UN PAIO DI METRI AL RIENTRO DI UNA VIA<\/h3>\n<\/blockquote>\n<p><strong><a class=\"dt-pswp-item\" href=\"https:\/\/www.radiopiu.net\/wordpress\/wp-content\/uploads\/2022\/04\/soccorso-alpino-1024x602-1.jpg\" data-dt-img-description=\"\" data-large_image_width=\"1024\" data-large_image_height=\"602\"><img loading=\"lazy\" decoding=\"async\" class=\" wp-image-270917 alignleft\" src=\"https:\/\/www.radiopiu.net\/wordpress\/wp-content\/uploads\/2022\/04\/soccorso-alpino-1024x602-1-150x150.jpg\" alt=\"\" width=\"105\" height=\"105\" \/><\/a>CORTINA<\/strong> Poco prima delle 13 di sabato la Centrale del Suem ha allertato il Soccorso alpino di Cortina per un alpinista che si era fatto male al rientro da una via nella zona del Falzarego. Al termine delle doppie infatti K.P., 25 anni, di San Martino in Badia, era caduto per un paio di metri, finendo sul ghiaione sottostante, con conseguenti escoriazioni sul volto e un possibile trauma al polso. Il ragazzo \u00e8 riuscito a raggiungere i prati degli Ospedaletti della Prima Guerra mondiale, dove \u00e8 stato raggiunto in jeep da una squadra del Soccorso alpino della Guardia di finanza che, dopo avergli prestato prima assistenza, lo ha caricato a bordo e trasportato fino all&#8217;ambulanza.<\/p>\n<p>&nbsp;<\/p>\n<blockquote>\n<h3>CADE E SBATTE LA TESTA NELLA ZONA DEL BRENT DE L&#8217;ART<\/h3>\n<\/blockquote>\n<p><strong><a class=\"dt-pswp-item\" href=\"https:\/\/www.radiopiu.net\/wordpress\/wp-content\/uploads\/2022\/07\/salt_20220723_154203_270.jpg\" data-dt-img-description=\"\" data-large_image_width=\"1773\" data-large_image_height=\"2364\"><img loading=\"lazy\" decoding=\"async\" class=\" wp-image-288822 alignleft\" src=\"https:\/\/www.radiopiu.net\/wordpress\/wp-content\/uploads\/2022\/07\/salt_20220723_154203_270-150x150.jpg\" alt=\"\" width=\"96\" height=\"96\" \/><\/a>TRICHIANA<\/strong> Sabato alle 13 il Soccorso alpino di Belluno \u00e8 stato attivato, per un escursionista infortunatosi mentre camminava nella zona del Brent de l&#8217;Art. Il 71enne milanese, che stava camminando assieme ad altre persone lungo il torrente, era infatti caduto da un&#8217;altezza di due metri, finendo nell&#8217;alveo e riportando una ferita alla testa. Raggiunto da 8 soccorritori che lo hanno subito medicato, immobilizzandolo con i dovuti presidi sanitari, l&#8217;uomo \u00e8 stato caricato in barella e trasportato sul sentiero e da l\u00ec al rendez vous con l&#8217;ambulanza, partita in direzione dell&#8217;ospedale di Feltre.<\/p>\n<p>&nbsp;<\/p>\n<blockquote>\n<h3>SI INFORTUNA AD UN POLSO SUL LAGO DI CENGIA<\/h3>\n<\/blockquote>\n<p><strong>AURONZO DI CADORE<\/strong> Verso le 15 di sabato la Centrale del Suem ha attivato la pattuglia del Soccorso alpino della Guardia di finanza di Auronzo, di servizio alle Tre Cime di Lavaredo, per un&#8217;escursionista che si era fatta male a un polso nella zona del Lago di Cengia, verso Pian di Cengia. I soccorritori hanno raggiunto la 58enne di Udine, che si trovava assieme al marito, e le hanno prestato prima assistenza immobilizzandole il braccio, per poi accompagnarla alla macchina. La coppia si \u00e8 poi allontanata autonomamente.<\/p>\n<p>&nbsp;<\/p>\n<blockquote>\n<h3>COLTA DA CRISI DI PANICO SULLA TOFANA<\/h3>\n<\/blockquote>\n<p><strong>CORTINA\u00a0<\/strong>Attorno alle 13 il Soccorso alpino di Cortina \u00e8 stato allertato per una turista 59enne di Imola (BO), bloccata da una crisi di panico lungo il Sentiero dei camosci, che stava percorrendo con il marito. Raggiunta da una squadra scesa dall&#8217;alto, la donna, che si trovava quasi in cima al Canalone, \u00e8 stata accompagnata nella parte finale della salita fino al Rifugio Duca d&#8217;Aosta, dove arriva la seggiovia.<\/p>\n<p>&nbsp;<\/p>\n<blockquote>\n<h3>SCIVOLA SUL SENTIERO CHE PORTA A CASERA DI MEZZODI&#8217;<\/h3>\n<\/blockquote>\n<p><strong><a class=\"dt-pswp-item\" href=\"https:\/\/www.radiopiu.net\/wordpress\/wp-content\/uploads\/2022\/07\/SALT.png\" data-dt-img-description=\"\" data-large_image_width=\"1432\" data-large_image_height=\"908\"><img loading=\"lazy\" decoding=\"async\" class=\" wp-image-284853 alignleft\" src=\"https:\/\/www.radiopiu.net\/wordpress\/wp-content\/uploads\/2022\/07\/SALT-150x150.png\" alt=\"\" width=\"117\" height=\"117\" \/><\/a>VAL DI ZOLDO<\/strong> Ieri verso le 11.20 il 118 \u00e8 stato allertato a seguito dell&#8217;infortunio di una escursionista, che stava percorrendo il sentiero numero 534 che da Casera di Mezzod\u00ec porta a Forno di Zoldo. T.M., 40 anni, di Dueville (VI), che aveva riportato un sospetto trauma alla caviglia, \u00e8 stata raggiunta dal personale medico e dal tecnico di elisoccorso dell&#8217;elicottero di Dolomiti Emergency, atterrato in una radura a una cinquantina di metri di distanza. Prestate le prime cure, la donna \u00e8 stata accompagnata fino all&#8217;eliambulanza, imbarcata e trasportata a Fiames, dove attendeva l&#8217;ambulanza diretta all&#8217;ospedale di Cortina.<\/p>\n<p>&nbsp;<\/p>\n<blockquote>\n<h3>INFORTUNIO AL GINOCCHIO SOPRA IL RIFUGIO BAI DE DONES<\/h3>\n<\/blockquote>\n<p><strong>CORTINA\u00a0 <\/strong>Poco prima delle 16 la Centrale del 118 \u00e8 stata contattata per un escursionista scivolato 200 metri sopra il Rifugio Bai de Dones. Il 65enne di Merano (BZ), che si trovava con un&#8217;altra persona, aveva riportato una sospetta distorsione al ginocchio e non era pi\u00f9 in grado di proseguire, \u00e8 stato raggiunto con il fuoristrada da una squadra del Soccorso alpino di Cortina. Accompagnato fino al parcheggio, l&#8217;uomo si \u00e8 allontanato con i propri mezzi.<\/p>\n<p>&nbsp;<\/p>\n<blockquote>\n<h3>IN QUATTRO IN UN TRATTO FRANOSO SULLO SPIZ DI MEZZODI&#8217;<\/h3>\n<\/blockquote>\n<p><strong>PIEVE DI CADORE <\/strong>Verso le 17 l&#8217;elicottero del Suem di Pieve di Cadore \u00e8 decollato in direzione dello Spiz di Mezzod\u00ec, per 4 escursionisti e il loro cane incappati in un tratto franoso che impediva loro di proseguire in un punto particolarmente ripido. I 4, due ragazzi trentenni di Pordenone e due coetanee di Noventa Padovana e Padova, erano partiti dal Rifugio Angelini, procedendo lungo il sentiero numero 533, ma, dopo avere valicato Forcella La Porta, in discesa erano rimasti incrodati, una ragazza colpita anche da un sasso. Non riuscendo a geolocalizzarli con precisione, dalla descrizione del luogo e da coordinate approssimative, dopo una ricognizione l&#8217;equipaggio \u00e8 riuscito a individuarli a circa 2.100 metri di quota. Calato con un verricello di 25 metri, il tecnico di elisoccorso li ha recuperati uno alla volta. Arrivato il turno del cane, il cucciolo \u00e8 stato caricato dal soccorritore nello zaino e fatto salire assieme alla padrona. I 4 sono stati trasportati in piazzola in Val di Zoldo.<\/p>\n<p>&nbsp;<\/p>\n<blockquote>\n<h3>ESCURSIONISTI IN DIFFICOLTA&#8217; SULLA FERRATA ALLEGHESI<\/h3>\n<\/blockquote>\n<p><strong><a class=\"dt-pswp-item\" href=\"https:\/\/www.radiopiu.net\/wordpress\/wp-content\/uploads\/2021\/08\/salt_20210824_122827_438.jpg\" data-dt-img-description=\"\" data-large_image_width=\"2364\" data-large_image_height=\"1773\"><img loading=\"lazy\" decoding=\"async\" class=\"size-thumbnail wp-image-229324 alignleft\" src=\"https:\/\/www.radiopiu.net\/wordpress\/wp-content\/uploads\/2021\/08\/salt_20210824_122827_438-150x150.jpg\" alt=\"\" width=\"150\" height=\"150\" \/><\/a>VAL DI ZOLDO<\/strong> Nel pomeriggio il Suem riceveva l&#8217;allerta da GeoResQ per due persone in difficolt\u00e0 sulla Ferrata degli Alleghesi e la chiamata dai due escursionisti stessi che avevano lanciato l&#8217;allarme. Dalla descrizione fatta al telefono, la coppia, una 41enne di Merano (BZ) e un 35 di San Martino Buon Albergo (VR), in forte agitazione diceva di trovarsi tra la cima del Civetta e il Rifugio Torrani, mentre le coordinate la davano sotto Punta Tissi e la nebbia non permetteva la ricognizione dell&#8217;elicottero di Dolomiti Emergency portatosi in quota. Dopo aver chiesto di andare a controllare il percorso della via normale al gestore del Torrani, l&#8217;elicottero \u00e8 riuscito a sbarcaro sotto il Rifugio il tecnico di elisoccorso. Veniva inoltre fatta preparare una squadra del Soccorso alpino della Val di Zoldo in caso non si fosse riusciti a portare a termine l&#8217;intervento. Giunto nel tratto di ferrata senza cavo sotto Punta Tissi, proseguendo dopo essere arrivato alla cima e non averli trovati, il gestore del Torrani ha finalmente individuato i due. Non appena si \u00e8 aperto un varco, l&#8217;eliambulanza ha preso a bordo in hovering il tecnico di elisoccorso, ha raggiunto la coppia e l&#8217;ha imbarcata sempre in hovering, per poi lasciarla a valle.<\/p>\n<p>&nbsp;<\/p>\n<p>&nbsp;<\/p>\n<hr \/>\n<p>&nbsp;<\/p>\n<blockquote>\n<h3>INCENDI BOSCHIVI, LA REGIONE ESTENDE LO STATO DI GRAVE PERICOLOSIT\u00c0 ANCHE ALLA MONTAGNA BELLUNESE<\/h3>\n<\/blockquote>\n<p><strong><a class=\"dt-pswp-item\" href=\"https:\/\/www.radiopiu.net\/wordpress\/wp-content\/uploads\/2018\/10\/INCENDIO-FIAMME.jpg\" data-dt-img-description=\"\" data-large_image_width=\"1600\" data-large_image_height=\"900\"><img loading=\"lazy\" decoding=\"async\" class=\"size-thumbnail wp-image-65188 alignleft\" src=\"https:\/\/www.radiopiu.net\/wordpress\/wp-content\/uploads\/2018\/10\/INCENDIO-FIAMME-150x150.jpg\" alt=\"\" width=\"150\" height=\"150\" \/><\/a>BELLUNO<\/strong> \u00ab<em>Stiamo vivendo un periodo siccitoso di lunga durata, che coinvolge in maniera insolita anche le nostre montagne. Il rischio di incendi \u00e8 elevato e invito tutti &#8211; residenti e turisti &#8211; a usare la massima attenzione per evitare il pericolo di inneschi<\/em>\u00bb. \u00c8 quanto afferma il consigliere provinciale delegato alla Protezione Civile Mattia Gosetti, a seguito dell\u2019estensione dello stato di grave pericolosit\u00e0 per gli incendi boschivi emesso dalla Regione Veneto, assessorato all\u2019ambiente. Lo stato di grave pericolosit\u00e0 per incendi era stato dichiarato all\u2019inizio dell\u2019estate solamente per le province di Padova, Rovigo, Treviso, Venezia, Verona e l\u2019area di base non montana di Vicenza. Tuttavia, viste le condizioni meteo delle ultime settimane, con la siccit\u00e0 che sta rendendo particolarmente secchi anche i boschi montani, \u00e8 arrivata l\u2019estensione a tutti i Comuni bellunesi. \u00ab<em>Dobbiamo adottare le misure pi\u00f9 idonee per la prevenzione, consapevoli che con le condizioni meteo climatiche di queste settimane basta davvero poco per scatenare incendi di vasta portata, con conseguenze e danni incalcolabili\u00bb sottolinea il consigliere Gosetti. \u00abUomini e mezzi dell\u2019Antincendio boschivo della Regione sono sempre operativi, e a loro va il nostro ringraziamento. Ma bisogna evitare di costringerli a un lavoro supplementare e bisogna evitare di sprecare l&#8217;acqua. Le nostre montagne stanno soffrendo il caldo: facciamo in modo che non debbano soffrire anche gli incendi<\/em>\u00bb.<\/p>\n<p>&nbsp;<\/p>\n<p>&nbsp;<\/p>\n<hr \/>\n<p>&nbsp;<\/p>\n<blockquote class=\"wp-embedded-content\" data-secret=\"7UomMRJjd0\"><p><a href=\"https:\/\/www.radiopiu.net\/wordpress\/aggnazionaleluglio24\/\">CORONAVIRUS: AGGIORNAMENTO NAZIONALE 24 LUGLIO 2022<\/a><\/p><\/blockquote>\n<p><iframe loading=\"lazy\" class=\"wp-embedded-content\" sandbox=\"allow-scripts\" security=\"restricted\" style=\"position: absolute; clip: rect(1px, 1px, 1px, 1px);\" title=\"&#8220;CORONAVIRUS: AGGIORNAMENTO NAZIONALE 24 LUGLIO 2022&#8221; &#8212; Radio Pi\u00f9\" src=\"https:\/\/www.radiopiu.net\/wordpress\/aggnazionaleluglio24\/embed\/#?secret=XYATibhrbG#?secret=7UomMRJjd0\" data-secret=\"7UomMRJjd0\" width=\"600\" height=\"338\" frameborder=\"0\" marginwidth=\"0\" marginheight=\"0\" scrolling=\"no\"><\/iframe><\/p>\n<p>&nbsp;<\/p>\n<blockquote class=\"wp-embedded-content\" data-secret=\"b46FrUcw6x\"><p><a href=\"https:\/\/www.radiopiu.net\/wordpress\/aggazzeroluglio24\/\">SUEPRATI I 15 MILA DECESSI IN VENETO, 5265 NUOVI POSITIVI IN 24 ORE<\/a><\/p><\/blockquote>\n<p><iframe loading=\"lazy\" class=\"wp-embedded-content\" sandbox=\"allow-scripts\" security=\"restricted\" style=\"position: absolute; clip: rect(1px, 1px, 1px, 1px);\" title=\"&#8220;SUEPRATI I 15 MILA DECESSI IN VENETO, 5265 NUOVI POSITIVI IN 24 ORE&#8221; &#8212; Radio Pi\u00f9\" src=\"https:\/\/www.radiopiu.net\/wordpress\/aggazzeroluglio24\/embed\/#?secret=xZNJgOOrtd#?secret=b46FrUcw6x\" data-secret=\"b46FrUcw6x\" width=\"600\" height=\"338\" frameborder=\"0\" marginwidth=\"0\" marginheight=\"0\" scrolling=\"no\"><\/iframe><\/p>\n<p>&nbsp;<\/p>\n<h2>I GRAFICI DI TIZIANO DE COL<\/h2>\n\n\t\t\t<style type='text\/css'>\n\t\t\t\t#gallery-5 {\n\t\t\t\t\tmargin: auto;\n\t\t\t\t}\n\t\t\t\t#gallery-5 .gallery-item {\n\t\t\t\t\tfloat: left;\n\t\t\t\t\tmargin-top: 10px;\n\t\t\t\t\ttext-align: center;\n\t\t\t\t\twidth: 33%;\n\t\t\t\t}\n\t\t\t\t#gallery-5 img {\n\t\t\t\t\tborder: 2px solid #cfcfcf;\n\t\t\t\t}\n\t\t\t\t#gallery-5 .gallery-caption {\n\t\t\t\t\tmargin-left: 0;\n\t\t\t\t}\n\t\t\t\t\/* see gallery_shortcode() in wp-includes\/media.php *\/\n\t\t\t<\/style>\n\t\t<div id='gallery-5' class='dt-gallery-container gallery galleryid-288757 gallery-columns-3 gallery-size-thumbnail'><dl class='gallery-item'>\n\t\t\t\t<dt class='gallery-icon landscape'>\n\t\t\t\t\t<a class=\"rollover rollover-zoom dt-pswp-item\" title=\"4573c9f0-0cfb-41ce-a235-3467b5933b3f\" data-dt-img-description=\"\" data-large_image_width=\"606\" data-large_image_height=\"362\"href='https:\/\/www.radiopiu.net\/wordpress\/wp-content\/uploads\/2022\/07\/4573c9f0-0cfb-41ce-a235-3467b5933b3f.jpg'><img loading=\"lazy\" decoding=\"async\" width=\"150\" height=\"150\" src=\"https:\/\/www.radiopiu.net\/wordpress\/wp-content\/uploads\/2022\/07\/4573c9f0-0cfb-41ce-a235-3467b5933b3f-150x150.jpg\" class=\"attachment-thumbnail size-thumbnail\" alt=\"\" \/><\/a>\n\t\t\t\t<\/dt><\/dl><dl class='gallery-item'>\n\t\t\t\t<dt class='gallery-icon landscape'>\n\t\t\t\t\t<a class=\"rollover rollover-zoom dt-pswp-item\" title=\"746cbf5b-feef-4acd-bac6-a5e5d7937d9f\" data-dt-img-description=\"\" data-large_image_width=\"600\" data-large_image_height=\"354\"href='https:\/\/www.radiopiu.net\/wordpress\/wp-content\/uploads\/2022\/07\/746cbf5b-feef-4acd-bac6-a5e5d7937d9f.jpg'><img loading=\"lazy\" decoding=\"async\" width=\"150\" height=\"150\" src=\"https:\/\/www.radiopiu.net\/wordpress\/wp-content\/uploads\/2022\/07\/746cbf5b-feef-4acd-bac6-a5e5d7937d9f-150x150.jpg\" class=\"attachment-thumbnail size-thumbnail\" alt=\"\" \/><\/a>\n\t\t\t\t<\/dt><\/dl><dl class='gallery-item'>\n\t\t\t\t<dt class='gallery-icon landscape'>\n\t\t\t\t\t<a class=\"rollover rollover-zoom dt-pswp-item\" title=\"a0eb42e5-37e7-4dea-93be-d1519545425f\" data-dt-img-description=\"\" data-large_image_width=\"608\" data-large_image_height=\"359\"href='https:\/\/www.radiopiu.net\/wordpress\/wp-content\/uploads\/2022\/07\/a0eb42e5-37e7-4dea-93be-d1519545425f.jpg'><img loading=\"lazy\" decoding=\"async\" width=\"150\" height=\"150\" src=\"https:\/\/www.radiopiu.net\/wordpress\/wp-content\/uploads\/2022\/07\/a0eb42e5-37e7-4dea-93be-d1519545425f-150x150.jpg\" class=\"attachment-thumbnail size-thumbnail\" alt=\"\" \/><\/a>\n\t\t\t\t<\/dt><\/dl><br style=\"clear: both\" \/><dl class='gallery-item'>\n\t\t\t\t<dt class='gallery-icon landscape'>\n\t\t\t\t\t<a class=\"rollover rollover-zoom dt-pswp-item\" title=\"b74cc0fd-d9f1-4ec1-8d53-56a95cbd9d8e\" data-dt-img-description=\"\" data-large_image_width=\"608\" data-large_image_height=\"373\"href='https:\/\/www.radiopiu.net\/wordpress\/wp-content\/uploads\/2022\/07\/b74cc0fd-d9f1-4ec1-8d53-56a95cbd9d8e.jpg'><img loading=\"lazy\" decoding=\"async\" width=\"150\" height=\"150\" src=\"https:\/\/www.radiopiu.net\/wordpress\/wp-content\/uploads\/2022\/07\/b74cc0fd-d9f1-4ec1-8d53-56a95cbd9d8e-150x150.jpg\" class=\"attachment-thumbnail size-thumbnail\" alt=\"\" \/><\/a>\n\t\t\t\t<\/dt><\/dl><dl class='gallery-item'>\n\t\t\t\t<dt class='gallery-icon landscape'>\n\t\t\t\t\t<a class=\"rollover rollover-zoom dt-pswp-item\" title=\"d41382a5-f0ec-410a-9a83-3782010b6d8e\" data-dt-img-description=\"\" data-large_image_width=\"600\" data-large_image_height=\"356\"href='https:\/\/www.radiopiu.net\/wordpress\/wp-content\/uploads\/2022\/07\/d41382a5-f0ec-410a-9a83-3782010b6d8e.jpg'><img loading=\"lazy\" decoding=\"async\" width=\"150\" height=\"150\" src=\"https:\/\/www.radiopiu.net\/wordpress\/wp-content\/uploads\/2022\/07\/d41382a5-f0ec-410a-9a83-3782010b6d8e-150x150.jpg\" class=\"attachment-thumbnail size-thumbnail\" alt=\"\" \/><\/a>\n\t\t\t\t<\/dt><\/dl><dl class='gallery-item'>\n\t\t\t\t<dt class='gallery-icon landscape'>\n\t\t\t\t\t<a class=\"rollover rollover-zoom dt-pswp-item\" title=\"f70a64c3-c78b-453e-b63b-7e8e89172ec5\" data-dt-img-description=\"\" data-large_image_width=\"604\" data-large_image_height=\"353\"href='https:\/\/www.radiopiu.net\/wordpress\/wp-content\/uploads\/2022\/07\/f70a64c3-c78b-453e-b63b-7e8e89172ec5.jpg'><img loading=\"lazy\" decoding=\"async\" width=\"150\" height=\"150\" src=\"https:\/\/www.radiopiu.net\/wordpress\/wp-content\/uploads\/2022\/07\/f70a64c3-c78b-453e-b63b-7e8e89172ec5-150x150.jpg\" class=\"attachment-thumbnail size-thumbnail\" alt=\"\" \/><\/a>\n\t\t\t\t<\/dt><\/dl><br style=\"clear: both\" \/>\n\t\t\t<\/div>\n\n<p>&nbsp;<\/p>\n<hr \/>\n<p>&nbsp;<\/p>\n<blockquote>\n<h3>SICCITA&#8217;: BOND CHIEDE DI RECUPERARE LE SOGENTI ABBANDONATE<\/h3>\n<\/blockquote>\n<p><strong><a class=\"dt-pswp-item\" href=\"https:\/\/www.radiopiu.net\/wordpress\/wp-content\/uploads\/2020\/05\/Dario-Bond.jpg\" data-dt-img-description=\"\" data-large_image_width=\"165\" data-large_image_height=\"228\"><img loading=\"lazy\" decoding=\"async\" class=\"size-thumbnail wp-image-138833 alignleft\" src=\"https:\/\/www.radiopiu.net\/wordpress\/wp-content\/uploads\/2020\/05\/Dario-Bond-150x150.jpg\" alt=\"\" width=\"150\" height=\"150\" \/><\/a>ROMA <\/strong>\u201c<em>In montagna ci sono diverse sorgenti che non afferiscono alla rete idrica. Fonti d\u2019acqua secondarie che negli anni sono state abbandonate. Ora vanno recuperate al pi\u00f9 presto, la siccit\u00e0 non \u00e8 fenomeno estemporaneo e passeggero<\/em>\u201d. \u00c8 quanto afferma il deputato Dario Bond, in merito alla emergenza idrica che sta colpendo tutto il Nord Italia e in maniera anomala anche la montagna veneta. \u201c<em>In condizioni come quelle che stiamo vedendo, serve prima di tutto individuare e riparare le perdite della rete idrica. E poi un piano di recupero delle sorgenti che non caricano gli acquedotti. Ce ne sono diverse nelle aree montane, anche nel Bellunese. Piccole sorgenti che un tempo alimentavano vecchie fontane a servizio del bestiame e che con l\u2019abbandono della pastorizia sono state lasciate seccare. Oggi non \u00e8 possibile lasciar morire quelle sorgenti, che possono avere un valore enorme per l\u2019agricoltura e la zootecnia, ma anche per le funzioni di antincendio<\/em>.&#8221;<\/p>\n<p>&nbsp;<\/p>\n<p>&nbsp;<\/p>\n<hr \/>\n<p>&nbsp;<\/p>\n<blockquote>\n<h3>LA GIORNATA MONDIALE DELL&#8217;ANZIANO. BOND: &#8220;NONNI FONDAMENTALI NEL SISTEMA FAMIGLIA&#8221;<\/h3>\n<\/blockquote>\n<p><strong><a class=\"dt-pswp-item\" href=\"https:\/\/www.radiopiu.net\/wordpress\/wp-content\/uploads\/2019\/01\/anziani.jpg\" data-dt-img-description=\"\" data-large_image_width=\"1280\" data-large_image_height=\"868\"><img loading=\"lazy\" decoding=\"async\" class=\"size-thumbnail wp-image-71084 alignleft\" src=\"https:\/\/www.radiopiu.net\/wordpress\/wp-content\/uploads\/2019\/01\/anziani-150x150.jpg\" alt=\"\" width=\"150\" height=\"150\" \/><\/a>ROMA\u00a0<\/strong>\u201cPromuovere l\u2019invecchiamento attivo e politiche per l\u2019assistenza domiciliare delle persone anziane deve essere una delle priorit\u00e0 da portare avanti a livello nazionale. L\u2019Italia diventi promotrice di una convenzione internazionale sui diritti delle persone anziane\u201d. Lo afferma il deputato Dario Bond, nella Giornata mondiale dei nonni e degli anziani. \u201cNel sistema famiglia del nostro Paese, da sempre, i nonni sono fondamentali. Svolgono un ruolo di educazione senza eguali per i nipoti, assicurando anche un sostegno economico e sociale. In pi\u00f9, costituiscono un patrimonio di cultura, storia e conoscenza che \u00e8 giusto valorizzare adeguatamente. Per questo \u00e8 importante pensare a politiche per l\u2019invecchiamento che consentano di promuovere la domiciliarit\u00e0 per le persone ancora autosufficienti: durante la pandemia Covid abbiamo visto quanto hanno sofferto gli anziani, specialmente per l\u2019isolamento e la mancanza degli affetti, mentre gli anziani che vivono in famiglia hanno superato sicuramente meglio il lockdown. E poi \u00e8 necessario promuovere anche quel sistema di welfare che si prende cura degli anziani quando non sono pi\u00f9 autosufficienti, per far s\u00ec che non si sentano soli e abbandonati; tra l\u2019altro, siamo tra i Paesi europei con il pi\u00f9 alto tasso d\u2019invecchiamento. Per questo credo che tra le mosse del prossimo Parlamento debba avere la priorit\u00e0 una convenzione internazionale sui diritti delle persone anziane: partiamo dalla tradizione del nostro Paese per costruire un modello\u201d.<\/p>\n<p>&nbsp;<\/p>\n<p>&nbsp;<\/p>\n<hr \/>\n<p>&nbsp;<\/p>\n<blockquote>\n<h3>INAUGURATI I NUOVI CAMPI DA TENNIS A NUOVA ERTO<\/h3>\n<\/blockquote>\n<p><strong>PONTE NELLE ALPI <\/strong>Taglio del nastro per i nuovi campi da tennis in sintetico. Molti cittadini e appassionati hanno partecipato alla cerimonia d\u2019inaugurazione, all\u2019interno dell\u2019area sportiva di Nuova Erto, a Ponte nelle Alpi.<span class=\"gmail-Apple-converted-space\"> \u00a0<\/span>Un\u2019opera fortemente voluta dal Circolo Tennis Polpet e sostenuta dall\u2019amministrazione comunale con un finanziamento di 40mila euro: \u00abGrazie alla realizzazione di questi nuovi campi &#8211; ha affermato il presidente Davide Bortot &#8211; la comunit\u00e0 acquista una struttura idonea e adatta a praticare il gioco del tennis in modo decoroso, professionale e stimolante\u00bb. Il Circolo di Polpet \u00e8 stato fondato nel 1988: affiliato alla Federazione Italiana Tennis, permette a tanti appassionati di praticare l\u2019attivit\u00e0 durante tutto l\u2019anno e coinvolge molti giovani, facendo leva su maestri preparati e sul Campus estivo.<span class=\"gmail-Apple-converted-space\">\u00a0<\/span><\/p>\n\n\t\t\t<style type='text\/css'>\n\t\t\t\t#gallery-6 {\n\t\t\t\t\tmargin: auto;\n\t\t\t\t}\n\t\t\t\t#gallery-6 .gallery-item {\n\t\t\t\t\tfloat: left;\n\t\t\t\t\tmargin-top: 10px;\n\t\t\t\t\ttext-align: center;\n\t\t\t\t\twidth: 50%;\n\t\t\t\t}\n\t\t\t\t#gallery-6 img {\n\t\t\t\t\tborder: 2px solid #cfcfcf;\n\t\t\t\t}\n\t\t\t\t#gallery-6 .gallery-caption {\n\t\t\t\t\tmargin-left: 0;\n\t\t\t\t}\n\t\t\t\t\/* see gallery_shortcode() in wp-includes\/media.php *\/\n\t\t\t<\/style>\n\t\t<div id='gallery-6' class='dt-gallery-container gallery galleryid-288757 gallery-columns-2 gallery-size-thumbnail'><dl class='gallery-item'>\n\t\t\t\t<dt class='gallery-icon landscape'>\n\t\t\t\t\t<a class=\"rollover rollover-zoom dt-pswp-item\" title=\"Campi_da_tennis_1\" data-dt-img-description=\"\" data-large_image_width=\"1024\" data-large_image_height=\"624\"href='https:\/\/www.radiopiu.net\/wordpress\/wp-content\/uploads\/2022\/07\/Campi_da_tennis_1.jpg'><img loading=\"lazy\" decoding=\"async\" width=\"150\" height=\"150\" src=\"https:\/\/www.radiopiu.net\/wordpress\/wp-content\/uploads\/2022\/07\/Campi_da_tennis_1-150x150.jpg\" class=\"attachment-thumbnail size-thumbnail\" alt=\"\" \/><\/a>\n\t\t\t\t<\/dt><\/dl><dl class='gallery-item'>\n\t\t\t\t<dt class='gallery-icon landscape'>\n\t\t\t\t\t<a class=\"rollover rollover-zoom dt-pswp-item\" title=\"Campi_da_tennis_2\" data-dt-img-description=\"\" data-large_image_width=\"1024\" data-large_image_height=\"482\"href='https:\/\/www.radiopiu.net\/wordpress\/wp-content\/uploads\/2022\/07\/Campi_da_tennis_2.jpg'><img loading=\"lazy\" decoding=\"async\" width=\"150\" height=\"150\" src=\"https:\/\/www.radiopiu.net\/wordpress\/wp-content\/uploads\/2022\/07\/Campi_da_tennis_2-150x150.jpg\" class=\"attachment-thumbnail size-thumbnail\" alt=\"\" \/><\/a>\n\t\t\t\t<\/dt><\/dl><br style=\"clear: both\" \/>\n\t\t\t<\/div>\n\n<p>&nbsp;<\/p>\n<p>&nbsp;<\/p>\n<hr \/>\n<p>&nbsp;<\/p>\n<h2><span style=\"color: #ff0000;\"><a class=\"dt-pswp-item\" href=\"https:\/\/www.radiopiu.net\/wordpress\/wp-content\/uploads\/2022\/07\/0-3.png\" data-dt-img-description=\"\" data-large_image_width=\"1605\" data-large_image_height=\"1812\"><img loading=\"lazy\" decoding=\"async\" class=\"size-thumbnail wp-image-289096 alignleft\" src=\"https:\/\/www.radiopiu.net\/wordpress\/wp-content\/uploads\/2022\/07\/0-3-150x150.png\" alt=\"\" width=\"150\" height=\"150\" \/><\/a>DAL CORRIERE DELLE ALPI<\/span><\/h2>\n<h3>ALESSANDRO GRAZIOSI, DALL&#8217;EMILIA A ROCCA PIETORE. IL FABBRO DEL SOCCORSO ALPINO<\/h3>\n<p><strong>ROCCA PIETORE <\/strong>Come ogni lunedi Gianni Santomaso dalle pagine del Corriere delle Alpi racconta una storia, un personaggio, un pezzo di vita dell\u2019Agordino \u201cVivere l\u2019Agordino\u201d una raccolta spaccato di vita agordina con le immancabili vignette di Erica Andrich<\/p>\n<p><strong>di Gianni Santomaso<\/strong><\/p>\n<p>&nbsp;<\/p>\n<p>&nbsp;<\/p>\n<hr \/>\n<p>&nbsp;<\/p>\n<blockquote>\n<h3>QUATTRO PASSI CON I DONATORI A CHIES D\u2019ALPAGO<\/h3>\n<\/blockquote>\n<p><strong>ALPAGO<\/strong> Riprendono le attivit\u00e0 di sezione dell\u2019ABVS &#8211; Associazione Bellunese Volontari del Sangue &#8211; di Chies d\u2019Alpago. Limitate dalla pandemia negli ultimi due anni, finalmente un ritorno alla piacevole normalit\u00e0. \u201cAbbiamo approfittato di questa bellissima giornata per la nostra classica <em>Quattro passi con i donatori<\/em>. Passeggiata che facciamo ogni anno con un itinerario diverso\u201d. A raccontarcelo la Segretaria della sezione Desir\u00e9e Dal Borgo durante l\u2019uscita di domenica 17 luglio. Quest\u2019anno \u00e8 iniziata con al visita, inedita per molti, alla chiesetta dedicata alla Madonna delle Nevi in localit\u00e0 Mont. Da l\u00ec hanno proseguito per San Daniele, un piccolo ristoro in casera, e poi il giro di Caotes. \u201cAbbiamo concluso la nostra passeggiata fra i sentieri e i boschi dell&#8217;Alpago a Malga Cate. Ospiti di Franco e Illari che avevano organizzato la giornata della tosatura\u201d. Ci troviamo nel territorio della Regola del Monte Salatis. Ma \u00e8 il periodo in cui la cooperativa agricola Fardjma si dedica alla raccolta della lana in tutto la Conca dell\u2019Alpago. Conferita da una ventina di soci, hobbisti e professionisti, che portano avanti la tradizione e garantiscono la sopravvivenza della pecora di razza alpagota. Riconosciuta a rischio estinzione fin dal 1992 dall\u2019Europa.<\/p>\n\n\t\t\t<style type='text\/css'>\n\t\t\t\t#gallery-7 {\n\t\t\t\t\tmargin: auto;\n\t\t\t\t}\n\t\t\t\t#gallery-7 .gallery-item {\n\t\t\t\t\tfloat: left;\n\t\t\t\t\tmargin-top: 10px;\n\t\t\t\t\ttext-align: center;\n\t\t\t\t\twidth: 33%;\n\t\t\t\t}\n\t\t\t\t#gallery-7 img {\n\t\t\t\t\tborder: 2px solid #cfcfcf;\n\t\t\t\t}\n\t\t\t\t#gallery-7 .gallery-caption {\n\t\t\t\t\tmargin-left: 0;\n\t\t\t\t}\n\t\t\t\t\/* see gallery_shortcode() in wp-includes\/media.php *\/\n\t\t\t<\/style>\n\t\t<div id='gallery-7' class='dt-gallery-container gallery galleryid-288757 gallery-columns-3 gallery-size-thumbnail'><dl class='gallery-item'>\n\t\t\t\t<dt class='gallery-icon landscape'>\n\t\t\t\t\t<a class=\"rollover rollover-zoom dt-pswp-item\" title=\"Pedicure per le pecore esigenti\" data-dt-img-description=\"\" data-large_image_width=\"1920\" data-large_image_height=\"1080\"href='https:\/\/www.radiopiu.net\/wordpress\/wp-content\/uploads\/2022\/07\/Pedicure-per-le-pecore-esigenti.jpg'><img loading=\"lazy\" decoding=\"async\" width=\"150\" height=\"150\" src=\"https:\/\/www.radiopiu.net\/wordpress\/wp-content\/uploads\/2022\/07\/Pedicure-per-le-pecore-esigenti-150x150.jpg\" class=\"attachment-thumbnail size-thumbnail\" alt=\"\" \/><\/a>\n\t\t\t\t<\/dt><\/dl><dl class='gallery-item'>\n\t\t\t\t<dt class='gallery-icon landscape'>\n\t\t\t\t\t<a class=\"rollover rollover-zoom dt-pswp-item\" title=\"Il complesso Liscio Spritz\" data-dt-img-description=\"\" data-large_image_width=\"1920\" data-large_image_height=\"1440\"href='https:\/\/www.radiopiu.net\/wordpress\/wp-content\/uploads\/2022\/07\/Il-complesso-Liscio-Spritz.jpg'><img loading=\"lazy\" decoding=\"async\" width=\"150\" height=\"150\" src=\"https:\/\/www.radiopiu.net\/wordpress\/wp-content\/uploads\/2022\/07\/Il-complesso-Liscio-Spritz-150x150.jpg\" class=\"attachment-thumbnail size-thumbnail\" alt=\"\" \/><\/a>\n\t\t\t\t<\/dt><\/dl><dl class='gallery-item'>\n\t\t\t\t<dt class='gallery-icon landscape'>\n\t\t\t\t\t<a class=\"rollover rollover-zoom dt-pswp-item\" title=\"Tosatura pecora in posa\" data-dt-img-description=\"\" data-large_image_width=\"1920\" data-large_image_height=\"1340\"href='https:\/\/www.radiopiu.net\/wordpress\/wp-content\/uploads\/2022\/07\/Tosatura-pecora-in-posa.jpg'><img loading=\"lazy\" decoding=\"async\" width=\"150\" height=\"150\" src=\"https:\/\/www.radiopiu.net\/wordpress\/wp-content\/uploads\/2022\/07\/Tosatura-pecora-in-posa-150x150.jpg\" class=\"attachment-thumbnail size-thumbnail\" alt=\"\" \/><\/a>\n\t\t\t\t<\/dt><\/dl><br style=\"clear: both\" \/>\n\t\t\t<\/div>\n\n<p>&nbsp;<\/p>\n<p>&nbsp;<\/p>\n<hr \/>\n<p>&nbsp;<\/p>\n<blockquote>\n<h3>IMPRESE VENETE: NEL 2022 EXTRA COSTI PER LUCE E GAS DA 11,8 MILIARDI<\/h3>\n<\/blockquote>\n<p>E\u2019 di 11,8 miliardi di euro il costo aggiuntivo che le imprese venete subiranno quest\u2019anno a causa dei rincari di energia elettrica e gas. La stima \u00e8 stata calcolata dall\u2019Ufficio studi CGIA che \u00e8 giunta a questo risultato ipotizzando, per l\u2019anno in corso, gli stessi consumi registrati nell\u2019anno pre-pandemia, applicando per\u00f2 per l\u2019intero 2022 le tariffe medie di luce e gas sostenute in questi ultimi sei mesi. Una stangata che rischia di provocare una vera debacle al nostro sistema produttivo. Gli 11,8 miliardi di extra costo, tuttavia, potrebbero essere addirittura sottostimati; se dal prossimo autunno la Russia dovesse chiudere ulteriormente le forniture di gas verso l\u2019Europa, \u00e8 probabile che il prezzo di questa materia prima subir\u00e0 un\u2019impennata che spinger\u00e0 il costo medio dell\u2019ultima parte dell\u2019anno ad un livello molto superiore a quello registrato nei primi sei mesi del 2022.<\/p>\n<p><strong>Le misure di mitigazione<\/strong><br \/>\nAncorch\u00e8 insufficienti, va comunque segnalato che il Governo Draghi ha in parte smorzato l\u2019impennata dei costi energetici. I soldi messi a disposizione per mitigare i rincari nel biennio 2021-22, infatti, ammontano, a livello nazionale, a 22,2 miliardi di euro (di cui 16,6 nel 2022). Di questi, 3,2 hanno ristorato le famiglie, 7,5 le imprese e 11,5 sosterranno sia le prime sia le seconde (vedi Tab. 1). Nel Riquadro sono elencati tutti i provvedimenti.<\/p>\n<p><strong>Il confronto 2022 su 2019<\/strong><br \/>\nSe nel 2019 il costo medio dell\u2019energia elettrica per le aziende ammontava a 52 euro per MWh, nei primi sei mesi del 2022, invece, si \u00e8 attestato a 250 euro (+378 per cento). Pertanto, a fronte di un consumo delle imprese venete di 23.715 GWh, il costo totale in capo a queste realt\u00e0 nel 2019 ha toccato i 3,9 miliardi di euro; quest\u2019anno, invece, la bolletta toccher\u00e0 gli 11,8 miliardi di euro (differenza + 7,9 miliardi). Per il gas, viceversa, se tre anni fa il costo medio era di quasi 16 euro per MWh, nel primi sei mesi del 2022 il prezzo ha sfiorato i 100 euro (+538 per cento). Perci\u00f2, a fronte di un consumo medio annuo delle aziende venete di 33.140 GWh, nel 2019 le stesse hanno sostenuto un costo medio complessivo pari a 1,1 miliardi di euro, contro i 5 miliardi del 2022 (differenza +3,9 miliardi di euro). Ebbene, sommando i 7,9 miliardi di extra costi per la luce e i 3,9 per il gas otteniamo gli 11,8 miliardi di costi aggiuntivi che le imprese venete dovranno farsi carico quest\u2019anno rispetto al 2019 (anno pre-Covid) (vedi Tab. 2).<\/p>\n<p><strong>Sono le imprese lombarde le pi\u00f9 penalizzate<\/strong><br \/>\nA livello territoriale le realt\u00e0 che pi\u00f9 delle altre subiscono i rincari maggiori sono, ovviamente, quelle dove la concentrazione delle attivit\u00e0 imprenditoriali \u00e8 pi\u00f9 elevata. Se, rispetto al 2019, in Lombardia il costo aggiuntivo per far fronte ai rincari di luce e gas toccher\u00e0 quest\u2019anno i 24,4 miliardi di euro, in Emilia Romagna sar\u00e0 di 12,4, in Veneto, come abbiamo appena segnalato, di 11,8 e in Piemonte di 9,8 miliardi. Oltre il 63 per cento dell\u2019extra costo totale nazionale di luce e gas \u00e8 in capo alle aziende del Nord (Tab. 3).<\/p>\n<p><strong>In 12 mesi luce +220% e gas +274%<\/strong><br \/>\nNell\u2019ultimo anno gli incrementi di prezzo per le imprese sono stati spaventosi. Quello dell\u2019energia elettrica \u00e8 aumentato del 220 per cento; infatti, se a giugno 2021 la media mensile del Prezzo Unico nazionale era pari a 84,8 euro per MWh, lo scorso giugno \u00e8 salito a 271,3 euro. Segnaliamo che a marzo aveva toccato il picco massimo di 308,1 euro (vedi Graf. 1). Il prezzo del gas, invece, sempre nell\u2019ultimo anno \u00e8 cresciuto addirittura del 274 per cento; se nel giugno dell\u2019anno scorso di attestava sui 28,1 euro al MWh, 12 mesi dopo si \u00e8 attestato a 105,2 euro, anche se a marzo di quest\u2019anno aveva toccato la punta massima di 128,3 euro (vedi Graf. 2).<\/p>\n<p><strong>\u2022\u00a0\u00a0\u00a0Draghi deve continuare a chiedere all\u2019UE un tetto al prezzo del gas<\/strong><br \/>\nDopo le dimissioni del Premier e lo scioglimento delle Camere si andr\u00e0 al voto il prossimo 25 settembre. Almeno per i prossimi due mesi Draghi, ancorch\u00e9 chiamato a occuparsi degli affari correnti, deve continuare a chiedere a Bruxelles l\u2019introduzione di un tetto al prezzo del gas a livello europeo. Questa rimane l\u2019unica soluzione per calmierare i costi a famiglie e imprese, raffreddando una delle voci che sta alimentando l\u2019impennata dell\u2019inflazione che, sembra, non sia destinata a fermarsi. A rischio ci sono centinaia e centinaia di migliaia di imprese e tantissimi lavoratori autonomi. Ricordiamo che il 70 per cento circa degli artigiani e dei commercianti lavora da solo, ovvero non ha n\u00e9 dipendenti n\u00e9 collaboratori familiari e che moltissimi artigiani, piccoli commercianti e partite Iva stanno pagando due volte lo straordinario aumento registrato in questo ultimo anno dalle bollette di luce e gas. La prima come utenti domestici e la seconda come piccoli imprenditori per riscaldare\/raffrescare e illuminare le proprie botteghe e negozi. E, come abbiamo visto pi\u00f9 sopra, nonostante le misure di\u00a0 mitigazione introdotte dal Governo Draghi, i costi energetici sono esplosi, raggiungendo livelli mai visti nel recente passato.\u00a0Ovvio che senza un esecutivo con i pieni poteri tutto diventa pi\u00f9 difficile. Infatti, dovremo aspettare Bruxelles, per sperare di ottenere il tanto agognato tetto sul prezzo del gas. Obbiettivo che, a differenza dell\u2019Italia, Spagna (nell\u2019autunno scorso)\u00a0e Francia (a inizio di quest\u2019anno) hanno temporaneamente gi\u00e0 introdotto.<br \/>\nSettori a rischio chiusura<br \/>\nCon aumenti dell\u2019energia elettrica e del gas che nell\u2019ultimo anno sono stati rispettivamente del 220 e del 274 per cento, i settori energivori sono pi\u00f9 a rischio degli altri. Per quanto riguarda il consumo del gas, segnaliamo le difficolt\u00e0 che da mesi stanno colpendo le imprese venete del vetro, della ceramica,\u00a0\u00a0 del cemento, della plastica, della produzione di laterizi, la meccanica pesante, l\u2019alimentazione, la chimica etc. Per quanto concerne l\u2019energia elettrica, invece, rischiano il blackout le acciaierie\/fonderie, l\u2019alimentare, il commercio (negozi, botteghe, centri commerciali, etc.), alberghi, bar-ristoranti, altri servizi (cinema, teatri, discoteche, lavanderie, etc.).<\/p>\n\n\t\t\t<style type='text\/css'>\n\t\t\t\t#gallery-8 {\n\t\t\t\t\tmargin: auto;\n\t\t\t\t}\n\t\t\t\t#gallery-8 .gallery-item {\n\t\t\t\t\tfloat: left;\n\t\t\t\t\tmargin-top: 10px;\n\t\t\t\t\ttext-align: center;\n\t\t\t\t\twidth: 33%;\n\t\t\t\t}\n\t\t\t\t#gallery-8 img {\n\t\t\t\t\tborder: 2px solid #cfcfcf;\n\t\t\t\t}\n\t\t\t\t#gallery-8 .gallery-caption {\n\t\t\t\t\tmargin-left: 0;\n\t\t\t\t}\n\t\t\t\t\/* see gallery_shortcode() in wp-includes\/media.php *\/\n\t\t\t<\/style>\n\t\t<div id='gallery-8' class='dt-gallery-container gallery galleryid-288757 gallery-columns-3 gallery-size-medium'><dl class='gallery-item'>\n\t\t\t\t<dt class='gallery-icon landscape'>\n\t\t\t\t\t<a class=\"rollover rollover-zoom dt-pswp-item\" title=\"Schermata 2022-07-23 alle 08.28.50\" data-dt-img-description=\"\" data-large_image_width=\"824\" data-large_image_height=\"530\"href='https:\/\/www.radiopiu.net\/wordpress\/wp-content\/uploads\/2022\/07\/Schermata-2022-07-23-alle-08.28.50.png'><img loading=\"lazy\" decoding=\"async\" width=\"300\" height=\"193\" src=\"https:\/\/www.radiopiu.net\/wordpress\/wp-content\/uploads\/2022\/07\/Schermata-2022-07-23-alle-08.28.50-300x193.png\" class=\"attachment-medium size-medium\" alt=\"\" srcset=\"https:\/\/www.radiopiu.net\/wordpress\/wp-content\/uploads\/2022\/07\/Schermata-2022-07-23-alle-08.28.50-300x193.png 300w, https:\/\/www.radiopiu.net\/wordpress\/wp-content\/uploads\/2022\/07\/Schermata-2022-07-23-alle-08.28.50-768x494.png 768w, https:\/\/www.radiopiu.net\/wordpress\/wp-content\/uploads\/2022\/07\/Schermata-2022-07-23-alle-08.28.50.png 824w\" sizes=\"auto, (max-width: 300px) 100vw, 300px\" \/><\/a>\n\t\t\t\t<\/dt><\/dl><dl class='gallery-item'>\n\t\t\t\t<dt class='gallery-icon landscape'>\n\t\t\t\t\t<a class=\"rollover rollover-zoom dt-pswp-item\" title=\"Schermata 2022-07-23 alle 08.29.04\" data-dt-img-description=\"\" data-large_image_width=\"1268\" data-large_image_height=\"736\"href='https:\/\/www.radiopiu.net\/wordpress\/wp-content\/uploads\/2022\/07\/Schermata-2022-07-23-alle-08.29.04.png'><img loading=\"lazy\" decoding=\"async\" width=\"300\" height=\"174\" src=\"https:\/\/www.radiopiu.net\/wordpress\/wp-content\/uploads\/2022\/07\/Schermata-2022-07-23-alle-08.29.04-300x174.png\" class=\"attachment-medium size-medium\" alt=\"\" srcset=\"https:\/\/www.radiopiu.net\/wordpress\/wp-content\/uploads\/2022\/07\/Schermata-2022-07-23-alle-08.29.04-300x174.png 300w, https:\/\/www.radiopiu.net\/wordpress\/wp-content\/uploads\/2022\/07\/Schermata-2022-07-23-alle-08.29.04-1024x594.png 1024w, https:\/\/www.radiopiu.net\/wordpress\/wp-content\/uploads\/2022\/07\/Schermata-2022-07-23-alle-08.29.04-768x446.png 768w, https:\/\/www.radiopiu.net\/wordpress\/wp-content\/uploads\/2022\/07\/Schermata-2022-07-23-alle-08.29.04.png 1268w\" sizes=\"auto, (max-width: 300px) 100vw, 300px\" \/><\/a>\n\t\t\t\t<\/dt><\/dl><dl class='gallery-item'>\n\t\t\t\t<dt class='gallery-icon portrait'>\n\t\t\t\t\t<a class=\"rollover rollover-zoom dt-pswp-item\" title=\"Schermata 2022-07-23 alle 08.29.44\" data-dt-img-description=\"\" data-large_image_width=\"1268\" data-large_image_height=\"1590\"href='https:\/\/www.radiopiu.net\/wordpress\/wp-content\/uploads\/2022\/07\/Schermata-2022-07-23-alle-08.29.44.png'><img loading=\"lazy\" decoding=\"async\" width=\"239\" height=\"300\" src=\"https:\/\/www.radiopiu.net\/wordpress\/wp-content\/uploads\/2022\/07\/Schermata-2022-07-23-alle-08.29.44-239x300.png\" class=\"attachment-medium size-medium\" alt=\"\" srcset=\"https:\/\/www.radiopiu.net\/wordpress\/wp-content\/uploads\/2022\/07\/Schermata-2022-07-23-alle-08.29.44-239x300.png 239w, https:\/\/www.radiopiu.net\/wordpress\/wp-content\/uploads\/2022\/07\/Schermata-2022-07-23-alle-08.29.44-817x1024.png 817w, https:\/\/www.radiopiu.net\/wordpress\/wp-content\/uploads\/2022\/07\/Schermata-2022-07-23-alle-08.29.44-768x963.png 768w, https:\/\/www.radiopiu.net\/wordpress\/wp-content\/uploads\/2022\/07\/Schermata-2022-07-23-alle-08.29.44-1225x1536.png 1225w, https:\/\/www.radiopiu.net\/wordpress\/wp-content\/uploads\/2022\/07\/Schermata-2022-07-23-alle-08.29.44.png 1268w\" sizes=\"auto, (max-width: 239px) 100vw, 239px\" \/><\/a>\n\t\t\t\t<\/dt><\/dl><br style=\"clear: both\" \/><dl class='gallery-item'>\n\t\t\t\t<dt class='gallery-icon landscape'>\n\t\t\t\t\t<a class=\"rollover rollover-zoom dt-pswp-item\" title=\"Schermata 2022-07-23 alle 08.30.08\" data-dt-img-description=\"\" data-large_image_width=\"1182\" data-large_image_height=\"740\"href='https:\/\/www.radiopiu.net\/wordpress\/wp-content\/uploads\/2022\/07\/Schermata-2022-07-23-alle-08.30.08.png'><img loading=\"lazy\" decoding=\"async\" width=\"300\" height=\"188\" src=\"https:\/\/www.radiopiu.net\/wordpress\/wp-content\/uploads\/2022\/07\/Schermata-2022-07-23-alle-08.30.08-300x188.png\" class=\"attachment-medium size-medium\" alt=\"\" srcset=\"https:\/\/www.radiopiu.net\/wordpress\/wp-content\/uploads\/2022\/07\/Schermata-2022-07-23-alle-08.30.08-300x188.png 300w, https:\/\/www.radiopiu.net\/wordpress\/wp-content\/uploads\/2022\/07\/Schermata-2022-07-23-alle-08.30.08-1024x641.png 1024w, https:\/\/www.radiopiu.net\/wordpress\/wp-content\/uploads\/2022\/07\/Schermata-2022-07-23-alle-08.30.08-768x481.png 768w, https:\/\/www.radiopiu.net\/wordpress\/wp-content\/uploads\/2022\/07\/Schermata-2022-07-23-alle-08.30.08.png 1182w\" sizes=\"auto, (max-width: 300px) 100vw, 300px\" \/><\/a>\n\t\t\t\t<\/dt><\/dl><dl class='gallery-item'>\n\t\t\t\t<dt class='gallery-icon landscape'>\n\t\t\t\t\t<a class=\"rollover rollover-zoom dt-pswp-item\" title=\"Schermata 2022-07-23 alle 08.30.29\" data-dt-img-description=\"\" data-large_image_width=\"1182\" data-large_image_height=\"740\"href='https:\/\/www.radiopiu.net\/wordpress\/wp-content\/uploads\/2022\/07\/Schermata-2022-07-23-alle-08.30.29.png'><img loading=\"lazy\" decoding=\"async\" width=\"300\" height=\"188\" src=\"https:\/\/www.radiopiu.net\/wordpress\/wp-content\/uploads\/2022\/07\/Schermata-2022-07-23-alle-08.30.29-300x188.png\" class=\"attachment-medium size-medium\" alt=\"\" srcset=\"https:\/\/www.radiopiu.net\/wordpress\/wp-content\/uploads\/2022\/07\/Schermata-2022-07-23-alle-08.30.29-300x188.png 300w, https:\/\/www.radiopiu.net\/wordpress\/wp-content\/uploads\/2022\/07\/Schermata-2022-07-23-alle-08.30.29-1024x641.png 1024w, https:\/\/www.radiopiu.net\/wordpress\/wp-content\/uploads\/2022\/07\/Schermata-2022-07-23-alle-08.30.29-768x481.png 768w, https:\/\/www.radiopiu.net\/wordpress\/wp-content\/uploads\/2022\/07\/Schermata-2022-07-23-alle-08.30.29.png 1182w\" sizes=\"auto, (max-width: 300px) 100vw, 300px\" \/><\/a>\n\t\t\t\t<\/dt><\/dl>\n\t\t\t\t<br style='clear: both' \/>\n\t\t\t<\/div>\n\n<p>&nbsp;<\/p>\n<p><em>Nota metodologica<\/em><\/p>\n<p><em>Le stime sono state costruite a partire dai dati sui consumi energetici delle imprese nel 2019 (anno prima del Covid) ipotizzando per l\u2019anno in corso (il 2022) gli stessi consumi del 2019.<\/em><br \/>\n<em>La stima della bolletta elettrica per le imprese nel 2019 (pari a 36 miliardi di euro al netto dell\u2019IVA) \u00e8 frutto di un calcolo che tiene conto dei prezzi medi ponderati per classe di consumo energetico, ricavati dal database Eurostat per le utenze non domestiche su base semestrale. La stima dei costi dell\u2019energia elettrica relativa al 2022 \u00e8 stata costruita ipotizzando, per il 2022, un Prezzo Unico Nazionale (PUN) medio dell\u2019energia elettrica pari a 250 euro per MWh (media dei primi 6 mesi del 2022); il PUN \u00e8 il prezzo di riferimento dell\u2019energia elettrica rilevato sulla borsa elettrica italiana ed \u00e8 monitorato dalle statistiche del GME (Gestore dei Mercati Energetici); in questa ipotesi un tale incremento rispetto al 2019 (+378% per il PUN che nell\u2019anno pre-Covid si attestava a 52 euro per MWh) si traduce in una crescita percentuale della bolletta elettrica delle imprese inferiore (+202%) che comunque triplicherebbe sfiorando i 109 miliardi di euro (per un extra-costo di 72 miliardi di euro); l\u2019aumento \u00e8 meno che proporzionale rispetto a quello della materia prima in quanto l\u2019aumento del prezzo della materia prima impatta su una parte e non su tutto il costo complessivo della bolletta (che comprende anche costi di commercializzazione, trasmissione, oneri, tasse, margini ecc.).<\/em><br \/>\n<em>La stima della bolletta del gas per le imprese nel 2019 (pari a quasi 10 miliardi di euro al netto dell\u2019IVA) \u00e8 frutto di un calcolo che tiene conto dei prezzi medi ponderati per classe di consumo energetico ricavati dal database Eurostat per le utenze non domestiche su base semestrale. La stima dei costi del gas relativa al 2022 \u00e8 stata costruita ipotizzando, per il 2022, un prezzo medio per MWh pari a 100 euro (media dei primi 6 mesi del 2022 pari a 98 euro); il prezzo di riferimento del gas \u00e8 stato ricavato dalle statistiche del GME guardando al mercato del giorno prima MGP gas; in questa ipotesi un tale incremento rispetto al 2019 (+538% rispetto ad un prezzo che nell\u2019anno pre-Covid si attestava a meno di 16 euro per MWh) si traduce in una crescita percentuale inferiore (+350%) della bolletta del gas delle imprese che comunque risulterebbe 4,5 volte superiore sfiorando i 43 miliardi di euro (per un extra-costo di 33 miliardi di euro); l\u2019aumento \u00e8 meno che proporzionale rispetto a quello della materia prima in quanto l\u2019incremento del prezzo della materia prima impatta su una parte e non su tutto il costo complessivo della bolletta del gas (che comprende anche costi di commercializzazione, trasmissione, oneri, tasse, margini ecc.).\u00a0<\/em><\/p>\n<p>&nbsp;<\/p>\n<p>&nbsp;<\/p>\n<hr \/>\n<p>&nbsp;<\/p>\n<blockquote>\n<h3>CONSIGLIO COMUNALE IN VAL FIORENTINA<\/h3>\n<\/blockquote>\n<p><strong>SELVA DI CADORE<\/strong> Oggi alle 18 consiglio comunale convocato dal sindaco Luca Lorenzini, all&#8217;ordine del giorno: variazioni al bilanci di previsione e assestamento generale di bilancio. Nomina del revisore dei conti (Sara Tillati) e approvazione della variante al piano degli interventi. In discussione anche il regolamento autoservizi pubblici e lo statuto dell&#8217;ASCA.<\/p>\n<p>&nbsp;<\/p>\n<hr \/>\n<p>&nbsp;<\/p>\n<blockquote>\n<h3>MERCOLEDI&#8217; AD ALLEGHE IL CONSIGLIO COMUNALE<\/h3>\n<\/blockquote>\n<p><strong>ALLEGHE<\/strong> Il sindaco di Alleghe Danilo De Toni ha convocato il consiglio comunale per mercoled\u00ec alle 20. Dieci punti da discutere tra cui la quarta variazione al bilancio, il documento unico programmato 2022-2025 e l&#8217;affidamento a Bim dell&#8217;impianto Ru Col Aut<\/p>\n<p>&nbsp;<\/p>\n<hr \/>\n<p>&nbsp;<\/p>\n<blockquote>\n<h3>ANCHE A TAIBON E&#8217; TEMPO DI PRESENTARE I BILANCI<\/h3>\n<\/blockquote>\n<p><strong>TAIBON<\/strong> Consiglio comunale mercoledi alle 18\u00a0 Taibon. All&#8217;ordine del giorno la variazione al bilancio, la salvaguardia degli equilibri e le comunicazioni del sindaco Silvia Tormen.<\/p>\n<p>&nbsp;<\/p>\n<hr \/>\n<p>&nbsp;<\/p>\n<blockquote>\n<h3>DUP E PARCHEGGI LUXOTTICA NEL CONSIGLIO\u00a0 DI AGORDO<\/h3>\n<\/blockquote>\n<p><strong>AGORDO <\/strong>Gioved\u00ec alle 19:15 il sindaco di Agordo Roberto Chissal\u00e8 ha convocato il consiglio comunale. Tra gli argomenti da trattare il Documento Unico di programmazione 2023\/2025, una variazione al bilancio e l&#8217;avvio del procedimento finalizzato all&#8217;acquisizione di due particelle di parcheggi appartenenti a Luxottica.<\/p>\n<p>&nbsp;<\/p>\n<p>&nbsp;<\/p>\n<hr \/>\n<p>&nbsp;<\/p>\n<blockquote>\n<h3>NEL CONSIGLIO COMUNALE DI SAN TOMASO<\/h3>\n<\/blockquote>\n<p><strong>SAN TOMASO<\/strong> Nel consiglio comunale di San Tomaso in programma gioved\u00ec alle 20, il sindaco Moreno De Val proprone 4 punti da discutere tra cui una variazione al bilancio, l&#8217;approvazione del piano di illuminazione pubblica e la costituzione di diritto di superficie a E-Distribuzione per la costruzione di una cabina elettrica.<\/p>\n<p>&nbsp;<\/p>\n<p>&nbsp;<\/p>\n<hr \/>\n<p>&nbsp;<\/p>\n<blockquote>\n<h3>\u00a0IL CONSIGLIO COMUNALE DI CANALE D&#8217;AGORDO<\/h3>\n<\/blockquote>\n<p><strong>CANALE D&#8217;AGORDO<\/strong> Sabato alle 9 consiglio comunale in sala Lina Zand\u00f2. All&#8217;ordine del giorno la convenzione con il Comune di Falcade per l&#8217;uso e la gestione del cimitero di Caviola; variazione d&#8217;urgenza al bilancio e variazione di assestamento.<\/p>\n<p>&nbsp;<\/p>\n<p>&nbsp;<\/p>\n<hr \/>\n<p>&nbsp;<\/p>\n<blockquote>\n<h3>A COLLE SANTA LUCIA LA NOMINA DEL REVISORE DEI CONTI<\/h3>\n<\/blockquote>\n<p><strong>COLLE SANTA LUCIA<\/strong> Sono 8 i punti da discutere nel consiglio comunale convocato dal sindaco di Colle Santa Lucia in programma sabato alle 9. Tra questi si parler\u00e0 della sesta variazione al bilancio, della nomina per il revisore dei conti, dei programmi di esercizio 2022 e del regolamento dei controlli interni.<\/p>\n<p>&nbsp;<\/p>\n<p>&nbsp;<\/p>\n<hr \/>\n<p>&nbsp;<\/p>\n<blockquote>\n<h3><a class=\"dt-pswp-item\" href=\"https:\/\/www.radiopiu.net\/wordpress\/wp-content\/uploads\/2021\/12\/BIM-PIAVE.jpg\" data-dt-img-description=\"\" data-large_image_width=\"420\" data-large_image_height=\"280\"><img loading=\"lazy\" decoding=\"async\" class=\"wp-image-249802 alignleft\" src=\"https:\/\/www.radiopiu.net\/wordpress\/wp-content\/uploads\/2021\/12\/BIM-PIAVE-150x150.jpg\" alt=\"\" width=\"73\" height=\"73\" \/><\/a>L&#8217;ASSEMBLEA DEL CONSORZIO BIM PIAVE<\/h3>\n<\/blockquote>\n<p><strong>BELLUNO<\/strong> Mercoled\u00ec 27 luglio alle 15 riunione dell&#8217;assemblea del Consorzio Bim Piave Belluno. Il Presidente\u00a0 Marco Staunovo Polacco, ha firmato un ordine del giorno in tre punti: verifica degli equilibri di bilancio, variazione al bilancio di previsione 2022-24 e comunicazioni del Presidente.<\/p>\n<p>&nbsp;<\/p>\n<p>&nbsp;<\/p>\n<hr \/>\n<p>&nbsp;<\/p>\n<blockquote>\n<h3>LA MOSTRA DI ALBINO MEZZACASA<\/h3>\n<\/blockquote>\n<h3><strong style=\"font-size: 14px;\">CENCENIGHE<\/strong><span style=\"font-size: 14px; font-weight: normal;\"> Sar\u00e0 visitabile da oggi al 14 agosto la mostra di scultura di Albino Mezzacasa presso il Nof Fil\u00f2 di Cencenighe. Gli orari delle visite: nei giorni feriali dalle 17:30 alle 21, sabato e domenica dalle 10 alle 12 e dalle 17:30 alle 21.<\/span><\/h3>\n<p>&nbsp;<\/p>\n<p>&nbsp;<\/p>\n<hr \/>\n<p>&nbsp;<\/p>\n<blockquote>\n<h3>EL CANAL DE AGORT<\/h3>\n<\/blockquote>\n<p><strong>AGORDO<\/strong> Presso il museo in via 5 maggio ad Agordo si pu\u00f2 visitare la mostra &#8220;El Canal De Agort&#8221; storia ed archeologia da San Gottardo alla Conca Agordina. La mostra \u00e8 visitabile dal gioved\u00ec alla domenica dalle 9:30 alle 12:30 e dalle16 alle 19 fino al 4 settembre.<\/p>\n<p>&nbsp;<\/p>\n<hr \/>\n<blockquote>\n<h3><\/h3>\n<h3>FRANCO GATTI A VAL DI ZOLDO FINO AD AGOSTO<\/h3>\n<\/blockquote>\n<p><strong>VAL DI ZOLDO<\/strong> \u201cDisegni e Teatrini dell\u2019Assurdo\u201d e\u0300 il titolo della mostra di opere dell\u2019artista bellunese Franco Gatti nell\u2019ex Sala Consiliare del Municipio di Forno di Val di Zoldo, fino al 15 agosto,\u00a0 visite a ingresso libero<\/p>\n<p>&nbsp;<\/p>\n<hr \/>\n<p>&nbsp;<\/p>\n<blockquote>\n<blockquote>\n<h3>DOPO IL RICAMO AD AGORDO, L&#8217;ESPOSIZIONE A RIVAMONTE DAL 30 LUGLIO<\/h3>\n<\/blockquote>\n<p><strong><a class=\"dt-pswp-item\" href=\"https:\/\/www.radiopiu.net\/wordpress\/wp-content\/uploads\/2022\/07\/6aa3acc1-0af3-45d8-8d3e-7e7b50d59e01-1.jpg\" data-dt-img-description=\"\" data-large_image_width=\"984\" data-large_image_height=\"1388\"><img loading=\"lazy\" decoding=\"async\" class=\"size-thumbnail wp-image-288489 alignleft\" src=\"https:\/\/www.radiopiu.net\/wordpress\/wp-content\/uploads\/2022\/07\/6aa3acc1-0af3-45d8-8d3e-7e7b50d59e01-1-150x150.jpg\" alt=\"\" width=\"150\" height=\"150\" \/><\/a>RIVAMONTE<\/strong>\u00a0Si ritrovano ininterrottamente da oltre 20 anni, da quando cio\u00e8, ritornata nel 2000 al paese di origine dopo dieci anni da emigrante in Argentina, Gabriella Gnech ha avuto la felice idea di proporre e di dar vita a una singolare iniziativa di aggregazione artistica. Sono le attivissime donne del Gruppo Porcellana di Rivamonte che, coordinate dalla maestra Gnech, si ritrovano regolarmente in serena compagnia, impiegando proficuamente il loro tempo libero in creazioni di stupendo impatto estetico, dipingendo diversi soggetti su porcellane di varie dimensioni usando nelle decorazioni vari stili, dai classici (cinesi, giapponesi, europei) ai pi\u00f9 moderni.<br \/>\nDopo l\u2019esperienza di alcune mostre abbinate al Gruppo Fil\u00f2 di ricamo di Agordo, hanno deciso di esporre quest\u2019anno proprio a Rivamonte i loro originali lavori realizzati a mano con grande abilit\u00e0 sul particolare tema \u201cArmonie di colori\u201d. L\u2019inaugurazione della rassegna, con il patrocinio del Comune, avr\u00e0 luogo sabato 30 luglio, alle ore 16, nella Sala Polifunzionale di Rivamonte e rimarr\u00e0 visitabile (a ingresso libero) fino al 15 agosto, con il seguente orario: gioved\u00ec e venerd\u00ec dalle 16 alle 19; sabato e domenica 10-12.30 e 16-19. Nell\u2019occasione esporr\u00e0 i suoi acquerelli anche Rita Mottes e la mostra sar\u00e0 affettuosamente dedicata al ricordo di Ornella Dal Col, morta recentemente, che fin dall\u2019inizio ha sempre partecipato attivamente all\u2019attivit\u00e0 del Gruppo Porcellana.<\/p><\/blockquote>\n<p>&nbsp;<\/p>\n<p>&nbsp;<\/p>\n<p>&nbsp;<\/p>\n<hr \/>\n<p>&nbsp;<\/p>\n<blockquote>\n<h3>LA FESTA IN PINETA PER GLI ALPINI DI CENCENIGHE<\/h3>\n<\/blockquote>\n<p><strong>CENCENIGHE<\/strong> Festa in pineta per gli alpini di Cencenighe che domenica 31 luglio si ritroveranno per una giornata in compagnia. Alle 10:30 la santa messa in pineta e dalle 12 la degustazione di piatti tipici. Nel pomeriggio musica con Loris.<\/p>\n<p>&nbsp;<\/p>\n<hr \/>\n<p>&nbsp;<\/p>\n<blockquote>\n<h3>IL &#8220;DIETRO LE QUINTE&#8221;, MASTERCLASS INTERNAZIONALE DE LE MUSE E LE DOLOMITI<\/h3>\n<\/blockquote>\n<p><strong>FALCADE<\/strong> Dopo due anni di sospensione dovuti alla pandemia, torna \u201cDietro le Quinte\u201d, evento\u00a0legato alla\u00a0Masterclass Internazionale \u201cOpera, Liederistica e Musica Sacra\u201d\u00a0tenuta dal soprano\u00a0Adelisa Tabiadon\u00a0e dal pianista\/maestro di repertorio\u00a0Loris Peverada. Nel periodo 17-28 Luglio, i maestri Adelisa e Loris terranno le lezioni di canto presso la Scuola Primaria \u201cPadre Felice Cappello\u201d in Via Marmolada a Falcade. Orari: tutti giorni (escluso il 23 luglio) dalle 09:30 alle 12.30 e dalle 14 alle 18:30. Le lezioni saranno aperte, sempre in forma gratuita, al pubblico, che potr\u00e0 cos\u00ec scoprire il lavoro dietro le quinte.<\/p>\n<div style=\"width: 1200px;\" class=\"wp-video\"><video class=\"wp-video-shortcode\" id=\"video-288757-3\" width=\"1200\" height=\"675\" preload=\"metadata\" controls=\"controls\"><source type=\"video\/mp4\" src=\"https:\/\/www.radiopiu.net\/wordpress\/wp-content\/uploads\/2022\/07\/MASTERCLASS-MUSE.mp4?_=3\" \/><a href=\"https:\/\/www.radiopiu.net\/wordpress\/wp-content\/uploads\/2022\/07\/MASTERCLASS-MUSE.mp4\">https:\/\/www.radiopiu.net\/wordpress\/wp-content\/uploads\/2022\/07\/MASTERCLASS-MUSE.mp4<\/a><\/video><\/div>\n<p>&nbsp;<\/p>\n<hr \/>\n<p>&nbsp;<\/p>\n<blockquote>\n<h3>CONCERTO PER IL PAPA DALLA CHIESA DI SAN SIMON<\/h3>\n<\/blockquote>\n<p><strong>VALLADA <\/strong>Il 26 Agosto 1978 Albino Luciani, originario di Canale d\u2019Agordo, fu eletto Papa; solo un mese dopo si spense. Nel suo paese natale e nel mondo, \u00e8 ricordato con stima e affetto.<span class=\"Apple-converted-space\"> \u00a0<\/span>Il concerto vocale sacro \u00e8 dedicato al \u201cPapa del sorriso\u201d e mira a celebrare la vita di questo straordinario cittadino, non solo come Papa, ma anche come uomo, in un luogo che fece parte della sua infanzia e della sua vita, la bellissima Chiesa Monumentale di San Simon, luogo storico importante e scrigno di tesori artistici.<\/p>\n<p><strong>LA DIRETTA RADIO PIU&#8217; &#8211; <a href=\"https:\/\/www.facebook.com\/marco.baghy.1\/videos\/778189110261386\">CLICCA QUI<\/a><\/strong><\/p>\n<p>&nbsp;<\/p>\n<hr \/>\n<p>&nbsp;<\/p>\n<blockquote>\n<h3>ISTA&#8217; A SAN TOMAS &#8211; LA PRIMA SERATA<\/h3>\n<\/blockquote>\n<p><strong class=\"photoswipe-wrapper\"><a class=\"dt-pswp-item pspw-wrap-ready\" href=\"https:\/\/www.radiopiu.net\/wordpress\/wp-content\/uploads\/2022\/07\/39330540_2127565257458789_549970540777963520_n.jpg\" data-dt-img-description=\"\" data-large_image_width=\"317\" data-large_image_height=\"317\"><img loading=\"lazy\" decoding=\"async\" class=\"size-thumbnail wp-image-288661 alignleft\" src=\"https:\/\/www.radiopiu.net\/wordpress\/wp-content\/uploads\/2022\/07\/39330540_2127565257458789_549970540777963520_n-150x150.jpg\" sizes=\"auto, (max-width: 150px) 100vw, 150px\" srcset=\"https:\/\/www.radiopiu.net\/wordpress\/wp-content\/uploads\/2022\/07\/39330540_2127565257458789_549970540777963520_n-150x150.jpg 150w, https:\/\/www.radiopiu.net\/wordpress\/wp-content\/uploads\/2022\/07\/39330540_2127565257458789_549970540777963520_n-300x300.jpg 300w, https:\/\/www.radiopiu.net\/wordpress\/wp-content\/uploads\/2022\/07\/39330540_2127565257458789_549970540777963520_n.jpg 317w\" alt=\"\" width=\"150\" height=\"150\" \/><\/a>SAN TOMASO<\/strong> Iniziata la serie di eventi a San Tomaso dal titolo \u201cIst\u00e0 a San Tomas\u201d. Cinque appuntamenti d\u2019estate organizzati dalla Pro Loco. Il primo appuntamento a Celat \u2013 Pont dei Lida con \u201cLa Memoria, Le stagioni e la strada\u201d, il nostro territorio visto attraverso i racconti di Paolo Soppelsa, con la partecipazione di Radio Pi\u00f9.<\/p>\n<p>&nbsp;<\/p>\n<p>&nbsp;<\/p>\n<p>&nbsp;<\/p>\n<p>&nbsp;<\/p>\n<p><strong>LA DIRETTA RADIO PIU&#8217; &#8211; <a href=\"https:\/\/www.facebook.com\/marco.baghy.1\/videos\/1074118356861550\">CLICCA QUI<\/a><\/strong><\/p>\n<p>&nbsp;<\/p>\n<p>&nbsp;<\/p>\n<hr \/>\n<p>&nbsp;<\/p>\n<blockquote>\n<h3>IL GRANDE FULVIO ROITER CON OTTIME IMMAGINI NEL LIBRO (1989) \u201c CANSIGLIO. IL BOSCO DEI DOGI\u201d<\/h3>\n<\/blockquote>\n<p><strong>DI RENATO BONA<\/strong><\/p>\n<p>\u201cCansiglio. Il Bosco dei dogi\u201d. E\u2019 il titolo di un prezioso, splendido volume di Fulvio Roiter realizzato con Vianello libri (grazie anche al contributo dell\u2019Azienda regionale foreste del Veneto), nel marzo 1989 nello stabilimento delle Grafiche Vianello di Ponzano, su progetto grafico e coordinamento editoriale di Livio Scibilia e Mimmo Vita. Frutto di un\u2019idea del direttore dell\u2019Azienda regionale foreste Ettore Bonalberti, \u00e9 presentato sotto il titolo \u201cLe quattro stagioni del Cansiglio\u201d da un personaggio della cultura come Mario Rigoni Stern; le didascalie sono opera di Vittorio De Savorgnani, Giulio Mezzalira e Mimmo Vita. Oltre a quelle del grande Roiter, veneziano di Meolo (primo libro fotografico: \u201cVenise a fleur d\u2019eau\u201d pubblicato a Losanna nel 1954) sono proposte anche immagini di: Lou Embo Roiter, Paolo Fioratti e Daniele Cavadini, Dopo un richiamo alla frase; \u201cGli alberi sono lo sforzo della terra per parlare al cielo in ascolto\u201d del poeta, drammaturgo, scrittore e filosofo indiano Rabindranath Tagore nato il 7 maggio 1861 a Calcutta e morto il 7 agosto 1941 a Jorasanko Thakurbari, sempre in India) e prima del pensiero di Rigoni Stern, il bellunese Renzo Fant, che all\u2019epoca era presidente dell\u2019Azienda regionale foreste del Veneto, ricorda che: \u201c&#8230;Gi\u00e0 dal secolo XVII gli alti fusti dei faggi del Cansiglio avevano impressionato i responsabili del Serenissimo Arsenale e nella relazione sullo stato del bosco presentata al Doge in data12 marzo 1608, il podest\u00e0 di Belluno Alvise Mocenigo, si preoccupava di sottolineare che essi \u2018devono essere carissimi a guisa di pretioso tesoro\u2019. Un tesoro sintesi di legno, acqua, oro: cio\u00e8 i faggi remi delle galere veneziane; l\u2019acqua del Mediterraneo, via dei commerci con le Indie; oro, rendita dei negozi\u201d. Ed evidenziava che \u201cSe la funzione produttiva era primariamente cara ai \u2018moderni governatori del bosco dell\u2019Alpago, quella protettiva ha ricevuto dalla loro opera grande giovamento giacch\u00e9 il terreno dell\u2019altopiano apre qua e l\u00e0 profonde ferite, i \u2018bus\u2019, a dimostrazione della carsica eziologia. L\u2019albero trattiene, coagula, per certi versi convive simbioticamente con la terra: senza di lui essa frana\u201d. E la gente tutto questo lo sa, ma\u2026 \u201cper necessit\u00e0 taglia il bosco perch\u00e9 il legno produce denaro e calore\u201d. Avviandosi a conclusione Fant sottolineava come \u201cOggi di tutto ci\u00f2 resta prevalentemente la memoria storica e l\u2019uomo della citt\u00e0 cerca in Cansiglio anche nuovi beni: oasi di pace, di svago, di ricerca interiore\u201de la foresta registra cos\u00ec gioiose invasioni perch\u00e9 qui il bosco \u00e8 ancora bosco e l\u2019ambiente \u00e8 \u2018com\u2019era una volta\u2019, com\u2019\u00e8 sempre stato almeno da mille anni a questa parte, ma \u201cal prezzo delle quotidiane privazioni dell\u2019uomo di montagna che merita perci\u00f2 vero rispetto e concreta solidariet\u00e0\u201d. Il finale: \u201cVenezia ha cominciato, lo Stato ha continuato, la Regione, tramite l\u2019Azienda delle foreste perpetua, il montanaro presidia e opera. Anche un libro, questo libro che abbiamo voluto di un Veneziano, ed il pi\u00f9 bravo, ci aiuter\u00e0 in questo\u201d. Ed ecco una sintesi di quanto ha scritto Mario Rigoni Stern: \u201c\u2026 Il tempo della foresta non \u00e8 quello del campo, n\u00e9 del frutteto, nemmeno quello della vita di un uomo; le selve, oggi, sono pi\u00f9 che mai indispensabili all\u2019esistenza della Terra. Ai nostri nipoti dobbiamo lasciare un \u2018Cansiglio\u2019 pi\u00f9 bello ancora di questo pure bellissimo che Fulvio Roiter con la sua magica macchina fotografica e i suoi occhi ci fa vedere \u2018oltre il paesaggio\u2019. Dobbiamo resistere e superare i tempi delle piogge acide, della Cephalcia arvensis, dell\u2019uomo consumista: \u00e8 l\u2019invito che ci viene da queste immagini\u201d. Piacevolmente folgorati dalle, tutte, meravigliose immagini, ecco una \u201cfotografia\u201d conclusiva del Bosco del Cansiglio: \u201cTra le province di Treviso, Belluno e Pordenone, nelle Prealpi Bellunesi, il vasto altopiano del Cansiglio si erge sulla pianura veneto-friulana tra il Piave, il Meschio e il Livenza ed ospita a 1000 metri di altitudine uno dei pi\u00f9 vasti, intatti e solenni boschi italiani. Le sue doline ed i profondi inghiottitoi (i \u2018bus\u2019), la ricchezza e la variet\u00e0 della sua popolazione faunistica e della flora che ne ravviva e ne tinge le scabre rocce ed i dolci declivi dei prati, la qualificante presenza della civilt\u00e0 cimbra, offrono al visitatore attento e rispettoso innumerevoli suggestioni, occasioni di studio come di rilassata contemplazione di un habitat ancora sapientemente preservato dalla mano troppe volte distruggitrice dell\u2019uomo. Ed un\u2019ulteriore ricchezza del Cansiglio \u00e8 attestata dalla pi\u00f9 accreditata etimologia del suo nome: \u2018Campus silens\u2019, luogo del silenzio, che qui diventa davvero d\u2019oro se si vuole avere la possibilit\u00e0 di osservare da vicino i numerosi ma diffidenti abitatori del bosco. La foresta del Cansiglio appartiene ora geograficamente alle regioni Veneto e Friuli Venezia Giulia\u201d.<\/p>\n\n\t\t\t<style type='text\/css'>\n\t\t\t\t#gallery-9 {\n\t\t\t\t\tmargin: auto;\n\t\t\t\t}\n\t\t\t\t#gallery-9 .gallery-item {\n\t\t\t\t\tfloat: left;\n\t\t\t\t\tmargin-top: 10px;\n\t\t\t\t\ttext-align: center;\n\t\t\t\t\twidth: 16%;\n\t\t\t\t}\n\t\t\t\t#gallery-9 img {\n\t\t\t\t\tborder: 2px solid #cfcfcf;\n\t\t\t\t}\n\t\t\t\t#gallery-9 .gallery-caption {\n\t\t\t\t\tmargin-left: 0;\n\t\t\t\t}\n\t\t\t\t\/* see gallery_shortcode() in wp-includes\/media.php *\/\n\t\t\t<\/style>\n\t\t<div id='gallery-9' class='dt-gallery-container gallery galleryid-288757 gallery-columns-6 gallery-size-thumbnail'><dl class='gallery-item'>\n\t\t\t\t<dt class='gallery-icon portrait'>\n\t\t\t\t\t<a class=\"rollover rollover-zoom dt-pswp-item\" title=\"293283239_604908494332823_577323552665833131_n\" data-dt-img-description=\"\" data-large_image_width=\"299\" data-large_image_height=\"403\"href='https:\/\/www.radiopiu.net\/wordpress\/wp-content\/uploads\/2022\/07\/293283239_604908494332823_577323552665833131_n.jpg'><img loading=\"lazy\" decoding=\"async\" width=\"150\" height=\"150\" src=\"https:\/\/www.radiopiu.net\/wordpress\/wp-content\/uploads\/2022\/07\/293283239_604908494332823_577323552665833131_n-150x150.jpg\" class=\"attachment-thumbnail size-thumbnail\" alt=\"\" \/><\/a>\n\t\t\t\t<\/dt><\/dl><dl class='gallery-item'>\n\t\t\t\t<dt class='gallery-icon portrait'>\n\t\t\t\t\t<a class=\"rollover rollover-zoom dt-pswp-item\" title=\"295298914_557869226033917_7182900331876416583_n\" data-dt-img-description=\"\" data-large_image_width=\"320\" data-large_image_height=\"468\"href='https:\/\/www.radiopiu.net\/wordpress\/wp-content\/uploads\/2022\/07\/295298914_557869226033917_7182900331876416583_n.jpg'><img loading=\"lazy\" decoding=\"async\" width=\"150\" height=\"150\" src=\"https:\/\/www.radiopiu.net\/wordpress\/wp-content\/uploads\/2022\/07\/295298914_557869226033917_7182900331876416583_n-150x150.jpg\" class=\"attachment-thumbnail size-thumbnail\" alt=\"\" \/><\/a>\n\t\t\t\t<\/dt><\/dl><dl class='gallery-item'>\n\t\t\t\t<dt class='gallery-icon landscape'>\n\t\t\t\t\t<a class=\"rollover rollover-zoom dt-pswp-item\" title=\"294015562_1083217815618353_8710314434909499968_n\" data-dt-img-description=\"\" data-large_image_width=\"208\" data-large_image_height=\"182\"href='https:\/\/www.radiopiu.net\/wordpress\/wp-content\/uploads\/2022\/07\/294015562_1083217815618353_8710314434909499968_n.jpg'><img loading=\"lazy\" decoding=\"async\" width=\"150\" height=\"150\" src=\"https:\/\/www.radiopiu.net\/wordpress\/wp-content\/uploads\/2022\/07\/294015562_1083217815618353_8710314434909499968_n-150x150.jpg\" class=\"attachment-thumbnail size-thumbnail\" alt=\"\" \/><\/a>\n\t\t\t\t<\/dt><\/dl><dl class='gallery-item'>\n\t\t\t\t<dt class='gallery-icon landscape'>\n\t\t\t\t\t<a class=\"rollover rollover-zoom dt-pswp-item\" title=\"294622721_1733157810376500_8922576456990802037_n\" data-dt-img-description=\"\" data-large_image_width=\"600\" data-large_image_height=\"400\"href='https:\/\/www.radiopiu.net\/wordpress\/wp-content\/uploads\/2022\/07\/294622721_1733157810376500_8922576456990802037_n.jpg'><img loading=\"lazy\" decoding=\"async\" width=\"150\" height=\"150\" src=\"https:\/\/www.radiopiu.net\/wordpress\/wp-content\/uploads\/2022\/07\/294622721_1733157810376500_8922576456990802037_n-150x150.jpg\" class=\"attachment-thumbnail size-thumbnail\" alt=\"\" \/><\/a>\n\t\t\t\t<\/dt><\/dl><dl class='gallery-item'>\n\t\t\t\t<dt class='gallery-icon portrait'>\n\t\t\t\t\t<a class=\"rollover rollover-zoom dt-pswp-item\" title=\"293287594_300685698915058_3094129733858559846_n\" data-dt-img-description=\"\" data-large_image_width=\"320\" data-large_image_height=\"475\"href='https:\/\/www.radiopiu.net\/wordpress\/wp-content\/uploads\/2022\/07\/293287594_300685698915058_3094129733858559846_n.jpg'><img loading=\"lazy\" decoding=\"async\" width=\"150\" height=\"150\" src=\"https:\/\/www.radiopiu.net\/wordpress\/wp-content\/uploads\/2022\/07\/293287594_300685698915058_3094129733858559846_n-150x150.jpg\" class=\"attachment-thumbnail size-thumbnail\" alt=\"\" \/><\/a>\n\t\t\t\t<\/dt><\/dl><dl class='gallery-item'>\n\t\t\t\t<dt class='gallery-icon landscape'>\n\t\t\t\t\t<a class=\"rollover rollover-zoom dt-pswp-item\" title=\"293658521_717330646038003_8884516168076529182_n\" data-dt-img-description=\"\" data-large_image_width=\"629\" data-large_image_height=\"403\"href='https:\/\/www.radiopiu.net\/wordpress\/wp-content\/uploads\/2022\/07\/293658521_717330646038003_8884516168076529182_n.jpg'><img loading=\"lazy\" decoding=\"async\" width=\"150\" height=\"150\" src=\"https:\/\/www.radiopiu.net\/wordpress\/wp-content\/uploads\/2022\/07\/293658521_717330646038003_8884516168076529182_n-150x150.jpg\" class=\"attachment-thumbnail size-thumbnail\" alt=\"\" \/><\/a>\n\t\t\t\t<\/dt><\/dl><br style=\"clear: both\" \/><dl class='gallery-item'>\n\t\t\t\t<dt class='gallery-icon landscape'>\n\t\t\t\t\t<a class=\"rollover rollover-zoom dt-pswp-item\" title=\"294531116_322785403312086_4701624091895335230_n\" data-dt-img-description=\"\" data-large_image_width=\"629\" data-large_image_height=\"403\"href='https:\/\/www.radiopiu.net\/wordpress\/wp-content\/uploads\/2022\/07\/294531116_322785403312086_4701624091895335230_n.jpg'><img loading=\"lazy\" decoding=\"async\" width=\"150\" height=\"150\" src=\"https:\/\/www.radiopiu.net\/wordpress\/wp-content\/uploads\/2022\/07\/294531116_322785403312086_4701624091895335230_n-150x150.jpg\" class=\"attachment-thumbnail size-thumbnail\" alt=\"\" \/><\/a>\n\t\t\t\t<\/dt><\/dl><dl class='gallery-item'>\n\t\t\t\t<dt class='gallery-icon landscape'>\n\t\t\t\t\t<a class=\"rollover rollover-zoom dt-pswp-item\" title=\"294011466_716959749394143_5597011250084943280_n\" data-dt-img-description=\"\" data-large_image_width=\"613\" data-large_image_height=\"403\"href='https:\/\/www.radiopiu.net\/wordpress\/wp-content\/uploads\/2022\/07\/294011466_716959749394143_5597011250084943280_n.jpg'><img loading=\"lazy\" decoding=\"async\" width=\"150\" height=\"150\" src=\"https:\/\/www.radiopiu.net\/wordpress\/wp-content\/uploads\/2022\/07\/294011466_716959749394143_5597011250084943280_n-150x150.jpg\" class=\"attachment-thumbnail size-thumbnail\" alt=\"\" \/><\/a>\n\t\t\t\t<\/dt><\/dl><dl class='gallery-item'>\n\t\t\t\t<dt class='gallery-icon landscape'>\n\t\t\t\t\t<a class=\"rollover rollover-zoom dt-pswp-item\" title=\"293178739_1408804699595861_4443600164929344724_n\" data-dt-img-description=\"\" data-large_image_width=\"537\" data-large_image_height=\"403\"href='https:\/\/www.radiopiu.net\/wordpress\/wp-content\/uploads\/2022\/07\/293178739_1408804699595861_4443600164929344724_n.jpg'><img loading=\"lazy\" decoding=\"async\" width=\"150\" height=\"150\" src=\"https:\/\/www.radiopiu.net\/wordpress\/wp-content\/uploads\/2022\/07\/293178739_1408804699595861_4443600164929344724_n-150x150.jpg\" class=\"attachment-thumbnail size-thumbnail\" alt=\"\" \/><\/a>\n\t\t\t\t<\/dt><\/dl><dl class='gallery-item'>\n\t\t\t\t<dt class='gallery-icon landscape'>\n\t\t\t\t\t<a class=\"rollover rollover-zoom dt-pswp-item\" title=\"294503143_5712127548831650_4284155167529972425_n\" data-dt-img-description=\"\" data-large_image_width=\"595\" data-large_image_height=\"403\"href='https:\/\/www.radiopiu.net\/wordpress\/wp-content\/uploads\/2022\/07\/294503143_5712127548831650_4284155167529972425_n.jpg'><img loading=\"lazy\" decoding=\"async\" width=\"150\" height=\"150\" src=\"https:\/\/www.radiopiu.net\/wordpress\/wp-content\/uploads\/2022\/07\/294503143_5712127548831650_4284155167529972425_n-150x150.jpg\" class=\"attachment-thumbnail size-thumbnail\" alt=\"\" \/><\/a>\n\t\t\t\t<\/dt><\/dl><dl class='gallery-item'>\n\t\t\t\t<dt class='gallery-icon portrait'>\n\t\t\t\t\t<a class=\"rollover rollover-zoom dt-pswp-item\" title=\"295093474_578312697175562_8135542648150941593_n\" data-dt-img-description=\"\" data-large_image_width=\"320\" data-large_image_height=\"458\"href='https:\/\/www.radiopiu.net\/wordpress\/wp-content\/uploads\/2022\/07\/295093474_578312697175562_8135542648150941593_n.jpg'><img loading=\"lazy\" decoding=\"async\" width=\"150\" height=\"150\" src=\"https:\/\/www.radiopiu.net\/wordpress\/wp-content\/uploads\/2022\/07\/295093474_578312697175562_8135542648150941593_n-150x150.jpg\" class=\"attachment-thumbnail size-thumbnail\" alt=\"\" \/><\/a>\n\t\t\t\t<\/dt><\/dl><dl class='gallery-item'>\n\t\t\t\t<dt class='gallery-icon portrait'>\n\t\t\t\t\t<a class=\"rollover rollover-zoom dt-pswp-item\" title=\"293683933_1410531969358688_7313119149731435097_n\" data-dt-img-description=\"\" data-large_image_width=\"320\" data-large_image_height=\"477\"href='https:\/\/www.radiopiu.net\/wordpress\/wp-content\/uploads\/2022\/07\/293683933_1410531969358688_7313119149731435097_n.jpg'><img loading=\"lazy\" decoding=\"async\" width=\"150\" height=\"150\" src=\"https:\/\/www.radiopiu.net\/wordpress\/wp-content\/uploads\/2022\/07\/293683933_1410531969358688_7313119149731435097_n-150x150.jpg\" class=\"attachment-thumbnail size-thumbnail\" alt=\"\" \/><\/a>\n\t\t\t\t<\/dt><\/dl><br style=\"clear: both\" \/><dl class='gallery-item'>\n\t\t\t\t<dt class='gallery-icon portrait'>\n\t\t\t\t\t<a class=\"rollover rollover-zoom dt-pswp-item\" title=\"294378438_612027303573095_3658209426660189912_n\" data-dt-img-description=\"\" data-large_image_width=\"317\" data-large_image_height=\"480\"href='https:\/\/www.radiopiu.net\/wordpress\/wp-content\/uploads\/2022\/07\/294378438_612027303573095_3658209426660189912_n.jpg'><img loading=\"lazy\" decoding=\"async\" width=\"150\" height=\"150\" src=\"https:\/\/www.radiopiu.net\/wordpress\/wp-content\/uploads\/2022\/07\/294378438_612027303573095_3658209426660189912_n-150x150.jpg\" class=\"attachment-thumbnail size-thumbnail\" alt=\"\" \/><\/a>\n\t\t\t\t<\/dt><\/dl><dl class='gallery-item'>\n\t\t\t\t<dt class='gallery-icon portrait'>\n\t\t\t\t\t<a class=\"rollover rollover-zoom dt-pswp-item\" title=\"294026224_435264775153247_6146555876000935323_n\" data-dt-img-description=\"\" data-large_image_width=\"304\" data-large_image_height=\"480\"href='https:\/\/www.radiopiu.net\/wordpress\/wp-content\/uploads\/2022\/07\/294026224_435264775153247_6146555876000935323_n.jpg'><img loading=\"lazy\" decoding=\"async\" width=\"150\" height=\"150\" src=\"https:\/\/www.radiopiu.net\/wordpress\/wp-content\/uploads\/2022\/07\/294026224_435264775153247_6146555876000935323_n-150x150.jpg\" class=\"attachment-thumbnail size-thumbnail\" alt=\"\" \/><\/a>\n\t\t\t\t<\/dt><\/dl><dl class='gallery-item'>\n\t\t\t\t<dt class='gallery-icon landscape'>\n\t\t\t\t\t<a class=\"rollover rollover-zoom dt-pswp-item\" title=\"294575756_324151039836773_7427250664056463495_n\" data-dt-img-description=\"\" data-large_image_width=\"593\" data-large_image_height=\"403\"href='https:\/\/www.radiopiu.net\/wordpress\/wp-content\/uploads\/2022\/07\/294575756_324151039836773_7427250664056463495_n.jpg'><img loading=\"lazy\" decoding=\"async\" width=\"150\" height=\"150\" src=\"https:\/\/www.radiopiu.net\/wordpress\/wp-content\/uploads\/2022\/07\/294575756_324151039836773_7427250664056463495_n-150x150.jpg\" class=\"attachment-thumbnail size-thumbnail\" alt=\"\" \/><\/a>\n\t\t\t\t<\/dt><\/dl><dl class='gallery-item'>\n\t\t\t\t<dt class='gallery-icon portrait'>\n\t\t\t\t\t<a class=\"rollover rollover-zoom dt-pswp-item\" title=\"294821147_424096279648061_1287232290252960279_n\" data-dt-img-description=\"\" data-large_image_width=\"300\" data-large_image_height=\"414\"href='https:\/\/www.radiopiu.net\/wordpress\/wp-content\/uploads\/2022\/07\/294821147_424096279648061_1287232290252960279_n.jpg'><img loading=\"lazy\" decoding=\"async\" width=\"150\" height=\"150\" src=\"https:\/\/www.radiopiu.net\/wordpress\/wp-content\/uploads\/2022\/07\/294821147_424096279648061_1287232290252960279_n-150x150.jpg\" class=\"attachment-thumbnail size-thumbnail\" alt=\"\" \/><\/a>\n\t\t\t\t<\/dt><\/dl><dl class='gallery-item'>\n\t\t\t\t<dt class='gallery-icon landscape'>\n\t\t\t\t\t<a class=\"rollover rollover-zoom dt-pswp-item\" title=\"293528442_3408822706007848_7799644689374954200_n\" data-dt-img-description=\"\" data-large_image_width=\"490\" data-large_image_height=\"403\"href='https:\/\/www.radiopiu.net\/wordpress\/wp-content\/uploads\/2022\/07\/293528442_3408822706007848_7799644689374954200_n.jpg'><img loading=\"lazy\" decoding=\"async\" width=\"150\" height=\"150\" src=\"https:\/\/www.radiopiu.net\/wordpress\/wp-content\/uploads\/2022\/07\/293528442_3408822706007848_7799644689374954200_n-150x150.jpg\" class=\"attachment-thumbnail size-thumbnail\" alt=\"\" \/><\/a>\n\t\t\t\t<\/dt><\/dl><dl class='gallery-item'>\n\t\t\t\t<dt class='gallery-icon portrait'>\n\t\t\t\t\t<a class=\"rollover rollover-zoom dt-pswp-item\" title=\"293637403_719432919145451_6013670733668651076_n\" data-dt-img-description=\"\" data-large_image_width=\"311\" data-large_image_height=\"480\"href='https:\/\/www.radiopiu.net\/wordpress\/wp-content\/uploads\/2022\/07\/293637403_719432919145451_6013670733668651076_n.jpg'><img loading=\"lazy\" decoding=\"async\" width=\"150\" height=\"150\" src=\"https:\/\/www.radiopiu.net\/wordpress\/wp-content\/uploads\/2022\/07\/293637403_719432919145451_6013670733668651076_n-150x150.jpg\" class=\"attachment-thumbnail size-thumbnail\" alt=\"\" \/><\/a>\n\t\t\t\t<\/dt><\/dl><br style=\"clear: both\" \/>\n\t\t\t<\/div>\n\n<p>NELLE FOTO (riproduzioni dal libro di Fulvio Roiter: \u201cCansiglio. Bosco dei dogi\u201d): la copertina del volume; l\u2019autore, il grande fotografo Fulvio Roiter; lo scrittore Mario Rigoni Stern; primavera sui pascoli dell\u2019alto Alpago; propaggini orientali della foresta; Campo di Mezzo in primavera; i boschi artificiali ed innaturali defogliati a morte dal parassita dell\u2019abete rosso; Campo di Sopra: la leggenda vuole che Silla (138-78 avanti Cristo) abbia posto i propri accampamenti; fioritura primaverile dei pascoli del Cansiglio; fioritura di Sassifraghe; il Sedum acre \u00e8 ornamento frequente delle fessure delle rocce; la foresta con i suoi vecchi alberi ospita diverse specie di picchi; il gregge al pascolo si confonde con le rocce emergenti; Piane del Cansiglio (davanti) e di Valmenera (dietro) e sullo sfondo la parte alta dell\u2019Alpago; il mulo \u00e8 ancora oggi un efficace mezzo di trasporto della legna in foresta; legname prodotto dal bosco per l\u2019uomo; vista panoramica dalla cima del monte Pizzoch; vento e neve sottopongono gli alberi del bosco ad una continua selezione che risparmia solo i soggetti meglio adattati.<\/p>\n<p>&nbsp;<\/p>\n<p>&nbsp;<\/p>\n<hr \/>\n<p>&nbsp;<\/p>\n<h1><span style=\"color: #ff0000;\">IERI ALLA RADIO<\/span><\/h1>\n<h2><strong><a class=\"dt-pswp-item\" href=\"https:\/\/www.radiopiu.net\/wordpress\/wp-content\/uploads\/2020\/12\/DON-GIORGIO-LISE.jpg\" data-dt-img-description=\"\" data-large_image_width=\"1600\" data-large_image_height=\"901\"><img loading=\"lazy\" decoding=\"async\" class=\"size-thumbnail wp-image-177420 alignleft\" src=\"https:\/\/www.radiopiu.net\/wordpress\/wp-content\/uploads\/2020\/12\/DON-GIORGIO-LISE-150x150.jpg\" alt=\"\" width=\"150\" height=\"150\" \/><\/a><span style=\"color: #ff9900;\">DUE MINUTI PER TE<\/span><\/strong><\/h2>\n<p><strong>APPUNTAMENTO DEL FINE SETTIMANA CON MONSIGNOR GIORGIO LISE<\/strong><\/p>\n<audio class=\"wp-audio-shortcode\" id=\"audio-288757-4\" preload=\"none\" style=\"width: 100%;\" controls=\"controls\"><source type=\"audio\/mpeg\" src=\"https:\/\/www.radiopiu.net\/wordpress\/wp-content\/uploads\/2022\/07\/DON-GIORGIO-3.mp3?_=4\" \/><a href=\"https:\/\/www.radiopiu.net\/wordpress\/wp-content\/uploads\/2022\/07\/DON-GIORGIO-3.mp3\">https:\/\/www.radiopiu.net\/wordpress\/wp-content\/uploads\/2022\/07\/DON-GIORGIO-3.mp3<\/a><\/audio>\n<p>&nbsp;<\/p>\n<hr \/>\n<p>&nbsp;<\/p>\n<h2><span style=\"color: #808000;\">L&#8217;ALMANACCO LADINO\u00a0<\/span><\/h2>\n<p><strong>PUNTATA DEL 18 LUGLIO 2022<\/strong><\/p>\n<audio class=\"wp-audio-shortcode\" id=\"audio-288757-5\" preload=\"none\" style=\"width: 100%;\" controls=\"controls\"><source type=\"audio\/mpeg\" src=\"https:\/\/www.radiopiu.net\/wordpress\/wp-content\/uploads\/2022\/07\/88\u00b0Almanach-Ladin_fodom.mp3?_=5\" \/><a href=\"https:\/\/www.radiopiu.net\/wordpress\/wp-content\/uploads\/2022\/07\/88\u00b0Almanach-Ladin_fodom.mp3\">https:\/\/www.radiopiu.net\/wordpress\/wp-content\/uploads\/2022\/07\/88\u00b0Almanach-Ladin_fodom.mp3<\/a><\/audio>\n<p>&nbsp;<\/p>\n<p><strong>LA RACCOLTA\u00a0<\/strong><\/p>\n<blockquote class=\"wp-embedded-content\" data-secret=\"pr6dvtW2Cj\"><p><a href=\"https:\/\/www.radiopiu.net\/wordpress\/almanacco-ladino\/\">Almanacco Ladino<\/a><\/p><\/blockquote>\n<p><iframe loading=\"lazy\" class=\"wp-embedded-content\" sandbox=\"allow-scripts\" security=\"restricted\" style=\"position: absolute; clip: rect(1px, 1px, 1px, 1px);\" title=\"&#8220;Almanacco Ladino&#8221; &#8212; Radio Pi\u00f9\" src=\"https:\/\/www.radiopiu.net\/wordpress\/almanacco-ladino\/embed\/#?secret=TSj11r5zkO#?secret=pr6dvtW2Cj\" data-secret=\"pr6dvtW2Cj\" width=\"600\" height=\"338\" frameborder=\"0\" marginwidth=\"0\" marginheight=\"0\" scrolling=\"no\"><\/iframe><\/p>\n<p>&nbsp;<\/p>\n<hr \/>\n<p>&nbsp;<\/p>\n<h2><span style=\"color: #008080;\">&#8220;DINTORN E FORA VIA&#8221; A CURA DEL MUSLA, IL NUOVO PROGRAMMA\u00a0 \u00a0<\/span><\/h2>\n<p><strong><a class=\"dt-pswp-item\" href=\"https:\/\/www.radiopiu.net\/wordpress\/wp-content\/uploads\/2022\/07\/6f1a6003-1656-479c-aaa0-23ec141f2421.jpg\" data-dt-img-description=\"\" data-large_image_width=\"1024\" data-large_image_height=\"1024\"><img loading=\"lazy\" decoding=\"async\" class=\"size-thumbnail wp-image-287985 alignleft\" src=\"https:\/\/www.radiopiu.net\/wordpress\/wp-content\/uploads\/2022\/07\/6f1a6003-1656-479c-aaa0-23ec141f2421-150x150.jpg\" alt=\"\" width=\"150\" height=\"150\" srcset=\"https:\/\/www.radiopiu.net\/wordpress\/wp-content\/uploads\/2022\/07\/6f1a6003-1656-479c-aaa0-23ec141f2421-150x150.jpg 150w, https:\/\/www.radiopiu.net\/wordpress\/wp-content\/uploads\/2022\/07\/6f1a6003-1656-479c-aaa0-23ec141f2421-300x300.jpg 300w, https:\/\/www.radiopiu.net\/wordpress\/wp-content\/uploads\/2022\/07\/6f1a6003-1656-479c-aaa0-23ec141f2421-768x768.jpg 768w, https:\/\/www.radiopiu.net\/wordpress\/wp-content\/uploads\/2022\/07\/6f1a6003-1656-479c-aaa0-23ec141f2421.jpg 1024w\" sizes=\"auto, (max-width: 150px) 100vw, 150px\" \/><\/a><\/strong><\/p>\n<p><strong>PUNTATA DEL 19 LUGLIO 2022 &#8211;\u00a0 ELEONORA TROI<\/strong><\/p>\n<audio class=\"wp-audio-shortcode\" id=\"audio-288757-6\" preload=\"none\" style=\"width: 100%;\" controls=\"controls\"><source type=\"audio\/mpeg\" src=\"https:\/\/www.radiopiu.net\/wordpress\/wp-content\/uploads\/2022\/07\/MUSLA-2.mp3?_=6\" \/><a href=\"https:\/\/www.radiopiu.net\/wordpress\/wp-content\/uploads\/2022\/07\/MUSLA-2.mp3\">https:\/\/www.radiopiu.net\/wordpress\/wp-content\/uploads\/2022\/07\/MUSLA-2.mp3<\/a><\/audio>\n<p><strong>\u00a0<\/strong><strong>\u00a0<\/strong><\/p>\n<p><strong>LA RACCOLTA COMPLETA<\/strong><\/p>\n<blockquote class=\"wp-embedded-content\" data-secret=\"nH7jEMbOK1\"><p><a href=\"https:\/\/www.radiopiu.net\/wordpress\/musla\/\">MUSLA<\/a><\/p><\/blockquote>\n<p><iframe loading=\"lazy\" class=\"wp-embedded-content\" sandbox=\"allow-scripts\" security=\"restricted\" style=\"position: absolute; clip: rect(1px, 1px, 1px, 1px);\" title=\"&#8220;MUSLA&#8221; &#8212; Radio Pi\u00f9\" src=\"https:\/\/www.radiopiu.net\/wordpress\/musla\/embed\/#?secret=pA6T9rTR0z#?secret=nH7jEMbOK1\" data-secret=\"nH7jEMbOK1\" width=\"600\" height=\"338\" frameborder=\"0\" marginwidth=\"0\" marginheight=\"0\" scrolling=\"no\"><\/iframe><\/p>\n<p>&nbsp;<\/p>\n<p>&nbsp;<\/p>\n<hr \/>\n<p>&nbsp;<\/p>\n<div>\n<div class=\"b654a4as d2edcug0\">\n<div class=\"rq0escxv hkbzh7o3 jwdofwj8 n8tt0mok r8blr3vg hyh9befq\">\n<p><a class=\"dt-pswp-item\" href=\"https:\/\/www.radiopiu.net\/wordpress\/wp-content\/uploads\/2020\/10\/pp.jpg\" data-dt-img-description=\"\" data-large_image_width=\"640\" data-large_image_height=\"640\"><img loading=\"lazy\" decoding=\"async\" class=\"wp-image-163678 alignleft\" src=\"https:\/\/www.radiopiu.net\/wordpress\/wp-content\/uploads\/2020\/10\/pp-300x300.jpg\" alt=\"\" width=\"106\" height=\"106\" srcset=\"https:\/\/www.radiopiu.net\/wordpress\/wp-content\/uploads\/2020\/10\/pp-300x300.jpg 300w, https:\/\/www.radiopiu.net\/wordpress\/wp-content\/uploads\/2020\/10\/pp-150x150.jpg 150w, https:\/\/www.radiopiu.net\/wordpress\/wp-content\/uploads\/2020\/10\/pp-125x125.jpg 125w, https:\/\/www.radiopiu.net\/wordpress\/wp-content\/uploads\/2020\/10\/pp-200x200.jpg 200w, https:\/\/www.radiopiu.net\/wordpress\/wp-content\/uploads\/2020\/10\/pp-80x80.jpg 80w, https:\/\/www.radiopiu.net\/wordpress\/wp-content\/uploads\/2020\/10\/pp-480x480.jpg 480w, https:\/\/www.radiopiu.net\/wordpress\/wp-content\/uploads\/2020\/10\/pp.jpg 640w\" sizes=\"auto, (max-width: 106px) 100vw, 106px\" \/><\/a><\/p>\n<\/div>\n<\/div>\n<\/div>\n<div>\n<div class=\"page-title-head hgroup\">\n<div class=\"page-title-head hgroup\">\n<div class=\"b654a4as d2edcug0\">\n<div class=\"j83agx80 btwxx1t3 lhclo0ds hop8lmos nkwizq5d scwd0bx6 roh60bw9\">\n<div class=\"rq0escxv hkbzh7o3 jwdofwj8 n8tt0mok r8blr3vg hyh9befq\">\n<div class=\"do00u71z l9j0dhe7 k4urcfbm\">\n<h2><span style=\"color: #000080;\">DON CESARE, IL PENSIERO DEL GIORNO. ALLA RADIO ALLE 7 DEL MATTINO E ALLE 19.30 DELLA SERA.\u00a0<\/span><\/h2>\n<audio class=\"wp-audio-shortcode\" id=\"audio-288757-7\" preload=\"none\" style=\"width: 100%;\" controls=\"controls\"><source type=\"audio\/mpeg\" src=\"https:\/\/www.radiopiu.net\/wordpress\/wp-content\/uploads\/2022\/07\/CESARE-14.mp3?_=7\" \/><a href=\"https:\/\/www.radiopiu.net\/wordpress\/wp-content\/uploads\/2022\/07\/CESARE-14.mp3\">https:\/\/www.radiopiu.net\/wordpress\/wp-content\/uploads\/2022\/07\/CESARE-14.mp3<\/a><\/audio>\n<\/div>\n<\/div>\n<\/div>\n<\/div>\n<\/div>\n<\/div>\n<\/div>\n<div class=\"do00u71z l9j0dhe7 k4urcfbm\">\n<div class=\"page-title-head hgroup\">\n<div class=\"page-title-head hgroup\">\n<div class=\"b654a4as d2edcug0\">\n<div class=\"j83agx80 btwxx1t3 lhclo0ds hop8lmos nkwizq5d scwd0bx6 roh60bw9\">\n<div class=\"rq0escxv hkbzh7o3 jwdofwj8 n8tt0mok r8blr3vg hyh9befq\">\n<div class=\"do00u71z l9j0dhe7 k4urcfbm\">\n<div class=\"page-title-head hgroup\">\n<div class=\"page-title-head hgroup\">\n<div class=\"b654a4as d2edcug0\">\n<div class=\"j83agx80 btwxx1t3 lhclo0ds hop8lmos nkwizq5d scwd0bx6 roh60bw9\">\n<div class=\"rq0escxv hkbzh7o3 jwdofwj8 n8tt0mok r8blr3vg hyh9befq\">\n<div class=\"do00u71z l9j0dhe7 k4urcfbm\">\n<div class=\"ecm0bbzt e5nlhep0 a8c37x1j\">\n<div class=\"kvgmc6g5 cxmmr5t8 oygrvhab hcukyx3x c1et5uql\">\n<div class=\"gmail-kvgmc6g5 gmail-cxmmr5t8 gmail-oygrvhab gmail-hcukyx3x gmail-c1et5uql gmail-ii04i59q\">\n<div class=\"page-title-head hgroup\">\n<div class=\"page-title-head hgroup\">\n<div class=\"b654a4as d2edcug0\">\n<div class=\"j83agx80 btwxx1t3 lhclo0ds hop8lmos nkwizq5d scwd0bx6 roh60bw9\">\n<div class=\"rq0escxv hkbzh7o3 jwdofwj8 n8tt0mok r8blr3vg hyh9befq\">\n<div class=\"do00u71z l9j0dhe7 k4urcfbm\">\n<div class=\"page-title-head hgroup\">\n<div class=\"page-title-head hgroup\">\n<div class=\"b654a4as d2edcug0\">\n<div class=\"j83agx80 btwxx1t3 lhclo0ds hop8lmos nkwizq5d scwd0bx6 roh60bw9\">\n<div class=\"rq0escxv hkbzh7o3 jwdofwj8 n8tt0mok r8blr3vg hyh9befq\">\n<div class=\"do00u71z l9j0dhe7 k4urcfbm\">\n<div class=\"page-title-head hgroup\">\n<div class=\"page-title-head hgroup\">\n<div class=\"b654a4as d2edcug0\">\n<div class=\"j83agx80 btwxx1t3 lhclo0ds hop8lmos nkwizq5d scwd0bx6 roh60bw9\">\n<div class=\"rq0escxv hkbzh7o3 jwdofwj8 n8tt0mok r8blr3vg hyh9befq\">\n<div class=\"do00u71z l9j0dhe7 k4urcfbm\">\n<div class=\"ecm0bbzt e5nlhep0 a8c37x1j\">\n<div class=\"kvgmc6g5 cxmmr5t8 oygrvhab hcukyx3x c1et5uql\">\n<div class=\"gmail-kvgmc6g5 gmail-cxmmr5t8 gmail-oygrvhab gmail-hcukyx3x gmail-c1et5uql gmail-ii04i59q\">\n<div class=\"page-title-head hgroup\">\n<div class=\"page-title-head hgroup\">\n<div class=\"b654a4as d2edcug0\">\n<div class=\"j83agx80 btwxx1t3 lhclo0ds hop8lmos nkwizq5d scwd0bx6 roh60bw9\">\n<div class=\"rq0escxv hkbzh7o3 jwdofwj8 n8tt0mok r8blr3vg hyh9befq\">\n<div class=\"do00u71z l9j0dhe7 k4urcfbm\">\n<h3><\/h3>\n<p>&nbsp;<\/p>\n<hr \/>\n<p>&nbsp;<\/p>\n<p><span style=\"color: #0000ff;\">MUSICA PIU&#8217;\u00a0<\/span><\/p>\n<p><a href=\"https:\/\/www.radiopiu.net\/wordpress\/giornale-radiopiu-20-settembre-2021-direttore-mirko-mezzacasa\/pp-79\/\" rel=\"attachment wp-att-232921\"><img loading=\"lazy\" decoding=\"async\" class=\"wp-image-232921 alignleft\" src=\"https:\/\/www.radiopiu.net\/wordpress\/wp-content\/uploads\/2021\/09\/pp-1-300x300.jpg\" alt=\"\" width=\"135\" height=\"135\" srcset=\"https:\/\/www.radiopiu.net\/wordpress\/wp-content\/uploads\/2021\/09\/pp-1-300x300.jpg 300w, https:\/\/www.radiopiu.net\/wordpress\/wp-content\/uploads\/2021\/09\/pp-1-150x150.jpg 150w, https:\/\/www.radiopiu.net\/wordpress\/wp-content\/uploads\/2021\/09\/pp-1.jpg 640w\" sizes=\"auto, (max-width: 135px) 100vw, 135px\" \/><\/a><\/p>\n<div class=\"mkdf-post-text\">\n<div class=\"mkdf-post-text-inner\">\n<div class=\"mkdf-post-text-main\">\n<div class=\"mkdf-post-text\">\n<div class=\"mkdf-post-text-inner\">\n<div class=\"mkdf-post-text-main\">\n<div class=\"mkdf-post-text\">\n<div class=\"mkdf-post-text-inner\">\n<div class=\"mkdf-post-text-main\">\n<div class=\"page-title-head hgroup\">\n<div class=\"page-title-head hgroup\">\n<div class=\"mkdf-post-text\">\n<div class=\"mkdf-post-text-inner\">\n<div class=\"mkdf-post-text-main\">\n<div class=\"mkdf-post-text\">\n<div class=\"mkdf-post-text-inner\">\n<div class=\"mkdf-post-text-main\">\n<div class=\"page-title-head hgroup\">\n<div class=\"page-title-head hgroup\">\n<div class=\"page-title-head hgroup\">\n<div class=\"page-title-head hgroup\">\n<div class=\"b654a4as d2edcug0\">\n<div class=\"page-title-head hgroup\">\n<div class=\"page-title-head hgroup\">\n<div class=\"page-title-head hgroup\">\n<div class=\"page-title-head hgroup\">\n<div class=\"b654a4as d2edcug0\">\n<div class=\"page-title-head hgroup\">\n<div class=\"page-title-head hgroup\">\n<div class=\"page-title-head hgroup\">\n<div class=\"page-title-head hgroup\">\n<div class=\"b654a4as d2edcug0\">\n<div class=\"mkdf-post-text\">\n<div class=\"mkdf-post-text-inner\">\n<div class=\"mkdf-post-text-main\">\n<div class=\"mkdf-post-text\">\n<div class=\"mkdf-post-text-inner\">\n<div class=\"mkdf-post-text-main\">\n<div class=\"mkdf-post-text\">\n<div class=\"mkdf-post-text-inner\">\n<div class=\"mkdf-post-text-main\">\n<div class=\"page-title-head hgroup\">\n<div class=\"page-title-head hgroup\">\n<div class=\"mkdf-post-text\">\n<div class=\"mkdf-post-text-inner\">\n<div class=\"mkdf-post-text-main\">\n<div class=\"mkdf-post-text\">\n<div class=\"mkdf-post-text-inner\">\n<div class=\"mkdf-post-text-main\">\n<div class=\"page-title-head hgroup\">\n<div class=\"page-title-head hgroup\">\n<div class=\"page-title-head hgroup\">\n<div class=\"page-title-head hgroup\">\n<div class=\"b654a4as d2edcug0\">\n<div class=\"page-title-head hgroup\">\n<div class=\"page-title-head hgroup\">\n<div class=\"page-title-head hgroup\">\n<div class=\"page-title-head hgroup\">\n<div class=\"b654a4as d2edcug0\">\n<div class=\"page-title-head hgroup\">\n<div class=\"page-title-head hgroup\">\n<div class=\"page-title-head hgroup\">\n<div class=\"page-title-head hgroup\">\n<div class=\"b654a4as d2edcug0\">\n<div><\/div>\n<div><\/div>\n<div>\n<p><strong>MUSICA ALLA RADIO, IL PROGRAMMA DI LORIS SCUSSEL &#8220;COLLAGE OPERAZIONE NOSTALGIA&#8221; DAL LUNEDI AL VENERDI ALLE 16.00\u00a0 E ALLE 23\u00a0<\/strong><\/p>\n<\/div>\n<\/div>\n<p>&nbsp;<\/p>\n<p>&nbsp;<\/p>\n<p><strong><a class=\"dt-pswp-item\" href=\"https:\/\/www.radiopiu.net\/wordpress\/wp-content\/uploads\/2022\/07\/Sonny-e-Cher.jpg\" data-dt-img-description=\"\" data-large_image_width=\"355\" data-large_image_height=\"444\"><img loading=\"lazy\" decoding=\"async\" class=\" wp-image-288941 alignleft\" src=\"https:\/\/www.radiopiu.net\/wordpress\/wp-content\/uploads\/2022\/07\/Sonny-e-Cher-150x150.jpg\" alt=\"\" width=\"115\" height=\"115\" \/><\/a>di Loris Scussel<\/strong><\/p>\n<p>Proseguono le repliche di Collage Operazione Nostalgia che vedr\u00e0 prevalere le canzoni italiane nei programmi che andranno in onda il pomeriggio, a parte mercoled\u00ec dove lasceremo spazio alla musica di oltre oceano, mentre in seconda serata si alterneranno brani di musica internazionale e di casa nostra in particolare con una puntata dedicata al juke box. Collage va in onda dal luned\u00ec al venerd\u00ec alle 16,00 e alle 23,00 naturalmente su Radio Pi\u00f9.<\/p>\n<div class=\"b654a4as d2edcug0\"><\/div>\n<\/div>\n<\/div>\n<\/div>\n<\/div>\n<\/div>\n<\/div>\n<\/div>\n<\/div>\n<\/div>\n<\/div>\n<\/div>\n<\/div>\n<\/div>\n<\/div>\n<\/div>\n<\/div>\n<\/div>\n<\/div>\n<\/div>\n<\/div>\n<\/div>\n<\/div>\n<\/div>\n<\/div>\n<\/div>\n<\/div>\n<\/div>\n<\/div>\n<\/div>\n<\/div>\n<\/div>\n<\/div>\n<\/div>\n<\/div>\n<\/div>\n<\/div>\n<\/div>\n<\/div>\n<\/div>\n<\/div>\n<\/div>\n<\/div>\n<\/div>\n<\/div>\n<\/div>\n<\/div>\n<\/div>\n<\/div>\n<\/div>\n<\/div>\n<\/div>\n<\/div>\n<\/div>\n<\/div>\n<\/div>\n<\/div>\n<\/div>\n<\/div>\n<\/div>\n<\/div>\n<\/div>\n<\/div>\n<\/div>\n<div>\n<div class=\"page-title-head hgroup\">\n<div class=\"page-title-head hgroup\">\n<div class=\"page-title-head hgroup\">\n<div class=\"page-title-head hgroup\">\n<div class=\"b654a4as d2edcug0\">\n<div class=\"page-title-head hgroup\">\n<div class=\"page-title-head hgroup\">\n<div class=\"page-title-head hgroup\">\n<div class=\"page-title-head hgroup\">\n<div class=\"b654a4as d2edcug0\">\n<div class=\"page-title-head hgroup\">\n<div class=\"page-title-head hgroup\">\n<div class=\"page-title-head hgroup\">\n<div class=\"page-title-head hgroup\">\n<div class=\"page-title-head hgroup\">\n<div class=\"page-title-head hgroup\">\n<div class=\"page-title-head hgroup\">\n<div class=\"page-title-head hgroup\">\n<div class=\"page-title-head hgroup\">\n<div class=\"b654a4as d2edcug0\">\n<div class=\"page-title-head hgroup\">\n<div class=\"page-title-head hgroup\">\n<div class=\"page-title-head hgroup\">\n<div class=\"page-title-head hgroup\">\n<div class=\"b654a4as d2edcug0\">\n<div class=\"page-title-head hgroup\">\n<div class=\"page-title-head hgroup\">\n<div class=\"page-title-head hgroup\">\n<div class=\"page-title-head hgroup\">\n<div class=\"page-title-head hgroup\">\n<div class=\"mkdf-post-text\">\n<div class=\"mkdf-post-text-inner\">\n<div class=\"mkdf-post-text-main\">\n<div class=\"mkdf-post-text\">\n<div class=\"mkdf-post-text-inner\">\n<div class=\"mkdf-post-text-main\">\n<div class=\"mkdf-post-text\">\n<div class=\"mkdf-post-text-inner\">\n<div class=\"mkdf-post-text-main\">\n<div class=\"page-title-head hgroup\">\n<div class=\"page-title-head hgroup\">\n<div class=\"mkdf-post-text\">\n<div class=\"mkdf-post-text-inner\">\n<div class=\"mkdf-post-text-main\">\n<div class=\"mkdf-post-text\">\n<div class=\"mkdf-post-text-inner\">\n<div class=\"mkdf-post-text-main\">\n<div class=\"page-title-head hgroup\">\n<div class=\"page-title-head hgroup\">\n<div class=\"page-title-head hgroup\">\n<div class=\"page-title-head hgroup\">\n<div class=\"b654a4as d2edcug0\">\n<div class=\"page-title-head hgroup\">\n<div class=\"page-title-head hgroup\">\n<div class=\"page-title-head hgroup\">\n<div class=\"page-title-head hgroup\">\n<div class=\"b654a4as d2edcug0\">\n<div class=\"page-title-head hgroup\">\n<div class=\"page-title-head hgroup\">\n<div class=\"page-title-head hgroup\">\n<div>\n<div class=\"page-title-head hgroup\">\n<div class=\"page-title-head hgroup\">\n<div class=\"b654a4as d2edcug0\">\n<div class=\"j83agx80 btwxx1t3 lhclo0ds hop8lmos nkwizq5d scwd0bx6 roh60bw9\">\n<div class=\"rq0escxv hkbzh7o3 jwdofwj8 n8tt0mok r8blr3vg hyh9befq\">\n<div class=\"do00u71z l9j0dhe7 k4urcfbm\">\n<div class=\"page-title-head hgroup\">\n<div class=\"page-title-head hgroup\">\n<div class=\"b654a4as d2edcug0\">\n<div class=\"j83agx80 btwxx1t3 lhclo0ds hop8lmos nkwizq5d scwd0bx6 roh60bw9\">\n<div class=\"rq0escxv hkbzh7o3 jwdofwj8 n8tt0mok r8blr3vg hyh9befq\">\n<div class=\"do00u71z l9j0dhe7 k4urcfbm\">\n<div class=\"ecm0bbzt e5nlhep0 a8c37x1j\">\n<div class=\"kvgmc6g5 cxmmr5t8 oygrvhab hcukyx3x c1et5uql\">\n<div class=\"gmail-kvgmc6g5 gmail-cxmmr5t8 gmail-oygrvhab gmail-hcukyx3x gmail-c1et5uql gmail-ii04i59q\">\n<div class=\"page-title-head hgroup\">\n<div class=\"page-title-head hgroup\">\n<div class=\"b654a4as d2edcug0\">\n<div class=\"j83agx80 btwxx1t3 lhclo0ds hop8lmos nkwizq5d scwd0bx6 roh60bw9\">\n<div class=\"rq0escxv hkbzh7o3 jwdofwj8 n8tt0mok r8blr3vg hyh9befq\">\n<div class=\"do00u71z l9j0dhe7 k4urcfbm\">\n<div class=\"page-title-head hgroup\">\n<div class=\"page-title-head hgroup\">\n<div class=\"b654a4as d2edcug0\">\n<div class=\"j83agx80 btwxx1t3 lhclo0ds hop8lmos nkwizq5d scwd0bx6 roh60bw9\">\n<div class=\"rq0escxv hkbzh7o3 jwdofwj8 n8tt0mok r8blr3vg hyh9befq\">\n<div class=\"do00u71z l9j0dhe7 k4urcfbm\">\n<div class=\"page-title-head hgroup\">\n<div class=\"page-title-head hgroup\">\n<div class=\"b654a4as d2edcug0\">\n<div class=\"j83agx80 btwxx1t3 lhclo0ds hop8lmos nkwizq5d scwd0bx6 roh60bw9\">\n<div class=\"rq0escxv hkbzh7o3 jwdofwj8 n8tt0mok r8blr3vg hyh9befq\">\n<div class=\"do00u71z l9j0dhe7 k4urcfbm\">\n<div class=\"ecm0bbzt e5nlhep0 a8c37x1j\">\n<div class=\"kvgmc6g5 cxmmr5t8 oygrvhab hcukyx3x c1et5uql\">\n<div class=\"gmail-kvgmc6g5 gmail-cxmmr5t8 gmail-oygrvhab gmail-hcukyx3x gmail-c1et5uql gmail-ii04i59q\">\n<div class=\"page-title-head hgroup\">\n<div class=\"page-title-head hgroup\">\n<div class=\"b654a4as d2edcug0\">\n<div class=\"j83agx80 btwxx1t3 lhclo0ds hop8lmos nkwizq5d scwd0bx6 roh60bw9\">\n<div class=\"rq0escxv hkbzh7o3 jwdofwj8 n8tt0mok r8blr3vg hyh9befq\">\n<div class=\"do00u71z l9j0dhe7 k4urcfbm\">\n<div class=\"page-title-head hgroup\">\n<div class=\"page-title-head hgroup\">\n<div class=\"page-title-head hgroup\">\n<div class=\"page-title-head hgroup\">\n<div class=\"b654a4as d2edcug0\">\n<div class=\"page-title-head hgroup\">\n<div class=\"page-title-head hgroup\">\n<div class=\"page-title-head hgroup\">\n<div class=\"page-title-head hgroup\">\n<div class=\"b654a4as d2edcug0\">\n<div class=\"page-title-head hgroup\">\n<div class=\"page-title-head hgroup\">\n<div class=\"page-title-head hgroup\">\n<div class=\"page-title-head hgroup\">\n<div class=\"page-title-head hgroup\">\n<div class=\"page-title-head hgroup\">\n<div class=\"page-title-head hgroup\">\n<div class=\"page-title-head hgroup\">\n<div class=\"page-title-head hgroup\">\n<div class=\"b654a4as d2edcug0\">\n<div class=\"page-title-head hgroup\">\n<div class=\"page-title-head hgroup\">\n<div class=\"page-title-head hgroup\">\n<div class=\"page-title-head hgroup\">\n<div class=\"b654a4as d2edcug0\">\n<div class=\"page-title-head hgroup\">\n<div class=\"page-title-head hgroup\">\n<div class=\"page-title-head hgroup\">\n<div class=\"page-title-head hgroup\">\n<div class=\"page-title-head hgroup\">\n<div class=\"mkdf-post-text\">\n<div class=\"mkdf-post-text-inner\">\n<div class=\"mkdf-post-text-main\">\n<div class=\"mkdf-post-text\">\n<div class=\"mkdf-post-text-inner\">\n<div class=\"mkdf-post-text-main\">\n<div class=\"mkdf-post-text\">\n<div class=\"mkdf-post-text-inner\">\n<div class=\"mkdf-post-text-main\">\n<div class=\"page-title-head hgroup\">\n<div class=\"page-title-head hgroup\">\n<div class=\"mkdf-post-text\">\n<div class=\"mkdf-post-text-inner\">\n<div class=\"mkdf-post-text-main\">\n<div class=\"mkdf-post-text\">\n<div class=\"mkdf-post-text-inner\">\n<div class=\"mkdf-post-text-main\">\n<div class=\"page-title-head hgroup\">\n<div class=\"page-title-head hgroup\">\n<div class=\"page-title-head hgroup\">\n<div class=\"page-title-head hgroup\">\n<div class=\"b654a4as d2edcug0\">\n<div class=\"page-title-head hgroup\">\n<div class=\"page-title-head hgroup\">\n<div class=\"page-title-head hgroup\">\n<div class=\"page-title-head hgroup\">\n<div class=\"b654a4as d2edcug0\">\n<div class=\"page-title-head hgroup\">\n<div class=\"page-title-head hgroup\">\n<div class=\"page-title-head hgroup\">\n<div class=\"page-title-head hgroup\">\n<div class=\"b654a4as d2edcug0\">\n<div class=\"ecm0bbzt e5nlhep0 a8c37x1j\">\n<div class=\"kvgmc6g5 cxmmr5t8 oygrvhab hcukyx3x c1et5uql\">\n<div class=\"gmail-kvgmc6g5 gmail-cxmmr5t8 gmail-oygrvhab gmail-hcukyx3x gmail-c1et5uql gmail-ii04i59q\">\n<div class=\"page-title-head hgroup\">\n<div class=\"page-title-head hgroup\">\n<div class=\"b654a4as d2edcug0\">\n<div class=\"j83agx80 btwxx1t3 lhclo0ds hop8lmos nkwizq5d scwd0bx6 roh60bw9\">\n<div class=\"rq0escxv hkbzh7o3 jwdofwj8 n8tt0mok r8blr3vg hyh9befq\">\n<div class=\"do00u71z l9j0dhe7 k4urcfbm\">\n<div class=\"page-title-head hgroup\">\n<div class=\"page-title-head hgroup\">\n<div class=\"page-title-head hgroup\">\n<div class=\"page-title-head hgroup\">\n<div class=\"b654a4as d2edcug0\">\n<div class=\"page-title-head hgroup\">\n<div class=\"page-title-head hgroup\">\n<div class=\"page-title-head hgroup\">\n<div class=\"page-title-head hgroup\">\n<div class=\"b654a4as d2edcug0\">\n<div class=\"page-title-head hgroup\">\n<div class=\"page-title-head hgroup\">\n<div class=\"page-title-head hgroup\">\n<div class=\"page-title-head hgroup\">\n<div class=\"page-title-head hgroup\">\n<div class=\"page-title-head hgroup\">\n<div class=\"page-title-head hgroup\">\n<div class=\"page-title-head hgroup\">\n<div class=\"page-title-head hgroup\">\n<div class=\"b654a4as d2edcug0\">\n<div class=\"page-title-head hgroup\">\n<div class=\"page-title-head hgroup\">\n<div class=\"page-title-head hgroup\">\n<div class=\"page-title-head hgroup\">\n<div class=\"b654a4as d2edcug0\">\n<div class=\"page-title-head hgroup\">\n<div class=\"page-title-head hgroup\">\n<div class=\"page-title-head hgroup\">\n<div class=\"page-title-head hgroup\">\n<div class=\"page-title-head hgroup\">\n<div class=\"mkdf-post-text\">\n<div class=\"mkdf-post-text-inner\">\n<div class=\"mkdf-post-text-main\">\n<div class=\"mkdf-post-text\">\n<div class=\"mkdf-post-text-inner\">\n<div class=\"mkdf-post-text-main\">\n<div class=\"mkdf-post-text\">\n<div class=\"mkdf-post-text-inner\">\n<div class=\"mkdf-post-text-main\">\n<div class=\"page-title-head hgroup\">\n<div class=\"page-title-head hgroup\">\n<div class=\"mkdf-post-text\">\n<div class=\"mkdf-post-text-inner\">\n<div class=\"mkdf-post-text-main\">\n<div class=\"mkdf-post-text\">\n<div class=\"mkdf-post-text-inner\">\n<div class=\"mkdf-post-text-main\">\n<div class=\"page-title-head hgroup\">\n<div class=\"page-title-head hgroup\">\n<div class=\"page-title-head hgroup\">\n<div class=\"page-title-head hgroup\">\n<div class=\"b654a4as d2edcug0\">\n<div class=\"page-title-head hgroup\">\n<div class=\"page-title-head hgroup\">\n<div class=\"page-title-head hgroup\">\n<div class=\"page-title-head hgroup\">\n<div class=\"b654a4as d2edcug0\">\n<div class=\"page-title-head hgroup\">\n<div class=\"page-title-head hgroup\">\n<div class=\"page-title-head hgroup\">\n<div class=\"page-title-head hgroup\">\n<div class=\"b654a4as d2edcug0\">\n<div class=\"mkdf-post-text\">\n<div class=\"mkdf-post-text-inner\">\n<div class=\"mkdf-post-text-main\">\n<div class=\"mkdf-post-text\">\n<div class=\"mkdf-post-text-inner\">\n<div class=\"mkdf-post-text-main\">\n<div class=\"mkdf-post-text\">\n<div class=\"mkdf-post-text-inner\">\n<div class=\"mkdf-post-text-main\">\n<div class=\"page-title-head hgroup\">\n<div class=\"page-title-head hgroup\">\n<div class=\"mkdf-post-text\">\n<div class=\"mkdf-post-text-inner\">\n<div class=\"mkdf-post-text-main\">\n<div class=\"mkdf-post-text\">\n<div class=\"mkdf-post-text-inner\">\n<div class=\"mkdf-post-text-main\">\n<div class=\"page-title-head hgroup\">\n<div class=\"page-title-head hgroup\">\n<div class=\"page-title-head hgroup\">\n<div class=\"page-title-head hgroup\">\n<div class=\"b654a4as d2edcug0\">\n<div class=\"page-title-head hgroup\">\n<div class=\"page-title-head hgroup\">\n<div class=\"page-title-head hgroup\">\n<div class=\"page-title-head hgroup\">\n<div class=\"b654a4as d2edcug0\">\n<div class=\"page-title-head hgroup\">\n<div class=\"page-title-head hgroup\">\n<div class=\"page-title-head hgroup\">\n<div class=\"page-title-head hgroup\">\n<div class=\"b654a4as d2edcug0\">\n<hr \/>\n<p>&nbsp;<\/p>\n<div>\n<div class=\"page-title-head hgroup\">\n<div class=\"page-title-head hgroup\">\n<div class=\"b654a4as d2edcug0\">\n<div class=\"j83agx80 btwxx1t3 lhclo0ds hop8lmos nkwizq5d scwd0bx6 roh60bw9\">\n<div class=\"rq0escxv hkbzh7o3 jwdofwj8 n8tt0mok r8blr3vg hyh9befq\">\n<div class=\"do00u71z l9j0dhe7 k4urcfbm\">\n<div class=\"page-title-head hgroup\">\n<div class=\"page-title-head hgroup\">\n<div class=\"b654a4as d2edcug0\">\n<div class=\"j83agx80 btwxx1t3 lhclo0ds hop8lmos nkwizq5d scwd0bx6 roh60bw9\">\n<div class=\"rq0escxv hkbzh7o3 jwdofwj8 n8tt0mok r8blr3vg hyh9befq\">\n<div class=\"do00u71z l9j0dhe7 k4urcfbm\">\n<div class=\"ecm0bbzt e5nlhep0 a8c37x1j\">\n<div class=\"kvgmc6g5 cxmmr5t8 oygrvhab hcukyx3x c1et5uql\">\n<div class=\"gmail-kvgmc6g5 gmail-cxmmr5t8 gmail-oygrvhab gmail-hcukyx3x gmail-c1et5uql gmail-ii04i59q\">\n<div class=\"page-title-head hgroup\">\n<div class=\"page-title-head hgroup\">\n<div class=\"b654a4as d2edcug0\">\n<div class=\"j83agx80 btwxx1t3 lhclo0ds hop8lmos nkwizq5d scwd0bx6 roh60bw9\">\n<div class=\"rq0escxv hkbzh7o3 jwdofwj8 n8tt0mok r8blr3vg hyh9befq\">\n<div class=\"do00u71z l9j0dhe7 k4urcfbm\">\n<div class=\"page-title-head hgroup\">\n<div class=\"page-title-head hgroup\">\n<div class=\"b654a4as d2edcug0\">\n<div class=\"j83agx80 btwxx1t3 lhclo0ds hop8lmos nkwizq5d scwd0bx6 roh60bw9\">\n<div class=\"rq0escxv hkbzh7o3 jwdofwj8 n8tt0mok r8blr3vg hyh9befq\">\n<div class=\"do00u71z l9j0dhe7 k4urcfbm\">\n<div class=\"page-title-head hgroup\">\n<div class=\"page-title-head hgroup\">\n<div class=\"b654a4as d2edcug0\">\n<div class=\"j83agx80 btwxx1t3 lhclo0ds hop8lmos nkwizq5d scwd0bx6 roh60bw9\">\n<div class=\"rq0escxv hkbzh7o3 jwdofwj8 n8tt0mok r8blr3vg hyh9befq\">\n<div class=\"do00u71z l9j0dhe7 k4urcfbm\">\n<div class=\"ecm0bbzt e5nlhep0 a8c37x1j\">\n<div class=\"kvgmc6g5 cxmmr5t8 oygrvhab hcukyx3x c1et5uql\">\n<div class=\"gmail-kvgmc6g5 gmail-cxmmr5t8 gmail-oygrvhab gmail-hcukyx3x gmail-c1et5uql gmail-ii04i59q\">\n<div class=\"page-title-head hgroup\">\n<div class=\"page-title-head hgroup\">\n<div class=\"b654a4as d2edcug0\">\n<div class=\"j83agx80 btwxx1t3 lhclo0ds hop8lmos nkwizq5d scwd0bx6 roh60bw9\">\n<div class=\"rq0escxv hkbzh7o3 jwdofwj8 n8tt0mok r8blr3vg hyh9befq\">\n<div class=\"do00u71z l9j0dhe7 k4urcfbm\">\n<div class=\"page-title-head hgroup\">\n<div class=\"page-title-head hgroup\">\n<div class=\"page-title-head hgroup\">\n<div class=\"page-title-head hgroup\">\n<div class=\"b654a4as d2edcug0\">\n<div class=\"page-title-head hgroup\">\n<div class=\"page-title-head hgroup\">\n<div class=\"page-title-head hgroup\">\n<div class=\"page-title-head hgroup\">\n<div class=\"b654a4as d2edcug0\">\n<div class=\"page-title-head hgroup\">\n<div class=\"page-title-head hgroup\">\n<div class=\"page-title-head hgroup\">\n<div class=\"page-title-head hgroup\">\n<div class=\"page-title-head hgroup\">\n<div class=\"page-title-head hgroup\">\n<div class=\"page-title-head hgroup\">\n<div class=\"page-title-head hgroup\">\n<div class=\"page-title-head hgroup\">\n<div class=\"b654a4as d2edcug0\">\n<div class=\"page-title-head hgroup\">\n<div class=\"page-title-head hgroup\">\n<div class=\"page-title-head hgroup\">\n<div class=\"page-title-head hgroup\">\n<div class=\"b654a4as d2edcug0\">\n<div class=\"page-title-head hgroup\">\n<div class=\"page-title-head hgroup\">\n<div class=\"page-title-head hgroup\">\n<div class=\"page-title-head hgroup\">\n<div class=\"page-title-head hgroup\">\n<div class=\"mkdf-post-text\">\n<div class=\"mkdf-post-text-inner\">\n<div class=\"mkdf-post-text-main\">\n<div class=\"mkdf-post-text\">\n<div class=\"mkdf-post-text-inner\">\n<div class=\"mkdf-post-text-main\">\n<div class=\"mkdf-post-text\">\n<div class=\"mkdf-post-text-inner\">\n<div class=\"mkdf-post-text-main\">\n<div class=\"page-title-head hgroup\">\n<div class=\"page-title-head hgroup\">\n<div class=\"mkdf-post-text\">\n<div class=\"mkdf-post-text-inner\">\n<div class=\"mkdf-post-text-main\">\n<div class=\"mkdf-post-text\">\n<div class=\"mkdf-post-text-inner\">\n<div class=\"mkdf-post-text-main\">\n<div class=\"page-title-head hgroup\">\n<div class=\"page-title-head hgroup\">\n<div class=\"page-title-head hgroup\">\n<div class=\"page-title-head hgroup\">\n<div class=\"b654a4as d2edcug0\">\n<div class=\"page-title-head hgroup\">\n<div class=\"page-title-head hgroup\">\n<div class=\"page-title-head hgroup\">\n<div class=\"page-title-head hgroup\">\n<div class=\"b654a4as d2edcug0\">\n<div class=\"page-title-head hgroup\">\n<div class=\"page-title-head hgroup\">\n<div class=\"page-title-head hgroup\">\n<div class=\"page-title-head hgroup\">\n<div class=\"b654a4as d2edcug0\">\n<div class=\"ecm0bbzt e5nlhep0 a8c37x1j\">\n<div class=\"kvgmc6g5 cxmmr5t8 oygrvhab hcukyx3x c1et5uql\">\n<div class=\"gmail-kvgmc6g5 gmail-cxmmr5t8 gmail-oygrvhab gmail-hcukyx3x gmail-c1et5uql gmail-ii04i59q\">\n<div class=\"page-title-head hgroup\">\n<div class=\"page-title-head hgroup\">\n<div class=\"b654a4as d2edcug0\">\n<div class=\"j83agx80 btwxx1t3 lhclo0ds hop8lmos nkwizq5d scwd0bx6 roh60bw9\">\n<div class=\"rq0escxv hkbzh7o3 jwdofwj8 n8tt0mok r8blr3vg hyh9befq\">\n<div class=\"do00u71z l9j0dhe7 k4urcfbm\">\n<div class=\"page-title-head hgroup\">\n<div class=\"page-title-head hgroup\">\n<div class=\"page-title-head hgroup\">\n<div class=\"page-title-head hgroup\">\n<div class=\"b654a4as d2edcug0\">\n<div class=\"page-title-head hgroup\">\n<div class=\"page-title-head hgroup\">\n<div class=\"page-title-head hgroup\">\n<div class=\"page-title-head hgroup\">\n<div class=\"b654a4as d2edcug0\">\n<div class=\"page-title-head hgroup\">\n<div class=\"page-title-head hgroup\">\n<div class=\"page-title-head hgroup\">\n<div class=\"page-title-head hgroup\">\n<div class=\"page-title-head hgroup\">\n<div class=\"page-title-head hgroup\">\n<div class=\"page-title-head hgroup\">\n<div class=\"page-title-head hgroup\">\n<div class=\"page-title-head hgroup\">\n<div class=\"b654a4as d2edcug0\">\n<div class=\"page-title-head hgroup\">\n<div class=\"page-title-head hgroup\">\n<div class=\"page-title-head hgroup\">\n<div class=\"page-title-head hgroup\">\n<div class=\"b654a4as d2edcug0\">\n<div class=\"page-title-head hgroup\">\n<div class=\"page-title-head hgroup\">\n<div class=\"page-title-head hgroup\">\n<div class=\"page-title-head hgroup\">\n<div class=\"page-title-head hgroup\">\n<div class=\"mkdf-post-text\">\n<div class=\"mkdf-post-text-inner\">\n<div class=\"mkdf-post-text-main\">\n<div class=\"mkdf-post-text\">\n<div class=\"mkdf-post-text-inner\">\n<div class=\"mkdf-post-text-main\">\n<div class=\"mkdf-post-text\">\n<div class=\"mkdf-post-text-inner\">\n<div class=\"mkdf-post-text-main\">\n<div class=\"page-title-head hgroup\">\n<div class=\"page-title-head hgroup\">\n<div class=\"mkdf-post-text\">\n<div class=\"mkdf-post-text-inner\">\n<div class=\"mkdf-post-text-main\">\n<div class=\"mkdf-post-text\">\n<div class=\"mkdf-post-text-inner\">\n<div class=\"mkdf-post-text-main\">\n<div class=\"page-title-head hgroup\">\n<div class=\"page-title-head hgroup\">\n<div class=\"page-title-head hgroup\">\n<div class=\"page-title-head hgroup\">\n<div class=\"b654a4as d2edcug0\">\n<div class=\"page-title-head hgroup\">\n<div class=\"page-title-head hgroup\">\n<div class=\"page-title-head hgroup\">\n<div class=\"page-title-head hgroup\">\n<div class=\"b654a4as d2edcug0\">\n<div class=\"page-title-head hgroup\">\n<div class=\"page-title-head hgroup\">\n<div class=\"page-title-head hgroup\">\n<div class=\"page-title-head hgroup\">\n<div class=\"b654a4as d2edcug0\">\n<div>\n<h2><span style=\"color: #99cc00;\"><strong>DUE MINUTI UN LIBRO, TUTTI I GIORNI ALLA RADIO ALLE 9.40 E ALLE 17.50\u00a0 <\/strong><\/span><\/h2>\n<p><strong>LA RACCOLTA COMPLETA\u00a0 \u00a0<\/strong><\/p>\n<div>\n<blockquote class=\"wp-embedded-content\" data-secret=\"rKL5I9KSQR\"><p><a href=\"https:\/\/www.radiopiu.net\/wordpress\/due-minuti-un-libro\/\">Due minuti un libro<\/a><\/p><\/blockquote>\n<p><iframe loading=\"lazy\" class=\"wp-embedded-content\" sandbox=\"allow-scripts\" security=\"restricted\" style=\"position: absolute; clip: rect(1px, 1px, 1px, 1px);\" title=\"&#8220;Due minuti un libro&#8221; &#8212; Radio Pi\u00f9\" src=\"https:\/\/www.radiopiu.net\/wordpress\/due-minuti-un-libro\/embed\/#?secret=iOA9XETQkm#?secret=rKL5I9KSQR\" data-secret=\"rKL5I9KSQR\" width=\"600\" height=\"338\" frameborder=\"0\" marginwidth=\"0\" marginheight=\"0\" scrolling=\"no\"><\/iframe><\/p>\n<\/div>\n<\/div>\n<div class=\"mkdf-post-text\">\n<div class=\"mkdf-post-text-inner\">\n<div class=\"mkdf-post-text-main\">\n<div class=\"mkdf-post-text\">\n<div class=\"mkdf-post-text-inner\">\n<div class=\"mkdf-post-text-main\">\n<div class=\"mkdf-post-text\">\n<div class=\"mkdf-post-text-inner\">\n<div class=\"mkdf-post-text-main\">\n<div class=\"page-title-head hgroup\">\n<div class=\"page-title-head hgroup\">\n<div class=\"mkdf-post-text\">\n<div class=\"mkdf-post-text-inner\">\n<div class=\"mkdf-post-text-main\">\n<div class=\"mkdf-post-text\">\n<div class=\"mkdf-post-text-inner\">\n<div class=\"mkdf-post-text-main\">\n<div class=\"page-title-head hgroup\">\n<div class=\"page-title-head hgroup\">\n<div class=\"page-title-head hgroup\">\n<div class=\"page-title-head hgroup\">\n<div class=\"b654a4as d2edcug0\">\n<div><\/div>\n<p>&nbsp;<\/p>\n<hr \/>\n<p>&nbsp;<\/p>\n<h2><span style=\"color: #33cccc;\">LA RASSEGNA STAMPA DA L&#8217;AMICO DEL POPOLO<\/span><\/h2>\n<p><strong>di Gianni Santomaso<\/strong><img loading=\"lazy\" decoding=\"async\" class=\"size-thumbnail wp-image-158273 alignleft\" src=\"https:\/\/www.radiopiu.net\/wordpress\/wp-content\/uploads\/2020\/08\/montagna-2020-150x150.jpg\" alt=\"\" width=\"150\" height=\"150\" srcset=\"https:\/\/www.radiopiu.net\/wordpress\/wp-content\/uploads\/2020\/08\/montagna-2020-150x150.jpg 150w, https:\/\/www.radiopiu.net\/wordpress\/wp-content\/uploads\/2020\/08\/montagna-2020-125x125.jpg 125w, https:\/\/www.radiopiu.net\/wordpress\/wp-content\/uploads\/2020\/08\/montagna-2020-200x200.jpg 200w, https:\/\/www.radiopiu.net\/wordpress\/wp-content\/uploads\/2020\/08\/montagna-2020-80x80.jpg 80w\" sizes=\"auto, (max-width: 150px) 100vw, 150px\" \/><\/p>\n<p>OSPITE: Denis Dal Soler<\/p>\n<audio class=\"wp-audio-shortcode\" id=\"audio-288757-8\" preload=\"none\" style=\"width: 100%;\" controls=\"controls\"><source type=\"audio\/mpeg\" src=\"https:\/\/www.radiopiu.net\/wordpress\/wp-content\/uploads\/2022\/07\/RASSEGNA-GIANNI-PER-SITO.mp3?_=8\" \/><a href=\"https:\/\/www.radiopiu.net\/wordpress\/wp-content\/uploads\/2022\/07\/RASSEGNA-GIANNI-PER-SITO.mp3\">https:\/\/www.radiopiu.net\/wordpress\/wp-content\/uploads\/2022\/07\/RASSEGNA-GIANNI-PER-SITO.mp3<\/a><\/audio>\n<p>&nbsp;<\/p>\n<p><strong>LA RACCOLTA COMPLETA\u00a0<\/strong><\/p>\n<p>&nbsp;<\/p>\n<blockquote class=\"wp-embedded-content\" data-secret=\"2OXCFpqjVi\"><p><a href=\"https:\/\/www.radiopiu.net\/wordpress\/rassegna-stampa-di-gianni-santomaso\/\">Rassegna stampa da l&#8217;amico del popolo &#8211; di Gianni Santomaso<\/a><\/p><\/blockquote>\n<p><iframe loading=\"lazy\" class=\"wp-embedded-content\" sandbox=\"allow-scripts\" security=\"restricted\" style=\"position: absolute; clip: rect(1px, 1px, 1px, 1px);\" title=\"&#8220;Rassegna stampa da l&#8217;amico del popolo &#8211; di Gianni Santomaso&#8221; &#8212; Radio Pi\u00f9\" src=\"https:\/\/www.radiopiu.net\/wordpress\/rassegna-stampa-di-gianni-santomaso\/embed\/#?secret=ifDqjq4y5L#?secret=2OXCFpqjVi\" data-secret=\"2OXCFpqjVi\" width=\"600\" height=\"338\" frameborder=\"0\" marginwidth=\"0\" marginheight=\"0\" scrolling=\"no\"><\/iframe><\/p>\n<p>&nbsp;<\/p>\n<hr \/>\n<p>&nbsp;<\/p>\n<blockquote>\n<h2 class=\"page-title-head hgroup\">\u00a0I RACCONTI DI PAOLO SOPPELSA<\/h2>\n<\/blockquote>\n<p>&nbsp;<\/p>\n<p><strong>LA RACCOLTA COMPLETA<\/strong><\/p>\n<blockquote class=\"wp-embedded-content\" data-secret=\"b4fehhRavm\"><p><a href=\"https:\/\/www.radiopiu.net\/wordpress\/i-racconti-di-paolo-soppelsa\/\">I racconti di Paolo Soppelsa<\/a><\/p><\/blockquote>\n<p><iframe loading=\"lazy\" class=\"wp-embedded-content\" sandbox=\"allow-scripts\" security=\"restricted\" style=\"position: absolute; clip: rect(1px, 1px, 1px, 1px);\" title=\"&#8220;I racconti di Paolo Soppelsa&#8221; &#8212; Radio Pi\u00f9\" src=\"https:\/\/www.radiopiu.net\/wordpress\/i-racconti-di-paolo-soppelsa\/embed\/#?secret=rd9BaTrPlM#?secret=b4fehhRavm\" data-secret=\"b4fehhRavm\" width=\"600\" height=\"338\" frameborder=\"0\" marginwidth=\"0\" marginheight=\"0\" scrolling=\"no\"><\/iframe><\/p>\n<p>&nbsp;<\/p>\n<hr \/>\n<p>&nbsp;<\/p>\n<\/div>\n<\/div>\n<\/div>\n<\/div>\n<\/div>\n<\/div>\n<\/div>\n<\/div>\n<\/div>\n<\/div>\n<\/div>\n<\/div>\n<\/div>\n<\/div>\n<\/div>\n<\/div>\n<\/div>\n<\/div>\n<\/div>\n<\/div>\n<\/div>\n<\/div>\n<\/div>\n<\/div>\n<\/div>\n<\/div>\n<\/div>\n<\/div>\n<\/div>\n<\/div>\n<\/div>\n<\/div>\n<\/div>\n<\/div>\n<\/div>\n<\/div>\n<\/div>\n<\/div>\n<\/div>\n<\/div>\n<\/div>\n<\/div>\n<\/div>\n<\/div>\n<\/div>\n<\/div>\n<\/div>\n<\/div>\n<\/div>\n<\/div>\n<\/div>\n<\/div>\n<\/div>\n<\/div>\n<\/div>\n<\/div>\n<\/div>\n<\/div>\n<\/div>\n<\/div>\n<\/div>\n<\/div>\n<\/div>\n<\/div>\n<\/div>\n<\/div>\n<\/div>\n<\/div>\n<\/div>\n<\/div>\n<\/div>\n<\/div>\n<\/div>\n<\/div>\n<\/div>\n<\/div>\n<\/div>\n<\/div>\n<\/div>\n<\/div>\n<\/div>\n<\/div>\n<\/div>\n<\/div>\n<\/div>\n<\/div>\n<\/div>\n<\/div>\n<\/div>\n<\/div>\n<\/div>\n<\/div>\n<\/div>\n<\/div>\n<\/div>\n<\/div>\n<\/div>\n<\/div>\n<\/div>\n<\/div>\n<\/div>\n<\/div>\n<\/div>\n<\/div>\n<\/div>\n<\/div>\n<\/div>\n<\/div>\n<\/div>\n<\/div>\n<\/div>\n<\/div>\n<\/div>\n<\/div>\n<\/div>\n<\/div>\n<\/div>\n<\/div>\n<\/div>\n<\/div>\n<\/div>\n<\/div>\n<\/div>\n<\/div>\n<\/div>\n<\/div>\n<\/div>\n<\/div>\n<\/div>\n<\/div>\n<\/div>\n<\/div>\n<\/div>\n<\/div>\n<\/div>\n<\/div>\n<\/div>\n<\/div>\n<\/div>\n<\/div>\n<\/div>\n<\/div>\n<\/div>\n<\/div>\n<\/div>\n<\/div>\n<\/div>\n<\/div>\n<\/div>\n<\/div>\n<\/div>\n<\/div>\n<\/div>\n<\/div>\n<\/div>\n<\/div>\n<\/div>\n<\/div>\n<\/div>\n<\/div>\n<\/div>\n<\/div>\n<\/div>\n<\/div>\n<\/div>\n<\/div>\n<\/div>\n<\/div>\n<\/div>\n<\/div>\n<\/div>\n<\/div>\n<\/div>\n<\/div>\n<\/div>\n<\/div>\n<\/div>\n<\/div>\n<\/div>\n<\/div>\n<\/div>\n<\/div>\n<\/div>\n<\/div>\n<\/div>\n<\/div>\n<\/div>\n<\/div>\n<\/div>\n<\/div>\n<\/div>\n<\/div>\n<\/div>\n<\/div>\n<\/div>\n<\/div>\n<\/div>\n<\/div>\n<\/div>\n<\/div>\n<\/div>\n<\/div>\n<\/div>\n<\/div>\n<\/div>\n<\/div>\n<\/div>\n<\/div>\n<\/div>\n<\/div>\n<\/div>\n<\/div>\n<\/div>\n<\/div>\n<\/div>\n<\/div>\n<\/div>\n<\/div>\n<\/div>\n<\/div>\n<\/div>\n<\/div>\n<\/div>\n<\/div>\n<\/div>\n<\/div>\n<\/div>\n<\/div>\n<\/div>\n<\/div>\n<\/div>\n<div class=\"b654a4as d2edcug0\">\n<div class=\"ecm0bbzt e5nlhep0 a8c37x1j\">\n<div class=\"kvgmc6g5 cxmmr5t8 oygrvhab hcukyx3x c1et5uql\">\n<div class=\"gmail-kvgmc6g5 gmail-cxmmr5t8 gmail-oygrvhab gmail-hcukyx3x gmail-c1et5uql gmail-ii04i59q\">\n<div>\n<div class=\"page-title-head hgroup\">\n<div class=\"page-title-head hgroup\">\n<div class=\"b654a4as d2edcug0\">\n<div class=\"j83agx80 btwxx1t3 lhclo0ds hop8lmos nkwizq5d scwd0bx6 roh60bw9\">\n<div class=\"rq0escxv hkbzh7o3 jwdofwj8 n8tt0mok r8blr3vg hyh9befq\">\n<div class=\"do00u71z l9j0dhe7 k4urcfbm\">\n<div>\n<div class=\"page-title-head hgroup\">\n<div class=\"page-title-head hgroup\">\n<div class=\"page-title-head hgroup\">\n<div class=\"page-title-head hgroup\">\n<div class=\"b654a4as d2edcug0\">\n<div class=\"page-title-head hgroup\">\n<div class=\"page-title-head hgroup\">\n<div class=\"page-title-head hgroup\">\n<div class=\"page-title-head hgroup\">\n<div class=\"b654a4as d2edcug0\">\n<div class=\"page-title-head hgroup\">\n<div class=\"page-title-head hgroup\">\n<div class=\"page-title-head hgroup\">\n<div class=\"page-title-head hgroup\">\n<div class=\"page-title-head hgroup\">\n<div class=\"mkdf-post-text\">\n<div class=\"mkdf-post-text-inner\">\n<div class=\"mkdf-post-text-main\">\n<div class=\"mkdf-post-text\">\n<div class=\"mkdf-post-text-inner\">\n<div class=\"mkdf-post-text-main\">\n<div class=\"mkdf-post-text\">\n<div class=\"mkdf-post-text-inner\">\n<div class=\"mkdf-post-text-main\">\n<div class=\"page-title-head hgroup\">\n<div class=\"page-title-head hgroup\">\n<div class=\"mkdf-post-text\">\n<div class=\"mkdf-post-text-inner\">\n<div class=\"mkdf-post-text-main\">\n<div class=\"mkdf-post-text\">\n<div class=\"mkdf-post-text-inner\">\n<div class=\"mkdf-post-text-main\">\n<div>\n<div class=\"page-title-head hgroup\">\n<div class=\"page-title-head hgroup\">\n<div>\n<div class=\"page-title-head hgroup\">\n<div class=\"page-title-head hgroup\">\n<div class=\"b654a4as d2edcug0\">\n<div>\n<div class=\"page-title-head hgroup\" style=\"text-align: left;\">\n<div class=\"page-title-head hgroup\">\n<div dir=\"auto\">\n<p><a class=\"dt-pswp-item pspw-wrap-ready\" href=\"https:\/\/i0.wp.com\/www.radiopiu.net\/wordpress\/wp-content\/uploads\/2018\/09\/WhatsApp-Image-2018-09-20-at-16.04.06.jpeg?ssl=1\" data-dt-img-description=\"\" data-large_image_width=\"800\" data-large_image_height=\"100\"><img loading=\"lazy\" decoding=\"async\" class=\"aligncenter wp-image-61378 size-full jetpack-lazy-image jetpack-lazy-image--handled\" src=\"https:\/\/i0.wp.com\/www.radiopiu.net\/wordpress\/wp-content\/uploads\/2018\/09\/WhatsApp-Image-2018-09-20-at-16.04.06.jpeg?resize=800%2C100&amp;ssl=1\" sizes=\"auto, (max-width: 800px) 100vw, 800px\" srcset=\"https:\/\/i0.wp.com\/www.radiopiu.net\/wordpress\/wp-content\/uploads\/2018\/09\/WhatsApp-Image-2018-09-20-at-16.04.06.jpeg?w=800&amp;ssl=1 800w, https:\/\/i0.wp.com\/www.radiopiu.net\/wordpress\/wp-content\/uploads\/2018\/09\/WhatsApp-Image-2018-09-20-at-16.04.06.jpeg?resize=300%2C38&amp;ssl=1 300w, https:\/\/i0.wp.com\/www.radiopiu.net\/wordpress\/wp-content\/uploads\/2018\/09\/WhatsApp-Image-2018-09-20-at-16.04.06.jpeg?resize=768%2C96&amp;ssl=1 768w\" alt=\"\" width=\"800\" height=\"100\" data-lazy-loaded=\"1\" \/><\/a><\/p>\n<\/div>\n<\/div>\n<\/div>\n<\/div>\n<\/div>\n<\/div>\n<\/div>\n<\/div>\n<\/div>\n<\/div>\n<\/div>\n<\/div>\n<\/div>\n<\/div>\n<\/div>\n<\/div>\n<\/div>\n<\/div>\n<\/div>\n<\/div>\n<\/div>\n<\/div>\n<\/div>\n<\/div>\n<\/div>\n<\/div>\n<\/div>\n<\/div>\n<\/div>\n<\/div>\n<\/div>\n<\/div>\n<\/div>\n<\/div>\n<\/div>\n<\/div>\n<\/div>\n<\/div>\n<\/div>\n<\/div>\n<\/div>\n<\/div>\n<\/div>\n<\/div>\n<\/div>\n<\/div>\n<\/div>\n<\/div>\n<\/div>\n<\/div>\n<\/div>\n<\/div>\n<\/div>\n<\/div>\n<\/div>\n<\/div>\n<\/div>\n<\/div>\n<\/div>\n<\/div>\n<\/div>\n<\/div>\n<\/div>\n<\/div>\n<\/div>\n<\/div>\n<\/div>\n<\/div>\n<\/div>\n<\/div>\n<\/div>\n<\/div>\n<\/div>\n<\/div>\n<\/div>\n<\/div>\n<\/div>\n<\/div>\n<\/div>\n<\/div>\n<\/div>\n<\/div>\n<\/div>\n<\/div>\n<\/div>\n<\/div>\n<\/div>\n<\/div>\n<\/div>\n<\/div>\n<\/div>\n<\/div>\n<\/div>\n<\/div>\n<\/div>\n<\/div>\n<\/div>\n<\/div>\n<\/div>\n<\/div>\n<\/div>\n<\/div>\n<\/div>\n<\/div>\n<\/div>\n<\/div>\n<\/div>\n<\/div>\n<\/div>\n<\/div>\n<\/div>\n<\/div>\n<\/div>\n<\/div>\n<\/div>\n<\/div>\n<\/div>\n<\/div>\n<\/div>\n<\/div>\n<\/div>\n<\/div>\n<\/div>\n<\/div>\n<\/div>\n<\/div>\n<\/div>\n<\/div>\n<\/div>\n<\/div>\n<\/div>\n<\/div>\n<\/div>\n<\/div>\n<\/div>\n<\/div>\n<\/div>\n<\/div>\n<\/div>\n<\/div>\n<\/div>\n<\/div>\n<\/div>\n<\/div>\n<\/div>\n<\/div>\n<\/div>\n<\/div>\n<\/div>\n<\/div>\n<\/div>\n<\/div>\n<\/div>\n<\/div>\n<\/div>\n<\/div>\n<\/div>\n<\/div>\n<\/div>\n<\/div>\n<\/div>\n<\/div>\n<\/div>\n<\/div>\n<\/div>\n<\/div>\n<\/div>\n<\/div>\n<\/div>\n<\/div>\n<\/div>\n<\/div>\n<\/div>\n<\/div>\n<\/div>\n<\/div>\n<\/div>\n<\/div>\n<\/div>\n<\/div>\n<\/div>\n<\/div>\n<\/div>\n<\/div>\n<\/div>\n<\/div>\n<\/div>\n<\/div>\n<\/div>\n<\/div>\n<\/div>\n<\/div>\n<\/div>\n<\/div>\n<\/div>\n<\/div>\n<\/div>\n<\/div>\n<\/div>\n<\/div>\n<\/div>\n<\/div>\n<\/div>\n<\/div>\n<\/div>\n<\/div>\n<\/div>\n<\/div>\n<\/div>\n<\/div>\n<\/div>\n<\/div>\n<\/div>\n<\/div>\n<\/div>\n<\/div>\n<\/div>\n<\/div>\n<\/div>\n<\/div>\n<\/div>\n<\/div>\n<\/div>\n<\/div>\n<\/div>\n<\/div>\n<\/div>\n<\/div>\n<\/div>\n<\/div>\n<div style=\"text-align: left;\">\n<p>&nbsp;<\/p>\n<p><center><b>Lunedi 25<\/b><\/center><b>Tempo atteso: <\/b>Tempo stabile al mattino, ben soleggiato e molto caldo, con cielo sereno o poco nuvoloso per modesti cumuli. Al pomeriggio ulteriore sviluppo dell&#8217;attivit\u00e0 cumuliforme, specie sulle Dolomiti, con fenomeni associati pi\u00f9 probabili verso sera. Atmosfera afosa nei fondovalle in un contesto sempre anormalmente caldo; sulle cime potrebbe essere la giornata pi\u00f9 mite (Zero Termico a 4600\/4700 m).<br \/>\n<b>Precipitazioni: <\/b>Al mattino e fino a met\u00e0 pomeriggio assenti (0%); in seguito possibili rovesci o temporali, dapprima isolati, poi sempre pi\u00f9 probabili col passare delle ore fino a sera sulle Dolomiti, dove saranno maggiormente presenti e dove non si esclude del tutto qualche fenomeno intenso (50\/70%), meno probabili sulle Prealpi, specie orientali, dove potranno essere anche del tutto assenti (20\/40%).<br \/>\n<b>Temperature: <\/b>Minime stazionarie nelle valli, in lieve aumento in quota; massime in generale lieve aumento su valori molto superiori alle medie. Su Prealpi a 1500 m min 18\u00b0C max 23\u00b0C, a 2000 m min 15\u00b0C max 19\u00b0C. Su Dolomiti a 2000 m min 14\u00b0C max 19\u00b0C, a 3000 m min 7\u00b0C max 10\u00b0C.<br \/>\n<b>Venti: <\/b>Nelle valli deboli a regime di brezza, a tratti moderati durante le ore pi\u00f9 calde; in quota perlopi\u00f9 deboli da ovest sud-ovest, a 5-15 km\/h a 2000 m e 10-20 km\/h a 3000 m.<\/p>\n<hr \/>\n<p><center><b>Martedi 26<\/b><\/center><b>Tempo atteso: <\/b>Tempo instabile, con nuvolosit\u00e0 cumuliforme a tratti intensa, specie al mattino, associata a fenomeni temporaneamente diffusi. L&#8217;instabilit\u00e0 potr\u00e0 riprendere al pomeriggio dopo una possibile pausa, per esaurirsi in serata, quando compariranno schiarite pi\u00f9 ampie. Contesto termico diurno decisamente meno caldo per l&#8217;ingresso di aria pi\u00f9 fresca in quota e per la copertura nuvolosa associata alle precipitazioni.<br \/>\n<b>Precipitazioni: <\/b>A tratti diffuse tra la notte e la mattina (60\/80%), in temporaneo esaurimento a partire da ovest; al pomeriggio ripresa di una pi\u00f9 modesta instabilit\u00e0, con nuovi rovesci o temporali sparsi (40\/60%), in esaurimento entro sera sulle Dolomiti, possibili ancora in serata sulle Prealpi.<br \/>\n<b>Temperature: <\/b>In generale calo, con minime alla sera in quota e durante la fase instabile mattutina nelle valli. Su Prealpi a 1500 m min 15\u00b0C max 18\u00b0C, a 2000 m min 12\u00b0C max 15\u00b0C. Su Dolomiti a 2000 m min 11\u00b0C max 14\u00b0C, a 3000 m min 4\u00b0C max 7\u00b0C.<br \/>\n<b>Venti: <\/b>Nelle valli deboli a regime di brezza, con possibili raffiche in caso di temporali; in quota deboli occidentali, a 5-10 km\/h a 2000 m e 5-15 km\/h a 3000 m.<\/p>\n<hr \/>\n<p><center><b>Mercoledi 27<\/b><\/center>Parziale copertura nuvolosa, sia per nubi medie che per qualche cumulo, con tendenza ad attenuazione della nuvolosit\u00e0 entro sera; probabilit\u00e0 contenuta di qualche isolato rovescio o temporale, un po&#8217; pi\u00f9 probabile sulle Dolomiti al pomeriggio. Temperature minime in calo, massime in lieve ripresa per il maggior soleggiamento rispetto a marted\u00ec. Venti deboli\/moderati in quota, brezze nelle valli.<\/p>\n<hr \/>\n<p><center><b>Giovedi 28<\/b><\/center>Tempo inizialmente piuttosto soleggiato, ma con tendenza ad aumento della nuvolosit\u00e0 perlopi\u00f9 cumuliforme a partire dalle ore centrali; la nuvolosit\u00e0 sar\u00e0 pi\u00f9 consistente sulle Dolomiti, dove sar\u00e0 anche maggiore la probabilit\u00e0 di qualche rovescio o temporale al pomeriggio\/sera. Temperature stazionarie; venti in quota perlopi\u00f9 deboli sud-occidentali. Previsore: G.M.<\/p>\n<p>&nbsp;<\/p>\n<\/div>\n<hr \/>\n<p>&nbsp;<\/p>\n<p>&nbsp;<\/p>\n<p><a href=\"https:\/\/www.radiopiu.net\/wordpress\/giornale-radiopiu-26-settembre-2018-direttore-mirko-mezzacasa\/viabilita-2\/\" rel=\"attachment wp-att-61954\"><img loading=\"lazy\" decoding=\"async\" class=\"aligncenter wp-image-61954 size-full\" src=\"https:\/\/www.radiopiu.net\/wordpress\/wp-content\/uploads\/2018\/09\/viabilita.jpeg\" sizes=\"auto, (max-width: 800px) 100vw, 800px\" srcset=\"https:\/\/www.radiopiu.net\/wordpress\/wp-content\/uploads\/2018\/09\/viabilita.jpeg 800w, https:\/\/www.radiopiu.net\/wordpress\/wp-content\/uploads\/2018\/09\/viabilita-300x38.jpeg 300w, https:\/\/www.radiopiu.net\/wordpress\/wp-content\/uploads\/2018\/09\/viabilita-768x96.jpeg 768w\" alt=\"\" width=\"800\" height=\"100\" \/><\/a><\/p>\n<blockquote>\n<h3><\/h3>\n<h3>GALLERIA DI SEGUSINO CHIUSA PER 4 MESI<\/h3>\n<\/blockquote>\n<p><strong><a class=\"dt-pswp-item\" href=\"https:\/\/www.radiopiu.net\/wordpress\/wp-content\/uploads\/2020\/05\/VENETO-STRADE.png\" data-dt-img-description=\"\" data-large_image_width=\"400\" data-large_image_height=\"400\"><img loading=\"lazy\" decoding=\"async\" class=\" wp-image-135574 alignleft\" src=\"https:\/\/www.radiopiu.net\/wordpress\/wp-content\/uploads\/2020\/05\/VENETO-STRADE-150x150.png\" alt=\"\" width=\"102\" height=\"102\" srcset=\"https:\/\/www.radiopiu.net\/wordpress\/wp-content\/uploads\/2020\/05\/VENETO-STRADE-150x150.png 150w, https:\/\/www.radiopiu.net\/wordpress\/wp-content\/uploads\/2020\/05\/VENETO-STRADE-300x300.png 300w, https:\/\/www.radiopiu.net\/wordpress\/wp-content\/uploads\/2020\/05\/VENETO-STRADE.png 400w\" sizes=\"auto, (max-width: 102px) 100vw, 102px\" \/><\/a><\/strong><\/p>\n<p><strong>SEDICO<\/strong> Veneto Strade comunica che sulla SP 1 Bis &#8220;Madonna del Piave&#8221;, dal 12 luglio e fino al 4 novembre, compresi sabati domeniche e festivi infrasettimanali, un&#8217;interdizione totale al transito per l&#8217;intera tratta della galleria di Segusino in seguito a dei lavori per messa in sicurezza della condotta acquedottistica<\/p>\n<p>&nbsp;<\/p>\n<p>&nbsp;<\/p>\n<blockquote class=\"wp-embedded-content\" data-secret=\"aSbbkIMsXS\"><p><a href=\"https:\/\/www.radiopiu.net\/wordpress\/viabilita\/\">viabilita<\/a><\/p><\/blockquote>\n<p><iframe loading=\"lazy\" class=\"wp-embedded-content\" sandbox=\"allow-scripts\" security=\"restricted\" style=\"position: absolute; clip: rect(1px, 1px, 1px, 1px);\" title=\"&#8220;viabilita&#8221; &#8212; Radio Pi\u00f9\" src=\"https:\/\/www.radiopiu.net\/wordpress\/viabilita\/embed\/#?secret=MrtwFz95gZ#?secret=aSbbkIMsXS\" data-secret=\"aSbbkIMsXS\" width=\"600\" height=\"338\" frameborder=\"0\" marginwidth=\"0\" marginheight=\"0\" scrolling=\"no\"><\/iframe><\/p>\n<p>&nbsp;<\/p>\n<hr \/>\n<p>&nbsp;<\/p>\n<p>&nbsp;<\/p>\n<p><img loading=\"lazy\" decoding=\"async\" class=\"wp-image-60761 size-full aligncenter\" src=\"https:\/\/www.radiopiu.net\/wordpress\/wp-content\/uploads\/2018\/09\/sport.jpg\" alt=\"\" width=\"800\" height=\"100\" srcset=\"https:\/\/www.radiopiu.net\/wordpress\/wp-content\/uploads\/2018\/09\/sport.jpg 800w, https:\/\/www.radiopiu.net\/wordpress\/wp-content\/uploads\/2018\/09\/sport-300x38.jpg 300w, https:\/\/www.radiopiu.net\/wordpress\/wp-content\/uploads\/2018\/09\/sport-768x96.jpg 768w\" sizes=\"auto, (max-width: 800px) 100vw, 800px\" \/><\/p>\n<\/div>\n<\/div>\n<\/div>\n<div class=\"page-title-head hgroup\">\n<div class=\"page-title-head hgroup\">\n<p>&nbsp;<\/p>\n<p>&nbsp;<\/p>\n<\/div>\n<\/div>\n<div class=\"page-title-head hgroup\">\n<div class=\"page-title-head hgroup\">\n<div class=\"page-title-head hgroup\">\n<p><span style=\"color: #0000ff;\"><strong>CALCIO<\/strong><\/span><\/p>\n<blockquote>\n<h3>FODOM, VOLTAGO, CAPRILE E GOSALDO LE 4 SEMIFINALISTE DEL CAMPIONATO AGORDINO DI CALCIO<\/h3>\n<\/blockquote>\n<p><strong><a class=\"dt-pswp-item\" href=\"https:\/\/www.radiopiu.net\/wordpress\/wp-content\/uploads\/2022\/07\/35c749a0-225d-4a94-a5fc-6fd9541ff714.jpg\" data-dt-img-description=\"\" data-large_image_width=\"1024\" data-large_image_height=\"526\"><img loading=\"lazy\" decoding=\"async\" class=\"alignleft wp-image-289066 \" src=\"https:\/\/www.radiopiu.net\/wordpress\/wp-content\/uploads\/2022\/07\/35c749a0-225d-4a94-a5fc-6fd9541ff714-300x154.jpg\" alt=\"\" width=\"169\" height=\"87\" srcset=\"https:\/\/www.radiopiu.net\/wordpress\/wp-content\/uploads\/2022\/07\/35c749a0-225d-4a94-a5fc-6fd9541ff714-300x154.jpg 300w, https:\/\/www.radiopiu.net\/wordpress\/wp-content\/uploads\/2022\/07\/35c749a0-225d-4a94-a5fc-6fd9541ff714-768x395.jpg 768w, https:\/\/www.radiopiu.net\/wordpress\/wp-content\/uploads\/2022\/07\/35c749a0-225d-4a94-a5fc-6fd9541ff714.jpg 1024w\" sizes=\"auto, (max-width: 169px) 100vw, 169px\" \/><\/a>REDAZIONE <\/strong>Fodom (foto), Voltago, Gosaldo e Caprile sono le quattro semifinaliste del Memorial Denis Tonin. La partita pi\u00f9 in bilico \u00e8 stata quella tra Fodom e Taibon tanto che ci sono voluti i calci di rigore per decretare la vincitrice. Gli orsetti passano il turno dopo una gara combattuta. Tutto facile per il Gosaldo che cala il poker contro il Canale dopo una sfida che ha faticato a decollare. Il Caprile fa un sol boccone del Le Ville mentre il derby del Poi ha visto il Voltago confermare le aspettative contro il Rivamonte.<\/p>\n<p><strong>QUARTI DI FINALE <\/strong>Fodom \u2013 Taibon 5-4 dcr Voltago \u2013 Rivamonte 5-1, Gosaldo \u2013 Canale 4-0, Caprile \u2013 Le Ville 4-1<\/p>\n<p><strong>LE SEMIFINALI<\/strong> domenica a Vallada Fodom \u2013 Voltago e Gosaldo \u2013 Caprile.<\/p>\n<p>&nbsp;<\/p>\n<h3><strong>LA SETTIMA GIORNATA CAMPIONATO AGORDINO GIOVANILE<\/strong><\/h3>\n<p><strong>REDAZIONE<\/strong> Sono Canale, La Valle, Fodom e Taibon le quattro squadre che accedono alla fase finale del Campionato Agordino di calcio Under 14. Fuori dai giochi Cencenighe, Caprile e Le Ville. Sabato prossimo sul campo di Cencenighe in programma le semifinali e l\u2019atto finale in concomitanza con la giornata finale del torneo senior il 7 agosto a Gosaldo. Colpaccio del Fodom che passa il turno all\u2019ultima giornata grazie alla vittoria di misura contro il Taibon. Doppietta di Alberto Davare e gol di Philip Ploner per gli orsetti. Doppietta di Manuel Soccol per il Taibon. Il La Valle vince di misura con il Le Ville. Lavallesi a segno con Cristian Fattor e Leonardo Favero, per la squadra di Agordo gol di Sara Chierchia. Il Canale cala il poker con il Caprile. Alex Rossi, Gianluca Da Pian, Alessandro Valt ed Efrem Valt gli autori delle reti per i canalini.<\/p>\n<p><strong>I RISULTATI DELL\u2019ULTIMA GIORNATA<\/strong> Fodom \u2013 Taibon 3-2, La Valle \u2013 Le Ville 2-1, Canale \u2013 Caprile 4-0. Ha riposato il Cencenighe.<\/p>\n<p><strong>LA CLASSIFICA FINALE: <\/strong>Canale 18, La Valle 12, Fodom 10, Taibon 9, Cencenighe e Caprile 6, Le Ville 0<\/p>\n<p><strong>LE SEMIFINALI<\/strong> Sabato a Cencenighe alle 15 La Valle \u2013 Fodom, alle 17:30 Canale \u2013 Taibon.<\/p>\n<p>&nbsp;<\/p>\n<h2><span style=\"color: #008000;\"><a class=\"dt-pswp-item\" href=\"https:\/\/www.radiopiu.net\/wordpress\/wp-content\/uploads\/2019\/01\/CALCIO-FALLO.jpeg\" data-dt-img-description=\"\" data-large_image_width=\"1600\" data-large_image_height=\"848\"><img loading=\"lazy\" decoding=\"async\" class=\" wp-image-71538 alignleft\" src=\"https:\/\/www.radiopiu.net\/wordpress\/wp-content\/uploads\/2019\/01\/CALCIO-FALLO-150x150.jpeg\" alt=\"\" width=\"74\" height=\"74\" \/><\/a>SPECIALE CAMPIONATO AGORDINO<\/span><\/h2>\n<p><strong>RIASCOLTA OTTANTESIMO MINUTO &#8211; SETTIMA PUNTATA<\/strong><\/p>\n<audio class=\"wp-audio-shortcode\" id=\"audio-288757-9\" preload=\"none\" style=\"width: 100%;\" controls=\"controls\"><source type=\"audio\/mpeg\" src=\"https:\/\/www.radiopiu.net\/wordpress\/wp-content\/uploads\/2022\/07\/80MIN-2.mp3?_=9\" \/><a href=\"https:\/\/www.radiopiu.net\/wordpress\/wp-content\/uploads\/2022\/07\/80MIN-2.mp3\">https:\/\/www.radiopiu.net\/wordpress\/wp-content\/uploads\/2022\/07\/80MIN-2.mp3<\/a><\/audio>\n<p>&nbsp;<\/p>\n<p><strong>RIASCOLTA CAMPIONATO AGORDINO SHOW &#8211; SESTA PUNTATA (LA SINTESI)<\/strong><\/p>\n<audio class=\"wp-audio-shortcode\" id=\"audio-288757-10\" preload=\"none\" style=\"width: 100%;\" controls=\"controls\"><source type=\"audio\/mpeg\" src=\"https:\/\/www.radiopiu.net\/wordpress\/wp-content\/uploads\/2022\/07\/AGOS-2.mp3?_=10\" \/><a href=\"https:\/\/www.radiopiu.net\/wordpress\/wp-content\/uploads\/2022\/07\/AGOS-2.mp3\">https:\/\/www.radiopiu.net\/wordpress\/wp-content\/uploads\/2022\/07\/AGOS-2.mp3<\/a><\/audio>\n<p>&nbsp;<\/p>\n<hr \/>\n<p>&nbsp;<\/p>\n<p><span style=\"color: #0000ff;\"><strong>SPORT E BENEFICENZA<\/strong><\/span><\/p>\n<blockquote>\n<h3>LORENZO BUSIN ED ASTRID MIOLA VINCONO LA CICLINVALLE 2022<\/h3>\n<\/blockquote>\n<p><strong><a class=\"dt-pswp-item\" href=\"https:\/\/www.radiopiu.net\/wordpress\/wp-content\/uploads\/2022\/07\/8c8f60d4-b915-456f-b36e-6ad975c9cc61.jpg\" data-dt-img-description=\"\" data-large_image_width=\"2048\" data-large_image_height=\"2048\"><img loading=\"lazy\" decoding=\"async\" class=\"size-thumbnail wp-image-288982 alignleft\" src=\"https:\/\/www.radiopiu.net\/wordpress\/wp-content\/uploads\/2022\/07\/8c8f60d4-b915-456f-b36e-6ad975c9cc61-150x150.jpg\" alt=\"\" width=\"150\" height=\"150\" srcset=\"https:\/\/www.radiopiu.net\/wordpress\/wp-content\/uploads\/2022\/07\/8c8f60d4-b915-456f-b36e-6ad975c9cc61-150x150.jpg 150w, https:\/\/www.radiopiu.net\/wordpress\/wp-content\/uploads\/2022\/07\/8c8f60d4-b915-456f-b36e-6ad975c9cc61-300x300.jpg 300w, https:\/\/www.radiopiu.net\/wordpress\/wp-content\/uploads\/2022\/07\/8c8f60d4-b915-456f-b36e-6ad975c9cc61-1024x1024.jpg 1024w, https:\/\/www.radiopiu.net\/wordpress\/wp-content\/uploads\/2022\/07\/8c8f60d4-b915-456f-b36e-6ad975c9cc61-768x768.jpg 768w, https:\/\/www.radiopiu.net\/wordpress\/wp-content\/uploads\/2022\/07\/8c8f60d4-b915-456f-b36e-6ad975c9cc61-1536x1536.jpg 1536w, https:\/\/www.radiopiu.net\/wordpress\/wp-content\/uploads\/2022\/07\/8c8f60d4-b915-456f-b36e-6ad975c9cc61.jpg 2048w\" sizes=\"auto, (max-width: 150px) 100vw, 150px\" \/><\/a>AGORDO\/TAIBON <\/strong>Con una volata mancata negli ultimi metri di gara, Lorenzo Busin conquista la Ciclinvalle 2022. Alle sue spalle Zasso che, proprio nel momento in cui era pronto per sfidare il diretto avversario, ha perso il pedale ed ha lasciato strada libera al vincitore. Una gara partita da Valcozzena di Agordo che ha visto Astrid Miola provare l&#8217;allungo gi\u00e0 a Taier portandosi dietro il gruppetto dei primi maschi. La gara vera e propria \u00e8 iniziata all&#8217;inizio della Valle di San Lucano con Busin e Zasso che hanno staccato gli altri per poi arrivare assieme a Col di Pr\u00e0. Quasi 200 iscritti alla Ciclinvalle 2022, la corsa benefica pro Unicef che ogni anno richiama appassionati e non delle due ruote. In campo femminile la vittoria \u00e8 andata ad Astrid Miola che, all&#8217;indomani dei campionati italiani di mountain bike, non ha voluto mancare l&#8217;appuntamento.<\/p>\n<p><strong>LE CLASSIFICHE &#8211; <a href=\"https:\/\/www.radiopiu.net\/wordpress\/wp-content\/uploads\/2022\/07\/Classifiche-Ciclinvalle-2022.pdf\">CLICCA QUI<\/a><\/strong><\/p>\n<p><strong>LA CLASSIFICA DELLA COMBINATA CICLINVALLE CORRINVALLE &#8211; <a href=\"https:\/\/www.radiopiu.net\/wordpress\/wp-content\/uploads\/2022\/07\/Classifica-Combinata-U14-2022.pdf\">CLICCA QUI<\/a><\/strong><\/p>\n<p><strong>LA PARTENZA DA VALCOZZENA<\/strong><\/p>\n<p>https:\/\/www.facebook.com\/marco.baghy.1\/videos\/746140693105357<\/p>\n<p>&nbsp;<\/p>\n<p><strong>L&#8217;ARRIVO A COL DI PRA&#8217;<\/strong><\/p>\n<p>https:\/\/www.facebook.com\/marco.baghy.1\/videos\/1473133876537685<\/p>\n<p>&nbsp;<\/p>\n<p><strong>L&#8217;ARRIVO DEI PRIMI<\/strong><\/p>\n<div style=\"width: 848px;\" class=\"wp-video\"><video class=\"wp-video-shortcode\" id=\"video-288757-4\" width=\"848\" height=\"480\" preload=\"metadata\" controls=\"controls\"><source type=\"video\/mp4\" src=\"https:\/\/www.radiopiu.net\/wordpress\/wp-content\/uploads\/2022\/07\/WhatsApp-Video-2022-07-24-at-12.16.29.mp4?_=4\" \/><a href=\"https:\/\/www.radiopiu.net\/wordpress\/wp-content\/uploads\/2022\/07\/WhatsApp-Video-2022-07-24-at-12.16.29.mp4\">https:\/\/www.radiopiu.net\/wordpress\/wp-content\/uploads\/2022\/07\/WhatsApp-Video-2022-07-24-at-12.16.29.mp4<\/a><\/video><\/div>\n<p>&nbsp;<\/p>\n<p><strong>I SENATORI DELLA CICLINVALLE: NANDO DE COLO&#8217;, PAOLO DECIMA E MASSIMO COSTA<\/strong><\/p>\n<p><a class=\"dt-pswp-item\" href=\"https:\/\/www.radiopiu.net\/wordpress\/wp-content\/uploads\/2022\/07\/f4de33ea-81e0-472a-8ea4-e002afeaa3f8.jpg\" data-dt-img-description=\"\" data-large_image_width=\"929\" data-large_image_height=\"1586\"><img loading=\"lazy\" decoding=\"async\" class=\"size-thumbnail wp-image-288983 aligncenter\" src=\"https:\/\/www.radiopiu.net\/wordpress\/wp-content\/uploads\/2022\/07\/f4de33ea-81e0-472a-8ea4-e002afeaa3f8-150x150.jpg\" alt=\"\" width=\"150\" height=\"150\" \/><\/a><\/p>\n<p>&nbsp;<\/p>\n<p><strong>LE FOTO<\/strong><\/p>\n\n\t\t\t<style type='text\/css'>\n\t\t\t\t#gallery-10 {\n\t\t\t\t\tmargin: auto;\n\t\t\t\t}\n\t\t\t\t#gallery-10 .gallery-item {\n\t\t\t\t\tfloat: left;\n\t\t\t\t\tmargin-top: 10px;\n\t\t\t\t\ttext-align: center;\n\t\t\t\t\twidth: 16%;\n\t\t\t\t}\n\t\t\t\t#gallery-10 img {\n\t\t\t\t\tborder: 2px solid #cfcfcf;\n\t\t\t\t}\n\t\t\t\t#gallery-10 .gallery-caption {\n\t\t\t\t\tmargin-left: 0;\n\t\t\t\t}\n\t\t\t\t\/* see gallery_shortcode() in wp-includes\/media.php *\/\n\t\t\t<\/style>\n\t\t<div id='gallery-10' class='dt-gallery-container gallery galleryid-288757 gallery-columns-6 gallery-size-thumbnail'><dl class='gallery-item'>\n\t\t\t\t<dt class='gallery-icon landscape'>\n\t\t\t\t\t<a class=\"rollover rollover-zoom dt-pswp-item\" title=\"6eaa242f-7181-4fec-8c39-b003e4c10f26\" data-dt-img-description=\"\" data-large_image_width=\"1600\" data-large_image_height=\"912\"href='https:\/\/www.radiopiu.net\/wordpress\/wp-content\/uploads\/2022\/07\/6eaa242f-7181-4fec-8c39-b003e4c10f26.jpg'><img loading=\"lazy\" decoding=\"async\" width=\"150\" height=\"150\" src=\"https:\/\/www.radiopiu.net\/wordpress\/wp-content\/uploads\/2022\/07\/6eaa242f-7181-4fec-8c39-b003e4c10f26-150x150.jpg\" class=\"attachment-thumbnail size-thumbnail\" alt=\"\" \/><\/a>\n\t\t\t\t<\/dt><\/dl><dl class='gallery-item'>\n\t\t\t\t<dt class='gallery-icon landscape'>\n\t\t\t\t\t<a class=\"rollover rollover-zoom dt-pswp-item\" title=\"5123b98a-44cd-497a-8dc7-ce5dcebe4191\" data-dt-img-description=\"\" data-large_image_width=\"1600\" data-large_image_height=\"939\"href='https:\/\/www.radiopiu.net\/wordpress\/wp-content\/uploads\/2022\/07\/5123b98a-44cd-497a-8dc7-ce5dcebe4191.jpg'><img loading=\"lazy\" decoding=\"async\" width=\"150\" height=\"150\" src=\"https:\/\/www.radiopiu.net\/wordpress\/wp-content\/uploads\/2022\/07\/5123b98a-44cd-497a-8dc7-ce5dcebe4191-150x150.jpg\" class=\"attachment-thumbnail size-thumbnail\" alt=\"\" \/><\/a>\n\t\t\t\t<\/dt><\/dl><dl class='gallery-item'>\n\t\t\t\t<dt class='gallery-icon landscape'>\n\t\t\t\t\t<a class=\"rollover rollover-zoom dt-pswp-item\" title=\"3ae10622-4af4-4998-8fa9-6dd69ad681ed\" data-dt-img-description=\"\" data-large_image_width=\"1600\" data-large_image_height=\"842\"href='https:\/\/www.radiopiu.net\/wordpress\/wp-content\/uploads\/2022\/07\/3ae10622-4af4-4998-8fa9-6dd69ad681ed.jpg'><img loading=\"lazy\" decoding=\"async\" width=\"150\" height=\"150\" src=\"https:\/\/www.radiopiu.net\/wordpress\/wp-content\/uploads\/2022\/07\/3ae10622-4af4-4998-8fa9-6dd69ad681ed-150x150.jpg\" class=\"attachment-thumbnail size-thumbnail\" alt=\"\" \/><\/a>\n\t\t\t\t<\/dt><\/dl><dl class='gallery-item'>\n\t\t\t\t<dt class='gallery-icon landscape'>\n\t\t\t\t\t<a class=\"rollover rollover-zoom dt-pswp-item\" title=\"ed497a64-a233-4cbc-adf5-56100b3ca859\" data-dt-img-description=\"\" data-large_image_width=\"1600\" data-large_image_height=\"892\"href='https:\/\/www.radiopiu.net\/wordpress\/wp-content\/uploads\/2022\/07\/ed497a64-a233-4cbc-adf5-56100b3ca859.jpg'><img loading=\"lazy\" decoding=\"async\" width=\"150\" height=\"150\" src=\"https:\/\/www.radiopiu.net\/wordpress\/wp-content\/uploads\/2022\/07\/ed497a64-a233-4cbc-adf5-56100b3ca859-150x150.jpg\" class=\"attachment-thumbnail size-thumbnail\" alt=\"\" \/><\/a>\n\t\t\t\t<\/dt><\/dl><dl class='gallery-item'>\n\t\t\t\t<dt class='gallery-icon landscape'>\n\t\t\t\t\t<a class=\"rollover rollover-zoom dt-pswp-item\" title=\"2fd9afcf-4a0e-46fc-9827-7e8b561cffae\" data-dt-img-description=\"\" data-large_image_width=\"1176\" data-large_image_height=\"828\"href='https:\/\/www.radiopiu.net\/wordpress\/wp-content\/uploads\/2022\/07\/2fd9afcf-4a0e-46fc-9827-7e8b561cffae.jpg'><img loading=\"lazy\" decoding=\"async\" width=\"150\" height=\"150\" src=\"https:\/\/www.radiopiu.net\/wordpress\/wp-content\/uploads\/2022\/07\/2fd9afcf-4a0e-46fc-9827-7e8b561cffae-150x150.jpg\" class=\"attachment-thumbnail size-thumbnail\" alt=\"\" \/><\/a>\n\t\t\t\t<\/dt><\/dl><dl class='gallery-item'>\n\t\t\t\t<dt class='gallery-icon landscape'>\n\t\t\t\t\t<a class=\"rollover rollover-zoom dt-pswp-item\" title=\"3fd8c880-e82f-4305-abc9-4b6b8c2f7370\" data-dt-img-description=\"\" data-large_image_width=\"2048\" data-large_image_height=\"1536\"href='https:\/\/www.radiopiu.net\/wordpress\/wp-content\/uploads\/2022\/07\/3fd8c880-e82f-4305-abc9-4b6b8c2f7370.jpg'><img loading=\"lazy\" decoding=\"async\" width=\"150\" height=\"150\" src=\"https:\/\/www.radiopiu.net\/wordpress\/wp-content\/uploads\/2022\/07\/3fd8c880-e82f-4305-abc9-4b6b8c2f7370-150x150.jpg\" class=\"attachment-thumbnail size-thumbnail\" alt=\"\" \/><\/a>\n\t\t\t\t<\/dt><\/dl><br style=\"clear: both\" \/><dl class='gallery-item'>\n\t\t\t\t<dt class='gallery-icon landscape'>\n\t\t\t\t\t<a class=\"rollover rollover-zoom dt-pswp-item\" title=\"d8f2edd7-a1a6-438a-8967-18fa791c8233\" data-dt-img-description=\"\" data-large_image_width=\"2048\" data-large_image_height=\"1536\"href='https:\/\/www.radiopiu.net\/wordpress\/wp-content\/uploads\/2022\/07\/d8f2edd7-a1a6-438a-8967-18fa791c8233.jpg'><img loading=\"lazy\" decoding=\"async\" width=\"150\" height=\"150\" src=\"https:\/\/www.radiopiu.net\/wordpress\/wp-content\/uploads\/2022\/07\/d8f2edd7-a1a6-438a-8967-18fa791c8233-150x150.jpg\" class=\"attachment-thumbnail size-thumbnail\" alt=\"\" \/><\/a>\n\t\t\t\t<\/dt><\/dl><dl class='gallery-item'>\n\t\t\t\t<dt class='gallery-icon landscape'>\n\t\t\t\t\t<a class=\"rollover rollover-zoom dt-pswp-item\" title=\"3168a630-db81-4a76-b800-69f3b494a52a\" data-dt-img-description=\"\" data-large_image_width=\"2048\" data-large_image_height=\"1536\"href='https:\/\/www.radiopiu.net\/wordpress\/wp-content\/uploads\/2022\/07\/3168a630-db81-4a76-b800-69f3b494a52a.jpg'><img loading=\"lazy\" decoding=\"async\" width=\"150\" height=\"150\" src=\"https:\/\/www.radiopiu.net\/wordpress\/wp-content\/uploads\/2022\/07\/3168a630-db81-4a76-b800-69f3b494a52a-150x150.jpg\" class=\"attachment-thumbnail size-thumbnail\" alt=\"\" \/><\/a>\n\t\t\t\t<\/dt><\/dl><dl class='gallery-item'>\n\t\t\t\t<dt class='gallery-icon landscape'>\n\t\t\t\t\t<a class=\"rollover rollover-zoom dt-pswp-item\" title=\"6160a385-57a5-4b36-a31b-c189f0d6f6aa\" data-dt-img-description=\"\" data-large_image_width=\"2048\" data-large_image_height=\"1536\"href='https:\/\/www.radiopiu.net\/wordpress\/wp-content\/uploads\/2022\/07\/6160a385-57a5-4b36-a31b-c189f0d6f6aa.jpg'><img loading=\"lazy\" decoding=\"async\" width=\"150\" height=\"150\" src=\"https:\/\/www.radiopiu.net\/wordpress\/wp-content\/uploads\/2022\/07\/6160a385-57a5-4b36-a31b-c189f0d6f6aa-150x150.jpg\" class=\"attachment-thumbnail size-thumbnail\" alt=\"\" \/><\/a>\n\t\t\t\t<\/dt><\/dl><dl class='gallery-item'>\n\t\t\t\t<dt class='gallery-icon landscape'>\n\t\t\t\t\t<a class=\"rollover rollover-zoom dt-pswp-item\" title=\"3d88a761-2e0a-4f9b-bfcc-9af25b80023e\" data-dt-img-description=\"\" data-large_image_width=\"2048\" data-large_image_height=\"1536\"href='https:\/\/www.radiopiu.net\/wordpress\/wp-content\/uploads\/2022\/07\/3d88a761-2e0a-4f9b-bfcc-9af25b80023e.jpg'><img loading=\"lazy\" decoding=\"async\" width=\"150\" height=\"150\" src=\"https:\/\/www.radiopiu.net\/wordpress\/wp-content\/uploads\/2022\/07\/3d88a761-2e0a-4f9b-bfcc-9af25b80023e-150x150.jpg\" class=\"attachment-thumbnail size-thumbnail\" alt=\"\" \/><\/a>\n\t\t\t\t<\/dt><\/dl><dl class='gallery-item'>\n\t\t\t\t<dt class='gallery-icon landscape'>\n\t\t\t\t\t<a class=\"rollover rollover-zoom dt-pswp-item\" title=\"a25e8bcf-76e0-46b7-acd3-fecb15737ad1\" data-dt-img-description=\"\" data-large_image_width=\"2048\" data-large_image_height=\"1536\"href='https:\/\/www.radiopiu.net\/wordpress\/wp-content\/uploads\/2022\/07\/a25e8bcf-76e0-46b7-acd3-fecb15737ad1.jpg'><img loading=\"lazy\" decoding=\"async\" width=\"150\" height=\"150\" src=\"https:\/\/www.radiopiu.net\/wordpress\/wp-content\/uploads\/2022\/07\/a25e8bcf-76e0-46b7-acd3-fecb15737ad1-150x150.jpg\" class=\"attachment-thumbnail size-thumbnail\" alt=\"\" \/><\/a>\n\t\t\t\t<\/dt><\/dl><dl class='gallery-item'>\n\t\t\t\t<dt class='gallery-icon landscape'>\n\t\t\t\t\t<a class=\"rollover rollover-zoom dt-pswp-item\" title=\"8dc693cd-5904-4ce3-abf9-7e53974865c9\" data-dt-img-description=\"\" data-large_image_width=\"2048\" data-large_image_height=\"1536\"href='https:\/\/www.radiopiu.net\/wordpress\/wp-content\/uploads\/2022\/07\/8dc693cd-5904-4ce3-abf9-7e53974865c9.jpg'><img loading=\"lazy\" decoding=\"async\" width=\"150\" height=\"150\" src=\"https:\/\/www.radiopiu.net\/wordpress\/wp-content\/uploads\/2022\/07\/8dc693cd-5904-4ce3-abf9-7e53974865c9-150x150.jpg\" class=\"attachment-thumbnail size-thumbnail\" alt=\"\" \/><\/a>\n\t\t\t\t<\/dt><\/dl><br style=\"clear: both\" \/><dl class='gallery-item'>\n\t\t\t\t<dt class='gallery-icon landscape'>\n\t\t\t\t\t<a class=\"rollover rollover-zoom dt-pswp-item\" title=\"4d6fa125-6aa6-4c2b-98c6-5493d64a88a3\" data-dt-img-description=\"\" data-large_image_width=\"2048\" data-large_image_height=\"1536\"href='https:\/\/www.radiopiu.net\/wordpress\/wp-content\/uploads\/2022\/07\/4d6fa125-6aa6-4c2b-98c6-5493d64a88a3.jpg'><img loading=\"lazy\" decoding=\"async\" width=\"150\" height=\"150\" src=\"https:\/\/www.radiopiu.net\/wordpress\/wp-content\/uploads\/2022\/07\/4d6fa125-6aa6-4c2b-98c6-5493d64a88a3-150x150.jpg\" class=\"attachment-thumbnail size-thumbnail\" alt=\"\" \/><\/a>\n\t\t\t\t<\/dt><\/dl><dl class='gallery-item'>\n\t\t\t\t<dt class='gallery-icon landscape'>\n\t\t\t\t\t<a class=\"rollover rollover-zoom dt-pswp-item\" title=\"60747c23-2604-4ffb-8592-ad1a1e5519fc\" data-dt-img-description=\"\" data-large_image_width=\"2048\" data-large_image_height=\"1536\"href='https:\/\/www.radiopiu.net\/wordpress\/wp-content\/uploads\/2022\/07\/60747c23-2604-4ffb-8592-ad1a1e5519fc.jpg'><img loading=\"lazy\" decoding=\"async\" width=\"150\" height=\"150\" src=\"https:\/\/www.radiopiu.net\/wordpress\/wp-content\/uploads\/2022\/07\/60747c23-2604-4ffb-8592-ad1a1e5519fc-150x150.jpg\" class=\"attachment-thumbnail size-thumbnail\" alt=\"\" \/><\/a>\n\t\t\t\t<\/dt><\/dl><dl class='gallery-item'>\n\t\t\t\t<dt class='gallery-icon landscape'>\n\t\t\t\t\t<a class=\"rollover rollover-zoom dt-pswp-item\" title=\"76bf670e-221d-44f2-9e47-7c017ef7c220\" data-dt-img-description=\"\" data-large_image_width=\"2048\" data-large_image_height=\"1536\"href='https:\/\/www.radiopiu.net\/wordpress\/wp-content\/uploads\/2022\/07\/76bf670e-221d-44f2-9e47-7c017ef7c220.jpg'><img loading=\"lazy\" decoding=\"async\" width=\"150\" height=\"150\" src=\"https:\/\/www.radiopiu.net\/wordpress\/wp-content\/uploads\/2022\/07\/76bf670e-221d-44f2-9e47-7c017ef7c220-150x150.jpg\" class=\"attachment-thumbnail size-thumbnail\" alt=\"\" \/><\/a>\n\t\t\t\t<\/dt><\/dl><dl class='gallery-item'>\n\t\t\t\t<dt class='gallery-icon landscape'>\n\t\t\t\t\t<a class=\"rollover rollover-zoom dt-pswp-item\" title=\"e5bc1cfc-594c-4665-aea4-8056a9e21fa3\" data-dt-img-description=\"\" data-large_image_width=\"2048\" data-large_image_height=\"1536\"href='https:\/\/www.radiopiu.net\/wordpress\/wp-content\/uploads\/2022\/07\/e5bc1cfc-594c-4665-aea4-8056a9e21fa3.jpg'><img loading=\"lazy\" decoding=\"async\" width=\"150\" height=\"150\" src=\"https:\/\/www.radiopiu.net\/wordpress\/wp-content\/uploads\/2022\/07\/e5bc1cfc-594c-4665-aea4-8056a9e21fa3-150x150.jpg\" class=\"attachment-thumbnail size-thumbnail\" alt=\"\" \/><\/a>\n\t\t\t\t<\/dt><\/dl><dl class='gallery-item'>\n\t\t\t\t<dt class='gallery-icon landscape'>\n\t\t\t\t\t<a class=\"rollover rollover-zoom dt-pswp-item\" title=\"00a609b0-7511-4c65-9c4a-1b73b61e8cfb\" data-dt-img-description=\"\" data-large_image_width=\"2048\" data-large_image_height=\"1536\"href='https:\/\/www.radiopiu.net\/wordpress\/wp-content\/uploads\/2022\/07\/00a609b0-7511-4c65-9c4a-1b73b61e8cfb.jpg'><img loading=\"lazy\" decoding=\"async\" width=\"150\" height=\"150\" src=\"https:\/\/www.radiopiu.net\/wordpress\/wp-content\/uploads\/2022\/07\/00a609b0-7511-4c65-9c4a-1b73b61e8cfb-150x150.jpg\" class=\"attachment-thumbnail size-thumbnail\" alt=\"\" \/><\/a>\n\t\t\t\t<\/dt><\/dl><dl class='gallery-item'>\n\t\t\t\t<dt class='gallery-icon landscape'>\n\t\t\t\t\t<a class=\"rollover rollover-zoom dt-pswp-item\" title=\"000806d8-d3a9-4a25-b075-fb679eb9c9f5\" data-dt-img-description=\"\" data-large_image_width=\"2048\" data-large_image_height=\"1536\"href='https:\/\/www.radiopiu.net\/wordpress\/wp-content\/uploads\/2022\/07\/000806d8-d3a9-4a25-b075-fb679eb9c9f5.jpg'><img loading=\"lazy\" decoding=\"async\" width=\"150\" height=\"150\" src=\"https:\/\/www.radiopiu.net\/wordpress\/wp-content\/uploads\/2022\/07\/000806d8-d3a9-4a25-b075-fb679eb9c9f5-150x150.jpg\" class=\"attachment-thumbnail size-thumbnail\" alt=\"\" \/><\/a>\n\t\t\t\t<\/dt><\/dl><br style=\"clear: both\" \/><dl class='gallery-item'>\n\t\t\t\t<dt class='gallery-icon landscape'>\n\t\t\t\t\t<a class=\"rollover rollover-zoom dt-pswp-item\" title=\"f5e925ad-435f-481c-9ab9-41bac5576223\" data-dt-img-description=\"\" data-large_image_width=\"2048\" data-large_image_height=\"1536\"href='https:\/\/www.radiopiu.net\/wordpress\/wp-content\/uploads\/2022\/07\/f5e925ad-435f-481c-9ab9-41bac5576223.jpg'><img loading=\"lazy\" decoding=\"async\" width=\"150\" height=\"150\" src=\"https:\/\/www.radiopiu.net\/wordpress\/wp-content\/uploads\/2022\/07\/f5e925ad-435f-481c-9ab9-41bac5576223-150x150.jpg\" class=\"attachment-thumbnail size-thumbnail\" alt=\"\" \/><\/a>\n\t\t\t\t<\/dt><\/dl><dl class='gallery-item'>\n\t\t\t\t<dt class='gallery-icon landscape'>\n\t\t\t\t\t<a class=\"rollover rollover-zoom dt-pswp-item\" title=\"793c863c-b95e-416e-9bd6-db6c2d137830\" data-dt-img-description=\"\" data-large_image_width=\"2048\" data-large_image_height=\"1536\"href='https:\/\/www.radiopiu.net\/wordpress\/wp-content\/uploads\/2022\/07\/793c863c-b95e-416e-9bd6-db6c2d137830.jpg'><img loading=\"lazy\" decoding=\"async\" width=\"150\" height=\"150\" src=\"https:\/\/www.radiopiu.net\/wordpress\/wp-content\/uploads\/2022\/07\/793c863c-b95e-416e-9bd6-db6c2d137830-150x150.jpg\" class=\"attachment-thumbnail size-thumbnail\" alt=\"\" \/><\/a>\n\t\t\t\t<\/dt><\/dl><dl class='gallery-item'>\n\t\t\t\t<dt class='gallery-icon landscape'>\n\t\t\t\t\t<a class=\"rollover rollover-zoom dt-pswp-item\" title=\"8f438340-49f3-4840-bb83-7cc6be6ced52\" data-dt-img-description=\"\" data-large_image_width=\"2048\" data-large_image_height=\"1536\"href='https:\/\/www.radiopiu.net\/wordpress\/wp-content\/uploads\/2022\/07\/8f438340-49f3-4840-bb83-7cc6be6ced52.jpg'><img loading=\"lazy\" decoding=\"async\" width=\"150\" height=\"150\" src=\"https:\/\/www.radiopiu.net\/wordpress\/wp-content\/uploads\/2022\/07\/8f438340-49f3-4840-bb83-7cc6be6ced52-150x150.jpg\" class=\"attachment-thumbnail size-thumbnail\" alt=\"\" \/><\/a>\n\t\t\t\t<\/dt><\/dl><dl class='gallery-item'>\n\t\t\t\t<dt class='gallery-icon landscape'>\n\t\t\t\t\t<a class=\"rollover rollover-zoom dt-pswp-item\" title=\"82991ca7-d892-40e8-b1f7-4a4b1ee705f9\" data-dt-img-description=\"\" data-large_image_width=\"2048\" data-large_image_height=\"1536\"href='https:\/\/www.radiopiu.net\/wordpress\/wp-content\/uploads\/2022\/07\/82991ca7-d892-40e8-b1f7-4a4b1ee705f9.jpg'><img loading=\"lazy\" decoding=\"async\" width=\"150\" height=\"150\" src=\"https:\/\/www.radiopiu.net\/wordpress\/wp-content\/uploads\/2022\/07\/82991ca7-d892-40e8-b1f7-4a4b1ee705f9-150x150.jpg\" class=\"attachment-thumbnail size-thumbnail\" alt=\"\" \/><\/a>\n\t\t\t\t<\/dt><\/dl><dl class='gallery-item'>\n\t\t\t\t<dt class='gallery-icon landscape'>\n\t\t\t\t\t<a class=\"rollover rollover-zoom dt-pswp-item\" title=\"da5eaaf4-ced1-4bea-94bd-073484421ffb\" data-dt-img-description=\"\" data-large_image_width=\"2048\" data-large_image_height=\"1536\"href='https:\/\/www.radiopiu.net\/wordpress\/wp-content\/uploads\/2022\/07\/da5eaaf4-ced1-4bea-94bd-073484421ffb.jpg'><img loading=\"lazy\" decoding=\"async\" width=\"150\" height=\"150\" src=\"https:\/\/www.radiopiu.net\/wordpress\/wp-content\/uploads\/2022\/07\/da5eaaf4-ced1-4bea-94bd-073484421ffb-150x150.jpg\" class=\"attachment-thumbnail size-thumbnail\" alt=\"\" \/><\/a>\n\t\t\t\t<\/dt><\/dl><dl class='gallery-item'>\n\t\t\t\t<dt class='gallery-icon landscape'>\n\t\t\t\t\t<a class=\"rollover rollover-zoom dt-pswp-item\" title=\"43cd02d2-fa64-4934-8e15-2447a9218fb6\" data-dt-img-description=\"\" data-large_image_width=\"2048\" data-large_image_height=\"1536\"href='https:\/\/www.radiopiu.net\/wordpress\/wp-content\/uploads\/2022\/07\/43cd02d2-fa64-4934-8e15-2447a9218fb6.jpg'><img loading=\"lazy\" decoding=\"async\" width=\"150\" height=\"150\" src=\"https:\/\/www.radiopiu.net\/wordpress\/wp-content\/uploads\/2022\/07\/43cd02d2-fa64-4934-8e15-2447a9218fb6-150x150.jpg\" class=\"attachment-thumbnail size-thumbnail\" alt=\"\" \/><\/a>\n\t\t\t\t<\/dt><\/dl><br style=\"clear: both\" \/><dl class='gallery-item'>\n\t\t\t\t<dt class='gallery-icon landscape'>\n\t\t\t\t\t<a class=\"rollover rollover-zoom dt-pswp-item\" title=\"74a80a9e-7156-4ebe-9897-449f17d600dc\" data-dt-img-description=\"\" data-large_image_width=\"2048\" data-large_image_height=\"1536\"href='https:\/\/www.radiopiu.net\/wordpress\/wp-content\/uploads\/2022\/07\/74a80a9e-7156-4ebe-9897-449f17d600dc.jpg'><img loading=\"lazy\" decoding=\"async\" width=\"150\" height=\"150\" src=\"https:\/\/www.radiopiu.net\/wordpress\/wp-content\/uploads\/2022\/07\/74a80a9e-7156-4ebe-9897-449f17d600dc-150x150.jpg\" class=\"attachment-thumbnail size-thumbnail\" alt=\"\" \/><\/a>\n\t\t\t\t<\/dt><\/dl><dl class='gallery-item'>\n\t\t\t\t<dt class='gallery-icon landscape'>\n\t\t\t\t\t<a class=\"rollover rollover-zoom dt-pswp-item\" title=\"cbc33ecb-2eaa-4370-bca9-91357bf862a3\" data-dt-img-description=\"\" data-large_image_width=\"2048\" data-large_image_height=\"1536\"href='https:\/\/www.radiopiu.net\/wordpress\/wp-content\/uploads\/2022\/07\/cbc33ecb-2eaa-4370-bca9-91357bf862a3.jpg'><img loading=\"lazy\" decoding=\"async\" width=\"150\" height=\"150\" src=\"https:\/\/www.radiopiu.net\/wordpress\/wp-content\/uploads\/2022\/07\/cbc33ecb-2eaa-4370-bca9-91357bf862a3-150x150.jpg\" class=\"attachment-thumbnail size-thumbnail\" alt=\"\" \/><\/a>\n\t\t\t\t<\/dt><\/dl><dl class='gallery-item'>\n\t\t\t\t<dt class='gallery-icon landscape'>\n\t\t\t\t\t<a class=\"rollover rollover-zoom dt-pswp-item\" title=\"a3136cd8-0edb-463c-953f-78408780f4e0\" data-dt-img-description=\"\" data-large_image_width=\"2048\" data-large_image_height=\"1536\"href='https:\/\/www.radiopiu.net\/wordpress\/wp-content\/uploads\/2022\/07\/a3136cd8-0edb-463c-953f-78408780f4e0.jpg'><img loading=\"lazy\" decoding=\"async\" width=\"150\" height=\"150\" src=\"https:\/\/www.radiopiu.net\/wordpress\/wp-content\/uploads\/2022\/07\/a3136cd8-0edb-463c-953f-78408780f4e0-150x150.jpg\" class=\"attachment-thumbnail size-thumbnail\" alt=\"\" \/><\/a>\n\t\t\t\t<\/dt><\/dl><dl class='gallery-item'>\n\t\t\t\t<dt class='gallery-icon landscape'>\n\t\t\t\t\t<a class=\"rollover rollover-zoom dt-pswp-item\" title=\"14ef549e-80fe-49c6-ad0b-6ef327e146bf\" data-dt-img-description=\"\" data-large_image_width=\"2048\" data-large_image_height=\"1536\"href='https:\/\/www.radiopiu.net\/wordpress\/wp-content\/uploads\/2022\/07\/14ef549e-80fe-49c6-ad0b-6ef327e146bf.jpg'><img loading=\"lazy\" decoding=\"async\" width=\"150\" height=\"150\" src=\"https:\/\/www.radiopiu.net\/wordpress\/wp-content\/uploads\/2022\/07\/14ef549e-80fe-49c6-ad0b-6ef327e146bf-150x150.jpg\" class=\"attachment-thumbnail size-thumbnail\" alt=\"\" \/><\/a>\n\t\t\t\t<\/dt><\/dl><dl class='gallery-item'>\n\t\t\t\t<dt class='gallery-icon landscape'>\n\t\t\t\t\t<a class=\"rollover rollover-zoom dt-pswp-item\" title=\"64e78612-fd38-4cd9-b57a-58452c5f5eee\" data-dt-img-description=\"\" data-large_image_width=\"2048\" data-large_image_height=\"1536\"href='https:\/\/www.radiopiu.net\/wordpress\/wp-content\/uploads\/2022\/07\/64e78612-fd38-4cd9-b57a-58452c5f5eee.jpg'><img loading=\"lazy\" decoding=\"async\" width=\"150\" height=\"150\" src=\"https:\/\/www.radiopiu.net\/wordpress\/wp-content\/uploads\/2022\/07\/64e78612-fd38-4cd9-b57a-58452c5f5eee-150x150.jpg\" class=\"attachment-thumbnail size-thumbnail\" alt=\"\" \/><\/a>\n\t\t\t\t<\/dt><\/dl><dl class='gallery-item'>\n\t\t\t\t<dt class='gallery-icon landscape'>\n\t\t\t\t\t<a class=\"rollover rollover-zoom dt-pswp-item\" title=\"878a5996-25ef-49e8-9c21-32c2adc29325\" data-dt-img-description=\"\" data-large_image_width=\"2048\" data-large_image_height=\"1536\"href='https:\/\/www.radiopiu.net\/wordpress\/wp-content\/uploads\/2022\/07\/878a5996-25ef-49e8-9c21-32c2adc29325.jpg'><img loading=\"lazy\" decoding=\"async\" width=\"150\" height=\"150\" src=\"https:\/\/www.radiopiu.net\/wordpress\/wp-content\/uploads\/2022\/07\/878a5996-25ef-49e8-9c21-32c2adc29325-150x150.jpg\" class=\"attachment-thumbnail size-thumbnail\" alt=\"\" \/><\/a>\n\t\t\t\t<\/dt><\/dl><br style=\"clear: both\" \/><dl class='gallery-item'>\n\t\t\t\t<dt class='gallery-icon landscape'>\n\t\t\t\t\t<a class=\"rollover rollover-zoom dt-pswp-item\" title=\"40bfd6ca-476d-4f75-afe7-c5b82cc9f908\" data-dt-img-description=\"\" data-large_image_width=\"2048\" data-large_image_height=\"1536\"href='https:\/\/www.radiopiu.net\/wordpress\/wp-content\/uploads\/2022\/07\/40bfd6ca-476d-4f75-afe7-c5b82cc9f908.jpg'><img loading=\"lazy\" decoding=\"async\" width=\"150\" height=\"150\" src=\"https:\/\/www.radiopiu.net\/wordpress\/wp-content\/uploads\/2022\/07\/40bfd6ca-476d-4f75-afe7-c5b82cc9f908-150x150.jpg\" class=\"attachment-thumbnail size-thumbnail\" alt=\"\" \/><\/a>\n\t\t\t\t<\/dt><\/dl><dl class='gallery-item'>\n\t\t\t\t<dt class='gallery-icon landscape'>\n\t\t\t\t\t<a class=\"rollover rollover-zoom dt-pswp-item\" title=\"f0bd949f-244d-4a6d-a75b-47fc42032d7d\" data-dt-img-description=\"\" data-large_image_width=\"2048\" data-large_image_height=\"1536\"href='https:\/\/www.radiopiu.net\/wordpress\/wp-content\/uploads\/2022\/07\/f0bd949f-244d-4a6d-a75b-47fc42032d7d.jpg'><img loading=\"lazy\" decoding=\"async\" width=\"150\" height=\"150\" src=\"https:\/\/www.radiopiu.net\/wordpress\/wp-content\/uploads\/2022\/07\/f0bd949f-244d-4a6d-a75b-47fc42032d7d-150x150.jpg\" class=\"attachment-thumbnail size-thumbnail\" alt=\"\" \/><\/a>\n\t\t\t\t<\/dt><\/dl><dl class='gallery-item'>\n\t\t\t\t<dt class='gallery-icon landscape'>\n\t\t\t\t\t<a class=\"rollover rollover-zoom dt-pswp-item\" title=\"81ced439-de7b-46fe-9855-7cfb04fd9ff2\" data-dt-img-description=\"\" data-large_image_width=\"2048\" data-large_image_height=\"1536\"href='https:\/\/www.radiopiu.net\/wordpress\/wp-content\/uploads\/2022\/07\/81ced439-de7b-46fe-9855-7cfb04fd9ff2.jpg'><img loading=\"lazy\" decoding=\"async\" width=\"150\" height=\"150\" src=\"https:\/\/www.radiopiu.net\/wordpress\/wp-content\/uploads\/2022\/07\/81ced439-de7b-46fe-9855-7cfb04fd9ff2-150x150.jpg\" class=\"attachment-thumbnail size-thumbnail\" alt=\"\" \/><\/a>\n\t\t\t\t<\/dt><\/dl><dl class='gallery-item'>\n\t\t\t\t<dt class='gallery-icon landscape'>\n\t\t\t\t\t<a class=\"rollover rollover-zoom dt-pswp-item\" title=\"4cd72f48-396c-4dbd-bd70-981a9ff1a9ef\" data-dt-img-description=\"\" data-large_image_width=\"2048\" data-large_image_height=\"1536\"href='https:\/\/www.radiopiu.net\/wordpress\/wp-content\/uploads\/2022\/07\/4cd72f48-396c-4dbd-bd70-981a9ff1a9ef.jpg'><img loading=\"lazy\" decoding=\"async\" width=\"150\" height=\"150\" src=\"https:\/\/www.radiopiu.net\/wordpress\/wp-content\/uploads\/2022\/07\/4cd72f48-396c-4dbd-bd70-981a9ff1a9ef-150x150.jpg\" class=\"attachment-thumbnail size-thumbnail\" alt=\"\" \/><\/a>\n\t\t\t\t<\/dt><\/dl><dl class='gallery-item'>\n\t\t\t\t<dt class='gallery-icon portrait'>\n\t\t\t\t\t<a class=\"rollover rollover-zoom dt-pswp-item\" title=\"9e9f446e-5a25-491b-bf0f-cc79f6af054d\" data-dt-img-description=\"\" data-large_image_width=\"643\" data-large_image_height=\"1600\"href='https:\/\/www.radiopiu.net\/wordpress\/wp-content\/uploads\/2022\/07\/9e9f446e-5a25-491b-bf0f-cc79f6af054d.jpg'><img loading=\"lazy\" decoding=\"async\" width=\"150\" height=\"150\" src=\"https:\/\/www.radiopiu.net\/wordpress\/wp-content\/uploads\/2022\/07\/9e9f446e-5a25-491b-bf0f-cc79f6af054d-150x150.jpg\" class=\"attachment-thumbnail size-thumbnail\" alt=\"\" \/><\/a>\n\t\t\t\t<\/dt><\/dl><dl class='gallery-item'>\n\t\t\t\t<dt class='gallery-icon portrait'>\n\t\t\t\t\t<a class=\"rollover rollover-zoom dt-pswp-item\" title=\"8329b30c-1a22-4155-9c6b-0121aab77b36\" data-dt-img-description=\"\" data-large_image_width=\"698\" data-large_image_height=\"1599\"href='https:\/\/www.radiopiu.net\/wordpress\/wp-content\/uploads\/2022\/07\/8329b30c-1a22-4155-9c6b-0121aab77b36.jpg'><img loading=\"lazy\" decoding=\"async\" width=\"150\" height=\"150\" src=\"https:\/\/www.radiopiu.net\/wordpress\/wp-content\/uploads\/2022\/07\/8329b30c-1a22-4155-9c6b-0121aab77b36-150x150.jpg\" class=\"attachment-thumbnail size-thumbnail\" alt=\"\" \/><\/a>\n\t\t\t\t<\/dt><\/dl><br style=\"clear: both\" \/>\n\t\t\t<\/div>\n\n<p>&nbsp;<\/p>\n<hr \/>\n<p>&nbsp;<\/p>\n<p><span style=\"color: #0000ff;\"><strong>CORSA IN MONTAGNA<\/strong><\/span><\/p>\n<blockquote>\n<h3>LA VERTICAL COL DI LANA E&#8217; DI MARCELLO UGAZIO E GIULIA MURADA<\/h3>\n<\/blockquote>\n<p><strong><a class=\"dt-pswp-item\" href=\"https:\/\/www.radiopiu.net\/wordpress\/wp-content\/uploads\/2022\/07\/295704258_2101409053374289_4413941606709520565_n.jpg\" data-dt-img-description=\"\" data-large_image_width=\"2048\" data-large_image_height=\"1536\"><img loading=\"lazy\" decoding=\"async\" class=\" wp-image-289027 alignleft\" src=\"https:\/\/www.radiopiu.net\/wordpress\/wp-content\/uploads\/2022\/07\/295704258_2101409053374289_4413941606709520565_n-150x150.jpg\" alt=\"\" width=\"89\" height=\"89\" \/><\/a>LIVINALLONGO <\/strong>Si \u00e8 svolta ieri mattina la Vertical Col Di Lana, gara di corsa in montagna dalla localit\u00e0 di Pieve di Livinallongo (1452 m) fino alla vetta del Col de Lana (2452 m). 1000 metri di dislivello per una gara tutta in salita. A vincere in campo maschile \u00e8 stato Marcello Ugazio con il tempo di 34&#8242; 59&#8243;, secondo Manfred Reichegger e ultimo gradino del podio a Luca Binelli. In campo femminile la vittoria \u00e8 andata a Giulia Murada con il tempo di 40&#8217;40&#8221;, seconda Mojca Koligar e terza Carlotta Uber.<\/p>\n<p>&nbsp;<\/p>\n\n\t\t\t<style type='text\/css'>\n\t\t\t\t#gallery-11 {\n\t\t\t\t\tmargin: auto;\n\t\t\t\t}\n\t\t\t\t#gallery-11 .gallery-item {\n\t\t\t\t\tfloat: left;\n\t\t\t\t\tmargin-top: 10px;\n\t\t\t\t\ttext-align: center;\n\t\t\t\t\twidth: 33%;\n\t\t\t\t}\n\t\t\t\t#gallery-11 img {\n\t\t\t\t\tborder: 2px solid #cfcfcf;\n\t\t\t\t}\n\t\t\t\t#gallery-11 .gallery-caption {\n\t\t\t\t\tmargin-left: 0;\n\t\t\t\t}\n\t\t\t\t\/* see gallery_shortcode() in wp-includes\/media.php *\/\n\t\t\t<\/style>\n\t\t<div id='gallery-11' class='dt-gallery-container gallery galleryid-288757 gallery-columns-3 gallery-size-thumbnail'><dl class='gallery-item'>\n\t\t\t\t<dt class='gallery-icon landscape'>\n\t\t\t\t\t<a class=\"rollover rollover-zoom dt-pswp-item\" title=\"06d7ed15-682d-4f53-8cec-0b929e91f5ea\" data-dt-img-description=\"\" data-large_image_width=\"2048\" data-large_image_height=\"1536\"href='https:\/\/www.radiopiu.net\/wordpress\/wp-content\/uploads\/2022\/07\/06d7ed15-682d-4f53-8cec-0b929e91f5ea.jpg'><img loading=\"lazy\" decoding=\"async\" width=\"150\" height=\"150\" src=\"https:\/\/www.radiopiu.net\/wordpress\/wp-content\/uploads\/2022\/07\/06d7ed15-682d-4f53-8cec-0b929e91f5ea-150x150.jpg\" class=\"attachment-thumbnail size-thumbnail\" alt=\"\" aria-describedby=\"gallery-11-289044\" \/><\/a>\n\t\t\t\t<\/dt>\n\t\t\t\t\t<dd class='wp-caption-text gallery-caption' id='gallery-11-289044'>\n\t\t\t\t\tPODIO MASCHILE\n\t\t\t\t\t<\/dd><\/dl><dl class='gallery-item'>\n\t\t\t\t<dt class='gallery-icon landscape'>\n\t\t\t\t\t<a class=\"rollover rollover-zoom dt-pswp-item\" title=\"10a0a250-5e53-4b88-be0b-867899304b21\" data-dt-img-description=\"\" data-large_image_width=\"2048\" data-large_image_height=\"1536\"href='https:\/\/www.radiopiu.net\/wordpress\/wp-content\/uploads\/2022\/07\/10a0a250-5e53-4b88-be0b-867899304b21.jpg'><img loading=\"lazy\" decoding=\"async\" width=\"150\" height=\"150\" src=\"https:\/\/www.radiopiu.net\/wordpress\/wp-content\/uploads\/2022\/07\/10a0a250-5e53-4b88-be0b-867899304b21-150x150.jpg\" class=\"attachment-thumbnail size-thumbnail\" alt=\"\" aria-describedby=\"gallery-11-289045\" \/><\/a>\n\t\t\t\t<\/dt>\n\t\t\t\t\t<dd class='wp-caption-text gallery-caption' id='gallery-11-289045'>\n\t\t\t\t\tPODIO FEMMINILE\n\t\t\t\t\t<\/dd><\/dl><dl class='gallery-item'>\n\t\t\t\t<dt class='gallery-icon landscape'>\n\t\t\t\t\t<a class=\"rollover rollover-zoom dt-pswp-item\" title=\"a0a7bb64-a4bc-4873-bb63-b715ed6c0aeb\" data-dt-img-description=\"\" data-large_image_width=\"2048\" data-large_image_height=\"1536\"href='https:\/\/www.radiopiu.net\/wordpress\/wp-content\/uploads\/2022\/07\/a0a7bb64-a4bc-4873-bb63-b715ed6c0aeb.jpg'><img loading=\"lazy\" decoding=\"async\" width=\"150\" height=\"150\" src=\"https:\/\/www.radiopiu.net\/wordpress\/wp-content\/uploads\/2022\/07\/a0a7bb64-a4bc-4873-bb63-b715ed6c0aeb-150x150.jpg\" class=\"attachment-thumbnail size-thumbnail\" alt=\"\" aria-describedby=\"gallery-11-289046\" \/><\/a>\n\t\t\t\t<\/dt>\n\t\t\t\t\t<dd class='wp-caption-text gallery-caption' id='gallery-11-289046'>\n\t\t\t\t\tSENATORI DELLA CORSA\n\t\t\t\t\t<\/dd><\/dl><br style=\"clear: both\" \/>\n\t\t\t<\/div>\n\n<p>&nbsp;<\/p>\n<hr \/>\n<p>&nbsp;<\/p>\n<p><span style=\"color: #0000ff;\"><strong>MOTORI<\/strong><\/span><\/p>\n<blockquote>\n<h3>LA MOSTRA DEDICATA A GILLES VILLENEUVE A MODENA<\/h3>\n<\/blockquote>\n<p><strong><a class=\"dt-pswp-item\" href=\"https:\/\/www.radiopiu.net\/wordpress\/wp-content\/uploads\/2022\/07\/1bd38b33-5030-4b88-a2d3-9aa5e05b09eb.jpg\" data-dt-img-description=\"\" data-large_image_width=\"1455\" data-large_image_height=\"958\"><img loading=\"lazy\" decoding=\"async\" class=\"size-thumbnail wp-image-289052 alignleft\" src=\"https:\/\/www.radiopiu.net\/wordpress\/wp-content\/uploads\/2022\/07\/1bd38b33-5030-4b88-a2d3-9aa5e05b09eb-150x150.jpg\" alt=\"\" width=\"150\" height=\"150\" \/><\/a>MODENA<\/strong><\/p>\n<p>di Roberto Bona<\/p>\n<audio class=\"wp-audio-shortcode\" id=\"audio-288757-11\" preload=\"none\" style=\"width: 100%;\" controls=\"controls\"><source type=\"audio\/mpeg\" src=\"https:\/\/www.radiopiu.net\/wordpress\/wp-content\/uploads\/2022\/07\/bona-giles-villeneuve.mp3?_=11\" \/><a href=\"https:\/\/www.radiopiu.net\/wordpress\/wp-content\/uploads\/2022\/07\/bona-giles-villeneuve.mp3\">https:\/\/www.radiopiu.net\/wordpress\/wp-content\/uploads\/2022\/07\/bona-giles-villeneuve.mp3<\/a><\/audio>\n<p>&nbsp;<\/p>\n\n\t\t\t<style type='text\/css'>\n\t\t\t\t#gallery-12 {\n\t\t\t\t\tmargin: auto;\n\t\t\t\t}\n\t\t\t\t#gallery-12 .gallery-item {\n\t\t\t\t\tfloat: left;\n\t\t\t\t\tmargin-top: 10px;\n\t\t\t\t\ttext-align: center;\n\t\t\t\t\twidth: 20%;\n\t\t\t\t}\n\t\t\t\t#gallery-12 img {\n\t\t\t\t\tborder: 2px solid #cfcfcf;\n\t\t\t\t}\n\t\t\t\t#gallery-12 .gallery-caption {\n\t\t\t\t\tmargin-left: 0;\n\t\t\t\t}\n\t\t\t\t\/* see gallery_shortcode() in wp-includes\/media.php *\/\n\t\t\t<\/style>\n\t\t<div id='gallery-12' class='dt-gallery-container gallery galleryid-288757 gallery-columns-5 gallery-size-thumbnail'><dl class='gallery-item'>\n\t\t\t\t<dt class='gallery-icon portrait'>\n\t\t\t\t\t<a class=\"rollover rollover-zoom dt-pswp-item\" title=\"b5a22bba-d9f5-4d7c-81c4-14559010af09\" data-dt-img-description=\"\" data-large_image_width=\"1305\" data-large_image_height=\"1548\"href='https:\/\/www.radiopiu.net\/wordpress\/wp-content\/uploads\/2022\/07\/b5a22bba-d9f5-4d7c-81c4-14559010af09.jpg'><img loading=\"lazy\" decoding=\"async\" width=\"150\" height=\"150\" src=\"https:\/\/www.radiopiu.net\/wordpress\/wp-content\/uploads\/2022\/07\/b5a22bba-d9f5-4d7c-81c4-14559010af09-150x150.jpg\" class=\"attachment-thumbnail size-thumbnail\" alt=\"\" \/><\/a>\n\t\t\t\t<\/dt><\/dl><dl class='gallery-item'>\n\t\t\t\t<dt class='gallery-icon portrait'>\n\t\t\t\t\t<a class=\"rollover rollover-zoom dt-pswp-item\" title=\"573de753-2595-4329-813c-e0d95b472aef\" data-dt-img-description=\"\" data-large_image_width=\"894\" data-large_image_height=\"1600\"href='https:\/\/www.radiopiu.net\/wordpress\/wp-content\/uploads\/2022\/07\/573de753-2595-4329-813c-e0d95b472aef.jpg'><img loading=\"lazy\" decoding=\"async\" width=\"150\" height=\"150\" src=\"https:\/\/www.radiopiu.net\/wordpress\/wp-content\/uploads\/2022\/07\/573de753-2595-4329-813c-e0d95b472aef-150x150.jpg\" class=\"attachment-thumbnail size-thumbnail\" alt=\"\" \/><\/a>\n\t\t\t\t<\/dt><\/dl><dl class='gallery-item'>\n\t\t\t\t<dt class='gallery-icon landscape'>\n\t\t\t\t\t<a class=\"rollover rollover-zoom dt-pswp-item\" title=\"58bbf975-8bfb-4f74-9ef8-88a56b3a12b5\" data-dt-img-description=\"\" data-large_image_width=\"1600\" data-large_image_height=\"1200\"href='https:\/\/www.radiopiu.net\/wordpress\/wp-content\/uploads\/2022\/07\/58bbf975-8bfb-4f74-9ef8-88a56b3a12b5.jpg'><img loading=\"lazy\" decoding=\"async\" width=\"150\" height=\"150\" src=\"https:\/\/www.radiopiu.net\/wordpress\/wp-content\/uploads\/2022\/07\/58bbf975-8bfb-4f74-9ef8-88a56b3a12b5-150x150.jpg\" class=\"attachment-thumbnail size-thumbnail\" alt=\"\" \/><\/a>\n\t\t\t\t<\/dt><\/dl><dl class='gallery-item'>\n\t\t\t\t<dt class='gallery-icon landscape'>\n\t\t\t\t\t<a class=\"rollover rollover-zoom dt-pswp-item\" title=\"945af413-2de8-4d46-a34e-48186337c4df\" data-dt-img-description=\"\" data-large_image_width=\"1600\" data-large_image_height=\"1200\"href='https:\/\/www.radiopiu.net\/wordpress\/wp-content\/uploads\/2022\/07\/945af413-2de8-4d46-a34e-48186337c4df.jpg'><img loading=\"lazy\" decoding=\"async\" width=\"150\" height=\"150\" src=\"https:\/\/www.radiopiu.net\/wordpress\/wp-content\/uploads\/2022\/07\/945af413-2de8-4d46-a34e-48186337c4df-150x150.jpg\" class=\"attachment-thumbnail size-thumbnail\" alt=\"\" \/><\/a>\n\t\t\t\t<\/dt><\/dl><dl class='gallery-item'>\n\t\t\t\t<dt class='gallery-icon landscape'>\n\t\t\t\t\t<a class=\"rollover rollover-zoom dt-pswp-item\" title=\"0cb6b037-f346-44ab-b2bb-c1508141a821\" data-dt-img-description=\"\" data-large_image_width=\"1600\" data-large_image_height=\"1200\"href='https:\/\/www.radiopiu.net\/wordpress\/wp-content\/uploads\/2022\/07\/0cb6b037-f346-44ab-b2bb-c1508141a821.jpg'><img loading=\"lazy\" decoding=\"async\" width=\"150\" height=\"150\" src=\"https:\/\/www.radiopiu.net\/wordpress\/wp-content\/uploads\/2022\/07\/0cb6b037-f346-44ab-b2bb-c1508141a821-150x150.jpg\" class=\"attachment-thumbnail size-thumbnail\" alt=\"\" \/><\/a>\n\t\t\t\t<\/dt><\/dl><br style=\"clear: both\" \/><dl class='gallery-item'>\n\t\t\t\t<dt class='gallery-icon portrait'>\n\t\t\t\t\t<a class=\"rollover rollover-zoom dt-pswp-item\" title=\"7714ba9c-3cdd-4f74-bbf4-8772fdbdc3a4\" data-dt-img-description=\"\" data-large_image_width=\"1200\" data-large_image_height=\"1600\"href='https:\/\/www.radiopiu.net\/wordpress\/wp-content\/uploads\/2022\/07\/7714ba9c-3cdd-4f74-bbf4-8772fdbdc3a4.jpg'><img loading=\"lazy\" decoding=\"async\" width=\"150\" height=\"150\" src=\"https:\/\/www.radiopiu.net\/wordpress\/wp-content\/uploads\/2022\/07\/7714ba9c-3cdd-4f74-bbf4-8772fdbdc3a4-150x150.jpg\" class=\"attachment-thumbnail size-thumbnail\" alt=\"\" \/><\/a>\n\t\t\t\t<\/dt><\/dl><dl class='gallery-item'>\n\t\t\t\t<dt class='gallery-icon portrait'>\n\t\t\t\t\t<a class=\"rollover rollover-zoom dt-pswp-item\" title=\"74e1ce64-e401-4e85-979f-bcc2e96bd30f\" data-dt-img-description=\"\" data-large_image_width=\"1014\" data-large_image_height=\"1600\"href='https:\/\/www.radiopiu.net\/wordpress\/wp-content\/uploads\/2022\/07\/74e1ce64-e401-4e85-979f-bcc2e96bd30f.jpg'><img loading=\"lazy\" decoding=\"async\" width=\"150\" height=\"150\" src=\"https:\/\/www.radiopiu.net\/wordpress\/wp-content\/uploads\/2022\/07\/74e1ce64-e401-4e85-979f-bcc2e96bd30f-150x150.jpg\" class=\"attachment-thumbnail size-thumbnail\" alt=\"\" \/><\/a>\n\t\t\t\t<\/dt><\/dl><dl class='gallery-item'>\n\t\t\t\t<dt class='gallery-icon portrait'>\n\t\t\t\t\t<a class=\"rollover rollover-zoom dt-pswp-item\" title=\"1de83d0d-1614-42f9-9976-bfe5d52647c2\" data-dt-img-description=\"\" data-large_image_width=\"1309\" data-large_image_height=\"1339\"href='https:\/\/www.radiopiu.net\/wordpress\/wp-content\/uploads\/2022\/07\/1de83d0d-1614-42f9-9976-bfe5d52647c2.jpg'><img loading=\"lazy\" decoding=\"async\" width=\"150\" height=\"150\" src=\"https:\/\/www.radiopiu.net\/wordpress\/wp-content\/uploads\/2022\/07\/1de83d0d-1614-42f9-9976-bfe5d52647c2-150x150.jpg\" class=\"attachment-thumbnail size-thumbnail\" alt=\"\" \/><\/a>\n\t\t\t\t<\/dt><\/dl><dl class='gallery-item'>\n\t\t\t\t<dt class='gallery-icon portrait'>\n\t\t\t\t\t<a class=\"rollover rollover-zoom dt-pswp-item\" title=\"dd157c31-5500-49d9-8ff9-1c67eb03e218\" data-dt-img-description=\"\" data-large_image_width=\"1335\" data-large_image_height=\"1585\"href='https:\/\/www.radiopiu.net\/wordpress\/wp-content\/uploads\/2022\/07\/dd157c31-5500-49d9-8ff9-1c67eb03e218.jpg'><img loading=\"lazy\" decoding=\"async\" width=\"150\" height=\"150\" src=\"https:\/\/www.radiopiu.net\/wordpress\/wp-content\/uploads\/2022\/07\/dd157c31-5500-49d9-8ff9-1c67eb03e218-150x150.jpg\" class=\"attachment-thumbnail size-thumbnail\" alt=\"\" \/><\/a>\n\t\t\t\t<\/dt><\/dl><dl class='gallery-item'>\n\t\t\t\t<dt class='gallery-icon portrait'>\n\t\t\t\t\t<a class=\"rollover rollover-zoom dt-pswp-item\" title=\"f0fa3e77-d2d5-413b-b7fe-c272897643ad\" data-dt-img-description=\"\" data-large_image_width=\"1365\" data-large_image_height=\"1432\"href='https:\/\/www.radiopiu.net\/wordpress\/wp-content\/uploads\/2022\/07\/f0fa3e77-d2d5-413b-b7fe-c272897643ad.jpg'><img loading=\"lazy\" decoding=\"async\" width=\"150\" height=\"150\" src=\"https:\/\/www.radiopiu.net\/wordpress\/wp-content\/uploads\/2022\/07\/f0fa3e77-d2d5-413b-b7fe-c272897643ad-150x150.jpg\" class=\"attachment-thumbnail size-thumbnail\" alt=\"\" \/><\/a>\n\t\t\t\t<\/dt><\/dl><br style=\"clear: both\" \/>\n\t\t\t<\/div>\n\n<p>&nbsp;<\/p>\n<hr \/>\n<p>&nbsp;<\/p>\n<p><span style=\"color: #0000ff;\"><strong>NUOTO<\/strong><\/span><\/p>\n<blockquote>\n<h3>CAMPIONATI REGIONALI ESORDIENTI A: ALESSANDRO NERVIANI DUE VOLTE SUL PODIO<\/h3>\n<\/blockquote>\n<p><strong>BELLUNO <\/strong>La Sportivamente Belluno si ritaglia uno spazio di rilievo ai Campionati regionali Esordienti A: in un contesto arricchito dai migliori atleti veneti, nati fra il 2009 e il 2011, arrivano ben due podi. Entrambi centrati da Alessandro Nervian, secondo nei 50 stile libero e terzo nei 100 rana. Sette i bellunesi al via della competizione, spalmata su tre giorni: Margherita De Cian, Vincenzo Iuliano, Beatrice Mezzacasa, Alex Brianti, Levi Riccardo Cervo e Niccol\u00f2 Longi, oltre al gi\u00e0 citato Nerviani. Nella prima giornata, a Montebelluna, brilla subito Nerviani, che agguanta il quinto posto nei 100 stile (1\u201901\u201d87). Non da meno la prestazione nei 200 rana di Beatrice Mezzacasa e Vincenzo Iuliano: debuttanti in categoria, si piazzano fra i primi venti con tempi interessanti. Bene pure Margherita De Cian nei 400 stile libero, cos\u00ec come la staffetta 4&#215;100 mista con Brianti, Iuliano, Cervo e Nerviani: nella gara in notturna, conclude con un bel 5\u201914\u201d78, a pochi secondi dal record di societ\u00e0. Nella seconda giornata, a San Don\u00e0 di Piave, arrivano conferme importanti per Alessandro Nerviani, che nei 200 stile libero migliora il personale (2\u201914\u201d60) e si posiziona quinto, mentre nei 200 misti (2\u201933\u201d59) \u00e8 a soli 45 centesimi dal podio. Guadagna due posti in classifica generale, invece, la staffetta 4&#215;100 stile libero (Nerviani, Brianti, Longi e Cervo: 4\u201929\u201d42). Infine, l\u2019ultimo atto a Treviso, dove la Sportivamente Belluno conquista due splendide medaglie grazie ad Alessandro Nerviani. La prima d\u2019argento, in una serratissima sfida nei 50 stile libero (strepitoso il tempo: 26\u201d92); la seconda di bronzo, nei 100 rana, al termine di una gara mozzafiato (1\u201919\u201d53). Gi\u00f9 dal podio, ma non per questo di minor valore, la prova di Vincenzo Iuliano, che nella stessa gara migliora il personale (1\u201927\u201d28) e termina a met\u00e0 graduatoria.<\/p>\n\n\t\t\t<style type='text\/css'>\n\t\t\t\t#gallery-13 {\n\t\t\t\t\tmargin: auto;\n\t\t\t\t}\n\t\t\t\t#gallery-13 .gallery-item {\n\t\t\t\t\tfloat: left;\n\t\t\t\t\tmargin-top: 10px;\n\t\t\t\t\ttext-align: center;\n\t\t\t\t\twidth: 25%;\n\t\t\t\t}\n\t\t\t\t#gallery-13 img {\n\t\t\t\t\tborder: 2px solid #cfcfcf;\n\t\t\t\t}\n\t\t\t\t#gallery-13 .gallery-caption {\n\t\t\t\t\tmargin-left: 0;\n\t\t\t\t}\n\t\t\t\t\/* see gallery_shortcode() in wp-includes\/media.php *\/\n\t\t\t<\/style>\n\t\t<div id='gallery-13' class='dt-gallery-container gallery galleryid-288757 gallery-columns-4 gallery-size-thumbnail'><dl class='gallery-item'>\n\t\t\t\t<dt class='gallery-icon landscape'>\n\t\t\t\t\t<a class=\"rollover rollover-zoom dt-pswp-item\" title=\"Esordienti_1\" data-dt-img-description=\"\" data-large_image_width=\"640\" data-large_image_height=\"480\"href='https:\/\/www.radiopiu.net\/wordpress\/wp-content\/uploads\/2022\/07\/Esordienti_1.jpg'><img loading=\"lazy\" decoding=\"async\" width=\"150\" height=\"150\" src=\"https:\/\/www.radiopiu.net\/wordpress\/wp-content\/uploads\/2022\/07\/Esordienti_1-150x150.jpg\" class=\"attachment-thumbnail size-thumbnail\" alt=\"\" \/><\/a>\n\t\t\t\t<\/dt><\/dl><dl class='gallery-item'>\n\t\t\t\t<dt class='gallery-icon landscape'>\n\t\t\t\t\t<a class=\"rollover rollover-zoom dt-pswp-item\" title=\"Esordienti_2\" data-dt-img-description=\"\" data-large_image_width=\"1600\" data-large_image_height=\"1200\"href='https:\/\/www.radiopiu.net\/wordpress\/wp-content\/uploads\/2022\/07\/Esordienti_2.jpg'><img loading=\"lazy\" decoding=\"async\" width=\"150\" height=\"150\" src=\"https:\/\/www.radiopiu.net\/wordpress\/wp-content\/uploads\/2022\/07\/Esordienti_2-150x150.jpg\" class=\"attachment-thumbnail size-thumbnail\" alt=\"\" \/><\/a>\n\t\t\t\t<\/dt><\/dl><dl class='gallery-item'>\n\t\t\t\t<dt class='gallery-icon portrait'>\n\t\t\t\t\t<a class=\"rollover rollover-zoom dt-pswp-item\" title=\"Nerviani_con_la_medaglia_al_collo\" data-dt-img-description=\"\" data-large_image_width=\"908\" data-large_image_height=\"2016\"href='https:\/\/www.radiopiu.net\/wordpress\/wp-content\/uploads\/2022\/07\/Nerviani_con_la_medaglia_al_collo.jpg'><img loading=\"lazy\" decoding=\"async\" width=\"150\" height=\"150\" src=\"https:\/\/www.radiopiu.net\/wordpress\/wp-content\/uploads\/2022\/07\/Nerviani_con_la_medaglia_al_collo-150x150.jpg\" class=\"attachment-thumbnail size-thumbnail\" alt=\"\" \/><\/a>\n\t\t\t\t<\/dt><\/dl><dl class='gallery-item'>\n\t\t\t\t<dt class='gallery-icon landscape'>\n\t\t\t\t\t<a class=\"rollover rollover-zoom dt-pswp-item\" title=\"Staffetta_in_notturna\" data-dt-img-description=\"\" data-large_image_width=\"1122\" data-large_image_height=\"841\"href='https:\/\/www.radiopiu.net\/wordpress\/wp-content\/uploads\/2022\/07\/Staffetta_in_notturna.jpg'><img loading=\"lazy\" decoding=\"async\" width=\"150\" height=\"150\" src=\"https:\/\/www.radiopiu.net\/wordpress\/wp-content\/uploads\/2022\/07\/Staffetta_in_notturna-150x150.jpg\" class=\"attachment-thumbnail size-thumbnail\" alt=\"\" \/><\/a>\n\t\t\t\t<\/dt><\/dl><br style=\"clear: both\" \/>\n\t\t\t<\/div>\n\n<\/div>\n<\/div>\n<\/div>\n<\/div>\n<\/div>\n<\/div>\n<\/div>\n<\/div>\n<\/div>\n<\/div>\n<\/div>\n<\/div>\n<\/div>\n<\/div>\n<\/div>\n<\/div>\n<\/div>\n<\/div>\n<\/div>\n<\/div>\n<\/div>\n<\/div>\n<\/div>\n<\/div>\n<\/div>\n<\/div>\n<\/div>\n<\/div>\n<\/div>\n<\/div>\n<\/div>\n<\/div>\n<\/div>\n<\/div>\n<\/div>\n<\/div>\n<\/div>\n<\/div>\n<\/div>\n<\/div>\n<\/div>\n<\/div>\n<\/div>\n<\/div>\n<\/div>\n<\/div>\n<\/div>\n<\/div>\n<\/div>\n<\/div>\n<\/div>\n<\/div>\n<\/div>\n<\/div>\n<\/div>\n<\/div>\n<\/div>\n<\/div>\n<\/div>\n<\/div>\n<\/div>\n<\/div>\n<\/div>\n<\/div>\n<\/div>\n<\/div>\n<\/div>\n<\/div>\n<\/div>\n<\/div>\n<\/div>\n<\/div>\n<\/div>\n<\/div>\n<\/div>\n<\/div>\n<\/div>\n<\/div>\n<\/div>\n<\/div>\n<\/div>\n<\/div>\n<\/div>\n<\/div>\n<\/div>\n<\/div>\n<\/div>\n<\/div>\n<\/div>\n<\/div>\n<\/div>\n<\/div>\n<\/div>\n<\/div>\n<\/div>\n<\/div>\n<\/div>\n<\/div>\n<\/div>\n<\/div>\n<\/div>\n<\/div>\n<\/div>\n<\/div>\n","protected":false},"excerpt":{"rendered":"<p>RADIO PIU INFORMAZIONE il canale su TELEGRAM informazione di prima\u00a0 mano e in tempo reale. iscriviti ed aiutaci a farlo conoscere\u00a0 \u00a0 &nbsp; &nbsp; IN VIA FOCH A CENCENIGHE ACQUA INQUINATA CENCENIGHE Gestione Servizi Pubblici informa che\u00a0 in localit\u00e0 FOCH l&#8217;acqua erogata dall&#8217;acquedotto non \u00e8 potabile e pu\u00f2 essere usata per scopi alimentari SOLO PREVIA&hellip;<\/p>\n","protected":false},"author":4,"featured_media":288880,"comment_status":"closed","ping_status":"closed","sticky":false,"template":"","format":"standard","meta":{"_monsterinsights_skip_tracking":false,"_monsterinsights_sitenote_active":false,"_monsterinsights_sitenote_note":"","_monsterinsights_sitenote_category":0,"footnotes":""},"categories":[51,86,49],"tags":[],"class_list":["post-288757","post","type-post","status-publish","format-standard","has-post-thumbnail","hentry","category-evidenza-top","category-gr","category-news-18","category-51","category-86","category-49","description-off"],"img_url":"https:\/\/www.radiopiu.net\/wordpress\/wp-content\/uploads\/2022\/07\/c9585ca5-96b8-438f-8c3b-2e1fa6699d00.jpg","_links":{"self":[{"href":"https:\/\/www.radiopiu.net\/wordpress\/wp-json\/wp\/v2\/posts\/288757","targetHints":{"allow":["GET"]}}],"collection":[{"href":"https:\/\/www.radiopiu.net\/wordpress\/wp-json\/wp\/v2\/posts"}],"about":[{"href":"https:\/\/www.radiopiu.net\/wordpress\/wp-json\/wp\/v2\/types\/post"}],"author":[{"embeddable":true,"href":"https:\/\/www.radiopiu.net\/wordpress\/wp-json\/wp\/v2\/users\/4"}],"replies":[{"embeddable":true,"href":"https:\/\/www.radiopiu.net\/wordpress\/wp-json\/wp\/v2\/comments?post=288757"}],"version-history":[{"count":0,"href":"https:\/\/www.radiopiu.net\/wordpress\/wp-json\/wp\/v2\/posts\/288757\/revisions"}],"wp:featuredmedia":[{"embeddable":true,"href":"https:\/\/www.radiopiu.net\/wordpress\/wp-json\/wp\/v2\/media\/288880"}],"wp:attachment":[{"href":"https:\/\/www.radiopiu.net\/wordpress\/wp-json\/wp\/v2\/media?parent=288757"}],"wp:term":[{"taxonomy":"category","embeddable":true,"href":"https:\/\/www.radiopiu.net\/wordpress\/wp-json\/wp\/v2\/categories?post=288757"},{"taxonomy":"post_tag","embeddable":true,"href":"https:\/\/www.radiopiu.net\/wordpress\/wp-json\/wp\/v2\/tags?post=288757"}],"curies":[{"name":"wp","href":"https:\/\/api.w.org\/{rel}","templated":true}]}}