{"id":288845,"date":"2022-07-23T18:30:28","date_gmt":"2022-07-23T16:30:28","guid":{"rendered":"https:\/\/www.radiopiu.net\/wordpress\/?p=288845"},"modified":"2022-07-23T18:30:28","modified_gmt":"2022-07-23T16:30:28","slug":"frana-sulla-strada-per-lo-chalet-al-lago","status":"publish","type":"post","link":"https:\/\/www.radiopiu.net\/wordpress\/frana-sulla-strada-per-lo-chalet-al-lago\/","title":{"rendered":"FRANA SULLA STRADA PER LO CHALET AL LAGO"},"content":{"rendered":"<p><strong>ROCCA PIETORE<\/strong> Primi temporali e primi danni. Una frana \u00e8 scesa sulla strada che da Masar\u00e8 porta allo Chalet al Lago. La frana \u00e8 di dimensioni maggiori rispetto a quella di Vaia del 2018 come si pu\u00f2 vedere dal video che pubblichiamo<\/p>\n<div style=\"width: 848px;\" class=\"wp-video\"><video class=\"wp-video-shortcode\" id=\"video-288845-1\" width=\"848\" height=\"480\" preload=\"metadata\" controls=\"controls\"><source type=\"video\/mp4\" src=\"https:\/\/www.radiopiu.net\/wordpress\/wp-content\/uploads\/2022\/07\/WhatsApp-Video-2022-07-23-at-18.26.32.mp4?_=1\" \/><a href=\"https:\/\/www.radiopiu.net\/wordpress\/wp-content\/uploads\/2022\/07\/WhatsApp-Video-2022-07-23-at-18.26.32.mp4\">https:\/\/www.radiopiu.net\/wordpress\/wp-content\/uploads\/2022\/07\/WhatsApp-Video-2022-07-23-at-18.26.32.mp4<\/a><\/video><\/div>\n<p>&nbsp;<\/p>\n<p>&nbsp;<\/p>\n<p>*****<\/p>\n","protected":false},"excerpt":{"rendered":"<p>ROCCA PIETORE Primi temporali e primi danni. Una frana \u00e8 scesa sulla strada che da Masar\u00e8 porta allo Chalet al Lago. La frana \u00e8 di dimensioni maggiori rispetto a quella di Vaia del 2018 come si pu\u00f2 vedere dal video che pubblichiamo &nbsp; &nbsp; *****<\/p>\n","protected":false},"author":4,"featured_media":288848,"comment_status":"closed","ping_status":"closed","sticky":false,"template":"","format":"standard","meta":{"_monsterinsights_skip_tracking":false,"_monsterinsights_sitenote_active":false,"_monsterinsights_sitenote_note":"","_monsterinsights_sitenote_category":0,"footnotes":""},"categories":[51,49],"tags":[],"class_list":["post-288845","post","type-post","status-publish","format-standard","has-post-thumbnail","hentry","category-evidenza-top","category-news-18","category-51","category-49","description-off"],"img_url":"https:\/\/www.radiopiu.net\/wordpress\/wp-content\/uploads\/2022\/07\/Schermata-2022-07-23-alle-18.29.43.png","_links":{"self":[{"href":"https:\/\/www.radiopiu.net\/wordpress\/wp-json\/wp\/v2\/posts\/288845","targetHints":{"allow":["GET"]}}],"collection":[{"href":"https:\/\/www.radiopiu.net\/wordpress\/wp-json\/wp\/v2\/posts"}],"about":[{"href":"https:\/\/www.radiopiu.net\/wordpress\/wp-json\/wp\/v2\/types\/post"}],"author":[{"embeddable":true,"href":"https:\/\/www.radiopiu.net\/wordpress\/wp-json\/wp\/v2\/users\/4"}],"replies":[{"embeddable":true,"href":"https:\/\/www.radiopiu.net\/wordpress\/wp-json\/wp\/v2\/comments?post=288845"}],"version-history":[{"count":0,"href":"https:\/\/www.radiopiu.net\/wordpress\/wp-json\/wp\/v2\/posts\/288845\/revisions"}],"wp:featuredmedia":[{"embeddable":true,"href":"https:\/\/www.radiopiu.net\/wordpress\/wp-json\/wp\/v2\/media\/288848"}],"wp:attachment":[{"href":"https:\/\/www.radiopiu.net\/wordpress\/wp-json\/wp\/v2\/media?parent=288845"}],"wp:term":[{"taxonomy":"category","embeddable":true,"href":"https:\/\/www.radiopiu.net\/wordpress\/wp-json\/wp\/v2\/categories?post=288845"},{"taxonomy":"post_tag","embeddable":true,"href":"https:\/\/www.radiopiu.net\/wordpress\/wp-json\/wp\/v2\/tags?post=288845"}],"curies":[{"name":"wp","href":"https:\/\/api.w.org\/{rel}","templated":true}]}}