{"id":288999,"date":"2022-07-24T16:39:57","date_gmt":"2022-07-24T14:39:57","guid":{"rendered":"https:\/\/www.radiopiu.net\/wordpress\/?p=288999"},"modified":"2022-07-24T16:39:57","modified_gmt":"2022-07-24T14:39:57","slug":"de-bernardin-vaia-ha-lasciato-il-segno-sul-territorio","status":"publish","type":"post","link":"https:\/\/www.radiopiu.net\/wordpress\/de-bernardin-vaia-ha-lasciato-il-segno-sul-territorio\/","title":{"rendered":"DE BERNARDIN: &#8220;VAIA HA LASCIATO IL SEGNO SUL TERRITORIO&#8221;"},"content":{"rendered":"<p><strong><a class=\"dt-pswp-item\" href=\"https:\/\/www.radiopiu.net\/wordpress\/wp-content\/uploads\/2022\/07\/f0e2717a-8982-4a0a-9048-54e893b454ff.jpg\" data-dt-img-description=\"\" data-large_image_width=\"2048\" data-large_image_height=\"1536\"><img loading=\"lazy\" decoding=\"async\" class=\"size-thumbnail wp-image-289001 alignleft\" src=\"https:\/\/www.radiopiu.net\/wordpress\/wp-content\/uploads\/2022\/07\/f0e2717a-8982-4a0a-9048-54e893b454ff-150x150.jpg\" alt=\"\" width=\"150\" height=\"150\" \/><\/a>ROCCA PIETORE<\/strong> Dopo il maltempo di sabato sera si tirano i conti dei danni. A Rocca Pietore ci si concentra sulla frana tra Masar\u00e8 e lo Chalet al Lago che \u00e8 scesa quasi pi\u00f9 grande rispetto alla tempesta Vaia.<\/p>\n<p><strong>IL SINDACO DI ROCCA PIETORE ANDREA DE BERNARDIN<\/strong><\/p>\n<audio class=\"wp-audio-shortcode\" id=\"audio-288999-1\" preload=\"none\" style=\"width: 100%;\" controls=\"controls\"><source type=\"audio\/mpeg\" src=\"https:\/\/www.radiopiu.net\/wordpress\/wp-content\/uploads\/2022\/07\/DE-BERNARDIN-POST-FRANA.mp3?_=1\" \/><a href=\"https:\/\/www.radiopiu.net\/wordpress\/wp-content\/uploads\/2022\/07\/DE-BERNARDIN-POST-FRANA.mp3\">https:\/\/www.radiopiu.net\/wordpress\/wp-content\/uploads\/2022\/07\/DE-BERNARDIN-POST-FRANA.mp3<\/a><\/audio>\n","protected":false},"excerpt":{"rendered":"<p>ROCCA PIETORE Dopo il maltempo di sabato sera si tirano i conti dei danni. A Rocca Pietore ci si concentra sulla frana tra Masar\u00e8 e lo Chalet al Lago che \u00e8 scesa quasi pi\u00f9 grande rispetto alla tempesta Vaia. IL SINDACO DI ROCCA PIETORE ANDREA DE BERNARDIN<\/p>\n","protected":false},"author":4,"featured_media":289001,"comment_status":"closed","ping_status":"closed","sticky":false,"template":"","format":"standard","meta":{"_monsterinsights_skip_tracking":false,"_monsterinsights_sitenote_active":false,"_monsterinsights_sitenote_note":"","_monsterinsights_sitenote_category":0,"footnotes":""},"categories":[51,49],"tags":[],"class_list":["post-288999","post","type-post","status-publish","format-standard","has-post-thumbnail","hentry","category-evidenza-top","category-news-18","category-51","category-49","description-off"],"img_url":"https:\/\/www.radiopiu.net\/wordpress\/wp-content\/uploads\/2022\/07\/f0e2717a-8982-4a0a-9048-54e893b454ff.jpg","_links":{"self":[{"href":"https:\/\/www.radiopiu.net\/wordpress\/wp-json\/wp\/v2\/posts\/288999","targetHints":{"allow":["GET"]}}],"collection":[{"href":"https:\/\/www.radiopiu.net\/wordpress\/wp-json\/wp\/v2\/posts"}],"about":[{"href":"https:\/\/www.radiopiu.net\/wordpress\/wp-json\/wp\/v2\/types\/post"}],"author":[{"embeddable":true,"href":"https:\/\/www.radiopiu.net\/wordpress\/wp-json\/wp\/v2\/users\/4"}],"replies":[{"embeddable":true,"href":"https:\/\/www.radiopiu.net\/wordpress\/wp-json\/wp\/v2\/comments?post=288999"}],"version-history":[{"count":0,"href":"https:\/\/www.radiopiu.net\/wordpress\/wp-json\/wp\/v2\/posts\/288999\/revisions"}],"wp:featuredmedia":[{"embeddable":true,"href":"https:\/\/www.radiopiu.net\/wordpress\/wp-json\/wp\/v2\/media\/289001"}],"wp:attachment":[{"href":"https:\/\/www.radiopiu.net\/wordpress\/wp-json\/wp\/v2\/media?parent=288999"}],"wp:term":[{"taxonomy":"category","embeddable":true,"href":"https:\/\/www.radiopiu.net\/wordpress\/wp-json\/wp\/v2\/categories?post=288999"},{"taxonomy":"post_tag","embeddable":true,"href":"https:\/\/www.radiopiu.net\/wordpress\/wp-json\/wp\/v2\/tags?post=288999"}],"curies":[{"name":"wp","href":"https:\/\/api.w.org\/{rel}","templated":true}]}}