{"id":289122,"date":"2022-07-26T05:33:13","date_gmt":"2022-07-26T03:33:13","guid":{"rendered":"https:\/\/www.radiopiu.net\/wordpress\/?p=289122"},"modified":"2022-07-26T07:44:36","modified_gmt":"2022-07-26T05:44:36","slug":"giornale-radiopiu-26-luglio-2022-direttore-mirko-mezzacasa","status":"publish","type":"post","link":"https:\/\/www.radiopiu.net\/wordpress\/giornale-radiopiu-26-luglio-2022-direttore-mirko-mezzacasa\/","title":{"rendered":"GIORNALE RADIOPIU 26 LUGLIO 2022 DIRETTORE MIRKO MEZZACASA"},"content":{"rendered":"<h3 class=\"kvgmc6g5 cxmmr5t8 oygrvhab hcukyx3x c1et5uql\"><span style=\"color: #0000ff;\"><strong>RADIO PIU INFORMAZIONE il canale su TELEGRAM informazione di prima\u00a0 <\/strong><\/span><span style=\"color: #0000ff;\"><strong>mano e in tempo reale. iscriviti ed aiutaci a farlo conoscere\u00a0 \u00a0<\/strong><\/span><\/h3>\n<p><iframe loading=\"lazy\" title=\"Rocca Pietore, Marmolada, Val Pettorina\" width=\"1200\" height=\"675\" src=\"https:\/\/www.youtube.com\/embed\/fnodpFI2M1w?feature=oembed\" frameborder=\"0\" allow=\"accelerometer; autoplay; clipboard-write; encrypted-media; gyroscope; picture-in-picture\" allowfullscreen><\/iframe><\/p>\n<p>&nbsp;<\/p>\n<hr \/>\n<p>&nbsp;<\/p>\n<blockquote>\n<h3>IN VIA FOCH A CENCENIGHE ACQUA INQUINATA<\/h3>\n<\/blockquote>\n<p><strong>CENCENIGHE<\/strong> Gestione Servizi Pubblici informa che\u00a0 in localit\u00e0 FOCH l&#8217;acqua erogata dall&#8217;acquedotto non \u00e8 potabile e pu\u00f2 essere usata per scopi alimentari SOLO PREVIA bollitura.<\/p>\n<p>&nbsp;<\/p>\n<blockquote>\n<h3>INTERRUZIONE IDRICA A ROCCA PIETORE<\/h3>\n<\/blockquote>\n<p><strong>ROCCA PIETORE<\/strong> Gestione Servizi Pubblici informa che, per lavori alla rete idrica comunale, OGGI dalle 09:00 alle 11:00 verr\u00e0 sospesa l\u2019erogazione dell\u2019acqua a ROCCA PIETORE CAPOLUOGO.<\/p>\n<p>&nbsp;<\/p>\n<p>&nbsp;<\/p>\n<hr \/>\n<p>&nbsp;<\/p>\n<blockquote>\n<h3>ATTESI FORTI TEMPORALI SU TUTTA LA REGIONE<\/h3>\n<\/blockquote>\n<p><strong>VENEZIA <\/strong>Il Centro Funzionale Decentrato della Protezione Civile regionale ha emesso un avviso di criticit\u00e0 idrogeologica riferita allo scenario per temporali forti per tutti i bacini idrografici del Veneto, valido fino alla mezzanotte di domani. L\u2019avviso \u00e8 stato emesso sulla base delle previsioni meteo che indicano per oggi una probabile ripresa dell&#8217;instabilit\u00e0 a partire dalle zone montane in successiva parziale estensione alla pianura. Saranno possibili fenomeni localmente intensi (forti rovesci, forti raffiche di vento, locali grandinate). Visti i fenomeni meteorologici previsti, il Centro Funzionale Decentrato della Regione del Veneto ha dichiarato la fase operativa di \u201cAttenzione\u201d (Allerta Gialla) per criticit\u00e0 idrogeologica su tutti i bacini idrografici regionali.<\/p>\n<p>&nbsp;<\/p>\n<p><a class=\"dt-pswp-item\" href=\"https:\/\/www.radiopiu.net\/wordpress\/wp-content\/uploads\/2022\/07\/Schermata-2022-07-25-alle-14.16.50.png\" data-dt-img-description=\"\" data-large_image_width=\"1296\" data-large_image_height=\"426\"><img loading=\"lazy\" decoding=\"async\" class=\"alignnone wp-image-289186 size-large\" src=\"https:\/\/www.radiopiu.net\/wordpress\/wp-content\/uploads\/2022\/07\/Schermata-2022-07-25-alle-14.16.50-1024x337.png\" alt=\"\" width=\"1024\" height=\"337\" srcset=\"https:\/\/www.radiopiu.net\/wordpress\/wp-content\/uploads\/2022\/07\/Schermata-2022-07-25-alle-14.16.50-1024x337.png 1024w, https:\/\/www.radiopiu.net\/wordpress\/wp-content\/uploads\/2022\/07\/Schermata-2022-07-25-alle-14.16.50-300x99.png 300w, https:\/\/www.radiopiu.net\/wordpress\/wp-content\/uploads\/2022\/07\/Schermata-2022-07-25-alle-14.16.50-768x252.png 768w, https:\/\/www.radiopiu.net\/wordpress\/wp-content\/uploads\/2022\/07\/Schermata-2022-07-25-alle-14.16.50.png 1296w\" sizes=\"auto, (max-width: 1024px) 100vw, 1024px\" \/><\/a><\/p>\n<p>&nbsp;<\/p>\n<hr \/>\n<p>&nbsp;<\/p>\n<p>&nbsp;<\/p>\n<blockquote>\n<h3>UN GIOVANE DI 21 ANNI IN PROGNOSI RISERVATA DOPO L&#8217;INCIDENTE A QUERO<\/h3>\n<\/blockquote>\n<p><strong><img loading=\"lazy\" decoding=\"async\" class=\"alignleft\" src=\"https:\/\/www.radiopiu.net\/wordpress\/wp-content\/uploads\/2022\/07\/th-20.jpg\" width=\"142\" height=\"106\" \/>QUERO VAS<\/strong>\u00a0 Un ragazzo di Santa Giustina, S.T. di 21 anni\u00a0 \u00e8 rimasto ferito in modo grave nello scontro tra la sua auto, una Kia e un van Ford. Altre due persone hanno riportato contusioni meno gravi. L&#8217;incidente sulla Sp 1 bis Madonna del Piave.\u00a0 Il santagiustinese saliva in direzione di Busche, in senso contrario il van Ford Tourneo di una famiglia di Marostica. Lo scontro, forse causato da un colpo di sonno all&#8217;una del mattino \u00e8 stato violentissimo.\u00a0 A riportare i traumi pi\u00f9 seri \u00e8 stato il conducente della Kia trasportato all&#8217;ospedale Santa Maria del Prato,\u00a0 i sanitari si sono riservati la prognosi, anche se il ragazzo non corre comunque pericolo di vita.<\/p>\n<p>&nbsp;<\/p>\n<hr \/>\n<p>&nbsp;<\/p>\n<blockquote>\n<h3>UN ALTRO INCENDIO CAUSATO DALL&#8217;IMPIANTO FOTOVOLTAICO<br \/>\n<strong><a class=\"dt-pswp-item\" href=\"https:\/\/www.radiopiu.net\/wordpress\/wp-content\/uploads\/2021\/07\/70769fc5-3640-49e1-8477-7a766fdc847f.jpg\" data-dt-img-description=\"\" data-large_image_width=\"1080\" data-large_image_height=\"1221\"><img loading=\"lazy\" decoding=\"async\" class=\" wp-image-222512 alignleft\" src=\"https:\/\/www.radiopiu.net\/wordpress\/wp-content\/uploads\/2021\/07\/70769fc5-3640-49e1-8477-7a766fdc847f-150x150.jpg\" alt=\"\" width=\"105\" height=\"105\" \/><\/a>\u00a0<\/strong><\/h3>\n<\/blockquote>\n<p><strong>ARSIE&#8217;<\/strong> Un principio di incendio\u00a0 ha coinvolto le batterie di accumulo di un impianto fotovoltaico a Rocca di Arsi\u00e8, a spegnere le fiamme i vigili del fuoco di Feltre.L&#8217;emergenza\u00a0 ieri pomeriggio, in una abitazione privata. Il surriscaldamento e poi l&#8217;innesco del fuoco tra le batterie, con la fuoriuscita di fumo, ha spinto a chiedere l&#8217;intervento dei vigili del fuoco.<\/p>\n<p>&nbsp;<\/p>\n<hr \/>\n<blockquote>\n<h3><\/h3>\n<h3>INCENDIO IN CADORE, RIENTRANO LE SQUADRE DI VOLONTARI. OGGI DI NUOVO IN AZIONE<\/h3>\n<\/blockquote>\n<p><a class=\"dt-pswp-item\" href=\"https:\/\/www.radiopiu.net\/wordpress\/wp-content\/uploads\/2022\/07\/5605f5b8-fc15-4533-9210-d83ccf0dc554.jpg\" data-dt-img-description=\"\" data-large_image_width=\"1080\" data-large_image_height=\"1920\"><img loading=\"lazy\" decoding=\"async\" class=\"alignleft wp-image-289287 \" src=\"https:\/\/www.radiopiu.net\/wordpress\/wp-content\/uploads\/2022\/07\/5605f5b8-fc15-4533-9210-d83ccf0dc554-169x300.jpg\" alt=\"\" width=\"75\" height=\"133\" srcset=\"https:\/\/www.radiopiu.net\/wordpress\/wp-content\/uploads\/2022\/07\/5605f5b8-fc15-4533-9210-d83ccf0dc554-169x300.jpg 169w, https:\/\/www.radiopiu.net\/wordpress\/wp-content\/uploads\/2022\/07\/5605f5b8-fc15-4533-9210-d83ccf0dc554-576x1024.jpg 576w, https:\/\/www.radiopiu.net\/wordpress\/wp-content\/uploads\/2022\/07\/5605f5b8-fc15-4533-9210-d83ccf0dc554-768x1365.jpg 768w, https:\/\/www.radiopiu.net\/wordpress\/wp-content\/uploads\/2022\/07\/5605f5b8-fc15-4533-9210-d83ccf0dc554-864x1536.jpg 864w, https:\/\/www.radiopiu.net\/wordpress\/wp-content\/uploads\/2022\/07\/5605f5b8-fc15-4533-9210-d83ccf0dc554.jpg 1080w\" sizes=\"auto, (max-width: 75px) 100vw, 75px\" \/><\/a><strong>LOZZO DI CADORE <\/strong>Incendio in Comune di Lozzo di Cadore a monte della localit\u00e0 Frana di Revis. Nel pomeriggio di ieri ha operato l&#8217;elicottero regionale e Dos per le operazioni di spegnimento. Sul posto squadre di\u00a0 volontari della protezione civile Aib Antelao e le squadra antincendio boschivo di Auronzo<\/p>\n\n\t\t\t<style type='text\/css'>\n\t\t\t\t#gallery-1 {\n\t\t\t\t\tmargin: auto;\n\t\t\t\t}\n\t\t\t\t#gallery-1 .gallery-item {\n\t\t\t\t\tfloat: left;\n\t\t\t\t\tmargin-top: 10px;\n\t\t\t\t\ttext-align: center;\n\t\t\t\t\twidth: 25%;\n\t\t\t\t}\n\t\t\t\t#gallery-1 img {\n\t\t\t\t\tborder: 2px solid #cfcfcf;\n\t\t\t\t}\n\t\t\t\t#gallery-1 .gallery-caption {\n\t\t\t\t\tmargin-left: 0;\n\t\t\t\t}\n\t\t\t\t\/* see gallery_shortcode() in wp-includes\/media.php *\/\n\t\t\t<\/style>\n\t\t<div id='gallery-1' class='dt-gallery-container gallery galleryid-289122 gallery-columns-4 gallery-size-thumbnail'><dl class='gallery-item'>\n\t\t\t\t<dt class='gallery-icon portrait'>\n\t\t\t\t\t<a class=\"rollover rollover-zoom dt-pswp-item\" title=\"8c1b05c8-3be6-458a-8989-7df26f9fce5f\" data-dt-img-description=\"\" data-large_image_width=\"1200\" data-large_image_height=\"1600\"href='https:\/\/www.radiopiu.net\/wordpress\/wp-content\/uploads\/2022\/07\/8c1b05c8-3be6-458a-8989-7df26f9fce5f.jpg'><img loading=\"lazy\" decoding=\"async\" width=\"150\" height=\"150\" src=\"https:\/\/www.radiopiu.net\/wordpress\/wp-content\/uploads\/2022\/07\/8c1b05c8-3be6-458a-8989-7df26f9fce5f-150x150.jpg\" class=\"attachment-thumbnail size-thumbnail\" alt=\"\" \/><\/a>\n\t\t\t\t<\/dt><\/dl><dl class='gallery-item'>\n\t\t\t\t<dt class='gallery-icon landscape'>\n\t\t\t\t\t<a class=\"rollover rollover-zoom dt-pswp-item\" title=\"466f47a8-1ad0-41cc-8f5a-7968a183762b\" data-dt-img-description=\"\" data-large_image_width=\"615\" data-large_image_height=\"342\"href='https:\/\/www.radiopiu.net\/wordpress\/wp-content\/uploads\/2022\/07\/466f47a8-1ad0-41cc-8f5a-7968a183762b.jpg'><img loading=\"lazy\" decoding=\"async\" width=\"150\" height=\"150\" src=\"https:\/\/www.radiopiu.net\/wordpress\/wp-content\/uploads\/2022\/07\/466f47a8-1ad0-41cc-8f5a-7968a183762b-150x150.jpg\" class=\"attachment-thumbnail size-thumbnail\" alt=\"\" \/><\/a>\n\t\t\t\t<\/dt><\/dl><dl class='gallery-item'>\n\t\t\t\t<dt class='gallery-icon landscape'>\n\t\t\t\t\t<a class=\"rollover rollover-zoom dt-pswp-item\" title=\"e4863599-34ea-4a42-9244-3fb92adf9abd\" data-dt-img-description=\"\" data-large_image_width=\"1080\" data-large_image_height=\"810\"href='https:\/\/www.radiopiu.net\/wordpress\/wp-content\/uploads\/2022\/07\/e4863599-34ea-4a42-9244-3fb92adf9abd.jpg'><img loading=\"lazy\" decoding=\"async\" width=\"150\" height=\"150\" src=\"https:\/\/www.radiopiu.net\/wordpress\/wp-content\/uploads\/2022\/07\/e4863599-34ea-4a42-9244-3fb92adf9abd-150x150.jpg\" class=\"attachment-thumbnail size-thumbnail\" alt=\"\" \/><\/a>\n\t\t\t\t<\/dt><\/dl><dl class='gallery-item'>\n\t\t\t\t<dt class='gallery-icon portrait'>\n\t\t\t\t\t<a class=\"rollover rollover-zoom dt-pswp-item\" title=\"03012f37-d1d7-418b-bd90-25bf992f9530\" data-dt-img-description=\"\" data-large_image_width=\"900\" data-large_image_height=\"1600\"href='https:\/\/www.radiopiu.net\/wordpress\/wp-content\/uploads\/2022\/07\/03012f37-d1d7-418b-bd90-25bf992f9530.jpg'><img loading=\"lazy\" decoding=\"async\" width=\"150\" height=\"150\" src=\"https:\/\/www.radiopiu.net\/wordpress\/wp-content\/uploads\/2022\/07\/03012f37-d1d7-418b-bd90-25bf992f9530-150x150.jpg\" class=\"attachment-thumbnail size-thumbnail\" alt=\"\" \/><\/a>\n\t\t\t\t<\/dt><\/dl><br style=\"clear: both\" \/>\n\t\t\t<\/div>\n\n<p><strong>LAMON:<\/strong> Sass Falares. Squadre regionali e Ana Feltre\u00a0 rientrate ieri sera. Situazione sotto controllo. Oggi prosegue il monitoraggio. Inoltre sul lago di Santa Croce i Canadair hanno &#8220;pescato&#8221;\u00a0 acqua per un \u00a0incendio in Friuli, nella zona di Poffabro.<\/p>\n<p>&nbsp;<\/p>\n<hr \/>\n<p>&nbsp;<\/p>\n<blockquote>\n<h3>BLOCCATI SU UN SALTO DI ROCCIA, RECUPERATI DUE ESCURSIONISTI<\/h3>\n<\/blockquote>\n<p><strong>COMELICO SUPERIORE\u00a0<\/strong>Domenica verso le 19 la Centrale del Suem \u00e8 stata contattata da una coppia di escursionisti, che non erano pi\u00f9 in grado di proseguire, in quanto dicevano di essere bloccati vicini a un salto di roccia a bordo di un canalone ghiaioso, lungo il sentiero numero 152 tra Forcella del Tacco e Casera Aiarnola. Dopo averli individuati ormai in vista della malga, l&#8217;elicottero del Suem di Pieve di Cadore ha recuperato G.Z., 26 anni, di Seveso (MB) lui, \u00e8 C.C., 25 anni, di Varedo (MB), lei, con due verricelli da 10 metri. I due ragazzi sono poi stati sbarcati in piazzola a Padola e affidati al personale del Soccorso alpino della Val Comelico.<\/p>\n<p>&nbsp;<\/p>\n<blockquote>\n<h3>INFORTUNIO AL RIFUGIO BOZ<\/h3>\n<\/blockquote>\n<p><strong><a class=\"dt-pswp-item\" href=\"https:\/\/www.radiopiu.net\/wordpress\/wp-content\/uploads\/2022\/07\/salt_20220725_132211_968.jpg\" data-dt-img-description=\"\" data-large_image_width=\"2364\" data-large_image_height=\"1773\"><img loading=\"lazy\" decoding=\"async\" class=\" wp-image-289179 alignleft\" src=\"https:\/\/www.radiopiu.net\/wordpress\/wp-content\/uploads\/2022\/07\/salt_20220725_132211_968-150x150.jpg\" alt=\"\" width=\"93\" height=\"93\" \/><\/a>CESIOMAGGIORE<\/strong> Ieri mattina verso le 8 il Soccorso alpino di Feltre \u00e8 salito al Rifugio Boz, nel comune di Cesiomaggiore, dove un&#8217;escursionista cinese, che ieri si era fatta male a una gamba durante l&#8217;avvicinamento, non era pi\u00f9 in grado di proseguire la camminata da sola. I soccorritori si sono avvicinati con i mezzi fino a Malga Neva per poi procedere a piedi. Una volta dalla ragazza, una 27enne in vacanza con il compagno, le hanno immobilizzato la gamba, l&#8217;hanno imbarellata e trasportata fino al fuoristrada, per poi accompagnarla all&#8217;ospedale di Feltre<\/p>\n<p>&nbsp;<\/p>\n<blockquote>\n<h3>TRAUMA ALLA CAVIGLIA NELLA FAGGETA DI SOTTOGUDA<\/h3>\n<\/blockquote>\n<p><strong>ROCCA PIETORE<\/strong> Attorno alle 10.30 di ieri una squadra del Soccorso alpino della Val Pettorina \u00e8 stata invece inviata sopra la faggetta di Sottoguda, per una donna che, mentre stava passeggiando con un&#8217;altra persona, aveva riportato un probabile trauma alla caviglia. La 76enne di Milano \u00e8 stata recuperata dai soccorritori e portata fino al rendez vous con l&#8217;ambulanza dei volontari di Alleghe, che \u00e8 partita in direzione dell&#8217;ospedale.<\/p>\n<p>&nbsp;<\/p>\n<blockquote>\n<h3>ESCURSIONISTA COLTA DA MALORE<\/h3>\n<\/blockquote>\n<p><strong>COMELICO SUPERIORE<\/strong> Ieri alle 11.20 l&#8217;elicottero di Dolomiti Emergency \u00e8 decollato verso il Rifugio Berti al Popera, nel comune di Comelico Superiore, dopo che un&#8217;escursionista, partita per un giro in compagnia, era ritornata indietro colta da malore. La 52enne tedesca \u00e8 stata valutata dal medico dell&#8217;equipaggio, per poi essere caricata a bordo e portata all&#8217;ospedale di San Candido per le verifiche del caso.<\/p>\n<p>&nbsp;<\/p>\n<blockquote>\n<h3>COLTO DA MALORE SUL SENTIERO TRA IL RIFUGIO VENEZIA E PASSO STAULANZA<\/h3>\n<\/blockquote>\n<p><strong><a class=\"dt-pswp-item\" href=\"https:\/\/www.radiopiu.net\/wordpress\/wp-content\/uploads\/2021\/08\/salt-3.jpg\" data-dt-img-description=\"\" data-large_image_width=\"1080\" data-large_image_height=\"809\"><img loading=\"lazy\" decoding=\"async\" class=\" wp-image-228370 alignleft\" src=\"https:\/\/www.radiopiu.net\/wordpress\/wp-content\/uploads\/2021\/08\/salt-3-150x150.jpg\" alt=\"\" width=\"119\" height=\"119\" \/><\/a>VAL DI ZOLDO<\/strong> Ieri alle 15.45 circa l&#8217;elicottero di Dolomiti Emergency \u00e8 decollato in direzione dello Staulanza, su attivazione di alcune persone di passaggio lungo il sentiero numero 472 &#8211; dal Rifugio Vanezia al Passo &#8211; che si erano imbattute in un uomo che stava poco bene. Dopo aver provato ad accompagnare per un po&#8217; nella discesa il 67enne di San Donato Milanese (MI), gli escursionisti avevano preferito infatti allertare il 118. Sbarcati in hovering nelle vicinanze, equipe medica e tecnico di elisoccorso hanno raggiunto a piedi l&#8217;uomo e, dopo averne valutato le condizioni, lo hanno imbarcato e trasportato all&#8217;ospedale di Agordo per gli accertamenti del caso.<\/p>\n<p>&nbsp;<\/p>\n<p>&nbsp;<\/p>\n<hr \/>\n<p>&nbsp;<\/p>\n<blockquote>\n<h3>RINVIATI A DATA DA DESTINARSI I LAVORI DI BIM GSP IN CENTRO A BELLUNO<\/h3>\n<\/blockquote>\n<p><strong><a class=\"dt-pswp-item\" href=\"https:\/\/www.radiopiu.net\/wordpress\/wp-content\/uploads\/2021\/06\/th-12.jpg\" data-dt-img-description=\"\" data-large_image_width=\"282\" data-large_image_height=\"188\"><img loading=\"lazy\" decoding=\"async\" class=\"size-thumbnail wp-image-216172 alignleft\" src=\"https:\/\/www.radiopiu.net\/wordpress\/wp-content\/uploads\/2021\/06\/th-12-150x150.jpg\" alt=\"\" width=\"150\" height=\"150\" \/><\/a>BELLUNO <\/strong>E\u2019 stato rinviato a data da destinarsi l\u2019intervento in programma\u00a0 domani\u00a0 in centro a Belluno per il completamento della distrettualizzazione della rete idrica cittadina. Bim Gsp, infatti, a causa del protrarsi dell\u2019emergenza idrica dovuta alle ridotte precipitazioni stagionali, destiner\u00e0 tutte le squadre tecnico-operative alla gestione dell\u2019emergenza idrica che sta interessando diverse zonedella provincia di Belluno e che, di giorno in giorno, va peggiorando. Il lavoro, pertanto, sar\u00e0 riprogrammato non appena possibile. Ad oggi, infatti, in molte sorgenti e serbatoi dell\u2019acquedotto si registrano abbassament rilevanti dei livelli dell&#8217;acqua nelle sorgenti e nelle vasche di accumulo, con conseguenti cali di pressione e\/o assenze temporanee d&#8217;acqua in diverse zone.<\/p>\n<p>&nbsp;<\/p>\n<p>&nbsp;<\/p>\n<hr \/>\n<p>&nbsp;<\/p>\n<blockquote>\n<h3>UN CONTRIBUTO DEL CONSORZIO BIM PIAVE PER LA SICUREZZA IN VALLATA<\/h3>\n<\/blockquote>\n<p><strong>AGORDO<\/strong> Aumenta la sicurezza nell&#8217;Agordino grazie al Radio Club Cime bianche che ha provveduto ad installare le nuove batterie a supporto della rete radio per le emergenze, ma non solo. Un progetto importante finanziato con 16mila euro dal Consorzio Bim Piave.<\/p>\n<p><strong>IL PRESIDENTE DEL RADIO CLUB CIME BIANCHE FRANCESCO DELL&#8217;OSBEL<\/strong><\/p>\n<p>AUDIO<\/p>\n<audio class=\"wp-audio-shortcode\" id=\"audio-289122-1\" preload=\"none\" style=\"width: 100%;\" controls=\"controls\"><source type=\"audio\/mpeg\" src=\"https:\/\/www.radiopiu.net\/wordpress\/wp-content\/uploads\/2022\/07\/francesco1.mp3?_=1\" \/><a href=\"https:\/\/www.radiopiu.net\/wordpress\/wp-content\/uploads\/2022\/07\/francesco1.mp3\">https:\/\/www.radiopiu.net\/wordpress\/wp-content\/uploads\/2022\/07\/francesco1.mp3<\/a><\/audio>\n<p>&nbsp;<\/p>\n<p>I volontari dello stesso Radio Club hanno provveduto ad\u00a0 installare le nuove apparecchiature in autonomia, il presidente non manca di ringraziare per l&#8217;attenzione i sindaci di Cencenighe Mauro Soppelsa, e Canale d&#8217;Agordo Flavio Colcergnan, che hanno portato all&#8217;attenzione del direttivo del Consorzio\u00a0 Bim Piave\u00a0 l&#8217;importanza dell&#8217;intervento.<\/p>\n<p>AUDIO<\/p>\n<audio class=\"wp-audio-shortcode\" id=\"audio-289122-2\" preload=\"none\" style=\"width: 100%;\" controls=\"controls\"><source type=\"audio\/mpeg\" src=\"https:\/\/www.radiopiu.net\/wordpress\/wp-content\/uploads\/2022\/07\/francesco2.mp3?_=2\" \/><a href=\"https:\/\/www.radiopiu.net\/wordpress\/wp-content\/uploads\/2022\/07\/francesco2.mp3\">https:\/\/www.radiopiu.net\/wordpress\/wp-content\/uploads\/2022\/07\/francesco2.mp3<\/a><\/audio>\n<p>&nbsp;<\/p>\n\n\t\t\t<style type='text\/css'>\n\t\t\t\t#gallery-2 {\n\t\t\t\t\tmargin: auto;\n\t\t\t\t}\n\t\t\t\t#gallery-2 .gallery-item {\n\t\t\t\t\tfloat: left;\n\t\t\t\t\tmargin-top: 10px;\n\t\t\t\t\ttext-align: center;\n\t\t\t\t\twidth: 25%;\n\t\t\t\t}\n\t\t\t\t#gallery-2 img {\n\t\t\t\t\tborder: 2px solid #cfcfcf;\n\t\t\t\t}\n\t\t\t\t#gallery-2 .gallery-caption {\n\t\t\t\t\tmargin-left: 0;\n\t\t\t\t}\n\t\t\t\t\/* see gallery_shortcode() in wp-includes\/media.php *\/\n\t\t\t<\/style>\n\t\t<div id='gallery-2' class='dt-gallery-container gallery galleryid-289122 gallery-columns-4 gallery-size-thumbnail'><dl class='gallery-item'>\n\t\t\t\t<dt class='gallery-icon landscape'>\n\t\t\t\t\t<a class=\"rollover rollover-zoom dt-pswp-item\" title=\"be2d966d-a107-4b31-b13f-e97ce70d311b\" data-dt-img-description=\"\" data-large_image_width=\"640\" data-large_image_height=\"640\"href='https:\/\/www.radiopiu.net\/wordpress\/wp-content\/uploads\/2022\/07\/be2d966d-a107-4b31-b13f-e97ce70d311b.jpg'><img loading=\"lazy\" decoding=\"async\" width=\"150\" height=\"150\" src=\"https:\/\/www.radiopiu.net\/wordpress\/wp-content\/uploads\/2022\/07\/be2d966d-a107-4b31-b13f-e97ce70d311b-150x150.jpg\" class=\"attachment-thumbnail size-thumbnail\" alt=\"\" srcset=\"https:\/\/www.radiopiu.net\/wordpress\/wp-content\/uploads\/2022\/07\/be2d966d-a107-4b31-b13f-e97ce70d311b-150x150.jpg 150w, https:\/\/www.radiopiu.net\/wordpress\/wp-content\/uploads\/2022\/07\/be2d966d-a107-4b31-b13f-e97ce70d311b-300x300.jpg 300w, https:\/\/www.radiopiu.net\/wordpress\/wp-content\/uploads\/2022\/07\/be2d966d-a107-4b31-b13f-e97ce70d311b.jpg 640w\" sizes=\"auto, (max-width: 150px) 100vw, 150px\" \/><\/a>\n\t\t\t\t<\/dt><\/dl><dl class='gallery-item'>\n\t\t\t\t<dt class='gallery-icon portrait'>\n\t\t\t\t\t<a class=\"rollover rollover-zoom dt-pswp-item\" title=\"110361e3-afad-47a3-8014-b98ca7289127\" data-dt-img-description=\"\" data-large_image_width=\"1500\" data-large_image_height=\"2000\"href='https:\/\/www.radiopiu.net\/wordpress\/wp-content\/uploads\/2022\/07\/110361e3-afad-47a3-8014-b98ca7289127.jpg'><img loading=\"lazy\" decoding=\"async\" width=\"150\" height=\"150\" src=\"https:\/\/www.radiopiu.net\/wordpress\/wp-content\/uploads\/2022\/07\/110361e3-afad-47a3-8014-b98ca7289127-150x150.jpg\" class=\"attachment-thumbnail size-thumbnail\" alt=\"\" \/><\/a>\n\t\t\t\t<\/dt><\/dl><dl class='gallery-item'>\n\t\t\t\t<dt class='gallery-icon portrait'>\n\t\t\t\t\t<a class=\"rollover rollover-zoom dt-pswp-item\" title=\"3bfef349-d78a-4824-a460-a14d7054117d\" data-dt-img-description=\"\" data-large_image_width=\"1536\" data-large_image_height=\"2048\"href='https:\/\/www.radiopiu.net\/wordpress\/wp-content\/uploads\/2022\/07\/3bfef349-d78a-4824-a460-a14d7054117d.jpg'><img loading=\"lazy\" decoding=\"async\" width=\"150\" height=\"150\" src=\"https:\/\/www.radiopiu.net\/wordpress\/wp-content\/uploads\/2022\/07\/3bfef349-d78a-4824-a460-a14d7054117d-150x150.jpg\" class=\"attachment-thumbnail size-thumbnail\" alt=\"\" \/><\/a>\n\t\t\t\t<\/dt><\/dl><dl class='gallery-item'>\n\t\t\t\t<dt class='gallery-icon portrait'>\n\t\t\t\t\t<a class=\"rollover rollover-zoom dt-pswp-item\" title=\"7ec7c8c3-82be-4482-94e5-8f31bb19673c\" data-dt-img-description=\"\" data-large_image_width=\"1200\" data-large_image_height=\"1600\"href='https:\/\/www.radiopiu.net\/wordpress\/wp-content\/uploads\/2022\/07\/7ec7c8c3-82be-4482-94e5-8f31bb19673c.jpg'><img loading=\"lazy\" decoding=\"async\" width=\"150\" height=\"150\" src=\"https:\/\/www.radiopiu.net\/wordpress\/wp-content\/uploads\/2022\/07\/7ec7c8c3-82be-4482-94e5-8f31bb19673c-150x150.jpg\" class=\"attachment-thumbnail size-thumbnail\" alt=\"\" \/><\/a>\n\t\t\t\t<\/dt><\/dl><br style=\"clear: both\" \/>\n\t\t\t<\/div>\n\n<p><strong>di Gianni Santomaso dal corriere delle alpi<\/strong><\/p>\n<audio class=\"wp-audio-shortcode\" id=\"audio-289122-3\" preload=\"none\" style=\"width: 100%;\" controls=\"controls\"><source type=\"audio\/mpeg\" src=\"https:\/\/www.radiopiu.net\/wordpress\/wp-content\/uploads\/2022\/07\/GIANNI-RADIO-CLUB-CIME-BIANCHE.mp3?_=3\" \/><a href=\"https:\/\/www.radiopiu.net\/wordpress\/wp-content\/uploads\/2022\/07\/GIANNI-RADIO-CLUB-CIME-BIANCHE.mp3\">https:\/\/www.radiopiu.net\/wordpress\/wp-content\/uploads\/2022\/07\/GIANNI-RADIO-CLUB-CIME-BIANCHE.mp3<\/a><\/audio>\n<p>&nbsp;<\/p>\n<hr \/>\n<p>&nbsp;<\/p>\n<blockquote>\n<h3>IN AUTUNNO LA NUOVA PASSERELLA SUL TORRENTE TEGNAS PER COLLEGARE GLI IMPIANTI SPORTIVI<\/h3>\n<\/blockquote>\n<p><strong><a class=\"dt-pswp-item\" href=\"https:\/\/www.radiopiu.net\/wordpress\/wp-content\/uploads\/2020\/06\/TAIBON-1.jpg\" data-dt-img-description=\"\" data-large_image_width=\"960\" data-large_image_height=\"720\"><img loading=\"lazy\" decoding=\"async\" class=\"size-thumbnail wp-image-143065 alignleft\" src=\"https:\/\/www.radiopiu.net\/wordpress\/wp-content\/uploads\/2020\/06\/TAIBON-1-150x150.jpg\" alt=\"\" width=\"150\" height=\"150\" \/><\/a>TAIBON<\/strong><\/p>\n<p>di Gianni Santomaso<\/p>\n<audio class=\"wp-audio-shortcode\" id=\"audio-289122-4\" preload=\"none\" style=\"width: 100%;\" controls=\"controls\"><source type=\"audio\/mpeg\" src=\"https:\/\/www.radiopiu.net\/wordpress\/wp-content\/uploads\/2022\/07\/GIANNI-LA-NUOVA-PASSERELLA-SUL-TEGNAS.mp3?_=4\" \/><a href=\"https:\/\/www.radiopiu.net\/wordpress\/wp-content\/uploads\/2022\/07\/GIANNI-LA-NUOVA-PASSERELLA-SUL-TEGNAS.mp3\">https:\/\/www.radiopiu.net\/wordpress\/wp-content\/uploads\/2022\/07\/GIANNI-LA-NUOVA-PASSERELLA-SUL-TEGNAS.mp3<\/a><\/audio>\n<p>&nbsp;<\/p>\n<hr \/>\n<p>&nbsp;<\/p>\n<blockquote>\n<h2>AIS DOLOMITI, IL SERVIZIO AMBULATORIALE ANCHE AD AGORDO<\/h2>\n<\/blockquote>\n<div dir=\"auto\">\n<div dir=\"auto\"><strong><img decoding=\"async\" class=\"alignleft\" src=\"https:\/\/www.radiopiu.net\/wordpress\/wp-content\/uploads\/2022\/07\/ASDASDASD.png\" \/>BELLUNO<\/strong> L&#8217;associazione Incontinenti e stomizzati della provincia di Belluno (AIS DOLOMITI BELLUNO), desidera portare a conoscenza della popolazione agordina e in particolare delle persone stomizzate con i loro familiari che, grazie all&#8217;interessamento particolare del Direttore medico dr. Raffaele Zanella e della sig.ra Elda Zanella (componente del Consiglio direttivo dell&#8217; associazione) \u00e8 stato avviato presso l&#8217;ospedale di Agordo il servizio ambulatoriale per persone con stomia intestinale e\/o urinaria. L&#8217;attivit\u00e0 ambulatoriale infermieristica viene svolta una volta al mese, il gioved\u00ec pomeriggio. Il personale qualificato coinvolto proviene sia dall&#8217;ospedale di Belluno che dal nosocomio agordino. L&#8217;obiettivo di questo nuovo servizio \u00e8 ridurre i disagi per i pazienti stomizzati provenienti dall&#8217;intera vallata che periodicamente si recavano a Belluno per i previsti controlli mentre dal corrente mese di luglio potranno avvalersi del servizio vicino casa , ad Agordo. Mensilmente verranno contattati i pazienti per le valutazioni periodiche. Oltre a ci\u00f2 la nuova realt\u00e0 collaborer\u00e0 sia con le Rsa che con i distretti e l&#8217;assistenza domiciliare. L&#8217;Ais Dolomiti ringrazia tutta la direzione della Asl 1 &#8220;Dolomiti&#8221; per aver posto particolare attenzione a questa parte di popolazione offrendo un servizio qualificato per il territorio agordino\u00a0 gi\u00e0 presente da tre anni presso l&#8217;ospedale di Pieve di Cadore e dal 1997 nell&#8217;ospedale di Belluno.<\/div>\n<\/div>\n<blockquote>\n<div dir=\"auto\"><\/div>\n<div dir=\"auto\"><em>Ais, sede a Longarone via Igne 1; mail AIS_Dolomiti#yahoo.co; sito www.AISDolomitiBellunoODV; teletono 338 4177434<\/em><\/div>\n<\/blockquote>\n<div dir=\"auto\"><\/div>\n<p>&nbsp;<\/p>\n<p>&nbsp;<\/p>\n<hr \/>\n<p>&nbsp;<\/p>\n<blockquote>\n<h3>COVID ULSS 1 DOLOMITI: CALANO I NUOVI CASI, DIECI DECESSI IN UNA SETTIMANA, 60 PERSONE RICOVERATE NEGLI OSPEDALI BELLUNESI<\/h3>\n<\/blockquote>\n<p><strong>BELLUNO<\/strong> Aggiornamento settimanale sulla situazione epidemiologica in provincia di Belluno a cura dell&#8217;Ulss 1 Dolomiti. Sono 3694 le persone attualmente positive in provincia. A differenza della scorsa settimana, nella settimana qui analizzata si registra una diminuzione dei nuovi casi rispetto al precedente periodo di osservazione. Nel dettaglio, i nuovi casi rilevati nell\u2019ultima settimana sono 1.431 (-402 rispetto alla scorsa settimana), con un conseguente tasso di incidenza settimanale di 721 casi su 100 mila abitanti,\u00a0\u00a0\u00a0 significativamente inferiore all&#8217;incidenza nazionale (863 su 100 mila abitanti). Nella settimana scorsa sono stati eseguiti dai team dell\u2019Ulss Dolomiti 6.270 tamponi (di cui 2.466 molecolari e 3.804 antigenici). Ad oggi sono state somministrate 10.738 dosi di second booster (quarte dosi). \u00c8 stato vaccinato il 47,5% degli eleggibili over 80.<\/p>\n\n\t\t\t<style type='text\/css'>\n\t\t\t\t#gallery-3 {\n\t\t\t\t\tmargin: auto;\n\t\t\t\t}\n\t\t\t\t#gallery-3 .gallery-item {\n\t\t\t\t\tfloat: left;\n\t\t\t\t\tmargin-top: 10px;\n\t\t\t\t\ttext-align: center;\n\t\t\t\t\twidth: 33%;\n\t\t\t\t}\n\t\t\t\t#gallery-3 img {\n\t\t\t\t\tborder: 2px solid #cfcfcf;\n\t\t\t\t}\n\t\t\t\t#gallery-3 .gallery-caption {\n\t\t\t\t\tmargin-left: 0;\n\t\t\t\t}\n\t\t\t\t\/* see gallery_shortcode() in wp-includes\/media.php *\/\n\t\t\t<\/style>\n\t\t<div id='gallery-3' class='dt-gallery-container gallery galleryid-289122 gallery-columns-3 gallery-size-thumbnail'><dl class='gallery-item'>\n\t\t\t\t<dt class='gallery-icon landscape'>\n\t\t\t\t\t<a class=\"rollover rollover-zoom dt-pswp-item\" title=\"Schermata 2022-07-25 alle 18.55.44\" data-dt-img-description=\"\" data-large_image_width=\"1102\" data-large_image_height=\"718\"href='https:\/\/www.radiopiu.net\/wordpress\/wp-content\/uploads\/2022\/07\/Schermata-2022-07-25-alle-18.55.44.png'><img loading=\"lazy\" decoding=\"async\" width=\"150\" height=\"150\" src=\"https:\/\/www.radiopiu.net\/wordpress\/wp-content\/uploads\/2022\/07\/Schermata-2022-07-25-alle-18.55.44-150x150.png\" class=\"attachment-thumbnail size-thumbnail\" alt=\"\" aria-describedby=\"gallery-3-289281\" \/><\/a>\n\t\t\t\t<\/dt>\n\t\t\t\t\t<dd class='wp-caption-text gallery-caption' id='gallery-3-289281'>\n\t\t\t\t\tANDAMENTO EPIDEMICO COVID DAI PRIMI DI MARZO 2020 AD OGGI\n\t\t\t\t\t<\/dd><\/dl><dl class='gallery-item'>\n\t\t\t\t<dt class='gallery-icon portrait'>\n\t\t\t\t\t<a class=\"rollover rollover-zoom dt-pswp-item\" title=\"Schermata 2022-07-25 alle 18.56.20\" data-dt-img-description=\"\" data-large_image_width=\"1316\" data-large_image_height=\"1376\"href='https:\/\/www.radiopiu.net\/wordpress\/wp-content\/uploads\/2022\/07\/Schermata-2022-07-25-alle-18.56.20.png'><img loading=\"lazy\" decoding=\"async\" width=\"150\" height=\"150\" src=\"https:\/\/www.radiopiu.net\/wordpress\/wp-content\/uploads\/2022\/07\/Schermata-2022-07-25-alle-18.56.20-150x150.png\" class=\"attachment-thumbnail size-thumbnail\" alt=\"\" aria-describedby=\"gallery-3-289282\" \/><\/a>\n\t\t\t\t<\/dt>\n\t\t\t\t\t<dd class='wp-caption-text gallery-caption' id='gallery-3-289282'>\n\t\t\t\t\tL\u2019INCIDENZA SETTIMANALE PER SINGOLO COMUNE\n\t\t\t\t\t<\/dd><\/dl><dl class='gallery-item'>\n\t\t\t\t<dt class='gallery-icon landscape'>\n\t\t\t\t\t<a class=\"rollover rollover-zoom dt-pswp-item\" title=\"Schermata 2022-07-25 alle 18.56.34\" data-dt-img-description=\"\" data-large_image_width=\"1110\" data-large_image_height=\"696\"href='https:\/\/www.radiopiu.net\/wordpress\/wp-content\/uploads\/2022\/07\/Schermata-2022-07-25-alle-18.56.34.png'><img loading=\"lazy\" decoding=\"async\" width=\"150\" height=\"150\" src=\"https:\/\/www.radiopiu.net\/wordpress\/wp-content\/uploads\/2022\/07\/Schermata-2022-07-25-alle-18.56.34-150x150.png\" class=\"attachment-thumbnail size-thumbnail\" alt=\"\" aria-describedby=\"gallery-3-289283\" \/><\/a>\n\t\t\t\t<\/dt>\n\t\t\t\t\t<dd class='wp-caption-text gallery-caption' id='gallery-3-289283'>\n\t\t\t\t\tNUMERO DI CASI PER FASCIA D&#8217;ETA&#8217;\n\t\t\t\t\t<\/dd><\/dl><br style=\"clear: both\" \/>\n\t\t\t<\/div>\n\n<p>&nbsp;<\/p>\n<hr \/>\n<p>&nbsp;<\/p>\n<blockquote class=\"wp-embedded-content\" data-secret=\"o7tFaOySjm\"><p><a href=\"https:\/\/www.radiopiu.net\/wordpress\/aggnazionaleluglio25\/\">CORONAVIRUS: AGGIORNAMENTO NAZIONALE 25 LUGLIO 2022<\/a><\/p><\/blockquote>\n<p><iframe loading=\"lazy\" class=\"wp-embedded-content\" sandbox=\"allow-scripts\" security=\"restricted\" style=\"position: absolute; clip: rect(1px, 1px, 1px, 1px);\" title=\"&#8220;CORONAVIRUS: AGGIORNAMENTO NAZIONALE 25 LUGLIO 2022&#8221; &#8212; Radio Pi\u00f9\" src=\"https:\/\/www.radiopiu.net\/wordpress\/aggnazionaleluglio25\/embed\/#?secret=zEDRT38rhV#?secret=o7tFaOySjm\" data-secret=\"o7tFaOySjm\" width=\"600\" height=\"338\" frameborder=\"0\" marginwidth=\"0\" marginheight=\"0\" scrolling=\"no\"><\/iframe><\/p>\n<p>&nbsp;<\/p>\n<blockquote class=\"wp-embedded-content\" data-secret=\"L2tB2QwL8U\"><p><a href=\"https:\/\/www.radiopiu.net\/wordpress\/aggazzeroluglio25\/\">SONO 1720 I NUOVI POSITIVI IN VENETO. CINQUE DECESSI E RICOVERI STABILI<\/a><\/p><\/blockquote>\n<p><iframe loading=\"lazy\" class=\"wp-embedded-content\" sandbox=\"allow-scripts\" security=\"restricted\" style=\"position: absolute; clip: rect(1px, 1px, 1px, 1px);\" title=\"&#8220;SONO 1720 I NUOVI POSITIVI IN VENETO. CINQUE DECESSI E RICOVERI STABILI&#8221; &#8212; Radio Pi\u00f9\" src=\"https:\/\/www.radiopiu.net\/wordpress\/aggazzeroluglio25\/embed\/#?secret=g4HfoNUop7#?secret=L2tB2QwL8U\" data-secret=\"L2tB2QwL8U\" width=\"600\" height=\"338\" frameborder=\"0\" marginwidth=\"0\" marginheight=\"0\" scrolling=\"no\"><\/iframe><\/p>\n<p>&nbsp;<\/p>\n<h2>I GRAFICI DI TIZIANO DE COL<\/h2>\n\n\t\t\t<style type='text\/css'>\n\t\t\t\t#gallery-4 {\n\t\t\t\t\tmargin: auto;\n\t\t\t\t}\n\t\t\t\t#gallery-4 .gallery-item {\n\t\t\t\t\tfloat: left;\n\t\t\t\t\tmargin-top: 10px;\n\t\t\t\t\ttext-align: center;\n\t\t\t\t\twidth: 33%;\n\t\t\t\t}\n\t\t\t\t#gallery-4 img {\n\t\t\t\t\tborder: 2px solid #cfcfcf;\n\t\t\t\t}\n\t\t\t\t#gallery-4 .gallery-caption {\n\t\t\t\t\tmargin-left: 0;\n\t\t\t\t}\n\t\t\t\t\/* see gallery_shortcode() in wp-includes\/media.php *\/\n\t\t\t<\/style>\n\t\t<div id='gallery-4' class='dt-gallery-container gallery galleryid-289122 gallery-columns-3 gallery-size-thumbnail'><dl class='gallery-item'>\n\t\t\t\t<dt class='gallery-icon landscape'>\n\t\t\t\t\t<a class=\"rollover rollover-zoom dt-pswp-item\" title=\"0aa845c7-fc2a-46bd-b736-8b0277a562a6\" data-dt-img-description=\"\" data-large_image_width=\"602\" data-large_image_height=\"356\"href='https:\/\/www.radiopiu.net\/wordpress\/wp-content\/uploads\/2022\/07\/0aa845c7-fc2a-46bd-b736-8b0277a562a6.jpg'><img loading=\"lazy\" decoding=\"async\" width=\"150\" height=\"150\" src=\"https:\/\/www.radiopiu.net\/wordpress\/wp-content\/uploads\/2022\/07\/0aa845c7-fc2a-46bd-b736-8b0277a562a6-150x150.jpg\" class=\"attachment-thumbnail size-thumbnail\" alt=\"\" \/><\/a>\n\t\t\t\t<\/dt><\/dl><dl class='gallery-item'>\n\t\t\t\t<dt class='gallery-icon landscape'>\n\t\t\t\t\t<a class=\"rollover rollover-zoom dt-pswp-item\" title=\"f03352a1-1848-4bb9-aaa4-4cab8b0760b7\" data-dt-img-description=\"\" data-large_image_width=\"595\" data-large_image_height=\"377\"href='https:\/\/www.radiopiu.net\/wordpress\/wp-content\/uploads\/2022\/07\/f03352a1-1848-4bb9-aaa4-4cab8b0760b7.jpg'><img loading=\"lazy\" decoding=\"async\" width=\"150\" height=\"150\" src=\"https:\/\/www.radiopiu.net\/wordpress\/wp-content\/uploads\/2022\/07\/f03352a1-1848-4bb9-aaa4-4cab8b0760b7-150x150.jpg\" class=\"attachment-thumbnail size-thumbnail\" alt=\"\" \/><\/a>\n\t\t\t\t<\/dt><\/dl><dl class='gallery-item'>\n\t\t\t\t<dt class='gallery-icon landscape'>\n\t\t\t\t\t<a class=\"rollover rollover-zoom dt-pswp-item\" title=\"f7218492-3b2a-4f71-8b82-941bcd685a0c\" data-dt-img-description=\"\" data-large_image_width=\"606\" data-large_image_height=\"359\"href='https:\/\/www.radiopiu.net\/wordpress\/wp-content\/uploads\/2022\/07\/f7218492-3b2a-4f71-8b82-941bcd685a0c.jpg'><img loading=\"lazy\" decoding=\"async\" width=\"150\" height=\"150\" src=\"https:\/\/www.radiopiu.net\/wordpress\/wp-content\/uploads\/2022\/07\/f7218492-3b2a-4f71-8b82-941bcd685a0c-150x150.jpg\" class=\"attachment-thumbnail size-thumbnail\" alt=\"\" \/><\/a>\n\t\t\t\t<\/dt><\/dl><br style=\"clear: both\" \/><dl class='gallery-item'>\n\t\t\t\t<dt class='gallery-icon landscape'>\n\t\t\t\t\t<a class=\"rollover rollover-zoom dt-pswp-item\" title=\"fe194ffa-98fd-48fc-8dd5-9a9ecd80bb1c\" data-dt-img-description=\"\" data-large_image_width=\"608\" data-large_image_height=\"359\"href='https:\/\/www.radiopiu.net\/wordpress\/wp-content\/uploads\/2022\/07\/fe194ffa-98fd-48fc-8dd5-9a9ecd80bb1c.jpg'><img loading=\"lazy\" decoding=\"async\" width=\"150\" height=\"150\" src=\"https:\/\/www.radiopiu.net\/wordpress\/wp-content\/uploads\/2022\/07\/fe194ffa-98fd-48fc-8dd5-9a9ecd80bb1c-150x150.jpg\" class=\"attachment-thumbnail size-thumbnail\" alt=\"\" \/><\/a>\n\t\t\t\t<\/dt><\/dl><dl class='gallery-item'>\n\t\t\t\t<dt class='gallery-icon landscape'>\n\t\t\t\t\t<a class=\"rollover rollover-zoom dt-pswp-item\" title=\"0e464e9e-7237-4e48-b202-474fabe5d5bc\" data-dt-img-description=\"\" data-large_image_width=\"612\" data-large_image_height=\"367\"href='https:\/\/www.radiopiu.net\/wordpress\/wp-content\/uploads\/2022\/07\/0e464e9e-7237-4e48-b202-474fabe5d5bc.jpg'><img loading=\"lazy\" decoding=\"async\" width=\"150\" height=\"150\" src=\"https:\/\/www.radiopiu.net\/wordpress\/wp-content\/uploads\/2022\/07\/0e464e9e-7237-4e48-b202-474fabe5d5bc-150x150.jpg\" class=\"attachment-thumbnail size-thumbnail\" alt=\"\" \/><\/a>\n\t\t\t\t<\/dt><\/dl><dl class='gallery-item'>\n\t\t\t\t<dt class='gallery-icon landscape'>\n\t\t\t\t\t<a class=\"rollover rollover-zoom dt-pswp-item\" title=\"043447f3-3d50-4c5b-a61a-9820da31ba08\" data-dt-img-description=\"\" data-large_image_width=\"620\" data-large_image_height=\"368\"href='https:\/\/www.radiopiu.net\/wordpress\/wp-content\/uploads\/2022\/07\/043447f3-3d50-4c5b-a61a-9820da31ba08.jpg'><img loading=\"lazy\" decoding=\"async\" width=\"150\" height=\"150\" src=\"https:\/\/www.radiopiu.net\/wordpress\/wp-content\/uploads\/2022\/07\/043447f3-3d50-4c5b-a61a-9820da31ba08-150x150.jpg\" class=\"attachment-thumbnail size-thumbnail\" alt=\"\" \/><\/a>\n\t\t\t\t<\/dt><\/dl><br style=\"clear: both\" \/>\n\t\t\t<\/div>\n\n<p>&nbsp;<\/p>\n<hr \/>\n<p>&nbsp;<\/p>\n<blockquote>\n<h3>CANDIDATURE, CANDIDATI E LISTE VERSO LE ELEZIONI POLITICHE, UNCEM: TERRITORI MONTANI DEVONO AVERE RAPPRESENTANTI<\/h3>\n<\/blockquote>\n<p><strong><a class=\"dt-pswp-item\" href=\"https:\/\/www.radiopiu.net\/wordpress\/wp-content\/uploads\/2020\/11\/logoUNCEM_no_scritta-wdtr.jpg\" data-dt-img-description=\"\" data-large_image_width=\"640\" data-large_image_height=\"640\"><img loading=\"lazy\" decoding=\"async\" class=\"size-thumbnail wp-image-170846 alignleft\" src=\"https:\/\/www.radiopiu.net\/wordpress\/wp-content\/uploads\/2020\/11\/logoUNCEM_no_scritta-wdtr-150x150.jpg\" alt=\"\" width=\"150\" height=\"150\" srcset=\"https:\/\/www.radiopiu.net\/wordpress\/wp-content\/uploads\/2020\/11\/logoUNCEM_no_scritta-wdtr-150x150.jpg 150w, https:\/\/www.radiopiu.net\/wordpress\/wp-content\/uploads\/2020\/11\/logoUNCEM_no_scritta-wdtr-300x300.jpg 300w, https:\/\/www.radiopiu.net\/wordpress\/wp-content\/uploads\/2020\/11\/logoUNCEM_no_scritta-wdtr.jpg 640w\" sizes=\"auto, (max-width: 150px) 100vw, 150px\" \/><\/a>ROMA<\/strong> Uncem guarda con particolare attenzione al lavoro che i Partiti politici stanno avviando in questi giorni verso le elezioni politiche anticipate. Naturalmente sui contenuti, sui programmi, che non devono tralasciare i temi forti per Comuni e territori, che Uncem ha sempre posto. Daremo presto linee guida e temi per le agende, per i programmi. Non lesineremo nell&#8217;essere di sprone e non abbasseremo il livello dell&#8217;impegno, anche nel corso della campagna elettorale. Uncem guarda con attenzione anche alla composizione di liste e candidati. Che non possono non dare piena rappresentanza alle aree montane, interne, rurali. Non solo alle zone urbane, alle citt\u00e0 dove vi sono le grandi concentrazioni di voti. Tanti voti, tante attenzioni e tanti candidati e candidate? Confidiamo non sia cosi. Abbandoniamo questa logica lontana dalle necessit\u00e0 del Paese. Sarebbe miope e un po&#8217; retr\u00f2 comporre liste &#8211; i partiti e i segretari &#8211; senza considerare la complessit\u00e0 e la multicentricit\u00e0 del Paese. Nell&#8217;universalit\u00e0 sancita dalla Costituzione della rappresentanza che gli eletti e le elette incarnano, la &#8220;provenienza&#8221; e il radicamento nei territori non sono fattori tralasciabili. La riduzione dei parlamentari &#8211; lo ribadiamo e lo abbiamo sempre detto &#8211; \u00e8 dannosa per la rappresentanza piena, omogenea, certa e duratura dei territori. \u00c8 negativa e non agevola le aree ad alta dispersione demografica.<\/p>\n<p>&nbsp;<\/p>\n<p>&nbsp;<\/p>\n<hr \/>\n<p>&nbsp;<\/p>\n<blockquote>\n<h3>FUSIONE DEI COMUNI. POSSAMAI (PD): &#8220;FASE CRUCIALE PER DARE ACCELERAZIONE E RAFFORZARE GLI ENTI LOCALI<\/h3>\n<\/blockquote>\n<p><strong>VENEZIA <\/strong>&#8220;<em>Per una vera svolta nel processo di fusione e di sostanziosa riduzione del numero dei Comuni in Veneto si stanno aprendo spiragli da cogliere al volo e da concretizzare in tempi stretti. Le esigenze degli enti locali e le contingenze sul breve periodo richiedono questa accelerazione<\/em>&#8220;. Il commento \u00e8 del capogruppo del PD Veneto, Giacomo Possamai.<\/p>\n<p>&nbsp;<\/p>\n<hr \/>\n<p>&nbsp;<\/p>\n<blockquote>\n<h3>POLIZIA PROVINCIALE DIMEZZATA. ZANONI (PD) APRE UN&#8217;INTERROGAZIONE<\/h3>\n<\/blockquote>\n<p><strong><a class=\"dt-pswp-item\" href=\"https:\/\/www.radiopiu.net\/wordpress\/wp-content\/uploads\/2021\/09\/ZANONI-1-scaled.jpg\" data-dt-img-description=\"\" data-large_image_width=\"2560\" data-large_image_height=\"1707\"><img loading=\"lazy\" decoding=\"async\" class=\"size-thumbnail wp-image-233260 alignleft\" src=\"https:\/\/www.radiopiu.net\/wordpress\/wp-content\/uploads\/2021\/09\/ZANONI-1-150x150.jpg\" alt=\"\" width=\"150\" height=\"150\" \/><\/a>VENEZIA <\/strong>&#8220;<em>Recentemente l&#8217;assessore regionale al Territorio aveva annunciato un tavolo di confronto permanente tecnico e politico tra Regione e Province che doveva avere come priorit\u00e0 quella di trovare fondi e procedere con nuove assunzioni in modo da permettere alla Polizia Provinciale di svolgere il proprio ruolo. Quali esiti ha prodotto questo tavolo?<\/em>&#8220;. A chiederlo \u00e8 il consigliere regionale del PD Veneto Andrea Zanoni, attraverso un&#8217;interrogazione sottoscritta anche dai colleghi Possamai, Zottis, Bigon, Lorenzoni, Ostanel, Guarda e Baldin.<\/p>\n<p>&nbsp;<\/p>\n<p>&nbsp;<\/p>\n<hr \/>\n<p>&nbsp;<\/p>\n<blockquote>\n<h3>DAL FULCIS AL PALLADIO MUSEUM DI VICENZA, NUOVA COLLABORAZIONE PER I MUSEI CIVICI DI BELLUNO<\/h3>\n<\/blockquote>\n<p><strong><a class=\"dt-pswp-item\" href=\"https:\/\/www.radiopiu.net\/wordpress\/wp-content\/uploads\/2018\/02\/FULCIS.jpg\" data-dt-img-description=\"\" data-large_image_width=\"299\" data-large_image_height=\"169\"><img loading=\"lazy\" decoding=\"async\" class=\"size-thumbnail wp-image-43641 alignleft\" src=\"https:\/\/www.radiopiu.net\/wordpress\/wp-content\/uploads\/2018\/02\/FULCIS-150x150.jpg\" alt=\"\" width=\"150\" height=\"150\" \/><\/a>BELLUNO <\/strong>Nuova collaborazione per il Museo Fulcis di Belluno: per un\u2019opera che arriva, una viene concessa in prestito. Si tratta del taccuino di disegni di Osvaldo Monti, conservato a Palazzo Fulcis e richiesto dal Centro Internazionale di Studi di Architettura Andrea Palladio per la mostra \u201cAcqua, Terra, Fuoco: l\u2019architettura proto industriale nel Veneto del Rinascimento\u201d, allestita al Palladio Museum di Vicenza dal 12 novembre 2022 al 12 marzo 2023.<\/p>\n<p><strong>RAFFAELE ADDAMIANO, ASSESSORE ALLA CULTURA DEL COMUNE DI BELLUNO<\/strong><\/p>\n<audio class=\"wp-audio-shortcode\" id=\"audio-289122-5\" preload=\"none\" style=\"width: 100%;\" controls=\"controls\"><source type=\"audio\/mpeg\" src=\"https:\/\/www.radiopiu.net\/wordpress\/wp-content\/uploads\/2022\/07\/Addamiano-su-prestito-taccuino-25.07.22.mp3?_=5\" \/><a href=\"https:\/\/www.radiopiu.net\/wordpress\/wp-content\/uploads\/2022\/07\/Addamiano-su-prestito-taccuino-25.07.22.mp3\">https:\/\/www.radiopiu.net\/wordpress\/wp-content\/uploads\/2022\/07\/Addamiano-su-prestito-taccuino-25.07.22.mp3<\/a><\/audio>\n<p>&nbsp;<\/p>\n<hr \/>\n<p>&nbsp;<\/p>\n<blockquote>\n<h3>VISITA DEL SINDACO AL CENTRO ACCOGLIENZA DI MUSSOI<\/h3>\n<\/blockquote>\n<p><strong><a class=\"dt-pswp-item\" href=\"https:\/\/www.radiopiu.net\/wordpress\/wp-content\/uploads\/2022\/03\/UCRAINA-PUGNO.jpg\" data-dt-img-description=\"\" data-large_image_width=\"1920\" data-large_image_height=\"1276\"><img loading=\"lazy\" decoding=\"async\" class=\"size-thumbnail wp-image-264404 alignleft\" src=\"https:\/\/www.radiopiu.net\/wordpress\/wp-content\/uploads\/2022\/03\/UCRAINA-PUGNO-150x150.jpg\" alt=\"\" width=\"150\" height=\"150\" \/><\/a>BELLUNO<\/strong>\u00a0 Il sindaco di Belluno Oscar De Pellegrin ha visitato ieri pomeriggio il centro di accoglienza per gli ucraini allestito all\u2019ex caserma dei Vigili del fuoco a Mussoi. Con lui, anche il vescovo monsignor Marangoni e l\u2019assessore alla Protezione civile Lorenza De Kunovich. Oggi sono una cinquantina i civili in fuga dalla guerra accolti negli spazi di via Col di Lana, tutti donne e bambini perch\u00e9 gli uomini sono invece ospitati nelle vicine sale messe a disposizione dai frati della parrocchia. All\u2019interno dell\u2019ex caserma \u00e8 stato allestito un piccolo asilo con giochi donati dai bellunesi, c\u2019\u00e8 l\u2019area della lavanderia, il refettorio e in cortile i piccoli possono giocare in un campo da calcio. In questi mesi sono stati organizzati corsi per l\u2019apprendimento della lingua italiana e una parte degli ospiti \u00e8 riuscita anche a trovare un\u2019occupazione.<em> \u201cIl sistema di accoglienza sta funzionando \u2013 spiega il sindaco -, c\u2019\u00e8 una continua rotazione di ospiti perch\u00e9 chi arriva, spesso, si ferma solo pochi giorni prima di ripartire verso altri Paesi o altre zone d\u2019Italia dove ci sono parenti o amici ad attenderlo. Questo \u00e8 un aspetto dell\u2019accoglienza, l\u2019altro guarda a creare le condizioni per trattenere chi voglia fermarsi e crearsi una vita nuova qui da noi\u201d.\u00a0<\/em><\/p>\n<p>&nbsp;<\/p>\n<p>&nbsp;<\/p>\n<hr \/>\n<p>&nbsp;<\/p>\n<blockquote>\n<h3>PERCORRERE LE DOLOMITI ATTRAVERSO LA STORIA DELLE ROCCE: AL PELMO D\u2019ORO 2022 LA PRESENTAZIONE DEL GEOTRAIL<\/h3>\n<\/blockquote>\n<p><strong>BELLUNO<\/strong> Sar\u00e0 Vigo di Cadore il luogo deputato per il debutto del Dolomites World Heritage Geotrail. Sabato prossimo (30 luglio) in occasione del Premio Pelmo d\u2019Oro 2022, sar\u00e0 presentata l\u2019ultima iniziativa della Fondazione Dolomiti Unesco, un trekking tra i nove sistemi del Patrimonio mondiale.<\/p>\n<p>&nbsp;<\/p>\n<p>&nbsp;<\/p>\n<hr \/>\n<p>&nbsp;<\/p>\n<blockquote>\n<h3>I LUOGHI DEL CUORE, UNDICESIMA EDIZIONE DEL CENSIMENTO NAZIONALE FAI<\/h3>\n<\/blockquote>\n<p><strong><a class=\"dt-pswp-item\" href=\"https:\/\/www.radiopiu.net\/wordpress\/wp-content\/uploads\/2022\/07\/FAI-LUOGHI-DEL-CUORE.png\" data-dt-img-description=\"\" data-large_image_width=\"1402\" data-large_image_height=\"1352\"><img loading=\"lazy\" decoding=\"async\" class=\"size-thumbnail wp-image-289128 alignleft\" src=\"https:\/\/www.radiopiu.net\/wordpress\/wp-content\/uploads\/2022\/07\/FAI-LUOGHI-DEL-CUORE-150x150.png\" alt=\"\" width=\"150\" height=\"150\" \/><\/a>BELLUNO<\/strong> Dal 2003 il Fondo per l\u2019Ambiente Italiano (FAI) promuove \u201cI Luoghi del Cuore\u201d, una campagna nazionale per i luoghi italiani da non dimenticare.\u00a0 Fino al 15 dicembre si possono votare pi\u00f9 luoghi, ma per ognuno si pu\u00f2 esprimere solo un voto. I canali di voto sono due: il sito <a href=\"http:\/\/www.iluoghidelcuore.it\">www.iluoghidelcuore.it<\/a> o il modulo cartaceo personalizzato per la raccolta firme di ciascun sito.<\/p>\n<p>&nbsp;<\/p>\n<p>&nbsp;<\/p>\n<p>&nbsp;<\/p>\n<p>&nbsp;<\/p>\n<hr \/>\n<p>&nbsp;<\/p>\n<blockquote>\n<h3>UN SUCCESSO A CANALE D\u2019AGORDO IL DICIANNOVESIMO SIMPOSIO DEI MASCHERAI ALPINI<\/h3>\n<\/blockquote>\n<p><strong>CANALE D&#8217;AGORDO <\/strong>\u00ab<em>Siamo davvero soddisfatti della riuscita del Simposio dei Mascherai Alpini: l\u2019auspicio \u00e8 che l\u2019evento sia stato uno spunto, un input per proporre altre manifestazioni simili a Canale<\/em>\u00bb. Cos\u00ec Simone Ongaro, del consiglio direttivo della Zinghenesta, realt\u00e0 organizzatrice della manifestazione, commenta la 19.ma edizione del Simposio dei Mascherai Alpini, l\u2019annuale itinerante tre giorni dedicata alla scultura che vede protagonisti gli artisti del \u201cConsorzio dei Mascherai Alpini\u201d, realt\u00e0 nata nel 2002 per iniziativa di un gruppo di scultori di maschere lignee carnevalesche, provenienti da varie localit\u00e0 alpine del Nordest d\u2019Italia. Sono stati diciannove, provenienti dal Nord Italia, da Austria e Slovenia, i mascherai che hanno lavorato da venerd\u00ec a domenica scorsa lungo via Tancon e i suoi fienili e abitazioni storici. \u00ab<em>Turisti e valligiani sono rimasti catturati dalla maestria e dalla passione degli artisti, in molti sono fermati a parlare con loro<\/em>\u00bb dice ancora Simone Ongaro. \u00ab<em>Alla fine, come tradizione, non ci sono state classifiche: tutti gli scultori hanno vinto, nel senso che hanno centrato l\u2019obiettivo di aver promosso e valorizzato i carnevali tradizionali alpini e le loro caratteristiche maschere lignee.\u00a0\u00c8 quello che cerchiamo di fare anche noi del comitato della Zinghenesta, la tradizionale maschera di Canale che da qualche anno abbiamo rivitalizzato<\/em>\u00bb. \u00ab<em>Speriamo di poter realizzare ancora iniziative simili, magari un mercatino lungo la &#8220;strada vecia&#8221; di Canale<\/em>\u00bb conclude Ongaro. \u00ab<em>Un grande ringraziamento alle associazioni locali per l&#8217;aiuto, ai commercianti e agli albergatori che hanno creduto in noi<\/em>\u00bb. \u00ab<em>Si \u00e8 trattato di una delle migliori edizioni del nostro simposio<\/em>\u00bb ha sottolineato il presidente del Consorzio dei Mascherai Alpini, Luigi Revelant. \u00ab<em>Gli scultori sono rimasti affascinanti dal paese di Canale d&#8217;Agordo e dell&#8217;accoglienza riservataci. Molto bella \u00e8 stata anche l\u2019opportunit\u00e0 di poter visitare il Museo Murer di Falcade<\/em>\u00bb.<\/p>\n\n\t\t\t<style type='text\/css'>\n\t\t\t\t#gallery-5 {\n\t\t\t\t\tmargin: auto;\n\t\t\t\t}\n\t\t\t\t#gallery-5 .gallery-item {\n\t\t\t\t\tfloat: left;\n\t\t\t\t\tmargin-top: 10px;\n\t\t\t\t\ttext-align: center;\n\t\t\t\t\twidth: 33%;\n\t\t\t\t}\n\t\t\t\t#gallery-5 img {\n\t\t\t\t\tborder: 2px solid #cfcfcf;\n\t\t\t\t}\n\t\t\t\t#gallery-5 .gallery-caption {\n\t\t\t\t\tmargin-left: 0;\n\t\t\t\t}\n\t\t\t\t\/* see gallery_shortcode() in wp-includes\/media.php *\/\n\t\t\t<\/style>\n\t\t<div id='gallery-5' class='dt-gallery-container gallery galleryid-289122 gallery-columns-3 gallery-size-thumbnail'><dl class='gallery-item'>\n\t\t\t\t<dt class='gallery-icon landscape'>\n\t\t\t\t\t<a class=\"rollover rollover-zoom dt-pswp-item\" title=\"\u00a9EchidiAlessandroSogne FOTO GRUPPO MASCHERAI ALPINI - CANALE 25 LUGLIO\" data-dt-img-description=\"\" data-large_image_width=\"2000\" data-large_image_height=\"1333\"href='https:\/\/www.radiopiu.net\/wordpress\/wp-content\/uploads\/2022\/07\/\u00a9EchidiAlessandroSogne-FOTO-GRUPPO-MASCHERAI-ALPINI-CANALE-25-LUGLIO.jpg'><img loading=\"lazy\" decoding=\"async\" width=\"150\" height=\"150\" src=\"https:\/\/www.radiopiu.net\/wordpress\/wp-content\/uploads\/2022\/07\/\u00a9EchidiAlessandroSogne-FOTO-GRUPPO-MASCHERAI-ALPINI-CANALE-25-LUGLIO-150x150.jpg\" class=\"attachment-thumbnail size-thumbnail\" alt=\"\" \/><\/a>\n\t\t\t\t<\/dt><\/dl><dl class='gallery-item'>\n\t\t\t\t<dt class='gallery-icon landscape'>\n\t\t\t\t\t<a class=\"rollover rollover-zoom dt-pswp-item\" title=\"\u00a9EchidiAlessandroSogne-7\" data-dt-img-description=\"\" data-large_image_width=\"2000\" data-large_image_height=\"1333\"href='https:\/\/www.radiopiu.net\/wordpress\/wp-content\/uploads\/2022\/07\/\u00a9EchidiAlessandroSogne-7.jpg'><img loading=\"lazy\" decoding=\"async\" width=\"150\" height=\"150\" src=\"https:\/\/www.radiopiu.net\/wordpress\/wp-content\/uploads\/2022\/07\/\u00a9EchidiAlessandroSogne-7-150x150.jpg\" class=\"attachment-thumbnail size-thumbnail\" alt=\"\" \/><\/a>\n\t\t\t\t<\/dt><\/dl><dl class='gallery-item'>\n\t\t\t\t<dt class='gallery-icon landscape'>\n\t\t\t\t\t<a class=\"rollover rollover-zoom dt-pswp-item\" title=\"\u00a9EchidiAlessandroSogne-2\" data-dt-img-description=\"\" data-large_image_width=\"2000\" data-large_image_height=\"1333\"href='https:\/\/www.radiopiu.net\/wordpress\/wp-content\/uploads\/2022\/07\/\u00a9EchidiAlessandroSogne-2.jpg'><img loading=\"lazy\" decoding=\"async\" width=\"150\" height=\"150\" src=\"https:\/\/www.radiopiu.net\/wordpress\/wp-content\/uploads\/2022\/07\/\u00a9EchidiAlessandroSogne-2-150x150.jpg\" class=\"attachment-thumbnail size-thumbnail\" alt=\"\" \/><\/a>\n\t\t\t\t<\/dt><\/dl><br style=\"clear: both\" \/>\n\t\t\t<\/div>\n\n<p>&nbsp;<\/p>\n<hr \/>\n<p>&nbsp;<\/p>\n<blockquote>\n<h3>ALESSANDRO GRAZIOSI, DALL&#8217;EMILIA A ROCCA PIETORE. IL FABBRO DEL SOCCORSO ALPINO<\/h3>\n<\/blockquote>\n<p><strong>ROCCA PIETORE <\/strong>Come ogni lunedi Gianni Santomaso dalle pagine del Corriere delle Alpi racconta una storia, un personaggio, un pezzo di vita dell\u2019Agordino \u201cVivere l\u2019Agordino\u201d una raccolta spaccato di vita agordina con le immancabili vignette di Erica Andrich<\/p>\n<p><strong>di Gianni Santomaso<\/strong><\/p>\n<audio class=\"wp-audio-shortcode\" id=\"audio-289122-6\" preload=\"none\" style=\"width: 100%;\" controls=\"controls\"><source type=\"audio\/mpeg\" src=\"https:\/\/www.radiopiu.net\/wordpress\/wp-content\/uploads\/2022\/07\/GIANNI-SPECIALE-AGORDINO-ALESSSANDRO-GRAZIOSI.mp3?_=6\" \/><a href=\"https:\/\/www.radiopiu.net\/wordpress\/wp-content\/uploads\/2022\/07\/GIANNI-SPECIALE-AGORDINO-ALESSSANDRO-GRAZIOSI.mp3\">https:\/\/www.radiopiu.net\/wordpress\/wp-content\/uploads\/2022\/07\/GIANNI-SPECIALE-AGORDINO-ALESSSANDRO-GRAZIOSI.mp3<\/a><\/audio>\n<p>&nbsp;<\/p>\n\n\t\t\t<style type='text\/css'>\n\t\t\t\t#gallery-6 {\n\t\t\t\t\tmargin: auto;\n\t\t\t\t}\n\t\t\t\t#gallery-6 .gallery-item {\n\t\t\t\t\tfloat: left;\n\t\t\t\t\tmargin-top: 10px;\n\t\t\t\t\ttext-align: center;\n\t\t\t\t\twidth: 50%;\n\t\t\t\t}\n\t\t\t\t#gallery-6 img {\n\t\t\t\t\tborder: 2px solid #cfcfcf;\n\t\t\t\t}\n\t\t\t\t#gallery-6 .gallery-caption {\n\t\t\t\t\tmargin-left: 0;\n\t\t\t\t}\n\t\t\t\t\/* see gallery_shortcode() in wp-includes\/media.php *\/\n\t\t\t<\/style>\n\t\t<div id='gallery-6' class='dt-gallery-container gallery galleryid-289122 gallery-columns-2 gallery-size-thumbnail'><dl class='gallery-item'>\n\t\t\t\t<dt class='gallery-icon landscape'>\n\t\t\t\t\t<a class=\"rollover\" href='https:\/\/www.radiopiu.net\/wordpress\/alessandro-graziosi-dallemilia-a-malga-ciapela-il-fabbro-del-soccorso-alpino\/3aed4211-37af-4726-918a-19c7328c8558\/'><img loading=\"lazy\" decoding=\"async\" width=\"150\" height=\"150\" src=\"https:\/\/www.radiopiu.net\/wordpress\/wp-content\/uploads\/2022\/07\/3aed4211-37af-4726-918a-19c7328c8558-150x150.jpg\" class=\"attachment-thumbnail size-thumbnail\" alt=\"\" \/><\/a>\n\t\t\t\t<\/dt><\/dl><dl class='gallery-item'>\n\t\t\t\t<dt class='gallery-icon portrait'>\n\t\t\t\t\t<a class=\"rollover\" href='https:\/\/www.radiopiu.net\/wordpress\/alessandro-graziosi-dallemilia-a-malga-ciapela-il-fabbro-del-soccorso-alpino\/attachment\/0\/'><img loading=\"lazy\" decoding=\"async\" width=\"150\" height=\"150\" src=\"https:\/\/www.radiopiu.net\/wordpress\/wp-content\/uploads\/2022\/07\/0-3-150x150.png\" class=\"attachment-thumbnail size-thumbnail\" alt=\"\" \/><\/a>\n\t\t\t\t<\/dt><\/dl><br style=\"clear: both\" \/>\n\t\t\t<\/div>\n\n<p>&nbsp;<\/p>\n<hr \/>\n<p>&nbsp;<\/p>\n<blockquote>\n<h3><a class=\"dt-pswp-item\" href=\"https:\/\/www.radiopiu.net\/wordpress\/wp-content\/uploads\/2022\/07\/locandina_papa_luciani_020922.jpg\" data-dt-img-description=\"\" data-large_image_width=\"1199\" data-large_image_height=\"1600\"><img loading=\"lazy\" decoding=\"async\" class=\"size-thumbnail wp-image-289244 alignleft\" src=\"https:\/\/www.radiopiu.net\/wordpress\/wp-content\/uploads\/2022\/07\/locandina_papa_luciani_020922-150x150.jpg\" alt=\"\" width=\"150\" height=\"150\" \/><\/a>AETERNUM ALBINO LUCIANI. UN EVENTO NELLA CAPITALE ORGANIZZATO DAI VENETI DI ROMA<\/h3>\n<\/blockquote>\n<p><strong>BELLUNO<\/strong> L\u2019Associazione dei Veneti a Roma organizza, in collaborazione con l\u2019Associazione Bellunesi nel Mondo, il coordinamento dei \u201cBellunesi di Roma\u201d &#8211; e con il patrocinio di Unaie e della Regione del Veneto -, una celebrazione dedicata alla memoria di Papa Giovanni Paolo I, in virt\u00f9 della sua prossima beatificazione che avverr\u00e0 domenica 4 settembre, dal titolo \u201cAeterum Albino Luciani. Papa Giovanni Paolo I: da uomo a beato\u201d. L\u2019evento si terr\u00e0 venerd\u00ec 2 settembre, alle ore 18.00, nella Basilica di San Marco in Campidoglio (Roma).<\/p>\n<p>&nbsp;<\/p>\n<p>&nbsp;<\/p>\n<hr \/>\n<p>&nbsp;<\/p>\n<blockquote>\n<h3>OLTRE 4000 POSTI AL CONCORSO DEI CARABINIERI<\/h3>\n<\/blockquote>\n<p><strong>BELLUNO<\/strong> Al via il concorso per 4189 posti per Carabinieri. Fino all&#8217;11 gennaio \u00e8 possibile presentare la domanda esclusivamente attraverso il portale www.carabinieri.it (area concorsi). I posti sono cos\u00ec ripartiti: 2910 volontari in ferma fissa di un anno e volontari in ferma prefissata quadriennale; 1247 riservati ad italiani che non abbiamo superato i 27 anni di et\u00e0; 32 per i candidati in possesso dell&#8217;attestato di bilinguismo.<\/p>\n<p>&nbsp;<\/p>\n<p>&nbsp;<\/p>\n<hr \/>\n<p>&nbsp;<\/p>\n<blockquote>\n<h3>DOMANI AD ALLEGHE IL CONSIGLIO COMUNALE<\/h3>\n<\/blockquote>\n<p><strong>ALLEGHE<\/strong> Il sindaco di Alleghe Danilo De Toni ha convocato il consiglio comunale per domani alle 20. Dieci punti da discutere tra cui la quarta variazione al bilancio, il documento unico programmato 2022-2025 e l&#8217;affidamento a Bim dell&#8217;impianto Ru Col Aut<\/p>\n<p>&nbsp;<\/p>\n<hr \/>\n<p>&nbsp;<\/p>\n<blockquote>\n<h3>ANCHE A TAIBON E&#8217; TEMPO DI PRESENTARE I BILANCI<\/h3>\n<\/blockquote>\n<p><strong>TAIBON<\/strong> Consiglio comunale domani alle 18\u00a0 Taibon. All&#8217;ordine del giorno la variazione al bilancio, la salvaguardia degli equilibri e le comunicazioni del sindaco Silvia Tormen.<\/p>\n<p>&nbsp;<\/p>\n<hr \/>\n<p>&nbsp;<\/p>\n<blockquote>\n<h3>DUP E PARCHEGGI LUXOTTICA NEL CONSIGLIO\u00a0 DI AGORDO<\/h3>\n<\/blockquote>\n<p><strong>AGORDO <\/strong>Gioved\u00ec alle 19:15 il sindaco di Agordo Roberto Chissal\u00e8 ha convocato il consiglio comunale. Tra gli argomenti da trattare il Documento Unico di programmazione 2023\/2025, una variazione al bilancio e l&#8217;avvio del procedimento finalizzato all&#8217;acquisizione di due particelle di parcheggi appartenenti a Luxottica.<\/p>\n<p>&nbsp;<\/p>\n<p>&nbsp;<\/p>\n<hr \/>\n<p>&nbsp;<\/p>\n<blockquote>\n<h3>NEL CONSIGLIO COMUNALE DI SAN TOMASO<\/h3>\n<\/blockquote>\n<p><strong>SAN TOMASO<\/strong> Nel consiglio comunale di San Tomaso in programma gioved\u00ec alle 20, il sindaco Moreno De Val proprone 4 punti da discutere tra cui una variazione al bilancio, l&#8217;approvazione del piano di illuminazione pubblica e la costituzione di diritto di superficie a E-Distribuzione per la costruzione di una cabina elettrica.<\/p>\n<p>&nbsp;<\/p>\n<p>&nbsp;<\/p>\n<hr \/>\n<p>&nbsp;<\/p>\n<blockquote>\n<h3>A CENCENIGHE IL CONSIGLIO COMUNALE TRA DUP E VARIAZIONE AL BILANCIO<\/h3>\n<\/blockquote>\n<p><strong>CENCENIGHE<\/strong> Il sindaco di Cencenighe Mauro Soppelsa ha convocato i consiglieri comunali per venerd\u00ec alle 20:30 per discutere di quattro punti all&#8217;ordine del giorno. tra questi l&#8217;approvazione del DUP e la terza variazione al bilancio 2022\/2024.<\/p>\n<p>&nbsp;<\/p>\n<p>&nbsp;<\/p>\n<hr \/>\n<p>&nbsp;<\/p>\n<blockquote>\n<h3>\u00a0IL CONSIGLIO COMUNALE DI CANALE D&#8217;AGORDO<\/h3>\n<\/blockquote>\n<p><strong>CANALE D&#8217;AGORDO<\/strong> Sabato alle 9 consiglio comunale in sala Lina Zand\u00f2. All&#8217;ordine del giorno la convenzione con il Comune di Falcade per l&#8217;uso e la gestione del cimitero di Caviola; variazione d&#8217;urgenza al bilancio e variazione di assestamento.<\/p>\n<p>&nbsp;<\/p>\n<p>&nbsp;<\/p>\n<hr \/>\n<p>&nbsp;<\/p>\n<blockquote>\n<h3>A COLLE SANTA LUCIA LA NOMINA DEL REVISORE DEI CONTI<\/h3>\n<\/blockquote>\n<p><strong>COLLE SANTA LUCIA<\/strong> Sono 8 i punti da discutere nel consiglio comunale convocato dal sindaco di Colle Santa Lucia in programma sabato alle 9. Tra questi si parler\u00e0 della sesta variazione al bilancio, della nomina per il revisore dei conti, dei programmi di esercizio 2022, del regolamento dei controlli interni e l&#8217;approvazione della modifica allo statuto di ASCA<\/p>\n<p>&nbsp;<\/p>\n<p>&nbsp;<\/p>\n<hr \/>\n<p>&nbsp;<\/p>\n<blockquote>\n<h3><a class=\"dt-pswp-item\" href=\"https:\/\/www.radiopiu.net\/wordpress\/wp-content\/uploads\/2021\/12\/BIM-PIAVE.jpg\" data-dt-img-description=\"\" data-large_image_width=\"420\" data-large_image_height=\"280\"><img loading=\"lazy\" decoding=\"async\" class=\"wp-image-249802 alignleft\" src=\"https:\/\/www.radiopiu.net\/wordpress\/wp-content\/uploads\/2021\/12\/BIM-PIAVE-150x150.jpg\" alt=\"\" width=\"73\" height=\"73\" \/><\/a>L&#8217;ASSEMBLEA DEL CONSORZIO BIM PIAVE<\/h3>\n<\/blockquote>\n<p><strong>BELLUNO<\/strong> Domani alle 15 riunione dell&#8217;assemblea del Consorzio Bim Piave Belluno. Il Presidente\u00a0 Marco Staunovo Polacco, ha firmato un ordine del giorno in tre punti: verifica degli equilibri di bilancio, variazione al bilancio di previsione 2022-24 e comunicazioni del Presidente.<\/p>\n<p>&nbsp;<\/p>\n<hr \/>\n<p>&nbsp;<\/p>\n<blockquote>\n<h3>LA 37^ ADUNANZA DEL CAI A COL DEL CAMP<\/h3>\n<\/blockquote>\n<p><strong>AGORDO<\/strong> Dopo due anni di pausa forzata e aver ripreso nel 2021 la tradizionale Adunanza, nel Comune di Co<img decoding=\"async\" class=\"alignleft\" src=\"https:\/\/www.radiopiu.net\/wordpress\/wp-content\/uploads\/2020\/04\/cai-agordo.jpg\" \/>lle Santa Lucia, la sezione del Club Alpino Italiano di Agordo si appresta\u00a0 ad organizzare la 37^ edizione, che ritorna dopo un decennio (C\u00f2i di Ped\u00e8n 2011), in Comune di Taibon Agordino, visitando un\u2019altra splendida localit\u00e0, onde poter rinsaldare e rafforzare le vecchie amicizie e cercare di instaurarne di nuove com\u2019 \u00e8 nello spirito del Club Alpino Italiano e delle genti di queste meravigliose valli Dolomitiche. \u00a0Come da tradizione \u00e8 prevista la stampa del relativo prezioso libretto della serie \u201cAdunanze\u201d e della cartolina commemorativa della giornata. L&#8217;appuntamento \u00e8 per domenica 31 agosto con ritrovo alle 9.30 a Col del Camp, accesso da Capanna Trieste seguendo la strada silvo pastorale per il rifugio Vazzoler e zona Case Favretti. Dalle 8 servizio navetta per le persone anziane con difficolt\u00e0 motorie. In caso di maltempo la presentazione del libretto si terr\u00e0 in sala Don Tamis alle 18.<\/p>\n<p>__<\/p>\n<p>&nbsp;<\/p>\n<p>&nbsp;<\/p>\n<hr \/>\n<p>&nbsp;<\/p>\n<blockquote>\n<h3>GLI APPUNTAMENTI DI AGORDO MUSICA, DAL KASELO ALLA SETTIMANA ORGANISTICA<\/h3>\n<\/blockquote>\n<p><img loading=\"lazy\" decoding=\"async\" class=\"alignleft\" src=\"https:\/\/www.radiopiu.net\/wordpress\/wp-content\/uploads\/2022\/07\/286879503_1344449519381882_5309240918571750870_n.jpg\" width=\"243\" height=\"103\" \/><\/p>\n<p><strong>Collaborazione Andrea Bernardi<\/strong><\/p>\n<p>&nbsp;<\/p>\n<p><strong>REDAZIONE<\/strong> Sabato dalle 21 appuntamento all&#8217;ex Kaselo &#8211; sala Valmassoni &#8211;\u00a0 di La Valle Agordina con Pina Sabatini e Bepi Santuzzo. &#8220;I due Golfi, Venezia e Napoli&#8221;.<\/p>\n<p>&nbsp;<\/p>\n<p><span style=\"color: #ff0000;\">AUDIO<\/span><\/p>\n<audio class=\"wp-audio-shortcode\" id=\"audio-289122-7\" preload=\"none\" style=\"width: 100%;\" controls=\"controls\"><source type=\"audio\/mpeg\" src=\"https:\/\/www.radiopiu.net\/wordpress\/wp-content\/uploads\/2022\/07\/Intervista-Pina-Sabatini-Bepi-Santuzzo-x-la-Valle-31-luglio-1.mp3?_=7\" \/><a href=\"https:\/\/www.radiopiu.net\/wordpress\/wp-content\/uploads\/2022\/07\/Intervista-Pina-Sabatini-Bepi-Santuzzo-x-la-Valle-31-luglio-1.mp3\">https:\/\/www.radiopiu.net\/wordpress\/wp-content\/uploads\/2022\/07\/Intervista-Pina-Sabatini-Bepi-Santuzzo-x-la-Valle-31-luglio-1.mp3<\/a><\/audio>\n<p>&nbsp;<\/p>\n<p>La settimana organistica di musica nell&#8217;Agordino con Agordo Musica, da 29 anni in vallata. Ad Agordo e Falcade i primi appuntamenti con i concerti inaugurali con Luigi Pradelle (oboe e crono inglese) e Stefano Maso (organo)<\/p>\n<p><span style=\"color: #ff0000;\">AUDIO<\/span><\/p>\n<audio class=\"wp-audio-shortcode\" id=\"audio-289122-8\" preload=\"none\" style=\"width: 100%;\" controls=\"controls\"><source type=\"audio\/mpeg\" src=\"https:\/\/www.radiopiu.net\/wordpress\/wp-content\/uploads\/2022\/07\/Intervista-maso-pradelle-settimana-organistvca-2022.mp3?_=8\" \/><a href=\"https:\/\/www.radiopiu.net\/wordpress\/wp-content\/uploads\/2022\/07\/Intervista-maso-pradelle-settimana-organistvca-2022.mp3\">https:\/\/www.radiopiu.net\/wordpress\/wp-content\/uploads\/2022\/07\/Intervista-maso-pradelle-settimana-organistvca-2022.mp3<\/a><\/audio>\n<p>&nbsp;<\/p>\n<hr \/>\n<p>&nbsp;<\/p>\n<blockquote>\n<blockquote>\n<h3>MADONA DE LA NEIF, LA SAGRA A LA VALLE AGORDINA: IL PROGRAMMA<\/h3>\n<\/blockquote>\n<p><strong>LA VALLE<\/strong> Anche quest&#8217;anno il piccolo paese nel <strong>cuore<\/strong> delle <strong>Dolomiti Agordine<\/strong> si vestir\u00e0 a festa e <strong>venerd\u00ec 5 agosto 2022<\/strong> si animer\u00e0 per la tanto attesa Sagra paesana.\u00a0 La forza e il tenace spirito, caratteristiche che contraddistinguono i tanti volontari della Pro Loco La Valle Agordina, hanno permesso anche negli scorsi anni (sia 2020 sia 2021) di presentare al pubblico un evento di qualit\u00e0, adeguato alla normativa nazionale di prevenzione anti diffusione del Covid-19. L&#8217;evento inizier\u00e0 gioved\u00ec 4 agosto allre ore 18:00 con il tradizionale Vesper Solenne in onore della Madonna, fedelmente intonato su antiche melodie di tradizione orale (canto patriarchino) nella variante lavallese. Successivamente, alle ore 20:00, la Pro Loco &#8211; organizzatrice in collaborazione con il Comune di La Valle Agordina &#8211; inaugurer\u00e0 la Mostra Fotografica d&#8217;epoca &#8220;La Val da Incornis\u00e0 &#8211; Vite e ricordi nel cassetto&#8221;. Le foto raccontano sorrisi, luoghi, accadimenti storici della piccola frazione di Conaia (Conaggia) dal 1901 al 1967. Gli ingrandimenti, esposti sulle case e sui talv\u00e0 della frazione, accompagnano i visitatori in uno spaccato di storia del piccolo paese dolomitico di La Val (La Valle Agordina) e saranno visibili fino al 16 agosto, anch&#8217;esso giorno di festa per le celebrazioni di San Roc in Folega. Venerdi 5 agosto Il giorno di festa di apre con il tradizionale MERC\u00c0 DE L&#8217;IST\u00c0, divenuto ormai un appuntamento fisso dell&#8217;estate agordina. Sulla Piazza della Chiesa oltre sessanta bancarelle di artigianato locale, hobbistica e prodotti tipici arricchiranno con i loro unici rumori, colori e sapori i festeggiamenti della sagra paesana. Alle 10:30 si celebrer\u00e0 la Santa Messa solenne in onore della Madona de la Neif. Da non perdere la pesca di beneficenza e la visita al Museo Etnografico al terzo piano presso la sede del Municipio. Alle 17:00 un giro di valzer e una polka suonati da Eros, apriranno i festeggiamenti della serata al tendone. Alle 19:00 torna l&#8217;unica e inimitabile gara podistica di La Val: EL GIRO DE LE BURELE &#8211; 40\u00b0 edizione (17\u00b0 Memorial Ovidio Da Roit), organizzato dallo Sci Club La Valle Agordina. La gara passer\u00e0 tra le burele delle varie vile ai piedi della Cadeina del San Sebastian. Si chiude la serata in bellezza con con Eros&amp;Karin e a seguire la DISCO-TEK. Sabato 6 agosto\u00a0 L&#8217;evento prosegue nel weekend con &#8220;I Duoch dei boce&#8221; in programma sabato 6 a partire dalle 14:00 presso gli Impianti Sportivi. I pupi da La Val si cimenteranno in tanti divertenti giochi del passato. Alle 17:00 si balla al MOJITO PARTY con DJ JACK e alle 21:00<br \/>\nsi riempir\u00e0 la pista con i PEONES 3.0. Domenica 7 agosto \u00a0alle 17:00 don Cesare Larese e Dino Bridda presenteranno il libro &#8220;Dai ciragici all&#8217;ospedale. Un percorso nella storia di La Valle, fra miseria, malattie, medici, verso la nascita dell&#8217;ospedale&#8221; di Corrado Da Roit e Loris Santomaso. Alle 21:30 concerto rock con la band RH NEGATIVO.<\/p>\n\n\t\t\t<style type='text\/css'>\n\t\t\t\t#gallery-7 {\n\t\t\t\t\tmargin: auto;\n\t\t\t\t}\n\t\t\t\t#gallery-7 .gallery-item {\n\t\t\t\t\tfloat: left;\n\t\t\t\t\tmargin-top: 10px;\n\t\t\t\t\ttext-align: center;\n\t\t\t\t\twidth: 33%;\n\t\t\t\t}\n\t\t\t\t#gallery-7 img {\n\t\t\t\t\tborder: 2px solid #cfcfcf;\n\t\t\t\t}\n\t\t\t\t#gallery-7 .gallery-caption {\n\t\t\t\t\tmargin-left: 0;\n\t\t\t\t}\n\t\t\t\t\/* see gallery_shortcode() in wp-includes\/media.php *\/\n\t\t\t<\/style>\n\t\t<div id='gallery-7' class='dt-gallery-container gallery galleryid-289122 gallery-columns-3 gallery-size-thumbnail'><dl class='gallery-item'>\n\t\t\t\t<dt class='gallery-icon portrait'>\n\t\t\t\t\t<a class=\"rollover rollover-zoom dt-pswp-item\" title=\"530a2d72-bda3-7461-e542-59cf0ee1053c\" data-dt-img-description=\"\" data-large_image_width=\"1730\" data-large_image_height=\"2423\"href='https:\/\/www.radiopiu.net\/wordpress\/wp-content\/uploads\/2022\/07\/530a2d72-bda3-7461-e542-59cf0ee1053c.jpg'><img loading=\"lazy\" decoding=\"async\" width=\"150\" height=\"150\" src=\"https:\/\/www.radiopiu.net\/wordpress\/wp-content\/uploads\/2022\/07\/530a2d72-bda3-7461-e542-59cf0ee1053c-150x150.jpg\" class=\"attachment-thumbnail size-thumbnail\" alt=\"\" \/><\/a>\n\t\t\t\t<\/dt><\/dl><dl class='gallery-item'>\n\t\t\t\t<dt class='gallery-icon portrait'>\n\t\t\t\t\t<a class=\"rollover rollover-zoom dt-pswp-item\" title=\"38dcef37-7bbc-4024-ebb0-6a6882717ada\" data-dt-img-description=\"\" data-large_image_width=\"1811\" data-large_image_height=\"2560\"href='https:\/\/www.radiopiu.net\/wordpress\/wp-content\/uploads\/2022\/07\/38dcef37-7bbc-4024-ebb0-6a6882717ada-scaled.jpg'><img loading=\"lazy\" decoding=\"async\" width=\"150\" height=\"150\" src=\"https:\/\/www.radiopiu.net\/wordpress\/wp-content\/uploads\/2022\/07\/38dcef37-7bbc-4024-ebb0-6a6882717ada-150x150.jpg\" class=\"attachment-thumbnail size-thumbnail\" alt=\"\" \/><\/a>\n\t\t\t\t<\/dt><\/dl><dl class='gallery-item'>\n\t\t\t\t<dt class='gallery-icon portrait'>\n\t\t\t\t\t<a class=\"rollover rollover-zoom dt-pswp-item\" title=\"4935b63e-fab3-2b11-4f4a-803c2ec51972\" data-dt-img-description=\"\" data-large_image_width=\"1811\" data-large_image_height=\"2560\"href='https:\/\/www.radiopiu.net\/wordpress\/wp-content\/uploads\/2022\/07\/4935b63e-fab3-2b11-4f4a-803c2ec51972-scaled.jpg'><img loading=\"lazy\" decoding=\"async\" width=\"150\" height=\"150\" src=\"https:\/\/www.radiopiu.net\/wordpress\/wp-content\/uploads\/2022\/07\/4935b63e-fab3-2b11-4f4a-803c2ec51972-150x150.jpg\" class=\"attachment-thumbnail size-thumbnail\" alt=\"\" \/><\/a>\n\t\t\t\t<\/dt><\/dl><br style=\"clear: both\" \/>\n\t\t\t<\/div>\n\n<p>&nbsp;<\/p><\/blockquote>\n<p>&nbsp;<\/p>\n<p>&nbsp;<\/p>\n<hr \/>\n<p>&nbsp;<\/p>\n<blockquote>\n<h3>EL CANAL DE AGORT<\/h3>\n<\/blockquote>\n<p><strong>AGORDO<\/strong> Presso il museo in via 5 maggio ad Agordo si pu\u00f2 visitare la mostra &#8220;El Canal De Agort&#8221; storia ed archeologia da San Gottardo alla Conca Agordina. La mostra \u00e8 visitabile dal gioved\u00ec alla domenica dalle 9:30 alle 12:30 e dalle16 alle 19 fino al 4 settembre.<\/p>\n<p>&nbsp;<\/p>\n<h3><\/h3>\n<hr \/>\n<p>&nbsp;<\/p>\n<blockquote>\n<blockquote>\n<h3>DOPO IL RICAMO AD AGORDO, L&#8217;ESPOSIZIONE A RIVAMONTE DAL 30 LUGLIO<\/h3>\n<\/blockquote>\n<p><strong><a class=\"dt-pswp-item\" href=\"https:\/\/www.radiopiu.net\/wordpress\/wp-content\/uploads\/2022\/07\/6aa3acc1-0af3-45d8-8d3e-7e7b50d59e01-1.jpg\" data-dt-img-description=\"\" data-large_image_width=\"984\" data-large_image_height=\"1388\"><img loading=\"lazy\" decoding=\"async\" class=\"size-thumbnail wp-image-288489 alignleft\" src=\"https:\/\/www.radiopiu.net\/wordpress\/wp-content\/uploads\/2022\/07\/6aa3acc1-0af3-45d8-8d3e-7e7b50d59e01-1-150x150.jpg\" alt=\"\" width=\"150\" height=\"150\" \/><\/a>RIVAMONTE<\/strong>\u00a0Si ritrovano ininterrottamente da oltre 20 anni, da quando cio\u00e8, ritornata nel 2000 al paese di origine dopo dieci anni da emigrante in Argentina, Gabriella Gnech ha avuto la felice idea di proporre e di dar vita a una singolare iniziativa di aggregazione artistica. Sono le attivissime donne del Gruppo Porcellana di Rivamonte che, coordinate dalla maestra Gnech, si ritrovano regolarmente in serena compagnia, impiegando proficuamente il loro tempo libero in creazioni di stupendo impatto estetico, dipingendo diversi soggetti su porcellane di varie dimensioni usando nelle decorazioni vari stili, dai classici (cinesi, giapponesi, europei) ai pi\u00f9 moderni.<br \/>\nDopo l\u2019esperienza di alcune mostre abbinate al Gruppo Fil\u00f2 di ricamo di Agordo, hanno deciso di esporre quest\u2019anno proprio a Rivamonte i loro originali lavori realizzati a mano con grande abilit\u00e0 sul particolare tema \u201cArmonie di colori\u201d. L\u2019inaugurazione della rassegna, con il patrocinio del Comune, avr\u00e0 luogo sabato 30 luglio, alle ore 18, nella Sala Polifunzionale di Rivamonte e rimarr\u00e0 visitabile (a ingresso libero) fino al 15 agosto, con il seguente orario: gioved\u00ec e venerd\u00ec dalle 16 alle 19; sabato e domenica 10-12.30 e 16-19. Nell\u2019occasione esporr\u00e0 i suoi acquerelli anche Rita Mottes e la mostra sar\u00e0 affettuosamente dedicata al ricordo di Ornella Dal Col, morta recentemente, che fin dall\u2019inizio ha sempre partecipato attivamente all\u2019attivit\u00e0 del Gruppo Porcellana.<\/p><\/blockquote>\n<p>&nbsp;<\/p>\n<p>&nbsp;<\/p>\n<p>&nbsp;<\/p>\n<hr \/>\n<p>&nbsp;<\/p>\n<blockquote>\n<h3>LA FESTA IN PINETA PER GLI ALPINI DI CENCENIGHE<\/h3>\n<\/blockquote>\n<p><strong>CENCENIGHE<\/strong> Festa in pineta per gli alpini di Cencenighe che domenica 31 luglio si ritroveranno per una giornata in compagnia. Alle 10:30 la santa messa in pineta e dalle 12 la degustazione di piatti tipici. Nel pomeriggio musica con Loris.<\/p>\n<p>&nbsp;<\/p>\n<p>&nbsp;<\/p>\n<p>&nbsp;<\/p>\n<hr \/>\n<p>&nbsp;<\/p>\n<blockquote>\n<h3>CORTINA, CORONA, DINETTO, PENSO, I \u201cBELUMAT\u201d SOVILLA, BERTOLASO E ALTRI OSPITI ALLA DE LUCA<\/h3>\n<\/blockquote>\n<p><strong>di\u00a0 RENATO BONA<\/strong><\/p>\n<p>Il prestigioso duplice volume intitolato \u201cUna ruota che gira da un quarto di secolo\u201d realizzato da Francesco \u201cCheco\u201d De Luca con la editrice Velar di Gorle in provincia di Bergamo nel dicembre 2005 allo scopo di ricordare le qualificanti attivit\u00e0 storico culturali della Sala \u201cDe Luca\u201d di Borgo Pra, spazia dal 26 maggio 1980 al 26 maggio 2005. Oggi, in particolare, ci occupiamo degli eventi ospitati nella bellissima struttura (oggi sede del collegio dei maestri di sci del Veneto) dal 1. gennaio al 31 dicembre 1981, aperti, il 5 gennaio dalla visita del vescovo di Belluno-Feltre mons. Maffeo Ducoli, alla mostra del pittore Aldo Cortina. Prima di passare in sintetica rassegna i vari avvenimenti, ci piace richiamare il saluto scritto in presentazione dei volumi dall\u2019allora presidente dell\u2019Associazione stampa Bellunese (che nella \u201cDe Luca\u201d aveva la propria sede), Tiziana Bolognani, la quale sottolineava convinta che \u201c&#8230;la Sala De Luca \u00e8 punto di riferimento dell\u2019antico Borgo della Citt\u00e0, dove un tempo risuonavano gli attrezzi dei primi artigiani locali, ed oggi \u00e8 uno tra i luoghi pi\u00f9 dinamici del capoluogo e della nostra provincia: vi si pu\u00f2 respirare cultura, storia, arte, musica. Tutto proposto ai massimi livelli ma con quella discrezione che contraddistingue l\u2019operosit\u00e0 di Francesco De Luca a cui va il ringraziamento mio personale e dei colleghi della stampa bellunese\u201d. Dopo la mostra di Cortina, la \u201cDe Luca ha ospitato nell\u2019ordine quella di scultura di Mauro Corona (17 gennaio); la prima mostra-concorso dal 6 all\u20198 febbraio, interaziendale di fotografia Enel; la collettiva del soci del Circolo artistico provinciale (19 febbraio); la personale di Dino Dinetto (20 febbraio, visitata il 25 dal console del Messico dott. Roberto Giavi); quella di Mario Penso (13 marzo). Il 17 marzo e il 4 e 18 maggio le conferenze e l\u2019assemblea del Circolo artistico provinciale; il 10 maggio la presentazione di \u201cStudi Bellunesi\u201d nel decimo anniversario del circolo \u201cAl Zenpedon\u201d con partecipazione del glottologo Gianbattista Pellegrini. Il 23 dello stesso mese commemorazione e ricordo di Sandro Tarantola a cura del dottor Piero Zanchetta, e presentazione, con l\u2019attore e scrittore Dino Coltro, de \u201cI Belumat\u201d nel decennale della loro esibizione. L\u2019indomani, il 24, concerto del complesso di flauti eseguito dai bambini di Visome, diretto dal maestro A. Valentini; stesso giorno: commemorazione e ricordo di G. D. Odorizzi e G. Zanussi con interventi della prof. Pierina Boranga e della maestra Flora Odorizzi. Il 25 benedizione da parte del Vescovo Ducoli della sala superiore; serata condotta dal poeta Ugo Neri, ha partecipato il coro Monti del Sole\u201d; commemorazione di Ernesto De Luca e di Romolo Dal Mas quindi dibattito sul tema: \u201cArtigianato ieri e oggi\u201d moderato da Maurizio Busatta con interventi di Aldo Aim\u00e8, Mario Morales, i pres\u200bidenti dell\u2019Unione artigiani e dell\u2019Appia. L\u2019intenso mese di maggio ha quindi proposto: il 26 commemorazione ricordo di Ugo Fasolo a cura di A. Carminati ed esibizione della Corale Zumellese\u202fdiretta da Nevio Stefanutti; il 27 commemorazione di Martino Arrigoni con tema sul problema degli handicappati esposto dal dott. Valentino Del Fabbro e chiusura con concerto ad archi con Carmignola Vismara e Vendramelli, Il 28 commemorazione del maestro Nino Prosdocimi a cura del giornalista Fiorello Zangrando e concerto del Coro Minimo diretto da Edoardo Gazzera; il 29 commemorazione di Dino Buzzati con dibattito sul tema: \u201cIdentit\u00e0 culturale bellunese e sua collocazione nell\u2019ambito regionale e internazionale\u201d, relatore Gianni Secco; conclusione con concerto brasiliano. Di nuovo l\u2019arte: dal 31 maggio al 16 giugno antologica del noto pittore di Borgo Pra Carlo Sovilla; il 2 giugno asta di quadri a favore della fondazione \u201cMartino Arrigoni\u201d; dal 18 al 20 giugno mostra fotografica; dal 27 giugno all\u201911 luglio collettiva dei pittori Fiorentin, Martini e Zen; 12 settembre presentazione del libro di Mirka Bertolaso \u201cAmico sole\u201d; dal 19 al 30 settembre personale del pittore romano Lucio Garofalo. Il 3 ottobre prima edizione del premio nazionale di poesia \u201cDino Buzzati-Valle del Piave (presidente di giuria il dott. Antonio Donat Cattin. segretario Renzo Cortina). Dal 24 ottobre al 10novembre retrospettiva del pittore Gigi Candiani. 26 ottobre: conferenza del prof. Antonio Costa su: \u201cDall\u2019analisi del racconti all\u2019analisi del racconto per immagini\u201d. Le iniziative del periodo volgono al termine: il 27 ottobre: \u201cFruizione e-o produzione di audiovisivi: due percorsi didattici non inconciliabili\u201d, relatrice Anna Laura Crisdigiovanni; dal 28 novembre al 9 dicembre; personale di pittura di Angelo Stopiglia e, a chiudere: dal 19 dicembre al 6 gennaio 1982; collettiva dei pittori Antonio Bassetto, Luigi Cima, Aldo Cortina, Lino Dinetto, Lucio Garofalo, Toni Piccolotto, Italo Pradella e Fiorenzo Tomea.<\/p>\n\n\t\t\t<style type='text\/css'>\n\t\t\t\t#gallery-8 {\n\t\t\t\t\tmargin: auto;\n\t\t\t\t}\n\t\t\t\t#gallery-8 .gallery-item {\n\t\t\t\t\tfloat: left;\n\t\t\t\t\tmargin-top: 10px;\n\t\t\t\t\ttext-align: center;\n\t\t\t\t\twidth: 20%;\n\t\t\t\t}\n\t\t\t\t#gallery-8 img {\n\t\t\t\t\tborder: 2px solid #cfcfcf;\n\t\t\t\t}\n\t\t\t\t#gallery-8 .gallery-caption {\n\t\t\t\t\tmargin-left: 0;\n\t\t\t\t}\n\t\t\t\t\/* see gallery_shortcode() in wp-includes\/media.php *\/\n\t\t\t<\/style>\n\t\t<div id='gallery-8' class='dt-gallery-container gallery galleryid-289122 gallery-columns-5 gallery-size-thumbnail'><dl class='gallery-item'>\n\t\t\t\t<dt class='gallery-icon landscape'>\n\t\t\t\t\t<a class=\"rollover\" href='https:\/\/www.radiopiu.net\/wordpress\/cortina-corona-dinetto-penso-i-belumat-sovilla-bertolaso-e-altri-ospiti-alla-de-luca\/1-120\/'><img loading=\"lazy\" decoding=\"async\" width=\"150\" height=\"150\" src=\"https:\/\/www.radiopiu.net\/wordpress\/wp-content\/uploads\/2022\/07\/1-150x150.jpg\" class=\"attachment-thumbnail size-thumbnail\" alt=\"\" \/><\/a>\n\t\t\t\t<\/dt><\/dl><dl class='gallery-item'>\n\t\t\t\t<dt class='gallery-icon landscape'>\n\t\t\t\t\t<a class=\"rollover\" href='https:\/\/www.radiopiu.net\/wordpress\/cortina-corona-dinetto-penso-i-belumat-sovilla-bertolaso-e-altri-ospiti-alla-de-luca\/2-124\/'><img loading=\"lazy\" decoding=\"async\" width=\"150\" height=\"150\" src=\"https:\/\/www.radiopiu.net\/wordpress\/wp-content\/uploads\/2022\/07\/2-1-150x150.jpg\" class=\"attachment-thumbnail size-thumbnail\" alt=\"\" \/><\/a>\n\t\t\t\t<\/dt><\/dl><dl class='gallery-item'>\n\t\t\t\t<dt class='gallery-icon portrait'>\n\t\t\t\t\t<a class=\"rollover\" href='https:\/\/www.radiopiu.net\/wordpress\/cortina-corona-dinetto-penso-i-belumat-sovilla-bertolaso-e-altri-ospiti-alla-de-luca\/3-99\/'><img loading=\"lazy\" decoding=\"async\" width=\"150\" height=\"150\" src=\"https:\/\/www.radiopiu.net\/wordpress\/wp-content\/uploads\/2022\/07\/3-150x150.jpg\" class=\"attachment-thumbnail size-thumbnail\" alt=\"\" \/><\/a>\n\t\t\t\t<\/dt><\/dl><dl class='gallery-item'>\n\t\t\t\t<dt class='gallery-icon landscape'>\n\t\t\t\t\t<a class=\"rollover\" href='https:\/\/www.radiopiu.net\/wordpress\/cortina-corona-dinetto-penso-i-belumat-sovilla-bertolaso-e-altri-ospiti-alla-de-luca\/4-63\/'><img loading=\"lazy\" decoding=\"async\" width=\"150\" height=\"150\" src=\"https:\/\/www.radiopiu.net\/wordpress\/wp-content\/uploads\/2022\/07\/4-150x150.jpg\" class=\"attachment-thumbnail size-thumbnail\" alt=\"\" \/><\/a>\n\t\t\t\t<\/dt><\/dl><dl class='gallery-item'>\n\t\t\t\t<dt class='gallery-icon portrait'>\n\t\t\t\t\t<a class=\"rollover\" href='https:\/\/www.radiopiu.net\/wordpress\/cortina-corona-dinetto-penso-i-belumat-sovilla-bertolaso-e-altri-ospiti-alla-de-luca\/5-45\/'><img loading=\"lazy\" decoding=\"async\" width=\"150\" height=\"150\" src=\"https:\/\/www.radiopiu.net\/wordpress\/wp-content\/uploads\/2022\/07\/5-150x150.jpg\" class=\"attachment-thumbnail size-thumbnail\" alt=\"\" \/><\/a>\n\t\t\t\t<\/dt><\/dl><br style=\"clear: both\" \/><dl class='gallery-item'>\n\t\t\t\t<dt class='gallery-icon landscape'>\n\t\t\t\t\t<a class=\"rollover\" href='https:\/\/www.radiopiu.net\/wordpress\/cortina-corona-dinetto-penso-i-belumat-sovilla-bertolaso-e-altri-ospiti-alla-de-luca\/6-20\/'><img loading=\"lazy\" decoding=\"async\" width=\"150\" height=\"150\" src=\"https:\/\/www.radiopiu.net\/wordpress\/wp-content\/uploads\/2022\/07\/6-150x150.jpg\" class=\"attachment-thumbnail size-thumbnail\" alt=\"\" \/><\/a>\n\t\t\t\t<\/dt><\/dl><dl class='gallery-item'>\n\t\t\t\t<dt class='gallery-icon landscape'>\n\t\t\t\t\t<a class=\"rollover\" href='https:\/\/www.radiopiu.net\/wordpress\/cortina-corona-dinetto-penso-i-belumat-sovilla-bertolaso-e-altri-ospiti-alla-de-luca\/7-15\/'><img loading=\"lazy\" decoding=\"async\" width=\"150\" height=\"150\" src=\"https:\/\/www.radiopiu.net\/wordpress\/wp-content\/uploads\/2022\/07\/7-150x150.jpg\" class=\"attachment-thumbnail size-thumbnail\" alt=\"\" \/><\/a>\n\t\t\t\t<\/dt><\/dl><dl class='gallery-item'>\n\t\t\t\t<dt class='gallery-icon landscape'>\n\t\t\t\t\t<a class=\"rollover\" href='https:\/\/www.radiopiu.net\/wordpress\/cortina-corona-dinetto-penso-i-belumat-sovilla-bertolaso-e-altri-ospiti-alla-de-luca\/8-10\/'><img loading=\"lazy\" decoding=\"async\" width=\"150\" height=\"150\" src=\"https:\/\/www.radiopiu.net\/wordpress\/wp-content\/uploads\/2022\/07\/8-150x150.jpg\" class=\"attachment-thumbnail size-thumbnail\" alt=\"\" \/><\/a>\n\t\t\t\t<\/dt><\/dl><dl class='gallery-item'>\n\t\t\t\t<dt class='gallery-icon landscape'>\n\t\t\t\t\t<a class=\"rollover\" href='https:\/\/www.radiopiu.net\/wordpress\/cortina-corona-dinetto-penso-i-belumat-sovilla-bertolaso-e-altri-ospiti-alla-de-luca\/9-15\/'><img loading=\"lazy\" decoding=\"async\" width=\"150\" height=\"150\" src=\"https:\/\/www.radiopiu.net\/wordpress\/wp-content\/uploads\/2022\/07\/9-150x150.jpg\" class=\"attachment-thumbnail size-thumbnail\" alt=\"\" \/><\/a>\n\t\t\t\t<\/dt><\/dl><dl class='gallery-item'>\n\t\t\t\t<dt class='gallery-icon landscape'>\n\t\t\t\t\t<a class=\"rollover\" href='https:\/\/www.radiopiu.net\/wordpress\/cortina-corona-dinetto-penso-i-belumat-sovilla-bertolaso-e-altri-ospiti-alla-de-luca\/10-13\/'><img loading=\"lazy\" decoding=\"async\" width=\"150\" height=\"150\" src=\"https:\/\/www.radiopiu.net\/wordpress\/wp-content\/uploads\/2022\/07\/10-150x150.jpg\" class=\"attachment-thumbnail size-thumbnail\" alt=\"\" \/><\/a>\n\t\t\t\t<\/dt><\/dl><br style=\"clear: both\" \/><dl class='gallery-item'>\n\t\t\t\t<dt class='gallery-icon landscape'>\n\t\t\t\t\t<a class=\"rollover\" href='https:\/\/www.radiopiu.net\/wordpress\/cortina-corona-dinetto-penso-i-belumat-sovilla-bertolaso-e-altri-ospiti-alla-de-luca\/11-11\/'><img loading=\"lazy\" decoding=\"async\" width=\"150\" height=\"150\" src=\"https:\/\/www.radiopiu.net\/wordpress\/wp-content\/uploads\/2022\/07\/11-150x150.jpg\" class=\"attachment-thumbnail size-thumbnail\" alt=\"\" \/><\/a>\n\t\t\t\t<\/dt><\/dl><dl class='gallery-item'>\n\t\t\t\t<dt class='gallery-icon portrait'>\n\t\t\t\t\t<a class=\"rollover\" href='https:\/\/www.radiopiu.net\/wordpress\/cortina-corona-dinetto-penso-i-belumat-sovilla-bertolaso-e-altri-ospiti-alla-de-luca\/12-9\/'><img loading=\"lazy\" decoding=\"async\" width=\"150\" height=\"150\" src=\"https:\/\/www.radiopiu.net\/wordpress\/wp-content\/uploads\/2022\/07\/12-150x150.jpg\" class=\"attachment-thumbnail size-thumbnail\" alt=\"\" \/><\/a>\n\t\t\t\t<\/dt><\/dl><dl class='gallery-item'>\n\t\t\t\t<dt class='gallery-icon landscape'>\n\t\t\t\t\t<a class=\"rollover\" href='https:\/\/www.radiopiu.net\/wordpress\/cortina-corona-dinetto-penso-i-belumat-sovilla-bertolaso-e-altri-ospiti-alla-de-luca\/13-10\/'><img loading=\"lazy\" decoding=\"async\" width=\"150\" height=\"150\" src=\"https:\/\/www.radiopiu.net\/wordpress\/wp-content\/uploads\/2022\/07\/13-150x150.jpg\" class=\"attachment-thumbnail size-thumbnail\" alt=\"\" \/><\/a>\n\t\t\t\t<\/dt><\/dl>\n\t\t\t\t<br style='clear: both' \/>\n\t\t\t<\/div>\n\n<p>&nbsp;<\/p>\n<p>NELLE FOTO (riproduzioni dai libri \u201cUna ruota che gira da un quarto di secolo\u201d): mostra dei soci del Circolo artistico provinciale: personale di Mario Penso; festa grande per il decennale dei \u201cBelumat\u201d Giorgio Fornasier e Gianni Secco; il vescovo Maffeo Ducoli ospite abituale della sala di cultura di Borgo Pra condotta da Francesco De Luca per benedire la sala convegni e la sala superiore della struttura; serata in ricordo di Dino Buzzati; onore al merito di Carlo Sovilla, pittore del Pra; presentazione del libro di Mirka Bertolaso \u201cAmico Sole\u201d; premiazione di Gritzko Mascion<\/p>\n<p>&nbsp;<\/p>\n<p>&nbsp;<\/p>\n<hr \/>\n<p>&nbsp;<\/p>\n<h2><span style=\"color: #808000;\">L&#8217;ALMANACCO LADINO\u00a0<\/span><\/h2>\n<p><strong>LA RACCOLTA\u00a0<\/strong><\/p>\n<blockquote class=\"wp-embedded-content\" data-secret=\"IitzbqcwzP\"><p><a href=\"https:\/\/www.radiopiu.net\/wordpress\/almanacco-ladino\/\">Almanacco Ladino<\/a><\/p><\/blockquote>\n<p><iframe loading=\"lazy\" class=\"wp-embedded-content\" sandbox=\"allow-scripts\" security=\"restricted\" style=\"position: absolute; clip: rect(1px, 1px, 1px, 1px);\" title=\"&#8220;Almanacco Ladino&#8221; &#8212; Radio Pi\u00f9\" src=\"https:\/\/www.radiopiu.net\/wordpress\/almanacco-ladino\/embed\/#?secret=zDCruKqV3Z#?secret=IitzbqcwzP\" data-secret=\"IitzbqcwzP\" width=\"600\" height=\"338\" frameborder=\"0\" marginwidth=\"0\" marginheight=\"0\" scrolling=\"no\"><\/iframe><\/p>\n<p>&nbsp;<\/p>\n<hr \/>\n<p>&nbsp;<\/p>\n<h2><span style=\"color: #008080;\">&#8220;DINTORN E FORA VIA&#8221; A CURA DEL MUSLA, IL NUOVO PROGRAMMA\u00a0 \u00a0<\/span><\/h2>\n<p><strong><a class=\"dt-pswp-item\" href=\"https:\/\/www.radiopiu.net\/wordpress\/wp-content\/uploads\/2022\/07\/6f1a6003-1656-479c-aaa0-23ec141f2421.jpg\" data-dt-img-description=\"\" data-large_image_width=\"1024\" data-large_image_height=\"1024\"><img loading=\"lazy\" decoding=\"async\" class=\"size-thumbnail wp-image-287985 alignleft\" src=\"https:\/\/www.radiopiu.net\/wordpress\/wp-content\/uploads\/2022\/07\/6f1a6003-1656-479c-aaa0-23ec141f2421-150x150.jpg\" alt=\"\" width=\"150\" height=\"150\" srcset=\"https:\/\/www.radiopiu.net\/wordpress\/wp-content\/uploads\/2022\/07\/6f1a6003-1656-479c-aaa0-23ec141f2421-150x150.jpg 150w, https:\/\/www.radiopiu.net\/wordpress\/wp-content\/uploads\/2022\/07\/6f1a6003-1656-479c-aaa0-23ec141f2421-300x300.jpg 300w, https:\/\/www.radiopiu.net\/wordpress\/wp-content\/uploads\/2022\/07\/6f1a6003-1656-479c-aaa0-23ec141f2421-768x768.jpg 768w, https:\/\/www.radiopiu.net\/wordpress\/wp-content\/uploads\/2022\/07\/6f1a6003-1656-479c-aaa0-23ec141f2421.jpg 1024w\" sizes=\"auto, (max-width: 150px) 100vw, 150px\" \/><\/a><\/strong><\/p>\n<p><strong>PUNTATA DEL 19 LUGLIO 2022 &#8211;\u00a0 ELEONORA TROI<\/strong><\/p>\n<p><strong>\u00a0<\/strong><strong>\u00a0<\/strong><\/p>\n<p><strong>LA RACCOLTA COMPLETA<\/strong><\/p>\n<blockquote class=\"wp-embedded-content\" data-secret=\"sgjTwnxDIY\"><p><a href=\"https:\/\/www.radiopiu.net\/wordpress\/musla\/\">MUSLA<\/a><\/p><\/blockquote>\n<p><iframe loading=\"lazy\" class=\"wp-embedded-content\" sandbox=\"allow-scripts\" security=\"restricted\" style=\"position: absolute; clip: rect(1px, 1px, 1px, 1px);\" title=\"&#8220;MUSLA&#8221; &#8212; Radio Pi\u00f9\" src=\"https:\/\/www.radiopiu.net\/wordpress\/musla\/embed\/#?secret=4rWdBBkpBW#?secret=sgjTwnxDIY\" data-secret=\"sgjTwnxDIY\" width=\"600\" height=\"338\" frameborder=\"0\" marginwidth=\"0\" marginheight=\"0\" scrolling=\"no\"><\/iframe><\/p>\n<p>&nbsp;<\/p>\n<p>&nbsp;<\/p>\n<hr \/>\n<p>&nbsp;<\/p>\n<div>\n<div class=\"b654a4as d2edcug0\">\n<div class=\"rq0escxv hkbzh7o3 jwdofwj8 n8tt0mok r8blr3vg hyh9befq\">\n<p><a class=\"dt-pswp-item\" href=\"https:\/\/www.radiopiu.net\/wordpress\/wp-content\/uploads\/2020\/10\/pp.jpg\" data-dt-img-description=\"\" data-large_image_width=\"640\" data-large_image_height=\"640\"><img loading=\"lazy\" decoding=\"async\" class=\"wp-image-163678 alignleft\" src=\"https:\/\/www.radiopiu.net\/wordpress\/wp-content\/uploads\/2020\/10\/pp-300x300.jpg\" alt=\"\" width=\"106\" height=\"106\" srcset=\"https:\/\/www.radiopiu.net\/wordpress\/wp-content\/uploads\/2020\/10\/pp-300x300.jpg 300w, https:\/\/www.radiopiu.net\/wordpress\/wp-content\/uploads\/2020\/10\/pp-150x150.jpg 150w, https:\/\/www.radiopiu.net\/wordpress\/wp-content\/uploads\/2020\/10\/pp-125x125.jpg 125w, https:\/\/www.radiopiu.net\/wordpress\/wp-content\/uploads\/2020\/10\/pp-200x200.jpg 200w, https:\/\/www.radiopiu.net\/wordpress\/wp-content\/uploads\/2020\/10\/pp-80x80.jpg 80w, https:\/\/www.radiopiu.net\/wordpress\/wp-content\/uploads\/2020\/10\/pp-480x480.jpg 480w, https:\/\/www.radiopiu.net\/wordpress\/wp-content\/uploads\/2020\/10\/pp.jpg 640w\" sizes=\"auto, (max-width: 106px) 100vw, 106px\" \/><\/a><\/p>\n<\/div>\n<\/div>\n<\/div>\n<div>\n<div class=\"page-title-head hgroup\">\n<div class=\"page-title-head hgroup\">\n<div class=\"b654a4as d2edcug0\">\n<div class=\"j83agx80 btwxx1t3 lhclo0ds hop8lmos nkwizq5d scwd0bx6 roh60bw9\">\n<div class=\"rq0escxv hkbzh7o3 jwdofwj8 n8tt0mok r8blr3vg hyh9befq\">\n<div class=\"do00u71z l9j0dhe7 k4urcfbm\">\n<h2><span style=\"color: #000080;\">DON CESARE, IL PENSIERO DEL GIORNO. ALLA RADIO ALLE 7 DEL MATTINO E ALLE 19.30 DELLA SERA.\u00a0<\/span><\/h2>\n<p>&nbsp;<\/p>\n<\/div>\n<\/div>\n<\/div>\n<\/div>\n<\/div>\n<\/div>\n<\/div>\n<div class=\"do00u71z l9j0dhe7 k4urcfbm\">\n<div class=\"page-title-head hgroup\">\n<div class=\"page-title-head hgroup\">\n<div class=\"b654a4as d2edcug0\">\n<div class=\"j83agx80 btwxx1t3 lhclo0ds hop8lmos nkwizq5d scwd0bx6 roh60bw9\">\n<div class=\"rq0escxv hkbzh7o3 jwdofwj8 n8tt0mok r8blr3vg hyh9befq\">\n<div class=\"do00u71z l9j0dhe7 k4urcfbm\">\n<div class=\"page-title-head hgroup\">\n<div class=\"page-title-head hgroup\">\n<div class=\"b654a4as d2edcug0\">\n<div class=\"j83agx80 btwxx1t3 lhclo0ds hop8lmos nkwizq5d scwd0bx6 roh60bw9\">\n<div class=\"rq0escxv hkbzh7o3 jwdofwj8 n8tt0mok r8blr3vg hyh9befq\">\n<div class=\"do00u71z l9j0dhe7 k4urcfbm\">\n<div class=\"ecm0bbzt e5nlhep0 a8c37x1j\">\n<div class=\"kvgmc6g5 cxmmr5t8 oygrvhab hcukyx3x c1et5uql\">\n<div class=\"gmail-kvgmc6g5 gmail-cxmmr5t8 gmail-oygrvhab gmail-hcukyx3x gmail-c1et5uql gmail-ii04i59q\">\n<div class=\"page-title-head hgroup\">\n<div class=\"page-title-head hgroup\">\n<div class=\"b654a4as d2edcug0\">\n<div class=\"j83agx80 btwxx1t3 lhclo0ds hop8lmos nkwizq5d scwd0bx6 roh60bw9\">\n<div class=\"rq0escxv hkbzh7o3 jwdofwj8 n8tt0mok r8blr3vg hyh9befq\">\n<div class=\"do00u71z l9j0dhe7 k4urcfbm\">\n<div class=\"page-title-head hgroup\">\n<div class=\"page-title-head hgroup\">\n<div class=\"b654a4as d2edcug0\">\n<div class=\"j83agx80 btwxx1t3 lhclo0ds hop8lmos nkwizq5d scwd0bx6 roh60bw9\">\n<div class=\"rq0escxv hkbzh7o3 jwdofwj8 n8tt0mok r8blr3vg hyh9befq\">\n<div class=\"do00u71z l9j0dhe7 k4urcfbm\">\n<div class=\"page-title-head hgroup\">\n<div class=\"page-title-head hgroup\">\n<div class=\"b654a4as d2edcug0\">\n<div class=\"j83agx80 btwxx1t3 lhclo0ds hop8lmos nkwizq5d scwd0bx6 roh60bw9\">\n<div class=\"rq0escxv hkbzh7o3 jwdofwj8 n8tt0mok r8blr3vg hyh9befq\">\n<div class=\"do00u71z l9j0dhe7 k4urcfbm\">\n<div class=\"ecm0bbzt e5nlhep0 a8c37x1j\">\n<div class=\"kvgmc6g5 cxmmr5t8 oygrvhab hcukyx3x c1et5uql\">\n<div class=\"gmail-kvgmc6g5 gmail-cxmmr5t8 gmail-oygrvhab gmail-hcukyx3x gmail-c1et5uql gmail-ii04i59q\">\n<div class=\"page-title-head hgroup\">\n<div class=\"page-title-head hgroup\">\n<div class=\"b654a4as d2edcug0\">\n<div class=\"j83agx80 btwxx1t3 lhclo0ds hop8lmos nkwizq5d scwd0bx6 roh60bw9\">\n<div class=\"rq0escxv hkbzh7o3 jwdofwj8 n8tt0mok r8blr3vg hyh9befq\">\n<div class=\"do00u71z l9j0dhe7 k4urcfbm\">\n<audio class=\"wp-audio-shortcode\" id=\"audio-289122-9\" preload=\"none\" style=\"width: 100%;\" controls=\"controls\"><source type=\"audio\/mpeg\" src=\"https:\/\/www.radiopiu.net\/wordpress\/wp-content\/uploads\/2022\/07\/CESARE-15.mp3?_=9\" \/><a href=\"https:\/\/www.radiopiu.net\/wordpress\/wp-content\/uploads\/2022\/07\/CESARE-15.mp3\">https:\/\/www.radiopiu.net\/wordpress\/wp-content\/uploads\/2022\/07\/CESARE-15.mp3<\/a><\/audio>\n<p>&nbsp;<\/p>\n<hr \/>\n<p>&nbsp;<\/p>\n<p><span style=\"color: #0000ff;\">MUSICA PIU&#8217;\u00a0<\/span><\/p>\n<p><a href=\"https:\/\/www.radiopiu.net\/wordpress\/giornale-radiopiu-20-settembre-2021-direttore-mirko-mezzacasa\/pp-79\/\" rel=\"attachment wp-att-232921\"><img loading=\"lazy\" decoding=\"async\" class=\"wp-image-232921 alignleft\" src=\"https:\/\/www.radiopiu.net\/wordpress\/wp-content\/uploads\/2021\/09\/pp-1-300x300.jpg\" alt=\"\" width=\"135\" height=\"135\" srcset=\"https:\/\/www.radiopiu.net\/wordpress\/wp-content\/uploads\/2021\/09\/pp-1-300x300.jpg 300w, https:\/\/www.radiopiu.net\/wordpress\/wp-content\/uploads\/2021\/09\/pp-1-150x150.jpg 150w, https:\/\/www.radiopiu.net\/wordpress\/wp-content\/uploads\/2021\/09\/pp-1.jpg 640w\" sizes=\"auto, (max-width: 135px) 100vw, 135px\" \/><\/a><\/p>\n<div class=\"mkdf-post-text\">\n<div class=\"mkdf-post-text-inner\">\n<div class=\"mkdf-post-text-main\">\n<div class=\"mkdf-post-text\">\n<div class=\"mkdf-post-text-inner\">\n<div class=\"mkdf-post-text-main\">\n<div class=\"mkdf-post-text\">\n<div class=\"mkdf-post-text-inner\">\n<div class=\"mkdf-post-text-main\">\n<div class=\"page-title-head hgroup\">\n<div class=\"page-title-head hgroup\">\n<div class=\"mkdf-post-text\">\n<div class=\"mkdf-post-text-inner\">\n<div class=\"mkdf-post-text-main\">\n<div class=\"mkdf-post-text\">\n<div class=\"mkdf-post-text-inner\">\n<div class=\"mkdf-post-text-main\">\n<div class=\"page-title-head hgroup\">\n<div class=\"page-title-head hgroup\">\n<div class=\"page-title-head hgroup\">\n<div class=\"page-title-head hgroup\">\n<div class=\"b654a4as d2edcug0\">\n<div class=\"page-title-head hgroup\">\n<div class=\"page-title-head hgroup\">\n<div class=\"page-title-head hgroup\">\n<div class=\"page-title-head hgroup\">\n<div class=\"b654a4as d2edcug0\">\n<div class=\"page-title-head hgroup\">\n<div class=\"page-title-head hgroup\">\n<div class=\"page-title-head hgroup\">\n<div class=\"page-title-head hgroup\">\n<div class=\"b654a4as d2edcug0\">\n<div class=\"mkdf-post-text\">\n<div class=\"mkdf-post-text-inner\">\n<div class=\"mkdf-post-text-main\">\n<div class=\"mkdf-post-text\">\n<div class=\"mkdf-post-text-inner\">\n<div class=\"mkdf-post-text-main\">\n<div class=\"mkdf-post-text\">\n<div class=\"mkdf-post-text-inner\">\n<div class=\"mkdf-post-text-main\">\n<div class=\"page-title-head hgroup\">\n<div class=\"page-title-head hgroup\">\n<div class=\"mkdf-post-text\">\n<div class=\"mkdf-post-text-inner\">\n<div class=\"mkdf-post-text-main\">\n<div class=\"mkdf-post-text\">\n<div class=\"mkdf-post-text-inner\">\n<div class=\"mkdf-post-text-main\">\n<div class=\"page-title-head hgroup\">\n<div class=\"page-title-head hgroup\">\n<div class=\"page-title-head hgroup\">\n<div class=\"page-title-head hgroup\">\n<div class=\"b654a4as d2edcug0\">\n<div class=\"page-title-head hgroup\">\n<div class=\"page-title-head hgroup\">\n<div class=\"page-title-head hgroup\">\n<div class=\"page-title-head hgroup\">\n<div class=\"b654a4as d2edcug0\">\n<div class=\"page-title-head hgroup\">\n<div class=\"page-title-head hgroup\">\n<div class=\"page-title-head hgroup\">\n<div class=\"page-title-head hgroup\">\n<div class=\"b654a4as d2edcug0\">\n<div><\/div>\n<div><\/div>\n<div>\n<p><strong>MUSICA ALLA RADIO, IL PROGRAMMA DI LORIS SCUSSEL &#8220;COLLAGE OPERAZIONE NOSTALGIA&#8221; DAL LUNEDI AL VENERDI ALLE 16.00\u00a0 E ALLE 23\u00a0<\/strong><\/p>\n<\/div>\n<\/div>\n<p>&nbsp;<\/p>\n<p><strong>LE REPLICHE<\/strong><\/p>\n<p><strong>401<\/strong><\/p>\n<audio class=\"wp-audio-shortcode\" id=\"audio-289122-10\" preload=\"none\" style=\"width: 100%;\" controls=\"controls\"><source type=\"audio\/mpeg\" src=\"https:\/\/www.radiopiu.net\/wordpress\/wp-content\/uploads\/2022\/07\/Collage-401.mp3?_=10\" \/><a href=\"https:\/\/www.radiopiu.net\/wordpress\/wp-content\/uploads\/2022\/07\/Collage-401.mp3\">https:\/\/www.radiopiu.net\/wordpress\/wp-content\/uploads\/2022\/07\/Collage-401.mp3<\/a><\/audio>\n<p>&nbsp;<\/p>\n<p><strong>402<\/strong><\/p>\n<audio class=\"wp-audio-shortcode\" id=\"audio-289122-11\" preload=\"none\" style=\"width: 100%;\" controls=\"controls\"><source type=\"audio\/mpeg\" src=\"https:\/\/www.radiopiu.net\/wordpress\/wp-content\/uploads\/2022\/07\/Collage-402.mp3?_=11\" \/><a href=\"https:\/\/www.radiopiu.net\/wordpress\/wp-content\/uploads\/2022\/07\/Collage-402.mp3\">https:\/\/www.radiopiu.net\/wordpress\/wp-content\/uploads\/2022\/07\/Collage-402.mp3<\/a><\/audio>\n<p>&nbsp;<\/p>\n<p><strong><a class=\"dt-pswp-item\" href=\"https:\/\/www.radiopiu.net\/wordpress\/wp-content\/uploads\/2022\/07\/Sonny-e-Cher.jpg\" data-dt-img-description=\"\" data-large_image_width=\"355\" data-large_image_height=\"444\"><img loading=\"lazy\" decoding=\"async\" class=\" wp-image-288941 alignleft\" src=\"https:\/\/www.radiopiu.net\/wordpress\/wp-content\/uploads\/2022\/07\/Sonny-e-Cher-150x150.jpg\" alt=\"\" width=\"115\" height=\"115\" \/><\/a>di Loris Scussel<\/strong><\/p>\n<p>Proseguono le repliche di Collage Operazione Nostalgia che vedr\u00e0 prevalere le canzoni italiane nei programmi che andranno in onda il pomeriggio, a parte mercoled\u00ec dove lasceremo spazio alla musica di oltre oceano, mentre in seconda serata si alterneranno brani di musica internazionale e di casa nostra in particolare con una puntata dedicata al juke box. Collage va in onda dal luned\u00ec al venerd\u00ec alle 16,00 e alle 23,00 naturalmente su Radio Pi\u00f9.<\/p>\n<div class=\"b654a4as d2edcug0\"><\/div>\n<\/div>\n<\/div>\n<\/div>\n<\/div>\n<\/div>\n<\/div>\n<\/div>\n<\/div>\n<\/div>\n<\/div>\n<\/div>\n<\/div>\n<\/div>\n<\/div>\n<\/div>\n<\/div>\n<\/div>\n<\/div>\n<\/div>\n<\/div>\n<\/div>\n<\/div>\n<\/div>\n<\/div>\n<\/div>\n<\/div>\n<\/div>\n<\/div>\n<\/div>\n<\/div>\n<\/div>\n<\/div>\n<\/div>\n<\/div>\n<\/div>\n<\/div>\n<\/div>\n<\/div>\n<\/div>\n<\/div>\n<\/div>\n<\/div>\n<\/div>\n<\/div>\n<\/div>\n<\/div>\n<\/div>\n<\/div>\n<\/div>\n<\/div>\n<\/div>\n<\/div>\n<\/div>\n<\/div>\n<\/div>\n<\/div>\n<\/div>\n<\/div>\n<\/div>\n<\/div>\n<\/div>\n<\/div>\n<\/div>\n<div>\n<div class=\"page-title-head hgroup\">\n<div class=\"page-title-head hgroup\">\n<div class=\"page-title-head hgroup\">\n<div class=\"page-title-head hgroup\">\n<div class=\"b654a4as d2edcug0\">\n<div class=\"page-title-head hgroup\">\n<div class=\"page-title-head hgroup\">\n<div class=\"page-title-head hgroup\">\n<div class=\"page-title-head hgroup\">\n<div class=\"b654a4as d2edcug0\">\n<div class=\"page-title-head hgroup\">\n<div class=\"page-title-head hgroup\">\n<div class=\"page-title-head hgroup\">\n<div class=\"page-title-head hgroup\">\n<div class=\"page-title-head hgroup\">\n<div class=\"page-title-head hgroup\">\n<div class=\"page-title-head hgroup\">\n<div class=\"page-title-head hgroup\">\n<div class=\"page-title-head hgroup\">\n<div class=\"b654a4as d2edcug0\">\n<div class=\"page-title-head hgroup\">\n<div class=\"page-title-head hgroup\">\n<div class=\"page-title-head hgroup\">\n<div class=\"page-title-head hgroup\">\n<div class=\"b654a4as d2edcug0\">\n<div class=\"page-title-head hgroup\">\n<div class=\"page-title-head hgroup\">\n<div class=\"page-title-head hgroup\">\n<div class=\"page-title-head hgroup\">\n<div class=\"page-title-head hgroup\">\n<div class=\"mkdf-post-text\">\n<div class=\"mkdf-post-text-inner\">\n<div class=\"mkdf-post-text-main\">\n<div class=\"mkdf-post-text\">\n<div class=\"mkdf-post-text-inner\">\n<div class=\"mkdf-post-text-main\">\n<div class=\"mkdf-post-text\">\n<div class=\"mkdf-post-text-inner\">\n<div class=\"mkdf-post-text-main\">\n<div class=\"page-title-head hgroup\">\n<div class=\"page-title-head hgroup\">\n<div class=\"mkdf-post-text\">\n<div class=\"mkdf-post-text-inner\">\n<div class=\"mkdf-post-text-main\">\n<div class=\"mkdf-post-text\">\n<div class=\"mkdf-post-text-inner\">\n<div class=\"mkdf-post-text-main\">\n<div class=\"page-title-head hgroup\">\n<div class=\"page-title-head hgroup\">\n<div class=\"page-title-head hgroup\">\n<div class=\"page-title-head hgroup\">\n<div class=\"b654a4as d2edcug0\">\n<div class=\"page-title-head hgroup\">\n<div class=\"page-title-head hgroup\">\n<div class=\"page-title-head hgroup\">\n<div class=\"page-title-head hgroup\">\n<div class=\"b654a4as d2edcug0\">\n<div class=\"page-title-head hgroup\">\n<div class=\"page-title-head hgroup\">\n<div class=\"page-title-head hgroup\">\n<div>\n<div class=\"page-title-head hgroup\">\n<div class=\"page-title-head hgroup\">\n<div class=\"b654a4as d2edcug0\">\n<div class=\"j83agx80 btwxx1t3 lhclo0ds hop8lmos nkwizq5d scwd0bx6 roh60bw9\">\n<div class=\"rq0escxv hkbzh7o3 jwdofwj8 n8tt0mok r8blr3vg hyh9befq\">\n<div class=\"do00u71z l9j0dhe7 k4urcfbm\">\n<div class=\"page-title-head hgroup\">\n<div class=\"page-title-head hgroup\">\n<div class=\"b654a4as d2edcug0\">\n<div class=\"j83agx80 btwxx1t3 lhclo0ds hop8lmos nkwizq5d scwd0bx6 roh60bw9\">\n<div class=\"rq0escxv hkbzh7o3 jwdofwj8 n8tt0mok r8blr3vg hyh9befq\">\n<div class=\"do00u71z l9j0dhe7 k4urcfbm\">\n<div class=\"ecm0bbzt e5nlhep0 a8c37x1j\">\n<div class=\"kvgmc6g5 cxmmr5t8 oygrvhab hcukyx3x c1et5uql\">\n<div class=\"gmail-kvgmc6g5 gmail-cxmmr5t8 gmail-oygrvhab gmail-hcukyx3x gmail-c1et5uql gmail-ii04i59q\">\n<div class=\"page-title-head hgroup\">\n<div class=\"page-title-head hgroup\">\n<div class=\"b654a4as d2edcug0\">\n<div class=\"j83agx80 btwxx1t3 lhclo0ds hop8lmos nkwizq5d scwd0bx6 roh60bw9\">\n<div class=\"rq0escxv hkbzh7o3 jwdofwj8 n8tt0mok r8blr3vg hyh9befq\">\n<div class=\"do00u71z l9j0dhe7 k4urcfbm\">\n<div class=\"page-title-head hgroup\">\n<div class=\"page-title-head hgroup\">\n<div class=\"b654a4as d2edcug0\">\n<div class=\"j83agx80 btwxx1t3 lhclo0ds hop8lmos nkwizq5d scwd0bx6 roh60bw9\">\n<div class=\"rq0escxv hkbzh7o3 jwdofwj8 n8tt0mok r8blr3vg hyh9befq\">\n<div class=\"do00u71z l9j0dhe7 k4urcfbm\">\n<div class=\"page-title-head hgroup\">\n<div class=\"page-title-head hgroup\">\n<div class=\"b654a4as d2edcug0\">\n<div class=\"j83agx80 btwxx1t3 lhclo0ds hop8lmos nkwizq5d scwd0bx6 roh60bw9\">\n<div class=\"rq0escxv hkbzh7o3 jwdofwj8 n8tt0mok r8blr3vg hyh9befq\">\n<div class=\"do00u71z l9j0dhe7 k4urcfbm\">\n<div class=\"ecm0bbzt e5nlhep0 a8c37x1j\">\n<div class=\"kvgmc6g5 cxmmr5t8 oygrvhab hcukyx3x c1et5uql\">\n<div class=\"gmail-kvgmc6g5 gmail-cxmmr5t8 gmail-oygrvhab gmail-hcukyx3x gmail-c1et5uql gmail-ii04i59q\">\n<div class=\"page-title-head hgroup\">\n<div class=\"page-title-head hgroup\">\n<div class=\"b654a4as d2edcug0\">\n<div class=\"j83agx80 btwxx1t3 lhclo0ds hop8lmos nkwizq5d scwd0bx6 roh60bw9\">\n<div class=\"rq0escxv hkbzh7o3 jwdofwj8 n8tt0mok r8blr3vg hyh9befq\">\n<div class=\"do00u71z l9j0dhe7 k4urcfbm\">\n<div class=\"page-title-head hgroup\">\n<div class=\"page-title-head hgroup\">\n<div class=\"page-title-head hgroup\">\n<div class=\"page-title-head hgroup\">\n<div class=\"b654a4as d2edcug0\">\n<div class=\"page-title-head hgroup\">\n<div class=\"page-title-head hgroup\">\n<div class=\"page-title-head hgroup\">\n<div class=\"page-title-head hgroup\">\n<div class=\"b654a4as d2edcug0\">\n<div class=\"page-title-head hgroup\">\n<div class=\"page-title-head hgroup\">\n<div class=\"page-title-head hgroup\">\n<div class=\"page-title-head hgroup\">\n<div class=\"page-title-head hgroup\">\n<div class=\"page-title-head hgroup\">\n<div class=\"page-title-head hgroup\">\n<div class=\"page-title-head hgroup\">\n<div class=\"page-title-head hgroup\">\n<div class=\"b654a4as d2edcug0\">\n<div class=\"page-title-head hgroup\">\n<div class=\"page-title-head hgroup\">\n<div class=\"page-title-head hgroup\">\n<div class=\"page-title-head hgroup\">\n<div class=\"b654a4as d2edcug0\">\n<div class=\"page-title-head hgroup\">\n<div class=\"page-title-head hgroup\">\n<div class=\"page-title-head hgroup\">\n<div class=\"page-title-head hgroup\">\n<div class=\"page-title-head hgroup\">\n<div class=\"mkdf-post-text\">\n<div class=\"mkdf-post-text-inner\">\n<div class=\"mkdf-post-text-main\">\n<div class=\"mkdf-post-text\">\n<div class=\"mkdf-post-text-inner\">\n<div class=\"mkdf-post-text-main\">\n<div class=\"mkdf-post-text\">\n<div class=\"mkdf-post-text-inner\">\n<div class=\"mkdf-post-text-main\">\n<div class=\"page-title-head hgroup\">\n<div class=\"page-title-head hgroup\">\n<div class=\"mkdf-post-text\">\n<div class=\"mkdf-post-text-inner\">\n<div class=\"mkdf-post-text-main\">\n<div class=\"mkdf-post-text\">\n<div class=\"mkdf-post-text-inner\">\n<div class=\"mkdf-post-text-main\">\n<div class=\"page-title-head hgroup\">\n<div class=\"page-title-head hgroup\">\n<div class=\"page-title-head hgroup\">\n<div class=\"page-title-head hgroup\">\n<div class=\"b654a4as d2edcug0\">\n<div class=\"page-title-head hgroup\">\n<div class=\"page-title-head hgroup\">\n<div class=\"page-title-head hgroup\">\n<div class=\"page-title-head hgroup\">\n<div class=\"b654a4as d2edcug0\">\n<div class=\"page-title-head hgroup\">\n<div class=\"page-title-head hgroup\">\n<div class=\"page-title-head hgroup\">\n<div class=\"page-title-head hgroup\">\n<div class=\"b654a4as d2edcug0\">\n<div class=\"ecm0bbzt e5nlhep0 a8c37x1j\">\n<div class=\"kvgmc6g5 cxmmr5t8 oygrvhab hcukyx3x c1et5uql\">\n<div class=\"gmail-kvgmc6g5 gmail-cxmmr5t8 gmail-oygrvhab gmail-hcukyx3x gmail-c1et5uql gmail-ii04i59q\">\n<div class=\"page-title-head hgroup\">\n<div class=\"page-title-head hgroup\">\n<div class=\"b654a4as d2edcug0\">\n<div class=\"j83agx80 btwxx1t3 lhclo0ds hop8lmos nkwizq5d scwd0bx6 roh60bw9\">\n<div class=\"rq0escxv hkbzh7o3 jwdofwj8 n8tt0mok r8blr3vg hyh9befq\">\n<div class=\"do00u71z l9j0dhe7 k4urcfbm\">\n<div class=\"page-title-head hgroup\">\n<div class=\"page-title-head hgroup\">\n<div class=\"page-title-head hgroup\">\n<div class=\"page-title-head hgroup\">\n<div class=\"b654a4as d2edcug0\">\n<div class=\"page-title-head hgroup\">\n<div class=\"page-title-head hgroup\">\n<div class=\"page-title-head hgroup\">\n<div class=\"page-title-head hgroup\">\n<div class=\"b654a4as d2edcug0\">\n<div class=\"page-title-head hgroup\">\n<div class=\"page-title-head hgroup\">\n<div class=\"page-title-head hgroup\">\n<div class=\"page-title-head hgroup\">\n<div class=\"page-title-head hgroup\">\n<div class=\"page-title-head hgroup\">\n<div class=\"page-title-head hgroup\">\n<div class=\"page-title-head hgroup\">\n<div class=\"page-title-head hgroup\">\n<div class=\"b654a4as d2edcug0\">\n<div class=\"page-title-head hgroup\">\n<div class=\"page-title-head hgroup\">\n<div class=\"page-title-head hgroup\">\n<div class=\"page-title-head hgroup\">\n<div class=\"b654a4as d2edcug0\">\n<div class=\"page-title-head hgroup\">\n<div class=\"page-title-head hgroup\">\n<div class=\"page-title-head hgroup\">\n<div class=\"page-title-head hgroup\">\n<div class=\"page-title-head hgroup\">\n<div class=\"mkdf-post-text\">\n<div class=\"mkdf-post-text-inner\">\n<div class=\"mkdf-post-text-main\">\n<div class=\"mkdf-post-text\">\n<div class=\"mkdf-post-text-inner\">\n<div class=\"mkdf-post-text-main\">\n<div class=\"mkdf-post-text\">\n<div class=\"mkdf-post-text-inner\">\n<div class=\"mkdf-post-text-main\">\n<div class=\"page-title-head hgroup\">\n<div class=\"page-title-head hgroup\">\n<div class=\"mkdf-post-text\">\n<div class=\"mkdf-post-text-inner\">\n<div class=\"mkdf-post-text-main\">\n<div class=\"mkdf-post-text\">\n<div class=\"mkdf-post-text-inner\">\n<div class=\"mkdf-post-text-main\">\n<div class=\"page-title-head hgroup\">\n<div class=\"page-title-head hgroup\">\n<div class=\"page-title-head hgroup\">\n<div class=\"page-title-head hgroup\">\n<div class=\"b654a4as d2edcug0\">\n<div class=\"page-title-head hgroup\">\n<div class=\"page-title-head hgroup\">\n<div class=\"page-title-head hgroup\">\n<div class=\"page-title-head hgroup\">\n<div class=\"b654a4as d2edcug0\">\n<div class=\"page-title-head hgroup\">\n<div class=\"page-title-head hgroup\">\n<div class=\"page-title-head hgroup\">\n<div class=\"page-title-head hgroup\">\n<div class=\"b654a4as d2edcug0\">\n<div class=\"mkdf-post-text\">\n<div class=\"mkdf-post-text-inner\">\n<div class=\"mkdf-post-text-main\">\n<div class=\"mkdf-post-text\">\n<div class=\"mkdf-post-text-inner\">\n<div class=\"mkdf-post-text-main\">\n<div class=\"mkdf-post-text\">\n<div class=\"mkdf-post-text-inner\">\n<div class=\"mkdf-post-text-main\">\n<div class=\"page-title-head hgroup\">\n<div class=\"page-title-head hgroup\">\n<div class=\"mkdf-post-text\">\n<div class=\"mkdf-post-text-inner\">\n<div class=\"mkdf-post-text-main\">\n<div class=\"mkdf-post-text\">\n<div class=\"mkdf-post-text-inner\">\n<div class=\"mkdf-post-text-main\">\n<div class=\"page-title-head hgroup\">\n<div class=\"page-title-head hgroup\">\n<div class=\"page-title-head hgroup\">\n<div class=\"page-title-head hgroup\">\n<div class=\"b654a4as d2edcug0\">\n<div class=\"page-title-head hgroup\">\n<div class=\"page-title-head hgroup\">\n<div class=\"page-title-head hgroup\">\n<div class=\"page-title-head hgroup\">\n<div class=\"b654a4as d2edcug0\">\n<div class=\"page-title-head hgroup\">\n<div class=\"page-title-head hgroup\">\n<div class=\"page-title-head hgroup\">\n<div class=\"page-title-head hgroup\">\n<div class=\"b654a4as d2edcug0\">\n<hr \/>\n<p>&nbsp;<\/p>\n<div>\n<div class=\"page-title-head hgroup\">\n<div class=\"page-title-head hgroup\">\n<div class=\"b654a4as d2edcug0\">\n<div class=\"j83agx80 btwxx1t3 lhclo0ds hop8lmos nkwizq5d scwd0bx6 roh60bw9\">\n<div class=\"rq0escxv hkbzh7o3 jwdofwj8 n8tt0mok r8blr3vg hyh9befq\">\n<div class=\"do00u71z l9j0dhe7 k4urcfbm\">\n<div class=\"page-title-head hgroup\">\n<div class=\"page-title-head hgroup\">\n<div class=\"b654a4as d2edcug0\">\n<div class=\"j83agx80 btwxx1t3 lhclo0ds hop8lmos nkwizq5d scwd0bx6 roh60bw9\">\n<div class=\"rq0escxv hkbzh7o3 jwdofwj8 n8tt0mok r8blr3vg hyh9befq\">\n<div class=\"do00u71z l9j0dhe7 k4urcfbm\">\n<div class=\"ecm0bbzt e5nlhep0 a8c37x1j\">\n<div class=\"kvgmc6g5 cxmmr5t8 oygrvhab hcukyx3x c1et5uql\">\n<div class=\"gmail-kvgmc6g5 gmail-cxmmr5t8 gmail-oygrvhab gmail-hcukyx3x gmail-c1et5uql gmail-ii04i59q\">\n<div class=\"page-title-head hgroup\">\n<div class=\"page-title-head hgroup\">\n<div class=\"b654a4as d2edcug0\">\n<div class=\"j83agx80 btwxx1t3 lhclo0ds hop8lmos nkwizq5d scwd0bx6 roh60bw9\">\n<div class=\"rq0escxv hkbzh7o3 jwdofwj8 n8tt0mok r8blr3vg hyh9befq\">\n<div class=\"do00u71z l9j0dhe7 k4urcfbm\">\n<div class=\"page-title-head hgroup\">\n<div class=\"page-title-head hgroup\">\n<div class=\"b654a4as d2edcug0\">\n<div class=\"j83agx80 btwxx1t3 lhclo0ds hop8lmos nkwizq5d scwd0bx6 roh60bw9\">\n<div class=\"rq0escxv hkbzh7o3 jwdofwj8 n8tt0mok r8blr3vg hyh9befq\">\n<div class=\"do00u71z l9j0dhe7 k4urcfbm\">\n<div class=\"page-title-head hgroup\">\n<div class=\"page-title-head hgroup\">\n<div class=\"b654a4as d2edcug0\">\n<div class=\"j83agx80 btwxx1t3 lhclo0ds hop8lmos nkwizq5d scwd0bx6 roh60bw9\">\n<div class=\"rq0escxv hkbzh7o3 jwdofwj8 n8tt0mok r8blr3vg hyh9befq\">\n<div class=\"do00u71z l9j0dhe7 k4urcfbm\">\n<div class=\"ecm0bbzt e5nlhep0 a8c37x1j\">\n<div class=\"kvgmc6g5 cxmmr5t8 oygrvhab hcukyx3x c1et5uql\">\n<div class=\"gmail-kvgmc6g5 gmail-cxmmr5t8 gmail-oygrvhab gmail-hcukyx3x gmail-c1et5uql gmail-ii04i59q\">\n<div class=\"page-title-head hgroup\">\n<div class=\"page-title-head hgroup\">\n<div class=\"b654a4as d2edcug0\">\n<div class=\"j83agx80 btwxx1t3 lhclo0ds hop8lmos nkwizq5d scwd0bx6 roh60bw9\">\n<div class=\"rq0escxv hkbzh7o3 jwdofwj8 n8tt0mok r8blr3vg hyh9befq\">\n<div class=\"do00u71z l9j0dhe7 k4urcfbm\">\n<div class=\"page-title-head hgroup\">\n<div class=\"page-title-head hgroup\">\n<div class=\"page-title-head hgroup\">\n<div class=\"page-title-head hgroup\">\n<div class=\"b654a4as d2edcug0\">\n<div class=\"page-title-head hgroup\">\n<div class=\"page-title-head hgroup\">\n<div class=\"page-title-head hgroup\">\n<div class=\"page-title-head hgroup\">\n<div class=\"b654a4as d2edcug0\">\n<div class=\"page-title-head hgroup\">\n<div class=\"page-title-head hgroup\">\n<div class=\"page-title-head hgroup\">\n<div class=\"page-title-head hgroup\">\n<div class=\"page-title-head hgroup\">\n<div class=\"page-title-head hgroup\">\n<div class=\"page-title-head hgroup\">\n<div class=\"page-title-head hgroup\">\n<div class=\"page-title-head hgroup\">\n<div class=\"b654a4as d2edcug0\">\n<div class=\"page-title-head hgroup\">\n<div class=\"page-title-head hgroup\">\n<div class=\"page-title-head hgroup\">\n<div class=\"page-title-head hgroup\">\n<div class=\"b654a4as d2edcug0\">\n<div class=\"page-title-head hgroup\">\n<div class=\"page-title-head hgroup\">\n<div class=\"page-title-head hgroup\">\n<div class=\"page-title-head hgroup\">\n<div class=\"page-title-head hgroup\">\n<div class=\"mkdf-post-text\">\n<div class=\"mkdf-post-text-inner\">\n<div class=\"mkdf-post-text-main\">\n<div class=\"mkdf-post-text\">\n<div class=\"mkdf-post-text-inner\">\n<div class=\"mkdf-post-text-main\">\n<div class=\"mkdf-post-text\">\n<div class=\"mkdf-post-text-inner\">\n<div class=\"mkdf-post-text-main\">\n<div class=\"page-title-head hgroup\">\n<div class=\"page-title-head hgroup\">\n<div class=\"mkdf-post-text\">\n<div class=\"mkdf-post-text-inner\">\n<div class=\"mkdf-post-text-main\">\n<div class=\"mkdf-post-text\">\n<div class=\"mkdf-post-text-inner\">\n<div class=\"mkdf-post-text-main\">\n<div class=\"page-title-head hgroup\">\n<div class=\"page-title-head hgroup\">\n<div class=\"page-title-head hgroup\">\n<div class=\"page-title-head hgroup\">\n<div class=\"b654a4as d2edcug0\">\n<div class=\"page-title-head hgroup\">\n<div class=\"page-title-head hgroup\">\n<div class=\"page-title-head hgroup\">\n<div class=\"page-title-head hgroup\">\n<div class=\"b654a4as d2edcug0\">\n<div class=\"page-title-head hgroup\">\n<div class=\"page-title-head hgroup\">\n<div class=\"page-title-head hgroup\">\n<div class=\"page-title-head hgroup\">\n<div class=\"b654a4as d2edcug0\">\n<div class=\"ecm0bbzt e5nlhep0 a8c37x1j\">\n<div class=\"kvgmc6g5 cxmmr5t8 oygrvhab hcukyx3x c1et5uql\">\n<div class=\"gmail-kvgmc6g5 gmail-cxmmr5t8 gmail-oygrvhab gmail-hcukyx3x gmail-c1et5uql gmail-ii04i59q\">\n<div class=\"page-title-head hgroup\">\n<div class=\"page-title-head hgroup\">\n<div class=\"b654a4as d2edcug0\">\n<div class=\"j83agx80 btwxx1t3 lhclo0ds hop8lmos nkwizq5d scwd0bx6 roh60bw9\">\n<div class=\"rq0escxv hkbzh7o3 jwdofwj8 n8tt0mok r8blr3vg hyh9befq\">\n<div class=\"do00u71z l9j0dhe7 k4urcfbm\">\n<div class=\"page-title-head hgroup\">\n<div class=\"page-title-head hgroup\">\n<div class=\"page-title-head hgroup\">\n<div class=\"page-title-head hgroup\">\n<div class=\"b654a4as d2edcug0\">\n<div class=\"page-title-head hgroup\">\n<div class=\"page-title-head hgroup\">\n<div class=\"page-title-head hgroup\">\n<div class=\"page-title-head hgroup\">\n<div class=\"b654a4as d2edcug0\">\n<div class=\"page-title-head hgroup\">\n<div class=\"page-title-head hgroup\">\n<div class=\"page-title-head hgroup\">\n<div class=\"page-title-head hgroup\">\n<div class=\"page-title-head hgroup\">\n<div class=\"page-title-head hgroup\">\n<div class=\"page-title-head hgroup\">\n<div class=\"page-title-head hgroup\">\n<div class=\"page-title-head hgroup\">\n<div class=\"b654a4as d2edcug0\">\n<div class=\"page-title-head hgroup\">\n<div class=\"page-title-head hgroup\">\n<div class=\"page-title-head hgroup\">\n<div class=\"page-title-head hgroup\">\n<div class=\"b654a4as d2edcug0\">\n<div class=\"page-title-head hgroup\">\n<div class=\"page-title-head hgroup\">\n<div class=\"page-title-head hgroup\">\n<div class=\"page-title-head hgroup\">\n<div class=\"page-title-head hgroup\">\n<div class=\"mkdf-post-text\">\n<div class=\"mkdf-post-text-inner\">\n<div class=\"mkdf-post-text-main\">\n<div class=\"mkdf-post-text\">\n<div class=\"mkdf-post-text-inner\">\n<div class=\"mkdf-post-text-main\">\n<div class=\"mkdf-post-text\">\n<div class=\"mkdf-post-text-inner\">\n<div class=\"mkdf-post-text-main\">\n<div class=\"page-title-head hgroup\">\n<div class=\"page-title-head hgroup\">\n<div class=\"mkdf-post-text\">\n<div class=\"mkdf-post-text-inner\">\n<div class=\"mkdf-post-text-main\">\n<div class=\"mkdf-post-text\">\n<div class=\"mkdf-post-text-inner\">\n<div class=\"mkdf-post-text-main\">\n<div class=\"page-title-head hgroup\">\n<div class=\"page-title-head hgroup\">\n<div class=\"page-title-head hgroup\">\n<div class=\"page-title-head hgroup\">\n<div class=\"b654a4as d2edcug0\">\n<div class=\"page-title-head hgroup\">\n<div class=\"page-title-head hgroup\">\n<div class=\"page-title-head hgroup\">\n<div class=\"page-title-head hgroup\">\n<div class=\"b654a4as d2edcug0\">\n<div class=\"page-title-head hgroup\">\n<div class=\"page-title-head hgroup\">\n<div class=\"page-title-head hgroup\">\n<div class=\"page-title-head hgroup\">\n<div class=\"b654a4as d2edcug0\">\n<div>\n<h2><span style=\"color: #99cc00;\"><strong>DUE MINUTI UN LIBRO, TUTTI I GIORNI ALLA RADIO ALLE 9.40 E ALLE 17.50\u00a0 <\/strong><\/span><\/h2>\n<p><strong>LA RACCOLTA COMPLETA\u00a0 \u00a0<\/strong><\/p>\n<div>\n<blockquote class=\"wp-embedded-content\" data-secret=\"5TPe2qO4v9\"><p><a href=\"https:\/\/www.radiopiu.net\/wordpress\/due-minuti-un-libro\/\">Due minuti un libro<\/a><\/p><\/blockquote>\n<p><iframe loading=\"lazy\" class=\"wp-embedded-content\" sandbox=\"allow-scripts\" security=\"restricted\" style=\"position: absolute; clip: rect(1px, 1px, 1px, 1px);\" title=\"&#8220;Due minuti un libro&#8221; &#8212; Radio Pi\u00f9\" src=\"https:\/\/www.radiopiu.net\/wordpress\/due-minuti-un-libro\/embed\/#?secret=IwRiNycT8G#?secret=5TPe2qO4v9\" data-secret=\"5TPe2qO4v9\" width=\"600\" height=\"338\" frameborder=\"0\" marginwidth=\"0\" marginheight=\"0\" scrolling=\"no\"><\/iframe><\/p>\n<\/div>\n<\/div>\n<div class=\"mkdf-post-text\">\n<div class=\"mkdf-post-text-inner\">\n<div class=\"mkdf-post-text-main\">\n<div class=\"mkdf-post-text\">\n<div class=\"mkdf-post-text-inner\">\n<div class=\"mkdf-post-text-main\">\n<div class=\"mkdf-post-text\">\n<div class=\"mkdf-post-text-inner\">\n<div class=\"mkdf-post-text-main\">\n<div class=\"page-title-head hgroup\">\n<div class=\"page-title-head hgroup\">\n<div class=\"mkdf-post-text\">\n<div class=\"mkdf-post-text-inner\">\n<div class=\"mkdf-post-text-main\">\n<div class=\"mkdf-post-text\">\n<div class=\"mkdf-post-text-inner\">\n<div class=\"mkdf-post-text-main\">\n<div class=\"page-title-head hgroup\">\n<div class=\"page-title-head hgroup\">\n<div class=\"page-title-head hgroup\">\n<div class=\"page-title-head hgroup\">\n<div class=\"b654a4as d2edcug0\">\n<div><\/div>\n<p>&nbsp;<\/p>\n<hr \/>\n<p>&nbsp;<\/p>\n<h2><span style=\"color: #33cccc;\">LA RASSEGNA STAMPA DA L&#8217;AMICO DEL POPOLO<\/span><\/h2>\n<p><strong>di Gianni Santomaso<\/strong><img loading=\"lazy\" decoding=\"async\" class=\"size-thumbnail wp-image-158273 alignleft\" src=\"https:\/\/www.radiopiu.net\/wordpress\/wp-content\/uploads\/2020\/08\/montagna-2020-150x150.jpg\" alt=\"\" width=\"150\" height=\"150\" srcset=\"https:\/\/www.radiopiu.net\/wordpress\/wp-content\/uploads\/2020\/08\/montagna-2020-150x150.jpg 150w, https:\/\/www.radiopiu.net\/wordpress\/wp-content\/uploads\/2020\/08\/montagna-2020-125x125.jpg 125w, https:\/\/www.radiopiu.net\/wordpress\/wp-content\/uploads\/2020\/08\/montagna-2020-200x200.jpg 200w, https:\/\/www.radiopiu.net\/wordpress\/wp-content\/uploads\/2020\/08\/montagna-2020-80x80.jpg 80w\" sizes=\"auto, (max-width: 150px) 100vw, 150px\" \/><\/p>\n<p>OSPITE: Denis Dal Soler<\/p>\n<audio class=\"wp-audio-shortcode\" id=\"audio-289122-12\" preload=\"none\" style=\"width: 100%;\" controls=\"controls\"><source type=\"audio\/mpeg\" src=\"https:\/\/www.radiopiu.net\/wordpress\/wp-content\/uploads\/2022\/07\/RASSEGNA-GIANNI-PER-SITO.mp3?_=12\" \/><a href=\"https:\/\/www.radiopiu.net\/wordpress\/wp-content\/uploads\/2022\/07\/RASSEGNA-GIANNI-PER-SITO.mp3\">https:\/\/www.radiopiu.net\/wordpress\/wp-content\/uploads\/2022\/07\/RASSEGNA-GIANNI-PER-SITO.mp3<\/a><\/audio>\n<p>&nbsp;<\/p>\n<p><strong>LA RACCOLTA COMPLETA\u00a0<\/strong><\/p>\n<p>&nbsp;<\/p>\n<blockquote class=\"wp-embedded-content\" data-secret=\"Ql5UKAGFB0\"><p><a href=\"https:\/\/www.radiopiu.net\/wordpress\/rassegna-stampa-di-gianni-santomaso\/\">Rassegna stampa da l&#8217;amico del popolo &#8211; di Gianni Santomaso<\/a><\/p><\/blockquote>\n<p><iframe loading=\"lazy\" class=\"wp-embedded-content\" sandbox=\"allow-scripts\" security=\"restricted\" style=\"position: absolute; clip: rect(1px, 1px, 1px, 1px);\" title=\"&#8220;Rassegna stampa da l&#8217;amico del popolo &#8211; di Gianni Santomaso&#8221; &#8212; Radio Pi\u00f9\" src=\"https:\/\/www.radiopiu.net\/wordpress\/rassegna-stampa-di-gianni-santomaso\/embed\/#?secret=MY7mqatvVW#?secret=Ql5UKAGFB0\" data-secret=\"Ql5UKAGFB0\" width=\"600\" height=\"338\" frameborder=\"0\" marginwidth=\"0\" marginheight=\"0\" scrolling=\"no\"><\/iframe><\/p>\n<p>&nbsp;<\/p>\n<hr \/>\n<p>&nbsp;<\/p>\n<blockquote>\n<h2 class=\"page-title-head hgroup\">\u00a0I RACCONTI DI PAOLO SOPPELSA<\/h2>\n<\/blockquote>\n<p><strong>SERE DI LUGLIO<\/strong><\/p>\n<p><strong>AUDIO<\/strong><\/p>\n<audio class=\"wp-audio-shortcode\" id=\"audio-289122-13\" preload=\"none\" style=\"width: 100%;\" controls=\"controls\"><source type=\"audio\/mpeg\" src=\"https:\/\/www.radiopiu.net\/wordpress\/wp-content\/uploads\/2022\/07\/PAOLO-SOPPELSA-SERE-DI-LUGLIO.mp3?_=13\" \/><a href=\"https:\/\/www.radiopiu.net\/wordpress\/wp-content\/uploads\/2022\/07\/PAOLO-SOPPELSA-SERE-DI-LUGLIO.mp3\">https:\/\/www.radiopiu.net\/wordpress\/wp-content\/uploads\/2022\/07\/PAOLO-SOPPELSA-SERE-DI-LUGLIO.mp3<\/a><\/audio>\n<p>&nbsp;<\/p>\n<p><img loading=\"lazy\" decoding=\"async\" class=\"size-thumbnail wp-image-288994 alignleft\" src=\"https:\/\/www.radiopiu.net\/wordpress\/wp-content\/uploads\/2022\/07\/5e57aaf2-f021-46b9-9b20-953baf469f5c-150x150.jpg\" alt=\"\" width=\"150\" height=\"150\" \/>Chiss\u00e0 quante stagioni avranno visto passare i larici che si innalzano orgogliosi dal piano sotto la strada dei Mos&#8217;ce; infinite forse. Quante volte si sono spogliati e rivestiti, mostrando fra ottobre e novembre le lucenti tinte d&#8217;oro, per poi addormentarsi nel freddo della stagione dei silenzi e risvegliarsi alla met\u00e0 di aprile. Quanta storia, quante vite hanno visto nascere vivere e morire. \u00c8 cambiato il mondo, e loro, insieme alle montagne, sono ancora l\u00ec a vegliare la Val Cordevole. Quella domenica sera d&#8217;estate, poco prima di fare rotta verso la piccola citt\u00e0, sono passato a salutarli. C&#8217;era silenzio e il Pelsa attendeva la notte che tardava ad arrivare. E i larici ondeggiavano lentamente e nel frattempo raccontavano di quel bambino senza pretese e forse un po&#8217; troppo serio per la sua et\u00e0, che in quei giorni di pieno luglio trascorreva il suo tempo di fronte alla grande montagna. Ascoltavo il loro narrare mentre pigre scendevano le prime ombre della sera; e ricordavo quei giorni, quelle albe e quelle notti tranquille. Parlavano dolcemente i larici, ricordando quel bambino che avrebbe voluto crescere in fretta, che sognava di guidare a manetta lungo la Strada Madre e che amava osservare l&#8217;autunno diventare inverno. C&#8217;era caldo quella sera, ma non era il troppo caldo di met\u00e0 estate in citt\u00e0. Era lo stesso tepore di allora, proprio come in quelle serate che profumavano di susini quasi maturi. Prima di partire mi sono seduto in cima alla scalinata, sulla cordonata della provinciale dove alla sera ci si incontrava. Mentre il giorno iniziava a sfumare le donne bagnavano gli orti e poi, a lavoro terminato, si ritrovavano per le chiacchiere serali. E cos\u00ec potevo ascoltare storie vecchie, riguardanti persone e luoghi che non conoscevo, e qualche pettegolezzo nuovo. Quelle raccontate sottovoce forse erano anche importanti. Si stava l\u00ec per oltre un&#8217;ora a volte, mentre la luce del giorno calava e l&#8217;oscurit\u00e0 si prendeva i boschi del Pelsa. Vedevo i grembiuli a fiori delle anziane con la pelle abbronzata dal sole di montagna. Sentivo le loro voci stanche da una giornata di mestieri in casa e lavori sui prati e nei campi, mentre nel cielo, lentamente andavano accendendosi le stelle. Quella sera di luglio di tanti anni dopo ero da solo ad attendere la notte, ma in fondo non ero solo; nella quiete di quel pugno di case aggrappate alla montagna c&#8217;erano i ricordi a farmi compagnia. Visi e voci, il tiepido vento d&#8217;estate che muoveva i larici e un alone di luce chiara sopra il Pelsa. Ho atteso la luna, ho ammirato le luci di Alleghe all&#8217;orizzonte e poi, poco prima di partire, sono state le montagne a prendere la parola; &#8220;&#8230;Paolo, c&#8217;\u00e8 tanto di noi dentro di te; i tuoi silenzi sono i nostri silenzi, le tue memorie sono le nostre memorie. La tua anima \u00e8 la nostra anima\u2026&#8221;<br \/>\n&#8230;Magiche Dolomiti!!<\/p>\n<p><strong>LA RACCOLTA COMPLETA<\/strong><\/p>\n<blockquote class=\"wp-embedded-content\" data-secret=\"4JormNqP31\"><p><a href=\"https:\/\/www.radiopiu.net\/wordpress\/i-racconti-di-paolo-soppelsa\/\">I racconti di Paolo Soppelsa<\/a><\/p><\/blockquote>\n<p><iframe loading=\"lazy\" class=\"wp-embedded-content\" sandbox=\"allow-scripts\" security=\"restricted\" style=\"position: absolute; clip: rect(1px, 1px, 1px, 1px);\" title=\"&#8220;I racconti di Paolo Soppelsa&#8221; &#8212; Radio Pi\u00f9\" src=\"https:\/\/www.radiopiu.net\/wordpress\/i-racconti-di-paolo-soppelsa\/embed\/#?secret=kfxW697ubo#?secret=4JormNqP31\" data-secret=\"4JormNqP31\" width=\"600\" height=\"338\" frameborder=\"0\" marginwidth=\"0\" marginheight=\"0\" scrolling=\"no\"><\/iframe><\/p>\n<p>&nbsp;<\/p>\n<hr \/>\n<p>&nbsp;<\/p>\n<\/div>\n<\/div>\n<\/div>\n<\/div>\n<\/div>\n<\/div>\n<\/div>\n<\/div>\n<\/div>\n<\/div>\n<\/div>\n<\/div>\n<\/div>\n<\/div>\n<\/div>\n<\/div>\n<\/div>\n<\/div>\n<\/div>\n<\/div>\n<\/div>\n<\/div>\n<\/div>\n<\/div>\n<\/div>\n<\/div>\n<\/div>\n<\/div>\n<\/div>\n<\/div>\n<\/div>\n<\/div>\n<\/div>\n<\/div>\n<\/div>\n<\/div>\n<\/div>\n<\/div>\n<\/div>\n<\/div>\n<\/div>\n<\/div>\n<\/div>\n<\/div>\n<\/div>\n<\/div>\n<\/div>\n<\/div>\n<\/div>\n<\/div>\n<\/div>\n<\/div>\n<\/div>\n<\/div>\n<\/div>\n<\/div>\n<\/div>\n<\/div>\n<\/div>\n<\/div>\n<\/div>\n<\/div>\n<\/div>\n<\/div>\n<\/div>\n<\/div>\n<\/div>\n<\/div>\n<\/div>\n<\/div>\n<\/div>\n<\/div>\n<\/div>\n<\/div>\n<\/div>\n<\/div>\n<\/div>\n<\/div>\n<\/div>\n<\/div>\n<\/div>\n<\/div>\n<\/div>\n<\/div>\n<\/div>\n<\/div>\n<\/div>\n<\/div>\n<\/div>\n<\/div>\n<\/div>\n<\/div>\n<\/div>\n<\/div>\n<\/div>\n<\/div>\n<\/div>\n<\/div>\n<\/div>\n<\/div>\n<\/div>\n<\/div>\n<\/div>\n<\/div>\n<\/div>\n<\/div>\n<\/div>\n<\/div>\n<\/div>\n<\/div>\n<\/div>\n<\/div>\n<\/div>\n<\/div>\n<\/div>\n<\/div>\n<\/div>\n<\/div>\n<\/div>\n<\/div>\n<\/div>\n<\/div>\n<\/div>\n<\/div>\n<\/div>\n<\/div>\n<\/div>\n<\/div>\n<\/div>\n<\/div>\n<\/div>\n<\/div>\n<\/div>\n<\/div>\n<\/div>\n<\/div>\n<\/div>\n<\/div>\n<\/div>\n<\/div>\n<\/div>\n<\/div>\n<\/div>\n<\/div>\n<\/div>\n<\/div>\n<\/div>\n<\/div>\n<\/div>\n<\/div>\n<\/div>\n<\/div>\n<\/div>\n<\/div>\n<\/div>\n<\/div>\n<\/div>\n<\/div>\n<\/div>\n<\/div>\n<\/div>\n<\/div>\n<\/div>\n<\/div>\n<\/div>\n<\/div>\n<\/div>\n<\/div>\n<\/div>\n<\/div>\n<\/div>\n<\/div>\n<\/div>\n<\/div>\n<\/div>\n<\/div>\n<\/div>\n<\/div>\n<\/div>\n<\/div>\n<\/div>\n<\/div>\n<\/div>\n<\/div>\n<\/div>\n<\/div>\n<\/div>\n<\/div>\n<\/div>\n<\/div>\n<\/div>\n<\/div>\n<\/div>\n<\/div>\n<\/div>\n<\/div>\n<\/div>\n<\/div>\n<\/div>\n<\/div>\n<\/div>\n<\/div>\n<\/div>\n<\/div>\n<\/div>\n<\/div>\n<\/div>\n<\/div>\n<\/div>\n<\/div>\n<\/div>\n<\/div>\n<\/div>\n<\/div>\n<\/div>\n<\/div>\n<\/div>\n<\/div>\n<\/div>\n<\/div>\n<\/div>\n<\/div>\n<\/div>\n<\/div>\n<\/div>\n<\/div>\n<\/div>\n<\/div>\n<\/div>\n<\/div>\n<\/div>\n<div class=\"b654a4as d2edcug0\">\n<div class=\"ecm0bbzt e5nlhep0 a8c37x1j\">\n<div class=\"kvgmc6g5 cxmmr5t8 oygrvhab hcukyx3x c1et5uql\">\n<div class=\"gmail-kvgmc6g5 gmail-cxmmr5t8 gmail-oygrvhab gmail-hcukyx3x gmail-c1et5uql gmail-ii04i59q\">\n<div>\n<div class=\"page-title-head hgroup\">\n<div class=\"page-title-head hgroup\">\n<div class=\"b654a4as d2edcug0\">\n<div class=\"j83agx80 btwxx1t3 lhclo0ds hop8lmos nkwizq5d scwd0bx6 roh60bw9\">\n<div class=\"rq0escxv hkbzh7o3 jwdofwj8 n8tt0mok r8blr3vg hyh9befq\">\n<div class=\"do00u71z l9j0dhe7 k4urcfbm\">\n<div>\n<div class=\"page-title-head hgroup\">\n<div class=\"page-title-head hgroup\">\n<div class=\"page-title-head hgroup\">\n<div class=\"page-title-head hgroup\">\n<div class=\"b654a4as d2edcug0\">\n<div class=\"page-title-head hgroup\">\n<div class=\"page-title-head hgroup\">\n<div class=\"page-title-head hgroup\">\n<div class=\"page-title-head hgroup\">\n<div class=\"b654a4as d2edcug0\">\n<div class=\"page-title-head hgroup\">\n<div class=\"page-title-head hgroup\">\n<div class=\"page-title-head hgroup\">\n<div class=\"page-title-head hgroup\">\n<div class=\"page-title-head hgroup\">\n<div class=\"mkdf-post-text\">\n<div class=\"mkdf-post-text-inner\">\n<div class=\"mkdf-post-text-main\">\n<div class=\"mkdf-post-text\">\n<div class=\"mkdf-post-text-inner\">\n<div class=\"mkdf-post-text-main\">\n<div class=\"mkdf-post-text\">\n<div class=\"mkdf-post-text-inner\">\n<div class=\"mkdf-post-text-main\">\n<div class=\"page-title-head hgroup\">\n<div class=\"page-title-head hgroup\">\n<div class=\"mkdf-post-text\">\n<div class=\"mkdf-post-text-inner\">\n<div class=\"mkdf-post-text-main\">\n<div class=\"mkdf-post-text\">\n<div class=\"mkdf-post-text-inner\">\n<div class=\"mkdf-post-text-main\">\n<div>\n<div class=\"page-title-head hgroup\">\n<div class=\"page-title-head hgroup\">\n<div>\n<div class=\"page-title-head hgroup\">\n<div class=\"page-title-head hgroup\">\n<div class=\"b654a4as d2edcug0\">\n<div>\n<div class=\"page-title-head hgroup\" style=\"text-align: left;\">\n<div class=\"page-title-head hgroup\">\n<div dir=\"auto\">\n<p><a class=\"dt-pswp-item pspw-wrap-ready\" href=\"https:\/\/i0.wp.com\/www.radiopiu.net\/wordpress\/wp-content\/uploads\/2018\/09\/WhatsApp-Image-2018-09-20-at-16.04.06.jpeg?ssl=1\" data-dt-img-description=\"\" data-large_image_width=\"800\" data-large_image_height=\"100\"><img loading=\"lazy\" decoding=\"async\" class=\"aligncenter wp-image-61378 size-full jetpack-lazy-image jetpack-lazy-image--handled\" src=\"https:\/\/i0.wp.com\/www.radiopiu.net\/wordpress\/wp-content\/uploads\/2018\/09\/WhatsApp-Image-2018-09-20-at-16.04.06.jpeg?resize=800%2C100&amp;ssl=1\" sizes=\"auto, (max-width: 800px) 100vw, 800px\" srcset=\"https:\/\/i0.wp.com\/www.radiopiu.net\/wordpress\/wp-content\/uploads\/2018\/09\/WhatsApp-Image-2018-09-20-at-16.04.06.jpeg?w=800&amp;ssl=1 800w, https:\/\/i0.wp.com\/www.radiopiu.net\/wordpress\/wp-content\/uploads\/2018\/09\/WhatsApp-Image-2018-09-20-at-16.04.06.jpeg?resize=300%2C38&amp;ssl=1 300w, https:\/\/i0.wp.com\/www.radiopiu.net\/wordpress\/wp-content\/uploads\/2018\/09\/WhatsApp-Image-2018-09-20-at-16.04.06.jpeg?resize=768%2C96&amp;ssl=1 768w\" alt=\"\" width=\"800\" height=\"100\" data-lazy-loaded=\"1\" \/><\/a><\/p>\n<\/div>\n<\/div>\n<\/div>\n<\/div>\n<\/div>\n<\/div>\n<\/div>\n<\/div>\n<\/div>\n<\/div>\n<\/div>\n<\/div>\n<\/div>\n<\/div>\n<\/div>\n<\/div>\n<\/div>\n<\/div>\n<\/div>\n<\/div>\n<\/div>\n<\/div>\n<\/div>\n<\/div>\n<\/div>\n<\/div>\n<\/div>\n<\/div>\n<\/div>\n<\/div>\n<\/div>\n<\/div>\n<\/div>\n<\/div>\n<\/div>\n<\/div>\n<\/div>\n<\/div>\n<\/div>\n<\/div>\n<\/div>\n<\/div>\n<\/div>\n<\/div>\n<\/div>\n<\/div>\n<\/div>\n<\/div>\n<\/div>\n<\/div>\n<\/div>\n<\/div>\n<\/div>\n<\/div>\n<\/div>\n<\/div>\n<\/div>\n<\/div>\n<\/div>\n<\/div>\n<\/div>\n<\/div>\n<\/div>\n<\/div>\n<\/div>\n<\/div>\n<\/div>\n<\/div>\n<\/div>\n<\/div>\n<\/div>\n<\/div>\n<\/div>\n<\/div>\n<\/div>\n<\/div>\n<\/div>\n<\/div>\n<\/div>\n<\/div>\n<\/div>\n<\/div>\n<\/div>\n<\/div>\n<\/div>\n<\/div>\n<\/div>\n<\/div>\n<\/div>\n<\/div>\n<\/div>\n<\/div>\n<\/div>\n<\/div>\n<\/div>\n<\/div>\n<\/div>\n<\/div>\n<\/div>\n<\/div>\n<\/div>\n<\/div>\n<\/div>\n<\/div>\n<\/div>\n<\/div>\n<\/div>\n<\/div>\n<\/div>\n<\/div>\n<\/div>\n<\/div>\n<\/div>\n<\/div>\n<\/div>\n<\/div>\n<\/div>\n<\/div>\n<\/div>\n<\/div>\n<\/div>\n<\/div>\n<\/div>\n<\/div>\n<\/div>\n<\/div>\n<\/div>\n<\/div>\n<\/div>\n<\/div>\n<\/div>\n<\/div>\n<\/div>\n<\/div>\n<\/div>\n<\/div>\n<\/div>\n<\/div>\n<\/div>\n<\/div>\n<\/div>\n<\/div>\n<\/div>\n<\/div>\n<\/div>\n<\/div>\n<\/div>\n<\/div>\n<\/div>\n<\/div>\n<\/div>\n<\/div>\n<\/div>\n<\/div>\n<\/div>\n<\/div>\n<\/div>\n<\/div>\n<\/div>\n<\/div>\n<\/div>\n<\/div>\n<\/div>\n<\/div>\n<\/div>\n<\/div>\n<\/div>\n<\/div>\n<\/div>\n<\/div>\n<\/div>\n<\/div>\n<\/div>\n<\/div>\n<\/div>\n<\/div>\n<\/div>\n<\/div>\n<\/div>\n<\/div>\n<\/div>\n<\/div>\n<\/div>\n<\/div>\n<\/div>\n<\/div>\n<\/div>\n<\/div>\n<\/div>\n<\/div>\n<\/div>\n<\/div>\n<\/div>\n<\/div>\n<\/div>\n<\/div>\n<\/div>\n<\/div>\n<\/div>\n<\/div>\n<\/div>\n<\/div>\n<\/div>\n<\/div>\n<\/div>\n<\/div>\n<\/div>\n<\/div>\n<\/div>\n<\/div>\n<\/div>\n<\/div>\n<\/div>\n<\/div>\n<\/div>\n<\/div>\n<\/div>\n<\/div>\n<\/div>\n<\/div>\n<\/div>\n<\/div>\n<\/div>\n<\/div>\n<\/div>\n<\/div>\n<\/div>\n<\/div>\n<\/div>\n<\/div>\n<div style=\"text-align: left;\">\n<p>&nbsp;<\/p>\n<p><center><b>Martedi 26<\/b><\/center><b>Tempo atteso: <\/b>Tempo variabile\/instabile, con nuvolosit\u00e0 cumuliforme a tratti intensa, associata a fenomeni possibili a tratti durante tutta la giornata. L&#8217;instabilit\u00e0, dopo un primo passaggio tra notte e mattino potr\u00e0 riprendere al pomeriggio per esaurirsi in serata, quando compariranno schiarite pi\u00f9 ampie. Contesto termico diurno decisamente meno caldo per l&#8217;ingresso di aria meno calda in quota e per la copertura nuvolosa associata alle precipitazioni (lo zero termico si mantiene comunque attorno a 4000 metri)<br \/>\n<b>Precipitazioni: <\/b>A tratti diffuse tra la notte e il primo mattino (60\/80%), in esaurimento a partire da ovest; al pomeriggio ripresa di una certa instabilit\u00e0, con nuovi rovesci o temporali sparsi (60\/80%), in esaurimento entro sera sulle Dolomiti, possibili ancora in serata sulle Prealpi. Possibili fenomeni di forte intensit\u00e0. Tra luned\u00ec pomeriggio e marted\u00ec gli accumuli, seppur irregolari, potranno risultare localmente abbondanti e superiori a 50-70 mm.<br \/>\n<b>Temperature: <\/b>In generale calo, con minime alla sera in quota e durante la fase instabile mattutina nelle valli. Su Prealpi a 1500 m: min 16 max 19, a 2000 m: min 14 max 17 Dolomiti &#8211; a 2000 m: min 13 max 16, a 3000 m: min 6 max 8<br \/>\n<b>Venti: <\/b>Nelle valli deboli a regime di brezza, con possibili raffiche in caso di temporali; in quota deboli\/moderati occidentali con qualche rinforzo specie al mattino, a 5-10 km\/h a 2000 m e 5-25 km\/h a 3000 m.<\/p>\n<hr \/>\n<p><center><b>Mercoledi 27<\/b><\/center><b>Tempo atteso: <\/b>Parziale copertura nuvolosa, sia per nubi medie che per qualche cumulo specie su Prealpi al mattino, qualche schiarita pi\u00f9 probabile su Dolomiti. nel pomeriggio tendenza ad aumento della nuvolosit\u00e0 cumuliforme associata a qualche rovescio o temporale, un po&#8217; pi\u00f9 probabile sulle Dolomiti.<br \/>\n<b>Precipitazioni: <\/b>Al mattino generalmente assenti o poco probabili (0-10%), dalle ore centrali e nel pomeriggio possibili rovesci e temporali sparsi (40-60 %)<br \/>\n<b>Temperature: <\/b>Minime in calo, massime in lieve ripresa per il maggior soleggiamento rispetto a marted\u00ec. Su Prealpi a 1500 m: min 16 max 17, a 2000 m: min 12 max 13 Dolomiti &#8211; a 2000 m: min 12 max 13, a 3000 m: min 5 max 6<br \/>\n<b>Venti: <\/b>Brezze nelle valli, in quota deboli\/moderati occidentali, a 5-10 km\/h a 2000 m e 5-15 km\/h a 3000 m.<\/p>\n<hr \/>\n<p><center><b>Giovedi 28<\/b><\/center>Tempo inizialmente piuttosto soleggiato, ma con tendenza ad aumento della nuvolosit\u00e0 perlopi\u00f9 cumuliforme a partire dalle ore centrali; la nuvolosit\u00e0 sar\u00e0 pi\u00f9 consistente sulle Dolomiti, dove sar\u00e0 anche maggiore la probabilit\u00e0 di qualche rovescio o temporale al pomeriggio\/sera. Temperature stazionarie; venti in quota perlopi\u00f9 deboli sud-occidentali.<\/p>\n<hr \/>\n<p><center><b>Venerdi 29<\/b><\/center>Variabile a tratti instabile per il passaggio di rovesci e temporali durante le ore centrali della giornata. Schiarite in serata. Temperature pressoch\u00e8 stazionarie in quota. Venti in quota moderati da sudovest Previsore: DDL<\/p>\n<p>&nbsp;<\/p>\n<\/div>\n<hr \/>\n<p>&nbsp;<\/p>\n<p>&nbsp;<\/p>\n<p><a href=\"https:\/\/www.radiopiu.net\/wordpress\/giornale-radiopiu-26-settembre-2018-direttore-mirko-mezzacasa\/viabilita-2\/\" rel=\"attachment wp-att-61954\"><img loading=\"lazy\" decoding=\"async\" class=\"aligncenter wp-image-61954 size-full\" src=\"https:\/\/www.radiopiu.net\/wordpress\/wp-content\/uploads\/2018\/09\/viabilita.jpeg\" sizes=\"auto, (max-width: 800px) 100vw, 800px\" srcset=\"https:\/\/www.radiopiu.net\/wordpress\/wp-content\/uploads\/2018\/09\/viabilita.jpeg 800w, https:\/\/www.radiopiu.net\/wordpress\/wp-content\/uploads\/2018\/09\/viabilita-300x38.jpeg 300w, https:\/\/www.radiopiu.net\/wordpress\/wp-content\/uploads\/2018\/09\/viabilita-768x96.jpeg 768w\" alt=\"\" width=\"800\" height=\"100\" \/><\/a><\/p>\n<blockquote>\n<h3><\/h3>\n<h3>GALLERIA DI SEGUSINO CHIUSA PER 4 MESI<\/h3>\n<\/blockquote>\n<p><strong><a class=\"dt-pswp-item\" href=\"https:\/\/www.radiopiu.net\/wordpress\/wp-content\/uploads\/2020\/05\/VENETO-STRADE.png\" data-dt-img-description=\"\" data-large_image_width=\"400\" data-large_image_height=\"400\"><img loading=\"lazy\" decoding=\"async\" class=\" wp-image-135574 alignleft\" src=\"https:\/\/www.radiopiu.net\/wordpress\/wp-content\/uploads\/2020\/05\/VENETO-STRADE-150x150.png\" alt=\"\" width=\"102\" height=\"102\" srcset=\"https:\/\/www.radiopiu.net\/wordpress\/wp-content\/uploads\/2020\/05\/VENETO-STRADE-150x150.png 150w, https:\/\/www.radiopiu.net\/wordpress\/wp-content\/uploads\/2020\/05\/VENETO-STRADE-300x300.png 300w, https:\/\/www.radiopiu.net\/wordpress\/wp-content\/uploads\/2020\/05\/VENETO-STRADE.png 400w\" sizes=\"auto, (max-width: 102px) 100vw, 102px\" \/><\/a><\/strong><\/p>\n<p><strong>SEDICO<\/strong> Veneto Strade comunica che sulla SP 1 Bis &#8220;Madonna del Piave&#8221;, dal 12 luglio e fino al 4 novembre, compresi sabati domeniche e festivi infrasettimanali, un&#8217;interdizione totale al transito per l&#8217;intera tratta della galleria di Segusino in seguito a dei lavori per messa in sicurezza della condotta acquedottistica<\/p>\n<p>&nbsp;<\/p>\n<p>&nbsp;<\/p>\n<blockquote class=\"wp-embedded-content\" data-secret=\"Udi30giyjv\"><p><a href=\"https:\/\/www.radiopiu.net\/wordpress\/viabilita\/\">viabilita<\/a><\/p><\/blockquote>\n<p><iframe loading=\"lazy\" class=\"wp-embedded-content\" sandbox=\"allow-scripts\" security=\"restricted\" style=\"position: absolute; clip: rect(1px, 1px, 1px, 1px);\" title=\"&#8220;viabilita&#8221; &#8212; Radio Pi\u00f9\" src=\"https:\/\/www.radiopiu.net\/wordpress\/viabilita\/embed\/#?secret=4x3XFcfqNw#?secret=Udi30giyjv\" data-secret=\"Udi30giyjv\" width=\"600\" height=\"338\" frameborder=\"0\" marginwidth=\"0\" marginheight=\"0\" scrolling=\"no\"><\/iframe><\/p>\n<p>&nbsp;<\/p>\n<hr \/>\n<p>&nbsp;<\/p>\n<p>&nbsp;<\/p>\n<p><img loading=\"lazy\" decoding=\"async\" class=\"wp-image-60761 size-full aligncenter\" src=\"https:\/\/www.radiopiu.net\/wordpress\/wp-content\/uploads\/2018\/09\/sport.jpg\" alt=\"\" width=\"800\" height=\"100\" srcset=\"https:\/\/www.radiopiu.net\/wordpress\/wp-content\/uploads\/2018\/09\/sport.jpg 800w, https:\/\/www.radiopiu.net\/wordpress\/wp-content\/uploads\/2018\/09\/sport-300x38.jpg 300w, https:\/\/www.radiopiu.net\/wordpress\/wp-content\/uploads\/2018\/09\/sport-768x96.jpg 768w\" sizes=\"auto, (max-width: 800px) 100vw, 800px\" \/><\/p>\n<\/div>\n<\/div>\n<\/div>\n<div class=\"page-title-head hgroup\">\n<div class=\"page-title-head hgroup\">\n<p>&nbsp;<\/p>\n<p>&nbsp;<\/p>\n<\/div>\n<\/div>\n<div class=\"page-title-head hgroup\">\n<div class=\"page-title-head hgroup\">\n<div class=\"page-title-head hgroup\">\n<p><span style=\"color: #0000ff;\"><strong>CALCIO<\/strong><\/span><\/p>\n<blockquote>\n<h3>IL GOSALDO CALA IL POKER CON IL CANALE E VUOLE ARRIVARE A GIOCARE LA FINALISSIMA IN CASA<\/h3>\n<\/blockquote>\n<p><strong><a class=\"dt-pswp-item\" href=\"https:\/\/www.radiopiu.net\/wordpress\/wp-content\/uploads\/2022\/05\/GOSALDO.png\" data-dt-img-description=\"\" data-large_image_width=\"200\" data-large_image_height=\"200\"><img loading=\"lazy\" decoding=\"async\" class=\"size-thumbnail wp-image-273744 alignleft\" src=\"https:\/\/www.radiopiu.net\/wordpress\/wp-content\/uploads\/2022\/05\/GOSALDO-150x150.png\" alt=\"\" width=\"150\" height=\"150\" srcset=\"https:\/\/www.radiopiu.net\/wordpress\/wp-content\/uploads\/2022\/05\/GOSALDO-150x150.png 150w, https:\/\/www.radiopiu.net\/wordpress\/wp-content\/uploads\/2022\/05\/GOSALDO.png 200w\" sizes=\"auto, (max-width: 150px) 100vw, 150px\" \/><\/a>REDAZIONE<\/strong> Che il Gosaldo fosse una delle pretendenti al titolo lo si era capito fin dalla prima giornata in cui non aveva avuto piet\u00e0 contro un Agordo 2009 acciaccato dalle assenze. Lo ha dimostrato per tutto la stagione regolare dove ha vinto quattro partite su sei. La squadra di Elvio Chiea per\u00f2 inizia a fare sul serio quando iniziano le fasi finali e domenica a La Valle ha fatto la voce grossa contro il Canale rifilando un poker alla formazione della Valle del Biois. Ora ci saranno le semifinali a Vallada e il Gosaldo si trover\u00e0 di fronte un Caprile che ha incominciato ad ingranare la marcia giusta nelle ultime 3 partite. Non sar\u00e0 sicuramente una passeggiata per i pluriscudettati che ora puntano a portare sotto la Croda Granda il diciasettesimo titolo della storia.<\/p>\n<p><strong>ELVIO CHIEA, ALLENATORE DEL GOSALDO<\/strong><\/p>\n<audio class=\"wp-audio-shortcode\" id=\"audio-289122-14\" preload=\"none\" style=\"width: 100%;\" controls=\"controls\"><source type=\"audio\/mpeg\" src=\"https:\/\/www.radiopiu.net\/wordpress\/wp-content\/uploads\/2022\/07\/ELVIO-CHIEA.mp3?_=14\" \/><a href=\"https:\/\/www.radiopiu.net\/wordpress\/wp-content\/uploads\/2022\/07\/ELVIO-CHIEA.mp3\">https:\/\/www.radiopiu.net\/wordpress\/wp-content\/uploads\/2022\/07\/ELVIO-CHIEA.mp3<\/a><\/audio>\n<p>&nbsp;<\/p>\n<h2><span style=\"color: #008000;\"><a class=\"dt-pswp-item\" href=\"https:\/\/www.radiopiu.net\/wordpress\/wp-content\/uploads\/2019\/01\/CALCIO-FALLO.jpeg\" data-dt-img-description=\"\" data-large_image_width=\"1600\" data-large_image_height=\"848\"><img loading=\"lazy\" decoding=\"async\" class=\" wp-image-71538 alignleft\" src=\"https:\/\/www.radiopiu.net\/wordpress\/wp-content\/uploads\/2019\/01\/CALCIO-FALLO-150x150.jpeg\" alt=\"\" width=\"74\" height=\"74\" \/><\/a>SPECIALE CAMPIONATO AGORDINO<\/span><\/h2>\n<p><strong>RIASCOLTA OTTANTESIMO MINUTO &#8211; SETTIMA PUNTATA<\/strong><\/p>\n<audio class=\"wp-audio-shortcode\" id=\"audio-289122-15\" preload=\"none\" style=\"width: 100%;\" controls=\"controls\"><source type=\"audio\/mpeg\" src=\"https:\/\/www.radiopiu.net\/wordpress\/wp-content\/uploads\/2022\/07\/80MIN-2.mp3?_=15\" \/><a href=\"https:\/\/www.radiopiu.net\/wordpress\/wp-content\/uploads\/2022\/07\/80MIN-2.mp3\">https:\/\/www.radiopiu.net\/wordpress\/wp-content\/uploads\/2022\/07\/80MIN-2.mp3<\/a><\/audio>\n<p>&nbsp;<\/p>\n<p><strong>RIASCOLTA CAMPIONATO AGORDINO SHOW &#8211; SETTIMA PUNTATA (LA SINTESI)<\/strong><\/p>\n<audio class=\"wp-audio-shortcode\" id=\"audio-289122-16\" preload=\"none\" style=\"width: 100%;\" controls=\"controls\"><source type=\"audio\/mpeg\" src=\"https:\/\/www.radiopiu.net\/wordpress\/wp-content\/uploads\/2022\/07\/AGOS-3.mp3?_=16\" \/><a href=\"https:\/\/www.radiopiu.net\/wordpress\/wp-content\/uploads\/2022\/07\/AGOS-3.mp3\">https:\/\/www.radiopiu.net\/wordpress\/wp-content\/uploads\/2022\/07\/AGOS-3.mp3<\/a><\/audio>\n<p>&nbsp;<\/p>\n<hr \/>\n<p>&nbsp;<\/p>\n<p><span style=\"color: #0000ff;\"><strong>PALLAVOLO<\/strong><\/span><\/p>\n<blockquote>\n<h3>TUTTO IL SETTORE GIOVANILE DELLA SPES SARA&#8217; LEGATO ALLA DA ROLD LOGISTIC<\/h3>\n<\/blockquote>\n<p><strong><a class=\"dt-pswp-item\" href=\"https:\/\/www.radiopiu.net\/wordpress\/wp-content\/uploads\/2021\/05\/volley-2021.jpg\" data-dt-img-description=\"\" data-large_image_width=\"770\" data-large_image_height=\"450\"><img loading=\"lazy\" decoding=\"async\" class=\"size-thumbnail wp-image-207180 alignleft\" src=\"https:\/\/www.radiopiu.net\/wordpress\/wp-content\/uploads\/2021\/05\/volley-2021-150x150.jpg\" alt=\"\" width=\"150\" height=\"150\" \/><\/a>BELLUNO\u00a0 <\/strong>Dall\u2019Under 13 all\u2019Under 19, passando per l\u2019Under 15 e 17: a partire dalla stagione 2022-2023, il settore giovanile maschile sar\u00e0 gestito dalla Da Rold Logistics Belluno. La societ\u00e0 guidata dal presidente Sandro Da Rold riceve in via ufficiale e definitiva il testimone dalla Spes Belluno: dopo l\u2019accordo di collaborazione avviato un anno fa, il proficuo percorso condotto dai due club \u00e8 sfociato nell\u2019unanime scelta di legare il vivaio alla realt\u00e0 dei rinoceronti. Per la soddisfazione del direttore generale della DRL, Franco Da Re: \u00abNon abbiamo mai nascosto il desiderio di completare la struttura societaria con il settore giovanile. Rispetto al progetto di crescita che abbiamo in mente, il vivaio \u00e8 una componente fondamentale\u00bb. L\u2019unit\u00e0 d\u2019intenti \u00e8 totale: \u00abIl lavoro impostato dalla Spes rappresenta un prezioso punto di partenza. Ora spetta a noi dare nuova linfa al settore giovanile\u00bb.<span class=\"gmail-Apple-converted-space\">\u00a0<\/span><\/p>\n<p>&nbsp;<\/p>\n<hr \/>\n<p>&nbsp;<\/p>\n<blockquote class=\"wp-embedded-content\" data-secret=\"RoKowtuVA6\"><p><a href=\"https:\/\/www.radiopiu.net\/wordpress\/ciclinvalle-2022-le-foto-delle-premiazioni-di-erik-lena\/\">CICLINVALLE 2022 &#8211; LE FOTO DELLE PREMIAZIONI DI ERIK LENA<\/a><\/p><\/blockquote>\n<p><iframe loading=\"lazy\" class=\"wp-embedded-content\" sandbox=\"allow-scripts\" security=\"restricted\" style=\"position: absolute; clip: rect(1px, 1px, 1px, 1px);\" title=\"&#8220;CICLINVALLE 2022 &#8211; LE FOTO DELLE PREMIAZIONI DI ERIK LENA&#8221; &#8212; Radio Pi\u00f9\" src=\"https:\/\/www.radiopiu.net\/wordpress\/ciclinvalle-2022-le-foto-delle-premiazioni-di-erik-lena\/embed\/#?secret=NNnlLipSR5#?secret=RoKowtuVA6\" data-secret=\"RoKowtuVA6\" width=\"600\" height=\"338\" frameborder=\"0\" marginwidth=\"0\" marginheight=\"0\" scrolling=\"no\"><\/iframe><\/p>\n<p>&nbsp;<\/p>\n<hr \/>\n<p>&nbsp;<\/p>\n<blockquote>\n<h3>LA SGAMBADA ZOLDANA<\/h3>\n<\/blockquote>\n<p><strong>VAL DI ZOLDO<\/strong> Si terr\u00e0 domenica 7 agosto la corsa podistica non competitiva Sgambada Zoldana arrivata alla 49\u00aa edizione. Partenza alle 10 da Pralongo. Regolamento ed iscrizioni online su sportdolomiti.it\/iscrizioni o presso gli uffici turistici di Val Di Zoldo.<\/p>\n<\/div>\n<\/div>\n<\/div>\n<\/div>\n<\/div>\n<\/div>\n<\/div>\n<\/div>\n<\/div>\n<\/div>\n<\/div>\n<\/div>\n<\/div>\n<\/div>\n<\/div>\n<\/div>\n<\/div>\n<\/div>\n<\/div>\n<\/div>\n<\/div>\n<\/div>\n<\/div>\n<\/div>\n<\/div>\n<\/div>\n<\/div>\n<\/div>\n<\/div>\n<\/div>\n<\/div>\n<\/div>\n<\/div>\n<\/div>\n<\/div>\n<\/div>\n<\/div>\n<\/div>\n<\/div>\n<\/div>\n<\/div>\n<\/div>\n<\/div>\n<\/div>\n<\/div>\n<\/div>\n<\/div>\n<\/div>\n<\/div>\n<\/div>\n<\/div>\n<\/div>\n<\/div>\n<\/div>\n<\/div>\n<\/div>\n<\/div>\n<\/div>\n<\/div>\n<\/div>\n<\/div>\n<\/div>\n<\/div>\n<\/div>\n<\/div>\n<\/div>\n<\/div>\n<\/div>\n<\/div>\n<\/div>\n<\/div>\n<\/div>\n<\/div>\n<\/div>\n<\/div>\n<\/div>\n<\/div>\n<\/div>\n<\/div>\n<\/div>\n<\/div>\n<\/div>\n<\/div>\n<\/div>\n<\/div>\n<\/div>\n<\/div>\n<\/div>\n<\/div>\n<\/div>\n<\/div>\n<\/div>\n<\/div>\n<\/div>\n<\/div>\n<\/div>\n<\/div>\n<\/div>\n<\/div>\n<\/div>\n<\/div>\n<\/div>\n<\/div>\n<\/div>\n","protected":false},"excerpt":{"rendered":"<p>RADIO PIU INFORMAZIONE il canale su TELEGRAM informazione di prima\u00a0 mano e in tempo reale. iscriviti ed aiutaci a farlo conoscere\u00a0 \u00a0 &nbsp; &nbsp; IN VIA FOCH A CENCENIGHE ACQUA INQUINATA CENCENIGHE Gestione Servizi Pubblici informa che\u00a0 in localit\u00e0 FOCH l&#8217;acqua erogata dall&#8217;acquedotto non \u00e8 potabile e pu\u00f2 essere usata per scopi alimentari SOLO PREVIA&hellip;<\/p>\n","protected":false},"author":4,"featured_media":222512,"comment_status":"closed","ping_status":"closed","sticky":false,"template":"","format":"standard","meta":{"_monsterinsights_skip_tracking":false,"_monsterinsights_sitenote_active":false,"_monsterinsights_sitenote_note":"","_monsterinsights_sitenote_category":0,"footnotes":""},"categories":[51,86,49],"tags":[],"class_list":["post-289122","post","type-post","status-publish","format-standard","has-post-thumbnail","hentry","category-evidenza-top","category-gr","category-news-18","category-51","category-86","category-49","description-off"],"img_url":"https:\/\/www.radiopiu.net\/wordpress\/wp-content\/uploads\/2021\/07\/70769fc5-3640-49e1-8477-7a766fdc847f.jpg","_links":{"self":[{"href":"https:\/\/www.radiopiu.net\/wordpress\/wp-json\/wp\/v2\/posts\/289122","targetHints":{"allow":["GET"]}}],"collection":[{"href":"https:\/\/www.radiopiu.net\/wordpress\/wp-json\/wp\/v2\/posts"}],"about":[{"href":"https:\/\/www.radiopiu.net\/wordpress\/wp-json\/wp\/v2\/types\/post"}],"author":[{"embeddable":true,"href":"https:\/\/www.radiopiu.net\/wordpress\/wp-json\/wp\/v2\/users\/4"}],"replies":[{"embeddable":true,"href":"https:\/\/www.radiopiu.net\/wordpress\/wp-json\/wp\/v2\/comments?post=289122"}],"version-history":[{"count":0,"href":"https:\/\/www.radiopiu.net\/wordpress\/wp-json\/wp\/v2\/posts\/289122\/revisions"}],"wp:featuredmedia":[{"embeddable":true,"href":"https:\/\/www.radiopiu.net\/wordpress\/wp-json\/wp\/v2\/media\/222512"}],"wp:attachment":[{"href":"https:\/\/www.radiopiu.net\/wordpress\/wp-json\/wp\/v2\/media?parent=289122"}],"wp:term":[{"taxonomy":"category","embeddable":true,"href":"https:\/\/www.radiopiu.net\/wordpress\/wp-json\/wp\/v2\/categories?post=289122"},{"taxonomy":"post_tag","embeddable":true,"href":"https:\/\/www.radiopiu.net\/wordpress\/wp-json\/wp\/v2\/tags?post=289122"}],"curies":[{"name":"wp","href":"https:\/\/api.w.org\/{rel}","templated":true}]}}