{"id":289189,"date":"2022-07-26T05:00:48","date_gmt":"2022-07-26T03:00:48","guid":{"rendered":"https:\/\/www.radiopiu.net\/wordpress\/?p=289189"},"modified":"2022-07-26T05:52:42","modified_gmt":"2022-07-26T03:52:42","slug":"rinviati-a-data-da-destinarsi-i-lavori-di-bim-gsp-in-centro-a-belluno","status":"publish","type":"post","link":"https:\/\/www.radiopiu.net\/wordpress\/rinviati-a-data-da-destinarsi-i-lavori-di-bim-gsp-in-centro-a-belluno\/","title":{"rendered":"RINVIATI A DATA DA DESTINARSI I LAVORI DI BIM GSP IN CENTRO A BELLUNO"},"content":{"rendered":"<p><strong><a class=\"dt-pswp-item\" href=\"https:\/\/www.radiopiu.net\/wordpress\/wp-content\/uploads\/2021\/06\/th-12.jpg\" data-dt-img-description=\"\" data-large_image_width=\"282\" data-large_image_height=\"188\"><img loading=\"lazy\" decoding=\"async\" class=\"size-thumbnail wp-image-216172 alignleft\" src=\"https:\/\/www.radiopiu.net\/wordpress\/wp-content\/uploads\/2021\/06\/th-12-150x150.jpg\" alt=\"\" width=\"150\" height=\"150\" \/><\/a>BELLUNO <\/strong>E\u2019 stato rinviato a data da destinarsi l\u2019intervento in programma mercoled\u00ec 27 luglio 2022 in centro a Belluno per il completamento della distrettualizzazione della rete idrica cittadina. Bim Gsp, infatti, a causa del protrarsi dell\u2019emergenza idrica dovuta alle ridotte precipitazioni stagionali, destiner\u00e0 tutte le squadre tecnico-operative alla gestione dell\u2019emergenza idrica che sta interessando diverse zone della provincia di Belluno e che, di giorno in giorno, va peggiorando. Il lavoro, pertanto, sar\u00e0 riprogrammato non appena possibile. Ad oggi, infatti, in molti sorgenti e serbatoi dell\u2019acquedotto si registrano abbassamento rilevanti dei livelli dell&#8217;acqua nelle sorgenti e nelle vasche di accumulo, con conseguenti cali di pressione e\/o assenze temporanee d&#8217;acqua in diverse zone. Tra queste, Alpago (localit\u00e0 Puos e Farra), Fonzaso (parte alta del Comune), Limana (localit\u00e0 Giaon, Navasa, La Cal, Canalet, Praloran, Mane, Sampoi e via Roma est), Tambre (nelle localit\u00e0 Lavina, Soralavina e Borsoi). A queste, si aggiungono altre zone dove Bim Gsp ha messo in atto manovre tecniche, svolte in orario notturno tra le 22 e le 6, per disporre di un maggior accumulo nelle ore diurne: Belluno\u00a0(in localit\u00e0 Nevegal e nelle vie Internati e Deportati, La Vignetta, Brigata Marche, San Lorenzo, De Min, P.le Stazione e Galleria Caffi; possibili disagi anche a Cavarzano, Baldenich, Cusighe, Nogar\u00e8 e Sala),\u00a0 Borgo Valbelluna (in tutto il Comune), Feltre (in tutto il Comune), Ponte nelle Alpi (in tutto il Comune, in particolare nelle zone di Casan, Paiane, Soccher, Lizzona, Losego e Vena d&#8217;Oro).<\/p>\n<p>&nbsp;<\/p>\n<p>&nbsp;<\/p>\n<p>*****<\/p>\n","protected":false},"excerpt":{"rendered":"<p>BELLUNO E\u2019 stato rinviato a data da destinarsi l\u2019intervento in programma mercoled\u00ec 27 luglio 2022 in centro a Belluno per il completamento della distrettualizzazione della rete idrica cittadina. Bim Gsp, infatti, a causa del protrarsi dell\u2019emergenza idrica dovuta alle ridotte precipitazioni stagionali, destiner\u00e0 tutte le squadre tecnico-operative alla gestione dell\u2019emergenza idrica che sta interessando diverse&hellip;<\/p>\n","protected":false},"author":4,"featured_media":216172,"comment_status":"closed","ping_status":"closed","sticky":false,"template":"","format":"standard","meta":{"_monsterinsights_skip_tracking":false,"_monsterinsights_sitenote_active":false,"_monsterinsights_sitenote_note":"","_monsterinsights_sitenote_category":0,"footnotes":""},"categories":[104,49],"tags":[],"class_list":["post-289189","post","type-post","status-publish","format-standard","has-post-thumbnail","hentry","category-evidenza_3","category-news-18","category-104","category-49","description-off"],"img_url":"https:\/\/www.radiopiu.net\/wordpress\/wp-content\/uploads\/2021\/06\/th-12.jpg","_links":{"self":[{"href":"https:\/\/www.radiopiu.net\/wordpress\/wp-json\/wp\/v2\/posts\/289189","targetHints":{"allow":["GET"]}}],"collection":[{"href":"https:\/\/www.radiopiu.net\/wordpress\/wp-json\/wp\/v2\/posts"}],"about":[{"href":"https:\/\/www.radiopiu.net\/wordpress\/wp-json\/wp\/v2\/types\/post"}],"author":[{"embeddable":true,"href":"https:\/\/www.radiopiu.net\/wordpress\/wp-json\/wp\/v2\/users\/4"}],"replies":[{"embeddable":true,"href":"https:\/\/www.radiopiu.net\/wordpress\/wp-json\/wp\/v2\/comments?post=289189"}],"version-history":[{"count":0,"href":"https:\/\/www.radiopiu.net\/wordpress\/wp-json\/wp\/v2\/posts\/289189\/revisions"}],"wp:featuredmedia":[{"embeddable":true,"href":"https:\/\/www.radiopiu.net\/wordpress\/wp-json\/wp\/v2\/media\/216172"}],"wp:attachment":[{"href":"https:\/\/www.radiopiu.net\/wordpress\/wp-json\/wp\/v2\/media?parent=289189"}],"wp:term":[{"taxonomy":"category","embeddable":true,"href":"https:\/\/www.radiopiu.net\/wordpress\/wp-json\/wp\/v2\/categories?post=289189"},{"taxonomy":"post_tag","embeddable":true,"href":"https:\/\/www.radiopiu.net\/wordpress\/wp-json\/wp\/v2\/tags?post=289189"}],"curies":[{"name":"wp","href":"https:\/\/api.w.org\/{rel}","templated":true}]}}