{"id":289200,"date":"2022-07-25T23:59:48","date_gmt":"2022-07-25T21:59:48","guid":{"rendered":"https:\/\/www.radiopiu.net\/wordpress\/?p=289200"},"modified":"2022-07-25T15:06:54","modified_gmt":"2022-07-25T13:06:54","slug":"cortina-corona-dinetto-penso-i-belumat-sovilla-bertolaso-e-altri-ospiti-alla-de-luca","status":"publish","type":"post","link":"https:\/\/www.radiopiu.net\/wordpress\/cortina-corona-dinetto-penso-i-belumat-sovilla-bertolaso-e-altri-ospiti-alla-de-luca\/","title":{"rendered":"CORTINA, CORONA, DINETTO, PENSO, I \u201cBELUMAT\u201d SOVILLA, BERTOLASO E ALTRI OSPITI ALLA DE LUCA"},"content":{"rendered":"<p><strong>di\u00a0 RENATO BONA<\/strong><\/p>\n<p>Il prestigioso duplice volume intitolato \u201cUna ruota che gira da un quarto di secolo\u201d realizzato da Francesco \u201cCheco\u201d De Luca con la editrice Velar di Gorle in provincia di Bergamo nel dicembre 2005 allo scopo di ricordare le qualificanti attivit\u00e0 storico culturali della Sala \u201cDe Luca\u201d di Borgo Pra, spazia dal 26 maggio 1980 al 26 maggio 2005. Oggi, in particolare, ci occupiamo degli eventi ospitati nella bellissima struttura (oggi sede del collegio dei maestri di sci del Veneto) dal 1. gennaio al 31 dicembre 1981, aperti, il 5 gennaio dalla visita del vescovo di Belluno-Feltre mons. Maffeo Ducoli, alla mostra del pittore Aldo Cortina. Prima di passare in sintetica rassegna i vari avvenimenti, ci piace richiamare il saluto scritto in presentazione dei volumi dall\u2019allora presidente dell\u2019Associazione stampa Bellunese (che nella \u201cDe Luca\u201d aveva la propria sede), Tiziana Bolognani, la quale sottolineava convinta che \u201c&#8230;la Sala De Luca \u00e8 punto di riferimento dell\u2019antico Borgo della Citt\u00e0, dove un tempo risuonavano gli attrezzi dei primi artigiani locali, ed oggi \u00e8 uno tra i luoghi pi\u00f9 dinamici del capoluogo e della nostra provincia: vi si pu\u00f2 respirare cultura, storia, arte, musica. Tutto proposto ai massimi livelli ma con quella discrezione che contraddistingue l\u2019operosit\u00e0 di Francesco De Luca a cui va il ringraziamento mio personale e dei colleghi della stampa bellunese\u201d. Dopo la mostra di Cortina, la \u201cDe Luca ha ospitato nell\u2019ordine quella di scultura di Mauro Corona (17 gennaio); la prima mostra-concorso dal 6 all\u20198 febbraio, interaziendale di fotografia Enel; la collettiva del soci del Circolo artistico provinciale (19 febbraio); la personale di Dino Dinetto (20 febbraio, visitata il 25 dal console del Messico dott. Roberto Giavi); quella di Mario Penso (13 marzo). Il 17 marzo e il 4 e 18 maggio le conferenze e l\u2019assemblea del Circolo artistico provinciale; il 10 maggio la presentazione di \u201cStudi Bellunesi\u201d nel decimo anniversario del circolo \u201cAl Zenpedon\u201d con partecipazione del glottologo Gianbattista Pellegrini. Il 23 dello stesso mese commemorazione e ricordo di Sandro Tarantola a cura del dottor Piero Zanchetta, e presentazione, con l\u2019attore e scrittore Dino Coltro, de \u201cI Belumat\u201d nel decennale della loro esibizione. L\u2019indomani, il 24, concerto del complesso di flauti eseguito dai bambini di Visome, diretto dal maestro A. Valentini; stesso giorno: commemorazione e ricordo di G. D. Odorizzi e G. Zanussi con interventi della prof. Pierina Boranga e della maestra Flora Odorizzi. Il 25 benedizione da parte del Vescovo Ducoli della sala superiore; serata condotta dal poeta Ugo Neri, ha partecipato il coro Monti del Sole\u201d; commemorazione di Ernesto De Luca e di Romolo Dal Mas quindi dibattito sul tema: \u201cArtigianato ieri e oggi\u201d moderato da Maurizio Busatta con interventi di Aldo Aim\u00e8, Mario Morales, i pres\u200bidenti dell\u2019Unione artigiani e dell\u2019Appia. L\u2019intenso mese di maggio ha quindi proposto: il 26 commemorazione ricordo di Ugo Fasolo a cura di A. Carminati ed esibizione della Corale Zumellese\u202fdiretta da Nevio Stefanutti; il 27 commemorazione di Martino Arrigoni con tema sul problema degli handicappati esposto dal dott. Valentino Del Fabbro e chiusura con concerto ad archi con Carmignola Vismara e Vendramelli, Il 28 commemorazione del maestro Nino Prosdocimi a cura del giornalista Fiorello Zangrando e concerto del Coro Minimo diretto da Edoardo Gazzera; il 29 commemorazione di Dino Buzzati con dibattito sul tema: \u201cIdentit\u00e0 culturale bellunese e sua collocazione nell\u2019ambito regionale e internazionale\u201d, relatore Gianni Secco; conclusione con concerto brasiliano. Di nuovo l\u2019arte: dal 31 maggio al 16 giugno antologica del noto pittore di Borgo Pra Carlo Sovilla; il 2 giugno asta di quadri a favore della fondazione \u201cMartino Arrigoni\u201d; dal 18 al 20 giugno mostra fotografica; dal 27 giugno all\u201911 luglio collettiva dei pittori Fiorentin, Martini e Zen; 12 settembre presentazione del libro di Mirka Bertolaso \u201cAmico sole\u201d; dal 19 al 30 settembre personale del pittore romano Lucio Garofalo. Il 3 ottobre prima edizione del premio nazionale di poesia \u201cDino Buzzati-Valle del Piave (presidente di giuria il dott. Antonio Donat Cattin. segretario Renzo Cortina). Dal 24 ottobre al 10novembre retrospettiva del pittore Gigi Candiani. 26 ottobre: conferenza del prof. Antonio Costa su: \u201cDall\u2019analisi del racconti all\u2019analisi del racconto per immagini\u201d. Le iniziative del periodo volgono al termine: il 27 ottobre: \u201cFruizione e-o produzione di audiovisivi: due percorsi didattici non inconciliabili\u201d, relatrice Anna Laura Crisdigiovanni; dal 28 novembre al 9 dicembre; personale di pittura di Angelo Stopiglia e, a chiudere: dal 19 dicembre al 6 gennaio 1982; collettiva dei pittori Antonio Bassetto, Luigi Cima, Aldo Cortina, Lino Dinetto, Lucio Garofalo, Toni Piccolotto, Italo Pradella e Fiorenzo Tomea.<\/p>\n\n\t\t\t<style type='text\/css'>\n\t\t\t\t#gallery-1 {\n\t\t\t\t\tmargin: auto;\n\t\t\t\t}\n\t\t\t\t#gallery-1 .gallery-item {\n\t\t\t\t\tfloat: left;\n\t\t\t\t\tmargin-top: 10px;\n\t\t\t\t\ttext-align: center;\n\t\t\t\t\twidth: 20%;\n\t\t\t\t}\n\t\t\t\t#gallery-1 img {\n\t\t\t\t\tborder: 2px solid #cfcfcf;\n\t\t\t\t}\n\t\t\t\t#gallery-1 .gallery-caption {\n\t\t\t\t\tmargin-left: 0;\n\t\t\t\t}\n\t\t\t\t\/* see gallery_shortcode() in wp-includes\/media.php *\/\n\t\t\t<\/style>\n\t\t<div id='gallery-1' class='dt-gallery-container gallery galleryid-289200 gallery-columns-5 gallery-size-thumbnail'><dl class='gallery-item'>\n\t\t\t\t<dt class='gallery-icon landscape'>\n\t\t\t\t\t<a class=\"rollover\" href='https:\/\/www.radiopiu.net\/wordpress\/cortina-corona-dinetto-penso-i-belumat-sovilla-bertolaso-e-altri-ospiti-alla-de-luca\/1-120\/'><img loading=\"lazy\" decoding=\"async\" width=\"150\" height=\"150\" src=\"https:\/\/www.radiopiu.net\/wordpress\/wp-content\/uploads\/2022\/07\/1-150x150.jpg\" class=\"attachment-thumbnail size-thumbnail\" alt=\"\" \/><\/a>\n\t\t\t\t<\/dt><\/dl><dl class='gallery-item'>\n\t\t\t\t<dt class='gallery-icon landscape'>\n\t\t\t\t\t<a class=\"rollover\" href='https:\/\/www.radiopiu.net\/wordpress\/cortina-corona-dinetto-penso-i-belumat-sovilla-bertolaso-e-altri-ospiti-alla-de-luca\/2-124\/'><img loading=\"lazy\" decoding=\"async\" width=\"150\" height=\"150\" src=\"https:\/\/www.radiopiu.net\/wordpress\/wp-content\/uploads\/2022\/07\/2-1-150x150.jpg\" class=\"attachment-thumbnail size-thumbnail\" alt=\"\" \/><\/a>\n\t\t\t\t<\/dt><\/dl><dl class='gallery-item'>\n\t\t\t\t<dt class='gallery-icon portrait'>\n\t\t\t\t\t<a class=\"rollover\" href='https:\/\/www.radiopiu.net\/wordpress\/cortina-corona-dinetto-penso-i-belumat-sovilla-bertolaso-e-altri-ospiti-alla-de-luca\/3-99\/'><img loading=\"lazy\" decoding=\"async\" width=\"150\" height=\"150\" src=\"https:\/\/www.radiopiu.net\/wordpress\/wp-content\/uploads\/2022\/07\/3-150x150.jpg\" class=\"attachment-thumbnail size-thumbnail\" alt=\"\" \/><\/a>\n\t\t\t\t<\/dt><\/dl><dl class='gallery-item'>\n\t\t\t\t<dt class='gallery-icon landscape'>\n\t\t\t\t\t<a class=\"rollover\" href='https:\/\/www.radiopiu.net\/wordpress\/cortina-corona-dinetto-penso-i-belumat-sovilla-bertolaso-e-altri-ospiti-alla-de-luca\/4-63\/'><img loading=\"lazy\" decoding=\"async\" width=\"150\" height=\"150\" src=\"https:\/\/www.radiopiu.net\/wordpress\/wp-content\/uploads\/2022\/07\/4-150x150.jpg\" class=\"attachment-thumbnail size-thumbnail\" alt=\"\" \/><\/a>\n\t\t\t\t<\/dt><\/dl><dl class='gallery-item'>\n\t\t\t\t<dt class='gallery-icon portrait'>\n\t\t\t\t\t<a class=\"rollover\" href='https:\/\/www.radiopiu.net\/wordpress\/cortina-corona-dinetto-penso-i-belumat-sovilla-bertolaso-e-altri-ospiti-alla-de-luca\/5-45\/'><img loading=\"lazy\" decoding=\"async\" width=\"150\" height=\"150\" src=\"https:\/\/www.radiopiu.net\/wordpress\/wp-content\/uploads\/2022\/07\/5-150x150.jpg\" class=\"attachment-thumbnail size-thumbnail\" alt=\"\" \/><\/a>\n\t\t\t\t<\/dt><\/dl><br style=\"clear: both\" \/><dl class='gallery-item'>\n\t\t\t\t<dt class='gallery-icon landscape'>\n\t\t\t\t\t<a class=\"rollover\" href='https:\/\/www.radiopiu.net\/wordpress\/cortina-corona-dinetto-penso-i-belumat-sovilla-bertolaso-e-altri-ospiti-alla-de-luca\/6-20\/'><img loading=\"lazy\" decoding=\"async\" width=\"150\" height=\"150\" src=\"https:\/\/www.radiopiu.net\/wordpress\/wp-content\/uploads\/2022\/07\/6-150x150.jpg\" class=\"attachment-thumbnail size-thumbnail\" alt=\"\" \/><\/a>\n\t\t\t\t<\/dt><\/dl><dl class='gallery-item'>\n\t\t\t\t<dt class='gallery-icon landscape'>\n\t\t\t\t\t<a class=\"rollover\" href='https:\/\/www.radiopiu.net\/wordpress\/cortina-corona-dinetto-penso-i-belumat-sovilla-bertolaso-e-altri-ospiti-alla-de-luca\/7-15\/'><img loading=\"lazy\" decoding=\"async\" width=\"150\" height=\"150\" src=\"https:\/\/www.radiopiu.net\/wordpress\/wp-content\/uploads\/2022\/07\/7-150x150.jpg\" class=\"attachment-thumbnail size-thumbnail\" alt=\"\" \/><\/a>\n\t\t\t\t<\/dt><\/dl><dl class='gallery-item'>\n\t\t\t\t<dt class='gallery-icon landscape'>\n\t\t\t\t\t<a class=\"rollover\" href='https:\/\/www.radiopiu.net\/wordpress\/cortina-corona-dinetto-penso-i-belumat-sovilla-bertolaso-e-altri-ospiti-alla-de-luca\/8-10\/'><img loading=\"lazy\" decoding=\"async\" width=\"150\" height=\"150\" src=\"https:\/\/www.radiopiu.net\/wordpress\/wp-content\/uploads\/2022\/07\/8-150x150.jpg\" class=\"attachment-thumbnail size-thumbnail\" alt=\"\" \/><\/a>\n\t\t\t\t<\/dt><\/dl><dl class='gallery-item'>\n\t\t\t\t<dt class='gallery-icon landscape'>\n\t\t\t\t\t<a class=\"rollover\" href='https:\/\/www.radiopiu.net\/wordpress\/cortina-corona-dinetto-penso-i-belumat-sovilla-bertolaso-e-altri-ospiti-alla-de-luca\/9-15\/'><img loading=\"lazy\" decoding=\"async\" width=\"150\" height=\"150\" src=\"https:\/\/www.radiopiu.net\/wordpress\/wp-content\/uploads\/2022\/07\/9-150x150.jpg\" class=\"attachment-thumbnail size-thumbnail\" alt=\"\" \/><\/a>\n\t\t\t\t<\/dt><\/dl><dl class='gallery-item'>\n\t\t\t\t<dt class='gallery-icon landscape'>\n\t\t\t\t\t<a class=\"rollover\" href='https:\/\/www.radiopiu.net\/wordpress\/cortina-corona-dinetto-penso-i-belumat-sovilla-bertolaso-e-altri-ospiti-alla-de-luca\/10-13\/'><img loading=\"lazy\" decoding=\"async\" width=\"150\" height=\"150\" src=\"https:\/\/www.radiopiu.net\/wordpress\/wp-content\/uploads\/2022\/07\/10-150x150.jpg\" class=\"attachment-thumbnail size-thumbnail\" alt=\"\" \/><\/a>\n\t\t\t\t<\/dt><\/dl><br style=\"clear: both\" \/><dl class='gallery-item'>\n\t\t\t\t<dt class='gallery-icon landscape'>\n\t\t\t\t\t<a class=\"rollover\" href='https:\/\/www.radiopiu.net\/wordpress\/cortina-corona-dinetto-penso-i-belumat-sovilla-bertolaso-e-altri-ospiti-alla-de-luca\/11-11\/'><img loading=\"lazy\" decoding=\"async\" width=\"150\" height=\"150\" src=\"https:\/\/www.radiopiu.net\/wordpress\/wp-content\/uploads\/2022\/07\/11-150x150.jpg\" class=\"attachment-thumbnail size-thumbnail\" alt=\"\" \/><\/a>\n\t\t\t\t<\/dt><\/dl><dl class='gallery-item'>\n\t\t\t\t<dt class='gallery-icon portrait'>\n\t\t\t\t\t<a class=\"rollover\" href='https:\/\/www.radiopiu.net\/wordpress\/cortina-corona-dinetto-penso-i-belumat-sovilla-bertolaso-e-altri-ospiti-alla-de-luca\/12-9\/'><img loading=\"lazy\" decoding=\"async\" width=\"150\" height=\"150\" src=\"https:\/\/www.radiopiu.net\/wordpress\/wp-content\/uploads\/2022\/07\/12-150x150.jpg\" class=\"attachment-thumbnail size-thumbnail\" alt=\"\" \/><\/a>\n\t\t\t\t<\/dt><\/dl><dl class='gallery-item'>\n\t\t\t\t<dt class='gallery-icon landscape'>\n\t\t\t\t\t<a class=\"rollover\" href='https:\/\/www.radiopiu.net\/wordpress\/cortina-corona-dinetto-penso-i-belumat-sovilla-bertolaso-e-altri-ospiti-alla-de-luca\/13-10\/'><img loading=\"lazy\" decoding=\"async\" width=\"150\" height=\"150\" src=\"https:\/\/www.radiopiu.net\/wordpress\/wp-content\/uploads\/2022\/07\/13-150x150.jpg\" class=\"attachment-thumbnail size-thumbnail\" alt=\"\" \/><\/a>\n\t\t\t\t<\/dt><\/dl>\n\t\t\t\t<br style='clear: both' \/>\n\t\t\t<\/div>\n\n<p>&nbsp;<\/p>\n<p>NELLE FOTO (riproduzioni dai libri \u201cUna ruota che gira da un quarto di secolo\u201d): mostra dei soci del Circolo artistico provinciale: personale di Mario Penso; festa grande per il decennale dei \u201cBelumat\u201d Giorgio Fornasier e Gianni Secco; il vescovo Maffeo Ducoli ospite abituale della sala di cultura di Borgo Pra condotta da Francesco De Luca per benedire la sala convegni e la sala superiore della struttura; serata in ricordo di Dino Buzzati; onore al merito di Carlo Sovilla, pittore del Pra; presentazione del libro di Mirka Bertolaso \u201cAmico Sole\u201d; premiazione di Gritzko Mascion<\/p>\n","protected":false},"excerpt":{"rendered":"<p>di\u00a0 RENATO BONA Il prestigioso duplice volume intitolato \u201cUna ruota che gira da un quarto di secolo\u201d realizzato da Francesco \u201cCheco\u201d De Luca con la editrice Velar di Gorle in provincia di Bergamo nel dicembre 2005 allo scopo di ricordare le qualificanti attivit\u00e0 storico culturali della Sala \u201cDe Luca\u201d di Borgo Pra, spazia dal 26&hellip;<\/p>\n","protected":false},"author":4,"featured_media":289201,"comment_status":"closed","ping_status":"closed","sticky":false,"template":"","format":"standard","meta":{"_monsterinsights_skip_tracking":false,"_monsterinsights_sitenote_active":false,"_monsterinsights_sitenote_note":"","_monsterinsights_sitenote_category":0,"footnotes":""},"categories":[104,49],"tags":[],"class_list":["post-289200","post","type-post","status-publish","format-standard","has-post-thumbnail","hentry","category-evidenza_3","category-news-18","category-104","category-49","description-off"],"img_url":"https:\/\/www.radiopiu.net\/wordpress\/wp-content\/uploads\/2022\/07\/6.jpg","_links":{"self":[{"href":"https:\/\/www.radiopiu.net\/wordpress\/wp-json\/wp\/v2\/posts\/289200","targetHints":{"allow":["GET"]}}],"collection":[{"href":"https:\/\/www.radiopiu.net\/wordpress\/wp-json\/wp\/v2\/posts"}],"about":[{"href":"https:\/\/www.radiopiu.net\/wordpress\/wp-json\/wp\/v2\/types\/post"}],"author":[{"embeddable":true,"href":"https:\/\/www.radiopiu.net\/wordpress\/wp-json\/wp\/v2\/users\/4"}],"replies":[{"embeddable":true,"href":"https:\/\/www.radiopiu.net\/wordpress\/wp-json\/wp\/v2\/comments?post=289200"}],"version-history":[{"count":0,"href":"https:\/\/www.radiopiu.net\/wordpress\/wp-json\/wp\/v2\/posts\/289200\/revisions"}],"wp:featuredmedia":[{"embeddable":true,"href":"https:\/\/www.radiopiu.net\/wordpress\/wp-json\/wp\/v2\/media\/289201"}],"wp:attachment":[{"href":"https:\/\/www.radiopiu.net\/wordpress\/wp-json\/wp\/v2\/media?parent=289200"}],"wp:term":[{"taxonomy":"category","embeddable":true,"href":"https:\/\/www.radiopiu.net\/wordpress\/wp-json\/wp\/v2\/categories?post=289200"},{"taxonomy":"post_tag","embeddable":true,"href":"https:\/\/www.radiopiu.net\/wordpress\/wp-json\/wp\/v2\/tags?post=289200"}],"curies":[{"name":"wp","href":"https:\/\/api.w.org\/{rel}","templated":true}]}}