{"id":289216,"date":"2022-07-25T15:11:49","date_gmt":"2022-07-25T13:11:49","guid":{"rendered":"https:\/\/www.radiopiu.net\/wordpress\/?p=289216"},"modified":"2022-07-25T15:11:49","modified_gmt":"2022-07-25T13:11:49","slug":"il-grande-fulvio-roiter-con-ottime-immagini-nel-libro-1989-cansiglio-il-bosco-dei-dogi-2","status":"publish","type":"post","link":"https:\/\/www.radiopiu.net\/wordpress\/il-grande-fulvio-roiter-con-ottime-immagini-nel-libro-1989-cansiglio-il-bosco-dei-dogi-2\/","title":{"rendered":"IL GRANDE FULVIO ROITER CON OTTIME IMMAGINI NEL LIBRO (1989) \u201c CANSIGLIO. IL BOSCO DEI DOGI\u201d"},"content":{"rendered":"<p><strong>di\u00a0 RENATO BONA\u00a0<\/strong><\/p>\n<p>\u201cCansiglio. Il Bosco dei dogi\u201d. E\u2019 il titolo di un prezioso, splendido volume di Fulvio Roiter realizzato con Vianello libri (grazie anche al contributo dell\u2019Azienda regionale foreste del Veneto), nel marzo 1989 nello stabilimento delle Grafiche Vianello di Ponzano, su progetto grafico e coordinamento editoriale di Livio Scibilia e Mimmo Vita. Frutto di un\u2019idea del direttore dell\u2019Azienda regionale foreste Ettore Bonalberti, \u00e9 presentato sotto il titolo \u201cLe quattro stagioni del Cansiglio\u201d da un personaggio della cultura come Mario Rigoni Stern; le didascalie sono opera di Vittorio De Savorgnani, Giulio Mezzalira e Mimmo Vita. Oltre a quelle del grande Roiter, veneziano di Meolo (primo libro fotografico: \u201cVenise a fleur d\u2019eau\u201d pubblicato a Losanna nel 1954) sono proposte anche immagini di: Lou Embo Roiter, Paolo Fioratti e Daniele Cavadini, Dopo un richiamo alla frase; \u201cGli alberi sono lo sforzo della terra per parlare al cielo in ascolto\u201d del poeta, drammaturgo, scrittore e filosofo indiano Rabindranath Tagore nato il 7 maggio 1861 a Calcutta e morto il 7 agosto 1941 a Jorasanko Thakurbari, sempre in India) e prima del pensiero di Rigoni Stern, il bellunese Renzo Fant, che all\u2019epoca era presidente dell\u2019Azienda regionale foreste del Veneto, ricorda che: \u201c&#8230;Gi\u00e0 dal secolo XVII gli alti fusti dei faggi del Cansiglio avevano impressionato i responsabili del Serenissimo Arsenale e nella relazione sullo stato del bosco presentata al Doge in data12 marzo 1608, il podest\u00e0 di Belluno Alvise Mocenigo, si preoccupava di sottolineare che essi \u2018devono essere carissimi a guisa di pretioso tesoro\u2019. Un tesoro sintesi di legno, acqua, oro: cio\u00e8 i faggi remi delle galere veneziane; l\u2019acqua del Mediterraneo, via dei commerci con le Indie; oro, rendita dei negozi\u201d. Ed evidenziava che \u201cSe la funzione produttiva era primariamente cara ai \u2018moderni governatori del bosco dell\u2019Alpago, quella protettiva ha ricevuto dalla loro opera grande giovamento giacch\u00e9 il terreno dell\u2019altopiano apre qua e l\u00e0 profonde ferite, i \u2018bus\u2019, a dimostrazione della carsica eziologia. L\u2019albero trattiene, coagula, per certi versi convive simbioticamente con la terra: senza di lui essa frana\u201d. E la gente tutto questo lo sa, ma\u2026 \u201cper necessit\u00e0 taglia il bosco perch\u00e9 il legno produce denaro e calore\u201d. Avviandosi a conclusione Fant sottolineava come \u201cOggi di tutto ci\u00f2 resta prevalentemente la memoria storica e l\u2019uomo della citt\u00e0 cerca in Cansiglio anche nuovi beni: oasi di pace, di svago, di ricerca interiore\u201de la foresta registra cos\u00ec gioiose invasioni perch\u00e9 qui il bosco \u00e8 ancora bosco e l\u2019ambiente \u00e8 \u2018com\u2019era una volta\u2019, com\u2019\u00e8 sempre stato almeno da mille anni a questa parte, ma \u201cal prezzo delle quotidiane privazioni dell\u2019uomo di montagna che merita perci\u00f2 vero rispetto e concreta solidariet\u00e0\u201d. Il finale: \u201cVenezia ha cominciato, lo Stato ha continuato, la Regione, tramite l\u2019Azienda delle foreste perpetua, il montanaro presidia e opera. Anche un libro, questo libro che abbiamo voluto di un Veneziano, ed il pi\u00f9 bravo, ci aiuter\u00e0 in questo\u201d. Ed ecco una sintesi di quanto ha scritto Mario Rigoni Stern: \u201c\u2026 Il tempo della foresta non \u00e8 quello del campo, n\u00e9 del frutteto, nemmeno quello della vita di un uomo; le selve, oggi, sono pi\u00f9 che mai indispensabili all\u2019esistenza della Terra. Ai nostri nipoti dobbiamo lasciare un \u2018Cansiglio\u2019 pi\u00f9 bello ancora di questo pure bellissimo che Fulvio Roiter con la sua magica macchina fotografica e i suoi occhi ci fa vedere \u2018oltre il paesaggio\u2019. Dobbiamo resistere e superare i tempi delle piogge acide, della Cephalcia arvensis, dell\u2019uomo consumista: \u00e8 l\u2019invito che ci viene da queste immagini\u201d. Piacevolmente folgorati dalle, tutte, meravigliose immagini, ecco una \u201cfotografia\u201d conclusiva del Bosco del Cansiglio: \u201cTra le province di Treviso, Belluno e Pordenone, nelle Prealpi Bellunesi, il vasto altopiano del Cansiglio si erge sulla pianura veneto-friulana tra il Piave, il Meschio e il Livenza ed ospita a 1000 metri di altitudine uno dei pi\u00f9 vasti, intatti e solenni boschi italiani. Le sue doline ed i profondi inghiottitoi (i \u2018bus\u2019), la ricchezza e la variet\u00e0 della sua popolazione faunistica e della flora che ne ravviva e ne tinge le scabre rocce ed i dolci declivi dei prati, la qualificante presenza della civilt\u00e0 cimbra, offrono al visitatore attento e rispettoso innumerevoli suggestioni, occasioni di studio come di rilassata contemplazione di un habitat ancora sapientemente preservato dalla mano troppe volte distruggitrice dell\u2019uomo. Ed un\u2019ulteriore ricchezza del Cansiglio \u00e8 attestata dalla pi\u00f9 accreditata etimologia del suo nome: \u2018Campus silens\u2019, luogo del silenzio, che qui diventa davvero d\u2019oro se si vuole avere la possibilit\u00e0 di osservare da vicino i numerosi ma diffidenti abitatori del bosco. La foresta del Cansiglio appartiene ora geograficamente alle regioni Veneto e Friuli Venezia Giulia\u201d.<\/p>\n\n\t\t\t<style type='text\/css'>\n\t\t\t\t#gallery-1 {\n\t\t\t\t\tmargin: auto;\n\t\t\t\t}\n\t\t\t\t#gallery-1 .gallery-item {\n\t\t\t\t\tfloat: left;\n\t\t\t\t\tmargin-top: 10px;\n\t\t\t\t\ttext-align: center;\n\t\t\t\t\twidth: 16%;\n\t\t\t\t}\n\t\t\t\t#gallery-1 img {\n\t\t\t\t\tborder: 2px solid #cfcfcf;\n\t\t\t\t}\n\t\t\t\t#gallery-1 .gallery-caption {\n\t\t\t\t\tmargin-left: 0;\n\t\t\t\t}\n\t\t\t\t\/* see gallery_shortcode() in wp-includes\/media.php *\/\n\t\t\t<\/style>\n\t\t<div id='gallery-1' class='dt-gallery-container gallery galleryid-289216 gallery-columns-6 gallery-size-thumbnail'><dl class='gallery-item'>\n\t\t\t\t<dt class='gallery-icon portrait'>\n\t\t\t\t\t<a class=\"rollover\" href='https:\/\/www.radiopiu.net\/wordpress\/il-grande-fulvio-roiter-con-ottime-immagini-nel-libro-1989-cansiglio-il-bosco-dei-dogi-2\/1-121\/'><img loading=\"lazy\" decoding=\"async\" width=\"150\" height=\"150\" src=\"https:\/\/www.radiopiu.net\/wordpress\/wp-content\/uploads\/2022\/07\/1-1-150x150.jpg\" class=\"attachment-thumbnail size-thumbnail\" alt=\"\" \/><\/a>\n\t\t\t\t<\/dt><\/dl><dl class='gallery-item'>\n\t\t\t\t<dt class='gallery-icon portrait'>\n\t\t\t\t\t<a class=\"rollover\" href='https:\/\/www.radiopiu.net\/wordpress\/il-grande-fulvio-roiter-con-ottime-immagini-nel-libro-1989-cansiglio-il-bosco-dei-dogi-2\/2-125\/'><img loading=\"lazy\" decoding=\"async\" width=\"150\" height=\"150\" src=\"https:\/\/www.radiopiu.net\/wordpress\/wp-content\/uploads\/2022\/07\/2-2-150x150.jpg\" class=\"attachment-thumbnail size-thumbnail\" alt=\"\" \/><\/a>\n\t\t\t\t<\/dt><\/dl><dl class='gallery-item'>\n\t\t\t\t<dt class='gallery-icon landscape'>\n\t\t\t\t\t<a class=\"rollover\" href='https:\/\/www.radiopiu.net\/wordpress\/il-grande-fulvio-roiter-con-ottime-immagini-nel-libro-1989-cansiglio-il-bosco-dei-dogi-2\/3-100\/'><img loading=\"lazy\" decoding=\"async\" width=\"150\" height=\"150\" src=\"https:\/\/www.radiopiu.net\/wordpress\/wp-content\/uploads\/2022\/07\/3-1-150x150.jpg\" class=\"attachment-thumbnail size-thumbnail\" alt=\"\" \/><\/a>\n\t\t\t\t<\/dt><\/dl><dl class='gallery-item'>\n\t\t\t\t<dt class='gallery-icon landscape'>\n\t\t\t\t\t<a class=\"rollover\" href='https:\/\/www.radiopiu.net\/wordpress\/il-grande-fulvio-roiter-con-ottime-immagini-nel-libro-1989-cansiglio-il-bosco-dei-dogi-2\/4-64\/'><img loading=\"lazy\" decoding=\"async\" width=\"150\" height=\"150\" src=\"https:\/\/www.radiopiu.net\/wordpress\/wp-content\/uploads\/2022\/07\/4-1-150x150.jpg\" class=\"attachment-thumbnail size-thumbnail\" alt=\"\" \/><\/a>\n\t\t\t\t<\/dt><\/dl><dl class='gallery-item'>\n\t\t\t\t<dt class='gallery-icon portrait'>\n\t\t\t\t\t<a class=\"rollover\" href='https:\/\/www.radiopiu.net\/wordpress\/il-grande-fulvio-roiter-con-ottime-immagini-nel-libro-1989-cansiglio-il-bosco-dei-dogi-2\/5-46\/'><img loading=\"lazy\" decoding=\"async\" width=\"150\" height=\"150\" src=\"https:\/\/www.radiopiu.net\/wordpress\/wp-content\/uploads\/2022\/07\/5-1-150x150.jpg\" class=\"attachment-thumbnail size-thumbnail\" alt=\"\" \/><\/a>\n\t\t\t\t<\/dt><\/dl><dl class='gallery-item'>\n\t\t\t\t<dt class='gallery-icon landscape'>\n\t\t\t\t\t<a class=\"rollover\" href='https:\/\/www.radiopiu.net\/wordpress\/il-grande-fulvio-roiter-con-ottime-immagini-nel-libro-1989-cansiglio-il-bosco-dei-dogi-2\/6-21\/'><img loading=\"lazy\" decoding=\"async\" width=\"150\" height=\"150\" src=\"https:\/\/www.radiopiu.net\/wordpress\/wp-content\/uploads\/2022\/07\/6-1-150x150.jpg\" class=\"attachment-thumbnail size-thumbnail\" alt=\"\" \/><\/a>\n\t\t\t\t<\/dt><\/dl><br style=\"clear: both\" \/><dl class='gallery-item'>\n\t\t\t\t<dt class='gallery-icon landscape'>\n\t\t\t\t\t<a class=\"rollover\" href='https:\/\/www.radiopiu.net\/wordpress\/il-grande-fulvio-roiter-con-ottime-immagini-nel-libro-1989-cansiglio-il-bosco-dei-dogi-2\/7-16\/'><img loading=\"lazy\" decoding=\"async\" width=\"150\" height=\"150\" src=\"https:\/\/www.radiopiu.net\/wordpress\/wp-content\/uploads\/2022\/07\/7-1-150x150.jpg\" class=\"attachment-thumbnail size-thumbnail\" alt=\"\" \/><\/a>\n\t\t\t\t<\/dt><\/dl><dl class='gallery-item'>\n\t\t\t\t<dt class='gallery-icon landscape'>\n\t\t\t\t\t<a class=\"rollover\" href='https:\/\/www.radiopiu.net\/wordpress\/il-grande-fulvio-roiter-con-ottime-immagini-nel-libro-1989-cansiglio-il-bosco-dei-dogi-2\/8-11\/'><img loading=\"lazy\" decoding=\"async\" width=\"150\" height=\"150\" src=\"https:\/\/www.radiopiu.net\/wordpress\/wp-content\/uploads\/2022\/07\/8-1-150x150.jpg\" class=\"attachment-thumbnail size-thumbnail\" alt=\"\" \/><\/a>\n\t\t\t\t<\/dt><\/dl><dl class='gallery-item'>\n\t\t\t\t<dt class='gallery-icon landscape'>\n\t\t\t\t\t<a class=\"rollover\" href='https:\/\/www.radiopiu.net\/wordpress\/il-grande-fulvio-roiter-con-ottime-immagini-nel-libro-1989-cansiglio-il-bosco-dei-dogi-2\/9-16\/'><img loading=\"lazy\" decoding=\"async\" width=\"150\" height=\"150\" src=\"https:\/\/www.radiopiu.net\/wordpress\/wp-content\/uploads\/2022\/07\/9-1-150x150.jpg\" class=\"attachment-thumbnail size-thumbnail\" alt=\"\" \/><\/a>\n\t\t\t\t<\/dt><\/dl><dl class='gallery-item'>\n\t\t\t\t<dt class='gallery-icon landscape'>\n\t\t\t\t\t<a class=\"rollover\" href='https:\/\/www.radiopiu.net\/wordpress\/il-grande-fulvio-roiter-con-ottime-immagini-nel-libro-1989-cansiglio-il-bosco-dei-dogi-2\/attachment\/010\/'><img loading=\"lazy\" decoding=\"async\" width=\"150\" height=\"150\" src=\"https:\/\/www.radiopiu.net\/wordpress\/wp-content\/uploads\/2022\/07\/010-150x150.jpg\" class=\"attachment-thumbnail size-thumbnail\" alt=\"\" \/><\/a>\n\t\t\t\t<\/dt><\/dl><dl class='gallery-item'>\n\t\t\t\t<dt class='gallery-icon portrait'>\n\t\t\t\t\t<a class=\"rollover\" href='https:\/\/www.radiopiu.net\/wordpress\/il-grande-fulvio-roiter-con-ottime-immagini-nel-libro-1989-cansiglio-il-bosco-dei-dogi-2\/attachment\/011\/'><img loading=\"lazy\" decoding=\"async\" width=\"150\" height=\"150\" src=\"https:\/\/www.radiopiu.net\/wordpress\/wp-content\/uploads\/2022\/07\/011-150x150.jpg\" class=\"attachment-thumbnail size-thumbnail\" alt=\"\" \/><\/a>\n\t\t\t\t<\/dt><\/dl><dl class='gallery-item'>\n\t\t\t\t<dt class='gallery-icon portrait'>\n\t\t\t\t\t<a class=\"rollover\" href='https:\/\/www.radiopiu.net\/wordpress\/il-grande-fulvio-roiter-con-ottime-immagini-nel-libro-1989-cansiglio-il-bosco-dei-dogi-2\/attachment\/012\/'><img loading=\"lazy\" decoding=\"async\" width=\"150\" height=\"150\" src=\"https:\/\/www.radiopiu.net\/wordpress\/wp-content\/uploads\/2022\/07\/012-150x150.jpg\" class=\"attachment-thumbnail size-thumbnail\" alt=\"\" \/><\/a>\n\t\t\t\t<\/dt><\/dl><br style=\"clear: both\" \/><dl class='gallery-item'>\n\t\t\t\t<dt class='gallery-icon portrait'>\n\t\t\t\t\t<a class=\"rollover\" href='https:\/\/www.radiopiu.net\/wordpress\/il-grande-fulvio-roiter-con-ottime-immagini-nel-libro-1989-cansiglio-il-bosco-dei-dogi-2\/013-3\/'><img loading=\"lazy\" decoding=\"async\" width=\"149\" height=\"150\" src=\"https:\/\/www.radiopiu.net\/wordpress\/wp-content\/uploads\/2022\/07\/013-149x150.jpg\" class=\"attachment-thumbnail size-thumbnail\" alt=\"\" \/><\/a>\n\t\t\t\t<\/dt><\/dl><dl class='gallery-item'>\n\t\t\t\t<dt class='gallery-icon portrait'>\n\t\t\t\t\t<a class=\"rollover\" href='https:\/\/www.radiopiu.net\/wordpress\/il-grande-fulvio-roiter-con-ottime-immagini-nel-libro-1989-cansiglio-il-bosco-dei-dogi-2\/014-2\/'><img loading=\"lazy\" decoding=\"async\" width=\"150\" height=\"150\" src=\"https:\/\/www.radiopiu.net\/wordpress\/wp-content\/uploads\/2022\/07\/014-150x150.jpg\" class=\"attachment-thumbnail size-thumbnail\" alt=\"\" \/><\/a>\n\t\t\t\t<\/dt><\/dl><dl class='gallery-item'>\n\t\t\t\t<dt class='gallery-icon landscape'>\n\t\t\t\t\t<a class=\"rollover\" href='https:\/\/www.radiopiu.net\/wordpress\/il-grande-fulvio-roiter-con-ottime-immagini-nel-libro-1989-cansiglio-il-bosco-dei-dogi-2\/attachment\/015\/'><img loading=\"lazy\" decoding=\"async\" width=\"150\" height=\"150\" src=\"https:\/\/www.radiopiu.net\/wordpress\/wp-content\/uploads\/2022\/07\/015-150x150.jpg\" class=\"attachment-thumbnail size-thumbnail\" alt=\"\" \/><\/a>\n\t\t\t\t<\/dt><\/dl><dl class='gallery-item'>\n\t\t\t\t<dt class='gallery-icon landscape'>\n\t\t\t\t\t<a class=\"rollover\" href='https:\/\/www.radiopiu.net\/wordpress\/il-grande-fulvio-roiter-con-ottime-immagini-nel-libro-1989-cansiglio-il-bosco-dei-dogi-2\/attachment\/017\/'><img loading=\"lazy\" decoding=\"async\" width=\"150\" height=\"150\" src=\"https:\/\/www.radiopiu.net\/wordpress\/wp-content\/uploads\/2022\/07\/017-150x150.jpg\" class=\"attachment-thumbnail size-thumbnail\" alt=\"\" \/><\/a>\n\t\t\t\t<\/dt><\/dl><dl class='gallery-item'>\n\t\t\t\t<dt class='gallery-icon portrait'>\n\t\t\t\t\t<a class=\"rollover\" href='https:\/\/www.radiopiu.net\/wordpress\/il-grande-fulvio-roiter-con-ottime-immagini-nel-libro-1989-cansiglio-il-bosco-dei-dogi-2\/018-2\/'><img loading=\"lazy\" decoding=\"async\" width=\"150\" height=\"150\" src=\"https:\/\/www.radiopiu.net\/wordpress\/wp-content\/uploads\/2022\/07\/018-150x150.jpg\" class=\"attachment-thumbnail size-thumbnail\" alt=\"\" \/><\/a>\n\t\t\t\t<\/dt><\/dl>\n\t\t\t\t<br style='clear: both' \/>\n\t\t\t<\/div>\n\n<p>&nbsp;<\/p>\n<p>NELLE FOTO (riproduzioni dal libro di Fulvio Roiter: \u201cCansiglio. Bosco dei dogi\u201d): la copertina del volume; l\u2019autore, il grande fotografo Fulvio Roiter; lo scrittore Mario Rigoni Stern; primavera sui pascoli dell\u2019alto Alpago; propaggini orientali della foresta; Campo di Mezzo in primavera; i boschi artificiali ed innaturali defogliati a morte dal parassita dell\u2019abete rosso; Campo di Sopra: la leggenda vuole che Silla (138-78 avanti Cristo) abbia posto i propri accampamenti; fioritura primaverile dei pascoli del Cansiglio; fioritura di Sassifraghe; il Sedum acre \u00e8 ornamento frequente delle fessure delle rocce; la foresta con i suoi vecchi alberi ospita diverse specie di picchi; il gregge al pascolo si confonde con le rocce emergenti; Piane del Cansiglio (davanti) e di Valmenera (dietro) e sullo sfondo la parte alta dell\u2019Alpago; il mulo \u00e8 ancora oggi un efficace mezzo di trasporto della legna in foresta; legname prodotto dal bosco per l\u2019uomo; vista panoramica dalla cima del monte Pizzoch; vento e neve sottopongono gli alberi del bosco ad una continua selezione che risparmia solo i soggetti meglio adattati.<\/p>\n","protected":false},"excerpt":{"rendered":"<p>di\u00a0 RENATO BONA\u00a0 \u201cCansiglio. Il Bosco dei dogi\u201d. E\u2019 il titolo di un prezioso, splendido volume di Fulvio Roiter realizzato con Vianello libri (grazie anche al contributo dell\u2019Azienda regionale foreste del Veneto), nel marzo 1989 nello stabilimento delle Grafiche Vianello di Ponzano, su progetto grafico e coordinamento editoriale di Livio Scibilia e Mimmo Vita. Frutto&hellip;<\/p>\n","protected":false},"author":4,"featured_media":289217,"comment_status":"closed","ping_status":"closed","sticky":false,"template":"","format":"standard","meta":{"_monsterinsights_skip_tracking":false,"_monsterinsights_sitenote_active":false,"_monsterinsights_sitenote_note":"","_monsterinsights_sitenote_category":0,"footnotes":""},"categories":[104,49],"tags":[],"class_list":["post-289216","post","type-post","status-publish","format-standard","has-post-thumbnail","hentry","category-evidenza_3","category-news-18","category-104","category-49","description-off"],"img_url":"https:\/\/www.radiopiu.net\/wordpress\/wp-content\/uploads\/2022\/07\/1-1.jpg","_links":{"self":[{"href":"https:\/\/www.radiopiu.net\/wordpress\/wp-json\/wp\/v2\/posts\/289216","targetHints":{"allow":["GET"]}}],"collection":[{"href":"https:\/\/www.radiopiu.net\/wordpress\/wp-json\/wp\/v2\/posts"}],"about":[{"href":"https:\/\/www.radiopiu.net\/wordpress\/wp-json\/wp\/v2\/types\/post"}],"author":[{"embeddable":true,"href":"https:\/\/www.radiopiu.net\/wordpress\/wp-json\/wp\/v2\/users\/4"}],"replies":[{"embeddable":true,"href":"https:\/\/www.radiopiu.net\/wordpress\/wp-json\/wp\/v2\/comments?post=289216"}],"version-history":[{"count":0,"href":"https:\/\/www.radiopiu.net\/wordpress\/wp-json\/wp\/v2\/posts\/289216\/revisions"}],"wp:featuredmedia":[{"embeddable":true,"href":"https:\/\/www.radiopiu.net\/wordpress\/wp-json\/wp\/v2\/media\/289217"}],"wp:attachment":[{"href":"https:\/\/www.radiopiu.net\/wordpress\/wp-json\/wp\/v2\/media?parent=289216"}],"wp:term":[{"taxonomy":"category","embeddable":true,"href":"https:\/\/www.radiopiu.net\/wordpress\/wp-json\/wp\/v2\/categories?post=289216"},{"taxonomy":"post_tag","embeddable":true,"href":"https:\/\/www.radiopiu.net\/wordpress\/wp-json\/wp\/v2\/tags?post=289216"}],"curies":[{"name":"wp","href":"https:\/\/api.w.org\/{rel}","templated":true}]}}