{"id":289295,"date":"2022-07-27T05:29:47","date_gmt":"2022-07-27T03:29:47","guid":{"rendered":"https:\/\/www.radiopiu.net\/wordpress\/?p=289295"},"modified":"2022-07-27T05:50:13","modified_gmt":"2022-07-27T03:50:13","slug":"giornale-radiopiu-27-luglio-2022-direttore-mirko-mezzacasa","status":"publish","type":"post","link":"https:\/\/www.radiopiu.net\/wordpress\/giornale-radiopiu-27-luglio-2022-direttore-mirko-mezzacasa\/","title":{"rendered":"GIORNALE RADIOPIU 27 LUGLIO 2022 DIRETTORE MIRKO MEZZACASA"},"content":{"rendered":"<h3 class=\"kvgmc6g5 cxmmr5t8 oygrvhab hcukyx3x c1et5uql\"><span style=\"color: #0000ff;\"><strong>RADIO PIU INFORMAZIONE il canale su TELEGRAM informazione di prima\u00a0 <\/strong><\/span><span style=\"color: #0000ff;\"><strong>mano e in tempo reale. iscriviti ed aiutaci a farlo conoscere\u00a0 \u00a0<\/strong><\/span><\/h3>\n<p><iframe loading=\"lazy\" title=\"Rocca Pietore, Marmolada, Val Pettorina\" width=\"1200\" height=\"675\" src=\"https:\/\/www.youtube.com\/embed\/fnodpFI2M1w?feature=oembed\" frameborder=\"0\" allow=\"accelerometer; autoplay; clipboard-write; encrypted-media; gyroscope; picture-in-picture\" allowfullscreen><\/iframe><\/p>\n<p>&nbsp;<\/p>\n<hr \/>\n<p>&nbsp;<\/p>\n<blockquote>\n<h3>IN VIA FOCH A CENCENIGHE ACQUA INQUINATA<\/h3>\n<\/blockquote>\n<p><strong>CENCENIGHE<\/strong> Gestione Servizi Pubblici informa che\u00a0 in localit\u00e0 FOCH l&#8217;acqua erogata dall&#8217;acquedotto non \u00e8 potabile e pu\u00f2 essere usata per scopi alimentari SOLO PREVIA bollitura.<\/p>\n<p>&nbsp;<\/p>\n<blockquote>\n<h3>RINVIATI A DATA DA DESTINARSI I LAVORI DI BIM GSP IN CENTRO A BELLUNO PREVISTI PER OGGI<\/h3>\n<\/blockquote>\n<p><strong>BELLUNO <\/strong>E\u2019 stato rinviato a data da destinarsi l\u2019intervento in programma\u00a0 oggi\u00a0 in centro a Belluno per il completamento della distrettualizzazione della rete idrica cittadina. Bim Gsp, infatti, a causa del protrarsi dell\u2019emergenza idrica dovuta alle ridotte precipitazioni stagionali, destiner\u00e0 tutte le squadre tecnico-operative alla gestione dell\u2019emergenza idrica che sta interessando diverse zone della provincia di Belluno<\/p>\n<p>&nbsp;<\/p>\n<hr \/>\n<p>&nbsp;<\/p>\n<blockquote>\n<h3 class=\"entry-title\">DOMANI L\u2019ADDIO ALL\u2019EDICOLANTE DI PONTE NELLE ALPI<\/h3>\n<\/blockquote>\n<p><img loading=\"lazy\" decoding=\"async\" class=\"alignleft\" src=\"https:\/\/www.radiopiu.net\/wordpress\/wp-content\/uploads\/2022\/07\/c9b5712c-ffb3-485e-8c2f-5bc7c80d0bc6.jpg\" width=\"109\" height=\"111\" \/><\/p>\n<p>&nbsp;<\/p>\n<p><strong>PONTE NELLE ALPI<\/strong>\u00a0 Una comunit\u00e0 attonita domani si stringer\u00e0 con affetto attorno alla famiglia di Eleonora Bortoluzzi scomparsa a soli 38 anni. I funerali sono fissati per domani alle 10 a Cadola.\u00a0 Era la titolare dell\u2019edicola-tabaccheria di via Dolomiti, \u00e8 stata trovata priva di vita nella sua casa dai famigliari,\u00a0 lascia due figli piccoli la mamma Soraya e pap\u00e0 Loris.<\/p>\n<p>&nbsp;<\/p>\n<p>&nbsp;<\/p>\n<hr \/>\n<p>&nbsp;<\/p>\n<blockquote>\n<h3 class=\"entry-title\">DIVIETI SNOBBATI, ALPINISTI FRANCESI METTONO A RISCHIO LA LORO VITA E QUELLA DEGLI ALTRI<\/h3>\n<\/blockquote>\n<p><strong><img loading=\"lazy\" decoding=\"async\" class=\"alignleft\" src=\"https:\/\/www.radiopiu.net\/wordpress\/wp-content\/uploads\/2022\/07\/Foto-Soccorso-Alpino-Marmolada-2.png\" width=\"168\" height=\"126\" \/>CANAZEI<\/strong>\u00a0Meriterebbero una sanzione salatissima e uno di quei Daspo che gli impedisca di rimettere corde e ramponi tra le Dolomiti, comunque ed ovunque essi siano diretti. Si definiscono alpinisti e ieri in cordata hanno sfidato la Marmolada in un\u2019area interdetta ad esperti e non,\u00a0 poich\u00e9 anche gli alpinisti si dice non siano immortali. I cinque a tre settimane dalla tragedia sono tornati in Marmolada sulla via \u00a0Don Chisciotte e fin qui nulla da eccepire. La cordata\u00a0arrivata a 150 metri dalla funivia di Punta Rocca ha deciso di scendere\u00a0con le corde doppie ritrovandosi\u00a0sul ghiacciaio, in un\u2019area vietata, in difficolt\u00e0 a causa della mancanza dello strato di neve.\u00a0 \u00a0Si sono trovati in difficolt\u00e0 non riuscendo pi\u00f9 a muoversi, a levarli dai guai gli uomini del Soccorso Alpino della Val di Fassa.<\/p>\n<p>&nbsp;<\/p>\n<p>&nbsp;<\/p>\n<hr \/>\n<p>&nbsp;<\/p>\n<blockquote>\n<h3>COPPIA SFINITA DALLA STANCHEZZA RECUPERATA DAL SOCCORSO ALPINO<\/h3>\n<\/blockquote>\n<p><strong><a class=\"dt-pswp-item\" href=\"https:\/\/www.radiopiu.net\/wordpress\/wp-content\/uploads\/2022\/07\/SALT.png\" data-dt-img-description=\"\" data-large_image_width=\"1432\" data-large_image_height=\"908\"><img loading=\"lazy\" decoding=\"async\" class=\" wp-image-284853 alignleft\" src=\"https:\/\/www.radiopiu.net\/wordpress\/wp-content\/uploads\/2022\/07\/SALT-150x150.png\" alt=\"\" width=\"113\" height=\"113\" \/><\/a>SAN VITO DI CADORE<\/strong> Alle 15.20 di ieri la Centrale del Suem \u00e8 stata allertata da una coppia di escursionisti austriaci, che si trovavano nelle vicinanze di Casera Prendera e non erano pi\u00f9 in grado di proseguire, poich\u00e9 la donna, una 46enne, era sfinita dalla stanchezza. Una volta geolocalizzati, in loro aiuto \u00e8 stato inviato l&#8217;elisoccorso di Dolomiti Emergency, che ha sbarcato nelle vicinanze in hovering equipe medica e tecnico di elisoccorso. Valutate le sue condizioni, l&#8217;escursionista \u00e8 stata caricata a bordo assieme al compagno e trasportata a Fiames, da dove \u00e8 stata accompagnata all&#8217;ospedale di Cortina in ambulanza.<\/p>\n<p>&nbsp;<\/p>\n<p>&nbsp;<\/p>\n<hr \/>\n<p>&nbsp;<\/p>\n<blockquote>\n<h3>UNA FRANA SULLA STRADA PER ORNELLA<\/h3>\n<\/blockquote>\n<p><strong>LIVINALLONGO<\/strong> Ieri alle 19:45 una frana ha interrotto ad Ornella la strada comunale che porta all\u2019abitato di Pallua. <em>&#8220;Non sono coinvolte persone o autoveicoli &#8211; ci dice il sindaco Leandro Grones- I frazionisti di Ornella stanno lavorando per liberare il tombotto, rimuovere detriti e materiale e quindi alla pulizia della sede stradale&#8221;.<\/em><br \/>\nI lavori di regimazione idraulica effettuati dai Servizi Forestali sul R\u00f9 de la Boa hanno limitato i danni, mentre Iil tombotto sar\u00e0 a breve oggetto di intervento di adeguamento gi\u00e0 finanziato con i fondi Vaia.<\/p>\n<p><img decoding=\"async\" src=\"https:\/\/www.radiopiu.net\/wordpress\/wp-content\/uploads\/2022\/07\/bef7d418-5864-4e33-8373-1d738d5717d0.jpg\" \/><\/p>\n<p>&nbsp;<\/p>\n<hr \/>\n<p>&nbsp;<\/p>\n<blockquote>\n<h3>SCATTA L&#8217;ALLARME SULLA FRANA DI CANCIA. COLATA DETRITICA ANCHE A VODO DI CADORE<\/h3>\n<\/blockquote>\n<p><strong><a class=\"dt-pswp-item\" href=\"https:\/\/www.radiopiu.net\/wordpress\/wp-content\/uploads\/2020\/10\/Cancia-1.jpg\" data-dt-img-description=\"\" data-large_image_width=\"1280\" data-large_image_height=\"960\"><img loading=\"lazy\" decoding=\"async\" class=\"size-thumbnail wp-image-167860 alignleft\" src=\"https:\/\/www.radiopiu.net\/wordpress\/wp-content\/uploads\/2020\/10\/Cancia-1-150x150.jpg\" alt=\"\" width=\"150\" height=\"150\" \/><\/a> <\/strong><\/p>\n<p><strong>\u00a0<\/strong><\/p>\n<p><strong>BORCA DI CADORE<\/strong> Si sono attivati gli allarmi sulla frana di Cancia a Borca di Cadore. Dopo il temporale nel pomeriggio di ieri \u00e8 sceso del materiale liquido arrivato nella vasca di accumulo senza interessare viabilit\u00e0 e abitazioni. Anche a Vodo di Cadore sul torrente Rudan una colata detritica che \u00e8 stata trattenuta dalla briglia realizzata dai servizi Forestali Regionali. Anche in questo caso il materiale non ha interessato Viabilit\u00e0 e abitazioni a valle.<\/p>\n<p>&nbsp;<\/p>\n<p>&nbsp;<\/p>\n<hr \/>\n<p>&nbsp;<\/p>\n<blockquote>\n<h3>STRADE ALLAGATE A VODO DI CADORE<\/h3>\n<\/blockquote>\n<p><strong>VODO DI CADORE<\/strong>\u00a0Forte temporale a Vodo di Cadore dove le strade sono diventate un fiume marrone come si nota nel video che pubblichiamo. In Cadore si \u00e8 passati in poche ore dai problema causati dal fuoco a quelli provocati dall\u2019acqua. La pioggia, che da un lato ha aiutato a spegnere l\u2019incendio boschivo di Lozzo di Cadore, ha per\u00f2 provocato problemi nella zona di Vodo e Peajo. Il forte acquazzone di met\u00e0 pomeriggio ha fatto scattare gli allarmi della frana di Cancia in comune di Borca di Cadore, dove \u00e8 sceso materiale molto liquido, arrivato solo nella vasca di accumulo, senza interessare fortunatamente abitazioni e viabilit\u00e0- Problemi alla circolazione invece tra Vodo e Peaio dove sul torrente Rudan \u00e8 scesa una colata detritica, rattenuta dalla briglia realizzata dai Servizi Forestali della Regione, senza interessare le abitazioni a valle. I\u00a0rallentamenti alla viabilit\u00e0 sono stati causati dal materiale liquido che ha invaso una carreggiata, costringendo i Vigili del Fuoco ad intervenire anche con un\u2019idrovora per la pulizia del manto stradale.<\/p>\n<p><strong>DA VIABILITA&#8217; PROVINCIA BELLUNO (TELEGRAM)<\/strong><\/p>\n<div style=\"width: 1200px;\" class=\"wp-video\"><video class=\"wp-video-shortcode\" id=\"video-289295-1\" width=\"1200\" height=\"675\" preload=\"metadata\" controls=\"controls\"><source type=\"video\/mp4\" src=\"https:\/\/www.radiopiu.net\/wordpress\/wp-content\/uploads\/2022\/07\/VODO.mp4?_=1\" \/><a href=\"https:\/\/www.radiopiu.net\/wordpress\/wp-content\/uploads\/2022\/07\/VODO.mp4\">https:\/\/www.radiopiu.net\/wordpress\/wp-content\/uploads\/2022\/07\/VODO.mp4<\/a><\/video><\/div>\n<p>&nbsp;<\/p>\n<hr \/>\n<p>&nbsp;<\/p>\n<p>&nbsp;<\/p>\n<blockquote>\n<h3>ANZIANO DERUBATO IN CASA, LE RACCOMANDAZIONI DEL SINDACO<\/h3>\n<\/blockquote>\n<div dir=\"auto\"><strong><img loading=\"lazy\" decoding=\"async\" class=\"alignleft\" src=\"https:\/\/www.radiopiu.net\/wordpress\/wp-content\/uploads\/2020\/04\/ANZIANI.jpg\" width=\"183\" height=\"128\" \/>VAL DI ZOLDO\u00a0<\/strong> <em>&#8220;Siamo stati informati che nella giornata di ieri 25 luglio \u00e8 stato compiuto un furto in abitazione a Pianaz. I due malviventi sono entrati nell&#8217;abitazione dell&#8217;anziano con lo stratagemma di chiedere una stanza per la notte e sono poi riusciti a sottrarre dei valori. <\/em><em>Si raccomanda quindi di non aprire ad estranei, nemmeno se si qualificano come operatori di enti e di segnalare alle autorit\u00e0 fatti sospetti&#8221;.<\/em>Il post sulla pagina facebook del sindaco Camillo De Pellegrin ha messo in allarme la vallata ed alzato l&#8217;asticella dell&#8217;attenzione. I ladri hanno raggirato un anziano rubandogli i gioielli della moglie morta. Il 93enne abita\u00a0 a Pianaz.\u00a0 Luned\u00ec due stranieri sono entrati in casa chiedendo una camera in affitto per la notte ma era solo una scusa per distrarlo e cercare denaro e preziosi. Uno dei due \u00e8 salito in camera ed ha messo a segno il furo dei gioielli della moglie morta da tempo.<\/div>\n<div dir=\"auto\"><\/div>\n<p>&nbsp;<\/p>\n<p>&nbsp;<\/p>\n<hr \/>\n<p>&nbsp;<\/p>\n<blockquote>\n<h3>EMERGENZA IDRICA: IL PRESIDENTE DELLA REGIONE NOMINATO\u00a0 COMMISSARIO<\/h3>\n<\/blockquote>\n<p><strong><img loading=\"lazy\" decoding=\"async\" class=\"alignleft\" src=\"https:\/\/www.radiopiu.net\/wordpress\/wp-content\/uploads\/2022\/07\/zaia.jpg\" width=\"253\" height=\"177\" \/>VENEZIA<\/strong>\u00a0 Il Presidente della Regione Veneto \u00e8 stato nominato Commissario delegato per gli interventi urgenti per gestione della crisi idrica, in applicazione a quanto stabilisce l\u2019Ordinanza del Capo del Dipartimento della Protezione Civile emanata lo scorso 21 luglio \u2013 che individua appunto nei Presidenti delle Regioni interessate dall\u2019emergenza i soggetti cui viene riconosciuto il ruolo commissariale &#8211; con lo scopo di avviare le prime misure urgenti per fronteggiare la situazione di deficit. Ne ha dato notizia lo stesso Presidente della Regione nel punto stampa odierno, che ha affrontato, tra gli altri, anche il tema dell\u2019emergenza idrica in corso nella Regione. In qualit\u00e0 di Commissario, e con l\u2019obiettivo di dare tempestivit\u00e0 ed efficacia alle azioni da intraprendere, il Presidente ha emanato un\u2019ordinanza con la quale ha nominato il dott. Nicola Dell\u2019Acqua &#8211; Direttore di Veneto Agricoltura &#8211; Soggetto Attuatore per il coordinamento e la gestione delle attivit\u00e0 commissariali. <em>\u201cRivolgo un appello a tutti i cittadini: la risorsa idrica appartiene a tutti. Invito quindi a farne un consumo parsimonioso, dettato dal buon senso e dal rispetto del senso civico\u201d,<\/em>\u00a0 ha detto\u00a0 il Presidente.<\/p>\n<p>&nbsp;<\/p>\n<p>&nbsp;<\/p>\n<p>&nbsp;<\/p>\n<hr \/>\n<p>&nbsp;<\/p>\n<blockquote>\n<h3 class=\"entry-title\">CRITICITA\u2019 IDRICA, PROPOSTE CONCRETE NELL\u2019INTERESSE DEI CITTADINI<\/h3>\n<\/blockquote>\n<p><strong class=\"photoswipe-wrapper\"><a class=\"dt-pswp-item pspw-wrap-ready\" href=\"https:\/\/www.radiopiu.net\/wordpress\/wp-content\/uploads\/2022\/07\/Consiglieri-De-Francesch-e-Costa.jpeg\" data-dt-img-description=\"\" data-large_image_width=\"1080\" data-large_image_height=\"791\"><img loading=\"lazy\" decoding=\"async\" class=\" wp-image-289358 alignleft\" src=\"https:\/\/www.radiopiu.net\/wordpress\/wp-content\/uploads\/2022\/07\/Consiglieri-De-Francesch-e-Costa-300x220.jpeg\" sizes=\"auto, (max-width: 224px) 100vw, 224px\" srcset=\"https:\/\/www.radiopiu.net\/wordpress\/wp-content\/uploads\/2022\/07\/Consiglieri-De-Francesch-e-Costa-300x220.jpeg 300w, https:\/\/www.radiopiu.net\/wordpress\/wp-content\/uploads\/2022\/07\/Consiglieri-De-Francesch-e-Costa-1024x750.jpeg 1024w, https:\/\/www.radiopiu.net\/wordpress\/wp-content\/uploads\/2022\/07\/Consiglieri-De-Francesch-e-Costa-768x562.jpeg 768w, https:\/\/www.radiopiu.net\/wordpress\/wp-content\/uploads\/2022\/07\/Consiglieri-De-Francesch-e-Costa.jpeg 1080w\" alt=\"\" width=\"224\" height=\"164\" \/><\/a>ALPAGO<\/strong>\u00a0In risposta all\u2019emergenza idrica che sta flagellando anche il territorio dell\u2019Alpago i consiglieri,\u00a0<span id=\"page3R_mcid1\" class=\"markedContent\"><span dir=\"ltr\" role=\"presentation\">Vanessa De Francesch e Federico Costa si sono fatti promotori di alcune iniziative\u00a0<\/span><span dir=\"ltr\" role=\"presentation\">nell\u2019interesse dei <\/span><span dir=\"ltr\" role=\"presentation\">cittadini che in questi giorni si ritrovano senza uno dei beni primari, l\u2019acqua.\u00a0<em>\u201c<\/em><\/span><\/span><span id=\"page3R_mcid2\" class=\"markedContent\"><em><span dir=\"ltr\" role=\"presentation\">Ci sar\u00e0 il tempo delle analisi e delle risposte alle domande che i cittadini si stanno ponendo sulle cause di\u00a0<\/span><span dir=\"ltr\" role=\"presentation\">questa incredibile situazione sulle misure che sono state adottate nei mesi scorsi (vista la siccit\u00e0\u00a0<\/span><span dir=\"ltr\" role=\"presentation\">preannunciata da mesi) e sulle scelte future che andranno compiute in chiave di prevenzione \u2013 spiegano i due consiglieri \u2013 ma ora \u00e8 il\u00a0<\/span><\/em><span dir=\"ltr\" role=\"presentation\"><em>momento di dare aiuti alle persone\u201d<\/em>. In concreto questo le proposte dei consiglieri sollecitate all\u2019amministrazione comunale: stampa di volantini informativi con i comportamenti da tenere e le ordinanze comunali; punti di distribuzione di bottiglie d\u2019acqua con la protezione civile; monitoraggio delle persone in difficolt\u00e0.<\/span><\/span><\/p>\n<p>&nbsp;<\/p>\n<p>&nbsp;<\/p>\n<hr \/>\n<p>&nbsp;<\/p>\n<blockquote>\n<h3>MINORI ENTRATE PER 3,5 MILIONI DI EURO, MAGGIORI SPESE PER RINCARI ENERGETICI: LA PROVINCIA VARA UNA MINI MANOVRA<\/h3>\n<\/blockquote>\n<p><strong><a class=\"dt-pswp-item\" href=\"https:\/\/www.radiopiu.net\/wordpress\/wp-content\/uploads\/2022\/07\/PHOTO-2022-07-26-14-56-01.jpg\" data-dt-img-description=\"\" data-large_image_width=\"1024\" data-large_image_height=\"768\"><img loading=\"lazy\" decoding=\"async\" class=\"size-thumbnail wp-image-289438 alignleft\" src=\"https:\/\/www.radiopiu.net\/wordpress\/wp-content\/uploads\/2022\/07\/PHOTO-2022-07-26-14-56-01-150x150.jpg\" alt=\"\" width=\"150\" height=\"150\" \/><\/a>SOVRAMONTE<\/strong> Mini manovra finanziaria per assicurare gli equilibri di bilancio. Il consiglio provinciale, riunito\u00a0 a Sovramonte, ha varato una variazione necessaria ad assicurare la continuit\u00e0 dell\u2019azione amministrativa, nonostante le difficolt\u00e0 dovute alle minori entrate e alle maggiori spese causate dai rincari energetici.\u00a0 Alla voce delle entrate &#8211; Itp e Rc auto &#8211; le stime danno 3,5 milioni di euro in meno per il 2022. Sul fronte delle uscite, invece, vengono calcolati circa 500mila euro di maggiori spese per l\u2019energia elettrica e per il riscaldamento di scuole e fabbricati, a causa dei rincari di luce e gas registrati negli ultimi mesi; 800mila euro in pi\u00f9 per le materie prime e l\u2019energia elettrica in utilizzo a Veneto Strade; e maggiori accantonamenti dovuti a spese amministrative di vario genere. A fronte di questa situazione, il consiglio provinciale ha deliberato di utilizzare 2,7 milioni di euro di avanzo libero.<\/p>\n<p>&nbsp;<\/p>\n<hr \/>\n<p>&nbsp;<\/p>\n<blockquote>\n<h3>MAGGIORI SPESE E MINORI ENTRATE PER IL COMUNE DI BELLUNO. L&#8217;ANALISI DEI COSTI E INTERVENTI DI EFFICIENTAMENTO ENERGETICO<\/h3>\n<\/blockquote>\n<p><strong>di Moreno Gioli<\/strong><\/p>\n<audio class=\"wp-audio-shortcode\" id=\"audio-289295-1\" preload=\"none\" style=\"width: 100%;\" controls=\"controls\"><source type=\"audio\/mpeg\" src=\"https:\/\/www.radiopiu.net\/wordpress\/wp-content\/uploads\/2022\/07\/GIOLI-SPESE-COMUNE-BELLUNO.mp3?_=1\" \/><a href=\"https:\/\/www.radiopiu.net\/wordpress\/wp-content\/uploads\/2022\/07\/GIOLI-SPESE-COMUNE-BELLUNO.mp3\">https:\/\/www.radiopiu.net\/wordpress\/wp-content\/uploads\/2022\/07\/GIOLI-SPESE-COMUNE-BELLUNO.mp3<\/a><\/audio>\n<p>&nbsp;<\/p>\n<p><strong><a class=\"dt-pswp-item\" href=\"https:\/\/www.radiopiu.net\/wordpress\/wp-content\/uploads\/2022\/02\/Palazzo-rosso-illuminato-2-scaled.jpg\" data-dt-img-description=\"\" data-large_image_width=\"2560\" data-large_image_height=\"1707\"><img loading=\"lazy\" decoding=\"async\" class=\"size-thumbnail wp-image-258762 alignleft\" src=\"https:\/\/www.radiopiu.net\/wordpress\/wp-content\/uploads\/2022\/02\/Palazzo-rosso-illuminato-2-150x150.jpg\" alt=\"\" width=\"150\" height=\"150\" \/><\/a>BELLUNO<\/strong> Maggiori spese, minori entrate: sono pesanti gli effetti dell\u2019aumento energetico sul bilancio di Palazzo Rosso. Il bilancio di previsione 2022-2024 \u00e8 ancora condizionato dagli effetti economici e sociali a seguito della situazione emergenziale legata all\u2019epidemia da Covid 19, con effetti negativi in termini di minori entrate, non solo tributarie, e di maggiori spese per far fronte all\u2019emergenza. Nel 2021 ci sono state spese per 27 milioni 200 mila euro, la previsione per il 2022 \u00e8 che aumentino a 28 milioni e 400. Circa 1 milione 200 di spese in pi\u00f9 che dovranno essere gestite tenendo conto che le entrate previste saranno inferiori rispetto all\u2019anno scorso di circa 1 milione di euro. Al bilancio di previsione 2022 \u00e8 stato applicato, in via straordinaria, l\u2019avanzo di amministrazione libero 2021, utile per coprire l\u2019incremento della spesa corrente causato dai rincari dell\u2019energia elettrica e del gas metano. Per Palazzo Rosso si parla di 1 milione 840 mila euro.<\/p>\n<p><strong>PAOLO GAMBA, ASSESSORE AL BILANCIO DEL COMUNE DI BELLUNO<\/strong><\/p>\n<audio class=\"wp-audio-shortcode\" id=\"audio-289295-2\" preload=\"none\" style=\"width: 100%;\" controls=\"controls\"><source type=\"audio\/mpeg\" src=\"https:\/\/www.radiopiu.net\/wordpress\/wp-content\/uploads\/2022\/07\/Gamba-su-bilancio.mp3?_=2\" \/><a href=\"https:\/\/www.radiopiu.net\/wordpress\/wp-content\/uploads\/2022\/07\/Gamba-su-bilancio.mp3\">https:\/\/www.radiopiu.net\/wordpress\/wp-content\/uploads\/2022\/07\/Gamba-su-bilancio.mp3<\/a><\/audio>\n<p>&nbsp;<\/p>\n<p><strong>IL SINDACO DI BELLUNO OSCAR DE PELLEGRIN<\/strong><\/p>\n<audio class=\"wp-audio-shortcode\" id=\"audio-289295-3\" preload=\"none\" style=\"width: 100%;\" controls=\"controls\"><source type=\"audio\/mpeg\" src=\"https:\/\/www.radiopiu.net\/wordpress\/wp-content\/uploads\/2022\/07\/Sindaco-BELLUNO-BILANCIO.mp3?_=3\" \/><a href=\"https:\/\/www.radiopiu.net\/wordpress\/wp-content\/uploads\/2022\/07\/Sindaco-BELLUNO-BILANCIO.mp3\">https:\/\/www.radiopiu.net\/wordpress\/wp-content\/uploads\/2022\/07\/Sindaco-BELLUNO-BILANCIO.mp3<\/a><\/audio>\n<p>&nbsp;<\/p>\n<hr \/>\n<p>&nbsp;<\/p>\n<blockquote>\n<h3>FONDI COMUNI CONFINANTI: I PROGETTI DEL COMUNE DI CANALE D&#8217;AGORDO<\/h3>\n<\/blockquote>\n<p><strong><a class=\"dt-pswp-item\" href=\"https:\/\/www.radiopiu.net\/wordpress\/wp-content\/uploads\/2020\/06\/CANALE-DAGORDO-6.jpg\" data-dt-img-description=\"\" data-large_image_width=\"960\" data-large_image_height=\"720\"><img loading=\"lazy\" decoding=\"async\" class=\"size-thumbnail wp-image-142143 alignleft\" src=\"https:\/\/www.radiopiu.net\/wordpress\/wp-content\/uploads\/2020\/06\/CANALE-DAGORDO-6-150x150.jpg\" alt=\"\" width=\"150\" height=\"150\" \/><\/a>CANALE D&#8217;AGORDO<\/strong><\/p>\n<p>di Gianni Santomaso<\/p>\n<audio class=\"wp-audio-shortcode\" id=\"audio-289295-4\" preload=\"none\" style=\"width: 100%;\" controls=\"controls\"><source type=\"audio\/mpeg\" src=\"https:\/\/www.radiopiu.net\/wordpress\/wp-content\/uploads\/2022\/07\/GIANNI-FONDI-DI-CONFINE-CANALE.mp3?_=4\" \/><a href=\"https:\/\/www.radiopiu.net\/wordpress\/wp-content\/uploads\/2022\/07\/GIANNI-FONDI-DI-CONFINE-CANALE.mp3\">https:\/\/www.radiopiu.net\/wordpress\/wp-content\/uploads\/2022\/07\/GIANNI-FONDI-DI-CONFINE-CANALE.mp3<\/a><\/audio>\n<p>&nbsp;<\/p>\n<hr \/>\n<p>&nbsp;<\/p>\n<blockquote>\n<h3>DILLO A RADIO PIU&#8217;&#8230; UNA CICLABILE LABORATORIO DI IDEE<\/h3>\n<\/blockquote>\n<div class=\"j83agx80\" role=\"none\">\n<div class=\"j83agx80 buofh1pr g5gj957u hpfvmrgz\" role=\"none\" data-testid=\"message-container\">\n<div class=\"ns4p8fja j83agx80 cbu4d94t a6sixzi8 bkfpd7mw nred35xi a1xu1aao\" role=\"none\">\n<div class=\"j83agx80 k4urcfbm\" role=\"none\">\n<div class=\"ll8tlv6m j83agx80 cbu4d94t d2edcug0 l9j0dhe7\">\n<div class=\"j83agx80 k4urcfbm\" role=\"none\">\n<div class=\"cxgpxx05 d1544ag0 sj5x9vvc tw6a2znq l9j0dhe7 ni8dbmo4 stjgntxs e72ty7fz qlfml3jp inkptoze qmr60zad jm1wdb64 qv66sw1b ljqsnud1 odn2s2vf tkr6xdv7\" role=\"none\" data-testid=\"solid-message-bubble\">\n<div class=\"rq0escxv l9j0dhe7 du4w35lb __fb-light-mode\" role=\"none\">\n<div dir=\"auto\" role=\"none\">\n<div class=\"j83agx80\" role=\"none\">\n<div class=\"j83agx80 buofh1pr g5gj957u hpfvmrgz\" role=\"none\" data-testid=\"message-container\">\n<div class=\"ns4p8fja j83agx80 cbu4d94t a6sixzi8 bkfpd7mw nred35xi a1xu1aao\" role=\"none\">\n<div class=\"j83agx80 k4urcfbm\" role=\"none\">\n<div class=\"ll8tlv6m j83agx80 cbu4d94t d2edcug0 l9j0dhe7\">\n<div class=\"j83agx80 k4urcfbm\" role=\"none\">\n<div class=\"cxgpxx05 d1544ag0 sj5x9vvc tw6a2znq l9j0dhe7 ni8dbmo4 stjgntxs e72ty7fz qlfml3jp inkptoze qmr60zad jm1wdb64 qv66sw1b ljqsnud1 odn2s2vf tkr6xdv7\" role=\"none\" data-testid=\"solid-message-bubble\">\n<div class=\"rq0escxv l9j0dhe7 du4w35lb __fb-light-mode\" role=\"none\">\n<p dir=\"auto\" role=\"none\"><strong><a class=\"dt-pswp-item\" href=\"https:\/\/www.radiopiu.net\/wordpress\/wp-content\/uploads\/2022\/07\/294780505_427201556001477_1101108447697572597_n.jpg\" data-dt-img-description=\"\" data-large_image_width=\"154\" data-large_image_height=\"206\"><img loading=\"lazy\" decoding=\"async\" class=\"size-full wp-image-289404 alignleft\" src=\"https:\/\/www.radiopiu.net\/wordpress\/wp-content\/uploads\/2022\/07\/294780505_427201556001477_1101108447697572597_n.jpg\" alt=\"\" width=\"154\" height=\"206\" \/><\/a>ALLEGHE<\/strong> Riceviamo e pubblichiamo la segnalazione di Fiorenzo e una sua opinione su una ciclabile che da anni fa discutere. Come dimenticare i 30mila euro spesi per &#8220;grattare&#8221; l&#8217;asfalto perch\u00e9 il colore non era consono all&#8217;ambiente, a nulla erano valse le invettive dell&#8217;allora sindaco Siro De Biasio, l&#8217;unico che aveva osato alzare la voce. Intanto si spendono soldi mentre altrove persone, mezzi e case sono a rischio frana, l&#8217;ultimo esempio quanto successo sulla strada per lo Chalet di Alleghe situazione tutt&#8217;altro che risolta<\/p>\n<\/div>\n<blockquote>\n<div class=\"hzawbc8m ii04i59q jq4qci2q g9io39s2 oo9gr5id\" dir=\"auto\" role=\"none\"><em>Sono mesi che stanno costruendo questo muro che, a quanto ho capito, preserva dalle improbabili inondazioni del torrente\u00a0 Cordevole. Naturalmente il muro andava rivestito con pietre bianche, chiss\u00e0 quante decine di migliaia di euro sar\u00e0 costato, certo che questa ciclabile \u00e8 davvero un laboratorio di idee strampalate per aspiranti geni, peccato che poi paghiamo noi queste opere e peggio ancora i loro ideatori. Questi sono i lavori che servono,\u00a0 non mettere in sicurezza per esempio la strada per lo Chalet, ed a questo proposito ho sempre pensato che con la forza del materiale che scende dal Piz quella specie di sottopasso fosse inadeguato per non dire ridicolo.\u00a0<\/em><\/div>\n<\/blockquote>\n<div dir=\"auto\" role=\"none\"><span style=\"color: #ff0000;\">STRADA PER LO CHALET AL LAGO OGGI, A TRE GIORNI DALL&#8217;EVENTO FRANOSO, QUI TRANSITANO GIORNALMENTE CENTINANA DI TURISTI, A PIEDI, IN AUTO, CON I FURGONI ADIBITI A TAXI.\u00a0<\/span><\/div>\n<\/div>\n<\/div>\n\n\t\t\t<style type='text\/css'>\n\t\t\t\t#gallery-1 {\n\t\t\t\t\tmargin: auto;\n\t\t\t\t}\n\t\t\t\t#gallery-1 .gallery-item {\n\t\t\t\t\tfloat: left;\n\t\t\t\t\tmargin-top: 10px;\n\t\t\t\t\ttext-align: center;\n\t\t\t\t\twidth: 50%;\n\t\t\t\t}\n\t\t\t\t#gallery-1 img {\n\t\t\t\t\tborder: 2px solid #cfcfcf;\n\t\t\t\t}\n\t\t\t\t#gallery-1 .gallery-caption {\n\t\t\t\t\tmargin-left: 0;\n\t\t\t\t}\n\t\t\t\t\/* see gallery_shortcode() in wp-includes\/media.php *\/\n\t\t\t<\/style>\n\t\t<div id='gallery-1' class='dt-gallery-container gallery galleryid-289295 gallery-columns-2 gallery-size-thumbnail'><dl class='gallery-item'>\n\t\t\t\t<dt class='gallery-icon landscape'>\n\t\t\t\t\t<a class=\"rollover rollover-zoom dt-pswp-item\" title=\"05081c30-c575-4fbc-a39b-a226cc7f40e4\" data-dt-img-description=\"\" data-large_image_width=\"1600\" data-large_image_height=\"1200\"href='https:\/\/www.radiopiu.net\/wordpress\/wp-content\/uploads\/2022\/07\/05081c30-c575-4fbc-a39b-a226cc7f40e4.jpg'><img loading=\"lazy\" decoding=\"async\" width=\"150\" height=\"150\" src=\"https:\/\/www.radiopiu.net\/wordpress\/wp-content\/uploads\/2022\/07\/05081c30-c575-4fbc-a39b-a226cc7f40e4-150x150.jpg\" class=\"attachment-thumbnail size-thumbnail\" alt=\"\" \/><\/a>\n\t\t\t\t<\/dt><\/dl><dl class='gallery-item'>\n\t\t\t\t<dt class='gallery-icon landscape'>\n\t\t\t\t\t<a class=\"rollover rollover-zoom dt-pswp-item\" title=\"af675ab1-a93b-4cd4-b158-d278c1914cf1\" data-dt-img-description=\"\" data-large_image_width=\"1600\" data-large_image_height=\"1200\"href='https:\/\/www.radiopiu.net\/wordpress\/wp-content\/uploads\/2022\/07\/af675ab1-a93b-4cd4-b158-d278c1914cf1.jpg'><img loading=\"lazy\" decoding=\"async\" width=\"150\" height=\"150\" src=\"https:\/\/www.radiopiu.net\/wordpress\/wp-content\/uploads\/2022\/07\/af675ab1-a93b-4cd4-b158-d278c1914cf1-150x150.jpg\" class=\"attachment-thumbnail size-thumbnail\" alt=\"\" \/><\/a>\n\t\t\t\t<\/dt><\/dl><br style=\"clear: both\" \/>\n\t\t\t<\/div>\n\n<p>&nbsp;<\/p>\n<p><a class=\"dt-pswp-item\" href=\"https:\/\/www.radiopiu.net\/wordpress\/wp-content\/uploads\/2022\/07\/1e559d12-b38e-4a43-9f86-e1e5e3cbf08a.jpg\" data-dt-img-description=\"\" data-large_image_width=\"720\" data-large_image_height=\"1600\"><img loading=\"lazy\" decoding=\"async\" class=\"size-medium wp-image-289415 alignleft\" src=\"https:\/\/www.radiopiu.net\/wordpress\/wp-content\/uploads\/2022\/07\/1e559d12-b38e-4a43-9f86-e1e5e3cbf08a-135x300.jpg\" alt=\"\" width=\"135\" height=\"300\" srcset=\"https:\/\/www.radiopiu.net\/wordpress\/wp-content\/uploads\/2022\/07\/1e559d12-b38e-4a43-9f86-e1e5e3cbf08a-135x300.jpg 135w, https:\/\/www.radiopiu.net\/wordpress\/wp-content\/uploads\/2022\/07\/1e559d12-b38e-4a43-9f86-e1e5e3cbf08a-461x1024.jpg 461w, https:\/\/www.radiopiu.net\/wordpress\/wp-content\/uploads\/2022\/07\/1e559d12-b38e-4a43-9f86-e1e5e3cbf08a-691x1536.jpg 691w, https:\/\/www.radiopiu.net\/wordpress\/wp-content\/uploads\/2022\/07\/1e559d12-b38e-4a43-9f86-e1e5e3cbf08a.jpg 720w\" sizes=\"auto, (max-width: 135px) 100vw, 135px\" \/><\/a>INTERESSANTE ANCHE LA SEGNALAZIONE SULLA PAGINA TES DA ALIE SE&#8230; UNA CICLABILE FORSE UN PO&#8217; PERICOLOSA? SICURAMENTE LE MAMME CON I PASSEGGINI SONO INVITATE A CAMBIARE STRADA&#8230;MA VUOI METTERE IL COLORE INTONATO CON LE DOLOMITI E I SASSI SUL SELCIATO?<\/p>\n<p>&nbsp;<\/p>\n<p>&nbsp;<\/p>\n<p>&nbsp;<\/p>\n<p>&nbsp;<\/p>\n<p>&nbsp;<\/p>\n<p>&nbsp;<\/p>\n<p>&nbsp;<\/p>\n<p>&nbsp;<\/p>\n<\/div>\n<\/div>\n<\/div>\n<\/div>\n<\/div>\n<hr \/>\n<p>&nbsp;<\/p>\n<blockquote>\n<h3>NOVITA&#8217; ALL&#8217;ESTERNO E ALL&#8217;INTERNO DELLO STABILIMENTO LUXOTTICA DI AGORDO<\/h3>\n<\/blockquote>\n<p><strong><a class=\"dt-pswp-item\" href=\"https:\/\/www.radiopiu.net\/wordpress\/wp-content\/uploads\/2022\/06\/LUXOTTICA-11-scaled.jpg\" data-dt-img-description=\"\" data-large_image_width=\"2560\" data-large_image_height=\"1703\"><img loading=\"lazy\" decoding=\"async\" class=\"size-thumbnail wp-image-284018 alignleft\" src=\"https:\/\/www.radiopiu.net\/wordpress\/wp-content\/uploads\/2022\/06\/LUXOTTICA-11-150x150.jpg\" alt=\"\" width=\"150\" height=\"150\" \/><\/a>AGORDO <\/strong>Grandi novit\u00e0 alla Luxottica di Agordo. Nelle ultime ore l&#8217;azienda ha informato le maestranze su cosa sta avvenendo fuori e dentro lo stabilimento. Un lungo comunicato con spiegati tutti i particolari. &#8220;<em>Il comprensorio di Agordo\u00a0 &#8211; si legge nel comunicato &#8211; sta vivendo in questi mesi una trasformazione che impatta sia le aree interne che le aree esterne, sia i reparti produttivi che gli uffici. Alcuni reparti produttivi e uffici saranno ricollocati in aree diverse, approfittando nel renderli moderni ed efficienti, sia dal punto del risparmio energetico che di flusso di prodotto. Tra questi l\u2019area del Product, Style &amp; R&amp;D, avr\u00e0 una veste completamente nuova, volta a raccontare l\u2019eccellenza di un prodotto che nasce da una idea, si sviluppa tecnicamente, anche attraverso i primi prototipi, e viene poi arricchito dalle continue migliorie ed innovazioni frutto di ricerca e sviluppo sempre all\u2019avanguardia. Il tutto nel perfetto connubio tra l\u2019artigianalit\u00e0 e la trasformazione digitale che ci colloca nel futuro. Innovazione, evoluzione e cambiamento anche per il Laboratorio Qualit\u00e0 che si \u00e8 gi\u00e0 svelato nella sua grande avanguardia trovando collocazione in una area visibile a tutti.Gli spogliatoi sono stati riaperti, seppur in aree temporanee, in attesa di realizzare una nuova area dedicata, che sar\u00e0 pi\u00f9 ampia e confortevole. Luxottica ha posto la massima attenzione alle proprie persone, facendole vivere in ambienti sani e sicuri. \u00c8 stata disegnata una nuova viabilit\u00e0 che semplificher\u00e0 i flussi di entrata e uscita dalla fabbrica, accompagnando il progetto con nuovi parcheggi e sistemazione di quelli esistenti. Per sopperire alla temporanea diminuzione dei parcheggi adiacenti alla fabbrica, l\u2019azienda ha messo a disposizione un servizio di navette che collegano i parcheggi esterni di Tamonich, Polane e Via Tissi. Inoltre, per una maggiore sicurezza di pedoni e pendolari anche la zona di fermata delle corriere \u00e8 stata ridisegnata e trover\u00e0 presto la sua nuova collocazione pi\u00f9 coerente lato Portineria, evitando cos\u00ec inutili attraversamenti della strada<\/em>.&#8221; Luxottica chiede a tutti i dipendenti la massima collaborazione e un po\u2019 di pazienza in questo periodo di lavori in Valcozzena.<\/p>\n<p>&nbsp;<\/p>\n<p>&nbsp;<\/p>\n<hr \/>\n<p>&nbsp;<\/p>\n<\/div>\n<\/div>\n<\/div>\n<\/div>\n<\/div>\n<\/div>\n<\/div>\n<\/div>\n<\/div>\n<blockquote>\n<h3>RIPETITORI TV E MANCANZA DI SEGNALE IN ZONE MONTANE, UNCEM: INTERVENGA SUBITO GOVERNO CON PARLAMENTO. NON SI PERDA ALTRO TEMPO<\/h3>\n<\/blockquote>\n<div><img loading=\"lazy\" decoding=\"async\" class=\"alignleft\" src=\"https:\/\/admin28.antherica.com\/newsletter\/\/binary_files\/newsletter_uncem_nazionale\/templates\/template1\/argentera_ferrere.jpg\" alt=\"\" width=\"323\" height=\"123\" border=\"0\" \/><strong>ROMA <\/strong>&#8220;Sui ripetitori spenti da parte di Mediaset-EI Towers e sulla mancanza di segnale TV in troppe aree montane del Paese, a causa del cambio di frequenza, ci aspettiamo un segnale della Politica. Del Governo e Parlamento in queste ultime settimane prima delle elezioni. Troppo tempo \u00e8 stato perso. E i danni sono caduti sui Sindaci, ancora una volta, sulle comunit\u00e0 che hanno dovuto passare al TV-Sat solo perch\u00e9 nessuno si \u00e8 accorto di quanto Uncem ripeteva da tre anni. E cio\u00e9 che con il cambio delle frequenze, centinaia di indispensabili ripetitori tv di propriet\u00e0 degli Enti locali, Comuni e Comunit\u00e0 montane, sarebbero stati spenti. Gravemente spenti senza che nessuno abbia fatto niente. Non ci stiamo. Subito serve un segnale. Con voucher per i cittadini che devono passare al tv-sat, per adeguare i televisori in aree montane senza segnale. E serve un&#8217;azione istituzionale contro Mediaset-EI Towers affinch\u00e9 riaccenda i ripetitori spenti solo perch\u00e9 a servizio di comunit\u00e0 da numeri ridotti. Situazioni che devono vedere impegnati urgentemente Governo e Parlamento&#8221;.<\/div>\n<p>&nbsp;<\/p>\n<p>&nbsp;<\/p>\n<p>&nbsp;<\/p>\n<p>&nbsp;<\/p>\n<hr \/>\n<p>&nbsp;<\/p>\n<blockquote class=\"wp-embedded-content\" data-secret=\"MnZC5lFd7x\"><p><a href=\"https:\/\/www.radiopiu.net\/wordpress\/aggnazionaleluglio26\/\">CORONAVIRUS: AGGIORNAMENTO NAZIONALE 26 LUGLIO 2022<\/a><\/p><\/blockquote>\n<p><iframe loading=\"lazy\" class=\"wp-embedded-content\" sandbox=\"allow-scripts\" security=\"restricted\" style=\"position: absolute; clip: rect(1px, 1px, 1px, 1px);\" title=\"&#8220;CORONAVIRUS: AGGIORNAMENTO NAZIONALE 26 LUGLIO 2022&#8221; &#8212; Radio Pi\u00f9\" src=\"https:\/\/www.radiopiu.net\/wordpress\/aggnazionaleluglio26\/embed\/#?secret=bHFqNQvjnT#?secret=MnZC5lFd7x\" data-secret=\"MnZC5lFd7x\" width=\"600\" height=\"338\" frameborder=\"0\" marginwidth=\"0\" marginheight=\"0\" scrolling=\"no\"><\/iframe><\/p>\n<p>&nbsp;<\/p>\n<blockquote class=\"wp-embedded-content\" data-secret=\"7983HYyB3S\"><p><a href=\"https:\/\/www.radiopiu.net\/wordpress\/aggazzeroluglio25\/\">NUOVI POSITIVI IN VENETO: 9049.  16 DECESSI E RICOVERI STABILI<\/a><\/p><\/blockquote>\n<p><iframe loading=\"lazy\" class=\"wp-embedded-content\" sandbox=\"allow-scripts\" security=\"restricted\" style=\"position: absolute; clip: rect(1px, 1px, 1px, 1px);\" title=\"&#8220;NUOVI POSITIVI IN VENETO: 9049.  16 DECESSI E RICOVERI STABILI&#8221; &#8212; Radio Pi\u00f9\" src=\"https:\/\/www.radiopiu.net\/wordpress\/aggazzeroluglio25\/embed\/#?secret=HxCei53swx#?secret=7983HYyB3S\" data-secret=\"7983HYyB3S\" width=\"600\" height=\"338\" frameborder=\"0\" marginwidth=\"0\" marginheight=\"0\" scrolling=\"no\"><\/iframe><\/p>\n<p>&nbsp;<\/p>\n<h2>I GRAFICI DI TIZIANO DE COL<\/h2>\n\n\t\t\t<style type='text\/css'>\n\t\t\t\t#gallery-2 {\n\t\t\t\t\tmargin: auto;\n\t\t\t\t}\n\t\t\t\t#gallery-2 .gallery-item {\n\t\t\t\t\tfloat: left;\n\t\t\t\t\tmargin-top: 10px;\n\t\t\t\t\ttext-align: center;\n\t\t\t\t\twidth: 33%;\n\t\t\t\t}\n\t\t\t\t#gallery-2 img {\n\t\t\t\t\tborder: 2px solid #cfcfcf;\n\t\t\t\t}\n\t\t\t\t#gallery-2 .gallery-caption {\n\t\t\t\t\tmargin-left: 0;\n\t\t\t\t}\n\t\t\t\t\/* see gallery_shortcode() in wp-includes\/media.php *\/\n\t\t\t<\/style>\n\t\t<div id='gallery-2' class='dt-gallery-container gallery galleryid-289295 gallery-columns-3 gallery-size-thumbnail'><dl class='gallery-item'>\n\t\t\t\t<dt class='gallery-icon landscape'>\n\t\t\t\t\t<a class=\"rollover rollover-zoom dt-pswp-item\" title=\"41f6a15a-089d-42e5-aa24-527c6ab485be\" data-dt-img-description=\"\" data-large_image_width=\"599\" data-large_image_height=\"366\"href='https:\/\/www.radiopiu.net\/wordpress\/wp-content\/uploads\/2022\/07\/41f6a15a-089d-42e5-aa24-527c6ab485be.jpg'><img loading=\"lazy\" decoding=\"async\" width=\"150\" height=\"150\" src=\"https:\/\/www.radiopiu.net\/wordpress\/wp-content\/uploads\/2022\/07\/41f6a15a-089d-42e5-aa24-527c6ab485be-150x150.jpg\" class=\"attachment-thumbnail size-thumbnail\" alt=\"\" \/><\/a>\n\t\t\t\t<\/dt><\/dl><dl class='gallery-item'>\n\t\t\t\t<dt class='gallery-icon landscape'>\n\t\t\t\t\t<a class=\"rollover rollover-zoom dt-pswp-item\" title=\"7e683af1-a25a-4e9b-aa3c-f9f511fd7613\" data-dt-img-description=\"\" data-large_image_width=\"599\" data-large_image_height=\"363\"href='https:\/\/www.radiopiu.net\/wordpress\/wp-content\/uploads\/2022\/07\/7e683af1-a25a-4e9b-aa3c-f9f511fd7613.jpg'><img loading=\"lazy\" decoding=\"async\" width=\"150\" height=\"150\" src=\"https:\/\/www.radiopiu.net\/wordpress\/wp-content\/uploads\/2022\/07\/7e683af1-a25a-4e9b-aa3c-f9f511fd7613-150x150.jpg\" class=\"attachment-thumbnail size-thumbnail\" alt=\"\" \/><\/a>\n\t\t\t\t<\/dt><\/dl><dl class='gallery-item'>\n\t\t\t\t<dt class='gallery-icon landscape'>\n\t\t\t\t\t<a class=\"rollover rollover-zoom dt-pswp-item\" title=\"bc167881-2045-459b-8c47-af6cb2f1458b\" data-dt-img-description=\"\" data-large_image_width=\"620\" data-large_image_height=\"363\"href='https:\/\/www.radiopiu.net\/wordpress\/wp-content\/uploads\/2022\/07\/bc167881-2045-459b-8c47-af6cb2f1458b.jpg'><img loading=\"lazy\" decoding=\"async\" width=\"150\" height=\"150\" src=\"https:\/\/www.radiopiu.net\/wordpress\/wp-content\/uploads\/2022\/07\/bc167881-2045-459b-8c47-af6cb2f1458b-150x150.jpg\" class=\"attachment-thumbnail size-thumbnail\" alt=\"\" \/><\/a>\n\t\t\t\t<\/dt><\/dl><br style=\"clear: both\" \/><dl class='gallery-item'>\n\t\t\t\t<dt class='gallery-icon landscape'>\n\t\t\t\t\t<a class=\"rollover rollover-zoom dt-pswp-item\" title=\"672786e9-9c3e-4bf8-a240-705c3c256541\" data-dt-img-description=\"\" data-large_image_width=\"608\" data-large_image_height=\"359\"href='https:\/\/www.radiopiu.net\/wordpress\/wp-content\/uploads\/2022\/07\/672786e9-9c3e-4bf8-a240-705c3c256541.jpg'><img loading=\"lazy\" decoding=\"async\" width=\"150\" height=\"150\" src=\"https:\/\/www.radiopiu.net\/wordpress\/wp-content\/uploads\/2022\/07\/672786e9-9c3e-4bf8-a240-705c3c256541-150x150.jpg\" class=\"attachment-thumbnail size-thumbnail\" alt=\"\" \/><\/a>\n\t\t\t\t<\/dt><\/dl><dl class='gallery-item'>\n\t\t\t\t<dt class='gallery-icon landscape'>\n\t\t\t\t\t<a class=\"rollover rollover-zoom dt-pswp-item\" title=\"031037e6-2fc1-49be-8157-19ddd7807530\" data-dt-img-description=\"\" data-large_image_width=\"606\" data-large_image_height=\"362\"href='https:\/\/www.radiopiu.net\/wordpress\/wp-content\/uploads\/2022\/07\/031037e6-2fc1-49be-8157-19ddd7807530.jpg'><img loading=\"lazy\" decoding=\"async\" width=\"150\" height=\"150\" src=\"https:\/\/www.radiopiu.net\/wordpress\/wp-content\/uploads\/2022\/07\/031037e6-2fc1-49be-8157-19ddd7807530-150x150.jpg\" class=\"attachment-thumbnail size-thumbnail\" alt=\"\" \/><\/a>\n\t\t\t\t<\/dt><\/dl><dl class='gallery-item'>\n\t\t\t\t<dt class='gallery-icon landscape'>\n\t\t\t\t\t<a class=\"rollover rollover-zoom dt-pswp-item\" title=\"4216d153-7676-4e16-a06a-db820a6e4511\" data-dt-img-description=\"\" data-large_image_width=\"606\" data-large_image_height=\"361\"href='https:\/\/www.radiopiu.net\/wordpress\/wp-content\/uploads\/2022\/07\/4216d153-7676-4e16-a06a-db820a6e4511.jpg'><img loading=\"lazy\" decoding=\"async\" width=\"150\" height=\"150\" src=\"https:\/\/www.radiopiu.net\/wordpress\/wp-content\/uploads\/2022\/07\/4216d153-7676-4e16-a06a-db820a6e4511-150x150.jpg\" class=\"attachment-thumbnail size-thumbnail\" alt=\"\" \/><\/a>\n\t\t\t\t<\/dt><\/dl><br style=\"clear: both\" \/>\n\t\t\t<\/div>\n\n<p>&nbsp;<\/p>\n<hr \/>\n<p>&nbsp;<\/p>\n<blockquote>\n<h3>APPROVATO IL PROGETTO ESECUTIVO PER LA SALA IBRIDA E LA NUOVA SALA DI EMODINAMICA<\/h3>\n<\/blockquote>\n<p><strong><a class=\"dt-pswp-item\" href=\"https:\/\/www.radiopiu.net\/wordpress\/wp-content\/uploads\/2022\/07\/Versione2_Vista1-scaled.jpg\" data-dt-img-description=\"\" data-large_image_width=\"2560\" data-large_image_height=\"1440\"><img loading=\"lazy\" decoding=\"async\" class=\"size-thumbnail wp-image-289426 alignleft\" src=\"https:\/\/www.radiopiu.net\/wordpress\/wp-content\/uploads\/2022\/07\/Versione2_Vista1-150x150.jpg\" alt=\"\" width=\"150\" height=\"150\" \/><\/a>BELLUNO <\/strong>Procede spedito l\u2019iter per l\u2019ampliamento degli spazi destinati alla realizzazione della sala ibrida e della nuova sala di emodinamica dell\u2019ospedale di Belluno per un investimento previsto di 2,9 milioni di euro. Dopo l\u2019approvazione del progetto di fattibilit\u00e0, \u00e8 stato approvato, quindi, il progetto esecutivo con la definizione degli interventi da attuare. I prossimi passi prevedono l\u2019indizione della gara d\u2019appalto per l\u2019affidamento e l\u2019aggiudicazione dei lavori. L\u2019inizio lavori \u00e8 previsto per fine novembre. Si tratta di un volume aggiuntivo che, adiacente al blocco A del San Martino, ospiter\u00e0 al piano terra l\u2019ampliamento dei magazzini dedicati allo stoccaggio dei farmaci. Al primo piano, saranno realizzate le due sale che saranno collegate e connesse all\u2019attuale gruppo operatorio posto al primo piano dell\u2019ala di nord-ovest dell\u2019ospedale. La contiguit\u00e0 tra le nuove sale e quelle esistenti permette di ottenere, cos\u00ec, significativi vantaggi organizzativi\u00a0 che possono agevolare l\u2019integrazione funzionale e la sinergia tra gli spazi esistenti e quelli da realizzare, con l\u2019utilizzo di percorsi comuni e con la condivisione di alcuni servizi (es. spogliatoi per il personale, area di cambio letti all\u2019ingresso del gruppo operatorio esistente). La sala di emodinamica sar\u00e0 dedicata alle procedure di cardiologia interventistica mentre la sala ibrida sar\u00e0 destinata in particolare a procedure di chirurgia endovascolare La sala ibrida \u00e8 una sala operatoria con tecnologia di altissimo livello integrata con sistemi di radiologia che permette di operare e allo stesso tempo controllare e guidare attraverso strumenti di imaging le procedure, con pi\u00f9 sicurezza per il paziente. In particolare, la sala ibrida potr\u00e0 essere utilizzata da tutte le unit\u00e0 operative che usano tecniche chirurgiche avanzate, quindi mininvasive sotto guida radiologica, ma che potrebbero avere necessit\u00e0 di convertire l\u2019intervento in chirurgia open (chirurgia classica) . Questa sala consentir\u00e0 di completare l\u2019intervento in sicurezza senza spostare il paziente e senza differire l\u2019intervento ad altro momento. Per quanto riguarda gli spazi, la sala ibrida sar\u00e0 di circa 70 mq, mentre la sala di emodinamica sar\u00e0 di circa 50 mq, completate da due apposite sale comandi e dai relativi locali tecnici. A supporto di ciascuna sala sar\u00e0 presente, inoltre, un\u2019area di preparazione e risveglio indipendente, con capienza di 4 pazienti per la sala ibrida e di 2 per la sala pi\u00f9 piccola. <a class=\"dt-pswp-item\" href=\"https:\/\/www.radiopiu.net\/wordpress\/wp-content\/uploads\/2022\/07\/Versione2_Vista2-scaled.jpg\" data-dt-img-description=\"\" data-large_image_width=\"2560\" data-large_image_height=\"1440\"><img loading=\"lazy\" decoding=\"async\" class=\"size-thumbnail wp-image-289427 alignright\" src=\"https:\/\/www.radiopiu.net\/wordpress\/wp-content\/uploads\/2022\/07\/Versione2_Vista2-150x150.jpg\" alt=\"\" width=\"150\" height=\"150\" \/><\/a>Nel progetto \u00e8 stata prestata particolare attenzione alla funzionalit\u00e0 dei percorsi, alla flessibilit\u00e0 delle scelte e all\u2019umanizzazione degli ambienti. L\u2019obiettivo del progetto \u00e8, infatti, creare un luogo gradevole e accogliente, dove sia\u00a0 pazienti che il personale che vi lavora si sentano a proprio agio. \u201c<em>Il progetto mira a realizzare un servizio all\u2019avanguardia nelle soluzioni tecnologiche proposte connesse alla funzione assistenziale, che possa rispondere alla futura evoluzione della medicina, delle tecnologie biomediche e informatiche. Questo progetto si basa su principi di flessibilit\u00e0 funzionale tali da poter consentire innovazioni al servizio del paziente e dei professionisti<\/em>.\u201d commenta il direttore generale Maria Grazia Carraro.<\/p>\n<p>&nbsp;<\/p>\n<p>&nbsp;<\/p>\n<hr \/>\n<p>&nbsp;<\/p>\n<blockquote>\n<h3>IL CONSIGLIO REGIONALE APPROVA IL PROGRAMMA TRIENNALE FAMIGLIA<\/h3>\n<\/blockquote>\n<p><strong><a class=\"dt-pswp-item\" href=\"https:\/\/www.radiopiu.net\/wordpress\/wp-content\/uploads\/2019\/03\/famiglia-1.jpg\" data-dt-img-description=\"\" data-large_image_width=\"1920\" data-large_image_height=\"1080\"><img loading=\"lazy\" decoding=\"async\" class=\"alignleft wp-image-80959 size-thumbnail\" src=\"https:\/\/www.radiopiu.net\/wordpress\/wp-content\/uploads\/2019\/03\/famiglia-1-150x150.jpg\" alt=\"\" width=\"150\" height=\"150\" \/><\/a>VENEZIA <\/strong>\u201c<em>Il ruolo della famiglia non solo \u00e8 inalterato, come ci confermano i dati, ma \u00e8 sempre pi\u00f9 centrale. Anche di fronte ad un clima di grandi cambiamenti e di grandi preoccupazioni come quello che stiamo vivendo, la famiglia continua ad essere un protagonista sociale insostituibile, configurandosi spesso anche come ammortizzatore di eventuali carenze del sistema di welfare. Il voto del Consiglio apre definitivamente la strada a una serie di provvedimenti della Regione che, anche con modalit\u00e0 innovative, attivano tutta una serie di iniziative di supporto a quello che \u00e8 il nucleo fondamentale della nostra comunit\u00e0, secondo gli specifici obbiettivi e le priorit\u00e0 proposte dalla Giunta. Un intervento prezioso e strategico nel contesto di congiuntura socioeconomica di questo momento storico, conseguente a due anni di pandemia e alla crisi internazionale legata alla crisi ucraina<\/em>\u201d.\u00a0 Cos\u00ec il Presidente della Regione del Veneto esprime la sua soddisfazione per l\u2019approvazione data dal Consiglio Regionale al primo programma triennale di politiche per la famiglia con una dotazione finanziaria di oltre 28 milioni di euro per il primo anno.<\/p>\n<p>&nbsp;<\/p>\n<p>&nbsp;<\/p>\n<hr \/>\n<p>&nbsp;<\/p>\n<blockquote>\n<h3><a class=\"dt-pswp-item\" href=\"https:\/\/www.radiopiu.net\/wordpress\/wp-content\/uploads\/2021\/11\/CESTARO-ORIZZONTALE.png\" data-dt-img-description=\"\" data-large_image_width=\"544\" data-large_image_height=\"406\"><img loading=\"lazy\" decoding=\"async\" class=\"alignleft wp-image-240773 size-thumbnail\" src=\"https:\/\/www.radiopiu.net\/wordpress\/wp-content\/uploads\/2021\/11\/CESTARO-ORIZZONTALE-150x150.png\" alt=\"\" width=\"150\" height=\"150\" \/><\/a>SERVIZI DIGITALI, PER SILVIA CESTARO SERVONO CORSI PER NON LASCIARE IN DIETRO NESSUNO<\/h3>\n<\/blockquote>\n<p><strong>VENEZIA<\/strong> \u201cIl gap tecnologico tra gli utenti e la lontananza tra cittadini ed istituzioni sono evidenti, servono corsi per un accesso democratico ai servizi digitali\u201d. Sono le parole della consigliera regionale della Lega Silvia Cestaro, ora che i termini imposti dall\u2019Europa per adeguarsi alle nuove piattaforme di accesso alla pubblica amministrazione e ai nuovi mezzi di riconoscimento come carta d\u2019identit\u00e0 elettronica e Spid sono ormai scaduti.<\/p>\n<p><strong>LA CONSIGLIERA REGIONALE SILVIA CESTARO<\/strong><\/p>\n<audio class=\"wp-audio-shortcode\" id=\"audio-289295-5\" preload=\"none\" style=\"width: 100%;\" controls=\"controls\"><source type=\"audio\/mpeg\" src=\"https:\/\/www.radiopiu.net\/wordpress\/wp-content\/uploads\/2022\/07\/Cestaro-su-gap-digitale.mp3?_=5\" \/><a href=\"https:\/\/www.radiopiu.net\/wordpress\/wp-content\/uploads\/2022\/07\/Cestaro-su-gap-digitale.mp3\">https:\/\/www.radiopiu.net\/wordpress\/wp-content\/uploads\/2022\/07\/Cestaro-su-gap-digitale.mp3<\/a><\/audio>\n<p>&nbsp;<\/p>\n<hr \/>\n<p>&nbsp;<\/p>\n<blockquote>\n<h3>OPERATIVO IL NUOVO COMITATO CONSUNTIVO DEGLI UTENTI<\/h3>\n<\/blockquote>\n<p><strong><a class=\"dt-pswp-item\" href=\"https:\/\/www.radiopiu.net\/wordpress\/wp-content\/uploads\/2022\/07\/Schermata-2022-07-26-alle-16.15.11.png\" data-dt-img-description=\"\" data-large_image_width=\"1292\" data-large_image_height=\"404\"><img loading=\"lazy\" decoding=\"async\" class=\"wp-image-289417 alignleft\" src=\"https:\/\/www.radiopiu.net\/wordpress\/wp-content\/uploads\/2022\/07\/Schermata-2022-07-26-alle-16.15.11-300x94.png\" alt=\"\" width=\"204\" height=\"64\" srcset=\"https:\/\/www.radiopiu.net\/wordpress\/wp-content\/uploads\/2022\/07\/Schermata-2022-07-26-alle-16.15.11-300x94.png 300w, https:\/\/www.radiopiu.net\/wordpress\/wp-content\/uploads\/2022\/07\/Schermata-2022-07-26-alle-16.15.11-1024x320.png 1024w, https:\/\/www.radiopiu.net\/wordpress\/wp-content\/uploads\/2022\/07\/Schermata-2022-07-26-alle-16.15.11-768x240.png 768w, https:\/\/www.radiopiu.net\/wordpress\/wp-content\/uploads\/2022\/07\/Schermata-2022-07-26-alle-16.15.11.png 1292w\" sizes=\"auto, (max-width: 204px) 100vw, 204px\" \/><\/a>BELLUNO<\/strong> Con la riunione dello scorso 13 luglio e\u0300 divenuto operativo presso il CONSIGLIO DI BACINO \u201cDOLOMITI BELLUNESI\u201d, ente di programmazione e controllo del servizio idrico integrato nella provincia di Belluno, il nuovo COMITATO CONSULTIVO DEGLI UTENTI. Si tratta dell\u2019organo espressamente previsto dalla Legge Regionale n.17\/2012 istitutiva dell\u2019ente, composto da 9 membri, quale espressione di tutte le Associazioni e Organizzazioni operanti nell\u2019Ambito Territoriale Ottimale in ambito della tutela dei consumatori, in ambito economico, sociale, ambientale, o comunque interessate all\u2019aspetto gestionale del servizio idrico integrato. La nomina dei membri e\u0300 avvenuta a seguito di un processo pubblico di iscrizione all\u2019Albo delle Associazioni ed Organizzazioni interessate, individuazione dei membri da parte di tutte le Associazioni ed Organizzazioni iscritte, verifica dei requisiti di legge da parte del Consiglio di Ba- cino e nomina formalizzata dal Presidente del Comitato Istituzionale e Sindaco di Val di Zoldo Camillo De Pellegrin. L\u2019insediamento formale era avvenuto lo scorso 23 maggio, con l\u2019elezione del Presidente, Monica Camuffo, e del Vicepresidente, Gaetano Basile. Con la prima riunione operativa del 13 luglio il Comitato ha avviato la conoscenza delle problematiche piu\u0300 rilevanti, prima fra tutti la carenza idrica, e l\u2019analisi delle proposte da avanza- re per il miglioramento del servizio idrico integrato, in prosecuzione con l\u2019attivita\u0300 svolta sinora dal precedente Comitato.<\/p>\n<p>&nbsp;<\/p>\n<p>&nbsp;<\/p>\n<hr \/>\n<p>&nbsp;<\/p>\n<blockquote>\n<h3>OLTRE 4000 POSTI AL CONCORSO DEI CARABINIERI<\/h3>\n<\/blockquote>\n<p><strong>BELLUNO<\/strong> Al via il concorso per 4189 posti per Carabinieri. Fino all&#8217;11 gennaio \u00e8 possibile presentare la domanda esclusivamente attraverso il portale www.carabinieri.it (area concorsi). I posti sono cos\u00ec ripartiti: 2910 volontari in ferma fissa di un anno e volontari in ferma prefissata quadriennale; 1247 riservati ad italiani che non abbiamo superato i 27 anni di et\u00e0; 32 per i candidati in possesso dell&#8217;attestato di bilinguismo.<\/p>\n<p>&nbsp;<\/p>\n<p>&nbsp;<\/p>\n<hr \/>\n<p>&nbsp;<\/p>\n<blockquote>\n<h3>OGGI AD ALLEGHE IL CONSIGLIO COMUNALE<\/h3>\n<\/blockquote>\n<p><strong>ALLEGHE<\/strong> Il sindaco di Alleghe Danilo De Toni ha convocato il consiglio comunale per oggi alle 20. Dieci punti da discutere tra cui la quarta variazione al bilancio, il documento unico programmato 2022-2025 e l&#8217;affidamento a Bim dell&#8217;impianto Ru Col Aut<\/p>\n<p>&nbsp;<\/p>\n<hr \/>\n<p>&nbsp;<\/p>\n<blockquote>\n<h3>ANCHE A TAIBON E&#8217; TEMPO DI PRESENTARE I BILANCI<\/h3>\n<\/blockquote>\n<p><strong>TAIBON<\/strong> Consiglio comunale oggi alle 18\u00a0 Taibon. All&#8217;ordine del giorno la variazione al bilancio, la salvaguardia degli equilibri e le comunicazioni del sindaco Silvia Tormen.<\/p>\n<p>&nbsp;<\/p>\n<hr \/>\n<p>&nbsp;<\/p>\n<blockquote>\n<h3>DUP E PARCHEGGI LUXOTTICA NEL CONSIGLIO\u00a0 DI AGORDO<\/h3>\n<\/blockquote>\n<p><strong>AGORDO <\/strong>Domani alle 19:15 il sindaco di Agordo Roberto Chissal\u00e8 ha convocato il consiglio comunale. Tra gli argomenti da trattare il Documento Unico di programmazione 2023\/2025, una variazione al bilancio e l&#8217;avvio del procedimento finalizzato all&#8217;acquisizione di due particelle di parcheggi appartenenti a Luxottica.<\/p>\n<p>&nbsp;<\/p>\n<p>&nbsp;<\/p>\n<hr \/>\n<p>&nbsp;<\/p>\n<blockquote>\n<h3>NEL CONSIGLIO COMUNALE DI SAN TOMASO<\/h3>\n<\/blockquote>\n<p><strong>SAN TOMASO<\/strong> Nel consiglio comunale di San Tomaso in programma domani alle 20, il sindaco Moreno De Val proprone 4 punti da discutere tra cui una variazione al bilancio, l&#8217;approvazione del piano di illuminazione pubblica e la costituzione di diritto di superficie a E-Distribuzione per la costruzione di una cabina elettrica.<\/p>\n<p>&nbsp;<\/p>\n<p>&nbsp;<\/p>\n<hr \/>\n<p>&nbsp;<\/p>\n<blockquote>\n<h3>A CENCENIGHE IL CONSIGLIO COMUNALE TRA DUP E VARIAZIONE AL BILANCIO<\/h3>\n<\/blockquote>\n<p><strong>CENCENIGHE<\/strong> Il sindaco di Cencenighe Mauro Soppelsa ha convocato i consiglieri comunali per venerd\u00ec alle 20:30 per discutere di quattro punti all&#8217;ordine del giorno. tra questi l&#8217;approvazione del DUP e la terza variazione al bilancio 2022\/2024.<\/p>\n<p><strong>di Gianni Santomaso, dal Corriere Delle Alpi<\/strong><\/p>\n<audio class=\"wp-audio-shortcode\" id=\"audio-289295-6\" preload=\"none\" style=\"width: 100%;\" controls=\"controls\"><source type=\"audio\/mpeg\" src=\"https:\/\/www.radiopiu.net\/wordpress\/wp-content\/uploads\/2022\/07\/GIANNI-CONSIGLIO-CENCENIGHE.mp3?_=6\" \/><a href=\"https:\/\/www.radiopiu.net\/wordpress\/wp-content\/uploads\/2022\/07\/GIANNI-CONSIGLIO-CENCENIGHE.mp3\">https:\/\/www.radiopiu.net\/wordpress\/wp-content\/uploads\/2022\/07\/GIANNI-CONSIGLIO-CENCENIGHE.mp3<\/a><\/audio>\n<p>&nbsp;<\/p>\n<hr \/>\n<p>&nbsp;<\/p>\n<blockquote>\n<h3>\u00a0IL CONSIGLIO COMUNALE DI CANALE D&#8217;AGORDO<\/h3>\n<\/blockquote>\n<p><strong>CANALE D&#8217;AGORDO<\/strong> Sabato alle 9 consiglio comunale in sala Lina Zand\u00f2. All&#8217;ordine del giorno la convenzione con il Comune di Falcade per l&#8217;uso e la gestione del cimitero di Caviola; variazione d&#8217;urgenza al bilancio e variazione di assestamento.<\/p>\n<p>&nbsp;<\/p>\n<p>&nbsp;<\/p>\n<hr \/>\n<p>&nbsp;<\/p>\n<blockquote>\n<h3>A COLLE SANTA LUCIA LA NOMINA DEL REVISORE DEI CONTI<\/h3>\n<\/blockquote>\n<p><strong>COLLE SANTA LUCIA<\/strong> Sono 8 i punti da discutere nel consiglio comunale convocato dal sindaco di Colle Santa Lucia in programma sabato alle 9. Tra questi si parler\u00e0 della sesta variazione al bilancio, della nomina per il revisore dei conti, dei programmi di esercizio 2022, del regolamento dei controlli interni e l&#8217;approvazione della modifica allo statuto di ASCA<\/p>\n<p>&nbsp;<\/p>\n<p>&nbsp;<\/p>\n<hr \/>\n<p>&nbsp;<\/p>\n<blockquote>\n<h3><a class=\"dt-pswp-item\" href=\"https:\/\/www.radiopiu.net\/wordpress\/wp-content\/uploads\/2021\/12\/BIM-PIAVE.jpg\" data-dt-img-description=\"\" data-large_image_width=\"420\" data-large_image_height=\"280\"><img loading=\"lazy\" decoding=\"async\" class=\"wp-image-249802 alignleft\" src=\"https:\/\/www.radiopiu.net\/wordpress\/wp-content\/uploads\/2021\/12\/BIM-PIAVE-150x150.jpg\" alt=\"\" width=\"73\" height=\"73\" \/><\/a>L&#8217;ASSEMBLEA DEL CONSORZIO BIM PIAVE<\/h3>\n<\/blockquote>\n<p><strong>BELLUNO<\/strong> Oggi alle 15 riunione dell&#8217;assemblea del Consorzio Bim Piave Belluno. Il Presidente\u00a0 Marco Staunovo Polacco, ha firmato un ordine del giorno in tre punti: verifica degli equilibri di bilancio, variazione al bilancio di previsione 2022-24 e comunicazioni del Presidente.<\/p>\n<p>&nbsp;<\/p>\n<p>&nbsp;<\/p>\n<hr \/>\n<p>&nbsp;<\/p>\n<blockquote>\n<h2>AIS DOLOMITI, IL SERVIZIO AMBULATORIALE ANCHE AD AGORDO<\/h2>\n<\/blockquote>\n<div dir=\"auto\">\n<div dir=\"auto\"><strong><img decoding=\"async\" class=\"alignleft\" src=\"https:\/\/www.radiopiu.net\/wordpress\/wp-content\/uploads\/2022\/07\/ASDASDASD.png\" \/>BELLUNO<\/strong> L&#8217;associazione Incontinenti e stomizzati della provincia di Belluno (AIS DOLOMITI BELLUNO), desidera portare a conoscenza della popolazione agordina e in particolare delle persone stomizzate con i loro familiari che, grazie all&#8217;interessamento particolare del Direttore medico dr. Raffaele Zanella e della sig.ra Elda Zanella (componente del Consiglio direttivo dell&#8217; associazione) \u00e8 stato avviato presso l&#8217;ospedale di Agordo il servizio ambulatoriale per persone con stomia intestinale e\/o urinaria. L&#8217;attivit\u00e0 ambulatoriale infermieristica viene svolta una volta al mese, il gioved\u00ec pomeriggio. Il personale qualificato coinvolto proviene sia dall&#8217;ospedale di Belluno che dal nosocomio agordino. L&#8217;obiettivo di questo nuovo servizio \u00e8 ridurre i disagi per i pazienti stomizzati provenienti dall&#8217;intera vallata che periodicamente si recavano a Belluno per i previsti controlli mentre dal corrente mese di luglio potranno avvalersi del servizio vicino casa , ad Agordo. Mensilmente verranno contattati i pazienti per le valutazioni periodiche. Oltre a ci\u00f2 la nuova realt\u00e0 collaborer\u00e0 sia con le Rsa che con i distretti e l&#8217;assistenza domiciliare. L&#8217;Ais Dolomiti ringrazia tutta la direzione della Asl 1 &#8220;Dolomiti&#8221; per aver posto particolare attenzione a questa parte di popolazione offrendo un servizio qualificato per il territorio agordino\u00a0 gi\u00e0 presente da tre anni presso l&#8217;ospedale di Pieve di Cadore e dal 1997 nell&#8217;ospedale di Belluno.<\/div>\n<\/div>\n<blockquote>\n<div dir=\"auto\"><\/div>\n<div dir=\"auto\"><em>Ais, sede a Longarone via Igne 1; mail AIS_Dolomiti#yahoo.co; sito www.AISDolomitiBellunoODV; teletono 338 4177434<\/em><\/div>\n<\/blockquote>\n<div dir=\"auto\"><\/div>\n<div dir=\"auto\">\n<hr \/>\n<\/div>\n<div dir=\"auto\"><\/div>\n<blockquote>\n<h3 dir=\"auto\">\u00a0L&#8217;AUSER COL BEL DI TISER COMPIE I PRIMI VENT&#8217;ANNI<\/h3>\n<\/blockquote>\n<div dir=\"auto\">\n<p><a class=\"dt-pswp-item\" href=\"https:\/\/www.radiopiu.net\/wordpress\/wp-content\/uploads\/2022\/01\/pp.jpg\" data-dt-img-description=\"VALTER TODESCO\" data-large_image_width=\"640\" data-large_image_height=\"640\"><img loading=\"lazy\" decoding=\"async\" class=\" wp-image-252480 alignleft\" src=\"https:\/\/www.radiopiu.net\/wordpress\/wp-content\/uploads\/2022\/01\/pp-300x300.jpg\" alt=\"\" width=\"220\" height=\"220\" srcset=\"https:\/\/www.radiopiu.net\/wordpress\/wp-content\/uploads\/2022\/01\/pp-300x300.jpg 300w, https:\/\/www.radiopiu.net\/wordpress\/wp-content\/uploads\/2022\/01\/pp-150x150.jpg 150w, https:\/\/www.radiopiu.net\/wordpress\/wp-content\/uploads\/2022\/01\/pp.jpg 640w\" sizes=\"auto, (max-width: 220px) 100vw, 220px\" \/><\/a><\/p>\n<p><b>\u00a0GOSALDO\u00a0 <\/b>Oltre 300 iscritti per un&#8217;associazione importante anti spopolamento. E&#8217; l&#8217;Auser Col Bel di Tiser fondata del 2002 grazie all&#8217;impegno di Angelo Torrassa mancato poco prima del taglio del nastro.\u00a0 Lo ricorda l&#8217;attuale Presidente Valter Todesco, con lui parliamo delle iniziative in corso e anche del compleanno.<\/p>\n<p>&nbsp;<\/p>\n<p><strong>AUDIO<\/strong><\/p>\n<audio class=\"wp-audio-shortcode\" id=\"audio-289295-7\" preload=\"none\" style=\"width: 100%;\" controls=\"controls\"><source type=\"audio\/mpeg\" src=\"https:\/\/www.radiopiu.net\/wordpress\/wp-content\/uploads\/2021\/01\/VALTER-TODESCO-COL-BEL.mp3?_=7\" \/><a href=\"https:\/\/www.radiopiu.net\/wordpress\/wp-content\/uploads\/2021\/01\/VALTER-TODESCO-COL-BEL.mp3\">https:\/\/www.radiopiu.net\/wordpress\/wp-content\/uploads\/2021\/01\/VALTER-TODESCO-COL-BEL.mp3<\/a><\/audio>\n<p>&nbsp;<\/p>\n<\/div>\n<div dir=\"auto\"><\/div>\n<hr \/>\n<p>&nbsp;<\/p>\n<blockquote>\n<h3>LA 37^ ADUNANZA DEL CAI A COL DEL CAMP<\/h3>\n<\/blockquote>\n<p><strong>AGORDO<\/strong> Dopo due anni di pausa forzata e aver ripreso nel 2021 la tradizionale Adunanza, nel Comune di Co<img decoding=\"async\" class=\"alignleft\" src=\"https:\/\/www.radiopiu.net\/wordpress\/wp-content\/uploads\/2020\/04\/cai-agordo.jpg\" \/>lle Santa Lucia, la sezione del Club Alpino Italiano di Agordo si appresta\u00a0 ad organizzare la 37^ edizione, che ritorna dopo un decennio (C\u00f2i di Ped\u00e8n 2011), in Comune di Taibon Agordino, visitando un\u2019altra splendida localit\u00e0, onde poter rinsaldare e rafforzare le vecchie amicizie e cercare di instaurarne di nuove com\u2019 \u00e8 nello spirito del Club Alpino Italiano e delle genti di queste meravigliose valli Dolomitiche. \u00a0Come da tradizione \u00e8 prevista la stampa del relativo prezioso libretto della serie \u201cAdunanze\u201d e della cartolina commemorativa della giornata. L&#8217;appuntamento \u00e8 per domenica 31 agosto con ritrovo alle 9.30 a Col del Camp, accesso da Capanna Trieste seguendo la strada silvo pastorale per il rifugio Vazzoler e zona Case Favretti. Dalle 8 servizio navetta per le persone anziane con difficolt\u00e0 motorie. In caso di maltempo la presentazione del libretto si terr\u00e0 in sala Don Tamis alle 18.<\/p>\n<p>&nbsp;<\/p>\n<p>&nbsp;<\/p>\n<hr \/>\n<p>&nbsp;<\/p>\n<blockquote>\n<h3>QUATTRO USCITE ORGANIZZATE DAL GAMP<\/h3>\n<\/blockquote>\n<p><strong><a class=\"dt-pswp-item\" href=\"https:\/\/www.radiopiu.net\/wordpress\/wp-content\/uploads\/2022\/05\/closeup-of-a-colourful-mineral-stone-under-the-lights-isolated-on-a-white-background.jpg\" data-dt-img-description=\"\" data-large_image_width=\"1000\" data-large_image_height=\"667\"><img loading=\"lazy\" decoding=\"async\" class=\"size-thumbnail wp-image-274690 alignleft\" src=\"https:\/\/www.radiopiu.net\/wordpress\/wp-content\/uploads\/2022\/05\/closeup-of-a-colourful-mineral-stone-under-the-lights-isolated-on-a-white-background-150x150.jpg\" alt=\"\" width=\"150\" height=\"150\" \/><\/a>AGORDO<\/strong><\/p>\n<p>di Gianni Santomaso<\/p>\n<audio class=\"wp-audio-shortcode\" id=\"audio-289295-8\" preload=\"none\" style=\"width: 100%;\" controls=\"controls\"><source type=\"audio\/mpeg\" src=\"https:\/\/www.radiopiu.net\/wordpress\/wp-content\/uploads\/2022\/07\/GIANNI-ESCURSIONI-GAMP.mp3?_=8\" \/><a href=\"https:\/\/www.radiopiu.net\/wordpress\/wp-content\/uploads\/2022\/07\/GIANNI-ESCURSIONI-GAMP.mp3\">https:\/\/www.radiopiu.net\/wordpress\/wp-content\/uploads\/2022\/07\/GIANNI-ESCURSIONI-GAMP.mp3<\/a><\/audio>\n<p>&nbsp;<\/p>\n<hr \/>\n<p>&nbsp;<\/p>\n<blockquote>\n<h3>EL CANAL DE AGORT<\/h3>\n<\/blockquote>\n<p><strong>AGORDO<\/strong> Presso il museo in via 5 maggio ad Agordo si pu\u00f2 visitare la mostra &#8220;El Canal De Agort&#8221; storia ed archeologia da San Gottardo alla Conca Agordina. La mostra \u00e8 visitabile dal gioved\u00ec alla domenica dalle 9:30 alle 12:30 e dalle16 alle 19 fino al 4 settembre.<\/p>\n<p>&nbsp;<\/p>\n<p>&nbsp;<\/p>\n<hr \/>\n<p>&nbsp;<\/p>\n<blockquote>\n<blockquote>\n<h3>DOPO IL RICAMO AD AGORDO, L&#8217;ESPOSIZIONE A RIVAMONTE DAL 30 LUGLIO<\/h3>\n<\/blockquote>\n<p><strong><a class=\"dt-pswp-item\" href=\"https:\/\/www.radiopiu.net\/wordpress\/wp-content\/uploads\/2022\/07\/6aa3acc1-0af3-45d8-8d3e-7e7b50d59e01-1.jpg\" data-dt-img-description=\"\" data-large_image_width=\"984\" data-large_image_height=\"1388\"><img loading=\"lazy\" decoding=\"async\" class=\"size-thumbnail wp-image-288489 alignleft\" src=\"https:\/\/www.radiopiu.net\/wordpress\/wp-content\/uploads\/2022\/07\/6aa3acc1-0af3-45d8-8d3e-7e7b50d59e01-1-150x150.jpg\" alt=\"\" width=\"150\" height=\"150\" \/><\/a>RIVAMONTE<\/strong> Dopo l\u2019esperienza di alcune mostre abbinate al Gruppo Fil\u00f2 di ricamo di Agordo, hanno deciso di esporre quest\u2019anno proprio a Rivamonte i loro originali lavori realizzati a mano con grande abilit\u00e0 sul particolare tema \u201cArmonie di colori\u201d. L\u2019inaugurazione della rassegna, con il patrocinio del Comune, avr\u00e0 luogo sabato 30 luglio, alle ore 18, nella Sala Polifunzionale di Rivamonte e rimarr\u00e0 visitabile (a ingresso libero) fino al 15 agosto, con il seguente orario: gioved\u00ec e venerd\u00ec dalle 16 alle 19; sabato e domenica 10-12.30 e 16-19. Nell\u2019occasione esporr\u00e0 i suoi acquerelli anche Rita Mottes e la mostra sar\u00e0 affettuosamente dedicata al ricordo di Ornella Dal Col, morta recentemente, che fin dall\u2019inizio ha sempre partecipato attivamente all\u2019attivit\u00e0 del Gruppo Porcellana.<\/p><\/blockquote>\n<p>&nbsp;<\/p>\n<p>&nbsp;<\/p>\n<p>&nbsp;<\/p>\n<hr \/>\n<p>&nbsp;<\/p>\n<blockquote>\n<h3>LA FESTA IN PINETA PER GLI ALPINI DI CENCENIGHE<\/h3>\n<\/blockquote>\n<p><strong>CENCENIGHE<\/strong> Festa in pineta per gli alpini di Cencenighe che domenica 31 luglio si ritroveranno per una giornata in compagnia. Alle 10:30 la santa messa in pineta e dalle 12 la degustazione di piatti tipici. Nel pomeriggio musica con Loris.<\/p>\n<p>&nbsp;<\/p>\n<p>&nbsp;<\/p>\n<hr \/>\n<p>&nbsp;<\/p>\n<blockquote>\n<h3>GLI APPUNTAMENTI DI AGORDO MUSICA, DAL KASELO ALLA SETTIMANA ORGANISTICA<\/h3>\n<\/blockquote>\n<p><img loading=\"lazy\" decoding=\"async\" class=\"alignleft\" src=\"https:\/\/www.radiopiu.net\/wordpress\/wp-content\/uploads\/2022\/07\/286879503_1344449519381882_5309240918571750870_n.jpg\" width=\"243\" height=\"103\" \/><\/p>\n<p><strong>Collaborazione Andrea Bernardi<\/strong><\/p>\n<p>&nbsp;<\/p>\n<p><strong>REDAZIONE<\/strong> Sabato dalle 21 appuntamento all&#8217;ex Kaselo &#8211; sala Valmassoni &#8211;\u00a0 di La Valle Agordina con Pina Sabatini e Bepi Santuzzo. &#8220;I due Golfi, Venezia e Napoli&#8221;.<\/p>\n<p>&nbsp;<\/p>\n<p><span style=\"color: #ff0000;\">AUDIO<\/span><\/p>\n<audio class=\"wp-audio-shortcode\" id=\"audio-289295-9\" preload=\"none\" style=\"width: 100%;\" controls=\"controls\"><source type=\"audio\/mpeg\" src=\"https:\/\/www.radiopiu.net\/wordpress\/wp-content\/uploads\/2022\/07\/Intervista-Pina-Sabatini-Bepi-Santuzzo-x-la-Valle-31-luglio-1.mp3?_=9\" \/><a href=\"https:\/\/www.radiopiu.net\/wordpress\/wp-content\/uploads\/2022\/07\/Intervista-Pina-Sabatini-Bepi-Santuzzo-x-la-Valle-31-luglio-1.mp3\">https:\/\/www.radiopiu.net\/wordpress\/wp-content\/uploads\/2022\/07\/Intervista-Pina-Sabatini-Bepi-Santuzzo-x-la-Valle-31-luglio-1.mp3<\/a><\/audio>\n<p>&nbsp;<\/p>\n<p>La settimana organistica di musica nell&#8217;Agordino con Agordo Musica, da 29 anni in vallata. Ad Agordo e Falcade i primi appuntamenti con i concerti inaugurali con Luigi Pradelle (oboe e crono inglese) e Stefano Maso (organo)<\/p>\n<p><span style=\"color: #ff0000;\">AUDIO<\/span><\/p>\n<audio class=\"wp-audio-shortcode\" id=\"audio-289295-10\" preload=\"none\" style=\"width: 100%;\" controls=\"controls\"><source type=\"audio\/mpeg\" src=\"https:\/\/www.radiopiu.net\/wordpress\/wp-content\/uploads\/2022\/07\/Intervista-maso-pradelle-settimana-organistvca-2022.mp3?_=10\" \/><a href=\"https:\/\/www.radiopiu.net\/wordpress\/wp-content\/uploads\/2022\/07\/Intervista-maso-pradelle-settimana-organistvca-2022.mp3\">https:\/\/www.radiopiu.net\/wordpress\/wp-content\/uploads\/2022\/07\/Intervista-maso-pradelle-settimana-organistvca-2022.mp3<\/a><\/audio>\n<p>&nbsp;<\/p>\n<hr \/>\n<p>&nbsp;<\/p>\n<blockquote>\n<blockquote>\n<h3>MADONA DE LA NEIF, LA SAGRA A LA VALLE AGORDINA: IL PROGRAMMA<\/h3>\n<\/blockquote>\n<p><strong>LA VALLE<\/strong> Anche quest&#8217;anno il piccolo paese nel <strong>cuore<\/strong> delle <strong>Dolomiti Agordine<\/strong> si vestir\u00e0 a festa e <strong>venerd\u00ec 5 agosto 2022<\/strong> si animer\u00e0 per la tanto attesa Sagra paesana.\u00a0 La forza e il tenace spirito, caratteristiche che contraddistinguono i tanti volontari della Pro Loco La Valle Agordina, hanno permesso anche negli scorsi anni (sia 2020 sia 2021) di presentare al pubblico un evento di qualit\u00e0, adeguato alla normativa nazionale di prevenzione anti diffusione del Covid-19. L&#8217;evento inizier\u00e0 gioved\u00ec 4 agosto allre ore 18:00 con il tradizionale Vesper Solenne in onore della Madonna, fedelmente intonato su antiche melodie di tradizione orale (canto patriarchino) nella variante lavallese. Successivamente, alle ore 20:00, la Pro Loco &#8211; organizzatrice in collaborazione con il Comune di La Valle Agordina &#8211; inaugurer\u00e0 la Mostra Fotografica d&#8217;epoca &#8220;La Val da Incornis\u00e0 &#8211; Vite e ricordi nel cassetto&#8221;. Le foto raccontano sorrisi, luoghi, accadimenti storici della piccola frazione di Conaia (Conaggia) dal 1901 al 1967. Gli ingrandimenti, esposti sulle case e sui talv\u00e0 della frazione, accompagnano i visitatori in uno spaccato di storia del piccolo paese dolomitico di La Val (La Valle Agordina) e saranno visibili fino al 16 agosto, anch&#8217;esso giorno di festa per le celebrazioni di San Roc in Folega. Venerdi 5 agosto Il giorno di festa di apre con il tradizionale MERC\u00c0 DE L&#8217;IST\u00c0, divenuto ormai un appuntamento fisso dell&#8217;estate agordina. Sulla Piazza della Chiesa oltre sessanta bancarelle di artigianato locale, hobbistica e prodotti tipici arricchiranno con i loro unici rumori, colori e sapori i festeggiamenti della sagra paesana. Alle 10:30 si celebrer\u00e0 la Santa Messa solenne in onore della Madona de la Neif. Da non perdere la pesca di beneficenza e la visita al Museo Etnografico al terzo piano presso la sede del Municipio. Alle 17:00 un giro di valzer e una polka suonati da Eros, apriranno i festeggiamenti della serata al tendone. Alle 19:00 torna l&#8217;unica e inimitabile gara podistica di La Val: EL GIRO DE LE BURELE &#8211; 40\u00b0 edizione (17\u00b0 Memorial Ovidio Da Roit), organizzato dallo Sci Club La Valle Agordina. La gara passer\u00e0 tra le burele delle varie vile ai piedi della Cadeina del San Sebastian. Si chiude la serata in bellezza con con Eros&amp;Karin e a seguire la DISCO-TEK. Sabato 6 agosto\u00a0 L&#8217;evento prosegue nel weekend con &#8220;I Duoch dei boce&#8221; in programma sabato 6 a partire dalle 14:00 presso gli Impianti Sportivi. I pupi da La Val si cimenteranno in tanti divertenti giochi del passato. Alle 17:00 si balla al MOJITO PARTY con DJ JACK e alle 21:00<br \/>\nsi riempir\u00e0 la pista con i PEONES 3.0. Domenica 7 agosto \u00a0alle 17:00 don Cesare Larese e Dino Bridda presenteranno il libro &#8220;Dai ciragici all&#8217;ospedale. Un percorso nella storia di La Valle, fra miseria, malattie, medici, verso la nascita dell&#8217;ospedale&#8221; di Corrado Da Roit e Loris Santomaso. Alle 21:30 concerto rock con la band RH NEGATIVO.<\/p>\n\n\t\t\t<style type='text\/css'>\n\t\t\t\t#gallery-3 {\n\t\t\t\t\tmargin: auto;\n\t\t\t\t}\n\t\t\t\t#gallery-3 .gallery-item {\n\t\t\t\t\tfloat: left;\n\t\t\t\t\tmargin-top: 10px;\n\t\t\t\t\ttext-align: center;\n\t\t\t\t\twidth: 33%;\n\t\t\t\t}\n\t\t\t\t#gallery-3 img {\n\t\t\t\t\tborder: 2px solid #cfcfcf;\n\t\t\t\t}\n\t\t\t\t#gallery-3 .gallery-caption {\n\t\t\t\t\tmargin-left: 0;\n\t\t\t\t}\n\t\t\t\t\/* see gallery_shortcode() in wp-includes\/media.php *\/\n\t\t\t<\/style>\n\t\t<div id='gallery-3' class='dt-gallery-container gallery galleryid-289295 gallery-columns-3 gallery-size-thumbnail'><dl class='gallery-item'>\n\t\t\t\t<dt class='gallery-icon portrait'>\n\t\t\t\t\t<a class=\"rollover rollover-zoom dt-pswp-item\" title=\"530a2d72-bda3-7461-e542-59cf0ee1053c\" data-dt-img-description=\"\" data-large_image_width=\"1730\" data-large_image_height=\"2423\"href='https:\/\/www.radiopiu.net\/wordpress\/wp-content\/uploads\/2022\/07\/530a2d72-bda3-7461-e542-59cf0ee1053c.jpg'><img loading=\"lazy\" decoding=\"async\" width=\"150\" height=\"150\" src=\"https:\/\/www.radiopiu.net\/wordpress\/wp-content\/uploads\/2022\/07\/530a2d72-bda3-7461-e542-59cf0ee1053c-150x150.jpg\" class=\"attachment-thumbnail size-thumbnail\" alt=\"\" \/><\/a>\n\t\t\t\t<\/dt><\/dl><dl class='gallery-item'>\n\t\t\t\t<dt class='gallery-icon portrait'>\n\t\t\t\t\t<a class=\"rollover rollover-zoom dt-pswp-item\" title=\"38dcef37-7bbc-4024-ebb0-6a6882717ada\" data-dt-img-description=\"\" data-large_image_width=\"1811\" data-large_image_height=\"2560\"href='https:\/\/www.radiopiu.net\/wordpress\/wp-content\/uploads\/2022\/07\/38dcef37-7bbc-4024-ebb0-6a6882717ada-scaled.jpg'><img loading=\"lazy\" decoding=\"async\" width=\"150\" height=\"150\" src=\"https:\/\/www.radiopiu.net\/wordpress\/wp-content\/uploads\/2022\/07\/38dcef37-7bbc-4024-ebb0-6a6882717ada-150x150.jpg\" class=\"attachment-thumbnail size-thumbnail\" alt=\"\" \/><\/a>\n\t\t\t\t<\/dt><\/dl><dl class='gallery-item'>\n\t\t\t\t<dt class='gallery-icon portrait'>\n\t\t\t\t\t<a class=\"rollover rollover-zoom dt-pswp-item\" title=\"4935b63e-fab3-2b11-4f4a-803c2ec51972\" data-dt-img-description=\"\" data-large_image_width=\"1811\" data-large_image_height=\"2560\"href='https:\/\/www.radiopiu.net\/wordpress\/wp-content\/uploads\/2022\/07\/4935b63e-fab3-2b11-4f4a-803c2ec51972-scaled.jpg'><img loading=\"lazy\" decoding=\"async\" width=\"150\" height=\"150\" src=\"https:\/\/www.radiopiu.net\/wordpress\/wp-content\/uploads\/2022\/07\/4935b63e-fab3-2b11-4f4a-803c2ec51972-150x150.jpg\" class=\"attachment-thumbnail size-thumbnail\" alt=\"\" \/><\/a>\n\t\t\t\t<\/dt><\/dl><br style=\"clear: both\" \/>\n\t\t\t<\/div>\n\n<p>&nbsp;<\/p>\n<hr \/>\n<p>&nbsp;<\/p>\n<p>&nbsp;<\/p>\n<p><a class=\"dt-pswp-item\" href=\"https:\/\/www.radiopiu.net\/wordpress\/wp-content\/uploads\/2022\/07\/2a510b9c-1139-45b6-aafd-3a57431151f5.jpg\" data-dt-img-description=\"\" data-large_image_width=\"1080\" data-large_image_height=\"741\"><img loading=\"lazy\" decoding=\"async\" class=\"alignnone wp-image-289487 size-full\" src=\"https:\/\/www.radiopiu.net\/wordpress\/wp-content\/uploads\/2022\/07\/2a510b9c-1139-45b6-aafd-3a57431151f5.jpg\" alt=\"\" width=\"1080\" height=\"741\" srcset=\"https:\/\/www.radiopiu.net\/wordpress\/wp-content\/uploads\/2022\/07\/2a510b9c-1139-45b6-aafd-3a57431151f5.jpg 1080w, https:\/\/www.radiopiu.net\/wordpress\/wp-content\/uploads\/2022\/07\/2a510b9c-1139-45b6-aafd-3a57431151f5-300x206.jpg 300w, https:\/\/www.radiopiu.net\/wordpress\/wp-content\/uploads\/2022\/07\/2a510b9c-1139-45b6-aafd-3a57431151f5-1024x703.jpg 1024w, https:\/\/www.radiopiu.net\/wordpress\/wp-content\/uploads\/2022\/07\/2a510b9c-1139-45b6-aafd-3a57431151f5-768x527.jpg 768w\" sizes=\"auto, (max-width: 1080px) 100vw, 1080px\" \/><\/a><\/p>\n<p><strong>falcade<\/strong> ALLE ORIGINI DELLA SCULTURA, AUGUSTO MURER 1922-2022 IN OCCASIONE DELLE CELEBRAZIONI PER IL CENTENARIO DELLA NASCITA VENERDI 5 AGOSTO ALLE 20.30 ALLA CASA DELLA GIOVENTU&#8217; DI CAVIOLA &#8220;AUGUSTO MURER, LA SUA VITA, LA SUA ARTE, IL SUO TERRITORIO&#8221;. INTERVERRANNO: DON ANDREA PICCOLIN PARROCO DI FALCADE-CAVIOLA, MAURO SALVATERRA SINDACO DI FALCADE, ELIO ARMANO PROMOTORE DEL CENTENARIO DI AUGUSTO MURER, GIUSEPPE MENDICINO SCRITTORE E BIOGRAFO DI MARIO RIGONI STERN E BRUNO MURER IN RAPPRESENTANZA DELLA FAMIGLIA MURER. ALLE ORIGINI DELLA SCULTURA, VENERDI 5 AGOSTO, 20.30, CASA DELLA GIOVENTU&#8217; DI CAVIOLA.<\/p>\n<p>&nbsp;<\/p><\/blockquote>\n<hr \/>\n<p>&nbsp;<\/p>\n<blockquote>\n<h3>AD AGORDO CINEMA ALL&#8217;APERTO, TRE SERATA SOTTO LE STELLE<\/h3>\n<\/blockquote>\n<p><strong><a class=\"dt-pswp-item\" href=\"https:\/\/www.radiopiu.net\/wordpress\/wp-content\/uploads\/2022\/07\/piazzetta-Vecchia.jpeg\" data-dt-img-description=\"\" data-large_image_width=\"2048\" data-large_image_height=\"1536\"><img loading=\"lazy\" decoding=\"async\" class=\" wp-image-289355 alignleft\" src=\"https:\/\/www.radiopiu.net\/wordpress\/wp-content\/uploads\/2022\/07\/piazzetta-Vecchia-300x225.jpeg\" alt=\"\" width=\"163\" height=\"122\" srcset=\"https:\/\/www.radiopiu.net\/wordpress\/wp-content\/uploads\/2022\/07\/piazzetta-Vecchia-300x225.jpeg 300w, https:\/\/www.radiopiu.net\/wordpress\/wp-content\/uploads\/2022\/07\/piazzetta-Vecchia-1024x768.jpeg 1024w, https:\/\/www.radiopiu.net\/wordpress\/wp-content\/uploads\/2022\/07\/piazzetta-Vecchia-768x576.jpeg 768w, https:\/\/www.radiopiu.net\/wordpress\/wp-content\/uploads\/2022\/07\/piazzetta-Vecchia-1536x1152.jpeg 1536w, https:\/\/www.radiopiu.net\/wordpress\/wp-content\/uploads\/2022\/07\/piazzetta-Vecchia.jpeg 2048w\" sizes=\"auto, (max-width: 163px) 100vw, 163px\" \/><\/a>AGORDO\u00a0<\/strong> Dopo le esperienza dello scorso anno sul Broi e in Villa de Manzoni, ritorna il cinema all&#8217;aperto, quest&#8217;anno in Contrada dei Signori (piazzetta vecchia). Tre gli appuntamenti: marted\u00ec 9 Agosto: Midnight in Paris, di Woody Allen; gioved\u00ec 11 Agosto: Fra due battiti, di Stefano Usuardi;\u00a0 sabato 13 Agosto: The Illusionist, di Neil Burger.\u00a0 utte le proiezioni inizieranno alle ore 21 e saranno ad ingresso gratuito, previa prenotazione, informazioni all&#8217;ufficio turistico. L\u2019evento \u00e8 organizzato dal Comune di Agordo. Collaborazione: \u201cFiFilm productions\u201d di Caterina Francavilla, che per l\u2019occasione presenter\u00e0 per la prima volta ad Agordo l\u2019ultimo film prodotto, \u201cFra due battiti\u201d. In caso di maltempo le proiezioni saranno rinviate al giorno successivo.<\/p>\n<p><strong>di Gianni Santomaso, dal Corriere Delle Alpi<\/strong><\/p>\n<audio class=\"wp-audio-shortcode\" id=\"audio-289295-11\" preload=\"none\" style=\"width: 100%;\" controls=\"controls\"><source type=\"audio\/mpeg\" src=\"https:\/\/www.radiopiu.net\/wordpress\/wp-content\/uploads\/2022\/07\/GIANNI-CINEMA-AGORDO.mp3?_=11\" \/><a href=\"https:\/\/www.radiopiu.net\/wordpress\/wp-content\/uploads\/2022\/07\/GIANNI-CINEMA-AGORDO.mp3\">https:\/\/www.radiopiu.net\/wordpress\/wp-content\/uploads\/2022\/07\/GIANNI-CINEMA-AGORDO.mp3<\/a><\/audio>\n<p>&nbsp;<\/p>\n<p>&nbsp;<\/p>\n<hr \/>\n<p>&nbsp;<\/p>\n<blockquote>\n<h3 class=\"entry-title\">LUCIANA PALLA ILLUSTRA L\u2019USO DEI PASCOLI NELLE DICIASSETTE \u201cVICINIE\u201d DI LIVINALLONGO<\/h3>\n<\/blockquote>\n<p><strong>di\u00a0 RENATO BONA\u00a0<\/strong><\/p>\n<p>Se, trattando del libro \u201cMalgari e pascoli. L\u2019alpeggio nella provincia di Belluno\u201d, edito nel 1991 a cura di Daniela Perco (tipolitografia Beato Bernardino di Feltre) per la serie Quaderni, dalla Libreria Pilotto di Feltre ad iniziativa di Comunit\u00e0 montana feltrina e Centro per la documentazione della cultura popolare\u201d in precedente servizio, ci siamo occupati del capitolo curato da Corrado Da Roit: \u201cDelle liti sui pascoli e sull\u2019alpeggio dei bovini a La Valle Agordina\u201d, in questa occasione ci soffermiamo sul saggio di Luciana Palla: \u201cL\u2019uso dei pascoli nelle vicinie di Livinallongo\u201d. L\u2019esordio per ricordare: \u201cL\u2019economia di Livinallongo, finch\u00e9 le risorse fondamentali di vita degli abitanti derivarono da agricoltura e allevamento, fu regolata dall\u2019istituto della vicinia\u201d. Erano 17, estese sul territorio comunale(Pieve, Salesei, Andraz, Castello, Larzonei, Palla-Agai, Corte, Contrin, Cherz, Soraruaz, Arabba, Varda, Vallazza, Ornella, Visin\u00e8 di Qua, Visin\u00e8 di L\u00e0, Davedino, con confini ben definiti; ognuna si componeva delle famiglie proprietarie di aziende agricole, in genere insediatesi nella localit\u00e0 da molte generazioni. Luciana Palla ricorda quindi che fino all\u2019introduzione della legge del 1927 sul riordinamento degli usi civici \u201ccon la cui applicazione venne definitivamente negata l\u2019autonomia amministrativa delle vicinie garantita dalla monarchia austriaca fino al 1918, quando Livinallongo venne annesso all\u2019Italia, l\u2019istituzione era proprietaria di buona parte di boschi e pascoli la cui gestione da parte dei \u2018vicini\u2019 o \u2018consorti\u2019 risultava nei fatti un sostengo notevole all\u2019economia dei piccoli proprietari agricoli: ciascuna famiglia che disponeva individualmente di casa, stalla, campi e prati, aveva cio\u00e8 il \u201cdiritto al fuoco\u201d era comproprietaria con le altre \u201cdi un patrimonio comune indiviso costituito da prati, pascoli e boschi nonch\u00e9 dall\u2019insieme dei beni immobili necessari alla vita sociale della piccola Comunit\u00e0 rurale, quali strade, abbeveratoi, acquedotti\u201d. All\u2019interno di ciascuna vicinia vigevano fregole a proposito dei pascoli per far s\u00ec che non fossero sfruttati oltre la loro potenzialit\u00e0, ed ogni famiglia godeva del diritto di legnatico, segativo, rifabbrico. Ancora: oculato era lo sfruttamento e la vendita del legname perch\u00e9 tutti erano consapevoli che dal buon uso di tali risorse dipendeva la sopravvivenza stessa della comunit\u00e0. Accanto ai boschi vicinali c\u2019erano 45 appezzamenti boschivi chiamati \u2018masi\u2019 appartenenti ad alcune famiglie che erano le uniche a poter godere degli utili conseguenti ad uso e-o vendita del legname mentre il diritto di pascolo era esteso a tutti i componenti della vicinia. Con la legge accennata sopra, del 1927, \u201cla propriet\u00e0 vicinale e masale venne abolita e sostituita da quella comunale, per cui la vicinia rimase s\u00ec in vita come istituzione, con le sue usanze ed i suoi regolamenti, ma priva della sua originaria ricchezza di pascoli e boschi e con l\u2019imposizione di tasse comunali per pascolo e legnatico. Immancabile la causa intentata da capi vicinia e \u2018masisti\u2019 al Comune, motivata dal fatto che \u201cle terre in oggetto erano propriet\u00e0 privata collettiva quindi non soggette all\u2019applicazione della legge sugli usi civici\u201d. Una tesi confutata ripetutamente dalla Corte d\u2019appello di Roma e dalla Cassazione; nel 1942 \u201cfu data definitivamente piena ragione al Comune\u201d. Ma\u2026 \u201cNonostante la vicini fosse stata privata della sua ricchezza fondiaria, continuarono per\u00f2 le consuetudini e soprattutto la gestione tradizionale collettiva dei pascoli. Fu mantenuta perci\u00f2 anche la cura a non spezzettare la propriet\u00e0 privata ma a conservare pressoch\u00e9 costante il numero dei \u2018fuochi\u2019, cosicch\u00e9 non fosse turbato l\u2019equilibrio fino allora esistente fra aziende agricole e sfruttamento delle risorse agro-pastorali\u201d. Da questo principio &#8211; spiega opportunamente la Palla &#8211; scaturisce l\u2019uso non conosciuto nel resto dell\u2019Agordino e del Cadore di lasciare la propriet\u00e0 fondiaria al primogenito e di indirizzare gli altri figli ad impararsi un mestiere che avrebbero potuto esercitare nella valle o altrove; l\u2019alternativa era rimanere nella casa paterna alle dipendenze del fratello senza sposarsi\u201d. Di fatto l\u2019azienda agricola mantenne dimensioni medie: dai 5 ai 20 ettari mentre negli altri comuni agordini era difficile trovarne che superassero i 5 ettari. Quanto al bestiame, l\u2019autrice spiega che l\u2019allevamento bovino era quello pi\u00f9 diffuso nella valle \u201cperch\u00e9 permetteva un parziale inserimento nell\u2019economia di mercato tramite la vendita di manzi e giovenche e quindi l\u2019acquisto dei generi di prima necessit\u00e0 che non potevano essere prodotti in famiglia\u201d; i vitelli venivano invece per lo pi\u00f9 allevati e castrati per farne manzi, le vitelle venivano vendute quando avevano circa tre anni ed erano gi\u00e0 gravide. Secondo i dati del censimento del bestiame del 1930 Livinallongo nell\u2019ambito dei 21 comuni della zona agraria dell\u2019Alto Piave (Cadore) in cui era inserito, disponeva di ben 1.837 capi bovini su un totale di 12 mila 729 dell\u2019area considerata; alto soprattutto il numero di manzi: 123 su un totale di 171. Altrettanto rilevanti i dati se confrontati con quelli della zona agraria del Cordevole (Agordino).<\/p>\n\n\t\t\t<style type='text\/css'>\n\t\t\t\t#gallery-4 {\n\t\t\t\t\tmargin: auto;\n\t\t\t\t}\n\t\t\t\t#gallery-4 .gallery-item {\n\t\t\t\t\tfloat: left;\n\t\t\t\t\tmargin-top: 10px;\n\t\t\t\t\ttext-align: center;\n\t\t\t\t\twidth: 25%;\n\t\t\t\t}\n\t\t\t\t#gallery-4 img {\n\t\t\t\t\tborder: 2px solid #cfcfcf;\n\t\t\t\t}\n\t\t\t\t#gallery-4 .gallery-caption {\n\t\t\t\t\tmargin-left: 0;\n\t\t\t\t}\n\t\t\t\t\/* see gallery_shortcode() in wp-includes\/media.php *\/\n\t\t\t<\/style>\n\t\t<div id='gallery-4' class='dt-gallery-container gallery galleryid-289295 gallery-columns-4 gallery-size-thumbnail'><dl class='gallery-item'>\n\t\t\t\t<dt class='gallery-icon portrait'>\n\t\t\t\t\t<a class=\"rollover rollover-zoom dt-pswp-item\" title=\"1\" data-dt-img-description=\"\" data-large_image_width=\"196\" data-large_image_height=\"206\"href='https:\/\/www.radiopiu.net\/wordpress\/wp-content\/uploads\/2022\/07\/1-2.jpg'><img loading=\"lazy\" decoding=\"async\" width=\"150\" height=\"150\" src=\"https:\/\/www.radiopiu.net\/wordpress\/wp-content\/uploads\/2022\/07\/1-2-150x150.jpg\" class=\"attachment-thumbnail size-thumbnail\" alt=\"\" \/><\/a>\n\t\t\t\t<\/dt><\/dl><dl class='gallery-item'>\n\t\t\t\t<dt class='gallery-icon landscape'>\n\t\t\t\t\t<a class=\"rollover rollover-zoom dt-pswp-item\" title=\"2\" data-dt-img-description=\"\" data-large_image_width=\"347\" data-large_image_height=\"206\"href='https:\/\/www.radiopiu.net\/wordpress\/wp-content\/uploads\/2022\/07\/2-3.jpg'><img loading=\"lazy\" decoding=\"async\" width=\"150\" height=\"150\" src=\"https:\/\/www.radiopiu.net\/wordpress\/wp-content\/uploads\/2022\/07\/2-3-150x150.jpg\" class=\"attachment-thumbnail size-thumbnail\" alt=\"\" \/><\/a>\n\t\t\t\t<\/dt><\/dl><dl class='gallery-item'>\n\t\t\t\t<dt class='gallery-icon landscape'>\n\t\t\t\t\t<a class=\"rollover rollover-zoom dt-pswp-item\" title=\"3\" data-dt-img-description=\"\" data-large_image_width=\"228\" data-large_image_height=\"203\"href='https:\/\/www.radiopiu.net\/wordpress\/wp-content\/uploads\/2022\/07\/3-2.jpg'><img loading=\"lazy\" decoding=\"async\" width=\"150\" height=\"150\" src=\"https:\/\/www.radiopiu.net\/wordpress\/wp-content\/uploads\/2022\/07\/3-2-150x150.jpg\" class=\"attachment-thumbnail size-thumbnail\" alt=\"\" \/><\/a>\n\t\t\t\t<\/dt><\/dl><dl class='gallery-item'>\n\t\t\t\t<dt class='gallery-icon landscape'>\n\t\t\t\t\t<a class=\"rollover rollover-zoom dt-pswp-item\" title=\"4\" data-dt-img-description=\"\" data-large_image_width=\"321\" data-large_image_height=\"206\"href='https:\/\/www.radiopiu.net\/wordpress\/wp-content\/uploads\/2022\/07\/4-2.jpg'><img loading=\"lazy\" decoding=\"async\" width=\"150\" height=\"150\" src=\"https:\/\/www.radiopiu.net\/wordpress\/wp-content\/uploads\/2022\/07\/4-2-150x150.jpg\" class=\"attachment-thumbnail size-thumbnail\" alt=\"\" \/><\/a>\n\t\t\t\t<\/dt><\/dl><br style=\"clear: both\" \/><dl class='gallery-item'>\n\t\t\t\t<dt class='gallery-icon portrait'>\n\t\t\t\t\t<a class=\"rollover rollover-zoom dt-pswp-item\" title=\"5\" data-dt-img-description=\"\" data-large_image_width=\"180\" data-large_image_height=\"204\"href='https:\/\/www.radiopiu.net\/wordpress\/wp-content\/uploads\/2022\/07\/5-2.jpg'><img loading=\"lazy\" decoding=\"async\" width=\"150\" height=\"150\" src=\"https:\/\/www.radiopiu.net\/wordpress\/wp-content\/uploads\/2022\/07\/5-2-150x150.jpg\" class=\"attachment-thumbnail size-thumbnail\" alt=\"\" \/><\/a>\n\t\t\t\t<\/dt><\/dl><dl class='gallery-item'>\n\t\t\t\t<dt class='gallery-icon landscape'>\n\t\t\t\t\t<a class=\"rollover rollover-zoom dt-pswp-item\" title=\"6\" data-dt-img-description=\"\" data-large_image_width=\"296\" data-large_image_height=\"205\"href='https:\/\/www.radiopiu.net\/wordpress\/wp-content\/uploads\/2022\/07\/6-2.jpg'><img loading=\"lazy\" decoding=\"async\" width=\"150\" height=\"150\" src=\"https:\/\/www.radiopiu.net\/wordpress\/wp-content\/uploads\/2022\/07\/6-2-150x150.jpg\" class=\"attachment-thumbnail size-thumbnail\" alt=\"\" \/><\/a>\n\t\t\t\t<\/dt><\/dl><dl class='gallery-item'>\n\t\t\t\t<dt class='gallery-icon landscape'>\n\t\t\t\t\t<a class=\"rollover rollover-zoom dt-pswp-item\" title=\"7\" data-dt-img-description=\"\" data-large_image_width=\"457\" data-large_image_height=\"206\"href='https:\/\/www.radiopiu.net\/wordpress\/wp-content\/uploads\/2022\/07\/7-2.jpg'><img loading=\"lazy\" decoding=\"async\" width=\"150\" height=\"150\" src=\"https:\/\/www.radiopiu.net\/wordpress\/wp-content\/uploads\/2022\/07\/7-2-150x150.jpg\" class=\"attachment-thumbnail size-thumbnail\" alt=\"\" \/><\/a>\n\t\t\t\t<\/dt><\/dl><dl class='gallery-item'>\n\t\t\t\t<dt class='gallery-icon landscape'>\n\t\t\t\t\t<a class=\"rollover rollover-zoom dt-pswp-item\" title=\"8\" data-dt-img-description=\"\" data-large_image_width=\"292\" data-large_image_height=\"206\"href='https:\/\/www.radiopiu.net\/wordpress\/wp-content\/uploads\/2022\/07\/8-2.jpg'><img loading=\"lazy\" decoding=\"async\" width=\"150\" height=\"150\" src=\"https:\/\/www.radiopiu.net\/wordpress\/wp-content\/uploads\/2022\/07\/8-2-150x150.jpg\" class=\"attachment-thumbnail size-thumbnail\" alt=\"\" \/><\/a>\n\t\t\t\t<\/dt><\/dl><br style=\"clear: both\" \/>\n\t\t\t<\/div>\n\n<p>&nbsp;<\/p>\n<p>NELLE FOTO (riproduzioni dal libro \u201cMalgari e pascoli. L\u2019alpeggio nella provincia di Belluno\u201d curato da Daniela Perco): due momenti Anni \u201860 della tradizionale rassegna annuale del bestiame di San Michele a Livinallongo del Col di Lana; bovini che tornano la sera dal pascolo nella frazione Corte, Anni \u201860 (foto Celestino Vallazza); raccolta del fieno a Livinallongo nell\u2019estate 1940 (foto Celestino Vallazza); ferratura delle mucche che venivano tenute ferme nell\u2019apposita struttura di legno, \u201ctrav\u00e0i\u201d, giugno 1960 (foto Teresa Palla); preparazione del burro con la zangola, Anni \u201860 (foto Celestino Vallazza); abitazioni temporanee in legno a malga Ciap\u00e8la, Anni \u201840 (foto Elio Migliorini); \u201csc\u00f3fe\u201dper il deposito del fieno in montagna (foto Elio Migliorini).<\/p>\n<p>&nbsp;<\/p>\n<p>&nbsp;<\/p>\n<hr \/>\n<p>&nbsp;<\/p>\n<h2><span style=\"color: #808000;\">L&#8217;ALMANACCO LADINO\u00a0<\/span><\/h2>\n<p><strong>LA RACCOLTA\u00a0<\/strong><\/p>\n<blockquote class=\"wp-embedded-content\" data-secret=\"VcDZr2YOyV\"><p><a href=\"https:\/\/www.radiopiu.net\/wordpress\/almanacco-ladino\/\">Almanacco Ladino<\/a><\/p><\/blockquote>\n<p><iframe loading=\"lazy\" class=\"wp-embedded-content\" sandbox=\"allow-scripts\" security=\"restricted\" style=\"position: absolute; clip: rect(1px, 1px, 1px, 1px);\" title=\"&#8220;Almanacco Ladino&#8221; &#8212; Radio Pi\u00f9\" src=\"https:\/\/www.radiopiu.net\/wordpress\/almanacco-ladino\/embed\/#?secret=z4wDXf4ZHm#?secret=VcDZr2YOyV\" data-secret=\"VcDZr2YOyV\" width=\"600\" height=\"338\" frameborder=\"0\" marginwidth=\"0\" marginheight=\"0\" scrolling=\"no\"><\/iframe><\/p>\n<p>&nbsp;<\/p>\n<hr \/>\n<p>&nbsp;<\/p>\n<h2><span style=\"color: #008080;\">&#8220;DINTORN E FORA VIA&#8221; A CURA DEL MUSLA, IL NUOVO PROGRAMMA\u00a0 \u00a0\u00a0<\/span><\/h2>\n<p><strong><a class=\"dt-pswp-item\" href=\"https:\/\/www.radiopiu.net\/wordpress\/wp-content\/uploads\/2022\/07\/55362979-b5be-42b2-a36e-39897270d0d1.jpg\" data-dt-img-description=\"\" data-large_image_width=\"854\" data-large_image_height=\"218\"><img loading=\"lazy\" decoding=\"async\" class=\" wp-image-289268 alignleft\" src=\"https:\/\/www.radiopiu.net\/wordpress\/wp-content\/uploads\/2022\/07\/55362979-b5be-42b2-a36e-39897270d0d1-300x77.jpg\" alt=\"\" width=\"269\" height=\"69\" srcset=\"https:\/\/www.radiopiu.net\/wordpress\/wp-content\/uploads\/2022\/07\/55362979-b5be-42b2-a36e-39897270d0d1-300x77.jpg 300w, https:\/\/www.radiopiu.net\/wordpress\/wp-content\/uploads\/2022\/07\/55362979-b5be-42b2-a36e-39897270d0d1-768x196.jpg 768w, https:\/\/www.radiopiu.net\/wordpress\/wp-content\/uploads\/2022\/07\/55362979-b5be-42b2-a36e-39897270d0d1.jpg 854w\" sizes=\"auto, (max-width: 269px) 100vw, 269px\" \/><\/a>LA PUNTATA DEL 26 LUGLIO 2022 &#8211; VERONICA LEZUO<\/strong><\/p>\n<audio class=\"wp-audio-shortcode\" id=\"audio-289295-12\" preload=\"none\" style=\"width: 100%;\" controls=\"controls\"><source type=\"audio\/mpeg\" src=\"https:\/\/www.radiopiu.net\/wordpress\/wp-content\/uploads\/2022\/07\/MUSLA-3.mp3?_=12\" \/><a href=\"https:\/\/www.radiopiu.net\/wordpress\/wp-content\/uploads\/2022\/07\/MUSLA-3.mp3\">https:\/\/www.radiopiu.net\/wordpress\/wp-content\/uploads\/2022\/07\/MUSLA-3.mp3<\/a><\/audio>\n<p>&nbsp;<\/p>\n<p><strong>LA RACCOLTA COMPLETA<\/strong><\/p>\n<blockquote class=\"wp-embedded-content\" data-secret=\"4Fc1Dlh8oB\"><p><a href=\"https:\/\/www.radiopiu.net\/wordpress\/musla\/\">MUSLA<\/a><\/p><\/blockquote>\n<p><iframe loading=\"lazy\" class=\"wp-embedded-content\" sandbox=\"allow-scripts\" security=\"restricted\" style=\"position: absolute; clip: rect(1px, 1px, 1px, 1px);\" title=\"&#8220;MUSLA&#8221; &#8212; Radio Pi\u00f9\" src=\"https:\/\/www.radiopiu.net\/wordpress\/musla\/embed\/#?secret=trL17r5YUB#?secret=4Fc1Dlh8oB\" data-secret=\"4Fc1Dlh8oB\" width=\"600\" height=\"338\" frameborder=\"0\" marginwidth=\"0\" marginheight=\"0\" scrolling=\"no\"><\/iframe><\/p>\n<p>&nbsp;<\/p>\n<p>&nbsp;<\/p>\n<hr \/>\n<p>&nbsp;<\/p>\n<div>\n<div class=\"b654a4as d2edcug0\">\n<div class=\"rq0escxv hkbzh7o3 jwdofwj8 n8tt0mok r8blr3vg hyh9befq\">\n<p><a class=\"dt-pswp-item\" href=\"https:\/\/www.radiopiu.net\/wordpress\/wp-content\/uploads\/2020\/10\/pp.jpg\" data-dt-img-description=\"\" data-large_image_width=\"640\" data-large_image_height=\"640\"><img loading=\"lazy\" decoding=\"async\" class=\"wp-image-163678 alignleft\" src=\"https:\/\/www.radiopiu.net\/wordpress\/wp-content\/uploads\/2020\/10\/pp-300x300.jpg\" alt=\"\" width=\"106\" height=\"106\" srcset=\"https:\/\/www.radiopiu.net\/wordpress\/wp-content\/uploads\/2020\/10\/pp-300x300.jpg 300w, https:\/\/www.radiopiu.net\/wordpress\/wp-content\/uploads\/2020\/10\/pp-150x150.jpg 150w, https:\/\/www.radiopiu.net\/wordpress\/wp-content\/uploads\/2020\/10\/pp-125x125.jpg 125w, https:\/\/www.radiopiu.net\/wordpress\/wp-content\/uploads\/2020\/10\/pp-200x200.jpg 200w, https:\/\/www.radiopiu.net\/wordpress\/wp-content\/uploads\/2020\/10\/pp-80x80.jpg 80w, https:\/\/www.radiopiu.net\/wordpress\/wp-content\/uploads\/2020\/10\/pp-480x480.jpg 480w, https:\/\/www.radiopiu.net\/wordpress\/wp-content\/uploads\/2020\/10\/pp.jpg 640w\" sizes=\"auto, (max-width: 106px) 100vw, 106px\" \/><\/a><\/p>\n<\/div>\n<\/div>\n<\/div>\n<div>\n<div class=\"page-title-head hgroup\">\n<div class=\"page-title-head hgroup\">\n<div class=\"b654a4as d2edcug0\">\n<div class=\"j83agx80 btwxx1t3 lhclo0ds hop8lmos nkwizq5d scwd0bx6 roh60bw9\">\n<div class=\"rq0escxv hkbzh7o3 jwdofwj8 n8tt0mok r8blr3vg hyh9befq\">\n<div class=\"do00u71z l9j0dhe7 k4urcfbm\">\n<h2><span style=\"color: #000080;\">DON CESARE, IL PENSIERO DEL GIORNO. ALLA RADIO ALLE 7 DEL MATTINO E ALLE 19.30 DELLA SERA.\u00a0<\/span><\/h2>\n<p>&nbsp;<\/p>\n<p>&nbsp;<\/p>\n<\/div>\n<\/div>\n<\/div>\n<\/div>\n<\/div>\n<\/div>\n<\/div>\n<div class=\"do00u71z l9j0dhe7 k4urcfbm\">\n<div class=\"page-title-head hgroup\">\n<div class=\"page-title-head hgroup\">\n<div class=\"b654a4as d2edcug0\">\n<div class=\"j83agx80 btwxx1t3 lhclo0ds hop8lmos nkwizq5d scwd0bx6 roh60bw9\">\n<div class=\"rq0escxv hkbzh7o3 jwdofwj8 n8tt0mok r8blr3vg hyh9befq\">\n<div class=\"do00u71z l9j0dhe7 k4urcfbm\">\n<div class=\"page-title-head hgroup\">\n<div class=\"page-title-head hgroup\">\n<div class=\"b654a4as d2edcug0\">\n<div class=\"j83agx80 btwxx1t3 lhclo0ds hop8lmos nkwizq5d scwd0bx6 roh60bw9\">\n<div class=\"rq0escxv hkbzh7o3 jwdofwj8 n8tt0mok r8blr3vg hyh9befq\">\n<div class=\"do00u71z l9j0dhe7 k4urcfbm\">\n<div class=\"ecm0bbzt e5nlhep0 a8c37x1j\">\n<div class=\"kvgmc6g5 cxmmr5t8 oygrvhab hcukyx3x c1et5uql\">\n<div class=\"gmail-kvgmc6g5 gmail-cxmmr5t8 gmail-oygrvhab gmail-hcukyx3x gmail-c1et5uql gmail-ii04i59q\">\n<div class=\"page-title-head hgroup\">\n<div class=\"page-title-head hgroup\">\n<div class=\"b654a4as d2edcug0\">\n<div class=\"j83agx80 btwxx1t3 lhclo0ds hop8lmos nkwizq5d scwd0bx6 roh60bw9\">\n<div class=\"rq0escxv hkbzh7o3 jwdofwj8 n8tt0mok r8blr3vg hyh9befq\">\n<div class=\"do00u71z l9j0dhe7 k4urcfbm\">\n<div class=\"page-title-head hgroup\">\n<div class=\"page-title-head hgroup\">\n<div class=\"b654a4as d2edcug0\">\n<div class=\"j83agx80 btwxx1t3 lhclo0ds hop8lmos nkwizq5d scwd0bx6 roh60bw9\">\n<div class=\"rq0escxv hkbzh7o3 jwdofwj8 n8tt0mok r8blr3vg hyh9befq\">\n<div class=\"do00u71z l9j0dhe7 k4urcfbm\">\n<div class=\"page-title-head hgroup\">\n<div class=\"page-title-head hgroup\">\n<div class=\"b654a4as d2edcug0\">\n<div class=\"j83agx80 btwxx1t3 lhclo0ds hop8lmos nkwizq5d scwd0bx6 roh60bw9\">\n<div class=\"rq0escxv hkbzh7o3 jwdofwj8 n8tt0mok r8blr3vg hyh9befq\">\n<div class=\"do00u71z l9j0dhe7 k4urcfbm\">\n<div class=\"ecm0bbzt e5nlhep0 a8c37x1j\">\n<div class=\"kvgmc6g5 cxmmr5t8 oygrvhab hcukyx3x c1et5uql\">\n<div class=\"gmail-kvgmc6g5 gmail-cxmmr5t8 gmail-oygrvhab gmail-hcukyx3x gmail-c1et5uql gmail-ii04i59q\">\n<div class=\"page-title-head hgroup\">\n<div class=\"page-title-head hgroup\">\n<div class=\"b654a4as d2edcug0\">\n<div class=\"j83agx80 btwxx1t3 lhclo0ds hop8lmos nkwizq5d scwd0bx6 roh60bw9\">\n<div class=\"rq0escxv hkbzh7o3 jwdofwj8 n8tt0mok r8blr3vg hyh9befq\">\n<div class=\"do00u71z l9j0dhe7 k4urcfbm\">\n<audio class=\"wp-audio-shortcode\" id=\"audio-289295-13\" preload=\"none\" style=\"width: 100%;\" controls=\"controls\"><source type=\"audio\/mpeg\" src=\"https:\/\/www.radiopiu.net\/wordpress\/wp-content\/uploads\/2022\/07\/CESARE-16.mp3?_=13\" \/><a href=\"https:\/\/www.radiopiu.net\/wordpress\/wp-content\/uploads\/2022\/07\/CESARE-16.mp3\">https:\/\/www.radiopiu.net\/wordpress\/wp-content\/uploads\/2022\/07\/CESARE-16.mp3<\/a><\/audio>\n<p>&nbsp;<\/p>\n<hr \/>\n<p>&nbsp;<\/p>\n<p><span style=\"color: #0000ff;\">MUSICA PIU&#8217;\u00a0<\/span><\/p>\n<p><a href=\"https:\/\/www.radiopiu.net\/wordpress\/giornale-radiopiu-20-settembre-2021-direttore-mirko-mezzacasa\/pp-79\/\" rel=\"attachment wp-att-232921\"><img loading=\"lazy\" decoding=\"async\" class=\"wp-image-232921 alignleft\" src=\"https:\/\/www.radiopiu.net\/wordpress\/wp-content\/uploads\/2021\/09\/pp-1-300x300.jpg\" alt=\"\" width=\"135\" height=\"135\" srcset=\"https:\/\/www.radiopiu.net\/wordpress\/wp-content\/uploads\/2021\/09\/pp-1-300x300.jpg 300w, https:\/\/www.radiopiu.net\/wordpress\/wp-content\/uploads\/2021\/09\/pp-1-150x150.jpg 150w, https:\/\/www.radiopiu.net\/wordpress\/wp-content\/uploads\/2021\/09\/pp-1.jpg 640w\" sizes=\"auto, (max-width: 135px) 100vw, 135px\" \/><\/a><\/p>\n<div class=\"mkdf-post-text\">\n<div class=\"mkdf-post-text-inner\">\n<div class=\"mkdf-post-text-main\">\n<div class=\"mkdf-post-text\">\n<div class=\"mkdf-post-text-inner\">\n<div class=\"mkdf-post-text-main\">\n<div class=\"mkdf-post-text\">\n<div class=\"mkdf-post-text-inner\">\n<div class=\"mkdf-post-text-main\">\n<div class=\"page-title-head hgroup\">\n<div class=\"page-title-head hgroup\">\n<div class=\"mkdf-post-text\">\n<div class=\"mkdf-post-text-inner\">\n<div class=\"mkdf-post-text-main\">\n<div class=\"mkdf-post-text\">\n<div class=\"mkdf-post-text-inner\">\n<div class=\"mkdf-post-text-main\">\n<div class=\"page-title-head hgroup\">\n<div class=\"page-title-head hgroup\">\n<div class=\"page-title-head hgroup\">\n<div class=\"page-title-head hgroup\">\n<div class=\"b654a4as d2edcug0\">\n<div class=\"page-title-head hgroup\">\n<div class=\"page-title-head hgroup\">\n<div class=\"page-title-head hgroup\">\n<div class=\"page-title-head hgroup\">\n<div class=\"b654a4as d2edcug0\">\n<div class=\"page-title-head hgroup\">\n<div class=\"page-title-head hgroup\">\n<div class=\"page-title-head hgroup\">\n<div class=\"page-title-head hgroup\">\n<div class=\"b654a4as d2edcug0\">\n<div class=\"mkdf-post-text\">\n<div class=\"mkdf-post-text-inner\">\n<div class=\"mkdf-post-text-main\">\n<div class=\"mkdf-post-text\">\n<div class=\"mkdf-post-text-inner\">\n<div class=\"mkdf-post-text-main\">\n<div class=\"mkdf-post-text\">\n<div class=\"mkdf-post-text-inner\">\n<div class=\"mkdf-post-text-main\">\n<div class=\"page-title-head hgroup\">\n<div class=\"page-title-head hgroup\">\n<div class=\"mkdf-post-text\">\n<div class=\"mkdf-post-text-inner\">\n<div class=\"mkdf-post-text-main\">\n<div class=\"mkdf-post-text\">\n<div class=\"mkdf-post-text-inner\">\n<div class=\"mkdf-post-text-main\">\n<div class=\"page-title-head hgroup\">\n<div class=\"page-title-head hgroup\">\n<div class=\"page-title-head hgroup\">\n<div class=\"page-title-head hgroup\">\n<div class=\"b654a4as d2edcug0\">\n<div class=\"page-title-head hgroup\">\n<div class=\"page-title-head hgroup\">\n<div class=\"page-title-head hgroup\">\n<div class=\"page-title-head hgroup\">\n<div class=\"b654a4as d2edcug0\">\n<div class=\"page-title-head hgroup\">\n<div class=\"page-title-head hgroup\">\n<div class=\"page-title-head hgroup\">\n<div class=\"page-title-head hgroup\">\n<div class=\"b654a4as d2edcug0\">\n<div><\/div>\n<div><\/div>\n<div>\n<p><strong>MUSICA ALLA RADIO, IL PROGRAMMA DI LORIS SCUSSEL &#8220;COLLAGE OPERAZIONE NOSTALGIA&#8221; DAL LUNEDI AL VENERDI ALLE 16.00\u00a0 E ALLE 23\u00a0<\/strong><\/p>\n<\/div>\n<\/div>\n<p>&nbsp;<\/p>\n<p><strong>LE REPLICHE<\/strong><\/p>\n<p><strong>403<\/strong><\/p>\n<audio class=\"wp-audio-shortcode\" id=\"audio-289295-14\" preload=\"none\" style=\"width: 100%;\" controls=\"controls\"><source type=\"audio\/mpeg\" src=\"https:\/\/www.radiopiu.net\/wordpress\/wp-content\/uploads\/2022\/07\/Collage-403.mp3?_=14\" \/><a href=\"https:\/\/www.radiopiu.net\/wordpress\/wp-content\/uploads\/2022\/07\/Collage-403.mp3\">https:\/\/www.radiopiu.net\/wordpress\/wp-content\/uploads\/2022\/07\/Collage-403.mp3<\/a><\/audio>\n<p>&nbsp;<\/p>\n<p><strong>404<\/strong><\/p>\n<audio class=\"wp-audio-shortcode\" id=\"audio-289295-15\" preload=\"none\" style=\"width: 100%;\" controls=\"controls\"><source type=\"audio\/mpeg\" src=\"https:\/\/www.radiopiu.net\/wordpress\/wp-content\/uploads\/2022\/07\/Collage-404.mp3?_=15\" \/><a href=\"https:\/\/www.radiopiu.net\/wordpress\/wp-content\/uploads\/2022\/07\/Collage-404.mp3\">https:\/\/www.radiopiu.net\/wordpress\/wp-content\/uploads\/2022\/07\/Collage-404.mp3<\/a><\/audio>\n<p>&nbsp;<\/p>\n<p><strong><a class=\"dt-pswp-item\" href=\"https:\/\/www.radiopiu.net\/wordpress\/wp-content\/uploads\/2022\/07\/Sonny-e-Cher.jpg\" data-dt-img-description=\"\" data-large_image_width=\"355\" data-large_image_height=\"444\"><img loading=\"lazy\" decoding=\"async\" class=\" wp-image-288941 alignleft\" src=\"https:\/\/www.radiopiu.net\/wordpress\/wp-content\/uploads\/2022\/07\/Sonny-e-Cher-150x150.jpg\" alt=\"\" width=\"115\" height=\"115\" \/><\/a>di Loris Scussel<\/strong><\/p>\n<p>Proseguono le repliche di Collage Operazione Nostalgia che vedr\u00e0 prevalere le canzoni italiane nei programmi che andranno in onda il pomeriggio, a parte mercoled\u00ec dove lasceremo spazio alla musica di oltre oceano, mentre in seconda serata si alterneranno brani di musica internazionale e di casa nostra in particolare con una puntata dedicata al juke box. Collage va in onda dal luned\u00ec al venerd\u00ec alle 16,00 e alle 23,00 naturalmente su Radio Pi\u00f9.<\/p>\n<div class=\"b654a4as d2edcug0\"><\/div>\n<\/div>\n<\/div>\n<\/div>\n<\/div>\n<\/div>\n<\/div>\n<\/div>\n<\/div>\n<\/div>\n<\/div>\n<\/div>\n<\/div>\n<\/div>\n<\/div>\n<\/div>\n<\/div>\n<\/div>\n<\/div>\n<\/div>\n<\/div>\n<\/div>\n<\/div>\n<\/div>\n<\/div>\n<\/div>\n<\/div>\n<\/div>\n<\/div>\n<\/div>\n<\/div>\n<\/div>\n<\/div>\n<\/div>\n<\/div>\n<\/div>\n<\/div>\n<\/div>\n<\/div>\n<\/div>\n<\/div>\n<\/div>\n<\/div>\n<\/div>\n<\/div>\n<\/div>\n<\/div>\n<\/div>\n<\/div>\n<\/div>\n<\/div>\n<\/div>\n<\/div>\n<\/div>\n<\/div>\n<\/div>\n<\/div>\n<\/div>\n<\/div>\n<\/div>\n<\/div>\n<\/div>\n<\/div>\n<\/div>\n<div>\n<div class=\"page-title-head hgroup\">\n<div class=\"page-title-head hgroup\">\n<div class=\"page-title-head hgroup\">\n<div class=\"page-title-head hgroup\">\n<div class=\"b654a4as d2edcug0\">\n<div class=\"page-title-head hgroup\">\n<div class=\"page-title-head hgroup\">\n<div class=\"page-title-head hgroup\">\n<div class=\"page-title-head hgroup\">\n<div class=\"b654a4as d2edcug0\">\n<div class=\"page-title-head hgroup\">\n<div class=\"page-title-head hgroup\">\n<div class=\"page-title-head hgroup\">\n<div class=\"page-title-head hgroup\">\n<div class=\"page-title-head hgroup\">\n<div class=\"page-title-head hgroup\">\n<div class=\"page-title-head hgroup\">\n<div class=\"page-title-head hgroup\">\n<div class=\"page-title-head hgroup\">\n<div class=\"b654a4as d2edcug0\">\n<div class=\"page-title-head hgroup\">\n<div class=\"page-title-head hgroup\">\n<div class=\"page-title-head hgroup\">\n<div class=\"page-title-head hgroup\">\n<div class=\"b654a4as d2edcug0\">\n<div class=\"page-title-head hgroup\">\n<div class=\"page-title-head hgroup\">\n<div class=\"page-title-head hgroup\">\n<div class=\"page-title-head hgroup\">\n<div class=\"page-title-head hgroup\">\n<div class=\"mkdf-post-text\">\n<div class=\"mkdf-post-text-inner\">\n<div class=\"mkdf-post-text-main\">\n<div class=\"mkdf-post-text\">\n<div class=\"mkdf-post-text-inner\">\n<div class=\"mkdf-post-text-main\">\n<div class=\"mkdf-post-text\">\n<div class=\"mkdf-post-text-inner\">\n<div class=\"mkdf-post-text-main\">\n<div class=\"page-title-head hgroup\">\n<div class=\"page-title-head hgroup\">\n<div class=\"mkdf-post-text\">\n<div class=\"mkdf-post-text-inner\">\n<div class=\"mkdf-post-text-main\">\n<div class=\"mkdf-post-text\">\n<div class=\"mkdf-post-text-inner\">\n<div class=\"mkdf-post-text-main\">\n<div class=\"page-title-head hgroup\">\n<div class=\"page-title-head hgroup\">\n<div class=\"page-title-head hgroup\">\n<div class=\"page-title-head hgroup\">\n<div class=\"b654a4as d2edcug0\">\n<div class=\"page-title-head hgroup\">\n<div class=\"page-title-head hgroup\">\n<div class=\"page-title-head hgroup\">\n<div class=\"page-title-head hgroup\">\n<div class=\"b654a4as d2edcug0\">\n<div class=\"page-title-head hgroup\">\n<div class=\"page-title-head hgroup\">\n<div class=\"page-title-head hgroup\">\n<div>\n<div class=\"page-title-head hgroup\">\n<div class=\"page-title-head hgroup\">\n<div class=\"b654a4as d2edcug0\">\n<div class=\"j83agx80 btwxx1t3 lhclo0ds hop8lmos nkwizq5d scwd0bx6 roh60bw9\">\n<div class=\"rq0escxv hkbzh7o3 jwdofwj8 n8tt0mok r8blr3vg hyh9befq\">\n<div class=\"do00u71z l9j0dhe7 k4urcfbm\">\n<div class=\"page-title-head hgroup\">\n<div class=\"page-title-head hgroup\">\n<div class=\"b654a4as d2edcug0\">\n<div class=\"j83agx80 btwxx1t3 lhclo0ds hop8lmos nkwizq5d scwd0bx6 roh60bw9\">\n<div class=\"rq0escxv hkbzh7o3 jwdofwj8 n8tt0mok r8blr3vg hyh9befq\">\n<div class=\"do00u71z l9j0dhe7 k4urcfbm\">\n<div class=\"ecm0bbzt e5nlhep0 a8c37x1j\">\n<div class=\"kvgmc6g5 cxmmr5t8 oygrvhab hcukyx3x c1et5uql\">\n<div class=\"gmail-kvgmc6g5 gmail-cxmmr5t8 gmail-oygrvhab gmail-hcukyx3x gmail-c1et5uql gmail-ii04i59q\">\n<div class=\"page-title-head hgroup\">\n<div class=\"page-title-head hgroup\">\n<div class=\"b654a4as d2edcug0\">\n<div class=\"j83agx80 btwxx1t3 lhclo0ds hop8lmos nkwizq5d scwd0bx6 roh60bw9\">\n<div class=\"rq0escxv hkbzh7o3 jwdofwj8 n8tt0mok r8blr3vg hyh9befq\">\n<div class=\"do00u71z l9j0dhe7 k4urcfbm\">\n<div class=\"page-title-head hgroup\">\n<div class=\"page-title-head hgroup\">\n<div class=\"b654a4as d2edcug0\">\n<div class=\"j83agx80 btwxx1t3 lhclo0ds hop8lmos nkwizq5d scwd0bx6 roh60bw9\">\n<div class=\"rq0escxv hkbzh7o3 jwdofwj8 n8tt0mok r8blr3vg hyh9befq\">\n<div class=\"do00u71z l9j0dhe7 k4urcfbm\">\n<div class=\"page-title-head hgroup\">\n<div class=\"page-title-head hgroup\">\n<div class=\"b654a4as d2edcug0\">\n<div class=\"j83agx80 btwxx1t3 lhclo0ds hop8lmos nkwizq5d scwd0bx6 roh60bw9\">\n<div class=\"rq0escxv hkbzh7o3 jwdofwj8 n8tt0mok r8blr3vg hyh9befq\">\n<div class=\"do00u71z l9j0dhe7 k4urcfbm\">\n<div class=\"ecm0bbzt e5nlhep0 a8c37x1j\">\n<div class=\"kvgmc6g5 cxmmr5t8 oygrvhab hcukyx3x c1et5uql\">\n<div class=\"gmail-kvgmc6g5 gmail-cxmmr5t8 gmail-oygrvhab gmail-hcukyx3x gmail-c1et5uql gmail-ii04i59q\">\n<div class=\"page-title-head hgroup\">\n<div class=\"page-title-head hgroup\">\n<div class=\"b654a4as d2edcug0\">\n<div class=\"j83agx80 btwxx1t3 lhclo0ds hop8lmos nkwizq5d scwd0bx6 roh60bw9\">\n<div class=\"rq0escxv hkbzh7o3 jwdofwj8 n8tt0mok r8blr3vg hyh9befq\">\n<div class=\"do00u71z l9j0dhe7 k4urcfbm\">\n<div class=\"page-title-head hgroup\">\n<div class=\"page-title-head hgroup\">\n<div class=\"page-title-head hgroup\">\n<div class=\"page-title-head hgroup\">\n<div class=\"b654a4as d2edcug0\">\n<div class=\"page-title-head hgroup\">\n<div class=\"page-title-head hgroup\">\n<div class=\"page-title-head hgroup\">\n<div class=\"page-title-head hgroup\">\n<div class=\"b654a4as d2edcug0\">\n<div class=\"page-title-head hgroup\">\n<div class=\"page-title-head hgroup\">\n<div class=\"page-title-head hgroup\">\n<div class=\"page-title-head hgroup\">\n<div class=\"page-title-head hgroup\">\n<div class=\"page-title-head hgroup\">\n<div class=\"page-title-head hgroup\">\n<div class=\"page-title-head hgroup\">\n<div class=\"page-title-head hgroup\">\n<div class=\"b654a4as d2edcug0\">\n<div class=\"page-title-head hgroup\">\n<div class=\"page-title-head hgroup\">\n<div class=\"page-title-head hgroup\">\n<div class=\"page-title-head hgroup\">\n<div class=\"b654a4as d2edcug0\">\n<div class=\"page-title-head hgroup\">\n<div class=\"page-title-head hgroup\">\n<div class=\"page-title-head hgroup\">\n<div class=\"page-title-head hgroup\">\n<div class=\"page-title-head hgroup\">\n<div class=\"mkdf-post-text\">\n<div class=\"mkdf-post-text-inner\">\n<div class=\"mkdf-post-text-main\">\n<div class=\"mkdf-post-text\">\n<div class=\"mkdf-post-text-inner\">\n<div class=\"mkdf-post-text-main\">\n<div class=\"mkdf-post-text\">\n<div class=\"mkdf-post-text-inner\">\n<div class=\"mkdf-post-text-main\">\n<div class=\"page-title-head hgroup\">\n<div class=\"page-title-head hgroup\">\n<div class=\"mkdf-post-text\">\n<div class=\"mkdf-post-text-inner\">\n<div class=\"mkdf-post-text-main\">\n<div class=\"mkdf-post-text\">\n<div class=\"mkdf-post-text-inner\">\n<div class=\"mkdf-post-text-main\">\n<div class=\"page-title-head hgroup\">\n<div class=\"page-title-head hgroup\">\n<div class=\"page-title-head hgroup\">\n<div class=\"page-title-head hgroup\">\n<div class=\"b654a4as d2edcug0\">\n<div class=\"page-title-head hgroup\">\n<div class=\"page-title-head hgroup\">\n<div class=\"page-title-head hgroup\">\n<div class=\"page-title-head hgroup\">\n<div class=\"b654a4as d2edcug0\">\n<div class=\"page-title-head hgroup\">\n<div class=\"page-title-head hgroup\">\n<div class=\"page-title-head hgroup\">\n<div class=\"page-title-head hgroup\">\n<div class=\"b654a4as d2edcug0\">\n<div class=\"ecm0bbzt e5nlhep0 a8c37x1j\">\n<div class=\"kvgmc6g5 cxmmr5t8 oygrvhab hcukyx3x c1et5uql\">\n<div class=\"gmail-kvgmc6g5 gmail-cxmmr5t8 gmail-oygrvhab gmail-hcukyx3x gmail-c1et5uql gmail-ii04i59q\">\n<div class=\"page-title-head hgroup\">\n<div class=\"page-title-head hgroup\">\n<div class=\"b654a4as d2edcug0\">\n<div class=\"j83agx80 btwxx1t3 lhclo0ds hop8lmos nkwizq5d scwd0bx6 roh60bw9\">\n<div class=\"rq0escxv hkbzh7o3 jwdofwj8 n8tt0mok r8blr3vg hyh9befq\">\n<div class=\"do00u71z l9j0dhe7 k4urcfbm\">\n<div class=\"page-title-head hgroup\">\n<div class=\"page-title-head hgroup\">\n<div class=\"page-title-head hgroup\">\n<div class=\"page-title-head hgroup\">\n<div class=\"b654a4as d2edcug0\">\n<div class=\"page-title-head hgroup\">\n<div class=\"page-title-head hgroup\">\n<div class=\"page-title-head hgroup\">\n<div class=\"page-title-head hgroup\">\n<div class=\"b654a4as d2edcug0\">\n<div class=\"page-title-head hgroup\">\n<div class=\"page-title-head hgroup\">\n<div class=\"page-title-head hgroup\">\n<div class=\"page-title-head hgroup\">\n<div class=\"page-title-head hgroup\">\n<div class=\"page-title-head hgroup\">\n<div class=\"page-title-head hgroup\">\n<div class=\"page-title-head hgroup\">\n<div class=\"page-title-head hgroup\">\n<div class=\"b654a4as d2edcug0\">\n<div class=\"page-title-head hgroup\">\n<div class=\"page-title-head hgroup\">\n<div class=\"page-title-head hgroup\">\n<div class=\"page-title-head hgroup\">\n<div class=\"b654a4as d2edcug0\">\n<div class=\"page-title-head hgroup\">\n<div class=\"page-title-head hgroup\">\n<div class=\"page-title-head hgroup\">\n<div class=\"page-title-head hgroup\">\n<div class=\"page-title-head hgroup\">\n<div class=\"mkdf-post-text\">\n<div class=\"mkdf-post-text-inner\">\n<div class=\"mkdf-post-text-main\">\n<div class=\"mkdf-post-text\">\n<div class=\"mkdf-post-text-inner\">\n<div class=\"mkdf-post-text-main\">\n<div class=\"mkdf-post-text\">\n<div class=\"mkdf-post-text-inner\">\n<div class=\"mkdf-post-text-main\">\n<div class=\"page-title-head hgroup\">\n<div class=\"page-title-head hgroup\">\n<div class=\"mkdf-post-text\">\n<div class=\"mkdf-post-text-inner\">\n<div class=\"mkdf-post-text-main\">\n<div class=\"mkdf-post-text\">\n<div class=\"mkdf-post-text-inner\">\n<div class=\"mkdf-post-text-main\">\n<div class=\"page-title-head hgroup\">\n<div class=\"page-title-head hgroup\">\n<div class=\"page-title-head hgroup\">\n<div class=\"page-title-head hgroup\">\n<div class=\"b654a4as d2edcug0\">\n<div class=\"page-title-head hgroup\">\n<div class=\"page-title-head hgroup\">\n<div class=\"page-title-head hgroup\">\n<div class=\"page-title-head hgroup\">\n<div class=\"b654a4as d2edcug0\">\n<div class=\"page-title-head hgroup\">\n<div class=\"page-title-head hgroup\">\n<div class=\"page-title-head hgroup\">\n<div class=\"page-title-head hgroup\">\n<div class=\"b654a4as d2edcug0\">\n<div class=\"mkdf-post-text\">\n<div class=\"mkdf-post-text-inner\">\n<div class=\"mkdf-post-text-main\">\n<div class=\"mkdf-post-text\">\n<div class=\"mkdf-post-text-inner\">\n<div class=\"mkdf-post-text-main\">\n<div class=\"mkdf-post-text\">\n<div class=\"mkdf-post-text-inner\">\n<div class=\"mkdf-post-text-main\">\n<div class=\"page-title-head hgroup\">\n<div class=\"page-title-head hgroup\">\n<div class=\"mkdf-post-text\">\n<div class=\"mkdf-post-text-inner\">\n<div class=\"mkdf-post-text-main\">\n<div class=\"mkdf-post-text\">\n<div class=\"mkdf-post-text-inner\">\n<div class=\"mkdf-post-text-main\">\n<div class=\"page-title-head hgroup\">\n<div class=\"page-title-head hgroup\">\n<div class=\"page-title-head hgroup\">\n<div class=\"page-title-head hgroup\">\n<div class=\"b654a4as d2edcug0\">\n<div class=\"page-title-head hgroup\">\n<div class=\"page-title-head hgroup\">\n<div class=\"page-title-head hgroup\">\n<div class=\"page-title-head hgroup\">\n<div class=\"b654a4as d2edcug0\">\n<div class=\"page-title-head hgroup\">\n<div class=\"page-title-head hgroup\">\n<div class=\"page-title-head hgroup\">\n<div class=\"page-title-head hgroup\">\n<div class=\"b654a4as d2edcug0\">\n<hr \/>\n<p>&nbsp;<\/p>\n<div>\n<div class=\"page-title-head hgroup\">\n<div class=\"page-title-head hgroup\">\n<div class=\"b654a4as d2edcug0\">\n<div class=\"j83agx80 btwxx1t3 lhclo0ds hop8lmos nkwizq5d scwd0bx6 roh60bw9\">\n<div class=\"rq0escxv hkbzh7o3 jwdofwj8 n8tt0mok r8blr3vg hyh9befq\">\n<div class=\"do00u71z l9j0dhe7 k4urcfbm\">\n<div class=\"page-title-head hgroup\">\n<div class=\"page-title-head hgroup\">\n<div class=\"b654a4as d2edcug0\">\n<div class=\"j83agx80 btwxx1t3 lhclo0ds hop8lmos nkwizq5d scwd0bx6 roh60bw9\">\n<div class=\"rq0escxv hkbzh7o3 jwdofwj8 n8tt0mok r8blr3vg hyh9befq\">\n<div class=\"do00u71z l9j0dhe7 k4urcfbm\">\n<div class=\"ecm0bbzt e5nlhep0 a8c37x1j\">\n<div class=\"kvgmc6g5 cxmmr5t8 oygrvhab hcukyx3x c1et5uql\">\n<div class=\"gmail-kvgmc6g5 gmail-cxmmr5t8 gmail-oygrvhab gmail-hcukyx3x gmail-c1et5uql gmail-ii04i59q\">\n<div class=\"page-title-head hgroup\">\n<div class=\"page-title-head hgroup\">\n<div class=\"b654a4as d2edcug0\">\n<div class=\"j83agx80 btwxx1t3 lhclo0ds hop8lmos nkwizq5d scwd0bx6 roh60bw9\">\n<div class=\"rq0escxv hkbzh7o3 jwdofwj8 n8tt0mok r8blr3vg hyh9befq\">\n<div class=\"do00u71z l9j0dhe7 k4urcfbm\">\n<div class=\"page-title-head hgroup\">\n<div class=\"page-title-head hgroup\">\n<div class=\"b654a4as d2edcug0\">\n<div class=\"j83agx80 btwxx1t3 lhclo0ds hop8lmos nkwizq5d scwd0bx6 roh60bw9\">\n<div class=\"rq0escxv hkbzh7o3 jwdofwj8 n8tt0mok r8blr3vg hyh9befq\">\n<div class=\"do00u71z l9j0dhe7 k4urcfbm\">\n<div class=\"page-title-head hgroup\">\n<div class=\"page-title-head hgroup\">\n<div class=\"b654a4as d2edcug0\">\n<div class=\"j83agx80 btwxx1t3 lhclo0ds hop8lmos nkwizq5d scwd0bx6 roh60bw9\">\n<div class=\"rq0escxv hkbzh7o3 jwdofwj8 n8tt0mok r8blr3vg hyh9befq\">\n<div class=\"do00u71z l9j0dhe7 k4urcfbm\">\n<div class=\"ecm0bbzt e5nlhep0 a8c37x1j\">\n<div class=\"kvgmc6g5 cxmmr5t8 oygrvhab hcukyx3x c1et5uql\">\n<div class=\"gmail-kvgmc6g5 gmail-cxmmr5t8 gmail-oygrvhab gmail-hcukyx3x gmail-c1et5uql gmail-ii04i59q\">\n<div class=\"page-title-head hgroup\">\n<div class=\"page-title-head hgroup\">\n<div class=\"b654a4as d2edcug0\">\n<div class=\"j83agx80 btwxx1t3 lhclo0ds hop8lmos nkwizq5d scwd0bx6 roh60bw9\">\n<div class=\"rq0escxv hkbzh7o3 jwdofwj8 n8tt0mok r8blr3vg hyh9befq\">\n<div class=\"do00u71z l9j0dhe7 k4urcfbm\">\n<div class=\"page-title-head hgroup\">\n<div class=\"page-title-head hgroup\">\n<div class=\"page-title-head hgroup\">\n<div class=\"page-title-head hgroup\">\n<div class=\"b654a4as d2edcug0\">\n<div class=\"page-title-head hgroup\">\n<div class=\"page-title-head hgroup\">\n<div class=\"page-title-head hgroup\">\n<div class=\"page-title-head hgroup\">\n<div class=\"b654a4as d2edcug0\">\n<div class=\"page-title-head hgroup\">\n<div class=\"page-title-head hgroup\">\n<div class=\"page-title-head hgroup\">\n<div class=\"page-title-head hgroup\">\n<div class=\"page-title-head hgroup\">\n<div class=\"page-title-head hgroup\">\n<div class=\"page-title-head hgroup\">\n<div class=\"page-title-head hgroup\">\n<div class=\"page-title-head hgroup\">\n<div class=\"b654a4as d2edcug0\">\n<div class=\"page-title-head hgroup\">\n<div class=\"page-title-head hgroup\">\n<div class=\"page-title-head hgroup\">\n<div class=\"page-title-head hgroup\">\n<div class=\"b654a4as d2edcug0\">\n<div class=\"page-title-head hgroup\">\n<div class=\"page-title-head hgroup\">\n<div class=\"page-title-head hgroup\">\n<div class=\"page-title-head hgroup\">\n<div class=\"page-title-head hgroup\">\n<div class=\"mkdf-post-text\">\n<div class=\"mkdf-post-text-inner\">\n<div class=\"mkdf-post-text-main\">\n<div class=\"mkdf-post-text\">\n<div class=\"mkdf-post-text-inner\">\n<div class=\"mkdf-post-text-main\">\n<div class=\"mkdf-post-text\">\n<div class=\"mkdf-post-text-inner\">\n<div class=\"mkdf-post-text-main\">\n<div class=\"page-title-head hgroup\">\n<div class=\"page-title-head hgroup\">\n<div class=\"mkdf-post-text\">\n<div class=\"mkdf-post-text-inner\">\n<div class=\"mkdf-post-text-main\">\n<div class=\"mkdf-post-text\">\n<div class=\"mkdf-post-text-inner\">\n<div class=\"mkdf-post-text-main\">\n<div class=\"page-title-head hgroup\">\n<div class=\"page-title-head hgroup\">\n<div class=\"page-title-head hgroup\">\n<div class=\"page-title-head hgroup\">\n<div class=\"b654a4as d2edcug0\">\n<div class=\"page-title-head hgroup\">\n<div class=\"page-title-head hgroup\">\n<div class=\"page-title-head hgroup\">\n<div class=\"page-title-head hgroup\">\n<div class=\"b654a4as d2edcug0\">\n<div class=\"page-title-head hgroup\">\n<div class=\"page-title-head hgroup\">\n<div class=\"page-title-head hgroup\">\n<div class=\"page-title-head hgroup\">\n<div class=\"b654a4as d2edcug0\">\n<div class=\"ecm0bbzt e5nlhep0 a8c37x1j\">\n<div class=\"kvgmc6g5 cxmmr5t8 oygrvhab hcukyx3x c1et5uql\">\n<div class=\"gmail-kvgmc6g5 gmail-cxmmr5t8 gmail-oygrvhab gmail-hcukyx3x gmail-c1et5uql gmail-ii04i59q\">\n<div class=\"page-title-head hgroup\">\n<div class=\"page-title-head hgroup\">\n<div class=\"b654a4as d2edcug0\">\n<div class=\"j83agx80 btwxx1t3 lhclo0ds hop8lmos nkwizq5d scwd0bx6 roh60bw9\">\n<div class=\"rq0escxv hkbzh7o3 jwdofwj8 n8tt0mok r8blr3vg hyh9befq\">\n<div class=\"do00u71z l9j0dhe7 k4urcfbm\">\n<div class=\"page-title-head hgroup\">\n<div class=\"page-title-head hgroup\">\n<div class=\"page-title-head hgroup\">\n<div class=\"page-title-head hgroup\">\n<div class=\"b654a4as d2edcug0\">\n<div class=\"page-title-head hgroup\">\n<div class=\"page-title-head hgroup\">\n<div class=\"page-title-head hgroup\">\n<div class=\"page-title-head hgroup\">\n<div class=\"b654a4as d2edcug0\">\n<div class=\"page-title-head hgroup\">\n<div class=\"page-title-head hgroup\">\n<div class=\"page-title-head hgroup\">\n<div class=\"page-title-head hgroup\">\n<div class=\"page-title-head hgroup\">\n<div class=\"page-title-head hgroup\">\n<div class=\"page-title-head hgroup\">\n<div class=\"page-title-head hgroup\">\n<div class=\"page-title-head hgroup\">\n<div class=\"b654a4as d2edcug0\">\n<div class=\"page-title-head hgroup\">\n<div class=\"page-title-head hgroup\">\n<div class=\"page-title-head hgroup\">\n<div class=\"page-title-head hgroup\">\n<div class=\"b654a4as d2edcug0\">\n<div class=\"page-title-head hgroup\">\n<div class=\"page-title-head hgroup\">\n<div class=\"page-title-head hgroup\">\n<div class=\"page-title-head hgroup\">\n<div class=\"page-title-head hgroup\">\n<div class=\"mkdf-post-text\">\n<div class=\"mkdf-post-text-inner\">\n<div class=\"mkdf-post-text-main\">\n<div class=\"mkdf-post-text\">\n<div class=\"mkdf-post-text-inner\">\n<div class=\"mkdf-post-text-main\">\n<div class=\"mkdf-post-text\">\n<div class=\"mkdf-post-text-inner\">\n<div class=\"mkdf-post-text-main\">\n<div class=\"page-title-head hgroup\">\n<div class=\"page-title-head hgroup\">\n<div class=\"mkdf-post-text\">\n<div class=\"mkdf-post-text-inner\">\n<div class=\"mkdf-post-text-main\">\n<div class=\"mkdf-post-text\">\n<div class=\"mkdf-post-text-inner\">\n<div class=\"mkdf-post-text-main\">\n<div class=\"page-title-head hgroup\">\n<div class=\"page-title-head hgroup\">\n<div class=\"page-title-head hgroup\">\n<div class=\"page-title-head hgroup\">\n<div class=\"b654a4as d2edcug0\">\n<div class=\"page-title-head hgroup\">\n<div class=\"page-title-head hgroup\">\n<div class=\"page-title-head hgroup\">\n<div class=\"page-title-head hgroup\">\n<div class=\"b654a4as d2edcug0\">\n<div class=\"page-title-head hgroup\">\n<div class=\"page-title-head hgroup\">\n<div class=\"page-title-head hgroup\">\n<div class=\"page-title-head hgroup\">\n<div class=\"b654a4as d2edcug0\">\n<div>\n<h2><span style=\"color: #99cc00;\"><strong>DUE MINUTI UN LIBRO, TUTTI I GIORNI ALLA RADIO ALLE 9.40 E ALLE 17.50\u00a0 <\/strong><\/span><\/h2>\n<p><strong>LA RACCOLTA COMPLETA\u00a0 \u00a0<\/strong><\/p>\n<div>\n<blockquote class=\"wp-embedded-content\" data-secret=\"7Y1Ywyv4IM\"><p><a href=\"https:\/\/www.radiopiu.net\/wordpress\/due-minuti-un-libro\/\">Due minuti un libro<\/a><\/p><\/blockquote>\n<p><iframe loading=\"lazy\" class=\"wp-embedded-content\" sandbox=\"allow-scripts\" security=\"restricted\" style=\"position: absolute; clip: rect(1px, 1px, 1px, 1px);\" title=\"&#8220;Due minuti un libro&#8221; &#8212; Radio Pi\u00f9\" src=\"https:\/\/www.radiopiu.net\/wordpress\/due-minuti-un-libro\/embed\/#?secret=Z8cfQej9Gg#?secret=7Y1Ywyv4IM\" data-secret=\"7Y1Ywyv4IM\" width=\"600\" height=\"338\" frameborder=\"0\" marginwidth=\"0\" marginheight=\"0\" scrolling=\"no\"><\/iframe><\/p>\n<\/div>\n<\/div>\n<div class=\"mkdf-post-text\">\n<div class=\"mkdf-post-text-inner\">\n<div class=\"mkdf-post-text-main\">\n<div class=\"mkdf-post-text\">\n<div class=\"mkdf-post-text-inner\">\n<div class=\"mkdf-post-text-main\">\n<div class=\"mkdf-post-text\">\n<div class=\"mkdf-post-text-inner\">\n<div class=\"mkdf-post-text-main\">\n<div class=\"page-title-head hgroup\">\n<div class=\"page-title-head hgroup\">\n<div class=\"mkdf-post-text\">\n<div class=\"mkdf-post-text-inner\">\n<div class=\"mkdf-post-text-main\">\n<div class=\"mkdf-post-text\">\n<div class=\"mkdf-post-text-inner\">\n<div class=\"mkdf-post-text-main\">\n<div class=\"page-title-head hgroup\">\n<div class=\"page-title-head hgroup\">\n<div class=\"page-title-head hgroup\">\n<div class=\"page-title-head hgroup\">\n<div class=\"b654a4as d2edcug0\">\n<div><\/div>\n<p>&nbsp;<\/p>\n<hr \/>\n<p>&nbsp;<\/p>\n<h2><span style=\"color: #33cccc;\">LA RASSEGNA STAMPA DA L&#8217;AMICO DEL POPOLO<\/span><\/h2>\n<p><strong>di Gianni Santomaso<\/strong><img loading=\"lazy\" decoding=\"async\" class=\"size-thumbnail wp-image-158273 alignleft\" src=\"https:\/\/www.radiopiu.net\/wordpress\/wp-content\/uploads\/2020\/08\/montagna-2020-150x150.jpg\" alt=\"\" width=\"150\" height=\"150\" srcset=\"https:\/\/www.radiopiu.net\/wordpress\/wp-content\/uploads\/2020\/08\/montagna-2020-150x150.jpg 150w, https:\/\/www.radiopiu.net\/wordpress\/wp-content\/uploads\/2020\/08\/montagna-2020-125x125.jpg 125w, https:\/\/www.radiopiu.net\/wordpress\/wp-content\/uploads\/2020\/08\/montagna-2020-200x200.jpg 200w, https:\/\/www.radiopiu.net\/wordpress\/wp-content\/uploads\/2020\/08\/montagna-2020-80x80.jpg 80w\" sizes=\"auto, (max-width: 150px) 100vw, 150px\" \/><\/p>\n<p>OSPITE: Denis Dal Soler<\/p>\n<audio class=\"wp-audio-shortcode\" id=\"audio-289295-16\" preload=\"none\" style=\"width: 100%;\" controls=\"controls\"><source type=\"audio\/mpeg\" src=\"https:\/\/www.radiopiu.net\/wordpress\/wp-content\/uploads\/2022\/07\/RASSEGNA-GIANNI-PER-SITO.mp3?_=16\" \/><a href=\"https:\/\/www.radiopiu.net\/wordpress\/wp-content\/uploads\/2022\/07\/RASSEGNA-GIANNI-PER-SITO.mp3\">https:\/\/www.radiopiu.net\/wordpress\/wp-content\/uploads\/2022\/07\/RASSEGNA-GIANNI-PER-SITO.mp3<\/a><\/audio>\n<p>&nbsp;<\/p>\n<p><strong>LA RACCOLTA COMPLETA\u00a0<\/strong><\/p>\n<p>&nbsp;<\/p>\n<blockquote class=\"wp-embedded-content\" data-secret=\"WoNEw7iUAH\"><p><a href=\"https:\/\/www.radiopiu.net\/wordpress\/rassegna-stampa-di-gianni-santomaso\/\">Rassegna stampa da l&#8217;amico del popolo &#8211; di Gianni Santomaso<\/a><\/p><\/blockquote>\n<p><iframe loading=\"lazy\" class=\"wp-embedded-content\" sandbox=\"allow-scripts\" security=\"restricted\" style=\"position: absolute; clip: rect(1px, 1px, 1px, 1px);\" title=\"&#8220;Rassegna stampa da l&#8217;amico del popolo &#8211; di Gianni Santomaso&#8221; &#8212; Radio Pi\u00f9\" src=\"https:\/\/www.radiopiu.net\/wordpress\/rassegna-stampa-di-gianni-santomaso\/embed\/#?secret=fADGzcs3qt#?secret=WoNEw7iUAH\" data-secret=\"WoNEw7iUAH\" width=\"600\" height=\"338\" frameborder=\"0\" marginwidth=\"0\" marginheight=\"0\" scrolling=\"no\"><\/iframe><\/p>\n<p>&nbsp;<\/p>\n<hr \/>\n<p>&nbsp;<\/p>\n<blockquote>\n<h2 class=\"page-title-head hgroup\">\u00a0I RACCONTI DI PAOLO SOPPELSA<\/h2>\n<\/blockquote>\n<p><strong>LA RACCOLTA COMPLETA<\/strong><\/p>\n<blockquote class=\"wp-embedded-content\" data-secret=\"ZbKROVVgN7\"><p><a href=\"https:\/\/www.radiopiu.net\/wordpress\/i-racconti-di-paolo-soppelsa\/\">I racconti di Paolo Soppelsa<\/a><\/p><\/blockquote>\n<p><iframe loading=\"lazy\" class=\"wp-embedded-content\" sandbox=\"allow-scripts\" security=\"restricted\" style=\"position: absolute; clip: rect(1px, 1px, 1px, 1px);\" title=\"&#8220;I racconti di Paolo Soppelsa&#8221; &#8212; Radio Pi\u00f9\" src=\"https:\/\/www.radiopiu.net\/wordpress\/i-racconti-di-paolo-soppelsa\/embed\/#?secret=nvYsqDFKUY#?secret=ZbKROVVgN7\" data-secret=\"ZbKROVVgN7\" width=\"600\" height=\"338\" frameborder=\"0\" marginwidth=\"0\" marginheight=\"0\" scrolling=\"no\"><\/iframe><\/p>\n<p>&nbsp;<\/p>\n<hr \/>\n<p>&nbsp;<\/p>\n<\/div>\n<\/div>\n<\/div>\n<\/div>\n<\/div>\n<\/div>\n<\/div>\n<\/div>\n<\/div>\n<\/div>\n<\/div>\n<\/div>\n<\/div>\n<\/div>\n<\/div>\n<\/div>\n<\/div>\n<\/div>\n<\/div>\n<\/div>\n<\/div>\n<\/div>\n<\/div>\n<\/div>\n<\/div>\n<\/div>\n<\/div>\n<\/div>\n<\/div>\n<\/div>\n<\/div>\n<\/div>\n<\/div>\n<\/div>\n<\/div>\n<\/div>\n<\/div>\n<\/div>\n<\/div>\n<\/div>\n<\/div>\n<\/div>\n<\/div>\n<\/div>\n<\/div>\n<\/div>\n<\/div>\n<\/div>\n<\/div>\n<\/div>\n<\/div>\n<\/div>\n<\/div>\n<\/div>\n<\/div>\n<\/div>\n<\/div>\n<\/div>\n<\/div>\n<\/div>\n<\/div>\n<\/div>\n<\/div>\n<\/div>\n<\/div>\n<\/div>\n<\/div>\n<\/div>\n<\/div>\n<\/div>\n<\/div>\n<\/div>\n<\/div>\n<\/div>\n<\/div>\n<\/div>\n<\/div>\n<\/div>\n<\/div>\n<\/div>\n<\/div>\n<\/div>\n<\/div>\n<\/div>\n<\/div>\n<\/div>\n<\/div>\n<\/div>\n<\/div>\n<\/div>\n<\/div>\n<\/div>\n<\/div>\n<\/div>\n<\/div>\n<\/div>\n<\/div>\n<\/div>\n<\/div>\n<\/div>\n<\/div>\n<\/div>\n<\/div>\n<\/div>\n<\/div>\n<\/div>\n<\/div>\n<\/div>\n<\/div>\n<\/div>\n<\/div>\n<\/div>\n<\/div>\n<\/div>\n<\/div>\n<\/div>\n<\/div>\n<\/div>\n<\/div>\n<\/div>\n<\/div>\n<\/div>\n<\/div>\n<\/div>\n<\/div>\n<\/div>\n<\/div>\n<\/div>\n<\/div>\n<\/div>\n<\/div>\n<\/div>\n<\/div>\n<\/div>\n<\/div>\n<\/div>\n<\/div>\n<\/div>\n<\/div>\n<\/div>\n<\/div>\n<\/div>\n<\/div>\n<\/div>\n<\/div>\n<\/div>\n<\/div>\n<\/div>\n<\/div>\n<\/div>\n<\/div>\n<\/div>\n<\/div>\n<\/div>\n<\/div>\n<\/div>\n<\/div>\n<\/div>\n<\/div>\n<\/div>\n<\/div>\n<\/div>\n<\/div>\n<\/div>\n<\/div>\n<\/div>\n<\/div>\n<\/div>\n<\/div>\n<\/div>\n<\/div>\n<\/div>\n<\/div>\n<\/div>\n<\/div>\n<\/div>\n<\/div>\n<\/div>\n<\/div>\n<\/div>\n<\/div>\n<\/div>\n<\/div>\n<\/div>\n<\/div>\n<\/div>\n<\/div>\n<\/div>\n<\/div>\n<\/div>\n<\/div>\n<\/div>\n<\/div>\n<\/div>\n<\/div>\n<\/div>\n<\/div>\n<\/div>\n<\/div>\n<\/div>\n<\/div>\n<\/div>\n<\/div>\n<\/div>\n<\/div>\n<\/div>\n<\/div>\n<\/div>\n<\/div>\n<\/div>\n<\/div>\n<\/div>\n<\/div>\n<\/div>\n<\/div>\n<\/div>\n<\/div>\n<\/div>\n<\/div>\n<\/div>\n<\/div>\n<\/div>\n<\/div>\n<\/div>\n<\/div>\n<\/div>\n<\/div>\n<\/div>\n<\/div>\n<\/div>\n<\/div>\n<div class=\"b654a4as d2edcug0\">\n<div class=\"ecm0bbzt e5nlhep0 a8c37x1j\">\n<div class=\"kvgmc6g5 cxmmr5t8 oygrvhab hcukyx3x c1et5uql\">\n<div class=\"gmail-kvgmc6g5 gmail-cxmmr5t8 gmail-oygrvhab gmail-hcukyx3x gmail-c1et5uql gmail-ii04i59q\">\n<div>\n<div class=\"page-title-head hgroup\">\n<div class=\"page-title-head hgroup\">\n<div class=\"b654a4as d2edcug0\">\n<div class=\"j83agx80 btwxx1t3 lhclo0ds hop8lmos nkwizq5d scwd0bx6 roh60bw9\">\n<div class=\"rq0escxv hkbzh7o3 jwdofwj8 n8tt0mok r8blr3vg hyh9befq\">\n<div class=\"do00u71z l9j0dhe7 k4urcfbm\">\n<div>\n<div class=\"page-title-head hgroup\">\n<div class=\"page-title-head hgroup\">\n<div class=\"page-title-head hgroup\">\n<div class=\"page-title-head hgroup\">\n<div class=\"b654a4as d2edcug0\">\n<div class=\"page-title-head hgroup\">\n<div class=\"page-title-head hgroup\">\n<div class=\"page-title-head hgroup\">\n<div class=\"page-title-head hgroup\">\n<div class=\"b654a4as d2edcug0\">\n<div class=\"page-title-head hgroup\">\n<div class=\"page-title-head hgroup\">\n<div class=\"page-title-head hgroup\">\n<div class=\"page-title-head hgroup\">\n<div class=\"page-title-head hgroup\">\n<div class=\"mkdf-post-text\">\n<div class=\"mkdf-post-text-inner\">\n<div class=\"mkdf-post-text-main\">\n<div class=\"mkdf-post-text\">\n<div class=\"mkdf-post-text-inner\">\n<div class=\"mkdf-post-text-main\">\n<div class=\"mkdf-post-text\">\n<div class=\"mkdf-post-text-inner\">\n<div class=\"mkdf-post-text-main\">\n<div class=\"page-title-head hgroup\">\n<div class=\"page-title-head hgroup\">\n<div class=\"mkdf-post-text\">\n<div class=\"mkdf-post-text-inner\">\n<div class=\"mkdf-post-text-main\">\n<div class=\"mkdf-post-text\">\n<div class=\"mkdf-post-text-inner\">\n<div class=\"mkdf-post-text-main\">\n<div>\n<div class=\"page-title-head hgroup\">\n<div class=\"page-title-head hgroup\">\n<div>\n<div class=\"page-title-head hgroup\">\n<div class=\"page-title-head hgroup\">\n<div class=\"b654a4as d2edcug0\">\n<div>\n<div class=\"page-title-head hgroup\" style=\"text-align: left;\">\n<div class=\"page-title-head hgroup\">\n<div dir=\"auto\">\n<p><a class=\"dt-pswp-item pspw-wrap-ready\" href=\"https:\/\/i0.wp.com\/www.radiopiu.net\/wordpress\/wp-content\/uploads\/2018\/09\/WhatsApp-Image-2018-09-20-at-16.04.06.jpeg?ssl=1\" data-dt-img-description=\"\" data-large_image_width=\"800\" data-large_image_height=\"100\"><img loading=\"lazy\" decoding=\"async\" class=\"aligncenter wp-image-61378 size-full jetpack-lazy-image jetpack-lazy-image--handled\" src=\"https:\/\/i0.wp.com\/www.radiopiu.net\/wordpress\/wp-content\/uploads\/2018\/09\/WhatsApp-Image-2018-09-20-at-16.04.06.jpeg?resize=800%2C100&amp;ssl=1\" sizes=\"auto, (max-width: 800px) 100vw, 800px\" srcset=\"https:\/\/i0.wp.com\/www.radiopiu.net\/wordpress\/wp-content\/uploads\/2018\/09\/WhatsApp-Image-2018-09-20-at-16.04.06.jpeg?w=800&amp;ssl=1 800w, https:\/\/i0.wp.com\/www.radiopiu.net\/wordpress\/wp-content\/uploads\/2018\/09\/WhatsApp-Image-2018-09-20-at-16.04.06.jpeg?resize=300%2C38&amp;ssl=1 300w, https:\/\/i0.wp.com\/www.radiopiu.net\/wordpress\/wp-content\/uploads\/2018\/09\/WhatsApp-Image-2018-09-20-at-16.04.06.jpeg?resize=768%2C96&amp;ssl=1 768w\" alt=\"\" width=\"800\" height=\"100\" data-lazy-loaded=\"1\" \/><\/a><\/p>\n<\/div>\n<\/div>\n<\/div>\n<\/div>\n<\/div>\n<\/div>\n<\/div>\n<\/div>\n<\/div>\n<\/div>\n<\/div>\n<\/div>\n<\/div>\n<\/div>\n<\/div>\n<\/div>\n<\/div>\n<\/div>\n<\/div>\n<\/div>\n<\/div>\n<\/div>\n<\/div>\n<\/div>\n<\/div>\n<\/div>\n<\/div>\n<\/div>\n<\/div>\n<\/div>\n<\/div>\n<\/div>\n<\/div>\n<\/div>\n<\/div>\n<\/div>\n<\/div>\n<\/div>\n<\/div>\n<\/div>\n<\/div>\n<\/div>\n<\/div>\n<\/div>\n<\/div>\n<\/div>\n<\/div>\n<\/div>\n<\/div>\n<\/div>\n<\/div>\n<\/div>\n<\/div>\n<\/div>\n<\/div>\n<\/div>\n<\/div>\n<\/div>\n<\/div>\n<\/div>\n<\/div>\n<\/div>\n<\/div>\n<\/div>\n<\/div>\n<\/div>\n<\/div>\n<\/div>\n<\/div>\n<\/div>\n<\/div>\n<\/div>\n<\/div>\n<\/div>\n<\/div>\n<\/div>\n<\/div>\n<\/div>\n<\/div>\n<\/div>\n<\/div>\n<\/div>\n<\/div>\n<\/div>\n<\/div>\n<\/div>\n<\/div>\n<\/div>\n<\/div>\n<\/div>\n<\/div>\n<\/div>\n<\/div>\n<\/div>\n<\/div>\n<\/div>\n<\/div>\n<\/div>\n<\/div>\n<\/div>\n<\/div>\n<\/div>\n<\/div>\n<\/div>\n<\/div>\n<\/div>\n<\/div>\n<\/div>\n<\/div>\n<\/div>\n<\/div>\n<\/div>\n<\/div>\n<\/div>\n<\/div>\n<\/div>\n<\/div>\n<\/div>\n<\/div>\n<\/div>\n<\/div>\n<\/div>\n<\/div>\n<\/div>\n<\/div>\n<\/div>\n<\/div>\n<\/div>\n<\/div>\n<\/div>\n<\/div>\n<\/div>\n<\/div>\n<\/div>\n<\/div>\n<\/div>\n<\/div>\n<\/div>\n<\/div>\n<\/div>\n<\/div>\n<\/div>\n<\/div>\n<\/div>\n<\/div>\n<\/div>\n<\/div>\n<\/div>\n<\/div>\n<\/div>\n<\/div>\n<\/div>\n<\/div>\n<\/div>\n<\/div>\n<\/div>\n<\/div>\n<\/div>\n<\/div>\n<\/div>\n<\/div>\n<\/div>\n<\/div>\n<\/div>\n<\/div>\n<\/div>\n<\/div>\n<\/div>\n<\/div>\n<\/div>\n<\/div>\n<\/div>\n<\/div>\n<\/div>\n<\/div>\n<\/div>\n<\/div>\n<\/div>\n<\/div>\n<\/div>\n<\/div>\n<\/div>\n<\/div>\n<\/div>\n<\/div>\n<\/div>\n<\/div>\n<\/div>\n<\/div>\n<\/div>\n<\/div>\n<\/div>\n<\/div>\n<\/div>\n<\/div>\n<\/div>\n<\/div>\n<\/div>\n<\/div>\n<\/div>\n<\/div>\n<\/div>\n<\/div>\n<\/div>\n<\/div>\n<\/div>\n<\/div>\n<\/div>\n<\/div>\n<\/div>\n<\/div>\n<\/div>\n<\/div>\n<\/div>\n<\/div>\n<\/div>\n<\/div>\n<\/div>\n<\/div>\n<\/div>\n<\/div>\n<\/div>\n<\/div>\n<\/div>\n<\/div>\n<\/div>\n<\/div>\n<\/div>\n<\/div>\n<\/div>\n<div style=\"text-align: left;\">\n<p>&nbsp;<\/p>\n<p><center><b>Mercoledi 27<\/b><\/center><b>Tempo atteso: <\/b>Parziale copertura nuvolosa, sia per nubi medie che per qualche cumulo specie su Prealpi e al mattino, qualche schiarita pi\u00f9 probabile su Dolomiti; in seguito ampie schiarite durante le ore centrali e pi\u00f9 tardi, nel pomeriggio, tendenza ad aumento irregolare della nuvolosit\u00e0 cumuliforme associata a qualche rovescio o temporale, pi\u00f9 probabile sulle Dolomiti.<br \/>\n<b>Precipitazioni: <\/b>Al mattino generalmente assenti o poco probabili qualche goccia\/piovasco qua e l\u00e0 (0-10%), dalle ore centrali e nel pomeriggio possibili rovesci e temporali sparsi (40-60 %) su Dolomiti, meno probabili su Prealpi specie occidentali (10-30 %).<br \/>\n<b>Temperature: <\/b>In generale lieve calo. Su Prealpi &#8211; a 1500 m: min 16 max 18, a 2000 m: min 11 max 13 Dolomiti &#8211; a 2000 m: min 12 max 15, a 3000 m: min 5 max 6<br \/>\n<b>Venti: <\/b>Brezze nelle valli, in quota deboli\/moderati occidentali, a 5-10 km\/h a 2000 m e 5-15 km\/h a 3000 m.<\/p>\n<hr \/>\n<p><center><b>Giovedi 28<\/b><\/center><b>Tempo atteso: <\/b>Tempo inizialmente piuttosto soleggiato, ma con tendenza ad aumento della nuvolosit\u00e0 perlopi\u00f9 cumuliforme a partire dalle ore centrali; la nuvolosit\u00e0 sar\u00e0 pi\u00f9 consistente sulle Dolomiti, dove sar\u00e0 anche maggiore la probabilit\u00e0 di qualche rovescio o temporale al pomeriggio\/sera.<br \/>\n<b>Precipitazioni: <\/b>Al mattino assenti, nel pomeriggio possibili rovesci o temporali sparsi su Dolomiti (40-60 %), poco probabili su Prealpi specie occidentali (10-20 %)<br \/>\n<b>Temperature: <\/b>Pressoch\u00e8 stazionarie. Su Prealpi a 1500 m: min 16 max 18, a 2000 m: min 12 max 14 Dolomiti &#8211; a 2000 m: min 11 max 15, a 3000 m: min 5 max 7<br \/>\n<b>Venti: <\/b>nelle valli brezze, in quota perlopi\u00f9 deboli sud-occidentali. a 5-10 km\/h a 2000 m e 10-20 km\/h a 3000 m.<\/p>\n<hr \/>\n<p><center><b>Venerdi 29<\/b><\/center>Al mattino soleggiato, dalle ore centrali e nel pomeriggio aumento della nuvolosit\u00e0 cumuliforme assieme alla probabilit\u00e0 di rovesci e temporali sparsi maggiormente probabili su Dolomiti (40-60 %) rispetto a Prealpi(10-30 %). Temperature pressoch\u00e8 stazionarie in quota. Venti in quota moderati da sudovest e brezze nelle valli.<\/p>\n<hr \/>\n<p><center><b>Sabato 30<\/b><\/center>Nella notte possibili residui fenomeni specie su Dolomiti in esaurimento, in giornata ben soleggiato con cielo sereno o poco nuvoloso con limitata formazione di cumuli nel pomeriggio. Molto bassa la probabilit\u00e0 di un rovescio. Temperature in generale lieve calo. Venti in quota deboli\/moderati da nordovest. Previsore: DDL<\/p>\n<p>&nbsp;<\/p>\n<p>&nbsp;<\/p>\n<\/div>\n<hr \/>\n<p>&nbsp;<\/p>\n<p>&nbsp;<\/p>\n<p><a href=\"https:\/\/www.radiopiu.net\/wordpress\/giornale-radiopiu-26-settembre-2018-direttore-mirko-mezzacasa\/viabilita-2\/\" rel=\"attachment wp-att-61954\"><img loading=\"lazy\" decoding=\"async\" class=\"aligncenter wp-image-61954 size-full\" src=\"https:\/\/www.radiopiu.net\/wordpress\/wp-content\/uploads\/2018\/09\/viabilita.jpeg\" sizes=\"auto, (max-width: 800px) 100vw, 800px\" srcset=\"https:\/\/www.radiopiu.net\/wordpress\/wp-content\/uploads\/2018\/09\/viabilita.jpeg 800w, https:\/\/www.radiopiu.net\/wordpress\/wp-content\/uploads\/2018\/09\/viabilita-300x38.jpeg 300w, https:\/\/www.radiopiu.net\/wordpress\/wp-content\/uploads\/2018\/09\/viabilita-768x96.jpeg 768w\" alt=\"\" width=\"800\" height=\"100\" \/><\/a><\/p>\n<blockquote>\n<h3><\/h3>\n<h3>GALLERIA DI SEGUSINO CHIUSA PER 4 MESI<\/h3>\n<\/blockquote>\n<p><strong><a class=\"dt-pswp-item\" href=\"https:\/\/www.radiopiu.net\/wordpress\/wp-content\/uploads\/2020\/05\/VENETO-STRADE.png\" data-dt-img-description=\"\" data-large_image_width=\"400\" data-large_image_height=\"400\"><img loading=\"lazy\" decoding=\"async\" class=\" wp-image-135574 alignleft\" src=\"https:\/\/www.radiopiu.net\/wordpress\/wp-content\/uploads\/2020\/05\/VENETO-STRADE-150x150.png\" alt=\"\" width=\"102\" height=\"102\" srcset=\"https:\/\/www.radiopiu.net\/wordpress\/wp-content\/uploads\/2020\/05\/VENETO-STRADE-150x150.png 150w, https:\/\/www.radiopiu.net\/wordpress\/wp-content\/uploads\/2020\/05\/VENETO-STRADE-300x300.png 300w, https:\/\/www.radiopiu.net\/wordpress\/wp-content\/uploads\/2020\/05\/VENETO-STRADE.png 400w\" sizes=\"auto, (max-width: 102px) 100vw, 102px\" \/><\/a><\/strong><\/p>\n<p><strong>SEDICO<\/strong> Veneto Strade comunica che sulla SP 1 Bis &#8220;Madonna del Piave&#8221;, dal 12 luglio e fino al 4 novembre, compresi sabati domeniche e festivi infrasettimanali, un&#8217;interdizione totale al transito per l&#8217;intera tratta della galleria di Segusino in seguito a dei lavori per messa in sicurezza della condotta acquedottistica<\/p>\n<p>&nbsp;<\/p>\n<p>&nbsp;<\/p>\n<blockquote>\n<h3>MODIFICHE ALLA VIABILITA&#8217; A BELLUNO<\/h3>\n<\/blockquote>\n<p><strong>BELLUNO<\/strong> Per consentire l\u2019esecuzione di lavori sulla sede stradale al fine di realizzare un nuovo allaccio del metano, si rendono necessaria l&#8217;istituzione del divieto di sosta con rimozione forzata per tutti i veicoli in tre posteggi, nella traversa sud di Piazza dei Martiri, delimitati da segnaletica blu a pagamento, nel tratto di strada opposto ai civici 14 e 15, nel periodo compreso tra le ore 7.30 del 27 e le ore 17.00 del 29 luglio. In caso di mancata esecuzione dei lavori causa maltempo, le modifiche saranno posticipate nel periodo compreso tra le ore 7.30 del 1\u00b0 e le ore 17.00 del 3 agosto.<\/p>\n<p><strong>BELLUNO<\/strong> Per lo svolgimento della manifestazione &#8220;Belluno di sera 2022&#8221;, in particolare per le serate del 28 luglio e dell&#8217;11 agosto, divieto di transito per tutti i veicoli, eccetto quelli necessari allo svolgimento della manifestazione e al montaggio\/smontaggio delle strutture, su tutta l\u2019area pedonale di Piazza dei Martiri, nel periodo compreso tra le ore 9.30 del 28 e le ore 10.00 del 29 luglio. Viene inoltre istituito il divieto di transito per tutti i veicoli, eccetto quelli necessari allo svolgimento della manifestazione, su tutta l\u2019area pedonale di Piazza dei Martiri, dalle ore 19.00 alle ore 24.00 dell&#8217;11 agosto.<\/p>\n<p><strong>BELLUNO<\/strong> Per consentire lo svolgimento della 48^ Alpe del Nevegal, promossa per le giornate del 30 e 31 luglio, si rende necessaria la modifica della disciplina della circolazione e sosta dei veicoli, nelle zone limitrofe al percorso della gara: istituzione del divieto di circolazione veicolare in via Alpe in Fiore, in via Turriga nel tratto di strada compreso tra le intersezioni con le vie Caleipo e Nevegal, in via Gresane nel tratto di strada compreso tra il civico 41 (Bar Pizzeria Al Dosso) e l\u2019intersezione con la via Nevegal, e in via San Cipriano nel tratto compreso tra le intersezioni con via Modolo e via Nevegal, dalle ore 7.00 alle ore 18.00 di sabato 30 luglio e dalle ore 7.00 alle ore 18.30 di domenica 31 luglio, e comunque fino al termine delle prove e della gara; istituzione del divieto di circolazione veicolare alla confluenza nella SP 31 \u201cdel Nevegal\u201d di via Caleipo, via S. Mamante, via Val di S. Mamante, via del Malvan e strada vicinale Hotel Pineta, dalle ore 7.00 alle ore 18.00 di sabato 30 luglio e dalle ore 7.00 alle ore 18.30 di domenica 31 luglio, e comunque fino al termine delle prove e della gara.<\/p>\n<p>&nbsp;<\/p>\n<blockquote class=\"wp-embedded-content\" data-secret=\"Oph0zbclQu\"><p><a href=\"https:\/\/www.radiopiu.net\/wordpress\/viabilita\/\">viabilita<\/a><\/p><\/blockquote>\n<p><iframe loading=\"lazy\" class=\"wp-embedded-content\" sandbox=\"allow-scripts\" security=\"restricted\" style=\"position: absolute; clip: rect(1px, 1px, 1px, 1px);\" title=\"&#8220;viabilita&#8221; &#8212; Radio Pi\u00f9\" src=\"https:\/\/www.radiopiu.net\/wordpress\/viabilita\/embed\/#?secret=xKqS1e04kP#?secret=Oph0zbclQu\" data-secret=\"Oph0zbclQu\" width=\"600\" height=\"338\" frameborder=\"0\" marginwidth=\"0\" marginheight=\"0\" scrolling=\"no\"><\/iframe><\/p>\n<p>&nbsp;<\/p>\n<hr \/>\n<p>&nbsp;<\/p>\n<p>&nbsp;<\/p>\n<p><img loading=\"lazy\" decoding=\"async\" class=\"wp-image-60761 size-full aligncenter\" src=\"https:\/\/www.radiopiu.net\/wordpress\/wp-content\/uploads\/2018\/09\/sport.jpg\" alt=\"\" width=\"800\" height=\"100\" srcset=\"https:\/\/www.radiopiu.net\/wordpress\/wp-content\/uploads\/2018\/09\/sport.jpg 800w, https:\/\/www.radiopiu.net\/wordpress\/wp-content\/uploads\/2018\/09\/sport-300x38.jpg 300w, https:\/\/www.radiopiu.net\/wordpress\/wp-content\/uploads\/2018\/09\/sport-768x96.jpg 768w\" sizes=\"auto, (max-width: 800px) 100vw, 800px\" \/><\/p>\n<\/div>\n<\/div>\n<\/div>\n<div class=\"page-title-head hgroup\">\n<div class=\"page-title-head hgroup\">\n<p>&nbsp;<\/p>\n<p>&nbsp;<\/p>\n<\/div>\n<\/div>\n<div class=\"page-title-head hgroup\">\n<div class=\"page-title-head hgroup\">\n<div class=\"page-title-head hgroup\">\n<p><span style=\"color: #0000ff;\"><strong>CALCIO<\/strong><\/span><\/p>\n<blockquote>\n<h3>IL FODOM E&#8217; LA SORPRESA DEI QUARTI DI FINALE DEL MEMORIAL DENIS TONIN<\/h3>\n<\/blockquote>\n<p><strong><a class=\"dt-pswp-item\" href=\"https:\/\/www.radiopiu.net\/wordpress\/wp-content\/uploads\/2022\/04\/FODOM.png\" data-dt-img-description=\"\" data-large_image_width=\"1406\" data-large_image_height=\"1500\"><img loading=\"lazy\" decoding=\"async\" class=\"alignleft wp-image-272189 \" src=\"https:\/\/www.radiopiu.net\/wordpress\/wp-content\/uploads\/2022\/04\/FODOM-281x300.png\" alt=\"\" width=\"144\" height=\"154\" srcset=\"https:\/\/www.radiopiu.net\/wordpress\/wp-content\/uploads\/2022\/04\/FODOM-281x300.png 281w, https:\/\/www.radiopiu.net\/wordpress\/wp-content\/uploads\/2022\/04\/FODOM-960x1024.png 960w, https:\/\/www.radiopiu.net\/wordpress\/wp-content\/uploads\/2022\/04\/FODOM-768x819.png 768w, https:\/\/www.radiopiu.net\/wordpress\/wp-content\/uploads\/2022\/04\/FODOM.png 1406w\" sizes=\"auto, (max-width: 144px) 100vw, 144px\" \/><\/a>REDAZIONE<\/strong> Se si vuole trovare una squadra sorpresa del Campionato Agordino di Calcio sicuramente, dopo i quarti di finale, non si pu\u00f2 che dire il Fodom. Gli orsetti allenati da Sandro Soratroi, dopo una lotta durata 100 minuti con il Taibon, hanno strappato il pass per le semifinali e domenica alle 17:30 se la vedranno con i campioni in carica del Voltago. Fodom che si \u00e8 presentato al Memorial Denis Tonin con una rosa risicata tanto che sono 18 i giocatori che fanno parte della squadra, il numero giusto per giocare la partita ed effettuare i cambi consentiti. Sandro Soratroi, dalla sua esperienza, ha saputo fare un bel gruppo che partita dopo partita \u00e8 cresciuto fino a battere ai rigori un Taibon che alla vigilia sembrava favorito sulla carta. Peccato per coach Soratroi che dovr\u00e0 guardare la prossima sfida da dietro le reti di recinzione del campo di Vallada dopo l&#8217;espulsione racimolata a Voltago.<\/p>\n<p><strong>SANDRO SORATROI, ALLENATORE DEL FODOM, E CHRISTIAN AZZOLINI, GIOCATORE DEL FODOM<\/strong><\/p>\n<audio class=\"wp-audio-shortcode\" id=\"audio-289295-17\" preload=\"none\" style=\"width: 100%;\" controls=\"controls\"><source type=\"audio\/mpeg\" src=\"https:\/\/www.radiopiu.net\/wordpress\/wp-content\/uploads\/2022\/07\/INTERVISTE-FODOM.mp3?_=17\" \/><a href=\"https:\/\/www.radiopiu.net\/wordpress\/wp-content\/uploads\/2022\/07\/INTERVISTE-FODOM.mp3\">https:\/\/www.radiopiu.net\/wordpress\/wp-content\/uploads\/2022\/07\/INTERVISTE-FODOM.mp3<\/a><\/audio>\n<p>&nbsp;<\/p>\n<p>&nbsp;<\/p>\n<h2><span style=\"color: #008000;\"><a class=\"dt-pswp-item\" href=\"https:\/\/www.radiopiu.net\/wordpress\/wp-content\/uploads\/2019\/01\/CALCIO-FALLO.jpeg\" data-dt-img-description=\"\" data-large_image_width=\"1600\" data-large_image_height=\"848\"><img loading=\"lazy\" decoding=\"async\" class=\" wp-image-71538 alignleft\" src=\"https:\/\/www.radiopiu.net\/wordpress\/wp-content\/uploads\/2019\/01\/CALCIO-FALLO-150x150.jpeg\" alt=\"\" width=\"74\" height=\"74\" \/><\/a>SPECIALE CAMPIONATO AGORDINO<\/span><\/h2>\n<p><strong>RIASCOLTA OTTANTESIMO MINUTO &#8211; SETTIMA PUNTATA<\/strong><\/p>\n<audio class=\"wp-audio-shortcode\" id=\"audio-289295-18\" preload=\"none\" style=\"width: 100%;\" controls=\"controls\"><source type=\"audio\/mpeg\" src=\"https:\/\/www.radiopiu.net\/wordpress\/wp-content\/uploads\/2022\/07\/80MIN-2.mp3?_=18\" \/><a href=\"https:\/\/www.radiopiu.net\/wordpress\/wp-content\/uploads\/2022\/07\/80MIN-2.mp3\">https:\/\/www.radiopiu.net\/wordpress\/wp-content\/uploads\/2022\/07\/80MIN-2.mp3<\/a><\/audio>\n<p>&nbsp;<\/p>\n<p><strong>RIASCOLTA CAMPIONATO AGORDINO SHOW &#8211; SETTIMA PUNTATA (LA SINTESI)<\/strong><\/p>\n<audio class=\"wp-audio-shortcode\" id=\"audio-289295-19\" preload=\"none\" style=\"width: 100%;\" controls=\"controls\"><source type=\"audio\/mpeg\" src=\"https:\/\/www.radiopiu.net\/wordpress\/wp-content\/uploads\/2022\/07\/AGOS-3.mp3?_=19\" \/><a href=\"https:\/\/www.radiopiu.net\/wordpress\/wp-content\/uploads\/2022\/07\/AGOS-3.mp3\">https:\/\/www.radiopiu.net\/wordpress\/wp-content\/uploads\/2022\/07\/AGOS-3.mp3<\/a><\/audio>\n<p>&nbsp;<\/p>\n<hr \/>\n<\/div>\n<p>&nbsp;<\/p>\n<blockquote>\n<h3>RITORNA LA CAMIGNADA KIDS<\/h3>\n<\/blockquote>\n<p><strong>AURONZO <\/strong>Nell\u2019ambito della 49.ma edizione della Camignada poi si\u00e8 refuge, storica gara non competitiva di corsa in montagna da Misurina ad Auronzo, il Cai di Auronzo ripropone la Camignada Kids, evento dedicato ai pi\u00f9 piccoli. La manifestazione ritorna dopo qualche anno di stop dovuto all\u2019emergenza sanitaria e si svolger\u00e0 il giorno prima della Camignada, vale a dire nel pomeriggio di sabato 6 agosto. La Camignada Kids, che ritorna per la quarta volta, sar\u00e0 dedicata alla memoria di Enrico Vecellio Taiarezze e avr\u00e0 inizio alle 17. Per approfondimenti: www.caiauronzo.it<\/p>\n<\/div>\n<\/div>\n<\/div>\n<\/div>\n<\/div>\n<\/div>\n<\/div>\n<\/div>\n<\/div>\n<\/div>\n<\/div>\n<\/div>\n<\/div>\n<\/div>\n<\/div>\n<\/div>\n<\/div>\n<\/div>\n<\/div>\n<\/div>\n<\/div>\n<\/div>\n<\/div>\n<\/div>\n<\/div>\n<\/div>\n<\/div>\n<\/div>\n<\/div>\n<\/div>\n<\/div>\n<\/div>\n<\/div>\n<\/div>\n<\/div>\n<\/div>\n<\/div>\n<\/div>\n<\/div>\n<\/div>\n<\/div>\n<\/div>\n<\/div>\n<\/div>\n<\/div>\n<\/div>\n<\/div>\n<\/div>\n<\/div>\n<\/div>\n<\/div>\n<\/div>\n<\/div>\n<\/div>\n<\/div>\n<\/div>\n<\/div>\n<\/div>\n<\/div>\n<\/div>\n<\/div>\n<\/div>\n<\/div>\n<\/div>\n<\/div>\n<\/div>\n<\/div>\n<\/div>\n<\/div>\n<\/div>\n<\/div>\n<\/div>\n<\/div>\n<\/div>\n<\/div>\n<\/div>\n<\/div>\n<\/div>\n<\/div>\n<\/div>\n<\/div>\n<\/div>\n<\/div>\n<\/div>\n<\/div>\n<\/div>\n<\/div>\n<\/div>\n<\/div>\n<\/div>\n<\/div>\n<\/div>\n<\/div>\n<\/div>\n<\/div>\n<\/div>\n<\/div>\n<\/div>\n<\/div>\n<\/div>\n<\/div>\n<\/div>\n<\/div>\n","protected":false},"excerpt":{"rendered":"<p>RADIO PIU INFORMAZIONE il canale su TELEGRAM informazione di prima\u00a0 mano e in tempo reale. iscriviti ed aiutaci a farlo conoscere\u00a0 \u00a0 &nbsp; &nbsp; IN VIA FOCH A CENCENIGHE ACQUA INQUINATA CENCENIGHE Gestione Servizi Pubblici informa che\u00a0 in localit\u00e0 FOCH l&#8217;acqua erogata dall&#8217;acquedotto non \u00e8 potabile e pu\u00f2 essere usata per scopi alimentari SOLO PREVIA&hellip;<\/p>\n","protected":false},"author":4,"featured_media":289405,"comment_status":"closed","ping_status":"closed","sticky":false,"template":"","format":"standard","meta":{"_monsterinsights_skip_tracking":false,"_monsterinsights_sitenote_active":false,"_monsterinsights_sitenote_note":"","_monsterinsights_sitenote_category":0,"footnotes":""},"categories":[51,86,49],"tags":[],"class_list":["post-289295","post","type-post","status-publish","format-standard","has-post-thumbnail","hentry","category-evidenza-top","category-gr","category-news-18","category-51","category-86","category-49","description-off"],"img_url":"https:\/\/www.radiopiu.net\/wordpress\/wp-content\/uploads\/2022\/07\/05081c30-c575-4fbc-a39b-a226cc7f40e4.jpg","_links":{"self":[{"href":"https:\/\/www.radiopiu.net\/wordpress\/wp-json\/wp\/v2\/posts\/289295","targetHints":{"allow":["GET"]}}],"collection":[{"href":"https:\/\/www.radiopiu.net\/wordpress\/wp-json\/wp\/v2\/posts"}],"about":[{"href":"https:\/\/www.radiopiu.net\/wordpress\/wp-json\/wp\/v2\/types\/post"}],"author":[{"embeddable":true,"href":"https:\/\/www.radiopiu.net\/wordpress\/wp-json\/wp\/v2\/users\/4"}],"replies":[{"embeddable":true,"href":"https:\/\/www.radiopiu.net\/wordpress\/wp-json\/wp\/v2\/comments?post=289295"}],"version-history":[{"count":0,"href":"https:\/\/www.radiopiu.net\/wordpress\/wp-json\/wp\/v2\/posts\/289295\/revisions"}],"wp:featuredmedia":[{"embeddable":true,"href":"https:\/\/www.radiopiu.net\/wordpress\/wp-json\/wp\/v2\/media\/289405"}],"wp:attachment":[{"href":"https:\/\/www.radiopiu.net\/wordpress\/wp-json\/wp\/v2\/media?parent=289295"}],"wp:term":[{"taxonomy":"category","embeddable":true,"href":"https:\/\/www.radiopiu.net\/wordpress\/wp-json\/wp\/v2\/categories?post=289295"},{"taxonomy":"post_tag","embeddable":true,"href":"https:\/\/www.radiopiu.net\/wordpress\/wp-json\/wp\/v2\/tags?post=289295"}],"curies":[{"name":"wp","href":"https:\/\/api.w.org\/{rel}","templated":true}]}}