{"id":289301,"date":"2022-07-25T23:51:23","date_gmt":"2022-07-25T21:51:23","guid":{"rendered":"https:\/\/www.radiopiu.net\/wordpress\/?p=289301"},"modified":"2022-07-26T05:42:51","modified_gmt":"2022-07-26T03:42:51","slug":"289301-2","status":"publish","type":"post","link":"https:\/\/www.radiopiu.net\/wordpress\/289301-2\/","title":{"rendered":"AIS DOLOMITI, IL SERVIZIO AMBULATORIALE ANCHE AD AGORDO"},"content":{"rendered":"<div dir=\"auto\">\n<div dir=\"auto\"><strong><img decoding=\"async\" class=\"alignleft\" src=\"https:\/\/www.radiopiu.net\/wordpress\/wp-content\/uploads\/2022\/07\/ASDASDASD.png\" \/>BELLUNO<\/strong> L&#8217;associazione Incontinenti e stomizzati della provincia di Belluno (AIS DOLOMITI BELLUNO), desidera portare a conoscenza della popolazione agordina e in particolare delle persone stomizzate con i loro familiari che, grazie all&#8217;interessamento particolare del Direttore medico dr. Raffaele Zanella e della sig.ra Elda Zanella (componente del Consiglio direttivo dell&#8217; associazione) \u00e8 stato avviato presso l&#8217;ospedale di Agordo il servizio ambulatoriale per persone con stomia intestinale e\/o urinaria. L&#8217;attivit\u00e0 ambulatoriale infermieristica viene svolta una volta al mese, il gioved\u00ec pomeriggio. Il personale qualificato coinvolto proviene sia dall&#8217;ospedale di Belluno che dal nosocomio agordino. L&#8217;obiettivo di questo nuovo servizio \u00e8 ridurre i disagi per i pazienti stomizzati provenienti dall&#8217;intera vallata che periodicamente si recavano a Belluno per i previsti controlli mentre dal corrente mese di luglio potranno avvalersi del servizio vicino casa , ad Agordo. Mensilmente verranno contattati i pazienti per le valutazioni periodiche. Oltre a ci\u00f2 la nuova realt\u00e0 collaborer\u00e0 sia con le Rsa che con i distretti e l&#8217;assistenza domiciliare. L&#8217;Ais Dolomiti ringrazia tutta la direzione della Asl 1 &#8220;Dolomiti&#8221; per aver posto particolare attenzione a questa parte di popolazione offrendo un servizio qualificato per il territorio agordino\u00a0 gi\u00e0 presente da tre anni presso l&#8217;ospedale di Pieve di Cadore e dal 1997 nell&#8217;ospedale di Belluno.<\/div>\n<\/div>\n<blockquote>\n<div dir=\"auto\"><\/div>\n<div dir=\"auto\"><em>Ais, sede a Longarone via Igne 1; mail AIS_Dolomiti#yahoo.co; sito www.AISDolomitiBellunoODV; teletono 338 4177434<\/em><\/div>\n<\/blockquote>\n<div dir=\"auto\"><\/div>\n<div dir=\"auto\">\n<hr \/>\n<\/div>\n","protected":false},"excerpt":{"rendered":"<p>BELLUNO L&#8217;associazione Incontinenti e stomizzati della provincia di Belluno (AIS DOLOMITI BELLUNO), desidera portare a conoscenza della popolazione agordina e in particolare delle persone stomizzate con i loro familiari che, grazie all&#8217;interessamento particolare del Direttore medico dr. Raffaele Zanella e della sig.ra Elda Zanella (componente del Consiglio direttivo dell&#8217; associazione) \u00e8 stato avviato presso l&#8217;ospedale&hellip;<\/p>\n","protected":false},"author":4,"featured_media":289302,"comment_status":"closed","ping_status":"closed","sticky":false,"template":"","format":"standard","meta":{"_monsterinsights_skip_tracking":false,"_monsterinsights_sitenote_active":false,"_monsterinsights_sitenote_note":"","_monsterinsights_sitenote_category":0,"footnotes":""},"categories":[51,49],"tags":[],"class_list":["post-289301","post","type-post","status-publish","format-standard","has-post-thumbnail","hentry","category-evidenza-top","category-news-18","category-51","category-49","description-off"],"img_url":"https:\/\/www.radiopiu.net\/wordpress\/wp-content\/uploads\/2022\/07\/ASDASDASD.png","_links":{"self":[{"href":"https:\/\/www.radiopiu.net\/wordpress\/wp-json\/wp\/v2\/posts\/289301","targetHints":{"allow":["GET"]}}],"collection":[{"href":"https:\/\/www.radiopiu.net\/wordpress\/wp-json\/wp\/v2\/posts"}],"about":[{"href":"https:\/\/www.radiopiu.net\/wordpress\/wp-json\/wp\/v2\/types\/post"}],"author":[{"embeddable":true,"href":"https:\/\/www.radiopiu.net\/wordpress\/wp-json\/wp\/v2\/users\/4"}],"replies":[{"embeddable":true,"href":"https:\/\/www.radiopiu.net\/wordpress\/wp-json\/wp\/v2\/comments?post=289301"}],"version-history":[{"count":0,"href":"https:\/\/www.radiopiu.net\/wordpress\/wp-json\/wp\/v2\/posts\/289301\/revisions"}],"wp:featuredmedia":[{"embeddable":true,"href":"https:\/\/www.radiopiu.net\/wordpress\/wp-json\/wp\/v2\/media\/289302"}],"wp:attachment":[{"href":"https:\/\/www.radiopiu.net\/wordpress\/wp-json\/wp\/v2\/media?parent=289301"}],"wp:term":[{"taxonomy":"category","embeddable":true,"href":"https:\/\/www.radiopiu.net\/wordpress\/wp-json\/wp\/v2\/categories?post=289301"},{"taxonomy":"post_tag","embeddable":true,"href":"https:\/\/www.radiopiu.net\/wordpress\/wp-json\/wp\/v2\/tags?post=289301"}],"curies":[{"name":"wp","href":"https:\/\/api.w.org\/{rel}","templated":true}]}}