{"id":289422,"date":"2022-07-27T05:25:48","date_gmt":"2022-07-27T03:25:48","guid":{"rendered":"https:\/\/www.radiopiu.net\/wordpress\/?p=289422"},"modified":"2022-07-27T05:38:03","modified_gmt":"2022-07-27T03:38:03","slug":"coppia-sfinita-dalla-stanchezza-recuperata-dal-soccorso-alpino","status":"publish","type":"post","link":"https:\/\/www.radiopiu.net\/wordpress\/coppia-sfinita-dalla-stanchezza-recuperata-dal-soccorso-alpino\/","title":{"rendered":"COPPIA SFINITA DALLA STANCHEZZA RECUPERATA DAL SOCCORSO ALPINO"},"content":{"rendered":"<p><strong><a class=\"dt-pswp-item\" href=\"https:\/\/www.radiopiu.net\/wordpress\/wp-content\/uploads\/2022\/07\/SALT.png\" data-dt-img-description=\"\" data-large_image_width=\"1432\" data-large_image_height=\"908\"><img loading=\"lazy\" decoding=\"async\" class=\" wp-image-284853 alignleft\" src=\"https:\/\/www.radiopiu.net\/wordpress\/wp-content\/uploads\/2022\/07\/SALT-150x150.png\" alt=\"\" width=\"113\" height=\"113\" \/><\/a>SAN VITO DI CADORE<\/strong> Alle 15.20 la Centrale del Suem \u00e8 stata allertata da una coppia di escursionisti austriaci, che si trovavano nelle vicinanze di Casera Prendera e non erano pi\u00f9 in grado di proseguire, poich\u00e9 la donna, una 46enne, era sfinita dalla stanchezza. Una volta geolocalizzati, in loro aiuto \u00e8 stato inviato l&#8217;elisoccorso di Dolomiti Emergency, che ha sbarcato nelle vicinanze in hovering equipe medica e tecnico di elisoccorso. Valutate le sue condizioni, l&#8217;escursionista \u00e8 stata caricata a bordo assieme al compagno e trasportata a Fiames, da dove \u00e8 stata accompagnata all&#8217;ospedale di Cortina in ambulanza.<\/p>\n<p>&nbsp;<\/p>\n<p>&nbsp;<\/p>\n<p>******<\/p>\n","protected":false},"excerpt":{"rendered":"<p>SAN VITO DI CADORE Alle 15.20 la Centrale del Suem \u00e8 stata allertata da una coppia di escursionisti austriaci, che si trovavano nelle vicinanze di Casera Prendera e non erano pi\u00f9 in grado di proseguire, poich\u00e9 la donna, una 46enne, era sfinita dalla stanchezza. Una volta geolocalizzati, in loro aiuto \u00e8 stato inviato l&#8217;elisoccorso di&hellip;<\/p>\n","protected":false},"author":4,"featured_media":284853,"comment_status":"closed","ping_status":"closed","sticky":false,"template":"","format":"standard","meta":{"_monsterinsights_skip_tracking":false,"_monsterinsights_sitenote_active":false,"_monsterinsights_sitenote_note":"","_monsterinsights_sitenote_category":0,"footnotes":""},"categories":[51,49],"tags":[],"class_list":["post-289422","post","type-post","status-publish","format-standard","has-post-thumbnail","hentry","category-evidenza-top","category-news-18","category-51","category-49","description-off"],"img_url":"https:\/\/www.radiopiu.net\/wordpress\/wp-content\/uploads\/2022\/07\/SALT.png","_links":{"self":[{"href":"https:\/\/www.radiopiu.net\/wordpress\/wp-json\/wp\/v2\/posts\/289422","targetHints":{"allow":["GET"]}}],"collection":[{"href":"https:\/\/www.radiopiu.net\/wordpress\/wp-json\/wp\/v2\/posts"}],"about":[{"href":"https:\/\/www.radiopiu.net\/wordpress\/wp-json\/wp\/v2\/types\/post"}],"author":[{"embeddable":true,"href":"https:\/\/www.radiopiu.net\/wordpress\/wp-json\/wp\/v2\/users\/4"}],"replies":[{"embeddable":true,"href":"https:\/\/www.radiopiu.net\/wordpress\/wp-json\/wp\/v2\/comments?post=289422"}],"version-history":[{"count":0,"href":"https:\/\/www.radiopiu.net\/wordpress\/wp-json\/wp\/v2\/posts\/289422\/revisions"}],"wp:featuredmedia":[{"embeddable":true,"href":"https:\/\/www.radiopiu.net\/wordpress\/wp-json\/wp\/v2\/media\/284853"}],"wp:attachment":[{"href":"https:\/\/www.radiopiu.net\/wordpress\/wp-json\/wp\/v2\/media?parent=289422"}],"wp:term":[{"taxonomy":"category","embeddable":true,"href":"https:\/\/www.radiopiu.net\/wordpress\/wp-json\/wp\/v2\/categories?post=289422"},{"taxonomy":"post_tag","embeddable":true,"href":"https:\/\/www.radiopiu.net\/wordpress\/wp-json\/wp\/v2\/tags?post=289422"}],"curies":[{"name":"wp","href":"https:\/\/api.w.org\/{rel}","templated":true}]}}